{"id":999743,"date":"2025-06-07T11:00:13","date_gmt":"2025-06-07T14:00:13","guid":{"rendered":"https:\/\/www.estrategiaconcursos.com.br\/blog\/?p=999743"},"modified":"2025-07-25T16:34:24","modified_gmt":"2025-07-25T19:34:24","slug":"concurso-camara-nova-friburgo","status":"publish","type":"post","link":"https:\/\/www.estrategiaconcursos.com.br\/blog\/concurso-camara-nova-friburgo\/","title":{"rendered":"Concurso C\u00e2mara Nova Friburgo RJ: novo edital at\u00e9 2026!"},"content":{"rendered":"\n<p class=\"has-medium-font-size\"><strong><em>Novo concurso C\u00e2mara Nova Friburgo deve ser realizado ap\u00f3s Reforma Administrativa e conclu\u00eddo at\u00e9 final de 2026<\/em><\/strong><\/p>\n\n\n\n<p>Um novo <strong>concurso C\u00e2mara de Nova Friburgo<\/strong>, no estado do Rio de Janeiro, deve ocorrer at\u00e9 2026. Essa \u00e9 a determina\u00e7\u00e3o do Termo de Ajuste de Conduta (TAC) firmado em 2019.<\/p>\n\n\n\n<p>A medida estabelece algumas datas limites, como o dia 31 de dezembro de 2025&nbsp;para a aprova\u00e7\u00e3o da reforma administrativa e 31 de dezembro de 2026 para a homologa\u00e7\u00e3o do concurso.<\/p>\n\n\n\n<p>O projeto de lei em elabora\u00e7\u00e3o definir\u00e1 os <strong>cargos vagos<\/strong> que ser\u00e3o contemplados no novo concurso. Vale lembrar que a autoriza\u00e7\u00e3o e a comiss\u00e3o respons\u00e1vel foram divulgadas em 2022.<\/p>\n\n\n\n<ul class=\"wp-block-list has-very-light-gray-to-cyan-bluish-gray-gradient-background has-background\">\n<li><strong>Concurso C\u00e2mara de Nova Friburgo<\/strong><\/li>\n\n\n\n<li><strong>Status:<\/strong> previsto at\u00e9 2026<\/li>\n\n\n\n<li><strong style=\"background-color: initial; color: initial;\">Vagas:<\/strong><span style=\"background-color: initial; color: initial;\"> a definir<\/span><\/li>\n\n\n\n<li><strong>Sal\u00e1rio inicial:<\/strong> R$ 1.826,91 a R$ 3.094,60 [\u00faltimo edital]<\/li>\n\n\n\n<li><strong>\u00daltimo edital:<\/strong> <a href=\"https:\/\/dhg1h5j42swfq.cloudfront.net\/2022\/04\/01135222\/edital-camara-nova-friburgo.pdf\" target=\"_blank\" rel=\"noreferrer noopener nofollow\">C\u00e2mara de Nova Friburgo RJ-2017<\/a><\/li>\n<\/ul>\n\n\n\n<p>A fim de te deixar sempre bem informado, elaboramos este artigo com as principais informa\u00e7\u00f5es e novidades sobre o concurso. Acompanhe os t\u00f3picos abaixo e n\u00e3o perca nenhum detalhe:<\/p>\n\n\n\n<ul class=\"wp-block-list\">\n<li><a href=\"#situacao-atual\">Situa\u00e7\u00e3o atual<\/a>\n<ul class=\"wp-block-list\">\n<li><a href=\"#reforma\">Reforma Administrativa<\/a><\/li>\n\n\n\n<li><a href=\"#comissao\">Comiss\u00e3o organizadora<\/a><\/li>\n\n\n\n<li><a href=\"#vagas-previstas\">Vagas previstas<\/a><\/li>\n\n\n\n<li><a href=\"#autorizado\">Edital autorizado<\/a><\/li>\n<\/ul>\n<\/li>\n\n\n\n<li><a href=\"#ultimo-concurso\">\u00daltimo concurso<\/a>\n<ul class=\"wp-block-list\">\n<li><a href=\"#cargo\">Cargos e vagas<\/a><\/li>\n\n\n\n<li><a href=\"#etapas\">Etapas e provas<\/a><\/li>\n<\/ul>\n<\/li>\n\n\n\n<li><a href=\"#cursos\">Cursos e assinaturas<\/a><\/li>\n\n\n\n<li><a href=\"#ficha\">Ficha t\u00e9cnica<\/a><\/li>\n<\/ul>\n\n\n\n<div class=\"container\" id=\"boxes\">\n  <div class=\"row\">\n\n    <div class=\"col-sm\">\n      <div class=\"banner-camaras\" id=\"box-assinatura\">\n        <h3 class=\"titulo-assinatura\">Concurso C\u00e2mara Nova Friburgo RJ<\/h3>\n        <p class=\"subtitulo-assinatura\">Conhe\u00e7a os cursos<\/p>\n        <div class=\"box-botao\">\n          <a class=\"btn-assinatura\" target=\"_blank\" href=\"https:\/\/www.estrategiaconcursos.com.br\/pesquisa\/?q=camara+de+nova+friburgo+rj\" role=\"button\" rel=\"noopener noreferrer\">Conhe\u00e7a mais<\/a>\n        <\/div>\n      <\/div>\n     \n    <\/div>\n\n  <\/div>\n<\/div>\n\n\n\n<h2 class=\"wp-block-heading has-very-light-gray-to-cyan-bluish-gray-gradient-background has-background\" id=\"situacao-atual\">Concurso C\u00e2mara de Nova Friburgo: situa\u00e7\u00e3o atual<\/h2>\n\n\n\n<h3 class=\"wp-block-heading\" id=\"reforma\">Reforma Administrativa<\/h3>\n\n\n\n<p>A C\u00e2mara Municipal de Nova Friburgo est\u00e1 elaborando uma <strong>Reforma Administrativa<\/strong>, com previs\u00e3o de conclus\u00e3o at\u00e9 <strong>31 de dezembro de 2025<\/strong>, conforme estabelecido em <strong>Termo Aditivo ao TAC firmado com o MPRJ<\/strong>.<\/p>\n\n\n\n<p>Para isso, foi criada a <strong>Comiss\u00e3o Especial de Reestrutura\u00e7\u00e3o Administrativa<\/strong>, por meio da <strong>Portaria n\u00ba 2.980\/2025<\/strong>, respons\u00e1vel por revisar e propor altera\u00e7\u00f5es na estrutura administrativa da Casa Legislativa, com base em recomenda\u00e7\u00f5es de \u00f3rg\u00e3os de controle externo.<\/p>\n\n\n\n<p>O <strong>Projeto de Lei resultante<\/strong> ir\u00e1 definir os <strong>cargos vagos<\/strong> que ser\u00e3o contemplados na futura sele\u00e7\u00e3o, cuja homologa\u00e7\u00e3o e convoca\u00e7\u00e3o dos aprovados devem ocorrer at\u00e9 <strong>31 de dezembro de 2026<\/strong>.<\/p>\n\n\n\n<h3 class=\"wp-block-heading\" id=\"vagas-previstas\">Vagas previstas<\/h3>\n\n\n\n<p>Apenas com a Reforma Administrativa <strong>ser\u00e1 poss\u00edvel definir com precis\u00e3o quais cargos ser\u00e3o contemplados no novo concurso.<\/strong><\/p>\n\n\n\n<p>No entanto, segundo o procurador Hugo Lontra, a expectativa \u00e9 de que o edital traga oportunidades para as \u00e1reas administrativa e legislativa. Confira abaixo os poss\u00edveis cargos:<\/p>\n\n\n\n<p><strong>Carreira administrativa<\/strong><\/p>\n\n\n\n<figure class=\"wp-block-table is-style-stripes\"><table class=\"has-very-light-gray-to-cyan-bluish-gray-gradient-background has-background has-fixed-layout\"><thead><tr><th class=\"has-text-align-center\" data-align=\"center\">Cargo<\/th><th class=\"has-text-align-center\" data-align=\"center\">Escolaridade<\/th><\/tr><\/thead><tbody><tr><td class=\"has-text-align-center\" data-align=\"center\">Auxiliar de manuten\u00e7\u00e3o<\/td><td class=\"has-text-align-center\" data-align=\"center\">N\u00edvel fundamental<\/td><\/tr><tr><td class=\"has-text-align-center\" data-align=\"center\">Auxiliar administrativo<\/td><td class=\"has-text-align-center\" data-align=\"center\">N\u00edvel m\u00e9dio<\/td><\/tr><tr><td class=\"has-text-align-center\" data-align=\"center\">Auxiliar de patrim\u00f4nio<\/td><td class=\"has-text-align-center\" data-align=\"center\">N\u00edvel m\u00e9dio<\/td><\/tr><tr><td class=\"has-text-align-center\" data-align=\"center\">Almoxarife<\/td><td class=\"has-text-align-center\" data-align=\"center\">N\u00edvel m\u00e9dio<\/td><\/tr><tr><td class=\"has-text-align-center\" data-align=\"center\">Oficial de manuten\u00e7\u00e3o<\/td><td class=\"has-text-align-center\" data-align=\"center\">N\u00edvel m\u00e9dio<\/td><\/tr><tr><td class=\"has-text-align-center\" data-align=\"center\">T\u00e9cnico de inform\u00e1tica<\/td><td class=\"has-text-align-center\" data-align=\"center\">N\u00edvel m\u00e9dio\/t\u00e9cnico<\/td><\/tr><tr><td class=\"has-text-align-center\" data-align=\"center\">Auditor de controle interno<\/td><td class=\"has-text-align-center\" data-align=\"center\">N\u00edvel superior<\/td><\/tr><tr><td class=\"has-text-align-center\" data-align=\"center\">Assessor de comunica\u00e7\u00e3o social<\/td><td class=\"has-text-align-center\" data-align=\"center\">N\u00edvel superior<\/td><\/tr><tr><td class=\"has-text-align-center\" data-align=\"center\">Oficial administrativo<\/td><td class=\"has-text-align-center\" data-align=\"center\">N\u00edvel superior<\/td><\/tr><tr><td class=\"has-text-align-center\" data-align=\"center\">Contador<\/td><td class=\"has-text-align-center\" data-align=\"center\">N\u00edvel superior<\/td><\/tr><\/tbody><\/table><\/figure>\n\n\n\n<p><strong>Carreira legislativa<\/strong><\/p>\n\n\n\n<figure class=\"wp-block-table is-style-stripes\"><table class=\"has-very-light-gray-to-cyan-bluish-gray-gradient-background has-background has-fixed-layout\"><thead><tr><th class=\"has-text-align-center\" data-align=\"center\">Cargo<\/th><th class=\"has-text-align-center\" data-align=\"center\">Escolaridade<\/th><\/tr><\/thead><tbody><tr><td class=\"has-text-align-center\" data-align=\"center\">Auxiliar legislativo<\/td><td class=\"has-text-align-center\" data-align=\"center\">N\u00edvel m\u00e9dio<\/td><\/tr><tr><td class=\"has-text-align-center\" data-align=\"center\">Assistente legislativo<\/td><td class=\"has-text-align-center\" data-align=\"center\">N\u00edvel m\u00e9dio<\/td><\/tr><tr><td class=\"has-text-align-center\" data-align=\"center\">Agente legislativo<\/td><td class=\"has-text-align-center\" data-align=\"center\">N\u00edvel m\u00e9dio<\/td><\/tr><tr><td class=\"has-text-align-center\" data-align=\"center\">Oficial legislativo<\/td><td class=\"has-text-align-center\" data-align=\"center\">N\u00edvel superior<\/td><\/tr><tr><td class=\"has-text-align-center\" data-align=\"center\">Assessor legislativo<\/td><td class=\"has-text-align-center\" data-align=\"center\">N\u00edvel superior<\/td><\/tr><tr><td class=\"has-text-align-center\" data-align=\"center\">Assistente jur\u00eddico<\/td><td class=\"has-text-align-center\" data-align=\"center\">N\u00edvel superior<\/td><\/tr><tr><td class=\"has-text-align-center\" data-align=\"center\">Adjunto legislativo<\/td><td class=\"has-text-align-center\" data-align=\"center\">N\u00edvel superior<\/td><\/tr><\/tbody><\/table><\/figure>\n\n\n\n<h3 class=\"wp-block-heading\" id=\"comissao\">Comiss\u00e3o organizadora<\/h3>\n\n\n\n<p>Em 19 de agosto de 2022, recebemos a informa\u00e7\u00e3o de que a comiss\u00e3o organizadora respons\u00e1vel pelo concurso foi devidamente institu\u00edda.<\/p>\n\n\n\n<blockquote class=\"wp-block-quote is-layout-flow wp-block-quote-is-layout-flow\">\n<p><em>\u201cComposta por tr\u00eas servidores efetivos do Poder Legislativo, ela tem o papel de, juntamente com os demais \u00f3rg\u00e3os, fazer o levantamento da necessidade de pessoal, ou seja, o n\u00famero de vagas que o edital vai ofertar&#8221;<\/em>, declarou a C\u00e2mara de Nova Friburgo.<\/p>\n<\/blockquote>\n\n\n\n<h3 class=\"wp-block-heading\" id=\"autorizado\">Edital autorizado<\/h3>\n\n\n\n<p>Em agosto de 2022, foi oficialmente autorizada a publica\u00e7\u00e3o de um novo edital da C\u00e2mara de Nova Friburgo. O documento com o aval foi publicado no Di\u00e1rio Oficial do Munic\u00edpio.<\/p>\n\n\n\n<figure class=\"wp-block-image aligncenter size-full\"><img loading=\"lazy\" decoding=\"async\" width=\"929\" height=\"377\" src=\"https:\/\/dhg1h5j42swfq.cloudfront.net\/2022\/08\/18123632\/image-250.png\" alt=\"Novo concurso para a C\u00e2mara de Nova Friburgo \u00e9 autorizado\" class=\"wp-image-1080167\" srcset=\"https:\/\/dhg1h5j42swfq.cloudfront.net\/2022\/08\/18123632\/image-250.png 929w, https:\/\/dhg1h5j42swfq.cloudfront.net\/2022\/08\/18123632\/image-250-300x122.png 300w, https:\/\/dhg1h5j42swfq.cloudfront.net\/2022\/08\/18123632\/image-250-768x312.png 768w, https:\/\/dhg1h5j42swfq.cloudfront.net\/2022\/08\/18123632\/image-250-610x248.png 610w, https:\/\/dhg1h5j42swfq.cloudfront.net\/2022\/08\/18123632\/image-250-150x61.png 150w\" sizes=\"auto, (max-width: 929px) 100vw, 929px\" \/><figcaption class=\"wp-element-caption\">Novo concurso para a C\u00e2mara de Nova Friburgo \u00e9 autorizado<\/figcaption><\/figure>\n\n\n\n<h2 class=\"wp-block-heading has-very-light-gray-to-cyan-bluish-gray-gradient-background has-background\" id=\"h-ultimo-concurso-camara-de-nova-friburgo\">\u00daltimo concurso C\u00e2mara de Nova Friburgo<\/h2>\n\n\n\n<p>O <a href=\"https:\/\/www.novafriburgo.rj.leg.br\/transparencia\/concurso-publico\/concurso-2017\" target=\"_blank\" rel=\"noreferrer noopener\">\u00faltimo concurso<\/a> foi realizado em 2017. Sob organiza\u00e7\u00e3o da banca Consulplan, foram ofertadas 13 vagas para cargos de n\u00edveis m\u00e9dio e superior.<\/p>\n\n\n\n<h3 class=\"wp-block-heading\" id=\"cargo\">Cargos e vagas<\/h3>\n\n\n\n<h4 class=\"wp-block-heading\" id=\"nivel-fundamental\">N\u00edvel M\u00e9dio<\/h4>\n\n\n\n<figure class=\"wp-block-table is-style-stripes\"><table class=\"has-very-light-gray-to-cyan-bluish-gray-gradient-background has-background has-fixed-layout\"><thead><tr><th class=\"has-text-align-center\" data-align=\"center\">CARGOS<\/th><th class=\"has-text-align-center\" data-align=\"center\">VAGAS<\/th><th class=\"has-text-align-center\" data-align=\"center\">SAL\u00c1RIO<\/th><\/tr><\/thead><tbody><tr><td class=\"has-text-align-center\" data-align=\"center\">Agente Legislativo<\/td><td class=\"has-text-align-center\" data-align=\"center\">01<\/td><td class=\"has-text-align-center\" data-align=\"center\">R$ 1.826,91<\/td><\/tr><tr><td class=\"has-text-align-center\" data-align=\"center\">Almoxarife<\/td><td class=\"has-text-align-center\" data-align=\"center\">01<\/td><td class=\"has-text-align-center\" data-align=\"center\">R$ 1.826,91<\/td><\/tr><tr><td class=\"has-text-align-center\" data-align=\"center\">Assistente Legislativo<\/td><td class=\"has-text-align-center\" data-align=\"center\">02<\/td><td class=\"has-text-align-center\" data-align=\"center\">R$ 1.826,91<\/td><\/tr><tr><td class=\"has-text-align-center\" data-align=\"center\">Auxiliar Administrativo<\/td><td class=\"has-text-align-center\" data-align=\"center\">02<\/td><td class=\"has-text-align-center\" data-align=\"center\">R$ 1.826,91<\/td><\/tr><tr><td class=\"has-text-align-center\" data-align=\"center\">Auxiliar de Patrim\u00f4nio<\/td><td class=\"has-text-align-center\" data-align=\"center\">01<\/td><td class=\"has-text-align-center\" data-align=\"center\">R$ 1.826,91<\/td><\/tr><tr><td class=\"has-text-align-center\" data-align=\"center\">Auxiliar Legislativo<\/td><td class=\"has-text-align-center\" data-align=\"center\">02<\/td><td class=\"has-text-align-center\" data-align=\"center\">R$ 1.826,91<\/td><\/tr><\/tbody><\/table><\/figure>\n\n\n\n<h4 class=\"wp-block-heading\" id=\"nivel-fundamental\">N\u00edvel Superior<\/h4>\n\n\n\n<figure class=\"wp-block-table is-style-stripes\"><table class=\"has-very-light-gray-to-cyan-bluish-gray-gradient-background has-background has-fixed-layout\"><thead><tr><th class=\"has-text-align-center\" data-align=\"center\">CARGOS<\/th><th class=\"has-text-align-center\" data-align=\"center\">VAGAS<\/th><th class=\"has-text-align-center\" data-align=\"center\">SAL\u00c1RIO<\/th><\/tr><\/thead><tbody><tr><td class=\"has-text-align-center\" data-align=\"center\">Adjunto Legislativo<\/td><td class=\"has-text-align-center\" data-align=\"center\">01<\/td><td class=\"has-text-align-center\" data-align=\"center\">R$ 3.094,60<\/td><\/tr><tr><td class=\"has-text-align-center\" data-align=\"center\">Assessor de Comunica\u00e7\u00e3o Social<\/td><td class=\"has-text-align-center\" data-align=\"center\">01<\/td><td class=\"has-text-align-center\" data-align=\"center\">R$ 3.094,60<\/td><\/tr><tr><td class=\"has-text-align-center\" data-align=\"center\">Auditor de Controle Interno<\/td><td class=\"has-text-align-center\" data-align=\"center\">01<\/td><td class=\"has-text-align-center\" data-align=\"center\">R$ 3.094,60<\/td><\/tr><tr><td class=\"has-text-align-center\" data-align=\"center\">Oficial Administrativo<\/td><td class=\"has-text-align-center\" data-align=\"center\">01<\/td><td class=\"has-text-align-center\" data-align=\"center\">R$ 3.094,60<\/td><\/tr><\/tbody><\/table><\/figure>\n\n\n\n<h3 class=\"wp-block-heading\" id=\"etapas\">Etapas e provas do \u00faltimo concurso C\u00e2mara de Nova Friburgo<\/h3>\n\n\n\n<ul class=\"wp-block-list\">\n<li><strong>1\u00aa Etapa:<\/strong>\n<ul class=\"wp-block-list\">\n<li>Prova Objetiva \u2013 eliminat\u00f3rio e classificat\u00f3rio;<\/li>\n\n\n\n<li>Prova Discursiva \u2013 eliminat\u00f3rio e classificat\u00f3rio;<\/li>\n<\/ul>\n<\/li>\n\n\n\n<li><strong>2\u00aa Etapa: <\/strong>\n<ul class=\"wp-block-list\">\n<li>Comprova\u00e7\u00e3o de requisitos \u2013 eliminat\u00f3rio.<\/li>\n<\/ul>\n<\/li>\n<\/ul>\n\n\n\n<h4 class=\"wp-block-heading\" id=\"objetiva\">Provas Objetivas<\/h4>\n\n\n\n<p>As provas objetivas de m\u00faltipla escolha, de car\u00e1ter eliminat\u00f3rio e classificat\u00f3rio, foram compostas por 40 quest\u00f5es para os cargos de n\u00edvel m\u00e9dio e 50 quest\u00f5es para os cargos de n\u00edvel superior.<\/p>\n\n\n\n<figure class=\"wp-block-image aligncenter size-full is-style-default\"><img loading=\"lazy\" decoding=\"async\" width=\"1013\" height=\"387\" src=\"https:\/\/dhg1h5j42swfq.cloudfront.net\/2022\/04\/01141717\/image-23.png\" alt=\"Prova Objetiva do \u00faltimo concurso C\u00e2mara de Nova Friburgo\" class=\"wp-image-999768\" srcset=\"https:\/\/dhg1h5j42swfq.cloudfront.net\/2022\/04\/01141717\/image-23.png 1013w, https:\/\/dhg1h5j42swfq.cloudfront.net\/2022\/04\/01141717\/image-23-300x115.png 300w, https:\/\/dhg1h5j42swfq.cloudfront.net\/2022\/04\/01141717\/image-23-768x293.png 768w, https:\/\/dhg1h5j42swfq.cloudfront.net\/2022\/04\/01141717\/image-23-610x233.png 610w\" sizes=\"auto, (max-width: 1013px) 100vw, 1013px\" \/><figcaption class=\"wp-element-caption\">Prova Objetiva de n\u00edvel superior do \u00faltimo concurso C\u00e2mara Nova Friburgo<\/figcaption><\/figure>\n\n\n\n<figure class=\"wp-block-image aligncenter size-full is-style-default\"><img loading=\"lazy\" decoding=\"async\" width=\"1012\" height=\"385\" src=\"https:\/\/dhg1h5j42swfq.cloudfront.net\/2022\/04\/01141734\/image-24.png\" alt=\"Prova Objetiva do \u00faltimo concurso \" class=\"wp-image-999769\" srcset=\"https:\/\/dhg1h5j42swfq.cloudfront.net\/2022\/04\/01141734\/image-24.png 1012w, https:\/\/dhg1h5j42swfq.cloudfront.net\/2022\/04\/01141734\/image-24-300x114.png 300w, https:\/\/dhg1h5j42swfq.cloudfront.net\/2022\/04\/01141734\/image-24-768x292.png 768w, https:\/\/dhg1h5j42swfq.cloudfront.net\/2022\/04\/01141734\/image-24-610x232.png 610w\" sizes=\"auto, (max-width: 1012px) 100vw, 1012px\" \/><figcaption class=\"wp-element-caption\">Prova Objetiva de n\u00edvel m\u00e9dio do \u00faltimo concurso<\/figcaption><\/figure>\n\n\n\n<h4 class=\"wp-block-heading\" id=\"h-prova-discursiva\">Prova Discursiva<\/h4>\n\n\n\n<p>A prova discursiva, tamb\u00e9m de car\u00e1ter eliminat\u00f3rio e classificat\u00f3rio, foi constitu\u00edda por uma reda\u00e7\u00e3o sobre tema da atualidade. A etapa foi avaliada conforme os crit\u00e9rios listados a seguir:<\/p>\n\n\n\n<figure class=\"wp-block-image aligncenter size-large is-style-default\"><img loading=\"lazy\" decoding=\"async\" width=\"1024\" height=\"196\" src=\"https:\/\/dhg1h5j42swfq.cloudfront.net\/2022\/04\/01142442\/image-25-1024x196.png\" alt=\"Prova Discursiva do \u00faltimo concurso c\u00e2mara nova friburgo\" class=\"wp-image-999777\" srcset=\"https:\/\/dhg1h5j42swfq.cloudfront.net\/2022\/04\/01142442\/image-25-1024x196.png 1024w, https:\/\/dhg1h5j42swfq.cloudfront.net\/2022\/04\/01142442\/image-25-300x57.png 300w, https:\/\/dhg1h5j42swfq.cloudfront.net\/2022\/04\/01142442\/image-25-768x147.png 768w, https:\/\/dhg1h5j42swfq.cloudfront.net\/2022\/04\/01142442\/image-25-610x117.png 610w, https:\/\/dhg1h5j42swfq.cloudfront.net\/2022\/04\/01142442\/image-25.png 1073w\" sizes=\"auto, (max-width: 1024px) 100vw, 1024px\" \/><figcaption class=\"wp-element-caption\">Prova Discursiva do \u00faltimo certame<\/figcaption><\/figure>\n\n\n\n<hr class=\"wp-block-separator has-css-opacity\"\/>\n\n\n\n<h2 class=\"wp-block-heading has-text-align-center\" id=\"h-quer-saber-tudo-sobre-concursos-previstos-confira-nossos-artigos\">Quer saber tudo sobre concursos previstos?<br \/>Confira  nossos artigos!<\/h2>\n\n\n\n<ul class=\"wp-block-list\">\n<li><a href=\"https:\/\/www.estrategiaconcursos.com.br\/blog\/concursos-camaras-municipais\/\" target=\"_blank\" rel=\"noreferrer noopener\">Concursos C\u00e2maras<\/a><\/li>\n\n\n\n<li><a href=\"https:\/\/www.estrategiaconcursos.com.br\/blog\/concursos-abertos\/\" target=\"_blank\" rel=\"noreferrer noopener\">Concursos abertos<\/a><\/li>\n\n\n\n<li><a href=\"https:\/\/www.estrategiaconcursos.com.br\/blog\/concursos-2025\" target=\"_blank\" rel=\"noreferrer noopener\">Concursos 2025<\/a><\/li>\n\n\n\n<li><a href=\"https:\/\/www.estrategiaconcursos.com.br\/blog\/concursos-2026\/\" target=\"_blank\" rel=\"noreferrer noopener\">Concursos 2026<\/a><\/li>\n\n\n\n<li><a href=\"https:\/\/www.estrategiaconcursos.com.br\/blog\/concursos\/rj\/\" target=\"_blank\" rel=\"noreferrer noopener\">Concursos RJ<\/a><\/li>\n<\/ul>\n\n\n\n<h2 class=\"wp-block-heading has-text-align-center\" id=\"cursos-assinatura\">Quer estudar para o concurso C\u00e2mara de Nova Friburgo?<\/h2>\n\n\n\n<div class=\"container\" id=\"boxes\">\n  <div class=\"row\">\n\n    <div class=\"col-sm\">\n      <div class=\"banner-camaras\" id=\"box-assinatura\">\n        <h3 class=\"titulo-assinatura\">Concurso C\u00e2mara Nova Friburgo RJ<\/h3>\n        <p class=\"subtitulo-assinatura\">Conhe\u00e7a os cursos<\/p>\n        <div class=\"box-botao\">\n          <a class=\"btn-assinatura\" target=\"_blank\" href=\"https:\/\/www.estrategiaconcursos.com.br\/pesquisa\/?q=camara+de+nova+friburgo+rj\" role=\"button\" rel=\"noopener noreferrer\">Conhe\u00e7a mais<\/a>\n        <\/div>\n      <\/div>\n     \n    <\/div>\n\n  <\/div>\n<\/div>\n\n\n\n<div class=\"container\" id=\"boxes\">\n  <div class=\"row\">\n\n    <div class=\"col-sm\">\n      <div class=\"estrategia\" id=\"box-assinatura\">\n        <h3 class=\"titulo-assinatura\">Assinatura Concursos<\/h3>\n        <p class=\"subtitulo-assinatura\">Assinatura de 1 ano ou 2 anos<\/p>\n        <div class=\"box-botao\">\n          <a class=\"btn-assinatura\" target=\"_blank\" href=\"https:\/\/www.estrategiaconcursos.com.br\/assinaturas\/\" role=\"button\" rel=\"noopener noreferrer\">ASSINE AGORA<\/a>\n        <\/div>\n      <\/div><\/div><\/div><\/div>\n\n\n\n<figure class=\"wp-block-image size-large is-resized is-style-default\"><img loading=\"lazy\" decoding=\"async\" width=\"1024\" height=\"632\" src=\"https:\/\/dhg1h5j42swfq.cloudfront.net\/2025\/06\/27101122\/ficha-tecnica-1-1024x632.png\" alt=\"Informa\u00e7\u00f5es do concurso concurso C\u00e2mara de Nova Friburgo\" class=\"wp-image-702728\" style=\"width:269px;height:166px\" srcset=\"https:\/\/dhg1h5j42swfq.cloudfront.net\/2025\/06\/27101122\/ficha-tecnica-1-1024x632.png 1024w, https:\/\/dhg1h5j42swfq.cloudfront.net\/2025\/06\/27101122\/ficha-tecnica-1-300x185.png 300w, https:\/\/dhg1h5j42swfq.cloudfront.net\/2025\/06\/27101122\/ficha-tecnica-1-768x474.png 768w, https:\/\/dhg1h5j42swfq.cloudfront.net\/2025\/06\/27101122\/ficha-tecnica-1-1536x948.png 1536w, https:\/\/dhg1h5j42swfq.cloudfront.net\/2025\/06\/27101122\/ficha-tecnica-1-610x377.png 610w, https:\/\/dhg1h5j42swfq.cloudfront.net\/2025\/06\/27101122\/ficha-tecnica-1.png 1571w\" sizes=\"auto, (max-width: 1024px) 100vw, 1024px\" \/><\/figure>\n\n\n\n<h3 class=\"wp-block-heading\" id=\"ficha\">Informa\u00e7\u00f5es do \u00faltimo concurso C\u00e2mara de Nova Friburgo-RJ<\/h3>\n\n\n\n<ul class=\"wp-block-list\">\n<li><strong>Data<\/strong>: 2017<\/li>\n\n\n\n<li><strong>Vagas<\/strong>: 13<\/li>\n\n\n\n<li><strong>Cargos<\/strong>: Diversos<\/li>\n\n\n\n<li><strong>Banca<\/strong>: Consulplan<\/li>\n\n\n\n<li><strong>Escolaridade<\/strong>: m\u00e9dio e superior<\/li>\n\n\n\n<li><strong>Edital:<\/strong> <a href=\"https:\/\/dhg1h5j42swfq.cloudfront.net\/2022\/04\/01135222\/edital-camara-nova-friburgo.pdf\" target=\"_blank\" rel=\"noreferrer noopener nofollow\">C\u00e2mara de Nova Friburgo-2017<\/a><\/li>\n<\/ul>\n","protected":false},"excerpt":{"rendered":"<p>Novo concurso C\u00e2mara Nova Friburgo deve ser realizado ap\u00f3s Reforma Administrativa e conclu\u00eddo at\u00e9 final de 2026 Um novo concurso C\u00e2mara de Nova Friburgo, no estado do Rio de Janeiro, deve ocorrer at\u00e9 2026. Essa \u00e9 a determina\u00e7\u00e3o do Termo de Ajuste de Conduta (TAC) firmado em 2019. A medida estabelece algumas datas limites, como [&hellip;]<\/p>\n","protected":false},"author":1,"featured_media":1083499,"comment_status":"open","ping_status":"closed","sticky":false,"template":"","format":"standard","meta":{"post_tipo":"news_page","footnotes":""},"categories":[2017],"tags":[],"tax_estado":[219982],"class_list":["post-999743","post","type-post","status-publish","format-standard","has-post-thumbnail","hentry","category-concursos-legislativos","tax_estado-rj"],"acf":[],"yoast_head":"<!-- This site is optimized with the Yoast SEO Premium plugin v27.2 (Yoast SEO v27.2) - https:\/\/yoast.com\/product\/yoast-seo-premium-wordpress\/ -->\n<title>Concurso C\u00e2mara Nova Friburgo RJ: novo edital at\u00e9 2026!<\/title>\n<meta name=\"description\" content=\"Concurso C\u00e2mara de Nova Friburgo deve acontecer at\u00e9 2026. Comiss\u00e3o est\u00e1 formada desde 2022. Acesse e confira os detalhes!\" \/>\n<meta name=\"robots\" content=\"index, follow, max-snippet:-1, max-image-preview:large, max-video-preview:-1\" \/>\n<link rel=\"canonical\" href=\"https:\/\/www.estrategiaconcursos.com.br\/blog\/concurso-camara-nova-friburgo\/\" \/>\n<meta property=\"og:locale\" content=\"pt_BR\" \/>\n<meta property=\"og:type\" content=\"article\" \/>\n<meta property=\"og:title\" content=\"Concurso C\u00e2mara Nova Friburgo RJ: novo edital at\u00e9 2026!\" \/>\n<meta property=\"og:description\" content=\"Concurso C\u00e2mara de Nova Friburgo deve acontecer at\u00e9 2026. Comiss\u00e3o est\u00e1 formada desde 2022. Acesse e confira os detalhes!\" \/>\n<meta property=\"og:url\" content=\"https:\/\/www.estrategiaconcursos.com.br\/blog\/concurso-camara-nova-friburgo\/\" \/>\n<meta property=\"og:site_name\" content=\"Estrat\u00e9gia Concursos\" \/>\n<meta property=\"article:author\" content=\"https:\/\/www.facebook.com\/EstrategiaConcursos\" \/>\n<meta property=\"article:published_time\" content=\"2025-06-07T14:00:13+00:00\" \/>\n<meta property=\"article:modified_time\" content=\"2025-07-25T19:34:24+00:00\" \/>\n<meta property=\"og:image\" content=\"https:\/\/dhg1h5j42swfq.cloudfront.net\/2022\/08\/24172308\/camara_de_nova_friburgo_rj.jpg\" \/>\n\t<meta property=\"og:image:width\" content=\"768\" \/>\n\t<meta property=\"og:image:height\" content=\"432\" \/>\n\t<meta property=\"og:image:type\" content=\"image\/jpeg\" \/>\n<meta name=\"author\" content=\"Coordena\u00e7\u00e3o\" \/>\n<meta name=\"twitter:card\" content=\"summary_large_image\" \/>\n<meta name=\"twitter:creator\" content=\"@EstratConcursos\" \/>\n<meta name=\"twitter:site\" content=\"@EstratConcursos\" \/>\n<meta name=\"twitter:label1\" content=\"Escrito por\" \/>\n\t<meta name=\"twitter:data1\" content=\"Coordena\u00e7\u00e3o\" \/>\n\t<meta name=\"twitter:label2\" content=\"Est. tempo de leitura\" \/>\n\t<meta name=\"twitter:data2\" content=\"4 minutos\" \/>\n<script type=\"application\/ld+json\" class=\"yoast-schema-graph\">{\"@context\":\"https:\/\/schema.org\",\"@graph\":[{\"@type\":\"NewsArticle\",\"@id\":\"https:\/\/www.estrategiaconcursos.com.br\/blog\/concurso-camara-nova-friburgo\/#article\",\"isPartOf\":{\"@id\":\"https:\/\/www.estrategiaconcursos.com.br\/blog\/concurso-camara-nova-friburgo\/\"},\"author\":{\"name\":\"Coordena\u00e7\u00e3o\",\"@id\":\"https:\/\/www.estrategiaconcursos.com.br\/blog\/#\/schema\/person\/b4a388c97673c5f483d72185668afa1f\"},\"headline\":\"Concurso C\u00e2mara Nova Friburgo RJ: novo edital at\u00e9 2026!\",\"datePublished\":\"2025-06-07T14:00:13+00:00\",\"dateModified\":\"2025-07-25T19:34:24+00:00\",\"mainEntityOfPage\":{\"@id\":\"https:\/\/www.estrategiaconcursos.com.br\/blog\/concurso-camara-nova-friburgo\/\"},\"wordCount\":919,\"commentCount\":0,\"publisher\":{\"@id\":\"https:\/\/www.estrategiaconcursos.com.br\/blog\/#organization\"},\"image\":{\"@id\":\"https:\/\/www.estrategiaconcursos.com.br\/blog\/concurso-camara-nova-friburgo\/#primaryimage\"},\"thumbnailUrl\":\"https:\/\/dhg1h5j42swfq.cloudfront.net\/2022\/08\/24172308\/camara_de_nova_friburgo_rj.jpg\",\"articleSection\":[\"Legislativo\"],\"inLanguage\":\"pt-BR\",\"potentialAction\":[{\"@type\":\"CommentAction\",\"name\":\"Comment\",\"target\":[\"https:\/\/www.estrategiaconcursos.com.br\/blog\/concurso-camara-nova-friburgo\/#respond\"]}],\"copyrightYear\":\"2025\",\"copyrightHolder\":{\"@id\":\"https:\/\/www.estrategiaconcursos.com.br\/blog\/#organization\"}},{\"@type\":\"WebPage\",\"@id\":\"https:\/\/www.estrategiaconcursos.com.br\/blog\/concurso-camara-nova-friburgo\/\",\"url\":\"https:\/\/www.estrategiaconcursos.com.br\/blog\/concurso-camara-nova-friburgo\/\",\"name\":\"Concurso C\u00e2mara Nova Friburgo RJ: novo edital at\u00e9 2026!\",\"isPartOf\":{\"@id\":\"https:\/\/www.estrategiaconcursos.com.br\/blog\/#website\"},\"primaryImageOfPage\":{\"@id\":\"https:\/\/www.estrategiaconcursos.com.br\/blog\/concurso-camara-nova-friburgo\/#primaryimage\"},\"image\":{\"@id\":\"https:\/\/www.estrategiaconcursos.com.br\/blog\/concurso-camara-nova-friburgo\/#primaryimage\"},\"thumbnailUrl\":\"https:\/\/dhg1h5j42swfq.cloudfront.net\/2022\/08\/24172308\/camara_de_nova_friburgo_rj.jpg\",\"datePublished\":\"2025-06-07T14:00:13+00:00\",\"dateModified\":\"2025-07-25T19:34:24+00:00\",\"description\":\"Concurso C\u00e2mara de Nova Friburgo deve acontecer at\u00e9 2026. Comiss\u00e3o est\u00e1 formada desde 2022. Acesse e confira os detalhes!\",\"breadcrumb\":{\"@id\":\"https:\/\/www.estrategiaconcursos.com.br\/blog\/concurso-camara-nova-friburgo\/#breadcrumb\"},\"inLanguage\":\"pt-BR\",\"potentialAction\":[{\"@type\":\"ReadAction\",\"target\":[\"https:\/\/www.estrategiaconcursos.com.br\/blog\/concurso-camara-nova-friburgo\/\"]}]},{\"@type\":\"ImageObject\",\"inLanguage\":\"pt-BR\",\"@id\":\"https:\/\/www.estrategiaconcursos.com.br\/blog\/concurso-camara-nova-friburgo\/#primaryimage\",\"url\":\"https:\/\/dhg1h5j42swfq.cloudfront.net\/2022\/08\/24172308\/camara_de_nova_friburgo_rj.jpg\",\"contentUrl\":\"https:\/\/dhg1h5j42swfq.cloudfront.net\/2022\/08\/24172308\/camara_de_nova_friburgo_rj.jpg\",\"width\":768,\"height\":432},{\"@type\":\"BreadcrumbList\",\"@id\":\"https:\/\/www.estrategiaconcursos.com.br\/blog\/concurso-camara-nova-friburgo\/#breadcrumb\",\"itemListElement\":[{\"@type\":\"ListItem\",\"position\":1,\"name\":\"In\u00edcio\",\"item\":\"https:\/\/www.estrategiaconcursos.com.br\/blog\/\"},{\"@type\":\"ListItem\",\"position\":2,\"name\":\"Concurso C\u00e2mara Nova Friburgo RJ: novo edital at\u00e9 2026!\"}]},{\"@type\":\"WebSite\",\"@id\":\"https:\/\/www.estrategiaconcursos.com.br\/blog\/#website\",\"url\":\"https:\/\/www.estrategiaconcursos.com.br\/blog\/\",\"name\":\"Estrat\u00e9gia Concursos\",\"description\":\"O blog da Estrat\u00e9gia Concursos traz not\u00edcias sobre concursos e artigos de professores oferecendo cursos para concursos (pdf + videaulas) no site.\",\"publisher\":{\"@id\":\"https:\/\/www.estrategiaconcursos.com.br\/blog\/#organization\"},\"potentialAction\":[{\"@type\":\"SearchAction\",\"target\":{\"@type\":\"EntryPoint\",\"urlTemplate\":\"https:\/\/www.estrategiaconcursos.com.br\/blog\/?s={search_term_string}\"},\"query-input\":{\"@type\":\"PropertyValueSpecification\",\"valueRequired\":true,\"valueName\":\"search_term_string\"}}],\"inLanguage\":\"pt-BR\"},{\"@type\":\"Organization\",\"@id\":\"https:\/\/www.estrategiaconcursos.com.br\/blog\/#organization\",\"name\":\"Estrat\u00e9gia Concursos\",\"url\":\"https:\/\/www.estrategiaconcursos.com.br\/blog\/\",\"logo\":{\"@type\":\"ImageObject\",\"inLanguage\":\"pt-BR\",\"@id\":\"https:\/\/www.estrategiaconcursos.com.br\/blog\/#\/schema\/logo\/image\/\",\"url\":\"https:\/\/dhg1h5j42swfq.cloudfront.net\/2025\/06\/03203428\/logo_concursos-1.jpg\",\"contentUrl\":\"https:\/\/dhg1h5j42swfq.cloudfront.net\/2025\/06\/03203428\/logo_concursos-1.jpg\",\"width\":230,\"height\":60,\"caption\":\"Estrat\u00e9gia Concursos\"},\"image\":{\"@id\":\"https:\/\/www.estrategiaconcursos.com.br\/blog\/#\/schema\/logo\/image\/\"},\"sameAs\":[\"https:\/\/x.com\/EstratConcursos\"]},{\"@type\":\"Person\",\"@id\":\"https:\/\/www.estrategiaconcursos.com.br\/blog\/#\/schema\/person\/b4a388c97673c5f483d72185668afa1f\",\"name\":\"Coordena\u00e7\u00e3o\",\"image\":{\"@type\":\"ImageObject\",\"inLanguage\":\"pt-BR\",\"@id\":\"https:\/\/secure.gravatar.com\/avatar\/b720319e4c9a967eb58678d110f4fe35452fc5d5f97b202bac7b8acceb18c6ad?s=96&d=mm&r=g\",\"url\":\"https:\/\/secure.gravatar.com\/avatar\/b720319e4c9a967eb58678d110f4fe35452fc5d5f97b202bac7b8acceb18c6ad?s=96&d=mm&r=g\",\"contentUrl\":\"https:\/\/secure.gravatar.com\/avatar\/b720319e4c9a967eb58678d110f4fe35452fc5d5f97b202bac7b8acceb18c6ad?s=96&d=mm&r=g\",\"caption\":\"Coordena\u00e7\u00e3o\"},\"sameAs\":[\"https:\/\/www.facebook.com\/EstrategiaConcursos\",\"https:\/\/x.com\/EstratConcursos\"],\"url\":\"https:\/\/www.estrategiaconcursos.com.br\/blog\/author\/estrategia2013\/\"}]}<\/script>\n<!-- \/ Yoast SEO Premium plugin. -->","yoast_head_json":{"title":"Concurso C\u00e2mara Nova Friburgo RJ: novo edital at\u00e9 2026!","description":"Concurso C\u00e2mara de Nova Friburgo deve acontecer at\u00e9 2026. Comiss\u00e3o est\u00e1 formada desde 2022. Acesse e confira os detalhes!","robots":{"index":"index","follow":"follow","max-snippet":"max-snippet:-1","max-image-preview":"max-image-preview:large","max-video-preview":"max-video-preview:-1"},"canonical":"https:\/\/www.estrategiaconcursos.com.br\/blog\/concurso-camara-nova-friburgo\/","og_locale":"pt_BR","og_type":"article","og_title":"Concurso C\u00e2mara Nova Friburgo RJ: novo edital at\u00e9 2026!","og_description":"Concurso C\u00e2mara de Nova Friburgo deve acontecer at\u00e9 2026. Comiss\u00e3o est\u00e1 formada desde 2022. Acesse e confira os detalhes!","og_url":"https:\/\/www.estrategiaconcursos.com.br\/blog\/concurso-camara-nova-friburgo\/","og_site_name":"Estrat\u00e9gia Concursos","article_author":"https:\/\/www.facebook.com\/EstrategiaConcursos","article_published_time":"2025-06-07T14:00:13+00:00","article_modified_time":"2025-07-25T19:34:24+00:00","og_image":[{"width":768,"height":432,"url":"https:\/\/dhg1h5j42swfq.cloudfront.net\/2022\/08\/24172308\/camara_de_nova_friburgo_rj.jpg","type":"image\/jpeg"}],"author":"Coordena\u00e7\u00e3o","twitter_card":"summary_large_image","twitter_creator":"@EstratConcursos","twitter_site":"@EstratConcursos","twitter_misc":{"Escrito por":"Coordena\u00e7\u00e3o","Est. tempo de leitura":"4 minutos"},"schema":{"@context":"https:\/\/schema.org","@graph":[{"@type":"NewsArticle","@id":"https:\/\/www.estrategiaconcursos.com.br\/blog\/concurso-camara-nova-friburgo\/#article","isPartOf":{"@id":"https:\/\/www.estrategiaconcursos.com.br\/blog\/concurso-camara-nova-friburgo\/"},"author":{"name":"Coordena\u00e7\u00e3o","@id":"https:\/\/www.estrategiaconcursos.com.br\/blog\/#\/schema\/person\/b4a388c97673c5f483d72185668afa1f"},"headline":"Concurso C\u00e2mara Nova Friburgo RJ: novo edital at\u00e9 2026!","datePublished":"2025-06-07T14:00:13+00:00","dateModified":"2025-07-25T19:34:24+00:00","mainEntityOfPage":{"@id":"https:\/\/www.estrategiaconcursos.com.br\/blog\/concurso-camara-nova-friburgo\/"},"wordCount":919,"commentCount":0,"publisher":{"@id":"https:\/\/www.estrategiaconcursos.com.br\/blog\/#organization"},"image":{"@id":"https:\/\/www.estrategiaconcursos.com.br\/blog\/concurso-camara-nova-friburgo\/#primaryimage"},"thumbnailUrl":"https:\/\/dhg1h5j42swfq.cloudfront.net\/2022\/08\/24172308\/camara_de_nova_friburgo_rj.jpg","articleSection":["Legislativo"],"inLanguage":"pt-BR","potentialAction":[{"@type":"CommentAction","name":"Comment","target":["https:\/\/www.estrategiaconcursos.com.br\/blog\/concurso-camara-nova-friburgo\/#respond"]}],"copyrightYear":"2025","copyrightHolder":{"@id":"https:\/\/www.estrategiaconcursos.com.br\/blog\/#organization"}},{"@type":"WebPage","@id":"https:\/\/www.estrategiaconcursos.com.br\/blog\/concurso-camara-nova-friburgo\/","url":"https:\/\/www.estrategiaconcursos.com.br\/blog\/concurso-camara-nova-friburgo\/","name":"Concurso C\u00e2mara Nova Friburgo RJ: novo edital at\u00e9 2026!","isPartOf":{"@id":"https:\/\/www.estrategiaconcursos.com.br\/blog\/#website"},"primaryImageOfPage":{"@id":"https:\/\/www.estrategiaconcursos.com.br\/blog\/concurso-camara-nova-friburgo\/#primaryimage"},"image":{"@id":"https:\/\/www.estrategiaconcursos.com.br\/blog\/concurso-camara-nova-friburgo\/#primaryimage"},"thumbnailUrl":"https:\/\/dhg1h5j42swfq.cloudfront.net\/2022\/08\/24172308\/camara_de_nova_friburgo_rj.jpg","datePublished":"2025-06-07T14:00:13+00:00","dateModified":"2025-07-25T19:34:24+00:00","description":"Concurso C\u00e2mara de Nova Friburgo deve acontecer at\u00e9 2026. Comiss\u00e3o est\u00e1 formada desde 2022. Acesse e confira os detalhes!","breadcrumb":{"@id":"https:\/\/www.estrategiaconcursos.com.br\/blog\/concurso-camara-nova-friburgo\/#breadcrumb"},"inLanguage":"pt-BR","potentialAction":[{"@type":"ReadAction","target":["https:\/\/www.estrategiaconcursos.com.br\/blog\/concurso-camara-nova-friburgo\/"]}]},{"@type":"ImageObject","inLanguage":"pt-BR","@id":"https:\/\/www.estrategiaconcursos.com.br\/blog\/concurso-camara-nova-friburgo\/#primaryimage","url":"https:\/\/dhg1h5j42swfq.cloudfront.net\/2022\/08\/24172308\/camara_de_nova_friburgo_rj.jpg","contentUrl":"https:\/\/dhg1h5j42swfq.cloudfront.net\/2022\/08\/24172308\/camara_de_nova_friburgo_rj.jpg","width":768,"height":432},{"@type":"BreadcrumbList","@id":"https:\/\/www.estrategiaconcursos.com.br\/blog\/concurso-camara-nova-friburgo\/#breadcrumb","itemListElement":[{"@type":"ListItem","position":1,"name":"In\u00edcio","item":"https:\/\/www.estrategiaconcursos.com.br\/blog\/"},{"@type":"ListItem","position":2,"name":"Concurso C\u00e2mara Nova Friburgo RJ: novo edital at\u00e9 2026!"}]},{"@type":"WebSite","@id":"https:\/\/www.estrategiaconcursos.com.br\/blog\/#website","url":"https:\/\/www.estrategiaconcursos.com.br\/blog\/","name":"Estrat\u00e9gia Concursos","description":"O blog da Estrat\u00e9gia Concursos traz not\u00edcias sobre concursos e artigos de professores oferecendo cursos para concursos (pdf + videaulas) no site.","publisher":{"@id":"https:\/\/www.estrategiaconcursos.com.br\/blog\/#organization"},"potentialAction":[{"@type":"SearchAction","target":{"@type":"EntryPoint","urlTemplate":"https:\/\/www.estrategiaconcursos.com.br\/blog\/?s={search_term_string}"},"query-input":{"@type":"PropertyValueSpecification","valueRequired":true,"valueName":"search_term_string"}}],"inLanguage":"pt-BR"},{"@type":"Organization","@id":"https:\/\/www.estrategiaconcursos.com.br\/blog\/#organization","name":"Estrat\u00e9gia Concursos","url":"https:\/\/www.estrategiaconcursos.com.br\/blog\/","logo":{"@type":"ImageObject","inLanguage":"pt-BR","@id":"https:\/\/www.estrategiaconcursos.com.br\/blog\/#\/schema\/logo\/image\/","url":"https:\/\/dhg1h5j42swfq.cloudfront.net\/2025\/06\/03203428\/logo_concursos-1.jpg","contentUrl":"https:\/\/dhg1h5j42swfq.cloudfront.net\/2025\/06\/03203428\/logo_concursos-1.jpg","width":230,"height":60,"caption":"Estrat\u00e9gia Concursos"},"image":{"@id":"https:\/\/www.estrategiaconcursos.com.br\/blog\/#\/schema\/logo\/image\/"},"sameAs":["https:\/\/x.com\/EstratConcursos"]},{"@type":"Person","@id":"https:\/\/www.estrategiaconcursos.com.br\/blog\/#\/schema\/person\/b4a388c97673c5f483d72185668afa1f","name":"Coordena\u00e7\u00e3o","image":{"@type":"ImageObject","inLanguage":"pt-BR","@id":"https:\/\/secure.gravatar.com\/avatar\/b720319e4c9a967eb58678d110f4fe35452fc5d5f97b202bac7b8acceb18c6ad?s=96&d=mm&r=g","url":"https:\/\/secure.gravatar.com\/avatar\/b720319e4c9a967eb58678d110f4fe35452fc5d5f97b202bac7b8acceb18c6ad?s=96&d=mm&r=g","contentUrl":"https:\/\/secure.gravatar.com\/avatar\/b720319e4c9a967eb58678d110f4fe35452fc5d5f97b202bac7b8acceb18c6ad?s=96&d=mm&r=g","caption":"Coordena\u00e7\u00e3o"},"sameAs":["https:\/\/www.facebook.com\/EstrategiaConcursos","https:\/\/x.com\/EstratConcursos"],"url":"https:\/\/www.estrategiaconcursos.com.br\/blog\/author\/estrategia2013\/"}]}},"_links":{"self":[{"href":"https:\/\/www.estrategiaconcursos.com.br\/blog\/wp-json\/wp\/v2\/posts\/999743","targetHints":{"allow":["GET"]}}],"collection":[{"href":"https:\/\/www.estrategiaconcursos.com.br\/blog\/wp-json\/wp\/v2\/posts"}],"about":[{"href":"https:\/\/www.estrategiaconcursos.com.br\/blog\/wp-json\/wp\/v2\/types\/post"}],"author":[{"embeddable":true,"href":"https:\/\/www.estrategiaconcursos.com.br\/blog\/wp-json\/wp\/v2\/users\/1"}],"replies":[{"embeddable":true,"href":"https:\/\/www.estrategiaconcursos.com.br\/blog\/wp-json\/wp\/v2\/comments?post=999743"}],"version-history":[{"count":15,"href":"https:\/\/www.estrategiaconcursos.com.br\/blog\/wp-json\/wp\/v2\/posts\/999743\/revisions"}],"predecessor-version":[{"id":1613320,"href":"https:\/\/www.estrategiaconcursos.com.br\/blog\/wp-json\/wp\/v2\/posts\/999743\/revisions\/1613320"}],"wp:featuredmedia":[{"embeddable":true,"href":"https:\/\/www.estrategiaconcursos.com.br\/blog\/wp-json\/wp\/v2\/media\/1083499"}],"wp:attachment":[{"href":"https:\/\/www.estrategiaconcursos.com.br\/blog\/wp-json\/wp\/v2\/media?parent=999743"}],"wp:term":[{"taxonomy":"category","embeddable":true,"href":"https:\/\/www.estrategiaconcursos.com.br\/blog\/wp-json\/wp\/v2\/categories?post=999743"},{"taxonomy":"post_tag","embeddable":true,"href":"https:\/\/www.estrategiaconcursos.com.br\/blog\/wp-json\/wp\/v2\/tags?post=999743"},{"taxonomy":"tax_estado","embeddable":true,"href":"https:\/\/www.estrategiaconcursos.com.br\/blog\/wp-json\/wp\/v2\/tax_estado?post=999743"}],"curies":[{"name":"wp","href":"https:\/\/api.w.org\/{rel}","templated":true}]}}