{"id":999576,"date":"2022-04-12T10:34:00","date_gmt":"2022-04-12T13:34:00","guid":{"rendered":"https:\/\/www.estrategiaconcursos.com.br\/blog\/?p=999576"},"modified":"2022-04-04T14:51:13","modified_gmt":"2022-04-04T17:51:13","slug":"ipva-sefaz-ba","status":"publish","type":"post","link":"https:\/\/www.estrategiaconcursos.com.br\/blog\/ipva-sefaz-ba\/","title":{"rendered":"Resumo do IPVA para a SEFAZ BA"},"content":{"rendered":"\n<p>Confira neste artigo um resumo sobre o&nbsp;<strong>IPVA,&nbsp;<\/strong>disposto na&nbsp;Lei 6.348\/91, para o concurso de Agente de Tributos Estaduais da&nbsp;<strong><a href=\"https:\/\/www.estrategiaconcursos.com.br\/cursosPorConcurso\/icms-ba\/\" target=\"_blank\" rel=\"noreferrer noopener\">SEFAZ BA<\/a><\/strong>.<\/p>\n\n\n\n<div class=\"wp-block-image\"><figure class=\"aligncenter size-large is-resized\"><img loading=\"lazy\" decoding=\"async\" src=\"https:\/\/dhg1h5j42swfq.cloudfront.net\/2022\/03\/02154309\/sefaz-ba-1024x536.jpg\" alt=\"Resumo do IPVA para a SEFAZ BA\" class=\"wp-image-979440\" width=\"600\" height=\"313\" srcset=\"https:\/\/dhg1h5j42swfq.cloudfront.net\/2022\/03\/02154309\/sefaz-ba-1024x536.jpg 1024w, https:\/\/dhg1h5j42swfq.cloudfront.net\/2022\/03\/02154309\/sefaz-ba-300x157.jpg 300w, https:\/\/dhg1h5j42swfq.cloudfront.net\/2022\/03\/02154309\/sefaz-ba-768x402.jpg 768w, https:\/\/dhg1h5j42swfq.cloudfront.net\/2022\/03\/02154309\/sefaz-ba-610x319.jpg 610w, https:\/\/dhg1h5j42swfq.cloudfront.net\/2022\/03\/02154309\/sefaz-ba.jpg 1200w\" sizes=\"auto, (max-width: 600px) 100vw, 600px\" \/><figcaption>Resumo do IPVA para a SEFAZ BA<\/figcaption><\/figure><\/div>\n\n\n\n<p>Ol\u00e1, pessoal! Como voc\u00eas est\u00e3o?<\/p>\n\n\n\n<p>O concurso da&nbsp;<strong><a href=\"https:\/\/www.estrategiaconcursos.com.br\/blog\/concurso-sefaz-ba\/\" target=\"_blank\" rel=\"noreferrer noopener\">SEFAZ BA<\/a><\/strong>&nbsp;(Secretaria da Fazenda do Estado da Bahia) est\u00e1 cada dia mais perto.<\/p>\n\n\n\n<p>Est\u00e3o sendo ofertadas&nbsp;<strong>49 vagas,&nbsp;<\/strong>para tr\u00eas cargos de&nbsp;<strong>Agente de Tributos Estaduais<\/strong>, com remunera\u00e7\u00e3o inicial de&nbsp;at\u00e9&nbsp;<strong>R$ 13.111,66<\/strong>.<\/p>\n\n\n\n<p>Dessa maneira, estamos preparando diversos resumos sobre a <strong><mark style=\"background-color:rgba(0, 0, 0, 0)\" class=\"has-inline-color has-vivid-cyan-blue-color\">Legisla\u00e7\u00e3o Tribut\u00e1ria Espec\u00edfica<\/mark><\/strong>&nbsp;para este concurso, sendo que o artigo de hoje \u00e9 sobre o <strong><mark style=\"background-color:rgba(0, 0, 0, 0)\" class=\"has-inline-color has-vivid-cyan-blue-color\">IPVA<\/mark><\/strong>, disposto na&nbsp;Lei 6.348\/91, para a SEFAZ BA.<\/p>\n\n\n\n<p>Voc\u00ea pode conferir no nosso blog o artigo sobre o<strong> <a href=\"https:\/\/www.estrategiaconcursos.com.br\/blog\/itcmd-sefaz-ba\" target=\"_blank\" rel=\"noreferrer noopener\">ITCMD para a SEFAZ BA<\/a><\/strong>.<\/p>\n\n\n\n<div class=\"container\" id=\"boxes\">\n  <div class=\"row\">\n\n    <div class=\"col-sm\">\n      <div class=\"banner-fiscal-01\" id=\"box-assinatura\">\n        <h3 class=\"titulo-assinatura\">Concurso SEFAZ BA<\/h3>\n        <p class=\"subtitulo-assinatura\">Cursos para todos os cargos<\/p>\n        <div class=\"box-botao\">\n          <a class=\"btn-assinatura\" target=\"_blank\" href=\"https:\/\/www.estrategiaconcursos.com.br\/cursosPorConcurso\/icms-ba\/\" role=\"button\" rel=\"noopener noreferrer\">Conhe\u00e7a mais<\/a>\n        <\/div>\n      <\/div>\n      \n    <\/div>\n\n  <\/div>\n<\/div>\n\n\n\n<h2 class=\"wp-block-heading\" id=\"h-fato-gerador-e-momento-do-ipva-para-a-sefaz-ba\"><mark style=\"background-color:rgba(0, 0, 0, 0)\" class=\"has-inline-color has-vivid-cyan-blue-color\">Fato Gerador e Momento do IPVA para a SEFAZ BA<\/mark><\/h2>\n\n\n\n<p>O <strong>IPVA <\/strong>(Imposto sobre a Propriedade de Ve\u00edculos Automotores), devido <strong>anualmente<\/strong>, tem como<strong> fato gerador<\/strong> a <strong><mark style=\"background-color:rgba(0, 0, 0, 0)\" class=\"has-inline-color has-vivid-cyan-blue-color\">propriedade <\/mark>de ve\u00edculo automotor<\/strong>, de qualquer esp\u00e9cie.<\/p>\n\n\n\n<p>Em regra, o fato gerador do imposto ser\u00e1 considerado ocorrido em <strong><mark style=\"background-color:rgba(0, 0, 0, 0)\" class=\"has-inline-color has-vivid-cyan-blue-color\">1\u00ba de janeiro<\/mark> de cada exerc\u00edcio<\/strong>. Por\u00e9m, h\u00e1 algumas <strong>exce\u00e7\u00f5es<\/strong>, uma vez que se considera ocorrido o fato gerador do IPVA:<\/p>\n\n\n\n<ul class=\"wp-block-list\"><li>em se tratando de <strong>ve\u00edculo novo<\/strong>, na <strong><mark style=\"background-color:rgba(0, 0, 0, 0)\" class=\"has-inline-color has-vivid-cyan-blue-color\">data da sua aliena\u00e7\u00e3o<\/mark><\/strong> para consumidor final ou quando da <strong><mark style=\"background-color:rgba(0, 0, 0, 0)\" class=\"has-inline-color has-vivid-cyan-blue-color\">incorpora\u00e7\u00e3o ao ativo<\/mark><\/strong> por empresa fabricante, revendedora ou importadora de ve\u00edculo.<\/li><li>em se tratando de <strong>ve\u00edculo registrado em outra unidade da Federa\u00e7\u00e3o<\/strong>, a partir do<strong> <mark style=\"background-color:rgba(0, 0, 0, 0)\" class=\"has-inline-color has-vivid-cyan-blue-color\">uso ou da loca\u00e7\u00e3o<\/mark><\/strong> n\u00e3o eventual no territ\u00f3rio deste Estado.<\/li><li>em se tratando de <strong>ve\u00edculo de proced\u00eancia estrangeira<\/strong>, novo ou usado, importado diretamente por consumidor final, na <strong><mark style=\"background-color:rgba(0, 0, 0, 0)\" class=\"has-inline-color has-vivid-cyan-blue-color\">data do desembara\u00e7o aduaneiro.<\/mark><\/strong><\/li><\/ul>\n\n\n\n<p>Al\u00e9m disso, de acordo com a lei do IPVA, o imposto <strong><span style=\"text-decoration: underline;\">ser\u00e1 devido<\/span><\/strong> quando o ve\u00edculo for <strong>registrado <\/strong>no \u00f3rg\u00e3o competente com jurisdi\u00e7\u00e3o <strong>neste Estado<\/strong>; ou quando for <strong>utilizado ou locado de forma n\u00e3o eventual <\/strong>no territ\u00f3rio deste Estado, quando registrado em \u00f3rg\u00e3o competente de <strong>outra unidade da Federa\u00e7\u00e3o.<\/strong><\/p>\n\n\n\n<p><mark style=\"background-color:rgba(0, 0, 0, 0)\" class=\"has-inline-color has-vivid-red-color\"><strong>FIQUE ATENTO:<\/strong> <\/mark>Pode haver situa\u00e7\u00f5es em que o ve\u00edculo <strong>n\u00e3o estar\u00e1 sujeito a registro<\/strong> em \u00f3rg\u00e3o competente. Entretanto, o IPVA, ainda assim, ser\u00e1 <strong>devido<\/strong>, no caso de o ve\u00edculo ser utilizado de forma<strong> n\u00e3o eventual <\/strong>neste Estado.<\/p>\n\n\n\n<h2 class=\"wp-block-heading\" id=\"h-imunidade-ao-ipva-para-a-sefaz-ba\"><mark style=\"background-color:rgba(0, 0, 0, 0)\" class=\"has-inline-color has-vivid-cyan-blue-color\">Imunidade ao IPVA para a SEFAZ BA<\/mark><\/h2>\n\n\n\n<p>A imunidade tribut\u00e1ria diz respeito \u00e0 <strong>limita\u00e7\u00e3o ao poder de tributar<\/strong> dos entes federativos. A Constitui\u00e7\u00e3o Federal trouxe algumas situa\u00e7\u00f5es em que n\u00e3o poder\u00e1 haver a incid\u00eancia de impostos. Algumas dessas situa\u00e7\u00f5es foram replicadas na lei do IPVA, para a SEFAZ BA.<\/p>\n\n\n\n<p>Desse modo, s\u00e3o<strong><mark style=\"background-color:rgba(0, 0, 0, 0)\" class=\"has-inline-color has-vivid-cyan-blue-color\"> imunes ao IPVA <\/mark><\/strong>os ve\u00edculos de propriedade:<\/p>\n\n\n\n<ul class=\"wp-block-list\"><li>da <strong>Uni\u00e3o<\/strong>, dos <strong>Estados<\/strong>, do <strong>Distrito Federal<\/strong>, dos <strong>Munic\u00edpios<\/strong> e das respectivas <strong>autarquias<\/strong> e <strong>funda\u00e7\u00f5es <\/strong>institu\u00eddas e mantidas pelo Poder P\u00fablico;<\/li><li>dos <strong>partidos pol\u00edticos<\/strong>, inclusive suas funda\u00e7\u00f5es, das <strong>entidades sindicais dos trabalhadores<\/strong> e das institui\u00e7\u00f5es de <strong>educa\u00e7\u00e3o ou de assist\u00eancia social<\/strong>, sem fins lucrativos;<\/li><li>os ve\u00edculos dos <strong>templos religiosos<\/strong> de qualquer culto.<\/li><\/ul>\n\n\n\n<p><mark style=\"background-color:rgba(0, 0, 0, 0)\" class=\"has-inline-color has-vivid-red-color\"><strong>FIQUE ATENTO:<\/strong> <\/mark>A imunidade prevista nas situa\u00e7\u00f5es acima se <strong>restringe <\/strong>aos ve\u00edculos relacionados com as <strong>finalidades <\/strong>da institui\u00e7\u00e3o ou delas decorrentes.<\/p>\n\n\n\n<p>Importante salientar que as <strong>imunidades <\/strong>citadas ter\u00e3o <strong><mark style=\"background-color:rgba(0, 0, 0, 0)\" class=\"has-inline-color has-vivid-cyan-blue-color\">efic\u00e1cia imediata<\/mark><\/strong>, ou seja, n\u00e3o \u00e9 necess\u00e1rio regulamenta\u00e7\u00e3o por atos normativos, diferentemente das <strong>isen\u00e7\u00f5es<\/strong>, como veremos adiante, que apenas ser\u00e3o reconhecidas conforme dispuser o <strong>regulamento<\/strong> espec\u00edfico.<\/p>\n\n\n\n<h2 class=\"wp-block-heading\" id=\"h-isencao-do-ipva-para-a-sefaz-ba\"><mark style=\"background-color:rgba(0, 0, 0, 0)\" class=\"has-inline-color has-vivid-cyan-blue-color\">Isen\u00e7\u00e3o do IPVA para a SEFAZ BA<\/mark><\/h2>\n\n\n\n<p>Por sua vez, diferentemente das situa\u00e7\u00f5es de imunidade analisadas acima, quando h\u00e1 isen\u00e7\u00e3o, \u00e9 porque h\u00e1 o <strong>fato gerador <\/strong>do imposto e, consequentemente, a obriga\u00e7\u00e3o tribut\u00e1ria. Por\u00e9m, a administra\u00e7\u00e3o p\u00fablica, por meio de lei, decide por n\u00e3o cobrar o imposto do sujeito passivo,&nbsp;<strong>dispensando-o do pagamento.<\/strong><\/p>\n\n\n\n<p>Desse modo, <strong><mark style=\"background-color:rgba(0, 0, 0, 0)\" class=\"has-inline-color has-vivid-cyan-blue-color\">s\u00e3o isentos&nbsp;do pagamento do IPVA<\/mark><\/strong> na Bahia:<\/p>\n\n\n\n<ul class=\"wp-block-list\"><li>os ve\u00edculos de <strong>Embaixadas<\/strong>, <strong>Representa\u00e7\u00f5es Consulares<\/strong>, bem como de funcion\u00e1rios de carreira diplom\u00e1tica ou de servi\u00e7o consular, quando fa\u00e7am jus a tratamento diplom\u00e1tico e desde que os respectivos Pa\u00edses de origem adotem <strong>reciprocidade <\/strong>de tratamento;<\/li><li>os ve\u00edculos <strong>n\u00e3o-registrados no Estado<\/strong>, de propriedade ou posse de <strong>turistas estrangeiros<\/strong>, portadores de &#8220;Certificados Internacionais de Circular e Conduzir&#8221;, pelo prazo estabelecido nesses certificados, mas <strong>nunca superior a 1 ano<\/strong>;<\/li><li>as <strong>m\u00e1quinas agr\u00edcolas e de terraplanagem,<\/strong> desde que <strong>n\u00e3o <\/strong>circulem em vias p\u00fablicas;<\/li><li>os ve\u00edculos utilizados no <strong>transporte p\u00fablico de passageiros<\/strong>, da categoria <strong>aluguel<\/strong>, na condi\u00e7\u00e3o de <strong>t\u00e1xi<\/strong>, de propriedade de motoristas profissionais aut\u00f4nomos;<\/li><li>o ve\u00edculo <strong>terrestre <\/strong>com<strong> pot\u00eancia inferior a 50 cilindradas<\/strong> e a <strong>embarca\u00e7\u00e3o <\/strong>com motor de pot\u00eancia <strong>inferior a 25 HP<\/strong>.<\/li><li>os ve\u00edculos e embarca\u00e7\u00f5es de empresas concession\u00e1rias, permission\u00e1rios ou autorizat\u00e1rias de servi\u00e7os p\u00fablicos de <strong>transporte coletivo<\/strong>, empregados exclusivamente no transporte urbano e suburbano;<\/li><li>os ve\u00edculos de propriedade de pessoas portadoras de <strong>defici\u00eancia <\/strong>f\u00edsica, visual, mental ou autista;&nbsp;<\/li><li>os ve\u00edculos de pessoas jur\u00eddicas de <strong>direito privado<\/strong>, institu\u00eddas pelo <strong>Poder P\u00fablico Estadual ou Municipal<\/strong>;<\/li><li>os ve\u00edculos utilizados como <strong>ambul\u00e2ncia <\/strong>e no <strong>combate a inc\u00eandio<\/strong>, desde que <strong>n\u00e3o <\/strong>haja cobran\u00e7a pelo servi\u00e7o;<\/li><li>a embarca\u00e7\u00e3o de propriedade de <strong>pescador profissional,<\/strong> pessoa f\u00edsica, por ele utilizada na atividade pesqueira.<\/li><li>ve\u00edculos <strong>terrestres<\/strong>, nacionais ou estrangeiros, com <strong>mais de 15 anos<\/strong> de fabrica\u00e7\u00e3o;<\/li><li>a <strong>motocicleta <\/strong>ou motoneta utilizada no <strong>transporte de passageiro<\/strong>, mercadoria ou encomenda, registrada como ve\u00edculo da categoria de <strong>aluguel <\/strong>e de propriedade de motorista profissional aut\u00f4nomo, desde que sejam atendidos os requisitos estabelecidos em legisla\u00e7\u00e3o federal e municipal e a taxa referente ao licenciamento do ano anterior tenha sido paga naquele ano.<\/li><\/ul>\n\n\n\n<p>Vamos a um ponto importante agora. Caso algu\u00e9m possua isen\u00e7\u00e3o ou imunidade, na hip\u00f3tese de <strong>perda <\/strong>da condi\u00e7\u00e3o que fundamentava o seu <strong>benef\u00edcio <\/strong>tribut\u00e1rio, o imposto ser\u00e1 devido por<strong> duod\u00e9cimo ou fra\u00e7\u00e3o<\/strong> que <strong>falte <\/strong>para o t\u00e9rmino do exerc\u00edcio.<\/p>\n\n\n\n<p>Supondo-se que haja a perda da isen\u00e7\u00e3o no m\u00eas de abril. Nesse caso, o imposto n\u00e3o ser\u00e1 devido em rela\u00e7\u00e3o aos meses de frui\u00e7\u00e3o da isen\u00e7\u00e3o, mas apenas em rela\u00e7\u00e3o aos meses posteriores do exerc\u00edcio, tendo o interessado que recolh\u00ea-lo no prazo de <strong><mark style=\"background-color:rgba(0, 0, 0, 0)\" class=\"has-inline-color has-vivid-cyan-blue-color\">30 dias<\/mark><\/strong>, a contar do recebimento da intima\u00e7\u00e3o, <strong>salvo <\/strong>nos casos de <strong>dolo, fraude ou simula\u00e7\u00e3o.<\/strong><\/p>\n\n\n\n<p>Assim, caso haja a constata\u00e7\u00e3o de que o requerente n\u00e3o preenchia, ou deixou de preencher, as condi\u00e7\u00f5es exigidas para o gozo da imunidade ou isen\u00e7\u00e3o e <\/p>\n\n\n\n<h2 class=\"wp-block-heading\" id=\"h-base-de-calculo-do-ipva-para-a-sefaz-ba\"><mark style=\"background-color:rgba(0, 0, 0, 0)\" class=\"has-inline-color has-vivid-cyan-blue-color\">Base de c\u00e1lculo do IPVA para a SEFAZ BA<\/mark><\/h2>\n\n\n\n<p>A base de c\u00e1lculo de um imposto \u00e9 o valor em que incidir\u00e1 a al\u00edquota do tributo, de modo a calcular a quantia a ser paga pelo contribuinte.<\/p>\n\n\n\n<p>Em rela\u00e7\u00e3o ao IPVA no estado da Bahia, ela <strong>depender\u00e1 do tipo e da condi\u00e7\u00e3o do ve\u00edculo<\/strong>.<\/p>\n\n\n\n<p>Desse modo, a <strong><mark style=\"background-color:rgba(0, 0, 0, 0)\" class=\"has-inline-color has-vivid-cyan-blue-color\">base de c\u00e1lculo do IPVA ser\u00e1<\/mark><\/strong>:<\/p>\n\n\n\n<ul class=\"wp-block-list\"><li>para ve\u00edculo <strong>novo<\/strong>, o <strong><mark style=\"background-color:rgba(0, 0, 0, 0)\" class=\"has-inline-color has-vivid-cyan-blue-color\">valor venal <\/mark><\/strong>da&nbsp;Nota Fiscal ou do documento de transmiss\u00e3o, <strong>acrescido <\/strong>do valor dos <strong>equipamentos <\/strong>opcionais, dos <strong>acess\u00f3rios<\/strong> a ele incorporados, das despesas de <strong>frete <\/strong>e <strong>seguro<\/strong>;<\/li><li>para ve\u00edculo <strong>usado<\/strong>, o<strong><mark style=\"background-color:rgba(0, 0, 0, 0)\" class=\"has-inline-color has-vivid-cyan-blue-color\"> valor venal<\/mark><\/strong> constante em <strong>tabela anualmente <\/strong>publicada, no m\u00eas de <strong>dezembro<\/strong>, pela Secretaria da Fazenda com base nos <strong>pre\u00e7os m\u00e9dios de mercado<\/strong>, observando-se:<ul><li>em rela\u00e7\u00e3o a ve\u00edculos <strong>terrestres<\/strong>: <span style=\"text-decoration: underline;\">marca, modelo, esp\u00e9cie, pot\u00eancia e ano de fabrica\u00e7\u00e3o<\/span>;<\/li><\/ul><ul><li>em rela\u00e7\u00e3o a <strong>embarca\u00e7\u00e3o<\/strong>: <span style=\"text-decoration: underline;\">pot\u00eancia, combust\u00edvel, comprimento, casco e ano de fabrica\u00e7\u00e3o<\/span>;<\/li><\/ul><ul><li>em rela\u00e7\u00e3o a <strong>aeronaves<\/strong>: <span style=\"text-decoration: underline;\">peso m\u00e1ximo de decolagem e ano de fabrica\u00e7\u00e3o<\/span>.<\/li><\/ul><\/li><li>para ve\u00edculo <strong>importado <\/strong>diretamente pelo consumidor final, para efeito do <strong>primeiro lan\u00e7amento<\/strong>, ser\u00e1 o <strong><mark style=\"background-color:rgba(0, 0, 0, 0)\" class=\"has-inline-color has-vivid-cyan-blue-color\">valor constante do documento<\/mark><\/strong> relativo ao <strong>desembara\u00e7o aduaneiro<\/strong>, <strong>acrescidos <\/strong>dos <strong>tributos <\/strong>e demais gravames devidos.<\/li><\/ul>\n\n\n\n<p>Alguns adendos s\u00e3o importantes, em rela\u00e7\u00e3o \u00e0 base de c\u00e1lculo.<\/p>\n\n\n\n<p>Caso o ve\u00edculo seja <strong>novo<\/strong>, o IPVA ser\u00e1 devido <strong>proporcionalmente <\/strong>ao n\u00famero de meses restantes do exerc\u00edcio fiscal, calculado a partir do m\u00eas de sua aquisi\u00e7\u00e3o.<\/p>\n\n\n\n<p>Al\u00e9m disso, caso ocorra <strong>perda <\/strong>total do ve\u00edculo, por<strong> sinistro, roubo, furto<\/strong> ou outro motivo que descaracterize sua propriedade, seu dom\u00ednio ou sua posse, a base de c\u00e1lculo corresponder\u00e1 ao valor <strong>proporcional <\/strong>ao n\u00famero de meses do ano em que o ve\u00edculo <strong>permaneceu na sua propriedade<\/strong>, dom\u00ednio ou posse.<\/p>\n\n\n\n<h2 class=\"wp-block-heading\" id=\"h-aliquotas-do-ipva-para-a-sefaz-ba\"><mark style=\"background-color:rgba(0, 0, 0, 0)\" class=\"has-inline-color has-vivid-cyan-blue-color\">Al\u00edquotas do IPVA para a SEFAZ BA<\/mark><\/h2>\n\n\n\n<p>As al\u00edquotas do IPVA ser\u00e3o aplicadas sobre a base de c\u00e1lculo do imposto, de modo a encontrar o valor a ser pago.<\/p>\n\n\n\n<p>Desse modo, o IPVA no estado da Bahia ter\u00e1 as <strong><mark style=\"background-color:rgba(0, 0, 0, 0)\" class=\"has-inline-color has-vivid-cyan-blue-color\">seguintes al\u00edquotas:<\/mark><\/strong><\/p>\n\n\n\n<ul class=\"wp-block-list\"><li><strong><mark style=\"background-color:rgba(0, 0, 0, 0)\" class=\"has-inline-color has-vivid-cyan-blue-color\">1%<\/mark>,<\/strong> para <strong>\u00f4nibus<\/strong>, micro-\u00f4nibus, <strong>caminh\u00f5es<\/strong>, tratores, <strong>motos<\/strong> e motonetas, motocicletas e triciclos estrangeiros e nacionais;<\/li><li><strong><mark style=\"background-color:rgba(0, 0, 0, 0)\" class=\"has-inline-color has-vivid-cyan-blue-color\">1,5%<\/mark>,<\/strong> para <strong>embarca\u00e7\u00f5es<\/strong> e <strong>aeronaves<\/strong>;<\/li><li>para <strong>autom\u00f3veis e utilit\u00e1rios<\/strong>:<ul><li><strong><mark style=\"background-color:rgba(0, 0, 0, 0)\" class=\"has-inline-color has-vivid-cyan-blue-color\">3,0%<\/mark><\/strong>, quando movidos a <strong>\u00f3leo diesel<\/strong>;<\/li><\/ul><ul><li><strong><mark style=\"background-color:rgba(0, 0, 0, 0)\" class=\"has-inline-color has-vivid-cyan-blue-color\">2,5%<\/mark>,<\/strong> quando movidos a <strong>outros<\/strong> tipos de combust\u00edveis;<\/li><\/ul><ul><li><strong><mark style=\"background-color:rgba(0, 0, 0, 0)\" class=\"has-inline-color has-vivid-cyan-blue-color\">1%<\/mark>,<\/strong> para os ve\u00edculos <strong>novos<\/strong> adquiridos por empresas <strong>locadoras<\/strong> de ve\u00edculos, caso o faturamento ocorra diretamente para estabelecimento localizado na Bahia e a empresa locadora possua, no m\u00ednimo, <strong>20 ve\u00edculos<\/strong> de sua propriedade para loca\u00e7\u00e3o e esteja credenciada.<\/li><\/ul><\/li><\/ul>\n\n\n\n<p><strong><mark style=\"background-color:rgba(0, 0, 0, 0)\" class=\"has-inline-color has-vivid-red-color\">FIQUE ATENTO:<\/mark><\/strong> As <strong>al\u00edquotas <\/strong>previstas para <strong>autom\u00f3veis e utilit\u00e1rios<\/strong> ser\u00e3o aplicadas na hip\u00f3tese de <strong><mark style=\"background-color:rgba(0, 0, 0, 0)\" class=\"has-inline-color has-vivid-cyan-blue-color\">caminh\u00e3o <\/mark><\/strong>com capacidade de carga <strong>inferior a<mark style=\"background-color:rgba(0, 0, 0, 0)\" class=\"has-inline-color has-vivid-cyan-blue-color\"> 2.000 kg<\/mark><\/strong>, de acordo com o tipo de combust\u00edvel utilizado.<\/p>\n\n\n\n<h2 class=\"wp-block-heading\" id=\"h-contribuintes-e-responsaveis-pelo-ipva-para-a-sefaz-ba\">Contribuintes e Respons\u00e1veis pelo IPVA para a SEFAZ BA&nbsp;<\/h2>\n\n\n\n<p>Encerrando o nosso resumo sobre IPVA para a SEFAZ BA, vamos falar sobre os contribuintes e respons\u00e1veis.<\/p>\n\n\n\n<p>O <strong><mark style=\"background-color:rgba(0, 0, 0, 0)\" class=\"has-inline-color has-vivid-cyan-blue-color\">contribuinte <\/mark><\/strong>do imposto \u00e9 o<strong> propriet\u00e1rio <\/strong>do ve\u00edculo, e somente ele.<\/p>\n\n\n\n<p>Al\u00e9m disso, ser\u00e3o <strong><mark style=\"background-color:rgba(0, 0, 0, 0)\" class=\"has-inline-color has-vivid-cyan-blue-color\">solidariamente respons\u00e1veis<\/mark><\/strong> pelo pagamento do IPVA:<\/p>\n\n\n\n<ul class=\"wp-block-list\"><li>o <strong>adquirente<\/strong>, em rela\u00e7\u00e3o ao ve\u00edculo adquirido <strong>sem o pagamento<\/strong> do imposto do exerc\u00edcio ou exerc\u00edcios anteriores;<\/li><li>o <strong>titular do dom\u00ednio<\/strong> e\/ou o <strong>possuidor <\/strong>a qualquer t\u00edtulo;<\/li><li>o <strong>funcion\u00e1rio <\/strong>que autorizar ou efetuar o registro e licenciamento, inscri\u00e7\u00e3o ou matr\u00edcula de ve\u00edculo de qualquer esp\u00e9cie, <strong>sem a prova de pagamento<\/strong>;<\/li><li>o <strong>arrendador <\/strong>e o <strong>arrendat\u00e1rio <\/strong>de ve\u00edculo, objeto de arrendamento mercantil, registrado em nome do arrendador, <strong>exceto <\/strong>se extinto o contrato por <strong>inadimplemento<\/strong>, hip\u00f3tese em que o cr\u00e9dito ser\u00e1 exigido do <strong>arrendador<\/strong>; bem como se extinto o contrato por <strong>pagamento<\/strong>, hip\u00f3tese em que o cr\u00e9dito ser\u00e1 exigido do <strong>arrendat\u00e1rio<\/strong>;<\/li><li>o <strong>credor fiduci\u00e1rio<\/strong> e o <strong>devedor fiduciante <\/strong>de ve\u00edculo objeto de aliena\u00e7\u00e3o fiduci\u00e1ria, registrado em nome do devedor fiduciante, at\u00e9 o pagamento integral do contrato.&nbsp;<\/li><\/ul>\n\n\n\n<p><mark style=\"background-color:rgba(0, 0, 0, 0)\" class=\"has-inline-color has-vivid-red-color\"><strong>ADENDOS:<\/strong><\/mark><\/p>\n\n\n\n<p>Na hip\u00f3tese de o Poder Executivo estabelecer o <strong>pagamento parcelado<\/strong> do imposto, poder\u00e1 ser concedido <strong>desconto<\/strong>, ao contribuinte, de <strong><mark style=\"background-color:rgba(0, 0, 0, 0)\" class=\"has-inline-color has-vivid-cyan-blue-color\">at\u00e9 20%<\/mark><\/strong>, para recolhimento em <strong>cota \u00fanica<\/strong>.<\/p>\n\n\n\n<p>Al\u00e9m disso, <strong>n\u00e3o se exigir\u00e1 o pagamento<\/strong> do imposto relativo a ve\u00edculos <strong>usados<\/strong>, quando o total devido de cada exerc\u00edcio for <strong><mark style=\"background-color:rgba(0, 0, 0, 0)\" class=\"has-inline-color has-vivid-cyan-blue-color\">inferior a R$ 50,00<\/mark><\/strong>.<\/p>\n\n\n\n<h2 class=\"wp-block-heading\" id=\"h-finalizando\"><mark style=\"background-color:rgba(0, 0, 0, 0)\" class=\"has-inline-color has-vivid-cyan-blue-color\">Finalizando<\/mark><\/h2>\n\n\n\n<p>Pessoal! Chegamos ao final do nosso resumo sobre o IPVA, para a SEFAZ BA. Esperamos que tenham gostado.<\/p>\n\n\n\n<p>Para a sua aprova\u00e7\u00e3o, \u00e9 extremamente&nbsp;<strong>importante&nbsp;<\/strong>a<strong>&nbsp;leitura da lei&nbsp;<\/strong>citada aqui. Esse artigo \u00e9 apenas uma an\u00e1lise mais simplificada dessa norma.<\/p>\n\n\n\n<p>Caso queira se preparar para chegar&nbsp;<strong>competitivo&nbsp;<\/strong>nesta prova, invista nos&nbsp;<strong><a href=\"https:\/\/www.estrategiaconcursos.com.br\/cursosPorConcurso\/icms-ba\/\" target=\"_blank\" rel=\"noreferrer noopener\">cursos para a SEFAZ BA<\/a><\/strong>&nbsp;do&nbsp;<strong>Estrat\u00e9gia Concursos<\/strong>.&nbsp;<\/p>\n\n\n\n<p>L\u00e1 voc\u00ea encontrar\u00e1&nbsp;<strong>aulas completas e detalhadas, com os melhores professores do mercado<\/strong>,&nbsp;de todos os t\u00f3picos exigidos no edital deste concurso.<\/p>\n\n\n\n<p>Conhe\u00e7a tamb\u00e9m o<strong>&nbsp;<a href=\"https:\/\/questoes.estrategiaconcursos.com.br\/\" target=\"_blank\" rel=\"noreferrer noopener\">Sistema de Quest\u00f5es do Estrat\u00e9gia<\/a><\/strong>. Afinal, a \u00fanica maneira de&nbsp;<strong>consolidar o conte\u00fado&nbsp;<\/strong>de maneira satisfat\u00f3ria \u00e9 atrav\u00e9s da&nbsp;<strong>resolu\u00e7\u00e3o de quest\u00f5es.<\/strong><\/p>\n\n\n\n<p>Bons estudos a todos!<\/p>\n\n\n\n<h2 class=\"has-text-align-center wp-block-heading\" id=\"h-cursos-e-assinaturas\">Cursos e Assinaturas <\/h2>\n\n\n\n<p>Prepare-se com o melhor material e com quem mais aprova em Concursos P\u00fablicos em todo o pa\u00eds!<\/p>\n\n\n\n<p class=\"has-text-align-center has-vivid-cyan-blue-color has-text-color has-background\" style=\"background-color:#0078bd\"><a href=\"https:\/\/www.estrategiaconcursos.com.br\/blog\/concursos-abertos\/\" target=\"_blank\" rel=\"noreferrer noopener\"><strong><span class=\"has-inline-color has-white-color\">Concursos abertos<\/span><\/strong><\/a><\/p>\n\n\n\n<p class=\"has-text-align-center has-vivid-cyan-blue-color has-text-color has-background\" style=\"background-color:#0072b4\"><strong><a href=\"https:\/\/www.estrategiaconcursos.com.br\/blog\/concursos-2022\/\" target=\"_blank\" rel=\"noreferrer noopener\"><span class=\"has-inline-color has-white-color\">Concursos 2022<\/span><\/a><\/strong><\/p>\n\n\n\n<div class=\"container\" id=\"boxes\">\n  <div class=\"row\">\n    <div class=\"col-sm\">\n      <div class=\"estrategia\" id=\"box-assinatura\">\n        <h3 class=\"titulo-assinatura\">Assinatura de Concursos<\/h3>\n        <p class=\"subtitulo-assinatura\">Assinatura de 1 ano ou 2 anos<\/p>\n        <div class=\"box-botao\">\n          <a class=\"btn-assinatura\" target=\"_blank\" href=\"https:\/\/www.estrategiaconcursos.com.br\/assinaturas\/\" role=\"button\" rel=\"noopener noreferrer\">ASSINE AGORA<\/a>\n        <\/div>\n      <\/div>\n      \n    <\/div><\/div><\/div>\n","protected":false},"excerpt":{"rendered":"<p>Confira neste artigo um resumo sobre o&nbsp;IPVA,&nbsp;disposto na&nbsp;Lei 6.348\/91, para o concurso de Agente de Tributos Estaduais da&nbsp;SEFAZ BA. Ol\u00e1, pessoal! Como voc\u00eas est\u00e3o? O concurso da&nbsp;SEFAZ BA&nbsp;(Secretaria da Fazenda do Estado da Bahia) est\u00e1 cada dia mais perto. Est\u00e3o sendo ofertadas&nbsp;49 vagas,&nbsp;para tr\u00eas cargos de&nbsp;Agente de Tributos Estaduais, com remunera\u00e7\u00e3o inicial de&nbsp;at\u00e9&nbsp;R$ 13.111,66. Dessa [&hellip;]<\/p>\n","protected":false},"author":1976,"featured_media":979440,"comment_status":"open","ping_status":"closed","sticky":false,"template":"","format":"standard","meta":{"post_tipo":"article","footnotes":""},"categories":[1,1983],"tags":[],"tax_estado":[219968],"class_list":["post-999576","post","type-post","status-publish","format-standard","has-post-thumbnail","hentry","category-cursos-e-concursos","category-fiscal-estadual","tax_estado-ba"],"acf":[],"yoast_head":"<!-- This site is optimized with the Yoast SEO Premium plugin v27.2 (Yoast SEO v27.2) - https:\/\/yoast.com\/product\/yoast-seo-premium-wordpress\/ -->\n<title>Resumo do IPVA para a SEFAZ BA<\/title>\n<meta name=\"description\" content=\"Confira neste artigo um resumo sobre o\u00a0IPVA,\u00a0disposto na\u00a0Lei 6.348\/91, para o concurso de Agente de Tributos Estaduais da\u00a0SEFAZ BA.\" \/>\n<meta name=\"robots\" content=\"index, follow, max-snippet:-1, max-image-preview:large, max-video-preview:-1\" \/>\n<link rel=\"canonical\" href=\"https:\/\/www.estrategiaconcursos.com.br\/blog\/ipva-sefaz-ba\/\" \/>\n<meta property=\"og:locale\" content=\"pt_BR\" \/>\n<meta property=\"og:type\" content=\"article\" \/>\n<meta property=\"og:title\" content=\"Resumo do IPVA para a SEFAZ BA\" \/>\n<meta property=\"og:description\" content=\"Confira neste artigo um resumo sobre o\u00a0IPVA,\u00a0disposto na\u00a0Lei 6.348\/91, para o concurso de Agente de Tributos Estaduais da\u00a0SEFAZ BA.\" \/>\n<meta property=\"og:url\" content=\"https:\/\/www.estrategiaconcursos.com.br\/blog\/ipva-sefaz-ba\/\" \/>\n<meta property=\"og:site_name\" content=\"Estrat\u00e9gia Concursos\" \/>\n<meta property=\"article:published_time\" content=\"2022-04-12T13:34:00+00:00\" \/>\n<meta property=\"og:image\" content=\"https:\/\/dhg1h5j42swfq.cloudfront.net\/2022\/03\/02154309\/sefaz-ba.jpg\" \/>\n\t<meta property=\"og:image:width\" content=\"1200\" \/>\n\t<meta property=\"og:image:height\" content=\"628\" \/>\n\t<meta property=\"og:image:type\" content=\"image\/jpeg\" \/>\n<meta name=\"author\" content=\"Kassio Henrique Sobral Rocha\" \/>\n<meta name=\"twitter:card\" content=\"summary_large_image\" \/>\n<meta name=\"twitter:creator\" content=\"@EstratConcursos\" \/>\n<meta name=\"twitter:site\" content=\"@EstratConcursos\" \/>\n<meta name=\"twitter:label1\" content=\"Escrito por\" \/>\n\t<meta name=\"twitter:data1\" content=\"Kassio Henrique Sobral Rocha\" \/>\n\t<meta name=\"twitter:label2\" content=\"Est. tempo de leitura\" \/>\n\t<meta name=\"twitter:data2\" content=\"10 minutos\" \/>\n<script type=\"application\/ld+json\" class=\"yoast-schema-graph\">{\"@context\":\"https:\/\/schema.org\",\"@graph\":[{\"@type\":\"NewsArticle\",\"@id\":\"https:\/\/www.estrategiaconcursos.com.br\/blog\/ipva-sefaz-ba\/#article\",\"isPartOf\":{\"@id\":\"https:\/\/www.estrategiaconcursos.com.br\/blog\/ipva-sefaz-ba\/\"},\"author\":{\"name\":\"Kassio Henrique Sobral Rocha\",\"@id\":\"https:\/\/www.estrategiaconcursos.com.br\/blog\/#\/schema\/person\/f0c830e07cfe11c231c0ea5dbb036df5\"},\"headline\":\"Resumo do IPVA para a SEFAZ BA\",\"datePublished\":\"2022-04-12T13:34:00+00:00\",\"mainEntityOfPage\":{\"@id\":\"https:\/\/www.estrategiaconcursos.com.br\/blog\/ipva-sefaz-ba\/\"},\"wordCount\":2049,\"commentCount\":0,\"publisher\":{\"@id\":\"https:\/\/www.estrategiaconcursos.com.br\/blog\/#organization\"},\"image\":{\"@id\":\"https:\/\/www.estrategiaconcursos.com.br\/blog\/ipva-sefaz-ba\/#primaryimage\"},\"thumbnailUrl\":\"https:\/\/dhg1h5j42swfq.cloudfront.net\/2022\/03\/02154309\/sefaz-ba.jpg\",\"articleSection\":[\"Concursos P\u00fablicos\",\"Fiscal - Estadual (ICMS)\"],\"inLanguage\":\"pt-BR\",\"potentialAction\":[{\"@type\":\"CommentAction\",\"name\":\"Comment\",\"target\":[\"https:\/\/www.estrategiaconcursos.com.br\/blog\/ipva-sefaz-ba\/#respond\"]}],\"copyrightYear\":\"2022\",\"copyrightHolder\":{\"@id\":\"https:\/\/www.estrategiaconcursos.com.br\/blog\/#organization\"}},{\"@type\":\"WebPage\",\"@id\":\"https:\/\/www.estrategiaconcursos.com.br\/blog\/ipva-sefaz-ba\/\",\"url\":\"https:\/\/www.estrategiaconcursos.com.br\/blog\/ipva-sefaz-ba\/\",\"name\":\"Resumo do IPVA para a SEFAZ BA\",\"isPartOf\":{\"@id\":\"https:\/\/www.estrategiaconcursos.com.br\/blog\/#website\"},\"primaryImageOfPage\":{\"@id\":\"https:\/\/www.estrategiaconcursos.com.br\/blog\/ipva-sefaz-ba\/#primaryimage\"},\"image\":{\"@id\":\"https:\/\/www.estrategiaconcursos.com.br\/blog\/ipva-sefaz-ba\/#primaryimage\"},\"thumbnailUrl\":\"https:\/\/dhg1h5j42swfq.cloudfront.net\/2022\/03\/02154309\/sefaz-ba.jpg\",\"datePublished\":\"2022-04-12T13:34:00+00:00\",\"description\":\"Confira neste artigo um resumo sobre o\u00a0IPVA,\u00a0disposto na\u00a0Lei 6.348\/91, para o concurso de Agente de Tributos Estaduais da\u00a0SEFAZ BA.\",\"breadcrumb\":{\"@id\":\"https:\/\/www.estrategiaconcursos.com.br\/blog\/ipva-sefaz-ba\/#breadcrumb\"},\"inLanguage\":\"pt-BR\",\"potentialAction\":[{\"@type\":\"ReadAction\",\"target\":[\"https:\/\/www.estrategiaconcursos.com.br\/blog\/ipva-sefaz-ba\/\"]}]},{\"@type\":\"ImageObject\",\"inLanguage\":\"pt-BR\",\"@id\":\"https:\/\/www.estrategiaconcursos.com.br\/blog\/ipva-sefaz-ba\/#primaryimage\",\"url\":\"https:\/\/dhg1h5j42swfq.cloudfront.net\/2022\/03\/02154309\/sefaz-ba.jpg\",\"contentUrl\":\"https:\/\/dhg1h5j42swfq.cloudfront.net\/2022\/03\/02154309\/sefaz-ba.jpg\",\"width\":1200,\"height\":628,\"caption\":\"Concurso Sefaz BA resultado preliminar\"},{\"@type\":\"BreadcrumbList\",\"@id\":\"https:\/\/www.estrategiaconcursos.com.br\/blog\/ipva-sefaz-ba\/#breadcrumb\",\"itemListElement\":[{\"@type\":\"ListItem\",\"position\":1,\"name\":\"In\u00edcio\",\"item\":\"https:\/\/www.estrategiaconcursos.com.br\/blog\/\"},{\"@type\":\"ListItem\",\"position\":2,\"name\":\"Resumo do IPVA para a SEFAZ BA\"}]},{\"@type\":\"WebSite\",\"@id\":\"https:\/\/www.estrategiaconcursos.com.br\/blog\/#website\",\"url\":\"https:\/\/www.estrategiaconcursos.com.br\/blog\/\",\"name\":\"Estrat\u00e9gia Concursos\",\"description\":\"O blog da Estrat\u00e9gia Concursos traz not\u00edcias sobre concursos e artigos de professores oferecendo cursos para concursos (pdf + videaulas) no site.\",\"publisher\":{\"@id\":\"https:\/\/www.estrategiaconcursos.com.br\/blog\/#organization\"},\"potentialAction\":[{\"@type\":\"SearchAction\",\"target\":{\"@type\":\"EntryPoint\",\"urlTemplate\":\"https:\/\/www.estrategiaconcursos.com.br\/blog\/?s={search_term_string}\"},\"query-input\":{\"@type\":\"PropertyValueSpecification\",\"valueRequired\":true,\"valueName\":\"search_term_string\"}}],\"inLanguage\":\"pt-BR\"},{\"@type\":\"Organization\",\"@id\":\"https:\/\/www.estrategiaconcursos.com.br\/blog\/#organization\",\"name\":\"Estrat\u00e9gia Concursos\",\"url\":\"https:\/\/www.estrategiaconcursos.com.br\/blog\/\",\"logo\":{\"@type\":\"ImageObject\",\"inLanguage\":\"pt-BR\",\"@id\":\"https:\/\/www.estrategiaconcursos.com.br\/blog\/#\/schema\/logo\/image\/\",\"url\":\"https:\/\/dhg1h5j42swfq.cloudfront.net\/2025\/06\/03203428\/logo_concursos-1.jpg\",\"contentUrl\":\"https:\/\/dhg1h5j42swfq.cloudfront.net\/2025\/06\/03203428\/logo_concursos-1.jpg\",\"width\":230,\"height\":60,\"caption\":\"Estrat\u00e9gia Concursos\"},\"image\":{\"@id\":\"https:\/\/www.estrategiaconcursos.com.br\/blog\/#\/schema\/logo\/image\/\"},\"sameAs\":[\"https:\/\/x.com\/EstratConcursos\"]},{\"@type\":\"Person\",\"@id\":\"https:\/\/www.estrategiaconcursos.com.br\/blog\/#\/schema\/person\/f0c830e07cfe11c231c0ea5dbb036df5\",\"name\":\"Kassio Henrique Sobral Rocha\",\"image\":{\"@type\":\"ImageObject\",\"inLanguage\":\"pt-BR\",\"@id\":\"https:\/\/secure.gravatar.com\/avatar\/d10350cbdad043facd8ec77a377f86f9026afee3348e463b04854fd4490ce759?s=96&d=mm&r=g\",\"url\":\"https:\/\/secure.gravatar.com\/avatar\/d10350cbdad043facd8ec77a377f86f9026afee3348e463b04854fd4490ce759?s=96&d=mm&r=g\",\"contentUrl\":\"https:\/\/secure.gravatar.com\/avatar\/d10350cbdad043facd8ec77a377f86f9026afee3348e463b04854fd4490ce759?s=96&d=mm&r=g\",\"caption\":\"Kassio Henrique Sobral Rocha\"},\"url\":\"https:\/\/www.estrategiaconcursos.com.br\/blog\/author\/kassio-rochayahoo-com-br\/\"}]}<\/script>\n<!-- \/ Yoast SEO Premium plugin. -->","yoast_head_json":{"title":"Resumo do IPVA para a SEFAZ BA","description":"Confira neste artigo um resumo sobre o\u00a0IPVA,\u00a0disposto na\u00a0Lei 6.348\/91, para o concurso de Agente de Tributos Estaduais da\u00a0SEFAZ BA.","robots":{"index":"index","follow":"follow","max-snippet":"max-snippet:-1","max-image-preview":"max-image-preview:large","max-video-preview":"max-video-preview:-1"},"canonical":"https:\/\/www.estrategiaconcursos.com.br\/blog\/ipva-sefaz-ba\/","og_locale":"pt_BR","og_type":"article","og_title":"Resumo do IPVA para a SEFAZ BA","og_description":"Confira neste artigo um resumo sobre o\u00a0IPVA,\u00a0disposto na\u00a0Lei 6.348\/91, para o concurso de Agente de Tributos Estaduais da\u00a0SEFAZ BA.","og_url":"https:\/\/www.estrategiaconcursos.com.br\/blog\/ipva-sefaz-ba\/","og_site_name":"Estrat\u00e9gia Concursos","article_published_time":"2022-04-12T13:34:00+00:00","og_image":[{"width":1200,"height":628,"url":"https:\/\/dhg1h5j42swfq.cloudfront.net\/2022\/03\/02154309\/sefaz-ba.jpg","type":"image\/jpeg"}],"author":"Kassio Henrique Sobral Rocha","twitter_card":"summary_large_image","twitter_creator":"@EstratConcursos","twitter_site":"@EstratConcursos","twitter_misc":{"Escrito por":"Kassio Henrique Sobral Rocha","Est. tempo de leitura":"10 minutos"},"schema":{"@context":"https:\/\/schema.org","@graph":[{"@type":"NewsArticle","@id":"https:\/\/www.estrategiaconcursos.com.br\/blog\/ipva-sefaz-ba\/#article","isPartOf":{"@id":"https:\/\/www.estrategiaconcursos.com.br\/blog\/ipva-sefaz-ba\/"},"author":{"name":"Kassio Henrique Sobral Rocha","@id":"https:\/\/www.estrategiaconcursos.com.br\/blog\/#\/schema\/person\/f0c830e07cfe11c231c0ea5dbb036df5"},"headline":"Resumo do IPVA para a SEFAZ BA","datePublished":"2022-04-12T13:34:00+00:00","mainEntityOfPage":{"@id":"https:\/\/www.estrategiaconcursos.com.br\/blog\/ipva-sefaz-ba\/"},"wordCount":2049,"commentCount":0,"publisher":{"@id":"https:\/\/www.estrategiaconcursos.com.br\/blog\/#organization"},"image":{"@id":"https:\/\/www.estrategiaconcursos.com.br\/blog\/ipva-sefaz-ba\/#primaryimage"},"thumbnailUrl":"https:\/\/dhg1h5j42swfq.cloudfront.net\/2022\/03\/02154309\/sefaz-ba.jpg","articleSection":["Concursos P\u00fablicos","Fiscal - Estadual (ICMS)"],"inLanguage":"pt-BR","potentialAction":[{"@type":"CommentAction","name":"Comment","target":["https:\/\/www.estrategiaconcursos.com.br\/blog\/ipva-sefaz-ba\/#respond"]}],"copyrightYear":"2022","copyrightHolder":{"@id":"https:\/\/www.estrategiaconcursos.com.br\/blog\/#organization"}},{"@type":"WebPage","@id":"https:\/\/www.estrategiaconcursos.com.br\/blog\/ipva-sefaz-ba\/","url":"https:\/\/www.estrategiaconcursos.com.br\/blog\/ipva-sefaz-ba\/","name":"Resumo do IPVA para a SEFAZ BA","isPartOf":{"@id":"https:\/\/www.estrategiaconcursos.com.br\/blog\/#website"},"primaryImageOfPage":{"@id":"https:\/\/www.estrategiaconcursos.com.br\/blog\/ipva-sefaz-ba\/#primaryimage"},"image":{"@id":"https:\/\/www.estrategiaconcursos.com.br\/blog\/ipva-sefaz-ba\/#primaryimage"},"thumbnailUrl":"https:\/\/dhg1h5j42swfq.cloudfront.net\/2022\/03\/02154309\/sefaz-ba.jpg","datePublished":"2022-04-12T13:34:00+00:00","description":"Confira neste artigo um resumo sobre o\u00a0IPVA,\u00a0disposto na\u00a0Lei 6.348\/91, para o concurso de Agente de Tributos Estaduais da\u00a0SEFAZ BA.","breadcrumb":{"@id":"https:\/\/www.estrategiaconcursos.com.br\/blog\/ipva-sefaz-ba\/#breadcrumb"},"inLanguage":"pt-BR","potentialAction":[{"@type":"ReadAction","target":["https:\/\/www.estrategiaconcursos.com.br\/blog\/ipva-sefaz-ba\/"]}]},{"@type":"ImageObject","inLanguage":"pt-BR","@id":"https:\/\/www.estrategiaconcursos.com.br\/blog\/ipva-sefaz-ba\/#primaryimage","url":"https:\/\/dhg1h5j42swfq.cloudfront.net\/2022\/03\/02154309\/sefaz-ba.jpg","contentUrl":"https:\/\/dhg1h5j42swfq.cloudfront.net\/2022\/03\/02154309\/sefaz-ba.jpg","width":1200,"height":628,"caption":"Concurso Sefaz BA resultado preliminar"},{"@type":"BreadcrumbList","@id":"https:\/\/www.estrategiaconcursos.com.br\/blog\/ipva-sefaz-ba\/#breadcrumb","itemListElement":[{"@type":"ListItem","position":1,"name":"In\u00edcio","item":"https:\/\/www.estrategiaconcursos.com.br\/blog\/"},{"@type":"ListItem","position":2,"name":"Resumo do IPVA para a SEFAZ BA"}]},{"@type":"WebSite","@id":"https:\/\/www.estrategiaconcursos.com.br\/blog\/#website","url":"https:\/\/www.estrategiaconcursos.com.br\/blog\/","name":"Estrat\u00e9gia Concursos","description":"O blog da Estrat\u00e9gia Concursos traz not\u00edcias sobre concursos e artigos de professores oferecendo cursos para concursos (pdf + videaulas) no site.","publisher":{"@id":"https:\/\/www.estrategiaconcursos.com.br\/blog\/#organization"},"potentialAction":[{"@type":"SearchAction","target":{"@type":"EntryPoint","urlTemplate":"https:\/\/www.estrategiaconcursos.com.br\/blog\/?s={search_term_string}"},"query-input":{"@type":"PropertyValueSpecification","valueRequired":true,"valueName":"search_term_string"}}],"inLanguage":"pt-BR"},{"@type":"Organization","@id":"https:\/\/www.estrategiaconcursos.com.br\/blog\/#organization","name":"Estrat\u00e9gia Concursos","url":"https:\/\/www.estrategiaconcursos.com.br\/blog\/","logo":{"@type":"ImageObject","inLanguage":"pt-BR","@id":"https:\/\/www.estrategiaconcursos.com.br\/blog\/#\/schema\/logo\/image\/","url":"https:\/\/dhg1h5j42swfq.cloudfront.net\/2025\/06\/03203428\/logo_concursos-1.jpg","contentUrl":"https:\/\/dhg1h5j42swfq.cloudfront.net\/2025\/06\/03203428\/logo_concursos-1.jpg","width":230,"height":60,"caption":"Estrat\u00e9gia Concursos"},"image":{"@id":"https:\/\/www.estrategiaconcursos.com.br\/blog\/#\/schema\/logo\/image\/"},"sameAs":["https:\/\/x.com\/EstratConcursos"]},{"@type":"Person","@id":"https:\/\/www.estrategiaconcursos.com.br\/blog\/#\/schema\/person\/f0c830e07cfe11c231c0ea5dbb036df5","name":"Kassio Henrique Sobral Rocha","image":{"@type":"ImageObject","inLanguage":"pt-BR","@id":"https:\/\/secure.gravatar.com\/avatar\/d10350cbdad043facd8ec77a377f86f9026afee3348e463b04854fd4490ce759?s=96&d=mm&r=g","url":"https:\/\/secure.gravatar.com\/avatar\/d10350cbdad043facd8ec77a377f86f9026afee3348e463b04854fd4490ce759?s=96&d=mm&r=g","contentUrl":"https:\/\/secure.gravatar.com\/avatar\/d10350cbdad043facd8ec77a377f86f9026afee3348e463b04854fd4490ce759?s=96&d=mm&r=g","caption":"Kassio Henrique Sobral Rocha"},"url":"https:\/\/www.estrategiaconcursos.com.br\/blog\/author\/kassio-rochayahoo-com-br\/"}]}},"_links":{"self":[{"href":"https:\/\/www.estrategiaconcursos.com.br\/blog\/wp-json\/wp\/v2\/posts\/999576","targetHints":{"allow":["GET"]}}],"collection":[{"href":"https:\/\/www.estrategiaconcursos.com.br\/blog\/wp-json\/wp\/v2\/posts"}],"about":[{"href":"https:\/\/www.estrategiaconcursos.com.br\/blog\/wp-json\/wp\/v2\/types\/post"}],"author":[{"embeddable":true,"href":"https:\/\/www.estrategiaconcursos.com.br\/blog\/wp-json\/wp\/v2\/users\/1976"}],"replies":[{"embeddable":true,"href":"https:\/\/www.estrategiaconcursos.com.br\/blog\/wp-json\/wp\/v2\/comments?post=999576"}],"version-history":[{"count":19,"href":"https:\/\/www.estrategiaconcursos.com.br\/blog\/wp-json\/wp\/v2\/posts\/999576\/revisions"}],"predecessor-version":[{"id":1001114,"href":"https:\/\/www.estrategiaconcursos.com.br\/blog\/wp-json\/wp\/v2\/posts\/999576\/revisions\/1001114"}],"wp:featuredmedia":[{"embeddable":true,"href":"https:\/\/www.estrategiaconcursos.com.br\/blog\/wp-json\/wp\/v2\/media\/979440"}],"wp:attachment":[{"href":"https:\/\/www.estrategiaconcursos.com.br\/blog\/wp-json\/wp\/v2\/media?parent=999576"}],"wp:term":[{"taxonomy":"category","embeddable":true,"href":"https:\/\/www.estrategiaconcursos.com.br\/blog\/wp-json\/wp\/v2\/categories?post=999576"},{"taxonomy":"post_tag","embeddable":true,"href":"https:\/\/www.estrategiaconcursos.com.br\/blog\/wp-json\/wp\/v2\/tags?post=999576"},{"taxonomy":"tax_estado","embeddable":true,"href":"https:\/\/www.estrategiaconcursos.com.br\/blog\/wp-json\/wp\/v2\/tax_estado?post=999576"}],"curies":[{"name":"wp","href":"https:\/\/api.w.org\/{rel}","templated":true}]}}