{"id":998744,"date":"2022-04-14T08:26:00","date_gmt":"2022-04-14T11:26:00","guid":{"rendered":"https:\/\/www.estrategiaconcursos.com.br\/blog\/?p=998744"},"modified":"2022-04-13T12:15:56","modified_gmt":"2022-04-13T15:15:56","slug":"processo-sefaz-am-2-instancia","status":"publish","type":"post","link":"https:\/\/www.estrategiaconcursos.com.br\/blog\/processo-sefaz-am-2-instancia\/","title":{"rendered":"Processo Tribut\u00e1rio-Administrativo para SEFAZ-AM: 2\u00aa Inst\u00e2ncia"},"content":{"rendered":"\n<p>Confira neste artigo uma an\u00e1lise sobre o&nbsp;<strong>Processo Tribut\u00e1rio-Administrativo<\/strong>, presente no decreto estadual 4.564\/79, para o concurso da&nbsp;<strong><a href=\"https:\/\/www.estrategiaconcursos.com.br\/cursosPorConcurso\/sefaz-am-247\/\" target=\"_blank\" rel=\"noreferrer noopener\">SEFAZ-AM<\/a><\/strong>.<\/p>\n\n\n\n<div class=\"wp-block-image\"><figure class=\"aligncenter size-full is-resized\"><img loading=\"lazy\" decoding=\"async\" src=\"https:\/\/dhg1h5j42swfq.cloudfront.net\/2022\/03\/17150723\/sefaz-am-4.jpg\" alt=\"Processo Tribut\u00e1rio-Administrativo para SEFAZ-AM: 1\u00aa Inst\u00e2ncia\" class=\"wp-image-989618\" width=\"526\" height=\"296\" srcset=\"https:\/\/dhg1h5j42swfq.cloudfront.net\/2022\/03\/17150723\/sefaz-am-4.jpg 768w, https:\/\/dhg1h5j42swfq.cloudfront.net\/2022\/03\/17150723\/sefaz-am-4-300x169.jpg 300w, https:\/\/dhg1h5j42swfq.cloudfront.net\/2022\/03\/17150723\/sefaz-am-4-610x343.jpg 610w\" sizes=\"auto, (max-width: 526px) 100vw, 526px\" \/><figcaption>Processo Tribut\u00e1rio-Administrativo para SEFAZ-AM: 1\u00aa Inst\u00e2ncia<\/figcaption><\/figure><\/div>\n\n\n\n<p>Ol\u00e1, pessoal! Como voc\u00eas est\u00e3o?<\/p>\n\n\n\n<p>O concurso da&nbsp;<strong><a href=\"https:\/\/www.estrategiaconcursos.com.br\/blog\/concurso-sefaz-am\/\" target=\"_blank\" rel=\"noreferrer noopener\">SEFAZ-AM<\/a><\/strong>&nbsp;(Secretaria da Fazenda do Estado do Amazonas) est\u00e1 com o edital na pra\u00e7a.<\/p>\n\n\n\n<p>S\u00e3o diversos cargos para a \u00e1rea fiscal, entre eles o de&nbsp;<strong>Auditor Fiscal de Tributos Estaduais<\/strong>, com uma remunera\u00e7\u00e3o inicial de&nbsp;<strong>R$ 23.548,96<\/strong>. Nada mal, n\u00e3o \u00e9 mesmo?<\/p>\n\n\n\n<p>Dessa maneira, estamos realizando diversos resumos sobre a<strong><mark style=\"background-color:rgba(0, 0, 0, 0)\" class=\"has-inline-color has-vivid-cyan-blue-color\"> Legisla\u00e7\u00e3o Tribut\u00e1ria Espec\u00edfica<\/mark><\/strong> do Estado do Amazonas, sendo que o nosso artigo de hoje \u00e9 sobre o&nbsp;<strong>Processo Tribut\u00e1rio-Administrativo<\/strong>, presente no decreto estadual 4.564\/79,&nbsp;para o concurso da SEFAZ-AM.<\/p>\n\n\n\n<p>J\u00e1 publicamos 2 artigos sobre este tema, sendo que a an\u00e1lise de hoje \u00e9 sobre a <strong><mark style=\"background-color:rgba(0, 0, 0, 0)\" class=\"has-inline-color has-vivid-cyan-blue-color\">2\u00aa Inst\u00e2ncia do Processo Tribut\u00e1rio-Administrativo<\/mark><\/strong>, para a SEFAZ-AM. Voc\u00eas podem conferir os demais logo abaixo:<\/p>\n\n\n\n<p class=\"has-text-align-center\"><strong><a href=\"https:\/\/www.estrategiaconcursos.com.br\/blog\/processo-tributario-administrativo-sefaz-am\" target=\"_blank\" rel=\"noreferrer noopener\">Disposi\u00e7\u00f5es&nbsp;Iniciais do Processo Tribut\u00e1rio-Administrativo<\/a><\/strong><\/p>\n\n\n\n<p class=\"has-text-align-center\"><a href=\"https:\/\/www.estrategiaconcursos.com.br\/blog\/processo-sefaz-am-1-instancia\" target=\"_blank\" rel=\"noreferrer noopener\"><strong>Processo Tribut\u00e1rio-Administrativo para SEFAZ-AM: 1\u00aa Inst\u00e2ncia<\/strong><\/a><\/p>\n\n\n\n<p>Vamos l\u00e1?<\/p>\n\n\n\n<div class=\"container\" id=\"boxes\">\n  <div class=\"row\">\n\n    <div class=\"col-sm\">\n      <div class=\"banner-fiscal-01\" id=\"box-assinatura\">\n        <h3 class=\"titulo-assinatura\">Concurso Sefaz AM<\/h3>\n        <p class=\"subtitulo-assinatura\">Cursos para todos os cargos<\/p>\n        <div class=\"box-botao\">\n          <a class=\"btn-assinatura\" target=\"_blank\" href=\"https:\/\/www.estrategiaconcursos.com.br\/cursosPorConcurso\/sefaz-am-247\/\" role=\"button\" rel=\"noopener noreferrer\">Conhe\u00e7a mais<\/a>\n        <\/div>\n      <\/div>\n    \n    <\/div>\n\n  <\/div>\n<\/div>\n\n\n\n<h2 class=\"wp-block-heading\" id=\"h-a-2\u00aa-instancia-do-processo-tributario-administrativo\"><mark style=\"background-color:rgba(0, 0, 0, 0)\" class=\"has-inline-color has-vivid-cyan-blue-color\">A 2\u00aa Inst\u00e2ncia do Processo Tribut\u00e1rio-Administrativo<\/mark><\/h2>\n\n\n\n<p><strong>Ap\u00f3s o julgamento de 1\u00aa Inst\u00e2ncia<\/strong> do Processo Administrativo Fiscal, caso a parte vencida sinta-se no direito, ela pode <strong>recorrer <\/strong>do resultado proclamado, por meio do recurso volunt\u00e1rio e do recurso de of\u00edcio. Assim, um novo julgamento poder\u00e1 ocorrer, mas, dessa vez, na <strong>2\u00aa Inst\u00e2ncia<\/strong>, por meio do <strong>Conselho de Recursos Fiscais.<\/strong><\/p>\n\n\n\n<p>Recebido o processo na Secretaria do Conselho de Recursos Fiscais, o mesmo ser\u00e1 devidamente registrado e, no dia \u00fatil seguinte, encaminhado \u00e0 Representa\u00e7\u00e3o Fiscal. Ap\u00f3s, o processo ser\u00e1 imediatamente distribu\u00eddo a um Conselheiro Relator, no prazo de 10 dias. Ao ser devolvido pelo relator, o processo ser\u00e1 inclu\u00eddo na pauta de julgamento.<\/p>\n\n\n\n<p>Durante o julgamento, <strong>exceto ao Relator<\/strong>, \u00e9 facultado a cada Conselheiro ou ao Representante Fiscal que n\u00e3o se considere esclarecido sobre a mat\u00e9ria, <strong>pedir vista<\/strong> do processo, pelo prazo de <strong><mark style=\"background-color:rgba(0, 0, 0, 0)\" class=\"has-inline-color has-vivid-cyan-blue-color\">10 dias<\/mark><\/strong>, suspendendo o julgamento.<\/p>\n\n\n\n<p><strong>Ap\u00f3s o julgamento<\/strong>, dever\u00e1 haver a formula\u00e7\u00e3o da <strong>minuta <\/strong>do respectivo ac\u00f3rd\u00e3o, pelo <strong>relator<\/strong>, at\u00e9 <strong><mark style=\"background-color:rgba(0, 0, 0, 0)\" class=\"has-inline-color has-vivid-cyan-blue-color\">3 dias<\/mark><\/strong> ap\u00f3s o julgamento. Por\u00e9m, caso o <strong>relator seja vencido<\/strong>, o mesmo dever\u00e1 ser lavrado, no mesmo prazo, pelo <strong>conselheiro <\/strong>cujo voto tenha sido <strong>vencedor<\/strong>, por designa\u00e7\u00e3o do Presidente.<\/p>\n\n\n\n<p>Ap\u00f3s, dever\u00e1 ser realizada a <strong>intima\u00e7\u00e3o <\/strong>do ac\u00f3rd\u00e3o aos interessados. A Secretaria do CRF ser\u00e1 a respons\u00e1vel por tal procedimento, em at\u00e9<strong><mark style=\"background-color:rgba(0, 0, 0, 0)\" class=\"has-inline-color has-vivid-cyan-blue-color\"> 3 dias<\/mark><\/strong>, por meio do <strong>Domic\u00edlio Tribut\u00e1rio Eletr\u00f4nico<\/strong>, exceto quando o interessado n\u00e3o for credenciado para sua utiliza\u00e7\u00e3o, hip\u00f3tese em que a notifica\u00e7\u00e3o ocorrer\u00e1 mediante publica\u00e7\u00e3o no <strong>Di\u00e1rio Oficial Eletr\u00f4nico<\/strong> da Secretaria de Estado da Fazenda.<\/p>\n\n\n\n<p>Por\u00e9m, quando o contribuinte for estabelecido no <strong>interior <\/strong>do Estado, o prazo ser\u00e1 contado a partir de <strong>20 dias<\/strong> da data da notifica\u00e7\u00e3o no Domic\u00edlio Tribut\u00e1rio Eletr\u00f4nico ou da publica\u00e7\u00e3o no Di\u00e1rio Oficial Eletr\u00f4nico da SEFAZ.<\/p>\n\n\n\n<h2 class=\"wp-block-heading\" id=\"h-recursos-contra-decisoes-de-2\u00aa-instancia\"><mark style=\"background-color:rgba(0, 0, 0, 0)\" class=\"has-inline-color has-vivid-cyan-blue-color\">Recursos contra decis\u00f5es de 2\u00aa Inst\u00e2ncia<\/mark><\/h2>\n\n\n\n<p id=\"h-assim-como-ocorre-na-1\u00aa-instancia-e-possivel-que-a-parte-a-cuja-decisao-seja-desfavoravel-recorra-tambem-da-decisao-proferida-na-2\u00aa-instancia\">Assim como ocorre na 1\u00aa Inst\u00e2ncia, \u00e9 poss\u00edvel que a parte, a cuja decis\u00e3o seja desfavor\u00e1vel, <strong>recorra <\/strong>tamb\u00e9m da <strong>decis\u00e3o<\/strong> proferida na <strong>2\u00aa Inst\u00e2ncia.<\/strong><\/p>\n\n\n\n<p>H\u00e1 dois tipos de recursos contra a decis\u00e3o de 2\u00aa Inst\u00e2ncia: o&nbsp;<strong><u>Pedido de Reconsidera\u00e7\u00e3o<\/u> <\/strong>e o<strong> <u>Recurso de Revista.<\/u><\/strong><\/p>\n\n\n\n<h3 class=\"wp-block-heading\" id=\"h-pedido-de-reconsideracao\"><mark style=\"background-color:rgba(0, 0, 0, 0)\" class=\"has-inline-color has-vivid-cyan-blue-color\">Pedido de Reconsidera\u00e7\u00e3o<\/mark><\/h3>\n\n\n\n<p>O pedido de reconsidera\u00e7\u00e3o ser\u00e1 interposto <strong>contra os ac\u00f3rd\u00e3os<\/strong> proferidos pelo Conselho de Recursos Fiscais, no prazo de <strong><mark style=\"background-color:rgba(0, 0, 0, 0)\" class=\"has-inline-color has-vivid-cyan-blue-color\">10 dias<\/mark><\/strong>, com efeito <strong>suspensivo<\/strong>, desde que versem sobre a mat\u00e9ria de fato ou de direito <strong>n\u00e3o apreciada<\/strong> na decis\u00e3o.<\/p>\n\n\n\n<p>Por\u00e9m, haver\u00e1 situa\u00e7\u00f5es em que o Conselho <strong>n\u00e3o tomar\u00e1 conhecimento<\/strong> do pedido de reconsidera\u00e7\u00e3o, como nos casos dos recursos que:<\/p>\n\n\n\n<ul class=\"wp-block-list\"><li>impugne decis\u00e3o <strong>un\u00e2nime<\/strong>;<\/li><li>verse sobre mat\u00e9ria de fato ou de direito j\u00e1 apresentada por ocasi\u00e3o do julgamento da quest\u00e3o, por <strong>n\u00e3o ter pertin\u00eancia <\/strong>sobre o caso;<\/li><li>for interposto pela <strong>segunda vez <\/strong>no mesmo processo, salvo quando a primeira decis\u00e3o do Conselho tenha versado exclusivamente sobre preliminar;<\/li><li>foi interposto <strong>fora do prazo <\/strong>legal.<\/li><\/ul>\n\n\n\n<p><strong><mark style=\"background-color:rgba(0, 0, 0, 0)\" class=\"has-inline-color has-vivid-red-color\">A SABER: <\/mark><\/strong>Quando ocorrer os <strong>casos acima<\/strong>, a interposi\u00e7\u00e3o de pedido de reconsidera\u00e7\u00e3o<strong> n\u00e3o interromper\u00e1<\/strong> o <strong>prazo <\/strong>para <strong>recurso de revista,<\/strong> o qual veremos a seguir.<\/p>\n\n\n\n<h3 class=\"wp-block-heading\" id=\"h-recurso-de-revista\"><mark style=\"background-color:rgba(0, 0, 0, 0)\" class=\"has-inline-color has-vivid-cyan-blue-color\">Recurso de Revista<\/mark><\/h3>\n\n\n\n<p>O recurso de revista ser\u00e1 cab\u00edvel quando a decis\u00e3o do Conselho <strong>divergir <\/strong>do ac\u00f3rd\u00e3o proferido em<strong> outro processo,<\/strong> de igual natureza, quanto \u00e0 <strong>aplica\u00e7\u00e3o da legisla\u00e7\u00e3o tribut\u00e1ria.<\/strong><\/p>\n\n\n\n<p>Ele dever\u00e1 ser interposto no prazo m\u00e1ximo de<strong><mark style=\"background-color:rgba(0, 0, 0, 0)\" class=\"has-inline-color has-vivid-cyan-blue-color\"> 10 dias<\/mark><\/strong>, diretamente \u00e0<strong> Secretaria do Conselho<\/strong>, sendo o Conselho o respons\u00e1vel por decidir sobre o cabimento e o m\u00e9rito do recurso.<\/p>\n\n\n\n<p><strong><mark style=\"background-color:rgba(0, 0, 0, 0)\" class=\"has-inline-color has-vivid-red-color\">PARA FIXAR:<\/mark><\/strong><\/p>\n\n\n\n<p><strong>Recursos contra decis\u00e3o de<\/strong> <strong><mark style=\"background-color:rgba(0, 0, 0, 0)\" class=\"has-inline-color has-vivid-cyan-blue-color\">1\u00aa Inst\u00e2ncia:<\/mark><\/strong><\/p>\n\n\n\n<ul class=\"wp-block-list\"><li><strong><mark style=\"background-color:rgba(0, 0, 0, 0)\" class=\"has-inline-color has-vivid-cyan-blue-color\">Recurso Volunt\u00e1rio<\/mark> -&gt;<\/strong>&nbsp;contra decis\u00e3o contr\u00e1ria ao&nbsp;<strong>contribuinte<\/strong>, no prazo de <strong>20 dias.<\/strong><\/li><li><mark style=\"background-color:rgba(0, 0, 0, 0)\" class=\"has-inline-color has-vivid-cyan-blue-color\"><strong>Recurso de of\u00edcio<\/strong>&nbsp;<\/mark><strong>-&gt;<\/strong>&nbsp;contra decis\u00e3o contr\u00e1ria \u00e0&nbsp;<strong>Fazenda Estadual.<\/strong><\/li><\/ul>\n\n\n\n<p><strong>Recursos contra decis\u00e3o de <mark style=\"background-color:rgba(0, 0, 0, 0)\" class=\"has-inline-color has-vivid-cyan-blue-color\">2\u00aa Inst\u00e2ncia:<\/mark><\/strong><\/p>\n\n\n\n<ul class=\"wp-block-list\"><li><strong><mark style=\"background-color:rgba(0, 0, 0, 0)\" class=\"has-inline-color has-vivid-cyan-blue-color\">Pedido de Reconsidera\u00e7\u00e3o<\/mark><\/strong> -&gt;<strong> <\/strong>contra os <strong>ac\u00f3rd\u00e3os <\/strong>proferidos pelo Conselho de Recursos Fiscais, desde que versem sobre a mat\u00e9ria de fato ou de direito <strong>n\u00e3o apreciada<\/strong> na decis\u00e3o, no prazo de <strong>10 dias.<\/strong><\/li><li><strong><mark style=\"background-color:rgba(0, 0, 0, 0)\" class=\"has-inline-color has-vivid-cyan-blue-color\">Recurso de Revista<\/mark><\/strong> -&gt; quando a decis\u00e3o do Conselho <strong>divergir<\/strong> do ac\u00f3rd\u00e3o proferido em<strong> outro processo<\/strong>, quanto \u00e0 aplica\u00e7\u00e3o da legisla\u00e7\u00e3o tribut\u00e1ria, no prazo de <strong>10 dias<\/strong>.<\/li><\/ul>\n\n\n\n<h2 class=\"wp-block-heading\" id=\"h-processo-de-consulta\"><mark style=\"background-color:rgba(0, 0, 0, 0)\" class=\"has-inline-color has-vivid-cyan-blue-color\">Processo de Consulta<\/mark><\/h2>\n\n\n\n<p>Finalizado o estudo sobre a 2\u00aa Inst\u00e2ncia Administrativa do PTA, vamos agora discorrer sobre um processo especial relevante, a consulta.<\/p>\n\n\n\n<p>\u00c9 facultado ao contribuinte ou entidade representativa de classe de contribuintes, formular, por <strong>escrito<\/strong>, <strong>consulta <\/strong>\u00e0 Consultoria Tribut\u00e1ria da Secretaria da Fazenda, sobre a <strong>aplica\u00e7\u00e3o da legisla\u00e7\u00e3o tribut\u00e1ria<\/strong> em rela\u00e7\u00e3o a <strong><mark style=\"background-color:rgba(0, 0, 0, 0)\" class=\"has-inline-color has-vivid-cyan-blue-color\">fato concreto<\/mark><\/strong> de seu interesse.<\/p>\n\n\n\n<p>Em outras palavras, caso o sujeito passivo tenha alguma d\u00favida sobre a aplica\u00e7\u00e3o da legisla\u00e7\u00e3o tribut\u00e1ria em um caso concreto, ele poder\u00e1 realizar uma consulta formal \u00e0 Secretaria da Fazenda do Estado, na reparti\u00e7\u00e3o fiscal do domic\u00edlio do consulente, de modo a obter informa\u00e7\u00f5es de seu interesse.<\/p>\n\n\n\n<p>Por\u00e9m, ser\u00e3o liminarmente <strong>rejeitadas <\/strong>as consultas formuladas:<\/p>\n\n\n\n<ul class=\"wp-block-list\"><li>em <strong>desobedi\u00eancia <\/strong>ao disposto nas leis e regulamentos;<\/li><li>que disciplinam o seu <strong>processamento<\/strong>; ou<\/li><li>quando apresentadas para <strong>retardar <\/strong>o cumprimento da obriga\u00e7\u00e3o tribut\u00e1ria.<\/li><\/ul>\n\n\n\n<p>Recebida a consulta, a chefia do \u00f3rg\u00e3o respons\u00e1vel determinar\u00e1 imediatamente sua autua\u00e7\u00e3o, sob forma de <strong>Processo Tribut\u00e1rio-Administrativo<\/strong>, encaminhando-a, em seguida, \u00e0 <strong>Consultoria Tribut\u00e1ria da SEFAZ<\/strong>.<\/p>\n\n\n\n<p>O <strong>Consultor Tribut\u00e1rio<\/strong>, caso julgue necess\u00e1rio, pode baixar o processo em dilig\u00eancia, mediante despacho nos pr\u00f3prios autos, e, nessa hip\u00f3tese, o atendimento deve ser efetuado dentro de 10 dias, contados da data do recebimento do processo pelo \u00f3rg\u00e3o.<\/p>\n\n\n\n<p>Mas qual o prazo para ser respondida a consulta formulada pelo interessado?<\/p>\n\n\n\n<p>Bom, a <strong>solu\u00e7\u00e3o <\/strong>\u00e0 consulta ser\u00e1 dada no prazo de <strong><mark style=\"background-color:rgba(0, 0, 0, 0)\" class=\"has-inline-color has-vivid-cyan-blue-color\">30 dias<\/mark><\/strong>, contados da data do <strong>recebimento <\/strong>do processo pelo Consultor Tribut\u00e1rio. Por\u00e9m, caso a mat\u00e9ria seja <strong>complexa<\/strong>, tal prazo poder\u00e1 ser <strong>prorrogado<\/strong>, a crit\u00e9rio do Consultor-Chefe da Consultoria Tribut\u00e1ria da SEFAZ.<\/p>\n\n\n\n<p>Al\u00e9m disso, o <strong>prazo <\/strong>deste artigo <strong>suspende-se<\/strong> a partir da data em que for determinada qualquer <strong>dilig\u00eancia<\/strong>, recome\u00e7ando a fluir no dia em que tenha sido cumprida.<\/p>\n\n\n\n<p>Um ponto importante para a sua prova \u00e9 que <strong><mark style=\"background-color:rgba(0, 0, 0, 0)\" class=\"has-inline-color has-vivid-cyan-blue-color\">nenhum procedimento fiscal poder\u00e1 ser promovido,<\/mark><\/strong> em rela\u00e7\u00e3o ao assunto consultado, quando:<\/p>\n\n\n\n<ul class=\"wp-block-list\"><li>protocolada a consulta <strong>dentro do prazo<\/strong> legal para cumprimento da obriga\u00e7\u00e3o a que se refira;<\/li><li>o <strong>contribuinte<\/strong> proceder de <strong>conformidade com a solu\u00e7\u00e3o<\/strong> dada pelo Consultor Tribut\u00e1rio, na consulta por ele formulada;<\/li><li>durante a <strong>tramita\u00e7\u00e3o inicial<\/strong> da consulta ou enquanto a solu\u00e7\u00e3o n\u00e3o for reformulada.<\/li><\/ul>\n\n\n\n<p><strong>Ap\u00f3s <\/strong>a consulta, caso determinado tributo seja considerado devido pela solu\u00e7\u00e3o dada, ser\u00e1 <strong>cobrado <\/strong>sem imposi\u00e7\u00e3o de qualquer penalidade, caso seja <strong>recolhido<\/strong> dentro do prazo de <strong><mark style=\"background-color:rgba(0, 0, 0, 0)\" class=\"has-inline-color has-vivid-cyan-blue-color\">10 dias<\/mark><\/strong>, contados da data em que o consulente tiver ci\u00eancia da resposta.<\/p>\n\n\n\n<p>Caso haja <strong>mudan\u00e7a de orienta\u00e7\u00e3o<\/strong> adotada em solu\u00e7\u00e3o de consulta anterior, ela <strong>prevalecer\u00e1 <\/strong>em rela\u00e7\u00e3o ao consulente, mas apenas <strong><mark style=\"background-color:rgba(0, 0, 0, 0)\" class=\"has-inline-color has-vivid-cyan-blue-color\">ap\u00f3s <\/mark><\/strong>ele ser <strong>cientificado <\/strong>da nova orienta\u00e7\u00e3o.<\/p>\n\n\n\n<p>Al\u00e9m disso, enquanto o consulente <strong>mantiver a observ\u00e2ncia <\/strong>da resposta dada \u00e0 consulta, pelo per\u00edodo que prevalecer o entendimento nela consubstanciado, o contribuinte ser\u00e1 <strong>eximido <\/strong>de qualquer <strong>penalidade<\/strong>, sendo <strong>dispensado <\/strong>do <strong>pagamento <\/strong>do tributo considerado n\u00e3o devido no per\u00edodo.<\/p>\n\n\n\n<p>Entretanto, os <strong>efeitos <\/strong>previstos <strong>acima n\u00e3o <\/strong>ser\u00e3o produzidos quando a consulta:<\/p>\n\n\n\n<ul class=\"wp-block-list\"><li>for <strong>meramente protelat\u00f3ria,<\/strong> assim entendida a que versar sobre disposi\u00e7\u00e3o claramente expressa na legisla\u00e7\u00e3o tribut\u00e1ria ou sobre quest\u00e3o de direito j\u00e1 resolvido por ato normativo, por decis\u00e3o administrativa ou judicial;<\/li><li><strong>n\u00e3o descrever exata e completamente <\/strong>o fato que lhe deu origem;<\/li><li>for <strong>formulada ap\u00f3s o in\u00edcio de qualquer procedimento<\/strong> administrativo ou medida de fiscaliza\u00e7\u00e3o, relacionados com o fato de seu objeto, ou ap\u00f3s vencido o prazo legal para cumprimento da obriga\u00e7\u00e3o a que se referir.<\/li><\/ul>\n\n\n\n<p>De maneira similar \u00e0s decis\u00f5es de 1\u00aa e 2\u00aa Inst\u00e2ncia, da resposta dada \u00e0 consulta, poder\u00e1 o consulente <strong>recorrer<\/strong>, sem efeito suspensivo, no prazo de <strong><mark style=\"background-color:rgba(0, 0, 0, 0)\" class=\"has-inline-color has-vivid-cyan-blue-color\">20 dias<\/mark><\/strong>, perante o <strong>Conselho de Recursos Fiscais.<\/strong><\/p>\n\n\n\n<h2 class=\"wp-block-heading\" id=\"h-finalizando\"><mark style=\"background-color:rgba(0, 0, 0, 0)\" class=\"has-inline-color has-vivid-cyan-blue-color\">Finalizando<\/mark><\/h2>\n\n\n\n<p>Pessoal! Chegamos ao final do nosso estudo sobre o Processo Tribut\u00e1rio-Administrativo, para a SEFAZ-AM, no decreto estadual 4.564\/79. Esperamos que tenham gostado.<\/p>\n\n\n\n<p>Para a sua aprova\u00e7\u00e3o, \u00e9 extremamente&nbsp;<strong>importante&nbsp;<\/strong>a<strong>&nbsp;leitura do decreto&nbsp;<\/strong>citado aqui. Esse artigo \u00e9 apenas uma an\u00e1lise mais simplificada dessa norma.<\/p>\n\n\n\n<p>Caso queira se preparar para chegar&nbsp;<strong>competitivo&nbsp;<\/strong>nesta prova, invista nos&nbsp;<strong><a href=\"https:\/\/www.estrategiaconcursos.com.br\/cursosPorConcurso\/sefaz-am-247\/\" target=\"_blank\" rel=\"noreferrer noopener\">cursos para a SEFAZ AM<\/a><\/strong>&nbsp;do&nbsp;<strong>Estrat\u00e9gia Concursos<\/strong>.&nbsp;<\/p>\n\n\n\n<p>L\u00e1 voc\u00ea encontrar\u00e1&nbsp;<strong>aulas completas e detalhadas, com os melhores professores do mercado<\/strong>,&nbsp;de todos os t\u00f3picos exigidos no edital do concurso da SEFAZ-AM.<\/p>\n\n\n\n<p>Conhe\u00e7a tamb\u00e9m o\u00a0<strong><a href=\"https:\/\/questoes.estrategiaconcursos.com.br\/\" target=\"_blank\" rel=\"noreferrer noopener\">Sistema de Quest\u00f5es do Estrat\u00e9gia<\/a>.<\/strong>\u00a0Afinal, a \u00fanica maneira de\u00a0<strong>consolidar o conte\u00fado\u00a0<\/strong>de maneira satisfat\u00f3ria \u00e9 atrav\u00e9s da\u00a0<strong>resolu\u00e7\u00e3o de quest\u00f5es.<\/strong>\u00a0<\/p>\n\n\n\n<p>Bons estudos a todos e at\u00e9 a pr\u00f3xima!<\/p>\n\n\n\n<h2 class=\"has-text-align-center wp-block-heading\" id=\"h-cursos-e-assinaturas\">Cursos e Assinaturas <\/h2>\n\n\n\n<p>Prepare-se com o melhor material e com quem mais aprova em Concursos P\u00fablicos em todo o pa\u00eds!<\/p>\n\n\n\n<p class=\"has-text-align-center has-vivid-cyan-blue-color has-text-color has-background\" style=\"background-color:#0078bd\"><a href=\"https:\/\/www.estrategiaconcursos.com.br\/blog\/concursos-abertos\/\" target=\"_blank\" rel=\"noreferrer noopener\"><strong><span class=\"has-inline-color has-white-color\">Concursos abertos<\/span><\/strong><\/a><\/p>\n\n\n\n<p class=\"has-text-align-center has-vivid-cyan-blue-color has-text-color has-background\" style=\"background-color:#0072b4\"><strong><a href=\"https:\/\/www.estrategiaconcursos.com.br\/blog\/concursos-2022\/\" target=\"_blank\" rel=\"noreferrer noopener\"><span class=\"has-inline-color has-white-color\">Concursos 2022<\/span><\/a><\/strong><\/p>\n\n\n\n<div class=\"container\" id=\"boxes\">\n  <div class=\"row\">\n    <div class=\"col-sm\">\n      <div class=\"estrategia\" id=\"box-assinatura\">\n        <h3 class=\"titulo-assinatura\">Assinatura de Concursos<\/h3>\n        <p class=\"subtitulo-assinatura\">Assinatura de 1 ano ou 2 anos<\/p>\n        <div class=\"box-botao\">\n          <a class=\"btn-assinatura\" target=\"_blank\" href=\"https:\/\/www.estrategiaconcursos.com.br\/assinaturas\/\" role=\"button\" rel=\"noopener noreferrer\">ASSINE AGORA<\/a>\n        <\/div>\n      <\/div>\n      \n    <\/div><\/div><\/div>\n","protected":false},"excerpt":{"rendered":"<p>Confira neste artigo uma an\u00e1lise sobre o&nbsp;Processo Tribut\u00e1rio-Administrativo, presente no decreto estadual 4.564\/79, para o concurso da&nbsp;SEFAZ-AM. Ol\u00e1, pessoal! Como voc\u00eas est\u00e3o? O concurso da&nbsp;SEFAZ-AM&nbsp;(Secretaria da Fazenda do Estado do Amazonas) est\u00e1 com o edital na pra\u00e7a. S\u00e3o diversos cargos para a \u00e1rea fiscal, entre eles o de&nbsp;Auditor Fiscal de Tributos Estaduais, com uma remunera\u00e7\u00e3o [&hellip;]<\/p>\n","protected":false},"author":1976,"featured_media":989618,"comment_status":"open","ping_status":"closed","sticky":false,"template":"","format":"standard","meta":{"post_tipo":"article","footnotes":""},"categories":[1,1983],"tags":[],"tax_estado":[219966],"class_list":["post-998744","post","type-post","status-publish","format-standard","has-post-thumbnail","hentry","category-cursos-e-concursos","category-fiscal-estadual","tax_estado-am"],"acf":[],"yoast_head":"<!-- This site is optimized with the Yoast SEO Premium plugin v27.2 (Yoast SEO v27.2) - https:\/\/yoast.com\/product\/yoast-seo-premium-wordpress\/ -->\n<title>Processo Tribut\u00e1rio-Administrativo para SEFAZ-AM: 2\u00aa Inst\u00e2ncia<\/title>\n<meta name=\"description\" content=\"Confira neste artigo uma an\u00e1lise sobre o\u00a0Processo Tribut\u00e1rio-Administrativo, no decreto estadual 4.564\/79, para o concurso da\u00a0SEFAZ-AM.\" \/>\n<meta name=\"robots\" content=\"index, follow, max-snippet:-1, max-image-preview:large, max-video-preview:-1\" \/>\n<link rel=\"canonical\" href=\"https:\/\/www.estrategiaconcursos.com.br\/blog\/processo-sefaz-am-2-instancia\/\" \/>\n<meta property=\"og:locale\" content=\"pt_BR\" \/>\n<meta property=\"og:type\" content=\"article\" \/>\n<meta property=\"og:title\" content=\"Processo Tribut\u00e1rio-Administrativo para SEFAZ-AM: 2\u00aa Inst\u00e2ncia\" \/>\n<meta property=\"og:description\" content=\"Confira neste artigo uma an\u00e1lise sobre o\u00a0Processo Tribut\u00e1rio-Administrativo, no decreto estadual 4.564\/79, para o concurso da\u00a0SEFAZ-AM.\" \/>\n<meta property=\"og:url\" content=\"https:\/\/www.estrategiaconcursos.com.br\/blog\/processo-sefaz-am-2-instancia\/\" \/>\n<meta property=\"og:site_name\" content=\"Estrat\u00e9gia Concursos\" \/>\n<meta property=\"article:published_time\" content=\"2022-04-14T11:26:00+00:00\" \/>\n<meta property=\"og:image\" content=\"https:\/\/dhg1h5j42swfq.cloudfront.net\/2022\/03\/17150723\/sefaz-am-4.jpg\" \/>\n\t<meta property=\"og:image:width\" content=\"768\" \/>\n\t<meta property=\"og:image:height\" content=\"432\" \/>\n\t<meta property=\"og:image:type\" content=\"image\/jpeg\" \/>\n<meta name=\"author\" content=\"Kassio Henrique Sobral Rocha\" \/>\n<meta name=\"twitter:card\" content=\"summary_large_image\" \/>\n<meta name=\"twitter:creator\" content=\"@EstratConcursos\" \/>\n<meta name=\"twitter:site\" content=\"@EstratConcursos\" \/>\n<meta name=\"twitter:label1\" content=\"Escrito por\" \/>\n\t<meta name=\"twitter:data1\" content=\"Kassio Henrique Sobral Rocha\" \/>\n\t<meta name=\"twitter:label2\" content=\"Est. tempo de leitura\" \/>\n\t<meta name=\"twitter:data2\" content=\"9 minutos\" \/>\n<script type=\"application\/ld+json\" class=\"yoast-schema-graph\">{\"@context\":\"https:\/\/schema.org\",\"@graph\":[{\"@type\":\"NewsArticle\",\"@id\":\"https:\/\/www.estrategiaconcursos.com.br\/blog\/processo-sefaz-am-2-instancia\/#article\",\"isPartOf\":{\"@id\":\"https:\/\/www.estrategiaconcursos.com.br\/blog\/processo-sefaz-am-2-instancia\/\"},\"author\":{\"name\":\"Kassio Henrique Sobral Rocha\",\"@id\":\"https:\/\/www.estrategiaconcursos.com.br\/blog\/#\/schema\/person\/f0c830e07cfe11c231c0ea5dbb036df5\"},\"headline\":\"Processo Tribut\u00e1rio-Administrativo para SEFAZ-AM: 2\u00aa Inst\u00e2ncia\",\"datePublished\":\"2022-04-14T11:26:00+00:00\",\"mainEntityOfPage\":{\"@id\":\"https:\/\/www.estrategiaconcursos.com.br\/blog\/processo-sefaz-am-2-instancia\/\"},\"wordCount\":1728,\"commentCount\":0,\"publisher\":{\"@id\":\"https:\/\/www.estrategiaconcursos.com.br\/blog\/#organization\"},\"image\":{\"@id\":\"https:\/\/www.estrategiaconcursos.com.br\/blog\/processo-sefaz-am-2-instancia\/#primaryimage\"},\"thumbnailUrl\":\"https:\/\/dhg1h5j42swfq.cloudfront.net\/2022\/03\/17150723\/sefaz-am-4.jpg\",\"articleSection\":[\"Concursos P\u00fablicos\",\"Fiscal - Estadual (ICMS)\"],\"inLanguage\":\"pt-BR\",\"potentialAction\":[{\"@type\":\"CommentAction\",\"name\":\"Comment\",\"target\":[\"https:\/\/www.estrategiaconcursos.com.br\/blog\/processo-sefaz-am-2-instancia\/#respond\"]}],\"copyrightYear\":\"2022\",\"copyrightHolder\":{\"@id\":\"https:\/\/www.estrategiaconcursos.com.br\/blog\/#organization\"}},{\"@type\":\"WebPage\",\"@id\":\"https:\/\/www.estrategiaconcursos.com.br\/blog\/processo-sefaz-am-2-instancia\/\",\"url\":\"https:\/\/www.estrategiaconcursos.com.br\/blog\/processo-sefaz-am-2-instancia\/\",\"name\":\"Processo Tribut\u00e1rio-Administrativo para SEFAZ-AM: 2\u00aa Inst\u00e2ncia\",\"isPartOf\":{\"@id\":\"https:\/\/www.estrategiaconcursos.com.br\/blog\/#website\"},\"primaryImageOfPage\":{\"@id\":\"https:\/\/www.estrategiaconcursos.com.br\/blog\/processo-sefaz-am-2-instancia\/#primaryimage\"},\"image\":{\"@id\":\"https:\/\/www.estrategiaconcursos.com.br\/blog\/processo-sefaz-am-2-instancia\/#primaryimage\"},\"thumbnailUrl\":\"https:\/\/dhg1h5j42swfq.cloudfront.net\/2022\/03\/17150723\/sefaz-am-4.jpg\",\"datePublished\":\"2022-04-14T11:26:00+00:00\",\"description\":\"Confira neste artigo uma an\u00e1lise sobre o\u00a0Processo Tribut\u00e1rio-Administrativo, no decreto estadual 4.564\/79, para o concurso da\u00a0SEFAZ-AM.\",\"breadcrumb\":{\"@id\":\"https:\/\/www.estrategiaconcursos.com.br\/blog\/processo-sefaz-am-2-instancia\/#breadcrumb\"},\"inLanguage\":\"pt-BR\",\"potentialAction\":[{\"@type\":\"ReadAction\",\"target\":[\"https:\/\/www.estrategiaconcursos.com.br\/blog\/processo-sefaz-am-2-instancia\/\"]}]},{\"@type\":\"ImageObject\",\"inLanguage\":\"pt-BR\",\"@id\":\"https:\/\/www.estrategiaconcursos.com.br\/blog\/processo-sefaz-am-2-instancia\/#primaryimage\",\"url\":\"https:\/\/dhg1h5j42swfq.cloudfront.net\/2022\/03\/17150723\/sefaz-am-4.jpg\",\"contentUrl\":\"https:\/\/dhg1h5j42swfq.cloudfront.net\/2022\/03\/17150723\/sefaz-am-4.jpg\",\"width\":768,\"height\":432,\"caption\":\"Sefaz AM: prova 1 de Auditor do concurso \u00e9 anulada!\"},{\"@type\":\"BreadcrumbList\",\"@id\":\"https:\/\/www.estrategiaconcursos.com.br\/blog\/processo-sefaz-am-2-instancia\/#breadcrumb\",\"itemListElement\":[{\"@type\":\"ListItem\",\"position\":1,\"name\":\"In\u00edcio\",\"item\":\"https:\/\/www.estrategiaconcursos.com.br\/blog\/\"},{\"@type\":\"ListItem\",\"position\":2,\"name\":\"Processo Tribut\u00e1rio-Administrativo para SEFAZ-AM: 2\u00aa Inst\u00e2ncia\"}]},{\"@type\":\"WebSite\",\"@id\":\"https:\/\/www.estrategiaconcursos.com.br\/blog\/#website\",\"url\":\"https:\/\/www.estrategiaconcursos.com.br\/blog\/\",\"name\":\"Estrat\u00e9gia Concursos\",\"description\":\"O blog da Estrat\u00e9gia Concursos traz not\u00edcias sobre concursos e artigos de professores oferecendo cursos para concursos (pdf + videaulas) no site.\",\"publisher\":{\"@id\":\"https:\/\/www.estrategiaconcursos.com.br\/blog\/#organization\"},\"potentialAction\":[{\"@type\":\"SearchAction\",\"target\":{\"@type\":\"EntryPoint\",\"urlTemplate\":\"https:\/\/www.estrategiaconcursos.com.br\/blog\/?s={search_term_string}\"},\"query-input\":{\"@type\":\"PropertyValueSpecification\",\"valueRequired\":true,\"valueName\":\"search_term_string\"}}],\"inLanguage\":\"pt-BR\"},{\"@type\":\"Organization\",\"@id\":\"https:\/\/www.estrategiaconcursos.com.br\/blog\/#organization\",\"name\":\"Estrat\u00e9gia Concursos\",\"url\":\"https:\/\/www.estrategiaconcursos.com.br\/blog\/\",\"logo\":{\"@type\":\"ImageObject\",\"inLanguage\":\"pt-BR\",\"@id\":\"https:\/\/www.estrategiaconcursos.com.br\/blog\/#\/schema\/logo\/image\/\",\"url\":\"https:\/\/dhg1h5j42swfq.cloudfront.net\/2025\/06\/03203428\/logo_concursos-1.jpg\",\"contentUrl\":\"https:\/\/dhg1h5j42swfq.cloudfront.net\/2025\/06\/03203428\/logo_concursos-1.jpg\",\"width\":230,\"height\":60,\"caption\":\"Estrat\u00e9gia Concursos\"},\"image\":{\"@id\":\"https:\/\/www.estrategiaconcursos.com.br\/blog\/#\/schema\/logo\/image\/\"},\"sameAs\":[\"https:\/\/x.com\/EstratConcursos\"]},{\"@type\":\"Person\",\"@id\":\"https:\/\/www.estrategiaconcursos.com.br\/blog\/#\/schema\/person\/f0c830e07cfe11c231c0ea5dbb036df5\",\"name\":\"Kassio Henrique Sobral Rocha\",\"image\":{\"@type\":\"ImageObject\",\"inLanguage\":\"pt-BR\",\"@id\":\"https:\/\/secure.gravatar.com\/avatar\/d10350cbdad043facd8ec77a377f86f9026afee3348e463b04854fd4490ce759?s=96&d=mm&r=g\",\"url\":\"https:\/\/secure.gravatar.com\/avatar\/d10350cbdad043facd8ec77a377f86f9026afee3348e463b04854fd4490ce759?s=96&d=mm&r=g\",\"contentUrl\":\"https:\/\/secure.gravatar.com\/avatar\/d10350cbdad043facd8ec77a377f86f9026afee3348e463b04854fd4490ce759?s=96&d=mm&r=g\",\"caption\":\"Kassio Henrique Sobral Rocha\"},\"url\":\"https:\/\/www.estrategiaconcursos.com.br\/blog\/author\/kassio-rochayahoo-com-br\/\"}]}<\/script>\n<!-- \/ Yoast SEO Premium plugin. -->","yoast_head_json":{"title":"Processo Tribut\u00e1rio-Administrativo para SEFAZ-AM: 2\u00aa Inst\u00e2ncia","description":"Confira neste artigo uma an\u00e1lise sobre o\u00a0Processo Tribut\u00e1rio-Administrativo, no decreto estadual 4.564\/79, para o concurso da\u00a0SEFAZ-AM.","robots":{"index":"index","follow":"follow","max-snippet":"max-snippet:-1","max-image-preview":"max-image-preview:large","max-video-preview":"max-video-preview:-1"},"canonical":"https:\/\/www.estrategiaconcursos.com.br\/blog\/processo-sefaz-am-2-instancia\/","og_locale":"pt_BR","og_type":"article","og_title":"Processo Tribut\u00e1rio-Administrativo para SEFAZ-AM: 2\u00aa Inst\u00e2ncia","og_description":"Confira neste artigo uma an\u00e1lise sobre o\u00a0Processo Tribut\u00e1rio-Administrativo, no decreto estadual 4.564\/79, para o concurso da\u00a0SEFAZ-AM.","og_url":"https:\/\/www.estrategiaconcursos.com.br\/blog\/processo-sefaz-am-2-instancia\/","og_site_name":"Estrat\u00e9gia Concursos","article_published_time":"2022-04-14T11:26:00+00:00","og_image":[{"width":768,"height":432,"url":"https:\/\/dhg1h5j42swfq.cloudfront.net\/2022\/03\/17150723\/sefaz-am-4.jpg","type":"image\/jpeg"}],"author":"Kassio Henrique Sobral Rocha","twitter_card":"summary_large_image","twitter_creator":"@EstratConcursos","twitter_site":"@EstratConcursos","twitter_misc":{"Escrito por":"Kassio Henrique Sobral Rocha","Est. tempo de leitura":"9 minutos"},"schema":{"@context":"https:\/\/schema.org","@graph":[{"@type":"NewsArticle","@id":"https:\/\/www.estrategiaconcursos.com.br\/blog\/processo-sefaz-am-2-instancia\/#article","isPartOf":{"@id":"https:\/\/www.estrategiaconcursos.com.br\/blog\/processo-sefaz-am-2-instancia\/"},"author":{"name":"Kassio Henrique Sobral Rocha","@id":"https:\/\/www.estrategiaconcursos.com.br\/blog\/#\/schema\/person\/f0c830e07cfe11c231c0ea5dbb036df5"},"headline":"Processo Tribut\u00e1rio-Administrativo para SEFAZ-AM: 2\u00aa Inst\u00e2ncia","datePublished":"2022-04-14T11:26:00+00:00","mainEntityOfPage":{"@id":"https:\/\/www.estrategiaconcursos.com.br\/blog\/processo-sefaz-am-2-instancia\/"},"wordCount":1728,"commentCount":0,"publisher":{"@id":"https:\/\/www.estrategiaconcursos.com.br\/blog\/#organization"},"image":{"@id":"https:\/\/www.estrategiaconcursos.com.br\/blog\/processo-sefaz-am-2-instancia\/#primaryimage"},"thumbnailUrl":"https:\/\/dhg1h5j42swfq.cloudfront.net\/2022\/03\/17150723\/sefaz-am-4.jpg","articleSection":["Concursos P\u00fablicos","Fiscal - Estadual (ICMS)"],"inLanguage":"pt-BR","potentialAction":[{"@type":"CommentAction","name":"Comment","target":["https:\/\/www.estrategiaconcursos.com.br\/blog\/processo-sefaz-am-2-instancia\/#respond"]}],"copyrightYear":"2022","copyrightHolder":{"@id":"https:\/\/www.estrategiaconcursos.com.br\/blog\/#organization"}},{"@type":"WebPage","@id":"https:\/\/www.estrategiaconcursos.com.br\/blog\/processo-sefaz-am-2-instancia\/","url":"https:\/\/www.estrategiaconcursos.com.br\/blog\/processo-sefaz-am-2-instancia\/","name":"Processo Tribut\u00e1rio-Administrativo para SEFAZ-AM: 2\u00aa Inst\u00e2ncia","isPartOf":{"@id":"https:\/\/www.estrategiaconcursos.com.br\/blog\/#website"},"primaryImageOfPage":{"@id":"https:\/\/www.estrategiaconcursos.com.br\/blog\/processo-sefaz-am-2-instancia\/#primaryimage"},"image":{"@id":"https:\/\/www.estrategiaconcursos.com.br\/blog\/processo-sefaz-am-2-instancia\/#primaryimage"},"thumbnailUrl":"https:\/\/dhg1h5j42swfq.cloudfront.net\/2022\/03\/17150723\/sefaz-am-4.jpg","datePublished":"2022-04-14T11:26:00+00:00","description":"Confira neste artigo uma an\u00e1lise sobre o\u00a0Processo Tribut\u00e1rio-Administrativo, no decreto estadual 4.564\/79, para o concurso da\u00a0SEFAZ-AM.","breadcrumb":{"@id":"https:\/\/www.estrategiaconcursos.com.br\/blog\/processo-sefaz-am-2-instancia\/#breadcrumb"},"inLanguage":"pt-BR","potentialAction":[{"@type":"ReadAction","target":["https:\/\/www.estrategiaconcursos.com.br\/blog\/processo-sefaz-am-2-instancia\/"]}]},{"@type":"ImageObject","inLanguage":"pt-BR","@id":"https:\/\/www.estrategiaconcursos.com.br\/blog\/processo-sefaz-am-2-instancia\/#primaryimage","url":"https:\/\/dhg1h5j42swfq.cloudfront.net\/2022\/03\/17150723\/sefaz-am-4.jpg","contentUrl":"https:\/\/dhg1h5j42swfq.cloudfront.net\/2022\/03\/17150723\/sefaz-am-4.jpg","width":768,"height":432,"caption":"Sefaz AM: prova 1 de Auditor do concurso \u00e9 anulada!"},{"@type":"BreadcrumbList","@id":"https:\/\/www.estrategiaconcursos.com.br\/blog\/processo-sefaz-am-2-instancia\/#breadcrumb","itemListElement":[{"@type":"ListItem","position":1,"name":"In\u00edcio","item":"https:\/\/www.estrategiaconcursos.com.br\/blog\/"},{"@type":"ListItem","position":2,"name":"Processo Tribut\u00e1rio-Administrativo para SEFAZ-AM: 2\u00aa Inst\u00e2ncia"}]},{"@type":"WebSite","@id":"https:\/\/www.estrategiaconcursos.com.br\/blog\/#website","url":"https:\/\/www.estrategiaconcursos.com.br\/blog\/","name":"Estrat\u00e9gia Concursos","description":"O blog da Estrat\u00e9gia Concursos traz not\u00edcias sobre concursos e artigos de professores oferecendo cursos para concursos (pdf + videaulas) no site.","publisher":{"@id":"https:\/\/www.estrategiaconcursos.com.br\/blog\/#organization"},"potentialAction":[{"@type":"SearchAction","target":{"@type":"EntryPoint","urlTemplate":"https:\/\/www.estrategiaconcursos.com.br\/blog\/?s={search_term_string}"},"query-input":{"@type":"PropertyValueSpecification","valueRequired":true,"valueName":"search_term_string"}}],"inLanguage":"pt-BR"},{"@type":"Organization","@id":"https:\/\/www.estrategiaconcursos.com.br\/blog\/#organization","name":"Estrat\u00e9gia Concursos","url":"https:\/\/www.estrategiaconcursos.com.br\/blog\/","logo":{"@type":"ImageObject","inLanguage":"pt-BR","@id":"https:\/\/www.estrategiaconcursos.com.br\/blog\/#\/schema\/logo\/image\/","url":"https:\/\/dhg1h5j42swfq.cloudfront.net\/2025\/06\/03203428\/logo_concursos-1.jpg","contentUrl":"https:\/\/dhg1h5j42swfq.cloudfront.net\/2025\/06\/03203428\/logo_concursos-1.jpg","width":230,"height":60,"caption":"Estrat\u00e9gia Concursos"},"image":{"@id":"https:\/\/www.estrategiaconcursos.com.br\/blog\/#\/schema\/logo\/image\/"},"sameAs":["https:\/\/x.com\/EstratConcursos"]},{"@type":"Person","@id":"https:\/\/www.estrategiaconcursos.com.br\/blog\/#\/schema\/person\/f0c830e07cfe11c231c0ea5dbb036df5","name":"Kassio Henrique Sobral Rocha","image":{"@type":"ImageObject","inLanguage":"pt-BR","@id":"https:\/\/secure.gravatar.com\/avatar\/d10350cbdad043facd8ec77a377f86f9026afee3348e463b04854fd4490ce759?s=96&d=mm&r=g","url":"https:\/\/secure.gravatar.com\/avatar\/d10350cbdad043facd8ec77a377f86f9026afee3348e463b04854fd4490ce759?s=96&d=mm&r=g","contentUrl":"https:\/\/secure.gravatar.com\/avatar\/d10350cbdad043facd8ec77a377f86f9026afee3348e463b04854fd4490ce759?s=96&d=mm&r=g","caption":"Kassio Henrique Sobral Rocha"},"url":"https:\/\/www.estrategiaconcursos.com.br\/blog\/author\/kassio-rochayahoo-com-br\/"}]}},"_links":{"self":[{"href":"https:\/\/www.estrategiaconcursos.com.br\/blog\/wp-json\/wp\/v2\/posts\/998744","targetHints":{"allow":["GET"]}}],"collection":[{"href":"https:\/\/www.estrategiaconcursos.com.br\/blog\/wp-json\/wp\/v2\/posts"}],"about":[{"href":"https:\/\/www.estrategiaconcursos.com.br\/blog\/wp-json\/wp\/v2\/types\/post"}],"author":[{"embeddable":true,"href":"https:\/\/www.estrategiaconcursos.com.br\/blog\/wp-json\/wp\/v2\/users\/1976"}],"replies":[{"embeddable":true,"href":"https:\/\/www.estrategiaconcursos.com.br\/blog\/wp-json\/wp\/v2\/comments?post=998744"}],"version-history":[{"count":22,"href":"https:\/\/www.estrategiaconcursos.com.br\/blog\/wp-json\/wp\/v2\/posts\/998744\/revisions"}],"predecessor-version":[{"id":1008301,"href":"https:\/\/www.estrategiaconcursos.com.br\/blog\/wp-json\/wp\/v2\/posts\/998744\/revisions\/1008301"}],"wp:featuredmedia":[{"embeddable":true,"href":"https:\/\/www.estrategiaconcursos.com.br\/blog\/wp-json\/wp\/v2\/media\/989618"}],"wp:attachment":[{"href":"https:\/\/www.estrategiaconcursos.com.br\/blog\/wp-json\/wp\/v2\/media?parent=998744"}],"wp:term":[{"taxonomy":"category","embeddable":true,"href":"https:\/\/www.estrategiaconcursos.com.br\/blog\/wp-json\/wp\/v2\/categories?post=998744"},{"taxonomy":"post_tag","embeddable":true,"href":"https:\/\/www.estrategiaconcursos.com.br\/blog\/wp-json\/wp\/v2\/tags?post=998744"},{"taxonomy":"tax_estado","embeddable":true,"href":"https:\/\/www.estrategiaconcursos.com.br\/blog\/wp-json\/wp\/v2\/tax_estado?post=998744"}],"curies":[{"name":"wp","href":"https:\/\/api.w.org\/{rel}","templated":true}]}}