{"id":998552,"date":"2022-04-06T12:01:00","date_gmt":"2022-04-06T15:01:00","guid":{"rendered":"https:\/\/www.estrategiaconcursos.com.br\/blog\/?p=998552"},"modified":"2022-04-13T12:14:09","modified_gmt":"2022-04-13T15:14:09","slug":"processo-sefaz-am-1-instancia","status":"publish","type":"post","link":"https:\/\/www.estrategiaconcursos.com.br\/blog\/processo-sefaz-am-1-instancia\/","title":{"rendered":"Processo Tribut\u00e1rio-Administrativo para SEFAZ-AM: 1\u00aa Inst\u00e2ncia"},"content":{"rendered":"\n<p id=\"h-confira-neste-artigo-uma-analise-sobre-o-processo-tributario-administrativo-presente-no-decreto-municipal-4-564-79-para-o-concurso-da-sefaz-am\">Confira neste artigo uma an\u00e1lise sobre o&nbsp;<strong>Processo Tribut\u00e1rio-Administrativo<\/strong>, presente no decreto estadual 4.564\/79, para o concurso da&nbsp;<strong><a href=\"https:\/\/www.estrategiaconcursos.com.br\/cursosPorConcurso\/sefaz-am-247\/\" target=\"_blank\" rel=\"noreferrer noopener\">SEFAZ-AM<\/a><\/strong>.<\/p>\n\n\n\n<div class=\"wp-block-image\"><figure class=\"aligncenter size-full is-resized\"><img loading=\"lazy\" decoding=\"async\" src=\"https:\/\/dhg1h5j42swfq.cloudfront.net\/2022\/03\/17150723\/sefaz-am-4.jpg\" alt=\"Processo Tribut\u00e1rio-Administrativo para SEFAZ-AM: 1\u00aa Inst\u00e2ncia\" class=\"wp-image-989618\" width=\"543\" height=\"306\" srcset=\"https:\/\/dhg1h5j42swfq.cloudfront.net\/2022\/03\/17150723\/sefaz-am-4.jpg 768w, https:\/\/dhg1h5j42swfq.cloudfront.net\/2022\/03\/17150723\/sefaz-am-4-300x169.jpg 300w, https:\/\/dhg1h5j42swfq.cloudfront.net\/2022\/03\/17150723\/sefaz-am-4-610x343.jpg 610w\" sizes=\"auto, (max-width: 543px) 100vw, 543px\" \/><figcaption>Processo Tribut\u00e1rio-Administrativo para SEFAZ-AM: 1\u00aa Inst\u00e2ncia<\/figcaption><\/figure><\/div>\n\n\n\n<p>Ol\u00e1, pessoal! Tudo bem com voc\u00eas?<\/p>\n\n\n\n<p>Como est\u00e1 a sua prepara\u00e7\u00e3o para o concurso da&nbsp;<strong><a href=\"https:\/\/www.estrategiaconcursos.com.br\/blog\/concurso-sefaz-am\/\" target=\"_blank\" rel=\"noreferrer noopener\">SEFAZ-AM<\/a><\/strong>&nbsp;(Secretaria da Fazenda do Estado do Amazonas)?<\/p>\n\n\n\n<p>H\u00e1 vagas para diversos cargos, inclusive para o de&nbsp;<strong>Auditor Fiscal de Tributos Estaduais<\/strong>, com uma remunera\u00e7\u00e3o inicial de&nbsp;<strong>R$ 23.548,96<\/strong>.<\/p>\n\n\n\n<p>Desse modo, estamos realizando diversos resumos sobre a&nbsp;<strong><mark style=\"background-color:rgba(0, 0, 0, 0)\" class=\"has-inline-color has-vivid-cyan-blue-color\">Legisla\u00e7\u00e3o Tribut\u00e1ria Espec\u00edfica<\/mark><\/strong>&nbsp;do Estado do Amazonas, sendo que o nosso artigo de hoje \u00e9 sobre o <strong>Processo Tribut\u00e1rio-Administrativo<\/strong>, presente no decreto estadual 4.564\/79,&nbsp;para o concurso da SEFAZ-AM.<\/p>\n\n\n\n<p>Iremos distribuir a an\u00e1lise deste decreto em alguns artigos, sendo esse sobre a <mark style=\"background-color:rgba(0, 0, 0, 0)\" class=\"has-inline-color has-vivid-cyan-blue-color\"><strong>1\u00aa Inst\u00e2ncia&nbsp;do Processo Tribut\u00e1rio-Administrativo<\/strong><\/mark>, para a SEFAZ-AM.<\/p>\n\n\n\n<p>O primeiro artigo j\u00e1 publicado tratou das <a href=\"https:\/\/www.estrategiaconcursos.com.br\/blog\/processo-tributario-administrativo-sefaz-am\" target=\"_blank\" rel=\"noreferrer noopener\"><strong>Disposi\u00e7\u00f5es<\/strong><\/a><a href=\"http:\/\/www.\/\" target=\"_blank\" rel=\"noreferrer noopener\"><strong> Iniciais do Processo Tribut\u00e1rio-Administrativo<\/strong><\/a>.<\/p>\n\n\n\n<p>Vamos l\u00e1?<\/p>\n\n\n\n<div class=\"container\" id=\"boxes\">\n  <div class=\"row\">\n\n    <div class=\"col-sm\">\n      <div class=\"banner-fiscal-01\" id=\"box-assinatura\">\n        <h3 class=\"titulo-assinatura\">Concurso Sefaz AM<\/h3>\n        <p class=\"subtitulo-assinatura\">Cursos para todos os cargos<\/p>\n        <div class=\"box-botao\">\n          <a class=\"btn-assinatura\" target=\"_blank\" href=\"https:\/\/www.estrategiaconcursos.com.br\/cursosPorConcurso\/sefaz-am-247\/\" role=\"button\" rel=\"noopener noreferrer\">Conhe\u00e7a mais<\/a>\n        <\/div>\n      <\/div>\n    \n    <\/div>\n\n  <\/div>\n<\/div>\n\n\n\n<h2 class=\"wp-block-heading\" id=\"h-as-instancias-do-processo-tributario-administrativo\"><mark style=\"background-color:rgba(0, 0, 0, 0)\" class=\"has-inline-color has-vivid-cyan-blue-color\">As inst\u00e2ncias do Processo Tribut\u00e1rio-Administrativo<\/mark><\/h2>\n\n\n\n<p>O Processo Tribut\u00e1rio-Administrativo (PTA) se desenvolve em <strong>duas inst\u00e2ncias<\/strong> administrativas, <mark style=\"background-color:rgba(0, 0, 0, 0)\" class=\"has-inline-color has-black-color\">a <\/mark><strong><mark style=\"background-color:rgba(0, 0, 0, 0)\" class=\"has-inline-color has-vivid-cyan-blue-color\">1\u00aa e a 2\u00aa Inst\u00e2ncia.<\/mark><\/strong><\/p>\n\n\n\n<p>De maneira simples, na<strong> <mark style=\"background-color:rgba(0, 0, 0, 0)\" class=\"has-inline-color has-black-color\">1\u00aa<\/mark> Inst\u00e2ncia<\/strong>, ocorre o primeiro julgamento do contencioso entre o sujeito passivo e a Fazenda Estadual. Por sua vez, a <strong><mark style=\"background-color:rgba(0, 0, 0, 0)\" class=\"has-inline-color has-black-color\">2\u00aa<\/mark> Inst\u00e2ncia <\/strong>ser\u00e1 a respons\u00e1vel por julgar os recursos das decis\u00f5es da inst\u00e2ncia anterior, ou seja, \u00e9 onde ocorrer\u00e1 a fase recursal do PTA.<\/p>\n\n\n\n<p>Vamos agora analisar todas as fases da 1<mark style=\"background-color:rgba(0, 0, 0, 0)\" class=\"has-inline-color has-black-color\"><strong>\u00aa<\/strong><\/mark> Inst\u00e2ncia do Processo Tribut\u00e1rio-Administrativo.<\/p>\n\n\n\n<h2 class=\"wp-block-heading\" id=\"h-a-1\u00aa-instancia-do-processo-tributario-administrativo\"><mark style=\"background-color:rgba(0, 0, 0, 0)\" class=\"has-inline-color has-vivid-cyan-blue-color\">A 1<strong>\u00aa<\/strong> Inst\u00e2ncia do Processo Tribut\u00e1rio-Administrativo<\/mark><\/h2>\n\n\n\n<p>Ao iniciar o Processo Tribut\u00e1rio-Administrativo, considera-se tamb\u00e9m iniciada a <mark style=\"background-color:rgba(0, 0, 0, 0)\" class=\"has-inline-color has-black-color\">1<strong>\u00aa<\/strong><\/mark> Inst\u00e2ncia administrativa. Assim, de acordo com o decreto, \u00e9 considerado <strong>iniciado o PTA<\/strong> por meio:<\/p>\n\n\n\n<ul class=\"wp-block-list\"><li>da <strong>lavratura do Auto de Infra\u00e7\u00e3o<\/strong> e Notifica\u00e7\u00e3o Fiscal;<\/li><li>da apresenta\u00e7\u00e3o de <strong>consulta<\/strong>;<\/li><li>da <strong>confiss\u00e3o <\/strong>de d\u00edvida com o <strong>pedido de restitui\u00e7\u00e3o<\/strong> de tributos, contribui\u00e7\u00e3o financeira ou penalidades;<\/li><li>do pedido de <strong>regime especial<\/strong>;<\/li><li>e da <strong>impugna\u00e7\u00e3o <\/strong>ao lan\u00e7amento de of\u00edcio do IPVA.<\/li><\/ul>\n\n\n\n<p>Em rela\u00e7\u00e3o ao <strong>Auto de Infra\u00e7\u00e3o<\/strong>, ele ser\u00e1 utilizado quando ocorrer <strong>a\u00e7\u00f5es ou omiss\u00f5es contr\u00e1rias \u00e0 Legisla\u00e7\u00e3o Tribut\u00e1ria<\/strong>, por parte do sujeito passivo. Assim, ao ser lavrado o auto, o PTA ser\u00e1 instaurado, com o intuito de determinar o respons\u00e1vel pela infra\u00e7\u00e3o verificada, ou o dano causado ao Estado e o respectivo valor, aplicando-se ao infrator a pena correspondente e procedendo-se, quando for o caso, o ressarcimento do referido dano.<\/p>\n\n\n\n<h2 class=\"wp-block-heading\" id=\"h-o-procedimento-contencioso-tributario-administrativo\"><mark style=\"background-color:rgba(0, 0, 0, 0)\" class=\"has-inline-color has-vivid-cyan-blue-color\">O Procedimento Contencioso Tribut\u00e1rio-Administrativo<\/mark><\/h2>\n\n\n\n<p>Quando, durante o PTA, surgir a <strong>controv\u00e9rsia<\/strong> administrativa entre o <strong>sujeito passivo<\/strong> e a<strong> Fazenda Estadual<\/strong>, instaura-se Procedimento Contencioso Tribut\u00e1rio-Administrativo.<\/p>\n\n\n\n<p><strong><mark style=\"background-color:rgba(0, 0, 0, 0)\" class=\"has-inline-color has-vivid-red-color\">A SABER: <\/mark>Contencioso Administrativo <\/strong>\u00e9 o sistema que busca <strong>solucionar conflitos<\/strong> na esfera administrativa. Por esse motivo, a <strong>pe\u00e7a b\u00e1sica <\/strong>principal do Procedimento Contencioso Tribut\u00e1rio-Administrativo, no \u00e2mbito da SEFAZ-AM, \u00e9 o <strong>Auto de Infra\u00e7\u00e3o e a Notifica\u00e7\u00e3o Fiscal.<\/strong> Em se tratando de impugna\u00e7\u00e3o ao IPVA, a pe\u00e7a b\u00e1sica poder\u00e1 ser, tamb\u00e9m, a respectiva Notifica\u00e7\u00e3o de Lan\u00e7amento.&nbsp;<\/p>\n\n\n\n<p>O Procedimento Contencioso Tribut\u00e1rio-Administrativo se <strong>inicia<\/strong>, geralmente, por meio das <strong>impugna\u00e7\u00f5es <\/strong>dos contribuintes e dos <strong>indeferimentos <\/strong>da Fazenda. De modo mais completo, ele \u00e9 <strong>instaurado<\/strong>, na \u00f3rbita administrativa, por:<\/p>\n\n\n\n<ul class=\"wp-block-list\"><li><strong>impugna\u00e7\u00e3o <\/strong>por escrito, do contribuinte ou seu representante legal, <strong>contra lan\u00e7amento<\/strong> de cr\u00e9dito tribut\u00e1rio, decorrente de Auto de Infra\u00e7\u00e3o ou de Apreens\u00e3o;<\/li><li><strong>indeferimento <\/strong>por autoridade exatora, de pretens\u00e3o fundada em legisla\u00e7\u00e3o fiscal, desde que j\u00e1 tenha havido pedido de reconsidera\u00e7\u00e3o;<\/li><li><strong>impugna\u00e7\u00e3o <\/strong>de exig\u00eancia fiscal, n\u00e3o prevista nos incisos acima;<\/li><li><strong>revelia <\/strong>do infrator.<\/li><\/ul>\n\n\n\n<p><strong><mark style=\"background-color:rgba(0, 0, 0, 0)\" class=\"has-inline-color has-vivid-red-color\">FIQUE ATENTO: <\/mark><\/strong>As <strong>incorre\u00e7\u00f5es, omiss\u00f5es ou irregularidades<\/strong> no Processo Contencioso Tribut\u00e1rio &#8211; Administrativo, no Auto de Infra\u00e7\u00e3o e Notifica\u00e7\u00e3o Fiscal e no Auto de Apreens\u00e3o, <strong>n\u00e3o os prejudicam nem os anulam <\/strong>quando da pe\u00e7a fiscal constarem elementos suficientes para determinar com seguran\u00e7a a natureza da <strong><mark style=\"background-color:rgba(0, 0, 0, 0)\" class=\"has-inline-color has-vivid-cyan-blue-color\">infra\u00e7\u00e3o <\/mark><\/strong>e a <strong><mark style=\"background-color:rgba(0, 0, 0, 0)\" class=\"has-inline-color has-vivid-cyan-blue-color\">pessoa do infrator<\/mark><\/strong>, devendo ser sanadas em dilig\u00eancias subsequentes.<\/p>\n\n\n\n<h2 class=\"wp-block-heading\" id=\"h-o-auto-de-infracao-no-processo-tributario-administrativo\"><mark style=\"background-color:rgba(0, 0, 0, 0)\" class=\"has-inline-color has-vivid-cyan-blue-color\">O auto de infra\u00e7\u00e3o no Processo Tribut\u00e1rio-Administrativo<\/mark><\/h2>\n\n\n\n<p>Como j\u00e1 citado anteriormente, verificada qualquer <strong>infra\u00e7\u00e3o \u00e0 Legisla\u00e7\u00e3o Tribut\u00e1ria<\/strong>, deve ser lavrado Auto de Infra\u00e7\u00e3o e Notifica\u00e7\u00e3o Fiscal ou Auto de Apreens\u00e3o, conforme o caso.<\/p>\n\n\n\n<p>Importante ressaltar que a aus\u00eancia de testemunhas n\u00e3o invalida tais instrumentos.<\/p>\n\n\n\n<p>O Auto de Infra\u00e7\u00e3o e Notifica\u00e7\u00e3o Fiscal apenas deve ser lavrado caso a a\u00e7\u00e3o ou omiss\u00e3o constitua <strong>falta <\/strong>pun\u00edvel<strong> j\u00e1 definida em legisla\u00e7\u00e3o anterior<\/strong> \u00e0 data em que haja ocorrido a falta.<\/p>\n\n\n\n<p>De maneira similar aos tributos, o Auto de Infra\u00e7\u00e3o e Notifica\u00e7\u00e3o Fiscal reporta-se \u00e0<strong> data da ocorr\u00eancia do fato gerador da infra\u00e7\u00e3o<\/strong>, regendo-se pela legisla\u00e7\u00e3o tribut\u00e1ria vigente \u00e0 \u00e9poca, ainda que posteriormente modificada ou revogada.<\/p>\n\n\n\n<p>Em outras palavras, caso seja lavrado um auto de infra\u00e7\u00e3o no dia 20\/03, em rela\u00e7\u00e3o \u00e0 uma infra\u00e7\u00e3o praticada no dia 10\/01, o instrumento ser\u00e1 regido pela legisla\u00e7\u00e3o em vigor no dia 10\/01, e n\u00e3o no dia 20\/03.<\/p>\n\n\n\n<p>Entretanto, poder\u00e1 ser <strong>aplicada<\/strong> a<strong> legisla\u00e7\u00e3o posterior <\/strong>ao fato gerador quando ela houver institu\u00eddo novos crit\u00e9rios de apura\u00e7\u00e3o ou processos de fiscaliza\u00e7\u00e3o, ampliado os poderes de investiga\u00e7\u00e3o das autoridades administrativas ou outorgado ao cr\u00e9dito maiores garantias ou privil\u00e9gios, exceto, neste \u00faltimo caso, para efeito de atribuir responsabilidade a terceiros.<\/p>\n\n\n\n<p>Ao ser lavrado o auto de infra\u00e7\u00e3o, \u00e9 assegurado ao sujeito passivo o seu <strong>direito \u00e0 defesa<\/strong>. Assim, dentro do prazo de<strong><mark style=\"background-color:rgba(0, 0, 0, 0)\" class=\"has-inline-color has-vivid-cyan-blue-color\"> 30 dias<\/mark><\/strong>, contados da data da intima\u00e7\u00e3o do Auto de Infra\u00e7\u00e3o e Notifica\u00e7\u00e3o Fiscal ou do Auto de Apreens\u00e3o, poder\u00e1 o contribuinte, ou seu representante legal, apresentar defesa administrativa na forma de <strong><mark style=\"background-color:rgba(0, 0, 0, 0)\" class=\"has-inline-color has-vivid-cyan-blue-color\">impugna\u00e7\u00e3o<\/mark><\/strong>, com efeito <strong>suspensivo<\/strong>, dirigida ao Consultor Chefe, da <strong>Consultoria Tribut\u00e1ria<\/strong> da Secretaria de Estado da Fazenda.<\/p>\n\n\n\n<p><strong>Ap\u00f3s o prazo<\/strong> de 30 dias da intima\u00e7\u00e3o ao contribuinte ou respons\u00e1vel,<strong> sem pagamento <\/strong>do d\u00e9bito nem apresenta\u00e7\u00e3o de <strong>defesa<\/strong>, haver\u00e1 a lavratura do Termo de Revelia e instru\u00e7\u00e3o definitiva do processo; bem como o encaminhamento dos Autos \u00e0 Consultoria Tribut\u00e1ria para que o Consultor Tribut\u00e1rio, em primeira inst\u00e2ncia administrativa, aprecie e decida o feito.<\/p>\n\n\n\n<h2 class=\"wp-block-heading\" id=\"h-o-julgamento-em-1\u00aa-instancia-do-processo-tributario-administrativo\"><mark style=\"background-color:rgba(0, 0, 0, 0)\" class=\"has-inline-color has-vivid-cyan-blue-color\">O Julgamento em 1\u00aa Inst\u00e2ncia do Processo Tribut\u00e1rio-Administrativo<\/mark><\/h2>\n\n\n\n<p>Ap\u00f3s o procedimento de instru\u00e7\u00e3o, os processos devem ser encaminhados \u00e0<strong><mark style=\"background-color:rgba(0, 0, 0, 0)\" class=\"has-inline-color has-vivid-cyan-blue-color\"> Consultoria Tribut\u00e1ria<\/mark><\/strong>, de modo a serem distribu\u00eddos aos <strong>julgadores de primeira inst\u00e2ncia administrativa<\/strong>, os quais s\u00e3o <strong><mark style=\"background-color:rgba(0, 0, 0, 0)\" class=\"has-inline-color has-vivid-cyan-blue-color\">Auditores Fiscais de Tributos Estaduais, <\/mark><\/strong>designados por ato do Secret\u00e1rio de Estado da Fazenda. Os julgadores s\u00e3o conhecidos tamb\u00e9m como<strong> Consultores Tribut\u00e1rios<\/strong>.<\/p>\n\n\n\n<p>Na decis\u00e3o de 1\u00aa inst\u00e2ncia, o Consultor Tribut\u00e1rio resolver\u00e1 as quest\u00f5es suscitadas no processo e concluir\u00e1 pela proced\u00eancia ou improced\u00eancia, total ou parcial, do lan\u00e7amento do cr\u00e9dito tribut\u00e1rio ou do pedido do contribuinte. Al\u00e9m disso, ele definir\u00e1 os seus efeitos, determinando a intima\u00e7\u00e3o das partes.<\/p>\n\n\n\n<p><strong>Ap\u00f3s a decis\u00e3o da 1\u00aa Inst\u00e2ncia<\/strong>, caso seja contr\u00e1ria ao sujeito passivo, o infrator ter\u00e1 <strong><mark style=\"background-color:rgba(0, 0, 0, 0)\" class=\"has-inline-color has-vivid-cyan-blue-color\">20 dias<\/mark><\/strong> para:<\/p>\n\n\n\n<ul class=\"wp-block-list\"><li>sob pena de cobran\u00e7a executiva, efetuar o <strong>recolhimento do d\u00e9bito<\/strong> objeto da condena\u00e7\u00e3o; ou<\/li><li><strong>recorrer <\/strong>ao Conselho de Recursos Fiscais.<\/li><\/ul>\n\n\n\n<p>O infrator dever\u00e1, obrigatoriamente, ser <strong>notificado <\/strong>da decis\u00e3o proferida pela Auditoria Tribut\u00e1ria. Tal comunica\u00e7\u00e3o ser\u00e1 feita por meio do <strong>Domic\u00edlio Tribut\u00e1rio Eletr\u00f4nico<\/strong>. Por\u00e9m, caso o contribuinte n\u00e3o seja credenciado para utiliza\u00e7\u00e3o do mesmo, a notifica\u00e7\u00e3o ocorrer\u00e1 mediante publica\u00e7\u00e3o no<strong> Di\u00e1rio Oficial Eletr\u00f4nico<\/strong> da Secretaria de Estado da Fazenda.<\/p>\n\n\n\n<p><strong><mark style=\"background-color:rgba(0, 0, 0, 0)\" class=\"has-inline-color has-vivid-red-color\">FIQUE ATENTO:<\/mark><\/strong> Caso o interessado esteja estabelecido no <strong>interior <\/strong>do Estado do Amazonas, o prazo ser\u00e1 contado a partir de <strong>20 dias<\/strong> da data da notifica\u00e7\u00e3o no Domic\u00edlio Tribut\u00e1rio Eletr\u00f4nico ou da publica\u00e7\u00e3o no Di\u00e1rio Oficial Eletr\u00f4nico da Secretaria de Estado da Fazenda.<\/p>\n\n\n\n<h2 class=\"wp-block-heading\" id=\"h-recursos-contra-decisoes-de-1\u00aa-instancia\"><mark style=\"background-color:rgba(0, 0, 0, 0)\" class=\"has-inline-color has-vivid-cyan-blue-color\">Recursos contra decis\u00f5es de 1\u00aa Inst\u00e2ncia<\/mark><\/h2>\n\n\n\n<p>Como citado acima, ap\u00f3s a decis\u00e3o de 1\u00aa Inst\u00e2ncia, \u00e9 poss\u00edvel que a parte, a cuja decis\u00e3o foi desfavor\u00e1vel, recorra ao Conselho de Recursos Fiscais.<\/p>\n\n\n\n<p>H\u00e1 dois tipos de recursos contra a decis\u00e3o de 1\u00aa Inst\u00e2ncia: o <strong><span style=\"text-decoration: underline;\">Recurso Volunt\u00e1rio<\/span><\/strong> e o <strong><span style=\"text-decoration: underline;\">Recurso de Of\u00edcio<\/span><\/strong>.<\/p>\n\n\n\n<h3 class=\"wp-block-heading\" id=\"h-recurso-voluntario\"><mark style=\"background-color:rgba(0, 0, 0, 0)\" class=\"has-inline-color has-vivid-cyan-blue-color\">Recurso Volunt\u00e1rio<\/mark><\/h3>\n\n\n\n<p>O recurso volunt\u00e1rio poder\u00e1 ser interposto <strong>contra as decis\u00f5es<\/strong> <strong>finais <\/strong>do Consultor Tribut\u00e1rio do Estado, <strong><mark style=\"background-color:rgba(0, 0, 0, 0)\" class=\"has-inline-color has-vivid-cyan-blue-color\">contr\u00e1rias ao contribuinte<\/mark><\/strong>, para o Conselho de Recursos Fiscais, com efeito <strong>suspensivo<\/strong>, podendo ser interposto contra a decis\u00e3o, ou parte dela.<\/p>\n\n\n\n<p>Caso o recorrente n\u00e3o especifique a parte de que recorre, presume-se que a impugna\u00e7\u00e3o \u00e9 total. Al\u00e9m disso, no caso de impugna\u00e7\u00e3o parcial, o sujeito passivo dever\u00e1 promover o recolhimento da import\u00e2ncia que entender devida at\u00e9 o t\u00e9rmino do prazo para interposi\u00e7\u00e3o do recurso.<\/p>\n\n\n\n<p>Esse recurso ser\u00e1 interposto por peti\u00e7\u00e3o <strong>escrita<\/strong>, dentro do prazo de <strong><mark style=\"background-color:rgba(0, 0, 0, 0)\" class=\"has-inline-color has-vivid-cyan-blue-color\">20 dias<\/mark><\/strong>, contados da data da <strong>intima\u00e7\u00e3o <\/strong>da decis\u00e3o recorrida. Por\u00e9m, caso seja apresentado fora do prazo legal, ele n\u00e3o ter\u00e1 efeito suspensivo, sendo competente para acatar ou indeferir a respectiva peti\u00e7\u00e3o o Presidente do Conselho de Recursos Fiscais.<\/p>\n\n\n\n<h3 class=\"wp-block-heading\" id=\"h-recurso-de-oficio\"><mark style=\"background-color:rgba(0, 0, 0, 0)\" class=\"has-inline-color has-vivid-cyan-blue-color\">Recurso de Of\u00edcio<\/mark><\/h3>\n\n\n\n<p>Por sua vez, o recurso de of\u00edcio ser\u00e1 interposto pela <strong>pr\u00f3pria autoridade julgadora de primeira inst\u00e2ncia <\/strong>administrativa, de of\u00edcio, com efeito <strong>suspensivo<\/strong>, tamb\u00e9m ao Conselho de Recursos Fiscais, sempre que, no todo ou em parte:<\/p>\n\n\n\n<ul class=\"wp-block-list\"><li>decidir <strong><mark style=\"background-color:rgba(0, 0, 0, 0)\" class=\"has-inline-color has-vivid-cyan-blue-color\">contrariamente \u00e0 Fazenda Estadual<\/mark><\/strong>;<\/li><li>decidir <strong>favoravelmente \u00e0 restitui\u00e7\u00e3o<\/strong> de tributos, contribui\u00e7\u00e3o financeira ou penalidades;<\/li><li>decidir <strong>consultas favoravelmente <\/strong>ao sujeito passivo da obriga\u00e7\u00e3o tribut\u00e1ria.<\/li><\/ul>\n\n\n\n<p><mark style=\"background-color:rgba(0, 0, 0, 0)\" class=\"has-inline-color has-vivid-red-color\"><strong>PARA FIXAR:<\/strong><\/mark><\/p>\n\n\n\n<p><strong><mark style=\"background-color:rgba(0, 0, 0, 0)\" class=\"has-inline-color has-vivid-cyan-blue-color\">Recurso volunt\u00e1rio <\/mark>-&gt;<\/strong>  contra decis\u00e3o contr\u00e1ria ao <strong>contribuinte<\/strong>.<\/p>\n\n\n\n<p><strong><mark style=\"background-color:rgba(0, 0, 0, 0)\" class=\"has-inline-color has-vivid-cyan-blue-color\">Recurso de of\u00edcio<\/mark><\/strong> <strong>-&gt;<\/strong> contra decis\u00e3o contr\u00e1ria \u00e0 <strong>Fazenda Estadual.<\/strong><\/p>\n\n\n\n<p>Por\u00e9m, \u00e9 importante salientar que ser\u00e1 <strong>dispensada<\/strong> a interposi\u00e7\u00e3o do recurso oficial, quando a import\u00e2ncia pecuni\u00e1ria exclu\u00edda ou a restitui\u00e7\u00e3o <strong>n\u00e3o exceder<\/strong> o valor correspondente a <strong>3 UBAs<\/strong>, bem como quando houver nos autos <strong>prova de recolhimento <\/strong>dos tributos exigidos e acr\u00e9scimos legais.<\/p>\n\n\n\n<h2 class=\"wp-block-heading\" id=\"h-finalizando\"><mark style=\"background-color:rgba(0, 0, 0, 0)\" class=\"has-inline-color has-vivid-cyan-blue-color\">Finalizando<\/mark><\/h2>\n\n\n\n<p>Pessoal! Chegamos ao final do nosso segundo artigo sobre Processo Tribut\u00e1rio-Administrativo, para a SEFAZ-AM, mais especificamente sobre a 1\u00aa Inst\u00e2ncia, no decreto estadual 4.564\/79. Esperamos que tenham gostado.<\/p>\n\n\n\n<p>Para a sua aprova\u00e7\u00e3o, \u00e9 extremamente&nbsp;<strong>importante&nbsp;<\/strong>a<strong>&nbsp;leitura do decreto&nbsp;<\/strong>citado aqui. Esse artigo \u00e9 apenas uma an\u00e1lise mais simplificada dessa norma.<\/p>\n\n\n\n<p>Caso queira se preparar para chegar&nbsp;<strong>competitivo&nbsp;<\/strong>nesta prova, invista nos&nbsp;<strong><a href=\"https:\/\/www.estrategiaconcursos.com.br\/cursosPorConcurso\/sefaz-am-247\/\" target=\"_blank\" rel=\"noreferrer noopener\">cursos para a SEFAZ AM<\/a><\/strong>&nbsp;do&nbsp;<strong>Estrat\u00e9gia Concursos<\/strong>.&nbsp;<\/p>\n\n\n\n<p>L\u00e1 voc\u00ea encontrar\u00e1&nbsp;<strong>aulas completas e detalhadas, com os melhores professores do mercado<\/strong>,&nbsp;de todos os t\u00f3picos exigidos no edital do concurso da SEFAZ-AM.<\/p>\n\n\n\n<p>Conhe\u00e7a tamb\u00e9m o\u00a0<strong><a href=\"https:\/\/questoes.estrategiaconcursos.com.br\/\" target=\"_blank\" rel=\"noreferrer noopener\">Sistema de Quest\u00f5es do Estrat\u00e9gia<\/a>.<\/strong>\u00a0Afinal, a \u00fanica maneira de\u00a0<strong>consolidar o conte\u00fado\u00a0<\/strong>de maneira satisfat\u00f3ria \u00e9 atrav\u00e9s da\u00a0<strong>resolu\u00e7\u00e3o de quest\u00f5es.<\/strong>\u00a0<\/p>\n\n\n\n<p>Bons estudos a todos e at\u00e9 a pr\u00f3xima!<\/p>\n\n\n\n<h2 class=\"has-text-align-center wp-block-heading\" id=\"h-cursos-e-assinaturas\">Cursos e Assinaturas <\/h2>\n\n\n\n<p>Prepare-se com o melhor material e com quem mais aprova em Concursos P\u00fablicos em todo o pa\u00eds!<\/p>\n\n\n\n<p class=\"has-text-align-center has-vivid-cyan-blue-color has-text-color has-background\" style=\"background-color:#0078bd\"><a href=\"https:\/\/www.estrategiaconcursos.com.br\/blog\/concursos-abertos\/\" target=\"_blank\" rel=\"noreferrer noopener\"><strong><span class=\"has-inline-color has-white-color\">Concursos abertos<\/span><\/strong><\/a><\/p>\n\n\n\n<p class=\"has-text-align-center has-vivid-cyan-blue-color has-text-color has-background\" style=\"background-color:#0072b4\"><strong><a href=\"https:\/\/www.estrategiaconcursos.com.br\/blog\/concursos-2022\/\" target=\"_blank\" rel=\"noreferrer noopener\"><span class=\"has-inline-color has-white-color\">Concursos 2022<\/span><\/a><\/strong><\/p>\n\n\n\n<div class=\"container\" id=\"boxes\">\n  <div class=\"row\">\n    <div class=\"col-sm\">\n      <div class=\"estrategia\" id=\"box-assinatura\">\n        <h3 class=\"titulo-assinatura\">Assinatura de Concursos<\/h3>\n        <p class=\"subtitulo-assinatura\">Assinatura de 1 ano ou 2 anos<\/p>\n        <div class=\"box-botao\">\n          <a class=\"btn-assinatura\" target=\"_blank\" href=\"https:\/\/www.estrategiaconcursos.com.br\/assinaturas\/\" role=\"button\" rel=\"noopener noreferrer\">ASSINE AGORA<\/a>\n        <\/div>\n      <\/div>\n      \n    <\/div><\/div><\/div>\n","protected":false},"excerpt":{"rendered":"<p>Confira neste artigo uma an\u00e1lise sobre o&nbsp;Processo Tribut\u00e1rio-Administrativo, presente no decreto estadual 4.564\/79, para o concurso da&nbsp;SEFAZ-AM. Ol\u00e1, pessoal! Tudo bem com voc\u00eas? Como est\u00e1 a sua prepara\u00e7\u00e3o para o concurso da&nbsp;SEFAZ-AM&nbsp;(Secretaria da Fazenda do Estado do Amazonas)? H\u00e1 vagas para diversos cargos, inclusive para o de&nbsp;Auditor Fiscal de Tributos Estaduais, com uma remunera\u00e7\u00e3o inicial [&hellip;]<\/p>\n","protected":false},"author":1976,"featured_media":989618,"comment_status":"open","ping_status":"closed","sticky":false,"template":"","format":"standard","meta":{"post_tipo":"article","footnotes":""},"categories":[1,1983],"tags":[],"tax_estado":[219966],"class_list":["post-998552","post","type-post","status-publish","format-standard","has-post-thumbnail","hentry","category-cursos-e-concursos","category-fiscal-estadual","tax_estado-am"],"acf":[],"yoast_head":"<!-- This site is optimized with the Yoast SEO Premium plugin v27.2 (Yoast SEO v27.2) - https:\/\/yoast.com\/product\/yoast-seo-premium-wordpress\/ -->\n<title>Processo Tribut\u00e1rio-Administrativo para SEFAZ-AM: 1\u00aa Inst\u00e2ncia<\/title>\n<meta name=\"description\" content=\"Confira neste artigo uma an\u00e1lise sobre a 1\u00aa Inst\u00e2ncia do\u00a0Processo Tribut\u00e1rio-Administrativo, para o concurso da\u00a0SEFAZ-AM.\" \/>\n<meta name=\"robots\" content=\"index, follow, max-snippet:-1, max-image-preview:large, max-video-preview:-1\" \/>\n<link rel=\"canonical\" href=\"https:\/\/www.estrategiaconcursos.com.br\/blog\/processo-sefaz-am-1-instancia\/\" \/>\n<meta property=\"og:locale\" content=\"pt_BR\" \/>\n<meta property=\"og:type\" content=\"article\" \/>\n<meta property=\"og:title\" content=\"Processo Tribut\u00e1rio-Administrativo para SEFAZ-AM: 1\u00aa Inst\u00e2ncia\" \/>\n<meta property=\"og:description\" content=\"Confira neste artigo uma an\u00e1lise sobre a 1\u00aa Inst\u00e2ncia do\u00a0Processo Tribut\u00e1rio-Administrativo, para o concurso da\u00a0SEFAZ-AM.\" \/>\n<meta property=\"og:url\" content=\"https:\/\/www.estrategiaconcursos.com.br\/blog\/processo-sefaz-am-1-instancia\/\" \/>\n<meta property=\"og:site_name\" content=\"Estrat\u00e9gia Concursos\" \/>\n<meta property=\"article:published_time\" content=\"2022-04-06T15:01:00+00:00\" \/>\n<meta property=\"article:modified_time\" content=\"2022-04-13T15:14:09+00:00\" \/>\n<meta property=\"og:image\" content=\"https:\/\/dhg1h5j42swfq.cloudfront.net\/2022\/03\/17150723\/sefaz-am-4.jpg\" \/>\n\t<meta property=\"og:image:width\" content=\"768\" \/>\n\t<meta property=\"og:image:height\" content=\"432\" \/>\n\t<meta property=\"og:image:type\" content=\"image\/jpeg\" \/>\n<meta name=\"author\" content=\"Kassio Henrique Sobral Rocha\" \/>\n<meta name=\"twitter:card\" content=\"summary_large_image\" \/>\n<meta name=\"twitter:creator\" content=\"@EstratConcursos\" \/>\n<meta name=\"twitter:site\" content=\"@EstratConcursos\" \/>\n<meta name=\"twitter:label1\" content=\"Escrito por\" \/>\n\t<meta name=\"twitter:data1\" content=\"Kassio Henrique Sobral Rocha\" \/>\n\t<meta name=\"twitter:label2\" content=\"Est. tempo de leitura\" \/>\n\t<meta name=\"twitter:data2\" content=\"10 minutos\" \/>\n<script type=\"application\/ld+json\" class=\"yoast-schema-graph\">{\"@context\":\"https:\/\/schema.org\",\"@graph\":[{\"@type\":\"NewsArticle\",\"@id\":\"https:\/\/www.estrategiaconcursos.com.br\/blog\/processo-sefaz-am-1-instancia\/#article\",\"isPartOf\":{\"@id\":\"https:\/\/www.estrategiaconcursos.com.br\/blog\/processo-sefaz-am-1-instancia\/\"},\"author\":{\"name\":\"Kassio Henrique Sobral Rocha\",\"@id\":\"https:\/\/www.estrategiaconcursos.com.br\/blog\/#\/schema\/person\/f0c830e07cfe11c231c0ea5dbb036df5\"},\"headline\":\"Processo Tribut\u00e1rio-Administrativo para SEFAZ-AM: 1\u00aa Inst\u00e2ncia\",\"datePublished\":\"2022-04-06T15:01:00+00:00\",\"dateModified\":\"2022-04-13T15:14:09+00:00\",\"mainEntityOfPage\":{\"@id\":\"https:\/\/www.estrategiaconcursos.com.br\/blog\/processo-sefaz-am-1-instancia\/\"},\"wordCount\":1859,\"commentCount\":0,\"publisher\":{\"@id\":\"https:\/\/www.estrategiaconcursos.com.br\/blog\/#organization\"},\"image\":{\"@id\":\"https:\/\/www.estrategiaconcursos.com.br\/blog\/processo-sefaz-am-1-instancia\/#primaryimage\"},\"thumbnailUrl\":\"https:\/\/dhg1h5j42swfq.cloudfront.net\/2022\/03\/17150723\/sefaz-am-4.jpg\",\"articleSection\":[\"Concursos P\u00fablicos\",\"Fiscal - Estadual (ICMS)\"],\"inLanguage\":\"pt-BR\",\"potentialAction\":[{\"@type\":\"CommentAction\",\"name\":\"Comment\",\"target\":[\"https:\/\/www.estrategiaconcursos.com.br\/blog\/processo-sefaz-am-1-instancia\/#respond\"]}],\"copyrightYear\":\"2022\",\"copyrightHolder\":{\"@id\":\"https:\/\/www.estrategiaconcursos.com.br\/blog\/#organization\"}},{\"@type\":\"WebPage\",\"@id\":\"https:\/\/www.estrategiaconcursos.com.br\/blog\/processo-sefaz-am-1-instancia\/\",\"url\":\"https:\/\/www.estrategiaconcursos.com.br\/blog\/processo-sefaz-am-1-instancia\/\",\"name\":\"Processo Tribut\u00e1rio-Administrativo para SEFAZ-AM: 1\u00aa Inst\u00e2ncia\",\"isPartOf\":{\"@id\":\"https:\/\/www.estrategiaconcursos.com.br\/blog\/#website\"},\"primaryImageOfPage\":{\"@id\":\"https:\/\/www.estrategiaconcursos.com.br\/blog\/processo-sefaz-am-1-instancia\/#primaryimage\"},\"image\":{\"@id\":\"https:\/\/www.estrategiaconcursos.com.br\/blog\/processo-sefaz-am-1-instancia\/#primaryimage\"},\"thumbnailUrl\":\"https:\/\/dhg1h5j42swfq.cloudfront.net\/2022\/03\/17150723\/sefaz-am-4.jpg\",\"datePublished\":\"2022-04-06T15:01:00+00:00\",\"dateModified\":\"2022-04-13T15:14:09+00:00\",\"description\":\"Confira neste artigo uma an\u00e1lise sobre a 1\u00aa Inst\u00e2ncia do\u00a0Processo Tribut\u00e1rio-Administrativo, para o concurso da\u00a0SEFAZ-AM.\",\"breadcrumb\":{\"@id\":\"https:\/\/www.estrategiaconcursos.com.br\/blog\/processo-sefaz-am-1-instancia\/#breadcrumb\"},\"inLanguage\":\"pt-BR\",\"potentialAction\":[{\"@type\":\"ReadAction\",\"target\":[\"https:\/\/www.estrategiaconcursos.com.br\/blog\/processo-sefaz-am-1-instancia\/\"]}]},{\"@type\":\"ImageObject\",\"inLanguage\":\"pt-BR\",\"@id\":\"https:\/\/www.estrategiaconcursos.com.br\/blog\/processo-sefaz-am-1-instancia\/#primaryimage\",\"url\":\"https:\/\/dhg1h5j42swfq.cloudfront.net\/2022\/03\/17150723\/sefaz-am-4.jpg\",\"contentUrl\":\"https:\/\/dhg1h5j42swfq.cloudfront.net\/2022\/03\/17150723\/sefaz-am-4.jpg\",\"width\":768,\"height\":432,\"caption\":\"Sefaz AM: prova 1 de Auditor do concurso \u00e9 anulada!\"},{\"@type\":\"BreadcrumbList\",\"@id\":\"https:\/\/www.estrategiaconcursos.com.br\/blog\/processo-sefaz-am-1-instancia\/#breadcrumb\",\"itemListElement\":[{\"@type\":\"ListItem\",\"position\":1,\"name\":\"In\u00edcio\",\"item\":\"https:\/\/www.estrategiaconcursos.com.br\/blog\/\"},{\"@type\":\"ListItem\",\"position\":2,\"name\":\"Processo Tribut\u00e1rio-Administrativo para SEFAZ-AM: 1\u00aa Inst\u00e2ncia\"}]},{\"@type\":\"WebSite\",\"@id\":\"https:\/\/www.estrategiaconcursos.com.br\/blog\/#website\",\"url\":\"https:\/\/www.estrategiaconcursos.com.br\/blog\/\",\"name\":\"Estrat\u00e9gia Concursos\",\"description\":\"O blog da Estrat\u00e9gia Concursos traz not\u00edcias sobre concursos e artigos de professores oferecendo cursos para concursos (pdf + videaulas) no site.\",\"publisher\":{\"@id\":\"https:\/\/www.estrategiaconcursos.com.br\/blog\/#organization\"},\"potentialAction\":[{\"@type\":\"SearchAction\",\"target\":{\"@type\":\"EntryPoint\",\"urlTemplate\":\"https:\/\/www.estrategiaconcursos.com.br\/blog\/?s={search_term_string}\"},\"query-input\":{\"@type\":\"PropertyValueSpecification\",\"valueRequired\":true,\"valueName\":\"search_term_string\"}}],\"inLanguage\":\"pt-BR\"},{\"@type\":\"Organization\",\"@id\":\"https:\/\/www.estrategiaconcursos.com.br\/blog\/#organization\",\"name\":\"Estrat\u00e9gia Concursos\",\"url\":\"https:\/\/www.estrategiaconcursos.com.br\/blog\/\",\"logo\":{\"@type\":\"ImageObject\",\"inLanguage\":\"pt-BR\",\"@id\":\"https:\/\/www.estrategiaconcursos.com.br\/blog\/#\/schema\/logo\/image\/\",\"url\":\"https:\/\/dhg1h5j42swfq.cloudfront.net\/2025\/06\/03203428\/logo_concursos-1.jpg\",\"contentUrl\":\"https:\/\/dhg1h5j42swfq.cloudfront.net\/2025\/06\/03203428\/logo_concursos-1.jpg\",\"width\":230,\"height\":60,\"caption\":\"Estrat\u00e9gia Concursos\"},\"image\":{\"@id\":\"https:\/\/www.estrategiaconcursos.com.br\/blog\/#\/schema\/logo\/image\/\"},\"sameAs\":[\"https:\/\/x.com\/EstratConcursos\"]},{\"@type\":\"Person\",\"@id\":\"https:\/\/www.estrategiaconcursos.com.br\/blog\/#\/schema\/person\/f0c830e07cfe11c231c0ea5dbb036df5\",\"name\":\"Kassio Henrique Sobral Rocha\",\"image\":{\"@type\":\"ImageObject\",\"inLanguage\":\"pt-BR\",\"@id\":\"https:\/\/secure.gravatar.com\/avatar\/d10350cbdad043facd8ec77a377f86f9026afee3348e463b04854fd4490ce759?s=96&d=mm&r=g\",\"url\":\"https:\/\/secure.gravatar.com\/avatar\/d10350cbdad043facd8ec77a377f86f9026afee3348e463b04854fd4490ce759?s=96&d=mm&r=g\",\"contentUrl\":\"https:\/\/secure.gravatar.com\/avatar\/d10350cbdad043facd8ec77a377f86f9026afee3348e463b04854fd4490ce759?s=96&d=mm&r=g\",\"caption\":\"Kassio Henrique Sobral Rocha\"},\"url\":\"https:\/\/www.estrategiaconcursos.com.br\/blog\/author\/kassio-rochayahoo-com-br\/\"}]}<\/script>\n<!-- \/ Yoast SEO Premium plugin. -->","yoast_head_json":{"title":"Processo Tribut\u00e1rio-Administrativo para SEFAZ-AM: 1\u00aa Inst\u00e2ncia","description":"Confira neste artigo uma an\u00e1lise sobre a 1\u00aa Inst\u00e2ncia do\u00a0Processo Tribut\u00e1rio-Administrativo, para o concurso da\u00a0SEFAZ-AM.","robots":{"index":"index","follow":"follow","max-snippet":"max-snippet:-1","max-image-preview":"max-image-preview:large","max-video-preview":"max-video-preview:-1"},"canonical":"https:\/\/www.estrategiaconcursos.com.br\/blog\/processo-sefaz-am-1-instancia\/","og_locale":"pt_BR","og_type":"article","og_title":"Processo Tribut\u00e1rio-Administrativo para SEFAZ-AM: 1\u00aa Inst\u00e2ncia","og_description":"Confira neste artigo uma an\u00e1lise sobre a 1\u00aa Inst\u00e2ncia do\u00a0Processo Tribut\u00e1rio-Administrativo, para o concurso da\u00a0SEFAZ-AM.","og_url":"https:\/\/www.estrategiaconcursos.com.br\/blog\/processo-sefaz-am-1-instancia\/","og_site_name":"Estrat\u00e9gia Concursos","article_published_time":"2022-04-06T15:01:00+00:00","article_modified_time":"2022-04-13T15:14:09+00:00","og_image":[{"width":768,"height":432,"url":"https:\/\/dhg1h5j42swfq.cloudfront.net\/2022\/03\/17150723\/sefaz-am-4.jpg","type":"image\/jpeg"}],"author":"Kassio Henrique Sobral Rocha","twitter_card":"summary_large_image","twitter_creator":"@EstratConcursos","twitter_site":"@EstratConcursos","twitter_misc":{"Escrito por":"Kassio Henrique Sobral Rocha","Est. tempo de leitura":"10 minutos"},"schema":{"@context":"https:\/\/schema.org","@graph":[{"@type":"NewsArticle","@id":"https:\/\/www.estrategiaconcursos.com.br\/blog\/processo-sefaz-am-1-instancia\/#article","isPartOf":{"@id":"https:\/\/www.estrategiaconcursos.com.br\/blog\/processo-sefaz-am-1-instancia\/"},"author":{"name":"Kassio Henrique Sobral Rocha","@id":"https:\/\/www.estrategiaconcursos.com.br\/blog\/#\/schema\/person\/f0c830e07cfe11c231c0ea5dbb036df5"},"headline":"Processo Tribut\u00e1rio-Administrativo para SEFAZ-AM: 1\u00aa Inst\u00e2ncia","datePublished":"2022-04-06T15:01:00+00:00","dateModified":"2022-04-13T15:14:09+00:00","mainEntityOfPage":{"@id":"https:\/\/www.estrategiaconcursos.com.br\/blog\/processo-sefaz-am-1-instancia\/"},"wordCount":1859,"commentCount":0,"publisher":{"@id":"https:\/\/www.estrategiaconcursos.com.br\/blog\/#organization"},"image":{"@id":"https:\/\/www.estrategiaconcursos.com.br\/blog\/processo-sefaz-am-1-instancia\/#primaryimage"},"thumbnailUrl":"https:\/\/dhg1h5j42swfq.cloudfront.net\/2022\/03\/17150723\/sefaz-am-4.jpg","articleSection":["Concursos P\u00fablicos","Fiscal - Estadual (ICMS)"],"inLanguage":"pt-BR","potentialAction":[{"@type":"CommentAction","name":"Comment","target":["https:\/\/www.estrategiaconcursos.com.br\/blog\/processo-sefaz-am-1-instancia\/#respond"]}],"copyrightYear":"2022","copyrightHolder":{"@id":"https:\/\/www.estrategiaconcursos.com.br\/blog\/#organization"}},{"@type":"WebPage","@id":"https:\/\/www.estrategiaconcursos.com.br\/blog\/processo-sefaz-am-1-instancia\/","url":"https:\/\/www.estrategiaconcursos.com.br\/blog\/processo-sefaz-am-1-instancia\/","name":"Processo Tribut\u00e1rio-Administrativo para SEFAZ-AM: 1\u00aa Inst\u00e2ncia","isPartOf":{"@id":"https:\/\/www.estrategiaconcursos.com.br\/blog\/#website"},"primaryImageOfPage":{"@id":"https:\/\/www.estrategiaconcursos.com.br\/blog\/processo-sefaz-am-1-instancia\/#primaryimage"},"image":{"@id":"https:\/\/www.estrategiaconcursos.com.br\/blog\/processo-sefaz-am-1-instancia\/#primaryimage"},"thumbnailUrl":"https:\/\/dhg1h5j42swfq.cloudfront.net\/2022\/03\/17150723\/sefaz-am-4.jpg","datePublished":"2022-04-06T15:01:00+00:00","dateModified":"2022-04-13T15:14:09+00:00","description":"Confira neste artigo uma an\u00e1lise sobre a 1\u00aa Inst\u00e2ncia do\u00a0Processo Tribut\u00e1rio-Administrativo, para o concurso da\u00a0SEFAZ-AM.","breadcrumb":{"@id":"https:\/\/www.estrategiaconcursos.com.br\/blog\/processo-sefaz-am-1-instancia\/#breadcrumb"},"inLanguage":"pt-BR","potentialAction":[{"@type":"ReadAction","target":["https:\/\/www.estrategiaconcursos.com.br\/blog\/processo-sefaz-am-1-instancia\/"]}]},{"@type":"ImageObject","inLanguage":"pt-BR","@id":"https:\/\/www.estrategiaconcursos.com.br\/blog\/processo-sefaz-am-1-instancia\/#primaryimage","url":"https:\/\/dhg1h5j42swfq.cloudfront.net\/2022\/03\/17150723\/sefaz-am-4.jpg","contentUrl":"https:\/\/dhg1h5j42swfq.cloudfront.net\/2022\/03\/17150723\/sefaz-am-4.jpg","width":768,"height":432,"caption":"Sefaz AM: prova 1 de Auditor do concurso \u00e9 anulada!"},{"@type":"BreadcrumbList","@id":"https:\/\/www.estrategiaconcursos.com.br\/blog\/processo-sefaz-am-1-instancia\/#breadcrumb","itemListElement":[{"@type":"ListItem","position":1,"name":"In\u00edcio","item":"https:\/\/www.estrategiaconcursos.com.br\/blog\/"},{"@type":"ListItem","position":2,"name":"Processo Tribut\u00e1rio-Administrativo para SEFAZ-AM: 1\u00aa Inst\u00e2ncia"}]},{"@type":"WebSite","@id":"https:\/\/www.estrategiaconcursos.com.br\/blog\/#website","url":"https:\/\/www.estrategiaconcursos.com.br\/blog\/","name":"Estrat\u00e9gia Concursos","description":"O blog da Estrat\u00e9gia Concursos traz not\u00edcias sobre concursos e artigos de professores oferecendo cursos para concursos (pdf + videaulas) no site.","publisher":{"@id":"https:\/\/www.estrategiaconcursos.com.br\/blog\/#organization"},"potentialAction":[{"@type":"SearchAction","target":{"@type":"EntryPoint","urlTemplate":"https:\/\/www.estrategiaconcursos.com.br\/blog\/?s={search_term_string}"},"query-input":{"@type":"PropertyValueSpecification","valueRequired":true,"valueName":"search_term_string"}}],"inLanguage":"pt-BR"},{"@type":"Organization","@id":"https:\/\/www.estrategiaconcursos.com.br\/blog\/#organization","name":"Estrat\u00e9gia Concursos","url":"https:\/\/www.estrategiaconcursos.com.br\/blog\/","logo":{"@type":"ImageObject","inLanguage":"pt-BR","@id":"https:\/\/www.estrategiaconcursos.com.br\/blog\/#\/schema\/logo\/image\/","url":"https:\/\/dhg1h5j42swfq.cloudfront.net\/2025\/06\/03203428\/logo_concursos-1.jpg","contentUrl":"https:\/\/dhg1h5j42swfq.cloudfront.net\/2025\/06\/03203428\/logo_concursos-1.jpg","width":230,"height":60,"caption":"Estrat\u00e9gia Concursos"},"image":{"@id":"https:\/\/www.estrategiaconcursos.com.br\/blog\/#\/schema\/logo\/image\/"},"sameAs":["https:\/\/x.com\/EstratConcursos"]},{"@type":"Person","@id":"https:\/\/www.estrategiaconcursos.com.br\/blog\/#\/schema\/person\/f0c830e07cfe11c231c0ea5dbb036df5","name":"Kassio Henrique Sobral Rocha","image":{"@type":"ImageObject","inLanguage":"pt-BR","@id":"https:\/\/secure.gravatar.com\/avatar\/d10350cbdad043facd8ec77a377f86f9026afee3348e463b04854fd4490ce759?s=96&d=mm&r=g","url":"https:\/\/secure.gravatar.com\/avatar\/d10350cbdad043facd8ec77a377f86f9026afee3348e463b04854fd4490ce759?s=96&d=mm&r=g","contentUrl":"https:\/\/secure.gravatar.com\/avatar\/d10350cbdad043facd8ec77a377f86f9026afee3348e463b04854fd4490ce759?s=96&d=mm&r=g","caption":"Kassio Henrique Sobral Rocha"},"url":"https:\/\/www.estrategiaconcursos.com.br\/blog\/author\/kassio-rochayahoo-com-br\/"}]}},"_links":{"self":[{"href":"https:\/\/www.estrategiaconcursos.com.br\/blog\/wp-json\/wp\/v2\/posts\/998552","targetHints":{"allow":["GET"]}}],"collection":[{"href":"https:\/\/www.estrategiaconcursos.com.br\/blog\/wp-json\/wp\/v2\/posts"}],"about":[{"href":"https:\/\/www.estrategiaconcursos.com.br\/blog\/wp-json\/wp\/v2\/types\/post"}],"author":[{"embeddable":true,"href":"https:\/\/www.estrategiaconcursos.com.br\/blog\/wp-json\/wp\/v2\/users\/1976"}],"replies":[{"embeddable":true,"href":"https:\/\/www.estrategiaconcursos.com.br\/blog\/wp-json\/wp\/v2\/comments?post=998552"}],"version-history":[{"count":24,"href":"https:\/\/www.estrategiaconcursos.com.br\/blog\/wp-json\/wp\/v2\/posts\/998552\/revisions"}],"predecessor-version":[{"id":1008293,"href":"https:\/\/www.estrategiaconcursos.com.br\/blog\/wp-json\/wp\/v2\/posts\/998552\/revisions\/1008293"}],"wp:featuredmedia":[{"embeddable":true,"href":"https:\/\/www.estrategiaconcursos.com.br\/blog\/wp-json\/wp\/v2\/media\/989618"}],"wp:attachment":[{"href":"https:\/\/www.estrategiaconcursos.com.br\/blog\/wp-json\/wp\/v2\/media?parent=998552"}],"wp:term":[{"taxonomy":"category","embeddable":true,"href":"https:\/\/www.estrategiaconcursos.com.br\/blog\/wp-json\/wp\/v2\/categories?post=998552"},{"taxonomy":"post_tag","embeddable":true,"href":"https:\/\/www.estrategiaconcursos.com.br\/blog\/wp-json\/wp\/v2\/tags?post=998552"},{"taxonomy":"tax_estado","embeddable":true,"href":"https:\/\/www.estrategiaconcursos.com.br\/blog\/wp-json\/wp\/v2\/tax_estado?post=998552"}],"curies":[{"name":"wp","href":"https:\/\/api.w.org\/{rel}","templated":true}]}}