{"id":997597,"date":"2022-03-29T12:02:00","date_gmt":"2022-03-29T15:02:00","guid":{"rendered":"https:\/\/www.estrategiaconcursos.com.br\/blog\/?p=997597"},"modified":"2022-03-30T12:06:03","modified_gmt":"2022-03-30T15:06:03","slug":"concurso-ibama-aprovado-filipe-vasconcelos","status":"publish","type":"post","link":"https:\/\/www.estrategiaconcursos.com.br\/blog\/concurso-ibama-aprovado-filipe-vasconcelos\/","title":{"rendered":"IBAMA: entrevista com o 1\u00ba colocado para Analista Ambiental\/DF"},"content":{"rendered":"\n<p class=\"has-medium-font-size\"><em><strong>Aprovado em 1\u00b0 lugar no concurso IBAMA para o cargo de Analista Ambiental \u2013 Licenciamento Ambiental &#8211; Tema 1\/DF<\/strong><\/em><\/p>\n\n\n\n<div class=\"wp-block-image\"><figure class=\"aligncenter size-full is-resized\"><img loading=\"lazy\" decoding=\"async\" src=\"https:\/\/dhg1h5j42swfq.cloudfront.net\/2022\/03\/30115716\/image-352.png\" alt=\"IBAMA: entrevista com o 1\u00ba colocado para Analista Ambiental\/DF\" class=\"wp-image-997606\" width=\"594\" height=\"398\" srcset=\"https:\/\/dhg1h5j42swfq.cloudfront.net\/2022\/03\/30115716\/image-352.png 823w, https:\/\/dhg1h5j42swfq.cloudfront.net\/2022\/03\/30115716\/image-352-300x201.png 300w, https:\/\/dhg1h5j42swfq.cloudfront.net\/2022\/03\/30115716\/image-352-768x514.png 768w, https:\/\/dhg1h5j42swfq.cloudfront.net\/2022\/03\/30115716\/image-352-610x408.png 610w\" sizes=\"auto, (max-width: 594px) 100vw, 594px\" \/><\/figure><\/div>\n\n\n\n<blockquote class=\"wp-block-quote is-layout-flow wp-block-quote-is-layout-flow\"><p><em>\u201cDepois que tudo passa, a gente fica pensando no que poderia ter feito para ter ido melhor. Acho que acreditar no cargo e no trabalho que ir\u00e1 realizar \u00e9 fundamental para que voc\u00ea acerte mais no planejamento\u201d<\/em><\/p><\/blockquote>\n\n\n\n<p class=\"has-vivid-cyan-blue-color has-text-color\"><strong>Confira nossa entrevista com Filipe Vasconcelos, aprovado em 1\u00b0 lugar no concurso IBAMA para o cargo de Analista Ambiental \u2013 Licenciamento Ambiental (DF):<\/strong><\/p>\n\n\n\n<p><strong>Estrat\u00e9gia Concursos: Conte-nos um pouco sobre voc\u00ea, para que nossos leitores possam conhec\u00ea-lo. Qual a sua forma\u00e7\u00e3o, idade e cidade natal?<\/strong><\/p>\n\n\n\n<p><strong>Filipe Vasconcelos:<\/strong>&nbsp;Tenho 38 anos, sou carioca, adotado por Bras\u00edlia, e trabalhei no servi\u00e7o p\u00fablico por 14. Meu \u00faltimo cargo foi de Indigenista Especializado na Funda\u00e7\u00e3o Nacional do \u00cdndio em Cruzeiro do Sul\/AC. Sou bacharel em Direito e atualmente graduando em Agroecologia. Nasci no Rio de Janeiro, e aos 22 anos fui morar em Bras\u00edlia para cursar a Academia de Pol\u00edcia Militar de Bras\u00edlia.<\/p>\n\n\n\n<p><strong>Estrat\u00e9gia: O que te levou a tomar a decis\u00e3o de come\u00e7ar a estudar para concursos?<\/strong><\/p>\n\n\n\n<p><strong>Filipe:&nbsp;<\/strong>Eu j\u00e1 era familiarizado no mundo dos concursos. Almejava o cargo de Analista Ambiental h\u00e1 muito tempo. Ent\u00e3o n\u00e3o foi dif\u00edcil voltar a estudar e correr atr\u00e1s da vaga.<\/p>\n\n\n\n<p><strong>Estrat\u00e9gia: Voc\u00ea trabalhava e estudava? Se sim, como conciliava?<\/strong><\/p>\n\n\n\n<p><strong>Filipe:&nbsp;<\/strong>Apenas estudava. Pedi exonera\u00e7\u00e3o da Funai para tratar de alguns problemas particulares e, apesar do baixo sal\u00e1rio, consegui juntar um dinheiro para poder tirar um ano sab\u00e1tico. A\u00ed veio a pandemia.<\/p>\n\n\n\n<p><strong>Estrat\u00e9gia: Em quais concursos j\u00e1 foi aprovado? Em qual cargo e em que coloca\u00e7\u00e3o? Pretende continuar estudando?<\/strong><\/p>\n\n\n\n<p><strong>Filipe:&nbsp;<\/strong>Comecei bem jovem, com concursos para as carreiras militares. Fui aprovado na EsPCEx (2002), Escola Naval (2005) e Academia de Pol\u00edcia Militar de Bras\u00edlia (2006). Muitos anos depois fui aprovado na Funai (2016).<\/p>\n\n\n\n<p><strong>Estrat\u00e9gia: Como era sua vida social durante a prepara\u00e7\u00e3o para concursos? Voc\u00ea sa\u00eda com amigos e fam\u00edlia?<\/strong><\/p>\n\n\n\n<p><strong>Filipe:&nbsp;<\/strong>Como n\u00e3o trabalhava, eu consegui planejar bem meus estudos e tive muito tempo para lazer. Moro em um s\u00edtio, perto de cachoeira e praia.<\/p>\n\n\n\n<p><strong>Estrat\u00e9gia: Voc\u00ea \u00e9 casado? Tem filhos? Sua fam\u00edlia e amigos entenderam e apoiaram sua caminhada como concurseiro? De que forma?<\/strong><\/p>\n\n\n\n<p><strong>Filipe:&nbsp;<\/strong>N\u00e3o sou casado, mas vivo com minha companheira h\u00e1 7 anos. Ainda sem filhos. Minha fam\u00edlia est\u00e1 sempre me apoiando nas minhas decis\u00f5es.<\/p>\n\n\n\n<p><strong>Estrat\u00e9gia: Voc\u00ea estudou por quanto tempo direcionado ao \u00faltimo concurso? O que fez para manter a disciplina?<\/strong><\/p>\n\n\n\n<p><strong>Filipe:&nbsp;<\/strong>Comecei a estudar um pouco antes da autoriza\u00e7\u00e3o. Estava sentindo que esse concurso iria sair, foquei nas mat\u00e9rias espec\u00edficas, pois sabia que o conte\u00fado viria imenso. Ent\u00e3o acho que estudei por volta de 6 meses. Almejar sinceramente o cargo para o qual se est\u00e1 estudando \u00e9 primordial para n\u00e3o perder o foco.<\/p>\n\n\n\n<p><strong>Estrat\u00e9gia: Quais materiais e ferramentas voc\u00ea usou em sua prepara\u00e7\u00e3o? (Aulas presenciais, livros, cursos em PDF, videoaulas? Quais foram as principais vantagens e desvantagens?)<\/strong><\/p>\n\n\n\n<p><strong>Filipe:&nbsp;<\/strong>Eu estudei pelos PDFs do Estrat\u00e9gia, por alguns cursos avulsos e por alguns livros com assuntos espec\u00edficos, como Biologia da Conserva\u00e7\u00e3o e Avalia\u00e7\u00e3o de Impacto Ambiental. Li muita lei seca tamb\u00e9m. Estudar com muito material nem sempre ajuda na compreens\u00e3o do conte\u00fado, mas me ajudou na compreens\u00e3o geral sobre o tema Licenciamento Ambiental.<\/p>\n\n\n\n<p><strong>Estrat\u00e9gia: Como conheceu o Estrat\u00e9gia Concursos?<\/strong><\/p>\n\n\n\n<p><strong>Filipe:&nbsp;<\/strong>Na \u00e9poca em que buscava um curso para estudar para a <a href=\"https:\/\/www.estrategiaconcursos.com.br\/cursosPorConcurso\/funai\/\" target=\"_blank\" rel=\"noreferrer noopener\">Funai<\/a>.<\/p>\n\n\n\n<p><strong>Estrat\u00e9gia: Antes de conhecer o Estrat\u00e9gia, voc\u00ea chegou a usar materiais de outros cursos? Se sim, o que mais incomodava quando voc\u00ea estudava por esse concorrente?<\/strong><\/p>\n\n\n\n<p><strong>Filipe:&nbsp;<\/strong>Sim. Como o conte\u00fado era extenso e bem espec\u00edfico, eu sabia que teria que correr atr\u00e1s de algum material extra. Foi importante, mas eles n\u00e3o eram especializados em concursos p\u00fablicos.<\/p>\n\n\n\n<p><strong>Estrat\u00e9gia: Depois que voc\u00ea se tornou aluno do Estrat\u00e9gia, voc\u00ea sentiu uma diferen\u00e7a relevante na sua prepara\u00e7\u00e3o? Que diferencial encontrou nos materiais do Estrat\u00e9gia? (Pode citar uma ou mais ferramentas que mais te ajudaram na prepara\u00e7\u00e3o).<\/strong><\/p>\n\n\n\n<p><strong>Filipe:&nbsp;<\/strong>O Estrat\u00e9gia conhece o mundo dos concursos. Conta com professores experientes que conhecem a afli\u00e7\u00e3o do concurseiro. Os v\u00eddeos de Reta Final, A Hora da Verdade, Maratonas etc. foram fundamentais para ganhar confian\u00e7a e estudar aquele conte\u00fado deixado de lado at\u00e9 o \u00faltimo momento.<\/p>\n\n\n\n<p><strong>Estrat\u00e9gia: Como montou seu plano de estudos? (Estudava v\u00e1rias mat\u00e9rias ao mesmo tempo? Quantas? Quantas horas l\u00edquidas estudava por dia?)<\/strong><\/p>\n\n\n\n<p><strong>Filipe:&nbsp;<\/strong>Eu dividi meu tempo estudando em tr\u00eas blocos. Conhecimentos B\u00e1sicos, Espec\u00edficos 1 (Licenciamento Ambiental) e Espec\u00edficos 2 (Gest\u00e3o Ambiental e Infraestrutura). Todos os dias, exceto domingo. Estudava sem contar horas l\u00edquidas, apenas tinha uma meta e a cumpria, \u00e0s vezes levava 8 horas, outras apenas 5 ou 6.<\/p>\n\n\n\n<p><strong>Estrat\u00e9gia: Como fazia suas revis\u00f5es? (Costumava fazer resumos, simulados ou algo mais?)<\/strong><\/p>\n\n\n\n<p><strong>Filipe:&nbsp;<\/strong>Na parte de legisla\u00e7\u00e3o eu elaborei <a href=\"https:\/\/www.estrategiaconcursos.com.br\/blog\/como-usar-mapas-mentais\/\" target=\"_blank\" rel=\"noreferrer noopener\">mapas mentais<\/a> e os revisava sempre. Gest\u00e3o Ambiental e Infraestrutura eu fazia anota\u00e7\u00f5es em um caderno e revisava por quest\u00f5es de v\u00e1rias bancas.<\/p>\n\n\n\n<p><strong>Estrat\u00e9gia: Qual a import\u00e2ncia da resolu\u00e7\u00e3o de exerc\u00edcios? Lembra quantas quest\u00f5es fez na sua trajet\u00f3ria?<\/strong><\/p>\n\n\n\n<p><strong>Filipe:&nbsp;<\/strong>N\u00e3o lembro, mas foram muitas. Principalmente de Portugu\u00eas, porque sabia que viriam muitas quest\u00f5es. <a href=\"https:\/\/concursos.estrategia.com\/\" target=\"_blank\" rel=\"noreferrer noopener\">Resolver exerc\u00edcios<\/a> ajuda a fixar o conte\u00fado e gerar confian\u00e7a.<\/p>\n\n\n\n<p><strong>Estrat\u00e9gia: Quais as disciplinas voc\u00ea tinha mais dificuldade? Como fez para superar?<\/strong><\/p>\n\n\n\n<p><strong>Filipe:&nbsp;<\/strong>Inform\u00e1tica e ainda bem que ca\u00edram s\u00f3 cinco. Acho complexo demais para ser um conte\u00fado b\u00e1sico. Eu decidi escolher alguns pontos do edital e dominar o assunto, pois sabia que n\u00e3o daria tempo para olhar tudo.<\/p>\n\n\n\n<p><strong>Estrat\u00e9gia: Como foi sua rotina de estudos na semana que antecedeu a prova e no dia pr\u00e9-prova?<\/strong><\/p>\n\n\n\n<p><strong>Filipe:&nbsp;<\/strong>Na \u00faltima semana estava bem confiante. S\u00f3 revisei e fiz quest\u00f5es. Fiz bastante atividade f\u00edsica.<\/p>\n\n\n\n<p><strong>Estrat\u00e9gia: No seu concurso, al\u00e9m da prova objetiva, teve a discursiva. Como foi sua prepara\u00e7\u00e3o para esta importante parte do certame? O que voc\u00ea aconselha?<\/strong><\/p>\n\n\n\n<p><strong>Filipe:\u00a0<\/strong>Eu sabia que eu precisava estudar pensando como um Analista de Licenciamento Ambiental do <a href=\"https:\/\/www.estrategiaconcursos.com.br\/blog\/concurso-ibama\/\" target=\"_blank\" rel=\"noreferrer noopener\">Ibama<\/a>. A prova discursiva seria uma quest\u00e3o pr\u00e1tica sobre o tema. Devorei a legisla\u00e7\u00e3o sobre licenciamento ambiental (Leis, Resolu\u00e7\u00f5es, Decretos\u2026).<\/p>\n\n\n\n<p><strong>Estrat\u00e9gia: Quais foram seus principais ERROS e ACERTOS nesta trajet\u00f3ria?<\/strong><\/p>\n\n\n\n<p><strong>Filipe:&nbsp;<\/strong>Depois que tudo passa, a gente fica pensando no que poderia ter feito para ter ido melhor. Acho que acreditar no cargo e no trabalho que ir\u00e1 realizar \u00e9 fundamental para que voc\u00ea acerte mais no planejamento.<\/p>\n\n\n\n<p><strong>Estrat\u00e9gia: Chegou a pensar, por algum momento, em desistir? Se sim, qual foi sua principal motiva\u00e7\u00e3o para seguir?<\/strong><\/p>\n\n\n\n<p><strong>Filipe:&nbsp;<\/strong>Acho que a desist\u00eancia sempre passa pela nossa cabe\u00e7a quando estamos exaustos mentalmente. Eu tive o privil\u00e9gio em estar em plena Mata Atl\u00e2ntica e somente estudar para um concurso para o qual gostaria muito de passar. A natureza nos ensina a ser resiliente apesar de toda press\u00e3o externa.<\/p>\n\n\n\n<p><strong>Estrat\u00e9gia: Por fim, o que voc\u00ea aconselharia a algu\u00e9m que est\u00e1 iniciando seus estudos para concurso? Deixe sua mensagem para todos aqueles que um dia almejam chegar aonde voc\u00ea chegou!<\/strong><\/p>\n\n\n\n<p><strong>Filipe:&nbsp;<\/strong>Escolha um cargo e se imagine nele. Eu j\u00e1 estudei para <a href=\"https:\/\/www.estrategiaconcursos.com.br\/blog\/concursos-tribunais-2022\/\" target=\"_blank\" rel=\"noreferrer noopener\">Tribunais<\/a> e afins e n\u00e3o conseguia seguir nos estudos, porque n\u00e3o me dava tes\u00e3o em trabalhar nesses locais. Foque em um concurso e v\u00e1 com tudo!<\/p>\n\n\n\n<hr class=\"wp-block-separator\"\/>\n\n\n\n<p class=\"has-text-align-center has-background has-medium-font-size\" style=\"background-color:#ececec\"><strong>Mais informa\u00e7\u00f5es: <a href=\"https:\/\/www.estrategiaconcursos.com.br\/blog\/concurso-ibama\/\" target=\"_blank\" rel=\"noreferrer noopener\">Concurso IBAMA<\/a><\/strong><\/p>\n\n\n\n<div class=\"container\" id=\"boxes\">\n  <div class=\"row\">\n\n    <div class=\"col-sm\">\n      <div class=\"banner-estrategia\" id=\"box-assinatura\">\n        <h3 class=\"titulo-assinatura\">Cursos para IBAMA<\/h3>\n        <p class=\"subtitulo-assinatura\">Estude conosco<\/p>\n        <div class=\"box-botao\">\n          <a class=\"btn-assinatura\" target=\"_blank\" href=\"https:\/\/www.estrategiaconcursos.com.br\/cursosPorConcurso\/ibama-analista-61\/\" role=\"button\" rel=\"noopener noreferrer\">Conhe\u00e7a os cursos<\/a>\n        <\/div>\n      <\/div>\n     \n    <\/div>\n\n  <\/div>\n<\/div>\n\n\n\n<div class=\"container\" id=\"boxes\">\n  <div class=\"row\">\n\n    <div class=\"col-sm\">\n      <div class=\"estrategia\" id=\"box-assinatura\">\n        <h3 class=\"titulo-assinatura\">Assinatura Concursos<\/h3>\n        <p class=\"subtitulo-assinatura\">Assinatura de 1 ano ou 2 anos<\/p>\n        <div class=\"box-botao\">\n          <a class=\"btn-assinatura\" target=\"_blank\" href=\"https:\/\/www.estrategiaconcursos.com.br\/assinaturas\/\" role=\"button\" rel=\"noopener noreferrer\">ASSINE AGORA<\/a>\n        <\/div>\n      <\/div><\/div><\/div><\/div>\n\n\n\n<h2 class=\"has-text-align-center wp-block-heading\" id=\"quer-saber-tudo-sobre-concursos-previstos-confira-nossos-artigos\">Quer saber tudo sobre concursos previstos?<br \/>Confira nossos artigos!<\/h2>\n\n\n\n<ul class=\"wp-block-list\"><li><a target=\"_blank\" href=\"https:\/\/www.estrategiaconcursos.com.br\/blog\/concursos-abertos\/\" rel=\"noreferrer noopener\">Concursos abertos<\/a><\/li><li><a target=\"_blank\" href=\"https:\/\/www.estrategiaconcursos.com.br\/blog\/concursos-2022\/\" rel=\"noreferrer noopener\">Concursos 2022<\/a><\/li><\/ul>\n","protected":false},"excerpt":{"rendered":"<p>Aprovado em 1\u00b0 lugar no concurso IBAMA para o cargo de Analista Ambiental \u2013 Licenciamento Ambiental &#8211; Tema 1\/DF \u201cDepois que tudo passa, a gente fica pensando no que poderia ter feito para ter ido melhor. Acho que acreditar no cargo e no trabalho que ir\u00e1 realizar \u00e9 fundamental para que voc\u00ea acerte mais no [&hellip;]<\/p>\n","protected":false},"author":1,"featured_media":951975,"comment_status":"open","ping_status":"closed","sticky":false,"template":"","format":"standard","meta":{"post_tipo":"news","footnotes":""},"categories":[214992,220219],"tags":[],"tax_estado":[219963],"class_list":["post-997597","post","type-post","status-publish","format-standard","has-post-thumbnail","hentry","category-concursos-administrativos","category-noticias","tax_estado-concursos-federais"],"acf":[],"yoast_head":"<!-- This site is optimized with the Yoast SEO Premium plugin v27.2 (Yoast SEO v27.2) - https:\/\/yoast.com\/product\/yoast-seo-premium-wordpress\/ -->\n<title>IBAMA: entrevista com o 1\u00ba colocado para Analista Ambiental\/DF<\/title>\n<meta name=\"description\" content=\"Estrat\u00e9gia entrevista o aluno Filipe Vasconcelos, 1\u00ba colocado no concurso IBAMA no cargo de Analista Ambiental - Tema 1\/DF.\" \/>\n<meta name=\"robots\" content=\"index, follow, max-snippet:-1, max-image-preview:large, max-video-preview:-1\" \/>\n<link rel=\"canonical\" href=\"https:\/\/www.estrategiaconcursos.com.br\/blog\/concurso-ibama-aprovado-filipe-vasconcelos\/\" \/>\n<meta property=\"og:locale\" content=\"pt_BR\" \/>\n<meta property=\"og:type\" content=\"article\" \/>\n<meta property=\"og:title\" content=\"IBAMA: entrevista com o 1\u00ba colocado para Analista Ambiental\/DF\" \/>\n<meta property=\"og:description\" content=\"Estrat\u00e9gia entrevista o aluno Filipe Vasconcelos, 1\u00ba colocado no concurso IBAMA no cargo de Analista Ambiental - Tema 1\/DF.\" \/>\n<meta property=\"og:url\" content=\"https:\/\/www.estrategiaconcursos.com.br\/blog\/concurso-ibama-aprovado-filipe-vasconcelos\/\" \/>\n<meta property=\"og:site_name\" content=\"Estrat\u00e9gia Concursos\" \/>\n<meta property=\"article:author\" content=\"https:\/\/www.facebook.com\/EstrategiaConcursos\" \/>\n<meta property=\"article:published_time\" content=\"2022-03-29T15:02:00+00:00\" \/>\n<meta property=\"article:modified_time\" content=\"2022-03-30T15:06:03+00:00\" \/>\n<meta property=\"og:image\" content=\"https:\/\/dhg1h5j42swfq.cloudfront.net\/2022\/01\/21150137\/ibama-1.jpg\" \/>\n\t<meta property=\"og:image:width\" content=\"300\" \/>\n\t<meta property=\"og:image:height\" content=\"168\" \/>\n\t<meta property=\"og:image:type\" content=\"image\/jpeg\" \/>\n<meta name=\"author\" content=\"Coordena\u00e7\u00e3o\" \/>\n<meta name=\"twitter:card\" content=\"summary_large_image\" \/>\n<meta name=\"twitter:creator\" content=\"@EstratConcursos\" \/>\n<meta name=\"twitter:site\" content=\"@EstratConcursos\" \/>\n<meta name=\"twitter:label1\" content=\"Escrito por\" \/>\n\t<meta name=\"twitter:data1\" content=\"Coordena\u00e7\u00e3o\" \/>\n\t<meta name=\"twitter:label2\" content=\"Est. tempo de leitura\" \/>\n\t<meta name=\"twitter:data2\" content=\"7 minutos\" \/>\n<script type=\"application\/ld+json\" class=\"yoast-schema-graph\">{\"@context\":\"https:\/\/schema.org\",\"@graph\":[{\"@type\":\"NewsArticle\",\"@id\":\"https:\/\/www.estrategiaconcursos.com.br\/blog\/concurso-ibama-aprovado-filipe-vasconcelos\/#article\",\"isPartOf\":{\"@id\":\"https:\/\/www.estrategiaconcursos.com.br\/blog\/concurso-ibama-aprovado-filipe-vasconcelos\/\"},\"author\":{\"name\":\"Coordena\u00e7\u00e3o\",\"@id\":\"https:\/\/www.estrategiaconcursos.com.br\/blog\/#\/schema\/person\/b4a388c97673c5f483d72185668afa1f\"},\"headline\":\"IBAMA: entrevista com o 1\u00ba colocado para Analista Ambiental\/DF\",\"datePublished\":\"2022-03-29T15:02:00+00:00\",\"dateModified\":\"2022-03-30T15:06:03+00:00\",\"mainEntityOfPage\":{\"@id\":\"https:\/\/www.estrategiaconcursos.com.br\/blog\/concurso-ibama-aprovado-filipe-vasconcelos\/\"},\"wordCount\":1343,\"commentCount\":0,\"publisher\":{\"@id\":\"https:\/\/www.estrategiaconcursos.com.br\/blog\/#organization\"},\"image\":{\"@id\":\"https:\/\/www.estrategiaconcursos.com.br\/blog\/concurso-ibama-aprovado-filipe-vasconcelos\/#primaryimage\"},\"thumbnailUrl\":\"https:\/\/dhg1h5j42swfq.cloudfront.net\/2022\/01\/21150137\/ibama-1.jpg\",\"articleSection\":[\"Executivo (Administrativa)\",\"\u00daltimas not\u00edcias\"],\"inLanguage\":\"pt-BR\",\"potentialAction\":[{\"@type\":\"CommentAction\",\"name\":\"Comment\",\"target\":[\"https:\/\/www.estrategiaconcursos.com.br\/blog\/concurso-ibama-aprovado-filipe-vasconcelos\/#respond\"]}],\"copyrightYear\":\"2022\",\"copyrightHolder\":{\"@id\":\"https:\/\/www.estrategiaconcursos.com.br\/blog\/#organization\"}},{\"@type\":\"WebPage\",\"@id\":\"https:\/\/www.estrategiaconcursos.com.br\/blog\/concurso-ibama-aprovado-filipe-vasconcelos\/\",\"url\":\"https:\/\/www.estrategiaconcursos.com.br\/blog\/concurso-ibama-aprovado-filipe-vasconcelos\/\",\"name\":\"IBAMA: entrevista com o 1\u00ba colocado para Analista Ambiental\/DF\",\"isPartOf\":{\"@id\":\"https:\/\/www.estrategiaconcursos.com.br\/blog\/#website\"},\"primaryImageOfPage\":{\"@id\":\"https:\/\/www.estrategiaconcursos.com.br\/blog\/concurso-ibama-aprovado-filipe-vasconcelos\/#primaryimage\"},\"image\":{\"@id\":\"https:\/\/www.estrategiaconcursos.com.br\/blog\/concurso-ibama-aprovado-filipe-vasconcelos\/#primaryimage\"},\"thumbnailUrl\":\"https:\/\/dhg1h5j42swfq.cloudfront.net\/2022\/01\/21150137\/ibama-1.jpg\",\"datePublished\":\"2022-03-29T15:02:00+00:00\",\"dateModified\":\"2022-03-30T15:06:03+00:00\",\"description\":\"Estrat\u00e9gia entrevista o aluno Filipe Vasconcelos, 1\u00ba colocado no concurso IBAMA no cargo de Analista Ambiental - Tema 1\/DF.\",\"breadcrumb\":{\"@id\":\"https:\/\/www.estrategiaconcursos.com.br\/blog\/concurso-ibama-aprovado-filipe-vasconcelos\/#breadcrumb\"},\"inLanguage\":\"pt-BR\",\"potentialAction\":[{\"@type\":\"ReadAction\",\"target\":[\"https:\/\/www.estrategiaconcursos.com.br\/blog\/concurso-ibama-aprovado-filipe-vasconcelos\/\"]}]},{\"@type\":\"ImageObject\",\"inLanguage\":\"pt-BR\",\"@id\":\"https:\/\/www.estrategiaconcursos.com.br\/blog\/concurso-ibama-aprovado-filipe-vasconcelos\/#primaryimage\",\"url\":\"https:\/\/dhg1h5j42swfq.cloudfront.net\/2022\/01\/21150137\/ibama-1.jpg\",\"contentUrl\":\"https:\/\/dhg1h5j42swfq.cloudfront.net\/2022\/01\/21150137\/ibama-1.jpg\",\"width\":300,\"height\":168,\"caption\":\"IBAMA nomea\u00e7\u00f5es\"},{\"@type\":\"BreadcrumbList\",\"@id\":\"https:\/\/www.estrategiaconcursos.com.br\/blog\/concurso-ibama-aprovado-filipe-vasconcelos\/#breadcrumb\",\"itemListElement\":[{\"@type\":\"ListItem\",\"position\":1,\"name\":\"In\u00edcio\",\"item\":\"https:\/\/www.estrategiaconcursos.com.br\/blog\/\"},{\"@type\":\"ListItem\",\"position\":2,\"name\":\"IBAMA: entrevista com o 1\u00ba colocado para Analista Ambiental\/DF\"}]},{\"@type\":\"WebSite\",\"@id\":\"https:\/\/www.estrategiaconcursos.com.br\/blog\/#website\",\"url\":\"https:\/\/www.estrategiaconcursos.com.br\/blog\/\",\"name\":\"Estrat\u00e9gia Concursos\",\"description\":\"O blog da Estrat\u00e9gia Concursos traz not\u00edcias sobre concursos e artigos de professores oferecendo cursos para concursos (pdf + videaulas) no site.\",\"publisher\":{\"@id\":\"https:\/\/www.estrategiaconcursos.com.br\/blog\/#organization\"},\"potentialAction\":[{\"@type\":\"SearchAction\",\"target\":{\"@type\":\"EntryPoint\",\"urlTemplate\":\"https:\/\/www.estrategiaconcursos.com.br\/blog\/?s={search_term_string}\"},\"query-input\":{\"@type\":\"PropertyValueSpecification\",\"valueRequired\":true,\"valueName\":\"search_term_string\"}}],\"inLanguage\":\"pt-BR\"},{\"@type\":\"Organization\",\"@id\":\"https:\/\/www.estrategiaconcursos.com.br\/blog\/#organization\",\"name\":\"Estrat\u00e9gia Concursos\",\"url\":\"https:\/\/www.estrategiaconcursos.com.br\/blog\/\",\"logo\":{\"@type\":\"ImageObject\",\"inLanguage\":\"pt-BR\",\"@id\":\"https:\/\/www.estrategiaconcursos.com.br\/blog\/#\/schema\/logo\/image\/\",\"url\":\"https:\/\/dhg1h5j42swfq.cloudfront.net\/2025\/06\/03203428\/logo_concursos-1.jpg\",\"contentUrl\":\"https:\/\/dhg1h5j42swfq.cloudfront.net\/2025\/06\/03203428\/logo_concursos-1.jpg\",\"width\":230,\"height\":60,\"caption\":\"Estrat\u00e9gia Concursos\"},\"image\":{\"@id\":\"https:\/\/www.estrategiaconcursos.com.br\/blog\/#\/schema\/logo\/image\/\"},\"sameAs\":[\"https:\/\/x.com\/EstratConcursos\"]},{\"@type\":\"Person\",\"@id\":\"https:\/\/www.estrategiaconcursos.com.br\/blog\/#\/schema\/person\/b4a388c97673c5f483d72185668afa1f\",\"name\":\"Coordena\u00e7\u00e3o\",\"image\":{\"@type\":\"ImageObject\",\"inLanguage\":\"pt-BR\",\"@id\":\"https:\/\/secure.gravatar.com\/avatar\/b720319e4c9a967eb58678d110f4fe35452fc5d5f97b202bac7b8acceb18c6ad?s=96&d=mm&r=g\",\"url\":\"https:\/\/secure.gravatar.com\/avatar\/b720319e4c9a967eb58678d110f4fe35452fc5d5f97b202bac7b8acceb18c6ad?s=96&d=mm&r=g\",\"contentUrl\":\"https:\/\/secure.gravatar.com\/avatar\/b720319e4c9a967eb58678d110f4fe35452fc5d5f97b202bac7b8acceb18c6ad?s=96&d=mm&r=g\",\"caption\":\"Coordena\u00e7\u00e3o\"},\"sameAs\":[\"https:\/\/www.facebook.com\/EstrategiaConcursos\",\"https:\/\/x.com\/EstratConcursos\"],\"url\":\"https:\/\/www.estrategiaconcursos.com.br\/blog\/author\/estrategia2013\/\"}]}<\/script>\n<!-- \/ Yoast SEO Premium plugin. -->","yoast_head_json":{"title":"IBAMA: entrevista com o 1\u00ba colocado para Analista Ambiental\/DF","description":"Estrat\u00e9gia entrevista o aluno Filipe Vasconcelos, 1\u00ba colocado no concurso IBAMA no cargo de Analista Ambiental - Tema 1\/DF.","robots":{"index":"index","follow":"follow","max-snippet":"max-snippet:-1","max-image-preview":"max-image-preview:large","max-video-preview":"max-video-preview:-1"},"canonical":"https:\/\/www.estrategiaconcursos.com.br\/blog\/concurso-ibama-aprovado-filipe-vasconcelos\/","og_locale":"pt_BR","og_type":"article","og_title":"IBAMA: entrevista com o 1\u00ba colocado para Analista Ambiental\/DF","og_description":"Estrat\u00e9gia entrevista o aluno Filipe Vasconcelos, 1\u00ba colocado no concurso IBAMA no cargo de Analista Ambiental - Tema 1\/DF.","og_url":"https:\/\/www.estrategiaconcursos.com.br\/blog\/concurso-ibama-aprovado-filipe-vasconcelos\/","og_site_name":"Estrat\u00e9gia Concursos","article_author":"https:\/\/www.facebook.com\/EstrategiaConcursos","article_published_time":"2022-03-29T15:02:00+00:00","article_modified_time":"2022-03-30T15:06:03+00:00","og_image":[{"width":300,"height":168,"url":"https:\/\/dhg1h5j42swfq.cloudfront.net\/2022\/01\/21150137\/ibama-1.jpg","type":"image\/jpeg"}],"author":"Coordena\u00e7\u00e3o","twitter_card":"summary_large_image","twitter_creator":"@EstratConcursos","twitter_site":"@EstratConcursos","twitter_misc":{"Escrito por":"Coordena\u00e7\u00e3o","Est. tempo de leitura":"7 minutos"},"schema":{"@context":"https:\/\/schema.org","@graph":[{"@type":"NewsArticle","@id":"https:\/\/www.estrategiaconcursos.com.br\/blog\/concurso-ibama-aprovado-filipe-vasconcelos\/#article","isPartOf":{"@id":"https:\/\/www.estrategiaconcursos.com.br\/blog\/concurso-ibama-aprovado-filipe-vasconcelos\/"},"author":{"name":"Coordena\u00e7\u00e3o","@id":"https:\/\/www.estrategiaconcursos.com.br\/blog\/#\/schema\/person\/b4a388c97673c5f483d72185668afa1f"},"headline":"IBAMA: entrevista com o 1\u00ba colocado para Analista Ambiental\/DF","datePublished":"2022-03-29T15:02:00+00:00","dateModified":"2022-03-30T15:06:03+00:00","mainEntityOfPage":{"@id":"https:\/\/www.estrategiaconcursos.com.br\/blog\/concurso-ibama-aprovado-filipe-vasconcelos\/"},"wordCount":1343,"commentCount":0,"publisher":{"@id":"https:\/\/www.estrategiaconcursos.com.br\/blog\/#organization"},"image":{"@id":"https:\/\/www.estrategiaconcursos.com.br\/blog\/concurso-ibama-aprovado-filipe-vasconcelos\/#primaryimage"},"thumbnailUrl":"https:\/\/dhg1h5j42swfq.cloudfront.net\/2022\/01\/21150137\/ibama-1.jpg","articleSection":["Executivo (Administrativa)","\u00daltimas not\u00edcias"],"inLanguage":"pt-BR","potentialAction":[{"@type":"CommentAction","name":"Comment","target":["https:\/\/www.estrategiaconcursos.com.br\/blog\/concurso-ibama-aprovado-filipe-vasconcelos\/#respond"]}],"copyrightYear":"2022","copyrightHolder":{"@id":"https:\/\/www.estrategiaconcursos.com.br\/blog\/#organization"}},{"@type":"WebPage","@id":"https:\/\/www.estrategiaconcursos.com.br\/blog\/concurso-ibama-aprovado-filipe-vasconcelos\/","url":"https:\/\/www.estrategiaconcursos.com.br\/blog\/concurso-ibama-aprovado-filipe-vasconcelos\/","name":"IBAMA: entrevista com o 1\u00ba colocado para Analista Ambiental\/DF","isPartOf":{"@id":"https:\/\/www.estrategiaconcursos.com.br\/blog\/#website"},"primaryImageOfPage":{"@id":"https:\/\/www.estrategiaconcursos.com.br\/blog\/concurso-ibama-aprovado-filipe-vasconcelos\/#primaryimage"},"image":{"@id":"https:\/\/www.estrategiaconcursos.com.br\/blog\/concurso-ibama-aprovado-filipe-vasconcelos\/#primaryimage"},"thumbnailUrl":"https:\/\/dhg1h5j42swfq.cloudfront.net\/2022\/01\/21150137\/ibama-1.jpg","datePublished":"2022-03-29T15:02:00+00:00","dateModified":"2022-03-30T15:06:03+00:00","description":"Estrat\u00e9gia entrevista o aluno Filipe Vasconcelos, 1\u00ba colocado no concurso IBAMA no cargo de Analista Ambiental - Tema 1\/DF.","breadcrumb":{"@id":"https:\/\/www.estrategiaconcursos.com.br\/blog\/concurso-ibama-aprovado-filipe-vasconcelos\/#breadcrumb"},"inLanguage":"pt-BR","potentialAction":[{"@type":"ReadAction","target":["https:\/\/www.estrategiaconcursos.com.br\/blog\/concurso-ibama-aprovado-filipe-vasconcelos\/"]}]},{"@type":"ImageObject","inLanguage":"pt-BR","@id":"https:\/\/www.estrategiaconcursos.com.br\/blog\/concurso-ibama-aprovado-filipe-vasconcelos\/#primaryimage","url":"https:\/\/dhg1h5j42swfq.cloudfront.net\/2022\/01\/21150137\/ibama-1.jpg","contentUrl":"https:\/\/dhg1h5j42swfq.cloudfront.net\/2022\/01\/21150137\/ibama-1.jpg","width":300,"height":168,"caption":"IBAMA nomea\u00e7\u00f5es"},{"@type":"BreadcrumbList","@id":"https:\/\/www.estrategiaconcursos.com.br\/blog\/concurso-ibama-aprovado-filipe-vasconcelos\/#breadcrumb","itemListElement":[{"@type":"ListItem","position":1,"name":"In\u00edcio","item":"https:\/\/www.estrategiaconcursos.com.br\/blog\/"},{"@type":"ListItem","position":2,"name":"IBAMA: entrevista com o 1\u00ba colocado para Analista Ambiental\/DF"}]},{"@type":"WebSite","@id":"https:\/\/www.estrategiaconcursos.com.br\/blog\/#website","url":"https:\/\/www.estrategiaconcursos.com.br\/blog\/","name":"Estrat\u00e9gia Concursos","description":"O blog da Estrat\u00e9gia Concursos traz not\u00edcias sobre concursos e artigos de professores oferecendo cursos para concursos (pdf + videaulas) no site.","publisher":{"@id":"https:\/\/www.estrategiaconcursos.com.br\/blog\/#organization"},"potentialAction":[{"@type":"SearchAction","target":{"@type":"EntryPoint","urlTemplate":"https:\/\/www.estrategiaconcursos.com.br\/blog\/?s={search_term_string}"},"query-input":{"@type":"PropertyValueSpecification","valueRequired":true,"valueName":"search_term_string"}}],"inLanguage":"pt-BR"},{"@type":"Organization","@id":"https:\/\/www.estrategiaconcursos.com.br\/blog\/#organization","name":"Estrat\u00e9gia Concursos","url":"https:\/\/www.estrategiaconcursos.com.br\/blog\/","logo":{"@type":"ImageObject","inLanguage":"pt-BR","@id":"https:\/\/www.estrategiaconcursos.com.br\/blog\/#\/schema\/logo\/image\/","url":"https:\/\/dhg1h5j42swfq.cloudfront.net\/2025\/06\/03203428\/logo_concursos-1.jpg","contentUrl":"https:\/\/dhg1h5j42swfq.cloudfront.net\/2025\/06\/03203428\/logo_concursos-1.jpg","width":230,"height":60,"caption":"Estrat\u00e9gia Concursos"},"image":{"@id":"https:\/\/www.estrategiaconcursos.com.br\/blog\/#\/schema\/logo\/image\/"},"sameAs":["https:\/\/x.com\/EstratConcursos"]},{"@type":"Person","@id":"https:\/\/www.estrategiaconcursos.com.br\/blog\/#\/schema\/person\/b4a388c97673c5f483d72185668afa1f","name":"Coordena\u00e7\u00e3o","image":{"@type":"ImageObject","inLanguage":"pt-BR","@id":"https:\/\/secure.gravatar.com\/avatar\/b720319e4c9a967eb58678d110f4fe35452fc5d5f97b202bac7b8acceb18c6ad?s=96&d=mm&r=g","url":"https:\/\/secure.gravatar.com\/avatar\/b720319e4c9a967eb58678d110f4fe35452fc5d5f97b202bac7b8acceb18c6ad?s=96&d=mm&r=g","contentUrl":"https:\/\/secure.gravatar.com\/avatar\/b720319e4c9a967eb58678d110f4fe35452fc5d5f97b202bac7b8acceb18c6ad?s=96&d=mm&r=g","caption":"Coordena\u00e7\u00e3o"},"sameAs":["https:\/\/www.facebook.com\/EstrategiaConcursos","https:\/\/x.com\/EstratConcursos"],"url":"https:\/\/www.estrategiaconcursos.com.br\/blog\/author\/estrategia2013\/"}]}},"_links":{"self":[{"href":"https:\/\/www.estrategiaconcursos.com.br\/blog\/wp-json\/wp\/v2\/posts\/997597","targetHints":{"allow":["GET"]}}],"collection":[{"href":"https:\/\/www.estrategiaconcursos.com.br\/blog\/wp-json\/wp\/v2\/posts"}],"about":[{"href":"https:\/\/www.estrategiaconcursos.com.br\/blog\/wp-json\/wp\/v2\/types\/post"}],"author":[{"embeddable":true,"href":"https:\/\/www.estrategiaconcursos.com.br\/blog\/wp-json\/wp\/v2\/users\/1"}],"replies":[{"embeddable":true,"href":"https:\/\/www.estrategiaconcursos.com.br\/blog\/wp-json\/wp\/v2\/comments?post=997597"}],"version-history":[{"count":7,"href":"https:\/\/www.estrategiaconcursos.com.br\/blog\/wp-json\/wp\/v2\/posts\/997597\/revisions"}],"predecessor-version":[{"id":997616,"href":"https:\/\/www.estrategiaconcursos.com.br\/blog\/wp-json\/wp\/v2\/posts\/997597\/revisions\/997616"}],"wp:featuredmedia":[{"embeddable":true,"href":"https:\/\/www.estrategiaconcursos.com.br\/blog\/wp-json\/wp\/v2\/media\/951975"}],"wp:attachment":[{"href":"https:\/\/www.estrategiaconcursos.com.br\/blog\/wp-json\/wp\/v2\/media?parent=997597"}],"wp:term":[{"taxonomy":"category","embeddable":true,"href":"https:\/\/www.estrategiaconcursos.com.br\/blog\/wp-json\/wp\/v2\/categories?post=997597"},{"taxonomy":"post_tag","embeddable":true,"href":"https:\/\/www.estrategiaconcursos.com.br\/blog\/wp-json\/wp\/v2\/tags?post=997597"},{"taxonomy":"tax_estado","embeddable":true,"href":"https:\/\/www.estrategiaconcursos.com.br\/blog\/wp-json\/wp\/v2\/tax_estado?post=997597"}],"curies":[{"name":"wp","href":"https:\/\/api.w.org\/{rel}","templated":true}]}}