{"id":99747,"date":"2018-06-11T00:00:01","date_gmt":"2018-06-11T03:00:01","guid":{"rendered":"https:\/\/www.estrategiaconcursos.com.br\/blog\/?p=99747"},"modified":"2023-07-24T17:04:51","modified_gmt":"2023-07-24T20:04:51","slug":"edital-juiz-federal-trf3","status":"publish","type":"post","link":"https:\/\/www.estrategiaconcursos.com.br\/blog\/edital-juiz-federal-trf3\/","title":{"rendered":"Concurso TRF3 Juiz Federal: \u00f3rg\u00e3o divulga gabarito oficial da prova objetiva"},"content":{"rendered":"\n<p>Saiu o gabarito oficial da primeira fase do&nbsp;<strong><em>concurso TRF3 Juiz Federal!&nbsp;<\/em><\/strong>A publica\u00e7\u00e3o foi feita no Di\u00e1rio Oficial Eletr\u00f4nico do \u00f3rg\u00e3o em 12 de junho.<\/p>\n\n\n\n<p>A primeira etapa do certame, que consistiu em uma prova objetiva, j\u00e1 foi conclu\u00edda. Agora,&nbsp;agora os candidatos se preparam intensivamente para garantir um bom desempenho na segunda etapa, que \u00e9 composta por provas&nbsp;escritas.<\/p>\n\n\n\n<p><strong>&nbsp;<\/strong>A data j\u00e1 foi definida e deve<strong>&nbsp;<\/strong>ocorrer entre os dias&nbsp;<strong><em>12<\/em><\/strong><strong>&nbsp;<\/strong>e&nbsp;<strong><em>14&nbsp;<\/em><\/strong><strong><em>de outubro de 2018<\/em><\/strong>. O edital do concurso TRF3 Juiz Federal&nbsp;foi publicado<strong><em>&nbsp;<\/em><\/strong>no dia 5 de abril de 2018. O certame compreende as Se\u00e7\u00f5es Judici\u00e1rias dos Estados de S\u00e3o Paulo e Mato Grosso do Sul.<\/p>\n\n\n\n<p>S\u00e3o<strong> 107 vagas<\/strong>, dentre as quais 5 ser\u00e3o destinadas a pessoas com defici\u00eancia e 21 a candidatos que se autodeclararem negros ou pardos na inscri\u00e7\u00e3o preliminar.<\/p>\n\n\n\n<p>O gabarito oficial est\u00e1 dispon\u00edvel no fim da p\u00e1gina. Aproveite a se inscreva em nosso Ranking classificat\u00f3rio.<\/p>\n\n\n\n<h2 class=\"wp-block-heading\" id=\"h-confira-aqui-a-analise-de-edital\"><a href=\"https:\/\/youtu.be\/wQrMFUmM0bE\" target=\"_blank\" rel=\"noopener noreferrer\">Confira aqui a An\u00e1lise de Edital!<\/a><\/h2>\n\n\n\n<h2 class=\"wp-block-heading\" id=\"h-requisitos-para-o-cargo\">Requisitos para o cargo<\/h2>\n\n\n\n<p><span style=\"color: #000000;\">Segundo o edital do \u00faltimo concurso <strong><em>&nbsp;TRF3&nbsp;Juiz Federal<\/em><\/strong>, datado de 2015, al\u00e9m da <em>aprova\u00e7\u00e3o<\/em> no certame, s\u00e3o requisitos para o ingresso na carreira:<\/span><\/p>\n\n\n\n<p><span style=\"color: #000000;\">1. Estar no exerc\u00edcio dos direitos civis e pol\u00edticos;<\/span><\/p>\n\n\n\n<p><span style=\"color: #000000;\">2. Ter nacionalidade brasileira ou portuguesa (neste caso, amparado pelo estatuto de igualdade entre portugueses e brasileiros, com reconhecimento do gozo dos direitos pol\u00edticos);<\/span><\/p>\n\n\n\n<p><span style=\"color: #000000;\">3. Estar em dia com as obriga\u00e7\u00f5es eleitorais e militares (no caso de candidato do sexo masculino);<\/span><\/p>\n\n\n\n<p><span style=\"color: #000000;\">4. Ser bacharel em Direito no m\u00ednimo h\u00e1 <em><strong>tr\u00eas anos<\/strong><\/em>, por institui\u00e7\u00e3o de ensino superior, oficial ou reconhecida, com diploma registrado na forma da lei;<\/span><\/p>\n\n\n\n<p><span style=\"color: #000000;\">5. Na ocasi\u00e3o da inscri\u00e7\u00e3o definitiva, ter no&nbsp;<strong><em>m\u00ednimo<\/em><\/strong>&nbsp;<strong><em>tr\u00eas anos de atividade jur\u00eddica<\/em><\/strong>, exercida ap\u00f3s a obten\u00e7\u00e3o do grau de bacharel em Direito, de acordo com as formalidades legais e respectiva documenta\u00e7\u00e3o comprobat\u00f3ria;<\/span><\/p>\n\n\n\n<p><span style=\"color: #000000;\">6. Ter aptid\u00e3o f\u00edsica e mental para o exerc\u00edcio do cargo;<\/span><\/p>\n\n\n\n<p><span style=\"color: #000000;\">7.&nbsp;Ter comprovados, no investiga\u00e7\u00e3o procedida pelo Tribunal Regional Federal da 3\u00aa Regi\u00e3o, bons antecedentes morais e sociais, assim como, de acordo com laudo emitido por \u00f3rg\u00e3o oficial, sa\u00fade f\u00edsica e mental e caracter\u00edsticas psicol\u00f3gicas adequadas ao exerc\u00edcio do cargo;<\/span><\/p>\n\n\n\n<p><span style=\"color: #000000;\">8.&nbsp;Apresentar declara\u00e7\u00e3o p\u00fablica de bens e prestar compromisso de desempenhar, com retid\u00e3o, as fun\u00e7\u00f5es do cargo, cumprindo a Constitui\u00e7\u00e3o e as leis.<\/span><\/p>\n\n\n\n<p><span style=\"color: #000000;\">9. N\u00e3o registrar antecedentes criminais.<\/span><\/p>\n\n\n\n<p><span style=\"color: #000000;\">10. Cumprir as determina\u00e7\u00f5es do edital.<\/span><\/p>\n\n\n\n<h2 class=\"wp-block-heading\" id=\"h-etapas-do-concurso\">Etapas do Concurso<\/h2>\n\n\n\n<p><strong><em>1\u00aa Etapa<\/em><\/strong>: Prova objetiva seletiva (eliminat\u00f3ria e classificat\u00f3ria).<\/p>\n\n\n\n<p><strong><em>2\u00aa Etapa<\/em><\/strong>: Duas provas escritas (eliminat\u00f3rias e classificat\u00f3rias).<\/p>\n\n\n\n<p><strong><em>3\u00aa Etapa<\/em><\/strong>: Inscri\u00e7\u00e3o definitiva: dividida em tr\u00eas fases (car\u00e1ter eliminat\u00f3rio):<\/p>\n\n\n\n<p><em>a) Sindic\u00e2ncia da vida pregressaeinvestiga\u00e7\u00e3o social;<\/em><\/p>\n\n\n\n<p><em>b) Exame desanidadef\u00edsicae mental;<\/em><\/p>\n\n\n\n<p><em>c) Exame psicot\u00e9cnico.<\/em><\/p>\n\n\n\n<p><strong><em>4\u00aa Etapa<\/em><\/strong>: Prova oral (eliminat\u00f3ria e classificat\u00f3ria).<\/p>\n\n\n\n<p><strong><em>5\u00aa Etapa<\/em><\/strong>: Avalia\u00e7\u00e3o de t\u00edtulos (classificat\u00f3ria).<\/p>\n\n\n\n<h2 class=\"wp-block-heading\" id=\"h-as-provas\">As Provas<\/h2>\n\n\n\n<h3 class=\"wp-block-heading\" id=\"h-prova-objetiva\">Prova Objetiva<\/h3>\n\n\n\n<p>Ter\u00e1 dura\u00e7\u00e3o de&nbsp;<strong><em>5 horas<\/em><\/strong><strong>&nbsp;<\/strong>e ser\u00e1 composta por&nbsp;<strong><em>100 quest\u00f5es objetivas<\/em><\/strong>, distribu\u00eddas em&nbsp;<strong><em>tr\u00eas blocos de disciplinas<\/em><\/strong>:<\/p>\n\n\n\n<p><strong>BLOCO I&nbsp;(35 quest\u00f5es)<\/strong><\/p>\n\n\n\n<p>Direito Constitucional;<br \/>Direito Previdenci\u00e1rio;<br \/>Direito Penal;<br \/>Direito Processual Penal;<br \/>Direito Econ\u00f4mico e de Prote\u00e7\u00e3o ao Consumidor.<\/p>\n\n\n\n<p><strong>BLOCO II&nbsp;(35 quest\u00f5es)<\/strong><\/p>\n\n\n\n<p>Direito Civil;<br \/>Direito ProcessualCivil;<br \/>Direito Empresarial;<br \/>Direito Financeiro e Tribut\u00e1rio.<\/p>\n\n\n\n<p><strong>BLOCO III&nbsp;(30 quest\u00f5es)<\/strong><\/p>\n\n\n\n<p>Direito Administrativo;<br \/>Direito Ambiental;<br \/>Direito Internacional P\u00fablico e Privado.<\/p>\n\n\n\n<p>Para ser habilitado na prova objetiva, o candidato dever\u00e1 acertar, no m\u00ednimo, 30% das quest\u00f5es de cada bloco e 6o% total de quest\u00f5es.<\/p>\n\n\n\n<p>Ser\u00e3o classificados para a pr\u00f3xima fase, os 200 melhores colocados se o concurso tiver at\u00e9 1500 inscritos ou os 300 candidatos de maiores notas se o certame ultrapassar 1500 inscritos.<\/p>\n\n\n\n<p>Os empates ser\u00e3o respeitados. Ser\u00e3o divulgadas listas pr\u00f3prias para os candidatos \u00e0 reserva de vagas para pessoas com defici\u00eancia e autodeclarados negros.<\/p>\n\n\n\n<h2 class=\"wp-block-heading\" id=\"h-\">&nbsp;<\/h2>\n\n\n\n<h3 class=\"wp-block-heading\" id=\"h-provas-escritas\">Provas escritas<\/h3>\n\n\n\n<p>As provas escritas, de car\u00e1ter discursivo, ter\u00e3o dura\u00e7\u00e3o m\u00e1xima de <strong>5<\/strong>&nbsp;<strong><em>horas<\/em><\/strong> e ser\u00e3o realizadas em dias distintos.<\/p>\n\n\n\n<p><span style=\"font-size: 14pt;\"><em><strong>Primeira Prova (Discursiva)<\/strong><\/em><\/span><\/p>\n\n\n\n<p><strong><em>I)<\/em><\/strong> Quest\u00f5es relativas a no\u00e7\u00f5es gerais de Direito e forma\u00e7\u00e3o human\u00edstica;<br \/><strong><em>II)<\/em><\/strong> Quest\u00f5es sobre quaisquer pontos do programa espec\u00edfico do respectivo ramo do Poder Judici\u00e1rio nacional.<\/p>\n\n\n\n<p><span style=\"font-size: 14pt;\"><em><strong>Segunda Prova (Senten\u00e7a)<\/strong><\/em><\/span><\/p>\n\n\n\n<p>A segunda prova ser\u00e1 aplicada em&nbsp;<strong><em>dois<\/em><\/strong>&nbsp;<strong><em>dias<\/em><\/strong><strong>&nbsp;<\/strong>e consistir\u00e1 na elabora\u00e7\u00e3o de duas&nbsp;<strong><em>senten\u00e7as<\/em><\/strong>, uma c\u00edvel e outra criminal.<\/p>\n\n\n\n<p>Nas provas escritas ser\u00e1 permitida a consulta \u00e0 legisla\u00e7\u00e3o n\u00e3o comentada ou anotada.<\/p>\n\n\n\n<p>Cada prova valer\u00e1 at\u00e9&nbsp;<strong><em>10 pontos<\/em><\/strong>. Para passar \u00e0 pr\u00f3xima fase, os candidatos devem atingir, na prova discursiva e nas duas provas de senten\u00e7a, a nota m\u00ednima de&nbsp;<strong><em>6 pontos<\/em><\/strong><strong>.<\/strong><\/p>\n\n\n\n<h3 class=\"wp-block-heading\" id=\"h-prova-oral\">Prova oral<\/h3>\n\n\n\n<p>Ap\u00f3s a fase de Inscri\u00e7\u00e3o Definitiva, os candidatos ser\u00e3o convocados para a Prova Oral. O programa ser\u00e1 divulgado com a anteced\u00eancia m\u00ednima de 5 dias antes da data prevista para a prova.<\/p>\n\n\n\n<p>Os candidatos ser\u00e3o arguidos, por cada examinador por at\u00e9 15 minutos, sobre temas constantes no programa das provas discursivas. A nota ser\u00e1 computada de 0 a 10 pontos em cada argui\u00e7\u00e3o, e depois ser\u00e1 feita a m\u00e9dia das notas. Para ser considerado aprovado, o candidato dever\u00e1 atingir a nota m\u00ednima de 6 pontos.<\/p>\n\n\n\n<h3 class=\"wp-block-heading\" id=\"h-avaliacao-de-titulos\">Avalia\u00e7\u00e3o de T\u00edtulos<\/h3>\n\n\n\n<p>A documenta\u00e7\u00e3o relativa aos t\u00edtulos, que incluem atividades profissionais e acad\u00eamicas, dever\u00e1 ser entregue na fase de Inscri\u00e7\u00e3o Definitiva, onde tamb\u00e9m se comprova que o candidato est\u00e1 de acordo com os requisitos para o cargo.<\/p>\n\n\n\n<p>Ser\u00e1 atribu\u00edda a nota m\u00e1xima de&nbsp;<strong><em>10 pontos<\/em><\/strong><strong>&nbsp;<\/strong>para os t\u00edtulos. Confira a lista completa no arquivo do regulamento que disponibilizamos no fim da p\u00e1gina.<\/p>\n\n\n\n<h2 class=\"wp-block-heading\" id=\"h-calculo-da-media-final\">C\u00e1lculo da m\u00e9dia final<\/h2>\n\n\n\n<p>A m\u00e9dia final do concurso ser\u00e1 calculada de acordo com a seguinte pondera\u00e7\u00e3o:<\/p>\n\n\n\n<p><strong><em>I)<\/em><\/strong> <em>Prova Objetiva Seletiva: peso 1<\/em>;<\/p>\n\n\n\n<p><strong><em>II)<\/em><\/strong> <em>Provas Escritas (2)<\/em>: <em>peso 3 para cada prova;<\/em><\/p>\n\n\n\n<p><strong><em>III)<\/em><\/strong> <em>Prova Oral: peso 2;<\/em><\/p>\n\n\n\n<p><strong>IV<span style=\"text-decoration: underline;\">)<\/span><\/strong> <em>Prova de t\u00edtulos: peso 1.<\/em><\/p>\n\n\n\n<h2 class=\"wp-block-heading\" id=\"h-comissao-do-concurso\">Comiss\u00e3o do concurso<\/h2>\n\n\n\n<figure class=\"wp-block-image\"><img loading=\"lazy\" decoding=\"async\" width=\"1693\" height=\"973\" src=\"https:\/\/dhg1h5j42swfq.cloudfront.net\/2017\/12\/19072652\/Concurso-Juiz-Federal-TRF3.jpg\" alt=\"\" class=\"wp-image-99750\" srcset=\"https:\/\/dhg1h5j42swfq.cloudfront.net\/2017\/12\/19072652\/Concurso-Juiz-Federal-TRF3.jpg 1693w, https:\/\/dhg1h5j42swfq.cloudfront.net\/2017\/12\/19072652\/Concurso-Juiz-Federal-TRF3.jpg 300w, https:\/\/dhg1h5j42swfq.cloudfront.net\/2017\/12\/19072652\/Concurso-Juiz-Federal-TRF3.jpg 768w, https:\/\/dhg1h5j42swfq.cloudfront.net\/2017\/12\/19072652\/Concurso-Juiz-Federal-TRF3.jpg 1024w, https:\/\/dhg1h5j42swfq.cloudfront.net\/2017\/12\/19072652\/Concurso-Juiz-Federal-TRF3.jpg 610w\" sizes=\"auto, (max-width: 1693px) 100vw, 1693px\" \/><\/figure>\n\n\n\n<hr class=\"wp-block-separator has-alpha-channel-opacity\"\/>\n\n\n\n<h2 class=\"wp-block-heading\" id=\"h-o-ultimo-concurso-trf3-juiz-federal\">O \u00faltimo concurso&nbsp; TRF3&nbsp;Juiz Federal<\/h2>\n\n\n\n<p><span style=\"color: #000000;\">O \u00faltimo certame para o cargo de&nbsp;juiz federal&nbsp;abriu inscri\u00e7\u00f5es por cerca de um m\u00eas, entre novembro e dezembro de 2015, com provas realizadas a partir de janeiro do ano seguinte.&nbsp; O valor da taxa de inscri\u00e7\u00e3o foi de R$ 200,00, pag\u00e1vel por meio de GRU (Guia de Recolhimento da Uni\u00e3o).<\/span><\/p>\n\n\n\n<p><span style=\"color: #000000;\">As provas, no n\u00famero de&nbsp;<strong><em>seis<\/em><\/strong>, dividiram-se da seguinte forma:<\/span><\/p>\n\n\n\n<p><span style=\"color: #000000;\">1.&nbsp; Prova Objetiva Seletiva;<\/span><\/p>\n\n\n\n<p><span style=\"color: #000000;\">2. Prova Discursiva<\/span><\/p>\n\n\n\n<p><span style=\"color: #000000;\">3. Pr\u00e1tica de senten\u00e7a de natureza c\u00edvel;<\/span><\/p>\n\n\n\n<p><span style=\"color: #000000;\">4. Pr\u00e1tica de senten\u00e7a de natureza criminal;<\/span><\/p>\n\n\n\n<p><span style=\"color: #000000;\">5. Prova oral;<\/span><\/p>\n\n\n\n<p><span style=\"color: #000000;\">6. Prova de t\u00edtulos (inclui exerc\u00edcio de cargos p\u00fablicos, t\u00edtulos acad\u00eamicos e o exerc\u00edcio da advocacia, entre outros).<\/span><\/p>\n\n\n\n<p><span style=\"color: #000000;\">O&nbsp;<strong><em> conte\u00fado program\u00e1tico<\/em><\/strong> incluiu temas em&nbsp;<em>Direito Constitucional<\/em>,&nbsp;<em>Direito Administrativo<\/em>,&nbsp;<em>Direito Penal<\/em>,&nbsp;<em>Direito Processual Penal<\/em>,&nbsp;<em>Direito Civil<\/em>,&nbsp;<em>Direito Processual Civil<\/em>,&nbsp;<em>Direito Previdenci\u00e1rio<\/em>,&nbsp;<em>Direito Financeiro e Tribut\u00e1rio<\/em>,&nbsp;<em>Direito Ambiental<\/em>,&nbsp;<em>Direito Internacional P\u00fablico e Privado<\/em>,&nbsp;<em>Direito Empresarial<\/em> e por fim&nbsp;<em>Direito Econ\u00f4mico e de Prote\u00e7\u00e3o ao Consumidor<\/em>.<\/span><\/p>\n\n\n\n<p><span style=\"color: #000000;\">Al\u00e9m disso, foram exigidos conte\u00fados de&nbsp;<strong><em>no\u00e7\u00f5es gerais de Direito e Forma\u00e7\u00e3o Human\u00edstica<\/em><\/strong>, entre os quais se inclui<em> Sociologia do Direito<\/em>,&nbsp;<em>Psicologia Judici\u00e1ria<\/em>,&nbsp;<em>\u00c9tica e Estatuto da Magistratura Nacional<\/em>,&nbsp;<em>Filosofia do Direito<\/em> e&nbsp;<em>Teoria Geral do Direito e da Pol\u00edtica.<\/em><\/span><\/p>\n\n\n\n<h2 class=\"wp-block-heading\" id=\"h-gabarito-trf3-e-ranking\">Gabarito TRF3 e Ranking<\/h2>\n\n\n\n<p><strong><span style=\"font-size: 14pt;\"><a href=\"https:\/\/www.estrategiaconcursos.com.br\/blog\/wp-content\/uploads\/2018\/06\/Gabarito-TRF3.pdf\" target=\"_blank\" rel=\"noopener noreferrer\">Clique aqui para baixar o gabarito!<\/a><\/span><\/strong><\/p>\n\n\n\n<p><strong><span style=\"font-size: 14pt;\"><a href=\"https:\/\/www.estrategiaconcursos.com.br\/blog\/ranking-trf3-juiz\/\" target=\"_blank\" rel=\"noopener noreferrer\">Clique aqui e acesse o Ranking TRF3 Juiz<\/a><\/span><\/strong><\/p>\n\n\n\n<p class=\"has-text-align-center\"><em><span style=\"font-size: 14pt;\">Gostou dessa <strong>oportunidade<\/strong>? Deseja se preparar para este concurso?<\/span><\/em><br \/><em><span style=\"font-size: 14pt;\">Esteja mais preparado com nossos cursos. Acompanhe as novidades!<\/span><\/em><\/p>\n\n\n\n<p class=\"has-text-align-center\"><span style=\"font-size: 18pt;\"><a href=\"https:\/\/www.estrategiaconcursos.com.br\/cursosPorConcurso\/trf-3-regiao-juiz-sao-paulo-e-mato-grosso-do-sul\/\">CURSOS PARA CONCURSO&nbsp; TRF3&nbsp;<\/a><a href=\"https:\/\/www.estrategiaconcursos.com.br\/cursosPorConcurso\/trf-3-regiao-juiz-sao-paulo-e-mato-grosso-do-sul\/\">JUIZ FEDERAL<\/a><\/span><\/p>\n\n\n\n<p>\u25baData : 10\/06\/2018<br \/>\u25baVagas: 107 oferecidas<br \/>\u25baCargos: Juiz Federal Substituto<br \/>\u25baLota\u00e7\u00f5es: S\u00e3o Paulo e Mato Grosso do Sul<br \/>\u25baBanca: TRF3<br \/>\u25baEscolaridade:&nbsp; N\u00edvel Superior em Direito + 3 anos de atividade jur\u00eddica<\/p>\n\n\n\n<p>\u25ba<strong>Cursos Estrat\u00e9gia Concursos<\/strong>: <strong><a href=\"https:\/\/www.estrategiaconcursos.com.br\/cursosPorConcurso\/trf-3-regiao-juiz-sao-paulo-e-mato-grosso-do-sul\/\" target=\"_blank\" rel=\"noopener noreferrer\">Cursos Concurso Juiz Federal TRF3.<\/a><\/strong><br \/>\u25ba<strong>Regulamento<\/strong>: <a href=\"https:\/\/www.estrategiaconcursos.com.br\/blog\/wp-content\/uploads\/2017\/12\/Juiz-Federal-TRF3-Regulamento.pdf\">Regulamento Concurso Juiz Federal TRF3<\/a>.<br \/>\u25ba<strong>Edital<\/strong>:&nbsp;<a href=\"https:\/\/www.estrategiaconcursos.com.br\/blog\/wp-content\/uploads\/2018\/04\/Edital-TRF-3.pdf\">Edital TRF 3<\/a><\/p>\n\n\n\n<p>\u25ba<strong>Inscri\u00e7\u00f5es<\/strong>: ENCERRADAS<\/p>\n\n\n\n<p><i>Ricardo Brito<\/i><br \/><em>Ascom Estrat\u00e9gia<\/em><br \/>ascomestrategia@gmail.com<\/p>\n\n\n\n<p class=\"has-text-align-center\"><span style=\"font-size: 18pt;\"><em><strong>Receba not\u00edcias de Concursos no seu WhatsApp e\/ou Telegram!<\/strong><\/em><\/span><\/p>\n\n\n\n<figure class=\"wp-block-image aligncenter\"><img loading=\"lazy\" decoding=\"async\" width=\"320\" height=\"180\" src=\"https:\/\/dhg1h5j42swfq.cloudfront.net\/2018\/03\/22113932\/whatsapptelegram-e1548177162795.png\" alt=\"\" class=\"wp-image-112824\"\/><\/figure>\n\n\n\n<p class=\"has-text-align-center\"><em><strong><span style=\"font-size: 14pt;\">Cadastre-se clicando no \u00edcone abaixo<\/span><br \/><br \/><\/strong><\/em><a href=\"https:\/\/www.estrategiaconcursos.com.br\/blog\/noticias-de-concursos-whatsapp-estrategia-concursos\/\" target=\"_blank\" rel=\"noopener noreferrer\">Not\u00edcias de concursos no seu WhatsApp e\/ou Telegram<\/a><\/p>\n","protected":false},"excerpt":{"rendered":"<p>Saiu o gabarito oficial da primeira fase do&nbsp;concurso TRF3 Juiz Federal!&nbsp;A publica\u00e7\u00e3o foi feita no Di\u00e1rio Oficial Eletr\u00f4nico do \u00f3rg\u00e3o em 12 de junho. A primeira etapa do certame, que consistiu em uma prova objetiva, j\u00e1 foi conclu\u00edda. Agora,&nbsp;agora os candidatos se preparam intensivamente para garantir um bom desempenho na segunda etapa, que \u00e9 composta [&hellip;]<\/p>\n","protected":false},"author":1,"featured_media":99764,"comment_status":"open","ping_status":"closed","sticky":false,"template":"","format":"standard","meta":{"post_tipo":"news","footnotes":""},"categories":[2185],"tags":[3257,1196,3258,289],"tax_estado":[],"class_list":["post-99747","post","type-post","status-publish","format-standard","has-post-thumbnail","hentry","category-carreiras-juridicas","tag-concurso-juiz-federal-trf3","tag-concurso-trf3","tag-juiz-federal","tag-trf-3"],"acf":[],"yoast_head":"<!-- This site is optimized with the Yoast SEO Premium plugin v27.2 (Yoast SEO v27.2) - https:\/\/yoast.com\/product\/yoast-seo-premium-wordpress\/ -->\n<title>Concurso TRF3 Juiz Federal: \u00f3rg\u00e3o divulga gabarito oficial da 1\u00aa fase<\/title>\n<meta name=\"description\" content=\"Foi publicado o gabarito oficial da primeira fase do concurso TRF3 Juiz Federal. A prova objetiva acontece em 10 de junho em SP e no MS. Confira!\" \/>\n<meta name=\"robots\" content=\"index, follow, max-snippet:-1, max-image-preview:large, max-video-preview:-1\" \/>\n<link rel=\"canonical\" href=\"https:\/\/www.estrategiaconcursos.com.br\/blog\/edital-juiz-federal-trf3\/\" \/>\n<meta property=\"og:locale\" content=\"pt_BR\" \/>\n<meta property=\"og:type\" content=\"article\" \/>\n<meta property=\"og:title\" content=\"Concurso TRF3 Juiz Federal: \u00f3rg\u00e3o divulga gabarito oficial da prova objetiva\" \/>\n<meta property=\"og:description\" content=\"Foi publicado o gabarito oficial da primeira fase do concurso TRF3 Juiz Federal. A prova objetiva acontece em 10 de junho em SP e no MS. Confira!\" \/>\n<meta property=\"og:url\" content=\"https:\/\/www.estrategiaconcursos.com.br\/blog\/edital-juiz-federal-trf3\/\" \/>\n<meta property=\"og:site_name\" content=\"Estrat\u00e9gia Concursos\" \/>\n<meta property=\"article:author\" content=\"https:\/\/www.facebook.com\/EstrategiaConcursos\" \/>\n<meta property=\"article:published_time\" content=\"2018-06-11T03:00:01+00:00\" \/>\n<meta property=\"article:modified_time\" content=\"2023-07-24T20:04:51+00:00\" \/>\n<meta property=\"og:image\" content=\"https:\/\/dhg1h5j42swfq.cloudfront.net\/2017\/12\/19083037\/TRF3-JUIZ6.jpg\" \/>\n\t<meta property=\"og:image:width\" content=\"1200\" \/>\n\t<meta property=\"og:image:height\" content=\"628\" \/>\n\t<meta property=\"og:image:type\" content=\"image\/jpeg\" \/>\n<meta name=\"author\" content=\"Coordena\u00e7\u00e3o\" \/>\n<meta name=\"twitter:card\" content=\"summary_large_image\" \/>\n<meta name=\"twitter:creator\" content=\"@EstratConcursos\" \/>\n<meta name=\"twitter:site\" content=\"@EstratConcursos\" \/>\n<meta name=\"twitter:label1\" content=\"Escrito por\" \/>\n\t<meta name=\"twitter:data1\" content=\"Coordena\u00e7\u00e3o\" \/>\n\t<meta name=\"twitter:label2\" content=\"Est. tempo de leitura\" \/>\n\t<meta name=\"twitter:data2\" content=\"7 minutos\" \/>\n<script type=\"application\/ld+json\" class=\"yoast-schema-graph\">{\"@context\":\"https:\/\/schema.org\",\"@graph\":[{\"@type\":\"NewsArticle\",\"@id\":\"https:\/\/www.estrategiaconcursos.com.br\/blog\/edital-juiz-federal-trf3\/#article\",\"isPartOf\":{\"@id\":\"https:\/\/www.estrategiaconcursos.com.br\/blog\/edital-juiz-federal-trf3\/\"},\"author\":{\"name\":\"Coordena\u00e7\u00e3o\",\"@id\":\"https:\/\/www.estrategiaconcursos.com.br\/blog\/#\/schema\/person\/b4a388c97673c5f483d72185668afa1f\"},\"headline\":\"Concurso TRF3 Juiz Federal: \u00f3rg\u00e3o divulga gabarito oficial da prova objetiva\",\"datePublished\":\"2018-06-11T03:00:01+00:00\",\"dateModified\":\"2023-07-24T20:04:51+00:00\",\"mainEntityOfPage\":{\"@id\":\"https:\/\/www.estrategiaconcursos.com.br\/blog\/edital-juiz-federal-trf3\/\"},\"wordCount\":1397,\"commentCount\":1,\"publisher\":{\"@id\":\"https:\/\/www.estrategiaconcursos.com.br\/blog\/#organization\"},\"image\":{\"@id\":\"https:\/\/www.estrategiaconcursos.com.br\/blog\/edital-juiz-federal-trf3\/#primaryimage\"},\"thumbnailUrl\":\"https:\/\/dhg1h5j42swfq.cloudfront.net\/2017\/12\/19083037\/TRF3-JUIZ6.jpg\",\"keywords\":[\"concurso juiz federal trf3\",\"concurso trf3\",\"juiz federal\",\"TRF-3\"],\"articleSection\":[\"Jur\u00eddico\"],\"inLanguage\":\"pt-BR\",\"potentialAction\":[{\"@type\":\"CommentAction\",\"name\":\"Comment\",\"target\":[\"https:\/\/www.estrategiaconcursos.com.br\/blog\/edital-juiz-federal-trf3\/#respond\"]}],\"copyrightYear\":\"2018\",\"copyrightHolder\":{\"@id\":\"https:\/\/www.estrategiaconcursos.com.br\/blog\/#organization\"}},{\"@type\":\"WebPage\",\"@id\":\"https:\/\/www.estrategiaconcursos.com.br\/blog\/edital-juiz-federal-trf3\/\",\"url\":\"https:\/\/www.estrategiaconcursos.com.br\/blog\/edital-juiz-federal-trf3\/\",\"name\":\"Concurso TRF3 Juiz Federal: \u00f3rg\u00e3o divulga gabarito oficial da 1\u00aa fase\",\"isPartOf\":{\"@id\":\"https:\/\/www.estrategiaconcursos.com.br\/blog\/#website\"},\"primaryImageOfPage\":{\"@id\":\"https:\/\/www.estrategiaconcursos.com.br\/blog\/edital-juiz-federal-trf3\/#primaryimage\"},\"image\":{\"@id\":\"https:\/\/www.estrategiaconcursos.com.br\/blog\/edital-juiz-federal-trf3\/#primaryimage\"},\"thumbnailUrl\":\"https:\/\/dhg1h5j42swfq.cloudfront.net\/2017\/12\/19083037\/TRF3-JUIZ6.jpg\",\"datePublished\":\"2018-06-11T03:00:01+00:00\",\"dateModified\":\"2023-07-24T20:04:51+00:00\",\"description\":\"Foi publicado o gabarito oficial da primeira fase do concurso TRF3 Juiz Federal. A prova objetiva acontece em 10 de junho em SP e no MS. Confira!\",\"breadcrumb\":{\"@id\":\"https:\/\/www.estrategiaconcursos.com.br\/blog\/edital-juiz-federal-trf3\/#breadcrumb\"},\"inLanguage\":\"pt-BR\",\"potentialAction\":[{\"@type\":\"ReadAction\",\"target\":[\"https:\/\/www.estrategiaconcursos.com.br\/blog\/edital-juiz-federal-trf3\/\"]}]},{\"@type\":\"ImageObject\",\"inLanguage\":\"pt-BR\",\"@id\":\"https:\/\/www.estrategiaconcursos.com.br\/blog\/edital-juiz-federal-trf3\/#primaryimage\",\"url\":\"https:\/\/dhg1h5j42swfq.cloudfront.net\/2017\/12\/19083037\/TRF3-JUIZ6.jpg\",\"contentUrl\":\"https:\/\/dhg1h5j42swfq.cloudfront.net\/2017\/12\/19083037\/TRF3-JUIZ6.jpg\",\"width\":1200,\"height\":628,\"caption\":\"concurso trf 3 juiz federal\"},{\"@type\":\"BreadcrumbList\",\"@id\":\"https:\/\/www.estrategiaconcursos.com.br\/blog\/edital-juiz-federal-trf3\/#breadcrumb\",\"itemListElement\":[{\"@type\":\"ListItem\",\"position\":1,\"name\":\"In\u00edcio\",\"item\":\"https:\/\/www.estrategiaconcursos.com.br\/blog\/\"},{\"@type\":\"ListItem\",\"position\":2,\"name\":\"Concurso TRF3 Juiz Federal: \u00f3rg\u00e3o divulga gabarito oficial da prova objetiva\"}]},{\"@type\":\"WebSite\",\"@id\":\"https:\/\/www.estrategiaconcursos.com.br\/blog\/#website\",\"url\":\"https:\/\/www.estrategiaconcursos.com.br\/blog\/\",\"name\":\"Estrat\u00e9gia Concursos\",\"description\":\"O blog da Estrat\u00e9gia Concursos traz not\u00edcias sobre concursos e artigos de professores oferecendo cursos para concursos (pdf + videaulas) no site.\",\"publisher\":{\"@id\":\"https:\/\/www.estrategiaconcursos.com.br\/blog\/#organization\"},\"potentialAction\":[{\"@type\":\"SearchAction\",\"target\":{\"@type\":\"EntryPoint\",\"urlTemplate\":\"https:\/\/www.estrategiaconcursos.com.br\/blog\/?s={search_term_string}\"},\"query-input\":{\"@type\":\"PropertyValueSpecification\",\"valueRequired\":true,\"valueName\":\"search_term_string\"}}],\"inLanguage\":\"pt-BR\"},{\"@type\":\"Organization\",\"@id\":\"https:\/\/www.estrategiaconcursos.com.br\/blog\/#organization\",\"name\":\"Estrat\u00e9gia Concursos\",\"url\":\"https:\/\/www.estrategiaconcursos.com.br\/blog\/\",\"logo\":{\"@type\":\"ImageObject\",\"inLanguage\":\"pt-BR\",\"@id\":\"https:\/\/www.estrategiaconcursos.com.br\/blog\/#\/schema\/logo\/image\/\",\"url\":\"https:\/\/dhg1h5j42swfq.cloudfront.net\/2025\/06\/03203428\/logo_concursos-1.jpg\",\"contentUrl\":\"https:\/\/dhg1h5j42swfq.cloudfront.net\/2025\/06\/03203428\/logo_concursos-1.jpg\",\"width\":230,\"height\":60,\"caption\":\"Estrat\u00e9gia Concursos\"},\"image\":{\"@id\":\"https:\/\/www.estrategiaconcursos.com.br\/blog\/#\/schema\/logo\/image\/\"},\"sameAs\":[\"https:\/\/x.com\/EstratConcursos\"]},{\"@type\":\"Person\",\"@id\":\"https:\/\/www.estrategiaconcursos.com.br\/blog\/#\/schema\/person\/b4a388c97673c5f483d72185668afa1f\",\"name\":\"Coordena\u00e7\u00e3o\",\"image\":{\"@type\":\"ImageObject\",\"inLanguage\":\"pt-BR\",\"@id\":\"https:\/\/secure.gravatar.com\/avatar\/b720319e4c9a967eb58678d110f4fe35452fc5d5f97b202bac7b8acceb18c6ad?s=96&d=mm&r=g\",\"url\":\"https:\/\/secure.gravatar.com\/avatar\/b720319e4c9a967eb58678d110f4fe35452fc5d5f97b202bac7b8acceb18c6ad?s=96&d=mm&r=g\",\"contentUrl\":\"https:\/\/secure.gravatar.com\/avatar\/b720319e4c9a967eb58678d110f4fe35452fc5d5f97b202bac7b8acceb18c6ad?s=96&d=mm&r=g\",\"caption\":\"Coordena\u00e7\u00e3o\"},\"sameAs\":[\"https:\/\/www.facebook.com\/EstrategiaConcursos\",\"https:\/\/x.com\/EstratConcursos\"],\"url\":\"https:\/\/www.estrategiaconcursos.com.br\/blog\/author\/estrategia2013\/\"}]}<\/script>\n<!-- \/ Yoast SEO Premium plugin. -->","yoast_head_json":{"title":"Concurso TRF3 Juiz Federal: \u00f3rg\u00e3o divulga gabarito oficial da 1\u00aa fase","description":"Foi publicado o gabarito oficial da primeira fase do concurso TRF3 Juiz Federal. A prova objetiva acontece em 10 de junho em SP e no MS. Confira!","robots":{"index":"index","follow":"follow","max-snippet":"max-snippet:-1","max-image-preview":"max-image-preview:large","max-video-preview":"max-video-preview:-1"},"canonical":"https:\/\/www.estrategiaconcursos.com.br\/blog\/edital-juiz-federal-trf3\/","og_locale":"pt_BR","og_type":"article","og_title":"Concurso TRF3 Juiz Federal: \u00f3rg\u00e3o divulga gabarito oficial da prova objetiva","og_description":"Foi publicado o gabarito oficial da primeira fase do concurso TRF3 Juiz Federal. A prova objetiva acontece em 10 de junho em SP e no MS. Confira!","og_url":"https:\/\/www.estrategiaconcursos.com.br\/blog\/edital-juiz-federal-trf3\/","og_site_name":"Estrat\u00e9gia Concursos","article_author":"https:\/\/www.facebook.com\/EstrategiaConcursos","article_published_time":"2018-06-11T03:00:01+00:00","article_modified_time":"2023-07-24T20:04:51+00:00","og_image":[{"width":1200,"height":628,"url":"https:\/\/dhg1h5j42swfq.cloudfront.net\/2017\/12\/19083037\/TRF3-JUIZ6.jpg","type":"image\/jpeg"}],"author":"Coordena\u00e7\u00e3o","twitter_card":"summary_large_image","twitter_creator":"@EstratConcursos","twitter_site":"@EstratConcursos","twitter_misc":{"Escrito por":"Coordena\u00e7\u00e3o","Est. tempo de leitura":"7 minutos"},"schema":{"@context":"https:\/\/schema.org","@graph":[{"@type":"NewsArticle","@id":"https:\/\/www.estrategiaconcursos.com.br\/blog\/edital-juiz-federal-trf3\/#article","isPartOf":{"@id":"https:\/\/www.estrategiaconcursos.com.br\/blog\/edital-juiz-federal-trf3\/"},"author":{"name":"Coordena\u00e7\u00e3o","@id":"https:\/\/www.estrategiaconcursos.com.br\/blog\/#\/schema\/person\/b4a388c97673c5f483d72185668afa1f"},"headline":"Concurso TRF3 Juiz Federal: \u00f3rg\u00e3o divulga gabarito oficial da prova objetiva","datePublished":"2018-06-11T03:00:01+00:00","dateModified":"2023-07-24T20:04:51+00:00","mainEntityOfPage":{"@id":"https:\/\/www.estrategiaconcursos.com.br\/blog\/edital-juiz-federal-trf3\/"},"wordCount":1397,"commentCount":1,"publisher":{"@id":"https:\/\/www.estrategiaconcursos.com.br\/blog\/#organization"},"image":{"@id":"https:\/\/www.estrategiaconcursos.com.br\/blog\/edital-juiz-federal-trf3\/#primaryimage"},"thumbnailUrl":"https:\/\/dhg1h5j42swfq.cloudfront.net\/2017\/12\/19083037\/TRF3-JUIZ6.jpg","keywords":["concurso juiz federal trf3","concurso trf3","juiz federal","TRF-3"],"articleSection":["Jur\u00eddico"],"inLanguage":"pt-BR","potentialAction":[{"@type":"CommentAction","name":"Comment","target":["https:\/\/www.estrategiaconcursos.com.br\/blog\/edital-juiz-federal-trf3\/#respond"]}],"copyrightYear":"2018","copyrightHolder":{"@id":"https:\/\/www.estrategiaconcursos.com.br\/blog\/#organization"}},{"@type":"WebPage","@id":"https:\/\/www.estrategiaconcursos.com.br\/blog\/edital-juiz-federal-trf3\/","url":"https:\/\/www.estrategiaconcursos.com.br\/blog\/edital-juiz-federal-trf3\/","name":"Concurso TRF3 Juiz Federal: \u00f3rg\u00e3o divulga gabarito oficial da 1\u00aa fase","isPartOf":{"@id":"https:\/\/www.estrategiaconcursos.com.br\/blog\/#website"},"primaryImageOfPage":{"@id":"https:\/\/www.estrategiaconcursos.com.br\/blog\/edital-juiz-federal-trf3\/#primaryimage"},"image":{"@id":"https:\/\/www.estrategiaconcursos.com.br\/blog\/edital-juiz-federal-trf3\/#primaryimage"},"thumbnailUrl":"https:\/\/dhg1h5j42swfq.cloudfront.net\/2017\/12\/19083037\/TRF3-JUIZ6.jpg","datePublished":"2018-06-11T03:00:01+00:00","dateModified":"2023-07-24T20:04:51+00:00","description":"Foi publicado o gabarito oficial da primeira fase do concurso TRF3 Juiz Federal. A prova objetiva acontece em 10 de junho em SP e no MS. Confira!","breadcrumb":{"@id":"https:\/\/www.estrategiaconcursos.com.br\/blog\/edital-juiz-federal-trf3\/#breadcrumb"},"inLanguage":"pt-BR","potentialAction":[{"@type":"ReadAction","target":["https:\/\/www.estrategiaconcursos.com.br\/blog\/edital-juiz-federal-trf3\/"]}]},{"@type":"ImageObject","inLanguage":"pt-BR","@id":"https:\/\/www.estrategiaconcursos.com.br\/blog\/edital-juiz-federal-trf3\/#primaryimage","url":"https:\/\/dhg1h5j42swfq.cloudfront.net\/2017\/12\/19083037\/TRF3-JUIZ6.jpg","contentUrl":"https:\/\/dhg1h5j42swfq.cloudfront.net\/2017\/12\/19083037\/TRF3-JUIZ6.jpg","width":1200,"height":628,"caption":"concurso trf 3 juiz federal"},{"@type":"BreadcrumbList","@id":"https:\/\/www.estrategiaconcursos.com.br\/blog\/edital-juiz-federal-trf3\/#breadcrumb","itemListElement":[{"@type":"ListItem","position":1,"name":"In\u00edcio","item":"https:\/\/www.estrategiaconcursos.com.br\/blog\/"},{"@type":"ListItem","position":2,"name":"Concurso TRF3 Juiz Federal: \u00f3rg\u00e3o divulga gabarito oficial da prova objetiva"}]},{"@type":"WebSite","@id":"https:\/\/www.estrategiaconcursos.com.br\/blog\/#website","url":"https:\/\/www.estrategiaconcursos.com.br\/blog\/","name":"Estrat\u00e9gia Concursos","description":"O blog da Estrat\u00e9gia Concursos traz not\u00edcias sobre concursos e artigos de professores oferecendo cursos para concursos (pdf + videaulas) no site.","publisher":{"@id":"https:\/\/www.estrategiaconcursos.com.br\/blog\/#organization"},"potentialAction":[{"@type":"SearchAction","target":{"@type":"EntryPoint","urlTemplate":"https:\/\/www.estrategiaconcursos.com.br\/blog\/?s={search_term_string}"},"query-input":{"@type":"PropertyValueSpecification","valueRequired":true,"valueName":"search_term_string"}}],"inLanguage":"pt-BR"},{"@type":"Organization","@id":"https:\/\/www.estrategiaconcursos.com.br\/blog\/#organization","name":"Estrat\u00e9gia Concursos","url":"https:\/\/www.estrategiaconcursos.com.br\/blog\/","logo":{"@type":"ImageObject","inLanguage":"pt-BR","@id":"https:\/\/www.estrategiaconcursos.com.br\/blog\/#\/schema\/logo\/image\/","url":"https:\/\/dhg1h5j42swfq.cloudfront.net\/2025\/06\/03203428\/logo_concursos-1.jpg","contentUrl":"https:\/\/dhg1h5j42swfq.cloudfront.net\/2025\/06\/03203428\/logo_concursos-1.jpg","width":230,"height":60,"caption":"Estrat\u00e9gia Concursos"},"image":{"@id":"https:\/\/www.estrategiaconcursos.com.br\/blog\/#\/schema\/logo\/image\/"},"sameAs":["https:\/\/x.com\/EstratConcursos"]},{"@type":"Person","@id":"https:\/\/www.estrategiaconcursos.com.br\/blog\/#\/schema\/person\/b4a388c97673c5f483d72185668afa1f","name":"Coordena\u00e7\u00e3o","image":{"@type":"ImageObject","inLanguage":"pt-BR","@id":"https:\/\/secure.gravatar.com\/avatar\/b720319e4c9a967eb58678d110f4fe35452fc5d5f97b202bac7b8acceb18c6ad?s=96&d=mm&r=g","url":"https:\/\/secure.gravatar.com\/avatar\/b720319e4c9a967eb58678d110f4fe35452fc5d5f97b202bac7b8acceb18c6ad?s=96&d=mm&r=g","contentUrl":"https:\/\/secure.gravatar.com\/avatar\/b720319e4c9a967eb58678d110f4fe35452fc5d5f97b202bac7b8acceb18c6ad?s=96&d=mm&r=g","caption":"Coordena\u00e7\u00e3o"},"sameAs":["https:\/\/www.facebook.com\/EstrategiaConcursos","https:\/\/x.com\/EstratConcursos"],"url":"https:\/\/www.estrategiaconcursos.com.br\/blog\/author\/estrategia2013\/"}]}},"_links":{"self":[{"href":"https:\/\/www.estrategiaconcursos.com.br\/blog\/wp-json\/wp\/v2\/posts\/99747","targetHints":{"allow":["GET"]}}],"collection":[{"href":"https:\/\/www.estrategiaconcursos.com.br\/blog\/wp-json\/wp\/v2\/posts"}],"about":[{"href":"https:\/\/www.estrategiaconcursos.com.br\/blog\/wp-json\/wp\/v2\/types\/post"}],"author":[{"embeddable":true,"href":"https:\/\/www.estrategiaconcursos.com.br\/blog\/wp-json\/wp\/v2\/users\/1"}],"replies":[{"embeddable":true,"href":"https:\/\/www.estrategiaconcursos.com.br\/blog\/wp-json\/wp\/v2\/comments?post=99747"}],"version-history":[{"count":45,"href":"https:\/\/www.estrategiaconcursos.com.br\/blog\/wp-json\/wp\/v2\/posts\/99747\/revisions"}],"predecessor-version":[{"id":1254013,"href":"https:\/\/www.estrategiaconcursos.com.br\/blog\/wp-json\/wp\/v2\/posts\/99747\/revisions\/1254013"}],"wp:featuredmedia":[{"embeddable":true,"href":"https:\/\/www.estrategiaconcursos.com.br\/blog\/wp-json\/wp\/v2\/media\/99764"}],"wp:attachment":[{"href":"https:\/\/www.estrategiaconcursos.com.br\/blog\/wp-json\/wp\/v2\/media?parent=99747"}],"wp:term":[{"taxonomy":"category","embeddable":true,"href":"https:\/\/www.estrategiaconcursos.com.br\/blog\/wp-json\/wp\/v2\/categories?post=99747"},{"taxonomy":"post_tag","embeddable":true,"href":"https:\/\/www.estrategiaconcursos.com.br\/blog\/wp-json\/wp\/v2\/tags?post=99747"},{"taxonomy":"tax_estado","embeddable":true,"href":"https:\/\/www.estrategiaconcursos.com.br\/blog\/wp-json\/wp\/v2\/tax_estado?post=99747"}],"curies":[{"name":"wp","href":"https:\/\/api.w.org\/{rel}","templated":true}]}}