{"id":997449,"date":"2022-03-30T10:52:34","date_gmt":"2022-03-30T13:52:34","guid":{"rendered":"https:\/\/www.estrategiaconcursos.com.br\/blog\/?p=997449"},"modified":"2022-03-30T12:02:43","modified_gmt":"2022-03-30T15:02:43","slug":"concurso-sedf-projeto-basico-2022","status":"publish","type":"post","link":"https:\/\/www.estrategiaconcursos.com.br\/blog\/concurso-sedf-projeto-basico-2022\/","title":{"rendered":"Concurso SEDF: confira os detalhes do projeto b\u00e1sico"},"content":{"rendered":"\n<p>As informa\u00e7\u00f5es sobre o <strong>projeto b\u00e1sico<\/strong> do<strong> concurso SEDF<\/strong> (<a href=\"https:\/\/www.estrategiaconcursos.com.br\/cursosPorConcurso\/secretaria-da-educacao-df\/\" target=\"_blank\" rel=\"noreferrer noopener\">Secretaria de Estado de Educa\u00e7\u00e3o do DF<\/a>) como a divis\u00e3o de <strong>vagas<\/strong>, <strong>etapas<\/strong> e <strong>sal\u00e1rios<\/strong> j\u00e1 foram divulgadas.  <\/p>\n\n\n\n<p>Ser\u00e3o, ao todo, <strong>812 oportunidades imediatas<\/strong> mais<strong> 3.442 vagas<\/strong>, ao todo, de <strong>forma\u00e7\u00e3o de cadastro de reserva<\/strong>, distribu\u00eddas da seguinte forma: <\/p>\n\n\n\n<ul class=\"wp-block-list\"><li>776 vagas, mais cadastro reserva de 3.104 &#8211; <strong>Professor de educa\u00e7\u00e3o b\u00e1sica<\/strong>;<\/li><li>20 vagas, mais cadastro reserva de 80 &#8211; <strong>Pedagogo \u2013 Orientador Educacional<\/strong>; e<\/li><li>16 vagas, mais cadastro reserva de 258 &#8211;<strong> Analista de Gest\u00e3o Educacional da Carreira Assist\u00eancia \u00e0 Educa\u00e7\u00e3o<\/strong>.<\/li><\/ul>\n\n\n\n<p>Confira os detalhes do projeto b\u00e1sico do concurso SEDF no \u00edndice abaixo:<\/p>\n\n\n\n<ul class=\"wp-block-list\"><li><a href=\"#especialidades\">SEDF especialidades<\/a><ul><li><a href=\"#professor\">Professor<\/a><\/li><li><a href=\"#pedagogo\">Pedagogo<\/a><\/li><li><a href=\"#analista\">Analista de Gest\u00e3o Educacional<\/a><\/li><\/ul><\/li><li><a href=\"#salarios\">Sal\u00e1rios<\/a><\/li><li><a href=\"#provas-e-etapas\">Etapas de provas<\/a><ul><li><a href=\"#objetiva\">Prova objetiva<\/a><\/li><li><a href=\"#discursiva\">Prova discursiva <\/a><\/li><li><a href=\"#titulos\">Prova de t\u00edtulos<\/a><\/li><\/ul><\/li><li><a href=\"#cronograma\">Cronograma<\/a><\/li><li><a href=\"#artigos\">Artigos<\/a><\/li><li><a href=\"#cursos\">Cursos <\/a><\/li><\/ul>\n\n\n\n<h2 class=\"wp-block-heading\" id=\"especialidades\">SEDF Especialidades <\/h2>\n\n\n\n<p>Aa distribui\u00e7\u00e3o de vagas da <a href=\"https:\/\/www.educacao.df.gov.br\/\" target=\"_blank\" rel=\"noreferrer noopener\">Secretaria de Estado de Educa\u00e7\u00e3o do DF<\/a> se dar\u00e1 da seguinte forma: <\/p>\n\n\n\n<h3 class=\"wp-block-heading\" id=\"professor\">SEDF professor <\/h3>\n\n\n\n<div class=\"wp-block-image\"><figure class=\"aligncenter size-full is-resized\"><img loading=\"lazy\" decoding=\"async\" src=\"https:\/\/dhg1h5j42swfq.cloudfront.net\/2022\/03\/30102408\/concurso-sedf-30-03-1.jpg\" alt=\"concurso SEDF para professores\" class=\"wp-image-997488\" width=\"587\" height=\"971\" srcset=\"https:\/\/dhg1h5j42swfq.cloudfront.net\/2022\/03\/30102408\/concurso-sedf-30-03-1.jpg 476w, https:\/\/dhg1h5j42swfq.cloudfront.net\/2022\/03\/30102408\/concurso-sedf-30-03-1-181x300.jpg 181w\" sizes=\"auto, (max-width: 587px) 100vw, 587px\" \/><figcaption>Concurso SEDF: cargos e vagas Professor<\/figcaption><\/figure><\/div>\n\n\n\n<div class=\"wp-block-image\"><figure class=\"aligncenter size-full is-resized\"><img loading=\"lazy\" decoding=\"async\" src=\"https:\/\/dhg1h5j42swfq.cloudfront.net\/2022\/03\/30102507\/concurso-sedf-30-03-2.jpg\" alt=\"concurso SEDF telecomunica\u00e7\u00f5es\" class=\"wp-image-997489\" width=\"591\" height=\"50\" srcset=\"https:\/\/dhg1h5j42swfq.cloudfront.net\/2022\/03\/30102507\/concurso-sedf-30-03-2.jpg 475w, https:\/\/dhg1h5j42swfq.cloudfront.net\/2022\/03\/30102507\/concurso-sedf-30-03-2-300x25.jpg 300w\" sizes=\"auto, (max-width: 591px) 100vw, 591px\" \/><figcaption>Concurso SEDF: cargos e vagas Professor<\/figcaption><\/figure><\/div>\n\n\n\n<h3 class=\"wp-block-heading\" id=\"pedagogo\">SEDF Pedagogo<\/h3>\n\n\n\n<div class=\"wp-block-image\"><figure class=\"aligncenter size-full is-resized\"><img loading=\"lazy\" decoding=\"async\" src=\"https:\/\/dhg1h5j42swfq.cloudfront.net\/2022\/03\/30102707\/concurso-sedf-30-03-3.jpg\" alt=\"Concurso SEDF vagas para pedagogo\" class=\"wp-image-997495\" width=\"591\" height=\"73\" srcset=\"https:\/\/dhg1h5j42swfq.cloudfront.net\/2022\/03\/30102707\/concurso-sedf-30-03-3.jpg 496w, https:\/\/dhg1h5j42swfq.cloudfront.net\/2022\/03\/30102707\/concurso-sedf-30-03-3-300x37.jpg 300w\" sizes=\"auto, (max-width: 591px) 100vw, 591px\" \/><figcaption>Concurso SEDF: cargos e vagas pedagogo<\/figcaption><\/figure><\/div>\n\n\n\n<h3 class=\"wp-block-heading\" id=\"analista\">SEDF Analista de Gest\u00e3o Educacional<\/h3>\n\n\n\n<div class=\"wp-block-image\"><figure class=\"aligncenter size-full is-resized\"><img loading=\"lazy\" decoding=\"async\" src=\"https:\/\/dhg1h5j42swfq.cloudfront.net\/2022\/03\/30103001\/concurso-sedf-30-03-4.jpg\" alt=\"Concurso SEDF analista de gest\u00e3o educacional\" class=\"wp-image-997500\" width=\"590\" height=\"235\" srcset=\"https:\/\/dhg1h5j42swfq.cloudfront.net\/2022\/03\/30103001\/concurso-sedf-30-03-4.jpg 505w, https:\/\/dhg1h5j42swfq.cloudfront.net\/2022\/03\/30103001\/concurso-sedf-30-03-4-300x119.jpg 300w\" sizes=\"auto, (max-width: 590px) 100vw, 590px\" \/><figcaption>Concurso SEDF: cargos e vagas Analista de Gest\u00e3o Educacional <\/figcaption><\/figure><\/div>\n\n\n\n<h2 class=\"wp-block-heading\" id=\"salarios\">Sal\u00e1rios SEDF<\/h2>\n\n\n\n<p>Consta ainda no projeto b\u00e1sico do concurso SEDF as seguintes remunera\u00e7\u00f5es:<\/p>\n\n\n\n<ul class=\"wp-block-list\"><li><strong>Professor de Educa\u00e7\u00e3o B\u00e1sica:<\/strong>&nbsp;R$ 5.016,53<\/li><li><strong>Pedagogo:<\/strong>&nbsp;R$ 5.016,53<\/li><li><strong>Carreira de Assist\u00eancia \u00e0 Educa\u00e7\u00e3o:<\/strong>&nbsp;R$ 4.076,99<\/li><\/ul>\n\n\n\n<div class=\"wp-block-image\"><figure class=\"aligncenter size-full is-resized\"><img loading=\"lazy\" decoding=\"async\" src=\"https:\/\/dhg1h5j42swfq.cloudfront.net\/2022\/03\/30103201\/concurso-sedf-30-03-5.jpg\" alt=\"Sal\u00e1rios concurso SEDF\" class=\"wp-image-997502\" width=\"687\" height=\"248\" srcset=\"https:\/\/dhg1h5j42swfq.cloudfront.net\/2022\/03\/30103201\/concurso-sedf-30-03-5.jpg 523w, https:\/\/dhg1h5j42swfq.cloudfront.net\/2022\/03\/30103201\/concurso-sedf-30-03-5-300x108.jpg 300w\" sizes=\"auto, (max-width: 687px) 100vw, 687px\" \/><figcaption>Concurso SEDF: remunera\u00e7\u00f5es <\/figcaption><\/figure><\/div>\n\n\n\n<h2 class=\"wp-block-heading\" id=\"provas-e-etapas\">Provas e etapas <\/h2>\n\n\n\n<p>O concurso SEDF ter\u00e1 as seguintes avalia\u00e7\u00f5es: <\/p>\n\n\n\n<div class=\"wp-block-image\"><figure class=\"aligncenter size-full is-resized\"><img loading=\"lazy\" decoding=\"async\" src=\"https:\/\/dhg1h5j42swfq.cloudfront.net\/2022\/03\/30103817\/concurso-sedf-30-03-6.jpg\" alt=\"etapas da prova do concurso SEDF\" class=\"wp-image-997509\" width=\"702\" height=\"119\" srcset=\"https:\/\/dhg1h5j42swfq.cloudfront.net\/2022\/03\/30103817\/concurso-sedf-30-03-6.jpg 530w, https:\/\/dhg1h5j42swfq.cloudfront.net\/2022\/03\/30103817\/concurso-sedf-30-03-6-300x51.jpg 300w\" sizes=\"auto, (max-width: 702px) 100vw, 702px\" \/><figcaption>Concurso SEDF: provas<\/figcaption><\/figure><\/div>\n\n\n\n<h3 class=\"wp-block-heading\" id=\"objetiva\">Prova objetiva<\/h3>\n\n\n\n<p>Prova objetiva &#8211; de car\u00e1ter eliminat\u00f3rio e classificat\u00f3rio ser\u00e3o realizadas no Distrito Federal, em datas e turnos a serem definidos pela Contratada, e devem ser constitu\u00eddas da seguinte forma:<\/p>\n\n\n\n<ul class=\"wp-block-list\"><li><strong>Professor<\/strong> de Educa\u00e7\u00e3o B\u00e1sica, da Carreira Magist\u00e9rio P\u00fablico do Distrito Federal, no mesmo dia em turnos distintos para os componentes curriculares de Atividades e dos demais componentes;<\/li><li><strong>Pedagogo <\/strong>\u2013 Orientador Educacional, da Carreira Magist\u00e9rio P\u00fablico do Distrito Federal, no mesmo dia e turno; e<\/li><li><strong>Analista de Gest\u00e3o Educacional<\/strong>, da Carreira Assist\u00eancia \u00e0 Educa\u00e7\u00e3o do Distrito Federal, no mesmo dia e turno. <\/li><\/ul>\n\n\n\n<p><br \/>As quest\u00f5es objetivas devem ser elaboradas de forma a aferir o efetivo dom\u00ednio do conte\u00fado program\u00e1tico avaliado e a capacidade de racioc\u00ednio do candidato.<\/p>\n\n\n\n<p><strong>120 itens <\/strong>para julgamento certo ou errado, abrangendo <strong>conhecimentos b\u00e1sicos e espec\u00edficos<\/strong>, a serem definidos no edital de abertura, sendo: <\/p>\n\n\n\n<ul class=\"wp-block-list\"><li><strong>40 itens <\/strong>de <strong>conhecimentos b\u00e1sicos<\/strong>; <\/li><li><strong>30 <\/strong>de <strong>conhecimentos<\/strong> <strong>complementares<\/strong>; e <\/li><li><strong>50<\/strong> de c<strong>onhecimentos espec\u00edficos<\/strong>, para os cargos de Professor de Educa\u00e7\u00e3o B\u00e1sica e Pedagogo \u2013 Orientador Educacional, da Carreira Magist\u00e9rio P\u00fablico do Distrito Federal, e Analista de Gest\u00e3o Educacional, da Carreira Assist\u00eancia \u00e0 Educa\u00e7\u00e3o do Distrito Federal.<\/li><\/ul>\n\n\n\n<p>Do conte\u00fado program\u00e1tico exigido, deve constar obrigatoriamente, conhecimentos sobre a realidade \u00e9tnica, social, hist\u00f3rica, geogr\u00e1fica, cultural, pol\u00edtica e econ\u00f4mica do Distrito Federal e da Regi\u00e3o Integrada de Desenvolvimento do Distrito Federal e Entorno &#8211; RIDE, institu\u00edda pela<a href=\"http:\/\/www.fazenda.df.gov.br\/aplicacoes\/legislacao\/legislacao\/TelaSaidaDocumento.cfm?txtNumero=5768&amp;txtAno=2016&amp;txtTipo=5&amp;txtParte=.\" target=\"_blank\" rel=\"noreferrer noopener\"> Lei Complementar federal n\u00ba 94, de 16 de fevereiro de 1998; (Al\u00ednea acrescido pelo(a) Lei 5.768 de 14\/12\/2016)<\/a> e conhecimento do <a href=\"https:\/\/www.dodf.df.gov.br\/index\/visualizar-arquivo\/?pasta=2021%7C10_Outubro%7CDODF%20191%2008-10-2021%7C&amp;arquivo=DODF%20191%2008-10-2021%20INTEGRA.pdf\" target=\"_blank\" rel=\"noreferrer noopener\">Plano Distrital de Pol\u00edtica para Mulheres, institu\u00edda pela Portaria n\u00ba 271, de 07 de outubro de 2021<\/a>.<\/p>\n\n\n\n<h3 class=\"wp-block-heading\" id=\"discursiva\">Prova Discursiva<\/h3>\n\n\n\n<p id=\"prova-discursiva\">A Prova discursiva, que consistir\u00e1 em reda\u00e7\u00e3o de texto dissertativo, de at\u00e9 30 linhas, abordando tema constante dos conhecimentos b\u00e1sicos definidos no edital SEDF.<\/p>\n\n\n\n<p id=\"prova-discursiva\">A corre\u00e7\u00e3o da prova discursiva dos candidatos surdos\/deficientes auditivos devem adotar crit\u00e9rios de avalia\u00e7\u00e3o compat\u00edveis com as especificidades lingu\u00edsticas dos aprendizes de L\u00edngua Portuguesa como segunda l\u00edngua, de modo a valorizar a coer\u00eancia do texto em detrimento da coes\u00e3o, e os aspectos sem\u00e2nticos em detrimento da forma, a fim de se respeitar a singularidade lingu\u00edstica manifestada no registro escrito desses candidatos.<\/p>\n\n\n\n<p id=\"prova-discursiva\">Na prova discursiva, ser\u00e3o avaliados, at\u00e9 08 t\u00edtulos, de todos os candidatos classificados at\u00e9 3 (tr\u00eas) vezes o n\u00famero de vagas, somando-se o cadastro reserva.<\/p>\n\n\n\n<h2 class=\"wp-block-heading\" id=\"titulos\">Prova de T\u00edtulos<\/h2>\n\n\n\n<p id=\"da-prova-de-titulos-etapa-iii19-1-na-prova-de-titulos-de-carater-classificatorio-serao-avaliados-ate-08-titulos-de-todos-os-candidatos-classificados-ate-3-tres-vezes-o-numero-devagas-somando-se-o-cadastro-reserva-conforme-requisitos-a-constar-no-edital-normativo-19-2-a-prova-de-titulos-valera-no-maximo-8-00-pontos-ainda-que-a-soma-dos-valores-dos-titulos-apresentados-sejam-superiores-a-esse-valor-19-3-os-requisitos-adicionais-eventuais-ajustes-e-demais-procedimentos-serao-estabelecidos-juntamente-com-a-contratada-no-momento-daelaboracao-do-edital-normativo-do-certame\">A prova de t\u00edtulos valer\u00e1, no m\u00e1ximo, 8,00 pontos, ainda que a soma dos valores dos t\u00edtulos apresentados sejam superiores a esse valor.<\/p>\n\n\n\n<p id=\"da-prova-de-titulos-etapa-iii19-1-na-prova-de-titulos-de-carater-classificatorio-serao-avaliados-ate-08-titulos-de-todos-os-candidatos-classificados-ate-3-tres-vezes-o-numero-devagas-somando-se-o-cadastro-reserva-conforme-requisitos-a-constar-no-edital-normativo-19-2-a-prova-de-titulos-valera-no-maximo-8-00-pontos-ainda-que-a-soma-dos-valores-dos-titulos-apresentados-sejam-superiores-a-esse-valor-19-3-os-requisitos-adicionais-eventuais-ajustes-e-demais-procedimentos-serao-estabelecidos-juntamente-com-a-contratada-no-momento-daelaboracao-do-edital-normativo-do-certame\">Os requisitos adicionais, eventuais ajustes e demais procedimentos ser\u00e3o estabelecidos juntamente com a contratada, no momento da elabora\u00e7\u00e3o do Edital SEDF.<\/p>\n\n\n\n<div class=\"wp-block-image\"><figure class=\"aligncenter size-full is-resized\"><img loading=\"lazy\" decoding=\"async\" src=\"https:\/\/dhg1h5j42swfq.cloudfront.net\/2022\/03\/30104238\/concurso-sedf-30-03-7.jpg\" alt=\"Prova de t\u00edtulos concurso SEDF\" class=\"wp-image-997514\" width=\"793\" height=\"696\" srcset=\"https:\/\/dhg1h5j42swfq.cloudfront.net\/2022\/03\/30104238\/concurso-sedf-30-03-7.jpg 651w, https:\/\/dhg1h5j42swfq.cloudfront.net\/2022\/03\/30104238\/concurso-sedf-30-03-7-300x263.jpg 300w, https:\/\/dhg1h5j42swfq.cloudfront.net\/2022\/03\/30104238\/concurso-sedf-30-03-7-610x535.jpg 610w\" sizes=\"auto, (max-width: 793px) 100vw, 793px\" \/><figcaption>Concurso SEDF: provas de t\u00edtulos <\/figcaption><\/figure><\/div>\n\n\n\n<h2 class=\"wp-block-heading\" id=\"cronograma\">Cronograma SEDF<\/h2>\n\n\n\n<p>Consta ainda no projeto b\u00e1sico do concurso SEDF o seguinte modelo de cronograma do certame:<\/p>\n\n\n\n<div class=\"wp-block-image\"><figure class=\"aligncenter size-full is-resized\"><img loading=\"lazy\" decoding=\"async\" src=\"https:\/\/dhg1h5j42swfq.cloudfront.net\/2022\/03\/30104506\/concurso-sedf-30-03-8.jpg\" alt=\"Cronograma de concursos SEDF\" class=\"wp-image-997519\" width=\"844\" height=\"950\" srcset=\"https:\/\/dhg1h5j42swfq.cloudfront.net\/2022\/03\/30104506\/concurso-sedf-30-03-8.jpg 730w, https:\/\/dhg1h5j42swfq.cloudfront.net\/2022\/03\/30104506\/concurso-sedf-30-03-8-266x300.jpg 266w, https:\/\/dhg1h5j42swfq.cloudfront.net\/2022\/03\/30104506\/concurso-sedf-30-03-8-610x687.jpg 610w\" sizes=\"auto, (max-width: 844px) 100vw, 844px\" \/><figcaption>Concurso SEDF: cronograma<\/figcaption><\/figure><\/div>\n\n\n\n<h2 class=\"has-text-align-center has-pale-cyan-blue-background-color has-background has-medium-font-size wp-block-heading\" id=\"saiba-mais-concurso-sedf\">Saiba mais: <a href=\"https:\/\/www.estrategiaconcursos.com.br\/blog\/concurso-sedf\/\" target=\"_blank\" rel=\"noreferrer noopener\">concurso SEDF <\/a><\/h2>\n\n\n\n<h2 class=\"has-text-align-center wp-block-heading\" id=\"artigos\">Quer saber tudo sobre concursos previstos?<br \/>Confira nossos artigos!<\/h2>\n\n\n\n<ul class=\"wp-block-list\"><li><a href=\"https:\/\/www.estrategiaconcursos.com.br\/blog\/concursos-abertos\/\" target=\"_blank\" rel=\"noreferrer noopener\">Concursos abertos<\/a><\/li><li><a href=\"https:\/\/www.estrategiaconcursos.com.br\/blog\/concursos-2022\/\" target=\"_blank\" rel=\"noreferrer noopener\">Concursos 2022<\/a><\/li><li><a href=\"https:\/\/www.estrategiaconcursos.com.br\/blog\/concursos-educacao-2022\/\" target=\"_blank\" rel=\"noreferrer noopener\">Concursos Educa\u00e7\u00e3o 2022<\/a><\/li><\/ul>\n\n\n\n<h2 class=\"has-text-align-center wp-block-heading\" id=\"cursos\">Quer estudar para o concurso SEDF?<\/h2>\n\n\n\n<div class=\"col-sm\">\n      <div class=\"banner-estrategia\" id=\"box-assinatura\">\n        <h3 class=\"titulo-assinatura\">Cursos para SEDF<\/h3>\n        <p class=\"subtitulo-assinatura\">Conhe\u00e7a os cursos<\/p>\n        <div class=\"box-botao\">\n          <a class=\"btn-assinatura\" target=\"_blank\" href=\"https:\/\/www.estrategiaconcursos.com.br\/cursosPorConcurso\/secretaria-da-educacao-df\/\" role=\"button\" rel=\"noopener noreferrer\">Conhe\u00e7a mais<\/a>\n        <\/div>\n      <\/div>\n      \n    <\/div>\n\n\n","protected":false},"excerpt":{"rendered":"<p>As informa\u00e7\u00f5es sobre o projeto b\u00e1sico do concurso SEDF (Secretaria de Estado de Educa\u00e7\u00e3o do DF) como a divis\u00e3o de vagas, etapas e sal\u00e1rios j\u00e1 foram divulgadas. Ser\u00e3o, ao todo, 812 oportunidades imediatas mais 3.442 vagas, ao todo, de forma\u00e7\u00e3o de cadastro de reserva, distribu\u00eddas da seguinte forma: 776 vagas, mais cadastro reserva de 3.104 [&hellip;]<\/p>\n","protected":false},"author":2375,"featured_media":917084,"comment_status":"open","ping_status":"closed","sticky":false,"template":"","format":"standard","meta":{"post_tipo":"news","footnotes":""},"categories":[1,3766],"tags":[],"tax_estado":[219970],"class_list":["post-997449","post","type-post","status-publish","format-standard","has-post-thumbnail","hentry","category-cursos-e-concursos","category-educacional","tax_estado-df"],"acf":[],"yoast_head":"<!-- This site is optimized with the Yoast SEO Premium plugin v27.2 (Yoast SEO v27.2) - https:\/\/yoast.com\/product\/yoast-seo-premium-wordpress\/ -->\n<title>Concurso SEDF: confira os detalhes do projeto b\u00e1sico<\/title>\n<meta name=\"description\" content=\"Confira na \u00edntegra todos os detalhes do projeto b\u00e1sico do concurso SEDF com a equipe de comunica\u00e7\u00e3o do Estrat\u00e9gia Concursos.\" \/>\n<meta name=\"robots\" content=\"index, follow, max-snippet:-1, max-image-preview:large, max-video-preview:-1\" \/>\n<link rel=\"canonical\" href=\"https:\/\/www.estrategiaconcursos.com.br\/blog\/concurso-sedf-projeto-basico-2022\/\" \/>\n<meta property=\"og:locale\" content=\"pt_BR\" \/>\n<meta property=\"og:type\" content=\"article\" \/>\n<meta property=\"og:title\" content=\"Concurso SEDF: confira os detalhes do projeto b\u00e1sico\" \/>\n<meta property=\"og:description\" content=\"Confira na \u00edntegra todos os detalhes do projeto b\u00e1sico do concurso SEDF com a equipe de comunica\u00e7\u00e3o do Estrat\u00e9gia Concursos.\" \/>\n<meta property=\"og:url\" content=\"https:\/\/www.estrategiaconcursos.com.br\/blog\/concurso-sedf-projeto-basico-2022\/\" \/>\n<meta property=\"og:site_name\" content=\"Estrat\u00e9gia Concursos\" \/>\n<meta property=\"article:published_time\" content=\"2022-03-30T13:52:34+00:00\" \/>\n<meta property=\"article:modified_time\" content=\"2022-03-30T15:02:43+00:00\" \/>\n<meta property=\"og:image\" content=\"https:\/\/dhg1h5j42swfq.cloudfront.net\/2021\/11\/26134508\/sedf.jpeg\" \/>\n\t<meta property=\"og:image:width\" content=\"768\" \/>\n\t<meta property=\"og:image:height\" content=\"432\" \/>\n\t<meta property=\"og:image:type\" content=\"image\/jpeg\" \/>\n<meta name=\"author\" content=\"Priscila Almeida\" \/>\n<meta name=\"twitter:card\" content=\"summary_large_image\" \/>\n<meta name=\"twitter:creator\" content=\"@EstratConcursos\" \/>\n<meta name=\"twitter:site\" content=\"@EstratConcursos\" \/>\n<meta name=\"twitter:label1\" content=\"Escrito por\" \/>\n\t<meta name=\"twitter:data1\" content=\"Priscila Almeida\" \/>\n\t<meta name=\"twitter:label2\" content=\"Est. tempo de leitura\" \/>\n\t<meta name=\"twitter:data2\" content=\"6 minutos\" \/>\n<script type=\"application\/ld+json\" class=\"yoast-schema-graph\">{\"@context\":\"https:\/\/schema.org\",\"@graph\":[{\"@type\":\"NewsArticle\",\"@id\":\"https:\/\/www.estrategiaconcursos.com.br\/blog\/concurso-sedf-projeto-basico-2022\/#article\",\"isPartOf\":{\"@id\":\"https:\/\/www.estrategiaconcursos.com.br\/blog\/concurso-sedf-projeto-basico-2022\/\"},\"author\":{\"name\":\"Priscila Almeida\",\"@id\":\"https:\/\/www.estrategiaconcursos.com.br\/blog\/#\/schema\/person\/a06e841e501f2e1d8c49c4e8f066bfd1\"},\"headline\":\"Concurso SEDF: confira os detalhes do projeto b\u00e1sico\",\"datePublished\":\"2022-03-30T13:52:34+00:00\",\"dateModified\":\"2022-03-30T15:02:43+00:00\",\"mainEntityOfPage\":{\"@id\":\"https:\/\/www.estrategiaconcursos.com.br\/blog\/concurso-sedf-projeto-basico-2022\/\"},\"wordCount\":777,\"commentCount\":0,\"publisher\":{\"@id\":\"https:\/\/www.estrategiaconcursos.com.br\/blog\/#organization\"},\"image\":{\"@id\":\"https:\/\/www.estrategiaconcursos.com.br\/blog\/concurso-sedf-projeto-basico-2022\/#primaryimage\"},\"thumbnailUrl\":\"https:\/\/dhg1h5j42swfq.cloudfront.net\/2021\/11\/26134508\/sedf.jpeg\",\"articleSection\":[\"Concursos P\u00fablicos\",\"Educa\u00e7\u00e3o\"],\"inLanguage\":\"pt-BR\",\"potentialAction\":[{\"@type\":\"CommentAction\",\"name\":\"Comment\",\"target\":[\"https:\/\/www.estrategiaconcursos.com.br\/blog\/concurso-sedf-projeto-basico-2022\/#respond\"]}],\"copyrightYear\":\"2022\",\"copyrightHolder\":{\"@id\":\"https:\/\/www.estrategiaconcursos.com.br\/blog\/#organization\"}},{\"@type\":\"WebPage\",\"@id\":\"https:\/\/www.estrategiaconcursos.com.br\/blog\/concurso-sedf-projeto-basico-2022\/\",\"url\":\"https:\/\/www.estrategiaconcursos.com.br\/blog\/concurso-sedf-projeto-basico-2022\/\",\"name\":\"Concurso SEDF: confira os detalhes do projeto b\u00e1sico\",\"isPartOf\":{\"@id\":\"https:\/\/www.estrategiaconcursos.com.br\/blog\/#website\"},\"primaryImageOfPage\":{\"@id\":\"https:\/\/www.estrategiaconcursos.com.br\/blog\/concurso-sedf-projeto-basico-2022\/#primaryimage\"},\"image\":{\"@id\":\"https:\/\/www.estrategiaconcursos.com.br\/blog\/concurso-sedf-projeto-basico-2022\/#primaryimage\"},\"thumbnailUrl\":\"https:\/\/dhg1h5j42swfq.cloudfront.net\/2021\/11\/26134508\/sedf.jpeg\",\"datePublished\":\"2022-03-30T13:52:34+00:00\",\"dateModified\":\"2022-03-30T15:02:43+00:00\",\"description\":\"Confira na \u00edntegra todos os detalhes do projeto b\u00e1sico do concurso SEDF com a equipe de comunica\u00e7\u00e3o do Estrat\u00e9gia Concursos.\",\"breadcrumb\":{\"@id\":\"https:\/\/www.estrategiaconcursos.com.br\/blog\/concurso-sedf-projeto-basico-2022\/#breadcrumb\"},\"inLanguage\":\"pt-BR\",\"potentialAction\":[{\"@type\":\"ReadAction\",\"target\":[\"https:\/\/www.estrategiaconcursos.com.br\/blog\/concurso-sedf-projeto-basico-2022\/\"]}]},{\"@type\":\"ImageObject\",\"inLanguage\":\"pt-BR\",\"@id\":\"https:\/\/www.estrategiaconcursos.com.br\/blog\/concurso-sedf-projeto-basico-2022\/#primaryimage\",\"url\":\"https:\/\/dhg1h5j42swfq.cloudfront.net\/2021\/11\/26134508\/sedf.jpeg\",\"contentUrl\":\"https:\/\/dhg1h5j42swfq.cloudfront.net\/2021\/11\/26134508\/sedf.jpeg\",\"width\":768,\"height\":432,\"caption\":\"SEDF\"},{\"@type\":\"BreadcrumbList\",\"@id\":\"https:\/\/www.estrategiaconcursos.com.br\/blog\/concurso-sedf-projeto-basico-2022\/#breadcrumb\",\"itemListElement\":[{\"@type\":\"ListItem\",\"position\":1,\"name\":\"In\u00edcio\",\"item\":\"https:\/\/www.estrategiaconcursos.com.br\/blog\/\"},{\"@type\":\"ListItem\",\"position\":2,\"name\":\"Concurso SEDF: confira os detalhes do projeto b\u00e1sico\"}]},{\"@type\":\"WebSite\",\"@id\":\"https:\/\/www.estrategiaconcursos.com.br\/blog\/#website\",\"url\":\"https:\/\/www.estrategiaconcursos.com.br\/blog\/\",\"name\":\"Estrat\u00e9gia Concursos\",\"description\":\"O blog da Estrat\u00e9gia Concursos traz not\u00edcias sobre concursos e artigos de professores oferecendo cursos para concursos (pdf + videaulas) no site.\",\"publisher\":{\"@id\":\"https:\/\/www.estrategiaconcursos.com.br\/blog\/#organization\"},\"potentialAction\":[{\"@type\":\"SearchAction\",\"target\":{\"@type\":\"EntryPoint\",\"urlTemplate\":\"https:\/\/www.estrategiaconcursos.com.br\/blog\/?s={search_term_string}\"},\"query-input\":{\"@type\":\"PropertyValueSpecification\",\"valueRequired\":true,\"valueName\":\"search_term_string\"}}],\"inLanguage\":\"pt-BR\"},{\"@type\":\"Organization\",\"@id\":\"https:\/\/www.estrategiaconcursos.com.br\/blog\/#organization\",\"name\":\"Estrat\u00e9gia Concursos\",\"url\":\"https:\/\/www.estrategiaconcursos.com.br\/blog\/\",\"logo\":{\"@type\":\"ImageObject\",\"inLanguage\":\"pt-BR\",\"@id\":\"https:\/\/www.estrategiaconcursos.com.br\/blog\/#\/schema\/logo\/image\/\",\"url\":\"https:\/\/dhg1h5j42swfq.cloudfront.net\/2025\/06\/03203428\/logo_concursos-1.jpg\",\"contentUrl\":\"https:\/\/dhg1h5j42swfq.cloudfront.net\/2025\/06\/03203428\/logo_concursos-1.jpg\",\"width\":230,\"height\":60,\"caption\":\"Estrat\u00e9gia Concursos\"},\"image\":{\"@id\":\"https:\/\/www.estrategiaconcursos.com.br\/blog\/#\/schema\/logo\/image\/\"},\"sameAs\":[\"https:\/\/x.com\/EstratConcursos\"]},{\"@type\":\"Person\",\"@id\":\"https:\/\/www.estrategiaconcursos.com.br\/blog\/#\/schema\/person\/a06e841e501f2e1d8c49c4e8f066bfd1\",\"name\":\"Priscila Almeida\",\"image\":{\"@type\":\"ImageObject\",\"inLanguage\":\"pt-BR\",\"@id\":\"https:\/\/secure.gravatar.com\/avatar\/0a963c9e2a947fa675b669cea2b5d0ba6dd1cbf46b966190343b6c9973ad3337?s=96&d=mm&r=g\",\"url\":\"https:\/\/secure.gravatar.com\/avatar\/0a963c9e2a947fa675b669cea2b5d0ba6dd1cbf46b966190343b6c9973ad3337?s=96&d=mm&r=g\",\"contentUrl\":\"https:\/\/secure.gravatar.com\/avatar\/0a963c9e2a947fa675b669cea2b5d0ba6dd1cbf46b966190343b6c9973ad3337?s=96&d=mm&r=g\",\"caption\":\"Priscila Almeida\"},\"description\":\"Atua na \u00e1rea de concursos p\u00fablicos desde 2019. As editorias que mais t\u00eam familiaridade s\u00e3o: Tribunais (TJs; TRTs; TREs; TSTs; STJ, STF, STM e TSE); Defensorias; Minist\u00e9rios P\u00fablicos; Procuradorias; Educa\u00e7\u00e3o e Conselhos. Na \u00e1rea de comunica\u00e7\u00e3o, de maneira geral, a caminhada \u00e9 um pouco mais longa - desde 2007. Possui experi\u00eancia em reda\u00e7\u00f5es de r\u00e1dio, TV, Web e impresso, al\u00e9m de desenvolver trabalhos em assessorias de comunica\u00e7\u00e3o institucional, empresarial e p\u00fablicas. Entre outros trabalhos, se destacam a atua\u00e7\u00e3o nas \u00e1reas de Justi\u00e7a, Congresso, Esportes, Sa\u00fade, Agropecu\u00e1ria, Cidades e Avia\u00e7\u00e3o Civil.\",\"url\":\"https:\/\/www.estrategiaconcursos.com.br\/blog\/author\/priscila-almeidaestrategia-com\/\"}]}<\/script>\n<!-- \/ Yoast SEO Premium plugin. -->","yoast_head_json":{"title":"Concurso SEDF: confira os detalhes do projeto b\u00e1sico","description":"Confira na \u00edntegra todos os detalhes do projeto b\u00e1sico do concurso SEDF com a equipe de comunica\u00e7\u00e3o do Estrat\u00e9gia Concursos.","robots":{"index":"index","follow":"follow","max-snippet":"max-snippet:-1","max-image-preview":"max-image-preview:large","max-video-preview":"max-video-preview:-1"},"canonical":"https:\/\/www.estrategiaconcursos.com.br\/blog\/concurso-sedf-projeto-basico-2022\/","og_locale":"pt_BR","og_type":"article","og_title":"Concurso SEDF: confira os detalhes do projeto b\u00e1sico","og_description":"Confira na \u00edntegra todos os detalhes do projeto b\u00e1sico do concurso SEDF com a equipe de comunica\u00e7\u00e3o do Estrat\u00e9gia Concursos.","og_url":"https:\/\/www.estrategiaconcursos.com.br\/blog\/concurso-sedf-projeto-basico-2022\/","og_site_name":"Estrat\u00e9gia Concursos","article_published_time":"2022-03-30T13:52:34+00:00","article_modified_time":"2022-03-30T15:02:43+00:00","og_image":[{"width":768,"height":432,"url":"https:\/\/dhg1h5j42swfq.cloudfront.net\/2021\/11\/26134508\/sedf.jpeg","type":"image\/jpeg"}],"author":"Priscila Almeida","twitter_card":"summary_large_image","twitter_creator":"@EstratConcursos","twitter_site":"@EstratConcursos","twitter_misc":{"Escrito por":"Priscila Almeida","Est. tempo de leitura":"6 minutos"},"schema":{"@context":"https:\/\/schema.org","@graph":[{"@type":"NewsArticle","@id":"https:\/\/www.estrategiaconcursos.com.br\/blog\/concurso-sedf-projeto-basico-2022\/#article","isPartOf":{"@id":"https:\/\/www.estrategiaconcursos.com.br\/blog\/concurso-sedf-projeto-basico-2022\/"},"author":{"name":"Priscila Almeida","@id":"https:\/\/www.estrategiaconcursos.com.br\/blog\/#\/schema\/person\/a06e841e501f2e1d8c49c4e8f066bfd1"},"headline":"Concurso SEDF: confira os detalhes do projeto b\u00e1sico","datePublished":"2022-03-30T13:52:34+00:00","dateModified":"2022-03-30T15:02:43+00:00","mainEntityOfPage":{"@id":"https:\/\/www.estrategiaconcursos.com.br\/blog\/concurso-sedf-projeto-basico-2022\/"},"wordCount":777,"commentCount":0,"publisher":{"@id":"https:\/\/www.estrategiaconcursos.com.br\/blog\/#organization"},"image":{"@id":"https:\/\/www.estrategiaconcursos.com.br\/blog\/concurso-sedf-projeto-basico-2022\/#primaryimage"},"thumbnailUrl":"https:\/\/dhg1h5j42swfq.cloudfront.net\/2021\/11\/26134508\/sedf.jpeg","articleSection":["Concursos P\u00fablicos","Educa\u00e7\u00e3o"],"inLanguage":"pt-BR","potentialAction":[{"@type":"CommentAction","name":"Comment","target":["https:\/\/www.estrategiaconcursos.com.br\/blog\/concurso-sedf-projeto-basico-2022\/#respond"]}],"copyrightYear":"2022","copyrightHolder":{"@id":"https:\/\/www.estrategiaconcursos.com.br\/blog\/#organization"}},{"@type":"WebPage","@id":"https:\/\/www.estrategiaconcursos.com.br\/blog\/concurso-sedf-projeto-basico-2022\/","url":"https:\/\/www.estrategiaconcursos.com.br\/blog\/concurso-sedf-projeto-basico-2022\/","name":"Concurso SEDF: confira os detalhes do projeto b\u00e1sico","isPartOf":{"@id":"https:\/\/www.estrategiaconcursos.com.br\/blog\/#website"},"primaryImageOfPage":{"@id":"https:\/\/www.estrategiaconcursos.com.br\/blog\/concurso-sedf-projeto-basico-2022\/#primaryimage"},"image":{"@id":"https:\/\/www.estrategiaconcursos.com.br\/blog\/concurso-sedf-projeto-basico-2022\/#primaryimage"},"thumbnailUrl":"https:\/\/dhg1h5j42swfq.cloudfront.net\/2021\/11\/26134508\/sedf.jpeg","datePublished":"2022-03-30T13:52:34+00:00","dateModified":"2022-03-30T15:02:43+00:00","description":"Confira na \u00edntegra todos os detalhes do projeto b\u00e1sico do concurso SEDF com a equipe de comunica\u00e7\u00e3o do Estrat\u00e9gia Concursos.","breadcrumb":{"@id":"https:\/\/www.estrategiaconcursos.com.br\/blog\/concurso-sedf-projeto-basico-2022\/#breadcrumb"},"inLanguage":"pt-BR","potentialAction":[{"@type":"ReadAction","target":["https:\/\/www.estrategiaconcursos.com.br\/blog\/concurso-sedf-projeto-basico-2022\/"]}]},{"@type":"ImageObject","inLanguage":"pt-BR","@id":"https:\/\/www.estrategiaconcursos.com.br\/blog\/concurso-sedf-projeto-basico-2022\/#primaryimage","url":"https:\/\/dhg1h5j42swfq.cloudfront.net\/2021\/11\/26134508\/sedf.jpeg","contentUrl":"https:\/\/dhg1h5j42swfq.cloudfront.net\/2021\/11\/26134508\/sedf.jpeg","width":768,"height":432,"caption":"SEDF"},{"@type":"BreadcrumbList","@id":"https:\/\/www.estrategiaconcursos.com.br\/blog\/concurso-sedf-projeto-basico-2022\/#breadcrumb","itemListElement":[{"@type":"ListItem","position":1,"name":"In\u00edcio","item":"https:\/\/www.estrategiaconcursos.com.br\/blog\/"},{"@type":"ListItem","position":2,"name":"Concurso SEDF: confira os detalhes do projeto b\u00e1sico"}]},{"@type":"WebSite","@id":"https:\/\/www.estrategiaconcursos.com.br\/blog\/#website","url":"https:\/\/www.estrategiaconcursos.com.br\/blog\/","name":"Estrat\u00e9gia Concursos","description":"O blog da Estrat\u00e9gia Concursos traz not\u00edcias sobre concursos e artigos de professores oferecendo cursos para concursos (pdf + videaulas) no site.","publisher":{"@id":"https:\/\/www.estrategiaconcursos.com.br\/blog\/#organization"},"potentialAction":[{"@type":"SearchAction","target":{"@type":"EntryPoint","urlTemplate":"https:\/\/www.estrategiaconcursos.com.br\/blog\/?s={search_term_string}"},"query-input":{"@type":"PropertyValueSpecification","valueRequired":true,"valueName":"search_term_string"}}],"inLanguage":"pt-BR"},{"@type":"Organization","@id":"https:\/\/www.estrategiaconcursos.com.br\/blog\/#organization","name":"Estrat\u00e9gia Concursos","url":"https:\/\/www.estrategiaconcursos.com.br\/blog\/","logo":{"@type":"ImageObject","inLanguage":"pt-BR","@id":"https:\/\/www.estrategiaconcursos.com.br\/blog\/#\/schema\/logo\/image\/","url":"https:\/\/dhg1h5j42swfq.cloudfront.net\/2025\/06\/03203428\/logo_concursos-1.jpg","contentUrl":"https:\/\/dhg1h5j42swfq.cloudfront.net\/2025\/06\/03203428\/logo_concursos-1.jpg","width":230,"height":60,"caption":"Estrat\u00e9gia Concursos"},"image":{"@id":"https:\/\/www.estrategiaconcursos.com.br\/blog\/#\/schema\/logo\/image\/"},"sameAs":["https:\/\/x.com\/EstratConcursos"]},{"@type":"Person","@id":"https:\/\/www.estrategiaconcursos.com.br\/blog\/#\/schema\/person\/a06e841e501f2e1d8c49c4e8f066bfd1","name":"Priscila Almeida","image":{"@type":"ImageObject","inLanguage":"pt-BR","@id":"https:\/\/secure.gravatar.com\/avatar\/0a963c9e2a947fa675b669cea2b5d0ba6dd1cbf46b966190343b6c9973ad3337?s=96&d=mm&r=g","url":"https:\/\/secure.gravatar.com\/avatar\/0a963c9e2a947fa675b669cea2b5d0ba6dd1cbf46b966190343b6c9973ad3337?s=96&d=mm&r=g","contentUrl":"https:\/\/secure.gravatar.com\/avatar\/0a963c9e2a947fa675b669cea2b5d0ba6dd1cbf46b966190343b6c9973ad3337?s=96&d=mm&r=g","caption":"Priscila Almeida"},"description":"Atua na \u00e1rea de concursos p\u00fablicos desde 2019. As editorias que mais t\u00eam familiaridade s\u00e3o: Tribunais (TJs; TRTs; TREs; TSTs; STJ, STF, STM e TSE); Defensorias; Minist\u00e9rios P\u00fablicos; Procuradorias; Educa\u00e7\u00e3o e Conselhos. Na \u00e1rea de comunica\u00e7\u00e3o, de maneira geral, a caminhada \u00e9 um pouco mais longa - desde 2007. Possui experi\u00eancia em reda\u00e7\u00f5es de r\u00e1dio, TV, Web e impresso, al\u00e9m de desenvolver trabalhos em assessorias de comunica\u00e7\u00e3o institucional, empresarial e p\u00fablicas. Entre outros trabalhos, se destacam a atua\u00e7\u00e3o nas \u00e1reas de Justi\u00e7a, Congresso, Esportes, Sa\u00fade, Agropecu\u00e1ria, Cidades e Avia\u00e7\u00e3o Civil.","url":"https:\/\/www.estrategiaconcursos.com.br\/blog\/author\/priscila-almeidaestrategia-com\/"}]}},"_links":{"self":[{"href":"https:\/\/www.estrategiaconcursos.com.br\/blog\/wp-json\/wp\/v2\/posts\/997449","targetHints":{"allow":["GET"]}}],"collection":[{"href":"https:\/\/www.estrategiaconcursos.com.br\/blog\/wp-json\/wp\/v2\/posts"}],"about":[{"href":"https:\/\/www.estrategiaconcursos.com.br\/blog\/wp-json\/wp\/v2\/types\/post"}],"author":[{"embeddable":true,"href":"https:\/\/www.estrategiaconcursos.com.br\/blog\/wp-json\/wp\/v2\/users\/2375"}],"replies":[{"embeddable":true,"href":"https:\/\/www.estrategiaconcursos.com.br\/blog\/wp-json\/wp\/v2\/comments?post=997449"}],"version-history":[{"count":10,"href":"https:\/\/www.estrategiaconcursos.com.br\/blog\/wp-json\/wp\/v2\/posts\/997449\/revisions"}],"predecessor-version":[{"id":997612,"href":"https:\/\/www.estrategiaconcursos.com.br\/blog\/wp-json\/wp\/v2\/posts\/997449\/revisions\/997612"}],"wp:featuredmedia":[{"embeddable":true,"href":"https:\/\/www.estrategiaconcursos.com.br\/blog\/wp-json\/wp\/v2\/media\/917084"}],"wp:attachment":[{"href":"https:\/\/www.estrategiaconcursos.com.br\/blog\/wp-json\/wp\/v2\/media?parent=997449"}],"wp:term":[{"taxonomy":"category","embeddable":true,"href":"https:\/\/www.estrategiaconcursos.com.br\/blog\/wp-json\/wp\/v2\/categories?post=997449"},{"taxonomy":"post_tag","embeddable":true,"href":"https:\/\/www.estrategiaconcursos.com.br\/blog\/wp-json\/wp\/v2\/tags?post=997449"},{"taxonomy":"tax_estado","embeddable":true,"href":"https:\/\/www.estrategiaconcursos.com.br\/blog\/wp-json\/wp\/v2\/tax_estado?post=997449"}],"curies":[{"name":"wp","href":"https:\/\/api.w.org\/{rel}","templated":true}]}}