{"id":997251,"date":"2022-03-29T22:26:22","date_gmt":"2022-03-30T01:26:22","guid":{"rendered":"https:\/\/www.estrategiaconcursos.com.br\/blog\/?p=997251"},"modified":"2022-03-29T22:29:36","modified_gmt":"2022-03-30T01:29:36","slug":"concurso-pc-am-aplicacao-provas-objetivas","status":"publish","type":"post","link":"https:\/\/www.estrategiaconcursos.com.br\/blog\/concurso-pc-am-aplicacao-provas-objetivas\/","title":{"rendered":"Concurso PC AM: como ser\u00e1 a aplica\u00e7\u00e3o das provas objetivas?"},"content":{"rendered":"\n<p>Voc\u00ea, estrategista, est\u00e1 ciente de como ser\u00e1 a aplica\u00e7\u00e3o das <strong>provas objetivas <\/strong>do <strong>concurso PC AM<\/strong>? N\u00e3o se preocupe, preparamos um artigo especial sobre o tema!<\/p>\n\n\n\n<p>Antes, conv\u00e9m frisar que j\u00e1 est\u00e1 dispon\u00edvel, no portal da FVG, a consulta ao local de realiza\u00e7\u00e3o da referida etapa, prevista para o pr\u00f3ximo domingo, 03 de abril. Confira <a href=\"https:\/\/www50.fgv.br\/ConsultaLocalProva.aspx?key=207\" target=\"_blank\" rel=\"noreferrer noopener\">AQUI<\/a>!<\/p>\n\n\n\n<p>S\u00e3o ofertadas <strong>362 vagas<\/strong>, sendo 200 para o cargo de&nbsp;<a href=\"https:\/\/www.estrategiaconcursos.com.br\/curso\/pc-am-investigador-de-policia-pacote-completo-2021-pos-edital\/\" target=\"_blank\" rel=\"noreferrer noopener\">Investigador<\/a>, 62 para&nbsp;<a href=\"https:\/\/www.estrategiaconcursos.com.br\/blog\/concurso-delegado-am\/\" target=\"_blank\" rel=\"noreferrer noopener\">Delegado<\/a>, 62 para&nbsp;<a href=\"https:\/\/www.estrategiaconcursos.com.br\/curso\/pc-am-escrivao-de-policia-pacote-completo-2022-pre-edital\/\" target=\"_blank\" rel=\"noreferrer noopener\">Escriv\u00e3o<\/a>, 27 para Perito Criminal, 8 para Perito Legista e 3 para <a href=\"https:\/\/www.estrategiaconcursos.com.br\/curso\/pc-am-perito-odontolegista-pacote-completo-2022-pre-edital\/\" target=\"_blank\" rel=\"noreferrer noopener\">Perito Odontolegista<\/a>, de n\u00edvel superior e iniciais de at\u00e9 R$ 20,4 mil.<\/p>\n\n\n\n<h3 class=\"wp-block-heading\" id=\"e-como-sera-a-aplicacao-das-provas-objetivas-do-concurso-pc-am\">E como ser\u00e1 a aplica\u00e7\u00e3o das provas objetivas do concurso PC AM?<\/h3>\n\n\n\n<p>As Provas Objetiva e Discursiva para os cargos de escriv\u00e3o e peritos ser\u00e3o realizadas nos Munic\u00edpios de Coari, Eirunep\u00e9, Humait\u00e1, Itacoatiara, Manaus, Parintins, Tabatinga e Tef\u00e9, no dia 03 de abril de 2022, das 8h \u00e0s 12h30, segundo o hor\u00e1rio oficial da cidade de Manaus\/AM.<\/p>\n\n\n\n<p>As Provas Objetiva e Discursiva para o cargo de investigador ser\u00e3o realizadas nos Munic\u00edpios de Coari, Eirunep\u00e9, Humait\u00e1, Itacoatiara, Manaus, Parintins, Tabatinga e Tef\u00e9, no dia 03 de abril de 2022, das 15h \u00e0s 19h30, segundo o hor\u00e1rio oficial da cidade de Manaus\/AM.<\/p>\n\n\n\n<p>A Prova Objetiva ser\u00e1 composta por 80 quest\u00f5es, de m\u00faltipla escolha, numeradas sequencialmente, com cinco alternativas e apenas uma resposta correta.<\/p>\n\n\n\n<p>As 80 quest\u00f5es das provas objetivas ser\u00e3o divididas conforme as disciplinas elencadas nas tabelas abaixo:<\/p>\n\n\n\n<div class=\"wp-block-image\"><figure class=\"aligncenter size-full is-resized\"><img loading=\"lazy\" decoding=\"async\" src=\"https:\/\/dhg1h5j42swfq.cloudfront.net\/2022\/03\/29221534\/image-342.png\" alt=\"\" class=\"wp-image-997253\" width=\"663\" height=\"409\" srcset=\"https:\/\/dhg1h5j42swfq.cloudfront.net\/2022\/03\/29221534\/image-342.png 759w, https:\/\/dhg1h5j42swfq.cloudfront.net\/2022\/03\/29221534\/image-342-300x185.png 300w, https:\/\/dhg1h5j42swfq.cloudfront.net\/2022\/03\/29221534\/image-342-610x376.png 610w\" sizes=\"auto, (max-width: 663px) 100vw, 663px\" \/><\/figure><\/div>\n\n\n\n<div class=\"wp-block-image\"><figure class=\"aligncenter size-full is-resized\"><img loading=\"lazy\" decoding=\"async\" src=\"https:\/\/dhg1h5j42swfq.cloudfront.net\/2022\/03\/29221548\/image-343.png\" alt=\"\" class=\"wp-image-997254\" width=\"687\" height=\"414\" srcset=\"https:\/\/dhg1h5j42swfq.cloudfront.net\/2022\/03\/29221548\/image-343.png 768w, https:\/\/dhg1h5j42swfq.cloudfront.net\/2022\/03\/29221548\/image-343-300x181.png 300w, https:\/\/dhg1h5j42swfq.cloudfront.net\/2022\/03\/29221548\/image-343-610x368.png 610w\" sizes=\"auto, (max-width: 687px) 100vw, 687px\" \/><\/figure><\/div>\n\n\n\n<div class=\"wp-block-image\"><figure class=\"aligncenter size-full is-resized\"><img loading=\"lazy\" decoding=\"async\" src=\"https:\/\/dhg1h5j42swfq.cloudfront.net\/2022\/03\/29221630\/image-344.png\" alt=\"pc am provas objetivas\" class=\"wp-image-997255\" width=\"704\" height=\"847\" srcset=\"https:\/\/dhg1h5j42swfq.cloudfront.net\/2022\/03\/29221630\/image-344.png 719w, https:\/\/dhg1h5j42swfq.cloudfront.net\/2022\/03\/29221630\/image-344-249x300.png 249w, https:\/\/dhg1h5j42swfq.cloudfront.net\/2022\/03\/29221630\/image-344-610x734.png 610w\" sizes=\"auto, (max-width: 704px) 100vw, 704px\" \/><\/figure><\/div>\n\n\n\n<div class=\"wp-block-image\"><figure class=\"aligncenter size-full is-resized\"><img loading=\"lazy\" decoding=\"async\" src=\"https:\/\/dhg1h5j42swfq.cloudfront.net\/2022\/03\/29221938\/image-346.png\" alt=\"pc am provas objetivas\" class=\"wp-image-997257\" width=\"729\" height=\"409\" srcset=\"https:\/\/dhg1h5j42swfq.cloudfront.net\/2022\/03\/29221938\/image-346.png 685w, https:\/\/dhg1h5j42swfq.cloudfront.net\/2022\/03\/29221938\/image-346-300x168.png 300w, https:\/\/dhg1h5j42swfq.cloudfront.net\/2022\/03\/29221938\/image-346-610x341.png 610w\" sizes=\"auto, (max-width: 729px) 100vw, 729px\" \/><\/figure><\/div>\n\n\n\n<p>Para todos os cargos, ser\u00e1 considerado aprovado o candidato que na Prova Objetiva acertar, no m\u00ednimo,<br \/>48 (quarenta e oito) quest\u00f5es do total de quest\u00f5es da prova.<\/p>\n\n\n\n<p><strong>Para saber as informa\u00e7\u00f5es completas sobre a aplica\u00e7\u00e3o das provas objetivas do concurso PC AM<\/strong> <strong>acesse nosso artigo exclusivo abaixo:<\/strong><\/p>\n\n\n\n<h2 class=\"has-text-align-center has-cyan-bluish-gray-background-color has-background has-medium-font-size wp-block-heading\" id=\"saiba-mais-concurso-policia-civil-am\">Saiba mais: <a href=\"https:\/\/www.estrategiaconcursos.com.br\/blog\/concurso-pc-am\/\" target=\"_blank\" rel=\"noreferrer noopener\">Concurso Pol\u00edcia Civil AM<\/a><\/h2>\n\n\n\n<hr class=\"wp-block-separator\"\/>\n\n\n\n<h2 class=\"has-text-align-center wp-block-heading\" id=\"h-quer-saber-tudo-sobre-concursos-previstos-confira-nossos-artigos\">Quer saber tudo sobre concursos previstos?<br \/>Confira nossos artigos!<\/h2>\n\n\n\n<ul class=\"wp-block-list\"><li><a href=\"https:\/\/www.estrategiaconcursos.com.br\/blog\/concursos-abertos\/\" target=\"_blank\" rel=\"noreferrer noopener\">Concursos abertos<\/a><\/li><li><a href=\"https:\/\/www.estrategiaconcursos.com.br\/blog\/concursos-2022\/\" target=\"_blank\" rel=\"noreferrer noopener\">Concursos 2022<\/a><\/li><\/ul>\n\n\n\n<h2 class=\"has-text-align-center wp-block-heading\" id=\"cursos-assinatura\">Quer estudar para o concurso PC AM? <br \/>Conhe\u00e7a nossa assinatura!<\/h2>\n\n\n\n<div class=\"container\" id=\"boxes\">\n  <div class=\"row\">\n\n    <div class=\"col-sm\">\n      <div class=\"estrategia\" id=\"box-assinatura\">\n        <h3 class=\"titulo-assinatura\">Assinatura Concursos<\/h3>\n        <p class=\"subtitulo-assinatura\">Assinatura de 1 ano ou 2 anos<\/p>\n        <div class=\"box-botao\">\n          <a class=\"btn-assinatura\" target=\"_blank\" href=\"https:\/\/www.estrategiaconcursos.com.br\/assinaturas\/\" role=\"button\" rel=\"noopener noreferrer\">ASSINE AGORA<\/a>\n        <\/div>\n      <\/div>\n     \n    <\/div><\/div><\/div>\n","protected":false},"excerpt":{"rendered":"<p>Voc\u00ea, estrategista, est\u00e1 ciente de como ser\u00e1 a aplica\u00e7\u00e3o das provas objetivas do concurso PC AM? N\u00e3o se preocupe, preparamos um artigo especial sobre o tema! Antes, conv\u00e9m frisar que j\u00e1 est\u00e1 dispon\u00edvel, no portal da FVG, a consulta ao local de realiza\u00e7\u00e3o da referida etapa, prevista para o pr\u00f3ximo domingo, 03 de abril. Confira [&hellip;]<\/p>\n","protected":false},"author":2134,"featured_media":772567,"comment_status":"open","ping_status":"closed","sticky":false,"template":"","format":"standard","meta":{"post_tipo":"news","footnotes":""},"categories":[1988,220190,220219],"tags":[],"tax_estado":[219966],"class_list":["post-997251","post","type-post","status-publish","format-standard","has-post-thumbnail","hentry","category-policia","category-policial-peritos","category-noticias","tax_estado-am"],"acf":[],"yoast_head":"<!-- This site is optimized with the Yoast SEO Premium plugin v27.2 (Yoast SEO v27.2) - https:\/\/yoast.com\/product\/yoast-seo-premium-wordpress\/ -->\n<title>Concurso PC AM: como ser\u00e1 a aplica\u00e7\u00e3o das provas objetivas?<\/title>\n<meta name=\"description\" content=\"Concurso PC AM: confira como ser\u00e1 a aplica\u00e7\u00e3o das provas objetivas deste final de semana, 03 de abril. Confira aqui todos os detalhes!\" \/>\n<meta name=\"robots\" content=\"index, follow, max-snippet:-1, max-image-preview:large, max-video-preview:-1\" \/>\n<link rel=\"canonical\" href=\"https:\/\/www.estrategiaconcursos.com.br\/blog\/concurso-pc-am-aplicacao-provas-objetivas\/\" \/>\n<meta property=\"og:locale\" content=\"pt_BR\" \/>\n<meta property=\"og:type\" content=\"article\" \/>\n<meta property=\"og:title\" content=\"Concurso PC AM: como ser\u00e1 a aplica\u00e7\u00e3o das provas objetivas?\" \/>\n<meta property=\"og:description\" content=\"Concurso PC AM: confira como ser\u00e1 a aplica\u00e7\u00e3o das provas objetivas deste final de semana, 03 de abril. Confira aqui todos os detalhes!\" \/>\n<meta property=\"og:url\" content=\"https:\/\/www.estrategiaconcursos.com.br\/blog\/concurso-pc-am-aplicacao-provas-objetivas\/\" \/>\n<meta property=\"og:site_name\" content=\"Estrat\u00e9gia Concursos\" \/>\n<meta property=\"article:published_time\" content=\"2022-03-30T01:26:22+00:00\" \/>\n<meta property=\"article:modified_time\" content=\"2022-03-30T01:29:36+00:00\" \/>\n<meta property=\"og:image\" content=\"https:\/\/dhg1h5j42swfq.cloudfront.net\/2021\/06\/21120554\/pc-am.jpg\" \/>\n\t<meta property=\"og:image:width\" content=\"768\" \/>\n\t<meta property=\"og:image:height\" content=\"432\" \/>\n\t<meta property=\"og:image:type\" content=\"image\/jpeg\" \/>\n<meta name=\"author\" content=\"Rafaela Teixeira\" \/>\n<meta name=\"twitter:card\" content=\"summary_large_image\" \/>\n<meta name=\"twitter:creator\" content=\"@EstratConcursos\" \/>\n<meta name=\"twitter:site\" content=\"@EstratConcursos\" \/>\n<meta name=\"twitter:label1\" content=\"Escrito por\" \/>\n\t<meta name=\"twitter:data1\" content=\"Rafaela Teixeira\" \/>\n\t<meta name=\"twitter:label2\" content=\"Est. tempo de leitura\" \/>\n\t<meta name=\"twitter:data2\" content=\"3 minutos\" \/>\n<script type=\"application\/ld+json\" class=\"yoast-schema-graph\">{\"@context\":\"https:\/\/schema.org\",\"@graph\":[{\"@type\":\"NewsArticle\",\"@id\":\"https:\/\/www.estrategiaconcursos.com.br\/blog\/concurso-pc-am-aplicacao-provas-objetivas\/#article\",\"isPartOf\":{\"@id\":\"https:\/\/www.estrategiaconcursos.com.br\/blog\/concurso-pc-am-aplicacao-provas-objetivas\/\"},\"author\":{\"name\":\"Rafaela Teixeira\",\"@id\":\"https:\/\/www.estrategiaconcursos.com.br\/blog\/#\/schema\/person\/e75352021ea7f60781c599934f916eb1\"},\"headline\":\"Concurso PC AM: como ser\u00e1 a aplica\u00e7\u00e3o das provas objetivas?\",\"datePublished\":\"2022-03-30T01:26:22+00:00\",\"dateModified\":\"2022-03-30T01:29:36+00:00\",\"mainEntityOfPage\":{\"@id\":\"https:\/\/www.estrategiaconcursos.com.br\/blog\/concurso-pc-am-aplicacao-provas-objetivas\/\"},\"wordCount\":344,\"commentCount\":0,\"publisher\":{\"@id\":\"https:\/\/www.estrategiaconcursos.com.br\/blog\/#organization\"},\"image\":{\"@id\":\"https:\/\/www.estrategiaconcursos.com.br\/blog\/concurso-pc-am-aplicacao-provas-objetivas\/#primaryimage\"},\"thumbnailUrl\":\"https:\/\/dhg1h5j42swfq.cloudfront.net\/2021\/06\/21120554\/pc-am.jpg\",\"articleSection\":[\"Policial (Agente, Escriv\u00e3o e Investigador)\",\"Policial (Peritos, Papiloscopistas)\",\"\u00daltimas not\u00edcias\"],\"inLanguage\":\"pt-BR\",\"potentialAction\":[{\"@type\":\"CommentAction\",\"name\":\"Comment\",\"target\":[\"https:\/\/www.estrategiaconcursos.com.br\/blog\/concurso-pc-am-aplicacao-provas-objetivas\/#respond\"]}],\"copyrightYear\":\"2022\",\"copyrightHolder\":{\"@id\":\"https:\/\/www.estrategiaconcursos.com.br\/blog\/#organization\"}},{\"@type\":\"WebPage\",\"@id\":\"https:\/\/www.estrategiaconcursos.com.br\/blog\/concurso-pc-am-aplicacao-provas-objetivas\/\",\"url\":\"https:\/\/www.estrategiaconcursos.com.br\/blog\/concurso-pc-am-aplicacao-provas-objetivas\/\",\"name\":\"Concurso PC AM: como ser\u00e1 a aplica\u00e7\u00e3o das provas objetivas?\",\"isPartOf\":{\"@id\":\"https:\/\/www.estrategiaconcursos.com.br\/blog\/#website\"},\"primaryImageOfPage\":{\"@id\":\"https:\/\/www.estrategiaconcursos.com.br\/blog\/concurso-pc-am-aplicacao-provas-objetivas\/#primaryimage\"},\"image\":{\"@id\":\"https:\/\/www.estrategiaconcursos.com.br\/blog\/concurso-pc-am-aplicacao-provas-objetivas\/#primaryimage\"},\"thumbnailUrl\":\"https:\/\/dhg1h5j42swfq.cloudfront.net\/2021\/06\/21120554\/pc-am.jpg\",\"datePublished\":\"2022-03-30T01:26:22+00:00\",\"dateModified\":\"2022-03-30T01:29:36+00:00\",\"description\":\"Concurso PC AM: confira como ser\u00e1 a aplica\u00e7\u00e3o das provas objetivas deste final de semana, 03 de abril. Confira aqui todos os detalhes!\",\"breadcrumb\":{\"@id\":\"https:\/\/www.estrategiaconcursos.com.br\/blog\/concurso-pc-am-aplicacao-provas-objetivas\/#breadcrumb\"},\"inLanguage\":\"pt-BR\",\"potentialAction\":[{\"@type\":\"ReadAction\",\"target\":[\"https:\/\/www.estrategiaconcursos.com.br\/blog\/concurso-pc-am-aplicacao-provas-objetivas\/\"]}]},{\"@type\":\"ImageObject\",\"inLanguage\":\"pt-BR\",\"@id\":\"https:\/\/www.estrategiaconcursos.com.br\/blog\/concurso-pc-am-aplicacao-provas-objetivas\/#primaryimage\",\"url\":\"https:\/\/dhg1h5j42swfq.cloudfront.net\/2021\/06\/21120554\/pc-am.jpg\",\"contentUrl\":\"https:\/\/dhg1h5j42swfq.cloudfront.net\/2021\/06\/21120554\/pc-am.jpg\",\"width\":768,\"height\":432,\"caption\":\"PC AM\"},{\"@type\":\"BreadcrumbList\",\"@id\":\"https:\/\/www.estrategiaconcursos.com.br\/blog\/concurso-pc-am-aplicacao-provas-objetivas\/#breadcrumb\",\"itemListElement\":[{\"@type\":\"ListItem\",\"position\":1,\"name\":\"In\u00edcio\",\"item\":\"https:\/\/www.estrategiaconcursos.com.br\/blog\/\"},{\"@type\":\"ListItem\",\"position\":2,\"name\":\"Concurso PC AM: como ser\u00e1 a aplica\u00e7\u00e3o das provas objetivas?\"}]},{\"@type\":\"WebSite\",\"@id\":\"https:\/\/www.estrategiaconcursos.com.br\/blog\/#website\",\"url\":\"https:\/\/www.estrategiaconcursos.com.br\/blog\/\",\"name\":\"Estrat\u00e9gia Concursos\",\"description\":\"O blog da Estrat\u00e9gia Concursos traz not\u00edcias sobre concursos e artigos de professores oferecendo cursos para concursos (pdf + videaulas) no site.\",\"publisher\":{\"@id\":\"https:\/\/www.estrategiaconcursos.com.br\/blog\/#organization\"},\"potentialAction\":[{\"@type\":\"SearchAction\",\"target\":{\"@type\":\"EntryPoint\",\"urlTemplate\":\"https:\/\/www.estrategiaconcursos.com.br\/blog\/?s={search_term_string}\"},\"query-input\":{\"@type\":\"PropertyValueSpecification\",\"valueRequired\":true,\"valueName\":\"search_term_string\"}}],\"inLanguage\":\"pt-BR\"},{\"@type\":\"Organization\",\"@id\":\"https:\/\/www.estrategiaconcursos.com.br\/blog\/#organization\",\"name\":\"Estrat\u00e9gia Concursos\",\"url\":\"https:\/\/www.estrategiaconcursos.com.br\/blog\/\",\"logo\":{\"@type\":\"ImageObject\",\"inLanguage\":\"pt-BR\",\"@id\":\"https:\/\/www.estrategiaconcursos.com.br\/blog\/#\/schema\/logo\/image\/\",\"url\":\"https:\/\/dhg1h5j42swfq.cloudfront.net\/2025\/06\/03203428\/logo_concursos-1.jpg\",\"contentUrl\":\"https:\/\/dhg1h5j42swfq.cloudfront.net\/2025\/06\/03203428\/logo_concursos-1.jpg\",\"width\":230,\"height\":60,\"caption\":\"Estrat\u00e9gia Concursos\"},\"image\":{\"@id\":\"https:\/\/www.estrategiaconcursos.com.br\/blog\/#\/schema\/logo\/image\/\"},\"sameAs\":[\"https:\/\/x.com\/EstratConcursos\"]},{\"@type\":\"Person\",\"@id\":\"https:\/\/www.estrategiaconcursos.com.br\/blog\/#\/schema\/person\/e75352021ea7f60781c599934f916eb1\",\"name\":\"Rafaela Teixeira\",\"image\":{\"@type\":\"ImageObject\",\"inLanguage\":\"pt-BR\",\"@id\":\"https:\/\/secure.gravatar.com\/avatar\/8a349a2b22039b1ee88fc06461487c950fd6aa411ea8af8633314b43334ae793?s=96&d=mm&r=g\",\"url\":\"https:\/\/secure.gravatar.com\/avatar\/8a349a2b22039b1ee88fc06461487c950fd6aa411ea8af8633314b43334ae793?s=96&d=mm&r=g\",\"contentUrl\":\"https:\/\/secure.gravatar.com\/avatar\/8a349a2b22039b1ee88fc06461487c950fd6aa411ea8af8633314b43334ae793?s=96&d=mm&r=g\",\"caption\":\"Rafaela Teixeira\"},\"description\":\"Rafaela Teixeira \u00e9 advogada conveniada \u00e0 Defensoria P\u00fablica de S\u00e3o Paulo pela OAB, com experi\u00eancia em reda\u00e7\u00e3o jur\u00eddica e atua\u00e7\u00e3o em institui\u00e7\u00f5es p\u00fablicas, incluindo est\u00e1gio no TRE-SP. Possui mais de 7 anos de experi\u00eancia na produ\u00e7\u00e3o de conte\u00fados voltados ao nicho de concursos p\u00fablicos, com foco em apura\u00e7\u00e3o jornal\u00edstica cont\u00ednua, an\u00e1lise de editais e obten\u00e7\u00e3o de informa\u00e7\u00f5es diretamente junto a \u00f3rg\u00e3os e fontes oficiais. No Blog do Estrat\u00e9gia Concursos, atua como Analista de Conte\u00fado S\u00eanior, respons\u00e1vel pelo jornalismo do per\u00edodo noturno e da madrugada, com atua\u00e7\u00e3o transversal na cobertura de concursos p\u00fablicos, garantindo a continuidade, fluidez e confiabilidade das publica\u00e7\u00f5es e dos bastidores dos certames.\",\"url\":\"https:\/\/www.estrategiaconcursos.com.br\/blog\/author\/rafaela-teixeira\/\"}]}<\/script>\n<!-- \/ Yoast SEO Premium plugin. -->","yoast_head_json":{"title":"Concurso PC AM: como ser\u00e1 a aplica\u00e7\u00e3o das provas objetivas?","description":"Concurso PC AM: confira como ser\u00e1 a aplica\u00e7\u00e3o das provas objetivas deste final de semana, 03 de abril. Confira aqui todos os detalhes!","robots":{"index":"index","follow":"follow","max-snippet":"max-snippet:-1","max-image-preview":"max-image-preview:large","max-video-preview":"max-video-preview:-1"},"canonical":"https:\/\/www.estrategiaconcursos.com.br\/blog\/concurso-pc-am-aplicacao-provas-objetivas\/","og_locale":"pt_BR","og_type":"article","og_title":"Concurso PC AM: como ser\u00e1 a aplica\u00e7\u00e3o das provas objetivas?","og_description":"Concurso PC AM: confira como ser\u00e1 a aplica\u00e7\u00e3o das provas objetivas deste final de semana, 03 de abril. Confira aqui todos os detalhes!","og_url":"https:\/\/www.estrategiaconcursos.com.br\/blog\/concurso-pc-am-aplicacao-provas-objetivas\/","og_site_name":"Estrat\u00e9gia Concursos","article_published_time":"2022-03-30T01:26:22+00:00","article_modified_time":"2022-03-30T01:29:36+00:00","og_image":[{"width":768,"height":432,"url":"https:\/\/dhg1h5j42swfq.cloudfront.net\/2021\/06\/21120554\/pc-am.jpg","type":"image\/jpeg"}],"author":"Rafaela Teixeira","twitter_card":"summary_large_image","twitter_creator":"@EstratConcursos","twitter_site":"@EstratConcursos","twitter_misc":{"Escrito por":"Rafaela Teixeira","Est. tempo de leitura":"3 minutos"},"schema":{"@context":"https:\/\/schema.org","@graph":[{"@type":"NewsArticle","@id":"https:\/\/www.estrategiaconcursos.com.br\/blog\/concurso-pc-am-aplicacao-provas-objetivas\/#article","isPartOf":{"@id":"https:\/\/www.estrategiaconcursos.com.br\/blog\/concurso-pc-am-aplicacao-provas-objetivas\/"},"author":{"name":"Rafaela Teixeira","@id":"https:\/\/www.estrategiaconcursos.com.br\/blog\/#\/schema\/person\/e75352021ea7f60781c599934f916eb1"},"headline":"Concurso PC AM: como ser\u00e1 a aplica\u00e7\u00e3o das provas objetivas?","datePublished":"2022-03-30T01:26:22+00:00","dateModified":"2022-03-30T01:29:36+00:00","mainEntityOfPage":{"@id":"https:\/\/www.estrategiaconcursos.com.br\/blog\/concurso-pc-am-aplicacao-provas-objetivas\/"},"wordCount":344,"commentCount":0,"publisher":{"@id":"https:\/\/www.estrategiaconcursos.com.br\/blog\/#organization"},"image":{"@id":"https:\/\/www.estrategiaconcursos.com.br\/blog\/concurso-pc-am-aplicacao-provas-objetivas\/#primaryimage"},"thumbnailUrl":"https:\/\/dhg1h5j42swfq.cloudfront.net\/2021\/06\/21120554\/pc-am.jpg","articleSection":["Policial (Agente, Escriv\u00e3o e Investigador)","Policial (Peritos, Papiloscopistas)","\u00daltimas not\u00edcias"],"inLanguage":"pt-BR","potentialAction":[{"@type":"CommentAction","name":"Comment","target":["https:\/\/www.estrategiaconcursos.com.br\/blog\/concurso-pc-am-aplicacao-provas-objetivas\/#respond"]}],"copyrightYear":"2022","copyrightHolder":{"@id":"https:\/\/www.estrategiaconcursos.com.br\/blog\/#organization"}},{"@type":"WebPage","@id":"https:\/\/www.estrategiaconcursos.com.br\/blog\/concurso-pc-am-aplicacao-provas-objetivas\/","url":"https:\/\/www.estrategiaconcursos.com.br\/blog\/concurso-pc-am-aplicacao-provas-objetivas\/","name":"Concurso PC AM: como ser\u00e1 a aplica\u00e7\u00e3o das provas objetivas?","isPartOf":{"@id":"https:\/\/www.estrategiaconcursos.com.br\/blog\/#website"},"primaryImageOfPage":{"@id":"https:\/\/www.estrategiaconcursos.com.br\/blog\/concurso-pc-am-aplicacao-provas-objetivas\/#primaryimage"},"image":{"@id":"https:\/\/www.estrategiaconcursos.com.br\/blog\/concurso-pc-am-aplicacao-provas-objetivas\/#primaryimage"},"thumbnailUrl":"https:\/\/dhg1h5j42swfq.cloudfront.net\/2021\/06\/21120554\/pc-am.jpg","datePublished":"2022-03-30T01:26:22+00:00","dateModified":"2022-03-30T01:29:36+00:00","description":"Concurso PC AM: confira como ser\u00e1 a aplica\u00e7\u00e3o das provas objetivas deste final de semana, 03 de abril. Confira aqui todos os detalhes!","breadcrumb":{"@id":"https:\/\/www.estrategiaconcursos.com.br\/blog\/concurso-pc-am-aplicacao-provas-objetivas\/#breadcrumb"},"inLanguage":"pt-BR","potentialAction":[{"@type":"ReadAction","target":["https:\/\/www.estrategiaconcursos.com.br\/blog\/concurso-pc-am-aplicacao-provas-objetivas\/"]}]},{"@type":"ImageObject","inLanguage":"pt-BR","@id":"https:\/\/www.estrategiaconcursos.com.br\/blog\/concurso-pc-am-aplicacao-provas-objetivas\/#primaryimage","url":"https:\/\/dhg1h5j42swfq.cloudfront.net\/2021\/06\/21120554\/pc-am.jpg","contentUrl":"https:\/\/dhg1h5j42swfq.cloudfront.net\/2021\/06\/21120554\/pc-am.jpg","width":768,"height":432,"caption":"PC AM"},{"@type":"BreadcrumbList","@id":"https:\/\/www.estrategiaconcursos.com.br\/blog\/concurso-pc-am-aplicacao-provas-objetivas\/#breadcrumb","itemListElement":[{"@type":"ListItem","position":1,"name":"In\u00edcio","item":"https:\/\/www.estrategiaconcursos.com.br\/blog\/"},{"@type":"ListItem","position":2,"name":"Concurso PC AM: como ser\u00e1 a aplica\u00e7\u00e3o das provas objetivas?"}]},{"@type":"WebSite","@id":"https:\/\/www.estrategiaconcursos.com.br\/blog\/#website","url":"https:\/\/www.estrategiaconcursos.com.br\/blog\/","name":"Estrat\u00e9gia Concursos","description":"O blog da Estrat\u00e9gia Concursos traz not\u00edcias sobre concursos e artigos de professores oferecendo cursos para concursos (pdf + videaulas) no site.","publisher":{"@id":"https:\/\/www.estrategiaconcursos.com.br\/blog\/#organization"},"potentialAction":[{"@type":"SearchAction","target":{"@type":"EntryPoint","urlTemplate":"https:\/\/www.estrategiaconcursos.com.br\/blog\/?s={search_term_string}"},"query-input":{"@type":"PropertyValueSpecification","valueRequired":true,"valueName":"search_term_string"}}],"inLanguage":"pt-BR"},{"@type":"Organization","@id":"https:\/\/www.estrategiaconcursos.com.br\/blog\/#organization","name":"Estrat\u00e9gia Concursos","url":"https:\/\/www.estrategiaconcursos.com.br\/blog\/","logo":{"@type":"ImageObject","inLanguage":"pt-BR","@id":"https:\/\/www.estrategiaconcursos.com.br\/blog\/#\/schema\/logo\/image\/","url":"https:\/\/dhg1h5j42swfq.cloudfront.net\/2025\/06\/03203428\/logo_concursos-1.jpg","contentUrl":"https:\/\/dhg1h5j42swfq.cloudfront.net\/2025\/06\/03203428\/logo_concursos-1.jpg","width":230,"height":60,"caption":"Estrat\u00e9gia Concursos"},"image":{"@id":"https:\/\/www.estrategiaconcursos.com.br\/blog\/#\/schema\/logo\/image\/"},"sameAs":["https:\/\/x.com\/EstratConcursos"]},{"@type":"Person","@id":"https:\/\/www.estrategiaconcursos.com.br\/blog\/#\/schema\/person\/e75352021ea7f60781c599934f916eb1","name":"Rafaela Teixeira","image":{"@type":"ImageObject","inLanguage":"pt-BR","@id":"https:\/\/secure.gravatar.com\/avatar\/8a349a2b22039b1ee88fc06461487c950fd6aa411ea8af8633314b43334ae793?s=96&d=mm&r=g","url":"https:\/\/secure.gravatar.com\/avatar\/8a349a2b22039b1ee88fc06461487c950fd6aa411ea8af8633314b43334ae793?s=96&d=mm&r=g","contentUrl":"https:\/\/secure.gravatar.com\/avatar\/8a349a2b22039b1ee88fc06461487c950fd6aa411ea8af8633314b43334ae793?s=96&d=mm&r=g","caption":"Rafaela Teixeira"},"description":"Rafaela Teixeira \u00e9 advogada conveniada \u00e0 Defensoria P\u00fablica de S\u00e3o Paulo pela OAB, com experi\u00eancia em reda\u00e7\u00e3o jur\u00eddica e atua\u00e7\u00e3o em institui\u00e7\u00f5es p\u00fablicas, incluindo est\u00e1gio no TRE-SP. Possui mais de 7 anos de experi\u00eancia na produ\u00e7\u00e3o de conte\u00fados voltados ao nicho de concursos p\u00fablicos, com foco em apura\u00e7\u00e3o jornal\u00edstica cont\u00ednua, an\u00e1lise de editais e obten\u00e7\u00e3o de informa\u00e7\u00f5es diretamente junto a \u00f3rg\u00e3os e fontes oficiais. No Blog do Estrat\u00e9gia Concursos, atua como Analista de Conte\u00fado S\u00eanior, respons\u00e1vel pelo jornalismo do per\u00edodo noturno e da madrugada, com atua\u00e7\u00e3o transversal na cobertura de concursos p\u00fablicos, garantindo a continuidade, fluidez e confiabilidade das publica\u00e7\u00f5es e dos bastidores dos certames.","url":"https:\/\/www.estrategiaconcursos.com.br\/blog\/author\/rafaela-teixeira\/"}]}},"_links":{"self":[{"href":"https:\/\/www.estrategiaconcursos.com.br\/blog\/wp-json\/wp\/v2\/posts\/997251","targetHints":{"allow":["GET"]}}],"collection":[{"href":"https:\/\/www.estrategiaconcursos.com.br\/blog\/wp-json\/wp\/v2\/posts"}],"about":[{"href":"https:\/\/www.estrategiaconcursos.com.br\/blog\/wp-json\/wp\/v2\/types\/post"}],"author":[{"embeddable":true,"href":"https:\/\/www.estrategiaconcursos.com.br\/blog\/wp-json\/wp\/v2\/users\/2134"}],"replies":[{"embeddable":true,"href":"https:\/\/www.estrategiaconcursos.com.br\/blog\/wp-json\/wp\/v2\/comments?post=997251"}],"version-history":[{"count":7,"href":"https:\/\/www.estrategiaconcursos.com.br\/blog\/wp-json\/wp\/v2\/posts\/997251\/revisions"}],"predecessor-version":[{"id":997265,"href":"https:\/\/www.estrategiaconcursos.com.br\/blog\/wp-json\/wp\/v2\/posts\/997251\/revisions\/997265"}],"wp:featuredmedia":[{"embeddable":true,"href":"https:\/\/www.estrategiaconcursos.com.br\/blog\/wp-json\/wp\/v2\/media\/772567"}],"wp:attachment":[{"href":"https:\/\/www.estrategiaconcursos.com.br\/blog\/wp-json\/wp\/v2\/media?parent=997251"}],"wp:term":[{"taxonomy":"category","embeddable":true,"href":"https:\/\/www.estrategiaconcursos.com.br\/blog\/wp-json\/wp\/v2\/categories?post=997251"},{"taxonomy":"post_tag","embeddable":true,"href":"https:\/\/www.estrategiaconcursos.com.br\/blog\/wp-json\/wp\/v2\/tags?post=997251"},{"taxonomy":"tax_estado","embeddable":true,"href":"https:\/\/www.estrategiaconcursos.com.br\/blog\/wp-json\/wp\/v2\/tax_estado?post=997251"}],"curies":[{"name":"wp","href":"https:\/\/api.w.org\/{rel}","templated":true}]}}