{"id":996840,"date":"2022-03-29T14:26:10","date_gmt":"2022-03-29T17:26:10","guid":{"rendered":"https:\/\/www.estrategiaconcursos.com.br\/blog\/?p=996840"},"modified":"2022-03-29T14:26:12","modified_gmt":"2022-03-29T17:26:12","slug":"proposta-regulamentacao-policia-penal-pr","status":"publish","type":"post","link":"https:\/\/www.estrategiaconcursos.com.br\/blog\/proposta-regulamentacao-policia-penal-pr\/","title":{"rendered":"Proposta de regulamenta\u00e7\u00e3o da Pol\u00edcia Penal PR \u00e9 enviada"},"content":{"rendered":"\n<p>O governo do Paran\u00e1 enviou \u00e0 Assembleia Legislativa do estado (AL PR) o Projeto de Lei (PL) que regulamenta a cria\u00e7\u00e3o da Pol\u00edcia Penal PR.<\/p>\n\n\n\n<figure class=\"wp-block-image size-full is-style-default\"><img loading=\"lazy\" decoding=\"async\" width=\"944\" height=\"566\" src=\"https:\/\/dhg1h5j42swfq.cloudfront.net\/2022\/01\/04170710\/policia-penal-tocantins.jpeg\" alt=\"Proposta de regulamenta\u00e7\u00e3o da Pol\u00edcia Penal PR \u00e9 enviada\" class=\"wp-image-939722\" srcset=\"https:\/\/dhg1h5j42swfq.cloudfront.net\/2022\/01\/04170710\/policia-penal-tocantins.jpeg 944w, https:\/\/dhg1h5j42swfq.cloudfront.net\/2022\/01\/04170710\/policia-penal-tocantins-300x180.jpeg 300w, https:\/\/dhg1h5j42swfq.cloudfront.net\/2022\/01\/04170710\/policia-penal-tocantins-768x460.jpeg 768w, https:\/\/dhg1h5j42swfq.cloudfront.net\/2022\/01\/04170710\/policia-penal-tocantins-610x366.jpeg 610w\" sizes=\"auto, (max-width: 944px) 100vw, 944px\" \/><figcaption>Proposta de regulamenta\u00e7\u00e3o da Pol\u00edcia Penal PR \u00e9 enviada \u00e0 AL PR | Imagem: reprodu\u00e7\u00e3o<\/figcaption><\/figure>\n\n\n\n<p>Ap\u00f3s a Pol\u00edcia Penal PR ter sido criada por emenda \u00e0 Constitui\u00e7\u00e3o do estado, o governo enviou o PL que disp\u00f5e sobre a regulamenta\u00e7\u00e3o e o regime jur\u00eddico \u00fanico da categoria.<\/p>\n\n\n\n<p>Com a aprova\u00e7\u00e3o da proposta, os atuais cargos de agente penitenci\u00e1rio ser\u00e3o reconhecidos por policial penal, integrantes do Quadro Pr\u00f3prio dos Policiais Penais \u2013 QPPP.<\/p>\n\n\n\n<p>Atualmente, o quadro \u00e9 composto por 2,5 mil agentes penitenci\u00e1rios. O PL prev\u00ea a possibilidade de cria\u00e7\u00e3o de 7.060 novas vagas na estrutura do Deppen, distribu\u00eddas para policiais penais e cargos de gest\u00e3o.<\/p>\n\n\n\n<p>Embora n\u00e3o tenha data prevista, o concurso p\u00fablico para o Deppen PR j\u00e1 est\u00e1 nos planos do governo. O \u00faltimo concurso foi realizado em 2013 e ofertou 423 vagas para agente penitenci\u00e1rio (policial penal).<\/p>\n\n\n\n<p>Preparamos um artigo completo com mais informa\u00e7\u00f5es sobre o concurso Pol\u00edcia Penal PR. Acesse e confira mais detalhes:<\/p>\n\n\n\n<h3 class=\"has-text-align-center has-cyan-bluish-gray-background-color has-background wp-block-heading\" id=\"h-concurso-policia-penal-pr\"><a href=\"https:\/\/www.estrategiaconcursos.com.br\/blog\/concurso-depen-pr\/\" target=\"_blank\" rel=\"noreferrer noopener\">Concurso Pol\u00edcia Penal PR<\/a><\/h3>\n\n\n\n<h3 class=\"has-text-align-center wp-block-heading\" id=\"quer-estudar-para-o-concurso-policia-penal-pr-acesse-nossos-cursos-a-seguir\">Quer estudar para o concurso Pol\u00edcia Penal PR? Acesse nossos cursos a seguir!<\/h3>\n\n\n\n<div class=\"container\" id=\"boxes\">\n  <div class=\"row\"> \n\n    <div class=\"col-sm\">\n      <div class=\"banner-policial\" id=\"box-assinatura\">\n        <h3 class=\"titulo-assinatura\">Pol\u00edcia Penal PR<\/h3>\n        <p class=\"subtitulo-assinatura\">Conhe\u00e7a os cursos<\/p>\n        <div class=\"box-botao\">\n          <a class=\"btn-assinatura\" target=\"_blank\" href=\"https:\/\/www.estrategiaconcursos.com.br\/cursosPorConcurso\/curso-para-concursos-policiais\/\" role=\"button\" rel=\"noopener noreferrer\">Conhe\u00e7a mais<\/a>\n        <\/div>\n      <\/div>\n     \n\n  <\/div>\n<\/div><\/div>\n\n\n\n<div class=\"container\" id=\"boxes\">\n  <div class=\"row\">\n\n    <div class=\"col-sm\">\n      <div class=\"estrategia\" id=\"box-assinatura\">\n        <h3 class=\"titulo-assinatura\">Assinatura de Concursos<\/h3>\n        <p class=\"subtitulo-assinatura\">Assinatura de 1 ano ou 2 anos<\/p>\n        <div class=\"box-botao\">\n          <a class=\"btn-assinatura\" target=\"_blank\" href=\"https:\/\/www.estrategiaconcursos.com.br\/assinaturas\/\" role=\"button\" rel=\"noopener noreferrer\">ASSINE AGORA<\/a>\n        <\/div>\n      <\/div>\n     \n    <\/div><\/div><\/div>\n\n\n\n<h2 class=\"has-text-align-center wp-block-heading\" id=\"h-quer-saber-tudo-sobre-concursos-previstos-confira-nossos-artigos\">Quer saber tudo sobre concursos previstos?<br \/>Confira nossos artigos!<\/h2>\n\n\n\n<ul class=\"wp-block-list\"><li><a href=\"https:\/\/www.estrategiaconcursos.com.br\/blog\/concursos-abertos\/\" target=\"_blank\" rel=\"noreferrer noopener\">Concursos abertos<\/a><\/li><li><a href=\"https:\/\/www.estrategiaconcursos.com.br\/blog\/concursos-2022\/\" target=\"_blank\" rel=\"noreferrer noopener\">Concursos 2022<\/a><\/li><\/ul>\n","protected":false},"excerpt":{"rendered":"<p>O governo do Paran\u00e1 enviou \u00e0 Assembleia Legislativa do estado (AL PR) o Projeto de Lei (PL) que regulamenta a cria\u00e7\u00e3o da Pol\u00edcia Penal PR. Ap\u00f3s a Pol\u00edcia Penal PR ter sido criada por emenda \u00e0 Constitui\u00e7\u00e3o do estado, o governo enviou o PL que disp\u00f5e sobre a regulamenta\u00e7\u00e3o e o regime jur\u00eddico \u00fanico da [&hellip;]<\/p>\n","protected":false},"author":2041,"featured_media":395172,"comment_status":"open","ping_status":"closed","sticky":false,"template":"","format":"standard","meta":{"post_tipo":"news","footnotes":""},"categories":[220188,220219],"tags":[],"tax_estado":[219981],"class_list":["post-996840","post","type-post","status-publish","format-standard","has-post-thumbnail","hentry","category-policial-agente-penitenciario","category-noticias","tax_estado-pr"],"acf":[],"yoast_head":"<!-- This site is optimized with the Yoast SEO Premium plugin v27.2 (Yoast SEO v27.2) - https:\/\/yoast.com\/product\/yoast-seo-premium-wordpress\/ -->\n<title>Proposta de regulamenta\u00e7\u00e3o da Pol\u00edcia Penal PR \u00e9 enviada<\/title>\n<meta name=\"description\" content=\"O governo do Paran\u00e1 enviou \u00e0 Assembleia Legislativa do estado (AL PR) o Projeto de Lei (PL) que regulamenta a cria\u00e7\u00e3o da Pol\u00edcia Penal.\" \/>\n<meta name=\"robots\" content=\"index, follow, max-snippet:-1, max-image-preview:large, max-video-preview:-1\" \/>\n<link rel=\"canonical\" href=\"https:\/\/www.estrategiaconcursos.com.br\/blog\/proposta-regulamentacao-policia-penal-pr\/\" \/>\n<meta property=\"og:locale\" content=\"pt_BR\" \/>\n<meta property=\"og:type\" content=\"article\" \/>\n<meta property=\"og:title\" content=\"Proposta de regulamenta\u00e7\u00e3o da Pol\u00edcia Penal PR \u00e9 enviada\" \/>\n<meta property=\"og:description\" content=\"O governo do Paran\u00e1 enviou \u00e0 Assembleia Legislativa do estado (AL PR) o Projeto de Lei (PL) que regulamenta a cria\u00e7\u00e3o da Pol\u00edcia Penal.\" \/>\n<meta property=\"og:url\" content=\"https:\/\/www.estrategiaconcursos.com.br\/blog\/proposta-regulamentacao-policia-penal-pr\/\" \/>\n<meta property=\"og:site_name\" content=\"Estrat\u00e9gia Concursos\" \/>\n<meta property=\"article:published_time\" content=\"2022-03-29T17:26:10+00:00\" \/>\n<meta property=\"article:modified_time\" content=\"2022-03-29T17:26:12+00:00\" \/>\n<meta property=\"og:image\" content=\"https:\/\/dhg1h5j42swfq.cloudfront.net\/2019\/07\/04154406\/concurso-depen-pr.png\" \/>\n\t<meta property=\"og:image:width\" content=\"400\" \/>\n\t<meta property=\"og:image:height\" content=\"209\" \/>\n\t<meta property=\"og:image:type\" content=\"image\/png\" \/>\n<meta name=\"author\" content=\"Thiago Cavalcante Gomes\" \/>\n<meta name=\"twitter:card\" content=\"summary_large_image\" \/>\n<meta name=\"twitter:creator\" content=\"@EstratConcursos\" \/>\n<meta name=\"twitter:site\" content=\"@EstratConcursos\" \/>\n<meta name=\"twitter:label1\" content=\"Escrito por\" \/>\n\t<meta name=\"twitter:data1\" content=\"Thiago Cavalcante Gomes\" \/>\n\t<meta name=\"twitter:label2\" content=\"Est. tempo de leitura\" \/>\n\t<meta name=\"twitter:data2\" content=\"2 minutos\" \/>\n<script type=\"application\/ld+json\" class=\"yoast-schema-graph\">{\"@context\":\"https:\/\/schema.org\",\"@graph\":[{\"@type\":\"NewsArticle\",\"@id\":\"https:\/\/www.estrategiaconcursos.com.br\/blog\/proposta-regulamentacao-policia-penal-pr\/#article\",\"isPartOf\":{\"@id\":\"https:\/\/www.estrategiaconcursos.com.br\/blog\/proposta-regulamentacao-policia-penal-pr\/\"},\"author\":{\"name\":\"Thiago Cavalcante Gomes\",\"@id\":\"https:\/\/www.estrategiaconcursos.com.br\/blog\/#\/schema\/person\/4970184533d0a3ffa5b0299ae0a2b21f\"},\"headline\":\"Proposta de regulamenta\u00e7\u00e3o da Pol\u00edcia Penal PR \u00e9 enviada\",\"datePublished\":\"2022-03-29T17:26:10+00:00\",\"dateModified\":\"2022-03-29T17:26:12+00:00\",\"mainEntityOfPage\":{\"@id\":\"https:\/\/www.estrategiaconcursos.com.br\/blog\/proposta-regulamentacao-policia-penal-pr\/\"},\"wordCount\":256,\"commentCount\":0,\"publisher\":{\"@id\":\"https:\/\/www.estrategiaconcursos.com.br\/blog\/#organization\"},\"image\":{\"@id\":\"https:\/\/www.estrategiaconcursos.com.br\/blog\/proposta-regulamentacao-policia-penal-pr\/#primaryimage\"},\"thumbnailUrl\":\"https:\/\/dhg1h5j42swfq.cloudfront.net\/2019\/07\/04154406\/concurso-depen-pr.png\",\"articleSection\":[\"Policial (Agente Penitenci\u00e1rio)\",\"\u00daltimas not\u00edcias\"],\"inLanguage\":\"pt-BR\",\"potentialAction\":[{\"@type\":\"CommentAction\",\"name\":\"Comment\",\"target\":[\"https:\/\/www.estrategiaconcursos.com.br\/blog\/proposta-regulamentacao-policia-penal-pr\/#respond\"]}],\"copyrightYear\":\"2022\",\"copyrightHolder\":{\"@id\":\"https:\/\/www.estrategiaconcursos.com.br\/blog\/#organization\"}},{\"@type\":\"WebPage\",\"@id\":\"https:\/\/www.estrategiaconcursos.com.br\/blog\/proposta-regulamentacao-policia-penal-pr\/\",\"url\":\"https:\/\/www.estrategiaconcursos.com.br\/blog\/proposta-regulamentacao-policia-penal-pr\/\",\"name\":\"Proposta de regulamenta\u00e7\u00e3o da Pol\u00edcia Penal PR \u00e9 enviada\",\"isPartOf\":{\"@id\":\"https:\/\/www.estrategiaconcursos.com.br\/blog\/#website\"},\"primaryImageOfPage\":{\"@id\":\"https:\/\/www.estrategiaconcursos.com.br\/blog\/proposta-regulamentacao-policia-penal-pr\/#primaryimage\"},\"image\":{\"@id\":\"https:\/\/www.estrategiaconcursos.com.br\/blog\/proposta-regulamentacao-policia-penal-pr\/#primaryimage\"},\"thumbnailUrl\":\"https:\/\/dhg1h5j42swfq.cloudfront.net\/2019\/07\/04154406\/concurso-depen-pr.png\",\"datePublished\":\"2022-03-29T17:26:10+00:00\",\"dateModified\":\"2022-03-29T17:26:12+00:00\",\"description\":\"O governo do Paran\u00e1 enviou \u00e0 Assembleia Legislativa do estado (AL PR) o Projeto de Lei (PL) que regulamenta a cria\u00e7\u00e3o da Pol\u00edcia Penal.\",\"breadcrumb\":{\"@id\":\"https:\/\/www.estrategiaconcursos.com.br\/blog\/proposta-regulamentacao-policia-penal-pr\/#breadcrumb\"},\"inLanguage\":\"pt-BR\",\"potentialAction\":[{\"@type\":\"ReadAction\",\"target\":[\"https:\/\/www.estrategiaconcursos.com.br\/blog\/proposta-regulamentacao-policia-penal-pr\/\"]}]},{\"@type\":\"ImageObject\",\"inLanguage\":\"pt-BR\",\"@id\":\"https:\/\/www.estrategiaconcursos.com.br\/blog\/proposta-regulamentacao-policia-penal-pr\/#primaryimage\",\"url\":\"https:\/\/dhg1h5j42swfq.cloudfront.net\/2019\/07\/04154406\/concurso-depen-pr.png\",\"contentUrl\":\"https:\/\/dhg1h5j42swfq.cloudfront.net\/2019\/07\/04154406\/concurso-depen-pr.png\",\"width\":400,\"height\":209,\"caption\":\"concurso depen pr\"},{\"@type\":\"BreadcrumbList\",\"@id\":\"https:\/\/www.estrategiaconcursos.com.br\/blog\/proposta-regulamentacao-policia-penal-pr\/#breadcrumb\",\"itemListElement\":[{\"@type\":\"ListItem\",\"position\":1,\"name\":\"In\u00edcio\",\"item\":\"https:\/\/www.estrategiaconcursos.com.br\/blog\/\"},{\"@type\":\"ListItem\",\"position\":2,\"name\":\"Proposta de regulamenta\u00e7\u00e3o da Pol\u00edcia Penal PR \u00e9 enviada\"}]},{\"@type\":\"WebSite\",\"@id\":\"https:\/\/www.estrategiaconcursos.com.br\/blog\/#website\",\"url\":\"https:\/\/www.estrategiaconcursos.com.br\/blog\/\",\"name\":\"Estrat\u00e9gia Concursos\",\"description\":\"O blog da Estrat\u00e9gia Concursos traz not\u00edcias sobre concursos e artigos de professores oferecendo cursos para concursos (pdf + videaulas) no site.\",\"publisher\":{\"@id\":\"https:\/\/www.estrategiaconcursos.com.br\/blog\/#organization\"},\"potentialAction\":[{\"@type\":\"SearchAction\",\"target\":{\"@type\":\"EntryPoint\",\"urlTemplate\":\"https:\/\/www.estrategiaconcursos.com.br\/blog\/?s={search_term_string}\"},\"query-input\":{\"@type\":\"PropertyValueSpecification\",\"valueRequired\":true,\"valueName\":\"search_term_string\"}}],\"inLanguage\":\"pt-BR\"},{\"@type\":\"Organization\",\"@id\":\"https:\/\/www.estrategiaconcursos.com.br\/blog\/#organization\",\"name\":\"Estrat\u00e9gia Concursos\",\"url\":\"https:\/\/www.estrategiaconcursos.com.br\/blog\/\",\"logo\":{\"@type\":\"ImageObject\",\"inLanguage\":\"pt-BR\",\"@id\":\"https:\/\/www.estrategiaconcursos.com.br\/blog\/#\/schema\/logo\/image\/\",\"url\":\"https:\/\/dhg1h5j42swfq.cloudfront.net\/2025\/06\/03203428\/logo_concursos-1.jpg\",\"contentUrl\":\"https:\/\/dhg1h5j42swfq.cloudfront.net\/2025\/06\/03203428\/logo_concursos-1.jpg\",\"width\":230,\"height\":60,\"caption\":\"Estrat\u00e9gia Concursos\"},\"image\":{\"@id\":\"https:\/\/www.estrategiaconcursos.com.br\/blog\/#\/schema\/logo\/image\/\"},\"sameAs\":[\"https:\/\/x.com\/EstratConcursos\"]},{\"@type\":\"Person\",\"@id\":\"https:\/\/www.estrategiaconcursos.com.br\/blog\/#\/schema\/person\/4970184533d0a3ffa5b0299ae0a2b21f\",\"name\":\"Thiago Cavalcante Gomes\",\"image\":{\"@type\":\"ImageObject\",\"inLanguage\":\"pt-BR\",\"@id\":\"https:\/\/secure.gravatar.com\/avatar\/?s=96&d=mm&r=g\",\"url\":\"https:\/\/secure.gravatar.com\/avatar\/?s=96&d=mm&r=g\",\"contentUrl\":\"https:\/\/secure.gravatar.com\/avatar\/?s=96&d=mm&r=g\",\"caption\":\"Thiago Cavalcante Gomes\"},\"url\":\"https:\/\/www.estrategiaconcursos.com.br\/blog\/author\/thiago-gomes\/\"}]}<\/script>\n<!-- \/ Yoast SEO Premium plugin. -->","yoast_head_json":{"title":"Proposta de regulamenta\u00e7\u00e3o da Pol\u00edcia Penal PR \u00e9 enviada","description":"O governo do Paran\u00e1 enviou \u00e0 Assembleia Legislativa do estado (AL PR) o Projeto de Lei (PL) que regulamenta a cria\u00e7\u00e3o da Pol\u00edcia Penal.","robots":{"index":"index","follow":"follow","max-snippet":"max-snippet:-1","max-image-preview":"max-image-preview:large","max-video-preview":"max-video-preview:-1"},"canonical":"https:\/\/www.estrategiaconcursos.com.br\/blog\/proposta-regulamentacao-policia-penal-pr\/","og_locale":"pt_BR","og_type":"article","og_title":"Proposta de regulamenta\u00e7\u00e3o da Pol\u00edcia Penal PR \u00e9 enviada","og_description":"O governo do Paran\u00e1 enviou \u00e0 Assembleia Legislativa do estado (AL PR) o Projeto de Lei (PL) que regulamenta a cria\u00e7\u00e3o da Pol\u00edcia Penal.","og_url":"https:\/\/www.estrategiaconcursos.com.br\/blog\/proposta-regulamentacao-policia-penal-pr\/","og_site_name":"Estrat\u00e9gia Concursos","article_published_time":"2022-03-29T17:26:10+00:00","article_modified_time":"2022-03-29T17:26:12+00:00","og_image":[{"width":400,"height":209,"url":"https:\/\/dhg1h5j42swfq.cloudfront.net\/2019\/07\/04154406\/concurso-depen-pr.png","type":"image\/png"}],"author":"Thiago Cavalcante Gomes","twitter_card":"summary_large_image","twitter_creator":"@EstratConcursos","twitter_site":"@EstratConcursos","twitter_misc":{"Escrito por":"Thiago Cavalcante Gomes","Est. tempo de leitura":"2 minutos"},"schema":{"@context":"https:\/\/schema.org","@graph":[{"@type":"NewsArticle","@id":"https:\/\/www.estrategiaconcursos.com.br\/blog\/proposta-regulamentacao-policia-penal-pr\/#article","isPartOf":{"@id":"https:\/\/www.estrategiaconcursos.com.br\/blog\/proposta-regulamentacao-policia-penal-pr\/"},"author":{"name":"Thiago Cavalcante Gomes","@id":"https:\/\/www.estrategiaconcursos.com.br\/blog\/#\/schema\/person\/4970184533d0a3ffa5b0299ae0a2b21f"},"headline":"Proposta de regulamenta\u00e7\u00e3o da Pol\u00edcia Penal PR \u00e9 enviada","datePublished":"2022-03-29T17:26:10+00:00","dateModified":"2022-03-29T17:26:12+00:00","mainEntityOfPage":{"@id":"https:\/\/www.estrategiaconcursos.com.br\/blog\/proposta-regulamentacao-policia-penal-pr\/"},"wordCount":256,"commentCount":0,"publisher":{"@id":"https:\/\/www.estrategiaconcursos.com.br\/blog\/#organization"},"image":{"@id":"https:\/\/www.estrategiaconcursos.com.br\/blog\/proposta-regulamentacao-policia-penal-pr\/#primaryimage"},"thumbnailUrl":"https:\/\/dhg1h5j42swfq.cloudfront.net\/2019\/07\/04154406\/concurso-depen-pr.png","articleSection":["Policial (Agente Penitenci\u00e1rio)","\u00daltimas not\u00edcias"],"inLanguage":"pt-BR","potentialAction":[{"@type":"CommentAction","name":"Comment","target":["https:\/\/www.estrategiaconcursos.com.br\/blog\/proposta-regulamentacao-policia-penal-pr\/#respond"]}],"copyrightYear":"2022","copyrightHolder":{"@id":"https:\/\/www.estrategiaconcursos.com.br\/blog\/#organization"}},{"@type":"WebPage","@id":"https:\/\/www.estrategiaconcursos.com.br\/blog\/proposta-regulamentacao-policia-penal-pr\/","url":"https:\/\/www.estrategiaconcursos.com.br\/blog\/proposta-regulamentacao-policia-penal-pr\/","name":"Proposta de regulamenta\u00e7\u00e3o da Pol\u00edcia Penal PR \u00e9 enviada","isPartOf":{"@id":"https:\/\/www.estrategiaconcursos.com.br\/blog\/#website"},"primaryImageOfPage":{"@id":"https:\/\/www.estrategiaconcursos.com.br\/blog\/proposta-regulamentacao-policia-penal-pr\/#primaryimage"},"image":{"@id":"https:\/\/www.estrategiaconcursos.com.br\/blog\/proposta-regulamentacao-policia-penal-pr\/#primaryimage"},"thumbnailUrl":"https:\/\/dhg1h5j42swfq.cloudfront.net\/2019\/07\/04154406\/concurso-depen-pr.png","datePublished":"2022-03-29T17:26:10+00:00","dateModified":"2022-03-29T17:26:12+00:00","description":"O governo do Paran\u00e1 enviou \u00e0 Assembleia Legislativa do estado (AL PR) o Projeto de Lei (PL) que regulamenta a cria\u00e7\u00e3o da Pol\u00edcia Penal.","breadcrumb":{"@id":"https:\/\/www.estrategiaconcursos.com.br\/blog\/proposta-regulamentacao-policia-penal-pr\/#breadcrumb"},"inLanguage":"pt-BR","potentialAction":[{"@type":"ReadAction","target":["https:\/\/www.estrategiaconcursos.com.br\/blog\/proposta-regulamentacao-policia-penal-pr\/"]}]},{"@type":"ImageObject","inLanguage":"pt-BR","@id":"https:\/\/www.estrategiaconcursos.com.br\/blog\/proposta-regulamentacao-policia-penal-pr\/#primaryimage","url":"https:\/\/dhg1h5j42swfq.cloudfront.net\/2019\/07\/04154406\/concurso-depen-pr.png","contentUrl":"https:\/\/dhg1h5j42swfq.cloudfront.net\/2019\/07\/04154406\/concurso-depen-pr.png","width":400,"height":209,"caption":"concurso depen pr"},{"@type":"BreadcrumbList","@id":"https:\/\/www.estrategiaconcursos.com.br\/blog\/proposta-regulamentacao-policia-penal-pr\/#breadcrumb","itemListElement":[{"@type":"ListItem","position":1,"name":"In\u00edcio","item":"https:\/\/www.estrategiaconcursos.com.br\/blog\/"},{"@type":"ListItem","position":2,"name":"Proposta de regulamenta\u00e7\u00e3o da Pol\u00edcia Penal PR \u00e9 enviada"}]},{"@type":"WebSite","@id":"https:\/\/www.estrategiaconcursos.com.br\/blog\/#website","url":"https:\/\/www.estrategiaconcursos.com.br\/blog\/","name":"Estrat\u00e9gia Concursos","description":"O blog da Estrat\u00e9gia Concursos traz not\u00edcias sobre concursos e artigos de professores oferecendo cursos para concursos (pdf + videaulas) no site.","publisher":{"@id":"https:\/\/www.estrategiaconcursos.com.br\/blog\/#organization"},"potentialAction":[{"@type":"SearchAction","target":{"@type":"EntryPoint","urlTemplate":"https:\/\/www.estrategiaconcursos.com.br\/blog\/?s={search_term_string}"},"query-input":{"@type":"PropertyValueSpecification","valueRequired":true,"valueName":"search_term_string"}}],"inLanguage":"pt-BR"},{"@type":"Organization","@id":"https:\/\/www.estrategiaconcursos.com.br\/blog\/#organization","name":"Estrat\u00e9gia Concursos","url":"https:\/\/www.estrategiaconcursos.com.br\/blog\/","logo":{"@type":"ImageObject","inLanguage":"pt-BR","@id":"https:\/\/www.estrategiaconcursos.com.br\/blog\/#\/schema\/logo\/image\/","url":"https:\/\/dhg1h5j42swfq.cloudfront.net\/2025\/06\/03203428\/logo_concursos-1.jpg","contentUrl":"https:\/\/dhg1h5j42swfq.cloudfront.net\/2025\/06\/03203428\/logo_concursos-1.jpg","width":230,"height":60,"caption":"Estrat\u00e9gia Concursos"},"image":{"@id":"https:\/\/www.estrategiaconcursos.com.br\/blog\/#\/schema\/logo\/image\/"},"sameAs":["https:\/\/x.com\/EstratConcursos"]},{"@type":"Person","@id":"https:\/\/www.estrategiaconcursos.com.br\/blog\/#\/schema\/person\/4970184533d0a3ffa5b0299ae0a2b21f","name":"Thiago Cavalcante Gomes","image":{"@type":"ImageObject","inLanguage":"pt-BR","@id":"https:\/\/secure.gravatar.com\/avatar\/?s=96&d=mm&r=g","url":"https:\/\/secure.gravatar.com\/avatar\/?s=96&d=mm&r=g","contentUrl":"https:\/\/secure.gravatar.com\/avatar\/?s=96&d=mm&r=g","caption":"Thiago Cavalcante Gomes"},"url":"https:\/\/www.estrategiaconcursos.com.br\/blog\/author\/thiago-gomes\/"}]}},"_links":{"self":[{"href":"https:\/\/www.estrategiaconcursos.com.br\/blog\/wp-json\/wp\/v2\/posts\/996840","targetHints":{"allow":["GET"]}}],"collection":[{"href":"https:\/\/www.estrategiaconcursos.com.br\/blog\/wp-json\/wp\/v2\/posts"}],"about":[{"href":"https:\/\/www.estrategiaconcursos.com.br\/blog\/wp-json\/wp\/v2\/types\/post"}],"author":[{"embeddable":true,"href":"https:\/\/www.estrategiaconcursos.com.br\/blog\/wp-json\/wp\/v2\/users\/2041"}],"replies":[{"embeddable":true,"href":"https:\/\/www.estrategiaconcursos.com.br\/blog\/wp-json\/wp\/v2\/comments?post=996840"}],"version-history":[{"count":5,"href":"https:\/\/www.estrategiaconcursos.com.br\/blog\/wp-json\/wp\/v2\/posts\/996840\/revisions"}],"predecessor-version":[{"id":996858,"href":"https:\/\/www.estrategiaconcursos.com.br\/blog\/wp-json\/wp\/v2\/posts\/996840\/revisions\/996858"}],"wp:featuredmedia":[{"embeddable":true,"href":"https:\/\/www.estrategiaconcursos.com.br\/blog\/wp-json\/wp\/v2\/media\/395172"}],"wp:attachment":[{"href":"https:\/\/www.estrategiaconcursos.com.br\/blog\/wp-json\/wp\/v2\/media?parent=996840"}],"wp:term":[{"taxonomy":"category","embeddable":true,"href":"https:\/\/www.estrategiaconcursos.com.br\/blog\/wp-json\/wp\/v2\/categories?post=996840"},{"taxonomy":"post_tag","embeddable":true,"href":"https:\/\/www.estrategiaconcursos.com.br\/blog\/wp-json\/wp\/v2\/tags?post=996840"},{"taxonomy":"tax_estado","embeddable":true,"href":"https:\/\/www.estrategiaconcursos.com.br\/blog\/wp-json\/wp\/v2\/tax_estado?post=996840"}],"curies":[{"name":"wp","href":"https:\/\/api.w.org\/{rel}","templated":true}]}}