{"id":996735,"date":"2022-03-29T10:46:00","date_gmt":"2022-03-29T13:46:00","guid":{"rendered":"https:\/\/www.estrategiaconcursos.com.br\/blog\/?p=996735"},"modified":"2022-03-29T12:02:44","modified_gmt":"2022-03-29T15:02:44","slug":"concurso-pc-pb-teste-fisico-suspenso-pcds","status":"publish","type":"post","link":"https:\/\/www.estrategiaconcursos.com.br\/blog\/concurso-pc-pb-teste-fisico-suspenso-pcds\/","title":{"rendered":"Concurso PC PB tem teste f\u00edsico suspenso para PCDs. Confira!"},"content":{"rendered":"\n<p>O concurso p\u00fablico da Pol\u00edcia Civil da Para\u00edba (PC PB) recebeu uma nova <strong>suspens\u00e3o<\/strong>, desta vez na <strong>realiza\u00e7\u00e3o do teste f\u00edsico para pessoas com defici\u00eancia<\/strong> (PCDs).<\/p>\n\n\n\n<p>Na decis\u00e3o, determinada pelo Tribunal de Justi\u00e7a do Estado (TJPB), a Defensoria P\u00fablica (DPE) solicita ajustes no teste de aptid\u00e3o f\u00edsica para os referidos candidatos.<\/p>\n\n\n\n<p>A a\u00e7\u00e3o pede que o <a href=\"https:\/\/www.cebraspe.org.br\/concursos\/pc_pb_21\" target=\"_blank\" rel=\"noreferrer noopener\">Cebraspe<\/a>, banca organizadora do concurso PC PB, <strong>adapte o teste f\u00edsico de forma que n\u00e3o atrapalhe a participa\u00e7\u00e3o dos inscritos que possuem defici\u00eancias<\/strong>.<\/p>\n\n\n\n<p>Segundo a defensora p\u00fablica Fernanda Peres,\u00a0<em>&#8220;\u00e9 completamente irrazo\u00e1vel, n\u00e3o bastasse estar em desacordo \u00e0 legisla\u00e7\u00e3o e jurisprud\u00eancia brasileira, ignorar as especificidades das pessoas com defici\u00eancia e submet\u00ea-las a uma prova de capacidade f\u00edsica nos exatos termos da exigida \u00e0s pessoas sem qualquer impedimento de natureza f\u00edsica, mental, intelectual ou sensorial&#8221;<\/em>.<\/p>\n\n\n\n<p>O juiz Gutemberg Lacerda ainda pontua que <em>&#8220;em outras palavras, mostra-se not\u00f3rio o subjetivismo da op\u00e7\u00e3o do teste f\u00edsico pela prova de corrida, nem se demonstra rela\u00e7\u00e3o entre o teste f\u00edsico exigido e o cargo em sele\u00e7\u00e3o. Tamb\u00e9m n\u00e3o foi apresentada op\u00e7\u00e3o razo\u00e1vel ao teste f\u00edsico, apta a incluir pessoas com defici\u00eancia e, simultaneamente, atender \u00e0s exig\u00eancias do cargo&#8221;<\/em>.<\/p>\n\n\n\n<p>Para conferir mais informa\u00e7\u00f5es sobre o concurso PC PB, acesse nosso artigo na \u00edntegra:<\/p>\n\n\n\n<h2 class=\"has-text-align-center has-cyan-bluish-gray-background-color has-background has-medium-font-size wp-block-heading\" id=\"saiba-mais-concurso-policia-civil-pb\">Saiba mais: <a href=\"https:\/\/www.estrategiaconcursos.com.br\/blog\/concurso-pc-pb\/\" target=\"_blank\" rel=\"noreferrer noopener\">Concurso Pol\u00edcia Civil PB<\/a><\/h2>\n\n\n\n<hr class=\"wp-block-separator\"\/>\n\n\n\n<h2 class=\"has-text-align-center wp-block-heading\" id=\"h-quer-saber-tudo-sobre-concursos-previstos-confira-nossos-artigos\">Quer saber tudo sobre concursos previstos?<br \/>Confira nossos artigos!<\/h2>\n\n\n\n<ul class=\"wp-block-list\"><li><a href=\"https:\/\/www.estrategiaconcursos.com.br\/blog\/concursos-abertos\/\" target=\"_blank\" rel=\"noreferrer noopener\">Concursos abertos<\/a><\/li><li><a href=\"https:\/\/www.estrategiaconcursos.com.br\/blog\/concursos-2022\/\" target=\"_blank\" rel=\"noreferrer noopener\">Concursos 2022<\/a><\/li><li><a href=\"https:\/\/www.estrategiaconcursos.com.br\/blog\/concursos-de-policia\/\" target=\"_blank\" rel=\"noreferrer noopener\">Concursos de Pol\u00edcia<\/a> <\/li><\/ul>\n\n\n\n<div class=\"container\" id=\"boxes\">\n  <div class=\"row\">\n\n    <div class=\"col-sm\">\n      <div class=\"banner-policial\" id=\"box-assinatura\">\n        <h3 class=\"titulo-assinatura\">Concurso PC PB<\/h3>\n        <p class=\"subtitulo-assinatura\">Conhe\u00e7a os cursos<\/p>\n        <div class=\"box-botao\">\n          <a class=\"btn-assinatura\" target=\"_blank\" href=\"https:\/\/www.estrategiaconcursos.com.br\/cursosPorConcurso\/policia-civil-do-estado-da-paraiba-pc-pb\/\" role=\"button\" rel=\"noopener noreferrer\">Conhe\u00e7a mais<\/a>\n        <\/div>\n      <\/div>\n     \n    <\/div>\n\n  <\/div>\n<\/div>\n\n\n\n<div class=\"container\" id=\"boxes\">\n  <div class=\"row\">\n\n    <div class=\"col-sm\">\n      <div class=\"estrategia\" id=\"box-assinatura\">\n        <h3 class=\"titulo-assinatura\">Assinatura de Concursos<\/h3>\n        <p class=\"subtitulo-assinatura\">Assinatura de 1 ou 2 anos<\/p>\n        <div class=\"box-botao\">\n          <a class=\"btn-assinatura\" target=\"_blank\" href=\"https:\/\/www.estrategiaconcursos.com.br\/assinaturas\/\" role=\"button\" rel=\"noopener noreferrer\">ASSINE AGORA<\/a>\n        <\/div>\n      <\/div>\n      <p <=\"\" p=\"\">\n    <\/p><\/div><\/div><\/div>\n","protected":false},"excerpt":{"rendered":"<p>O concurso p\u00fablico da Pol\u00edcia Civil da Para\u00edba (PC PB) recebeu uma nova suspens\u00e3o, desta vez na realiza\u00e7\u00e3o do teste f\u00edsico para pessoas com defici\u00eancia (PCDs). Na decis\u00e3o, determinada pelo Tribunal de Justi\u00e7a do Estado (TJPB), a Defensoria P\u00fablica (DPE) solicita ajustes no teste de aptid\u00e3o f\u00edsica para os referidos candidatos. A a\u00e7\u00e3o pede que [&hellip;]<\/p>\n","protected":false},"author":1206,"featured_media":756230,"comment_status":"open","ping_status":"closed","sticky":false,"template":"","format":"standard","meta":{"post_tipo":"news","footnotes":""},"categories":[1988,220190,220219],"tags":[],"tax_estado":[219978],"class_list":["post-996735","post","type-post","status-publish","format-standard","has-post-thumbnail","hentry","category-policia","category-policial-peritos","category-noticias","tax_estado-pb"],"acf":[],"yoast_head":"<!-- This site is optimized with the Yoast SEO Premium plugin v27.2 (Yoast SEO v27.2) - https:\/\/yoast.com\/product\/yoast-seo-premium-wordpress\/ -->\n<title>Concurso PC PB tem teste f\u00edsico suspenso para PCDs. Confira!<\/title>\n<meta name=\"description\" content=\"Justi\u00e7a suspensa realiza\u00e7\u00e3o de teste f\u00edsico para candidatos com defici\u00eancia do concurso PC PB. Acesse e confira os detalhes!\" \/>\n<meta name=\"robots\" content=\"index, follow, max-snippet:-1, max-image-preview:large, max-video-preview:-1\" \/>\n<link rel=\"canonical\" href=\"https:\/\/www.estrategiaconcursos.com.br\/blog\/concurso-pc-pb-teste-fisico-suspenso-pcds\/\" \/>\n<meta property=\"og:locale\" content=\"pt_BR\" \/>\n<meta property=\"og:type\" content=\"article\" \/>\n<meta property=\"og:title\" content=\"Concurso PC PB tem teste f\u00edsico suspenso para PCDs. Confira!\" \/>\n<meta property=\"og:description\" content=\"Justi\u00e7a suspensa realiza\u00e7\u00e3o de teste f\u00edsico para candidatos com defici\u00eancia do concurso PC PB. Acesse e confira os detalhes!\" \/>\n<meta property=\"og:url\" content=\"https:\/\/www.estrategiaconcursos.com.br\/blog\/concurso-pc-pb-teste-fisico-suspenso-pcds\/\" \/>\n<meta property=\"og:site_name\" content=\"Estrat\u00e9gia Concursos\" \/>\n<meta property=\"article:published_time\" content=\"2022-03-29T13:46:00+00:00\" \/>\n<meta property=\"article:modified_time\" content=\"2022-03-29T15:02:44+00:00\" \/>\n<meta property=\"og:image\" content=\"https:\/\/dhg1h5j42swfq.cloudfront.net\/2021\/05\/31165109\/concurso-pc-pb.jpg\" \/>\n\t<meta property=\"og:image:width\" content=\"1200\" \/>\n\t<meta property=\"og:image:height\" content=\"628\" \/>\n\t<meta property=\"og:image:type\" content=\"image\/jpeg\" \/>\n<meta name=\"author\" content=\"Bruna de Andrade Fran\u00e7a\" \/>\n<meta name=\"twitter:card\" content=\"summary_large_image\" \/>\n<meta name=\"twitter:creator\" content=\"@EstratConcursos\" \/>\n<meta name=\"twitter:site\" content=\"@EstratConcursos\" \/>\n<meta name=\"twitter:label1\" content=\"Escrito por\" \/>\n\t<meta name=\"twitter:data1\" content=\"Bruna de Andrade Fran\u00e7a\" \/>\n\t<meta name=\"twitter:label2\" content=\"Est. tempo de leitura\" \/>\n\t<meta name=\"twitter:data2\" content=\"2 minutos\" \/>\n<script type=\"application\/ld+json\" class=\"yoast-schema-graph\">{\"@context\":\"https:\/\/schema.org\",\"@graph\":[{\"@type\":\"NewsArticle\",\"@id\":\"https:\/\/www.estrategiaconcursos.com.br\/blog\/concurso-pc-pb-teste-fisico-suspenso-pcds\/#article\",\"isPartOf\":{\"@id\":\"https:\/\/www.estrategiaconcursos.com.br\/blog\/concurso-pc-pb-teste-fisico-suspenso-pcds\/\"},\"author\":{\"name\":\"Bruna de Andrade Fran\u00e7a\",\"@id\":\"https:\/\/www.estrategiaconcursos.com.br\/blog\/#\/schema\/person\/6630f91134abc08115cca62ce6372855\"},\"headline\":\"Concurso PC PB tem teste f\u00edsico suspenso para PCDs. Confira!\",\"datePublished\":\"2022-03-29T13:46:00+00:00\",\"dateModified\":\"2022-03-29T15:02:44+00:00\",\"mainEntityOfPage\":{\"@id\":\"https:\/\/www.estrategiaconcursos.com.br\/blog\/concurso-pc-pb-teste-fisico-suspenso-pcds\/\"},\"wordCount\":294,\"commentCount\":0,\"publisher\":{\"@id\":\"https:\/\/www.estrategiaconcursos.com.br\/blog\/#organization\"},\"image\":{\"@id\":\"https:\/\/www.estrategiaconcursos.com.br\/blog\/concurso-pc-pb-teste-fisico-suspenso-pcds\/#primaryimage\"},\"thumbnailUrl\":\"https:\/\/dhg1h5j42swfq.cloudfront.net\/2021\/05\/31165109\/concurso-pc-pb.jpg\",\"articleSection\":[\"Policial (Agente, Escriv\u00e3o e Investigador)\",\"Policial (Peritos, Papiloscopistas)\",\"\u00daltimas not\u00edcias\"],\"inLanguage\":\"pt-BR\",\"potentialAction\":[{\"@type\":\"CommentAction\",\"name\":\"Comment\",\"target\":[\"https:\/\/www.estrategiaconcursos.com.br\/blog\/concurso-pc-pb-teste-fisico-suspenso-pcds\/#respond\"]}],\"copyrightYear\":\"2022\",\"copyrightHolder\":{\"@id\":\"https:\/\/www.estrategiaconcursos.com.br\/blog\/#organization\"}},{\"@type\":\"WebPage\",\"@id\":\"https:\/\/www.estrategiaconcursos.com.br\/blog\/concurso-pc-pb-teste-fisico-suspenso-pcds\/\",\"url\":\"https:\/\/www.estrategiaconcursos.com.br\/blog\/concurso-pc-pb-teste-fisico-suspenso-pcds\/\",\"name\":\"Concurso PC PB tem teste f\u00edsico suspenso para PCDs. Confira!\",\"isPartOf\":{\"@id\":\"https:\/\/www.estrategiaconcursos.com.br\/blog\/#website\"},\"primaryImageOfPage\":{\"@id\":\"https:\/\/www.estrategiaconcursos.com.br\/blog\/concurso-pc-pb-teste-fisico-suspenso-pcds\/#primaryimage\"},\"image\":{\"@id\":\"https:\/\/www.estrategiaconcursos.com.br\/blog\/concurso-pc-pb-teste-fisico-suspenso-pcds\/#primaryimage\"},\"thumbnailUrl\":\"https:\/\/dhg1h5j42swfq.cloudfront.net\/2021\/05\/31165109\/concurso-pc-pb.jpg\",\"datePublished\":\"2022-03-29T13:46:00+00:00\",\"dateModified\":\"2022-03-29T15:02:44+00:00\",\"description\":\"Justi\u00e7a suspensa realiza\u00e7\u00e3o de teste f\u00edsico para candidatos com defici\u00eancia do concurso PC PB. Acesse e confira os detalhes!\",\"breadcrumb\":{\"@id\":\"https:\/\/www.estrategiaconcursos.com.br\/blog\/concurso-pc-pb-teste-fisico-suspenso-pcds\/#breadcrumb\"},\"inLanguage\":\"pt-BR\",\"potentialAction\":[{\"@type\":\"ReadAction\",\"target\":[\"https:\/\/www.estrategiaconcursos.com.br\/blog\/concurso-pc-pb-teste-fisico-suspenso-pcds\/\"]}]},{\"@type\":\"ImageObject\",\"inLanguage\":\"pt-BR\",\"@id\":\"https:\/\/www.estrategiaconcursos.com.br\/blog\/concurso-pc-pb-teste-fisico-suspenso-pcds\/#primaryimage\",\"url\":\"https:\/\/dhg1h5j42swfq.cloudfront.net\/2021\/05\/31165109\/concurso-pc-pb.jpg\",\"contentUrl\":\"https:\/\/dhg1h5j42swfq.cloudfront.net\/2021\/05\/31165109\/concurso-pc-pb.jpg\",\"width\":1200,\"height\":628,\"caption\":\"concurso pc pb\"},{\"@type\":\"BreadcrumbList\",\"@id\":\"https:\/\/www.estrategiaconcursos.com.br\/blog\/concurso-pc-pb-teste-fisico-suspenso-pcds\/#breadcrumb\",\"itemListElement\":[{\"@type\":\"ListItem\",\"position\":1,\"name\":\"In\u00edcio\",\"item\":\"https:\/\/www.estrategiaconcursos.com.br\/blog\/\"},{\"@type\":\"ListItem\",\"position\":2,\"name\":\"Concurso PC PB tem teste f\u00edsico suspenso para PCDs. Confira!\"}]},{\"@type\":\"WebSite\",\"@id\":\"https:\/\/www.estrategiaconcursos.com.br\/blog\/#website\",\"url\":\"https:\/\/www.estrategiaconcursos.com.br\/blog\/\",\"name\":\"Estrat\u00e9gia Concursos\",\"description\":\"O blog da Estrat\u00e9gia Concursos traz not\u00edcias sobre concursos e artigos de professores oferecendo cursos para concursos (pdf + videaulas) no site.\",\"publisher\":{\"@id\":\"https:\/\/www.estrategiaconcursos.com.br\/blog\/#organization\"},\"potentialAction\":[{\"@type\":\"SearchAction\",\"target\":{\"@type\":\"EntryPoint\",\"urlTemplate\":\"https:\/\/www.estrategiaconcursos.com.br\/blog\/?s={search_term_string}\"},\"query-input\":{\"@type\":\"PropertyValueSpecification\",\"valueRequired\":true,\"valueName\":\"search_term_string\"}}],\"inLanguage\":\"pt-BR\"},{\"@type\":\"Organization\",\"@id\":\"https:\/\/www.estrategiaconcursos.com.br\/blog\/#organization\",\"name\":\"Estrat\u00e9gia Concursos\",\"url\":\"https:\/\/www.estrategiaconcursos.com.br\/blog\/\",\"logo\":{\"@type\":\"ImageObject\",\"inLanguage\":\"pt-BR\",\"@id\":\"https:\/\/www.estrategiaconcursos.com.br\/blog\/#\/schema\/logo\/image\/\",\"url\":\"https:\/\/dhg1h5j42swfq.cloudfront.net\/2025\/06\/03203428\/logo_concursos-1.jpg\",\"contentUrl\":\"https:\/\/dhg1h5j42swfq.cloudfront.net\/2025\/06\/03203428\/logo_concursos-1.jpg\",\"width\":230,\"height\":60,\"caption\":\"Estrat\u00e9gia Concursos\"},\"image\":{\"@id\":\"https:\/\/www.estrategiaconcursos.com.br\/blog\/#\/schema\/logo\/image\/\"},\"sameAs\":[\"https:\/\/x.com\/EstratConcursos\"]},{\"@type\":\"Person\",\"@id\":\"https:\/\/www.estrategiaconcursos.com.br\/blog\/#\/schema\/person\/6630f91134abc08115cca62ce6372855\",\"name\":\"Bruna de Andrade Fran\u00e7a\",\"image\":{\"@type\":\"ImageObject\",\"inLanguage\":\"pt-BR\",\"@id\":\"https:\/\/secure.gravatar.com\/avatar\/d6316d36d50cea0fadae28ed3015b8870cc90a2d3d8a95c37b44006af36a00e3?s=96&d=mm&r=g\",\"url\":\"https:\/\/secure.gravatar.com\/avatar\/d6316d36d50cea0fadae28ed3015b8870cc90a2d3d8a95c37b44006af36a00e3?s=96&d=mm&r=g\",\"contentUrl\":\"https:\/\/secure.gravatar.com\/avatar\/d6316d36d50cea0fadae28ed3015b8870cc90a2d3d8a95c37b44006af36a00e3?s=96&d=mm&r=g\",\"caption\":\"Bruna de Andrade Fran\u00e7a\"},\"description\":\"Bruna de Andrade Fran\u00e7a \u00e9 publicit\u00e1ria com p\u00f3s-gradua\u00e7\u00e3o em Marketing &amp; Growth, atuando h\u00e1 mais de 6 anos no universo dos concursos p\u00fablicos. Desde 2021, lidera no Blog do Estrat\u00e9gia Concursos a cobertura editorial especializada em Concursos Policiais (PF, PRF, PM, PC, etc.), al\u00e9m das frentes de concursos banc\u00e1rios, de sa\u00fade e da \u00e1rea legislativa. Especialista em reda\u00e7\u00e3o, com pr\u00e1ticas de SEO e Copywriting, possui tamb\u00e9m atua\u00e7\u00e3o pr\u00e1tica de contato direto com \u00f3rg\u00e3os p\u00fablicos respons\u00e1veis por editais, permitindo acesso antecipado a informa\u00e7\u00f5es, desdobramentos importantes e atualiza\u00e7\u00e3o eficiente dos concursos p\u00fablicos.\",\"url\":\"https:\/\/www.estrategiaconcursos.com.br\/blog\/author\/bruna-andrade\/\"}]}<\/script>\n<!-- \/ Yoast SEO Premium plugin. -->","yoast_head_json":{"title":"Concurso PC PB tem teste f\u00edsico suspenso para PCDs. Confira!","description":"Justi\u00e7a suspensa realiza\u00e7\u00e3o de teste f\u00edsico para candidatos com defici\u00eancia do concurso PC PB. Acesse e confira os detalhes!","robots":{"index":"index","follow":"follow","max-snippet":"max-snippet:-1","max-image-preview":"max-image-preview:large","max-video-preview":"max-video-preview:-1"},"canonical":"https:\/\/www.estrategiaconcursos.com.br\/blog\/concurso-pc-pb-teste-fisico-suspenso-pcds\/","og_locale":"pt_BR","og_type":"article","og_title":"Concurso PC PB tem teste f\u00edsico suspenso para PCDs. Confira!","og_description":"Justi\u00e7a suspensa realiza\u00e7\u00e3o de teste f\u00edsico para candidatos com defici\u00eancia do concurso PC PB. Acesse e confira os detalhes!","og_url":"https:\/\/www.estrategiaconcursos.com.br\/blog\/concurso-pc-pb-teste-fisico-suspenso-pcds\/","og_site_name":"Estrat\u00e9gia Concursos","article_published_time":"2022-03-29T13:46:00+00:00","article_modified_time":"2022-03-29T15:02:44+00:00","og_image":[{"width":1200,"height":628,"url":"https:\/\/dhg1h5j42swfq.cloudfront.net\/2021\/05\/31165109\/concurso-pc-pb.jpg","type":"image\/jpeg"}],"author":"Bruna de Andrade Fran\u00e7a","twitter_card":"summary_large_image","twitter_creator":"@EstratConcursos","twitter_site":"@EstratConcursos","twitter_misc":{"Escrito por":"Bruna de Andrade Fran\u00e7a","Est. tempo de leitura":"2 minutos"},"schema":{"@context":"https:\/\/schema.org","@graph":[{"@type":"NewsArticle","@id":"https:\/\/www.estrategiaconcursos.com.br\/blog\/concurso-pc-pb-teste-fisico-suspenso-pcds\/#article","isPartOf":{"@id":"https:\/\/www.estrategiaconcursos.com.br\/blog\/concurso-pc-pb-teste-fisico-suspenso-pcds\/"},"author":{"name":"Bruna de Andrade Fran\u00e7a","@id":"https:\/\/www.estrategiaconcursos.com.br\/blog\/#\/schema\/person\/6630f91134abc08115cca62ce6372855"},"headline":"Concurso PC PB tem teste f\u00edsico suspenso para PCDs. Confira!","datePublished":"2022-03-29T13:46:00+00:00","dateModified":"2022-03-29T15:02:44+00:00","mainEntityOfPage":{"@id":"https:\/\/www.estrategiaconcursos.com.br\/blog\/concurso-pc-pb-teste-fisico-suspenso-pcds\/"},"wordCount":294,"commentCount":0,"publisher":{"@id":"https:\/\/www.estrategiaconcursos.com.br\/blog\/#organization"},"image":{"@id":"https:\/\/www.estrategiaconcursos.com.br\/blog\/concurso-pc-pb-teste-fisico-suspenso-pcds\/#primaryimage"},"thumbnailUrl":"https:\/\/dhg1h5j42swfq.cloudfront.net\/2021\/05\/31165109\/concurso-pc-pb.jpg","articleSection":["Policial (Agente, Escriv\u00e3o e Investigador)","Policial (Peritos, Papiloscopistas)","\u00daltimas not\u00edcias"],"inLanguage":"pt-BR","potentialAction":[{"@type":"CommentAction","name":"Comment","target":["https:\/\/www.estrategiaconcursos.com.br\/blog\/concurso-pc-pb-teste-fisico-suspenso-pcds\/#respond"]}],"copyrightYear":"2022","copyrightHolder":{"@id":"https:\/\/www.estrategiaconcursos.com.br\/blog\/#organization"}},{"@type":"WebPage","@id":"https:\/\/www.estrategiaconcursos.com.br\/blog\/concurso-pc-pb-teste-fisico-suspenso-pcds\/","url":"https:\/\/www.estrategiaconcursos.com.br\/blog\/concurso-pc-pb-teste-fisico-suspenso-pcds\/","name":"Concurso PC PB tem teste f\u00edsico suspenso para PCDs. Confira!","isPartOf":{"@id":"https:\/\/www.estrategiaconcursos.com.br\/blog\/#website"},"primaryImageOfPage":{"@id":"https:\/\/www.estrategiaconcursos.com.br\/blog\/concurso-pc-pb-teste-fisico-suspenso-pcds\/#primaryimage"},"image":{"@id":"https:\/\/www.estrategiaconcursos.com.br\/blog\/concurso-pc-pb-teste-fisico-suspenso-pcds\/#primaryimage"},"thumbnailUrl":"https:\/\/dhg1h5j42swfq.cloudfront.net\/2021\/05\/31165109\/concurso-pc-pb.jpg","datePublished":"2022-03-29T13:46:00+00:00","dateModified":"2022-03-29T15:02:44+00:00","description":"Justi\u00e7a suspensa realiza\u00e7\u00e3o de teste f\u00edsico para candidatos com defici\u00eancia do concurso PC PB. Acesse e confira os detalhes!","breadcrumb":{"@id":"https:\/\/www.estrategiaconcursos.com.br\/blog\/concurso-pc-pb-teste-fisico-suspenso-pcds\/#breadcrumb"},"inLanguage":"pt-BR","potentialAction":[{"@type":"ReadAction","target":["https:\/\/www.estrategiaconcursos.com.br\/blog\/concurso-pc-pb-teste-fisico-suspenso-pcds\/"]}]},{"@type":"ImageObject","inLanguage":"pt-BR","@id":"https:\/\/www.estrategiaconcursos.com.br\/blog\/concurso-pc-pb-teste-fisico-suspenso-pcds\/#primaryimage","url":"https:\/\/dhg1h5j42swfq.cloudfront.net\/2021\/05\/31165109\/concurso-pc-pb.jpg","contentUrl":"https:\/\/dhg1h5j42swfq.cloudfront.net\/2021\/05\/31165109\/concurso-pc-pb.jpg","width":1200,"height":628,"caption":"concurso pc pb"},{"@type":"BreadcrumbList","@id":"https:\/\/www.estrategiaconcursos.com.br\/blog\/concurso-pc-pb-teste-fisico-suspenso-pcds\/#breadcrumb","itemListElement":[{"@type":"ListItem","position":1,"name":"In\u00edcio","item":"https:\/\/www.estrategiaconcursos.com.br\/blog\/"},{"@type":"ListItem","position":2,"name":"Concurso PC PB tem teste f\u00edsico suspenso para PCDs. Confira!"}]},{"@type":"WebSite","@id":"https:\/\/www.estrategiaconcursos.com.br\/blog\/#website","url":"https:\/\/www.estrategiaconcursos.com.br\/blog\/","name":"Estrat\u00e9gia Concursos","description":"O blog da Estrat\u00e9gia Concursos traz not\u00edcias sobre concursos e artigos de professores oferecendo cursos para concursos (pdf + videaulas) no site.","publisher":{"@id":"https:\/\/www.estrategiaconcursos.com.br\/blog\/#organization"},"potentialAction":[{"@type":"SearchAction","target":{"@type":"EntryPoint","urlTemplate":"https:\/\/www.estrategiaconcursos.com.br\/blog\/?s={search_term_string}"},"query-input":{"@type":"PropertyValueSpecification","valueRequired":true,"valueName":"search_term_string"}}],"inLanguage":"pt-BR"},{"@type":"Organization","@id":"https:\/\/www.estrategiaconcursos.com.br\/blog\/#organization","name":"Estrat\u00e9gia Concursos","url":"https:\/\/www.estrategiaconcursos.com.br\/blog\/","logo":{"@type":"ImageObject","inLanguage":"pt-BR","@id":"https:\/\/www.estrategiaconcursos.com.br\/blog\/#\/schema\/logo\/image\/","url":"https:\/\/dhg1h5j42swfq.cloudfront.net\/2025\/06\/03203428\/logo_concursos-1.jpg","contentUrl":"https:\/\/dhg1h5j42swfq.cloudfront.net\/2025\/06\/03203428\/logo_concursos-1.jpg","width":230,"height":60,"caption":"Estrat\u00e9gia Concursos"},"image":{"@id":"https:\/\/www.estrategiaconcursos.com.br\/blog\/#\/schema\/logo\/image\/"},"sameAs":["https:\/\/x.com\/EstratConcursos"]},{"@type":"Person","@id":"https:\/\/www.estrategiaconcursos.com.br\/blog\/#\/schema\/person\/6630f91134abc08115cca62ce6372855","name":"Bruna de Andrade Fran\u00e7a","image":{"@type":"ImageObject","inLanguage":"pt-BR","@id":"https:\/\/secure.gravatar.com\/avatar\/d6316d36d50cea0fadae28ed3015b8870cc90a2d3d8a95c37b44006af36a00e3?s=96&d=mm&r=g","url":"https:\/\/secure.gravatar.com\/avatar\/d6316d36d50cea0fadae28ed3015b8870cc90a2d3d8a95c37b44006af36a00e3?s=96&d=mm&r=g","contentUrl":"https:\/\/secure.gravatar.com\/avatar\/d6316d36d50cea0fadae28ed3015b8870cc90a2d3d8a95c37b44006af36a00e3?s=96&d=mm&r=g","caption":"Bruna de Andrade Fran\u00e7a"},"description":"Bruna de Andrade Fran\u00e7a \u00e9 publicit\u00e1ria com p\u00f3s-gradua\u00e7\u00e3o em Marketing &amp; Growth, atuando h\u00e1 mais de 6 anos no universo dos concursos p\u00fablicos. Desde 2021, lidera no Blog do Estrat\u00e9gia Concursos a cobertura editorial especializada em Concursos Policiais (PF, PRF, PM, PC, etc.), al\u00e9m das frentes de concursos banc\u00e1rios, de sa\u00fade e da \u00e1rea legislativa. Especialista em reda\u00e7\u00e3o, com pr\u00e1ticas de SEO e Copywriting, possui tamb\u00e9m atua\u00e7\u00e3o pr\u00e1tica de contato direto com \u00f3rg\u00e3os p\u00fablicos respons\u00e1veis por editais, permitindo acesso antecipado a informa\u00e7\u00f5es, desdobramentos importantes e atualiza\u00e7\u00e3o eficiente dos concursos p\u00fablicos.","url":"https:\/\/www.estrategiaconcursos.com.br\/blog\/author\/bruna-andrade\/"}]}},"_links":{"self":[{"href":"https:\/\/www.estrategiaconcursos.com.br\/blog\/wp-json\/wp\/v2\/posts\/996735","targetHints":{"allow":["GET"]}}],"collection":[{"href":"https:\/\/www.estrategiaconcursos.com.br\/blog\/wp-json\/wp\/v2\/posts"}],"about":[{"href":"https:\/\/www.estrategiaconcursos.com.br\/blog\/wp-json\/wp\/v2\/types\/post"}],"author":[{"embeddable":true,"href":"https:\/\/www.estrategiaconcursos.com.br\/blog\/wp-json\/wp\/v2\/users\/1206"}],"replies":[{"embeddable":true,"href":"https:\/\/www.estrategiaconcursos.com.br\/blog\/wp-json\/wp\/v2\/comments?post=996735"}],"version-history":[{"count":4,"href":"https:\/\/www.estrategiaconcursos.com.br\/blog\/wp-json\/wp\/v2\/posts\/996735\/revisions"}],"predecessor-version":[{"id":996754,"href":"https:\/\/www.estrategiaconcursos.com.br\/blog\/wp-json\/wp\/v2\/posts\/996735\/revisions\/996754"}],"wp:featuredmedia":[{"embeddable":true,"href":"https:\/\/www.estrategiaconcursos.com.br\/blog\/wp-json\/wp\/v2\/media\/756230"}],"wp:attachment":[{"href":"https:\/\/www.estrategiaconcursos.com.br\/blog\/wp-json\/wp\/v2\/media?parent=996735"}],"wp:term":[{"taxonomy":"category","embeddable":true,"href":"https:\/\/www.estrategiaconcursos.com.br\/blog\/wp-json\/wp\/v2\/categories?post=996735"},{"taxonomy":"post_tag","embeddable":true,"href":"https:\/\/www.estrategiaconcursos.com.br\/blog\/wp-json\/wp\/v2\/tags?post=996735"},{"taxonomy":"tax_estado","embeddable":true,"href":"https:\/\/www.estrategiaconcursos.com.br\/blog\/wp-json\/wp\/v2\/tax_estado?post=996735"}],"curies":[{"name":"wp","href":"https:\/\/api.w.org\/{rel}","templated":true}]}}