{"id":996639,"date":"2026-04-07T10:00:00","date_gmt":"2026-04-07T13:00:00","guid":{"rendered":"https:\/\/www.estrategiaconcursos.com.br\/blog\/?p=996639"},"modified":"2026-04-08T15:06:34","modified_gmt":"2026-04-08T18:06:34","slug":"concurso-der-al","status":"publish","type":"post","link":"https:\/\/www.estrategiaconcursos.com.br\/blog\/concurso-der-al\/","title":{"rendered":"Concurso DER AL: inscreva-se; iniciais de R$ 8,4 mil"},"content":{"rendered":"\n<p>Est\u00e3o abertas as inscri\u00e7\u00f5es para o novo <strong>concurso DER AL (<a href=\"https:\/\/www.estrategiaconcursos.com.br\/cursosPorConcurso\/der-al\/\" target=\"_blank\" rel=\"noreferrer noopener\">Departamento de Estradas de Rodagem de Alagoas<\/a>)<\/strong>.<\/p>\n\n\n\n<p>Sob a organiza\u00e7\u00e3o do <strong>Cebraspe<\/strong>, o per\u00edodo ser\u00e1 aceito at\u00e9 o dia<strong>14 de maio, ao custo de R$ 150,00<\/strong>. Provas est\u00e3o previstas para o dia <strong>5 de julho<\/strong>.<\/p>\n\n\n\n<p>Ademais, s\u00e3o ofertadas <strong>10 vagas imediatas, al\u00e9m de 10 em cadastro de reserva<\/strong>, para o cargo de <span style=\"text-decoration: underline;\">Assessor T\u00e9cnico Rodovi\u00e1rio &#8211; \u00e1rea de Engenharia Civil<\/span>, cuja remunera\u00e7\u00e3o inicial \u00e9 de <strong>R$ 8.458,49<\/strong>.<\/p>\n\n\n\n<ul id=\"block-ee678516-e9d1-48bd-b327-7b9acd55f0fd\" class=\"wp-block-list has-very-light-gray-to-cyan-bluish-gray-gradient-background has-background\">\n<li><strong>Departamento de Estradas de Rodagem de Alagoas<\/strong><\/li>\n\n\n\n<li><strong>Status:<\/strong>&nbsp;inscri\u00e7\u00f5es abertas at\u00e9 14\/05<\/li>\n\n\n\n<li><strong>Banca:<\/strong>&nbsp;<a href=\"https:\/\/www.cebraspe.org.br\/concursos\/DER_AL_26\" target=\"_blank\" rel=\"noreferrer noopener\">Cebraspe<\/a><\/li>\n\n\n\n<li><strong>Vagas:&nbsp;<\/strong>10 + 10 CR<\/li>\n\n\n\n<li><strong>Sal\u00e1rio inicial:<\/strong>&nbsp;R$ 8.458,49<\/li>\n\n\n\n<li><strong>Edital:<\/strong> <a href=\"https:\/\/dhg1h5j42swfq.cloudfront.net\/2026\/03\/27164832\/edital-concurso-der-al-2026-estrategia-concursos-1.pdf\" target=\"_blank\" rel=\"noreferrer noopener\">DER AL 2026<\/a><\/li>\n<\/ul>\n\n\n\n<p>Se voc\u00ea tem interesse no concurso DER AL, chegou ao lugar certo! Ao longo deste artigo reunimos as principais informa\u00e7\u00f5es para que voc\u00ea possa se preparar:<\/p>\n\n\n\n<ul id=\"indice\" class=\"wp-block-list\">\n<li><a href=\"#sobre\">Sobre o DER AL<\/a><\/li>\n\n\n\n<li><a href=\"#linha\">Principais datas<\/a>\n<ul class=\"wp-block-list\">\n<li><a href=\"#linha\">Linha do tempo<\/a><\/li>\n<\/ul>\n<\/li>\n\n\n\n<li><a href=\"#vagas\">Cargos e vagas<\/a><\/li>\n\n\n\n<li><a href=\"#plano\">Plano de carreira<\/a>\n<ul class=\"wp-block-list\">\n<li><a href=\"#vagas\">Vagas<\/a><\/li>\n\n\n\n<li><a href=\"#remuneracao\">Remunera\u00e7\u00e3o<\/a><\/li>\n<\/ul>\n<\/li>\n\n\n\n<li><a href=\"#etapas\">Etapas<\/a>\n<ul class=\"wp-block-list\">\n<li><a href=\"#objetiva\">Prova objetiva<\/a><\/li>\n\n\n\n<li><a href=\"#discursiva\">Prova discursiva<\/a><\/li>\n<\/ul>\n<\/li>\n\n\n\n<li><a href=\"#cursos\">Assinatura e cursos<\/a><\/li>\n\n\n\n<li><a href=\"#ficha\">Ficha t\u00e9cnica<\/a><\/li>\n<\/ul>\n\n\n\n<div class=\"container\" id=\"boxes\">\n  <div class=\"row\">\n\n    <div class=\"col-sm\">\n      <div class=\"banner-estrat-corj\" id=\"box-assinatura\">\n        <h2 class=\"titulo-assinatura\" style=\"text-align: left;\">Cursos para Concursos<\/h2>\n        <p class=\"subtitulo-assinatura\" style=\"text-align: left;\">Conhe\u00e7a os cursos<\/p>\n        <div class=\"box-botao\" style=\"text-align: left;\">\n          <a class=\"btn-assinatura\" target=\"_blank\" href=\"https:\/\/www.estrategiaconcursos.com.br\/cursosPorConcurso\/der-al\/\" role=\"button\" rel=\"noopener noreferrer\">CLIQUE AQUI<\/a>\n        <\/div>\n      <\/div><\/div><\/div><\/div>\n\n\n\n<h2 class=\"wp-block-heading\" id=\"sobre\">Sobre o DER AL<\/h2>\n\n\n\n<p>O <a href=\"http:\/\/www.der.al.gov.br\/\" target=\"_blank\" rel=\"noreferrer noopener\">DER AL<\/a> \u00e9 o \u00f3rg\u00e3o da administra\u00e7\u00e3o estadual encarregado da execu\u00e7\u00e3o da pol\u00edtica rodovi\u00e1ria do Estado, cabendo-lhe todas as atividades t\u00e9cnico-administrativas necess\u00e1rias \u00e0 plenitude dos seus objetivos, diretamente ou em coopera\u00e7\u00e3o com outros \u00d3rg\u00e3os e entidades.<\/p>\n\n\n\n<h2 class=\"wp-block-heading\" id=\"situ\">Concurso DER AL: principais datas<\/h2>\n\n\n\n<ul class=\"wp-block-list\">\n<li><strong>Inscri\u00e7\u00f5es:<\/strong> 7 de abril a 14 de maio<\/li>\n\n\n\n<li><strong>Isen\u00e7\u00e3o da taxa:<\/strong> 7 a 16 de abril<\/li>\n\n\n\n<li><strong>Pagamento do boleto:<\/strong> 18 de maio<\/li>\n\n\n\n<li><strong>Provas:<\/strong> 5 de julho<\/li>\n<\/ul>\n\n\n\n<h3 class=\"wp-block-heading\" id=\"linha\">Linha do tempo do concurso DER AL<\/h3>\n\n\n\n<ul class=\"wp-block-list\">\n<li><strong>12\/09\/2025: <\/strong>parecer favor\u00e1vel para novo edital;<\/li>\n\n\n\n<li><strong>28\/10\/2025: <\/strong>governador confirma edital com 10 vagas + 10 CR para Assessor T\u00e9cnico;<\/li>\n\n\n\n<li><strong>11\/11\/2025:<\/strong> concurso autorizado;<\/li>\n\n\n\n<li><strong>04\/12\/2025:<\/strong> <a href=\"https:\/\/dhg1h5j42swfq.cloudfront.net\/2025\/11\/04063607\/der-al-comissao.pdf\" target=\"_blank\" rel=\"noreferrer noopener nofollow\">comiss\u00e3o formada<\/a>;<\/li>\n\n\n\n<li><strong>12\/03\/2026:<\/strong> <a href=\"https:\/\/www.estrategiaconcursos.com.br\/blog\/concurso-der-al-banca\/\" target=\"_blank\" rel=\"noreferrer noopener\">banca definida<\/a>;<\/li>\n\n\n\n<li><strong>27\/03\/2026:<\/strong> <a href=\"https:\/\/www.estrategiaconcursos.com.br\/blog\/concurso-der-al-2026-edital-publicado\/\" target=\"_blank\" rel=\"noreferrer noopener\">edital publicado<\/a>.<\/li>\n<\/ul>\n\n\n\n<h2 class=\"wp-block-heading\" id=\"vagas\">Cargos e vagas<\/h2>\n\n\n\n<ul class=\"wp-block-list\">\n<li><span style=\"text-decoration: underline;\"><strong>Assessor T\u00e9cnico Rodovi\u00e1rio &#8211; \u00e1rea de Engenharia Civil<\/strong><\/span>\n<ul class=\"wp-block-list\">\n<li>N\u00edvel superior<\/li>\n\n\n\n<li>Remunera\u00e7\u00e3o inicial de R$ 8.458,49<\/li>\n<\/ul>\n<\/li>\n<\/ul>\n\n\n\n<figure class=\"wp-block-table is-style-stripes\"><table class=\"has-fixed-layout\"><thead><tr><th class=\"has-text-align-center\" data-align=\"center\">Tipo de vaga<\/th><th class=\"has-text-align-center\" data-align=\"center\">AC<\/th><th class=\"has-text-align-center\" data-align=\"center\">PCD<\/th><th class=\"has-text-align-center\" data-align=\"center\">PPQ<\/th><th class=\"has-text-align-center\" data-align=\"center\">Total<\/th><\/tr><\/thead><tbody><tr><td class=\"has-text-align-center\" data-align=\"center\">Vagas imediatas<\/td><td class=\"has-text-align-center\" data-align=\"center\">7<\/td><td class=\"has-text-align-center\" data-align=\"center\">1<\/td><td class=\"has-text-align-center\" data-align=\"center\">2<\/td><td class=\"has-text-align-center\" data-align=\"center\">10<\/td><\/tr><tr><td class=\"has-text-align-center\" data-align=\"center\">Cadastro de reserva<\/td><td class=\"has-text-align-center\" data-align=\"center\">7<\/td><td class=\"has-text-align-center\" data-align=\"center\">1<\/td><td class=\"has-text-align-center\" data-align=\"center\">2<\/td><td class=\"has-text-align-center\" data-align=\"center\">10<\/td><\/tr><\/tbody><tfoot><tr><td class=\"has-text-align-center\" data-align=\"center\"><strong>Total <\/strong><\/td><td class=\"has-text-align-center\" data-align=\"center\"><\/td><td class=\"has-text-align-center\" data-align=\"center\"><\/td><td class=\"has-text-align-center\" data-align=\"center\"><\/td><td class=\"has-text-align-center\" data-align=\"center\">20<\/td><\/tr><\/tfoot><\/table><\/figure>\n\n\n\n<h3 class=\"wp-block-heading\" id=\"h-requisitos\">Requisitos<\/h3>\n\n\n\n<p>Diploma, devidamente registrado, de conclus\u00e3o de curso de gradua\u00e7\u00e3o em <strong>Engenharia Civil<\/strong>, fornecido por institui\u00e7\u00e3o de ensino superior reconhecida pelo Minist\u00e9rio da Educa\u00e7\u00e3o (MEC) e registro no Conselho Regional de Engenharia e Agronomia (CREA).<\/p>\n\n\n\n<h3 class=\"wp-block-heading\" id=\"h-atribuicoes\">Atribui\u00e7\u00f5es<\/h3>\n\n\n\n<ul class=\"wp-block-list\">\n<li>Elaborar e analisar estudos, projetos e especiica\u00e7\u00f5es de materiais e servi\u00e7os de obras de edifica\u00e7\u00f5es; <\/li>\n\n\n\n<li>Elaborar or\u00e7amento de obras e servi\u00e7os de edifica\u00e7\u00f5es, envolvendo composi\u00e7\u00e3o de custos e cota\u00e7\u00e3o de pre\u00e7os de insumos no mercado (com aplica\u00e7\u00e3o do SINAPI), quantifica\u00e7\u00e3o de materiais e servi\u00e7os, planilhas or\u00e7ament\u00e1rias de servi\u00e7os, insumos, cronogramas f\u00edsico e f\u00edsico-financeiro, para estabelecer par\u00e2metros em processos de licita\u00e7\u00e3o, entre outras.<\/li>\n<\/ul>\n\n\n\n<h2 class=\"wp-block-heading\" id=\"plano\">Concurso DER AL: plano de carreira<\/h2>\n\n\n\n<p>A reestrutura\u00e7\u00e3o do <a href=\"https:\/\/dhg1h5j42swfq.cloudfront.net\/2022\/03\/29102108\/diariooficial-19-1_33.pdf\" target=\"_blank\" rel=\"noreferrer noopener nofollow\"><strong>Plano de Carreira<\/strong><\/a> traz os crit\u00e9rios de ingresso, progress\u00e3o, desenvolvimento e&nbsp;remunera\u00e7\u00e3o.<\/p>\n\n\n\n<p>Assim, <strong>futuramente<\/strong>, um concurso p\u00fablico pode vir a ser realizado para preencher as vagas criadas.<\/p>\n\n\n\n<h3 class=\"wp-block-heading\" id=\"vagas\">Vagas<\/h3>\n\n\n\n<ul class=\"wp-block-list\">\n<li><strong>Assessor T\u00e9cnico Rodovi\u00e1rio<\/strong> &#8211; 100 vagas\n<ul class=\"wp-block-list\">\n<li>Administra\u00e7\u00e3o<\/li>\n\n\n\n<li>Direito<\/li>\n\n\n\n<li>Biblioteconomia<\/li>\n\n\n\n<li><a href=\"https:\/\/www.estrategiaconcursos.com.br\/blog\/concursos-contabilidade-2022\/\" target=\"_blank\" rel=\"noreferrer noopener\">Contabilidade<\/a><\/li>\n\n\n\n<li>Economia<\/li>\n\n\n\n<li><a href=\"https:\/\/www.estrategiaconcursos.com.br\/blog\/concursos-engenharia\/\" target=\"_blank\" rel=\"noreferrer noopener\">Engenharia<\/a> Civil<\/li>\n\n\n\n<li>Estat\u00edstica<\/li>\n\n\n\n<li><a href=\"https:\/\/www.estrategiaconcursos.com.br\/blog\/concursos-ti-2022\/\" target=\"_blank\" rel=\"noreferrer noopener\">Tecnologia da Informa\u00e7\u00e3o<\/a><\/li>\n<\/ul>\n<\/li>\n<\/ul>\n\n\n\n<ul class=\"wp-block-list\">\n<li><strong>Assistente T\u00e9cnico Rodovi\u00e1rio<\/strong> &#8211; 168\n<ul class=\"wp-block-list\">\n<li>Administra\u00e7\u00e3o<\/li>\n\n\n\n<li>Estradas<\/li>\n\n\n\n<li>Tr\u00e2nsito<\/li>\n\n\n\n<li>Transporte<\/li>\n<\/ul>\n<\/li>\n<\/ul>\n\n\n\n<ul class=\"wp-block-list\">\n<li><strong>Assistente T\u00e9cnico Rodovi\u00e1rio<\/strong><strong>Especializado <\/strong>&#8211; 96 vagas<strong> <\/strong>\n<ul class=\"wp-block-list\">\n<li>Agrimensura<\/li>\n\n\n\n<li>Edifica\u00e7\u00f5es<\/li>\n\n\n\n<li>Eletr\u00f4nica<\/li>\n\n\n\n<li>Estradas<\/li>\n<\/ul>\n<\/li>\n<\/ul>\n\n\n\n<ul class=\"wp-block-list\">\n<li><strong>Auxiliar T\u00e9cnico Rodovi\u00e1rio<\/strong> &#8211; 139 <strong> <\/strong>\n<ul class=\"wp-block-list\">\n<li><a href=\"https:\/\/www.estrategiaconcursos.com.br\/blog\/concursos-administrativos-2022\/\" target=\"_blank\" rel=\"noreferrer noopener\">Administra\u00e7\u00e3o<\/a><\/li>\n\n\n\n<li>Estradas<\/li>\n<\/ul>\n<\/li>\n<\/ul>\n\n\n\n<h3 class=\"wp-block-heading\" id=\"remuneracao\">Remunera\u00e7\u00e3o<\/h3>\n\n\n\n<ul class=\"wp-block-list\">\n<li><strong>Assessor T\u00e9cnico Rodovi\u00e1rio<\/strong>\n<ul class=\"wp-block-list\">\n<li><em>Inicial: <\/em>R$ 6.600,00<\/li>\n\n\n\n<li><em>Final: <\/em>R$ 10.945,25<\/li>\n<\/ul>\n<\/li>\n<\/ul>\n\n\n\n<ul class=\"wp-block-list\">\n<li><strong>Assistente T\u00e9cnico Rodovi\u00e1rio<\/strong> e <strong>Assistente T\u00e9cnico Rodovi\u00e1rio<\/strong><strong>Especializado <\/strong>\n<ul class=\"wp-block-list\">\n<li><em>Inicial: <\/em>R$ 2.133,33<\/li>\n\n\n\n<li><em>Final:<\/em> R$ 3.454,32<\/li>\n<\/ul>\n<\/li>\n<\/ul>\n\n\n\n<ul class=\"wp-block-list\">\n<li><strong>Auxiliar T\u00e9cnico Rodovi\u00e1rio<\/strong><strong> <\/strong>\n<ul class=\"wp-block-list\">\n<li><em>Inicial:<\/em> R$ 1.800,00<\/li>\n\n\n\n<li><em>Final: <\/em>R$ 2.914,58<\/li>\n<\/ul>\n<\/li>\n<\/ul>\n\n\n\n<h2 class=\"wp-block-heading\" id=\"etapas\">Concurso DER AL: etapas<\/h2>\n\n\n\n<p>A sele\u00e7\u00e3o compreender\u00e1 <strong>exame de habilidades e conhecimentos<\/strong>, mediante a aplica\u00e7\u00e3o de <strong>provas objetivas e de prova discursiva<\/strong>, de car\u00e1ter eliminat\u00f3rio e classificat\u00f3rio e de responsabilidade do Cebraspe.<\/p>\n\n\n\n<h3 class=\"wp-block-heading\" id=\"objetiva\">Prova objetiva<\/h3>\n\n\n\n<p>O exame de habilidades e conhecimentos compreende a aplica\u00e7\u00e3o de provas objetivas e de prova discursiva, de car\u00e1ter eliminat\u00f3rio e classificat\u00f3rio, conforme o quadro a seguir:<\/p>\n\n\n\n<figure class=\"wp-block-image aligncenter size-full\"><img loading=\"lazy\" decoding=\"async\" width=\"559\" height=\"186\" src=\"https:\/\/dhg1h5j42swfq.cloudfront.net\/2026\/03\/27074105\/image-174.png\" alt=\"concurso DER AL - Exame de Habilidades e Conhecimentos \" class=\"wp-image-1744320\" srcset=\"https:\/\/dhg1h5j42swfq.cloudfront.net\/2026\/03\/27074105\/image-174.png 559w, https:\/\/dhg1h5j42swfq.cloudfront.net\/2026\/03\/27074105\/image-174-300x100.png 300w, https:\/\/dhg1h5j42swfq.cloudfront.net\/2026\/03\/27074105\/image-174-150x50.png 150w\" sizes=\"auto, (max-width: 559px) 100vw, 559px\" \/><\/figure>\n\n\n\n<p>As provas objetivas e a prova discursiva ter\u00e3o a dura\u00e7\u00e3o de <strong>4 horas e 30 minutos.<\/strong><\/p>\n\n\n\n<p>Cada prova objetiva ser\u00e1 Composta por&nbsp;<strong>120 itens<\/strong> de julgamento, agrupados por comandos que dever\u00e3o ser respeitados. O julgamento de cada item ser\u00e1 <strong>CERTO <\/strong>ou <strong>ERRADO<\/strong>, de acordo com o(s) comando(s) a que se refere o item.<\/p>\n\n\n\n<h3 class=\"wp-block-heading\" id=\"discursiva\">Prova discursiva<\/h3>\n\n\n\n<p>A prova discursiva valer\u00e1 <strong>30,00 pontos<\/strong> e consistir\u00e1 da reda\u00e7\u00e3o de texto dissertativo, de at\u00e9 30 linhas, a respeito de temas relacionados a atualidades.<\/p>\n\n\n\n<p>Esta etapa avaliar\u00e1 o conte\u00fado (conhecimento do tema), a capacidade de express\u00e3o na modalidade escrita e o uso das normas do registro formal culto da L\u00edngua Portuguesa.<\/p>\n\n\n\n<p>O candidato dever\u00e1 produzir, conforme o comando formulado<br \/>pela banca examinadora, texto dissertativo, primando pela coer\u00eancia e pela coes\u00e3o.<\/p>\n\n\n\n<p>Haver\u00e1 tamb\u00e9m etapas de avalia\u00e7\u00e3o biopsicossocial para candidatos PCD e procedimento de heteroidentifica\u00e7\u00e3o para candidatos PPIQ.<\/p>\n\n\n\n<hr class=\"wp-block-separator has-css-opacity\"\/>\n\n\n\n<p class=\"has-text-align-center has-x-large-font-size\" id=\"cursos\"><strong>Cursos&nbsp;para&nbsp;o&nbsp;concurso DER AL<\/strong><\/p>\n\n\n\n<div class=\"container\" id=\"boxes\">\n  <div class=\"row\">\n\n    <div class=\"col-sm\">\n      <div class=\"banner-estrat-corj\" id=\"box-assinatura\">\n        <h2 class=\"titulo-assinatura\" style=\"text-align: left;\">Cursos para Concursos<\/h2>\n        <p class=\"subtitulo-assinatura\" style=\"text-align: left;\">Conhe\u00e7a os cursos<\/p>\n        <div class=\"box-botao\" style=\"text-align: left;\">\n          <a class=\"btn-assinatura\" target=\"_blank\" href=\"https:\/\/www.estrategiaconcursos.com.br\/cursosPorConcurso\/der-al\/\" role=\"button\" rel=\"noopener noreferrer\">CLIQUE AQUI<\/a>\n        <\/div>\n      <\/div><\/div><\/div><\/div>\n\n\n\n<div class=\"container\" id=\"boxes\">\n  <div class=\"row\">\n\n    <div class=\"col-sm\">\n      <div class=\"estrategia\" id=\"box-assinatura\">\n        <h3 class=\"titulo-assinatura\">Assinatura Concursos<\/h3>\n        <p class=\"subtitulo-assinatura\">Assinatura de 1 ano ou 2 anos<\/p>\n        <div class=\"box-botao\">\n          <a class=\"btn-assinatura\" target=\"_blank\" href=\"https:\/\/www.estrategiaconcursos.com.br\/assinaturas\/\" role=\"button\" rel=\"noopener noreferrer\">ASSINE AGORA<\/a>\n        <\/div>\n      <\/div><\/div><\/div><\/div>\n\n\n\n<p class=\"has-text-align-center has-x-large-font-size\" id=\"h-quer-saber-tudo-sobre-concursos-previstos-confira-nossos-artigos\"><strong>Quer saber tudo sobre concursos previstos? Confira nossos artigos!<\/strong><\/p>\n\n\n\n<ul class=\"wp-block-list\">\n<li><a href=\"https:\/\/www.estrategiaconcursos.com.br\/blog\/concursos-abertos\/\" target=\"_blank\" rel=\"noreferrer noopener\">Concursos Abertos<\/a><\/li>\n\n\n\n<li><a href=\"https:\/\/www.estrategiaconcursos.com.br\/blog\/concursos-2026\/\" target=\"_blank\" rel=\"noreferrer noopener\">Concursos 2026<\/a><\/li>\n<\/ul>\n\n\n\n<figure class=\"wp-block-image is-resized\"><img loading=\"lazy\" decoding=\"async\" width=\"1024\" height=\"632\" src=\"https:\/\/dhg1h5j42swfq.cloudfront.net\/2021\/05\/27001950\/ficha-tecnica-1-1024x632-1-21.png\" alt=\"Ficha do concurso Der Al\" class=\"wp-image-752712\" style=\"width:261px;height:161px\" srcset=\"https:\/\/dhg1h5j42swfq.cloudfront.net\/2021\/05\/27001950\/ficha-tecnica-1-1024x632-1-21.png 1024w, https:\/\/dhg1h5j42swfq.cloudfront.net\/2021\/05\/27001950\/ficha-tecnica-1-1024x632-1-21-300x185.png 300w, https:\/\/dhg1h5j42swfq.cloudfront.net\/2021\/05\/27001950\/ficha-tecnica-1-1024x632-1-21-768x474.png 768w, https:\/\/dhg1h5j42swfq.cloudfront.net\/2021\/05\/27001950\/ficha-tecnica-1-1024x632-1-21-610x376.png 610w\" sizes=\"auto, (max-width: 1024px) 100vw, 1024px\" \/><\/figure>\n\n\n\n<h3 class=\"wp-block-heading\" id=\"ficha\">Informa\u00e7\u00f5es do concurso&nbsp;DER AL<\/h3>\n\n\n\n<ul class=\"wp-block-list\">\n<li><strong>Data da prova: <\/strong>05\/07\/2026<\/li>\n\n\n\n<li><strong style=\"color: initial;\">Vagas:&nbsp;<\/strong>10 + 10 CR<\/li>\n\n\n\n<li><strong>Cargos:&nbsp;<\/strong>Assessor T\u00e9cnico Rodovi\u00e1rio &#8211; \u00e1rea de Engenharia Civil<\/li>\n\n\n\n<li><strong>Banca:<\/strong>&nbsp;Cebraspe<\/li>\n\n\n\n<li><strong>Escolaridade:<\/strong>&nbsp;n\u00edvel superior<\/li>\n\n\n\n<li><strong>Edital:<\/strong> <a href=\"https:\/\/dhg1h5j42swfq.cloudfront.net\/2026\/03\/27164832\/edital-concurso-der-al-2026-estrategia-concursos-1.pdf\" target=\"_blank\" rel=\"noreferrer noopener\">DER AL 2026<\/a><\/li>\n<\/ul>\n","protected":false},"excerpt":{"rendered":"<p>Est\u00e3o abertas as inscri\u00e7\u00f5es para o novo concurso DER AL (Departamento de Estradas de Rodagem de Alagoas). Sob a organiza\u00e7\u00e3o do Cebraspe, o per\u00edodo ser\u00e1 aceito at\u00e9 o dia14 de maio, ao custo de R$ 150,00. Provas est\u00e3o previstas para o dia 5 de julho. Ademais, s\u00e3o ofertadas 10 vagas imediatas, al\u00e9m de 10 em [&hellip;]<\/p>\n","protected":false},"author":1,"featured_media":996829,"comment_status":"open","ping_status":"closed","sticky":false,"template":"","format":"standard","meta":{"post_tipo":"news_page","footnotes":""},"categories":[214992],"tags":[],"tax_estado":[219965],"class_list":["post-996639","post","type-post","status-publish","format-standard","has-post-thumbnail","hentry","category-concursos-administrativos","tax_estado-al"],"acf":[],"yoast_head":"<!-- This site is optimized with the Yoast SEO Premium plugin v27.2 (Yoast SEO v27.2) - https:\/\/yoast.com\/product\/yoast-seo-premium-wordpress\/ -->\n<title>Concurso DER AL: inscreva-se; iniciais de R$ 8,4 mil<\/title>\n<meta name=\"description\" content=\"Saiba tudo sobre o concurso DER AL: 20 vagas, sal\u00e1rio de R$ 8.458,49 e informa\u00e7\u00f5es sobre a inscri\u00e7\u00e3o com o Cebraspe.\" \/>\n<meta name=\"robots\" content=\"index, follow, max-snippet:-1, max-image-preview:large, max-video-preview:-1\" \/>\n<link rel=\"canonical\" href=\"https:\/\/www.estrategiaconcursos.com.br\/blog\/concurso-der-al\/\" \/>\n<meta property=\"og:locale\" content=\"pt_BR\" \/>\n<meta property=\"og:type\" content=\"article\" \/>\n<meta property=\"og:title\" content=\"Concurso DER AL: inscreva-se; iniciais de R$ 8,4 mil\" \/>\n<meta property=\"og:description\" content=\"Saiba tudo sobre o concurso DER AL: 20 vagas, sal\u00e1rio de R$ 8.458,49 e informa\u00e7\u00f5es sobre a inscri\u00e7\u00e3o com o Cebraspe.\" \/>\n<meta property=\"og:url\" content=\"https:\/\/www.estrategiaconcursos.com.br\/blog\/concurso-der-al\/\" \/>\n<meta property=\"og:site_name\" content=\"Estrat\u00e9gia Concursos\" \/>\n<meta property=\"article:author\" content=\"https:\/\/www.facebook.com\/EstrategiaConcursos\" \/>\n<meta property=\"article:published_time\" content=\"2026-04-07T13:00:00+00:00\" \/>\n<meta property=\"article:modified_time\" content=\"2026-04-08T18:06:34+00:00\" \/>\n<meta property=\"og:image\" content=\"https:\/\/dhg1h5j42swfq.cloudfront.net\/2022\/03\/29133350\/der_al.jpg\" \/>\n\t<meta property=\"og:image:width\" content=\"768\" \/>\n\t<meta property=\"og:image:height\" content=\"432\" \/>\n\t<meta property=\"og:image:type\" content=\"image\/jpeg\" \/>\n<meta name=\"author\" content=\"Coordena\u00e7\u00e3o\" \/>\n<meta name=\"twitter:card\" content=\"summary_large_image\" \/>\n<meta name=\"twitter:creator\" content=\"@EstratConcursos\" \/>\n<meta name=\"twitter:site\" content=\"@EstratConcursos\" \/>\n<meta name=\"twitter:label1\" content=\"Escrito por\" \/>\n\t<meta name=\"twitter:data1\" content=\"Coordena\u00e7\u00e3o\" \/>\n\t<meta name=\"twitter:label2\" content=\"Est. tempo de leitura\" \/>\n\t<meta name=\"twitter:data2\" content=\"3 minutos\" \/>\n<script type=\"application\/ld+json\" class=\"yoast-schema-graph\">{\"@context\":\"https:\/\/schema.org\",\"@graph\":[{\"@type\":\"NewsArticle\",\"@id\":\"https:\/\/www.estrategiaconcursos.com.br\/blog\/concurso-der-al\/#article\",\"isPartOf\":{\"@id\":\"https:\/\/www.estrategiaconcursos.com.br\/blog\/concurso-der-al\/\"},\"author\":{\"name\":\"Coordena\u00e7\u00e3o\",\"@id\":\"https:\/\/www.estrategiaconcursos.com.br\/blog\/#\/schema\/person\/b4a388c97673c5f483d72185668afa1f\"},\"headline\":\"Concurso DER AL: inscreva-se; iniciais de R$ 8,4 mil\",\"datePublished\":\"2026-04-07T13:00:00+00:00\",\"dateModified\":\"2026-04-08T18:06:34+00:00\",\"mainEntityOfPage\":{\"@id\":\"https:\/\/www.estrategiaconcursos.com.br\/blog\/concurso-der-al\/\"},\"wordCount\":874,\"commentCount\":0,\"publisher\":{\"@id\":\"https:\/\/www.estrategiaconcursos.com.br\/blog\/#organization\"},\"image\":{\"@id\":\"https:\/\/www.estrategiaconcursos.com.br\/blog\/concurso-der-al\/#primaryimage\"},\"thumbnailUrl\":\"https:\/\/dhg1h5j42swfq.cloudfront.net\/2022\/03\/29133350\/der_al.jpg\",\"articleSection\":[\"Executivo (Administrativa)\"],\"inLanguage\":\"pt-BR\",\"potentialAction\":[{\"@type\":\"CommentAction\",\"name\":\"Comment\",\"target\":[\"https:\/\/www.estrategiaconcursos.com.br\/blog\/concurso-der-al\/#respond\"]}],\"copyrightYear\":\"2026\",\"copyrightHolder\":{\"@id\":\"https:\/\/www.estrategiaconcursos.com.br\/blog\/#organization\"}},{\"@type\":\"WebPage\",\"@id\":\"https:\/\/www.estrategiaconcursos.com.br\/blog\/concurso-der-al\/\",\"url\":\"https:\/\/www.estrategiaconcursos.com.br\/blog\/concurso-der-al\/\",\"name\":\"Concurso DER AL: inscreva-se; iniciais de R$ 8,4 mil\",\"isPartOf\":{\"@id\":\"https:\/\/www.estrategiaconcursos.com.br\/blog\/#website\"},\"primaryImageOfPage\":{\"@id\":\"https:\/\/www.estrategiaconcursos.com.br\/blog\/concurso-der-al\/#primaryimage\"},\"image\":{\"@id\":\"https:\/\/www.estrategiaconcursos.com.br\/blog\/concurso-der-al\/#primaryimage\"},\"thumbnailUrl\":\"https:\/\/dhg1h5j42swfq.cloudfront.net\/2022\/03\/29133350\/der_al.jpg\",\"datePublished\":\"2026-04-07T13:00:00+00:00\",\"dateModified\":\"2026-04-08T18:06:34+00:00\",\"description\":\"Saiba tudo sobre o concurso DER AL: 20 vagas, sal\u00e1rio de R$ 8.458,49 e informa\u00e7\u00f5es sobre a inscri\u00e7\u00e3o com o Cebraspe.\",\"breadcrumb\":{\"@id\":\"https:\/\/www.estrategiaconcursos.com.br\/blog\/concurso-der-al\/#breadcrumb\"},\"inLanguage\":\"pt-BR\",\"potentialAction\":[{\"@type\":\"ReadAction\",\"target\":[\"https:\/\/www.estrategiaconcursos.com.br\/blog\/concurso-der-al\/\"]}]},{\"@type\":\"ImageObject\",\"inLanguage\":\"pt-BR\",\"@id\":\"https:\/\/www.estrategiaconcursos.com.br\/blog\/concurso-der-al\/#primaryimage\",\"url\":\"https:\/\/dhg1h5j42swfq.cloudfront.net\/2022\/03\/29133350\/der_al.jpg\",\"contentUrl\":\"https:\/\/dhg1h5j42swfq.cloudfront.net\/2022\/03\/29133350\/der_al.jpg\",\"width\":768,\"height\":432,\"caption\":\"Concurso DER AL: inscri\u00e7\u00f5es abertas para Engenharia Civil!\"},{\"@type\":\"BreadcrumbList\",\"@id\":\"https:\/\/www.estrategiaconcursos.com.br\/blog\/concurso-der-al\/#breadcrumb\",\"itemListElement\":[{\"@type\":\"ListItem\",\"position\":1,\"name\":\"In\u00edcio\",\"item\":\"https:\/\/www.estrategiaconcursos.com.br\/blog\/\"},{\"@type\":\"ListItem\",\"position\":2,\"name\":\"Concurso DER AL: inscreva-se; iniciais de R$ 8,4 mil\"}]},{\"@type\":\"WebSite\",\"@id\":\"https:\/\/www.estrategiaconcursos.com.br\/blog\/#website\",\"url\":\"https:\/\/www.estrategiaconcursos.com.br\/blog\/\",\"name\":\"Estrat\u00e9gia Concursos\",\"description\":\"O blog da Estrat\u00e9gia Concursos traz not\u00edcias sobre concursos e artigos de professores oferecendo cursos para concursos (pdf + videaulas) no site.\",\"publisher\":{\"@id\":\"https:\/\/www.estrategiaconcursos.com.br\/blog\/#organization\"},\"potentialAction\":[{\"@type\":\"SearchAction\",\"target\":{\"@type\":\"EntryPoint\",\"urlTemplate\":\"https:\/\/www.estrategiaconcursos.com.br\/blog\/?s={search_term_string}\"},\"query-input\":{\"@type\":\"PropertyValueSpecification\",\"valueRequired\":true,\"valueName\":\"search_term_string\"}}],\"inLanguage\":\"pt-BR\"},{\"@type\":\"Organization\",\"@id\":\"https:\/\/www.estrategiaconcursos.com.br\/blog\/#organization\",\"name\":\"Estrat\u00e9gia Concursos\",\"url\":\"https:\/\/www.estrategiaconcursos.com.br\/blog\/\",\"logo\":{\"@type\":\"ImageObject\",\"inLanguage\":\"pt-BR\",\"@id\":\"https:\/\/www.estrategiaconcursos.com.br\/blog\/#\/schema\/logo\/image\/\",\"url\":\"https:\/\/dhg1h5j42swfq.cloudfront.net\/2025\/06\/03203428\/logo_concursos-1.jpg\",\"contentUrl\":\"https:\/\/dhg1h5j42swfq.cloudfront.net\/2025\/06\/03203428\/logo_concursos-1.jpg\",\"width\":230,\"height\":60,\"caption\":\"Estrat\u00e9gia Concursos\"},\"image\":{\"@id\":\"https:\/\/www.estrategiaconcursos.com.br\/blog\/#\/schema\/logo\/image\/\"},\"sameAs\":[\"https:\/\/x.com\/EstratConcursos\"]},{\"@type\":\"Person\",\"@id\":\"https:\/\/www.estrategiaconcursos.com.br\/blog\/#\/schema\/person\/b4a388c97673c5f483d72185668afa1f\",\"name\":\"Coordena\u00e7\u00e3o\",\"image\":{\"@type\":\"ImageObject\",\"inLanguage\":\"pt-BR\",\"@id\":\"https:\/\/secure.gravatar.com\/avatar\/b720319e4c9a967eb58678d110f4fe35452fc5d5f97b202bac7b8acceb18c6ad?s=96&d=mm&r=g\",\"url\":\"https:\/\/secure.gravatar.com\/avatar\/b720319e4c9a967eb58678d110f4fe35452fc5d5f97b202bac7b8acceb18c6ad?s=96&d=mm&r=g\",\"contentUrl\":\"https:\/\/secure.gravatar.com\/avatar\/b720319e4c9a967eb58678d110f4fe35452fc5d5f97b202bac7b8acceb18c6ad?s=96&d=mm&r=g\",\"caption\":\"Coordena\u00e7\u00e3o\"},\"sameAs\":[\"https:\/\/www.facebook.com\/EstrategiaConcursos\",\"https:\/\/x.com\/EstratConcursos\"],\"url\":\"https:\/\/www.estrategiaconcursos.com.br\/blog\/author\/estrategia2013\/\"}]}<\/script>\n<!-- \/ Yoast SEO Premium plugin. -->","yoast_head_json":{"title":"Concurso DER AL: inscreva-se; iniciais de R$ 8,4 mil","description":"Saiba tudo sobre o concurso DER AL: 20 vagas, sal\u00e1rio de R$ 8.458,49 e informa\u00e7\u00f5es sobre a inscri\u00e7\u00e3o com o Cebraspe.","robots":{"index":"index","follow":"follow","max-snippet":"max-snippet:-1","max-image-preview":"max-image-preview:large","max-video-preview":"max-video-preview:-1"},"canonical":"https:\/\/www.estrategiaconcursos.com.br\/blog\/concurso-der-al\/","og_locale":"pt_BR","og_type":"article","og_title":"Concurso DER AL: inscreva-se; iniciais de R$ 8,4 mil","og_description":"Saiba tudo sobre o concurso DER AL: 20 vagas, sal\u00e1rio de R$ 8.458,49 e informa\u00e7\u00f5es sobre a inscri\u00e7\u00e3o com o Cebraspe.","og_url":"https:\/\/www.estrategiaconcursos.com.br\/blog\/concurso-der-al\/","og_site_name":"Estrat\u00e9gia Concursos","article_author":"https:\/\/www.facebook.com\/EstrategiaConcursos","article_published_time":"2026-04-07T13:00:00+00:00","article_modified_time":"2026-04-08T18:06:34+00:00","og_image":[{"width":768,"height":432,"url":"https:\/\/dhg1h5j42swfq.cloudfront.net\/2022\/03\/29133350\/der_al.jpg","type":"image\/jpeg"}],"author":"Coordena\u00e7\u00e3o","twitter_card":"summary_large_image","twitter_creator":"@EstratConcursos","twitter_site":"@EstratConcursos","twitter_misc":{"Escrito por":"Coordena\u00e7\u00e3o","Est. tempo de leitura":"3 minutos"},"schema":{"@context":"https:\/\/schema.org","@graph":[{"@type":"NewsArticle","@id":"https:\/\/www.estrategiaconcursos.com.br\/blog\/concurso-der-al\/#article","isPartOf":{"@id":"https:\/\/www.estrategiaconcursos.com.br\/blog\/concurso-der-al\/"},"author":{"name":"Coordena\u00e7\u00e3o","@id":"https:\/\/www.estrategiaconcursos.com.br\/blog\/#\/schema\/person\/b4a388c97673c5f483d72185668afa1f"},"headline":"Concurso DER AL: inscreva-se; iniciais de R$ 8,4 mil","datePublished":"2026-04-07T13:00:00+00:00","dateModified":"2026-04-08T18:06:34+00:00","mainEntityOfPage":{"@id":"https:\/\/www.estrategiaconcursos.com.br\/blog\/concurso-der-al\/"},"wordCount":874,"commentCount":0,"publisher":{"@id":"https:\/\/www.estrategiaconcursos.com.br\/blog\/#organization"},"image":{"@id":"https:\/\/www.estrategiaconcursos.com.br\/blog\/concurso-der-al\/#primaryimage"},"thumbnailUrl":"https:\/\/dhg1h5j42swfq.cloudfront.net\/2022\/03\/29133350\/der_al.jpg","articleSection":["Executivo (Administrativa)"],"inLanguage":"pt-BR","potentialAction":[{"@type":"CommentAction","name":"Comment","target":["https:\/\/www.estrategiaconcursos.com.br\/blog\/concurso-der-al\/#respond"]}],"copyrightYear":"2026","copyrightHolder":{"@id":"https:\/\/www.estrategiaconcursos.com.br\/blog\/#organization"}},{"@type":"WebPage","@id":"https:\/\/www.estrategiaconcursos.com.br\/blog\/concurso-der-al\/","url":"https:\/\/www.estrategiaconcursos.com.br\/blog\/concurso-der-al\/","name":"Concurso DER AL: inscreva-se; iniciais de R$ 8,4 mil","isPartOf":{"@id":"https:\/\/www.estrategiaconcursos.com.br\/blog\/#website"},"primaryImageOfPage":{"@id":"https:\/\/www.estrategiaconcursos.com.br\/blog\/concurso-der-al\/#primaryimage"},"image":{"@id":"https:\/\/www.estrategiaconcursos.com.br\/blog\/concurso-der-al\/#primaryimage"},"thumbnailUrl":"https:\/\/dhg1h5j42swfq.cloudfront.net\/2022\/03\/29133350\/der_al.jpg","datePublished":"2026-04-07T13:00:00+00:00","dateModified":"2026-04-08T18:06:34+00:00","description":"Saiba tudo sobre o concurso DER AL: 20 vagas, sal\u00e1rio de R$ 8.458,49 e informa\u00e7\u00f5es sobre a inscri\u00e7\u00e3o com o Cebraspe.","breadcrumb":{"@id":"https:\/\/www.estrategiaconcursos.com.br\/blog\/concurso-der-al\/#breadcrumb"},"inLanguage":"pt-BR","potentialAction":[{"@type":"ReadAction","target":["https:\/\/www.estrategiaconcursos.com.br\/blog\/concurso-der-al\/"]}]},{"@type":"ImageObject","inLanguage":"pt-BR","@id":"https:\/\/www.estrategiaconcursos.com.br\/blog\/concurso-der-al\/#primaryimage","url":"https:\/\/dhg1h5j42swfq.cloudfront.net\/2022\/03\/29133350\/der_al.jpg","contentUrl":"https:\/\/dhg1h5j42swfq.cloudfront.net\/2022\/03\/29133350\/der_al.jpg","width":768,"height":432,"caption":"Concurso DER AL: inscri\u00e7\u00f5es abertas para Engenharia Civil!"},{"@type":"BreadcrumbList","@id":"https:\/\/www.estrategiaconcursos.com.br\/blog\/concurso-der-al\/#breadcrumb","itemListElement":[{"@type":"ListItem","position":1,"name":"In\u00edcio","item":"https:\/\/www.estrategiaconcursos.com.br\/blog\/"},{"@type":"ListItem","position":2,"name":"Concurso DER AL: inscreva-se; iniciais de R$ 8,4 mil"}]},{"@type":"WebSite","@id":"https:\/\/www.estrategiaconcursos.com.br\/blog\/#website","url":"https:\/\/www.estrategiaconcursos.com.br\/blog\/","name":"Estrat\u00e9gia Concursos","description":"O blog da Estrat\u00e9gia Concursos traz not\u00edcias sobre concursos e artigos de professores oferecendo cursos para concursos (pdf + videaulas) no site.","publisher":{"@id":"https:\/\/www.estrategiaconcursos.com.br\/blog\/#organization"},"potentialAction":[{"@type":"SearchAction","target":{"@type":"EntryPoint","urlTemplate":"https:\/\/www.estrategiaconcursos.com.br\/blog\/?s={search_term_string}"},"query-input":{"@type":"PropertyValueSpecification","valueRequired":true,"valueName":"search_term_string"}}],"inLanguage":"pt-BR"},{"@type":"Organization","@id":"https:\/\/www.estrategiaconcursos.com.br\/blog\/#organization","name":"Estrat\u00e9gia Concursos","url":"https:\/\/www.estrategiaconcursos.com.br\/blog\/","logo":{"@type":"ImageObject","inLanguage":"pt-BR","@id":"https:\/\/www.estrategiaconcursos.com.br\/blog\/#\/schema\/logo\/image\/","url":"https:\/\/dhg1h5j42swfq.cloudfront.net\/2025\/06\/03203428\/logo_concursos-1.jpg","contentUrl":"https:\/\/dhg1h5j42swfq.cloudfront.net\/2025\/06\/03203428\/logo_concursos-1.jpg","width":230,"height":60,"caption":"Estrat\u00e9gia Concursos"},"image":{"@id":"https:\/\/www.estrategiaconcursos.com.br\/blog\/#\/schema\/logo\/image\/"},"sameAs":["https:\/\/x.com\/EstratConcursos"]},{"@type":"Person","@id":"https:\/\/www.estrategiaconcursos.com.br\/blog\/#\/schema\/person\/b4a388c97673c5f483d72185668afa1f","name":"Coordena\u00e7\u00e3o","image":{"@type":"ImageObject","inLanguage":"pt-BR","@id":"https:\/\/secure.gravatar.com\/avatar\/b720319e4c9a967eb58678d110f4fe35452fc5d5f97b202bac7b8acceb18c6ad?s=96&d=mm&r=g","url":"https:\/\/secure.gravatar.com\/avatar\/b720319e4c9a967eb58678d110f4fe35452fc5d5f97b202bac7b8acceb18c6ad?s=96&d=mm&r=g","contentUrl":"https:\/\/secure.gravatar.com\/avatar\/b720319e4c9a967eb58678d110f4fe35452fc5d5f97b202bac7b8acceb18c6ad?s=96&d=mm&r=g","caption":"Coordena\u00e7\u00e3o"},"sameAs":["https:\/\/www.facebook.com\/EstrategiaConcursos","https:\/\/x.com\/EstratConcursos"],"url":"https:\/\/www.estrategiaconcursos.com.br\/blog\/author\/estrategia2013\/"}]}},"_links":{"self":[{"href":"https:\/\/www.estrategiaconcursos.com.br\/blog\/wp-json\/wp\/v2\/posts\/996639","targetHints":{"allow":["GET"]}}],"collection":[{"href":"https:\/\/www.estrategiaconcursos.com.br\/blog\/wp-json\/wp\/v2\/posts"}],"about":[{"href":"https:\/\/www.estrategiaconcursos.com.br\/blog\/wp-json\/wp\/v2\/types\/post"}],"author":[{"embeddable":true,"href":"https:\/\/www.estrategiaconcursos.com.br\/blog\/wp-json\/wp\/v2\/users\/1"}],"replies":[{"embeddable":true,"href":"https:\/\/www.estrategiaconcursos.com.br\/blog\/wp-json\/wp\/v2\/comments?post=996639"}],"version-history":[{"count":31,"href":"https:\/\/www.estrategiaconcursos.com.br\/blog\/wp-json\/wp\/v2\/posts\/996639\/revisions"}],"predecessor-version":[{"id":1750499,"href":"https:\/\/www.estrategiaconcursos.com.br\/blog\/wp-json\/wp\/v2\/posts\/996639\/revisions\/1750499"}],"wp:featuredmedia":[{"embeddable":true,"href":"https:\/\/www.estrategiaconcursos.com.br\/blog\/wp-json\/wp\/v2\/media\/996829"}],"wp:attachment":[{"href":"https:\/\/www.estrategiaconcursos.com.br\/blog\/wp-json\/wp\/v2\/media?parent=996639"}],"wp:term":[{"taxonomy":"category","embeddable":true,"href":"https:\/\/www.estrategiaconcursos.com.br\/blog\/wp-json\/wp\/v2\/categories?post=996639"},{"taxonomy":"post_tag","embeddable":true,"href":"https:\/\/www.estrategiaconcursos.com.br\/blog\/wp-json\/wp\/v2\/tags?post=996639"},{"taxonomy":"tax_estado","embeddable":true,"href":"https:\/\/www.estrategiaconcursos.com.br\/blog\/wp-json\/wp\/v2\/tax_estado?post=996639"}],"curies":[{"name":"wp","href":"https:\/\/api.w.org\/{rel}","templated":true}]}}