{"id":996562,"date":"2022-03-29T09:43:42","date_gmt":"2022-03-29T12:43:42","guid":{"rendered":"https:\/\/www.estrategiaconcursos.com.br\/blog\/?p=996562"},"modified":"2023-03-07T13:40:26","modified_gmt":"2023-03-07T16:40:26","slug":"concursos-de-educacao-rio-de-janeiro-panorama-geral","status":"publish","type":"post","link":"https:\/\/www.estrategiaconcursos.com.br\/blog\/concursos-de-educacao-rio-de-janeiro-panorama-geral\/","title":{"rendered":"Concursos de Educa\u00e7\u00e3o Rio de Janeiro: Panorama Geral"},"content":{"rendered":"\n<p>A&nbsp;<strong><a href=\"https:\/\/www.estrategiaconcursos.com.br\/cursosPorMateria\/pedagogia-151\/\" target=\"_blank\" rel=\"noreferrer noopener\">\u00e1rea educacional<\/a><\/strong>&nbsp;est\u00e1 com diversos concursos p\u00fablicos com&nbsp;<strong>editais publicados<\/strong>&nbsp;e com previs\u00e3o de novas publica\u00e7\u00f5es. <\/p>\n\n\n\n<p>S\u00e3o diversas oportunidades para magist\u00e9rio e cargos administrativos educacionais. No Rio de Janeiro, por exemplo, existem \u00f3timas oportunidades, entre elas: <strong>prefeituras de Mangaratiba, Nil\u00f3polis, Itagua\u00ed, Itabora\u00ed, Duque de Caxias, Mag\u00e9, Maca\u00e9, Niter\u00f3i, Maric\u00e1, Nova Igua\u00e7u, S\u00e3o Jo\u00e3o de Meriti, Prefeitura do Rio de Janeiro e SEEDUC RJ<\/strong>.<\/p>\n\n\n\n<p>N\u00e3o deixe para \u00faltima hora e prepare-se com<strong>&nbsp;anteced\u00eancia<\/strong>, crie uma&nbsp;<strong>base s\u00f3lida<\/strong>&nbsp;de estudos!<\/p>\n\n\n\n<p>Para te ajudar a conquistar a aprova\u00e7\u00e3o, o <strong>Estrat\u00e9gia Concursos<\/strong> far\u00e1 no dia 30 de mar\u00e7o, quarta-feira, \u00e0s 20h, uma transmiss\u00e3o sobre o <a href=\"https:\/\/youtu.be\/KZxyL0B8yIQ\" target=\"_blank\" rel=\"noreferrer noopener\">panorama geral dos concursos de educa\u00e7\u00e3o no Rio de Janeiro<\/a>, com os professores F\u00e1bio Ramos e Rom\u00e1rio Falci. <\/p>\n\n\n\n<p>J\u00e1 ativa o sininho e garanta a sua participa\u00e7\u00e3o!<\/p>\n\n\n\n<p>Preparamos um artigo completo e exclusivo sobre os<strong> Concursos Educa\u00e7\u00e3o<\/strong>. Acesse e confira mais informa\u00e7\u00f5es:<\/p>\n\n\n\n<h2 class=\"has-text-align-center has-cyan-bluish-gray-background-color has-background wp-block-heading\" id=\"h-concurso-educacao\"><a href=\"https:\/\/www.estrategiaconcursos.com.br\/blog\/concursos-educacao-2022\/\" target=\"_blank\" rel=\"noreferrer noopener\">Concurso Educa\u00e7\u00e3o<\/a><\/h2>\n\n\n\n<h2 class=\"has-text-align-center wp-block-heading\" id=\"h-quer-saber-tudo-sobre-concursos-previstos-confira-nossos-artigos\">Quer saber tudo sobre concursos previstos?<br \/>Confira nossos artigos!<\/h2>\n\n\n\n<ul class=\"wp-block-list\">\n<li><a href=\"https:\/\/www.estrategiaconcursos.com.br\/blog\/concursos-abertos\/\" target=\"_blank\" rel=\"noreferrer noopener\">Concursos abertos<\/a><\/li>\n\n\n\n<li><a href=\"https:\/\/www.estrategiaconcursos.com.br\/blog\/concursos-2022\/\" target=\"_blank\" rel=\"noreferrer noopener\">Concursos 2022<\/a><\/li>\n<\/ul>\n\n\n\n<h2 class=\"has-text-align-center wp-block-heading\" id=\"quer-estudar-para-concursos-educacao\">Quer estudar para concursos Educa\u00e7\u00e3o?<\/h2>\n\n\n","protected":false},"excerpt":{"rendered":"<p>A&nbsp;\u00e1rea educacional&nbsp;est\u00e1 com diversos concursos p\u00fablicos com&nbsp;editais publicados&nbsp;e com previs\u00e3o de novas publica\u00e7\u00f5es. S\u00e3o diversas oportunidades para magist\u00e9rio e cargos administrativos educacionais. No Rio de Janeiro, por exemplo, existem \u00f3timas oportunidades, entre elas: prefeituras de Mangaratiba, Nil\u00f3polis, Itagua\u00ed, Itabora\u00ed, Duque de Caxias, Mag\u00e9, Maca\u00e9, Niter\u00f3i, Maric\u00e1, Nova Igua\u00e7u, S\u00e3o Jo\u00e3o de Meriti, Prefeitura do Rio [&hellip;]<\/p>\n","protected":false},"author":2375,"featured_media":887339,"comment_status":"open","ping_status":"closed","sticky":false,"template":"","format":"standard","meta":{"post_tipo":"news","footnotes":""},"categories":[1,3766],"tags":[],"tax_estado":[219982],"class_list":["post-996562","post","type-post","status-publish","format-standard","has-post-thumbnail","hentry","category-cursos-e-concursos","category-educacional","tax_estado-rj"],"acf":[],"yoast_head":"<!-- This site is optimized with the Yoast SEO Premium plugin v27.2 (Yoast SEO v27.2) - https:\/\/yoast.com\/product\/yoast-seo-premium-wordpress\/ -->\n<title>Concursos de Educa\u00e7\u00e3o Rio de Janeiro: Panorama Geral<\/title>\n<meta name=\"robots\" content=\"index, follow, max-snippet:-1, max-image-preview:large, max-video-preview:-1\" \/>\n<link rel=\"canonical\" href=\"https:\/\/www.estrategiaconcursos.com.br\/blog\/concursos-de-educacao-rio-de-janeiro-panorama-geral\/\" \/>\n<meta property=\"og:locale\" content=\"pt_BR\" \/>\n<meta property=\"og:type\" content=\"article\" \/>\n<meta property=\"og:title\" content=\"Concursos de Educa\u00e7\u00e3o Rio de Janeiro: Panorama Geral\" \/>\n<meta property=\"og:description\" content=\"A&nbsp;\u00e1rea educacional&nbsp;est\u00e1 com diversos concursos p\u00fablicos com&nbsp;editais publicados&nbsp;e com previs\u00e3o de novas publica\u00e7\u00f5es. S\u00e3o diversas oportunidades para magist\u00e9rio e cargos administrativos educacionais. No Rio de Janeiro, por exemplo, existem \u00f3timas oportunidades, entre elas: prefeituras de Mangaratiba, Nil\u00f3polis, Itagua\u00ed, Itabora\u00ed, Duque de Caxias, Mag\u00e9, Maca\u00e9, Niter\u00f3i, Maric\u00e1, Nova Igua\u00e7u, S\u00e3o Jo\u00e3o de Meriti, Prefeitura do Rio [&hellip;]\" \/>\n<meta property=\"og:url\" content=\"https:\/\/www.estrategiaconcursos.com.br\/blog\/concursos-de-educacao-rio-de-janeiro-panorama-geral\/\" \/>\n<meta property=\"og:site_name\" content=\"Estrat\u00e9gia Concursos\" \/>\n<meta property=\"article:published_time\" content=\"2022-03-29T12:43:42+00:00\" \/>\n<meta property=\"article:modified_time\" content=\"2023-03-07T16:40:26+00:00\" \/>\n<meta property=\"og:image\" content=\"https:\/\/dhg1h5j42swfq.cloudfront.net\/2021\/10\/18143054\/concursos-educacao.jpg\" \/>\n\t<meta property=\"og:image:width\" content=\"1200\" \/>\n\t<meta property=\"og:image:height\" content=\"628\" \/>\n\t<meta property=\"og:image:type\" content=\"image\/jpeg\" \/>\n<meta name=\"author\" content=\"Priscila Almeida\" \/>\n<meta name=\"twitter:card\" content=\"summary_large_image\" \/>\n<meta name=\"twitter:creator\" content=\"@EstratConcursos\" \/>\n<meta name=\"twitter:site\" content=\"@EstratConcursos\" \/>\n<meta name=\"twitter:label1\" content=\"Escrito por\" \/>\n\t<meta name=\"twitter:data1\" content=\"Priscila Almeida\" \/>\n\t<meta name=\"twitter:label2\" content=\"Est. tempo de leitura\" \/>\n\t<meta name=\"twitter:data2\" content=\"1 minuto\" \/>\n<script type=\"application\/ld+json\" class=\"yoast-schema-graph\">{\"@context\":\"https:\/\/schema.org\",\"@graph\":[{\"@type\":\"NewsArticle\",\"@id\":\"https:\/\/www.estrategiaconcursos.com.br\/blog\/concursos-de-educacao-rio-de-janeiro-panorama-geral\/#article\",\"isPartOf\":{\"@id\":\"https:\/\/www.estrategiaconcursos.com.br\/blog\/concursos-de-educacao-rio-de-janeiro-panorama-geral\/\"},\"author\":{\"name\":\"Priscila Almeida\",\"@id\":\"https:\/\/www.estrategiaconcursos.com.br\/blog\/#\/schema\/person\/a06e841e501f2e1d8c49c4e8f066bfd1\"},\"headline\":\"Concursos de Educa\u00e7\u00e3o Rio de Janeiro: Panorama Geral\",\"datePublished\":\"2022-03-29T12:43:42+00:00\",\"dateModified\":\"2023-03-07T16:40:26+00:00\",\"mainEntityOfPage\":{\"@id\":\"https:\/\/www.estrategiaconcursos.com.br\/blog\/concursos-de-educacao-rio-de-janeiro-panorama-geral\/\"},\"wordCount\":203,\"commentCount\":0,\"publisher\":{\"@id\":\"https:\/\/www.estrategiaconcursos.com.br\/blog\/#organization\"},\"image\":{\"@id\":\"https:\/\/www.estrategiaconcursos.com.br\/blog\/concursos-de-educacao-rio-de-janeiro-panorama-geral\/#primaryimage\"},\"thumbnailUrl\":\"https:\/\/dhg1h5j42swfq.cloudfront.net\/2021\/10\/18143054\/concursos-educacao.jpg\",\"articleSection\":[\"Concursos P\u00fablicos\",\"Educa\u00e7\u00e3o\"],\"inLanguage\":\"pt-BR\",\"potentialAction\":[{\"@type\":\"CommentAction\",\"name\":\"Comment\",\"target\":[\"https:\/\/www.estrategiaconcursos.com.br\/blog\/concursos-de-educacao-rio-de-janeiro-panorama-geral\/#respond\"]}],\"copyrightYear\":\"2022\",\"copyrightHolder\":{\"@id\":\"https:\/\/www.estrategiaconcursos.com.br\/blog\/#organization\"}},{\"@type\":\"WebPage\",\"@id\":\"https:\/\/www.estrategiaconcursos.com.br\/blog\/concursos-de-educacao-rio-de-janeiro-panorama-geral\/\",\"url\":\"https:\/\/www.estrategiaconcursos.com.br\/blog\/concursos-de-educacao-rio-de-janeiro-panorama-geral\/\",\"name\":\"Concursos de Educa\u00e7\u00e3o Rio de Janeiro: Panorama Geral\",\"isPartOf\":{\"@id\":\"https:\/\/www.estrategiaconcursos.com.br\/blog\/#website\"},\"primaryImageOfPage\":{\"@id\":\"https:\/\/www.estrategiaconcursos.com.br\/blog\/concursos-de-educacao-rio-de-janeiro-panorama-geral\/#primaryimage\"},\"image\":{\"@id\":\"https:\/\/www.estrategiaconcursos.com.br\/blog\/concursos-de-educacao-rio-de-janeiro-panorama-geral\/#primaryimage\"},\"thumbnailUrl\":\"https:\/\/dhg1h5j42swfq.cloudfront.net\/2021\/10\/18143054\/concursos-educacao.jpg\",\"datePublished\":\"2022-03-29T12:43:42+00:00\",\"dateModified\":\"2023-03-07T16:40:26+00:00\",\"breadcrumb\":{\"@id\":\"https:\/\/www.estrategiaconcursos.com.br\/blog\/concursos-de-educacao-rio-de-janeiro-panorama-geral\/#breadcrumb\"},\"inLanguage\":\"pt-BR\",\"potentialAction\":[{\"@type\":\"ReadAction\",\"target\":[\"https:\/\/www.estrategiaconcursos.com.br\/blog\/concursos-de-educacao-rio-de-janeiro-panorama-geral\/\"]}]},{\"@type\":\"ImageObject\",\"inLanguage\":\"pt-BR\",\"@id\":\"https:\/\/www.estrategiaconcursos.com.br\/blog\/concursos-de-educacao-rio-de-janeiro-panorama-geral\/#primaryimage\",\"url\":\"https:\/\/dhg1h5j42swfq.cloudfront.net\/2021\/10\/18143054\/concursos-educacao.jpg\",\"contentUrl\":\"https:\/\/dhg1h5j42swfq.cloudfront.net\/2021\/10\/18143054\/concursos-educacao.jpg\",\"width\":1200,\"height\":628,\"caption\":\"educa\u00e7\u00e3o\"},{\"@type\":\"BreadcrumbList\",\"@id\":\"https:\/\/www.estrategiaconcursos.com.br\/blog\/concursos-de-educacao-rio-de-janeiro-panorama-geral\/#breadcrumb\",\"itemListElement\":[{\"@type\":\"ListItem\",\"position\":1,\"name\":\"In\u00edcio\",\"item\":\"https:\/\/www.estrategiaconcursos.com.br\/blog\/\"},{\"@type\":\"ListItem\",\"position\":2,\"name\":\"Concursos de Educa\u00e7\u00e3o Rio de Janeiro: Panorama Geral\"}]},{\"@type\":\"WebSite\",\"@id\":\"https:\/\/www.estrategiaconcursos.com.br\/blog\/#website\",\"url\":\"https:\/\/www.estrategiaconcursos.com.br\/blog\/\",\"name\":\"Estrat\u00e9gia Concursos\",\"description\":\"O blog da Estrat\u00e9gia Concursos traz not\u00edcias sobre concursos e artigos de professores oferecendo cursos para concursos (pdf + videaulas) no site.\",\"publisher\":{\"@id\":\"https:\/\/www.estrategiaconcursos.com.br\/blog\/#organization\"},\"potentialAction\":[{\"@type\":\"SearchAction\",\"target\":{\"@type\":\"EntryPoint\",\"urlTemplate\":\"https:\/\/www.estrategiaconcursos.com.br\/blog\/?s={search_term_string}\"},\"query-input\":{\"@type\":\"PropertyValueSpecification\",\"valueRequired\":true,\"valueName\":\"search_term_string\"}}],\"inLanguage\":\"pt-BR\"},{\"@type\":\"Organization\",\"@id\":\"https:\/\/www.estrategiaconcursos.com.br\/blog\/#organization\",\"name\":\"Estrat\u00e9gia Concursos\",\"url\":\"https:\/\/www.estrategiaconcursos.com.br\/blog\/\",\"logo\":{\"@type\":\"ImageObject\",\"inLanguage\":\"pt-BR\",\"@id\":\"https:\/\/www.estrategiaconcursos.com.br\/blog\/#\/schema\/logo\/image\/\",\"url\":\"https:\/\/dhg1h5j42swfq.cloudfront.net\/2025\/06\/03203428\/logo_concursos-1.jpg\",\"contentUrl\":\"https:\/\/dhg1h5j42swfq.cloudfront.net\/2025\/06\/03203428\/logo_concursos-1.jpg\",\"width\":230,\"height\":60,\"caption\":\"Estrat\u00e9gia Concursos\"},\"image\":{\"@id\":\"https:\/\/www.estrategiaconcursos.com.br\/blog\/#\/schema\/logo\/image\/\"},\"sameAs\":[\"https:\/\/x.com\/EstratConcursos\"]},{\"@type\":\"Person\",\"@id\":\"https:\/\/www.estrategiaconcursos.com.br\/blog\/#\/schema\/person\/a06e841e501f2e1d8c49c4e8f066bfd1\",\"name\":\"Priscila Almeida\",\"image\":{\"@type\":\"ImageObject\",\"inLanguage\":\"pt-BR\",\"@id\":\"https:\/\/secure.gravatar.com\/avatar\/0a963c9e2a947fa675b669cea2b5d0ba6dd1cbf46b966190343b6c9973ad3337?s=96&d=mm&r=g\",\"url\":\"https:\/\/secure.gravatar.com\/avatar\/0a963c9e2a947fa675b669cea2b5d0ba6dd1cbf46b966190343b6c9973ad3337?s=96&d=mm&r=g\",\"contentUrl\":\"https:\/\/secure.gravatar.com\/avatar\/0a963c9e2a947fa675b669cea2b5d0ba6dd1cbf46b966190343b6c9973ad3337?s=96&d=mm&r=g\",\"caption\":\"Priscila Almeida\"},\"description\":\"Atua na \u00e1rea de concursos p\u00fablicos desde 2019. As editorias que mais t\u00eam familiaridade s\u00e3o: Tribunais (TJs; TRTs; TREs; TSTs; STJ, STF, STM e TSE); Defensorias; Minist\u00e9rios P\u00fablicos; Procuradorias; Educa\u00e7\u00e3o e Conselhos. Na \u00e1rea de comunica\u00e7\u00e3o, de maneira geral, a caminhada \u00e9 um pouco mais longa - desde 2007. Possui experi\u00eancia em reda\u00e7\u00f5es de r\u00e1dio, TV, Web e impresso, al\u00e9m de desenvolver trabalhos em assessorias de comunica\u00e7\u00e3o institucional, empresarial e p\u00fablicas. Entre outros trabalhos, se destacam a atua\u00e7\u00e3o nas \u00e1reas de Justi\u00e7a, Congresso, Esportes, Sa\u00fade, Agropecu\u00e1ria, Cidades e Avia\u00e7\u00e3o Civil.\",\"url\":\"https:\/\/www.estrategiaconcursos.com.br\/blog\/author\/priscila-almeidaestrategia-com\/\"}]}<\/script>\n<!-- \/ Yoast SEO Premium plugin. -->","yoast_head_json":{"title":"Concursos de Educa\u00e7\u00e3o Rio de Janeiro: Panorama Geral","robots":{"index":"index","follow":"follow","max-snippet":"max-snippet:-1","max-image-preview":"max-image-preview:large","max-video-preview":"max-video-preview:-1"},"canonical":"https:\/\/www.estrategiaconcursos.com.br\/blog\/concursos-de-educacao-rio-de-janeiro-panorama-geral\/","og_locale":"pt_BR","og_type":"article","og_title":"Concursos de Educa\u00e7\u00e3o Rio de Janeiro: Panorama Geral","og_description":"A&nbsp;\u00e1rea educacional&nbsp;est\u00e1 com diversos concursos p\u00fablicos com&nbsp;editais publicados&nbsp;e com previs\u00e3o de novas publica\u00e7\u00f5es. S\u00e3o diversas oportunidades para magist\u00e9rio e cargos administrativos educacionais. No Rio de Janeiro, por exemplo, existem \u00f3timas oportunidades, entre elas: prefeituras de Mangaratiba, Nil\u00f3polis, Itagua\u00ed, Itabora\u00ed, Duque de Caxias, Mag\u00e9, Maca\u00e9, Niter\u00f3i, Maric\u00e1, Nova Igua\u00e7u, S\u00e3o Jo\u00e3o de Meriti, Prefeitura do Rio [&hellip;]","og_url":"https:\/\/www.estrategiaconcursos.com.br\/blog\/concursos-de-educacao-rio-de-janeiro-panorama-geral\/","og_site_name":"Estrat\u00e9gia Concursos","article_published_time":"2022-03-29T12:43:42+00:00","article_modified_time":"2023-03-07T16:40:26+00:00","og_image":[{"width":1200,"height":628,"url":"https:\/\/dhg1h5j42swfq.cloudfront.net\/2021\/10\/18143054\/concursos-educacao.jpg","type":"image\/jpeg"}],"author":"Priscila Almeida","twitter_card":"summary_large_image","twitter_creator":"@EstratConcursos","twitter_site":"@EstratConcursos","twitter_misc":{"Escrito por":"Priscila Almeida","Est. tempo de leitura":"1 minuto"},"schema":{"@context":"https:\/\/schema.org","@graph":[{"@type":"NewsArticle","@id":"https:\/\/www.estrategiaconcursos.com.br\/blog\/concursos-de-educacao-rio-de-janeiro-panorama-geral\/#article","isPartOf":{"@id":"https:\/\/www.estrategiaconcursos.com.br\/blog\/concursos-de-educacao-rio-de-janeiro-panorama-geral\/"},"author":{"name":"Priscila Almeida","@id":"https:\/\/www.estrategiaconcursos.com.br\/blog\/#\/schema\/person\/a06e841e501f2e1d8c49c4e8f066bfd1"},"headline":"Concursos de Educa\u00e7\u00e3o Rio de Janeiro: Panorama Geral","datePublished":"2022-03-29T12:43:42+00:00","dateModified":"2023-03-07T16:40:26+00:00","mainEntityOfPage":{"@id":"https:\/\/www.estrategiaconcursos.com.br\/blog\/concursos-de-educacao-rio-de-janeiro-panorama-geral\/"},"wordCount":203,"commentCount":0,"publisher":{"@id":"https:\/\/www.estrategiaconcursos.com.br\/blog\/#organization"},"image":{"@id":"https:\/\/www.estrategiaconcursos.com.br\/blog\/concursos-de-educacao-rio-de-janeiro-panorama-geral\/#primaryimage"},"thumbnailUrl":"https:\/\/dhg1h5j42swfq.cloudfront.net\/2021\/10\/18143054\/concursos-educacao.jpg","articleSection":["Concursos P\u00fablicos","Educa\u00e7\u00e3o"],"inLanguage":"pt-BR","potentialAction":[{"@type":"CommentAction","name":"Comment","target":["https:\/\/www.estrategiaconcursos.com.br\/blog\/concursos-de-educacao-rio-de-janeiro-panorama-geral\/#respond"]}],"copyrightYear":"2022","copyrightHolder":{"@id":"https:\/\/www.estrategiaconcursos.com.br\/blog\/#organization"}},{"@type":"WebPage","@id":"https:\/\/www.estrategiaconcursos.com.br\/blog\/concursos-de-educacao-rio-de-janeiro-panorama-geral\/","url":"https:\/\/www.estrategiaconcursos.com.br\/blog\/concursos-de-educacao-rio-de-janeiro-panorama-geral\/","name":"Concursos de Educa\u00e7\u00e3o Rio de Janeiro: Panorama Geral","isPartOf":{"@id":"https:\/\/www.estrategiaconcursos.com.br\/blog\/#website"},"primaryImageOfPage":{"@id":"https:\/\/www.estrategiaconcursos.com.br\/blog\/concursos-de-educacao-rio-de-janeiro-panorama-geral\/#primaryimage"},"image":{"@id":"https:\/\/www.estrategiaconcursos.com.br\/blog\/concursos-de-educacao-rio-de-janeiro-panorama-geral\/#primaryimage"},"thumbnailUrl":"https:\/\/dhg1h5j42swfq.cloudfront.net\/2021\/10\/18143054\/concursos-educacao.jpg","datePublished":"2022-03-29T12:43:42+00:00","dateModified":"2023-03-07T16:40:26+00:00","breadcrumb":{"@id":"https:\/\/www.estrategiaconcursos.com.br\/blog\/concursos-de-educacao-rio-de-janeiro-panorama-geral\/#breadcrumb"},"inLanguage":"pt-BR","potentialAction":[{"@type":"ReadAction","target":["https:\/\/www.estrategiaconcursos.com.br\/blog\/concursos-de-educacao-rio-de-janeiro-panorama-geral\/"]}]},{"@type":"ImageObject","inLanguage":"pt-BR","@id":"https:\/\/www.estrategiaconcursos.com.br\/blog\/concursos-de-educacao-rio-de-janeiro-panorama-geral\/#primaryimage","url":"https:\/\/dhg1h5j42swfq.cloudfront.net\/2021\/10\/18143054\/concursos-educacao.jpg","contentUrl":"https:\/\/dhg1h5j42swfq.cloudfront.net\/2021\/10\/18143054\/concursos-educacao.jpg","width":1200,"height":628,"caption":"educa\u00e7\u00e3o"},{"@type":"BreadcrumbList","@id":"https:\/\/www.estrategiaconcursos.com.br\/blog\/concursos-de-educacao-rio-de-janeiro-panorama-geral\/#breadcrumb","itemListElement":[{"@type":"ListItem","position":1,"name":"In\u00edcio","item":"https:\/\/www.estrategiaconcursos.com.br\/blog\/"},{"@type":"ListItem","position":2,"name":"Concursos de Educa\u00e7\u00e3o Rio de Janeiro: Panorama Geral"}]},{"@type":"WebSite","@id":"https:\/\/www.estrategiaconcursos.com.br\/blog\/#website","url":"https:\/\/www.estrategiaconcursos.com.br\/blog\/","name":"Estrat\u00e9gia Concursos","description":"O blog da Estrat\u00e9gia Concursos traz not\u00edcias sobre concursos e artigos de professores oferecendo cursos para concursos (pdf + videaulas) no site.","publisher":{"@id":"https:\/\/www.estrategiaconcursos.com.br\/blog\/#organization"},"potentialAction":[{"@type":"SearchAction","target":{"@type":"EntryPoint","urlTemplate":"https:\/\/www.estrategiaconcursos.com.br\/blog\/?s={search_term_string}"},"query-input":{"@type":"PropertyValueSpecification","valueRequired":true,"valueName":"search_term_string"}}],"inLanguage":"pt-BR"},{"@type":"Organization","@id":"https:\/\/www.estrategiaconcursos.com.br\/blog\/#organization","name":"Estrat\u00e9gia Concursos","url":"https:\/\/www.estrategiaconcursos.com.br\/blog\/","logo":{"@type":"ImageObject","inLanguage":"pt-BR","@id":"https:\/\/www.estrategiaconcursos.com.br\/blog\/#\/schema\/logo\/image\/","url":"https:\/\/dhg1h5j42swfq.cloudfront.net\/2025\/06\/03203428\/logo_concursos-1.jpg","contentUrl":"https:\/\/dhg1h5j42swfq.cloudfront.net\/2025\/06\/03203428\/logo_concursos-1.jpg","width":230,"height":60,"caption":"Estrat\u00e9gia Concursos"},"image":{"@id":"https:\/\/www.estrategiaconcursos.com.br\/blog\/#\/schema\/logo\/image\/"},"sameAs":["https:\/\/x.com\/EstratConcursos"]},{"@type":"Person","@id":"https:\/\/www.estrategiaconcursos.com.br\/blog\/#\/schema\/person\/a06e841e501f2e1d8c49c4e8f066bfd1","name":"Priscila Almeida","image":{"@type":"ImageObject","inLanguage":"pt-BR","@id":"https:\/\/secure.gravatar.com\/avatar\/0a963c9e2a947fa675b669cea2b5d0ba6dd1cbf46b966190343b6c9973ad3337?s=96&d=mm&r=g","url":"https:\/\/secure.gravatar.com\/avatar\/0a963c9e2a947fa675b669cea2b5d0ba6dd1cbf46b966190343b6c9973ad3337?s=96&d=mm&r=g","contentUrl":"https:\/\/secure.gravatar.com\/avatar\/0a963c9e2a947fa675b669cea2b5d0ba6dd1cbf46b966190343b6c9973ad3337?s=96&d=mm&r=g","caption":"Priscila Almeida"},"description":"Atua na \u00e1rea de concursos p\u00fablicos desde 2019. As editorias que mais t\u00eam familiaridade s\u00e3o: Tribunais (TJs; TRTs; TREs; TSTs; STJ, STF, STM e TSE); Defensorias; Minist\u00e9rios P\u00fablicos; Procuradorias; Educa\u00e7\u00e3o e Conselhos. Na \u00e1rea de comunica\u00e7\u00e3o, de maneira geral, a caminhada \u00e9 um pouco mais longa - desde 2007. Possui experi\u00eancia em reda\u00e7\u00f5es de r\u00e1dio, TV, Web e impresso, al\u00e9m de desenvolver trabalhos em assessorias de comunica\u00e7\u00e3o institucional, empresarial e p\u00fablicas. Entre outros trabalhos, se destacam a atua\u00e7\u00e3o nas \u00e1reas de Justi\u00e7a, Congresso, Esportes, Sa\u00fade, Agropecu\u00e1ria, Cidades e Avia\u00e7\u00e3o Civil.","url":"https:\/\/www.estrategiaconcursos.com.br\/blog\/author\/priscila-almeidaestrategia-com\/"}]}},"_links":{"self":[{"href":"https:\/\/www.estrategiaconcursos.com.br\/blog\/wp-json\/wp\/v2\/posts\/996562","targetHints":{"allow":["GET"]}}],"collection":[{"href":"https:\/\/www.estrategiaconcursos.com.br\/blog\/wp-json\/wp\/v2\/posts"}],"about":[{"href":"https:\/\/www.estrategiaconcursos.com.br\/blog\/wp-json\/wp\/v2\/types\/post"}],"author":[{"embeddable":true,"href":"https:\/\/www.estrategiaconcursos.com.br\/blog\/wp-json\/wp\/v2\/users\/2375"}],"replies":[{"embeddable":true,"href":"https:\/\/www.estrategiaconcursos.com.br\/blog\/wp-json\/wp\/v2\/comments?post=996562"}],"version-history":[{"count":6,"href":"https:\/\/www.estrategiaconcursos.com.br\/blog\/wp-json\/wp\/v2\/posts\/996562\/revisions"}],"predecessor-version":[{"id":1182958,"href":"https:\/\/www.estrategiaconcursos.com.br\/blog\/wp-json\/wp\/v2\/posts\/996562\/revisions\/1182958"}],"wp:featuredmedia":[{"embeddable":true,"href":"https:\/\/www.estrategiaconcursos.com.br\/blog\/wp-json\/wp\/v2\/media\/887339"}],"wp:attachment":[{"href":"https:\/\/www.estrategiaconcursos.com.br\/blog\/wp-json\/wp\/v2\/media?parent=996562"}],"wp:term":[{"taxonomy":"category","embeddable":true,"href":"https:\/\/www.estrategiaconcursos.com.br\/blog\/wp-json\/wp\/v2\/categories?post=996562"},{"taxonomy":"post_tag","embeddable":true,"href":"https:\/\/www.estrategiaconcursos.com.br\/blog\/wp-json\/wp\/v2\/tags?post=996562"},{"taxonomy":"tax_estado","embeddable":true,"href":"https:\/\/www.estrategiaconcursos.com.br\/blog\/wp-json\/wp\/v2\/tax_estado?post=996562"}],"curies":[{"name":"wp","href":"https:\/\/api.w.org\/{rel}","templated":true}]}}