{"id":996520,"date":"2026-01-02T13:40:00","date_gmt":"2026-01-02T16:40:00","guid":{"rendered":"https:\/\/www.estrategiaconcursos.com.br\/blog\/?p=996520"},"modified":"2026-04-16T14:18:56","modified_gmt":"2026-04-16T17:18:56","slug":"concurso-ima-al","status":"publish","type":"post","link":"https:\/\/www.estrategiaconcursos.com.br\/blog\/concurso-ima-al\/","title":{"rendered":"Concurso IMA AL: edital ter\u00e1 vagas para Analista Ambiental!"},"content":{"rendered":"\n<p>O primeiro <strong>concurso p\u00fablico do Instituto do Meio Ambiente de Alagoas (IMA AL)<\/strong> est\u00e1 mais que confirmado! Isso porque o governo anunciou o pacote de vagas dentro do maior certame da hist\u00f3ria do estado.<\/p>\n\n\n\n<p>De acordo com as informa\u00e7\u00f5es da coletiva de imprensa, ser\u00e3o <strong>24 vagas<\/strong> para o cargo de <strong>Analista Ambiental<\/strong>, sendo <strong>12 para provimento imediato<\/strong> e <strong>12 para cadastro de reserva<\/strong>. O cargo exige <strong>n\u00edvel superior<\/strong>.<\/p>\n\n\n\n<p>Al\u00e9m disso, a&nbsp;<strong>contrata\u00e7\u00e3o da banca organizadora<\/strong>&nbsp;j\u00e1 est\u00e1 em andamento. Enquanto as&nbsp;<strong>provas est\u00e3o previstas para ocorrer em 2026<\/strong>.<\/p>\n\n\n\n<p>Importante destacar que o concurso visa fortalecer a capacidade do Estado em promover desenvolvimento sustent\u00e1vel aliado \u00e0 responsabilidade socioambiental.<\/p>\n\n\n\n<p>Vale lembrar que o ex-governador de Alagoas, Renan Filho, j\u00e1 havia sancionado a Lei N\u00ba 8.625 que reestruturou a carreira dos cargos de Analista Ambiental, Assistente Ambiental e Auxiliar Ambiental para o <strong>concurso<\/strong>.<\/p>\n\n\n\n<ul class=\"wp-block-list has-very-light-gray-to-cyan-bluish-gray-gradient-background has-background\">\n<li><strong>IMA AL &#8211; Instituto do Meio Ambiente de Alagoas<\/strong><\/li>\n\n\n\n<li><strong>Status: <\/strong>anunciado<\/li>\n\n\n\n<li><strong>Banca:<\/strong> a definir<\/li>\n\n\n\n<li><strong>Vagas:<\/strong> 24<\/li>\n\n\n\n<li><strong>Sal\u00e1rio inicial: <\/strong>R$ 1.800,00 a R$ 9.324,01<\/li>\n<\/ul>\n\n\n\n<p>A fim de te deixar sempre bem informado, elaboramos este artigo com as principais informa\u00e7\u00f5es e novidades sobre o concurso IMA AL. Acompanhe os t\u00f3picos abaixo e n\u00e3o perca nenhum detalhe:<\/p>\n\n\n\n<ul id=\"indice\" class=\"wp-block-list\">\n<li><a href=\"#atual\"><strong>Atual situa\u00e7\u00e3o<\/strong><\/a>\n<ul class=\"wp-block-list\">\n<li><a href=\"#grupo\">Grupo de trabalho<\/a><\/li>\n<\/ul>\n<\/li>\n\n\n\n<li><a href=\"#reestruturacao\"><strong>Reestrutura\u00e7\u00e3o<\/strong><\/a>\n<ul class=\"wp-block-list\">\n<li><a href=\"#cargos\">Cargos e vagas<\/a><\/li>\n<\/ul>\n<\/li>\n\n\n\n<li><a href=\"#carreira\"><strong>Carreira<\/strong><\/a>\n<ul class=\"wp-block-list\">\n<li><a href=\"#remuneracao\">Remunera\u00e7\u00e3o<\/a><\/li>\n<\/ul>\n<\/li>\n\n\n\n<li><a href=\"#sobre\"><strong>Sobre<\/strong><\/a><\/li>\n\n\n\n<li><a href=\"#estudar\"><strong>Cursos e assinaturas<\/strong><\/a><\/li>\n\n\n\n<li><a href=\"#ficha\"><strong>Ficha t\u00e9cnica<\/strong><\/a><\/li>\n<\/ul>\n\n\n\n<div class=\"container\" id=\"boxes\">\n  <div class=\"row\">\n\n    <div class=\"col-sm\">\n      <div class=\"banner-estrat-corj\" id=\"box-assinatura\">\n        <h2 class=\"titulo-assinatura\" style=\"text-align: left;\">Cursos para Concursos<\/h2>\n        <p class=\"subtitulo-assinatura\" style=\"text-align: left;\">Conhe\u00e7a os cursos<\/p>\n        <div class=\"box-botao\" style=\"text-align: left;\">\n          <a class=\"btn-assinatura\" target=\"_blank\" href=\"https:\/\/www.estrategiaconcursos.com.br\/pesquisa\/?q=ima+al\/\" role=\"button\" rel=\"noopener noreferrer\">CLIQUE AQUI<\/a>\n        <\/div>\n      <\/div><\/div><\/div><\/div>\n\n\n\n<h2 class=\"wp-block-heading\" id=\"atual\">Concurso IMA AL: atual situa\u00e7\u00e3o<\/h2>\n\n\n\n<p>O novo governador do estado de Alagoas confirmou que ir\u00e1 realizar o concurso p\u00fablico do Instituto do Meio Ambiente &#8211; IMA. Ao todo, ser\u00e3o <strong>24 vagas para o cargo de Analista Ambienta (exig\u00eancia em n\u00edvel superior).<\/strong><\/p>\n\n\n\n<p>Deste total, 12 s\u00e3o para provimento imediato e as outras 12 para cadastro de reserva. Ainda, conforme informou o governo: <\/p>\n\n\n\n<p><em>&#8220;A forma\u00e7\u00e3o de um quadro t\u00e9cnico efetivo permitir\u00e1 ampliar as a\u00e7\u00f5es de fiscaliza\u00e7\u00e3o, licenciamento e monitoramento, fortalecendo a capacidade do estado de promover desenvolvimento com responsabilidade socioambiental&#8221;.<\/em><\/p>\n\n\n\n<figure class=\"wp-block-image aligncenter size-large\"><img loading=\"lazy\" decoding=\"async\" width=\"1024\" height=\"522\" src=\"https:\/\/dhg1h5j42swfq.cloudfront.net\/2025\/07\/22090230\/image-277-1024x522.png\" alt=\"Concurso IMA AL: atual situa\u00e7\u00e3o\" class=\"wp-image-1661990\" srcset=\"https:\/\/dhg1h5j42swfq.cloudfront.net\/2025\/07\/22090230\/image-277-1024x522.png 1024w, https:\/\/dhg1h5j42swfq.cloudfront.net\/2025\/07\/22090230\/image-277-300x153.png 300w, https:\/\/dhg1h5j42swfq.cloudfront.net\/2025\/07\/22090230\/image-277-768x391.png 768w, https:\/\/dhg1h5j42swfq.cloudfront.net\/2025\/07\/22090230\/image-277-150x76.png 150w, https:\/\/dhg1h5j42swfq.cloudfront.net\/2025\/07\/22090230\/image-277.png 1195w\" sizes=\"auto, (max-width: 1024px) 100vw, 1024px\" \/><\/figure>\n\n\n\n<h3 class=\"wp-block-heading\" id=\"grupo\">Grupo de trabalho<\/h3>\n\n\n\n<p>Ap\u00f3s o an\u00fancio de que seria formado um Grupo de Trabalho para estudar o concurso do Instituto do Meio Ambiente de Alagoas (IMA AL), <strong>os servidores foram agora oficialmente designados.<\/strong><\/p>\n\n\n\n<p>O objetivo do grupo \u00e9 analisar e estudar a <strong>possibilidade de abrir um processo administrativo para a realiza\u00e7\u00e3o do certame <\/strong>para preencher vagas no quadro do \u00f3rg\u00e3o. Confira logo abaixo:<\/p>\n\n\n\n<ul class=\"wp-block-list\">\n<li><a href=\"https:\/\/dhg1h5j42swfq.cloudfront.net\/2024\/06\/17074206\/ima-al.pdf\" target=\"_blank\" rel=\"noreferrer noopener nofollow\">Grupo de trabalho<\/a><\/li>\n<\/ul>\n\n\n\n<h2 class=\"wp-block-heading\" id=\"reestruturacao\">Concurso IMA AL: reestrutura\u00e7\u00e3o <\/h2>\n\n\n\n<p>A <a href=\"https:\/\/dhg1h5j42swfq.cloudfront.net\/2022\/03\/29084837\/255.pdf\" target=\"_blank\" rel=\"noreferrer noopener nofollow\">Lei N\u00ba 8.625<\/a> foi sancionada pelo ex-governador Renan Filho. O documento disp\u00f5e sobre a reestrutura\u00e7\u00e3o de algumas carreiras para o pr\u00f3ximo concurso do \u00f3rg\u00e3o.<\/p>\n\n\n\n<p>Segundo consta, a carga hor\u00e1ria de trabalho dos cargos integrantes ser\u00e1 a seguinte: <\/p>\n\n\n\n<ul class=\"wp-block-list\">\n<li><strong>I \u2013 <\/strong>para o cargo de Analista Ambiental com forma\u00e7\u00e3o em n\u00edvel superior: 20, 30 ou 40 horas semanais;<\/li>\n\n\n\n<li><strong>II \u2013 <\/strong>para o cargo de Assistente Ambiental com forma\u00e7\u00e3o em n\u00edvel m\u00e9dio e\/ou t\u00e9cnico: 30 ou 40 horas semanais; e<\/li>\n\n\n\n<li><strong>III \u2013 <\/strong>para o Quadro Suplementar com forma\u00e7\u00e3o em n\u00edvel elementar: 40 horas semanais.<\/li>\n<\/ul>\n\n\n\n<h3 class=\"wp-block-heading\" id=\"cargos\">C<span style=\"color: initial;\">argos e vagas<\/span> <\/h3>\n\n\n\n<ul class=\"wp-block-list\">\n<li><strong>Analista Ambiental &#8211; 75 vagas:<\/strong>\n<ul class=\"wp-block-list\">\n<li>Administra\u00e7\u00e3o;<\/li>\n\n\n\n<li>Arquitetura;<\/li>\n\n\n\n<li>Assist\u00eancia Social;<\/li>\n\n\n\n<li>Biblioteconomia;<\/li>\n\n\n\n<li>Biologia;<\/li>\n\n\n\n<li>Contabilidade;<\/li>\n\n\n\n<li>Economia;<\/li>\n\n\n\n<li>Engenharia Civil;<\/li>\n\n\n\n<li>Geografia;<\/li>\n\n\n\n<li>Geologia;<\/li>\n\n\n\n<li>Psicologia;<\/li>\n\n\n\n<li>Qu\u00edmica;<\/li>\n\n\n\n<li>Tecnologia da Informa\u00e7\u00e3o;<\/li>\n\n\n\n<li>Veterin\u00e1ria.<\/li>\n<\/ul>\n<\/li>\n<\/ul>\n\n\n\n<ul class=\"wp-block-list\">\n<li><strong>Assistente Ambiental &#8211; 47 vagas:<\/strong>\n<ul class=\"wp-block-list\">\n<li>Administra\u00e7\u00e3o;<\/li>\n\n\n\n<li>Contabilidade;<\/li>\n\n\n\n<li>Laborat\u00f3rio;<\/li>\n\n\n\n<li>Transportes. <\/li>\n<\/ul>\n<\/li>\n<\/ul>\n\n\n\n<h2 class=\"wp-block-heading\" id=\"carreira\">Carreira no IMA AL<\/h2>\n\n\n\n<h3 class=\"wp-block-heading\" id=\"remuneracao\">Remunera\u00e7\u00e3o<\/h3>\n\n\n\n<p>Os valores dos subs\u00eddios correspondem \u00e0 carga hor\u00e1ria de 40 horas semanais, que servem de base de c\u00e1lculo, proporcionalmente, para a retribui\u00e7\u00e3o pecuni\u00e1ria das demais jornadas de trabalho. <\/p>\n\n\n\n<figure class=\"wp-block-image aligncenter size-large is-resized\"><img loading=\"lazy\" decoding=\"async\" width=\"1024\" height=\"504\" src=\"https:\/\/dhg1h5j42swfq.cloudfront.net\/2022\/03\/29094223\/image-334-1024x504.png\" alt=\"remunera\u00e7\u00f5es concurso IMA AL\" class=\"wp-image-996574\" style=\"width:774px;height:381px\" srcset=\"https:\/\/dhg1h5j42swfq.cloudfront.net\/2022\/03\/29094223\/image-334-1024x504.png 1024w, https:\/\/dhg1h5j42swfq.cloudfront.net\/2022\/03\/29094223\/image-334-300x148.png 300w, https:\/\/dhg1h5j42swfq.cloudfront.net\/2022\/03\/29094223\/image-334-768x378.png 768w, https:\/\/dhg1h5j42swfq.cloudfront.net\/2022\/03\/29094223\/image-334-610x300.png 610w, https:\/\/dhg1h5j42swfq.cloudfront.net\/2022\/03\/29094223\/image-334.png 1058w\" sizes=\"auto, (max-width: 1024px) 100vw, 1024px\" \/><\/figure>\n\n\n\n<h2 class=\"wp-block-heading\" id=\"sobre\">Sobre o IMA AL<\/h2>\n\n\n\n<p>O IMA, ao longo do tempo, busca a observ\u00e2ncia da legisla\u00e7\u00e3o ambiental e a educa\u00e7\u00e3o e conscientiza\u00e7\u00e3o da comunidade quanto \u00e0 necessidade de zelar pelos recursos naturais e pela melhoria da qualidade de vida, estando inserido no SISNAMA \u2013 Sistema Nacional do Meio Ambiente, na condi\u00e7\u00e3o de \u00d3rg\u00e3o Seccional.<\/p>\n\n\n\n<p>Fazem parte ainda das compet\u00eancias do \u00f3rg\u00e3o: a busca da observ\u00e2ncia da legisla\u00e7\u00e3o ambiental e a conscientiza\u00e7\u00e3o da comunidade quanto \u00e0 necessidade de zelar pelos recursos naturais.<\/p>\n\n\n\n<hr class=\"wp-block-separator has-css-opacity\"\/>\n\n\n\n<p class=\"has-text-align-center has-x-large-font-size\" id=\"estudar\"><strong>Quer estudar para o Concurso IMA AL?<\/strong><\/p>\n\n\n\n<div class=\"container\" id=\"boxes\">\n  <div class=\"row\">\n\n    <div class=\"col-sm\">\n      <div class=\"banner-estrat-corj\" id=\"box-assinatura\">\n        <h2 class=\"titulo-assinatura\" style=\"text-align: left;\">Cursos para Concursos<\/h2>\n        <p class=\"subtitulo-assinatura\" style=\"text-align: left;\">Conhe\u00e7a os cursos<\/p>\n        <div class=\"box-botao\" style=\"text-align: left;\">\n          <a class=\"btn-assinatura\" target=\"_blank\" href=\"https:\/\/www.estrategiaconcursos.com.br\/pesquisa\/?q=ima+al\/\" role=\"button\" rel=\"noopener noreferrer\">CLIQUE AQUI<\/a>\n        <\/div>\n      <\/div><\/div><\/div><\/div>\n\n\n\n<div class=\"container\" id=\"boxes\">\n  <div class=\"row\">\n\n    <div class=\"col-sm\">\n      <div class=\"estrategia\" id=\"box-assinatura\">\n        <h3 class=\"titulo-assinatura\">Assinatura Concursos<\/h3>\n        <p class=\"subtitulo-assinatura\">Assinatura de 1 ano ou 2 anos<\/p>\n        <div class=\"box-botao\">\n          <a class=\"btn-assinatura\" target=\"_blank\" href=\"https:\/\/www.estrategiaconcursos.com.br\/assinaturas\/\" role=\"button\" rel=\"noopener noreferrer\">ASSINE AGORA<\/a>\n        <\/div>\n      <\/div><\/div><\/div><\/div>\n\n\n\n<p class=\"has-text-align-center has-x-large-font-size\" id=\"h-quer-saber-tudo-sobre-concursos-previstos-confira-os-nossos-artigos\"><strong>Quer saber tudo sobre concursos previstos? Confira os nossos artigos!<\/strong><\/p>\n\n\n\n<ul class=\"wp-block-list\">\n<li><a href=\"https:\/\/www.estrategiaconcursos.com.br\/blog\/concursos-abertos\/\" target=\"_blank\" rel=\"noreferrer noopener\">Concursos Abertos<\/a><\/li>\n\n\n\n<li><a href=\"https:\/\/www.estrategiaconcursos.com.br\/blog\/concursos-ambientais\/\" target=\"_blank\" rel=\"noreferrer noopener\">Concursos Ambientais<\/a><\/li>\n\n\n\n<li><a href=\"https:\/\/www.estrategiaconcursos.com.br\/blog\/concursos-2026\/\" target=\"_blank\" rel=\"noreferrer noopener\">Concursos 2026<\/a><\/li>\n<\/ul>\n\n\n\n<figure class=\"wp-block-image size-large is-resized\"><img loading=\"lazy\" decoding=\"async\" width=\"1024\" height=\"632\" src=\"https:\/\/dhg1h5j42swfq.cloudfront.net\/2025\/06\/27101122\/ficha-tecnica-1-1024x632.png\" alt=\"Informa\u00e7\u00f5es do concurso IMA AL\" class=\"wp-image-702728\" style=\"width:269px;height:166px\" srcset=\"https:\/\/dhg1h5j42swfq.cloudfront.net\/2025\/06\/27101122\/ficha-tecnica-1-1024x632.png 1024w, https:\/\/dhg1h5j42swfq.cloudfront.net\/2025\/06\/27101122\/ficha-tecnica-1-300x185.png 300w, https:\/\/dhg1h5j42swfq.cloudfront.net\/2025\/06\/27101122\/ficha-tecnica-1-768x474.png 768w, https:\/\/dhg1h5j42swfq.cloudfront.net\/2025\/06\/27101122\/ficha-tecnica-1-1536x948.png 1536w, https:\/\/dhg1h5j42swfq.cloudfront.net\/2025\/06\/27101122\/ficha-tecnica-1-610x377.png 610w, https:\/\/dhg1h5j42swfq.cloudfront.net\/2025\/06\/27101122\/ficha-tecnica-1.png 1571w\" sizes=\"auto, (max-width: 1024px) 100vw, 1024px\" \/><\/figure>\n\n\n\n<h3 class=\"wp-block-heading\" id=\"ficha\">Informa\u00e7\u00f5es do pr\u00f3ximo Concurso IMA AL<\/h3>\n\n\n\n<ul class=\"wp-block-list\">\n<li><strong style=\"color: initial;\">Data previst<\/strong><span style=\"color: initial;\"><strong>a<\/strong>: <\/span>2026<\/li>\n\n\n\n<li><strong>Vagas<\/strong>: 24<\/li>\n\n\n\n<li><strong>Cargos<\/strong>: Analista Ambiental<\/li>\n\n\n\n<li><strong>Banca<\/strong>: a definir<\/li>\n\n\n\n<li><strong>Escolaridade<\/strong>: n\u00edvel superior<\/li>\n<\/ul>\n","protected":false},"excerpt":{"rendered":"<p>O primeiro concurso p\u00fablico do Instituto do Meio Ambiente de Alagoas (IMA AL) est\u00e1 mais que confirmado! Isso porque o governo anunciou o pacote de vagas dentro do maior certame da hist\u00f3ria do estado. De acordo com as informa\u00e7\u00f5es da coletiva de imprensa, ser\u00e3o 24 vagas para o cargo de Analista Ambiental, sendo 12 para [&hellip;]<\/p>\n","protected":false},"author":1,"featured_media":997474,"comment_status":"open","ping_status":"closed","sticky":false,"template":"","format":"standard","meta":{"post_tipo":"news_page","footnotes":""},"categories":[214992],"tags":[],"tax_estado":[219965],"class_list":["post-996520","post","type-post","status-publish","format-standard","has-post-thumbnail","hentry","category-concursos-administrativos","tax_estado-al"],"acf":[],"yoast_head":"<!-- This site is optimized with the Yoast SEO Premium plugin v27.2 (Yoast SEO v27.2) - https:\/\/yoast.com\/product\/yoast-seo-premium-wordpress\/ -->\n<title>Concurso IMA AL: edital ter\u00e1 vagas para Analista Ambiental!<\/title>\n<meta name=\"description\" content=\"Concurso IMA AL: primeiro edital ter\u00e1 24 vagas para o cargo de Analista. Banca em breve e provas em 2026! Saiba aqui!\" \/>\n<meta name=\"robots\" content=\"index, follow, max-snippet:-1, max-image-preview:large, max-video-preview:-1\" \/>\n<link rel=\"canonical\" href=\"https:\/\/www.estrategiaconcursos.com.br\/blog\/concurso-ima-al\/\" \/>\n<meta property=\"og:locale\" content=\"pt_BR\" \/>\n<meta property=\"og:type\" content=\"article\" \/>\n<meta property=\"og:title\" content=\"Concurso IMA AL: edital ter\u00e1 vagas para Analista Ambiental!\" \/>\n<meta property=\"og:description\" content=\"Concurso IMA AL: primeiro edital ter\u00e1 24 vagas para o cargo de Analista. Banca em breve e provas em 2026! Saiba aqui!\" \/>\n<meta property=\"og:url\" content=\"https:\/\/www.estrategiaconcursos.com.br\/blog\/concurso-ima-al\/\" \/>\n<meta property=\"og:site_name\" content=\"Estrat\u00e9gia Concursos\" \/>\n<meta property=\"article:author\" content=\"https:\/\/www.facebook.com\/EstrategiaConcursos\" \/>\n<meta property=\"article:published_time\" content=\"2026-01-02T16:40:00+00:00\" \/>\n<meta property=\"article:modified_time\" content=\"2026-04-16T17:18:56+00:00\" \/>\n<meta property=\"og:image\" content=\"https:\/\/dhg1h5j42swfq.cloudfront.net\/2022\/03\/30101222\/ima_al.jpg\" \/>\n\t<meta property=\"og:image:width\" content=\"768\" \/>\n\t<meta property=\"og:image:height\" content=\"432\" \/>\n\t<meta property=\"og:image:type\" content=\"image\/jpeg\" \/>\n<meta name=\"author\" content=\"Coordena\u00e7\u00e3o\" \/>\n<meta name=\"twitter:card\" content=\"summary_large_image\" \/>\n<meta name=\"twitter:creator\" content=\"@EstratConcursos\" \/>\n<meta name=\"twitter:site\" content=\"@EstratConcursos\" \/>\n<meta name=\"twitter:label1\" content=\"Escrito por\" \/>\n\t<meta name=\"twitter:data1\" content=\"Coordena\u00e7\u00e3o\" \/>\n\t<meta name=\"twitter:label2\" content=\"Est. tempo de leitura\" \/>\n\t<meta name=\"twitter:data2\" content=\"3 minutos\" \/>\n<script type=\"application\/ld+json\" class=\"yoast-schema-graph\">{\"@context\":\"https:\/\/schema.org\",\"@graph\":[{\"@type\":\"NewsArticle\",\"@id\":\"https:\/\/www.estrategiaconcursos.com.br\/blog\/concurso-ima-al\/#article\",\"isPartOf\":{\"@id\":\"https:\/\/www.estrategiaconcursos.com.br\/blog\/concurso-ima-al\/\"},\"author\":{\"name\":\"Coordena\u00e7\u00e3o\",\"@id\":\"https:\/\/www.estrategiaconcursos.com.br\/blog\/#\/schema\/person\/b4a388c97673c5f483d72185668afa1f\"},\"headline\":\"Concurso IMA AL: edital ter\u00e1 vagas para Analista Ambiental!\",\"datePublished\":\"2026-01-02T16:40:00+00:00\",\"dateModified\":\"2026-04-16T17:18:56+00:00\",\"mainEntityOfPage\":{\"@id\":\"https:\/\/www.estrategiaconcursos.com.br\/blog\/concurso-ima-al\/\"},\"wordCount\":732,\"commentCount\":0,\"publisher\":{\"@id\":\"https:\/\/www.estrategiaconcursos.com.br\/blog\/#organization\"},\"image\":{\"@id\":\"https:\/\/www.estrategiaconcursos.com.br\/blog\/concurso-ima-al\/#primaryimage\"},\"thumbnailUrl\":\"https:\/\/dhg1h5j42swfq.cloudfront.net\/2022\/03\/30101222\/ima_al.jpg\",\"articleSection\":[\"Executivo (Administrativa)\"],\"inLanguage\":\"pt-BR\",\"potentialAction\":[{\"@type\":\"CommentAction\",\"name\":\"Comment\",\"target\":[\"https:\/\/www.estrategiaconcursos.com.br\/blog\/concurso-ima-al\/#respond\"]}],\"copyrightYear\":\"2026\",\"copyrightHolder\":{\"@id\":\"https:\/\/www.estrategiaconcursos.com.br\/blog\/#organization\"}},{\"@type\":\"WebPage\",\"@id\":\"https:\/\/www.estrategiaconcursos.com.br\/blog\/concurso-ima-al\/\",\"url\":\"https:\/\/www.estrategiaconcursos.com.br\/blog\/concurso-ima-al\/\",\"name\":\"Concurso IMA AL: edital ter\u00e1 vagas para Analista Ambiental!\",\"isPartOf\":{\"@id\":\"https:\/\/www.estrategiaconcursos.com.br\/blog\/#website\"},\"primaryImageOfPage\":{\"@id\":\"https:\/\/www.estrategiaconcursos.com.br\/blog\/concurso-ima-al\/#primaryimage\"},\"image\":{\"@id\":\"https:\/\/www.estrategiaconcursos.com.br\/blog\/concurso-ima-al\/#primaryimage\"},\"thumbnailUrl\":\"https:\/\/dhg1h5j42swfq.cloudfront.net\/2022\/03\/30101222\/ima_al.jpg\",\"datePublished\":\"2026-01-02T16:40:00+00:00\",\"dateModified\":\"2026-04-16T17:18:56+00:00\",\"description\":\"Concurso IMA AL: primeiro edital ter\u00e1 24 vagas para o cargo de Analista. Banca em breve e provas em 2026! Saiba aqui!\",\"breadcrumb\":{\"@id\":\"https:\/\/www.estrategiaconcursos.com.br\/blog\/concurso-ima-al\/#breadcrumb\"},\"inLanguage\":\"pt-BR\",\"potentialAction\":[{\"@type\":\"ReadAction\",\"target\":[\"https:\/\/www.estrategiaconcursos.com.br\/blog\/concurso-ima-al\/\"]}]},{\"@type\":\"ImageObject\",\"inLanguage\":\"pt-BR\",\"@id\":\"https:\/\/www.estrategiaconcursos.com.br\/blog\/concurso-ima-al\/#primaryimage\",\"url\":\"https:\/\/dhg1h5j42swfq.cloudfront.net\/2022\/03\/30101222\/ima_al.jpg\",\"contentUrl\":\"https:\/\/dhg1h5j42swfq.cloudfront.net\/2022\/03\/30101222\/ima_al.jpg\",\"width\":768,\"height\":432},{\"@type\":\"BreadcrumbList\",\"@id\":\"https:\/\/www.estrategiaconcursos.com.br\/blog\/concurso-ima-al\/#breadcrumb\",\"itemListElement\":[{\"@type\":\"ListItem\",\"position\":1,\"name\":\"In\u00edcio\",\"item\":\"https:\/\/www.estrategiaconcursos.com.br\/blog\/\"},{\"@type\":\"ListItem\",\"position\":2,\"name\":\"Concurso IMA AL: edital ter\u00e1 vagas para Analista Ambiental!\"}]},{\"@type\":\"WebSite\",\"@id\":\"https:\/\/www.estrategiaconcursos.com.br\/blog\/#website\",\"url\":\"https:\/\/www.estrategiaconcursos.com.br\/blog\/\",\"name\":\"Estrat\u00e9gia Concursos\",\"description\":\"O blog da Estrat\u00e9gia Concursos traz not\u00edcias sobre concursos e artigos de professores oferecendo cursos para concursos (pdf + videaulas) no site.\",\"publisher\":{\"@id\":\"https:\/\/www.estrategiaconcursos.com.br\/blog\/#organization\"},\"potentialAction\":[{\"@type\":\"SearchAction\",\"target\":{\"@type\":\"EntryPoint\",\"urlTemplate\":\"https:\/\/www.estrategiaconcursos.com.br\/blog\/?s={search_term_string}\"},\"query-input\":{\"@type\":\"PropertyValueSpecification\",\"valueRequired\":true,\"valueName\":\"search_term_string\"}}],\"inLanguage\":\"pt-BR\"},{\"@type\":\"Organization\",\"@id\":\"https:\/\/www.estrategiaconcursos.com.br\/blog\/#organization\",\"name\":\"Estrat\u00e9gia Concursos\",\"url\":\"https:\/\/www.estrategiaconcursos.com.br\/blog\/\",\"logo\":{\"@type\":\"ImageObject\",\"inLanguage\":\"pt-BR\",\"@id\":\"https:\/\/www.estrategiaconcursos.com.br\/blog\/#\/schema\/logo\/image\/\",\"url\":\"https:\/\/dhg1h5j42swfq.cloudfront.net\/2025\/06\/03203428\/logo_concursos-1.jpg\",\"contentUrl\":\"https:\/\/dhg1h5j42swfq.cloudfront.net\/2025\/06\/03203428\/logo_concursos-1.jpg\",\"width\":230,\"height\":60,\"caption\":\"Estrat\u00e9gia Concursos\"},\"image\":{\"@id\":\"https:\/\/www.estrategiaconcursos.com.br\/blog\/#\/schema\/logo\/image\/\"},\"sameAs\":[\"https:\/\/x.com\/EstratConcursos\"]},{\"@type\":\"Person\",\"@id\":\"https:\/\/www.estrategiaconcursos.com.br\/blog\/#\/schema\/person\/b4a388c97673c5f483d72185668afa1f\",\"name\":\"Coordena\u00e7\u00e3o\",\"image\":{\"@type\":\"ImageObject\",\"inLanguage\":\"pt-BR\",\"@id\":\"https:\/\/secure.gravatar.com\/avatar\/b720319e4c9a967eb58678d110f4fe35452fc5d5f97b202bac7b8acceb18c6ad?s=96&d=mm&r=g\",\"url\":\"https:\/\/secure.gravatar.com\/avatar\/b720319e4c9a967eb58678d110f4fe35452fc5d5f97b202bac7b8acceb18c6ad?s=96&d=mm&r=g\",\"contentUrl\":\"https:\/\/secure.gravatar.com\/avatar\/b720319e4c9a967eb58678d110f4fe35452fc5d5f97b202bac7b8acceb18c6ad?s=96&d=mm&r=g\",\"caption\":\"Coordena\u00e7\u00e3o\"},\"sameAs\":[\"https:\/\/www.facebook.com\/EstrategiaConcursos\",\"https:\/\/x.com\/EstratConcursos\"],\"url\":\"https:\/\/www.estrategiaconcursos.com.br\/blog\/author\/estrategia2013\/\"}]}<\/script>\n<!-- \/ Yoast SEO Premium plugin. -->","yoast_head_json":{"title":"Concurso IMA AL: edital ter\u00e1 vagas para Analista Ambiental!","description":"Concurso IMA AL: primeiro edital ter\u00e1 24 vagas para o cargo de Analista. Banca em breve e provas em 2026! Saiba aqui!","robots":{"index":"index","follow":"follow","max-snippet":"max-snippet:-1","max-image-preview":"max-image-preview:large","max-video-preview":"max-video-preview:-1"},"canonical":"https:\/\/www.estrategiaconcursos.com.br\/blog\/concurso-ima-al\/","og_locale":"pt_BR","og_type":"article","og_title":"Concurso IMA AL: edital ter\u00e1 vagas para Analista Ambiental!","og_description":"Concurso IMA AL: primeiro edital ter\u00e1 24 vagas para o cargo de Analista. Banca em breve e provas em 2026! Saiba aqui!","og_url":"https:\/\/www.estrategiaconcursos.com.br\/blog\/concurso-ima-al\/","og_site_name":"Estrat\u00e9gia Concursos","article_author":"https:\/\/www.facebook.com\/EstrategiaConcursos","article_published_time":"2026-01-02T16:40:00+00:00","article_modified_time":"2026-04-16T17:18:56+00:00","og_image":[{"width":768,"height":432,"url":"https:\/\/dhg1h5j42swfq.cloudfront.net\/2022\/03\/30101222\/ima_al.jpg","type":"image\/jpeg"}],"author":"Coordena\u00e7\u00e3o","twitter_card":"summary_large_image","twitter_creator":"@EstratConcursos","twitter_site":"@EstratConcursos","twitter_misc":{"Escrito por":"Coordena\u00e7\u00e3o","Est. tempo de leitura":"3 minutos"},"schema":{"@context":"https:\/\/schema.org","@graph":[{"@type":"NewsArticle","@id":"https:\/\/www.estrategiaconcursos.com.br\/blog\/concurso-ima-al\/#article","isPartOf":{"@id":"https:\/\/www.estrategiaconcursos.com.br\/blog\/concurso-ima-al\/"},"author":{"name":"Coordena\u00e7\u00e3o","@id":"https:\/\/www.estrategiaconcursos.com.br\/blog\/#\/schema\/person\/b4a388c97673c5f483d72185668afa1f"},"headline":"Concurso IMA AL: edital ter\u00e1 vagas para Analista Ambiental!","datePublished":"2026-01-02T16:40:00+00:00","dateModified":"2026-04-16T17:18:56+00:00","mainEntityOfPage":{"@id":"https:\/\/www.estrategiaconcursos.com.br\/blog\/concurso-ima-al\/"},"wordCount":732,"commentCount":0,"publisher":{"@id":"https:\/\/www.estrategiaconcursos.com.br\/blog\/#organization"},"image":{"@id":"https:\/\/www.estrategiaconcursos.com.br\/blog\/concurso-ima-al\/#primaryimage"},"thumbnailUrl":"https:\/\/dhg1h5j42swfq.cloudfront.net\/2022\/03\/30101222\/ima_al.jpg","articleSection":["Executivo (Administrativa)"],"inLanguage":"pt-BR","potentialAction":[{"@type":"CommentAction","name":"Comment","target":["https:\/\/www.estrategiaconcursos.com.br\/blog\/concurso-ima-al\/#respond"]}],"copyrightYear":"2026","copyrightHolder":{"@id":"https:\/\/www.estrategiaconcursos.com.br\/blog\/#organization"}},{"@type":"WebPage","@id":"https:\/\/www.estrategiaconcursos.com.br\/blog\/concurso-ima-al\/","url":"https:\/\/www.estrategiaconcursos.com.br\/blog\/concurso-ima-al\/","name":"Concurso IMA AL: edital ter\u00e1 vagas para Analista Ambiental!","isPartOf":{"@id":"https:\/\/www.estrategiaconcursos.com.br\/blog\/#website"},"primaryImageOfPage":{"@id":"https:\/\/www.estrategiaconcursos.com.br\/blog\/concurso-ima-al\/#primaryimage"},"image":{"@id":"https:\/\/www.estrategiaconcursos.com.br\/blog\/concurso-ima-al\/#primaryimage"},"thumbnailUrl":"https:\/\/dhg1h5j42swfq.cloudfront.net\/2022\/03\/30101222\/ima_al.jpg","datePublished":"2026-01-02T16:40:00+00:00","dateModified":"2026-04-16T17:18:56+00:00","description":"Concurso IMA AL: primeiro edital ter\u00e1 24 vagas para o cargo de Analista. Banca em breve e provas em 2026! Saiba aqui!","breadcrumb":{"@id":"https:\/\/www.estrategiaconcursos.com.br\/blog\/concurso-ima-al\/#breadcrumb"},"inLanguage":"pt-BR","potentialAction":[{"@type":"ReadAction","target":["https:\/\/www.estrategiaconcursos.com.br\/blog\/concurso-ima-al\/"]}]},{"@type":"ImageObject","inLanguage":"pt-BR","@id":"https:\/\/www.estrategiaconcursos.com.br\/blog\/concurso-ima-al\/#primaryimage","url":"https:\/\/dhg1h5j42swfq.cloudfront.net\/2022\/03\/30101222\/ima_al.jpg","contentUrl":"https:\/\/dhg1h5j42swfq.cloudfront.net\/2022\/03\/30101222\/ima_al.jpg","width":768,"height":432},{"@type":"BreadcrumbList","@id":"https:\/\/www.estrategiaconcursos.com.br\/blog\/concurso-ima-al\/#breadcrumb","itemListElement":[{"@type":"ListItem","position":1,"name":"In\u00edcio","item":"https:\/\/www.estrategiaconcursos.com.br\/blog\/"},{"@type":"ListItem","position":2,"name":"Concurso IMA AL: edital ter\u00e1 vagas para Analista Ambiental!"}]},{"@type":"WebSite","@id":"https:\/\/www.estrategiaconcursos.com.br\/blog\/#website","url":"https:\/\/www.estrategiaconcursos.com.br\/blog\/","name":"Estrat\u00e9gia Concursos","description":"O blog da Estrat\u00e9gia Concursos traz not\u00edcias sobre concursos e artigos de professores oferecendo cursos para concursos (pdf + videaulas) no site.","publisher":{"@id":"https:\/\/www.estrategiaconcursos.com.br\/blog\/#organization"},"potentialAction":[{"@type":"SearchAction","target":{"@type":"EntryPoint","urlTemplate":"https:\/\/www.estrategiaconcursos.com.br\/blog\/?s={search_term_string}"},"query-input":{"@type":"PropertyValueSpecification","valueRequired":true,"valueName":"search_term_string"}}],"inLanguage":"pt-BR"},{"@type":"Organization","@id":"https:\/\/www.estrategiaconcursos.com.br\/blog\/#organization","name":"Estrat\u00e9gia Concursos","url":"https:\/\/www.estrategiaconcursos.com.br\/blog\/","logo":{"@type":"ImageObject","inLanguage":"pt-BR","@id":"https:\/\/www.estrategiaconcursos.com.br\/blog\/#\/schema\/logo\/image\/","url":"https:\/\/dhg1h5j42swfq.cloudfront.net\/2025\/06\/03203428\/logo_concursos-1.jpg","contentUrl":"https:\/\/dhg1h5j42swfq.cloudfront.net\/2025\/06\/03203428\/logo_concursos-1.jpg","width":230,"height":60,"caption":"Estrat\u00e9gia Concursos"},"image":{"@id":"https:\/\/www.estrategiaconcursos.com.br\/blog\/#\/schema\/logo\/image\/"},"sameAs":["https:\/\/x.com\/EstratConcursos"]},{"@type":"Person","@id":"https:\/\/www.estrategiaconcursos.com.br\/blog\/#\/schema\/person\/b4a388c97673c5f483d72185668afa1f","name":"Coordena\u00e7\u00e3o","image":{"@type":"ImageObject","inLanguage":"pt-BR","@id":"https:\/\/secure.gravatar.com\/avatar\/b720319e4c9a967eb58678d110f4fe35452fc5d5f97b202bac7b8acceb18c6ad?s=96&d=mm&r=g","url":"https:\/\/secure.gravatar.com\/avatar\/b720319e4c9a967eb58678d110f4fe35452fc5d5f97b202bac7b8acceb18c6ad?s=96&d=mm&r=g","contentUrl":"https:\/\/secure.gravatar.com\/avatar\/b720319e4c9a967eb58678d110f4fe35452fc5d5f97b202bac7b8acceb18c6ad?s=96&d=mm&r=g","caption":"Coordena\u00e7\u00e3o"},"sameAs":["https:\/\/www.facebook.com\/EstrategiaConcursos","https:\/\/x.com\/EstratConcursos"],"url":"https:\/\/www.estrategiaconcursos.com.br\/blog\/author\/estrategia2013\/"}]}},"_links":{"self":[{"href":"https:\/\/www.estrategiaconcursos.com.br\/blog\/wp-json\/wp\/v2\/posts\/996520","targetHints":{"allow":["GET"]}}],"collection":[{"href":"https:\/\/www.estrategiaconcursos.com.br\/blog\/wp-json\/wp\/v2\/posts"}],"about":[{"href":"https:\/\/www.estrategiaconcursos.com.br\/blog\/wp-json\/wp\/v2\/types\/post"}],"author":[{"embeddable":true,"href":"https:\/\/www.estrategiaconcursos.com.br\/blog\/wp-json\/wp\/v2\/users\/1"}],"replies":[{"embeddable":true,"href":"https:\/\/www.estrategiaconcursos.com.br\/blog\/wp-json\/wp\/v2\/comments?post=996520"}],"version-history":[{"count":24,"href":"https:\/\/www.estrategiaconcursos.com.br\/blog\/wp-json\/wp\/v2\/posts\/996520\/revisions"}],"predecessor-version":[{"id":1754639,"href":"https:\/\/www.estrategiaconcursos.com.br\/blog\/wp-json\/wp\/v2\/posts\/996520\/revisions\/1754639"}],"wp:featuredmedia":[{"embeddable":true,"href":"https:\/\/www.estrategiaconcursos.com.br\/blog\/wp-json\/wp\/v2\/media\/997474"}],"wp:attachment":[{"href":"https:\/\/www.estrategiaconcursos.com.br\/blog\/wp-json\/wp\/v2\/media?parent=996520"}],"wp:term":[{"taxonomy":"category","embeddable":true,"href":"https:\/\/www.estrategiaconcursos.com.br\/blog\/wp-json\/wp\/v2\/categories?post=996520"},{"taxonomy":"post_tag","embeddable":true,"href":"https:\/\/www.estrategiaconcursos.com.br\/blog\/wp-json\/wp\/v2\/tags?post=996520"},{"taxonomy":"tax_estado","embeddable":true,"href":"https:\/\/www.estrategiaconcursos.com.br\/blog\/wp-json\/wp\/v2\/tax_estado?post=996520"}],"curies":[{"name":"wp","href":"https:\/\/api.w.org\/{rel}","templated":true}]}}