{"id":996444,"date":"2022-03-29T09:04:34","date_gmt":"2022-03-29T12:04:34","guid":{"rendered":"https:\/\/www.estrategiaconcursos.com.br\/blog\/?p=996444"},"modified":"2022-03-29T15:45:59","modified_gmt":"2022-03-29T18:45:59","slug":"concurso-anm-locais-de-provas","status":"publish","type":"post","link":"https:\/\/www.estrategiaconcursos.com.br\/blog\/concurso-anm-locais-de-provas\/","title":{"rendered":"Concurso ANM: locais de provas a partir do dia 04\/04!"},"content":{"rendered":"\n<p>Os locais de provas do concurso Ag\u00eancia Nacional de Minera\u00e7\u00e3o (ANM) estar\u00e3o dispon\u00edveis a partir do dia 04 de abril, atrav\u00e9s do site da banca organizadora, o Cebraspe.<\/p>\n\n\n\n<p>Vale lembrar que o candidato somente poder\u00e1 realizar as provas no local designado na consulta individual.<\/p>\n\n\n\n<p>As avalia\u00e7\u00f5es objetivas e discursiva ter\u00e3o a dura\u00e7\u00e3o de 5 horas e ser\u00e3o aplicadas no dia 10 de abril, \u00e0s 13 horas (hor\u00e1rio oficial de Bras\u00edlia\/DF).<\/p>\n\n\n\n<div class=\"wp-block-image\"><figure class=\"aligncenter size-large\"><img loading=\"lazy\" decoding=\"async\" width=\"1024\" height=\"546\" src=\"https:\/\/dhg1h5j42swfq.cloudfront.net\/2022\/03\/29085636\/9b885ff547a0c3e3e474906df19910a4-1-1024x546.jpg\" alt=\"Concurso ANM provas\" class=\"wp-image-996517\" srcset=\"https:\/\/dhg1h5j42swfq.cloudfront.net\/2022\/03\/29085636\/9b885ff547a0c3e3e474906df19910a4-1-1024x546.jpg 1024w, https:\/\/dhg1h5j42swfq.cloudfront.net\/2022\/03\/29085636\/9b885ff547a0c3e3e474906df19910a4-1-300x160.jpg 300w, https:\/\/dhg1h5j42swfq.cloudfront.net\/2022\/03\/29085636\/9b885ff547a0c3e3e474906df19910a4-1-768x409.jpg 768w, https:\/\/dhg1h5j42swfq.cloudfront.net\/2022\/03\/29085636\/9b885ff547a0c3e3e474906df19910a4-1-1536x819.jpg 1536w, https:\/\/dhg1h5j42swfq.cloudfront.net\/2022\/03\/29085636\/9b885ff547a0c3e3e474906df19910a4-1-2048x1092.jpg 2048w, https:\/\/dhg1h5j42swfq.cloudfront.net\/2022\/03\/29085636\/9b885ff547a0c3e3e474906df19910a4-1-610x325.jpg 610w\" sizes=\"auto, (max-width: 1024px) 100vw, 1024px\" \/><\/figure><\/div>\n\n\n\n<p>Por ocasi\u00e3o da realiza\u00e7\u00e3o das provas do concurso ANM, e tendo em vista as medidas de prote\u00e7\u00e3o \u00e0 transmiss\u00e3o do coronav\u00edrus adotadas pelo <a href=\"https:\/\/www.cebraspe.org.br\/concursos\/anm_21\" target=\"_blank\" rel=\"noreferrer noopener\">Cebraspe<\/a>, o candidato dever\u00e1:<\/p>\n\n\n\n<ul class=\"wp-block-list\"><li>a) comparecer ao local de aplica\u00e7\u00e3o usando m\u00e1scara e portando m\u00e1scaras reservas, se necess\u00e1rio, de modo a possibilitar a troca de sua m\u00e1scara a cada duas horas, podendo ser flexibilizado o uso da m\u00e1scara apenas nos locais onde houver determina\u00e7\u00e3o legal;<\/li><li>b) armazenar as m\u00e1scaras usadas em saco pl\u00e1stico transparente, que dever\u00e1 ser trazido pelo candidato;<\/li><li>c) permanecer de m\u00e1scara durante todo o tempo em que estiver nas depend\u00eancias dos locais de aplica\u00e7\u00e3o de provas, podendo ser flexibilizado o uso da m\u00e1scara apenas nos locais onde houver determina\u00e7\u00e3o legal;<\/li><li>d) submeter-se \u00e0 verifica\u00e7\u00e3o da temperatura corporal para acesso ao local de aplica\u00e7\u00e3o;<\/li><li>e) observar o distanciamento adequado, conforme demarca\u00e7\u00e3o do piso com fita adesiva em frente ao port\u00e3o de acesso ao local de aplica\u00e7\u00e3o, na entrada das salas de provas e dos banheiros;<\/li><li>f) observar o distanciamento m\u00ednimo exigido na legisla\u00e7\u00e3o aplic\u00e1vel entre os candidatos e entre membros da equipe de aplica\u00e7\u00e3o nas salas de aplica\u00e7\u00e3o das provas;<\/li><li>g) verificar o seu hor\u00e1rio de acesso ao local de provas, conforme informado na consulta individual, em link espec\u00edfico, em que ser\u00e3o disponibilizadas as informa\u00e7\u00f5es relativas a seu grupo e a seu hor\u00e1rio de entrada;<\/li><li>h) submeter-se \u00e0 pr\u00e9-identifica\u00e7\u00e3o realizada pela equipe de campo na chegada dos candidatos ao local de aplica\u00e7\u00e3o, sem contato f\u00edsico e sem o manuseio de documentos ou de qualquer outro objeto dos candidatos, podendo ser solicitado que o candidato abaixe a sua m\u00e1scara, de modo a permitir a visualiza\u00e7\u00e3o do seu rosto;<\/li><li>i) permanecer de m\u00e1scara ao se retirar de sala para uso dos banheiros e observar os procedimentos de higieniza\u00e7\u00e3o das m\u00e3os nesses ambientes, podendo ser flexibilizado o uso da m\u00e1scara apenas nos locais onde houver determina\u00e7\u00e3o legal;<\/li><li>j) manter os cabelos arrumados de forma que n\u00e3o caiam sobre sua face enquanto estiver dentro dos locais de aplica\u00e7\u00e3o;<\/li><li>k) submeter-se ao controle de sa\u00edda dos candidatos ao t\u00e9rmino das provas para evitar aglomera\u00e7\u00e3o.<\/li><\/ul>\n\n\n\n<p>O certame oferta&nbsp;40 vagas&nbsp;para o cargo de Especialista em Recursos Minerais, com&nbsp;<a href=\"https:\/\/www.estrategiaconcursos.com.br\/blog\/concurso-anm\/#salario\">remunera\u00e7\u00e3o<\/a>&nbsp;inicial de&nbsp;R$ 9.909,30.<\/p>\n\n\n\n<p>Ficou interessado nas informa\u00e7\u00f5es dispon\u00edveis at\u00e9 aqui? Quer saber mais detalhes acerca das provas do concurso ANM, bem como das demais disposi\u00e7\u00f5es do edital? Ent\u00e3o acesse o link abaixo:<\/p>\n\n\n\n<p class=\"has-text-align-center has-background\" style=\"background-color:#e9f3fb;font-size:clamp(14.642px, 0.915rem + ((1vw - 3.2px) * 0.721), 22px);\"><strong>Saiba mais: <a href=\"https:\/\/www.estrategiaconcursos.com.br\/blog\/concurso-anm\/\" target=\"_blank\" rel=\"noreferrer noopener\">Concurso ANM<\/a><\/strong><\/p>\n\n\n\n<h2 class=\"has-text-align-center wp-block-heading\" id=\"cursos-assinatura\"><em>Quer estudar para as provas do concurso ANM?<\/em><\/h2>\n\n\n\n<div class=\"container\" id=\"boxes\">\n  <div class=\"row\">\n\n    <div class=\"col-sm\">\n      <div class=\"banner-adm\" id=\"box-assinatura\">\n        <h3 class=\"titulo-assinatura\">Cursos ANM<\/h3>\n        <p class=\"subtitulo-assinatura\">Conhe\u00e7a os cursos<\/p>\n        <div class=\"box-botao\">\n          <a class=\"btn-assinatura\" target=\"_blank\" href=\"https:\/\/www.estrategiaconcursos.com.br\/cursosPorConcurso\/agencia-nacional-de-mineracao-anm\/\" role=\"button\" rel=\"noopener noreferrer\">Conhe\u00e7a mais<\/a>\n        <\/div>\n      <\/div>\n   \n    <\/div>\n\n  <\/div>\n<\/div>\n\n\n\n<div class=\"container\" id=\"boxes\">\n  <div class=\"row\">\n\n    <div class=\"col-sm\">\n      <div class=\"estrategia\" id=\"box-assinatura\">\n        <h3 class=\"titulo-assinatura\">Assinatura Concursos<\/h3>\n        <p class=\"subtitulo-assinatura\">Assinatura de 1 ano ou 2 anos<\/p>\n        <div class=\"box-botao\">\n          <a class=\"btn-assinatura\" target=\"_blank\" href=\"https:\/\/www.estrategiaconcursos.com.br\/assinaturas\/\" role=\"button\" rel=\"noopener noreferrer\">ASSINE AGORA<\/a>\n        <\/div>\n      <\/div><\/div><\/div><\/div>\n\n\n\n<h2 class=\"has-text-align-center wp-block-heading\" id=\"quer-saber-tudo-sobre-concursos-previstos-confira-nossos-artigos\">Quer saber tudo sobre concursos previstos?<br \/>Confira nossos artigos!<\/h2>\n\n\n\n<ul class=\"wp-block-list\"><li><a target=\"_blank\" href=\"https:\/\/www.estrategiaconcursos.com.br\/blog\/concursos-abertos\/\" rel=\"noreferrer noopener\">Concursos abertos<\/a><\/li><li><a target=\"_blank\" href=\"https:\/\/www.estrategiaconcursos.com.br\/blog\/concursos-2022\/\" rel=\"noreferrer noopener\">Concursos 2022<\/a><\/li><\/ul>\n","protected":false},"excerpt":{"rendered":"<p>Os locais de provas do concurso Ag\u00eancia Nacional de Minera\u00e7\u00e3o (ANM) estar\u00e3o dispon\u00edveis a partir do dia 04 de abril, atrav\u00e9s do site da banca organizadora, o Cebraspe. Vale lembrar que o candidato somente poder\u00e1 realizar as provas no local designado na consulta individual. As avalia\u00e7\u00f5es objetivas e discursiva ter\u00e3o a dura\u00e7\u00e3o de 5 horas [&hellip;]<\/p>\n","protected":false},"author":656,"featured_media":735964,"comment_status":"open","ping_status":"closed","sticky":false,"template":"","format":"standard","meta":{"post_tipo":"news","footnotes":""},"categories":[214992,220219],"tags":[],"tax_estado":[219963],"class_list":["post-996444","post","type-post","status-publish","format-standard","has-post-thumbnail","hentry","category-concursos-administrativos","category-noticias","tax_estado-concursos-federais"],"acf":[],"yoast_head":"<!-- This site is optimized with the Yoast SEO Premium plugin v27.2 (Yoast SEO v27.2) - https:\/\/yoast.com\/product\/yoast-seo-premium-wordpress\/ -->\n<title>Concurso ANM: locais de provas a partir do dia 04\/04!<\/title>\n<meta name=\"description\" content=\"Concurso ANM: locais de provas estar\u00e3o dispon\u00edveis a partir do dia 04 de abril, atrav\u00e9s do site da banca organizadora, Cebraspe.\" \/>\n<meta name=\"robots\" content=\"index, follow, max-snippet:-1, max-image-preview:large, max-video-preview:-1\" \/>\n<link rel=\"canonical\" href=\"https:\/\/www.estrategiaconcursos.com.br\/blog\/concurso-anm-locais-de-provas\/\" \/>\n<meta property=\"og:locale\" content=\"pt_BR\" \/>\n<meta property=\"og:type\" content=\"article\" \/>\n<meta property=\"og:title\" content=\"Concurso ANM: locais de provas a partir do dia 04\/04!\" \/>\n<meta property=\"og:description\" content=\"Concurso ANM: locais de provas estar\u00e3o dispon\u00edveis a partir do dia 04 de abril, atrav\u00e9s do site da banca organizadora, Cebraspe.\" \/>\n<meta property=\"og:url\" content=\"https:\/\/www.estrategiaconcursos.com.br\/blog\/concurso-anm-locais-de-provas\/\" \/>\n<meta property=\"og:site_name\" content=\"Estrat\u00e9gia Concursos\" \/>\n<meta property=\"article:published_time\" content=\"2022-03-29T12:04:34+00:00\" \/>\n<meta property=\"article:modified_time\" content=\"2022-03-29T18:45:59+00:00\" \/>\n<meta property=\"og:image\" content=\"https:\/\/dhg1h5j42swfq.cloudfront.net\/2021\/05\/10114816\/anm.jpg\" \/>\n\t<meta property=\"og:image:width\" content=\"768\" \/>\n\t<meta property=\"og:image:height\" content=\"432\" \/>\n\t<meta property=\"og:image:type\" content=\"image\/jpeg\" \/>\n<meta name=\"author\" content=\"F\u00e1bio Scaldelai\" \/>\n<meta name=\"twitter:card\" content=\"summary_large_image\" \/>\n<meta name=\"twitter:creator\" content=\"@EstratConcursos\" \/>\n<meta name=\"twitter:site\" content=\"@EstratConcursos\" \/>\n<meta name=\"twitter:label1\" content=\"Escrito por\" \/>\n\t<meta name=\"twitter:data1\" content=\"F\u00e1bio Scaldelai\" \/>\n\t<meta name=\"twitter:label2\" content=\"Est. tempo de leitura\" \/>\n\t<meta name=\"twitter:data2\" content=\"3 minutos\" \/>\n<script type=\"application\/ld+json\" class=\"yoast-schema-graph\">{\"@context\":\"https:\/\/schema.org\",\"@graph\":[{\"@type\":\"NewsArticle\",\"@id\":\"https:\/\/www.estrategiaconcursos.com.br\/blog\/concurso-anm-locais-de-provas\/#article\",\"isPartOf\":{\"@id\":\"https:\/\/www.estrategiaconcursos.com.br\/blog\/concurso-anm-locais-de-provas\/\"},\"author\":{\"name\":\"F\u00e1bio Scaldelai\",\"@id\":\"https:\/\/www.estrategiaconcursos.com.br\/blog\/#\/schema\/person\/e3b6b7ce0192dd4ad270655969d61750\"},\"headline\":\"Concurso ANM: locais de provas a partir do dia 04\/04!\",\"datePublished\":\"2022-03-29T12:04:34+00:00\",\"dateModified\":\"2022-03-29T18:45:59+00:00\",\"mainEntityOfPage\":{\"@id\":\"https:\/\/www.estrategiaconcursos.com.br\/blog\/concurso-anm-locais-de-provas\/\"},\"wordCount\":576,\"commentCount\":0,\"publisher\":{\"@id\":\"https:\/\/www.estrategiaconcursos.com.br\/blog\/#organization\"},\"image\":{\"@id\":\"https:\/\/www.estrategiaconcursos.com.br\/blog\/concurso-anm-locais-de-provas\/#primaryimage\"},\"thumbnailUrl\":\"https:\/\/dhg1h5j42swfq.cloudfront.net\/2021\/05\/10114816\/anm.jpg\",\"articleSection\":[\"Executivo (Administrativa)\",\"\u00daltimas not\u00edcias\"],\"inLanguage\":\"pt-BR\",\"potentialAction\":[{\"@type\":\"CommentAction\",\"name\":\"Comment\",\"target\":[\"https:\/\/www.estrategiaconcursos.com.br\/blog\/concurso-anm-locais-de-provas\/#respond\"]}],\"copyrightYear\":\"2022\",\"copyrightHolder\":{\"@id\":\"https:\/\/www.estrategiaconcursos.com.br\/blog\/#organization\"}},{\"@type\":\"WebPage\",\"@id\":\"https:\/\/www.estrategiaconcursos.com.br\/blog\/concurso-anm-locais-de-provas\/\",\"url\":\"https:\/\/www.estrategiaconcursos.com.br\/blog\/concurso-anm-locais-de-provas\/\",\"name\":\"Concurso ANM: locais de provas a partir do dia 04\/04!\",\"isPartOf\":{\"@id\":\"https:\/\/www.estrategiaconcursos.com.br\/blog\/#website\"},\"primaryImageOfPage\":{\"@id\":\"https:\/\/www.estrategiaconcursos.com.br\/blog\/concurso-anm-locais-de-provas\/#primaryimage\"},\"image\":{\"@id\":\"https:\/\/www.estrategiaconcursos.com.br\/blog\/concurso-anm-locais-de-provas\/#primaryimage\"},\"thumbnailUrl\":\"https:\/\/dhg1h5j42swfq.cloudfront.net\/2021\/05\/10114816\/anm.jpg\",\"datePublished\":\"2022-03-29T12:04:34+00:00\",\"dateModified\":\"2022-03-29T18:45:59+00:00\",\"description\":\"Concurso ANM: locais de provas estar\u00e3o dispon\u00edveis a partir do dia 04 de abril, atrav\u00e9s do site da banca organizadora, Cebraspe.\",\"breadcrumb\":{\"@id\":\"https:\/\/www.estrategiaconcursos.com.br\/blog\/concurso-anm-locais-de-provas\/#breadcrumb\"},\"inLanguage\":\"pt-BR\",\"potentialAction\":[{\"@type\":\"ReadAction\",\"target\":[\"https:\/\/www.estrategiaconcursos.com.br\/blog\/concurso-anm-locais-de-provas\/\"]}]},{\"@type\":\"ImageObject\",\"inLanguage\":\"pt-BR\",\"@id\":\"https:\/\/www.estrategiaconcursos.com.br\/blog\/concurso-anm-locais-de-provas\/#primaryimage\",\"url\":\"https:\/\/dhg1h5j42swfq.cloudfront.net\/2021\/05\/10114816\/anm.jpg\",\"contentUrl\":\"https:\/\/dhg1h5j42swfq.cloudfront.net\/2021\/05\/10114816\/anm.jpg\",\"width\":768,\"height\":432,\"caption\":\"Concurso ANM: como ser\u00e1 a prova objetiva no CNU 2025?\"},{\"@type\":\"BreadcrumbList\",\"@id\":\"https:\/\/www.estrategiaconcursos.com.br\/blog\/concurso-anm-locais-de-provas\/#breadcrumb\",\"itemListElement\":[{\"@type\":\"ListItem\",\"position\":1,\"name\":\"In\u00edcio\",\"item\":\"https:\/\/www.estrategiaconcursos.com.br\/blog\/\"},{\"@type\":\"ListItem\",\"position\":2,\"name\":\"Concurso ANM: locais de provas a partir do dia 04\/04!\"}]},{\"@type\":\"WebSite\",\"@id\":\"https:\/\/www.estrategiaconcursos.com.br\/blog\/#website\",\"url\":\"https:\/\/www.estrategiaconcursos.com.br\/blog\/\",\"name\":\"Estrat\u00e9gia Concursos\",\"description\":\"O blog da Estrat\u00e9gia Concursos traz not\u00edcias sobre concursos e artigos de professores oferecendo cursos para concursos (pdf + videaulas) no site.\",\"publisher\":{\"@id\":\"https:\/\/www.estrategiaconcursos.com.br\/blog\/#organization\"},\"potentialAction\":[{\"@type\":\"SearchAction\",\"target\":{\"@type\":\"EntryPoint\",\"urlTemplate\":\"https:\/\/www.estrategiaconcursos.com.br\/blog\/?s={search_term_string}\"},\"query-input\":{\"@type\":\"PropertyValueSpecification\",\"valueRequired\":true,\"valueName\":\"search_term_string\"}}],\"inLanguage\":\"pt-BR\"},{\"@type\":\"Organization\",\"@id\":\"https:\/\/www.estrategiaconcursos.com.br\/blog\/#organization\",\"name\":\"Estrat\u00e9gia Concursos\",\"url\":\"https:\/\/www.estrategiaconcursos.com.br\/blog\/\",\"logo\":{\"@type\":\"ImageObject\",\"inLanguage\":\"pt-BR\",\"@id\":\"https:\/\/www.estrategiaconcursos.com.br\/blog\/#\/schema\/logo\/image\/\",\"url\":\"https:\/\/dhg1h5j42swfq.cloudfront.net\/2025\/06\/03203428\/logo_concursos-1.jpg\",\"contentUrl\":\"https:\/\/dhg1h5j42swfq.cloudfront.net\/2025\/06\/03203428\/logo_concursos-1.jpg\",\"width\":230,\"height\":60,\"caption\":\"Estrat\u00e9gia Concursos\"},\"image\":{\"@id\":\"https:\/\/www.estrategiaconcursos.com.br\/blog\/#\/schema\/logo\/image\/\"},\"sameAs\":[\"https:\/\/x.com\/EstratConcursos\"]},{\"@type\":\"Person\",\"@id\":\"https:\/\/www.estrategiaconcursos.com.br\/blog\/#\/schema\/person\/e3b6b7ce0192dd4ad270655969d61750\",\"name\":\"F\u00e1bio Scaldelai\",\"image\":{\"@type\":\"ImageObject\",\"inLanguage\":\"pt-BR\",\"@id\":\"https:\/\/secure.gravatar.com\/avatar\/8ed7492c4d88d8495bc0cb24cda6847b8ae23eec459a919e08e77d0ca0fd79ec?s=96&d=mm&r=g\",\"url\":\"https:\/\/secure.gravatar.com\/avatar\/8ed7492c4d88d8495bc0cb24cda6847b8ae23eec459a919e08e77d0ca0fd79ec?s=96&d=mm&r=g\",\"contentUrl\":\"https:\/\/secure.gravatar.com\/avatar\/8ed7492c4d88d8495bc0cb24cda6847b8ae23eec459a919e08e77d0ca0fd79ec?s=96&d=mm&r=g\",\"caption\":\"F\u00e1bio Scaldelai\"},\"description\":\"Jornalista no Estrat\u00e9gia Concursos e Produtor de Televis\u00e3o, formado em Jornalismo, R\u00e1dio e TV pela Faculdade Integrada Rio Branco, com especializa\u00e7\u00f5es em Gest\u00e3o Empresarial e Marketing pelo M\u00f3dulo. Atuou como produtor no SBT, TV Bandeirantes e R\u00e1dio Band FM, al\u00e9m de acumular tr\u00eas anos de experi\u00eancia no setor de concursos p\u00fablicos pela LFG (Luiz Fl\u00e1vio Gomes). No Estrat\u00e9gia Concursos, atua na apura\u00e7\u00e3o de not\u00edcias da \u00e1rea fiscal, al\u00e9m de coberturas sobre concursos das \u00e1reas de controle (TCU, TCE, etc), concurso AFT, \u00e1rea de gest\u00e3o e administrativa, bem como dos \u00f3rg\u00e3os participantes do CNU. Tamb\u00e9m possui experi\u00eancia em link building e an\u00e1lise de m\u00eddia, adquirida durante sua atua\u00e7\u00e3o na ag\u00eancia SEO Marketing.\",\"url\":\"https:\/\/www.estrategiaconcursos.com.br\/blog\/author\/fabio-scaldelaiestrategiaconcursos-com-br\/\"}]}<\/script>\n<!-- \/ Yoast SEO Premium plugin. -->","yoast_head_json":{"title":"Concurso ANM: locais de provas a partir do dia 04\/04!","description":"Concurso ANM: locais de provas estar\u00e3o dispon\u00edveis a partir do dia 04 de abril, atrav\u00e9s do site da banca organizadora, Cebraspe.","robots":{"index":"index","follow":"follow","max-snippet":"max-snippet:-1","max-image-preview":"max-image-preview:large","max-video-preview":"max-video-preview:-1"},"canonical":"https:\/\/www.estrategiaconcursos.com.br\/blog\/concurso-anm-locais-de-provas\/","og_locale":"pt_BR","og_type":"article","og_title":"Concurso ANM: locais de provas a partir do dia 04\/04!","og_description":"Concurso ANM: locais de provas estar\u00e3o dispon\u00edveis a partir do dia 04 de abril, atrav\u00e9s do site da banca organizadora, Cebraspe.","og_url":"https:\/\/www.estrategiaconcursos.com.br\/blog\/concurso-anm-locais-de-provas\/","og_site_name":"Estrat\u00e9gia Concursos","article_published_time":"2022-03-29T12:04:34+00:00","article_modified_time":"2022-03-29T18:45:59+00:00","og_image":[{"width":768,"height":432,"url":"https:\/\/dhg1h5j42swfq.cloudfront.net\/2021\/05\/10114816\/anm.jpg","type":"image\/jpeg"}],"author":"F\u00e1bio Scaldelai","twitter_card":"summary_large_image","twitter_creator":"@EstratConcursos","twitter_site":"@EstratConcursos","twitter_misc":{"Escrito por":"F\u00e1bio Scaldelai","Est. tempo de leitura":"3 minutos"},"schema":{"@context":"https:\/\/schema.org","@graph":[{"@type":"NewsArticle","@id":"https:\/\/www.estrategiaconcursos.com.br\/blog\/concurso-anm-locais-de-provas\/#article","isPartOf":{"@id":"https:\/\/www.estrategiaconcursos.com.br\/blog\/concurso-anm-locais-de-provas\/"},"author":{"name":"F\u00e1bio Scaldelai","@id":"https:\/\/www.estrategiaconcursos.com.br\/blog\/#\/schema\/person\/e3b6b7ce0192dd4ad270655969d61750"},"headline":"Concurso ANM: locais de provas a partir do dia 04\/04!","datePublished":"2022-03-29T12:04:34+00:00","dateModified":"2022-03-29T18:45:59+00:00","mainEntityOfPage":{"@id":"https:\/\/www.estrategiaconcursos.com.br\/blog\/concurso-anm-locais-de-provas\/"},"wordCount":576,"commentCount":0,"publisher":{"@id":"https:\/\/www.estrategiaconcursos.com.br\/blog\/#organization"},"image":{"@id":"https:\/\/www.estrategiaconcursos.com.br\/blog\/concurso-anm-locais-de-provas\/#primaryimage"},"thumbnailUrl":"https:\/\/dhg1h5j42swfq.cloudfront.net\/2021\/05\/10114816\/anm.jpg","articleSection":["Executivo (Administrativa)","\u00daltimas not\u00edcias"],"inLanguage":"pt-BR","potentialAction":[{"@type":"CommentAction","name":"Comment","target":["https:\/\/www.estrategiaconcursos.com.br\/blog\/concurso-anm-locais-de-provas\/#respond"]}],"copyrightYear":"2022","copyrightHolder":{"@id":"https:\/\/www.estrategiaconcursos.com.br\/blog\/#organization"}},{"@type":"WebPage","@id":"https:\/\/www.estrategiaconcursos.com.br\/blog\/concurso-anm-locais-de-provas\/","url":"https:\/\/www.estrategiaconcursos.com.br\/blog\/concurso-anm-locais-de-provas\/","name":"Concurso ANM: locais de provas a partir do dia 04\/04!","isPartOf":{"@id":"https:\/\/www.estrategiaconcursos.com.br\/blog\/#website"},"primaryImageOfPage":{"@id":"https:\/\/www.estrategiaconcursos.com.br\/blog\/concurso-anm-locais-de-provas\/#primaryimage"},"image":{"@id":"https:\/\/www.estrategiaconcursos.com.br\/blog\/concurso-anm-locais-de-provas\/#primaryimage"},"thumbnailUrl":"https:\/\/dhg1h5j42swfq.cloudfront.net\/2021\/05\/10114816\/anm.jpg","datePublished":"2022-03-29T12:04:34+00:00","dateModified":"2022-03-29T18:45:59+00:00","description":"Concurso ANM: locais de provas estar\u00e3o dispon\u00edveis a partir do dia 04 de abril, atrav\u00e9s do site da banca organizadora, Cebraspe.","breadcrumb":{"@id":"https:\/\/www.estrategiaconcursos.com.br\/blog\/concurso-anm-locais-de-provas\/#breadcrumb"},"inLanguage":"pt-BR","potentialAction":[{"@type":"ReadAction","target":["https:\/\/www.estrategiaconcursos.com.br\/blog\/concurso-anm-locais-de-provas\/"]}]},{"@type":"ImageObject","inLanguage":"pt-BR","@id":"https:\/\/www.estrategiaconcursos.com.br\/blog\/concurso-anm-locais-de-provas\/#primaryimage","url":"https:\/\/dhg1h5j42swfq.cloudfront.net\/2021\/05\/10114816\/anm.jpg","contentUrl":"https:\/\/dhg1h5j42swfq.cloudfront.net\/2021\/05\/10114816\/anm.jpg","width":768,"height":432,"caption":"Concurso ANM: como ser\u00e1 a prova objetiva no CNU 2025?"},{"@type":"BreadcrumbList","@id":"https:\/\/www.estrategiaconcursos.com.br\/blog\/concurso-anm-locais-de-provas\/#breadcrumb","itemListElement":[{"@type":"ListItem","position":1,"name":"In\u00edcio","item":"https:\/\/www.estrategiaconcursos.com.br\/blog\/"},{"@type":"ListItem","position":2,"name":"Concurso ANM: locais de provas a partir do dia 04\/04!"}]},{"@type":"WebSite","@id":"https:\/\/www.estrategiaconcursos.com.br\/blog\/#website","url":"https:\/\/www.estrategiaconcursos.com.br\/blog\/","name":"Estrat\u00e9gia Concursos","description":"O blog da Estrat\u00e9gia Concursos traz not\u00edcias sobre concursos e artigos de professores oferecendo cursos para concursos (pdf + videaulas) no site.","publisher":{"@id":"https:\/\/www.estrategiaconcursos.com.br\/blog\/#organization"},"potentialAction":[{"@type":"SearchAction","target":{"@type":"EntryPoint","urlTemplate":"https:\/\/www.estrategiaconcursos.com.br\/blog\/?s={search_term_string}"},"query-input":{"@type":"PropertyValueSpecification","valueRequired":true,"valueName":"search_term_string"}}],"inLanguage":"pt-BR"},{"@type":"Organization","@id":"https:\/\/www.estrategiaconcursos.com.br\/blog\/#organization","name":"Estrat\u00e9gia Concursos","url":"https:\/\/www.estrategiaconcursos.com.br\/blog\/","logo":{"@type":"ImageObject","inLanguage":"pt-BR","@id":"https:\/\/www.estrategiaconcursos.com.br\/blog\/#\/schema\/logo\/image\/","url":"https:\/\/dhg1h5j42swfq.cloudfront.net\/2025\/06\/03203428\/logo_concursos-1.jpg","contentUrl":"https:\/\/dhg1h5j42swfq.cloudfront.net\/2025\/06\/03203428\/logo_concursos-1.jpg","width":230,"height":60,"caption":"Estrat\u00e9gia Concursos"},"image":{"@id":"https:\/\/www.estrategiaconcursos.com.br\/blog\/#\/schema\/logo\/image\/"},"sameAs":["https:\/\/x.com\/EstratConcursos"]},{"@type":"Person","@id":"https:\/\/www.estrategiaconcursos.com.br\/blog\/#\/schema\/person\/e3b6b7ce0192dd4ad270655969d61750","name":"F\u00e1bio Scaldelai","image":{"@type":"ImageObject","inLanguage":"pt-BR","@id":"https:\/\/secure.gravatar.com\/avatar\/8ed7492c4d88d8495bc0cb24cda6847b8ae23eec459a919e08e77d0ca0fd79ec?s=96&d=mm&r=g","url":"https:\/\/secure.gravatar.com\/avatar\/8ed7492c4d88d8495bc0cb24cda6847b8ae23eec459a919e08e77d0ca0fd79ec?s=96&d=mm&r=g","contentUrl":"https:\/\/secure.gravatar.com\/avatar\/8ed7492c4d88d8495bc0cb24cda6847b8ae23eec459a919e08e77d0ca0fd79ec?s=96&d=mm&r=g","caption":"F\u00e1bio Scaldelai"},"description":"Jornalista no Estrat\u00e9gia Concursos e Produtor de Televis\u00e3o, formado em Jornalismo, R\u00e1dio e TV pela Faculdade Integrada Rio Branco, com especializa\u00e7\u00f5es em Gest\u00e3o Empresarial e Marketing pelo M\u00f3dulo. Atuou como produtor no SBT, TV Bandeirantes e R\u00e1dio Band FM, al\u00e9m de acumular tr\u00eas anos de experi\u00eancia no setor de concursos p\u00fablicos pela LFG (Luiz Fl\u00e1vio Gomes). No Estrat\u00e9gia Concursos, atua na apura\u00e7\u00e3o de not\u00edcias da \u00e1rea fiscal, al\u00e9m de coberturas sobre concursos das \u00e1reas de controle (TCU, TCE, etc), concurso AFT, \u00e1rea de gest\u00e3o e administrativa, bem como dos \u00f3rg\u00e3os participantes do CNU. Tamb\u00e9m possui experi\u00eancia em link building e an\u00e1lise de m\u00eddia, adquirida durante sua atua\u00e7\u00e3o na ag\u00eancia SEO Marketing.","url":"https:\/\/www.estrategiaconcursos.com.br\/blog\/author\/fabio-scaldelaiestrategiaconcursos-com-br\/"}]}},"_links":{"self":[{"href":"https:\/\/www.estrategiaconcursos.com.br\/blog\/wp-json\/wp\/v2\/posts\/996444","targetHints":{"allow":["GET"]}}],"collection":[{"href":"https:\/\/www.estrategiaconcursos.com.br\/blog\/wp-json\/wp\/v2\/posts"}],"about":[{"href":"https:\/\/www.estrategiaconcursos.com.br\/blog\/wp-json\/wp\/v2\/types\/post"}],"author":[{"embeddable":true,"href":"https:\/\/www.estrategiaconcursos.com.br\/blog\/wp-json\/wp\/v2\/users\/656"}],"replies":[{"embeddable":true,"href":"https:\/\/www.estrategiaconcursos.com.br\/blog\/wp-json\/wp\/v2\/comments?post=996444"}],"version-history":[{"count":5,"href":"https:\/\/www.estrategiaconcursos.com.br\/blog\/wp-json\/wp\/v2\/posts\/996444\/revisions"}],"predecessor-version":[{"id":997026,"href":"https:\/\/www.estrategiaconcursos.com.br\/blog\/wp-json\/wp\/v2\/posts\/996444\/revisions\/997026"}],"wp:featuredmedia":[{"embeddable":true,"href":"https:\/\/www.estrategiaconcursos.com.br\/blog\/wp-json\/wp\/v2\/media\/735964"}],"wp:attachment":[{"href":"https:\/\/www.estrategiaconcursos.com.br\/blog\/wp-json\/wp\/v2\/media?parent=996444"}],"wp:term":[{"taxonomy":"category","embeddable":true,"href":"https:\/\/www.estrategiaconcursos.com.br\/blog\/wp-json\/wp\/v2\/categories?post=996444"},{"taxonomy":"post_tag","embeddable":true,"href":"https:\/\/www.estrategiaconcursos.com.br\/blog\/wp-json\/wp\/v2\/tags?post=996444"},{"taxonomy":"tax_estado","embeddable":true,"href":"https:\/\/www.estrategiaconcursos.com.br\/blog\/wp-json\/wp\/v2\/tax_estado?post=996444"}],"curies":[{"name":"wp","href":"https:\/\/api.w.org\/{rel}","templated":true}]}}