{"id":996367,"date":"2022-04-06T11:51:00","date_gmt":"2022-04-06T14:51:00","guid":{"rendered":"https:\/\/www.estrategiaconcursos.com.br\/blog\/?p=996367"},"modified":"2022-04-13T12:14:46","modified_gmt":"2022-04-13T15:14:46","slug":"processo-tributario-administrativo-sefaz-am","status":"publish","type":"post","link":"https:\/\/www.estrategiaconcursos.com.br\/blog\/processo-tributario-administrativo-sefaz-am\/","title":{"rendered":"Resumo Processo Tribut\u00e1rio-Administrativo para SEFAZ-AM: Introdu\u00e7\u00e3o"},"content":{"rendered":"\n<p>Confira neste artigo uma an\u00e1lise sobre o <strong>Processo Tribut\u00e1rio-Administrativo<\/strong>, presente no decreto estadual 4.564\/79, para o concurso da&nbsp;<strong><a href=\"https:\/\/www.estrategiaconcursos.com.br\/cursosPorConcurso\/sefaz-am-247\/\" target=\"_blank\" rel=\"noreferrer noopener\">SEFAZ-AM<\/a><\/strong>.<\/p>\n\n\n\n<div class=\"wp-block-image\"><figure class=\"aligncenter size-full is-resized\"><img loading=\"lazy\" decoding=\"async\" src=\"https:\/\/dhg1h5j42swfq.cloudfront.net\/2022\/03\/17150723\/sefaz-am-4.jpg\" alt=\"Processo Tribut\u00e1rio-Administrativo para SEFAZ-AM: Introdu\u00e7\u00e3o\" class=\"wp-image-989618\" width=\"576\" height=\"323\" srcset=\"https:\/\/dhg1h5j42swfq.cloudfront.net\/2022\/03\/17150723\/sefaz-am-4.jpg 768w, https:\/\/dhg1h5j42swfq.cloudfront.net\/2022\/03\/17150723\/sefaz-am-4-300x169.jpg 300w, https:\/\/dhg1h5j42swfq.cloudfront.net\/2022\/03\/17150723\/sefaz-am-4-610x343.jpg 610w\" sizes=\"auto, (max-width: 576px) 100vw, 576px\" \/><figcaption>Processo Tribut\u00e1rio-Administrativo para SEFAZ-AM: Introdu\u00e7\u00e3o<\/figcaption><\/figure><\/div>\n\n\n\n<p>Ol\u00e1, pessoal! Tudo bem com voc\u00eas?<\/p>\n\n\n\n<p>O concurso da&nbsp;<strong><a href=\"https:\/\/www.estrategiaconcursos.com.br\/blog\/concurso-sefaz-am\/\" target=\"_blank\" rel=\"noreferrer noopener\">SEFAZ-AM<\/a><\/strong>&nbsp;(Secretaria da Fazenda do Estado do Amazonas) est\u00e1 cada dia mais perto.<\/p>\n\n\n\n<p>H\u00e1 vagas para diversos cargos, inclusive para o de&nbsp;<strong>Auditor Fiscal de Tributos Estaduais<\/strong>, com uma remunera\u00e7\u00e3o inicial de&nbsp;<strong>R$ 23.548,96<\/strong>.<\/p>\n\n\n\n<p>Assim, com o intuito de auxili\u00e1-los na prepara\u00e7\u00e3o para esse concorrido certame, estamos realizando diversos resumos sobre a <strong>Legisla\u00e7\u00e3o Tribut\u00e1ria Espec\u00edfica<\/strong>&nbsp;do Estado do Amazonas, sendo que o nosso artigo de hoje \u00e9 sobre o <strong><mark style=\"background-color:rgba(0, 0, 0, 0)\" class=\"has-inline-color has-vivid-cyan-blue-color\">Processo Tribut\u00e1rio-Administrativo<\/mark><\/strong>, presente no decreto estadual 4.564\/79,&nbsp;para o concurso da SEFAZ-AM.<\/p>\n\n\n\n<p>Iremos distribuir a an\u00e1lise deste decreto em alguns artigos, sendo o primeiro sobre as <strong>disposi\u00e7\u00f5es iniciais<\/strong> do Processo Tribut\u00e1rio-Administrativo, para a SEFAZ-AM.<\/p>\n\n\n\n<p>Vamos l\u00e1?<\/p>\n\n\n\n<div class=\"container\" id=\"boxes\">\n  <div class=\"row\">\n\n    <div class=\"col-sm\">\n      <div class=\"banner-fiscal-01\" id=\"box-assinatura\">\n        <h3 class=\"titulo-assinatura\">Concurso Sefaz AM<\/h3>\n        <p class=\"subtitulo-assinatura\">Cursos para todos os cargos<\/p>\n        <div class=\"box-botao\">\n          <a class=\"btn-assinatura\" target=\"_blank\" href=\"https:\/\/www.estrategiaconcursos.com.br\/cursosPorConcurso\/sefaz-am-247\/\" role=\"button\" rel=\"noopener noreferrer\">Conhe\u00e7a mais<\/a>\n        <\/div>\n      <\/div>\n    \n    <\/div>\n\n  <\/div>\n<\/div>\n\n\n\n<h2 class=\"wp-block-heading\" id=\"h-o-processo-tributario-administrativo\"><mark style=\"background-color:rgba(0, 0, 0, 0)\" class=\"has-inline-color has-vivid-cyan-blue-color\">O Processo Tribut\u00e1rio-Administrativo<\/mark><\/h2>\n\n\n\n<p>O Processo Tribut\u00e1rio-Administrativo (PTA), no \u00e2mbito da SEFAZ-AM, \u00e9 constitu\u00eddo mediante a <strong>autua\u00e7\u00e3o <\/strong>dos documentos necess\u00e1rios \u00e0 <strong>apura\u00e7\u00e3o da liquidez e certeza<\/strong> do <strong>cr\u00e9dito tribut\u00e1rio <mark style=\"background-color:rgba(0, 0, 0, 0)\" class=\"has-inline-color has-vivid-cyan-blue-color\">n\u00e3o regularmente recolhido.<\/mark><\/strong><\/p>\n\n\n\n<p>Al\u00e9m disso, h\u00e1 <strong>outras situa\u00e7\u00f5es <\/strong>que ser\u00e3o igualmente autuadas, na forma de PTA, como:<\/p>\n\n\n\n<ul class=\"wp-block-list\"><li>o pedido de restitui\u00e7\u00e3o de tributo,<\/li><li>a contribui\u00e7\u00e3o financeira ou penalidade,<\/li><li>a consulta,<\/li><li>a confiss\u00e3o de d\u00edvida, e<\/li><li>o pedido de regime especial, formulado pelo contribuinte.<\/li><\/ul>\n\n\n\n<p>Ao ser instaurada a fase contenciosa, o PTA desenvolve-se <strong>ordinariamente<\/strong>, em<strong> duas inst\u00e2ncias<\/strong>, a 1\u00ba e a 2\u00ba inst\u00e2ncia, de modo a decidir as quest\u00f5es surgidas entre o sujeito passivo das obriga\u00e7\u00f5es fiscais e a Fazenda Estadual, relativamente \u00e0 <strong>interpreta\u00e7\u00e3o e aplica\u00e7\u00e3o da legisla\u00e7\u00e3o tribut\u00e1ria<\/strong>.<\/p>\n\n\n\n<p><strong><mark style=\"background-color:rgba(0, 0, 0, 0)\" class=\"has-inline-color has-vivid-red-color\">PARA FIXAR:<\/mark><\/strong><\/p>\n\n\n\n<p>A <strong>Inst\u00e2ncia Administrativa:<\/strong><\/p>\n\n\n\n<p><strong><mark style=\"background-color:rgba(0, 0, 0, 0)\" class=\"has-inline-color has-vivid-cyan-blue-color\">Inicia-se<\/mark><\/strong>: pela <strong>instaura\u00e7\u00e3o <\/strong>do procedimento contencioso;<\/p>\n\n\n\n<p><mark style=\"background-color:rgba(0, 0, 0, 0)\" class=\"has-inline-color has-vivid-cyan-blue-color\"><strong>Termina<\/strong>: <\/mark> com a <strong>decis\u00e3o irrecorr\u00edvel<\/strong> exarada no processo; pelo <strong>decurso do prazo <\/strong>para o recurso; ou, ainda, pela afeta\u00e7\u00e3o do caso do <strong>Poder Judici\u00e1rio.<\/strong><\/p>\n\n\n\n<p><strong><mark style=\"background-color:rgba(0, 0, 0, 0)\" class=\"has-inline-color has-vivid-red-color\">FIQUE ATENTO: <\/mark><\/strong>Apesar de o Processo Tribut\u00e1rio-Administrativo tramitar na esfera administrativa, caso seja constatada a ocorr\u00eancia de <strong>crime de sonega\u00e7\u00e3o fiscal,<\/strong> durante o PTA, os autos, cuja decis\u00e3o tenha transitado em julgado, ser\u00e3o <strong>remetidos<\/strong>, por quem deva dar cumprimento \u00e0 decis\u00e3o, \u00e0<strong> Procuradoria da Fazenda Estadual (PFE)<\/strong>, que remeter\u00e1 ao <strong>Minist\u00e9rio P\u00fablico<\/strong> as pe\u00e7as necess\u00e1rias ao procedimento criminal cab\u00edvel, independentemente da execu\u00e7\u00e3o do cr\u00e9dito tribut\u00e1rio apurado. <\/p>\n\n\n\n<p>Por\u00e9m, vale salientar que os autos apenas ser\u00e3o remetidos \u00e0 PFE se o autuado <strong>n\u00e3o recolher<\/strong> o d\u00e9bito fiscal dentro dos prazos previstos para os recursos administrativos.<\/p>\n\n\n\n<h2 class=\"wp-block-heading\" id=\"h-a-intimacao-no-ambito-do-processo-tributario-administrativo\"><mark style=\"background-color:rgba(0, 0, 0, 0)\" class=\"has-inline-color has-vivid-cyan-blue-color\">A intima\u00e7\u00e3o no \u00e2mbito do Processo Tribut\u00e1rio-Administrativo<\/mark><\/h2>\n\n\n\n<p>Os <strong>atos <\/strong>da Secretaria da Fazendo, no \u00e2mbito do Processo Tribut\u00e1rio-Administrativo, sejam eles emanados por servidores, autoridades ou \u00f3rg\u00e3o colegiado, dever\u00e3o ser <strong>comunicados <\/strong>aos interessados. Tal comunica\u00e7\u00e3o ser\u00e1 realizada por meio da <strong><mark style=\"background-color:rgba(0, 0, 0, 0)\" class=\"has-inline-color has-vivid-cyan-blue-color\">intima\u00e7\u00e3o<\/mark><\/strong>.<\/p>\n\n\n\n<p>Alguns exemplos de atos que devem ser comunicados aos interessados s\u00e3o a autua\u00e7\u00e3o para<strong> pagar o d\u00e9bito <\/strong>tribut\u00e1rio, bem como para <strong>apresentar defesa<\/strong>, no Processo Tribut\u00e1rio-Administrativo.<\/p>\n\n\n\n<p>Essa comunica\u00e7\u00e3o \u00e9 de extrema import\u00e2ncia. Assim, caso <strong>n\u00e3o haja as devidas intima\u00e7\u00f5es<\/strong> durante o processo, o mesmo ser\u00e1 <strong>anulado<\/strong>, podendo, todavia, ser sanada a sua falta na fase instrut\u00f3ria do Processo Tribut\u00e1rio-Administrativo.<\/p>\n\n\n\n<p>H\u00e1 diversas <strong><mark style=\"background-color:rgba(0, 0, 0, 0)\" class=\"has-inline-color has-vivid-cyan-blue-color\">maneiras para se intimar<\/mark><\/strong> uma pessoa, podendo ocorrer:<\/p>\n\n\n\n<ul class=\"wp-block-list\"><li><strong>pessoalmente<\/strong>, sempre que poss\u00edvel;<\/li><li>mediante <strong>documento escrito <\/strong>entregue por <strong>funcion\u00e1rio <\/strong>ou pelo <strong>correio<\/strong>, com comprova\u00e7\u00e3o do recebimento;<\/li><li>atrav\u00e9s de <strong>termo <\/strong>lavrado no pr\u00f3prio processo, quando o autuado comparecer \u00e0 reparti\u00e7\u00e3o fiscal;<\/li><li>por <strong>edital<\/strong>.<\/li><\/ul>\n\n\n\n<p>A intima\u00e7\u00e3o por <strong><span style=\"text-decoration: underline;\">edital<\/span> <\/strong>\u00e9 considerada uma medida de exce\u00e7\u00e3o, uma vez que ela ser\u00e1 realizada no caso de o intimado estar no <strong>exterior<\/strong>, n\u00e3o possuindo mandat\u00e1rio ou preposto conhecido no Pa\u00eds; bem como no caso de o intimado <strong>n\u00e3o ser localizado no endere\u00e7o<\/strong> declarado ou ser<strong> inacess\u00edvel o lugar<\/strong> onde se encontrar o intimado; al\u00e9m da situa\u00e7\u00e3o de <strong>recusa<\/strong>, por parte do autuado, em assinar o Auto de Infra\u00e7\u00e3o.<\/p>\n\n\n\n<p><mark style=\"background-color:rgba(0, 0, 0, 0)\" class=\"has-inline-color has-vivid-red-color\"><strong>FIQUE ATENTO:<\/strong> <\/mark>Os <strong>despachos de mero expediente<\/strong>, como a remessa da documenta\u00e7\u00e3o de uma reparti\u00e7\u00e3o para outra, por exemplo,<strong> independem de intima\u00e7\u00e3o.<\/strong><\/p>\n\n\n\n<p>Mas <strong>quando <\/strong>os interessados ser\u00e3o <strong>considerados intimados<\/strong>? Bom, isso depender\u00e1 de como a intima\u00e7\u00e3o ser\u00e1 realizada.<\/p>\n\n\n\n<p>Assim, <strong><mark style=\"background-color:rgba(0, 0, 0, 0)\" class=\"has-inline-color has-vivid-cyan-blue-color\">considera-se realizada a intima\u00e7\u00e3o:<\/mark><\/strong><\/p>\n\n\n\n<p><strong>I &#8211;<\/strong> na data da <strong>ci\u00eancia <\/strong>do intimado;<\/p>\n\n\n\n<p><strong>II &#8211; <\/strong>na data do <strong>recebimento<\/strong>, por via postal ou telegr\u00e1fica, comprovado pelo aviso de recep\u00e7\u00e3o e, se aquela for emitida, <strong>15 dias<\/strong> ap\u00f3s a <strong>entrega <\/strong>da intima\u00e7\u00e3o \u00e0 respectiva ag\u00eancia;<\/p>\n\n\n\n<p><strong>III &#8211;<\/strong> nos casos de <strong>edital<\/strong>, <strong>15 dias<\/strong> ap\u00f3s a respectiva publica\u00e7\u00e3o.<\/p>\n\n\n\n<p>Por\u00e9m, em rela\u00e7\u00e3o aos <strong>incisos II e III<\/strong> acima, o prazo citado ser\u00e1 <strong>prorrogado<\/strong>:<\/p>\n\n\n\n<ul class=\"wp-block-list\"><li>ao <strong>dobro<\/strong>, para os munic\u00edpios de <strong>Itacoatiara, Parintins e Mau\u00e9s.<\/strong><\/li><li>ao <strong>qu\u00e1druplo<\/strong>, para os <strong>demais<\/strong> Munic\u00edpios do Estado.<\/li><\/ul>\n\n\n\n<p>\u00c9 importante salientar que, aquele que assinar o Auto de Infra\u00e7\u00e3o e Notifica\u00e7\u00e3o Fiscal ou o Auto de Apreens\u00e3o, ser\u00e1 dado como intimado, para realizar a sua defesa.<\/p>\n\n\n\n<p><strong><mark style=\"background-color:rgba(0, 0, 0, 0)\" class=\"has-inline-color has-vivid-red-color\">FIQUE ATENTO:<\/mark> <\/strong>Devido aos avan\u00e7os tecnol\u00f3gicos, houve recentes altera\u00e7\u00f5es no presente decreto, de modo a inserir a notifica\u00e7\u00e3o via <strong>Domic\u00edlio Tribut\u00e1rio Eletr\u00f4nico<\/strong> (DT-e), como forma de intima\u00e7\u00e3o. Al\u00e9m disso, caso n\u00e3o seja poss\u00edvel realizar a notifica\u00e7\u00e3o por esse meio, pode se proceder \u00e0 publica\u00e7\u00e3o no <strong>Di\u00e1rio Oficial Eletr\u00f4nico da SEFAZ<\/strong> (DOE-SEFAZ\/AM).&nbsp;<\/p>\n\n\n\n<h2 class=\"wp-block-heading\" id=\"h-os-prazos-do-processo-tributario-administrativo\"><mark style=\"background-color:rgba(0, 0, 0, 0)\" class=\"has-inline-color has-vivid-cyan-blue-color\">Os prazos do Processo Tribut\u00e1rio-Administrativo<\/mark><\/h2>\n\n\n\n<p>Os prazos processuais s\u00e3o uma pe\u00e7a importante para o correto andamento do PTA. Eles ser\u00e3o <strong>cont\u00ednuos<\/strong>, <strong>excluindo-se<\/strong>, na contagem, o dia do <strong>in\u00edcio <\/strong>e <strong>incluindo-se<\/strong> o de <strong>vencimento<\/strong>.<\/p>\n\n\n\n<p><strong><mark style=\"background-color:rgba(0, 0, 0, 0)\" class=\"has-inline-color has-vivid-red-color\">A SABER: <\/mark><\/strong>Os prazos s\u00f3 se iniciam ou vencem em dia de <strong>expediente normal <\/strong>na reparti\u00e7\u00e3o em que corra o processo ou deva ser praticado o ato.<\/p>\n\n\n\n<p>Caso seja um funcion\u00e1rio p\u00fablico o respons\u00e1vel por praticar os atos relacionados \u00e0 instru\u00e7\u00e3o, movimenta\u00e7\u00e3o e julgamento de processos, o descumprimento dos seus prazos levar\u00e1 \u00e0 <strong>responsabiliza\u00e7\u00e3o <\/strong>de tal agente, mas <strong>n\u00e3o acarretar\u00e1 a nulidade<\/strong> do procedimento fiscal.<\/p>\n\n\n\n<p>Al\u00e9m disso, s\u00e3o <strong>responsabilizados <\/strong>os funcion\u00e1rios que, na tramita\u00e7\u00e3o do PTA, <strong>procrastinam <\/strong>seu curso normal, principalmente mediante a n\u00e3o observ\u00e2ncia dos prazos estabelecidos, cabendo \u00e0s respectivas Chefias observar o cumprimento, pelo funcion\u00e1rio, das normas relativas \u00e0 tramita\u00e7\u00e3o do Processo Tribut\u00e1rio &#8211; Administrativo.<\/p>\n\n\n\n<p>H\u00e1 diferentes prazos para os mais variados atos processuais, conforme o caso, sendo alguns deles de:<\/p>\n\n\n\n<p><strong><mark style=\"background-color:rgba(0, 0, 0, 0)\" class=\"has-inline-color has-vivid-cyan-blue-color\">72 horas<\/mark><\/strong>, para:<\/p>\n\n\n\n<ul class=\"wp-block-list\"><li>o autuante levar o auto lavrado a registro;<\/li><li>ser minutado o Ac\u00f3rd\u00e3o;<\/li><li>a Secretaria do CRF preparar o Ac\u00f3rd\u00e3o.<\/li><\/ul>\n\n\n\n<p><strong><mark style=\"background-color:rgba(0, 0, 0, 0)\" class=\"has-inline-color has-vivid-cyan-blue-color\">10 dias<\/mark><\/strong>, para:<\/p>\n\n\n\n<ul class=\"wp-block-list\"><li>o contribuinte ou respons\u00e1vel comprovar o recolhimento do d\u00e9bito fiscal;<\/li><li>emiss\u00e3o de parecer pela Procuradoria da Fazenda Estadual;<\/li><li>cumprimento de exames e dilig\u00eancias fiscais;<\/li><li>instru\u00e7\u00e3o definitiva do processo nos casos de revelia e pronunciamento do Conselheiro Relator;<\/li><li>pedido de reconsidera\u00e7\u00e3o e recurso de revista;<\/li><li>recolhimento do tributo considerado devido na solu\u00e7\u00e3o dada \u00e0 consulta;<\/li><li>atendimento de requisi\u00e7\u00f5es de documentos, processos, livros, coisas ou informa\u00e7\u00f5es;<\/li><li>oferecimento de r\u00e9plica do funcion\u00e1rio de quem emanou o ato impugnado;<\/li><li>ministrar os esclarecimentos que solicitar o Conselho de Recursos Fiscais;<\/li><li>vista do processo a cada Conselheiro ou ao Representante Fiscal;<\/li><li>inscri\u00e7\u00e3o do d\u00e9bito fiscal em d\u00edvida ativa e expedi\u00e7\u00e3o de certid\u00e3o negativa de d\u00e9bito;<\/li><li>cumprimento da decis\u00e3o do CRF.<\/li><\/ul>\n\n\n\n<p><strong><mark style=\"background-color:rgba(0, 0, 0, 0)\" class=\"has-inline-color has-vivid-cyan-blue-color\">20 dias<\/mark><\/strong>, para:<\/p>\n\n\n\n<ul class=\"wp-block-list\"><li>interposi\u00e7\u00e3o de recurso volunt\u00e1rio ao CRF;<\/li><li>o autuado pagar o d\u00e9bito fiscal ap\u00f3s a decis\u00e3o de primeira inst\u00e2ncia;<\/li><li>cumprimento da decis\u00e3o de primeira inst\u00e2ncia.<\/li><\/ul>\n\n\n\n<p><strong><mark style=\"background-color:rgba(0, 0, 0, 0)\" class=\"has-inline-color has-vivid-cyan-blue-color\">30 dias<\/mark><\/strong>, para:<\/p>\n\n\n\n<ul class=\"wp-block-list\"><li>impugna\u00e7\u00e3o da exig\u00eancia fiscal;<\/li><li>realiza\u00e7\u00e3o de per\u00edcia;<\/li><li>recolhimento do d\u00e9bito fiscal, que o autuado entender devido.<\/li><\/ul>\n\n\n\n<p>Entretanto, apesar das diversas situa\u00e7\u00f5es previstas acima, \u00e9 fact\u00edvel que haja <strong>atos n\u00e3o contemplados<\/strong> nos casos citados. Desse modo, quando n\u00e3o houver prazo expressamente previsto, o ato deve ser praticado no que for <strong>fixado pelas autoridades julgadoras<\/strong>:<\/p>\n\n\n\n<p><strong><mark style=\"background-color:rgba(0, 0, 0, 0)\" class=\"has-inline-color has-vivid-cyan-blue-color\">ordinariamente<\/mark><\/strong>, em <strong>10 dias<\/strong>;<\/p>\n\n\n\n<p><strong><mark style=\"background-color:rgba(0, 0, 0, 0)\" class=\"has-inline-color has-vivid-cyan-blue-color\">excepcionalmente<\/mark><\/strong>, por tempo <strong>razo\u00e1vel<\/strong>.<\/p>\n\n\n\n<h2 class=\"wp-block-heading\" id=\"nulidades-no-processo-tributario-administrativo\"><strong><mark style=\"background-color:rgba(0, 0, 0, 0)\" class=\"has-inline-color has-vivid-cyan-blue-color\">Nulidades no Processo Tribut\u00e1rio-Administrativo<\/mark><\/strong><\/h2>\n\n\n\n<p>Durante o decorrer do Processo Tribut\u00e1rio-Administrativo, haver\u00e1 situa\u00e7\u00f5es em que o <strong>ato praticado<\/strong> ser\u00e1 declarado <strong>nulo <\/strong>pelas autoridades julgadoras, de of\u00edcio ou a requerimento do interessado.<\/p>\n\n\n\n<p>Uma das situa\u00e7\u00f5es \u00e9 quando o ato for notificado <strong>sem a refer\u00eancia completa<\/strong> das normas em que se fundamenta a pretens\u00e3o, bem como quando estiverem <strong>ausentes<\/strong> a qualifica\u00e7\u00e3o dos <strong>interessados<\/strong>, o <strong>valor <\/strong>da presta\u00e7\u00e3o pecuni\u00e1ria ou descri\u00e7\u00e3o da obriga\u00e7\u00e3o tribut\u00e1ria ou, ainda, do dever fiscal exigido pela Fazenda.<\/p>\n\n\n\n<p>Ademais, tamb\u00e9m ser\u00e3o declarados nulos os atos praticados por pessoa <strong>incompetente <\/strong>ou <strong>impedida<\/strong>, bem como quando ocorrer com <strong>preteri\u00e7\u00e3o do direito de defesa<\/strong>.<\/p>\n\n\n\n<p><mark style=\"background-color:rgba(0, 0, 0, 0)\" class=\"has-inline-color has-vivid-red-color\"><strong>FIQUE ATENTO:<\/strong> <\/mark>A nulidade n\u00e3o ser\u00e1 decretada se a parte a que favore\u00e7a lhe houver dado causa, ou quando n\u00e3o influir na solu\u00e7\u00e3o do lit\u00edgio.<\/p>\n\n\n\n<h2 class=\"wp-block-heading\" id=\"h-finalizando\"><mark style=\"background-color:rgba(0, 0, 0, 0)\" class=\"has-inline-color has-vivid-cyan-blue-color\">Finalizando<\/mark><\/h2>\n\n\n\n<p>Pessoal! Chegamos ao final do nosso primeiro artigo sobre Processo Tribut\u00e1rio-Administrativo, para a SEFAZ-AM, mais especificamente as suas disposi\u00e7\u00f5es iniciais, no decreto estadual 4.564\/79. Esperamos que tenham gostado.<\/p>\n\n\n\n<p>Para a sua aprova\u00e7\u00e3o, \u00e9 extremamente&nbsp;<strong>importante&nbsp;<\/strong>a<strong>&nbsp;leitura do decreto <\/strong>citado aqui. Esse artigo \u00e9 apenas uma an\u00e1lise mais simplificada dessa norma.<\/p>\n\n\n\n<p>Caso queira se preparar para chegar&nbsp;<strong>competitivo&nbsp;<\/strong>nesta prova, invista nos&nbsp;<strong><a href=\"https:\/\/www.estrategiaconcursos.com.br\/cursosPorConcurso\/sefaz-am-247\/\" target=\"_blank\" rel=\"noreferrer noopener\">cursos para a SEFAZ AM<\/a><\/strong>&nbsp;do&nbsp;<strong>Estrat\u00e9gia Concursos<\/strong>.&nbsp;<\/p>\n\n\n\n<p>L\u00e1 voc\u00ea encontrar\u00e1&nbsp;<strong>aulas completas e detalhadas, com os melhores professores do mercado<\/strong>,&nbsp;de todos os t\u00f3picos exigidos no edital do concurso da SEFAZ-AM.<\/p>\n\n\n\n<p>Conhe\u00e7a tamb\u00e9m o\u00a0<strong><a href=\"https:\/\/questoes.estrategiaconcursos.com.br\/\" target=\"_blank\" rel=\"noreferrer noopener\">Sistema de Quest\u00f5es do Estrat\u00e9gia<\/a>.<\/strong>\u00a0Afinal, a \u00fanica maneira de\u00a0<strong>consolidar o conte\u00fado\u00a0<\/strong>de maneira satisfat\u00f3ria \u00e9 atrav\u00e9s da\u00a0<strong>resolu\u00e7\u00e3o de quest\u00f5es.<\/strong>\u00a0<\/p>\n\n\n\n<p>Bons estudos a todos e at\u00e9 a pr\u00f3xima!<\/p>\n\n\n\n<h2 class=\"has-text-align-center wp-block-heading\" id=\"h-cursos-e-assinaturas\">Cursos e Assinaturas <\/h2>\n\n\n\n<p>Prepare-se com o melhor material e com quem mais aprova em Concursos P\u00fablicos em todo o pa\u00eds!<\/p>\n\n\n\n<p class=\"has-text-align-center has-vivid-cyan-blue-color has-text-color has-background\" style=\"background-color:#0078bd\"><a href=\"https:\/\/www.estrategiaconcursos.com.br\/blog\/concursos-abertos\/\" target=\"_blank\" rel=\"noreferrer noopener\"><strong><span class=\"has-inline-color has-white-color\">Concursos abertos<\/span><\/strong><\/a><\/p>\n\n\n\n<p class=\"has-text-align-center has-vivid-cyan-blue-color has-text-color has-background\" style=\"background-color:#0072b4\"><strong><a href=\"https:\/\/www.estrategiaconcursos.com.br\/blog\/concursos-2022\/\" target=\"_blank\" rel=\"noreferrer noopener\"><span class=\"has-inline-color has-white-color\">Concursos 2022<\/span><\/a><\/strong><\/p>\n\n\n\n<div class=\"container\" id=\"boxes\">\n  <div class=\"row\">\n    <div class=\"col-sm\">\n      <div class=\"estrategia\" id=\"box-assinatura\">\n        <h3 class=\"titulo-assinatura\">Assinatura de Concursos<\/h3>\n        <p class=\"subtitulo-assinatura\">Assinatura de 1 ano ou 2 anos<\/p>\n        <div class=\"box-botao\">\n          <a class=\"btn-assinatura\" target=\"_blank\" href=\"https:\/\/www.estrategiaconcursos.com.br\/assinaturas\/\" role=\"button\" rel=\"noopener noreferrer\">ASSINE AGORA<\/a>\n        <\/div>\n      <\/div>\n      \n    <\/div><\/div><\/div>\n","protected":false},"excerpt":{"rendered":"<p>Confira neste artigo uma an\u00e1lise sobre o Processo Tribut\u00e1rio-Administrativo, presente no decreto estadual 4.564\/79, para o concurso da&nbsp;SEFAZ-AM. Ol\u00e1, pessoal! Tudo bem com voc\u00eas? O concurso da&nbsp;SEFAZ-AM&nbsp;(Secretaria da Fazenda do Estado do Amazonas) est\u00e1 cada dia mais perto. H\u00e1 vagas para diversos cargos, inclusive para o de&nbsp;Auditor Fiscal de Tributos Estaduais, com uma remunera\u00e7\u00e3o inicial [&hellip;]<\/p>\n","protected":false},"author":1976,"featured_media":989618,"comment_status":"open","ping_status":"closed","sticky":false,"template":"","format":"standard","meta":{"post_tipo":"article","footnotes":""},"categories":[1,1983],"tags":[],"tax_estado":[219966],"class_list":["post-996367","post","type-post","status-publish","format-standard","has-post-thumbnail","hentry","category-cursos-e-concursos","category-fiscal-estadual","tax_estado-am"],"acf":[],"yoast_head":"<!-- This site is optimized with the Yoast SEO Premium plugin v27.2 (Yoast SEO v27.2) - https:\/\/yoast.com\/product\/yoast-seo-premium-wordpress\/ -->\n<title>Resumo Processo Tribut\u00e1rio-Administrativo para SEFAZ-AM: Introdu\u00e7\u00e3o<\/title>\n<meta name=\"description\" content=\"Confira neste artigo uma an\u00e1lise sobre o Processo Tribut\u00e1rio-Administrativo, presente no decreto 4.564\/79, para o concurso da\u00a0SEFAZ-AM.\" \/>\n<meta name=\"robots\" content=\"index, follow, max-snippet:-1, max-image-preview:large, max-video-preview:-1\" \/>\n<link rel=\"canonical\" href=\"https:\/\/www.estrategiaconcursos.com.br\/blog\/processo-tributario-administrativo-sefaz-am\/\" \/>\n<meta property=\"og:locale\" content=\"pt_BR\" \/>\n<meta property=\"og:type\" content=\"article\" \/>\n<meta property=\"og:title\" content=\"Resumo Processo Tribut\u00e1rio-Administrativo para SEFAZ-AM: Introdu\u00e7\u00e3o\" \/>\n<meta property=\"og:description\" content=\"Confira neste artigo uma an\u00e1lise sobre o Processo Tribut\u00e1rio-Administrativo, presente no decreto 4.564\/79, para o concurso da\u00a0SEFAZ-AM.\" \/>\n<meta property=\"og:url\" content=\"https:\/\/www.estrategiaconcursos.com.br\/blog\/processo-tributario-administrativo-sefaz-am\/\" \/>\n<meta property=\"og:site_name\" content=\"Estrat\u00e9gia Concursos\" \/>\n<meta property=\"article:published_time\" content=\"2022-04-06T14:51:00+00:00\" \/>\n<meta property=\"article:modified_time\" content=\"2022-04-13T15:14:46+00:00\" \/>\n<meta property=\"og:image\" content=\"https:\/\/dhg1h5j42swfq.cloudfront.net\/2022\/03\/17150723\/sefaz-am-4.jpg\" \/>\n\t<meta property=\"og:image:width\" content=\"768\" \/>\n\t<meta property=\"og:image:height\" content=\"432\" \/>\n\t<meta property=\"og:image:type\" content=\"image\/jpeg\" \/>\n<meta name=\"author\" content=\"Kassio Henrique Sobral Rocha\" \/>\n<meta name=\"twitter:card\" content=\"summary_large_image\" \/>\n<meta name=\"twitter:creator\" content=\"@EstratConcursos\" \/>\n<meta name=\"twitter:site\" content=\"@EstratConcursos\" \/>\n<meta name=\"twitter:label1\" content=\"Escrito por\" \/>\n\t<meta name=\"twitter:data1\" content=\"Kassio Henrique Sobral Rocha\" \/>\n\t<meta name=\"twitter:label2\" content=\"Est. tempo de leitura\" \/>\n\t<meta name=\"twitter:data2\" content=\"9 minutos\" \/>\n<script type=\"application\/ld+json\" class=\"yoast-schema-graph\">{\"@context\":\"https:\/\/schema.org\",\"@graph\":[{\"@type\":\"NewsArticle\",\"@id\":\"https:\/\/www.estrategiaconcursos.com.br\/blog\/processo-tributario-administrativo-sefaz-am\/#article\",\"isPartOf\":{\"@id\":\"https:\/\/www.estrategiaconcursos.com.br\/blog\/processo-tributario-administrativo-sefaz-am\/\"},\"author\":{\"name\":\"Kassio Henrique Sobral Rocha\",\"@id\":\"https:\/\/www.estrategiaconcursos.com.br\/blog\/#\/schema\/person\/f0c830e07cfe11c231c0ea5dbb036df5\"},\"headline\":\"Resumo Processo Tribut\u00e1rio-Administrativo para SEFAZ-AM: Introdu\u00e7\u00e3o\",\"datePublished\":\"2022-04-06T14:51:00+00:00\",\"dateModified\":\"2022-04-13T15:14:46+00:00\",\"mainEntityOfPage\":{\"@id\":\"https:\/\/www.estrategiaconcursos.com.br\/blog\/processo-tributario-administrativo-sefaz-am\/\"},\"wordCount\":1714,\"commentCount\":0,\"publisher\":{\"@id\":\"https:\/\/www.estrategiaconcursos.com.br\/blog\/#organization\"},\"image\":{\"@id\":\"https:\/\/www.estrategiaconcursos.com.br\/blog\/processo-tributario-administrativo-sefaz-am\/#primaryimage\"},\"thumbnailUrl\":\"https:\/\/dhg1h5j42swfq.cloudfront.net\/2022\/03\/17150723\/sefaz-am-4.jpg\",\"articleSection\":[\"Concursos P\u00fablicos\",\"Fiscal - Estadual (ICMS)\"],\"inLanguage\":\"pt-BR\",\"potentialAction\":[{\"@type\":\"CommentAction\",\"name\":\"Comment\",\"target\":[\"https:\/\/www.estrategiaconcursos.com.br\/blog\/processo-tributario-administrativo-sefaz-am\/#respond\"]}],\"copyrightYear\":\"2022\",\"copyrightHolder\":{\"@id\":\"https:\/\/www.estrategiaconcursos.com.br\/blog\/#organization\"}},{\"@type\":\"WebPage\",\"@id\":\"https:\/\/www.estrategiaconcursos.com.br\/blog\/processo-tributario-administrativo-sefaz-am\/\",\"url\":\"https:\/\/www.estrategiaconcursos.com.br\/blog\/processo-tributario-administrativo-sefaz-am\/\",\"name\":\"Resumo Processo Tribut\u00e1rio-Administrativo para SEFAZ-AM: Introdu\u00e7\u00e3o\",\"isPartOf\":{\"@id\":\"https:\/\/www.estrategiaconcursos.com.br\/blog\/#website\"},\"primaryImageOfPage\":{\"@id\":\"https:\/\/www.estrategiaconcursos.com.br\/blog\/processo-tributario-administrativo-sefaz-am\/#primaryimage\"},\"image\":{\"@id\":\"https:\/\/www.estrategiaconcursos.com.br\/blog\/processo-tributario-administrativo-sefaz-am\/#primaryimage\"},\"thumbnailUrl\":\"https:\/\/dhg1h5j42swfq.cloudfront.net\/2022\/03\/17150723\/sefaz-am-4.jpg\",\"datePublished\":\"2022-04-06T14:51:00+00:00\",\"dateModified\":\"2022-04-13T15:14:46+00:00\",\"description\":\"Confira neste artigo uma an\u00e1lise sobre o Processo Tribut\u00e1rio-Administrativo, presente no decreto 4.564\/79, para o concurso da\u00a0SEFAZ-AM.\",\"breadcrumb\":{\"@id\":\"https:\/\/www.estrategiaconcursos.com.br\/blog\/processo-tributario-administrativo-sefaz-am\/#breadcrumb\"},\"inLanguage\":\"pt-BR\",\"potentialAction\":[{\"@type\":\"ReadAction\",\"target\":[\"https:\/\/www.estrategiaconcursos.com.br\/blog\/processo-tributario-administrativo-sefaz-am\/\"]}]},{\"@type\":\"ImageObject\",\"inLanguage\":\"pt-BR\",\"@id\":\"https:\/\/www.estrategiaconcursos.com.br\/blog\/processo-tributario-administrativo-sefaz-am\/#primaryimage\",\"url\":\"https:\/\/dhg1h5j42swfq.cloudfront.net\/2022\/03\/17150723\/sefaz-am-4.jpg\",\"contentUrl\":\"https:\/\/dhg1h5j42swfq.cloudfront.net\/2022\/03\/17150723\/sefaz-am-4.jpg\",\"width\":768,\"height\":432,\"caption\":\"Sefaz AM: prova 1 de Auditor do concurso \u00e9 anulada!\"},{\"@type\":\"BreadcrumbList\",\"@id\":\"https:\/\/www.estrategiaconcursos.com.br\/blog\/processo-tributario-administrativo-sefaz-am\/#breadcrumb\",\"itemListElement\":[{\"@type\":\"ListItem\",\"position\":1,\"name\":\"In\u00edcio\",\"item\":\"https:\/\/www.estrategiaconcursos.com.br\/blog\/\"},{\"@type\":\"ListItem\",\"position\":2,\"name\":\"Resumo Processo Tribut\u00e1rio-Administrativo para SEFAZ-AM: Introdu\u00e7\u00e3o\"}]},{\"@type\":\"WebSite\",\"@id\":\"https:\/\/www.estrategiaconcursos.com.br\/blog\/#website\",\"url\":\"https:\/\/www.estrategiaconcursos.com.br\/blog\/\",\"name\":\"Estrat\u00e9gia Concursos\",\"description\":\"O blog da Estrat\u00e9gia Concursos traz not\u00edcias sobre concursos e artigos de professores oferecendo cursos para concursos (pdf + videaulas) no site.\",\"publisher\":{\"@id\":\"https:\/\/www.estrategiaconcursos.com.br\/blog\/#organization\"},\"potentialAction\":[{\"@type\":\"SearchAction\",\"target\":{\"@type\":\"EntryPoint\",\"urlTemplate\":\"https:\/\/www.estrategiaconcursos.com.br\/blog\/?s={search_term_string}\"},\"query-input\":{\"@type\":\"PropertyValueSpecification\",\"valueRequired\":true,\"valueName\":\"search_term_string\"}}],\"inLanguage\":\"pt-BR\"},{\"@type\":\"Organization\",\"@id\":\"https:\/\/www.estrategiaconcursos.com.br\/blog\/#organization\",\"name\":\"Estrat\u00e9gia Concursos\",\"url\":\"https:\/\/www.estrategiaconcursos.com.br\/blog\/\",\"logo\":{\"@type\":\"ImageObject\",\"inLanguage\":\"pt-BR\",\"@id\":\"https:\/\/www.estrategiaconcursos.com.br\/blog\/#\/schema\/logo\/image\/\",\"url\":\"https:\/\/dhg1h5j42swfq.cloudfront.net\/2025\/06\/03203428\/logo_concursos-1.jpg\",\"contentUrl\":\"https:\/\/dhg1h5j42swfq.cloudfront.net\/2025\/06\/03203428\/logo_concursos-1.jpg\",\"width\":230,\"height\":60,\"caption\":\"Estrat\u00e9gia Concursos\"},\"image\":{\"@id\":\"https:\/\/www.estrategiaconcursos.com.br\/blog\/#\/schema\/logo\/image\/\"},\"sameAs\":[\"https:\/\/x.com\/EstratConcursos\"]},{\"@type\":\"Person\",\"@id\":\"https:\/\/www.estrategiaconcursos.com.br\/blog\/#\/schema\/person\/f0c830e07cfe11c231c0ea5dbb036df5\",\"name\":\"Kassio Henrique Sobral Rocha\",\"image\":{\"@type\":\"ImageObject\",\"inLanguage\":\"pt-BR\",\"@id\":\"https:\/\/secure.gravatar.com\/avatar\/d10350cbdad043facd8ec77a377f86f9026afee3348e463b04854fd4490ce759?s=96&d=mm&r=g\",\"url\":\"https:\/\/secure.gravatar.com\/avatar\/d10350cbdad043facd8ec77a377f86f9026afee3348e463b04854fd4490ce759?s=96&d=mm&r=g\",\"contentUrl\":\"https:\/\/secure.gravatar.com\/avatar\/d10350cbdad043facd8ec77a377f86f9026afee3348e463b04854fd4490ce759?s=96&d=mm&r=g\",\"caption\":\"Kassio Henrique Sobral Rocha\"},\"url\":\"https:\/\/www.estrategiaconcursos.com.br\/blog\/author\/kassio-rochayahoo-com-br\/\"}]}<\/script>\n<!-- \/ Yoast SEO Premium plugin. -->","yoast_head_json":{"title":"Resumo Processo Tribut\u00e1rio-Administrativo para SEFAZ-AM: Introdu\u00e7\u00e3o","description":"Confira neste artigo uma an\u00e1lise sobre o Processo Tribut\u00e1rio-Administrativo, presente no decreto 4.564\/79, para o concurso da\u00a0SEFAZ-AM.","robots":{"index":"index","follow":"follow","max-snippet":"max-snippet:-1","max-image-preview":"max-image-preview:large","max-video-preview":"max-video-preview:-1"},"canonical":"https:\/\/www.estrategiaconcursos.com.br\/blog\/processo-tributario-administrativo-sefaz-am\/","og_locale":"pt_BR","og_type":"article","og_title":"Resumo Processo Tribut\u00e1rio-Administrativo para SEFAZ-AM: Introdu\u00e7\u00e3o","og_description":"Confira neste artigo uma an\u00e1lise sobre o Processo Tribut\u00e1rio-Administrativo, presente no decreto 4.564\/79, para o concurso da\u00a0SEFAZ-AM.","og_url":"https:\/\/www.estrategiaconcursos.com.br\/blog\/processo-tributario-administrativo-sefaz-am\/","og_site_name":"Estrat\u00e9gia Concursos","article_published_time":"2022-04-06T14:51:00+00:00","article_modified_time":"2022-04-13T15:14:46+00:00","og_image":[{"width":768,"height":432,"url":"https:\/\/dhg1h5j42swfq.cloudfront.net\/2022\/03\/17150723\/sefaz-am-4.jpg","type":"image\/jpeg"}],"author":"Kassio Henrique Sobral Rocha","twitter_card":"summary_large_image","twitter_creator":"@EstratConcursos","twitter_site":"@EstratConcursos","twitter_misc":{"Escrito por":"Kassio Henrique Sobral Rocha","Est. tempo de leitura":"9 minutos"},"schema":{"@context":"https:\/\/schema.org","@graph":[{"@type":"NewsArticle","@id":"https:\/\/www.estrategiaconcursos.com.br\/blog\/processo-tributario-administrativo-sefaz-am\/#article","isPartOf":{"@id":"https:\/\/www.estrategiaconcursos.com.br\/blog\/processo-tributario-administrativo-sefaz-am\/"},"author":{"name":"Kassio Henrique Sobral Rocha","@id":"https:\/\/www.estrategiaconcursos.com.br\/blog\/#\/schema\/person\/f0c830e07cfe11c231c0ea5dbb036df5"},"headline":"Resumo Processo Tribut\u00e1rio-Administrativo para SEFAZ-AM: Introdu\u00e7\u00e3o","datePublished":"2022-04-06T14:51:00+00:00","dateModified":"2022-04-13T15:14:46+00:00","mainEntityOfPage":{"@id":"https:\/\/www.estrategiaconcursos.com.br\/blog\/processo-tributario-administrativo-sefaz-am\/"},"wordCount":1714,"commentCount":0,"publisher":{"@id":"https:\/\/www.estrategiaconcursos.com.br\/blog\/#organization"},"image":{"@id":"https:\/\/www.estrategiaconcursos.com.br\/blog\/processo-tributario-administrativo-sefaz-am\/#primaryimage"},"thumbnailUrl":"https:\/\/dhg1h5j42swfq.cloudfront.net\/2022\/03\/17150723\/sefaz-am-4.jpg","articleSection":["Concursos P\u00fablicos","Fiscal - Estadual (ICMS)"],"inLanguage":"pt-BR","potentialAction":[{"@type":"CommentAction","name":"Comment","target":["https:\/\/www.estrategiaconcursos.com.br\/blog\/processo-tributario-administrativo-sefaz-am\/#respond"]}],"copyrightYear":"2022","copyrightHolder":{"@id":"https:\/\/www.estrategiaconcursos.com.br\/blog\/#organization"}},{"@type":"WebPage","@id":"https:\/\/www.estrategiaconcursos.com.br\/blog\/processo-tributario-administrativo-sefaz-am\/","url":"https:\/\/www.estrategiaconcursos.com.br\/blog\/processo-tributario-administrativo-sefaz-am\/","name":"Resumo Processo Tribut\u00e1rio-Administrativo para SEFAZ-AM: Introdu\u00e7\u00e3o","isPartOf":{"@id":"https:\/\/www.estrategiaconcursos.com.br\/blog\/#website"},"primaryImageOfPage":{"@id":"https:\/\/www.estrategiaconcursos.com.br\/blog\/processo-tributario-administrativo-sefaz-am\/#primaryimage"},"image":{"@id":"https:\/\/www.estrategiaconcursos.com.br\/blog\/processo-tributario-administrativo-sefaz-am\/#primaryimage"},"thumbnailUrl":"https:\/\/dhg1h5j42swfq.cloudfront.net\/2022\/03\/17150723\/sefaz-am-4.jpg","datePublished":"2022-04-06T14:51:00+00:00","dateModified":"2022-04-13T15:14:46+00:00","description":"Confira neste artigo uma an\u00e1lise sobre o Processo Tribut\u00e1rio-Administrativo, presente no decreto 4.564\/79, para o concurso da\u00a0SEFAZ-AM.","breadcrumb":{"@id":"https:\/\/www.estrategiaconcursos.com.br\/blog\/processo-tributario-administrativo-sefaz-am\/#breadcrumb"},"inLanguage":"pt-BR","potentialAction":[{"@type":"ReadAction","target":["https:\/\/www.estrategiaconcursos.com.br\/blog\/processo-tributario-administrativo-sefaz-am\/"]}]},{"@type":"ImageObject","inLanguage":"pt-BR","@id":"https:\/\/www.estrategiaconcursos.com.br\/blog\/processo-tributario-administrativo-sefaz-am\/#primaryimage","url":"https:\/\/dhg1h5j42swfq.cloudfront.net\/2022\/03\/17150723\/sefaz-am-4.jpg","contentUrl":"https:\/\/dhg1h5j42swfq.cloudfront.net\/2022\/03\/17150723\/sefaz-am-4.jpg","width":768,"height":432,"caption":"Sefaz AM: prova 1 de Auditor do concurso \u00e9 anulada!"},{"@type":"BreadcrumbList","@id":"https:\/\/www.estrategiaconcursos.com.br\/blog\/processo-tributario-administrativo-sefaz-am\/#breadcrumb","itemListElement":[{"@type":"ListItem","position":1,"name":"In\u00edcio","item":"https:\/\/www.estrategiaconcursos.com.br\/blog\/"},{"@type":"ListItem","position":2,"name":"Resumo Processo Tribut\u00e1rio-Administrativo para SEFAZ-AM: Introdu\u00e7\u00e3o"}]},{"@type":"WebSite","@id":"https:\/\/www.estrategiaconcursos.com.br\/blog\/#website","url":"https:\/\/www.estrategiaconcursos.com.br\/blog\/","name":"Estrat\u00e9gia Concursos","description":"O blog da Estrat\u00e9gia Concursos traz not\u00edcias sobre concursos e artigos de professores oferecendo cursos para concursos (pdf + videaulas) no site.","publisher":{"@id":"https:\/\/www.estrategiaconcursos.com.br\/blog\/#organization"},"potentialAction":[{"@type":"SearchAction","target":{"@type":"EntryPoint","urlTemplate":"https:\/\/www.estrategiaconcursos.com.br\/blog\/?s={search_term_string}"},"query-input":{"@type":"PropertyValueSpecification","valueRequired":true,"valueName":"search_term_string"}}],"inLanguage":"pt-BR"},{"@type":"Organization","@id":"https:\/\/www.estrategiaconcursos.com.br\/blog\/#organization","name":"Estrat\u00e9gia Concursos","url":"https:\/\/www.estrategiaconcursos.com.br\/blog\/","logo":{"@type":"ImageObject","inLanguage":"pt-BR","@id":"https:\/\/www.estrategiaconcursos.com.br\/blog\/#\/schema\/logo\/image\/","url":"https:\/\/dhg1h5j42swfq.cloudfront.net\/2025\/06\/03203428\/logo_concursos-1.jpg","contentUrl":"https:\/\/dhg1h5j42swfq.cloudfront.net\/2025\/06\/03203428\/logo_concursos-1.jpg","width":230,"height":60,"caption":"Estrat\u00e9gia Concursos"},"image":{"@id":"https:\/\/www.estrategiaconcursos.com.br\/blog\/#\/schema\/logo\/image\/"},"sameAs":["https:\/\/x.com\/EstratConcursos"]},{"@type":"Person","@id":"https:\/\/www.estrategiaconcursos.com.br\/blog\/#\/schema\/person\/f0c830e07cfe11c231c0ea5dbb036df5","name":"Kassio Henrique Sobral Rocha","image":{"@type":"ImageObject","inLanguage":"pt-BR","@id":"https:\/\/secure.gravatar.com\/avatar\/d10350cbdad043facd8ec77a377f86f9026afee3348e463b04854fd4490ce759?s=96&d=mm&r=g","url":"https:\/\/secure.gravatar.com\/avatar\/d10350cbdad043facd8ec77a377f86f9026afee3348e463b04854fd4490ce759?s=96&d=mm&r=g","contentUrl":"https:\/\/secure.gravatar.com\/avatar\/d10350cbdad043facd8ec77a377f86f9026afee3348e463b04854fd4490ce759?s=96&d=mm&r=g","caption":"Kassio Henrique Sobral Rocha"},"url":"https:\/\/www.estrategiaconcursos.com.br\/blog\/author\/kassio-rochayahoo-com-br\/"}]}},"_links":{"self":[{"href":"https:\/\/www.estrategiaconcursos.com.br\/blog\/wp-json\/wp\/v2\/posts\/996367","targetHints":{"allow":["GET"]}}],"collection":[{"href":"https:\/\/www.estrategiaconcursos.com.br\/blog\/wp-json\/wp\/v2\/posts"}],"about":[{"href":"https:\/\/www.estrategiaconcursos.com.br\/blog\/wp-json\/wp\/v2\/types\/post"}],"author":[{"embeddable":true,"href":"https:\/\/www.estrategiaconcursos.com.br\/blog\/wp-json\/wp\/v2\/users\/1976"}],"replies":[{"embeddable":true,"href":"https:\/\/www.estrategiaconcursos.com.br\/blog\/wp-json\/wp\/v2\/comments?post=996367"}],"version-history":[{"count":20,"href":"https:\/\/www.estrategiaconcursos.com.br\/blog\/wp-json\/wp\/v2\/posts\/996367\/revisions"}],"predecessor-version":[{"id":1008294,"href":"https:\/\/www.estrategiaconcursos.com.br\/blog\/wp-json\/wp\/v2\/posts\/996367\/revisions\/1008294"}],"wp:featuredmedia":[{"embeddable":true,"href":"https:\/\/www.estrategiaconcursos.com.br\/blog\/wp-json\/wp\/v2\/media\/989618"}],"wp:attachment":[{"href":"https:\/\/www.estrategiaconcursos.com.br\/blog\/wp-json\/wp\/v2\/media?parent=996367"}],"wp:term":[{"taxonomy":"category","embeddable":true,"href":"https:\/\/www.estrategiaconcursos.com.br\/blog\/wp-json\/wp\/v2\/categories?post=996367"},{"taxonomy":"post_tag","embeddable":true,"href":"https:\/\/www.estrategiaconcursos.com.br\/blog\/wp-json\/wp\/v2\/tags?post=996367"},{"taxonomy":"tax_estado","embeddable":true,"href":"https:\/\/www.estrategiaconcursos.com.br\/blog\/wp-json\/wp\/v2\/tax_estado?post=996367"}],"curies":[{"name":"wp","href":"https:\/\/api.w.org\/{rel}","templated":true}]}}