{"id":996092,"date":"2022-03-28T15:43:05","date_gmt":"2022-03-28T18:43:05","guid":{"rendered":"https:\/\/www.estrategiaconcursos.com.br\/blog\/?p=996092"},"modified":"2022-03-30T13:20:23","modified_gmt":"2022-03-30T16:20:23","slug":"concurso-sefa-pa-auditor-fiscal-recursos","status":"publish","type":"post","link":"https:\/\/www.estrategiaconcursos.com.br\/blog\/concurso-sefa-pa-auditor-fiscal-recursos\/","title":{"rendered":"Concurso SEFA PA \u2013 Auditor Fiscal: veja os recursos poss\u00edveis!"},"content":{"rendered":"\n<p>As provas do <a href=\"https:\/\/www.estrategiaconcursos.com.br\/blog\/concurso-sefa-pa\/\" target=\"_blank\" rel=\"noreferrer noopener\">concurso p\u00fablico da Secretaria do Estado da Fazenda do Par\u00e1 (SEFA PA)<\/a>, para o cargo de Auditor Fiscal, foram aplicadas pela FADESP no \u00faltimo domingo (27).<\/p>\n\n\n\n<p>Assim, ser\u00e3o aceitos&nbsp;<strong>recursos contra os resultados at\u00e9 a pr\u00f3xima quarta-feira (30)<\/strong>. Os&nbsp;<a href=\"https:\/\/www.estrategiaconcursos.com.br\/blog\/concurso-sefa-pa-gabaritos-preliminares\/\" target=\"_blank\" rel=\"noreferrer noopener\">gabaritos preliminares<\/a>, inclusive, j\u00e1 foram publicados.<\/p>\n\n\n\n<p>E para saber quais quest\u00f5es s\u00e3o pass\u00edveis de anula\u00e7\u00e3o ou recursos, reunimos nosso time de professores, os mesmos que participaram do evento \u2018<a href=\"https:\/\/www.estrategiaconcursos.com.br\/blog\/gabarito-extraoficial-sefa-pa-auditor-fiscal\/\" target=\"_blank\" rel=\"noreferrer noopener\">Gabarito Extraoficial<\/a>\u2019, para apont\u00e1-las.<\/p>\n\n\n<figure class=\"wp-block-embed-youtube wp-block-embed is-type-video is-provider-youtube wp-embed-aspect-16-9 wp-has-aspect-ratio\"><div class=\"lyte-wrapper\" style=\"width:853px;max-width:100%;margin:5px;\"><div class=\"lyMe\" id=\"WYL_2heeLXKEylU\"><div id=\"lyte_2heeLXKEylU\" data-src=\"\/\/i.ytimg.com\/vi\/2heeLXKEylU\/hqdefault.jpg\" class=\"pL\"><div class=\"tC\"><div class=\"tT\"><\/div><\/div><div class=\"play\"><\/div><div class=\"ctrl\"><div class=\"Lctrl\"><\/div><div class=\"Rctrl\"><\/div><\/div><\/div><noscript><a href=\"https:\/\/youtu.be\/2heeLXKEylU\" rel=\"nofollow\"><img loading=\"lazy\" decoding=\"async\" src=\"https:\/\/i.ytimg.com\/vi\/2heeLXKEylU\/0.jpg\" alt=\"YouTube video thumbnail\" width=\"853\" height=\"460\" \/><br \/>Assista a este v\u00eddeo no YouTube<\/a><\/noscript><\/div><\/div><div class=\"lL\" style=\"max-width:100%;width:853px;margin:5px;\"><\/div><figcaption><\/figcaption><\/figure>\n\n\n<h3 class=\"has-cyan-bluish-gray-background-color has-background wp-block-heading\" id=\"h-recursos-possiveis-concurso-sefa-pa-auditor-fiscal\"><strong>Recursos poss\u00edveis &#8211; concurso <a href=\"http:\/\/www.sefa.pa.gov.br\/\" target=\"_blank\" rel=\"noreferrer noopener\">SEFA PA<\/a>: Auditor Fiscal<\/strong><\/h3>\n\n\n\n<p><strong>Quest\u00e3o 06:<\/strong> Do enunciado <em>\u00c9 como se existisse um passaporte pela felicidade e ele fosse um extreme makeover<\/em> (linhas 26 e 27) \u00e9 correto compreender que a felicidade \u00e9<\/p>\n\n\n\n<p><strong>GABARITO PRELIMINAR: <\/strong>Letra D<\/p>\n\n\n\n<p><strong>GABARITO PRETENDIDO: <\/strong>ANULA\u00c7\u00c3O<\/p>\n\n\n\n<p><strong>FUNDAMENTA\u00c7\u00c3O:<\/strong><\/p>\n\n\n\n<p>\u00c9 poss\u00edvel depreender do contexto que a felicidade \u00e9 tanto \u201ca raz\u00e3o para se almejar o passaporte\u201d quanto \u201co destino da pessoa que det\u00e9m o passaporte\u201d.<\/p>\n\n\n\n<p>A primeira leitura est\u00e1 baseada no emprego da preposi\u00e7\u00e3o \u201cpor\u201d em \u201cum passaporte pela felicidade\u201d. Essa preposi\u00e7\u00e3o nocional estabelece uma rela\u00e7\u00e3o de causa\/raz\u00e3o. O passaporte \u00e9 por causa da felicidade.<\/p>\n\n\n\n<p>J\u00e1 a leitura de que a felicidade \u00e9 destino ampara-se na sem\u00e2ntica do substantivo \u201cpassaporte\u201d. \u00c9 poss\u00edvel pressupor que passaporte seja um meio para se chegar a um destino e que esse destino, a partir da compreens\u00e3o do texto, seria a felicidade. Essa leitura \u00e9 refor\u00e7ada pelo pr\u00f3prio contexto, quando o texto diz que \u201cfelicidade s\u00f3 se alcan\u00e7a quando atingimos um determinado ideal\u201d (linhas 25 e 26). De acordo com dicion\u00e1rios da L\u00edngua Portuguesa, \u201calcan\u00e7ar\u201d \u00e9 chegar a um determinado lugar, e \u201catingir\u201d \u00e9 chegar a um determinado ponto ou lugar. Portanto, a felicidade seria esse lugar de chegada, o destino.<\/p>\n\n\n\n<p>Ante a fundamenta\u00e7\u00e3o acima, por haver mais de uma resposta poss\u00edvel, solicita-se a anula\u00e7\u00e3o da quest\u00e3o.<\/p>\n\n\n\n<p><strong>Quest\u00e3o 09:<\/strong>&nbsp;Para a autora, \u00e9 instagram\u00e1vel (linha 62) o que<\/p>\n\n\n\n<p><strong>GABARITO PRELIMINAR: <\/strong>Letra B<\/p>\n\n\n\n<p><strong>GABARITO PRETENDIDO: <\/strong>ANULA\u00c7\u00c3O<\/p>\n\n\n\n<p><strong>FUNDAMENTA\u00c7\u00c3O:<\/strong><\/p>\n\n\n\n<p>A banca considerou como resposta a letra B, em que se afirma que \u00e9 instagram\u00e1vel aquilo que est\u00e1 de acordo com os padr\u00f5es. Essa realmente \u00e9 uma possibilidade de resposta, pois o texto discorre no 11\u00ba par\u00e1grafo a respeito do \u201cpadr\u00e3o pr\u00e9-estabelecido e imposto h\u00e1 anos e agora impulsionado pelo instagram\u00e1vel\u201d. No entanto, a ideia do que \u00e9 instagram\u00e1vel \u00e9 mais bem desenvolvida no par\u00e1grafo seguinte, no qual o texto diz que \u201ctem que estar bonito no Instagram para as pessoas curtirem, mandarem cora\u00e7\u00f5es, elogiarem, escrevem perfeita\u201d, possibilitando a leitura de que instagram\u00e1vel \u00e9 aquilo que \u201cagrada aos usu\u00e1rios do Instagram\u201d, uma vez que eles curtem e comentam.<\/p>\n\n\n\n<p>Ante a fundamenta\u00e7\u00e3o acima, por haver mais de uma resposta poss\u00edvel, solicita-se a anula\u00e7\u00e3o da quest\u00e3o.<\/p>\n\n\n\n<p><strong>Quest\u00e3o 10<\/strong>: A banca questiona qual tributo possui como fato gerador a circula\u00e7\u00e3o de ouro como ativo financeiro e indica, em seu gabarito preliminar, a alternativa \u201cC\u201d como resposta, que disp\u00f5e o seguinte: \u201cIOF \u2013 Imposto sobre Opera\u00e7\u00f5es Financeiras \u2013, na forma do \u00a75\u00b0 do art. 153 da Constitui\u00e7\u00e3o Federal, que assegura a transfer\u00eancia de 30% (trinta por cento) do produto da arrecada\u00e7\u00e3o para o Estado, o Distrito Federal ou o Territ\u00f3rio de origem e 60% (sessenta por cento) para o Munic\u00edpio de origem.\u201d<\/p>\n\n\n\n<p>Essa alternativa, embora tenha indicado o imposto corretamente, conforme \u00a75\u00b0 do art. 153 da Constitui\u00e7\u00e3o Federal, n\u00e3o est\u00e1 de acordo com o que disp\u00f5e o inciso II desse mesmo par\u00e1grafo, pois esse inciso assevera que a transfer\u00eancia do montante da arrecada\u00e7\u00e3o aos Munic\u00edpios \u00e9 de 70% (setenta por cento), e n\u00e3o de 60% (sessenta por cento), como indicado pela douta banca.<\/p>\n\n\n\n<p>Assim, pelo exposto, e por n\u00e3o haver alternativa correta, solicito, respeitosamente, a altera\u00e7\u00e3o do gabarito de \u201cC\u201d para \u201cQUEST\u00c3O ANULADA\u201d.<\/p>\n\n\n\n<p><strong>Quest\u00e3o 25<\/strong>: Um investidor possui tr\u00eas t\u00edtulos de notas promiss\u00f3rias nos valores de R$ 10.000,00, R$ 20.000,00 e R$ 30.0000,00 com vencimentos em 6, 12 e 18 meses, respectivamente. Recebeu uma oferta de R$ 45.000,00 pelo resgate das tr\u00eas notas promiss\u00f3rias. Considerando o regime de capitaliza\u00e7\u00e3o composta e juros reais de 1% ao m\u00eas, caso aceite a oferta, o valor percentual do abatimento concedido sobre o valor atual do total das notas promiss\u00f3rias poder\u00e1 ser calculado pela express\u00e3o matem\u00e1tica:<\/p>\n\n\n\n<p>Pedido: Anula\u00e7\u00e3o<\/p>\n\n\n\n<p>Motivo: falta de alternativa correta<\/p>\n\n\n\n<p>Fundamenta\u00e7\u00e3o:<\/p>\n\n\n\n<p>O valor do desconto \u00e9 R$ 15.000,00. Visto que o valor nominal das promiss\u00f3rias \u00e9 R$ 60.000,00 e foi pago R$ 45.000,00. O autor pediu o percentual que esse valor representa dentro o valor atual das tr\u00eas notas.<\/p>\n\n\n\n<p>Para calcular o valor atual, usamos a express\u00e3o:<\/p>\n\n\n\n<figure class=\"wp-block-image size-full\"><img loading=\"lazy\" decoding=\"async\" width=\"432\" height=\"114\" src=\"https:\/\/dhg1h5j42swfq.cloudfront.net\/2022\/03\/28212312\/image-326.png\" alt=\"\" class=\"wp-image-996359\" srcset=\"https:\/\/dhg1h5j42swfq.cloudfront.net\/2022\/03\/28212312\/image-326.png 432w, https:\/\/dhg1h5j42swfq.cloudfront.net\/2022\/03\/28212312\/image-326-300x79.png 300w\" sizes=\"auto, (max-width: 432px) 100vw, 432px\" \/><\/figure>\n\n\n\n<p>Assim, temos que o percentual pode ser calculado pela divis\u00e3o entre a parte e o todo:<\/p>\n\n\n\n<figure class=\"wp-block-image size-full\"><img loading=\"lazy\" decoding=\"async\" width=\"663\" height=\"131\" src=\"https:\/\/dhg1h5j42swfq.cloudfront.net\/2022\/03\/28212331\/image-327.png\" alt=\"\" class=\"wp-image-996360\" srcset=\"https:\/\/dhg1h5j42swfq.cloudfront.net\/2022\/03\/28212331\/image-327.png 663w, https:\/\/dhg1h5j42swfq.cloudfront.net\/2022\/03\/28212331\/image-327-300x59.png 300w, https:\/\/dhg1h5j42swfq.cloudfront.net\/2022\/03\/28212331\/image-327-610x121.png 610w\" sizes=\"auto, (max-width: 663px) 100vw, 663px\" \/><\/figure>\n\n\n\n<p>Como em nenhuma alternativa consta a express\u00e3o apresentada, a quest\u00e3o deve ser anulada.<\/p>\n\n\n\n<p><strong>Quest\u00e3o 40<\/strong>: Para uma amostra aleat\u00f3ria considerada grande, com vari\u00e2ncia <img loading=\"lazy\" decoding=\"async\" width=\"16\" height=\"19\" src=\"\"\/>\u00a0conhecida, um intervalo de confian\u00e7a para <img loading=\"lazy\" decoding=\"async\" width=\"8\" height=\"19\" src=\"\"\/>, com 95% de confian\u00e7a \u00e9 dado por&#8230;<\/p>\n\n\n\n<p><strong>Pedido: anula\u00e7\u00e3o<\/strong><\/p>\n\n\n\n<p>Motivo: faltam dados no enunciado<\/p>\n\n\n\n<p>Fundamenta\u00e7\u00e3o: No texto da quest\u00e3o n\u00e3o est\u00e1 especificado o que representa a letra <img loading=\"lazy\" decoding=\"async\" width=\"8\" height=\"19\" src=\"\"\/>, nem <img loading=\"lazy\" decoding=\"async\" width=\"10\" height=\"19\" src=\"\"\/>, nem n, nem <img loading=\"lazy\" decoding=\"async\" width=\"9\" height=\"19\" src=\"\"\/>&nbsp;e nem tampouco Z. Embora possamos supor quem sejam, por exemplo <img loading=\"lazy\" decoding=\"async\" width=\"8\" height=\"19\" src=\"\"\/>, que normalmente representa a m\u00e9dia populacional. Contudo n\u00e3o est\u00e1 em nenhuma bibliografia, e aqui solicitamos ao autor, caso conhe\u00e7a alguma que diga que obrigatoriamente a letra <img loading=\"lazy\" decoding=\"async\" width=\"8\" height=\"19\" src=\"\"\/>&nbsp;represente a m\u00e9dia populacional, que cite-a no despacho sobre esse recurso. O mesmo racioc\u00ednio vale para os demais elementos mencionados e o mais grave para a letra <img loading=\"lazy\" decoding=\"async\" width=\"15\" height=\"19\" src=\"\"\/>N\u00e3o sabemos se <img loading=\"lazy\" decoding=\"async\" width=\"9\" height=\"19\" src=\"\"\/>&nbsp;representa a confian\u00e7a ou o complemento dela.<\/p>\n\n\n\n<p>Mesmo que o candidato entendesse, pelo que \u00e9 mais usual, que <img loading=\"lazy\" decoding=\"async\" width=\"8\" height=\"19\" src=\"\"\/>&nbsp;\u00e9 a m\u00e9dia populacional, que Z \u00e9 a distribui\u00e7\u00e3o normal padr\u00e3o, que n \u00e9 o n\u00famero de elementos da amostra, que <img loading=\"lazy\" decoding=\"async\" width=\"10\" height=\"19\" src=\"\"\/>&nbsp;\u00e9 a m\u00e9dia amostral, ainda assim, a letra <img loading=\"lazy\" decoding=\"async\" width=\"9\" height=\"19\" src=\"\"\/>&nbsp;era determinante, pois sendo ela a confian\u00e7a, dever\u00edamos marcar a letra E e sendo ela, como de costume o complementar da confian\u00e7a, marcar a B de bola.<\/p>\n\n\n\n<p>Fica evidente que o autor deveria fazer, como fazem todos os demais autores, e especificar o que significa cada elemento, e que sem essa especifica\u00e7\u00e3o a quest\u00e3o deve ser anulada.<\/p>\n\n\n\n<p><strong>Quest<\/strong>\u00e3o <strong>41<\/strong>: O Estado brasileiro passou por uma s\u00e9rie de reformas administrativas. Isso se deu, principalmente, pela necessidade de atender novas demandas da sociedade, ou seja, aumentar a efici\u00eancia do servi\u00e7o p\u00fablico, que \u00e9 um dos princ\u00edpios da Administra\u00e7\u00e3o P\u00fablica. Sobre as principais reformas administrativas ocorridas no Brasil, analise as afirmativas abaixo.<\/p>\n\n\n\n<p>I. Na reforma administrativa de 1967, o Decreto-Lei N\u00ba 200, refor\u00e7ou a descentraliza\u00e7\u00e3o dos servi\u00e7os da Administra\u00e7\u00e3o Federal para as Unidades Federadas, mediante conv\u00eanios, e para a iniciativa privada, mediante contratos e concess\u00f5es.<\/p>\n\n\n\n<p>II. A reforma de 1995, buscando seguir os princ\u00edpios da Nova Gest\u00e3o P\u00fablica, tornou ainda mais restritas as possibilidades de parceria com organiza\u00e7\u00f5es privadas sem fins lucrativos, com o objetivo de reduzir casos de corrup\u00e7\u00e3o e desvios de verbas p\u00fablicas.<\/p>\n\n\n\n<p>III. A reforma administrativa de 1930 teve como principal contribui\u00e7\u00e3o a reforma da administra\u00e7\u00e3o do pessoal do servi\u00e7o p\u00fablico, estabelecendo medidas como igualdade de oportunidades para ingresso no servi\u00e7o p\u00fablico e padroniza\u00e7\u00e3o da classifica\u00e7\u00e3o de cargos e sal\u00e1rios.<\/p>\n\n\n\n<p>IV. Foi na reforma administrativa de 1995 que ocorreram transforma\u00e7\u00f5es de autarquias e funda\u00e7\u00f5es que exerciam atividades exclusivas do Estado em ag\u00eancias aut\u00f4nomas. Por exemplo, o Departamento Nacional de \u00c1guas e Energia \u2013 DNAE que se tornou, nesta ocasi\u00e3o, a Ag\u00eancia Nacional de Energia El\u00e9trica \u2013 ANEEL.<\/p>\n\n\n\n<p>V. Entre as iniciativas, ocorridas a partir 1995 para realizar a reforma do Estado, destaca-se o in\u00edcio das privatiza\u00e7\u00f5es no Brasil, tendo como seu primeiro processo efetivado a privatiza\u00e7\u00e3o da empresa Vale do Rio Doce. Est\u00e3o corretas as afirmativas (<\/p>\n\n\n\n<p>A) I, II e IV.<\/p>\n\n\n\n<p>(B) II, IV e V.<\/p>\n\n\n\n<p>(C) II, III e IV.<\/p>\n\n\n\n<p>(D) I e V.<\/p>\n\n\n\n<p>(E) III, IV e V.<\/p>\n\n\n\n<p><strong>A banca atribuiu como gabarito preliminar a alternativa \u201cC\u201d \u2013 apontando as senten\u00e7as II, III e IV est\u00e3o corretas.<\/strong><\/p>\n\n\n\n<p><strong>Com rela\u00e7\u00e3o \u00e0 alternativa II, temos a comentar:<\/strong><\/p>\n\n\n\n<p><strong>A senten\u00e7a II:<\/strong> A reforma de 1995, buscando seguir os princ\u00edpios da Nova Gest\u00e3o P\u00fablica tornou ainda mais restritivas as possibilidades de parceria com organiza\u00e7\u00f5es privadas sem fins lucrativos, com o objetivo de reduzir casos de corrup\u00e7\u00e3o e desvios de verbas p\u00fablicas.<\/p>\n\n\n\n<p>Essa assertiva jamais pode ser considerada correta, pois \u00e9 un\u00e2nime entre todos os estudiosos da reforma de 1995 que ela incentivou as possibilidades de parceria com organiza\u00e7\u00f5es privadas sem fins lucrativos.&nbsp;<\/p>\n\n\n\n<p>O eminente estudioso Bresser-Pereira (2000) aponta que \u201ca reforma gerencial do Estado de 1995 faz distin\u00e7\u00e3o entre as atividades exclusivas do Estado e as atividades sociais e cient\u00edficas: o Estado deve executar formalmente as primeiras, enquanto financia as outras, que devem ser executadas por organiza\u00e7\u00f5es p\u00fablicas n\u00e3o-estatais<\/p>\n\n\n\n<p>Em outra passagem, neste mesmo artigo, Bresser-Pereira comenta:<\/p>\n\n\n\n<p>Nas ag\u00eancias, o ministro nomear\u00e1 o diretor executivo e assinar\u00e1 com ele o contrato de gest\u00e3o; nas organiza\u00e7\u00f5es sociais, o diretor executivo ser\u00e1 escolhido pelo conselho de administra\u00e7\u00e3o \u2014 ao ministro caber\u00e1 assinar os contratos de gest\u00e3o e controlar os resultados. Os contratos de gest\u00e3o dever\u00e3o prover os recursos de pessoal, materiais e financeiros com os quais poder\u00e3o contar as ag\u00eancias ou as organiza\u00e7\u00f5es sociais e definir\u00e3o claramente \u2014 quantitativa e qualitativamente \u2014 as metas e respectivos indicadores de desempenho: os resultados a serem alcan\u00e7ados, acordados pelas partes.<\/p>\n\n\n\n<p>Em outro texto publicado por Bresser-Pereira (1998), ele refor\u00e7a que a amplia\u00e7\u00e3o das parcerias com organiza\u00e7\u00f5es privadas sem fins lucrativas foi um dos pilares que buscavam a capacidade de governan\u00e7a, focada no controle de resultados, atrav\u00e9s do Contrato de Gest\u00e3o, que sofre a fiscaliza\u00e7\u00e3o n\u00e3o s\u00f3 do controle externo como do controle interno.<\/p>\n\n\n\n<p>os quatro aspectos b\u00e1sicos da reconstru\u00e7\u00e3o do Estado: a delimita\u00e7\u00e3o de sua abrang\u00eancia institucional e os processos de redu\u00e7\u00e3o do tamanho do Estado, a demarca\u00e7\u00e3o de seu papel regulador e os processos de desregulamenta\u00e7\u00e3o, o aumento de sua capacidade de governan\u00e7a, e o aumento de sua governabilidade. Nos quatro casos, o objetivo n\u00e3o \u00e9 enfraquecer o Estado, mas fortalec\u00ea-lo. O pressuposto ser\u00e1 sempre o do regime democr\u00e1tico, n\u00e3o apenas porque a democracia \u00e9 um valor final, mas tamb\u00e9m porque, no est\u00e1gio de civiliza\u00e7\u00e3o que a humanidade alcan\u00e7ou, \u00e9 o \u00fanico regime que tem condi\u00e7\u00f5es de garantir estabilidade pol\u00edtica e desenvolvimento econ\u00f4mico sustentado<\/p>\n\n\n\n<p>Ara\u00fajo e Borges (2018) em texto no qual propuseram uma an\u00e1lise de \u201c20 anos do plano diretor da reforma do aparelho do estado no Brasil: avan\u00e7os e limites\u201d os autores citam em v\u00e1rias passagens o avan\u00e7o que foi promovido com as parceiras, conforme transcrito:<\/p>\n\n\n\n<p>Em rela\u00e7\u00e3o a uma nova arquitetura organizacional para a execu\u00e7\u00e3o dos servi\u00e7os p\u00fablicos &#8211; <strong>Ag\u00eancias reguladoras e Executivas e Organiza\u00e7\u00f5es Sociais (os) &#8211; pode-se afirmar que houve um avan\u00e7o enorme, em especial em rela\u00e7\u00e3o \u00e0s ag\u00eancias reguladoras e organiza\u00e7\u00f5es sociais<\/strong>. <strong>Tamb\u00e9m deve-se registrar o crescimento das Organiza\u00e7\u00f5es da Sociedade Civil de Interesse P\u00fablico (oscip), que n\u00e3o estavam previstas inicialmente no Plano Diretor mas que foram propostas, ainda em 1999, para operar as atividades de promo\u00e7\u00e3o da assist\u00eancia social, cultura, defesa e conserva\u00e7\u00e3o do patrim\u00f4nio p\u00fablico, seguran\u00e7a alimentar e nutricional, sa\u00fade, meio ambiente e educa\u00e7\u00e3o, entre outras, atrav\u00e9s de Termo de Parceria.<\/strong><\/p>\n\n\n\n<p><strong>FONTE:<\/strong><\/p>\n\n\n\n<p>Bresser-Pereira, Luiz Carlos. A reforma gerencial do Estado de 1995. RAP. Rio de Janeiro 34(4):7-26, Jul.\/Ago. 2000.<\/p>\n\n\n\n<p>Bresser-Pereira , Luiz Carlos. A reforma do Estado dos anos 90: l\u00f3gica e mecanismos de controle. Lua Nova. 1998.<\/p>\n\n\n\n<p>Ara\u00fajo, Maria Arlete Duarte. Borges, Djalma Freire. 20 anos do plano diretor da reforma do aparelho do estado no Brasil: avan\u00e7os e limites. Revista Espacios P\u00fablicos, vol. 21, n\u00fam. 52, pp. 7-24, 2018<\/p>\n\n\n\n<p><strong>Com rela\u00e7\u00e3o \u00e0 alternativa IV dessa mesma quest\u00e3o 41, temos a comentar<\/strong><\/p>\n\n\n\n<p><strong>Senten\u00e7a IV<\/strong> \u2013 Foi na reforma administrativa de 1995 que ocorreram transforma\u00e7\u00f5es de autarquias e funda\u00e7\u00f5es que exerciam atividades exclusivas do Estado em ag\u00eancias reguladoras. Por exemplo, o Departamento Nacional de \u00c1guas e Energia &#8211; DNAE que se tornou nesta ocasi\u00e3o, a Ag\u00eancia Nacional de Energia El\u00e9trica \u2013 ANEEL.<\/p>\n\n\n\n<p>Nessa alternativa, atribu\u00edda como correta pela banca examinadora, h\u00e1 dois grandes equ\u00edvocos.&nbsp;<\/p>\n\n\n\n<p><strong>Primeiro <\/strong>que o DNAE n\u00e3o se \u201cTORNOU\u201d ANEEL. O que houve e<strong>m fevereiro de 1996, <\/strong>\u00e9 que o ministro de Minas e Energia, Raimundo Brito, encaminhou ao presidente da Rep\u00fablica o anteprojeto de lei que propunha<strong> a institui\u00e7\u00e3o da Aneel <\/strong>como novo \u00f3rg\u00e3o regulador dos servi\u00e7os de energia el\u00e9trica,<strong> EM SUBSTITUI\u00c7\u00c3O AO DNAEE. Ou seja, n\u00e3o houve troca.<\/strong><\/p>\n\n\n\n<p><strong>Segundo, e mais importante, <\/strong>\u00e9 que oDepartamento Nacional de \u00c1guas e Energia El\u00e9trica <strong>(DNAEE) foi substitu\u00eddo pela ANEEL e N\u00c3O o<\/strong><strong> <\/strong><strong>Departamento Nacional de \u00c1guas e Energia \u2013 DNAE<\/strong>, o qual foi substitu\u00eddo em 1968, atrav\u00e9s do Decreto n\u00ba 63.951 alterou a denomina\u00e7\u00e3o do \u00f3rg\u00e3o para DNAEE, conforme transcrito abaixo, conforme texto publicado pela Funda\u00e7\u00e3o Get\u00falio Vargas.<\/p>\n\n\n\n<p><strong>AG\u00caNCIA NACIONAL DE ENERGIA EL\u00c9TRICA (ANEEL)<\/strong><\/p>\n\n\n\n<p>Autarquia em regime especial, vinculada ao&nbsp;<strong>Minist\u00e9rio de Minas e Energia (<\/strong>MME),&nbsp;criada pela Lei n\u00ba 9.427, de 26 de dezembro de 1996, com a finalidade de regular e fiscalizar a produ\u00e7\u00e3o, transmiss\u00e3o e comercializa\u00e7\u00e3o de energia el\u00e9trica em conformidade com as pol\u00edticas e diretrizes do governo federal. Regulamentada pelo Decreto n\u00ba 2.335, de 6 de outubro de 1997, iniciou suas atividades em dezembro do mesmo ano.<\/p>\n\n\n\n<p><strong>Antecedentes<\/strong><\/p>\n\n\n\n<p>(&#8230;)<\/p>\n\n\n\n<p>Em&nbsp;1965, a&nbsp;Divis\u00e3o de \u00c1guas do DNPM foi transformada no Departamento Nacional de \u00c1guas e Energia (DNAE) em decorr\u00eancia de ampla reestrutura\u00e7\u00e3o do MME. Tr\u00eas anos depois, o Decreto n\u00ba 63.951 alterou a denomina\u00e7\u00e3o do \u00f3rg\u00e3o para <strong>Departamento Nacional de \u00c1guas e Energia El\u00e9trica (DNAEE<\/strong>). O CNAEE foi formalmente extinto em julho de 1969. Foi estabelecida assim a estrutura b\u00e1sica da administra\u00e7\u00e3o federal dos servi\u00e7os de energia el\u00e9trica que se manteve durante quase tr\u00eas d\u00e9cadas: de um lado, o DNAEE, \u00f3rg\u00e3o normativo e fiscalizador com as atribui\u00e7\u00f5es inerentes ao poder concedente da Uni\u00e3o, e de outro, a Eletrobr\u00e1s, empresa respons\u00e1vel pelo planejamento e execu\u00e7\u00e3o da pol\u00edtica federal de energia el\u00e9trica.<\/p>\n\n\n\n<p>O DNAEE foi incumbido entre outras tarefas de planejar, coordenar e desenvolver estudos hidrol\u00f3gicos; acompanhar e participar do planejamento do setor; controlar e supervisionar as concession\u00e1rias; fixar tarifas de energia el\u00e9trica; instruir pedidos de concess\u00e3o ou autoriza\u00e7\u00e3o para produ\u00e7\u00e3o de energia hidr\u00e1ulica e t\u00e9rmica e para transmiss\u00e3o e distribui\u00e7\u00e3o de energia; e determinar coeficientes distributivos do Imposto \u00danico sobre Energia El\u00e9trica (IUEE), fun\u00e7\u00e3o que desapareceu juntamente com o imposto, extinto pela Constitui\u00e7\u00e3o de 1988.<\/p>\n\n\n\n<p>(&#8230;)<\/p>\n\n\n\n<p><strong>Em fevereiro de 1996, o ministro de Minas e Energia, Raimundo Brito, encaminhou ao presidente da Rep\u00fablica o anteprojeto de lei que propunha a institui\u00e7\u00e3o da Aneel como novo \u00f3rg\u00e3o regulador dos servi\u00e7os de energia el\u00e9trica, em substitui\u00e7\u00e3o ao DNAEE.<\/strong><\/p>\n\n\n\n<p><strong>FONTE:<\/strong><\/p>\n\n\n\n<p><strong>http:\/\/www.fgv.br\/cpdoc\/acervo\/dicionarios\/verbete-tematico\/agencia-nacional-de-energia-eletrica-aneel<\/strong><\/p>\n\n\n\n<p><strong>Quest\u00e3o 42<\/strong>: Diversos s\u00e3o os modelos de gest\u00e3o p\u00fablica j\u00e1 adotados pelo Estado brasileiro, desenvolvidos com inspira\u00e7\u00e3o na expans\u00e3o das empresas e suas experi\u00eancias. Na d\u00e9cada de 30, come\u00e7ava a surgir o modelo burocr\u00e1tico como modelo de gest\u00e3o p\u00fablica brasileiro. Entre as cr\u00edticas apontadas a este modelo de gest\u00e3o, considere as seguintes afirmativas.<\/p>\n\n\n\n<p>I. Viabilizou a divis\u00e3o social do trabalho e a racionalidade t\u00e9cnica, que tornaram mais demorada a obten\u00e7\u00e3o dos resultados.<\/p>\n\n\n\n<p>II. N\u00e3o considera a ocorr\u00eancia de perturba\u00e7\u00f5es nos procedimentos, uma vez que \u00e9 baseado na estabilidade e previsibilidade dos processos.<\/p>\n\n\n\n<p>III. Facilitou os eventos de corrup\u00e7\u00e3o por funcion\u00e1rios p\u00fablicos por deixar os processos menos transparentes.<\/p>\n\n\n\n<p>IV. Gerou uma observ\u00e2ncia acr\u00edtica \u00e0s normas e aos regulamentos pelos servidores das organiza\u00e7\u00f5es p\u00fablicas. V. Pressup\u00f5e uma forte press\u00e3o sobre os funcion\u00e1rios, baseada no controle dos processos. Est\u00e3o corretas as afirmativas<\/p>\n\n\n\n<p>(A) II, IV e V.<\/p>\n\n\n\n<p>(B) I, II e III.<\/p>\n\n\n\n<p>(C) I e V.<\/p>\n\n\n\n<p>(D) II e IV apenas.<\/p>\n\n\n\n<p>(E) I e III apenas.<\/p>\n\n\n\n<p><strong>Pessoal, com rela\u00e7\u00e3o a esta quest\u00e3o eu comentei na proposta do gabarito preliminar, no v\u00eddeo que est\u00e1 salvo no Youtube do Estrat\u00e9gia, blz!<\/strong><\/p>\n\n\n\n<p>Coment\u00e1rios \u00e0 quest\u00e3o 42<\/p>\n\n\n\n<p>A cr\u00edtica de MERTON parte da exig\u00eancia do CONTROLE rigoroso para que um sistema burocr\u00e1tico apresente um resultado perfeito. Ent\u00e3o, <strong>a BUROCRACIA exerce uma forte press\u00e3o sobre o funcion\u00e1rio: no comportamento disciplinado e met\u00f3dico<\/strong>. A press\u00e3o vem pela exig\u00eancia de um alto grau de confian\u00e7a na conduta dos profissionais.<\/p>\n\n\n\n<figure class=\"wp-block-embed is-type-wp-embed is-provider-prof-luiz-roberto wp-block-embed-prof-luiz-roberto\"><div class=\"wp-block-embed__wrapper\">\n<blockquote class=\"wp-embedded-content\" data-secret=\"UMoQ1lx24i\"><a href=\"https:\/\/professorluizroberto.com\/criticas-a-teoria-da-burocracia\/\">Cr\u00edticas \u00e0 Teoria da BUROCRACIA<\/a><\/blockquote><iframe loading=\"lazy\" class=\"wp-embedded-content\" sandbox=\"allow-scripts\" security=\"restricted\" style=\"position: absolute; clip: rect(1px, 1px, 1px, 1px);\" title=\"&#8220;Cr\u00edticas \u00e0 Teoria da BUROCRACIA&#8221; &#8212; Prof. Luiz Roberto\" src=\"https:\/\/professorluizroberto.com\/criticas-a-teoria-da-burocracia\/embed\/#?secret=tYByfbhHxV#?secret=UMoQ1lx24i\" data-secret=\"UMoQ1lx24i\" width=\"500\" height=\"282\" frameborder=\"0\" marginwidth=\"0\" marginheight=\"0\" scrolling=\"no\"><\/iframe>\n<\/div><\/figure>\n\n\n\n<p><strong>QUEST\u00c3O 43:<\/strong> O Estado tem a obriga\u00e7\u00e3o de fornecer aos seus cidad\u00e3os os servi\u00e7os p\u00fablicos. No entanto, ao Estado cabe a decis\u00e3o de descentralizar parte da execu\u00e7\u00e3o desses servi\u00e7os a organiza\u00e7\u00f5es da sociedade civil. Uma das formas de descentralizar a execu\u00e7\u00e3o de servi\u00e7os p\u00fablicos \u00e9 por meio do regime de parceria. Sobre o regime de parceria, analise as seguintes afirmativas.<\/p>\n\n\n\n<p>I. O regime de parceria \u00e9 apenas uma das duas formas existentes de descentraliza\u00e7\u00e3o de servi\u00e7os p\u00fablicos, a outra \u00e9 a delega\u00e7\u00e3o legal.<\/p>\n\n\n\n<p>II. O regime de parceria \u00e9 uma forma direta de execu\u00e7\u00e3o dos servi\u00e7os p\u00fablicos.<\/p>\n\n\n\n<p>III. Para acessar o regime de parceria, uma organiza\u00e7\u00e3o sem fim lucrativo precisa ser qualificada como Organiza\u00e7\u00e3o Social (OS) e\/ou Organiza\u00e7\u00e3o da Sociedade Civil de Interesse P\u00fablico (OSCIP).<\/p>\n\n\n\n<p>IV. O tipo de regime de parceria que uma organiza\u00e7\u00e3o sem fim lucrativo, qualificada como Organiza\u00e7\u00e3o Social (OS), se enquadra \u00e9 o Regime de Contrato de Gest\u00e3o.<\/p>\n\n\n\n<p>V. Uma organiza\u00e7\u00e3o sem fim lucrativo qualificada como Organiza\u00e7\u00e3o da Sociedade Civil de Interesse P\u00fablico (OSCIP) estar\u00e1 habilitada a receber recursos financeiros e administrar bens, equipamentos, e pessoal do Estado. Est\u00e3o corretas as afirmativas (<\/p>\n\n\n\n<p>A) III e IV apenas. (<\/p>\n\n\n\n<p>B) I, II e V.<\/p>\n\n\n\n<p>(C) III e V.<\/p>\n\n\n\n<p>(D) I e IV.<\/p>\n\n\n\n<p>(E) II, III e IV<\/p>\n\n\n\n<p><strong>Analisando a alternativa III, que foi apontada como correta pela banca examinadora, vejamos:<\/strong><\/p>\n\n\n\n<p><strong>Senten\u00e7a III<\/strong>&#8211; Para acessar o regime de parceria, uma organiza\u00e7\u00e3o sem fim lucrativo precisar ser qualificada como Organiza\u00e7\u00e3o Social (OS) e\/ou Organiza\u00e7\u00e3o da Sociedade Civil de Interesse P\u00fablico.<\/p>\n\n\n\n<p>Nesse caso, a quest\u00e3o excluiu a possibilidade de regime de parceria com as OSC &#8211; organiza\u00e7\u00f5es da sociedade civil, institu\u00edda pela Lei n\u00ba 13.019\/2014, que estabelece o regime jur\u00eddico das parcerias com a administra\u00e7\u00e3o p\u00fablica<\/p>\n\n\n\n<p>Ou seja, para acessar o regime de parceria, uma organiza\u00e7\u00e3o sem fim lucrativo n\u00e3o precisa ser qualificada como OS ou OSCIP.<\/p>\n\n\n\n<p>Portanto, ERRADA!<\/p>\n\n\n\n<p><strong>Quest\u00e3o 52<\/strong>: Acerca da licita\u00e7\u00e3o (Lei n\u00ba 8.666, de 21 de junho de 1993) e de seus princ\u00edpios, \u00e9 correto afirmar o seguinte:<\/p>\n\n\n\n<p>(A) A licita\u00e7\u00e3o destina-se a garantir, dentre outros, a observ\u00e2ncia do princ\u00edpio da isonomia, raz\u00e3o pela qual \u00e9 vedado assegurar prefer\u00eancia aos bens produzidos por empresas que invistam em pesquisa e no desenvolvimento de tecnologia no Pa\u00eds.<\/p>\n\n\n\n<p>(B) Em face do princ\u00edpio da publicidade, a licita\u00e7\u00e3o n\u00e3o ser\u00e1 sigilosa, sendo p\u00fablicos e acess\u00edveis ao p\u00fablico os atos de seu procedimento, inclusive quanto ao conte\u00fado das propostas, at\u00e9 a respectiva abertura.<\/p>\n\n\n\n<p>(C) Para a realiza\u00e7\u00e3o de presta\u00e7\u00e3o de servi\u00e7os de publicidade no \u00e2mbito dos Poderes da Uni\u00e3o, o princ\u00edpio da sele\u00e7\u00e3o da proposta mais vantajosa para a Administra\u00e7\u00e3o determina que ser\u00e1 vencedor o licitante que apresentar a proposta de acordo com as especifica\u00e7\u00f5es do edital ou convite e ofertar a melhor t\u00e9cnica.<\/p>\n\n\n\n<p>(D) \u00c0 Administra\u00e7\u00e3o P\u00fablica \u00e9 vedado realizar o julgamento e a classifica\u00e7\u00e3o de propostas em licita\u00e7\u00e3o com inobserv\u00e2ncia dos crit\u00e9rios edital\u00edcios, o que decorre do princ\u00edpio da vincula\u00e7\u00e3o ao instrumento convocat\u00f3rio.<\/p>\n\n\n\n<p>(E) A fim de atender ao princ\u00edpio da promo\u00e7\u00e3o do desenvolvimento nacional sustent\u00e1vel, a Administra\u00e7\u00e3o deve obrigar os concorrentes a apresentarem sua documenta\u00e7\u00e3o e suas propostas em papel reciclado.<\/p>\n\n\n\n<p><strong>Gabarito preliminar &#8211; Letra (C)<\/strong><strong><em><\/em><\/strong><\/p>\n\n\n\n<p>&#8211; &#8211; &#8211; &#8211;<\/p>\n\n\n\n<p>Como se v\u00ea, o item dado como correto assevera que, em licita\u00e7\u00f5es para servi\u00e7os de publicidade, o vencedor \u00e9 aquele que <strong>ofertar a melhor t\u00e9cnica<\/strong> e, evidentemente, &#8220;apresentar a proposta de acordo com as especifica\u00e7\u00f5es do edital&#8221;.<\/p>\n\n\n\n<p>Ocorre que a contrata\u00e7\u00e3o de servi\u00e7os de publicidade em regra se d\u00e1 por meio do regramento previsto na Lei 12.232\/2010, a qual prev\u00ea a utiliza\u00e7\u00e3o dos tipos &#8220;melhor t\u00e9cnica&#8221; <strong><u>ou<\/u><\/strong> &#8220;t\u00e9cnica e pre\u00e7o&#8221; (art. 5\u00ba), <em>in verbis<\/em>:<\/p>\n\n\n\n<p>Art. 5o&nbsp; As licita\u00e7\u00f5es previstas nesta Lei ser\u00e3o processadas pelos \u00f3rg\u00e3os e entidades respons\u00e1veis pela contrata\u00e7\u00e3o, respeitadas as modalidades definidas no art. 22 da Lei no 8.666, de 21 de junho de 1993, adotando-se <strong>como obrigat\u00f3rios os tipos \u201cmelhor t\u00e9cnica\u201d <\/strong><strong>ou \u201ct\u00e9cnica e pre\u00e7o\u201d.<\/strong><\/p>\n\n\n\n<p>Embora tal diploma n\u00e3o tenha sido previsto no conte\u00fado program\u00e1tico do edital ou no enunciado da quest\u00e3o, \u00e0 luz do ordenamento jur\u00eddico vigente <strong>n\u00e3o \u00e9 poss\u00edvel afirmar que a realiza\u00e7\u00e3o de servi\u00e7os de publicidade ser\u00e1 contratada junto ao fornecedor que ofertar a melhor t\u00e9cnica<\/strong> no respectivo certame, consoante assevera a letra (C). Resta, portanto, indene de d\u00favidas que a <strong>letra (C) est\u00e1 INCORRETA<\/strong>.<\/p>\n\n\n\n<p>Por outro lado, a letra (D) foi equivocadamente dada como incorreta, consoante passo a expor.<\/p>\n\n\n\n<p>H\u00e1 que se reconhecer que seria, sim, poss\u00edvel examinar a correspondente afirma\u00e7\u00e3o sob o prisma do princ\u00edpio do julgamento objetivo, o que resultaria na incorre\u00e7\u00e3o desta alternativa.<\/p>\n\n\n\n<p>No entanto, a alternativa (D) menciona que foram observadas regras <strong>previstas em edital<\/strong> (\u201ccrit\u00e9rios edital\u00edcios\u201d), o que torna cab\u00edvel que tal enunciado tamb\u00e9m se refira ao <strong>princ\u00edpio da vincula\u00e7\u00e3o ao instrumento convocat\u00f3rio<\/strong>.<\/p>\n\n\n\n<p>Para n\u00e3o me alongar, cito abaixo dois entendimentos doutrin\u00e1rios que apontam para a adequa\u00e7\u00e3o da letra (D):<\/p>\n\n\n\n<p>O <strong>princ\u00edpio da vincula\u00e7\u00e3o ao instrumento<\/strong> convocat\u00f3rio exige que todo o processo licitat\u00f3rio se submeta integralmente \u00e0s regras que forem especificamente baixadas para regular a licita\u00e7\u00e3o, apregoada sob a forma de edital ou de convite, <strong>inclusive e notadamente, as que definam os crit\u00e9rios para julgamento<\/strong>. Nenhuma decis\u00e3o, interlocut\u00f3ria ou final, poder\u00e1 ser tomada pela Administra\u00e7\u00e3o se n\u00e3o estiver rigorosamente vinculada: \u00e0 Constitui\u00e7\u00e3o, \u00e0 lei, ao regulamento e aos termos desse espec\u00edfico ato convocat\u00f3rio.\u00a0 \u2013 Diogo de Figueiredo Moreira Neto, in Curso de Direito Administrativo, 16\u00aa edi\u00e7\u00e3o, t\u00f3pico 41.<\/p>\n\n\n\n<p>Trata-se de princ\u00edpio essencial cuja inobserv\u00e2ncia enseja nulidade do procedimento. Al\u00e9m de mencionado no artigo 3o da Lei no 8.666\/93, ainda tem seu sentido explicitado no artigo 41, segundo o qual \u201ca Administra\u00e7\u00e3o n\u00e3o pode descumprir as normas e condi\u00e7\u00f5es do edital, ao qual se acha estritamente vinculada\u201d. E o artigo 43, inciso V, ainda exige que o julgamento e classifica\u00e7\u00e3o das propostas se fa\u00e7am de acordo com os crit\u00e9rios de avalia\u00e7\u00e3o constantes do edital. O princ\u00edpio dirige-se tanto \u00e0 Administra\u00e7\u00e3o, como se verifica pelos artigos citados, como aos licitantes, pois estes n\u00e3o podem deixar de atender aos requisitos do instrumento convocat\u00f3rio (edital ou carta-convite); se deixarem de apresentar a documenta\u00e7\u00e3o exigida, ser\u00e3o considerados inabilitados e receber\u00e3o de volta, fechado, o envelope-proposta (art. 43, inciso II); se deixarem de atender \u00e0s exig\u00eancias concernentes \u00e0 proposta, ser\u00e3o desclassificados (art. 48, inciso I). \u2013 Maria Sylvia Zanella Di Pietro, in Direito Administrativo, 31\u00aa edi\u00e7\u00e3o, t\u00f3pico 9.3.6.<\/p>\n\n\n\n<p>Enfim, ante a reda\u00e7\u00e3o imprecisa da letra (D) n\u00e3o \u00e9 poss\u00edvel afastar a validade da intepreta\u00e7\u00e3o que se refira ao princ\u00edpio da vincula\u00e7\u00e3o ao instrumento convocat\u00f3rio. Por outro lado, a letra (C) mostra-se claramente contr\u00e1ria \u00e0s regras legais vigentes, de sorte que pugna-se pela <strong>altera\u00e7\u00e3o do gabarito para letra (D)<\/strong>.<\/p>\n\n\n\n<p><strong>Quest\u00e3o 74<\/strong>: Quanto \u00e0 ado\u00e7\u00e3o da postura de ceticismo profissional, a NBC TA 200:<br \/> <br \/>(A) sugere que o auditor adote uma postura de ceticismo profissional ao longo de todo o planejamento e na execu\u00e7\u00e3o da auditoria.<br \/>(B) determina que a ado\u00e7\u00e3o de uma postura independente n\u00e3o contribui com a postura de ceticismo<br \/>profissional.<br \/>(C) sugere que o auditor desconsidere a experi\u00eancia passada de honestidade e integridade da<br \/>administra\u00e7\u00e3o e mantenha o ceticismo profissional para obten\u00e7\u00e3o de evid\u00eancias apropriadas e<br \/>suficientes.<br \/>(D) determina que, na ado\u00e7\u00e3o de uma postura de ceticismo profissional, o auditor pode se eximir de<br \/>estar alerta a condi\u00e7\u00f5es que indiquem poss\u00edvel fraude, pois detectar fraude n\u00e3o \u00e9 o objetivo de uma<br \/>auditoria das demonstra\u00e7\u00f5es cont\u00e1beis.<br \/>(E) sugere que o auditor coloque em d\u00favida a confiabilidade dos documentos e respostas a<br \/>indaga\u00e7\u00f5es a serem usadas como evid\u00eancias de auditoria e mantenha o ceticismo profissional para<br \/>obten\u00e7\u00e3o de evid\u00eancias apropriadas e suficientes.<\/p>\n\n\n\n<p>A letra A est\u00e1 errada, uma vez que trata-se de uma exig\u00eancia, e n\u00e3o uma sugest\u00e3o. Segundo a NBC TA 200, item 7: &#8220;\u2026 As NBCs TA exigem que o auditor exer\u00e7a o julgamento profissional e mantenha o ceticismo profissional ao longo de todo o planejamento e na execu\u00e7\u00e3o da<br \/>auditoria\u2026&#8221;<\/p>\n\n\n\n<p>Letra B tamb\u00e9m errada, uma vez que um postura independente contribui para a postura de ceticismo profissional. Nos termos da NBC TA 200, item A18: &#8220;\u2026A independ\u00eancia do auditor frente \u00e0 entidade salvaguarda a capacidade do auditor de formar opini\u00e3o de auditoria sem ser afetado por influ\u00eancias que poderiam comprometer essa opini\u00e3o. A independ\u00eancia aprimora a capacidade do auditor de atuar com integridade, ser objetivo e manter postura de ceticismo profissional&#8221;.<\/p>\n\n\n\n<p>Letra C tamb\u00e9m errada, dado que a NBC TA 200, em seu item A24, prev\u00ea que &#8220;N\u00e3o se pode esperar que o auditor desconsidere a experi\u00eancia passada de honestidade e integridade da administra\u00e7\u00e3o da entidade e dos respons\u00e1veis pela governan\u00e7a&#8221;.<\/p>\n\n\n\n<p>Letra D tamb\u00e9m errada, uma vez que o ceticismo profissional inclui estar alerta a condi\u00e7\u00f5es que possam indicar poss\u00edvel fraude. \u00c9 o que prev\u00ea o item A20 da NBC TA 200.<\/p>\n\n\n\n<p>A letra E, apontada como gabarito preliminar, tamb\u00e9m pode ser considerada errada. Vejamos o que nos ensina a NBC TA 200, item A20:<\/p>\n\n\n\n<p>A20. O ceticismo profissional inclui estar alerta, por exemplo, a:<br \/>(\u2026)<\/p>\n\n\n\n<ul class=\"wp-block-list\"><li>informa\u00e7\u00f5es que coloquem em d\u00favida a confiabilidade dos documentos e respostas a indaga\u00e7\u00f5es a serem usadas como evid\u00eancias de auditoria;<\/li><\/ul>\n\n\n\n<p>Ora, a letra E diz que norma sugere que o auditor coloque em d\u00favida a confiabilidade dos documentos e respostas a indaga\u00e7\u00f5es a serem usadas como evid\u00eancias de auditoria.<\/p>\n\n\n\n<p>Comparando a assertiva com a previs\u00e3o normativa, vemos que isso n\u00e3o \u00e9 verdade. A ideia da norma \u00e9 que o auditor deve estar alerta a informa\u00e7\u00f5es que ponham em d\u00favida a confiabilidade dos documentos e respostas a indaga\u00e7\u00f5es a serem usadas como evid\u00eancias de auditoria. S\u00e3o as informa\u00e7\u00f5es sobre as quais o auditor deve estar atento que podem indicar d\u00favida \u00e0 confiabilidade de documentos e respostas a indaga\u00e7\u00f5es a serem usadas como evid\u00eancia. Isso \u00e9 diferente de dizer que o pr\u00f3prio auditor deve, a priori, coloque em d\u00favidas a confiabilidade de tais documentos e respostas a indaga\u00e7\u00f5es.<\/p>\n\n\n\n<p>Pelo exposto, solicitamos a anula\u00e7\u00e3o da quest\u00e3o.<\/p>\n\n\n\n<p class=\"has-text-align-center has-background has-medium-font-size\" style=\"background-color:#e0e0e0\"><strong>Saiba mais:&nbsp;<a href=\"https:\/\/www.estrategiaconcursos.com.br\/blog\/concurso-sefa-pa\/\" target=\"_blank\" rel=\"noreferrer noopener\">concurso Secretaria da Fazenda Par\u00e1<\/a><\/strong><\/p>\n\n\n\n<div id=\"boxes\" class=\"container\">\n<div class=\"row\">\n<div class=\"col-sm\">\n<div id=\"box-assinatura\" class=\"banner-fiscal-01\">\n<h3 class=\"titulo-assinatura\">Carreiras Fiscais<\/h3>\n<p class=\"subtitulo-assinatura\">Conhe\u00e7a os cursos para Sefaz PA<\/p>\n<div class=\"box-botao\"><a class=\"btn-assinatura\" role=\"button\" href=\"https:\/\/www.estrategiaconcursos.com.br\/cursosPorConcurso\/secretaria-da-fazendo-do-para-sefaz-pa\/\" target=\"_blank\" rel=\"noopener noreferrer\">Conhe\u00e7a mais<\/a><\/div>\n<\/div>\n<\/div>\n<\/div>\n<\/div>\n\n\n\n<div class=\"container\" id=\"boxes\">\n  <div class=\"row\">\n\n    <div class=\"col-sm\">\n      <div class=\"estrategia\" id=\"box-assinatura\">\n        <h3 class=\"titulo-assinatura\">Assinatura Concursos<\/h3>\n        <p class=\"subtitulo-assinatura\">Assinatura de 1 ano ou 2 anos<\/p>\n        <div class=\"box-botao\">\n          <a class=\"btn-assinatura\" target=\"_blank\" href=\"https:\/\/www.estrategiaconcursos.com.br\/assinaturas\/\" role=\"button\" rel=\"noopener noreferrer\">ASSINE AGORA<\/a>\n        <\/div>\n      <\/div><\/div><\/div><\/div>\n\n\n\n<h2 class=\"has-text-align-center wp-block-heading\" id=\"quer-saber-tudo-sobre-concursos-previstos-confira-nossos-artigos\">Quer saber tudo sobre concursos previstos?<br \/>Confira nossos artigos!<\/h2>\n\n\n\n<ul class=\"wp-block-list\"><li><a target=\"_blank\" href=\"https:\/\/www.estrategiaconcursos.com.br\/blog\/concursos-abertos\/\" rel=\"noreferrer noopener\">Concursos abertos<\/a><\/li><li><a target=\"_blank\" href=\"https:\/\/www.estrategiaconcursos.com.br\/blog\/concursos-2022\/\" rel=\"noreferrer noopener\">Concursos 2022<\/a><\/li><\/ul>\n\n\n\n<p><\/p>\n","protected":false},"excerpt":{"rendered":"<p>As provas do concurso p\u00fablico da Secretaria do Estado da Fazenda do Par\u00e1 (SEFA PA), para o cargo de Auditor Fiscal, foram aplicadas pela FADESP no \u00faltimo domingo (27). Assim, ser\u00e3o aceitos&nbsp;recursos contra os resultados at\u00e9 a pr\u00f3xima quarta-feira (30). Os&nbsp;gabaritos preliminares, inclusive, j\u00e1 foram publicados. E para saber quais quest\u00f5es s\u00e3o pass\u00edveis de anula\u00e7\u00e3o [&hellip;]<\/p>\n","protected":false},"author":1483,"featured_media":853281,"comment_status":"open","ping_status":"closed","sticky":false,"template":"","format":"standard","meta":{"post_tipo":"news","footnotes":""},"categories":[1983,220219],"tags":[8,661],"tax_estado":[219977],"class_list":["post-996092","post","type-post","status-publish","format-standard","has-post-thumbnail","hentry","category-fiscal-estadual","category-noticias","tag-recurso","tag-recursos","tax_estado-pa"],"acf":[],"yoast_head":"<!-- This site is optimized with the Yoast SEO Premium plugin v27.2 (Yoast SEO v27.2) - https:\/\/yoast.com\/product\/yoast-seo-premium-wordpress\/ -->\n<title>Concurso SEFA PA \u2013 Auditor Fiscal: veja os recursos poss\u00edveis!<\/title>\n<meta name=\"description\" content=\"Ap\u00f3s a aplica\u00e7\u00e3o das provas do concurso SEFA PA para o cargo de Auditor Fiscal, veja as quest\u00f5es pass\u00edveis de recursos ou anula\u00e7\u00e3o.\" \/>\n<meta name=\"robots\" content=\"index, follow, max-snippet:-1, max-image-preview:large, max-video-preview:-1\" \/>\n<link rel=\"canonical\" href=\"https:\/\/www.estrategiaconcursos.com.br\/blog\/concurso-sefa-pa-auditor-fiscal-recursos\/\" \/>\n<meta property=\"og:locale\" content=\"pt_BR\" \/>\n<meta property=\"og:type\" content=\"article\" \/>\n<meta property=\"og:title\" content=\"Concurso SEFA PA \u2013 Auditor Fiscal: veja os recursos poss\u00edveis!\" \/>\n<meta property=\"og:description\" content=\"Ap\u00f3s a aplica\u00e7\u00e3o das provas do concurso SEFA PA para o cargo de Auditor Fiscal, veja as quest\u00f5es pass\u00edveis de recursos ou anula\u00e7\u00e3o.\" \/>\n<meta property=\"og:url\" content=\"https:\/\/www.estrategiaconcursos.com.br\/blog\/concurso-sefa-pa-auditor-fiscal-recursos\/\" \/>\n<meta property=\"og:site_name\" content=\"Estrat\u00e9gia Concursos\" \/>\n<meta property=\"article:published_time\" content=\"2022-03-28T18:43:05+00:00\" \/>\n<meta property=\"article:modified_time\" content=\"2022-03-30T16:20:23+00:00\" \/>\n<meta property=\"og:image\" content=\"https:\/\/dhg1h5j42swfq.cloudfront.net\/2021\/09\/03113134\/sefa-pa.jpg\" \/>\n\t<meta property=\"og:image:width\" content=\"1024\" \/>\n\t<meta property=\"og:image:height\" content=\"536\" \/>\n\t<meta property=\"og:image:type\" content=\"image\/jpeg\" \/>\n<meta name=\"author\" content=\"Diogo Mendes\" \/>\n<meta name=\"twitter:card\" content=\"summary_large_image\" \/>\n<meta name=\"twitter:creator\" content=\"@EstratConcursos\" \/>\n<meta name=\"twitter:site\" content=\"@EstratConcursos\" \/>\n<meta name=\"twitter:label1\" content=\"Escrito por\" \/>\n\t<meta name=\"twitter:data1\" content=\"Diogo Mendes\" \/>\n\t<meta name=\"twitter:label2\" content=\"Est. tempo de leitura\" \/>\n\t<meta name=\"twitter:data2\" content=\"27 minutos\" \/>\n<script type=\"application\/ld+json\" class=\"yoast-schema-graph\">{\"@context\":\"https:\/\/schema.org\",\"@graph\":[{\"@type\":\"NewsArticle\",\"@id\":\"https:\/\/www.estrategiaconcursos.com.br\/blog\/concurso-sefa-pa-auditor-fiscal-recursos\/#article\",\"isPartOf\":{\"@id\":\"https:\/\/www.estrategiaconcursos.com.br\/blog\/concurso-sefa-pa-auditor-fiscal-recursos\/\"},\"author\":{\"name\":\"Diogo Mendes\",\"@id\":\"https:\/\/www.estrategiaconcursos.com.br\/blog\/#\/schema\/person\/cc9e76173880338ce9f656c88664a1f6\"},\"headline\":\"Concurso SEFA PA \u2013 Auditor Fiscal: veja os recursos poss\u00edveis!\",\"datePublished\":\"2022-03-28T18:43:05+00:00\",\"dateModified\":\"2022-03-30T16:20:23+00:00\",\"mainEntityOfPage\":{\"@id\":\"https:\/\/www.estrategiaconcursos.com.br\/blog\/concurso-sefa-pa-auditor-fiscal-recursos\/\"},\"wordCount\":4720,\"commentCount\":0,\"publisher\":{\"@id\":\"https:\/\/www.estrategiaconcursos.com.br\/blog\/#organization\"},\"image\":{\"@id\":\"https:\/\/www.estrategiaconcursos.com.br\/blog\/concurso-sefa-pa-auditor-fiscal-recursos\/#primaryimage\"},\"thumbnailUrl\":\"https:\/\/dhg1h5j42swfq.cloudfront.net\/2021\/09\/03113134\/sefa-pa.jpg\",\"keywords\":[\"Recurso\",\"Recursos\"],\"articleSection\":[\"Fiscal - Estadual (ICMS)\",\"\u00daltimas not\u00edcias\"],\"inLanguage\":\"pt-BR\",\"potentialAction\":[{\"@type\":\"CommentAction\",\"name\":\"Comment\",\"target\":[\"https:\/\/www.estrategiaconcursos.com.br\/blog\/concurso-sefa-pa-auditor-fiscal-recursos\/#respond\"]}],\"copyrightYear\":\"2022\",\"copyrightHolder\":{\"@id\":\"https:\/\/www.estrategiaconcursos.com.br\/blog\/#organization\"}},{\"@type\":\"WebPage\",\"@id\":\"https:\/\/www.estrategiaconcursos.com.br\/blog\/concurso-sefa-pa-auditor-fiscal-recursos\/\",\"url\":\"https:\/\/www.estrategiaconcursos.com.br\/blog\/concurso-sefa-pa-auditor-fiscal-recursos\/\",\"name\":\"Concurso SEFA PA \u2013 Auditor Fiscal: veja os recursos poss\u00edveis!\",\"isPartOf\":{\"@id\":\"https:\/\/www.estrategiaconcursos.com.br\/blog\/#website\"},\"primaryImageOfPage\":{\"@id\":\"https:\/\/www.estrategiaconcursos.com.br\/blog\/concurso-sefa-pa-auditor-fiscal-recursos\/#primaryimage\"},\"image\":{\"@id\":\"https:\/\/www.estrategiaconcursos.com.br\/blog\/concurso-sefa-pa-auditor-fiscal-recursos\/#primaryimage\"},\"thumbnailUrl\":\"https:\/\/dhg1h5j42swfq.cloudfront.net\/2021\/09\/03113134\/sefa-pa.jpg\",\"datePublished\":\"2022-03-28T18:43:05+00:00\",\"dateModified\":\"2022-03-30T16:20:23+00:00\",\"description\":\"Ap\u00f3s a aplica\u00e7\u00e3o das provas do concurso SEFA PA para o cargo de Auditor Fiscal, veja as quest\u00f5es pass\u00edveis de recursos ou anula\u00e7\u00e3o.\",\"breadcrumb\":{\"@id\":\"https:\/\/www.estrategiaconcursos.com.br\/blog\/concurso-sefa-pa-auditor-fiscal-recursos\/#breadcrumb\"},\"inLanguage\":\"pt-BR\",\"potentialAction\":[{\"@type\":\"ReadAction\",\"target\":[\"https:\/\/www.estrategiaconcursos.com.br\/blog\/concurso-sefa-pa-auditor-fiscal-recursos\/\"]}]},{\"@type\":\"ImageObject\",\"inLanguage\":\"pt-BR\",\"@id\":\"https:\/\/www.estrategiaconcursos.com.br\/blog\/concurso-sefa-pa-auditor-fiscal-recursos\/#primaryimage\",\"url\":\"https:\/\/dhg1h5j42swfq.cloudfront.net\/2021\/09\/03113134\/sefa-pa.jpg\",\"contentUrl\":\"https:\/\/dhg1h5j42swfq.cloudfront.net\/2021\/09\/03113134\/sefa-pa.jpg\",\"width\":1024,\"height\":536,\"caption\":\"Concurso Sefa PA resultado definitivo\"},{\"@type\":\"BreadcrumbList\",\"@id\":\"https:\/\/www.estrategiaconcursos.com.br\/blog\/concurso-sefa-pa-auditor-fiscal-recursos\/#breadcrumb\",\"itemListElement\":[{\"@type\":\"ListItem\",\"position\":1,\"name\":\"In\u00edcio\",\"item\":\"https:\/\/www.estrategiaconcursos.com.br\/blog\/\"},{\"@type\":\"ListItem\",\"position\":2,\"name\":\"Concurso SEFA PA \u2013 Auditor Fiscal: veja os recursos poss\u00edveis!\"}]},{\"@type\":\"WebSite\",\"@id\":\"https:\/\/www.estrategiaconcursos.com.br\/blog\/#website\",\"url\":\"https:\/\/www.estrategiaconcursos.com.br\/blog\/\",\"name\":\"Estrat\u00e9gia Concursos\",\"description\":\"O blog da Estrat\u00e9gia Concursos traz not\u00edcias sobre concursos e artigos de professores oferecendo cursos para concursos (pdf + videaulas) no site.\",\"publisher\":{\"@id\":\"https:\/\/www.estrategiaconcursos.com.br\/blog\/#organization\"},\"potentialAction\":[{\"@type\":\"SearchAction\",\"target\":{\"@type\":\"EntryPoint\",\"urlTemplate\":\"https:\/\/www.estrategiaconcursos.com.br\/blog\/?s={search_term_string}\"},\"query-input\":{\"@type\":\"PropertyValueSpecification\",\"valueRequired\":true,\"valueName\":\"search_term_string\"}}],\"inLanguage\":\"pt-BR\"},{\"@type\":\"Organization\",\"@id\":\"https:\/\/www.estrategiaconcursos.com.br\/blog\/#organization\",\"name\":\"Estrat\u00e9gia Concursos\",\"url\":\"https:\/\/www.estrategiaconcursos.com.br\/blog\/\",\"logo\":{\"@type\":\"ImageObject\",\"inLanguage\":\"pt-BR\",\"@id\":\"https:\/\/www.estrategiaconcursos.com.br\/blog\/#\/schema\/logo\/image\/\",\"url\":\"https:\/\/dhg1h5j42swfq.cloudfront.net\/2025\/06\/03203428\/logo_concursos-1.jpg\",\"contentUrl\":\"https:\/\/dhg1h5j42swfq.cloudfront.net\/2025\/06\/03203428\/logo_concursos-1.jpg\",\"width\":230,\"height\":60,\"caption\":\"Estrat\u00e9gia Concursos\"},\"image\":{\"@id\":\"https:\/\/www.estrategiaconcursos.com.br\/blog\/#\/schema\/logo\/image\/\"},\"sameAs\":[\"https:\/\/x.com\/EstratConcursos\"]},{\"@type\":\"Person\",\"@id\":\"https:\/\/www.estrategiaconcursos.com.br\/blog\/#\/schema\/person\/cc9e76173880338ce9f656c88664a1f6\",\"name\":\"Diogo Mendes\",\"image\":{\"@type\":\"ImageObject\",\"inLanguage\":\"pt-BR\",\"@id\":\"https:\/\/secure.gravatar.com\/avatar\/9754d6777d460a45ef4067b586b94c32005cc2345a0404b8d96adc620cf63806?s=96&d=mm&r=g\",\"url\":\"https:\/\/secure.gravatar.com\/avatar\/9754d6777d460a45ef4067b586b94c32005cc2345a0404b8d96adc620cf63806?s=96&d=mm&r=g\",\"contentUrl\":\"https:\/\/secure.gravatar.com\/avatar\/9754d6777d460a45ef4067b586b94c32005cc2345a0404b8d96adc620cf63806?s=96&d=mm&r=g\",\"caption\":\"Diogo Mendes\"},\"description\":\"Diogo Mendes \u00e9 jornalista formado pela Universidade Paulista, com experi\u00eancia em reda\u00e7\u00f5es de diversos ve\u00edculos e na produ\u00e7\u00e3o de conte\u00fados especializados em concursos p\u00fablicos. Desde 2019, atua no Estrat\u00e9gia Concursos como Jornalista e Analista de Conte\u00fado, com foco na apura\u00e7\u00e3o de informa\u00e7\u00f5es junto a \u00f3rg\u00e3os e fontes oficiais. Dedica-se especialmente \u00e0 produ\u00e7\u00e3o de not\u00edcias e reportagens sobre Concursos Legislativos, al\u00e9m de acompanhar diariamente os concursos policiais, banc\u00e1rios e da \u00e1rea da sa\u00fade.\",\"url\":\"https:\/\/www.estrategiaconcursos.com.br\/blog\/author\/diogo-mendesestrategiaconcursos-com-br\/\"}]}<\/script>\n<!-- \/ Yoast SEO Premium plugin. -->","yoast_head_json":{"title":"Concurso SEFA PA \u2013 Auditor Fiscal: veja os recursos poss\u00edveis!","description":"Ap\u00f3s a aplica\u00e7\u00e3o das provas do concurso SEFA PA para o cargo de Auditor Fiscal, veja as quest\u00f5es pass\u00edveis de recursos ou anula\u00e7\u00e3o.","robots":{"index":"index","follow":"follow","max-snippet":"max-snippet:-1","max-image-preview":"max-image-preview:large","max-video-preview":"max-video-preview:-1"},"canonical":"https:\/\/www.estrategiaconcursos.com.br\/blog\/concurso-sefa-pa-auditor-fiscal-recursos\/","og_locale":"pt_BR","og_type":"article","og_title":"Concurso SEFA PA \u2013 Auditor Fiscal: veja os recursos poss\u00edveis!","og_description":"Ap\u00f3s a aplica\u00e7\u00e3o das provas do concurso SEFA PA para o cargo de Auditor Fiscal, veja as quest\u00f5es pass\u00edveis de recursos ou anula\u00e7\u00e3o.","og_url":"https:\/\/www.estrategiaconcursos.com.br\/blog\/concurso-sefa-pa-auditor-fiscal-recursos\/","og_site_name":"Estrat\u00e9gia Concursos","article_published_time":"2022-03-28T18:43:05+00:00","article_modified_time":"2022-03-30T16:20:23+00:00","og_image":[{"width":1024,"height":536,"url":"https:\/\/dhg1h5j42swfq.cloudfront.net\/2021\/09\/03113134\/sefa-pa.jpg","type":"image\/jpeg"}],"author":"Diogo Mendes","twitter_card":"summary_large_image","twitter_creator":"@EstratConcursos","twitter_site":"@EstratConcursos","twitter_misc":{"Escrito por":"Diogo Mendes","Est. tempo de leitura":"27 minutos"},"schema":{"@context":"https:\/\/schema.org","@graph":[{"@type":"NewsArticle","@id":"https:\/\/www.estrategiaconcursos.com.br\/blog\/concurso-sefa-pa-auditor-fiscal-recursos\/#article","isPartOf":{"@id":"https:\/\/www.estrategiaconcursos.com.br\/blog\/concurso-sefa-pa-auditor-fiscal-recursos\/"},"author":{"name":"Diogo Mendes","@id":"https:\/\/www.estrategiaconcursos.com.br\/blog\/#\/schema\/person\/cc9e76173880338ce9f656c88664a1f6"},"headline":"Concurso SEFA PA \u2013 Auditor Fiscal: veja os recursos poss\u00edveis!","datePublished":"2022-03-28T18:43:05+00:00","dateModified":"2022-03-30T16:20:23+00:00","mainEntityOfPage":{"@id":"https:\/\/www.estrategiaconcursos.com.br\/blog\/concurso-sefa-pa-auditor-fiscal-recursos\/"},"wordCount":4720,"commentCount":0,"publisher":{"@id":"https:\/\/www.estrategiaconcursos.com.br\/blog\/#organization"},"image":{"@id":"https:\/\/www.estrategiaconcursos.com.br\/blog\/concurso-sefa-pa-auditor-fiscal-recursos\/#primaryimage"},"thumbnailUrl":"https:\/\/dhg1h5j42swfq.cloudfront.net\/2021\/09\/03113134\/sefa-pa.jpg","keywords":["Recurso","Recursos"],"articleSection":["Fiscal - Estadual (ICMS)","\u00daltimas not\u00edcias"],"inLanguage":"pt-BR","potentialAction":[{"@type":"CommentAction","name":"Comment","target":["https:\/\/www.estrategiaconcursos.com.br\/blog\/concurso-sefa-pa-auditor-fiscal-recursos\/#respond"]}],"copyrightYear":"2022","copyrightHolder":{"@id":"https:\/\/www.estrategiaconcursos.com.br\/blog\/#organization"}},{"@type":"WebPage","@id":"https:\/\/www.estrategiaconcursos.com.br\/blog\/concurso-sefa-pa-auditor-fiscal-recursos\/","url":"https:\/\/www.estrategiaconcursos.com.br\/blog\/concurso-sefa-pa-auditor-fiscal-recursos\/","name":"Concurso SEFA PA \u2013 Auditor Fiscal: veja os recursos poss\u00edveis!","isPartOf":{"@id":"https:\/\/www.estrategiaconcursos.com.br\/blog\/#website"},"primaryImageOfPage":{"@id":"https:\/\/www.estrategiaconcursos.com.br\/blog\/concurso-sefa-pa-auditor-fiscal-recursos\/#primaryimage"},"image":{"@id":"https:\/\/www.estrategiaconcursos.com.br\/blog\/concurso-sefa-pa-auditor-fiscal-recursos\/#primaryimage"},"thumbnailUrl":"https:\/\/dhg1h5j42swfq.cloudfront.net\/2021\/09\/03113134\/sefa-pa.jpg","datePublished":"2022-03-28T18:43:05+00:00","dateModified":"2022-03-30T16:20:23+00:00","description":"Ap\u00f3s a aplica\u00e7\u00e3o das provas do concurso SEFA PA para o cargo de Auditor Fiscal, veja as quest\u00f5es pass\u00edveis de recursos ou anula\u00e7\u00e3o.","breadcrumb":{"@id":"https:\/\/www.estrategiaconcursos.com.br\/blog\/concurso-sefa-pa-auditor-fiscal-recursos\/#breadcrumb"},"inLanguage":"pt-BR","potentialAction":[{"@type":"ReadAction","target":["https:\/\/www.estrategiaconcursos.com.br\/blog\/concurso-sefa-pa-auditor-fiscal-recursos\/"]}]},{"@type":"ImageObject","inLanguage":"pt-BR","@id":"https:\/\/www.estrategiaconcursos.com.br\/blog\/concurso-sefa-pa-auditor-fiscal-recursos\/#primaryimage","url":"https:\/\/dhg1h5j42swfq.cloudfront.net\/2021\/09\/03113134\/sefa-pa.jpg","contentUrl":"https:\/\/dhg1h5j42swfq.cloudfront.net\/2021\/09\/03113134\/sefa-pa.jpg","width":1024,"height":536,"caption":"Concurso Sefa PA resultado definitivo"},{"@type":"BreadcrumbList","@id":"https:\/\/www.estrategiaconcursos.com.br\/blog\/concurso-sefa-pa-auditor-fiscal-recursos\/#breadcrumb","itemListElement":[{"@type":"ListItem","position":1,"name":"In\u00edcio","item":"https:\/\/www.estrategiaconcursos.com.br\/blog\/"},{"@type":"ListItem","position":2,"name":"Concurso SEFA PA \u2013 Auditor Fiscal: veja os recursos poss\u00edveis!"}]},{"@type":"WebSite","@id":"https:\/\/www.estrategiaconcursos.com.br\/blog\/#website","url":"https:\/\/www.estrategiaconcursos.com.br\/blog\/","name":"Estrat\u00e9gia Concursos","description":"O blog da Estrat\u00e9gia Concursos traz not\u00edcias sobre concursos e artigos de professores oferecendo cursos para concursos (pdf + videaulas) no site.","publisher":{"@id":"https:\/\/www.estrategiaconcursos.com.br\/blog\/#organization"},"potentialAction":[{"@type":"SearchAction","target":{"@type":"EntryPoint","urlTemplate":"https:\/\/www.estrategiaconcursos.com.br\/blog\/?s={search_term_string}"},"query-input":{"@type":"PropertyValueSpecification","valueRequired":true,"valueName":"search_term_string"}}],"inLanguage":"pt-BR"},{"@type":"Organization","@id":"https:\/\/www.estrategiaconcursos.com.br\/blog\/#organization","name":"Estrat\u00e9gia Concursos","url":"https:\/\/www.estrategiaconcursos.com.br\/blog\/","logo":{"@type":"ImageObject","inLanguage":"pt-BR","@id":"https:\/\/www.estrategiaconcursos.com.br\/blog\/#\/schema\/logo\/image\/","url":"https:\/\/dhg1h5j42swfq.cloudfront.net\/2025\/06\/03203428\/logo_concursos-1.jpg","contentUrl":"https:\/\/dhg1h5j42swfq.cloudfront.net\/2025\/06\/03203428\/logo_concursos-1.jpg","width":230,"height":60,"caption":"Estrat\u00e9gia Concursos"},"image":{"@id":"https:\/\/www.estrategiaconcursos.com.br\/blog\/#\/schema\/logo\/image\/"},"sameAs":["https:\/\/x.com\/EstratConcursos"]},{"@type":"Person","@id":"https:\/\/www.estrategiaconcursos.com.br\/blog\/#\/schema\/person\/cc9e76173880338ce9f656c88664a1f6","name":"Diogo Mendes","image":{"@type":"ImageObject","inLanguage":"pt-BR","@id":"https:\/\/secure.gravatar.com\/avatar\/9754d6777d460a45ef4067b586b94c32005cc2345a0404b8d96adc620cf63806?s=96&d=mm&r=g","url":"https:\/\/secure.gravatar.com\/avatar\/9754d6777d460a45ef4067b586b94c32005cc2345a0404b8d96adc620cf63806?s=96&d=mm&r=g","contentUrl":"https:\/\/secure.gravatar.com\/avatar\/9754d6777d460a45ef4067b586b94c32005cc2345a0404b8d96adc620cf63806?s=96&d=mm&r=g","caption":"Diogo Mendes"},"description":"Diogo Mendes \u00e9 jornalista formado pela Universidade Paulista, com experi\u00eancia em reda\u00e7\u00f5es de diversos ve\u00edculos e na produ\u00e7\u00e3o de conte\u00fados especializados em concursos p\u00fablicos. Desde 2019, atua no Estrat\u00e9gia Concursos como Jornalista e Analista de Conte\u00fado, com foco na apura\u00e7\u00e3o de informa\u00e7\u00f5es junto a \u00f3rg\u00e3os e fontes oficiais. Dedica-se especialmente \u00e0 produ\u00e7\u00e3o de not\u00edcias e reportagens sobre Concursos Legislativos, al\u00e9m de acompanhar diariamente os concursos policiais, banc\u00e1rios e da \u00e1rea da sa\u00fade.","url":"https:\/\/www.estrategiaconcursos.com.br\/blog\/author\/diogo-mendesestrategiaconcursos-com-br\/"}]}},"_links":{"self":[{"href":"https:\/\/www.estrategiaconcursos.com.br\/blog\/wp-json\/wp\/v2\/posts\/996092","targetHints":{"allow":["GET"]}}],"collection":[{"href":"https:\/\/www.estrategiaconcursos.com.br\/blog\/wp-json\/wp\/v2\/posts"}],"about":[{"href":"https:\/\/www.estrategiaconcursos.com.br\/blog\/wp-json\/wp\/v2\/types\/post"}],"author":[{"embeddable":true,"href":"https:\/\/www.estrategiaconcursos.com.br\/blog\/wp-json\/wp\/v2\/users\/1483"}],"replies":[{"embeddable":true,"href":"https:\/\/www.estrategiaconcursos.com.br\/blog\/wp-json\/wp\/v2\/comments?post=996092"}],"version-history":[{"count":24,"href":"https:\/\/www.estrategiaconcursos.com.br\/blog\/wp-json\/wp\/v2\/posts\/996092\/revisions"}],"predecessor-version":[{"id":997670,"href":"https:\/\/www.estrategiaconcursos.com.br\/blog\/wp-json\/wp\/v2\/posts\/996092\/revisions\/997670"}],"wp:featuredmedia":[{"embeddable":true,"href":"https:\/\/www.estrategiaconcursos.com.br\/blog\/wp-json\/wp\/v2\/media\/853281"}],"wp:attachment":[{"href":"https:\/\/www.estrategiaconcursos.com.br\/blog\/wp-json\/wp\/v2\/media?parent=996092"}],"wp:term":[{"taxonomy":"category","embeddable":true,"href":"https:\/\/www.estrategiaconcursos.com.br\/blog\/wp-json\/wp\/v2\/categories?post=996092"},{"taxonomy":"post_tag","embeddable":true,"href":"https:\/\/www.estrategiaconcursos.com.br\/blog\/wp-json\/wp\/v2\/tags?post=996092"},{"taxonomy":"tax_estado","embeddable":true,"href":"https:\/\/www.estrategiaconcursos.com.br\/blog\/wp-json\/wp\/v2\/tax_estado?post=996092"}],"curies":[{"name":"wp","href":"https:\/\/api.w.org\/{rel}","templated":true}]}}