{"id":995902,"date":"2022-03-28T11:51:06","date_gmt":"2022-03-28T14:51:06","guid":{"rendered":"https:\/\/www.estrategiaconcursos.com.br\/blog\/?p=995902"},"modified":"2022-03-28T11:55:32","modified_gmt":"2022-03-28T14:55:32","slug":"concurso-publico-pl-preve-amamentacao","status":"publish","type":"post","link":"https:\/\/www.estrategiaconcursos.com.br\/blog\/concurso-publico-pl-preve-amamentacao\/","title":{"rendered":"Concurso P\u00fablico: PL prev\u00ea direito de lactantes amamentarem em provas"},"content":{"rendered":"\n<p>Candidatas lactantes que prestam <strong>concurso p\u00fablico<\/strong> podem vir a ter o direito de amamentar o filho durante a prova. \u00c9 o que prev\u00ea o <strong>Projeto de Lei 316\/22<\/strong>.<\/p>\n\n\n\n<p>Consta no PL o direito de<strong> concurseiras lactantes<\/strong> amamentarem o pr\u00f3prio filho, inclusive adotivo, durante a realiza\u00e7\u00e3o de provas de <strong>certames p\u00fablicos<\/strong>, desde que a crian\u00e7a tenha at\u00e9 seis meses de idade.<\/p>\n\n\n\n<p>O texto est\u00e1 em an\u00e1lise na <strong><a href=\"https:\/\/www.camara.leg.br\/\" target=\"_blank\" rel=\"noreferrer noopener\">C\u00e2mara dos Deputados<\/a><\/strong>. A proposta ser\u00e1 analisada, em car\u00e1ter conclusivo, pelas comiss\u00f5es de Defesa dos Direitos da Mulher; de Trabalho, de Administra\u00e7\u00e3o e Servi\u00e7o P\u00fablico; e de Constitui\u00e7\u00e3o e Justi\u00e7a e de Cidadania.<\/p>\n\n\n\n<p>De acordo com o projeto, no ato de inscri\u00e7\u00e3o no concurso, a candidata dever\u00e1 informar a inten\u00e7\u00e3o de <strong>amamentar o filho <\/strong>no decorrer da realiza\u00e7\u00e3o das provas.<\/p>\n\n\n\n<p>Para isso, ser\u00e1 necess\u00e1rio apresentar a <strong>certid\u00e3o de nascimento<\/strong> da crian\u00e7a. No dia da prova, ela dever\u00e1 levar um acompanhante adulto respons\u00e1vel pela guarda da crian\u00e7a e pela entrega \u00e0 candidata no momento da <strong>amamenta\u00e7\u00e3o<\/strong>.<\/p>\n\n\n\n<p>O respons\u00e1vel pelo <strong>concurso p\u00fablico<\/strong> dever\u00e1 disponibilizar fiscal para acompanhar a candidata no decorrer da amamenta\u00e7\u00e3o, respeitada a intimidade da m\u00e3e e da crian\u00e7a. <\/p>\n\n\n\n<p>Ser\u00e1 concedido tempo adicional \u00e0 <strong>lactante<\/strong> para a conclus\u00e3o das provas, proporcional ao tempo despendido para a amamenta\u00e7\u00e3o.<\/p>\n\n\n\n<p>Falando em concurso p\u00fablico, sabia que existem diversos Tribunais de Justi\u00e7a com editais de concurso p\u00fablico com inscri\u00e7\u00f5es abertas para candidatos de n\u00edvel m\u00e9dio e n\u00edvel superior? <\/p>\n\n\n\n<p>Confira todos os detalhes clicando no link abaixo:<\/p>\n\n\n\n<h2 class=\"has-text-align-center has-pale-cyan-blue-background-color has-background has-medium-font-size wp-block-heading\" id=\"h-saiba-mais-tribunais-de-justica\">Saiba mais: <a href=\"https:\/\/www.estrategiaconcursos.com.br\/blog\/tribunais-de-justica-com-inscricoes-abertas\/\" target=\"_blank\" rel=\"noreferrer noopener\">Tribunais de Justi\u00e7a<\/a> <\/h2>\n\n\n\n<h2 class=\"has-text-align-center wp-block-heading\" id=\"h-quer-saber-tudo-sobre-concursos-previstos-confira-nossos-artigos\">Quer saber tudo sobre concursos previstos?<br \/>Confira nossos artigos!<\/h2>\n\n\n\n<ul class=\"wp-block-list\"><li><a href=\"https:\/\/www.estrategiaconcursos.com.br\/blog\/concursos-abertos\/\" target=\"_blank\" rel=\"noreferrer noopener\">Concursos abertos<\/a><\/li><li><a href=\"https:\/\/www.estrategiaconcursos.com.br\/blog\/concursos-2022\/\" target=\"_blank\" rel=\"noreferrer noopener\">Concursos 2022<\/a><\/li><\/ul>\n\n\n\n<h2 class=\"has-text-align-center wp-block-heading\" id=\"quer-estuda-para-concurso-publico\">Quer estuda para concurso p\u00fablico? <\/h2>\n\n\n","protected":false},"excerpt":{"rendered":"<p>Candidatas lactantes que prestam concurso p\u00fablico podem vir a ter o direito de amamentar o filho durante a prova. \u00c9 o que prev\u00ea o Projeto de Lei 316\/22. Consta no PL o direito de concurseiras lactantes amamentarem o pr\u00f3prio filho, inclusive adotivo, durante a realiza\u00e7\u00e3o de provas de certames p\u00fablicos, desde que a crian\u00e7a tenha [&hellip;]<\/p>\n","protected":false},"author":2375,"featured_media":995913,"comment_status":"open","ping_status":"closed","sticky":false,"template":"","format":"standard","meta":{"post_tipo":"news","footnotes":""},"categories":[1],"tags":[],"tax_estado":[219963],"class_list":["post-995902","post","type-post","status-publish","format-standard","has-post-thumbnail","hentry","category-cursos-e-concursos","tax_estado-concursos-federais"],"acf":[],"yoast_head":"<!-- This site is optimized with the Yoast SEO Premium plugin v27.2 (Yoast SEO v27.2) - https:\/\/yoast.com\/product\/yoast-seo-premium-wordpress\/ -->\n<title>Concurso P\u00fablico: PL prev\u00ea direito de lactantes amamentarem em provas<\/title>\n<meta name=\"description\" content=\"PL 316\/22 quer garantir direito a amamenta\u00e7\u00e3o de candidatas lactantes, inclusive filho adotivo, durante prova de concurso p\u00fablico.\" \/>\n<meta name=\"robots\" content=\"index, follow, max-snippet:-1, max-image-preview:large, max-video-preview:-1\" \/>\n<link rel=\"canonical\" href=\"https:\/\/www.estrategiaconcursos.com.br\/blog\/concurso-publico-pl-preve-amamentacao\/\" \/>\n<meta property=\"og:locale\" content=\"pt_BR\" \/>\n<meta property=\"og:type\" content=\"article\" \/>\n<meta property=\"og:title\" content=\"Concurso P\u00fablico: PL prev\u00ea direito de lactantes amamentarem em provas\" \/>\n<meta property=\"og:description\" content=\"PL 316\/22 quer garantir direito a amamenta\u00e7\u00e3o de candidatas lactantes, inclusive filho adotivo, durante prova de concurso p\u00fablico.\" \/>\n<meta property=\"og:url\" content=\"https:\/\/www.estrategiaconcursos.com.br\/blog\/concurso-publico-pl-preve-amamentacao\/\" \/>\n<meta property=\"og:site_name\" content=\"Estrat\u00e9gia Concursos\" \/>\n<meta property=\"article:published_time\" content=\"2022-03-28T14:51:06+00:00\" \/>\n<meta property=\"article:modified_time\" content=\"2022-03-28T14:55:32+00:00\" \/>\n<meta property=\"og:image\" content=\"https:\/\/dhg1h5j42swfq.cloudfront.net\/2022\/03\/28114035\/concurso-publico-amamentacao.jpg\" \/>\n\t<meta property=\"og:image:width\" content=\"276\" \/>\n\t<meta property=\"og:image:height\" content=\"183\" \/>\n\t<meta property=\"og:image:type\" content=\"image\/jpeg\" \/>\n<meta name=\"author\" content=\"Priscila Almeida\" \/>\n<meta name=\"twitter:card\" content=\"summary_large_image\" \/>\n<meta name=\"twitter:creator\" content=\"@EstratConcursos\" \/>\n<meta name=\"twitter:site\" content=\"@EstratConcursos\" \/>\n<meta name=\"twitter:label1\" content=\"Escrito por\" \/>\n\t<meta name=\"twitter:data1\" content=\"Priscila Almeida\" \/>\n\t<meta name=\"twitter:label2\" content=\"Est. tempo de leitura\" \/>\n\t<meta name=\"twitter:data2\" content=\"2 minutos\" \/>\n<script type=\"application\/ld+json\" class=\"yoast-schema-graph\">{\"@context\":\"https:\/\/schema.org\",\"@graph\":[{\"@type\":\"NewsArticle\",\"@id\":\"https:\/\/www.estrategiaconcursos.com.br\/blog\/concurso-publico-pl-preve-amamentacao\/#article\",\"isPartOf\":{\"@id\":\"https:\/\/www.estrategiaconcursos.com.br\/blog\/concurso-publico-pl-preve-amamentacao\/\"},\"author\":{\"name\":\"Priscila Almeida\",\"@id\":\"https:\/\/www.estrategiaconcursos.com.br\/blog\/#\/schema\/person\/a06e841e501f2e1d8c49c4e8f066bfd1\"},\"headline\":\"Concurso P\u00fablico: PL prev\u00ea direito de lactantes amamentarem em provas\",\"datePublished\":\"2022-03-28T14:51:06+00:00\",\"dateModified\":\"2022-03-28T14:55:32+00:00\",\"mainEntityOfPage\":{\"@id\":\"https:\/\/www.estrategiaconcursos.com.br\/blog\/concurso-publico-pl-preve-amamentacao\/\"},\"wordCount\":306,\"commentCount\":0,\"publisher\":{\"@id\":\"https:\/\/www.estrategiaconcursos.com.br\/blog\/#organization\"},\"image\":{\"@id\":\"https:\/\/www.estrategiaconcursos.com.br\/blog\/concurso-publico-pl-preve-amamentacao\/#primaryimage\"},\"thumbnailUrl\":\"https:\/\/dhg1h5j42swfq.cloudfront.net\/2022\/03\/28114035\/concurso-publico-amamentacao.jpg\",\"articleSection\":[\"Concursos P\u00fablicos\"],\"inLanguage\":\"pt-BR\",\"potentialAction\":[{\"@type\":\"CommentAction\",\"name\":\"Comment\",\"target\":[\"https:\/\/www.estrategiaconcursos.com.br\/blog\/concurso-publico-pl-preve-amamentacao\/#respond\"]}],\"copyrightYear\":\"2022\",\"copyrightHolder\":{\"@id\":\"https:\/\/www.estrategiaconcursos.com.br\/blog\/#organization\"}},{\"@type\":\"WebPage\",\"@id\":\"https:\/\/www.estrategiaconcursos.com.br\/blog\/concurso-publico-pl-preve-amamentacao\/\",\"url\":\"https:\/\/www.estrategiaconcursos.com.br\/blog\/concurso-publico-pl-preve-amamentacao\/\",\"name\":\"Concurso P\u00fablico: PL prev\u00ea direito de lactantes amamentarem em provas\",\"isPartOf\":{\"@id\":\"https:\/\/www.estrategiaconcursos.com.br\/blog\/#website\"},\"primaryImageOfPage\":{\"@id\":\"https:\/\/www.estrategiaconcursos.com.br\/blog\/concurso-publico-pl-preve-amamentacao\/#primaryimage\"},\"image\":{\"@id\":\"https:\/\/www.estrategiaconcursos.com.br\/blog\/concurso-publico-pl-preve-amamentacao\/#primaryimage\"},\"thumbnailUrl\":\"https:\/\/dhg1h5j42swfq.cloudfront.net\/2022\/03\/28114035\/concurso-publico-amamentacao.jpg\",\"datePublished\":\"2022-03-28T14:51:06+00:00\",\"dateModified\":\"2022-03-28T14:55:32+00:00\",\"description\":\"PL 316\/22 quer garantir direito a amamenta\u00e7\u00e3o de candidatas lactantes, inclusive filho adotivo, durante prova de concurso p\u00fablico.\",\"breadcrumb\":{\"@id\":\"https:\/\/www.estrategiaconcursos.com.br\/blog\/concurso-publico-pl-preve-amamentacao\/#breadcrumb\"},\"inLanguage\":\"pt-BR\",\"potentialAction\":[{\"@type\":\"ReadAction\",\"target\":[\"https:\/\/www.estrategiaconcursos.com.br\/blog\/concurso-publico-pl-preve-amamentacao\/\"]}]},{\"@type\":\"ImageObject\",\"inLanguage\":\"pt-BR\",\"@id\":\"https:\/\/www.estrategiaconcursos.com.br\/blog\/concurso-publico-pl-preve-amamentacao\/#primaryimage\",\"url\":\"https:\/\/dhg1h5j42swfq.cloudfront.net\/2022\/03\/28114035\/concurso-publico-amamentacao.jpg\",\"contentUrl\":\"https:\/\/dhg1h5j42swfq.cloudfront.net\/2022\/03\/28114035\/concurso-publico-amamentacao.jpg\",\"width\":276,\"height\":183},{\"@type\":\"BreadcrumbList\",\"@id\":\"https:\/\/www.estrategiaconcursos.com.br\/blog\/concurso-publico-pl-preve-amamentacao\/#breadcrumb\",\"itemListElement\":[{\"@type\":\"ListItem\",\"position\":1,\"name\":\"In\u00edcio\",\"item\":\"https:\/\/www.estrategiaconcursos.com.br\/blog\/\"},{\"@type\":\"ListItem\",\"position\":2,\"name\":\"Concurso P\u00fablico: PL prev\u00ea direito de lactantes amamentarem em provas\"}]},{\"@type\":\"WebSite\",\"@id\":\"https:\/\/www.estrategiaconcursos.com.br\/blog\/#website\",\"url\":\"https:\/\/www.estrategiaconcursos.com.br\/blog\/\",\"name\":\"Estrat\u00e9gia Concursos\",\"description\":\"O blog da Estrat\u00e9gia Concursos traz not\u00edcias sobre concursos e artigos de professores oferecendo cursos para concursos (pdf + videaulas) no site.\",\"publisher\":{\"@id\":\"https:\/\/www.estrategiaconcursos.com.br\/blog\/#organization\"},\"potentialAction\":[{\"@type\":\"SearchAction\",\"target\":{\"@type\":\"EntryPoint\",\"urlTemplate\":\"https:\/\/www.estrategiaconcursos.com.br\/blog\/?s={search_term_string}\"},\"query-input\":{\"@type\":\"PropertyValueSpecification\",\"valueRequired\":true,\"valueName\":\"search_term_string\"}}],\"inLanguage\":\"pt-BR\"},{\"@type\":\"Organization\",\"@id\":\"https:\/\/www.estrategiaconcursos.com.br\/blog\/#organization\",\"name\":\"Estrat\u00e9gia Concursos\",\"url\":\"https:\/\/www.estrategiaconcursos.com.br\/blog\/\",\"logo\":{\"@type\":\"ImageObject\",\"inLanguage\":\"pt-BR\",\"@id\":\"https:\/\/www.estrategiaconcursos.com.br\/blog\/#\/schema\/logo\/image\/\",\"url\":\"https:\/\/dhg1h5j42swfq.cloudfront.net\/2025\/06\/03203428\/logo_concursos-1.jpg\",\"contentUrl\":\"https:\/\/dhg1h5j42swfq.cloudfront.net\/2025\/06\/03203428\/logo_concursos-1.jpg\",\"width\":230,\"height\":60,\"caption\":\"Estrat\u00e9gia Concursos\"},\"image\":{\"@id\":\"https:\/\/www.estrategiaconcursos.com.br\/blog\/#\/schema\/logo\/image\/\"},\"sameAs\":[\"https:\/\/x.com\/EstratConcursos\"]},{\"@type\":\"Person\",\"@id\":\"https:\/\/www.estrategiaconcursos.com.br\/blog\/#\/schema\/person\/a06e841e501f2e1d8c49c4e8f066bfd1\",\"name\":\"Priscila Almeida\",\"image\":{\"@type\":\"ImageObject\",\"inLanguage\":\"pt-BR\",\"@id\":\"https:\/\/secure.gravatar.com\/avatar\/0a963c9e2a947fa675b669cea2b5d0ba6dd1cbf46b966190343b6c9973ad3337?s=96&d=mm&r=g\",\"url\":\"https:\/\/secure.gravatar.com\/avatar\/0a963c9e2a947fa675b669cea2b5d0ba6dd1cbf46b966190343b6c9973ad3337?s=96&d=mm&r=g\",\"contentUrl\":\"https:\/\/secure.gravatar.com\/avatar\/0a963c9e2a947fa675b669cea2b5d0ba6dd1cbf46b966190343b6c9973ad3337?s=96&d=mm&r=g\",\"caption\":\"Priscila Almeida\"},\"description\":\"Atua na \u00e1rea de concursos p\u00fablicos desde 2019. As editorias que mais t\u00eam familiaridade s\u00e3o: Tribunais (TJs; TRTs; TREs; TSTs; STJ, STF, STM e TSE); Defensorias; Minist\u00e9rios P\u00fablicos; Procuradorias; Educa\u00e7\u00e3o e Conselhos. Na \u00e1rea de comunica\u00e7\u00e3o, de maneira geral, a caminhada \u00e9 um pouco mais longa - desde 2007. Possui experi\u00eancia em reda\u00e7\u00f5es de r\u00e1dio, TV, Web e impresso, al\u00e9m de desenvolver trabalhos em assessorias de comunica\u00e7\u00e3o institucional, empresarial e p\u00fablicas. Entre outros trabalhos, se destacam a atua\u00e7\u00e3o nas \u00e1reas de Justi\u00e7a, Congresso, Esportes, Sa\u00fade, Agropecu\u00e1ria, Cidades e Avia\u00e7\u00e3o Civil.\",\"url\":\"https:\/\/www.estrategiaconcursos.com.br\/blog\/author\/priscila-almeidaestrategia-com\/\"}]}<\/script>\n<!-- \/ Yoast SEO Premium plugin. -->","yoast_head_json":{"title":"Concurso P\u00fablico: PL prev\u00ea direito de lactantes amamentarem em provas","description":"PL 316\/22 quer garantir direito a amamenta\u00e7\u00e3o de candidatas lactantes, inclusive filho adotivo, durante prova de concurso p\u00fablico.","robots":{"index":"index","follow":"follow","max-snippet":"max-snippet:-1","max-image-preview":"max-image-preview:large","max-video-preview":"max-video-preview:-1"},"canonical":"https:\/\/www.estrategiaconcursos.com.br\/blog\/concurso-publico-pl-preve-amamentacao\/","og_locale":"pt_BR","og_type":"article","og_title":"Concurso P\u00fablico: PL prev\u00ea direito de lactantes amamentarem em provas","og_description":"PL 316\/22 quer garantir direito a amamenta\u00e7\u00e3o de candidatas lactantes, inclusive filho adotivo, durante prova de concurso p\u00fablico.","og_url":"https:\/\/www.estrategiaconcursos.com.br\/blog\/concurso-publico-pl-preve-amamentacao\/","og_site_name":"Estrat\u00e9gia Concursos","article_published_time":"2022-03-28T14:51:06+00:00","article_modified_time":"2022-03-28T14:55:32+00:00","og_image":[{"width":276,"height":183,"url":"https:\/\/dhg1h5j42swfq.cloudfront.net\/2022\/03\/28114035\/concurso-publico-amamentacao.jpg","type":"image\/jpeg"}],"author":"Priscila Almeida","twitter_card":"summary_large_image","twitter_creator":"@EstratConcursos","twitter_site":"@EstratConcursos","twitter_misc":{"Escrito por":"Priscila Almeida","Est. tempo de leitura":"2 minutos"},"schema":{"@context":"https:\/\/schema.org","@graph":[{"@type":"NewsArticle","@id":"https:\/\/www.estrategiaconcursos.com.br\/blog\/concurso-publico-pl-preve-amamentacao\/#article","isPartOf":{"@id":"https:\/\/www.estrategiaconcursos.com.br\/blog\/concurso-publico-pl-preve-amamentacao\/"},"author":{"name":"Priscila Almeida","@id":"https:\/\/www.estrategiaconcursos.com.br\/blog\/#\/schema\/person\/a06e841e501f2e1d8c49c4e8f066bfd1"},"headline":"Concurso P\u00fablico: PL prev\u00ea direito de lactantes amamentarem em provas","datePublished":"2022-03-28T14:51:06+00:00","dateModified":"2022-03-28T14:55:32+00:00","mainEntityOfPage":{"@id":"https:\/\/www.estrategiaconcursos.com.br\/blog\/concurso-publico-pl-preve-amamentacao\/"},"wordCount":306,"commentCount":0,"publisher":{"@id":"https:\/\/www.estrategiaconcursos.com.br\/blog\/#organization"},"image":{"@id":"https:\/\/www.estrategiaconcursos.com.br\/blog\/concurso-publico-pl-preve-amamentacao\/#primaryimage"},"thumbnailUrl":"https:\/\/dhg1h5j42swfq.cloudfront.net\/2022\/03\/28114035\/concurso-publico-amamentacao.jpg","articleSection":["Concursos P\u00fablicos"],"inLanguage":"pt-BR","potentialAction":[{"@type":"CommentAction","name":"Comment","target":["https:\/\/www.estrategiaconcursos.com.br\/blog\/concurso-publico-pl-preve-amamentacao\/#respond"]}],"copyrightYear":"2022","copyrightHolder":{"@id":"https:\/\/www.estrategiaconcursos.com.br\/blog\/#organization"}},{"@type":"WebPage","@id":"https:\/\/www.estrategiaconcursos.com.br\/blog\/concurso-publico-pl-preve-amamentacao\/","url":"https:\/\/www.estrategiaconcursos.com.br\/blog\/concurso-publico-pl-preve-amamentacao\/","name":"Concurso P\u00fablico: PL prev\u00ea direito de lactantes amamentarem em provas","isPartOf":{"@id":"https:\/\/www.estrategiaconcursos.com.br\/blog\/#website"},"primaryImageOfPage":{"@id":"https:\/\/www.estrategiaconcursos.com.br\/blog\/concurso-publico-pl-preve-amamentacao\/#primaryimage"},"image":{"@id":"https:\/\/www.estrategiaconcursos.com.br\/blog\/concurso-publico-pl-preve-amamentacao\/#primaryimage"},"thumbnailUrl":"https:\/\/dhg1h5j42swfq.cloudfront.net\/2022\/03\/28114035\/concurso-publico-amamentacao.jpg","datePublished":"2022-03-28T14:51:06+00:00","dateModified":"2022-03-28T14:55:32+00:00","description":"PL 316\/22 quer garantir direito a amamenta\u00e7\u00e3o de candidatas lactantes, inclusive filho adotivo, durante prova de concurso p\u00fablico.","breadcrumb":{"@id":"https:\/\/www.estrategiaconcursos.com.br\/blog\/concurso-publico-pl-preve-amamentacao\/#breadcrumb"},"inLanguage":"pt-BR","potentialAction":[{"@type":"ReadAction","target":["https:\/\/www.estrategiaconcursos.com.br\/blog\/concurso-publico-pl-preve-amamentacao\/"]}]},{"@type":"ImageObject","inLanguage":"pt-BR","@id":"https:\/\/www.estrategiaconcursos.com.br\/blog\/concurso-publico-pl-preve-amamentacao\/#primaryimage","url":"https:\/\/dhg1h5j42swfq.cloudfront.net\/2022\/03\/28114035\/concurso-publico-amamentacao.jpg","contentUrl":"https:\/\/dhg1h5j42swfq.cloudfront.net\/2022\/03\/28114035\/concurso-publico-amamentacao.jpg","width":276,"height":183},{"@type":"BreadcrumbList","@id":"https:\/\/www.estrategiaconcursos.com.br\/blog\/concurso-publico-pl-preve-amamentacao\/#breadcrumb","itemListElement":[{"@type":"ListItem","position":1,"name":"In\u00edcio","item":"https:\/\/www.estrategiaconcursos.com.br\/blog\/"},{"@type":"ListItem","position":2,"name":"Concurso P\u00fablico: PL prev\u00ea direito de lactantes amamentarem em provas"}]},{"@type":"WebSite","@id":"https:\/\/www.estrategiaconcursos.com.br\/blog\/#website","url":"https:\/\/www.estrategiaconcursos.com.br\/blog\/","name":"Estrat\u00e9gia Concursos","description":"O blog da Estrat\u00e9gia Concursos traz not\u00edcias sobre concursos e artigos de professores oferecendo cursos para concursos (pdf + videaulas) no site.","publisher":{"@id":"https:\/\/www.estrategiaconcursos.com.br\/blog\/#organization"},"potentialAction":[{"@type":"SearchAction","target":{"@type":"EntryPoint","urlTemplate":"https:\/\/www.estrategiaconcursos.com.br\/blog\/?s={search_term_string}"},"query-input":{"@type":"PropertyValueSpecification","valueRequired":true,"valueName":"search_term_string"}}],"inLanguage":"pt-BR"},{"@type":"Organization","@id":"https:\/\/www.estrategiaconcursos.com.br\/blog\/#organization","name":"Estrat\u00e9gia Concursos","url":"https:\/\/www.estrategiaconcursos.com.br\/blog\/","logo":{"@type":"ImageObject","inLanguage":"pt-BR","@id":"https:\/\/www.estrategiaconcursos.com.br\/blog\/#\/schema\/logo\/image\/","url":"https:\/\/dhg1h5j42swfq.cloudfront.net\/2025\/06\/03203428\/logo_concursos-1.jpg","contentUrl":"https:\/\/dhg1h5j42swfq.cloudfront.net\/2025\/06\/03203428\/logo_concursos-1.jpg","width":230,"height":60,"caption":"Estrat\u00e9gia Concursos"},"image":{"@id":"https:\/\/www.estrategiaconcursos.com.br\/blog\/#\/schema\/logo\/image\/"},"sameAs":["https:\/\/x.com\/EstratConcursos"]},{"@type":"Person","@id":"https:\/\/www.estrategiaconcursos.com.br\/blog\/#\/schema\/person\/a06e841e501f2e1d8c49c4e8f066bfd1","name":"Priscila Almeida","image":{"@type":"ImageObject","inLanguage":"pt-BR","@id":"https:\/\/secure.gravatar.com\/avatar\/0a963c9e2a947fa675b669cea2b5d0ba6dd1cbf46b966190343b6c9973ad3337?s=96&d=mm&r=g","url":"https:\/\/secure.gravatar.com\/avatar\/0a963c9e2a947fa675b669cea2b5d0ba6dd1cbf46b966190343b6c9973ad3337?s=96&d=mm&r=g","contentUrl":"https:\/\/secure.gravatar.com\/avatar\/0a963c9e2a947fa675b669cea2b5d0ba6dd1cbf46b966190343b6c9973ad3337?s=96&d=mm&r=g","caption":"Priscila Almeida"},"description":"Atua na \u00e1rea de concursos p\u00fablicos desde 2019. As editorias que mais t\u00eam familiaridade s\u00e3o: Tribunais (TJs; TRTs; TREs; TSTs; STJ, STF, STM e TSE); Defensorias; Minist\u00e9rios P\u00fablicos; Procuradorias; Educa\u00e7\u00e3o e Conselhos. Na \u00e1rea de comunica\u00e7\u00e3o, de maneira geral, a caminhada \u00e9 um pouco mais longa - desde 2007. Possui experi\u00eancia em reda\u00e7\u00f5es de r\u00e1dio, TV, Web e impresso, al\u00e9m de desenvolver trabalhos em assessorias de comunica\u00e7\u00e3o institucional, empresarial e p\u00fablicas. Entre outros trabalhos, se destacam a atua\u00e7\u00e3o nas \u00e1reas de Justi\u00e7a, Congresso, Esportes, Sa\u00fade, Agropecu\u00e1ria, Cidades e Avia\u00e7\u00e3o Civil.","url":"https:\/\/www.estrategiaconcursos.com.br\/blog\/author\/priscila-almeidaestrategia-com\/"}]}},"_links":{"self":[{"href":"https:\/\/www.estrategiaconcursos.com.br\/blog\/wp-json\/wp\/v2\/posts\/995902","targetHints":{"allow":["GET"]}}],"collection":[{"href":"https:\/\/www.estrategiaconcursos.com.br\/blog\/wp-json\/wp\/v2\/posts"}],"about":[{"href":"https:\/\/www.estrategiaconcursos.com.br\/blog\/wp-json\/wp\/v2\/types\/post"}],"author":[{"embeddable":true,"href":"https:\/\/www.estrategiaconcursos.com.br\/blog\/wp-json\/wp\/v2\/users\/2375"}],"replies":[{"embeddable":true,"href":"https:\/\/www.estrategiaconcursos.com.br\/blog\/wp-json\/wp\/v2\/comments?post=995902"}],"version-history":[{"count":3,"href":"https:\/\/www.estrategiaconcursos.com.br\/blog\/wp-json\/wp\/v2\/posts\/995902\/revisions"}],"predecessor-version":[{"id":995927,"href":"https:\/\/www.estrategiaconcursos.com.br\/blog\/wp-json\/wp\/v2\/posts\/995902\/revisions\/995927"}],"wp:featuredmedia":[{"embeddable":true,"href":"https:\/\/www.estrategiaconcursos.com.br\/blog\/wp-json\/wp\/v2\/media\/995913"}],"wp:attachment":[{"href":"https:\/\/www.estrategiaconcursos.com.br\/blog\/wp-json\/wp\/v2\/media?parent=995902"}],"wp:term":[{"taxonomy":"category","embeddable":true,"href":"https:\/\/www.estrategiaconcursos.com.br\/blog\/wp-json\/wp\/v2\/categories?post=995902"},{"taxonomy":"post_tag","embeddable":true,"href":"https:\/\/www.estrategiaconcursos.com.br\/blog\/wp-json\/wp\/v2\/tags?post=995902"},{"taxonomy":"tax_estado","embeddable":true,"href":"https:\/\/www.estrategiaconcursos.com.br\/blog\/wp-json\/wp\/v2\/tax_estado?post=995902"}],"curies":[{"name":"wp","href":"https:\/\/api.w.org\/{rel}","templated":true}]}}