{"id":995745,"date":"2022-03-28T09:37:33","date_gmt":"2022-03-28T12:37:33","guid":{"rendered":"https:\/\/www.estrategiaconcursos.com.br\/blog\/?p=995745"},"modified":"2022-03-28T10:40:33","modified_gmt":"2022-03-28T13:40:33","slug":"concurso-mp-sc-requisitos-analista-e-tecnico","status":"publish","type":"post","link":"https:\/\/www.estrategiaconcursos.com.br\/blog\/concurso-mp-sc-requisitos-analista-e-tecnico\/","title":{"rendered":"Confira os requisitos para participar do certame MP SC"},"content":{"rendered":"\n<p>Confira quais s\u00e3o os requisitos para concorrer a uma das vagas do<strong> concurso MP SC<\/strong> (<a href=\"https:\/\/www.estrategiaconcursos.com.br\/cursosPorConcurso\/ministerio-publico-de-santa-catarina-mp-sc-servidores\/\" target=\"_blank\" rel=\"noreferrer noopener\">Minist\u00e9rio P\u00fablico de Santa Catarina<\/a>). S\u00e3o ofertadas <strong>50 vagas<\/strong> para cargos de n\u00edveis m\u00e9dio e superior de escolaridade. <\/p>\n\n\n\n<p>As oportunidades s\u00e3o para <strong>analista<\/strong> e <strong>t\u00e9cnico <\/strong>do <strong>Minist\u00e9rio P\u00fablico<\/strong> de SC. Para concorrer a uma das vagas \u00e9 necess\u00e1rio:<\/p>\n\n\n\n<h3 class=\"wp-block-heading\" id=\"requisitos\">Requisitos e atribui\u00e7\u00f5es <\/h3>\n\n\n\n<h4 class=\"wp-block-heading\" id=\"h-analista-do-ministerio-publico\"><a href=\"https:\/\/www.estrategiaconcursos.com.br\/curso\/mp-sc-analista-do-mp-area-geral-pacote-completo-2021-pre-edital\/\" target=\"_blank\" rel=\"noreferrer noopener\"> <strong>Analista do Minist\u00e9rio P\u00fablico<\/strong><\/a><\/h4>\n\n\n\n<ul class=\"wp-block-list\"><li><strong>Requisitos: <\/strong>Conclus\u00e3o de curso superior espec\u00edfico na \u00e1rea preterida, reconhecido pelo Minist\u00e9rio da Educa\u00e7\u00e3o (MEC), e inscri\u00e7\u00e3o\/registro no respectivo \u00f3rg\u00e3o fiscalizador, se houver.<br \/><\/li><li><strong>Atribui\u00e7\u00f5es: <\/strong>Participar na elabora\u00e7\u00e3o, na supervis\u00e3o, na orienta\u00e7\u00e3o, na coordena\u00e7\u00e3o, no planejamento, na cria\u00e7\u00e3o, no controle, na execu\u00e7\u00e3o e na an\u00e1lise ou avalia\u00e7\u00e3o de qualquer atividade que implique aplica\u00e7\u00e3o dos conhecimentos de sua \u00e1rea; Auxiliar os estudos e acompanhar o desenvolvimento de projetos de estrutura\u00e7\u00e3o e reorganiza\u00e7\u00e3o de servi\u00e7os; Apresentar propostas de moderniza\u00e7\u00e3o de procedimentos, objetivando maior dinamiza\u00e7\u00e3o dos trabalhos na sua \u00e1rea de atua\u00e7\u00e3o; Executar a\u00e7\u00f5es inerentes a sua \u00e1rea de forma\u00e7\u00e3o b\u00e1sica; Assessorar, na sua \u00e1rea de compet\u00eancia, a capacita\u00e7\u00e3o de recursos humanos; Articular-se com as chefias, visando ao bom desempenho de suas fun\u00e7\u00f5es e ao bom desempenho entre o pessoal do setor em que estiver lotado; Fornecer dados estat\u00edsticos das atividades do setor onde atua; Preparar relat\u00f3rios e manter atualizado material informativo de natureza t\u00e9cnico-cient\u00edfica diretamente relacionado com as atividades desenvolvidas pelo setor onde desempenha suas fun\u00e7\u00f5es e de sua \u00e1rea de forma\u00e7\u00e3o b\u00e1sica; Prestar assessoria e\/ou consultoria em assuntos relacionados a sua \u00e1rea de atua\u00e7\u00e3o; Elaborar, individualmente ou integrando equipes multiprofissionais, documentos b\u00e1sicos para fixa\u00e7\u00e3o de normas t\u00e9cnicas para a melhoria da qualidade dos servi\u00e7os; Emitir laudos e\/ou pareceres sobre mat\u00e9ria de sua \u00e1rea de atua\u00e7\u00e3o b\u00e1sica; Executar outras atividades compat\u00edveis com o cargo.<\/li><\/ul>\n\n\n\n<h4 class=\"wp-block-heading\" id=\"h-tecnico-do-ministerio-publico\"> <strong><a href=\"https:\/\/www.estrategiaconcursos.com.br\/curso\/mp-sc-tecnico-de-ministerio-publico-pacote-completo-2021-pre-edital\/\" target=\"_blank\" rel=\"noreferrer noopener\">T\u00e9cnico do Minist\u00e9rio P\u00fablico<\/a><\/strong><\/h4>\n\n\n\n<ul class=\"wp-block-list\"><li><strong>Requisitos: <\/strong>conclus\u00e3o do ensino m\u00e9dio<br \/><\/li><li><strong>Atribui\u00e7\u00f5es: <\/strong>Coordenar e executar trabalhos relacionados com a organiza\u00e7\u00e3o e atualiza\u00e7\u00e3o dos arquivos e fich\u00e1rios; Redigir instru\u00e7\u00f5es, ordens de servi\u00e7o, minutas de cartas, of\u00edcios, memorandos e atos administrativos sobre assuntos do \u00f3rg\u00e3o; Minutar contratos em geral; Auxiliar na aquisi\u00e7\u00e3o e no suprimento de material permanente e de consumo, divulga\u00e7\u00e3o de editais e outras tarefas correlatas; Fazer anota\u00e7\u00f5es nas fichas, nos livros e nos exemplares de ocorr\u00eancia verificadas nos registros em geral; Colaborar com a reda\u00e7\u00e3o de relat\u00f3rios anuais ou parciais atendendo a exig\u00eancias ou normas do \u00f3rg\u00e3o; Expedir atestados, lavrar termos de posse, apostilas, certid\u00f5es e termos de ocorr\u00eancia em geral; Preparar documentos necess\u00e1rios para o funcionamento do \u00f3rg\u00e3o; Realizar registros em geral; Secretariar autoridades de hierarquia superior, digitando expedientes relacionados as suas atividades; Providenciar os servi\u00e7os de reprografia; Sugerir m\u00e9todos e processos de trabalho para simplifica\u00e7\u00e3o, recebimento, classifica\u00e7\u00e3o, registro, guarda, codifica\u00e7\u00e3o, tramita\u00e7\u00e3o e conserva\u00e7\u00e3o de documentos, processos e pap\u00e9is em geral; 13. executar outras atividades compat\u00edveis com o cargo.<\/li><\/ul>\n\n\n\n<h2 class=\"has-text-align-center has-pale-cyan-blue-background-color has-background has-medium-font-size wp-block-heading\" id=\"saiba-mais-concurso-mp-sc\">Saiba mais: <a href=\"https:\/\/www.estrategiaconcursos.com.br\/blog\/concurso-mp-sc\/\" target=\"_blank\" rel=\"noreferrer noopener\">concurso MP SC<\/a> <\/h2>\n\n\n\n<h2 class=\"has-text-align-center wp-block-heading\" id=\"h-quer-saber-tudo-sobre-concursos-previstos-confira-nossos-artigos\">Quer saber tudo sobre concursos previstos?<br \/>Confira nossos artigos!<\/h2>\n\n\n\n<ul class=\"wp-block-list\"><li><a href=\"https:\/\/www.estrategiaconcursos.com.br\/blog\/concursos-abertos\/\" target=\"_blank\" rel=\"noreferrer noopener\">Concursos abertos<\/a><\/li><li><a href=\"https:\/\/www.estrategiaconcursos.com.br\/blog\/concursos-2022\/\" target=\"_blank\" rel=\"noreferrer noopener\">Concursos 2022<\/a><\/li><\/ul>\n\n\n\n<h2 class=\"has-text-align-center wp-block-heading\" id=\"curso\">Quer estudar para o concurso MP SC?<\/h2>\n\n\n\n<div class=\"container\" id=\"boxes\">\n  <div class=\"row\">\n\n    <div class=\"col-sm\">\n      <div class=\"banner-tribunal\" id=\"box-assinatura\">\n        <h3 class=\"titulo-assinatura\">Cursos para MP SC<\/h3>\n        <p class=\"subtitulo-assinatura\">Conhe\u00e7a os cursos<\/p>\n        <div class=\"box-botao\">\n          <a class=\"btn-assinatura\" target=\"_blank\" href=\"https:\/\/https:\/\/www.estrategiaconcursos.com.br\/cursosPorConcurso\/ministerio-publico-de-santa-catarina-mp-sc-servidores\/\" rel=\"noopener noreferrer\">Conhe\u00e7a mais<\/a>\n        <\/div>\n      <\/div>\n      <p class=\"texto-auxiliar\"><\/p>\n    <\/div>\n\n  <\/div>\n<\/div>\n\n\n","protected":false},"excerpt":{"rendered":"<p>Confira quais s\u00e3o os requisitos para concorrer a uma das vagas do concurso MP SC (Minist\u00e9rio P\u00fablico de Santa Catarina). S\u00e3o ofertadas 50 vagas para cargos de n\u00edveis m\u00e9dio e superior de escolaridade. As oportunidades s\u00e3o para analista e t\u00e9cnico do Minist\u00e9rio P\u00fablico de SC. Para concorrer a uma das vagas \u00e9 necess\u00e1rio: Requisitos e [&hellip;]<\/p>\n","protected":false},"author":2375,"featured_media":994493,"comment_status":"open","ping_status":"closed","sticky":false,"template":"","format":"standard","meta":{"post_tipo":"news","footnotes":""},"categories":[1,1984],"tags":[],"tax_estado":[219987],"class_list":["post-995745","post","type-post","status-publish","format-standard","has-post-thumbnail","hentry","category-cursos-e-concursos","category-tribunais","tax_estado-sc"],"acf":[],"yoast_head":"<!-- This site is optimized with the Yoast SEO Premium plugin v27.2 (Yoast SEO v27.2) - https:\/\/yoast.com\/product\/yoast-seo-premium-wordpress\/ -->\n<title>Confira os requisitos para participar do certame MP SC<\/title>\n<meta name=\"description\" content=\"Confira com o Estrat\u00e9gia Concursos quais s\u00e3o os requisitos exigidos para concorrer a uma das vagas do concurso MP SC.\" \/>\n<meta name=\"robots\" content=\"index, follow, max-snippet:-1, max-image-preview:large, max-video-preview:-1\" \/>\n<link rel=\"canonical\" href=\"https:\/\/www.estrategiaconcursos.com.br\/blog\/concurso-mp-sc-requisitos-analista-e-tecnico\/\" \/>\n<meta property=\"og:locale\" content=\"pt_BR\" \/>\n<meta property=\"og:type\" content=\"article\" \/>\n<meta property=\"og:title\" content=\"Confira os requisitos para participar do certame MP SC\" \/>\n<meta property=\"og:description\" content=\"Confira com o Estrat\u00e9gia Concursos quais s\u00e3o os requisitos exigidos para concorrer a uma das vagas do concurso MP SC.\" \/>\n<meta property=\"og:url\" content=\"https:\/\/www.estrategiaconcursos.com.br\/blog\/concurso-mp-sc-requisitos-analista-e-tecnico\/\" \/>\n<meta property=\"og:site_name\" content=\"Estrat\u00e9gia Concursos\" \/>\n<meta property=\"article:published_time\" content=\"2022-03-28T12:37:33+00:00\" \/>\n<meta property=\"article:modified_time\" content=\"2022-03-28T13:40:33+00:00\" \/>\n<meta property=\"og:image\" content=\"https:\/\/dhg1h5j42swfq.cloudfront.net\/2022\/03\/24215440\/mp-sc.jpg\" \/>\n\t<meta property=\"og:image:width\" content=\"768\" \/>\n\t<meta property=\"og:image:height\" content=\"432\" \/>\n\t<meta property=\"og:image:type\" content=\"image\/jpeg\" \/>\n<meta name=\"author\" content=\"Priscila Almeida\" \/>\n<meta name=\"twitter:card\" content=\"summary_large_image\" \/>\n<meta name=\"twitter:creator\" content=\"@EstratConcursos\" \/>\n<meta name=\"twitter:site\" content=\"@EstratConcursos\" \/>\n<meta name=\"twitter:label1\" content=\"Escrito por\" \/>\n\t<meta name=\"twitter:data1\" content=\"Priscila Almeida\" \/>\n\t<meta name=\"twitter:label2\" content=\"Est. tempo de leitura\" \/>\n\t<meta name=\"twitter:data2\" content=\"3 minutos\" \/>\n<script type=\"application\/ld+json\" class=\"yoast-schema-graph\">{\"@context\":\"https:\/\/schema.org\",\"@graph\":[{\"@type\":\"NewsArticle\",\"@id\":\"https:\/\/www.estrategiaconcursos.com.br\/blog\/concurso-mp-sc-requisitos-analista-e-tecnico\/#article\",\"isPartOf\":{\"@id\":\"https:\/\/www.estrategiaconcursos.com.br\/blog\/concurso-mp-sc-requisitos-analista-e-tecnico\/\"},\"author\":{\"name\":\"Priscila Almeida\",\"@id\":\"https:\/\/www.estrategiaconcursos.com.br\/blog\/#\/schema\/person\/a06e841e501f2e1d8c49c4e8f066bfd1\"},\"headline\":\"Confira os requisitos para participar do certame MP SC\",\"datePublished\":\"2022-03-28T12:37:33+00:00\",\"dateModified\":\"2022-03-28T13:40:33+00:00\",\"mainEntityOfPage\":{\"@id\":\"https:\/\/www.estrategiaconcursos.com.br\/blog\/concurso-mp-sc-requisitos-analista-e-tecnico\/\"},\"wordCount\":586,\"commentCount\":0,\"publisher\":{\"@id\":\"https:\/\/www.estrategiaconcursos.com.br\/blog\/#organization\"},\"image\":{\"@id\":\"https:\/\/www.estrategiaconcursos.com.br\/blog\/concurso-mp-sc-requisitos-analista-e-tecnico\/#primaryimage\"},\"thumbnailUrl\":\"https:\/\/dhg1h5j42swfq.cloudfront.net\/2022\/03\/24215440\/mp-sc.jpg\",\"articleSection\":[\"Concursos P\u00fablicos\",\"Tribunais\"],\"inLanguage\":\"pt-BR\",\"potentialAction\":[{\"@type\":\"CommentAction\",\"name\":\"Comment\",\"target\":[\"https:\/\/www.estrategiaconcursos.com.br\/blog\/concurso-mp-sc-requisitos-analista-e-tecnico\/#respond\"]}],\"copyrightYear\":\"2022\",\"copyrightHolder\":{\"@id\":\"https:\/\/www.estrategiaconcursos.com.br\/blog\/#organization\"}},{\"@type\":\"WebPage\",\"@id\":\"https:\/\/www.estrategiaconcursos.com.br\/blog\/concurso-mp-sc-requisitos-analista-e-tecnico\/\",\"url\":\"https:\/\/www.estrategiaconcursos.com.br\/blog\/concurso-mp-sc-requisitos-analista-e-tecnico\/\",\"name\":\"Confira os requisitos para participar do certame MP SC\",\"isPartOf\":{\"@id\":\"https:\/\/www.estrategiaconcursos.com.br\/blog\/#website\"},\"primaryImageOfPage\":{\"@id\":\"https:\/\/www.estrategiaconcursos.com.br\/blog\/concurso-mp-sc-requisitos-analista-e-tecnico\/#primaryimage\"},\"image\":{\"@id\":\"https:\/\/www.estrategiaconcursos.com.br\/blog\/concurso-mp-sc-requisitos-analista-e-tecnico\/#primaryimage\"},\"thumbnailUrl\":\"https:\/\/dhg1h5j42swfq.cloudfront.net\/2022\/03\/24215440\/mp-sc.jpg\",\"datePublished\":\"2022-03-28T12:37:33+00:00\",\"dateModified\":\"2022-03-28T13:40:33+00:00\",\"description\":\"Confira com o Estrat\u00e9gia Concursos quais s\u00e3o os requisitos exigidos para concorrer a uma das vagas do concurso MP SC.\",\"breadcrumb\":{\"@id\":\"https:\/\/www.estrategiaconcursos.com.br\/blog\/concurso-mp-sc-requisitos-analista-e-tecnico\/#breadcrumb\"},\"inLanguage\":\"pt-BR\",\"potentialAction\":[{\"@type\":\"ReadAction\",\"target\":[\"https:\/\/www.estrategiaconcursos.com.br\/blog\/concurso-mp-sc-requisitos-analista-e-tecnico\/\"]}]},{\"@type\":\"ImageObject\",\"inLanguage\":\"pt-BR\",\"@id\":\"https:\/\/www.estrategiaconcursos.com.br\/blog\/concurso-mp-sc-requisitos-analista-e-tecnico\/#primaryimage\",\"url\":\"https:\/\/dhg1h5j42swfq.cloudfront.net\/2022\/03\/24215440\/mp-sc.jpg\",\"contentUrl\":\"https:\/\/dhg1h5j42swfq.cloudfront.net\/2022\/03\/24215440\/mp-sc.jpg\",\"width\":768,\"height\":432,\"caption\":\"CONCURSO MP SC\"},{\"@type\":\"BreadcrumbList\",\"@id\":\"https:\/\/www.estrategiaconcursos.com.br\/blog\/concurso-mp-sc-requisitos-analista-e-tecnico\/#breadcrumb\",\"itemListElement\":[{\"@type\":\"ListItem\",\"position\":1,\"name\":\"In\u00edcio\",\"item\":\"https:\/\/www.estrategiaconcursos.com.br\/blog\/\"},{\"@type\":\"ListItem\",\"position\":2,\"name\":\"Confira os requisitos para participar do certame MP SC\"}]},{\"@type\":\"WebSite\",\"@id\":\"https:\/\/www.estrategiaconcursos.com.br\/blog\/#website\",\"url\":\"https:\/\/www.estrategiaconcursos.com.br\/blog\/\",\"name\":\"Estrat\u00e9gia Concursos\",\"description\":\"O blog da Estrat\u00e9gia Concursos traz not\u00edcias sobre concursos e artigos de professores oferecendo cursos para concursos (pdf + videaulas) no site.\",\"publisher\":{\"@id\":\"https:\/\/www.estrategiaconcursos.com.br\/blog\/#organization\"},\"potentialAction\":[{\"@type\":\"SearchAction\",\"target\":{\"@type\":\"EntryPoint\",\"urlTemplate\":\"https:\/\/www.estrategiaconcursos.com.br\/blog\/?s={search_term_string}\"},\"query-input\":{\"@type\":\"PropertyValueSpecification\",\"valueRequired\":true,\"valueName\":\"search_term_string\"}}],\"inLanguage\":\"pt-BR\"},{\"@type\":\"Organization\",\"@id\":\"https:\/\/www.estrategiaconcursos.com.br\/blog\/#organization\",\"name\":\"Estrat\u00e9gia Concursos\",\"url\":\"https:\/\/www.estrategiaconcursos.com.br\/blog\/\",\"logo\":{\"@type\":\"ImageObject\",\"inLanguage\":\"pt-BR\",\"@id\":\"https:\/\/www.estrategiaconcursos.com.br\/blog\/#\/schema\/logo\/image\/\",\"url\":\"https:\/\/dhg1h5j42swfq.cloudfront.net\/2025\/06\/03203428\/logo_concursos-1.jpg\",\"contentUrl\":\"https:\/\/dhg1h5j42swfq.cloudfront.net\/2025\/06\/03203428\/logo_concursos-1.jpg\",\"width\":230,\"height\":60,\"caption\":\"Estrat\u00e9gia Concursos\"},\"image\":{\"@id\":\"https:\/\/www.estrategiaconcursos.com.br\/blog\/#\/schema\/logo\/image\/\"},\"sameAs\":[\"https:\/\/x.com\/EstratConcursos\"]},{\"@type\":\"Person\",\"@id\":\"https:\/\/www.estrategiaconcursos.com.br\/blog\/#\/schema\/person\/a06e841e501f2e1d8c49c4e8f066bfd1\",\"name\":\"Priscila Almeida\",\"image\":{\"@type\":\"ImageObject\",\"inLanguage\":\"pt-BR\",\"@id\":\"https:\/\/secure.gravatar.com\/avatar\/0a963c9e2a947fa675b669cea2b5d0ba6dd1cbf46b966190343b6c9973ad3337?s=96&d=mm&r=g\",\"url\":\"https:\/\/secure.gravatar.com\/avatar\/0a963c9e2a947fa675b669cea2b5d0ba6dd1cbf46b966190343b6c9973ad3337?s=96&d=mm&r=g\",\"contentUrl\":\"https:\/\/secure.gravatar.com\/avatar\/0a963c9e2a947fa675b669cea2b5d0ba6dd1cbf46b966190343b6c9973ad3337?s=96&d=mm&r=g\",\"caption\":\"Priscila Almeida\"},\"description\":\"Atua na \u00e1rea de concursos p\u00fablicos desde 2019. As editorias que mais t\u00eam familiaridade s\u00e3o: Tribunais (TJs; TRTs; TREs; TSTs; STJ, STF, STM e TSE); Defensorias; Minist\u00e9rios P\u00fablicos; Procuradorias; Educa\u00e7\u00e3o e Conselhos. Na \u00e1rea de comunica\u00e7\u00e3o, de maneira geral, a caminhada \u00e9 um pouco mais longa - desde 2007. Possui experi\u00eancia em reda\u00e7\u00f5es de r\u00e1dio, TV, Web e impresso, al\u00e9m de desenvolver trabalhos em assessorias de comunica\u00e7\u00e3o institucional, empresarial e p\u00fablicas. Entre outros trabalhos, se destacam a atua\u00e7\u00e3o nas \u00e1reas de Justi\u00e7a, Congresso, Esportes, Sa\u00fade, Agropecu\u00e1ria, Cidades e Avia\u00e7\u00e3o Civil.\",\"url\":\"https:\/\/www.estrategiaconcursos.com.br\/blog\/author\/priscila-almeidaestrategia-com\/\"}]}<\/script>\n<!-- \/ Yoast SEO Premium plugin. -->","yoast_head_json":{"title":"Confira os requisitos para participar do certame MP SC","description":"Confira com o Estrat\u00e9gia Concursos quais s\u00e3o os requisitos exigidos para concorrer a uma das vagas do concurso MP SC.","robots":{"index":"index","follow":"follow","max-snippet":"max-snippet:-1","max-image-preview":"max-image-preview:large","max-video-preview":"max-video-preview:-1"},"canonical":"https:\/\/www.estrategiaconcursos.com.br\/blog\/concurso-mp-sc-requisitos-analista-e-tecnico\/","og_locale":"pt_BR","og_type":"article","og_title":"Confira os requisitos para participar do certame MP SC","og_description":"Confira com o Estrat\u00e9gia Concursos quais s\u00e3o os requisitos exigidos para concorrer a uma das vagas do concurso MP SC.","og_url":"https:\/\/www.estrategiaconcursos.com.br\/blog\/concurso-mp-sc-requisitos-analista-e-tecnico\/","og_site_name":"Estrat\u00e9gia Concursos","article_published_time":"2022-03-28T12:37:33+00:00","article_modified_time":"2022-03-28T13:40:33+00:00","og_image":[{"width":768,"height":432,"url":"https:\/\/dhg1h5j42swfq.cloudfront.net\/2022\/03\/24215440\/mp-sc.jpg","type":"image\/jpeg"}],"author":"Priscila Almeida","twitter_card":"summary_large_image","twitter_creator":"@EstratConcursos","twitter_site":"@EstratConcursos","twitter_misc":{"Escrito por":"Priscila Almeida","Est. tempo de leitura":"3 minutos"},"schema":{"@context":"https:\/\/schema.org","@graph":[{"@type":"NewsArticle","@id":"https:\/\/www.estrategiaconcursos.com.br\/blog\/concurso-mp-sc-requisitos-analista-e-tecnico\/#article","isPartOf":{"@id":"https:\/\/www.estrategiaconcursos.com.br\/blog\/concurso-mp-sc-requisitos-analista-e-tecnico\/"},"author":{"name":"Priscila Almeida","@id":"https:\/\/www.estrategiaconcursos.com.br\/blog\/#\/schema\/person\/a06e841e501f2e1d8c49c4e8f066bfd1"},"headline":"Confira os requisitos para participar do certame MP SC","datePublished":"2022-03-28T12:37:33+00:00","dateModified":"2022-03-28T13:40:33+00:00","mainEntityOfPage":{"@id":"https:\/\/www.estrategiaconcursos.com.br\/blog\/concurso-mp-sc-requisitos-analista-e-tecnico\/"},"wordCount":586,"commentCount":0,"publisher":{"@id":"https:\/\/www.estrategiaconcursos.com.br\/blog\/#organization"},"image":{"@id":"https:\/\/www.estrategiaconcursos.com.br\/blog\/concurso-mp-sc-requisitos-analista-e-tecnico\/#primaryimage"},"thumbnailUrl":"https:\/\/dhg1h5j42swfq.cloudfront.net\/2022\/03\/24215440\/mp-sc.jpg","articleSection":["Concursos P\u00fablicos","Tribunais"],"inLanguage":"pt-BR","potentialAction":[{"@type":"CommentAction","name":"Comment","target":["https:\/\/www.estrategiaconcursos.com.br\/blog\/concurso-mp-sc-requisitos-analista-e-tecnico\/#respond"]}],"copyrightYear":"2022","copyrightHolder":{"@id":"https:\/\/www.estrategiaconcursos.com.br\/blog\/#organization"}},{"@type":"WebPage","@id":"https:\/\/www.estrategiaconcursos.com.br\/blog\/concurso-mp-sc-requisitos-analista-e-tecnico\/","url":"https:\/\/www.estrategiaconcursos.com.br\/blog\/concurso-mp-sc-requisitos-analista-e-tecnico\/","name":"Confira os requisitos para participar do certame MP SC","isPartOf":{"@id":"https:\/\/www.estrategiaconcursos.com.br\/blog\/#website"},"primaryImageOfPage":{"@id":"https:\/\/www.estrategiaconcursos.com.br\/blog\/concurso-mp-sc-requisitos-analista-e-tecnico\/#primaryimage"},"image":{"@id":"https:\/\/www.estrategiaconcursos.com.br\/blog\/concurso-mp-sc-requisitos-analista-e-tecnico\/#primaryimage"},"thumbnailUrl":"https:\/\/dhg1h5j42swfq.cloudfront.net\/2022\/03\/24215440\/mp-sc.jpg","datePublished":"2022-03-28T12:37:33+00:00","dateModified":"2022-03-28T13:40:33+00:00","description":"Confira com o Estrat\u00e9gia Concursos quais s\u00e3o os requisitos exigidos para concorrer a uma das vagas do concurso MP SC.","breadcrumb":{"@id":"https:\/\/www.estrategiaconcursos.com.br\/blog\/concurso-mp-sc-requisitos-analista-e-tecnico\/#breadcrumb"},"inLanguage":"pt-BR","potentialAction":[{"@type":"ReadAction","target":["https:\/\/www.estrategiaconcursos.com.br\/blog\/concurso-mp-sc-requisitos-analista-e-tecnico\/"]}]},{"@type":"ImageObject","inLanguage":"pt-BR","@id":"https:\/\/www.estrategiaconcursos.com.br\/blog\/concurso-mp-sc-requisitos-analista-e-tecnico\/#primaryimage","url":"https:\/\/dhg1h5j42swfq.cloudfront.net\/2022\/03\/24215440\/mp-sc.jpg","contentUrl":"https:\/\/dhg1h5j42swfq.cloudfront.net\/2022\/03\/24215440\/mp-sc.jpg","width":768,"height":432,"caption":"CONCURSO MP SC"},{"@type":"BreadcrumbList","@id":"https:\/\/www.estrategiaconcursos.com.br\/blog\/concurso-mp-sc-requisitos-analista-e-tecnico\/#breadcrumb","itemListElement":[{"@type":"ListItem","position":1,"name":"In\u00edcio","item":"https:\/\/www.estrategiaconcursos.com.br\/blog\/"},{"@type":"ListItem","position":2,"name":"Confira os requisitos para participar do certame MP SC"}]},{"@type":"WebSite","@id":"https:\/\/www.estrategiaconcursos.com.br\/blog\/#website","url":"https:\/\/www.estrategiaconcursos.com.br\/blog\/","name":"Estrat\u00e9gia Concursos","description":"O blog da Estrat\u00e9gia Concursos traz not\u00edcias sobre concursos e artigos de professores oferecendo cursos para concursos (pdf + videaulas) no site.","publisher":{"@id":"https:\/\/www.estrategiaconcursos.com.br\/blog\/#organization"},"potentialAction":[{"@type":"SearchAction","target":{"@type":"EntryPoint","urlTemplate":"https:\/\/www.estrategiaconcursos.com.br\/blog\/?s={search_term_string}"},"query-input":{"@type":"PropertyValueSpecification","valueRequired":true,"valueName":"search_term_string"}}],"inLanguage":"pt-BR"},{"@type":"Organization","@id":"https:\/\/www.estrategiaconcursos.com.br\/blog\/#organization","name":"Estrat\u00e9gia Concursos","url":"https:\/\/www.estrategiaconcursos.com.br\/blog\/","logo":{"@type":"ImageObject","inLanguage":"pt-BR","@id":"https:\/\/www.estrategiaconcursos.com.br\/blog\/#\/schema\/logo\/image\/","url":"https:\/\/dhg1h5j42swfq.cloudfront.net\/2025\/06\/03203428\/logo_concursos-1.jpg","contentUrl":"https:\/\/dhg1h5j42swfq.cloudfront.net\/2025\/06\/03203428\/logo_concursos-1.jpg","width":230,"height":60,"caption":"Estrat\u00e9gia Concursos"},"image":{"@id":"https:\/\/www.estrategiaconcursos.com.br\/blog\/#\/schema\/logo\/image\/"},"sameAs":["https:\/\/x.com\/EstratConcursos"]},{"@type":"Person","@id":"https:\/\/www.estrategiaconcursos.com.br\/blog\/#\/schema\/person\/a06e841e501f2e1d8c49c4e8f066bfd1","name":"Priscila Almeida","image":{"@type":"ImageObject","inLanguage":"pt-BR","@id":"https:\/\/secure.gravatar.com\/avatar\/0a963c9e2a947fa675b669cea2b5d0ba6dd1cbf46b966190343b6c9973ad3337?s=96&d=mm&r=g","url":"https:\/\/secure.gravatar.com\/avatar\/0a963c9e2a947fa675b669cea2b5d0ba6dd1cbf46b966190343b6c9973ad3337?s=96&d=mm&r=g","contentUrl":"https:\/\/secure.gravatar.com\/avatar\/0a963c9e2a947fa675b669cea2b5d0ba6dd1cbf46b966190343b6c9973ad3337?s=96&d=mm&r=g","caption":"Priscila Almeida"},"description":"Atua na \u00e1rea de concursos p\u00fablicos desde 2019. As editorias que mais t\u00eam familiaridade s\u00e3o: Tribunais (TJs; TRTs; TREs; TSTs; STJ, STF, STM e TSE); Defensorias; Minist\u00e9rios P\u00fablicos; Procuradorias; Educa\u00e7\u00e3o e Conselhos. Na \u00e1rea de comunica\u00e7\u00e3o, de maneira geral, a caminhada \u00e9 um pouco mais longa - desde 2007. Possui experi\u00eancia em reda\u00e7\u00f5es de r\u00e1dio, TV, Web e impresso, al\u00e9m de desenvolver trabalhos em assessorias de comunica\u00e7\u00e3o institucional, empresarial e p\u00fablicas. Entre outros trabalhos, se destacam a atua\u00e7\u00e3o nas \u00e1reas de Justi\u00e7a, Congresso, Esportes, Sa\u00fade, Agropecu\u00e1ria, Cidades e Avia\u00e7\u00e3o Civil.","url":"https:\/\/www.estrategiaconcursos.com.br\/blog\/author\/priscila-almeidaestrategia-com\/"}]}},"_links":{"self":[{"href":"https:\/\/www.estrategiaconcursos.com.br\/blog\/wp-json\/wp\/v2\/posts\/995745","targetHints":{"allow":["GET"]}}],"collection":[{"href":"https:\/\/www.estrategiaconcursos.com.br\/blog\/wp-json\/wp\/v2\/posts"}],"about":[{"href":"https:\/\/www.estrategiaconcursos.com.br\/blog\/wp-json\/wp\/v2\/types\/post"}],"author":[{"embeddable":true,"href":"https:\/\/www.estrategiaconcursos.com.br\/blog\/wp-json\/wp\/v2\/users\/2375"}],"replies":[{"embeddable":true,"href":"https:\/\/www.estrategiaconcursos.com.br\/blog\/wp-json\/wp\/v2\/comments?post=995745"}],"version-history":[{"count":4,"href":"https:\/\/www.estrategiaconcursos.com.br\/blog\/wp-json\/wp\/v2\/posts\/995745\/revisions"}],"predecessor-version":[{"id":995831,"href":"https:\/\/www.estrategiaconcursos.com.br\/blog\/wp-json\/wp\/v2\/posts\/995745\/revisions\/995831"}],"wp:featuredmedia":[{"embeddable":true,"href":"https:\/\/www.estrategiaconcursos.com.br\/blog\/wp-json\/wp\/v2\/media\/994493"}],"wp:attachment":[{"href":"https:\/\/www.estrategiaconcursos.com.br\/blog\/wp-json\/wp\/v2\/media?parent=995745"}],"wp:term":[{"taxonomy":"category","embeddable":true,"href":"https:\/\/www.estrategiaconcursos.com.br\/blog\/wp-json\/wp\/v2\/categories?post=995745"},{"taxonomy":"post_tag","embeddable":true,"href":"https:\/\/www.estrategiaconcursos.com.br\/blog\/wp-json\/wp\/v2\/tags?post=995745"},{"taxonomy":"tax_estado","embeddable":true,"href":"https:\/\/www.estrategiaconcursos.com.br\/blog\/wp-json\/wp\/v2\/tax_estado?post=995745"}],"curies":[{"name":"wp","href":"https:\/\/api.w.org\/{rel}","templated":true}]}}