{"id":995606,"date":"2022-04-15T08:36:00","date_gmt":"2022-04-15T11:36:00","guid":{"rendered":"https:\/\/www.estrategiaconcursos.com.br\/blog\/?p=995606"},"modified":"2022-09-01T14:15:47","modified_gmt":"2022-09-01T17:15:47","slug":"reparticao-das-receitas-tributarias-jurisprudencia","status":"publish","type":"post","link":"https:\/\/www.estrategiaconcursos.com.br\/blog\/reparticao-das-receitas-tributarias-jurisprudencia\/","title":{"rendered":"Reparti\u00e7\u00e3o das Receitas Tribut\u00e1rias e Jurisprud\u00eancia"},"content":{"rendered":"\n<h2 class=\"wp-block-heading\" id=\"h-conceitos-iniciais\"><strong>Conceitos Iniciais<\/strong><\/h2>\n\n\n\n<p>Este artigo se destina a explicar de maneira geral o que \u00e9 a reparti\u00e7\u00e3o das receitas tribut\u00e1rias entre os entes da federa\u00e7\u00e3o e para que serve.<\/p>\n\n\n\n<p>O direito tribut\u00e1rio, segmento espec\u00edfico do Direito, com institutos, conceitos e formas pr\u00f3prias, dedica-se ao estudo da rela\u00e7\u00e3o existente entre o Estado, que, na posi\u00e7\u00e3o de guardi\u00e3o do interesse p\u00fablico indispon\u00edvel, se utiliza de seu <strong>poder de imp\u00e9rio<\/strong> para <strong>tributar<\/strong> seus cidad\u00e3os (tamb\u00e9m conhecidos como <strong>contribuintes<\/strong>), impondo-lhes a <strong>obriga\u00e7\u00e3o<\/strong> de recolher tais tributos a este ente tributante (a administra\u00e7\u00e3o p\u00fablica: Munic\u00edpio, Estado ou Uni\u00e3o).<\/p>\n\n\n\n<p>O Brasil j\u00e1 possui sua s\u00e9tima constitui\u00e7\u00e3o federal, atualmente a Constitui\u00e7\u00e3o Federal de 1988 (CF\/88), sendo uma do Imp\u00e9rio (a de 1824) e outras 6 da rep\u00fablica (1891, 1934, 1937, 1967 e 1988). Todas as constitui\u00e7\u00f5es brasileiras possuem princ\u00edpios e comandos referentes \u00e0 administra\u00e7\u00e3o p\u00fablica, inclusive no que se refere \u00e0 organiza\u00e7\u00e3o do or\u00e7amento \u2013 que trata das despesas p\u00fablicas. S\u00f3 que os fundos para custear as despesas devem sair de algum lugar \u2013 e \u00e9 nesse ponto que entra o direito tribut\u00e1rio.<\/p>\n\n\n\n<p>A organiza\u00e7\u00e3o administrativa do Brasil na <a href=\"http:\/\/www.planalto.gov.br\/ccivil_03\/constituicao\/constituicao24.htm\">constitui\u00e7\u00e3o de 1824<\/a> previa somente dois entes federativos: a Uni\u00e3o e as Prov\u00edncias (atuais Estados). Em 1934, a Constitui\u00e7\u00e3o previa a organiza\u00e7\u00e3o administrativa em Uni\u00e3o (federal) e Estados, sendo os Munic\u00edpios considerados de certa forma subordinados aos \u00faltimos.<\/p>\n\n\n\n<p>Esse federalismo de tr\u00eas entes, entretanto, precisava ser sustentado por fundos p\u00fablicos que haveriam de ser custeados pelos tributos. Nesse primeiro momento, a Uni\u00e3o e os Estados tinham a prerrogativa de instituir tributos \u2013 os Munic\u00edpios ainda eram vistos como entidades de apoio aos Estados, possuindo somente a prerrogativa de instituir, fiscalizar e arrecadar o IPTU.&nbsp; J\u00e1 entre Uni\u00e3o e Estados havia uma previs\u00e3o de compet\u00eancia de instituir impostos <strong>concorrentemente<\/strong>, cabendo ao Senado resolver eventuais <strong>conflitos de compet\u00eancia<\/strong>, reconhecendo quando haveria <strong>bitributa\u00e7\u00e3o <\/strong>e qual imposto <strong>prevaleceria<\/strong>.<\/p>\n\n\n\n<h2 class=\"wp-block-heading\" id=\"h-o-conceito-de-federalismo-e-o-papel-da-reparticao-das-receitas-tributarias\"><strong>O conceito de federalismo e o papel da reparti\u00e7\u00e3o das receitas tribut\u00e1rias<\/strong><\/h2>\n\n\n\n<p>O Brasil foi uma col\u00f4nia portuguesa at\u00e9 a chegada da corte portuguesa, em 1808, sendo que em 1815 o Brasil foi elevado \u00e0 condi\u00e7\u00e3o de parte do Reino Unido de Portugal e Algarves. Como uma unidade aut\u00f4noma, o pa\u00eds conseguiu sua independ\u00eancia em 1822. Desta forma, o Estado brasileiro, desde o advento da independ\u00eancia, constituiu-se em um estado federal por desagrega\u00e7\u00e3o.&nbsp;<\/p>\n\n\n\n<p>A ideia de federalismo por desagrega\u00e7\u00e3o no Brasil provavelmente se deu pelo car\u00e1ter de centraliza\u00e7\u00e3o das monarquias. Ainda que seja uma monarquia em um aspecto mais contempor\u00e2neo, o imp\u00e9rio tinha um aspecto federal, sendo que as prov\u00edncias (os estados de ent\u00e3o) possu\u00edam uma import\u00e2ncia regional, subordinada ao estado federal. O poder vem do governo central.<\/p>\n\n\n\n<p>O contr\u00e1rio se deu nos Estados Unidos da Am\u00e9rica, que foi uma rep\u00fablica formada em um federalismo por agrega\u00e7\u00e3o. L\u00e1, existiam 13 col\u00f4nias, pr\u00f3ximas umas \u00e0s outras, que se uniram, formaram uma confedera\u00e7\u00e3o para buscar sua independ\u00eancia, e depois consolidaram sua alian\u00e7a formando um estado federal. Aqui a situa\u00e7\u00e3o \u00e9 diferente: os estados possuem mais poder e maior autonomia, n\u00e3o se subordinando ao estado federal (a uni\u00e3o). O poder flui dos estados para a uni\u00e3o.<\/p>\n\n\n\n<p>Voltando \u00e0 hist\u00f3ria brasileira, o federalismo nas duas primeiras constitui\u00e7\u00f5es (1824, imp\u00e9rio e 1891, rep\u00fablica) ainda previam a federa\u00e7\u00e3o em duas esferas: a federal e a das prov\u00edncias, ou Estados, como passaram a ser chamadas as unidades administrativas depois de 1891. Cada um desses entes tinha em suas constitui\u00e7\u00f5es as previs\u00f5es de instituir seus tributos, sem previs\u00e3o de assist\u00eancia ou partilha das receitas tribut\u00e1rias. Mas n\u00e3o havia ainda nenhuma previs\u00e3o de reparti\u00e7\u00e3o das receitas tribut\u00e1rias.<\/p>\n\n\n\n<p>Na <a href=\"http:\/\/www.planalto.gov.br\/ccivil_03\/constituicao\/constituicao34.htm\">constitui\u00e7\u00e3o de 1934<\/a>, isso come\u00e7ou a mudar. Os Munic\u00edpios come\u00e7aram a aparecer como co-respons\u00e1veis na arrecada\u00e7\u00e3o de impostos estaduais (imposto sobre ind\u00fastria e profiss\u00f5es, de compet\u00eancia dos Estados). O que parece gradativamente ocorrer \u00e9 que, \u00e0 medida que o estado brasileiro foi se consolidando, a organiza\u00e7\u00e3o administrativa foi se desenvolvendo, de forma a conformar as atua\u00e7\u00f5es estatais de forma nacional (federal), estadual e municipal.<\/p>\n\n\n\n<figure class=\"wp-block-image size-large\"><img loading=\"lazy\" decoding=\"async\" width=\"1024\" height=\"683\" src=\"https:\/\/dhg1h5j42swfq.cloudfront.net\/2022\/03\/28174037\/frankfurt-4945405-1024x683.jpg\" alt=\"Com o crescimento dos pa\u00edses e dos estados, a reparti\u00e7\u00e3o das receitas tribut\u00e1rias virou necessidade.\" class=\"wp-image-996241\" srcset=\"https:\/\/dhg1h5j42swfq.cloudfront.net\/2022\/03\/28174037\/frankfurt-4945405-1024x683.jpg 1024w, https:\/\/dhg1h5j42swfq.cloudfront.net\/2022\/03\/28174037\/frankfurt-4945405-300x200.jpg 300w, https:\/\/dhg1h5j42swfq.cloudfront.net\/2022\/03\/28174037\/frankfurt-4945405-768x512.jpg 768w, https:\/\/dhg1h5j42swfq.cloudfront.net\/2022\/03\/28174037\/frankfurt-4945405-1536x1024.jpg 1536w, https:\/\/dhg1h5j42swfq.cloudfront.net\/2022\/03\/28174037\/frankfurt-4945405-2048x1365.jpg 2048w, https:\/\/dhg1h5j42swfq.cloudfront.net\/2022\/03\/28174037\/frankfurt-4945405-610x407.jpg 610w\" sizes=\"auto, (max-width: 1024px) 100vw, 1024px\" \/><figcaption>Com o crescimento dos pa\u00edses e suas unidades administrativas, a reparti\u00e7\u00e3o das receitas tributr\u00e1rias passou a ser necess\u00e1ria<\/figcaption><\/figure>\n\n\n\n<h2 class=\"wp-block-heading\" id=\"h-as-constituicoes-de-1946-e-1967-tres-esferas-e-inicio-da-reparticao-das-receitas-tributarias\"><strong>As Constitui\u00e7\u00f5es de 1946 e 1967: tr\u00eas esferas e in\u00edcio da reparti\u00e7\u00e3o das receitas tribut\u00e1rias<\/strong><\/h2>\n\n\n\n<p>Na <a href=\"http:\/\/www.planalto.gov.br\/ccivil_03\/constituicao\/constituicao46.htm\">Constitui\u00e7\u00e3o de 1946<\/a>, come\u00e7a a ser estabelecida a organiza\u00e7\u00e3o administrativa do Brasil por um federalismo de <strong>coopera\u00e7\u00e3o<\/strong>. Cada um dos entes, Uni\u00e3o Estados e Munic\u00edpios, possui <strong>atribui\u00e7\u00f5es<\/strong> e <strong>responsabilidades pr\u00f3prias<\/strong>, cabendo \u00e0 <strong>Uni\u00e3o<\/strong> os assuntos de import\u00e2ncia <strong>nacional, <\/strong>aos <strong>Estados<\/strong> os assuntos de relev\u00e2ncia <strong>regional<\/strong>, bem como aos Munic\u00edpios os assuntos de car\u00e1ter <strong>local.<\/strong><\/p>\n\n\n\n<p>Para que isso seja poss\u00edvel, os Munic\u00edpios passam a, pela primeira vez, deter mais import\u00e2ncia, ainda que <strong>n\u00e3o sejam reconhecidos<\/strong> como <strong>entes federativos<\/strong> pela Constitui\u00e7\u00e3o de 1946 e de 1967. Entretanto, eles j\u00e1 possuem uma previs\u00e3o de receitas mais substancial que Constitui\u00e7\u00f5es anteriores, com receitas de impostos como o <strong>Imposto sobre a Propriedade Predial e Territorial Urbana (IPTU) <\/strong>eo <strong>Imposto sobre Transmiss\u00f5es Imobili\u00e1rias Inter Vivos (ITBI).<\/strong><\/p>\n\n\n\n<p>A <a href=\"http:\/\/www.planalto.gov.br\/ccivil_03\/constituicao\/constituicao67.htm\">Constitui\u00e7\u00e3o de 1967<\/a> iniciou, j\u00e1 com base em dispositivos previstos na <a href=\"http:\/\/www.planalto.gov.br\/ccivil_03\/leis\/l5172compilado.htm\">lei n. 5.172\/1964, o C\u00f3digo Tribut\u00e1rio Nacional (CTN)<\/a>, a reparti\u00e7\u00e3o das receitas tribut\u00e1rias, como o Imposto de Renda e o Imposto sobre Produtos Industrializados atrav\u00e9s de uma distribui\u00e7\u00e3o em fundos de participa\u00e7\u00e3o. Conforme o art. 26: &nbsp;\u201d<em>Do produto da arrecada\u00e7\u00e3o dos impostos a que se refere o art. 22, n\u00bas IV e V, a Uni\u00e3o distribuir\u00e1 doze por cento na forma seguinte:<\/em><\/p>\n\n\n\n<p><em>I &#8211; cinco por cento ao Fundo de Participa\u00e7\u00e3o dos Estados e do Distrito Federal;&nbsp;&nbsp;&nbsp;&nbsp;&nbsp;&nbsp;&nbsp;&nbsp;&nbsp;<\/em><\/p>\n\n\n\n<p><em>II &#8211; cinco por cento ao Fundo de Participa\u00e7\u00e3o dos Munic\u00edpios;<\/em><\/p>\n\n\n\n<p><em>III &#8211; dois por cento ao Fundo Especial a que se refere o \u00a7 3\u00ba deste artigo.\u201d<\/em><\/p>\n\n\n\n<p>O imposto IV \u00e9 o Imposto de Renda e o Imposto V \u00e9 o Imposto sobre Produtos Industrializados. Al\u00e9m desses, havia a previs\u00e3o de reparti\u00e7\u00e3o de receitas tribut\u00e1rias pela distribui\u00e7\u00e3o de outros impostos: <strong>40%<\/strong> de um imposto sobre <strong>produ\u00e7\u00e3o, importa\u00e7\u00e3o, circula\u00e7\u00e3o, distribui\u00e7\u00e3o ou consumo de lubrificantes e combust\u00edveis l\u00edquidos e gasosos<\/strong>, <strong>60% <\/strong>de um imposto sobre <strong>produ\u00e7\u00e3o, importa\u00e7\u00e3o, distribui\u00e7\u00e3o ou consumo de energia el\u00e9trica<\/strong> e <strong>90%<\/strong> de um imposto sobre<strong> extra\u00e7\u00e3o, circula\u00e7\u00e3o, distribui\u00e7\u00e3o ou consumo de minerais do Pa\u00eds<\/strong>).<\/p>\n\n\n\n<h2 class=\"wp-block-heading\" id=\"h-a-constituicao-de-1988-a-federacao-e-a-reparticao-das-receitas-tributarias-entre-seus-entes-de-forma-direta\">&nbsp;&nbsp;&nbsp; <strong>A Constitui\u00e7\u00e3o de 1988: a federa\u00e7\u00e3o e a reparti\u00e7\u00e3o das receitas tribut\u00e1rias entre seus entes de forma direta<\/strong><\/h2>\n\n\n\n<p>A <a href=\"http:\/\/www.planalto.gov.br\/ccivil_03\/constituicao\/constituicao.htm\">Constitui\u00e7\u00e3o Federal de 1988 (CF\/88)<\/a> \u00e9 a primeira a estabelecer a organiza\u00e7\u00e3o administrativa em que se reconhecem como entes federativos a <strong>Uni\u00e3o, Estados, Distrito Federal <\/strong>e <strong>Munic\u00edpios. <\/strong>Tudo isso com o intuito de administrar melhor os programas governamentais.<\/p>\n\n\n\n<p>Para que seja poss\u00edvel atender a tais objetivos, faz-se necess\u00e1rio um modelo de reparti\u00e7\u00e3o de receitas tribut\u00e1rias que seja mais eficiente, e que possa atender os assuntos de natureza <strong>nacional, estadual<\/strong> ou <strong>municipal<\/strong>.<\/p>\n\n\n\n<p>De forma direta, os Estados e o Distrito Federal recebem o produto do <strong>Imposto de Renda (IR)<\/strong>, incidente na fonte, sobre a remunera\u00e7\u00e3o para seus servidores na administra\u00e7\u00e3o p\u00fablica. Aos Estados tamb\u00e9m \u00e9 destinado 20% do produto da arrecada\u00e7\u00e3o de <strong>impostos residuais<\/strong> que a <strong>Uni\u00e3o<\/strong> venha a criar.<\/p>\n\n\n\n<p>Os Munic\u00edpios recebem diretamente o mesmo produto do Imposto de Renda na fonte, sobre os rendimentos pagos ou creditados por eles a seus servidores. As cidades tamb\u00e9m t\u00eam direito a <strong>50%<\/strong> do <strong>Imposto sobre a Propriedade de Ve\u00edculos Automotores (IPVA)<\/strong>, relativo aos ve\u00edculos registrados em seu territ\u00f3rio. Os Munic\u00edpios possuem direito a <strong>50%<\/strong> da arrecada\u00e7\u00e3o do <strong>Imposto Territorial Rural (ITR)<\/strong>, relativo aos im\u00f3veis neles situados \u2013 cabendo <strong>100%<\/strong> da <strong>arrecada\u00e7\u00e3o<\/strong> no caso de os Munic\u00edpios fiscalizarem e arrecadarem o imposto, sem redu\u00e7\u00f5es, isen\u00e7\u00f5es ou dedu\u00e7\u00f5es.<\/p>\n\n\n\n<p>Os Munic\u00edpios t\u00eam direito tamb\u00e9m a <strong>25% <\/strong>da arrecada\u00e7\u00e3o do <strong>imposto sobre opera\u00e7\u00f5es relativas \u00e0 circula\u00e7\u00e3o de mercadorias e sobre presta\u00e7\u00f5es de servi\u00e7os de transporte interestadual e intermunicipal e de comunica\u00e7\u00e3o <\/strong>(<strong>ICMS<\/strong>) dos Estados em que est\u00e3o situados, sendo que <strong>no m\u00ednimo 65%<\/strong> na propor\u00e7\u00e3o do <strong>valor adicionado<\/strong> nas opera\u00e7\u00f5es relativas \u00e0 circula\u00e7\u00e3o de mercadorias e nas presta\u00e7\u00f5es de servi\u00e7os, realizadas em seus territ\u00f3rios, ao passo que <strong>at\u00e9 35%<\/strong>, de acordo com o que dispuser lei estadual, observada, obrigatoriamente, a distribui\u00e7\u00e3o de, no m\u00ednimo, 10 (dez) pontos percentuais com base em indicadores de melhoria nos resultados de aprendizagem e de aumento da equidade, considerado o n\u00edvel socioecon\u00f4mico dos educandos. O c\u00e1lculo desse <strong>valor adicionado <\/strong>dever\u00e1 ser definido por <strong>Lei Complementar<\/strong>.<\/p>\n\n\n\n<p>Mais dois tributos federais s\u00e3o previstos nas reparti\u00e7\u00e3o de receitas tribut\u00e1rias direcionados aos <strong>Estados, Distrito Federal e Munic\u00edpios<\/strong>: um deles \u00e9 o <strong>Imposto sobre Opera\u00e7\u00f5es Financeiras (IOF)<\/strong>, em opera\u00e7\u00f5es com <strong>ouro<\/strong>, quando definido com <strong>ativo financeiro <\/strong>ou <strong>instrumento cambial:<\/strong> a uma <strong>al\u00edquota m\u00ednima de 1%<\/strong> da opera\u00e7\u00e3o, <strong>30%<\/strong> do <strong>IOF<\/strong> para o <strong>Estado de origem<\/strong> da opera\u00e7\u00e3o, bem como <strong>70% <\/strong>para o <strong>Munic\u00edpio de origem<\/strong> da opera\u00e7\u00e3o.<\/p>\n\n\n\n<p>Por \u00faltimo, uma Contribui\u00e7\u00e3o de Interven\u00e7\u00e3o no Dom\u00ednio Econ\u00f4mico (<strong>CIDE<\/strong>) tamb\u00e9m \u00e9 compartilhada: a <strong>CIDE-Combust\u00edveis<\/strong>, que tem <strong>29% <\/strong>de sua arrecada\u00e7\u00e3o destinada aos <strong>Estados<\/strong>, que, por sua vez, repassam <strong>25% <\/strong>aos seus respectivos <strong>Munic\u00edpios<\/strong>.<\/p>\n\n\n\n<figure class=\"wp-block-image size-large\"><img loading=\"lazy\" decoding=\"async\" width=\"1024\" height=\"576\" src=\"https:\/\/dhg1h5j42swfq.cloudfront.net\/2022\/03\/28174214\/media-2082641-1024x576.jpg\" alt=\"A reparti\u00e7\u00e3o das receitas tribut\u00e1rias atua como um mecanismo para o funcionamento da m\u00e1quina p\u00fablica\" class=\"wp-image-996244\" srcset=\"https:\/\/dhg1h5j42swfq.cloudfront.net\/2022\/03\/28174214\/media-2082641-1024x576.jpg 1024w, https:\/\/dhg1h5j42swfq.cloudfront.net\/2022\/03\/28174214\/media-2082641-300x169.jpg 300w, https:\/\/dhg1h5j42swfq.cloudfront.net\/2022\/03\/28174214\/media-2082641-768x432.jpg 768w, https:\/\/dhg1h5j42swfq.cloudfront.net\/2022\/03\/28174214\/media-2082641-1536x864.jpg 1536w, https:\/\/dhg1h5j42swfq.cloudfront.net\/2022\/03\/28174214\/media-2082641-610x343.jpg 610w, https:\/\/dhg1h5j42swfq.cloudfront.net\/2022\/03\/28174214\/media-2082641.jpg 1920w\" sizes=\"auto, (max-width: 1024px) 100vw, 1024px\" \/><figcaption>A reparti\u00e7\u00e3o das receitas tribut\u00e1rias funciona como um mecanismo visando ao melhor funcionamento da m\u00e1quina p\u00fablica<\/figcaption><\/figure>\n\n\n\n<h2 class=\"wp-block-heading\" id=\"h-a-constituicao-de-1988-a-reparticao-das-receitas-tributarias-entre-seus-entes-de-forma-indireta\">&nbsp;&nbsp;&nbsp; <strong>A Constitui\u00e7\u00e3o de 1988: a reparti\u00e7\u00e3o das receitas tribut\u00e1rias entre seus entes de forma indireta<\/strong><\/h2>\n\n\n\n<p>Al\u00e9m da reparti\u00e7\u00e3o direta, a <strong>Uni\u00e3o<\/strong> ainda partilha suas receitas tribut\u00e1rias com os Estados, Distrito Federal e Munic\u00edpios de <strong>forma indireta<\/strong> \u2013 utilizando uma segmenta\u00e7\u00e3o dessas receitas por meio de <strong>fundos de participa\u00e7\u00e3o<\/strong>.<\/p>\n\n\n\n<p>Existem <strong>tr\u00eas fundos de participa\u00e7\u00e3o<\/strong> para os impostos federais <strong>IR<\/strong> e o <strong>Imposto sobre Produtos Industrializados (IPI): <\/strong>o <strong>Fundo de participa\u00e7\u00e3o dos Estados e do Distrito Federal, <\/strong>o <strong>Fundo de Participa\u00e7\u00e3o dos Munic\u00edpios<\/strong> e o <strong>Fundo de Participa\u00e7\u00e3o para <\/strong>programas de <strong>financiamento<\/strong> ao setor <strong>produtivo<\/strong> das Regi\u00f5es <strong>Norte, Nordeste e Centro-Oeste<\/strong>. Para estes fundos s\u00e3o destinados <strong>50% <\/strong>da receita do <strong>IR e IPI<\/strong>.<\/p>\n\n\n\n<p>A reda\u00e7\u00e3o constitucional ficou bem extensa, mas resumindo a reparti\u00e7\u00e3o das receitas tribut\u00e1rias dos fundos: <strong>22,5% <\/strong>das receitas do <strong>IR e IPI<\/strong> \u00e9 destinada ao <strong>Fundo de Participa\u00e7\u00e3o dos Estados\u00b8 25,5%<\/strong> ao <strong>Fundo de Participa\u00e7\u00e3o dos Munic\u00edpios<\/strong> e os <strong>3% <\/strong>restantes ao <strong>Fundo de Participa\u00e7\u00e3o <\/strong>para investimentos no setor produtivo das <strong>Regi\u00f5es Norte, Nordeste e Centro-Oeste.<\/strong><\/p>\n\n\n\n<p>Pelo mandamento constitucional, as exporta\u00e7\u00f5es s\u00e3o <strong>imunes ao ICMS. <\/strong>Isso gera uma perda de receita que foi compensada com a cria\u00e7\u00e3o do <strong>Fundo de Participa\u00e7\u00e3o <\/strong>das <strong>Exporta\u00e7\u00f5es<\/strong>, composto de <strong>10% <\/strong>da arrecada\u00e7\u00e3o do <strong>IPI<\/strong>. Este Fundo redistribui esse montante <strong>proporcionalmente \u00e0s exporta\u00e7\u00f5es dos Estados<\/strong> \u2013 com a condi\u00e7\u00e3o de que o <strong>m\u00e1ximo <\/strong>que um Estado pode participar \u00e9 de <strong>20%<\/strong> desse fundo. Assim, estimula-se que outros entes participem do Fundo, sem estimular concentra\u00e7\u00e3o de \u201cEstados exportadores\u201d no mesmo.<\/p>\n\n\n\n<p>Como o Fundo de Exporta\u00e7\u00e3o foi criado para compensar a perda de arrecada\u00e7\u00e3o do <strong>ICMS<\/strong>, ele deve ser redistribu\u00eddo de cada Estado benefici\u00e1rio a uma raz\u00e3o de <strong>25% para os Munic\u00edpios<\/strong> (afinal, ele est\u00e1 substituindo o <strong>ICMS<\/strong> perdido pela imunidade \u00e0s exporta\u00e7\u00f5es).<\/p>\n\n\n\n<p>Desta forma, ainda restam algumas considera\u00e7\u00f5es: para que o federalismo fosse respeitado, cada ente n\u00e3o pode ser prejudicado em seu acesso ao seu respectivo fundo. Portanto <strong>\u00e9 vedada qualquer restri\u00e7\u00e3o ou reten\u00e7\u00e3o \u00e0 entrega dos recursos destes fundos. <\/strong>Entretanto, isso <strong>n\u00e3o impede a Uni\u00e3o a condicionar a entrega de recursos ao pagamento de seus cr\u00e9ditos. <\/strong>Afinal, se a <strong>Uni\u00e3o<\/strong> \u00e9 quem <strong>financia os fundos<\/strong>, e o ente estatal est\u00e1 em <strong>d\u00e9bito <\/strong>com ela, nada mais natural que a <strong>Uni\u00e3o <\/strong>(credora) <strong>condicione<\/strong> o <strong>acesso<\/strong> ao fundo ao pagamento de seus cr\u00e9ditos.<\/p>\n\n\n\n<p><strong>Lei Complementar <\/strong>dever\u00e1 definir normas sobre a entrega dos recursos dos fundos dos impostos federais (<strong>IR <\/strong>e <strong>IPI<\/strong>), bem como dispor sobre o acompanhamento, pelos benefici\u00e1rios, do c\u00e1lculo das quotas e da libera\u00e7\u00e3o das participa\u00e7\u00f5es. O <strong>Tribunal de Contas da Uni\u00e3o <\/strong>(<strong>TCU<\/strong>) far\u00e1 o c\u00e1lculo das cotas dos fundos de participa\u00e7\u00e3o.<\/p>\n\n\n\n<p>Por derradeiro, A Uni\u00e3o, os Estados, o Distrito Federal e os Munic\u00edpios divulgar\u00e3o at\u00e9 o \u00faltimo dia do m\u00eas subsequente ao da arrecada\u00e7\u00e3o os montantes de cada um dos tributos arrecadados, os recursos recebidos, os valores de origem tribut\u00e1ria entregues e a entregar e a express\u00e3o num\u00e9rica dos crit\u00e9rios de rateio. Os dados divulgados pela Uni\u00e3o ser\u00e3o discriminados por Estado e por Munic\u00edpio; os dos Estados, por Munic\u00edpio.<\/p>\n\n\n\n<figure class=\"wp-block-image size-large\"><img loading=\"lazy\" decoding=\"async\" width=\"1024\" height=\"621\" src=\"https:\/\/dhg1h5j42swfq.cloudfront.net\/2022\/03\/28174344\/puzzle-3223941-1024x621.jpg\" alt=\"A reparti\u00e7\u00e3o das receitas tribut\u00e1rias visa resolver a perda de arrecada\u00e7\u00e3o do ICMS com exporta\u00e7\u00f5es.\" class=\"wp-image-996246\" srcset=\"https:\/\/dhg1h5j42swfq.cloudfront.net\/2022\/03\/28174344\/puzzle-3223941-1024x621.jpg 1024w, https:\/\/dhg1h5j42swfq.cloudfront.net\/2022\/03\/28174344\/puzzle-3223941-300x182.jpg 300w, https:\/\/dhg1h5j42swfq.cloudfront.net\/2022\/03\/28174344\/puzzle-3223941-768x466.jpg 768w, https:\/\/dhg1h5j42swfq.cloudfront.net\/2022\/03\/28174344\/puzzle-3223941-1536x931.jpg 1536w, https:\/\/dhg1h5j42swfq.cloudfront.net\/2022\/03\/28174344\/puzzle-3223941-2048x1242.jpg 2048w, https:\/\/dhg1h5j42swfq.cloudfront.net\/2022\/03\/28174344\/puzzle-3223941-610x370.jpg 610w\" sizes=\"auto, (max-width: 1024px) 100vw, 1024px\" \/><figcaption>Um dos problemas que a reparti\u00e7\u00e3o das receitas tribut\u00e1rias visa resolver \u00e9 a perda de arrecada\u00e7\u00e3o do ICMS com a exporta\u00e7\u00f5es<\/figcaption><\/figure>\n\n\n\n<h2 class=\"wp-block-heading\" id=\"h-a-reparticao-das-receitas-tributarias-e-a-jurisprudencia\"><strong>A reparti\u00e7\u00e3o das receitas tribut\u00e1rias e a jurisprud\u00eancia<\/strong><\/h2>\n\n\n\n<p>O tema da reparti\u00e7\u00e3o das receitas tribut\u00e1rias \u00e9 muito mais detalhadamente delineado na CF\/88 do que nas constitui\u00e7\u00f5es anteriores. No entanto, ainda h\u00e1 quest\u00f5es que envolvem lit\u00edgios judiciais, cabendo aos tribunais superiores se manifestarem a respeito em suas respectivas jurisprud\u00eancias.<\/p>\n\n\n\n<p>Os impostos federais s\u00e3o tributos de compet\u00eancia da <strong>Uni\u00e3o<\/strong>, e, portanto, sob seu poder de conceder isen\u00e7\u00f5es. Se h\u00e1 uma isen\u00e7\u00e3o de qualquer destes impostos, isso significa uma ren\u00fancia de receita tribut\u00e1ria \u2013 ren\u00fancia essa que afeta o total da arrecada\u00e7\u00e3o destes impostos, reduzindo-o, efeito que se estende \u00e0 composi\u00e7\u00e3o dos fundos, diminuindo-os na mesma propor\u00e7\u00e3o.<\/p>\n\n\n\n<p>Um munic\u00edpio, ao verificar isen\u00e7\u00f5es de <strong>IR e IPI<\/strong>, entrou com a\u00e7\u00e3o judicial reclamando a \u201cfra\u00e7\u00e3o ideal\u201d de seu quinh\u00e3o na reparti\u00e7\u00e3o de receitas tribut\u00e1rias, alegando que a <strong>Uni\u00e3o<\/strong>, ao conceder isen\u00e7\u00f5es, prejudica seu acesso \u00e0s verbas tribut\u00e1rias que comp\u00f5em o <strong>Fundo de Participa\u00e7\u00e3o dos Munic\u00edpios<\/strong>. O Supremo Tribunal Federal, ao julgar esta a\u00e7\u00e3o, <strong>recha\u00e7ou <\/strong>a argumenta\u00e7\u00e3o do munic\u00edpio, com base em dois princ\u00edpios b\u00e1sicos: a <strong>compet\u00eancia<\/strong>, que, se d\u00e1 o <strong>poder de tributar<\/strong>, tamb\u00e9m d\u00e1 o <strong>poder de isentar<\/strong>. O segundo princ\u00edpio \u00e9 da pr\u00f3pria<strong> reparti\u00e7\u00e3o de receitas tribut\u00e1rias<\/strong> previsto na CF\/88: o ponto central da partilha dos tributos \u00e9 o \u201c<strong>produto da arrecada\u00e7\u00e3o<\/strong>\u201d \u2013 ora, exatamente o que se arrecada. Aceitar a argumenta\u00e7\u00e3o do Munic\u00edpio prejudicaria a participa\u00e7\u00e3o da mesma pessoa jur\u00eddica em sua arrecada\u00e7\u00e3o, al\u00e9m de, na pr\u00e1tica, <strong>retirar a sua compet\u00eancia<\/strong> para dispor do seu respectivo imposto.<\/p>\n\n\n\n<p>Outro assunto a chegar no Supremo foi a quest\u00e3o da imunidade de <strong>ICMS<\/strong> sobre as exporta\u00e7\u00f5es, que foi amparada tanto na CF\/88 quanto na Lei Complementar n. 87\/96. Isso gerou uma queda substancial na arrecada\u00e7\u00e3o deste imposto, que teve como solu\u00e7\u00e3o <strong>tempor\u00e1ria<\/strong> a cria\u00e7\u00e3o de um Fundo com recursos do <strong>IPI <\/strong>(o Fundo de Exporta\u00e7\u00f5es).<\/p>\n\n\n\n<p>Ocorre que, como em outras disposi\u00e7\u00f5es transit\u00f3rias, essa situa\u00e7\u00e3o foi de fato inserida no <strong>Ato das Disposi\u00e7\u00f5es Transit\u00f3rias (ADCT) \u2013 <\/strong>uma esp\u00e9cie de regime de transi\u00e7\u00e3o entre a Constitui\u00e7\u00e3o de 1967 e a CF\/88. De acordo com o art. 91 da ADCT, deveria ser editada uma Lei Complementar para regulamentar os crit\u00e9rios de compensa\u00e7\u00e3o e participa\u00e7\u00e3o dos Estados exportadores. At\u00e9 que tal Lei Complementar fosse promulgada, valeriam os crit\u00e9rios determinados na Lei Complementar n. 87\/96 (a Lei Kandir, que trata das normas gerais do ICMS).<\/p>\n\n\n\n<p>S\u00f3 que a Lei Complementar nunca foi editada gerando uma <strong>A\u00e7\u00e3o de Inconstitucionalidade por Omiss\u00e3o (ADO)<\/strong>. E o STF acatou a reclama\u00e7\u00e3o constitucional, entendendo que houve mora do Poder Legislativo em n\u00e3o ter promulgado a Lei Complementar.<\/p>\n\n\n\n<p>O Supremo ent\u00e3o <strong>fixou um prazo de 12 meses <\/strong>para que o Legislativo elabore a lei, e caso passado esse prazo sem a lei, que o TCU fixe os valores de partilha anualmente conforme o art. 91 da ADCT, calculando o valor das cotas a que cada Estado far\u00e1 jus, levando em conta os entendimentos entre os Estados-membros e o Distrito Federal no \u00e2mbito do <strong>Conselho Federal de Pol\u00edtica Fazend\u00e1ria<\/strong> (<strong>CONFAZ<\/strong>).<\/p>\n\n\n\n<h2 class=\"wp-block-heading\" id=\"h-conclusoes\"><strong>Conclus\u00f5es<\/strong><\/h2>\n\n\n\n<p>O assunto da reparti\u00e7\u00e3o das receitas tribut\u00e1rias \u00e9 tema recente no direito tribut\u00e1rio brasileiro. O estado brasileiro foi um estado que come\u00e7ou <strong>unit\u00e1rio<\/strong>, com um poder federal forte e centralizador.<\/p>\n\n\n\n<p>\u00c0 medida que o estado brasileiro se desenvolveu, ao longo de sua hist\u00f3ria, em sua consequente subdivis\u00e3o dos Estados para os Munic\u00edpios, foi ficando cada vez mais claro os tr\u00eas horizontes de atua\u00e7\u00e3o da administra\u00e7\u00e3o p\u00fablica brasileira: o \u00e2mbito <strong>nacional (federal<\/strong>), <strong>regional (estadual<\/strong>) e <strong>local (municipal<\/strong>). Ao passo que estes horizontes foram ficando mais n\u00edtidos, tamb\u00e9m ficou mais l\u00f3gico que a atua\u00e7\u00e3o estatal precisava chegar \u201cna ponta\u201d \u2013 ou seja, no n\u00edvel local.<\/p>\n\n\n\n<p>Esta concep\u00e7\u00e3o sobre a a\u00e7\u00e3o estatal foi se consolidando gradualmente, paralelamente ao conceito do or\u00e7amento que saiu do paradigma do or\u00e7amento tradicional \u2013 um or\u00e7amento meramente para fazer as despesas coincidirem com as receitas \u2013 at\u00e9 chegar no <strong>or\u00e7amento-programa<\/strong>, pe\u00e7a elaborada com o objetivo de elencar os <strong>problemas sociais<\/strong> a serem resolvidos, bem como de que forma o <strong>programa de governo<\/strong> os resolveria, estabelecendo as a\u00e7\u00f5es e atividades custeadas com os cr\u00e9ditos or\u00e7ament\u00e1rios.<\/p>\n\n\n\n<p>Nesta ideia de or\u00e7amento-programa, a partir da lei n. 4320\/1964, passando pelo CTN, em 1966, e chegando \u00e0 Constitui\u00e7\u00e3o Federal de 1967, foi poss\u00edvel conceber o primeiro desenho constitucional de reparti\u00e7\u00e3o de receitas tribut\u00e1rias, que depois foi aprimorado na CF\/88, em um maior grau de detalhes.<\/p>\n\n\n\n<p>Na CF\/88, o estado brasileiro assumiu em sua organiza\u00e7\u00e3o administrativa um modelo de <strong>federalismo de coopera\u00e7\u00e3o<\/strong>, no qual cada ente (<strong>Uni\u00e3o, Estados, Distrito Federal e Munic\u00edpios<\/strong>) possui suas respectivas atribui\u00e7\u00f5es e responsabilidades, sendo assistido pelos outros entes maiores sempre que tais assuntos tiverem o potencial de subirem de escala. Al\u00e9m disso, existem compet\u00eancias concorrentes (nas quais ambos podem legislar) e compet\u00eancias comuns (nas quais todos os entes podem legislar).<\/p>\n\n\n\n<p>A reparti\u00e7\u00e3o de receitas tribut\u00e1rias existe no sentido de levar os recursos tribut\u00e1rios do <strong>maior ao menor dos entes<\/strong>, do <strong>mais distante<\/strong> do problema <strong>ao mais pr\u00f3ximo<\/strong>, visando resolver com <strong>mais efetividade<\/strong> os problemas sociais do pa\u00eds.<\/p>\n\n\n\n<p>Ricardo Pereira de Oliveira<\/p>\n\n\n\n<h2 class=\"has-text-align-center wp-block-heading\" id=\"h-cursos-e-assinaturas\">Cursos e Assinaturas <\/h2>\n\n\n\n<p>Prepare-se com o melhor material e com quem mais aprova em Concursos P\u00fablicos em todo o pa\u00eds!<\/p>\n\n\n\n<div class=\"container\" id=\"boxes\">\n  <div class=\"row\">\n    <div class=\"col-sm\">\n      <div class=\"estrategia\" id=\"box-assinatura\">\n        <h3 class=\"titulo-assinatura\">Assinatura de Concursos<\/h3>\n        <p class=\"subtitulo-assinatura\">Assinatura de 1 ano ou 2 anos<\/p>\n        <div class=\"box-botao\">\n          <a class=\"btn-assinatura\" target=\"_blank\" href=\"https:\/\/www.estrategiaconcursos.com.br\/assinaturas\/\" role=\"button\" rel=\"noopener noreferrer\">ASSINE AGORA<\/a>\n        <\/div>\n      <\/div>\n      <p class=\"texto-auxiliar\"><\/p>\n    <\/div>\n    <div class=\"col-sm\">\n      <div class=\"questoes\" id=\"box-assinatura\">\n        <h3 class=\"titulo-assinatura\">Sistema de Quest\u00f5es<\/h3>\n        <p class=\"subtitulo-assinatura\">Assinatura de 1 ano ou 2 anos\n<\/p>\n        <div class=\"box-botao\">\n          <a class=\"btn-assinatura\" target=\"_blank\" href=\"https:\/\/www.estrategiaconcursos.com.br\/cursosPorConcurso\/sistema-de-questoes\/#\/\" role=\"button\" rel=\"noopener noreferrer\">ASSINE AGORA<\/a>\n        <\/div>\n      <\/div>\n      <p class=\"texto-auxiliar\"><\/p>\n    <\/div>\n  <\/div>\n<\/div>\n\n\n\n<p><\/p>\n\n\n\n<p class=\"has-text-align-center has-white-color has-vivid-purple-background-color has-text-color has-background\"><a href=\"https:\/\/www.estrategiaconcursos.com.br\/blog\/concursos-abertos\/\" target=\"_blank\" rel=\"noreferrer noopener\"><strong><span class=\"has-inline-color has-white-color\">Concursos abertos<\/span><\/strong><\/a><\/p>\n\n\n\n<p class=\"has-text-align-center has-white-color has-vivid-purple-background-color has-text-color has-background\"><strong><a href=\"https:\/\/www.estrategiaconcursos.com.br\/blog\/concursos-2022\/\" target=\"_blank\" rel=\"noreferrer noopener\"><span class=\"has-inline-color has-white-color\">Concursos 2022<\/span><\/a><\/strong><\/p>\n\n\n\n<div class=\"container\" id=\"boxes\">\n  <div class=\"row\">\n    <div class=\"col-sm\">\n      <div class=\"estrategia\" id=\"box-assinatura\">\n        <h3 class=\"titulo-assinatura\">Assinatura de Concursos<\/h3>\n        <p class=\"subtitulo-assinatura\">Assinatura de 1 ano ou 2 anos<\/p>\n        <div class=\"box-botao\">\n          <a class=\"btn-assinatura\" target=\"_blank\" href=\"https:\/\/www.estrategiaconcursos.com.br\/assinaturas\/\" role=\"button\" rel=\"noopener noreferrer\">ASSINE AGORA<\/a>\n        <\/div>\n      <\/div>\n      \n    <\/div><\/div><\/div>\n","protected":false},"excerpt":{"rendered":"<p>Conceitos Iniciais Este artigo se destina a explicar de maneira geral o que \u00e9 a reparti\u00e7\u00e3o das receitas tribut\u00e1rias entre os entes da federa\u00e7\u00e3o e para que serve. O direito tribut\u00e1rio, segmento espec\u00edfico do Direito, com institutos, conceitos e formas pr\u00f3prias, dedica-se ao estudo da rela\u00e7\u00e3o existente entre o Estado, que, na posi\u00e7\u00e3o de guardi\u00e3o [&hellip;]<\/p>\n","protected":false},"author":1979,"featured_media":995607,"comment_status":"open","ping_status":"closed","sticky":false,"template":"","format":"standard","meta":{"post_tipo":"article","footnotes":""},"categories":[220215,220216,220015,1,220180,1983,220182,220183,220016,220195,2017,1984,214710],"tags":[],"tax_estado":[219964,219965,219966,219967,219968,219969,219963,219970,219971,219972,219973,219974,219975,219976,219977,219978,219979,219980,219981,219982,219983,219984,219985,219986,219987,219988,219989,219990],"class_list":["post-995606","post","type-post","status-publish","format-standard","has-post-thumbnail","hentry","category-agencia-reguladora","category-agencia-reguladora-agencia-reguladora","category-cfc","category-cursos-e-concursos","category-controle-gestao","category-fiscal-estadual","category-fiscal-federal","category-fiscal-municipal","category-cartorios","category-magistratura","category-concursos-legislativos","category-tribunais","category-tribunais-de-contas","tax_estado-ac","tax_estado-al","tax_estado-am","tax_estado-ap","tax_estado-ba","tax_estado-ce","tax_estado-concursos-federais","tax_estado-df","tax_estado-es","tax_estado-go","tax_estado-ma","tax_estado-mg","tax_estado-ms","tax_estado-mt","tax_estado-pa","tax_estado-pb","tax_estado-pe","tax_estado-pi","tax_estado-pr","tax_estado-rj","tax_estado-rn","tax_estado-ro","tax_estado-rr","tax_estado-rs","tax_estado-sc","tax_estado-se","tax_estado-sp","tax_estado-to"],"acf":[],"yoast_head":"<!-- This site is optimized with the Yoast SEO Premium plugin v27.2 (Yoast SEO v27.2) - https:\/\/yoast.com\/product\/yoast-seo-premium-wordpress\/ -->\n<title>Reparti\u00e7\u00e3o das Receitas Tribut\u00e1rias e Jurisprud\u00eancia<\/title>\n<meta name=\"description\" content=\"Este artigo se destina a explicar o que \u00e9 a reparti\u00e7\u00e3o das receitas tribut\u00e1rias entre os entes da federa\u00e7\u00e3o e para que serve.\" \/>\n<meta name=\"robots\" content=\"index, follow, max-snippet:-1, max-image-preview:large, max-video-preview:-1\" \/>\n<link rel=\"canonical\" href=\"https:\/\/www.estrategiaconcursos.com.br\/blog\/reparticao-das-receitas-tributarias-jurisprudencia\/\" \/>\n<meta property=\"og:locale\" content=\"pt_BR\" \/>\n<meta property=\"og:type\" content=\"article\" \/>\n<meta property=\"og:title\" content=\"Reparti\u00e7\u00e3o das Receitas Tribut\u00e1rias e Jurisprud\u00eancia\" \/>\n<meta property=\"og:description\" content=\"Este artigo se destina a explicar o que \u00e9 a reparti\u00e7\u00e3o das receitas tribut\u00e1rias entre os entes da federa\u00e7\u00e3o e para que serve.\" \/>\n<meta property=\"og:url\" content=\"https:\/\/www.estrategiaconcursos.com.br\/blog\/reparticao-das-receitas-tributarias-jurisprudencia\/\" \/>\n<meta property=\"og:site_name\" content=\"Estrat\u00e9gia Concursos\" \/>\n<meta property=\"article:published_time\" content=\"2022-04-15T11:36:00+00:00\" \/>\n<meta property=\"article:modified_time\" content=\"2022-09-01T17:15:47+00:00\" \/>\n<meta property=\"og:image\" content=\"https:\/\/dhg1h5j42swfq.cloudfront.net\/2022\/03\/27235933\/logo-stf-2-150x150-1.jpg\" \/>\n\t<meta property=\"og:image:width\" content=\"150\" \/>\n\t<meta property=\"og:image:height\" content=\"150\" \/>\n\t<meta property=\"og:image:type\" content=\"image\/jpeg\" \/>\n<meta name=\"author\" content=\"Ricardo Pereira de Oliveira\" \/>\n<meta name=\"twitter:card\" content=\"summary_large_image\" \/>\n<meta name=\"twitter:creator\" content=\"@EstratConcursos\" \/>\n<meta name=\"twitter:site\" content=\"@EstratConcursos\" \/>\n<meta name=\"twitter:label1\" content=\"Escrito por\" \/>\n\t<meta name=\"twitter:data1\" content=\"Ricardo Pereira de Oliveira\" \/>\n\t<meta name=\"twitter:label2\" content=\"Est. tempo de leitura\" \/>\n\t<meta name=\"twitter:data2\" content=\"17 minutos\" \/>\n<script type=\"application\/ld+json\" class=\"yoast-schema-graph\">{\"@context\":\"https:\/\/schema.org\",\"@graph\":[{\"@type\":\"NewsArticle\",\"@id\":\"https:\/\/www.estrategiaconcursos.com.br\/blog\/reparticao-das-receitas-tributarias-jurisprudencia\/#article\",\"isPartOf\":{\"@id\":\"https:\/\/www.estrategiaconcursos.com.br\/blog\/reparticao-das-receitas-tributarias-jurisprudencia\/\"},\"author\":{\"name\":\"Ricardo Pereira de Oliveira\",\"@id\":\"https:\/\/www.estrategiaconcursos.com.br\/blog\/#\/schema\/person\/bddec4cfff57a846dbc506e0bc7a5b36\"},\"headline\":\"Reparti\u00e7\u00e3o das Receitas Tribut\u00e1rias e Jurisprud\u00eancia\",\"datePublished\":\"2022-04-15T11:36:00+00:00\",\"dateModified\":\"2022-09-01T17:15:47+00:00\",\"mainEntityOfPage\":{\"@id\":\"https:\/\/www.estrategiaconcursos.com.br\/blog\/reparticao-das-receitas-tributarias-jurisprudencia\/\"},\"wordCount\":3230,\"commentCount\":0,\"publisher\":{\"@id\":\"https:\/\/www.estrategiaconcursos.com.br\/blog\/#organization\"},\"image\":{\"@id\":\"https:\/\/www.estrategiaconcursos.com.br\/blog\/reparticao-das-receitas-tributarias-jurisprudencia\/#primaryimage\"},\"thumbnailUrl\":\"https:\/\/dhg1h5j42swfq.cloudfront.net\/2022\/03\/27235933\/logo-stf-2-150x150-1.jpg\",\"articleSection\":[\"Ag\u00eancia Reguladora\",\"Ag\u00eancia Reguladora\",\"CFC\",\"Concursos P\u00fablicos\",\"Controladorias\/Gest\u00e3o (CGU, CGE, STN, EPPGG)\",\"Fiscal - Estadual (ICMS)\",\"Fiscal - Federal (RFB e AFT)\",\"Fiscal - Municipal (ISS)\",\"Jur\u00eddico - Cart\u00f3rios\",\"Jur\u00eddico - Magistratura\",\"Legislativo\",\"Tribunais\",\"Tribunais de Contas (TCU, TCE, TCM)\"],\"inLanguage\":\"pt-BR\",\"potentialAction\":[{\"@type\":\"CommentAction\",\"name\":\"Comment\",\"target\":[\"https:\/\/www.estrategiaconcursos.com.br\/blog\/reparticao-das-receitas-tributarias-jurisprudencia\/#respond\"]}],\"copyrightYear\":\"2022\",\"copyrightHolder\":{\"@id\":\"https:\/\/www.estrategiaconcursos.com.br\/blog\/#organization\"}},{\"@type\":\"WebPage\",\"@id\":\"https:\/\/www.estrategiaconcursos.com.br\/blog\/reparticao-das-receitas-tributarias-jurisprudencia\/\",\"url\":\"https:\/\/www.estrategiaconcursos.com.br\/blog\/reparticao-das-receitas-tributarias-jurisprudencia\/\",\"name\":\"Reparti\u00e7\u00e3o das Receitas Tribut\u00e1rias e Jurisprud\u00eancia\",\"isPartOf\":{\"@id\":\"https:\/\/www.estrategiaconcursos.com.br\/blog\/#website\"},\"primaryImageOfPage\":{\"@id\":\"https:\/\/www.estrategiaconcursos.com.br\/blog\/reparticao-das-receitas-tributarias-jurisprudencia\/#primaryimage\"},\"image\":{\"@id\":\"https:\/\/www.estrategiaconcursos.com.br\/blog\/reparticao-das-receitas-tributarias-jurisprudencia\/#primaryimage\"},\"thumbnailUrl\":\"https:\/\/dhg1h5j42swfq.cloudfront.net\/2022\/03\/27235933\/logo-stf-2-150x150-1.jpg\",\"datePublished\":\"2022-04-15T11:36:00+00:00\",\"dateModified\":\"2022-09-01T17:15:47+00:00\",\"description\":\"Este artigo se destina a explicar o que \u00e9 a reparti\u00e7\u00e3o das receitas tribut\u00e1rias entre os entes da federa\u00e7\u00e3o e para que serve.\",\"breadcrumb\":{\"@id\":\"https:\/\/www.estrategiaconcursos.com.br\/blog\/reparticao-das-receitas-tributarias-jurisprudencia\/#breadcrumb\"},\"inLanguage\":\"pt-BR\",\"potentialAction\":[{\"@type\":\"ReadAction\",\"target\":[\"https:\/\/www.estrategiaconcursos.com.br\/blog\/reparticao-das-receitas-tributarias-jurisprudencia\/\"]}]},{\"@type\":\"ImageObject\",\"inLanguage\":\"pt-BR\",\"@id\":\"https:\/\/www.estrategiaconcursos.com.br\/blog\/reparticao-das-receitas-tributarias-jurisprudencia\/#primaryimage\",\"url\":\"https:\/\/dhg1h5j42swfq.cloudfront.net\/2022\/03\/27235933\/logo-stf-2-150x150-1.jpg\",\"contentUrl\":\"https:\/\/dhg1h5j42swfq.cloudfront.net\/2022\/03\/27235933\/logo-stf-2-150x150-1.jpg\",\"width\":150,\"height\":150},{\"@type\":\"BreadcrumbList\",\"@id\":\"https:\/\/www.estrategiaconcursos.com.br\/blog\/reparticao-das-receitas-tributarias-jurisprudencia\/#breadcrumb\",\"itemListElement\":[{\"@type\":\"ListItem\",\"position\":1,\"name\":\"In\u00edcio\",\"item\":\"https:\/\/www.estrategiaconcursos.com.br\/blog\/\"},{\"@type\":\"ListItem\",\"position\":2,\"name\":\"Reparti\u00e7\u00e3o das Receitas Tribut\u00e1rias e Jurisprud\u00eancia\"}]},{\"@type\":\"WebSite\",\"@id\":\"https:\/\/www.estrategiaconcursos.com.br\/blog\/#website\",\"url\":\"https:\/\/www.estrategiaconcursos.com.br\/blog\/\",\"name\":\"Estrat\u00e9gia Concursos\",\"description\":\"O blog da Estrat\u00e9gia Concursos traz not\u00edcias sobre concursos e artigos de professores oferecendo cursos para concursos (pdf + videaulas) no site.\",\"publisher\":{\"@id\":\"https:\/\/www.estrategiaconcursos.com.br\/blog\/#organization\"},\"potentialAction\":[{\"@type\":\"SearchAction\",\"target\":{\"@type\":\"EntryPoint\",\"urlTemplate\":\"https:\/\/www.estrategiaconcursos.com.br\/blog\/?s={search_term_string}\"},\"query-input\":{\"@type\":\"PropertyValueSpecification\",\"valueRequired\":true,\"valueName\":\"search_term_string\"}}],\"inLanguage\":\"pt-BR\"},{\"@type\":\"Organization\",\"@id\":\"https:\/\/www.estrategiaconcursos.com.br\/blog\/#organization\",\"name\":\"Estrat\u00e9gia Concursos\",\"url\":\"https:\/\/www.estrategiaconcursos.com.br\/blog\/\",\"logo\":{\"@type\":\"ImageObject\",\"inLanguage\":\"pt-BR\",\"@id\":\"https:\/\/www.estrategiaconcursos.com.br\/blog\/#\/schema\/logo\/image\/\",\"url\":\"https:\/\/dhg1h5j42swfq.cloudfront.net\/2025\/06\/03203428\/logo_concursos-1.jpg\",\"contentUrl\":\"https:\/\/dhg1h5j42swfq.cloudfront.net\/2025\/06\/03203428\/logo_concursos-1.jpg\",\"width\":230,\"height\":60,\"caption\":\"Estrat\u00e9gia Concursos\"},\"image\":{\"@id\":\"https:\/\/www.estrategiaconcursos.com.br\/blog\/#\/schema\/logo\/image\/\"},\"sameAs\":[\"https:\/\/x.com\/EstratConcursos\"]},{\"@type\":\"Person\",\"@id\":\"https:\/\/www.estrategiaconcursos.com.br\/blog\/#\/schema\/person\/bddec4cfff57a846dbc506e0bc7a5b36\",\"name\":\"Ricardo Pereira de Oliveira\",\"image\":{\"@type\":\"ImageObject\",\"inLanguage\":\"pt-BR\",\"@id\":\"https:\/\/secure.gravatar.com\/avatar\/a16d5759c3d4edc0896235928b70e4a79ec591848bb173a92801d67dcb8492b1?s=96&d=mm&r=g\",\"url\":\"https:\/\/secure.gravatar.com\/avatar\/a16d5759c3d4edc0896235928b70e4a79ec591848bb173a92801d67dcb8492b1?s=96&d=mm&r=g\",\"contentUrl\":\"https:\/\/secure.gravatar.com\/avatar\/a16d5759c3d4edc0896235928b70e4a79ec591848bb173a92801d67dcb8492b1?s=96&d=mm&r=g\",\"caption\":\"Ricardo Pereira de Oliveira\"},\"description\":\"Formado em Administra\u00e7\u00e3o de Empresas pelo Mackenzie, p\u00f3s-graduado em Marketing pela ESPM. Concurseiro desde 2014. Auditor Fiscal da Receita Municipal de Campo Grande\/MS Ex-Fiscal de Rendas de Tabo\u00e3o da Serra\/SP\",\"url\":\"https:\/\/www.estrategiaconcursos.com.br\/blog\/author\/ricperogmail-com\/\"}]}<\/script>\n<!-- \/ Yoast SEO Premium plugin. -->","yoast_head_json":{"title":"Reparti\u00e7\u00e3o das Receitas Tribut\u00e1rias e Jurisprud\u00eancia","description":"Este artigo se destina a explicar o que \u00e9 a reparti\u00e7\u00e3o das receitas tribut\u00e1rias entre os entes da federa\u00e7\u00e3o e para que serve.","robots":{"index":"index","follow":"follow","max-snippet":"max-snippet:-1","max-image-preview":"max-image-preview:large","max-video-preview":"max-video-preview:-1"},"canonical":"https:\/\/www.estrategiaconcursos.com.br\/blog\/reparticao-das-receitas-tributarias-jurisprudencia\/","og_locale":"pt_BR","og_type":"article","og_title":"Reparti\u00e7\u00e3o das Receitas Tribut\u00e1rias e Jurisprud\u00eancia","og_description":"Este artigo se destina a explicar o que \u00e9 a reparti\u00e7\u00e3o das receitas tribut\u00e1rias entre os entes da federa\u00e7\u00e3o e para que serve.","og_url":"https:\/\/www.estrategiaconcursos.com.br\/blog\/reparticao-das-receitas-tributarias-jurisprudencia\/","og_site_name":"Estrat\u00e9gia Concursos","article_published_time":"2022-04-15T11:36:00+00:00","article_modified_time":"2022-09-01T17:15:47+00:00","og_image":[{"width":150,"height":150,"url":"https:\/\/dhg1h5j42swfq.cloudfront.net\/2022\/03\/27235933\/logo-stf-2-150x150-1.jpg","type":"image\/jpeg"}],"author":"Ricardo Pereira de Oliveira","twitter_card":"summary_large_image","twitter_creator":"@EstratConcursos","twitter_site":"@EstratConcursos","twitter_misc":{"Escrito por":"Ricardo Pereira de Oliveira","Est. tempo de leitura":"17 minutos"},"schema":{"@context":"https:\/\/schema.org","@graph":[{"@type":"NewsArticle","@id":"https:\/\/www.estrategiaconcursos.com.br\/blog\/reparticao-das-receitas-tributarias-jurisprudencia\/#article","isPartOf":{"@id":"https:\/\/www.estrategiaconcursos.com.br\/blog\/reparticao-das-receitas-tributarias-jurisprudencia\/"},"author":{"name":"Ricardo Pereira de Oliveira","@id":"https:\/\/www.estrategiaconcursos.com.br\/blog\/#\/schema\/person\/bddec4cfff57a846dbc506e0bc7a5b36"},"headline":"Reparti\u00e7\u00e3o das Receitas Tribut\u00e1rias e Jurisprud\u00eancia","datePublished":"2022-04-15T11:36:00+00:00","dateModified":"2022-09-01T17:15:47+00:00","mainEntityOfPage":{"@id":"https:\/\/www.estrategiaconcursos.com.br\/blog\/reparticao-das-receitas-tributarias-jurisprudencia\/"},"wordCount":3230,"commentCount":0,"publisher":{"@id":"https:\/\/www.estrategiaconcursos.com.br\/blog\/#organization"},"image":{"@id":"https:\/\/www.estrategiaconcursos.com.br\/blog\/reparticao-das-receitas-tributarias-jurisprudencia\/#primaryimage"},"thumbnailUrl":"https:\/\/dhg1h5j42swfq.cloudfront.net\/2022\/03\/27235933\/logo-stf-2-150x150-1.jpg","articleSection":["Ag\u00eancia Reguladora","Ag\u00eancia Reguladora","CFC","Concursos P\u00fablicos","Controladorias\/Gest\u00e3o (CGU, CGE, STN, EPPGG)","Fiscal - Estadual (ICMS)","Fiscal - Federal (RFB e AFT)","Fiscal - Municipal (ISS)","Jur\u00eddico - Cart\u00f3rios","Jur\u00eddico - Magistratura","Legislativo","Tribunais","Tribunais de Contas (TCU, TCE, TCM)"],"inLanguage":"pt-BR","potentialAction":[{"@type":"CommentAction","name":"Comment","target":["https:\/\/www.estrategiaconcursos.com.br\/blog\/reparticao-das-receitas-tributarias-jurisprudencia\/#respond"]}],"copyrightYear":"2022","copyrightHolder":{"@id":"https:\/\/www.estrategiaconcursos.com.br\/blog\/#organization"}},{"@type":"WebPage","@id":"https:\/\/www.estrategiaconcursos.com.br\/blog\/reparticao-das-receitas-tributarias-jurisprudencia\/","url":"https:\/\/www.estrategiaconcursos.com.br\/blog\/reparticao-das-receitas-tributarias-jurisprudencia\/","name":"Reparti\u00e7\u00e3o das Receitas Tribut\u00e1rias e Jurisprud\u00eancia","isPartOf":{"@id":"https:\/\/www.estrategiaconcursos.com.br\/blog\/#website"},"primaryImageOfPage":{"@id":"https:\/\/www.estrategiaconcursos.com.br\/blog\/reparticao-das-receitas-tributarias-jurisprudencia\/#primaryimage"},"image":{"@id":"https:\/\/www.estrategiaconcursos.com.br\/blog\/reparticao-das-receitas-tributarias-jurisprudencia\/#primaryimage"},"thumbnailUrl":"https:\/\/dhg1h5j42swfq.cloudfront.net\/2022\/03\/27235933\/logo-stf-2-150x150-1.jpg","datePublished":"2022-04-15T11:36:00+00:00","dateModified":"2022-09-01T17:15:47+00:00","description":"Este artigo se destina a explicar o que \u00e9 a reparti\u00e7\u00e3o das receitas tribut\u00e1rias entre os entes da federa\u00e7\u00e3o e para que serve.","breadcrumb":{"@id":"https:\/\/www.estrategiaconcursos.com.br\/blog\/reparticao-das-receitas-tributarias-jurisprudencia\/#breadcrumb"},"inLanguage":"pt-BR","potentialAction":[{"@type":"ReadAction","target":["https:\/\/www.estrategiaconcursos.com.br\/blog\/reparticao-das-receitas-tributarias-jurisprudencia\/"]}]},{"@type":"ImageObject","inLanguage":"pt-BR","@id":"https:\/\/www.estrategiaconcursos.com.br\/blog\/reparticao-das-receitas-tributarias-jurisprudencia\/#primaryimage","url":"https:\/\/dhg1h5j42swfq.cloudfront.net\/2022\/03\/27235933\/logo-stf-2-150x150-1.jpg","contentUrl":"https:\/\/dhg1h5j42swfq.cloudfront.net\/2022\/03\/27235933\/logo-stf-2-150x150-1.jpg","width":150,"height":150},{"@type":"BreadcrumbList","@id":"https:\/\/www.estrategiaconcursos.com.br\/blog\/reparticao-das-receitas-tributarias-jurisprudencia\/#breadcrumb","itemListElement":[{"@type":"ListItem","position":1,"name":"In\u00edcio","item":"https:\/\/www.estrategiaconcursos.com.br\/blog\/"},{"@type":"ListItem","position":2,"name":"Reparti\u00e7\u00e3o das Receitas Tribut\u00e1rias e Jurisprud\u00eancia"}]},{"@type":"WebSite","@id":"https:\/\/www.estrategiaconcursos.com.br\/blog\/#website","url":"https:\/\/www.estrategiaconcursos.com.br\/blog\/","name":"Estrat\u00e9gia Concursos","description":"O blog da Estrat\u00e9gia Concursos traz not\u00edcias sobre concursos e artigos de professores oferecendo cursos para concursos (pdf + videaulas) no site.","publisher":{"@id":"https:\/\/www.estrategiaconcursos.com.br\/blog\/#organization"},"potentialAction":[{"@type":"SearchAction","target":{"@type":"EntryPoint","urlTemplate":"https:\/\/www.estrategiaconcursos.com.br\/blog\/?s={search_term_string}"},"query-input":{"@type":"PropertyValueSpecification","valueRequired":true,"valueName":"search_term_string"}}],"inLanguage":"pt-BR"},{"@type":"Organization","@id":"https:\/\/www.estrategiaconcursos.com.br\/blog\/#organization","name":"Estrat\u00e9gia Concursos","url":"https:\/\/www.estrategiaconcursos.com.br\/blog\/","logo":{"@type":"ImageObject","inLanguage":"pt-BR","@id":"https:\/\/www.estrategiaconcursos.com.br\/blog\/#\/schema\/logo\/image\/","url":"https:\/\/dhg1h5j42swfq.cloudfront.net\/2025\/06\/03203428\/logo_concursos-1.jpg","contentUrl":"https:\/\/dhg1h5j42swfq.cloudfront.net\/2025\/06\/03203428\/logo_concursos-1.jpg","width":230,"height":60,"caption":"Estrat\u00e9gia Concursos"},"image":{"@id":"https:\/\/www.estrategiaconcursos.com.br\/blog\/#\/schema\/logo\/image\/"},"sameAs":["https:\/\/x.com\/EstratConcursos"]},{"@type":"Person","@id":"https:\/\/www.estrategiaconcursos.com.br\/blog\/#\/schema\/person\/bddec4cfff57a846dbc506e0bc7a5b36","name":"Ricardo Pereira de Oliveira","image":{"@type":"ImageObject","inLanguage":"pt-BR","@id":"https:\/\/secure.gravatar.com\/avatar\/a16d5759c3d4edc0896235928b70e4a79ec591848bb173a92801d67dcb8492b1?s=96&d=mm&r=g","url":"https:\/\/secure.gravatar.com\/avatar\/a16d5759c3d4edc0896235928b70e4a79ec591848bb173a92801d67dcb8492b1?s=96&d=mm&r=g","contentUrl":"https:\/\/secure.gravatar.com\/avatar\/a16d5759c3d4edc0896235928b70e4a79ec591848bb173a92801d67dcb8492b1?s=96&d=mm&r=g","caption":"Ricardo Pereira de Oliveira"},"description":"Formado em Administra\u00e7\u00e3o de Empresas pelo Mackenzie, p\u00f3s-graduado em Marketing pela ESPM. Concurseiro desde 2014. Auditor Fiscal da Receita Municipal de Campo Grande\/MS Ex-Fiscal de Rendas de Tabo\u00e3o da Serra\/SP","url":"https:\/\/www.estrategiaconcursos.com.br\/blog\/author\/ricperogmail-com\/"}]}},"_links":{"self":[{"href":"https:\/\/www.estrategiaconcursos.com.br\/blog\/wp-json\/wp\/v2\/posts\/995606","targetHints":{"allow":["GET"]}}],"collection":[{"href":"https:\/\/www.estrategiaconcursos.com.br\/blog\/wp-json\/wp\/v2\/posts"}],"about":[{"href":"https:\/\/www.estrategiaconcursos.com.br\/blog\/wp-json\/wp\/v2\/types\/post"}],"author":[{"embeddable":true,"href":"https:\/\/www.estrategiaconcursos.com.br\/blog\/wp-json\/wp\/v2\/users\/1979"}],"replies":[{"embeddable":true,"href":"https:\/\/www.estrategiaconcursos.com.br\/blog\/wp-json\/wp\/v2\/comments?post=995606"}],"version-history":[{"count":6,"href":"https:\/\/www.estrategiaconcursos.com.br\/blog\/wp-json\/wp\/v2\/posts\/995606\/revisions"}],"predecessor-version":[{"id":1087659,"href":"https:\/\/www.estrategiaconcursos.com.br\/blog\/wp-json\/wp\/v2\/posts\/995606\/revisions\/1087659"}],"wp:featuredmedia":[{"embeddable":true,"href":"https:\/\/www.estrategiaconcursos.com.br\/blog\/wp-json\/wp\/v2\/media\/995607"}],"wp:attachment":[{"href":"https:\/\/www.estrategiaconcursos.com.br\/blog\/wp-json\/wp\/v2\/media?parent=995606"}],"wp:term":[{"taxonomy":"category","embeddable":true,"href":"https:\/\/www.estrategiaconcursos.com.br\/blog\/wp-json\/wp\/v2\/categories?post=995606"},{"taxonomy":"post_tag","embeddable":true,"href":"https:\/\/www.estrategiaconcursos.com.br\/blog\/wp-json\/wp\/v2\/tags?post=995606"},{"taxonomy":"tax_estado","embeddable":true,"href":"https:\/\/www.estrategiaconcursos.com.br\/blog\/wp-json\/wp\/v2\/tax_estado?post=995606"}],"curies":[{"name":"wp","href":"https:\/\/api.w.org\/{rel}","templated":true}]}}