{"id":995320,"date":"2022-03-26T09:00:00","date_gmt":"2022-03-26T12:00:00","guid":{"rendered":"https:\/\/www.estrategiaconcursos.com.br\/blog\/?p=995320"},"modified":"2024-06-03T10:44:43","modified_gmt":"2024-06-03T13:44:43","slug":"gabarito-extraoficial-iss-bh-auditor","status":"publish","type":"post","link":"https:\/\/www.estrategiaconcursos.com.br\/blog\/gabarito-extraoficial-iss-bh-auditor\/","title":{"rendered":"Gabarito Extraoficial ISS BH \u2013 Auditor Fiscal: confira a corre\u00e7\u00e3o!"},"content":{"rendered":"\n<p>Neste final de semana foram aplicadas as provas do <strong>concurso ISS BH <\/strong>para o cargo de Auditor Fiscal de Tributos. A etapa foi dividida em dois dias, confira abaixo:<\/p>\n\n\n\n<p><strong>Prova Objetiva I: 26\/03\/2022 (s\u00e1bado)<\/strong> &#8211; 13h30<br \/><strong>Prova Objetiva II: 27\/03\/2022 (domingo)<\/strong> &#8211; 08h<br \/><strong>Prova Discursiva: 27\/03\/2022 (domingo)<\/strong> &#8211; 14h30<\/p>\n\n\n\n<p>A sele\u00e7\u00e3o oferta 14 vagas de n\u00edvel superior e remunera\u00e7\u00e3o inicial de <strong>R$ 15.022,52<\/strong>.<\/p>\n\n\n\n<p>E com o objetivo de ajudar a diminuir um pouco a ansiedade de saber se foi bem ou n\u00e3o em um concurso t\u00e3o visado e importante,&nbsp;<strong>nossos professores realizar\u00e3o a corre\u00e7\u00e3o neste s\u00e1bado e domingo, a partir das 17h30, dando o<\/strong>&nbsp;<strong>gabarito extraoficial da Prova I e II.<\/strong><\/p>\n\n\n\n<p>Portanto, confira, antecipadamente, seu desempenho e ainda receba dicas de recursos (se houver necessidade, claro!). Lembrando que o&nbsp;gabarito oficial preliminar ser\u00e1 publicado pela <a href=\"https:\/\/concursosrbo.com.br\/Painel\/Login.aspx?ReturnUrl=%2fProjetos%2fconvoca-prova%2fconsulta-filtro%2fintencoes.aspx%3fid%3dIdfY3wUXAyk%3d&amp;id=IdfY3wUXAyk=\" target=\"_blank\" rel=\"noreferrer noopener\"><strong>RBO<\/strong><\/a>. <\/p>\n\n\n\n<h2 class=\"wp-block-heading\" id=\"correcao-e-gabarito-extraoficial-iss-bh\">Corre\u00e7\u00e3o e Gabarito Extraoficial ISS BH<\/h2>\n\n\n<figure class=\"wp-block-embed-youtube wp-block-embed is-type-video is-provider-youtube wp-embed-aspect-16-9 wp-has-aspect-ratio\"><div class=\"lyte-wrapper\" style=\"width:853px;max-width:100%;margin:5px;\"><div class=\"lyMe\" id=\"WYL_0GabB2TaZgU\"><div id=\"lyte_0GabB2TaZgU\" data-src=\"\/\/i.ytimg.com\/vi\/0GabB2TaZgU\/hqdefault.jpg\" class=\"pL\"><div class=\"tC\"><div class=\"tT\"><\/div><\/div><div class=\"play\"><\/div><div class=\"ctrl\"><div class=\"Lctrl\"><\/div><div class=\"Rctrl\"><\/div><\/div><\/div><noscript><a href=\"https:\/\/youtu.be\/0GabB2TaZgU\" rel=\"nofollow\"><img loading=\"lazy\" decoding=\"async\" src=\"https:\/\/i.ytimg.com\/vi\/0GabB2TaZgU\/0.jpg\" alt=\"YouTube video thumbnail\" width=\"853\" height=\"460\" \/><br \/>Assista a este v\u00eddeo no YouTube<\/a><\/noscript><\/div><\/div><div class=\"lL\" style=\"max-width:100%;width:853px;margin:5px;\"><\/div><figcaption><\/figcaption><\/figure>\n\n<figure class=\"wp-block-embed-youtube wp-block-embed is-type-video is-provider-youtube wp-embed-aspect-16-9 wp-has-aspect-ratio\"><div class=\"lyte-wrapper\" style=\"width:853px;max-width:100%;margin:5px;\"><div class=\"lyMe\" id=\"WYL_8kyGB_wp-Jg\"><div id=\"lyte_8kyGB_wp-Jg\" data-src=\"\/\/i.ytimg.com\/vi\/8kyGB_wp-Jg\/hqdefault.jpg\" class=\"pL\"><div class=\"tC\"><div class=\"tT\"><\/div><\/div><div class=\"play\"><\/div><div class=\"ctrl\"><div class=\"Lctrl\"><\/div><div class=\"Rctrl\"><\/div><\/div><\/div><noscript><a href=\"https:\/\/youtu.be\/8kyGB_wp-Jg\" rel=\"nofollow\"><img loading=\"lazy\" decoding=\"async\" src=\"https:\/\/i.ytimg.com\/vi\/8kyGB_wp-Jg\/0.jpg\" alt=\"YouTube video thumbnail\" width=\"853\" height=\"460\" \/><br \/>Assista a este v\u00eddeo no YouTube<\/a><\/noscript><\/div><\/div><div class=\"lL\" style=\"max-width:100%;width:853px;margin:5px;\"><\/div><figcaption><\/figcaption><\/figure>\n\n\n<h3 class=\"wp-block-heading\" id=\"h-gabarito-extraoficial-iss-bh\">Gabarito extraoficial: ISS BH<\/h3>\n\n\n\n<p>Abaixo, voc\u00ea confere os gabaritos das quest\u00f5es corrigidas pelos nossos professores. Como existem v\u00e1rios tipos de provas, voc\u00ea pode conferir o in\u00edcio da quest\u00e3o.<\/p>\n\n\n\n<p class=\"has-background has-medium-font-size\" style=\"background-color:#9cc8e4\"><strong><span style=\"text-decoration: underline;\">PROVA I &#8211; S\u00e1bado (26\/03)<\/span><\/strong><\/p>\n\n\n\n<p><strong>Quest\u00e3o 01:<\/strong>&nbsp;Depreende-se do texto&#8230;<br \/><strong><em>Resposta:<\/em><\/strong> D &#8211; ao seu car\u00e1ter&#8230;<\/p>\n\n\n\n<p><strong>Quest\u00e3o 02:<\/strong>&nbsp;Decerto os cl\u00e1ssicos&#8230;<br \/><strong><em>Resposta:<\/em><\/strong> A &#8211; raz\u00e3o e cora\u00e7\u00e3o.<\/p>\n\n\n\n<p><strong>Quest\u00e3o 03:<\/strong>&nbsp;Por\u00e9m, a impress\u00e3o&#8230;<br \/><strong><em>Resposta:<\/em><\/strong> D &#8211; um esconjuro&#8230;<\/p>\n\n\n\n<p><strong>Quest\u00e3o 04:<\/strong>&nbsp;Sobre o emprego do voc\u00e1bulo&#8230;<br \/><strong><em>Resposta:<\/em><\/strong> C &#8211; constitui uma variante&#8230;<\/p>\n\n\n\n<p><strong>Quest\u00e3o 05:<\/strong>&nbsp;Assinale a alternativa&#8230;<br \/><strong><em>Resposta:<\/em><\/strong> A &#8211; Ponho-o &#8211; punha-o &#8211; pu-lo.<\/p>\n\n\n\n<p><strong>Quest\u00e3o 06:<\/strong>&nbsp;Identifique a alternativa&#8230;<br \/><strong><em>Resposta:<\/em><\/strong> A &#8211; Todas as vezes em que&#8230;<\/p>\n\n\n\n<p><strong>Quest\u00e3o 07:<\/strong>&nbsp;O sintagma&#8230;<br \/><strong><em>Resposta:<\/em><\/strong> A &#8211; de dois campos sem\u00e2nticos&#8230;<\/p>\n\n\n\n<p><strong>Quest\u00e3o 08:<\/strong>&nbsp;Levando-se em conta&#8230;<br \/><strong><em>Resposta:<\/em><\/strong> B &#8211; aparece como um homem&#8230;<\/p>\n\n\n\n<p><strong>Quest\u00e3o 09:<\/strong>&nbsp;Assinale a alternativa em que todos os termos&#8230;<br \/><strong><em>Resposta:<\/em><\/strong> B &#8211; O conciliador medeia&#8230;<\/p>\n\n\n\n<p><strong>Quest\u00e3o 10:<\/strong>&nbsp;Considere o trecho&#8230;<br \/><strong><em>Resposta:<\/em><\/strong> A &#8211; O professor havia comprado&#8230;<\/p>\n\n\n\n<p><strong>Quest\u00e3o 11:<\/strong>&nbsp;Assinale a alternativa em que ocorre exatamente&#8230;<br \/><strong><em>Resposta:<\/em><\/strong> B &#8211; Eu _ artes ainda&#8230;<\/p>\n\n\n\n<p><strong>Quest\u00e3o 12:<\/strong>&nbsp;Assinale a alternativa correta quanto ao emprego&#8230;<br \/><strong><em>Resposta:<\/em><\/strong> E &#8211; Estamos prontos para&#8230;<\/p>\n\n\n\n<p><strong>Quest\u00e3o 13:<\/strong>&nbsp;Aten\u00e7\u00e3o \u00e0s frases a seguir:<br \/><strong><em>Resposta:<\/em><\/strong> D &#8211; I e III, apenas.<\/p>\n\n\n\n<p><strong>Quest\u00e3o 14:<\/strong>&nbsp;Assinale a alternativa cuja palavra&#8230;<br \/><strong><em>Resposta:<\/em><\/strong> C &#8211; As sauvas est\u00e3o devorando&#8230;<\/p>\n\n\n\n<p><strong>Quest\u00e3o 15:<\/strong>&nbsp;Assinale a alternativa INCORRETA&#8230;<br \/><strong><em>Resposta:<\/em><\/strong> B &#8211; O funcion\u00e1rio foi incapaz&#8230;<\/p>\n\n\n\n<p><strong>Quest\u00e3o 16:<\/strong>&nbsp;Um funcion\u00e1rio fez um empr\u00e9stimo&#8230;<br \/><strong><em>Resposta:<\/em><\/strong> E &#8211; R$ 16.320,00.<\/p>\n\n\n\n<p><strong>Quest\u00e3o 17:<\/strong>&nbsp;Uma empresa pegou em um banco&#8230;<br \/><strong><em>Resposta:<\/em><\/strong> C &#8211; R$ 28.750,00.<\/p>\n\n\n\n<p><strong>Quest\u00e3o 18:<\/strong>&nbsp;Ao descontar uma promiss\u00f3ria&#8230;<br \/><strong><em>Resposta:<\/em><\/strong> A &#8211; 4%.<\/p>\n\n\n\n<p><strong>Quest\u00e3o 19:<\/strong>&nbsp;Uma empresa obteve um financiamento&#8230;<br \/><strong><em>Resposta:<\/em><\/strong> D &#8211; R$ 700.000,00.<\/p>\n\n\n\n<p><strong>Quest\u00e3o 20:<\/strong>&nbsp;Um empr\u00e9stimo de R$ 48.000,00&#8230;<br \/><strong><em>Resposta:<\/em><\/strong> C &#8211; R$ 703,31.<\/p>\n\n\n\n<p><strong>Quest\u00e3o 21:<\/strong>&nbsp;Uma institui\u00e7\u00e3o financeira est\u00e1 oferecendo&#8230;<br \/><strong><em>Resposta:<\/em><\/strong> C &#8211; R$ 35.912,00.<\/p>\n\n\n\n<p><strong>Quest\u00e3o 22:<\/strong>&nbsp;Uma empresa possui um t\u00edtulo&#8230;<br \/><strong><em>Resposta:<\/em><\/strong> C &#8211; R$ 2.762,00.<\/p>\n\n\n\n<p><strong>Quest\u00e3o 23:<\/strong>&nbsp;Considere, hipoteticamente&#8230;<br \/><strong><em>Resposta:<\/em><\/strong> A &#8211; 25%.<\/p>\n\n\n\n<p><strong>Quest\u00e3o 24:<\/strong>&nbsp;Um t\u00edtulo \u00e9 descontado&#8230;<br \/><strong><em>Resposta:<\/em><\/strong> C &#8211; R$ 28.638,00.<\/p>\n\n\n\n<p><strong>Quest\u00e3o 25:<\/strong>&nbsp;Em outubro de 2021&#8230;<br \/><strong><em>Resposta:<\/em><\/strong> B &#8211; R$ 12.474,00.<\/p>\n\n\n\n<p><strong>Quest\u00e3o 26:<\/strong>&nbsp;Mar\u00edlia montou uma tabela&#8230;<br \/><strong><em>Resposta:<\/em><\/strong> D &#8211; 6.084.<\/p>\n\n\n\n<p><strong>Quest\u00e3o 27:<\/strong>&nbsp;Na figura a seguir&#8230;<br \/><strong><em>Resposta:<\/em><\/strong> C &#8211; 8,33%.<\/p>\n\n\n\n<p><strong>Quest\u00e3o 28:<\/strong>&nbsp;Meire tem 3.788 canetas&#8230;<br \/><strong><em>Resposta:<\/em><\/strong> D &#8211; 29.<\/p>\n\n\n\n<p><strong>Quest\u00e3o 29:<\/strong>&nbsp;A partir do conceito&#8230;<br \/><strong><em>Resposta:<\/em><\/strong> D &#8211; 5.049.<\/p>\n\n\n\n<p><strong>Quest\u00e3o 30:<\/strong>&nbsp;Uma empresa do ramo de turismo&#8230;<br \/><strong><em>Resposta:<\/em><\/strong> E &#8211; 126 candidatos&#8230;<\/p>\n\n\n\n<p><strong>Quest\u00e3o 31:<\/strong>&nbsp;Um dos programas mais frequentes&#8230;<br \/><strong><em>Resposta:<\/em><\/strong> B &#8211; M\u00e1rcia, Isabella, gangorra, salgadinho.<\/p>\n\n\n\n<p><strong>Quest\u00e3o 32:<\/strong>&nbsp;Para um concurso p\u00fablico foram inscritos&#8230;<br \/><strong><em>Resposta:<\/em><\/strong> A &#8211; 9\/10.<\/p>\n\n\n\n<p><strong>Quest\u00e3o 33:<\/strong>&nbsp;A soma de dois&#8230;<br \/><strong><em>Resposta:<\/em><\/strong> Pass\u00edvel de anula\u00e7\u00e3o.<\/p>\n\n\n\n<p>A resposta correta seria +600.<\/p>\n\n\n\n<p><strong>Quest\u00e3o 34:<\/strong>&nbsp;Na sequ\u00eancia&#8230;<br \/><strong><em>Resposta:<\/em><\/strong> E &#8211; 266.<\/p>\n\n\n\n<p><strong>Quest\u00e3o 35:<\/strong>&nbsp;Na sequ\u00eancia formada&#8230;<br \/><strong><em>Resposta:<\/em><\/strong> C &#8211; Mi.<\/p>\n\n\n\n<p><strong>Quest\u00e3o 36:<\/strong>&nbsp;Para obter uma amostra&#8230;<br \/><strong><em>Resposta:<\/em><\/strong> C &#8211; 2.372.<\/p>\n\n\n\n<p><strong>Quest\u00e3o 37:<\/strong>&nbsp;Ao ligar para o atendimento&#8230;<br \/><strong><em>Resposta:<\/em><\/strong> E &#8211; 112\/625.<\/p>\n\n\n\n<p><strong>Quest\u00e3o 38:<\/strong>&nbsp;Devido \u00e0s perdas&#8230;<br \/><strong><em>Resposta:<\/em><\/strong> D &#8211; a m\u00e9dia e a moda dobrar\u00e3o.<\/p>\n\n\n\n<p><strong>Quest\u00e3o 39:<\/strong>&nbsp;Numa empresa, 10%&#8230;<br \/><strong><em>Resposta:<\/em><\/strong> D &#8211; 75,0%.<\/p>\n\n\n\n<p><strong>Quest\u00e3o 40:<\/strong>&nbsp;Marcelo possui um cart\u00e3o&#8230;<br \/><strong><em>Resposta:<\/em><\/strong> E &#8211; 15.120.<\/p>\n\n\n\n<p><strong>Quest\u00e3o 41:<\/strong>&nbsp;Uma m\u00e1quina produz&#8230;<br \/><strong><em>Resposta:<\/em><\/strong> C &#8211; 25,2%.<\/p>\n\n\n\n<p><strong>Quest\u00e3o 42:<\/strong>&nbsp;Valdirene observou&#8230;<br \/><strong><em>Resposta:<\/em><\/strong> B &#8211; R$ 72.000,00.<\/p>\n\n\n\n<p><strong>Quest\u00e3o 43:<\/strong>&nbsp;Num determinado munic\u00edpio&#8230;<br \/><strong><em>Resposta:<\/em><\/strong> A &#8211; 2.485.<\/p>\n\n\n\n<p><strong>Quest\u00e3o 44:<\/strong>&nbsp;Oito, entre eles&#8230;<br \/><strong><em>Resposta:<\/em><\/strong> E &#8211; 1.440.<\/p>\n\n\n\n<p><strong>Quest\u00e3o 45:<\/strong>&nbsp;As jovens&#8230;<br \/><strong><em>Resposta:<\/em><\/strong> E &#8211; S\u00e1bado.<\/p>\n\n\n\n<p><strong>Quest\u00e3o 46:<\/strong>&nbsp;Considerando o modelo<br \/><strong><em>Resposta:<\/em><\/strong> B &#8211; A inclina\u00e7\u00e3o&#8230;<\/p>\n\n\n\n<p><strong>Quest\u00e3o 47:<\/strong>&nbsp;Imagine que esteja&#8230;<br \/><strong><em>Resposta:<\/em><\/strong> C &#8211; A curva de demanda&#8230;<\/p>\n\n\n\n<p><strong>Quest\u00e3o 48:<\/strong>&nbsp;Sobre o monop\u00f3lio&#8230;<br \/><strong><em>Resposta:<\/em><\/strong> C &#8211; Para o monopolista&#8230;<\/p>\n\n\n\n<p><strong>Quest\u00e3o 49:<\/strong>&nbsp;Com base na fun\u00e7\u00e3o&#8230;<br \/><strong><em>Resposta:<\/em><\/strong> B &#8211; El\u00e1stica.<\/p>\n\n\n\n<p><strong>Quest\u00e3o 50:<\/strong>&nbsp;Por possu\u00edrem autoriza\u00e7\u00e3o&#8230;<br \/><strong><em>Resposta:<\/em><\/strong> B &#8211; R$ 900,00.<\/p>\n\n\n\n<p><strong>Quest\u00e3o 51:<\/strong>&nbsp;A oferta representa&#8230;<br \/><strong><em>Resposta:<\/em><\/strong> E &#8211; IV.<\/p>\n\n\n\n<p><strong>Quest\u00e3o 52:<\/strong>&nbsp;Com rela\u00e7\u00e3o \u00e0s pol\u00edticas&#8230;<br \/><strong><em>Resposta:<\/em><\/strong> A &#8211; II e III.<\/p>\n\n\n\n<p><strong>Quest\u00e3o 53:<\/strong>&nbsp;O BP&#8230;<br \/><strong><em>Resposta:<\/em><\/strong> A &#8211; I.<\/p>\n\n\n\n<p><strong>Quest\u00e3o 54:<\/strong>&nbsp;Em 2020, uma loja&#8230;<br \/><strong><em>Resposta:<\/em><\/strong> C &#8211; 110%, 120% e 132%.<\/p>\n\n\n\n<p><strong>Quest\u00e3o 55:<\/strong>&nbsp;Considerando o modelo&#8230;<br \/><strong><em>Resposta:<\/em><\/strong> Sem gabarito.<\/p>\n\n\n\n<p>Pass\u00edvel de recurso\/anula\u00e7\u00e3o.<\/p>\n\n\n\n<p><strong>Quest\u00e3o 56:<\/strong>&nbsp;No que diz respeito \u00e0 pol\u00edtica&#8230;<br \/><strong><em>Resposta:<\/em><\/strong> B &#8211; Se utiliza da tributa\u00e7\u00e3o&#8230;<\/p>\n\n\n\n<p><strong>Quest\u00e3o 57:<\/strong>&nbsp;Considerando os limites&#8230;<br \/><strong><em>Resposta:<\/em><\/strong> E &#8211; II e III.<\/p>\n\n\n\n<p><strong>Quest\u00e3o 58:<\/strong>&nbsp;O super\u00e1vit prim\u00e1rio..<br \/><strong><em>Resposta:<\/em><\/strong> B &#8211; I e IV.<\/p>\n\n\n\n<p><strong>Quest\u00e3o 59:<\/strong>&nbsp;Al\u00e9m da pr\u00f3pria CF\/1988&#8230;<br \/><strong><em>Resposta:<\/em><\/strong> C &#8211; I.<\/p>\n\n\n\n<p><strong>Quest\u00e3o 60:<\/strong>&nbsp;Os tributos e, inclu\u00eddos&#8230;<br \/><strong><em>Resposta:<\/em><\/strong> D &#8211; Al\u00e9m dos impostos, est\u00e3o inclu\u00eddos&#8230;<\/p>\n\n\n\n<p><strong>Quest\u00e3o 61:<\/strong>&nbsp;N\u00e3o s\u00f3 os entes da administra\u00e7\u00e3o&#8230;<br \/><strong><em>Resposta:<\/em><\/strong> B &#8211; II e IV.<\/p>\n\n\n\n<p><strong>Quest\u00e3o 62:<\/strong>&nbsp;Um dos pontos que voltaram&#8230;<br \/><strong><em>Resposta:<\/em><\/strong> A &#8211; I.<\/p>\n\n\n\n<p><strong>Quest\u00e3o 63:<\/strong>&nbsp;A contabiliza\u00e7\u00e3o e, portanto&#8230;<br \/><strong><em>Resposta:<\/em><\/strong> C &#8211; III.<\/p>\n\n\n\n<p><strong>Quest\u00e3o 64:<\/strong>&nbsp;O RGF&#8230;<br \/><strong><em>Resposta:<\/em><\/strong> A &#8211; permite o controle&#8230;<\/p>\n\n\n\n<p><strong>Quest\u00e3o 65:<\/strong>&nbsp;Os d\u00e9ficits fiscais&#8230;<br \/><strong><em>Resposta:<\/em><\/strong> C &#8211; III.<\/p>\n\n\n\n<p><strong>Quest\u00e3o 66:<\/strong>&nbsp;A Ordem Econ\u00f4mica&#8230;<br \/><strong><em>Resposta:<\/em><\/strong> B &#8211; Redu\u00e7\u00e3o&#8230;<\/p>\n\n\n\n<p><strong>Quest\u00e3o 67:<\/strong>&nbsp;Ao adotar a forma&#8230;<br \/><strong><em>Resposta:<\/em><\/strong> A &#8211; \u00c0 Uni\u00e3o&#8230;<\/p>\n\n\n\n<p><strong>Quest\u00e3o 68:<\/strong>&nbsp;O Minist\u00e9rio P\u00fablico&#8230;<br \/><strong><em>Resposta:<\/em><\/strong> E &#8211; aos membros do Minist\u00e9rio P\u00fablico&#8230;<\/p>\n\n\n\n<p><strong>Quest\u00e3o 69:<\/strong>&nbsp;A Jurisdi\u00e7\u00e3o Constitucional&#8230;<br \/><strong><em>Resposta:<\/em><\/strong> E &#8211; F\/V\/V\/F.<\/p>\n\n\n\n<p><strong>Quest\u00e3o 70:<\/strong>&nbsp;Os chamados rem\u00e9dios&#8230;<br \/><strong><em>Resposta:<\/em><\/strong> A &#8211; Visa anular ato lesivo ao consumidor.<\/p>\n\n\n\n<p><strong>Quest\u00e3o 71:<\/strong>&nbsp;Durante o per\u00edodo pand\u00eamico&#8230;<br \/><strong><em>Resposta:<\/em><\/strong> D &#8211; A mencionada teoria \u00e9&#8230;<\/p>\n\n\n\n<p><strong>Quest\u00e3o 72:<\/strong>&nbsp;A respeito da prescri\u00e7\u00e3o&#8230;<br \/><strong><em>Resposta:<\/em><\/strong> C &#8211; \u00c9 nula a ren\u00fancia&#8230;<\/p>\n\n\n\n<p><strong>Quest\u00e3o 73:<\/strong>&nbsp;A respeito da disciplina dos chamados&#8230;<br \/><strong><em>Resposta:<\/em><\/strong> B &#8211; A garantia contra os v\u00edcios&#8230;<\/p>\n\n\n\n<p><strong>Quest\u00e3o 74:<\/strong>&nbsp;A autonomia patrimonial&#8230;<br \/><strong><em>Resposta:<\/em><\/strong> B &#8211; N\u00e3o se admite requerimento&#8230;<\/p>\n\n\n\n<p><strong>Quest\u00e3o 75:<\/strong>&nbsp;Houve no legislador&#8230;<br \/><strong><em>Resposta:<\/em><\/strong> D &#8211; A socialidade e a eticidade&#8230;<\/p>\n\n\n\n<p><strong>Quest\u00e3o 76:<\/strong>&nbsp;Marco Aur\u00e9lio se graduou&#8230;<br \/><strong><em>Resposta:<\/em><\/strong> C &#8211; a partir de 2015&#8230;<\/p>\n\n\n\n<p><strong>Quest\u00e3o 77:<\/strong>&nbsp;A Sociedade An\u00f4nima&#8230;<br \/><strong><em>Resposta:<\/em><\/strong> B &#8211; habilita\u00e7\u00f5es retardat\u00e1rias&#8230;<\/p>\n\n\n\n<p><strong>Quest\u00e3o 78:<\/strong>&nbsp;Fa\u00e7a a correla\u00e7\u00e3o&#8230;<br \/><strong><em>Resposta:<\/em><\/strong> D &#8211; a-III\/b-II\/c-I\/d-IV\/e-V.<\/p>\n\n\n\n<p><strong>Quest\u00e3o 79:<\/strong>&nbsp;A terminologia jur\u00eddica&#8230;<br \/><strong><em>Resposta:<\/em><\/strong> A &#8211; Carlos Alberto montou&#8230;<\/p>\n\n\n\n<p><strong>Quest\u00e3o 80:<\/strong>&nbsp;Jos\u00e9 e Joaquim&#8230;<br \/><strong><em>Resposta:<\/em><\/strong> A &#8211; ilimitada e solid\u00e1ria.<\/p>\n\n\n\n<p>Pass\u00edvel de recurso. A alternativa &#8220;D&#8221; tamb\u00e9m est\u00e1 correta.<\/p>\n\n\n\n<p>D &#8211; ilimitada nas d\u00edvidas tibut\u00e1rias.<\/p>\n\n\n\n<p class=\"has-background has-medium-font-size\" style=\"background-color:#8dbddb\"><span style=\"text-decoration: underline;\"><b>PROVA II<\/b><strong> &#8211; Domingo (27\/03)<\/strong><\/span><\/p>\n\n\n\n<p><strong>Quest\u00e3o 01:<\/strong>&nbsp;Considerando a Lei n\u00ba 7.169&#8230;<br \/><strong><em>Resposta:<\/em><\/strong> A &#8211; Os cargos e as fun\u00e7\u00f5es&#8230;<\/p>\n\n\n\n<p><strong>Quest\u00e3o 02:<\/strong>&nbsp;A respeito da Lei de Improbidade&#8230;<br \/><strong><em>Resposta:<\/em><\/strong> D &#8211; Nas a\u00e7\u00f5es de improbidade&#8230;<\/p>\n\n\n\n<p><strong>Quest\u00e3o 03:<\/strong>&nbsp;A respeito dos processos administrativos&#8230;<br \/><strong><em>Resposta:<\/em><\/strong> B &#8211; Podem ser objeto de delega\u00e7\u00e3o&#8230;<\/p>\n\n\n\n<p><strong>Quest\u00e3o 04:<\/strong>&nbsp;A respeito dos servi\u00e7os p\u00fablicos&#8230;<br \/><strong><em>Resposta:<\/em><\/strong> E &#8211; A concess\u00e3o de servi\u00e7o&#8230;<\/p>\n\n\n\n<p><strong>Quest\u00e3o 05:<\/strong>&nbsp;A interven\u00e7\u00e3o do Estado&#8230;<br \/><strong><em>Resposta:<\/em><\/strong> C &#8211; No exerc\u00edcio da atividade de pol\u00edcia&#8230; licen\u00e7as.<\/p>\n\n\n\n<p><strong>Quest\u00e3o 06:<\/strong>&nbsp;No que se refere aos crimes&#8230;<br \/><strong><em>Resposta:<\/em><\/strong> A &#8211; No crime de peculato culposo&#8230;<\/p>\n\n\n\n<p><strong>Quest\u00e3o 07:<\/strong>&nbsp;Pierre foi aprovado&#8230;<br \/><strong><em>Resposta:<\/em><\/strong> D &#8211; Mesmo n\u00e3o tendo assumido cargo p\u00fablico&#8230;<\/p>\n\n\n\n<p><strong>Quest\u00e3o 08:<\/strong>&nbsp;Silveira, experiente auditor&#8230;<br \/><strong><em>Resposta:<\/em><\/strong> E &#8211; a conduta do servidor se enquadra no crime de prevarica\u00e7\u00e3o.<\/p>\n\n\n\n<p><strong>Quest\u00e3o 09:<\/strong>&nbsp;Nossu, servidor&#8230;<br \/><strong><em>Resposta:<\/em><\/strong> C &#8211; a conduta de Nossu se enquadra no crime de condescend\u00eancia criminosa.<\/p>\n\n\n\n<p><strong>Quest\u00e3o 10:<\/strong>&nbsp;Acerca dos crimes contra a ordem&#8230;<br \/><strong><em>Resposta:<\/em><\/strong> A &#8211; I, apenas.<\/p>\n\n\n\n<p><strong>Quest\u00e3o 11:<\/strong>&nbsp;Assinale a alternativa correta considerando a \u00e9tica&#8230;<br \/><strong><em>Resposta:<\/em><\/strong> C &#8211; O servidor p\u00fablico&#8230; responsabilidade profissionais.<\/p>\n\n\n\n<p><strong>Quest\u00e3o 12:<\/strong>&nbsp;As regras do C\u00f3digo de \u00c9tica&#8230;<br \/><strong><em>Resposta:<\/em><\/strong> E &#8211; aos agentes da Administra\u00e7\u00e3o&#8230;<\/p>\n\n\n\n<p><strong>Quest\u00e3o 13:<\/strong>&nbsp;Aur\u00e9lio, Secret\u00e1rio Municipal&#8230;<br \/><strong><em>Resposta:<\/em><\/strong> C &#8211; A doa\u00e7\u00e3o realizada&#8230;<\/p>\n\n\n\n<p><strong>Quest\u00e3o 14:<\/strong>&nbsp;Josu\u00e9 \u00e9 Diretor-Presidente&#8230;<br \/><strong><em>Resposta:<\/em><\/strong> A &#8211; Alfredo \u00e9 autoridade&#8230;<\/p>\n\n\n\n<p><strong>Quest\u00e3o 15:<\/strong>&nbsp;Assinale a alternativa em conformidade&#8230;<br \/><strong><em>Resposta:<\/em><\/strong> B &#8211; \u00c9 dever dos agentes&#8230;<\/p>\n\n\n\n<p><strong>Quest\u00e3o 16:<\/strong>&nbsp;No tocante ao tributo e ao cr\u00e9dito&#8230;<br \/><strong><em>Resposta:<\/em><\/strong> C &#8211; F\/V\/V\/F.<\/p>\n\n\n\n<p>Pass\u00edvel para recurso.<\/p>\n\n\n\n<p><strong>Quest\u00e3o 17:<\/strong>&nbsp;O legislador constituinte selecionou&#8230;<br \/><strong><em>Resposta:<\/em><\/strong> C &#8211; IPTU, ITBI, ISSQN.<\/p>\n\n\n\n<p><strong>Quest\u00e3o 18:<\/strong>&nbsp;As situa\u00e7\u00f5es hipot\u00e9ticas abaixo&#8230;<br \/><strong><em>Resposta:<\/em><\/strong> B &#8211; O Munic\u00edpio Z, com \u00f3rg\u00e3o&#8230;<\/p>\n\n\n\n<p><strong>Quest\u00e3o 19:<\/strong>&nbsp;O C\u00f3digo Tribut\u00e1rio Nacional&#8230;<br \/><strong><em>Resposta:<\/em><\/strong> C &#8211; os advogados.<\/p>\n\n\n\n<p><strong>Quest\u00e3o 20:<\/strong>&nbsp;Com rela\u00e7\u00e3o \u00e0 vig\u00eancia&#8230;<br \/><strong><em>Resposta:<\/em><\/strong> A &#8211; o C\u00f3digo Tribut\u00e1rio Nacional&#8230;<\/p>\n\n\n\n<p><strong>Quest\u00e3o 21:<\/strong>&nbsp;Acerca das Imunidades&#8230;<br \/><strong><em>Resposta:<\/em><\/strong> E &#8211; I e IV.<\/p>\n\n\n\n<p><strong>Quest\u00e3o 22:<\/strong>&nbsp;No que pertine ao domic\u00edlio&#8230;<br \/><strong><em>Resposta:<\/em><\/strong> A &#8211; O C\u00f3digo Tribut\u00e1rio&#8230;<\/p>\n\n\n\n<p><strong>Quest\u00e3o 23:<\/strong>&nbsp;O C\u00f3digo Tribut\u00e1rio Nacional&#8230;<br \/><strong><em>Resposta:<\/em><\/strong> D &#8211; a certid\u00e3o negativa&#8230;<\/p>\n\n\n\n<p><strong>Quest\u00e3o 24:<\/strong>&nbsp;Considerando o disposto no C\u00f3digo&#8230;<br \/><strong><em>Resposta:<\/em><\/strong> D &#8211; T\u00edcio apresentou&#8230;<\/p>\n\n\n\n<p><strong>Quest\u00e3o 25:<\/strong>&nbsp;Dentre as limita\u00e7\u00f5es ao poder&#8230;<br \/><strong><em>Resposta:<\/em><\/strong> B &#8211; Atrav\u00e9s da Emenda Constitucional&#8230;<\/p>\n\n\n\n<p><strong>Quest\u00e3o 26:<\/strong>&nbsp;A Emenda Constitucional&#8230;<br \/><strong><em>Resposta:<\/em><\/strong> A &#8211; As parcelas de receita&#8230;<\/p>\n\n\n\n<p><strong>Quest\u00e3o 27:<\/strong>&nbsp;O C\u00f3digo Tribut\u00e1rio Nacional&#8230;<br \/><strong><em>Resposta:<\/em><\/strong> B &#8211; O esp\u00f3lio \u00e9 pessoalmente&#8230;<\/p>\n\n\n\n<p><strong>Quest\u00e3o 28:<\/strong>&nbsp;No que se referem \u00e0 extin\u00e7\u00e3o&#8230;<br \/><strong><em>Resposta:<\/em><\/strong> D &#8211; Dep\u00f3sito&#8230;<\/p>\n\n\n\n<p><strong>Quest\u00e3o 29:<\/strong>&nbsp;A igreja &#8220;Caminhar na Luz&#8221;&#8230;<br \/><strong><em>Resposta:<\/em><\/strong> D &#8211; O fato de a pessoa&#8230;<\/p>\n\n\n\n<p><strong>Quest\u00e3o 30:<\/strong>&nbsp;A institui\u00e7\u00f5es de san\u00e7\u00f5es&#8230;<br \/><strong><em>Resposta:<\/em><\/strong> C &#8211; \u00c9 admiss\u00edvel o protesto&#8230;<\/p>\n\n\n\n<p><strong>Quest\u00e3o 31:<\/strong>&nbsp;No que se refere \u00e0s disposi\u00e7\u00f5es da Lei&#8230;<br \/><strong><em>Resposta:<\/em><\/strong> D &#8211; Os propriet\u00e1rios do im\u00f3vel&#8230;<\/p>\n\n\n\n<p><strong>Quest\u00e3o 32:<\/strong>&nbsp;O Munic\u00edpio de Belo Horizonte&#8230;<br \/><strong><em>Resposta:<\/em><\/strong> D &#8211; As taxas de compet\u00eancia&#8230;<\/p>\n\n\n\n<p><strong>Quest\u00e3o 33:<\/strong>&nbsp;Acerca do disposto na Lei Municipal n\u00ba 5.641&#8230;<br \/><strong><em>Resposta:<\/em><\/strong> B &#8211; V\/F\/F\/V\/V.<\/p>\n\n\n\n<p><strong>Quest\u00e3o 34:<\/strong>&nbsp;Considerando as disposi\u00e7\u00f5es da Lei Municipal&#8230;<br \/><strong><em>Resposta:<\/em><\/strong> B &#8211; Incide sobre o servi\u00e7o&#8230;<\/p>\n\n\n\n<p><strong>Quest\u00e3o 35:<\/strong>&nbsp;A Lei Municipal n\u00ba 7.378&#8230;<br \/><strong><em>Resposta:<\/em><\/strong> D &#8211; III, apenas.<\/p>\n\n\n\n<p><strong>Quest\u00e3o 36:<\/strong>&nbsp;Ainda considerando o disposto&#8230;<br \/><strong><em>Resposta:<\/em><\/strong> A &#8211; II, apenas.<\/p>\n\n\n\n<p>A banca poder\u00e1 considerar com certa a alternativa &#8220;B&#8221;.<\/p>\n\n\n\n<p><strong>Quest\u00e3o 37:<\/strong>&nbsp;O Domic\u00edlio Eletr\u00f4nico dos Contribuintes&#8230;<br \/><strong><em>Resposta:<\/em><\/strong> C &#8211; O e-mail e o n\u00famero&#8230;<\/p>\n\n\n\n<p><strong>Quest\u00e3o 38:<\/strong>&nbsp;Ainda acerca do Domic\u00edlio Eletr\u00f4nico&#8230;<br \/><strong><em>Resposta:<\/em><\/strong> E &#8211; I, II e III.<\/p>\n\n\n\n<p><strong>Quest\u00e3o 39:<\/strong>&nbsp;Com rela\u00e7\u00e3o \u00e0s isen\u00e7\u00f5es do IPTU&#8230;<br \/><strong><em>Resposta:<\/em><\/strong> C &#8211; Ficam isentos do Imposto Predial&#8230;<\/p>\n\n\n\n<p><strong>Quest\u00e3o 40:<\/strong>&nbsp;A Lei Municipal n\u00ba 7.638&#8230;<br \/><strong><em>Resposta:<\/em><\/strong> D &#8211; O CDECOM tem por objetivo&#8230;<\/p>\n\n\n\n<p><strong>Quest\u00e3o 41:<\/strong>&nbsp;Ainda no que se refere ao disposto na Lei municipal n\u00ba 7.638&#8230;<br \/><strong><em>Resposta:<\/em><\/strong> A &#8211; F\/F\/F.<\/p>\n\n\n\n<p>A banca deve considerar como correta a leta &#8220;A&#8221;, mas D \u00e9 o correta, gramaticalmente.<\/p>\n\n\n\n<p><strong>Quest\u00e3o 42:<\/strong>&nbsp;De acordo com a Lei Municipal n\u00ba 7.638\/1999, o FUMDEBH&#8230;<br \/><strong><em>Resposta:<\/em><\/strong> E &#8211; recursos provenientes&#8230;<\/p>\n\n\n\n<p><strong>Quest\u00e3o 43:<\/strong>&nbsp;O Imposto sobre Transmiss\u00e3o&#8230;<br \/><strong><em>Resposta:<\/em><\/strong> Anula\u00e7\u00e3o.<\/p>\n\n\n\n<p>Pass\u00edvel de anula\u00e7\u00e3o. Apenas o item I est\u00e1 correto.<\/p>\n\n\n\n<p><strong>Quest\u00e3o 44:<\/strong>&nbsp;Ainda segundo a Lei n\u00ba 5.492&#8230;<br \/><strong><em>Resposta:<\/em><\/strong> D &#8211; nas transa\u00e7\u00f5es em que figurarem&#8230;<\/p>\n\n\n\n<p><strong>Quest\u00e3o 45:<\/strong>&nbsp;A al\u00edquota do ITBI&#8230;<br \/><strong><em>Resposta:<\/em><\/strong> A &#8211; 3 %&#8230;<\/p>\n\n\n\n<p><strong>Quest\u00e3o 46:<\/strong>&nbsp;No tocante ao Conselho Administrativo&#8230;<br \/><strong><em>Resposta:<\/em><\/strong> B &#8211; V\/F\/F.<\/p>\n\n\n\n<p><strong>Quest\u00e3o 47:<\/strong>&nbsp;O Decreto Municipal n\u00ba 16.197&#8230;<br \/><strong><em>Resposta:<\/em><\/strong> A &#8211; A Presid\u00eancia do CART-BH poder\u00e1&#8230;<\/p>\n\n\n\n<p><strong>Quest\u00e3o 48:<\/strong>&nbsp;O Decreto Municipal n\u00ba 17.037&#8230;<br \/><strong><em>Resposta:<\/em><\/strong> C &#8211; No ato da reclama\u00e7\u00e3o administrativa&#8230;<\/p>\n\n\n\n<p><strong>Quest\u00e3o 49:<\/strong>&nbsp;O Decreto n\u00ba 17.174&#8230;<br \/><strong><em>Resposta:<\/em><\/strong> C &#8211; N\u00e3o descaracteriza o estabelecimento&#8230;<\/p>\n\n\n\n<p><strong>Quest\u00e3o 50:<\/strong>&nbsp;Conforme a Lei n\u00ba 8.725\/2003&#8230;<br \/><strong><em>Resposta:<\/em><\/strong> C &#8211; ao profissional aut\u00f4nomo&#8230;<\/p>\n\n\n\n<p><strong>Quest\u00e3o 51:<\/strong>&nbsp;A base de c\u00e1lculo do ISSQN&#8230;<br \/><strong><em>Resposta:<\/em><\/strong> E &#8211; a documenta\u00e7\u00e3o fiscal n\u00e3o for reconstitu\u00edda&#8230;<\/p>\n\n\n\n<p><strong>Quest\u00e3o 52:<\/strong>&nbsp;A Taxa de Fiscaliza\u00e7\u00e3o&#8230;<br \/><strong><em>Resposta:<\/em><\/strong> E &#8211; Ser\u00e1 exigida anual e integralmente&#8230;<\/p>\n\n\n\n<p><strong>Quest\u00e3o 53:<\/strong>&nbsp;O C\u00f3digo Tribut\u00e1rio do Munic\u00edpio&#8230;<br \/><strong><em>Resposta:<\/em><\/strong> D &#8211; O lan\u00e7amento \u00e9 o ato privativo&#8230;<\/p>\n\n\n\n<p><strong>Quest\u00e3o 54:<\/strong>&nbsp;Acerca da apreens\u00e3o&#8230;<br \/><strong><em>Resposta:<\/em><\/strong> A &#8211; V\/V\/V\/V\/F.<\/p>\n\n\n\n<p><strong>Quest\u00e3o 55:<\/strong>&nbsp;Com rela\u00e7\u00e3o \u00e0s multas&#8230;<br \/><strong><em>Resposta:<\/em><\/strong> A &#8211; 1%; 3%; 5%.<\/p>\n\n\n\n<p><strong>Quest\u00e3o 56:<\/strong>&nbsp;Segundo a norma NPA 04 &#8211; IBRACON, caso o auditor tome&#8230;<br \/><strong><em>Resposta:<\/em><\/strong> A &#8211; em par\u00e1grafos adicionais&#8230;<\/p>\n\n\n\n<p><strong>Quest\u00e3o 57:<\/strong>&nbsp;Alguns dos procedimentos&#8230;<br \/><strong><em>Resposta:<\/em><\/strong> E &#8211; I, II e III.<\/p>\n\n\n\n<p><strong>Quest\u00e3o 58:<\/strong>&nbsp;De acordo com a norma NPA 04 &#8211; IBRACON, caso o auditor n\u00e3o tenha&#8230;<br \/><strong><em>Resposta:<\/em><\/strong> D &#8211; quanto aos investimentos&#8230;<\/p>\n\n\n\n<p><strong>Quest\u00e3o 59:<\/strong>&nbsp;&#8220;Os pap\u00e9is de trabalho&#8230;&#8221;<br \/><strong><em>Resposta:<\/em><\/strong> A &#8211; ter abrang\u00eancia e grau de detalhe&#8230;<\/p>\n\n\n\n<p><strong>Quest\u00e3o 60:<\/strong>&nbsp;&#8220;Ao determinar a extens\u00e3o&#8230;&#8221;<br \/><strong><em>Resposta:<\/em><\/strong> D &#8211; estat\u00edstica ou n\u00e3o&#8230;<\/p>\n\n\n\n<p><strong>Quest\u00e3o 61:<\/strong>&nbsp;Acerca do planejamento&#8230;<br \/><strong><em>Resposta:<\/em><\/strong> E &#8211; Deve ser documentado e os programas&#8230;<\/p>\n\n\n\n<p><strong>Quest\u00e3o 62:<\/strong>&nbsp;Analise as assertivas abaixo e&#8230;<br \/><strong><em>Resposta:<\/em><\/strong> Quest\u00e3o sem gabarito.<\/p>\n\n\n\n<p>A banca provavelmente dar\u00e1 como correta a letra &#8220;D&#8221;:<br \/>D &#8211; Testes substantivos\/ Erro&#8230; <\/p>\n\n\n\n<p><strong>Quest\u00e3o 63:<\/strong>&nbsp;A Auditoria Interna deve&#8230;<br \/><strong><em>Resposta:<\/em><\/strong> A &#8211; assessorar a administra\u00e7\u00e3o&#8230; no decorrer de seu trabalho.<\/p>\n\n\n\n<p><strong>Quest\u00e3o 64:<\/strong>&nbsp;Alguns dos fatores&#8230;<br \/><strong><em>Resposta:<\/em><\/strong> C &#8211; II, apenas.<\/p>\n\n\n\n<p><strong>Quest\u00e3o 65:<\/strong>&nbsp;O auditor, ao examinar o livro&#8230;<br \/><strong><em>Resposta:<\/em><\/strong> C &#8211; amostragem de unidade monet\u00e1ria.<\/p>\n\n\n\n<p><strong>Quest\u00e3o 66:<\/strong>&nbsp;Segundo a NBC TA 520&#8230;<br \/><strong><em>Resposta:<\/em><\/strong> A &#8211; procedimento anal\u00edtico.<\/p>\n\n\n\n<p><strong>Quest\u00e3o 67:<\/strong>&nbsp;A an\u00e1lise dos riscos&#8230;<br \/><strong><em>Resposta:<\/em><\/strong> A &#8211; Planejamento dos Trabalhos.<\/p>\n\n\n\n<p><strong>Quest\u00e3o 68:<\/strong>&nbsp;A evid\u00eancia de auditoria&#8230;<br \/><strong><em>Resposta:<\/em><\/strong> D &#8211; de confirma\u00e7\u00e3o externa.<\/p>\n\n\n\n<p><strong>Quest\u00e3o 69:<\/strong>&nbsp;Se, como resultado de uma distor\u00e7\u00e3o&#8230;<br \/><strong><em>Resposta:<\/em><\/strong> E &#8211; F\/V\/V\/F\/V.<\/p>\n\n\n\n<p><strong>Quest\u00e3o 70:<\/strong>&nbsp;A empresa Sonho Meus Im\u00f3veis&#8230;<br \/><strong><em>Resposta:<\/em><\/strong> D &#8211; emitir relat\u00f3rio com opini\u00e3o ressalva&#8230;<\/p>\n\n\n\n<p>Quest\u00e3o pol\u00eamica.<\/p>\n\n\n\n<p><strong>Quest\u00e3o 71:<\/strong>&nbsp;Considere, hipoteticamente, que a empresa Jota&#8230;<br \/><strong><em>Resposta:<\/em><\/strong> E &#8211; junho de 2019, na entrega do bem.<\/p>\n\n\n\n<p><strong>Quest\u00e3o 72:<\/strong>&nbsp;TEM DE TUDO LTDA&#8230;<br \/><strong><em>Resposta:<\/em><\/strong> B &#8211; 1,0158.<\/p>\n\n\n\n<p><strong>Quest\u00e3o 73:<\/strong>&nbsp;O s\u00f3cio da empresa Pega&#8230;<br \/><strong><em>Resposta:<\/em><\/strong> B &#8211; Da Entidade.<\/p>\n\n\n\n<p><strong>Quest\u00e3o 74:<\/strong>&nbsp;Considere, hipoteticamente, que a empresa Quest\u00e3o&#8230;<br \/><strong><em>Resposta:<\/em><\/strong> B &#8211; aumentou R$ 42.000,00.<\/p>\n\n\n\n<p><strong>Quest\u00e3o 75:<\/strong>&nbsp;Em 02\/08\/x9, a empresa&#8230;<br \/><strong><em>Resposta:<\/em><\/strong> A &#8211; a contrata\u00e7\u00e3o de um empr\u00e9stimo&#8230;<\/p>\n\n\n\n<p><strong>Quest\u00e3o 76:<\/strong>&nbsp;A empresa Tech S.A&#8230;<br \/><strong><em>Resposta:<\/em><\/strong> A &#8211; est\u00e1 correta, pois houve reconhecimento de receita, entrada&#8230;<\/p>\n\n\n\n<p><strong>Quest\u00e3o 77:<\/strong>&nbsp;A empresa TRansUb&#8230;<br \/><strong><em>Resposta:<\/em><\/strong> C &#8211; R$ 700.000,00.<\/p>\n\n\n\n<p><strong>Quest\u00e3o 78:<\/strong>&nbsp;O valor do Resultado Operacional&#8230;<br \/><strong><em>Resposta:<\/em><\/strong> SEM RESPOSTA.<\/p>\n\n\n\n<p>Pass\u00edvel de anula\u00e7\u00e3o.<\/p>\n\n\n\n<p><strong>Quest\u00e3o 79:<\/strong>&nbsp;O valor do resultado antes&#8230;<br \/><strong><em>Resposta:<\/em><\/strong> D &#8211; R$ 480.000,00.<\/p>\n\n\n\n<p><strong>Quest\u00e3o 80:<\/strong>&nbsp;A empresa Auditores Internacionais&#8230;<br \/><strong><em>Resposta:<\/em><\/strong> D &#8211; considerar a data da ocorr\u00eancia do fluxo&#8230;<\/p>\n\n\n\n<p class=\"has-text-align-center has-background\" style=\"background-color:#b8d6e8;font-size:clamp(14.642px, 0.915rem + ((1vw - 3.2px) * 0.721), 22px);\"><strong>Saiba mais: <a href=\"https:\/\/www.estrategiaconcursos.com.br\/blog\/concurso-iss-belo-horizonte\/\" target=\"_blank\" rel=\"noreferrer noopener\">Concurso ISS BH<\/a><\/strong><\/p>\n\n\n\n<div id=\"boxes\" class=\"container\">\n<div class=\"row\">\n<div class=\"col-sm\">\n<div id=\"box-assinatura\" class=\"banner-fiscal-01\">\n<h3 class=\"titulo-assinatura\">Concurso ISS BH<\/h3>\n<p class=\"subtitulo-assinatura\">Conhe\u00e7a os cursos<\/p>\n<div class=\"box-botao\"><a class=\"btn-assinatura\" role=\"button\" href=\"https:\/\/www.estrategiaconcursos.com.br\/cursosPorConcurso\/prefeitura-municipal-de-belo-horizonte\/\" target=\"_blank\" rel=\"noopener noreferrer\">Saiba mais<\/a><\/div>\n<\/div>\n<\/div>\n<\/div>\n<\/div>\n\n\n\n<div class=\"container\" id=\"boxes\">\n  <div class=\"row\">\n\n    <div class=\"col-sm\">\n      <div class=\"estrategia\" id=\"box-assinatura\">\n        <h3 class=\"titulo-assinatura\">Assinatura Concursos<\/h3>\n        <p class=\"subtitulo-assinatura\">Assinatura de 1 ano ou 2 anos<\/p>\n        <div class=\"box-botao\">\n          <a class=\"btn-assinatura\" target=\"_blank\" href=\"https:\/\/www.estrategiaconcursos.com.br\/assinaturas\/\" role=\"button\" rel=\"noopener noreferrer\">ASSINE AGORA<\/a>\n        <\/div>\n      <\/div>\n     \n    <\/div><\/div><\/div>\n\n\n\n<h2 class=\"has-text-align-center wp-block-heading\" id=\"quer-saber-tudo-sobre-concursos-previstos-confira-nossos-artigos\">Quer saber tudo sobre concursos previstos?<br \/>Confira nossos artigos!<\/h2>\n\n\n\n<ul class=\"wp-block-list\"><li><a target=\"_blank\" href=\"https:\/\/www.estrategiaconcursos.com.br\/blog\/concursos-abertos\/\" rel=\"noreferrer noopener\">Concursos abertos<\/a><\/li><li><a target=\"_blank\" href=\"https:\/\/www.estrategiaconcursos.com.br\/blog\/concursos-2022\/\" rel=\"noreferrer noopener\">Concursos 2022<\/a><\/li><\/ul>\n","protected":false},"excerpt":{"rendered":"<p>Neste final de semana foram aplicadas as provas do concurso ISS BH para o cargo de Auditor Fiscal de Tributos. A etapa foi dividida em dois dias, confira abaixo: Prova Objetiva I: 26\/03\/2022 (s\u00e1bado) &#8211; 13h30Prova Objetiva II: 27\/03\/2022 (domingo) &#8211; 08hProva Discursiva: 27\/03\/2022 (domingo) &#8211; 14h30 A sele\u00e7\u00e3o oferta 14 vagas de n\u00edvel superior [&hellip;]<\/p>\n","protected":false},"author":2134,"featured_media":995325,"comment_status":"open","ping_status":"closed","sticky":false,"template":"","format":"standard","meta":{"post_tipo":"news_page","footnotes":""},"categories":[220183,220219],"tags":[331,867],"tax_estado":[219974],"class_list":["post-995320","post","type-post","status-publish","format-standard","has-post-thumbnail","hentry","category-fiscal-municipal","category-noticias","tag-gabarito","tag-prova-comentada","tax_estado-mg"],"acf":[],"yoast_head":"<!-- This site is optimized with the Yoast SEO Premium plugin v27.2 (Yoast SEO v27.2) - https:\/\/yoast.com\/product\/yoast-seo-premium-wordpress\/ -->\n<title>Gabarito Extraoficial ISS BH \u2013 Auditor Fiscal: confira a corre\u00e7\u00e3o!<\/title>\n<meta name=\"description\" content=\"Concurso ISS BH: confira a corre\u00e7\u00e3o do gabarito extraoficial da prova para o cargo de Auditor Fiscal. Sele\u00e7\u00e3o oferta 14 vagas! Confira aqui!\" \/>\n<meta name=\"robots\" content=\"index, follow, max-snippet:-1, max-image-preview:large, max-video-preview:-1\" \/>\n<link rel=\"canonical\" href=\"https:\/\/www.estrategiaconcursos.com.br\/blog\/gabarito-extraoficial-iss-bh-auditor\/\" \/>\n<meta property=\"og:locale\" content=\"pt_BR\" \/>\n<meta property=\"og:type\" content=\"article\" \/>\n<meta property=\"og:title\" content=\"Gabarito Extraoficial ISS BH \u2013 Auditor Fiscal: confira a corre\u00e7\u00e3o!\" \/>\n<meta property=\"og:description\" content=\"Concurso ISS BH: confira a corre\u00e7\u00e3o do gabarito extraoficial da prova para o cargo de Auditor Fiscal. Sele\u00e7\u00e3o oferta 14 vagas! Confira aqui!\" \/>\n<meta property=\"og:url\" content=\"https:\/\/www.estrategiaconcursos.com.br\/blog\/gabarito-extraoficial-iss-bh-auditor\/\" \/>\n<meta property=\"og:site_name\" content=\"Estrat\u00e9gia Concursos\" \/>\n<meta property=\"article:published_time\" content=\"2022-03-26T12:00:00+00:00\" \/>\n<meta property=\"article:modified_time\" content=\"2024-06-03T13:44:43+00:00\" \/>\n<meta property=\"og:image\" content=\"https:\/\/dhg1h5j42swfq.cloudfront.net\/2022\/03\/26163345\/1280-720-max-38.jpg\" \/>\n\t<meta property=\"og:image:width\" content=\"1280\" \/>\n\t<meta property=\"og:image:height\" content=\"720\" \/>\n\t<meta property=\"og:image:type\" content=\"image\/jpeg\" \/>\n<meta name=\"author\" content=\"Rafaela Teixeira\" \/>\n<meta name=\"twitter:card\" content=\"summary_large_image\" \/>\n<meta name=\"twitter:creator\" content=\"@EstratConcursos\" \/>\n<meta name=\"twitter:site\" content=\"@EstratConcursos\" \/>\n<meta name=\"twitter:label1\" content=\"Escrito por\" \/>\n\t<meta name=\"twitter:data1\" content=\"Rafaela Teixeira\" \/>\n\t<meta name=\"twitter:label2\" content=\"Est. tempo de leitura\" \/>\n\t<meta name=\"twitter:data2\" content=\"12 minutos\" \/>\n<script type=\"application\/ld+json\" class=\"yoast-schema-graph\">{\"@context\":\"https:\/\/schema.org\",\"@graph\":[{\"@type\":\"NewsArticle\",\"@id\":\"https:\/\/www.estrategiaconcursos.com.br\/blog\/gabarito-extraoficial-iss-bh-auditor\/#article\",\"isPartOf\":{\"@id\":\"https:\/\/www.estrategiaconcursos.com.br\/blog\/gabarito-extraoficial-iss-bh-auditor\/\"},\"author\":{\"name\":\"Rafaela Teixeira\",\"@id\":\"https:\/\/www.estrategiaconcursos.com.br\/blog\/#\/schema\/person\/e75352021ea7f60781c599934f916eb1\"},\"headline\":\"Gabarito Extraoficial ISS BH \u2013 Auditor Fiscal: confira a corre\u00e7\u00e3o!\",\"datePublished\":\"2022-03-26T12:00:00+00:00\",\"dateModified\":\"2024-06-03T13:44:43+00:00\",\"mainEntityOfPage\":{\"@id\":\"https:\/\/www.estrategiaconcursos.com.br\/blog\/gabarito-extraoficial-iss-bh-auditor\/\"},\"wordCount\":2655,\"commentCount\":0,\"publisher\":{\"@id\":\"https:\/\/www.estrategiaconcursos.com.br\/blog\/#organization\"},\"image\":{\"@id\":\"https:\/\/www.estrategiaconcursos.com.br\/blog\/gabarito-extraoficial-iss-bh-auditor\/#primaryimage\"},\"thumbnailUrl\":\"https:\/\/dhg1h5j42swfq.cloudfront.net\/2022\/03\/26163345\/1280-720-max-38.jpg\",\"keywords\":[\"Gabarito\",\"prova comentada\"],\"articleSection\":[\"Fiscal - Municipal (ISS)\",\"\u00daltimas not\u00edcias\"],\"inLanguage\":\"pt-BR\",\"potentialAction\":[{\"@type\":\"CommentAction\",\"name\":\"Comment\",\"target\":[\"https:\/\/www.estrategiaconcursos.com.br\/blog\/gabarito-extraoficial-iss-bh-auditor\/#respond\"]}],\"copyrightYear\":\"2022\",\"copyrightHolder\":{\"@id\":\"https:\/\/www.estrategiaconcursos.com.br\/blog\/#organization\"}},{\"@type\":\"WebPage\",\"@id\":\"https:\/\/www.estrategiaconcursos.com.br\/blog\/gabarito-extraoficial-iss-bh-auditor\/\",\"url\":\"https:\/\/www.estrategiaconcursos.com.br\/blog\/gabarito-extraoficial-iss-bh-auditor\/\",\"name\":\"Gabarito Extraoficial ISS BH \u2013 Auditor Fiscal: confira a corre\u00e7\u00e3o!\",\"isPartOf\":{\"@id\":\"https:\/\/www.estrategiaconcursos.com.br\/blog\/#website\"},\"primaryImageOfPage\":{\"@id\":\"https:\/\/www.estrategiaconcursos.com.br\/blog\/gabarito-extraoficial-iss-bh-auditor\/#primaryimage\"},\"image\":{\"@id\":\"https:\/\/www.estrategiaconcursos.com.br\/blog\/gabarito-extraoficial-iss-bh-auditor\/#primaryimage\"},\"thumbnailUrl\":\"https:\/\/dhg1h5j42swfq.cloudfront.net\/2022\/03\/26163345\/1280-720-max-38.jpg\",\"datePublished\":\"2022-03-26T12:00:00+00:00\",\"dateModified\":\"2024-06-03T13:44:43+00:00\",\"description\":\"Concurso ISS BH: confira a corre\u00e7\u00e3o do gabarito extraoficial da prova para o cargo de Auditor Fiscal. Sele\u00e7\u00e3o oferta 14 vagas! Confira aqui!\",\"breadcrumb\":{\"@id\":\"https:\/\/www.estrategiaconcursos.com.br\/blog\/gabarito-extraoficial-iss-bh-auditor\/#breadcrumb\"},\"inLanguage\":\"pt-BR\",\"potentialAction\":[{\"@type\":\"ReadAction\",\"target\":[\"https:\/\/www.estrategiaconcursos.com.br\/blog\/gabarito-extraoficial-iss-bh-auditor\/\"]}]},{\"@type\":\"ImageObject\",\"inLanguage\":\"pt-BR\",\"@id\":\"https:\/\/www.estrategiaconcursos.com.br\/blog\/gabarito-extraoficial-iss-bh-auditor\/#primaryimage\",\"url\":\"https:\/\/dhg1h5j42swfq.cloudfront.net\/2022\/03\/26163345\/1280-720-max-38.jpg\",\"contentUrl\":\"https:\/\/dhg1h5j42swfq.cloudfront.net\/2022\/03\/26163345\/1280-720-max-38.jpg\",\"width\":1280,\"height\":720},{\"@type\":\"BreadcrumbList\",\"@id\":\"https:\/\/www.estrategiaconcursos.com.br\/blog\/gabarito-extraoficial-iss-bh-auditor\/#breadcrumb\",\"itemListElement\":[{\"@type\":\"ListItem\",\"position\":1,\"name\":\"In\u00edcio\",\"item\":\"https:\/\/www.estrategiaconcursos.com.br\/blog\/\"},{\"@type\":\"ListItem\",\"position\":2,\"name\":\"Gabarito Extraoficial ISS BH \u2013 Auditor Fiscal: confira a corre\u00e7\u00e3o!\"}]},{\"@type\":\"WebSite\",\"@id\":\"https:\/\/www.estrategiaconcursos.com.br\/blog\/#website\",\"url\":\"https:\/\/www.estrategiaconcursos.com.br\/blog\/\",\"name\":\"Estrat\u00e9gia Concursos\",\"description\":\"O blog da Estrat\u00e9gia Concursos traz not\u00edcias sobre concursos e artigos de professores oferecendo cursos para concursos (pdf + videaulas) no site.\",\"publisher\":{\"@id\":\"https:\/\/www.estrategiaconcursos.com.br\/blog\/#organization\"},\"potentialAction\":[{\"@type\":\"SearchAction\",\"target\":{\"@type\":\"EntryPoint\",\"urlTemplate\":\"https:\/\/www.estrategiaconcursos.com.br\/blog\/?s={search_term_string}\"},\"query-input\":{\"@type\":\"PropertyValueSpecification\",\"valueRequired\":true,\"valueName\":\"search_term_string\"}}],\"inLanguage\":\"pt-BR\"},{\"@type\":\"Organization\",\"@id\":\"https:\/\/www.estrategiaconcursos.com.br\/blog\/#organization\",\"name\":\"Estrat\u00e9gia Concursos\",\"url\":\"https:\/\/www.estrategiaconcursos.com.br\/blog\/\",\"logo\":{\"@type\":\"ImageObject\",\"inLanguage\":\"pt-BR\",\"@id\":\"https:\/\/www.estrategiaconcursos.com.br\/blog\/#\/schema\/logo\/image\/\",\"url\":\"https:\/\/dhg1h5j42swfq.cloudfront.net\/2025\/06\/03203428\/logo_concursos-1.jpg\",\"contentUrl\":\"https:\/\/dhg1h5j42swfq.cloudfront.net\/2025\/06\/03203428\/logo_concursos-1.jpg\",\"width\":230,\"height\":60,\"caption\":\"Estrat\u00e9gia Concursos\"},\"image\":{\"@id\":\"https:\/\/www.estrategiaconcursos.com.br\/blog\/#\/schema\/logo\/image\/\"},\"sameAs\":[\"https:\/\/x.com\/EstratConcursos\"]},{\"@type\":\"Person\",\"@id\":\"https:\/\/www.estrategiaconcursos.com.br\/blog\/#\/schema\/person\/e75352021ea7f60781c599934f916eb1\",\"name\":\"Rafaela Teixeira\",\"image\":{\"@type\":\"ImageObject\",\"inLanguage\":\"pt-BR\",\"@id\":\"https:\/\/secure.gravatar.com\/avatar\/8a349a2b22039b1ee88fc06461487c950fd6aa411ea8af8633314b43334ae793?s=96&d=mm&r=g\",\"url\":\"https:\/\/secure.gravatar.com\/avatar\/8a349a2b22039b1ee88fc06461487c950fd6aa411ea8af8633314b43334ae793?s=96&d=mm&r=g\",\"contentUrl\":\"https:\/\/secure.gravatar.com\/avatar\/8a349a2b22039b1ee88fc06461487c950fd6aa411ea8af8633314b43334ae793?s=96&d=mm&r=g\",\"caption\":\"Rafaela Teixeira\"},\"description\":\"Rafaela Teixeira \u00e9 advogada conveniada \u00e0 Defensoria P\u00fablica de S\u00e3o Paulo pela OAB, com experi\u00eancia em reda\u00e7\u00e3o jur\u00eddica e atua\u00e7\u00e3o em institui\u00e7\u00f5es p\u00fablicas, incluindo est\u00e1gio no TRE-SP. Possui mais de 7 anos de experi\u00eancia na produ\u00e7\u00e3o de conte\u00fados voltados ao nicho de concursos p\u00fablicos, com foco em apura\u00e7\u00e3o jornal\u00edstica cont\u00ednua, an\u00e1lise de editais e obten\u00e7\u00e3o de informa\u00e7\u00f5es diretamente junto a \u00f3rg\u00e3os e fontes oficiais. No Blog do Estrat\u00e9gia Concursos, atua como Analista de Conte\u00fado S\u00eanior, respons\u00e1vel pelo jornalismo do per\u00edodo noturno e da madrugada, com atua\u00e7\u00e3o transversal na cobertura de concursos p\u00fablicos, garantindo a continuidade, fluidez e confiabilidade das publica\u00e7\u00f5es e dos bastidores dos certames.\",\"url\":\"https:\/\/www.estrategiaconcursos.com.br\/blog\/author\/rafaela-teixeira\/\"}]}<\/script>\n<!-- \/ Yoast SEO Premium plugin. -->","yoast_head_json":{"title":"Gabarito Extraoficial ISS BH \u2013 Auditor Fiscal: confira a corre\u00e7\u00e3o!","description":"Concurso ISS BH: confira a corre\u00e7\u00e3o do gabarito extraoficial da prova para o cargo de Auditor Fiscal. Sele\u00e7\u00e3o oferta 14 vagas! Confira aqui!","robots":{"index":"index","follow":"follow","max-snippet":"max-snippet:-1","max-image-preview":"max-image-preview:large","max-video-preview":"max-video-preview:-1"},"canonical":"https:\/\/www.estrategiaconcursos.com.br\/blog\/gabarito-extraoficial-iss-bh-auditor\/","og_locale":"pt_BR","og_type":"article","og_title":"Gabarito Extraoficial ISS BH \u2013 Auditor Fiscal: confira a corre\u00e7\u00e3o!","og_description":"Concurso ISS BH: confira a corre\u00e7\u00e3o do gabarito extraoficial da prova para o cargo de Auditor Fiscal. Sele\u00e7\u00e3o oferta 14 vagas! Confira aqui!","og_url":"https:\/\/www.estrategiaconcursos.com.br\/blog\/gabarito-extraoficial-iss-bh-auditor\/","og_site_name":"Estrat\u00e9gia Concursos","article_published_time":"2022-03-26T12:00:00+00:00","article_modified_time":"2024-06-03T13:44:43+00:00","og_image":[{"width":1280,"height":720,"url":"https:\/\/dhg1h5j42swfq.cloudfront.net\/2022\/03\/26163345\/1280-720-max-38.jpg","type":"image\/jpeg"}],"author":"Rafaela Teixeira","twitter_card":"summary_large_image","twitter_creator":"@EstratConcursos","twitter_site":"@EstratConcursos","twitter_misc":{"Escrito por":"Rafaela Teixeira","Est. tempo de leitura":"12 minutos"},"schema":{"@context":"https:\/\/schema.org","@graph":[{"@type":"NewsArticle","@id":"https:\/\/www.estrategiaconcursos.com.br\/blog\/gabarito-extraoficial-iss-bh-auditor\/#article","isPartOf":{"@id":"https:\/\/www.estrategiaconcursos.com.br\/blog\/gabarito-extraoficial-iss-bh-auditor\/"},"author":{"name":"Rafaela Teixeira","@id":"https:\/\/www.estrategiaconcursos.com.br\/blog\/#\/schema\/person\/e75352021ea7f60781c599934f916eb1"},"headline":"Gabarito Extraoficial ISS BH \u2013 Auditor Fiscal: confira a corre\u00e7\u00e3o!","datePublished":"2022-03-26T12:00:00+00:00","dateModified":"2024-06-03T13:44:43+00:00","mainEntityOfPage":{"@id":"https:\/\/www.estrategiaconcursos.com.br\/blog\/gabarito-extraoficial-iss-bh-auditor\/"},"wordCount":2655,"commentCount":0,"publisher":{"@id":"https:\/\/www.estrategiaconcursos.com.br\/blog\/#organization"},"image":{"@id":"https:\/\/www.estrategiaconcursos.com.br\/blog\/gabarito-extraoficial-iss-bh-auditor\/#primaryimage"},"thumbnailUrl":"https:\/\/dhg1h5j42swfq.cloudfront.net\/2022\/03\/26163345\/1280-720-max-38.jpg","keywords":["Gabarito","prova comentada"],"articleSection":["Fiscal - Municipal (ISS)","\u00daltimas not\u00edcias"],"inLanguage":"pt-BR","potentialAction":[{"@type":"CommentAction","name":"Comment","target":["https:\/\/www.estrategiaconcursos.com.br\/blog\/gabarito-extraoficial-iss-bh-auditor\/#respond"]}],"copyrightYear":"2022","copyrightHolder":{"@id":"https:\/\/www.estrategiaconcursos.com.br\/blog\/#organization"}},{"@type":"WebPage","@id":"https:\/\/www.estrategiaconcursos.com.br\/blog\/gabarito-extraoficial-iss-bh-auditor\/","url":"https:\/\/www.estrategiaconcursos.com.br\/blog\/gabarito-extraoficial-iss-bh-auditor\/","name":"Gabarito Extraoficial ISS BH \u2013 Auditor Fiscal: confira a corre\u00e7\u00e3o!","isPartOf":{"@id":"https:\/\/www.estrategiaconcursos.com.br\/blog\/#website"},"primaryImageOfPage":{"@id":"https:\/\/www.estrategiaconcursos.com.br\/blog\/gabarito-extraoficial-iss-bh-auditor\/#primaryimage"},"image":{"@id":"https:\/\/www.estrategiaconcursos.com.br\/blog\/gabarito-extraoficial-iss-bh-auditor\/#primaryimage"},"thumbnailUrl":"https:\/\/dhg1h5j42swfq.cloudfront.net\/2022\/03\/26163345\/1280-720-max-38.jpg","datePublished":"2022-03-26T12:00:00+00:00","dateModified":"2024-06-03T13:44:43+00:00","description":"Concurso ISS BH: confira a corre\u00e7\u00e3o do gabarito extraoficial da prova para o cargo de Auditor Fiscal. Sele\u00e7\u00e3o oferta 14 vagas! Confira aqui!","breadcrumb":{"@id":"https:\/\/www.estrategiaconcursos.com.br\/blog\/gabarito-extraoficial-iss-bh-auditor\/#breadcrumb"},"inLanguage":"pt-BR","potentialAction":[{"@type":"ReadAction","target":["https:\/\/www.estrategiaconcursos.com.br\/blog\/gabarito-extraoficial-iss-bh-auditor\/"]}]},{"@type":"ImageObject","inLanguage":"pt-BR","@id":"https:\/\/www.estrategiaconcursos.com.br\/blog\/gabarito-extraoficial-iss-bh-auditor\/#primaryimage","url":"https:\/\/dhg1h5j42swfq.cloudfront.net\/2022\/03\/26163345\/1280-720-max-38.jpg","contentUrl":"https:\/\/dhg1h5j42swfq.cloudfront.net\/2022\/03\/26163345\/1280-720-max-38.jpg","width":1280,"height":720},{"@type":"BreadcrumbList","@id":"https:\/\/www.estrategiaconcursos.com.br\/blog\/gabarito-extraoficial-iss-bh-auditor\/#breadcrumb","itemListElement":[{"@type":"ListItem","position":1,"name":"In\u00edcio","item":"https:\/\/www.estrategiaconcursos.com.br\/blog\/"},{"@type":"ListItem","position":2,"name":"Gabarito Extraoficial ISS BH \u2013 Auditor Fiscal: confira a corre\u00e7\u00e3o!"}]},{"@type":"WebSite","@id":"https:\/\/www.estrategiaconcursos.com.br\/blog\/#website","url":"https:\/\/www.estrategiaconcursos.com.br\/blog\/","name":"Estrat\u00e9gia Concursos","description":"O blog da Estrat\u00e9gia Concursos traz not\u00edcias sobre concursos e artigos de professores oferecendo cursos para concursos (pdf + videaulas) no site.","publisher":{"@id":"https:\/\/www.estrategiaconcursos.com.br\/blog\/#organization"},"potentialAction":[{"@type":"SearchAction","target":{"@type":"EntryPoint","urlTemplate":"https:\/\/www.estrategiaconcursos.com.br\/blog\/?s={search_term_string}"},"query-input":{"@type":"PropertyValueSpecification","valueRequired":true,"valueName":"search_term_string"}}],"inLanguage":"pt-BR"},{"@type":"Organization","@id":"https:\/\/www.estrategiaconcursos.com.br\/blog\/#organization","name":"Estrat\u00e9gia Concursos","url":"https:\/\/www.estrategiaconcursos.com.br\/blog\/","logo":{"@type":"ImageObject","inLanguage":"pt-BR","@id":"https:\/\/www.estrategiaconcursos.com.br\/blog\/#\/schema\/logo\/image\/","url":"https:\/\/dhg1h5j42swfq.cloudfront.net\/2025\/06\/03203428\/logo_concursos-1.jpg","contentUrl":"https:\/\/dhg1h5j42swfq.cloudfront.net\/2025\/06\/03203428\/logo_concursos-1.jpg","width":230,"height":60,"caption":"Estrat\u00e9gia Concursos"},"image":{"@id":"https:\/\/www.estrategiaconcursos.com.br\/blog\/#\/schema\/logo\/image\/"},"sameAs":["https:\/\/x.com\/EstratConcursos"]},{"@type":"Person","@id":"https:\/\/www.estrategiaconcursos.com.br\/blog\/#\/schema\/person\/e75352021ea7f60781c599934f916eb1","name":"Rafaela Teixeira","image":{"@type":"ImageObject","inLanguage":"pt-BR","@id":"https:\/\/secure.gravatar.com\/avatar\/8a349a2b22039b1ee88fc06461487c950fd6aa411ea8af8633314b43334ae793?s=96&d=mm&r=g","url":"https:\/\/secure.gravatar.com\/avatar\/8a349a2b22039b1ee88fc06461487c950fd6aa411ea8af8633314b43334ae793?s=96&d=mm&r=g","contentUrl":"https:\/\/secure.gravatar.com\/avatar\/8a349a2b22039b1ee88fc06461487c950fd6aa411ea8af8633314b43334ae793?s=96&d=mm&r=g","caption":"Rafaela Teixeira"},"description":"Rafaela Teixeira \u00e9 advogada conveniada \u00e0 Defensoria P\u00fablica de S\u00e3o Paulo pela OAB, com experi\u00eancia em reda\u00e7\u00e3o jur\u00eddica e atua\u00e7\u00e3o em institui\u00e7\u00f5es p\u00fablicas, incluindo est\u00e1gio no TRE-SP. Possui mais de 7 anos de experi\u00eancia na produ\u00e7\u00e3o de conte\u00fados voltados ao nicho de concursos p\u00fablicos, com foco em apura\u00e7\u00e3o jornal\u00edstica cont\u00ednua, an\u00e1lise de editais e obten\u00e7\u00e3o de informa\u00e7\u00f5es diretamente junto a \u00f3rg\u00e3os e fontes oficiais. No Blog do Estrat\u00e9gia Concursos, atua como Analista de Conte\u00fado S\u00eanior, respons\u00e1vel pelo jornalismo do per\u00edodo noturno e da madrugada, com atua\u00e7\u00e3o transversal na cobertura de concursos p\u00fablicos, garantindo a continuidade, fluidez e confiabilidade das publica\u00e7\u00f5es e dos bastidores dos certames.","url":"https:\/\/www.estrategiaconcursos.com.br\/blog\/author\/rafaela-teixeira\/"}]}},"_links":{"self":[{"href":"https:\/\/www.estrategiaconcursos.com.br\/blog\/wp-json\/wp\/v2\/posts\/995320","targetHints":{"allow":["GET"]}}],"collection":[{"href":"https:\/\/www.estrategiaconcursos.com.br\/blog\/wp-json\/wp\/v2\/posts"}],"about":[{"href":"https:\/\/www.estrategiaconcursos.com.br\/blog\/wp-json\/wp\/v2\/types\/post"}],"author":[{"embeddable":true,"href":"https:\/\/www.estrategiaconcursos.com.br\/blog\/wp-json\/wp\/v2\/users\/2134"}],"replies":[{"embeddable":true,"href":"https:\/\/www.estrategiaconcursos.com.br\/blog\/wp-json\/wp\/v2\/comments?post=995320"}],"version-history":[{"count":77,"href":"https:\/\/www.estrategiaconcursos.com.br\/blog\/wp-json\/wp\/v2\/posts\/995320\/revisions"}],"predecessor-version":[{"id":997478,"href":"https:\/\/www.estrategiaconcursos.com.br\/blog\/wp-json\/wp\/v2\/posts\/995320\/revisions\/997478"}],"wp:featuredmedia":[{"embeddable":true,"href":"https:\/\/www.estrategiaconcursos.com.br\/blog\/wp-json\/wp\/v2\/media\/995325"}],"wp:attachment":[{"href":"https:\/\/www.estrategiaconcursos.com.br\/blog\/wp-json\/wp\/v2\/media?parent=995320"}],"wp:term":[{"taxonomy":"category","embeddable":true,"href":"https:\/\/www.estrategiaconcursos.com.br\/blog\/wp-json\/wp\/v2\/categories?post=995320"},{"taxonomy":"post_tag","embeddable":true,"href":"https:\/\/www.estrategiaconcursos.com.br\/blog\/wp-json\/wp\/v2\/tags?post=995320"},{"taxonomy":"tax_estado","embeddable":true,"href":"https:\/\/www.estrategiaconcursos.com.br\/blog\/wp-json\/wp\/v2\/tax_estado?post=995320"}],"curies":[{"name":"wp","href":"https:\/\/api.w.org\/{rel}","templated":true}]}}