{"id":995217,"date":"2024-12-04T14:17:39","date_gmt":"2024-12-04T17:17:39","guid":{"rendered":"https:\/\/www.estrategiaconcursos.com.br\/blog\/?p=995217"},"modified":"2024-12-04T14:33:52","modified_gmt":"2024-12-04T17:33:52","slug":"concurso-fcee","status":"publish","type":"post","link":"https:\/\/www.estrategiaconcursos.com.br\/blog\/concurso-fcee\/","title":{"rendered":"Concurso FCEE: validade prorrogada; veja!"},"content":{"rendered":"\n<p>Est\u00e1 oficialmente prorrogada em dois anos a validade do <strong>concurso para a <a href=\"https:\/\/www.estrategiaconcursos.com.br\/assinaturas\/\" target=\"_blank\" rel=\"noreferrer noopener\">Funda\u00e7\u00e3o Catarinense de Educa\u00e7\u00e3o Especial<\/a> (FCEE).<\/strong><\/p>\n\n\n\n<p>Al\u00e9m disso, a comiss\u00e3o que ficar\u00e1 respons\u00e1vel pela convoca\u00e7\u00e3o e nomea\u00e7\u00e3o dos aprovados do \u00faltimo concurso p\u00fablico est\u00e1 formada. <a href=\"#h-comissao-de-convocacao-e-nomeacao\">Confira o documento oficial!<\/a><\/p>\n\n\n\n<p>A informa\u00e7\u00e3o foi divulgada atrav\u00e9s do di\u00e1rio oficial de Santa Catarina no dia 7 de julho de 2023. Com a comiss\u00e3o formada, a convoca\u00e7\u00e3o dos aprovados pode ocorrer em breve.<\/p>\n\n\n\n<p>Confira detalhes ao longo do artigo!<\/p>\n\n\n\n<ul class=\"wp-block-list has-very-light-gray-to-cyan-bluish-gray-gradient-background has-background\">\n<li><strong>Funda\u00e7\u00e3o Catarinense de Educa\u00e7\u00e3o Especial<\/strong><\/li>\n\n\n\n<li><strong>Situa\u00e7\u00e3o:<\/strong> prorrogado em 2 anos<\/li>\n\n\n\n<li><strong>Banca<\/strong>: FEPESE<\/li>\n\n\n\n<li><strong>Vagas:<\/strong> a definir<\/li>\n\n\n\n<li><strong>\u00daltimo edital:<\/strong> <a href=\"https:\/\/dhg1h5j42swfq.cloudfront.net\/2022\/05\/30202559\/2022_001_cp_fcee.pdf\" target=\"_blank\" rel=\"noreferrer noopener nofollow\">FCEE 2022<\/a> \/ <a href=\"https:\/\/dhg1h5j42swfq.cloudfront.net\/2022\/07\/12145147\/2022_fcee_ta_2.pdf\" target=\"_blank\" rel=\"noreferrer noopener nofollow\">Retifica\u00e7\u00e3o FCEE<\/a><\/li>\n<\/ul>\n\n\n\n<div class=\"container\" id=\"boxes\">\n  <div class=\"row\">\n\n    <div class=\"col-sm\">\n      <div class=\"banner-estrategia\" id=\"box-assinatura\">\n        <h3 class=\"titulo-assinatura\">Cursos FCEE<\/h3>\n        <p class=\"subtitulo-assinatura\">Estude Conosco<\/p>\n        <div class=\"box-botao\">\n          <a class=\"btn-assinatura\" target=\"_blank\" href=\"https:\/\/www.estrategiaconcursos.com.br\/cursosPorConcurso\/fundacao-catarinense-de-educacao-especial-fcee\/\" role=\"button\" rel=\"noopener noreferrer\">Conhe\u00e7a os cursos<\/a>\n        <\/div>\n      <\/div>\n     \n    <\/div>\n\n  <\/div>\n<\/div>\n\n\n\n<p>Veja todos os detalhes do concurso FCEE navegando pelo \u00edndice abaixo:<\/p>\n\n\n\n<ul class=\"wp-block-list\">\n<li><strong><a href=\"#situacao\">Situa\u00e7\u00e3o atual<\/a><\/strong>\n<ul class=\"wp-block-list\">\n<li><a href=\"#h-validade-prorrogada\">Validade prorrogada<\/a><\/li>\n\n\n\n<li><a href=\"#h-comissao-de-convocacao-e-nomeacao\">Comiss\u00e3o formada<\/a><\/li>\n<\/ul>\n<\/li>\n\n\n\n<li><a href=\"#ultimo-edital\"><strong>Edital 2022<\/strong><\/a>\n<ul class=\"wp-block-list\">\n<li><strong><a href=\"#cargos-vagas\">Cargos e vagas<\/a><\/strong>\n<ul class=\"wp-block-list\">\n<li><strong><a href=\"#nivel-medio-tecnico\">M\u00e9dio<\/a><\/strong><\/li>\n\n\n\n<li><strong><a href=\"#nivel-superior-1\">Superior<\/a><\/strong><\/li>\n\n\n\n<li><strong><a href=\"#cargos-para-professores\">Professores<\/a><\/strong><\/li>\n<\/ul>\n<\/li>\n<\/ul>\n<\/li>\n\n\n\n<li><strong><a href=\"#salarios-e-beneficios\">Sal\u00e1rios e benef\u00edcios<\/a><\/strong><\/li>\n\n\n\n<li><strong><a href=\"#requisitos\">Requisitos<\/a><\/strong><\/li>\n\n\n\n<li><strong><a href=\"#etapas\">Etapas e provas<\/a><\/strong><\/li>\n\n\n\n<li><strong><a href=\"#ultimo-edital\">\u00daltimo concurso<\/a><\/strong><\/li>\n\n\n\n<li><strong><a href=\"#cursos\">Cursos e assinaturas<\/a><\/strong><\/li>\n\n\n\n<li><strong><a href=\"#ficha\">Ficha t\u00e9cnica<\/a><\/strong><\/li>\n<\/ul>\n\n\n\n<h2 class=\"wp-block-heading\" id=\"situacao\">Situa\u00e7\u00e3o atual<\/h2>\n\n\n\n<h3 class=\"wp-block-heading\" id=\"h-validade-prorrogada\">Validade prorrogada<\/h3>\n\n\n\n<p>Est\u00e1 oficialmente prorrogada a validade do concurso FCEE em 2 anos a validade do concurso p\u00fablico!<\/p>\n\n\n\n<figure class=\"wp-block-image aligncenter size-full\"><img loading=\"lazy\" decoding=\"async\" width=\"489\" height=\"298\" src=\"https:\/\/dhg1h5j42swfq.cloudfront.net\/2023\/07\/06085220\/unnamed-1.png\" alt=\"Validade do \u00faltimo concurso prorrogada\" class=\"wp-image-1499762\" srcset=\"https:\/\/dhg1h5j42swfq.cloudfront.net\/2023\/07\/06085220\/unnamed-1.png 489w, https:\/\/dhg1h5j42swfq.cloudfront.net\/2023\/07\/06085220\/unnamed-1-300x183.png 300w, https:\/\/dhg1h5j42swfq.cloudfront.net\/2023\/07\/06085220\/unnamed-1-150x91.png 150w\" sizes=\"auto, (max-width: 489px) 100vw, 489px\" \/><\/figure>\n\n\n\n<h3 class=\"wp-block-heading\" id=\"h-comissao-de-convocacao-e-nomeacao\">Comiss\u00e3o de convoca\u00e7\u00e3o e nomea\u00e7\u00e3o<\/h3>\n\n\n\n<p>A FCEE formou a comiss\u00e3o que ficar\u00e1 respons\u00e1vel pela convoca\u00e7\u00e3o e nomea\u00e7\u00e3o dos aprovados do \u00faltimo concurso p\u00fablico <strong>(FCEE)<\/strong>. Confira o documento oficial: <\/p>\n\n\n\n<figure class=\"wp-block-image aligncenter size-full\"><img loading=\"lazy\" decoding=\"async\" width=\"475\" height=\"505\" src=\"https:\/\/dhg1h5j42swfq.cloudfront.net\/2023\/07\/07194350\/image-69.png\" alt=\"Comiss\u00e3o para convoca\u00e7\u00e3o de aprovados\" class=\"wp-image-1245326\" srcset=\"https:\/\/dhg1h5j42swfq.cloudfront.net\/2023\/07\/07194350\/image-69.png 475w, https:\/\/dhg1h5j42swfq.cloudfront.net\/2023\/07\/07194350\/image-69-282x300.png 282w, https:\/\/dhg1h5j42swfq.cloudfront.net\/2023\/07\/07194350\/image-69-150x159.png 150w\" sizes=\"auto, (max-width: 475px) 100vw, 475px\" \/><figcaption class=\"wp-element-caption\">Comiss\u00e3o para convoca\u00e7\u00e3o de aprovados<\/figcaption><\/figure>\n\n\n\n<h2 class=\"wp-block-heading\" id=\"cargos-vagas\">Concurso FCEE: cargos e vagas<\/h2>\n\n\n\n<h3 class=\"wp-block-heading\" id=\"nivel-medio-tecnico\">N\u00edvel m\u00e9dio e t\u00e9cnico<\/h3>\n\n\n\n<figure class=\"wp-block-table is-style-stripes\"><table class=\"has-background has-fixed-layout\" style=\"background-color:#e7f5fe\"><thead><tr><th class=\"has-text-align-center\" data-align=\"center\">CARGOS<\/th><th class=\"has-text-align-center\" data-align=\"center\">VAGAS<\/th><th class=\"has-text-align-center\" data-align=\"center\">SAL\u00c1RIO<\/th><\/tr><\/thead><tbody><tr><td class=\"has-text-align-center\" data-align=\"center\">T\u00e9cnico em Atividades<br \/>Administrativa<\/td><td class=\"has-text-align-center\" data-align=\"center\">36 + 50 CR<\/td><td class=\"has-text-align-center\" data-align=\"center\">R$ 972,00 + gratifica\u00e7\u00f5es<\/td><\/tr><tr><td class=\"has-text-align-center\" data-align=\"center\">T\u00e9cnico em Inform\u00e1tica<\/td><td class=\"has-text-align-center\" data-align=\"center\">01 + 50 CR<\/td><td class=\"has-text-align-center\" data-align=\"center\">R$ 972,00 + gratifica\u00e7\u00f5es<\/td><\/tr><\/tbody><\/table><figcaption class=\"wp-element-caption\">cargos n\u00edvel m\u00e9dio<\/figcaption><\/figure>\n\n\n\n<h3 class=\"wp-block-heading\" id=\"nivel-superior-1\">N\u00edvel superior<\/h3>\n\n\n\n<figure class=\"wp-block-table is-style-stripes\"><table class=\"has-background has-fixed-layout\" style=\"background-color:#e7f5fe\"><thead><tr><th class=\"has-text-align-center\" data-align=\"center\">CARGOS<\/th><th class=\"has-text-align-center\" data-align=\"center\">VAGAS<\/th><th class=\"has-text-align-center\" data-align=\"center\">SAL\u00c1RIO<\/th><\/tr><\/thead><tbody><tr><td class=\"has-text-align-center\" data-align=\"center\">Administrador<\/td><td class=\"has-text-align-center\" data-align=\"center\">02 + 50 CR<\/td><td class=\"has-text-align-center\" data-align=\"center\">R$ 1.296,00 + gratifica\u00e7\u00f5es<\/td><\/tr><tr><td class=\"has-text-align-center\" data-align=\"center\">Assistente Social<\/td><td class=\"has-text-align-center\" data-align=\"center\">03 + 50 CR<\/td><td class=\"has-text-align-center\" data-align=\"center\">R$ 1.296,00 + gratifica\u00e7\u00f5es<\/td><\/tr><tr><td class=\"has-text-align-center\" data-align=\"center\">Fisioterapeuta<\/td><td class=\"has-text-align-center\" data-align=\"center\">03 + 50 CR<\/td><td class=\"has-text-align-center\" data-align=\"center\">R$ 1.296,00 + gratifica\u00e7\u00f5es<\/td><\/tr><tr><td class=\"has-text-align-center\" data-align=\"center\">Fonoaudi\u00f3logo<\/td><td class=\"has-text-align-center\" data-align=\"center\">08 + 50 CR<\/td><td class=\"has-text-align-center\" data-align=\"center\">R$ 1.296,00 + gratifica\u00e7\u00f5es<\/td><\/tr><tr><td class=\"has-text-align-center\" data-align=\"center\">M\u00e9dico Cl\u00ednico Geral<\/td><td class=\"has-text-align-center\" data-align=\"center\">01 + 50 CR<\/td><td class=\"has-text-align-center\" data-align=\"center\">R$ 1.296,00 + gratifica\u00e7\u00f5es<\/td><\/tr><tr><td class=\"has-text-align-center\" data-align=\"center\">M\u00e9dico Fisiatra<\/td><td class=\"has-text-align-center\" data-align=\"center\">01 + 50 CR<\/td><td class=\"has-text-align-center\" data-align=\"center\">R$ 1.296,00 + gratifica\u00e7\u00f5es<\/td><\/tr><tr><td class=\"has-text-align-center\" data-align=\"center\">M\u00e9dico Neurologista<\/td><td class=\"has-text-align-center\" data-align=\"center\">01 + 50 CR<\/td><td class=\"has-text-align-center\" data-align=\"center\">R$ 1.296,00 + gratifica\u00e7\u00f5es<\/td><\/tr><tr><td class=\"has-text-align-center\" data-align=\"center\">M\u00e9dico Oftalmologista<\/td><td class=\"has-text-align-center\" data-align=\"center\">02 + 50 CR<\/td><td class=\"has-text-align-center\" data-align=\"center\">R$ 1.296,00 + gratifica\u00e7\u00f5es<\/td><\/tr><tr><td class=\"has-text-align-center\" data-align=\"center\">M\u00e9dico Pediatra<\/td><td class=\"has-text-align-center\" data-align=\"center\">01 + 50 CR<\/td><td class=\"has-text-align-center\" data-align=\"center\">R$ 1.296,00 + gratifica\u00e7\u00f5es<\/td><\/tr><tr><td class=\"has-text-align-center\" data-align=\"center\">M\u00e9dico Psiquiatra<\/td><td class=\"has-text-align-center\" data-align=\"center\">01 + 50 CR<\/td><td class=\"has-text-align-center\" data-align=\"center\">R$ 1.296,00 + gratifica\u00e7\u00f5es<\/td><\/tr><tr><td class=\"has-text-align-center\" data-align=\"center\">Pedagogo<\/td><td class=\"has-text-align-center\" data-align=\"center\">08 + 50 CR<\/td><td class=\"has-text-align-center\" data-align=\"center\">R$ 1.296,00 + gratifica\u00e7\u00f5es<\/td><\/tr><tr><td class=\"has-text-align-center\" data-align=\"center\">Psic\u00f3logo<\/td><td class=\"has-text-align-center\" data-align=\"center\">08 + 50 CR<\/td><td class=\"has-text-align-center\" data-align=\"center\">R$ 1.296,00 + gratifica\u00e7\u00f5es<\/td><\/tr><tr><td class=\"has-text-align-center\" data-align=\"center\">Terapeuta Ocupacional<\/td><td class=\"has-text-align-center\" data-align=\"center\">05 + 50 CR<\/td><td class=\"has-text-align-center\" data-align=\"center\">R$ 1.296,00 + gratifica\u00e7\u00f5es<\/td><\/tr><\/tbody><\/table><figcaption class=\"wp-element-caption\">cargos n\u00edvel superior<\/figcaption><\/figure>\n\n\n\n<h3 class=\"wp-block-heading\" id=\"cargos-para-professores\">Cargos para professores<\/h3>\n\n\n\n<figure class=\"wp-block-table is-style-stripes\"><table class=\"has-background has-fixed-layout\" style=\"background-color:#e7f5fe\"><thead><tr><th class=\"has-text-align-center\" data-align=\"center\">CARGOS<\/th><th class=\"has-text-align-center\" data-align=\"center\">VAGAS<\/th><th class=\"has-text-align-center\" data-align=\"center\">SAL\u00c1RIO<\/th><\/tr><\/thead><tbody><tr><td class=\"has-text-align-center\" data-align=\"center\">Professor Adaptador em Relevo<\/td><td class=\"has-text-align-center\" data-align=\"center\">01 + 50 CR<\/td><td class=\"has-text-align-center\" data-align=\"center\">R$ 1.296,00 + gratifica\u00e7\u00f5es<\/td><\/tr><tr><td class=\"has-text-align-center\" data-align=\"center\">Professor Adaptador em Tinta<\/td><td class=\"has-text-align-center\" data-align=\"center\">02 + 50 CR<\/td><td class=\"has-text-align-center\" data-align=\"center\">R$ 1.296,00 + gratifica\u00e7\u00f5es<\/td><\/tr><tr><td class=\"has-text-align-center\" data-align=\"center\">Professor Bil\u00edngue<\/td><td class=\"has-text-align-center\" data-align=\"center\">01 + 03 CR<\/td><td class=\"has-text-align-center\" data-align=\"center\">R$ 1.296,00 + gratifica\u00e7\u00f5es<\/td><\/tr><tr><td class=\"has-text-align-center\" data-align=\"center\">Professor de Artes Musicais<br \/>(Musicoterapia)<\/td><td class=\"has-text-align-center\" data-align=\"center\">01 + 50 CR<\/td><td class=\"has-text-align-center\" data-align=\"center\">R$ 1.296,00 + gratifica\u00e7\u00f5es<\/td><\/tr><tr><td class=\"has-text-align-center\" data-align=\"center\">Professor de Dan\u00e7a<\/td><td class=\"has-text-align-center\" data-align=\"center\">01 + 50 CR<\/td><td class=\"has-text-align-center\" data-align=\"center\">R$ 1.296,00 + gratifica\u00e7\u00f5es<\/td><\/tr><tr><td class=\"has-text-align-center\" data-align=\"center\">Professor de Libras<\/td><td class=\"has-text-align-center\" data-align=\"center\">02 + 50 CR<\/td><td class=\"has-text-align-center\" data-align=\"center\">R$ 1.296,00 + gratifica\u00e7\u00f5es<\/td><\/tr><tr><td class=\"has-text-align-center\" data-align=\"center\">Professor de Portugu\u00eas<\/td><td class=\"has-text-align-center\" data-align=\"center\">01 + 50 CR<\/td><td class=\"has-text-align-center\" data-align=\"center\">R$ 1.296,00 + gratifica\u00e7\u00f5es<\/td><\/tr><tr><td class=\"has-text-align-center\" data-align=\"center\">Professor Educador Especial<\/td><td class=\"has-text-align-center\" data-align=\"center\">01 + 50 CR<\/td><td class=\"has-text-align-center\" data-align=\"center\">R$ 1.296,00 + gratifica\u00e7\u00f5es<\/td><\/tr><tr><td class=\"has-text-align-center\" data-align=\"center\">Professor Educa\u00e7\u00e3o F\u00edsica<\/td><td class=\"has-text-align-center\" data-align=\"center\">02 + 50 CR<\/td><td class=\"has-text-align-center\" data-align=\"center\">R$ 1.296,00 + gratifica\u00e7\u00f5es<\/td><\/tr><tr><td class=\"has-text-align-center\" data-align=\"center\">Professor Instrutor de Gastronomia<\/td><td class=\"has-text-align-center\" data-align=\"center\">01 + 50 CR<\/td><td class=\"has-text-align-center\" data-align=\"center\">R$ 1.296,00 + gratifica\u00e7\u00f5es<\/td><\/tr><tr><td class=\"has-text-align-center\" data-align=\"center\">Professor Int\u00e9rprete<\/td><td class=\"has-text-align-center\" data-align=\"center\">05 + 15 CR<\/td><td class=\"has-text-align-center\" data-align=\"center\">R$ 1.296,00 + gratifica\u00e7\u00f5es<\/td><\/tr><tr><td class=\"has-text-align-center\" data-align=\"center\">Professor Revisor<\/td><td class=\"has-text-align-center\" data-align=\"center\">01 + 50 CR<\/td><td class=\"has-text-align-center\" data-align=\"center\">R$ 1.296,00 + gratifica\u00e7\u00f5es<\/td><\/tr><tr><td class=\"has-text-align-center\" data-align=\"center\">Professor Transcritor<\/td><td class=\"has-text-align-center\" data-align=\"center\">06 + 50 CR<\/td><td class=\"has-text-align-center\" data-align=\"center\">R$ 1.296,00 + gratifica\u00e7\u00f5es<\/td><\/tr><\/tbody><\/table><figcaption class=\"wp-element-caption\">Cargos de professor<\/figcaption><\/figure>\n\n\n\n<h2 class=\"wp-block-heading\" id=\"salarios-e-beneficios\">Concurso FCEE: sal\u00e1rios e benef\u00edcios<\/h2>\n\n\n\n<p>Os sal\u00e1rios oferecidos pelo concurso FCEE s\u00e3o compostos por vencimento b\u00e1sico mais Gratifica\u00e7\u00e3o e Adicional de Atividade T\u00e9cnica, al\u00e9m de Auxilio Alimenta\u00e7\u00e3o.<\/p>\n\n\n\n<h2 class=\"wp-block-heading\" id=\"requisitos\">Requisitos<\/h2>\n\n\n\n<h3 class=\"wp-block-heading\" id=\"nivel-medio\">N\u00edvel m\u00e9dio<\/h3>\n\n\n\n<ul class=\"wp-block-list\">\n<li><strong>T\u00e9cnico em Atividades Administrativas<\/strong>: Certificado de conclus\u00e3o do Ensino M\u00e9dio.<\/li>\n\n\n\n<li><strong>T\u00e9cnico em Inform\u00e1tica<\/strong>: Certificado de conclus\u00e3o do Ensino M\u00e9dio ou equivalente ao 2\u00ba grau e Curso T\u00e9cnico em Inform\u00e1tica, ambos reconhecidos pelo Minist\u00e9rio da Educa\u00e7\u00e3o (MEC).<\/li>\n<\/ul>\n\n\n\n<h3 class=\"wp-block-heading\" id=\"nivel-superior\">N\u00edvel Superior<\/h3>\n\n\n\n<p>Todos os cargos exigem gradua\u00e7\u00e3o na \u00e1rea de especialidade e registro no \u00f3rg\u00e3o de classe.<\/p>\n\n\n\n<h3 class=\"wp-block-heading\" id=\"professores\">Professores<\/h3>\n\n\n\n<ul class=\"wp-block-list\">\n<li><strong>Professor Adaptador em Relevo<\/strong>: Curso Superior na \u00e1rea de especialidade e Certificado de Curso de Forma\u00e7\u00e3o Continuada em Braille e Adapta\u00e7\u00e3o em Relevo com carga hor\u00e1ria m\u00ednima de 60 horas;<\/li>\n\n\n\n<li><strong>Professor Adaptador em Tinta<\/strong>: Curso Superior na \u00e1rea de especialidade e Certificado de Curso de Forma\u00e7\u00e3o Continuada em Braille e Adapta\u00e7\u00e3o em Tinta com carga hor\u00e1ria m\u00ednima de 60 horas;<\/li>\n\n\n\n<li><strong>Professor Bil\u00edngue:<\/strong> Curso de Licenciatura em Educa\u00e7\u00e3o Especial com curso de P\u00f3s-gradua\u00e7\u00e3o em Libras ou na \u00e1rea da Surdez; Observa\u00e7\u00e3o: Este Professor dever\u00e1 ser ouvinte;<\/li>\n\n\n\n<li><strong>Professor de Artes Musicais (Musicoterapia):<\/strong> Gradua\u00e7\u00e3o em Musicoterapia; ou Curso de Gradua\u00e7\u00e3o de N\u00edvel Superior com Especializa\u00e7\u00e3o em Musicoterapia; e Registro na Associa\u00e7\u00e3o de Musicoterapeutas do Estado;<\/li>\n\n\n\n<li><strong>Professor de Dan\u00e7a<\/strong>: Curso de Gradua\u00e7\u00e3o em Dan\u00e7a; ou Curso gradua\u00e7\u00e3o em Artes C\u00eanicas ou Teatro;<\/li>\n\n\n\n<li><strong>Professor de Libras:<\/strong> Curso Superior de Licenciatura Plena em Letras &#8211; Libras; ou, &#8211; Curso Superior de Licenciatura Plena em Pedagogia Bil\u00edngue, ou; &#8211; Curso Superior de Licenciatura Plena em Pedagogia com P\u00f3s em Libras ou na \u00e1rea da Surdez. Observa\u00e7\u00e3o: Este Professor dever\u00e1 ser ouvinte;<\/li>\n\n\n\n<li><strong>Professor de Portugu\u00eas<\/strong>: Curso Superior de Licenciatura Plena em: Letras com habilita\u00e7\u00e3o em L\u00edngua Nacional, ou em L\u00edngua Nacional ou L\u00edngua Portuguesa;<\/li>\n\n\n\n<li><strong>Professor Educador Especial:<\/strong> Curso Superior de Licenciatura Plena em Educa\u00e7\u00e3o Especial;<\/li>\n\n\n\n<li><strong>Professor Educa\u00e7\u00e3o F\u00edsica<\/strong>: Curso de n\u00edvel superior, licenciatura plena em Educa\u00e7\u00e3o F\u00edsica e registro no respectivo Conselho Profissional;<\/li>\n\n\n\n<li><strong>Professor Instrutor de Gastronomia<\/strong>: Curso superior com habilita\u00e7\u00e3o e ou P\u00f3s-Gradua\u00e7\u00e3o Lato ou Stricto Sensu em Gastronomia; ou Curso Tecn\u00f3logo em Gastronomia;<\/li>\n\n\n\n<li><strong>Professor Int\u00e9rprete:<\/strong> Curso Superior de Bacharelado em Letras &#8211; Libra; Observa\u00e7\u00e3o: Este Professor dever\u00e1 ser ouvinte;<\/li>\n\n\n\n<li><strong>Professor Revisor:<\/strong> Curso Superior de Licenciatura em Educa\u00e7\u00e3o Especial e Certificado de Curso de Forma\u00e7\u00e3o Continuada em Braille e Revis\u00e3o Braille com carga hor\u00e1ria m\u00ednima de 60 horas;  observa\u00e7\u00e3o: Este Professor dever\u00e1 ser cego;<\/li>\n\n\n\n<li><strong>Professor Transcritor<\/strong>: Curso Superior de Licenciatura em Educa\u00e7\u00e3o Especial e Certificado de Curso de Forma\u00e7\u00e3o Continuada em Braille com carga hor\u00e1ria m\u00ednima de 60 horas.<\/li>\n<\/ul>\n\n\n\n<h2 class=\"wp-block-heading\" id=\"etapas\">Concurso FCEE: etapas e provas<\/h2>\n\n\n\n<p>O edital do concurso do da Funda\u00e7\u00e3o Catarinense de Educa\u00e7\u00e3o Especial (FCEE) ter\u00e1 uma etapa de Prova Objetiva para todos os cargos; de Avalia\u00e7\u00e3o de T\u00edtulos para os cargos de n\u00edvel superior; e Prova Pr\u00e1tica para os cargos de Professor Bil\u00edngue, Professor Int\u00e9rprete e Professor de Libras.<\/p>\n\n\n\n<h3 class=\"wp-block-heading\" id=\"prova-escrita-objetiva\">Prova Escrita Objetiva<\/h3>\n\n\n\n<p>As quest\u00f5es objetivas, de car\u00e1ter classificat\u00f3rio e eliminat\u00f3rio, com 5 alternativas de resposta, das quais uma \u00fanica ser\u00e1 a correta.<\/p>\n\n\n\n<p>A etapa foi aplicada em Florian\u00f3polis, no dia <strong>14 de agosto de 2022<\/strong>. Foi classificado na Prova Escrita o candidato que obtiver nota igual ou superior a 6,00. Confira abaixo a estrutura da prova!<\/p>\n\n\n\n<figure class=\"wp-block-image aligncenter size-full\"><img loading=\"lazy\" decoding=\"async\" width=\"738\" height=\"368\" src=\"https:\/\/dhg1h5j42swfq.cloudfront.net\/2022\/05\/30201722\/image-413.png\" alt=\"Tabela de detalhes da prova objetiva\" class=\"wp-image-1036428\" srcset=\"https:\/\/dhg1h5j42swfq.cloudfront.net\/2022\/05\/30201722\/image-413.png 738w, https:\/\/dhg1h5j42swfq.cloudfront.net\/2022\/05\/30201722\/image-413-300x150.png 300w, https:\/\/dhg1h5j42swfq.cloudfront.net\/2022\/05\/30201722\/image-413-610x304.png 610w\" sizes=\"auto, (max-width: 738px) 100vw, 738px\" \/><figcaption class=\"wp-element-caption\">Prova objetiva concurso FCEE<\/figcaption><\/figure>\n\n\n\n<h3 class=\"wp-block-heading\" id=\"titulos\">Avalia\u00e7\u00e3o de T\u00edtulos<\/h3>\n\n\n\n<p>A Prova de T\u00edtulos, de car\u00e1ter classificat\u00f3rio, para todos os cargos com exig\u00eancia de curso superior, constar\u00e1 da avalia\u00e7\u00e3o dos certificados do curso de P\u00f3s-Gradua\u00e7\u00e3o em n\u00edvel de Especializa\u00e7\u00e3o ou de diplomas do curso de Mestrado e de Doutorado, unicamente na disciplina\/\u00e1rea de conhecimento exigida para o provimento do cargo.<\/p>\n\n\n\n<h3 class=\"wp-block-heading\" id=\"pratica\">Prova Pr\u00e1tica<\/h3>\n\n\n\n<p>A etapa de Prova Pr\u00e1tica foi aplicada para os cargos de Professor Bil\u00edngue, Professor Int\u00e9rprete e Professor de Libras, e ter\u00e1 car\u00e1ter eliminat\u00f3rio, que tem como objetivo avaliar o dom\u00ednio e flu\u00eancia em L\u00edngua Brasileira de Sinais (Libras).<\/p>\n\n\n\n<h2 class=\"wp-block-heading has-text-align-center\" id=\"cursos\"><em>Quer estudar para o concurso FCEE?<\/em><\/h2>\n\n\n\n<div class=\"container\" id=\"boxes\">\n  <div class=\"row\">\n\n    <div class=\"col-sm\">\n      <div class=\"banner-estrategia\" id=\"box-assinatura\">\n        <h3 class=\"titulo-assinatura\">Cursos FCEE<\/h3>\n        <p class=\"subtitulo-assinatura\">Estude Conosco<\/p>\n        <div class=\"box-botao\">\n          <a class=\"btn-assinatura\" target=\"_blank\" href=\"https:\/\/www.estrategiaconcursos.com.br\/cursosPorConcurso\/fundacao-catarinense-de-educacao-especial-fcee\/\" role=\"button\" rel=\"noopener noreferrer\">Conhe\u00e7a os cursos<\/a>\n        <\/div>\n      <\/div>\n     \n    <\/div>\n\n  <\/div>\n<\/div>\n\n\n\n<h3 class=\"wp-block-heading\" id=\"ficha\">Informa\u00e7\u00f5es do \u00faltimo concurso FCEE<\/h3>\n\n\n\n<p>\u25ba<strong>Banca organizadora:<\/strong> Fepese<br \/>\u25ba<strong>Vagas:<\/strong> 106<br \/>\u25ba<strong>Escolaridade:<\/strong> m\u00e9dio e superior<br \/>\u25ba<strong>Sal\u00e1rios:<\/strong> at\u00e9 R$ 1,2 mil <br \/>\u25ba<strong>Edital<\/strong>: <a href=\"https:\/\/dhg1h5j42swfq.cloudfront.net\/2022\/05\/30202559\/2022_001_cp_fcee.pdf\" target=\"_blank\" rel=\"noreferrer noopener nofollow\">FCEE 2022<\/a><\/p>\n\n\n\n<ul class=\"wp-block-list\">\n<li>Aproveite e confira mais oportunidades na \u00e1rea da educa\u00e7\u00e3o em <a href=\"https:\/\/www.estrategiaconcursos.com.br\/blog\/concursos-educacao-2022\/\" target=\"_blank\" rel=\"noreferrer noopener\">Concursos Educa\u00e7\u00e3o<\/a>.<\/li>\n<\/ul>\n\n\n\n<p><\/p>\n","protected":false},"excerpt":{"rendered":"<p>Est\u00e1 oficialmente prorrogada em dois anos a validade do concurso para a Funda\u00e7\u00e3o Catarinense de Educa\u00e7\u00e3o Especial (FCEE). Al\u00e9m disso, a comiss\u00e3o que ficar\u00e1 respons\u00e1vel pela convoca\u00e7\u00e3o e nomea\u00e7\u00e3o dos aprovados do \u00faltimo concurso p\u00fablico est\u00e1 formada. Confira o documento oficial! A informa\u00e7\u00e3o foi divulgada atrav\u00e9s do di\u00e1rio oficial de Santa Catarina no dia 7 [&hellip;]<\/p>\n","protected":false},"author":1,"featured_media":998847,"comment_status":"open","ping_status":"closed","sticky":false,"template":"","format":"standard","meta":{"post_tipo":"news_page","footnotes":""},"categories":[3766],"tags":[220671,220672],"tax_estado":[219987],"class_list":["post-995217","post","type-post","status-publish","format-standard","has-post-thumbnail","hentry","category-educacional","tag-concurso-fcee","tag-edital-fcee","tax_estado-sc"],"acf":[],"yoast_head":"<!-- This site is optimized with the Yoast SEO Premium plugin v27.2 (Yoast SEO v27.2) - https:\/\/yoast.com\/product\/yoast-seo-premium-wordpress\/ -->\n<title>Concurso FCEE: validade prorrogada; veja!<\/title>\n<meta name=\"description\" content=\"Concurso FCEE: edital ofertou 106 vagas para cargos de n\u00edveis m\u00e9dios e superior. Validade prorrogada em 2 anos!\" \/>\n<meta name=\"robots\" content=\"index, follow, max-snippet:-1, max-image-preview:large, max-video-preview:-1\" \/>\n<link rel=\"canonical\" href=\"https:\/\/www.estrategiaconcursos.com.br\/blog\/concurso-fcee\/\" \/>\n<meta property=\"og:locale\" content=\"pt_BR\" \/>\n<meta property=\"og:type\" content=\"article\" \/>\n<meta property=\"og:title\" content=\"Concurso FCEE: validade prorrogada; veja!\" \/>\n<meta property=\"og:description\" content=\"Concurso FCEE: edital ofertou 106 vagas para cargos de n\u00edveis m\u00e9dios e superior. Validade prorrogada em 2 anos!\" \/>\n<meta property=\"og:url\" content=\"https:\/\/www.estrategiaconcursos.com.br\/blog\/concurso-fcee\/\" \/>\n<meta property=\"og:site_name\" content=\"Estrat\u00e9gia Concursos\" \/>\n<meta property=\"article:author\" content=\"https:\/\/www.facebook.com\/EstrategiaConcursos\" \/>\n<meta property=\"article:published_time\" content=\"2024-12-04T17:17:39+00:00\" \/>\n<meta property=\"article:modified_time\" content=\"2024-12-04T17:33:52+00:00\" \/>\n<meta property=\"og:image\" content=\"https:\/\/dhg1h5j42swfq.cloudfront.net\/2022\/03\/31154318\/concurso_fcee.jpeg\" \/>\n\t<meta property=\"og:image:width\" content=\"768\" \/>\n\t<meta property=\"og:image:height\" content=\"432\" \/>\n\t<meta property=\"og:image:type\" content=\"image\/jpeg\" \/>\n<meta name=\"author\" content=\"Coordena\u00e7\u00e3o\" \/>\n<meta name=\"twitter:card\" content=\"summary_large_image\" \/>\n<meta name=\"twitter:creator\" content=\"@EstratConcursos\" \/>\n<meta name=\"twitter:site\" content=\"@EstratConcursos\" \/>\n<meta name=\"twitter:label1\" content=\"Escrito por\" \/>\n\t<meta name=\"twitter:data1\" content=\"Coordena\u00e7\u00e3o\" \/>\n\t<meta name=\"twitter:label2\" content=\"Est. tempo de leitura\" \/>\n\t<meta name=\"twitter:data2\" content=\"8 minutos\" \/>\n<script type=\"application\/ld+json\" class=\"yoast-schema-graph\">{\"@context\":\"https:\/\/schema.org\",\"@graph\":[{\"@type\":\"NewsArticle\",\"@id\":\"https:\/\/www.estrategiaconcursos.com.br\/blog\/concurso-fcee\/#article\",\"isPartOf\":{\"@id\":\"https:\/\/www.estrategiaconcursos.com.br\/blog\/concurso-fcee\/\"},\"author\":{\"name\":\"Coordena\u00e7\u00e3o\",\"@id\":\"https:\/\/www.estrategiaconcursos.com.br\/blog\/#\/schema\/person\/b4a388c97673c5f483d72185668afa1f\"},\"headline\":\"Concurso FCEE: validade prorrogada; veja!\",\"datePublished\":\"2024-12-04T17:17:39+00:00\",\"dateModified\":\"2024-12-04T17:33:52+00:00\",\"mainEntityOfPage\":{\"@id\":\"https:\/\/www.estrategiaconcursos.com.br\/blog\/concurso-fcee\/\"},\"wordCount\":1237,\"commentCount\":0,\"publisher\":{\"@id\":\"https:\/\/www.estrategiaconcursos.com.br\/blog\/#organization\"},\"image\":{\"@id\":\"https:\/\/www.estrategiaconcursos.com.br\/blog\/concurso-fcee\/#primaryimage\"},\"thumbnailUrl\":\"https:\/\/dhg1h5j42swfq.cloudfront.net\/2022\/03\/31154318\/concurso_fcee.jpeg\",\"keywords\":[\"concurso FCEE\",\"Edital FCEE\"],\"articleSection\":[\"Educa\u00e7\u00e3o\"],\"inLanguage\":\"pt-BR\",\"potentialAction\":[{\"@type\":\"CommentAction\",\"name\":\"Comment\",\"target\":[\"https:\/\/www.estrategiaconcursos.com.br\/blog\/concurso-fcee\/#respond\"]}],\"copyrightYear\":\"2024\",\"copyrightHolder\":{\"@id\":\"https:\/\/www.estrategiaconcursos.com.br\/blog\/#organization\"}},{\"@type\":\"WebPage\",\"@id\":\"https:\/\/www.estrategiaconcursos.com.br\/blog\/concurso-fcee\/\",\"url\":\"https:\/\/www.estrategiaconcursos.com.br\/blog\/concurso-fcee\/\",\"name\":\"Concurso FCEE: validade prorrogada; veja!\",\"isPartOf\":{\"@id\":\"https:\/\/www.estrategiaconcursos.com.br\/blog\/#website\"},\"primaryImageOfPage\":{\"@id\":\"https:\/\/www.estrategiaconcursos.com.br\/blog\/concurso-fcee\/#primaryimage\"},\"image\":{\"@id\":\"https:\/\/www.estrategiaconcursos.com.br\/blog\/concurso-fcee\/#primaryimage\"},\"thumbnailUrl\":\"https:\/\/dhg1h5j42swfq.cloudfront.net\/2022\/03\/31154318\/concurso_fcee.jpeg\",\"datePublished\":\"2024-12-04T17:17:39+00:00\",\"dateModified\":\"2024-12-04T17:33:52+00:00\",\"description\":\"Concurso FCEE: edital ofertou 106 vagas para cargos de n\u00edveis m\u00e9dios e superior. Validade prorrogada em 2 anos!\",\"breadcrumb\":{\"@id\":\"https:\/\/www.estrategiaconcursos.com.br\/blog\/concurso-fcee\/#breadcrumb\"},\"inLanguage\":\"pt-BR\",\"potentialAction\":[{\"@type\":\"ReadAction\",\"target\":[\"https:\/\/www.estrategiaconcursos.com.br\/blog\/concurso-fcee\/\"]}]},{\"@type\":\"ImageObject\",\"inLanguage\":\"pt-BR\",\"@id\":\"https:\/\/www.estrategiaconcursos.com.br\/blog\/concurso-fcee\/#primaryimage\",\"url\":\"https:\/\/dhg1h5j42swfq.cloudfront.net\/2022\/03\/31154318\/concurso_fcee.jpeg\",\"contentUrl\":\"https:\/\/dhg1h5j42swfq.cloudfront.net\/2022\/03\/31154318\/concurso_fcee.jpeg\",\"width\":768,\"height\":432},{\"@type\":\"BreadcrumbList\",\"@id\":\"https:\/\/www.estrategiaconcursos.com.br\/blog\/concurso-fcee\/#breadcrumb\",\"itemListElement\":[{\"@type\":\"ListItem\",\"position\":1,\"name\":\"In\u00edcio\",\"item\":\"https:\/\/www.estrategiaconcursos.com.br\/blog\/\"},{\"@type\":\"ListItem\",\"position\":2,\"name\":\"Concurso FCEE: validade prorrogada; veja!\"}]},{\"@type\":\"WebSite\",\"@id\":\"https:\/\/www.estrategiaconcursos.com.br\/blog\/#website\",\"url\":\"https:\/\/www.estrategiaconcursos.com.br\/blog\/\",\"name\":\"Estrat\u00e9gia Concursos\",\"description\":\"O blog da Estrat\u00e9gia Concursos traz not\u00edcias sobre concursos e artigos de professores oferecendo cursos para concursos (pdf + videaulas) no site.\",\"publisher\":{\"@id\":\"https:\/\/www.estrategiaconcursos.com.br\/blog\/#organization\"},\"potentialAction\":[{\"@type\":\"SearchAction\",\"target\":{\"@type\":\"EntryPoint\",\"urlTemplate\":\"https:\/\/www.estrategiaconcursos.com.br\/blog\/?s={search_term_string}\"},\"query-input\":{\"@type\":\"PropertyValueSpecification\",\"valueRequired\":true,\"valueName\":\"search_term_string\"}}],\"inLanguage\":\"pt-BR\"},{\"@type\":\"Organization\",\"@id\":\"https:\/\/www.estrategiaconcursos.com.br\/blog\/#organization\",\"name\":\"Estrat\u00e9gia Concursos\",\"url\":\"https:\/\/www.estrategiaconcursos.com.br\/blog\/\",\"logo\":{\"@type\":\"ImageObject\",\"inLanguage\":\"pt-BR\",\"@id\":\"https:\/\/www.estrategiaconcursos.com.br\/blog\/#\/schema\/logo\/image\/\",\"url\":\"https:\/\/dhg1h5j42swfq.cloudfront.net\/2025\/06\/03203428\/logo_concursos-1.jpg\",\"contentUrl\":\"https:\/\/dhg1h5j42swfq.cloudfront.net\/2025\/06\/03203428\/logo_concursos-1.jpg\",\"width\":230,\"height\":60,\"caption\":\"Estrat\u00e9gia Concursos\"},\"image\":{\"@id\":\"https:\/\/www.estrategiaconcursos.com.br\/blog\/#\/schema\/logo\/image\/\"},\"sameAs\":[\"https:\/\/x.com\/EstratConcursos\"]},{\"@type\":\"Person\",\"@id\":\"https:\/\/www.estrategiaconcursos.com.br\/blog\/#\/schema\/person\/b4a388c97673c5f483d72185668afa1f\",\"name\":\"Coordena\u00e7\u00e3o\",\"image\":{\"@type\":\"ImageObject\",\"inLanguage\":\"pt-BR\",\"@id\":\"https:\/\/secure.gravatar.com\/avatar\/b720319e4c9a967eb58678d110f4fe35452fc5d5f97b202bac7b8acceb18c6ad?s=96&d=mm&r=g\",\"url\":\"https:\/\/secure.gravatar.com\/avatar\/b720319e4c9a967eb58678d110f4fe35452fc5d5f97b202bac7b8acceb18c6ad?s=96&d=mm&r=g\",\"contentUrl\":\"https:\/\/secure.gravatar.com\/avatar\/b720319e4c9a967eb58678d110f4fe35452fc5d5f97b202bac7b8acceb18c6ad?s=96&d=mm&r=g\",\"caption\":\"Coordena\u00e7\u00e3o\"},\"sameAs\":[\"https:\/\/www.facebook.com\/EstrategiaConcursos\",\"https:\/\/x.com\/EstratConcursos\"],\"url\":\"https:\/\/www.estrategiaconcursos.com.br\/blog\/author\/estrategia2013\/\"}]}<\/script>\n<!-- \/ Yoast SEO Premium plugin. -->","yoast_head_json":{"title":"Concurso FCEE: validade prorrogada; veja!","description":"Concurso FCEE: edital ofertou 106 vagas para cargos de n\u00edveis m\u00e9dios e superior. Validade prorrogada em 2 anos!","robots":{"index":"index","follow":"follow","max-snippet":"max-snippet:-1","max-image-preview":"max-image-preview:large","max-video-preview":"max-video-preview:-1"},"canonical":"https:\/\/www.estrategiaconcursos.com.br\/blog\/concurso-fcee\/","og_locale":"pt_BR","og_type":"article","og_title":"Concurso FCEE: validade prorrogada; veja!","og_description":"Concurso FCEE: edital ofertou 106 vagas para cargos de n\u00edveis m\u00e9dios e superior. Validade prorrogada em 2 anos!","og_url":"https:\/\/www.estrategiaconcursos.com.br\/blog\/concurso-fcee\/","og_site_name":"Estrat\u00e9gia Concursos","article_author":"https:\/\/www.facebook.com\/EstrategiaConcursos","article_published_time":"2024-12-04T17:17:39+00:00","article_modified_time":"2024-12-04T17:33:52+00:00","og_image":[{"width":768,"height":432,"url":"https:\/\/dhg1h5j42swfq.cloudfront.net\/2022\/03\/31154318\/concurso_fcee.jpeg","type":"image\/jpeg"}],"author":"Coordena\u00e7\u00e3o","twitter_card":"summary_large_image","twitter_creator":"@EstratConcursos","twitter_site":"@EstratConcursos","twitter_misc":{"Escrito por":"Coordena\u00e7\u00e3o","Est. tempo de leitura":"8 minutos"},"schema":{"@context":"https:\/\/schema.org","@graph":[{"@type":"NewsArticle","@id":"https:\/\/www.estrategiaconcursos.com.br\/blog\/concurso-fcee\/#article","isPartOf":{"@id":"https:\/\/www.estrategiaconcursos.com.br\/blog\/concurso-fcee\/"},"author":{"name":"Coordena\u00e7\u00e3o","@id":"https:\/\/www.estrategiaconcursos.com.br\/blog\/#\/schema\/person\/b4a388c97673c5f483d72185668afa1f"},"headline":"Concurso FCEE: validade prorrogada; veja!","datePublished":"2024-12-04T17:17:39+00:00","dateModified":"2024-12-04T17:33:52+00:00","mainEntityOfPage":{"@id":"https:\/\/www.estrategiaconcursos.com.br\/blog\/concurso-fcee\/"},"wordCount":1237,"commentCount":0,"publisher":{"@id":"https:\/\/www.estrategiaconcursos.com.br\/blog\/#organization"},"image":{"@id":"https:\/\/www.estrategiaconcursos.com.br\/blog\/concurso-fcee\/#primaryimage"},"thumbnailUrl":"https:\/\/dhg1h5j42swfq.cloudfront.net\/2022\/03\/31154318\/concurso_fcee.jpeg","keywords":["concurso FCEE","Edital FCEE"],"articleSection":["Educa\u00e7\u00e3o"],"inLanguage":"pt-BR","potentialAction":[{"@type":"CommentAction","name":"Comment","target":["https:\/\/www.estrategiaconcursos.com.br\/blog\/concurso-fcee\/#respond"]}],"copyrightYear":"2024","copyrightHolder":{"@id":"https:\/\/www.estrategiaconcursos.com.br\/blog\/#organization"}},{"@type":"WebPage","@id":"https:\/\/www.estrategiaconcursos.com.br\/blog\/concurso-fcee\/","url":"https:\/\/www.estrategiaconcursos.com.br\/blog\/concurso-fcee\/","name":"Concurso FCEE: validade prorrogada; veja!","isPartOf":{"@id":"https:\/\/www.estrategiaconcursos.com.br\/blog\/#website"},"primaryImageOfPage":{"@id":"https:\/\/www.estrategiaconcursos.com.br\/blog\/concurso-fcee\/#primaryimage"},"image":{"@id":"https:\/\/www.estrategiaconcursos.com.br\/blog\/concurso-fcee\/#primaryimage"},"thumbnailUrl":"https:\/\/dhg1h5j42swfq.cloudfront.net\/2022\/03\/31154318\/concurso_fcee.jpeg","datePublished":"2024-12-04T17:17:39+00:00","dateModified":"2024-12-04T17:33:52+00:00","description":"Concurso FCEE: edital ofertou 106 vagas para cargos de n\u00edveis m\u00e9dios e superior. Validade prorrogada em 2 anos!","breadcrumb":{"@id":"https:\/\/www.estrategiaconcursos.com.br\/blog\/concurso-fcee\/#breadcrumb"},"inLanguage":"pt-BR","potentialAction":[{"@type":"ReadAction","target":["https:\/\/www.estrategiaconcursos.com.br\/blog\/concurso-fcee\/"]}]},{"@type":"ImageObject","inLanguage":"pt-BR","@id":"https:\/\/www.estrategiaconcursos.com.br\/blog\/concurso-fcee\/#primaryimage","url":"https:\/\/dhg1h5j42swfq.cloudfront.net\/2022\/03\/31154318\/concurso_fcee.jpeg","contentUrl":"https:\/\/dhg1h5j42swfq.cloudfront.net\/2022\/03\/31154318\/concurso_fcee.jpeg","width":768,"height":432},{"@type":"BreadcrumbList","@id":"https:\/\/www.estrategiaconcursos.com.br\/blog\/concurso-fcee\/#breadcrumb","itemListElement":[{"@type":"ListItem","position":1,"name":"In\u00edcio","item":"https:\/\/www.estrategiaconcursos.com.br\/blog\/"},{"@type":"ListItem","position":2,"name":"Concurso FCEE: validade prorrogada; veja!"}]},{"@type":"WebSite","@id":"https:\/\/www.estrategiaconcursos.com.br\/blog\/#website","url":"https:\/\/www.estrategiaconcursos.com.br\/blog\/","name":"Estrat\u00e9gia Concursos","description":"O blog da Estrat\u00e9gia Concursos traz not\u00edcias sobre concursos e artigos de professores oferecendo cursos para concursos (pdf + videaulas) no site.","publisher":{"@id":"https:\/\/www.estrategiaconcursos.com.br\/blog\/#organization"},"potentialAction":[{"@type":"SearchAction","target":{"@type":"EntryPoint","urlTemplate":"https:\/\/www.estrategiaconcursos.com.br\/blog\/?s={search_term_string}"},"query-input":{"@type":"PropertyValueSpecification","valueRequired":true,"valueName":"search_term_string"}}],"inLanguage":"pt-BR"},{"@type":"Organization","@id":"https:\/\/www.estrategiaconcursos.com.br\/blog\/#organization","name":"Estrat\u00e9gia Concursos","url":"https:\/\/www.estrategiaconcursos.com.br\/blog\/","logo":{"@type":"ImageObject","inLanguage":"pt-BR","@id":"https:\/\/www.estrategiaconcursos.com.br\/blog\/#\/schema\/logo\/image\/","url":"https:\/\/dhg1h5j42swfq.cloudfront.net\/2025\/06\/03203428\/logo_concursos-1.jpg","contentUrl":"https:\/\/dhg1h5j42swfq.cloudfront.net\/2025\/06\/03203428\/logo_concursos-1.jpg","width":230,"height":60,"caption":"Estrat\u00e9gia Concursos"},"image":{"@id":"https:\/\/www.estrategiaconcursos.com.br\/blog\/#\/schema\/logo\/image\/"},"sameAs":["https:\/\/x.com\/EstratConcursos"]},{"@type":"Person","@id":"https:\/\/www.estrategiaconcursos.com.br\/blog\/#\/schema\/person\/b4a388c97673c5f483d72185668afa1f","name":"Coordena\u00e7\u00e3o","image":{"@type":"ImageObject","inLanguage":"pt-BR","@id":"https:\/\/secure.gravatar.com\/avatar\/b720319e4c9a967eb58678d110f4fe35452fc5d5f97b202bac7b8acceb18c6ad?s=96&d=mm&r=g","url":"https:\/\/secure.gravatar.com\/avatar\/b720319e4c9a967eb58678d110f4fe35452fc5d5f97b202bac7b8acceb18c6ad?s=96&d=mm&r=g","contentUrl":"https:\/\/secure.gravatar.com\/avatar\/b720319e4c9a967eb58678d110f4fe35452fc5d5f97b202bac7b8acceb18c6ad?s=96&d=mm&r=g","caption":"Coordena\u00e7\u00e3o"},"sameAs":["https:\/\/www.facebook.com\/EstrategiaConcursos","https:\/\/x.com\/EstratConcursos"],"url":"https:\/\/www.estrategiaconcursos.com.br\/blog\/author\/estrategia2013\/"}]}},"_links":{"self":[{"href":"https:\/\/www.estrategiaconcursos.com.br\/blog\/wp-json\/wp\/v2\/posts\/995217","targetHints":{"allow":["GET"]}}],"collection":[{"href":"https:\/\/www.estrategiaconcursos.com.br\/blog\/wp-json\/wp\/v2\/posts"}],"about":[{"href":"https:\/\/www.estrategiaconcursos.com.br\/blog\/wp-json\/wp\/v2\/types\/post"}],"author":[{"embeddable":true,"href":"https:\/\/www.estrategiaconcursos.com.br\/blog\/wp-json\/wp\/v2\/users\/1"}],"replies":[{"embeddable":true,"href":"https:\/\/www.estrategiaconcursos.com.br\/blog\/wp-json\/wp\/v2\/comments?post=995217"}],"version-history":[{"count":28,"href":"https:\/\/www.estrategiaconcursos.com.br\/blog\/wp-json\/wp\/v2\/posts\/995217\/revisions"}],"predecessor-version":[{"id":1499781,"href":"https:\/\/www.estrategiaconcursos.com.br\/blog\/wp-json\/wp\/v2\/posts\/995217\/revisions\/1499781"}],"wp:featuredmedia":[{"embeddable":true,"href":"https:\/\/www.estrategiaconcursos.com.br\/blog\/wp-json\/wp\/v2\/media\/998847"}],"wp:attachment":[{"href":"https:\/\/www.estrategiaconcursos.com.br\/blog\/wp-json\/wp\/v2\/media?parent=995217"}],"wp:term":[{"taxonomy":"category","embeddable":true,"href":"https:\/\/www.estrategiaconcursos.com.br\/blog\/wp-json\/wp\/v2\/categories?post=995217"},{"taxonomy":"post_tag","embeddable":true,"href":"https:\/\/www.estrategiaconcursos.com.br\/blog\/wp-json\/wp\/v2\/tags?post=995217"},{"taxonomy":"tax_estado","embeddable":true,"href":"https:\/\/www.estrategiaconcursos.com.br\/blog\/wp-json\/wp\/v2\/tax_estado?post=995217"}],"curies":[{"name":"wp","href":"https:\/\/api.w.org\/{rel}","templated":true}]}}