{"id":995211,"date":"2022-03-28T09:00:00","date_gmt":"2022-03-28T12:00:00","guid":{"rendered":"https:\/\/www.estrategiaconcursos.com.br\/blog\/?p=995211"},"modified":"2022-04-01T16:45:11","modified_gmt":"2022-04-01T19:45:11","slug":"carta-aos-assinantes-074","status":"publish","type":"post","link":"https:\/\/www.estrategiaconcursos.com.br\/blog\/carta-aos-assinantes-074\/","title":{"rendered":"Carta aos Assinantes do Estrat\u00e9gia Concursos &#8211; 074"},"content":{"rendered":"\n<p class=\"has-text-align-right has-luminous-vivid-amber-background-color has-background\"><em>Confira, em nossa <strong>septuag\u00e9sima<\/strong> <strong>quarta<\/strong> carta aos assinantes, a nossa programa\u00e7\u00e3o semanal, as novidades do nosso Sistema de Quest\u00f5es e as principais movimenta\u00e7\u00f5es de  concursos.<\/em><\/p>\n\n\n\n<p>Ol\u00e1, pessoal. Tudo bem?<\/p>\n\n\n\n<p>Aqui \u00e9 o<strong> Prof. Diego Cerqueira <\/strong>em nossa <strong><mark style=\"background-color:rgba(0, 0, 0, 0)\" class=\"has-inline-color has-vivid-purple-color\">septuag\u00e9sima quarta carta aos Assinantes<\/mark><\/strong> do Estrat\u00e9gia Concursos.<\/p>\n\n\n\n<p>Gostaria de iniciar essa carta falando com os nossos alunos da <strong>\u00e1rea Policial<\/strong>.<\/p>\n\n\n\n<p>Na \u00faltima semana n\u00f3s come\u00e7amos a nossa sequ\u00eancia de eventos ao vivo no YouTube conhecida como <strong>Hora da Verdade<\/strong> para a <strong><mark style=\"background-color:rgba(0, 0, 0, 0)\" class=\"has-inline-color has-vivid-purple-color\">Pol\u00edcia Civil do Amazonas<\/mark><\/strong>. Teremos programa\u00e7\u00e3o at\u00e9 o dia 01 de abril. Se voc\u00ea quer chegar firme para esse certame, n\u00e3o deixe de acompanhar conosco!<\/p>\n\n\n\n<p>E no dia 02 de abril teremos o nosso evento mais aguardado, a <strong>Revis\u00e3o de V\u00e9spera<\/strong>! Ser\u00e1 um dia muito especial, cheio de conte\u00fados para voc\u00eas, futuros servidores da <strong><mark style=\"background-color:rgba(0, 0, 0, 0)\" class=\"has-inline-color has-vivid-purple-color\">PC-AM<\/mark><\/strong>!<\/p>\n\n\n\n<p><em>Para ficar por dentro de tudo, inscreva-se no nosso canal da \u00c1rea Policial:<\/em><\/p>\n\n\n\n<p class=\"has-text-align-center has-pale-cyan-blue-background-color has-background\"><a href=\"https:\/\/t.me\/operacaopf\">CANAL DO TELEGRAM \u2013 \u00c1REA POLICIAL<\/a><\/p>\n\n\n\n<p>Para quem est\u00e1 se preparando para a Secretaria da Fazenda do Estado de Sergipe, n\u00f3s come\u00e7amos a nossa sequ\u00eancia de eventos ao vivo no YouTube conhecida como <strong>Hora da Verdade<\/strong>. Teremos programa\u00e7\u00e3o at\u00e9 o dia 01 de abril. N\u00e3o deixem de continuar participando!<\/p>\n\n\n\n<p>E no dia 02 de abril teremos o nosso evento mais aguardado, a <strong>Revis\u00e3o de V\u00e9spera<\/strong>! Ser\u00e1 um dia muito especial, cheio de conte\u00fados para voc\u00eas, candidatos da <strong><mark style=\"background-color:rgba(0, 0, 0, 0)\" class=\"has-inline-color has-vivid-purple-color\">SEFAZ-SE<\/mark><\/strong>!<\/p>\n\n\n\n<p><em>Para ficar n\u00e3o perder nenhuma transmiss\u00e3o, inscreva-se no nosso canal da \u00c1rea Fiscal:<\/em><\/p>\n\n\n\n<p class=\"has-text-align-center has-pale-cyan-blue-background-color has-background\"><a href=\"https:\/\/t.me\/+IqJ8ciwa0JFlYzQx\">CANAL DO TELEGRAM \u2013 \u00c1REA FISCAL<\/a><\/p>\n\n\n\n<p>Por fim, quero falar com quem est\u00e1 se preparando para os seguintes tribunais: <strong><mark style=\"background-color:rgba(0, 0, 0, 0)\" class=\"has-inline-color has-vivid-purple-color\">TJ-CE e TJ-TO<\/mark><\/strong>. Come\u00e7amos os nossos eventos de <strong>Reta Final<\/strong> na semana passada. S\u00e3o aulas com todos os bizus que voc\u00eas gostam de acompanhar.<\/p>\n\n\n\n<p>Para n\u00e3o ficar de fora, inscreva-se no nosso canal da \u00c1rea de Tribunais:<\/p>\n\n\n\n<p class=\"has-text-align-center has-pale-cyan-blue-background-color has-background\"><a href=\"https:\/\/t.me\/JornadaDoEscrevente\">CANAL DO TELEGRAM \u2013 \u00c1REA DE TRIBUNAIS<\/a><\/p>\n\n\n\n<h2 class=\"wp-block-heading\" id=\"h-sistema-de-questoes-do-estrategia\"><strong>Sistema de Quest\u00f5es do Estrat\u00e9gia<\/strong><\/h2>\n\n\n\n<p>Nessa \u00faltima semana a nossa equipe do SQ atualizou e incluiu mais cadernos de quest\u00f5es in\u00e9ditas nos seguintes artigos:<\/p>\n\n\n\n<ul class=\"wp-block-list\"><li><strong>SEFAZ-SE<\/strong> (<a href=\"https:\/\/www.estrategiaconcursos.com.br\/blog\/questoes-ineditas-sefaz-se\/\">Clique aqui!<\/a>)<\/li><li><strong>PC-SP<\/strong> (<a href=\"https:\/\/www.estrategiaconcursos.com.br\/blog\/questoes-ineditas-policia-civil-sp\/\">Clique aqui!<\/a>)<\/li><\/ul>\n\n\n\n<h2 class=\"wp-block-heading\" id=\"h-agora-vamos-ver-as-principais-movimentacoes-de-concursos-da-ultima-semana\"><strong>Agora, vamos ver as principais movimenta\u00e7\u00f5es de concursos da \u00faltima semana?<\/strong><\/h2>\n\n\n\n<ul class=\"wp-block-list\"><li><a href=\"https:\/\/www.estrategiaconcursos.com.br\/blog\/concurso-secont-es\/\">SECONT ES<\/a>: Foi publicado, na edi\u00e7\u00e3o desta sexta-feira (25), no Di\u00e1rio Oficial do Estado, o edital de abertura do concurso para o cargo de Auditor do Estado da Secretaria de Controle e Transpar\u00eancia (Secont). O documento oferta 12 vagas para profissionais com forma\u00e7\u00e3o nas \u00e1reas de Ci\u00eancias Cont\u00e1beis, Engenharia Civil e Tecnologia da Informa\u00e7\u00e3o. H\u00e1 ainda oportunidades em cadastro de reserva. Segundo o cronograma, as inscri\u00e7\u00f5es poder\u00e3o ser realizadas no per\u00edodo de 30 de mar\u00e7o a 14 de abril, atrav\u00e9s do site da banca organizadora, o Cebraspe.<\/li><\/ul>\n\n\n\n<ul class=\"wp-block-list\"><li><a href=\"https:\/\/www.estrategiaconcursos.com.br\/blog\/concurso-sefaz-rr\/\">SEFAZ RR<\/a>: Com o concurso Sefaz RR j\u00e1 homologado, a Secretaria de Fazenda&nbsp;&nbsp; se prepara para receber seus novos Auditores-Fiscais. Isso porque o governador Antonio Denarium assinou, nesta semana, o decreto de nomea\u00e7\u00e3o de 30 candidatos aprovados. Os convocados tomar\u00e3o posse na pr\u00f3xima segunda-&nbsp; feira, 28 de mar\u00e7o de 2022. A lista com os aprovados foi publicada no Di\u00e1rio Oficial do Estado. Al\u00e9m disso, vale lembrar que a sele\u00e7\u00e3o segue v\u00e1lida at\u00e9 16 de mar\u00e7o de 2024. Se necess\u00e1rio, esse prazo poder\u00e1 ser prorrogado, uma \u00fanica vez, por mais dois anos.<\/li><\/ul>\n\n\n\n<ul class=\"wp-block-list\"><li><a href=\"https:\/\/www.estrategiaconcursos.com.br\/blog\/concurso-indea-mt\/\">INDEA MT<\/a>: Foi publicado nesta quinta-feira, 24 de mar\u00e7o, o extrato do contrato&nbsp;&nbsp; firmado entre O Instituto de Defesa Agropecu\u00e1ria de Mato Grosso \u2013 INDEA\/MT e a empresa IBFC para organiza\u00e7\u00e3o do concurso p\u00fablico. O prazo de vig\u00eancia&nbsp;&nbsp; do contrato ser\u00e1 de 24 meses, contados a partir da assinatura do documento. O certame vai ofertar oportunidades de n\u00edveis m\u00e9dio e superior, com sal\u00e1rios&nbsp;&nbsp; iniciais a partir de R$ 4.964,65. Agora, o pr\u00f3ximo passo ser\u00e1 a publica\u00e7\u00e3o do edital de abertura, que deve ocorrer a qualquer momento.<\/li><\/ul>\n\n\n\n<ul class=\"wp-block-list\"><li><a href=\"https:\/\/www.estrategiaconcursos.com.br\/blog\/concurso-guarda-municipal-betim\/\">Guarda de Betim<\/a>:<strong> <\/strong>Foi publicado o edital do concurso Guarda Betim com 120 vagas para o cargo de Guarda Municipal, de n\u00edvel superior e sal\u00e1rio inicial de R$ 1.916,02, acrescido de adicional de periculosidade de 30%. Os interessados em participar da sele\u00e7\u00e3o devem realizar as inscri\u00e7\u00f5es no per\u00edodo de 16 de maio a 16 de junho, no site da banca organizadora, IBGP. A prova \u00e9 prevista para 17 de julho.<\/li><\/ul>\n\n\n\n<ul class=\"wp-block-list\"><li><a href=\"https:\/\/www.estrategiaconcursos.com.br\/blog\/concurso-sejus-es\/\">Pol\u00edcia Penal ES<\/a>: Segundo informa\u00e7\u00f5es da assessoria de imprensa, a publica\u00e7\u00e3o do edital do concurso Pol\u00edcia Penal ES \u00e9 prevista para o final do primeiro semestre. Com comiss\u00e3o formada, s\u00e3o previstas 600 vagas imediatas, al\u00e9m de forma\u00e7\u00e3o de cadastro de reserva. Atualmente, est\u00e1 em andamento o tr\u00e2mite administrativo para contrata\u00e7\u00e3o da banca organizadora.<\/li><\/ul>\n\n\n\n<ul class=\"wp-block-list\"><li><a href=\"https:\/\/www.estrategiaconcursos.com.br\/blog\/concurso-pericia-oficial-al\/\">Per\u00edcia Oficial AL<\/a>:<strong> <\/strong>O secret\u00e1rio Fabr\u00edcio Marques Santos anunciou a previs\u00e3o de publica\u00e7\u00e3o do edital do concurso Per\u00edcia Oficial AL at\u00e9 15 de abril. Agora, o pr\u00f3ximo passo ser\u00e1 a contrata\u00e7\u00e3o da empresa organizadora. S\u00e3o previstas 112 vagas, distribu\u00eddas entre os cargos de Perito Criminal, Perito M\u00e9dico-Legista, Odontologista, Papiloscopista e T\u00e9cnico Forense. Os sal\u00e1rios variam de R$ 3.739,43 a R$ 8.411,33.<\/li><\/ul>\n\n\n\n<ul class=\"wp-block-list\"><li><a href=\"https:\/\/www.estrategiaconcursos.com.br\/blog\/concurso-pcdf-administrativo\/\">PCDF Administrativo<\/a>:<strong> <\/strong>O concurso PCDF Administrativo est\u00e1 cada vez mais perto de acontecer! A Pol\u00edcia Civil do Distrito Federal recebeu compet\u00eancia para realizar um certame com provimento de 740 vagas. As oportunidades ser\u00e3o distribu\u00eddas entre n\u00edvel m\u00e9dio e superior, sendo 60 vagas para Gestor de Apoio e 200 para Analista de Apoio \u00e0s Atividades Policiais. J\u00e1 as demais 480 vagas ser\u00e3o em cadastro de reserva.<\/li><\/ul>\n\n\n\n<ul class=\"wp-block-list\"><li><a href=\"https:\/\/www.estrategiaconcursos.com.br\/blog\/concurso-gcm-sp\/\">GCM SP<\/a>:<strong> <\/strong>Foi divulgada a portaria que autoriza a contrata\u00e7\u00e3o do Instituto Brasileiro de Apoio e Desenvolvimento Executivo (IBADE) como banca organizadora do concurso GCM SP. S\u00e3o previstas 1.000 vagas imediatas ao cargo de Guarda Civil Metropolitano, que exige forma\u00e7\u00e3o de n\u00edvel m\u00e9dio.<\/li><\/ul>\n\n\n\n<ul class=\"wp-block-list\"><li><a href=\"https:\/\/www.estrategiaconcursos.com.br\/blog\/concurso-gcm-suzano\/\">Guarda de Suzano<\/a>: Foi publicado o edital do concurso GCM Suzano, no estado de S\u00e3o Paulo. S\u00e3o ofertadas 20 vagas para Guarda Municipal, com exig\u00eancia de n\u00edvel m\u00e9dio completo e sal\u00e1rio de R$ 2.028,02. As inscri\u00e7\u00f5es j\u00e1 est\u00e3o abertas e ser\u00e3o aceitas at\u00e9 o dia 25 de abril, no site do Instituto Nosso Rumo. A prova \u00e9 prevista para o dia 29 de maio.<\/li><\/ul>\n\n\n\n<ul class=\"wp-block-list\"><li><a href=\"https:\/\/cj.estrategia.com\/portal\/concurso-cartorio-am\/\">Concurso Cart\u00f3rio AM<\/a>: Foi formada a nova comiss\u00e3o organizadora do novo concurso para a outorga de delega\u00e7\u00f5es das serventias extrajudiciais de notas e registro do Estado do Amazonas, para provimento inicial e por remo\u00e7\u00e3o. Ainda n\u00e3o foi definido o n\u00famero de vagas. O candidato ao concurso cujo provimento se d\u00ea por ingresso dever\u00e1 comprovar a conclus\u00e3o do curso de bacharel em Direito ou o exerc\u00edcio de dez anos de em servi\u00e7o notarial ou de registro, at\u00e9 a data da primeira publica\u00e7\u00e3o do edital.<\/li><\/ul>\n\n\n\n<ul class=\"wp-block-list\"><li><a href=\"https:\/\/cj.estrategia.com\/portal\/concurso-mp-se-promotor\/\">Concurso Promotor SE<\/a>: O Minist\u00e9rio P\u00fablico do Estado de Sergipe divulgou o extrato de contrato com o Cebraspe para organizar o novo concurso que ofertar\u00e1 5 vagas para o cargo de Promotor de Justi\u00e7a, com remunera\u00e7\u00e3o de R$ 30.404,42. A comiss\u00e3o tamb\u00e9m foi formada e teve seu regimento interno divulgado. Para concorrer ao cargo, o candidato deve comprovar bacharelado em Direito e 3 anos de atividade jur\u00eddica<\/li><\/ul>\n\n\n\n<ul class=\"wp-block-list\"><li><a href=\"https:\/\/cj.estrategia.com\/portal\/concurso-delegado-al\/\">Concurso Delegado AL<\/a>: De acordo com uma publica\u00e7\u00e3o na rede social do Secret\u00e1rio de Estado do Planejamento, Gest\u00e3o e Patrim\u00f4nio, Fabr\u00edcio Santos, o edital que ofertar\u00e1 40 vagas iniciais para o cargo de Delegado de Pol\u00edcia Civil do Alagoas pode ser publicado em 29 de abril. Segundo ele, o certame, j\u00e1 autorizado e com comiss\u00e3o formada, est\u00e1 nos detalhes finais de organiza\u00e7\u00e3o. Uma minuta de contrato divulgada anteriormente apontou ainda que Cebraspe ser\u00e1 o respons\u00e1vel pelo certame. O cargo tem sal\u00e1rio de R$ 21.895,96 e exige apenas diploma em Direito.<\/li><\/ul>\n\n\n\n<ul class=\"wp-block-list\"><li><a href=\"https:\/\/www.estrategiaconcursos.com.br\/blog\/concurso-tj-ce\/\">Concurso TJ CE<\/a>: Foi publicado o edital do concurso que oferta 51 vagas imediatas, al\u00e9m de forma\u00e7\u00e3o de cadastro de reserva, para cargos de n\u00edvel superior no Tribunal de Justi\u00e7a do Cear\u00e1. S\u00e3o 16 vagas para Analista Judici\u00e1rio na \u00e1rea de Ci\u00eancias da Computa\u00e7\u00e3o, 25 na \u00c1rea Judici\u00e1ria e 10 para Oficial de Justi\u00e7a. Os interessados poder\u00e3o se inscrever entre os dias 4 de abril e 6 de maio, no portal da Funda\u00e7\u00e3o Carlos Chagas (FCC), ao custo de R$ 112,00. As remunera\u00e7\u00f5es variam de R$ 8.795,28 a R$ 10.824,96. As provas est\u00e3o previstas para 19 de junho.<\/li><\/ul>\n\n\n\n<ul class=\"wp-block-list\"><li><a href=\"https:\/\/www.estrategiaconcursos.com.br\/blog\/concurso-tj-to\/\">Concurso TJ TO<\/a>: Foi publicado edital do concurso para o Tribunal de Justi\u00e7a de Tocantins com oferta de 63 vagas, al\u00e9m de cadastro de reserva, para cargos de n\u00edveis m\u00e9dio e superior. Os sal\u00e1rios variam de R$ 5.625,38 a R$ 9.417,98. Interessados dever\u00e3o se candidatar por meio do site da empresa FGV, organizadora do certame, entre os dias 28 de mar\u00e7o de 2022 at\u00e9 o dia 2 de maio. As provas objetivas devem ocorrer em 26 de junho de 2022.<\/li><\/ul>\n\n\n\n<ul class=\"wp-block-list\"><li><a href=\"https:\/\/www.estrategiaconcursos.com.br\/blog\/concurso-tj-pi\/\">Concurso TJ PI<\/a>: Foi dado in\u00edcio ao processo de escolha da banca organizadora do concurso p\u00fablico para o Tribunal de Justi\u00e7a do Piau\u00ed. O presidente e representante do \u00f3rg\u00e3o, desembargador Jos\u00e9 Ribamar de Oliveira, anunciou que o edital deve ser divulgado ainda em mar\u00e7o. O certame ter\u00e1, pelo menos, 100 vagas para novos servidores. De acordo com o mandat\u00e1rio, as oportunidades ser\u00e3o destinadas para os cargos de analista administrativo e judici\u00e1rio, com remunera\u00e7\u00f5es que variam entre R$ 3.227,87 e R$ 14.470,28.<\/li><\/ul>\n\n\n\n<ul class=\"wp-block-list\"><li><a href=\"https:\/\/www.estrategiaconcursos.com.br\/blog\/concurso-trt-rs\/\">Concurso TRT4<\/a>: Foi oficialmente formada a comiss\u00e3o de membros que acompanhar\u00e1 as atividades do concurso do Tribunal Regional do Trabalho do Rio Grande do Sul, na 4\u00aa Regi\u00e3o. Atualmente existem 424 cargos vagos, de um total de 3.540 cargos no TRT 4, o que representa aproximadamente um d\u00e9ficit de 12% de quadro de pessoal. Por quest\u00f5es or\u00e7ament\u00e1rias, contudo, somente 07 cargos s\u00e3o pass\u00edveis de provimento imediato.<\/li><\/ul>\n\n\n\n<ul class=\"wp-block-list\"><li><a href=\"https:\/\/www.estrategiaconcursos.com.br\/blog\/concurso-mp-mg\/\">Concurso MP MG<\/a>: A Assessoria do Minist\u00e9rio P\u00fablico de Minas Gerais confirmou a inten\u00e7\u00e3o de divulgar o edital para servidores ainda no primeiro semestre de 2022. Lembrando que o MP MG j\u00e1 divulgou a composi\u00e7\u00e3o da comiss\u00e3o organizadora do novo concurso para cargos efetivos do Quadro Permanente dos Servi\u00e7os Auxiliares do \u00f3rg\u00e3o, com sal\u00e1rios que variam de R$ 3.728,29 a R$ 5.743,70. O MPMG tem hoje 201 cargos vagos.<\/li><\/ul>\n\n\n\n<ul class=\"wp-block-list\"><li><a href=\"https:\/\/www.estrategiaconcursos.com.br\/blog\/concurso-dpe-am\/\">Concurso DPE AM<\/a>: A FCC (Funda\u00e7\u00e3o Carlos Chagas) foi definida como banca organizadora do pr\u00f3ximo concurso Defensoria P\u00fablica do Estado do Amazonas. A contrata\u00e7\u00e3o foi realizada por meio de dispensa de licita\u00e7\u00e3o. Ap\u00f3s a divulga\u00e7\u00e3o do extrato de contrato, o edital finalmente poder\u00e1 ser publicado. Ser\u00e3o ofertadas vagas para os cargos de Analista Jur\u00eddico de Defensoria \u2013 Ci\u00eancias Jur\u00eddicas e Assistente T\u00e9cnico de Defensoria \u2013 Assistente T\u00e9cnico Administrativo, com remunera\u00e7\u00f5es que variam de R$ 3.531,95 a R$ 6.000,00.<\/li><\/ul>\n\n\n\n<ul class=\"wp-block-list\"><li><a href=\"https:\/\/www.estrategiaconcursos.com.br\/blog\/concurso-dpe-mt\/\">Concurso DPE MT<\/a>: A Defensoria P\u00fablica do Mato Grosso definiu o IBFC como banca organizadora do novo edital para a \u00e1rea de apoio. O certame est\u00e1 previsto para acontecer em 2022, conforme demonstrado na Lei Or\u00e7ament\u00e1ria Anual. S\u00e3o previstas 68 vagas, sendo 3 para Controlador Interno, 40 para T\u00e9cnico Administrativo e 25 para Analista. Os sal\u00e1rios variam entre 1.896,56; R$ 4.741,40 e R$ 8.720,23.<\/li><\/ul>\n\n\n\n<ul class=\"wp-block-list\"><li><a href=\"https:\/\/www.estrategiaconcursos.com.br\/blog\/concurso-mp-ba\/\" target=\"_blank\" rel=\"noreferrer noopener\">Concurso MP BA:<\/a> O Minist\u00e9rio P\u00fablico da Bahia tem comiss\u00e3o organizadora formada para novo edital destinado ao quadro de servidores. Ainda n\u00e3o h\u00e1 defini\u00e7\u00e3o sobre os cargos e vagas do edital. O MP BA conta com 173 cargos vagos atualmente.<\/li><\/ul>\n\n\n\n<ul class=\"wp-block-list\"><li><a href=\"https:\/\/www.estrategiaconcursos.com.br\/blog\/concurso-mp-sc\/\">Concurso MP SC:<\/a> O Minist\u00e9rio P\u00fablico de Santa Catarina publicou novo edital com 50 vagas imediatas, al\u00e9m de cadastro de reserva, em cargos de n\u00edveis m\u00e9dio e superior. As inscri\u00e7\u00f5es estar\u00e3o abertas no per\u00edodo de 30 de mar\u00e7o at\u00e9 28 de abril. A prova objetiva est\u00e1 prevista para 12 de junho de 2022. Os sal\u00e1rios variam de R$ 6.233,73 at\u00e9 R$ 8.040,06.<\/li><\/ul>\n\n\n\n<p>Desejo a todos uma excelente semana de estudos!<\/p>\n\n\n\n<p>Abra\u00e7os,<\/p>\n\n\n\n<p><strong>Prof. Diego Cerqueira<\/strong><\/p>\n","protected":false},"excerpt":{"rendered":"<p>Confira, em nossa septuag\u00e9sima quarta carta aos assinantes, a nossa programa\u00e7\u00e3o semanal, as novidades do nosso Sistema de Quest\u00f5es e as principais movimenta\u00e7\u00f5es de concursos. Ol\u00e1, pessoal. Tudo bem? Aqui \u00e9 o Prof. Diego Cerqueira em nossa septuag\u00e9sima quarta carta aos Assinantes do Estrat\u00e9gia Concursos. Gostaria de iniciar essa carta falando com os nossos alunos [&hellip;]<\/p>\n","protected":false},"author":1789,"featured_media":995214,"comment_status":"open","ping_status":"closed","sticky":false,"template":"","format":"standard","meta":{"post_tipo":"article","footnotes":""},"categories":[1],"tags":[],"tax_estado":[219964,219965,219966,219967,219968,219969,219963,219970,219971,219972,219973,219974,219975,219976,219977,219978,219979,219980,219981,219982,219983,219984,219985,219986,219987,219988,219989,219990],"class_list":["post-995211","post","type-post","status-publish","format-standard","has-post-thumbnail","hentry","category-cursos-e-concursos","tax_estado-ac","tax_estado-al","tax_estado-am","tax_estado-ap","tax_estado-ba","tax_estado-ce","tax_estado-concursos-federais","tax_estado-df","tax_estado-es","tax_estado-go","tax_estado-ma","tax_estado-mg","tax_estado-ms","tax_estado-mt","tax_estado-pa","tax_estado-pb","tax_estado-pe","tax_estado-pi","tax_estado-pr","tax_estado-rj","tax_estado-rn","tax_estado-ro","tax_estado-rr","tax_estado-rs","tax_estado-sc","tax_estado-se","tax_estado-sp","tax_estado-to"],"acf":[],"yoast_head":"<!-- This site is optimized with the Yoast SEO Premium plugin v27.2 (Yoast SEO v27.2) - https:\/\/yoast.com\/product\/yoast-seo-premium-wordpress\/ -->\n<title>Carta aos Assinantes do Estrat\u00e9gia Concursos - 074<\/title>\n<meta name=\"description\" content=\"Confira, em nossa 74\u00aa carta aos assinantes, a nossa programa\u00e7\u00e3o semanal, as novidades do nosso SQ e as principais movimenta\u00e7\u00f5es de concursos.\" \/>\n<meta name=\"robots\" content=\"index, follow, max-snippet:-1, max-image-preview:large, max-video-preview:-1\" \/>\n<link rel=\"canonical\" href=\"https:\/\/www.estrategiaconcursos.com.br\/blog\/carta-aos-assinantes-074\/\" \/>\n<meta property=\"og:locale\" content=\"pt_BR\" \/>\n<meta property=\"og:type\" content=\"article\" \/>\n<meta property=\"og:title\" content=\"Carta aos Assinantes do Estrat\u00e9gia Concursos - 074\" \/>\n<meta property=\"og:description\" content=\"Confira, em nossa 74\u00aa carta aos assinantes, a nossa programa\u00e7\u00e3o semanal, as novidades do nosso SQ e as principais movimenta\u00e7\u00f5es de concursos.\" \/>\n<meta property=\"og:url\" content=\"https:\/\/www.estrategiaconcursos.com.br\/blog\/carta-aos-assinantes-074\/\" \/>\n<meta property=\"og:site_name\" content=\"Estrat\u00e9gia Concursos\" \/>\n<meta property=\"article:published_time\" content=\"2022-03-28T12:00:00+00:00\" \/>\n<meta property=\"article:modified_time\" content=\"2022-04-01T19:45:11+00:00\" \/>\n<meta property=\"og:image\" content=\"https:\/\/dhg1h5j42swfq.cloudfront.net\/2022\/03\/26005107\/imagem-carta-aos-assinantes-3.png\" \/>\n\t<meta property=\"og:image:width\" content=\"800\" \/>\n\t<meta property=\"og:image:height\" content=\"450\" \/>\n\t<meta property=\"og:image:type\" content=\"image\/png\" \/>\n<meta name=\"author\" content=\"Coordena\u00e7\u00e3o Estrat\u00e9gia\" \/>\n<meta name=\"twitter:card\" content=\"summary_large_image\" \/>\n<meta name=\"twitter:creator\" content=\"@EstratConcursos\" \/>\n<meta name=\"twitter:site\" content=\"@EstratConcursos\" \/>\n<meta name=\"twitter:label1\" content=\"Escrito por\" \/>\n\t<meta name=\"twitter:data1\" content=\"Coordena\u00e7\u00e3o Estrat\u00e9gia\" \/>\n\t<meta name=\"twitter:label2\" content=\"Est. tempo de leitura\" \/>\n\t<meta name=\"twitter:data2\" content=\"11 minutos\" \/>\n<script type=\"application\/ld+json\" class=\"yoast-schema-graph\">{\"@context\":\"https:\/\/schema.org\",\"@graph\":[{\"@type\":\"NewsArticle\",\"@id\":\"https:\/\/www.estrategiaconcursos.com.br\/blog\/carta-aos-assinantes-074\/#article\",\"isPartOf\":{\"@id\":\"https:\/\/www.estrategiaconcursos.com.br\/blog\/carta-aos-assinantes-074\/\"},\"author\":{\"name\":\"Coordena\u00e7\u00e3o Estrat\u00e9gia\",\"@id\":\"https:\/\/www.estrategiaconcursos.com.br\/blog\/#\/schema\/person\/ba5fab3b1fa4a358429e37bc50f74021\"},\"headline\":\"Carta aos Assinantes do Estrat\u00e9gia Concursos &#8211; 074\",\"datePublished\":\"2022-03-28T12:00:00+00:00\",\"dateModified\":\"2022-04-01T19:45:11+00:00\",\"mainEntityOfPage\":{\"@id\":\"https:\/\/www.estrategiaconcursos.com.br\/blog\/carta-aos-assinantes-074\/\"},\"wordCount\":1995,\"commentCount\":0,\"publisher\":{\"@id\":\"https:\/\/www.estrategiaconcursos.com.br\/blog\/#organization\"},\"image\":{\"@id\":\"https:\/\/www.estrategiaconcursos.com.br\/blog\/carta-aos-assinantes-074\/#primaryimage\"},\"thumbnailUrl\":\"https:\/\/dhg1h5j42swfq.cloudfront.net\/2022\/03\/26005107\/imagem-carta-aos-assinantes-3.png\",\"articleSection\":[\"Concursos P\u00fablicos\"],\"inLanguage\":\"pt-BR\",\"potentialAction\":[{\"@type\":\"CommentAction\",\"name\":\"Comment\",\"target\":[\"https:\/\/www.estrategiaconcursos.com.br\/blog\/carta-aos-assinantes-074\/#respond\"]}],\"copyrightYear\":\"2022\",\"copyrightHolder\":{\"@id\":\"https:\/\/www.estrategiaconcursos.com.br\/blog\/#organization\"}},{\"@type\":\"WebPage\",\"@id\":\"https:\/\/www.estrategiaconcursos.com.br\/blog\/carta-aos-assinantes-074\/\",\"url\":\"https:\/\/www.estrategiaconcursos.com.br\/blog\/carta-aos-assinantes-074\/\",\"name\":\"Carta aos Assinantes do Estrat\u00e9gia Concursos - 074\",\"isPartOf\":{\"@id\":\"https:\/\/www.estrategiaconcursos.com.br\/blog\/#website\"},\"primaryImageOfPage\":{\"@id\":\"https:\/\/www.estrategiaconcursos.com.br\/blog\/carta-aos-assinantes-074\/#primaryimage\"},\"image\":{\"@id\":\"https:\/\/www.estrategiaconcursos.com.br\/blog\/carta-aos-assinantes-074\/#primaryimage\"},\"thumbnailUrl\":\"https:\/\/dhg1h5j42swfq.cloudfront.net\/2022\/03\/26005107\/imagem-carta-aos-assinantes-3.png\",\"datePublished\":\"2022-03-28T12:00:00+00:00\",\"dateModified\":\"2022-04-01T19:45:11+00:00\",\"description\":\"Confira, em nossa 74\u00aa carta aos assinantes, a nossa programa\u00e7\u00e3o semanal, as novidades do nosso SQ e as principais movimenta\u00e7\u00f5es de concursos.\",\"breadcrumb\":{\"@id\":\"https:\/\/www.estrategiaconcursos.com.br\/blog\/carta-aos-assinantes-074\/#breadcrumb\"},\"inLanguage\":\"pt-BR\",\"potentialAction\":[{\"@type\":\"ReadAction\",\"target\":[\"https:\/\/www.estrategiaconcursos.com.br\/blog\/carta-aos-assinantes-074\/\"]}]},{\"@type\":\"ImageObject\",\"inLanguage\":\"pt-BR\",\"@id\":\"https:\/\/www.estrategiaconcursos.com.br\/blog\/carta-aos-assinantes-074\/#primaryimage\",\"url\":\"https:\/\/dhg1h5j42swfq.cloudfront.net\/2022\/03\/26005107\/imagem-carta-aos-assinantes-3.png\",\"contentUrl\":\"https:\/\/dhg1h5j42swfq.cloudfront.net\/2022\/03\/26005107\/imagem-carta-aos-assinantes-3.png\",\"width\":800,\"height\":450},{\"@type\":\"BreadcrumbList\",\"@id\":\"https:\/\/www.estrategiaconcursos.com.br\/blog\/carta-aos-assinantes-074\/#breadcrumb\",\"itemListElement\":[{\"@type\":\"ListItem\",\"position\":1,\"name\":\"In\u00edcio\",\"item\":\"https:\/\/www.estrategiaconcursos.com.br\/blog\/\"},{\"@type\":\"ListItem\",\"position\":2,\"name\":\"Carta aos Assinantes do Estrat\u00e9gia Concursos &#8211; 074\"}]},{\"@type\":\"WebSite\",\"@id\":\"https:\/\/www.estrategiaconcursos.com.br\/blog\/#website\",\"url\":\"https:\/\/www.estrategiaconcursos.com.br\/blog\/\",\"name\":\"Estrat\u00e9gia Concursos\",\"description\":\"O blog da Estrat\u00e9gia Concursos traz not\u00edcias sobre concursos e artigos de professores oferecendo cursos para concursos (pdf + videaulas) no site.\",\"publisher\":{\"@id\":\"https:\/\/www.estrategiaconcursos.com.br\/blog\/#organization\"},\"potentialAction\":[{\"@type\":\"SearchAction\",\"target\":{\"@type\":\"EntryPoint\",\"urlTemplate\":\"https:\/\/www.estrategiaconcursos.com.br\/blog\/?s={search_term_string}\"},\"query-input\":{\"@type\":\"PropertyValueSpecification\",\"valueRequired\":true,\"valueName\":\"search_term_string\"}}],\"inLanguage\":\"pt-BR\"},{\"@type\":\"Organization\",\"@id\":\"https:\/\/www.estrategiaconcursos.com.br\/blog\/#organization\",\"name\":\"Estrat\u00e9gia Concursos\",\"url\":\"https:\/\/www.estrategiaconcursos.com.br\/blog\/\",\"logo\":{\"@type\":\"ImageObject\",\"inLanguage\":\"pt-BR\",\"@id\":\"https:\/\/www.estrategiaconcursos.com.br\/blog\/#\/schema\/logo\/image\/\",\"url\":\"https:\/\/dhg1h5j42swfq.cloudfront.net\/2025\/06\/03203428\/logo_concursos-1.jpg\",\"contentUrl\":\"https:\/\/dhg1h5j42swfq.cloudfront.net\/2025\/06\/03203428\/logo_concursos-1.jpg\",\"width\":230,\"height\":60,\"caption\":\"Estrat\u00e9gia Concursos\"},\"image\":{\"@id\":\"https:\/\/www.estrategiaconcursos.com.br\/blog\/#\/schema\/logo\/image\/\"},\"sameAs\":[\"https:\/\/x.com\/EstratConcursos\"]},{\"@type\":\"Person\",\"@id\":\"https:\/\/www.estrategiaconcursos.com.br\/blog\/#\/schema\/person\/ba5fab3b1fa4a358429e37bc50f74021\",\"name\":\"Coordena\u00e7\u00e3o Estrat\u00e9gia\",\"image\":{\"@type\":\"ImageObject\",\"inLanguage\":\"pt-BR\",\"@id\":\"https:\/\/secure.gravatar.com\/avatar\/adff33ff18541ba37c900dd2b1e82dbfb0fe33d873b92636b4827a8da462feb3?s=96&d=mm&r=g\",\"url\":\"https:\/\/secure.gravatar.com\/avatar\/adff33ff18541ba37c900dd2b1e82dbfb0fe33d873b92636b4827a8da462feb3?s=96&d=mm&r=g\",\"contentUrl\":\"https:\/\/secure.gravatar.com\/avatar\/adff33ff18541ba37c900dd2b1e82dbfb0fe33d873b92636b4827a8da462feb3?s=96&d=mm&r=g\",\"caption\":\"Coordena\u00e7\u00e3o Estrat\u00e9gia\"},\"url\":\"https:\/\/www.estrategiaconcursos.com.br\/blog\/author\/victor-tanakaaestrategiaconcursos-com-br\/\"}]}<\/script>\n<!-- \/ Yoast SEO Premium plugin. -->","yoast_head_json":{"title":"Carta aos Assinantes do Estrat\u00e9gia Concursos - 074","description":"Confira, em nossa 74\u00aa carta aos assinantes, a nossa programa\u00e7\u00e3o semanal, as novidades do nosso SQ e as principais movimenta\u00e7\u00f5es de concursos.","robots":{"index":"index","follow":"follow","max-snippet":"max-snippet:-1","max-image-preview":"max-image-preview:large","max-video-preview":"max-video-preview:-1"},"canonical":"https:\/\/www.estrategiaconcursos.com.br\/blog\/carta-aos-assinantes-074\/","og_locale":"pt_BR","og_type":"article","og_title":"Carta aos Assinantes do Estrat\u00e9gia Concursos - 074","og_description":"Confira, em nossa 74\u00aa carta aos assinantes, a nossa programa\u00e7\u00e3o semanal, as novidades do nosso SQ e as principais movimenta\u00e7\u00f5es de concursos.","og_url":"https:\/\/www.estrategiaconcursos.com.br\/blog\/carta-aos-assinantes-074\/","og_site_name":"Estrat\u00e9gia Concursos","article_published_time":"2022-03-28T12:00:00+00:00","article_modified_time":"2022-04-01T19:45:11+00:00","og_image":[{"width":800,"height":450,"url":"https:\/\/dhg1h5j42swfq.cloudfront.net\/2022\/03\/26005107\/imagem-carta-aos-assinantes-3.png","type":"image\/png"}],"author":"Coordena\u00e7\u00e3o Estrat\u00e9gia","twitter_card":"summary_large_image","twitter_creator":"@EstratConcursos","twitter_site":"@EstratConcursos","twitter_misc":{"Escrito por":"Coordena\u00e7\u00e3o Estrat\u00e9gia","Est. tempo de leitura":"11 minutos"},"schema":{"@context":"https:\/\/schema.org","@graph":[{"@type":"NewsArticle","@id":"https:\/\/www.estrategiaconcursos.com.br\/blog\/carta-aos-assinantes-074\/#article","isPartOf":{"@id":"https:\/\/www.estrategiaconcursos.com.br\/blog\/carta-aos-assinantes-074\/"},"author":{"name":"Coordena\u00e7\u00e3o Estrat\u00e9gia","@id":"https:\/\/www.estrategiaconcursos.com.br\/blog\/#\/schema\/person\/ba5fab3b1fa4a358429e37bc50f74021"},"headline":"Carta aos Assinantes do Estrat\u00e9gia Concursos &#8211; 074","datePublished":"2022-03-28T12:00:00+00:00","dateModified":"2022-04-01T19:45:11+00:00","mainEntityOfPage":{"@id":"https:\/\/www.estrategiaconcursos.com.br\/blog\/carta-aos-assinantes-074\/"},"wordCount":1995,"commentCount":0,"publisher":{"@id":"https:\/\/www.estrategiaconcursos.com.br\/blog\/#organization"},"image":{"@id":"https:\/\/www.estrategiaconcursos.com.br\/blog\/carta-aos-assinantes-074\/#primaryimage"},"thumbnailUrl":"https:\/\/dhg1h5j42swfq.cloudfront.net\/2022\/03\/26005107\/imagem-carta-aos-assinantes-3.png","articleSection":["Concursos P\u00fablicos"],"inLanguage":"pt-BR","potentialAction":[{"@type":"CommentAction","name":"Comment","target":["https:\/\/www.estrategiaconcursos.com.br\/blog\/carta-aos-assinantes-074\/#respond"]}],"copyrightYear":"2022","copyrightHolder":{"@id":"https:\/\/www.estrategiaconcursos.com.br\/blog\/#organization"}},{"@type":"WebPage","@id":"https:\/\/www.estrategiaconcursos.com.br\/blog\/carta-aos-assinantes-074\/","url":"https:\/\/www.estrategiaconcursos.com.br\/blog\/carta-aos-assinantes-074\/","name":"Carta aos Assinantes do Estrat\u00e9gia Concursos - 074","isPartOf":{"@id":"https:\/\/www.estrategiaconcursos.com.br\/blog\/#website"},"primaryImageOfPage":{"@id":"https:\/\/www.estrategiaconcursos.com.br\/blog\/carta-aos-assinantes-074\/#primaryimage"},"image":{"@id":"https:\/\/www.estrategiaconcursos.com.br\/blog\/carta-aos-assinantes-074\/#primaryimage"},"thumbnailUrl":"https:\/\/dhg1h5j42swfq.cloudfront.net\/2022\/03\/26005107\/imagem-carta-aos-assinantes-3.png","datePublished":"2022-03-28T12:00:00+00:00","dateModified":"2022-04-01T19:45:11+00:00","description":"Confira, em nossa 74\u00aa carta aos assinantes, a nossa programa\u00e7\u00e3o semanal, as novidades do nosso SQ e as principais movimenta\u00e7\u00f5es de concursos.","breadcrumb":{"@id":"https:\/\/www.estrategiaconcursos.com.br\/blog\/carta-aos-assinantes-074\/#breadcrumb"},"inLanguage":"pt-BR","potentialAction":[{"@type":"ReadAction","target":["https:\/\/www.estrategiaconcursos.com.br\/blog\/carta-aos-assinantes-074\/"]}]},{"@type":"ImageObject","inLanguage":"pt-BR","@id":"https:\/\/www.estrategiaconcursos.com.br\/blog\/carta-aos-assinantes-074\/#primaryimage","url":"https:\/\/dhg1h5j42swfq.cloudfront.net\/2022\/03\/26005107\/imagem-carta-aos-assinantes-3.png","contentUrl":"https:\/\/dhg1h5j42swfq.cloudfront.net\/2022\/03\/26005107\/imagem-carta-aos-assinantes-3.png","width":800,"height":450},{"@type":"BreadcrumbList","@id":"https:\/\/www.estrategiaconcursos.com.br\/blog\/carta-aos-assinantes-074\/#breadcrumb","itemListElement":[{"@type":"ListItem","position":1,"name":"In\u00edcio","item":"https:\/\/www.estrategiaconcursos.com.br\/blog\/"},{"@type":"ListItem","position":2,"name":"Carta aos Assinantes do Estrat\u00e9gia Concursos &#8211; 074"}]},{"@type":"WebSite","@id":"https:\/\/www.estrategiaconcursos.com.br\/blog\/#website","url":"https:\/\/www.estrategiaconcursos.com.br\/blog\/","name":"Estrat\u00e9gia Concursos","description":"O blog da Estrat\u00e9gia Concursos traz not\u00edcias sobre concursos e artigos de professores oferecendo cursos para concursos (pdf + videaulas) no site.","publisher":{"@id":"https:\/\/www.estrategiaconcursos.com.br\/blog\/#organization"},"potentialAction":[{"@type":"SearchAction","target":{"@type":"EntryPoint","urlTemplate":"https:\/\/www.estrategiaconcursos.com.br\/blog\/?s={search_term_string}"},"query-input":{"@type":"PropertyValueSpecification","valueRequired":true,"valueName":"search_term_string"}}],"inLanguage":"pt-BR"},{"@type":"Organization","@id":"https:\/\/www.estrategiaconcursos.com.br\/blog\/#organization","name":"Estrat\u00e9gia Concursos","url":"https:\/\/www.estrategiaconcursos.com.br\/blog\/","logo":{"@type":"ImageObject","inLanguage":"pt-BR","@id":"https:\/\/www.estrategiaconcursos.com.br\/blog\/#\/schema\/logo\/image\/","url":"https:\/\/dhg1h5j42swfq.cloudfront.net\/2025\/06\/03203428\/logo_concursos-1.jpg","contentUrl":"https:\/\/dhg1h5j42swfq.cloudfront.net\/2025\/06\/03203428\/logo_concursos-1.jpg","width":230,"height":60,"caption":"Estrat\u00e9gia Concursos"},"image":{"@id":"https:\/\/www.estrategiaconcursos.com.br\/blog\/#\/schema\/logo\/image\/"},"sameAs":["https:\/\/x.com\/EstratConcursos"]},{"@type":"Person","@id":"https:\/\/www.estrategiaconcursos.com.br\/blog\/#\/schema\/person\/ba5fab3b1fa4a358429e37bc50f74021","name":"Coordena\u00e7\u00e3o Estrat\u00e9gia","image":{"@type":"ImageObject","inLanguage":"pt-BR","@id":"https:\/\/secure.gravatar.com\/avatar\/adff33ff18541ba37c900dd2b1e82dbfb0fe33d873b92636b4827a8da462feb3?s=96&d=mm&r=g","url":"https:\/\/secure.gravatar.com\/avatar\/adff33ff18541ba37c900dd2b1e82dbfb0fe33d873b92636b4827a8da462feb3?s=96&d=mm&r=g","contentUrl":"https:\/\/secure.gravatar.com\/avatar\/adff33ff18541ba37c900dd2b1e82dbfb0fe33d873b92636b4827a8da462feb3?s=96&d=mm&r=g","caption":"Coordena\u00e7\u00e3o Estrat\u00e9gia"},"url":"https:\/\/www.estrategiaconcursos.com.br\/blog\/author\/victor-tanakaaestrategiaconcursos-com-br\/"}]}},"_links":{"self":[{"href":"https:\/\/www.estrategiaconcursos.com.br\/blog\/wp-json\/wp\/v2\/posts\/995211","targetHints":{"allow":["GET"]}}],"collection":[{"href":"https:\/\/www.estrategiaconcursos.com.br\/blog\/wp-json\/wp\/v2\/posts"}],"about":[{"href":"https:\/\/www.estrategiaconcursos.com.br\/blog\/wp-json\/wp\/v2\/types\/post"}],"author":[{"embeddable":true,"href":"https:\/\/www.estrategiaconcursos.com.br\/blog\/wp-json\/wp\/v2\/users\/1789"}],"replies":[{"embeddable":true,"href":"https:\/\/www.estrategiaconcursos.com.br\/blog\/wp-json\/wp\/v2\/comments?post=995211"}],"version-history":[{"count":2,"href":"https:\/\/www.estrategiaconcursos.com.br\/blog\/wp-json\/wp\/v2\/posts\/995211\/revisions"}],"predecessor-version":[{"id":995213,"href":"https:\/\/www.estrategiaconcursos.com.br\/blog\/wp-json\/wp\/v2\/posts\/995211\/revisions\/995213"}],"wp:featuredmedia":[{"embeddable":true,"href":"https:\/\/www.estrategiaconcursos.com.br\/blog\/wp-json\/wp\/v2\/media\/995214"}],"wp:attachment":[{"href":"https:\/\/www.estrategiaconcursos.com.br\/blog\/wp-json\/wp\/v2\/media?parent=995211"}],"wp:term":[{"taxonomy":"category","embeddable":true,"href":"https:\/\/www.estrategiaconcursos.com.br\/blog\/wp-json\/wp\/v2\/categories?post=995211"},{"taxonomy":"post_tag","embeddable":true,"href":"https:\/\/www.estrategiaconcursos.com.br\/blog\/wp-json\/wp\/v2\/tags?post=995211"},{"taxonomy":"tax_estado","embeddable":true,"href":"https:\/\/www.estrategiaconcursos.com.br\/blog\/wp-json\/wp\/v2\/tax_estado?post=995211"}],"curies":[{"name":"wp","href":"https:\/\/api.w.org\/{rel}","templated":true}]}}