{"id":995159,"date":"2022-05-23T23:50:00","date_gmt":"2022-05-24T02:50:00","guid":{"rendered":"https:\/\/www.estrategiaconcursos.com.br\/blog\/?p=995159"},"modified":"2022-05-24T08:52:04","modified_gmt":"2022-05-24T11:52:04","slug":"concurso-ses-df-edital-publicado","status":"publish","type":"post","link":"https:\/\/www.estrategiaconcursos.com.br\/blog\/concurso-ses-df-edital-publicado\/","title":{"rendered":"Edital SES DF est\u00e1 com inscri\u00e7\u00f5es encerradas! At\u00e9 R$ 12,6 mil!"},"content":{"rendered":"\n<p>O <strong>edital do concurso SES DF<\/strong> est\u00e1 com suas inscri\u00e7\u00f5es encerradas. Os interessados puderam se inscrever at\u00e9 o dia<strong> 23 de maio<\/strong>, no\u00a0site do IBFC, ao custo de R$ 90,00 a R$ 130,00.<\/p>\n\n\n\n<p>S\u00e3o ofertadas 381 vagas, al\u00e9m de forma\u00e7\u00e3o de cadastro de reserva, para cargos de n\u00edvel superior. As oportunidades s\u00e3o distribu\u00eddas em 230 vagas para M\u00e9dico, 50 para Cirurgi\u00e3o-Dentista e 101 para Enfermeiro.<\/p>\n\n\n\n<p>A remunera\u00e7\u00e3o inicial varia em R$ 3.055,00 a R$ 12.654,00. A aplica\u00e7\u00e3o da prova objetiva \u00e9 prevista para o dia <strong>26 de junho de 2022<\/strong>.<\/p>\n\n\n\n<ul id=\"block-ee678516-e9d1-48bd-b327-7b9acd55f0fd\" class=\"has-pale-ocean-gradient-background has-background wp-block-list\"><li><strong>Banca:\u00a0<\/strong><a href=\"https:\/\/www.ibfc.org.br\/concurso\/concurso_selecionado\/392\" target=\"_blank\" rel=\"noreferrer noopener\">IBFC<\/a><\/li><li><strong>Vagas:\u00a0<\/strong>381 + CR<\/li><li><strong>Sal\u00e1rio inicial:<\/strong>\u00a0R$ 3.055,00 a R$ 12.654,00<\/li><li><strong>Edital:<\/strong> <a href=\"https:\/\/dhg1h5j42swfq.cloudfront.net\/2022\/03\/25202857\/diariooficial-1.pdf\" target=\"_blank\" rel=\"noreferrer noopener nofollow\">SES DF 2022<\/a><\/li><\/ul>\n\n\n\n<div class=\"container\" id=\"boxes\">\n  <div class=\"row\">\n\n    <div class=\"col-sm\">\n      <div class=\"banner-medicina\" id=\"box-assinatura\">\n        <h3 class=\"titulo-assinatura\">Concurso SES DF<\/h3>\n        <p class=\"subtitulo-assinatura\">Conhe\u00e7a os cursos<\/p>\n        <div class=\"box-botao\">\n          <a class=\"btn-assinatura\" target=\"_blank\" href=\"https:\/\/www.estrategiaconcursos.com.br\/cursosPorConcurso\/secretaria-de-saude-df\/\" role=\"button\" rel=\"noopener noreferrer\">Conhe\u00e7a mais<\/a>\n        <\/div>\n      <\/div>\n    \n\n  <\/div>\n<\/div><\/div>\n\n\n\n<h2 class=\"wp-block-heading\" id=\"principais-datas-do-edital-ses-df\">Principais datas do edital SES DF<\/h2>\n\n\n\n<ul class=\"wp-block-list\"><li><strong>Inscri\u00e7\u00f5es<\/strong>: <s>25 de abril a 23 de maio de 2022<\/s><\/li><li><strong>Isen\u00e7\u00e3o da taxa<\/strong>: <s>06 a 10 de abril de 2022<\/s><\/li><li><strong>\u00daltimo dia para pagamento<\/strong>: 24 de maio de 2022<\/li><li><strong>Prova<\/strong>: 26 de junho de 2022<\/li><\/ul>\n\n\n\n<h2 class=\"wp-block-heading\" id=\"vagas\">Cargos, vagas e remunera\u00e7\u00f5es do edital SES DF<\/h2>\n\n\n\n<h3 class=\"wp-block-heading\" id=\"nivel-superior\">N\u00edvel superior<\/h3>\n\n\n\n<figure class=\"wp-block-table is-style-stripes\"><table class=\"has-pale-ocean-gradient-background has-background\"><thead><tr><th class=\"has-text-align-center\" data-align=\"center\">CARGOS<\/th><th class=\"has-text-align-center\" data-align=\"center\">VAGAS<\/th><th class=\"has-text-align-center\" data-align=\"center\">SAL\u00c1RIO<\/th><\/tr><\/thead><tbody><tr><td class=\"has-text-align-center\" data-align=\"center\"><a href=\"https:\/\/www.estrategiaconcursos.com.br\/curso\/ses-df-cirurgiao-dentista-pacote-2022-pos-edital\/\" target=\"_blank\" rel=\"noreferrer noopener\">Cirurgi\u00e3o-Dentista<\/a><\/td><td class=\"has-text-align-center\" data-align=\"center\">50<\/td><td class=\"has-text-align-center\" data-align=\"center\">R$ 4.250,00<\/td><\/tr><tr><td class=\"has-text-align-center\" data-align=\"center\"><a href=\"https:\/\/www.estrategiaconcursos.com.br\/curso\/ses-df-enfermeiro-pacote-2022-pos-edital\/\" target=\"_blank\" rel=\"noreferrer noopener\">Enfermeiro<\/a><\/td><td class=\"has-text-align-center\" data-align=\"center\">101<\/td><td class=\"has-text-align-center\" data-align=\"center\">R$ 3.055,00<\/td><\/tr><tr><td class=\"has-text-align-center\" data-align=\"center\">M\u00e9dico (diversas especialidades)<\/td><td class=\"has-text-align-center\" data-align=\"center\">230<\/td><td class=\"has-text-align-center\" data-align=\"center\">R$ 6.327,00 a R$ 12.654,00<\/td><\/tr><\/tbody><\/table><\/figure>\n\n\n\n<h2 class=\"wp-block-heading\" id=\"h-etapas-e-provas-do-edital-ses-df\">Etapas e Provas do edital SES DF<\/h2>\n\n\n\n<p>O edital do concurso SES DF ser\u00e1 realizado mediante a realiza\u00e7\u00e3o de uma \u00fanica etapa, sendo de Prova Escrita Objetiva, de car\u00e1ter eliminat\u00f3rio e classificat\u00f3rio.<\/p>\n\n\n\n<h3 class=\"wp-block-heading\" id=\"prova-objetiva\">Prova Objetiva<\/h3>\n\n\n\n<p>A Prova Escrita Objetiva de m\u00faltipla escolha, de car\u00e1ter eliminat\u00f3rio e classificat\u00f3rio, ser\u00e1 realizada na data prov\u00e1vel de 26 de junho de 2022.<\/p>\n\n\n\n<p>A Prova Objetiva de m\u00faltipla escolha, ser\u00e1 distribu\u00edda pelos conhecimentos e disciplinas do edital, conforme conte\u00fado program\u00e1tico, sendo que cada quest\u00e3o conter\u00e1 05 alternativas e apenas 1 correta.<\/p>\n\n\n\n<p>A Prova Objetiva ser\u00e1 avaliada na escala de 0 a 140 pontos, considerando-se HABILITADO nesta etapa o candidato que nela obtiver nota igual ou superior a 70 pontos.<\/p>\n\n\n\n<div class=\"wp-block-image\"><figure class=\"aligncenter size-full is-resized\"><img loading=\"lazy\" decoding=\"async\" src=\"https:\/\/dhg1h5j42swfq.cloudfront.net\/2022\/03\/25203004\/image-317.png\" alt=\"Prova objetiva do edital SES DF\" class=\"wp-image-995170\" width=\"505\" height=\"240\" srcset=\"https:\/\/dhg1h5j42swfq.cloudfront.net\/2022\/03\/25203004\/image-317.png 417w, https:\/\/dhg1h5j42swfq.cloudfront.net\/2022\/03\/25203004\/image-317-300x142.png 300w\" sizes=\"auto, (max-width: 505px) 100vw, 505px\" \/><figcaption>Prova objetiva do edital SES DF<\/figcaption><\/figure><\/div>\n\n\n\n<p>A dura\u00e7\u00e3o das Provas ser\u00e1 de 05 horas, inclu\u00eddo o tempo para leitura das instru\u00e7\u00f5es, coleta de digital e preenchimento da Folha de Resposta.<\/p>\n\n\n\n<h2 class=\"has-text-align-center has-background wp-block-heading\" id=\"saiba-mais-concurso-secretaria-de-saude-df\" style=\"background-color:#b6e3d4;font-size:clamp(14px, 0.875rem + ((1vw - 3.2px) * 0.49), 19px);\">Saiba mais: <a href=\"https:\/\/www.estrategiaconcursos.com.br\/blog\/concurso-ses-df\/\" target=\"_blank\" rel=\"noreferrer noopener\">Concurso Secretaria de Sa\u00fade DF<\/a><\/h2>\n\n\n\n<hr class=\"wp-block-separator\"\/>\n\n\n\n<h2 class=\"has-text-align-center wp-block-heading\" id=\"h-quer-saber-tudo-sobre-concursos-previstos-confira-nossos-artigos\">Quer saber tudo sobre concursos previstos?<br \/>Confira nossos artigos!<\/h2>\n\n\n\n<ul class=\"wp-block-list\"><li><a href=\"https:\/\/www.estrategiaconcursos.com.br\/blog\/concursos-abertos\/\" target=\"_blank\" rel=\"noreferrer noopener\">Concursos abertos<\/a><\/li><li><a href=\"https:\/\/www.estrategiaconcursos.com.br\/blog\/concursos-2022\/\" target=\"_blank\" rel=\"noreferrer noopener\">Concursos 2022<\/a><\/li><\/ul>\n\n\n\n<div class=\"container\" id=\"boxes\">\n  <div class=\"row\">\n\n    <div class=\"col-sm\">\n      <div class=\"banner-medicina\" id=\"box-assinatura\">\n        <h3 class=\"titulo-assinatura\">Concurso SES DF<\/h3>\n        <p class=\"subtitulo-assinatura\">Conhe\u00e7a os cursos<\/p>\n        <div class=\"box-botao\">\n          <a class=\"btn-assinatura\" target=\"_blank\" href=\"https:\/\/www.estrategiaconcursos.com.br\/cursosPorConcurso\/secretaria-de-saude-df\/\" role=\"button\" rel=\"noopener noreferrer\">Conhe\u00e7a mais<\/a>\n        <\/div>\n      <\/div>\n    \n\n  <\/div>\n<\/div><\/div>\n\n\n\n<div class=\"container\" id=\"boxes\">\n  <div class=\"row\">\n\n    <div class=\"col-sm\">\n      <div class=\"estrategia\" id=\"box-assinatura\">\n        <h3 class=\"titulo-assinatura\">Assinatura de Concursos<\/h3>\n        <p class=\"subtitulo-assinatura\">Assinatura de 1 ano ou 2 anos<\/p>\n        <div class=\"box-botao\">\n          <a class=\"btn-assinatura\" target=\"_blank\" href=\"https:\/\/www.estrategiaconcursos.com.br\/assinaturas\/\" role=\"button\" rel=\"noopener noreferrer\">ASSINE AGORA<\/a>\n        <\/div>\n      <\/div>\n     \n    <\/div><\/div><\/div>\n\n\n\n<figure class=\"wp-block-image size-large is-resized\"><img loading=\"lazy\" decoding=\"async\" src=\"https:\/\/dhg1h5j42swfq.cloudfront.net\/2021\/06\/29115502\/ficha-tecnica-7-1024x632.png\" alt=\"Ficha t\u00e9cnica \" class=\"wp-image-780263\" width=\"231\" height=\"142\" srcset=\"https:\/\/dhg1h5j42swfq.cloudfront.net\/2021\/06\/29115502\/ficha-tecnica-7-1024x632.png 1024w, https:\/\/dhg1h5j42swfq.cloudfront.net\/2021\/06\/29115502\/ficha-tecnica-7-300x185.png 300w, https:\/\/dhg1h5j42swfq.cloudfront.net\/2021\/06\/29115502\/ficha-tecnica-7-768x474.png 768w, https:\/\/dhg1h5j42swfq.cloudfront.net\/2021\/06\/29115502\/ficha-tecnica-7-1536x948.png 1536w, https:\/\/dhg1h5j42swfq.cloudfront.net\/2021\/06\/29115502\/ficha-tecnica-7-610x377.png 610w, https:\/\/dhg1h5j42swfq.cloudfront.net\/2021\/06\/29115502\/ficha-tecnica-7.png 1571w\" sizes=\"auto, (max-width: 231px) 100vw, 231px\" \/><\/figure>\n\n\n\n<h3 class=\"wp-block-heading\" id=\"ficha-tecnica\">\u2666Informa\u00e7\u00f5es do edital SES DF<\/h3>\n\n\n\n<p>\u25ba<strong>Data prova:<\/strong> 26\/06\/2022<br \/>\u25ba<strong>Vagas: <\/strong>381 + CR<br \/>\u25ba<strong>Banca: <\/strong>IBFC<br \/>\u25ba<strong>Escolaridade: <\/strong>N\u00edvel superior<br \/>\u25ba<strong>Edital:<\/strong> <a href=\"https:\/\/dhg1h5j42swfq.cloudfront.net\/2022\/03\/25202857\/diariooficial-1.pdf\" target=\"_blank\" rel=\"noreferrer noopener nofollow\">SES DF 2022<\/a><\/p>\n","protected":false},"excerpt":{"rendered":"<p>O edital do concurso SES DF est\u00e1 com suas inscri\u00e7\u00f5es encerradas. Os interessados puderam se inscrever at\u00e9 o dia 23 de maio, no\u00a0site do IBFC, ao custo de R$ 90,00 a R$ 130,00. S\u00e3o ofertadas 381 vagas, al\u00e9m de forma\u00e7\u00e3o de cadastro de reserva, para cargos de n\u00edvel superior. As oportunidades s\u00e3o distribu\u00eddas em 230 [&hellip;]<\/p>\n","protected":false},"author":2134,"featured_media":908347,"comment_status":"open","ping_status":"closed","sticky":false,"template":"","format":"standard","meta":{"post_tipo":"news","footnotes":""},"categories":[1981,220219],"tags":[],"tax_estado":[219970],"class_list":["post-995159","post","type-post","status-publish","format-standard","has-post-thumbnail","hentry","category-saude","category-noticias","tax_estado-df"],"acf":[],"yoast_head":"<!-- This site is optimized with the Yoast SEO Premium plugin v27.2 (Yoast SEO v27.2) - https:\/\/yoast.com\/product\/yoast-seo-premium-wordpress\/ -->\n<title>Edital SES DF est\u00e1 com inscri\u00e7\u00f5es encerradas! At\u00e9 R$ 12,6 mil!<\/title>\n<meta name=\"description\" content=\"Edital SES DF oferta 381 vagas para os cargos de M\u00e9dico, Dentista e Enfermeiro. Inscri\u00e7\u00f5es encerradas e provas em junho!\" \/>\n<meta name=\"robots\" content=\"index, follow, max-snippet:-1, max-image-preview:large, max-video-preview:-1\" \/>\n<link rel=\"canonical\" href=\"https:\/\/www.estrategiaconcursos.com.br\/blog\/concurso-ses-df-edital-publicado\/\" \/>\n<meta property=\"og:locale\" content=\"pt_BR\" \/>\n<meta property=\"og:type\" content=\"article\" \/>\n<meta property=\"og:title\" content=\"Edital SES DF est\u00e1 com inscri\u00e7\u00f5es encerradas! At\u00e9 R$ 12,6 mil!\" \/>\n<meta property=\"og:description\" content=\"Edital SES DF oferta 381 vagas para os cargos de M\u00e9dico, Dentista e Enfermeiro. Inscri\u00e7\u00f5es encerradas e provas em junho!\" \/>\n<meta property=\"og:url\" content=\"https:\/\/www.estrategiaconcursos.com.br\/blog\/concurso-ses-df-edital-publicado\/\" \/>\n<meta property=\"og:site_name\" content=\"Estrat\u00e9gia Concursos\" \/>\n<meta property=\"article:published_time\" content=\"2022-05-24T02:50:00+00:00\" \/>\n<meta property=\"article:modified_time\" content=\"2022-05-24T11:52:04+00:00\" \/>\n<meta property=\"og:image\" content=\"https:\/\/dhg1h5j42swfq.cloudfront.net\/2021\/08\/13090503\/ses_df.jpg\" \/>\n\t<meta property=\"og:image:width\" content=\"768\" \/>\n\t<meta property=\"og:image:height\" content=\"432\" \/>\n\t<meta property=\"og:image:type\" content=\"image\/jpeg\" \/>\n<meta name=\"author\" content=\"Rafaela Teixeira\" \/>\n<meta name=\"twitter:card\" content=\"summary_large_image\" \/>\n<meta name=\"twitter:creator\" content=\"@EstratConcursos\" \/>\n<meta name=\"twitter:site\" content=\"@EstratConcursos\" \/>\n<meta name=\"twitter:label1\" content=\"Escrito por\" \/>\n\t<meta name=\"twitter:data1\" content=\"Rafaela Teixeira\" \/>\n\t<meta name=\"twitter:label2\" content=\"Est. tempo de leitura\" \/>\n\t<meta name=\"twitter:data2\" content=\"3 minutos\" \/>\n<script type=\"application\/ld+json\" class=\"yoast-schema-graph\">{\"@context\":\"https:\/\/schema.org\",\"@graph\":[{\"@type\":\"NewsArticle\",\"@id\":\"https:\/\/www.estrategiaconcursos.com.br\/blog\/concurso-ses-df-edital-publicado\/#article\",\"isPartOf\":{\"@id\":\"https:\/\/www.estrategiaconcursos.com.br\/blog\/concurso-ses-df-edital-publicado\/\"},\"author\":{\"name\":\"Rafaela Teixeira\",\"@id\":\"https:\/\/www.estrategiaconcursos.com.br\/blog\/#\/schema\/person\/e75352021ea7f60781c599934f916eb1\"},\"headline\":\"Edital SES DF est\u00e1 com inscri\u00e7\u00f5es encerradas! At\u00e9 R$ 12,6 mil!\",\"datePublished\":\"2022-05-24T02:50:00+00:00\",\"dateModified\":\"2022-05-24T11:52:04+00:00\",\"mainEntityOfPage\":{\"@id\":\"https:\/\/www.estrategiaconcursos.com.br\/blog\/concurso-ses-df-edital-publicado\/\"},\"wordCount\":396,\"commentCount\":0,\"publisher\":{\"@id\":\"https:\/\/www.estrategiaconcursos.com.br\/blog\/#organization\"},\"image\":{\"@id\":\"https:\/\/www.estrategiaconcursos.com.br\/blog\/concurso-ses-df-edital-publicado\/#primaryimage\"},\"thumbnailUrl\":\"https:\/\/dhg1h5j42swfq.cloudfront.net\/2021\/08\/13090503\/ses_df.jpg\",\"articleSection\":[\"Sa\u00fade\",\"\u00daltimas not\u00edcias\"],\"inLanguage\":\"pt-BR\",\"potentialAction\":[{\"@type\":\"CommentAction\",\"name\":\"Comment\",\"target\":[\"https:\/\/www.estrategiaconcursos.com.br\/blog\/concurso-ses-df-edital-publicado\/#respond\"]}],\"copyrightYear\":\"2022\",\"copyrightHolder\":{\"@id\":\"https:\/\/www.estrategiaconcursos.com.br\/blog\/#organization\"}},{\"@type\":\"WebPage\",\"@id\":\"https:\/\/www.estrategiaconcursos.com.br\/blog\/concurso-ses-df-edital-publicado\/\",\"url\":\"https:\/\/www.estrategiaconcursos.com.br\/blog\/concurso-ses-df-edital-publicado\/\",\"name\":\"Edital SES DF est\u00e1 com inscri\u00e7\u00f5es encerradas! At\u00e9 R$ 12,6 mil!\",\"isPartOf\":{\"@id\":\"https:\/\/www.estrategiaconcursos.com.br\/blog\/#website\"},\"primaryImageOfPage\":{\"@id\":\"https:\/\/www.estrategiaconcursos.com.br\/blog\/concurso-ses-df-edital-publicado\/#primaryimage\"},\"image\":{\"@id\":\"https:\/\/www.estrategiaconcursos.com.br\/blog\/concurso-ses-df-edital-publicado\/#primaryimage\"},\"thumbnailUrl\":\"https:\/\/dhg1h5j42swfq.cloudfront.net\/2021\/08\/13090503\/ses_df.jpg\",\"datePublished\":\"2022-05-24T02:50:00+00:00\",\"dateModified\":\"2022-05-24T11:52:04+00:00\",\"description\":\"Edital SES DF oferta 381 vagas para os cargos de M\u00e9dico, Dentista e Enfermeiro. Inscri\u00e7\u00f5es encerradas e provas em junho!\",\"breadcrumb\":{\"@id\":\"https:\/\/www.estrategiaconcursos.com.br\/blog\/concurso-ses-df-edital-publicado\/#breadcrumb\"},\"inLanguage\":\"pt-BR\",\"potentialAction\":[{\"@type\":\"ReadAction\",\"target\":[\"https:\/\/www.estrategiaconcursos.com.br\/blog\/concurso-ses-df-edital-publicado\/\"]}]},{\"@type\":\"ImageObject\",\"inLanguage\":\"pt-BR\",\"@id\":\"https:\/\/www.estrategiaconcursos.com.br\/blog\/concurso-ses-df-edital-publicado\/#primaryimage\",\"url\":\"https:\/\/dhg1h5j42swfq.cloudfront.net\/2021\/08\/13090503\/ses_df.jpg\",\"contentUrl\":\"https:\/\/dhg1h5j42swfq.cloudfront.net\/2021\/08\/13090503\/ses_df.jpg\",\"width\":768,\"height\":432,\"caption\":\"concurso ses df\"},{\"@type\":\"BreadcrumbList\",\"@id\":\"https:\/\/www.estrategiaconcursos.com.br\/blog\/concurso-ses-df-edital-publicado\/#breadcrumb\",\"itemListElement\":[{\"@type\":\"ListItem\",\"position\":1,\"name\":\"In\u00edcio\",\"item\":\"https:\/\/www.estrategiaconcursos.com.br\/blog\/\"},{\"@type\":\"ListItem\",\"position\":2,\"name\":\"Edital SES DF est\u00e1 com inscri\u00e7\u00f5es encerradas! At\u00e9 R$ 12,6 mil!\"}]},{\"@type\":\"WebSite\",\"@id\":\"https:\/\/www.estrategiaconcursos.com.br\/blog\/#website\",\"url\":\"https:\/\/www.estrategiaconcursos.com.br\/blog\/\",\"name\":\"Estrat\u00e9gia Concursos\",\"description\":\"O blog da Estrat\u00e9gia Concursos traz not\u00edcias sobre concursos e artigos de professores oferecendo cursos para concursos (pdf + videaulas) no site.\",\"publisher\":{\"@id\":\"https:\/\/www.estrategiaconcursos.com.br\/blog\/#organization\"},\"potentialAction\":[{\"@type\":\"SearchAction\",\"target\":{\"@type\":\"EntryPoint\",\"urlTemplate\":\"https:\/\/www.estrategiaconcursos.com.br\/blog\/?s={search_term_string}\"},\"query-input\":{\"@type\":\"PropertyValueSpecification\",\"valueRequired\":true,\"valueName\":\"search_term_string\"}}],\"inLanguage\":\"pt-BR\"},{\"@type\":\"Organization\",\"@id\":\"https:\/\/www.estrategiaconcursos.com.br\/blog\/#organization\",\"name\":\"Estrat\u00e9gia Concursos\",\"url\":\"https:\/\/www.estrategiaconcursos.com.br\/blog\/\",\"logo\":{\"@type\":\"ImageObject\",\"inLanguage\":\"pt-BR\",\"@id\":\"https:\/\/www.estrategiaconcursos.com.br\/blog\/#\/schema\/logo\/image\/\",\"url\":\"https:\/\/dhg1h5j42swfq.cloudfront.net\/2025\/06\/03203428\/logo_concursos-1.jpg\",\"contentUrl\":\"https:\/\/dhg1h5j42swfq.cloudfront.net\/2025\/06\/03203428\/logo_concursos-1.jpg\",\"width\":230,\"height\":60,\"caption\":\"Estrat\u00e9gia Concursos\"},\"image\":{\"@id\":\"https:\/\/www.estrategiaconcursos.com.br\/blog\/#\/schema\/logo\/image\/\"},\"sameAs\":[\"https:\/\/x.com\/EstratConcursos\"]},{\"@type\":\"Person\",\"@id\":\"https:\/\/www.estrategiaconcursos.com.br\/blog\/#\/schema\/person\/e75352021ea7f60781c599934f916eb1\",\"name\":\"Rafaela Teixeira\",\"image\":{\"@type\":\"ImageObject\",\"inLanguage\":\"pt-BR\",\"@id\":\"https:\/\/secure.gravatar.com\/avatar\/8a349a2b22039b1ee88fc06461487c950fd6aa411ea8af8633314b43334ae793?s=96&d=mm&r=g\",\"url\":\"https:\/\/secure.gravatar.com\/avatar\/8a349a2b22039b1ee88fc06461487c950fd6aa411ea8af8633314b43334ae793?s=96&d=mm&r=g\",\"contentUrl\":\"https:\/\/secure.gravatar.com\/avatar\/8a349a2b22039b1ee88fc06461487c950fd6aa411ea8af8633314b43334ae793?s=96&d=mm&r=g\",\"caption\":\"Rafaela Teixeira\"},\"description\":\"Rafaela Teixeira \u00e9 advogada conveniada \u00e0 Defensoria P\u00fablica de S\u00e3o Paulo pela OAB, com experi\u00eancia em reda\u00e7\u00e3o jur\u00eddica e atua\u00e7\u00e3o em institui\u00e7\u00f5es p\u00fablicas, incluindo est\u00e1gio no TRE-SP. Possui mais de 7 anos de experi\u00eancia na produ\u00e7\u00e3o de conte\u00fados voltados ao nicho de concursos p\u00fablicos, com foco em apura\u00e7\u00e3o jornal\u00edstica cont\u00ednua, an\u00e1lise de editais e obten\u00e7\u00e3o de informa\u00e7\u00f5es diretamente junto a \u00f3rg\u00e3os e fontes oficiais. No Blog do Estrat\u00e9gia Concursos, atua como Analista de Conte\u00fado S\u00eanior, respons\u00e1vel pelo jornalismo do per\u00edodo noturno e da madrugada, com atua\u00e7\u00e3o transversal na cobertura de concursos p\u00fablicos, garantindo a continuidade, fluidez e confiabilidade das publica\u00e7\u00f5es e dos bastidores dos certames.\",\"url\":\"https:\/\/www.estrategiaconcursos.com.br\/blog\/author\/rafaela-teixeira\/\"}]}<\/script>\n<!-- \/ Yoast SEO Premium plugin. -->","yoast_head_json":{"title":"Edital SES DF est\u00e1 com inscri\u00e7\u00f5es encerradas! At\u00e9 R$ 12,6 mil!","description":"Edital SES DF oferta 381 vagas para os cargos de M\u00e9dico, Dentista e Enfermeiro. Inscri\u00e7\u00f5es encerradas e provas em junho!","robots":{"index":"index","follow":"follow","max-snippet":"max-snippet:-1","max-image-preview":"max-image-preview:large","max-video-preview":"max-video-preview:-1"},"canonical":"https:\/\/www.estrategiaconcursos.com.br\/blog\/concurso-ses-df-edital-publicado\/","og_locale":"pt_BR","og_type":"article","og_title":"Edital SES DF est\u00e1 com inscri\u00e7\u00f5es encerradas! At\u00e9 R$ 12,6 mil!","og_description":"Edital SES DF oferta 381 vagas para os cargos de M\u00e9dico, Dentista e Enfermeiro. Inscri\u00e7\u00f5es encerradas e provas em junho!","og_url":"https:\/\/www.estrategiaconcursos.com.br\/blog\/concurso-ses-df-edital-publicado\/","og_site_name":"Estrat\u00e9gia Concursos","article_published_time":"2022-05-24T02:50:00+00:00","article_modified_time":"2022-05-24T11:52:04+00:00","og_image":[{"width":768,"height":432,"url":"https:\/\/dhg1h5j42swfq.cloudfront.net\/2021\/08\/13090503\/ses_df.jpg","type":"image\/jpeg"}],"author":"Rafaela Teixeira","twitter_card":"summary_large_image","twitter_creator":"@EstratConcursos","twitter_site":"@EstratConcursos","twitter_misc":{"Escrito por":"Rafaela Teixeira","Est. tempo de leitura":"3 minutos"},"schema":{"@context":"https:\/\/schema.org","@graph":[{"@type":"NewsArticle","@id":"https:\/\/www.estrategiaconcursos.com.br\/blog\/concurso-ses-df-edital-publicado\/#article","isPartOf":{"@id":"https:\/\/www.estrategiaconcursos.com.br\/blog\/concurso-ses-df-edital-publicado\/"},"author":{"name":"Rafaela Teixeira","@id":"https:\/\/www.estrategiaconcursos.com.br\/blog\/#\/schema\/person\/e75352021ea7f60781c599934f916eb1"},"headline":"Edital SES DF est\u00e1 com inscri\u00e7\u00f5es encerradas! At\u00e9 R$ 12,6 mil!","datePublished":"2022-05-24T02:50:00+00:00","dateModified":"2022-05-24T11:52:04+00:00","mainEntityOfPage":{"@id":"https:\/\/www.estrategiaconcursos.com.br\/blog\/concurso-ses-df-edital-publicado\/"},"wordCount":396,"commentCount":0,"publisher":{"@id":"https:\/\/www.estrategiaconcursos.com.br\/blog\/#organization"},"image":{"@id":"https:\/\/www.estrategiaconcursos.com.br\/blog\/concurso-ses-df-edital-publicado\/#primaryimage"},"thumbnailUrl":"https:\/\/dhg1h5j42swfq.cloudfront.net\/2021\/08\/13090503\/ses_df.jpg","articleSection":["Sa\u00fade","\u00daltimas not\u00edcias"],"inLanguage":"pt-BR","potentialAction":[{"@type":"CommentAction","name":"Comment","target":["https:\/\/www.estrategiaconcursos.com.br\/blog\/concurso-ses-df-edital-publicado\/#respond"]}],"copyrightYear":"2022","copyrightHolder":{"@id":"https:\/\/www.estrategiaconcursos.com.br\/blog\/#organization"}},{"@type":"WebPage","@id":"https:\/\/www.estrategiaconcursos.com.br\/blog\/concurso-ses-df-edital-publicado\/","url":"https:\/\/www.estrategiaconcursos.com.br\/blog\/concurso-ses-df-edital-publicado\/","name":"Edital SES DF est\u00e1 com inscri\u00e7\u00f5es encerradas! At\u00e9 R$ 12,6 mil!","isPartOf":{"@id":"https:\/\/www.estrategiaconcursos.com.br\/blog\/#website"},"primaryImageOfPage":{"@id":"https:\/\/www.estrategiaconcursos.com.br\/blog\/concurso-ses-df-edital-publicado\/#primaryimage"},"image":{"@id":"https:\/\/www.estrategiaconcursos.com.br\/blog\/concurso-ses-df-edital-publicado\/#primaryimage"},"thumbnailUrl":"https:\/\/dhg1h5j42swfq.cloudfront.net\/2021\/08\/13090503\/ses_df.jpg","datePublished":"2022-05-24T02:50:00+00:00","dateModified":"2022-05-24T11:52:04+00:00","description":"Edital SES DF oferta 381 vagas para os cargos de M\u00e9dico, Dentista e Enfermeiro. Inscri\u00e7\u00f5es encerradas e provas em junho!","breadcrumb":{"@id":"https:\/\/www.estrategiaconcursos.com.br\/blog\/concurso-ses-df-edital-publicado\/#breadcrumb"},"inLanguage":"pt-BR","potentialAction":[{"@type":"ReadAction","target":["https:\/\/www.estrategiaconcursos.com.br\/blog\/concurso-ses-df-edital-publicado\/"]}]},{"@type":"ImageObject","inLanguage":"pt-BR","@id":"https:\/\/www.estrategiaconcursos.com.br\/blog\/concurso-ses-df-edital-publicado\/#primaryimage","url":"https:\/\/dhg1h5j42swfq.cloudfront.net\/2021\/08\/13090503\/ses_df.jpg","contentUrl":"https:\/\/dhg1h5j42swfq.cloudfront.net\/2021\/08\/13090503\/ses_df.jpg","width":768,"height":432,"caption":"concurso ses df"},{"@type":"BreadcrumbList","@id":"https:\/\/www.estrategiaconcursos.com.br\/blog\/concurso-ses-df-edital-publicado\/#breadcrumb","itemListElement":[{"@type":"ListItem","position":1,"name":"In\u00edcio","item":"https:\/\/www.estrategiaconcursos.com.br\/blog\/"},{"@type":"ListItem","position":2,"name":"Edital SES DF est\u00e1 com inscri\u00e7\u00f5es encerradas! At\u00e9 R$ 12,6 mil!"}]},{"@type":"WebSite","@id":"https:\/\/www.estrategiaconcursos.com.br\/blog\/#website","url":"https:\/\/www.estrategiaconcursos.com.br\/blog\/","name":"Estrat\u00e9gia Concursos","description":"O blog da Estrat\u00e9gia Concursos traz not\u00edcias sobre concursos e artigos de professores oferecendo cursos para concursos (pdf + videaulas) no site.","publisher":{"@id":"https:\/\/www.estrategiaconcursos.com.br\/blog\/#organization"},"potentialAction":[{"@type":"SearchAction","target":{"@type":"EntryPoint","urlTemplate":"https:\/\/www.estrategiaconcursos.com.br\/blog\/?s={search_term_string}"},"query-input":{"@type":"PropertyValueSpecification","valueRequired":true,"valueName":"search_term_string"}}],"inLanguage":"pt-BR"},{"@type":"Organization","@id":"https:\/\/www.estrategiaconcursos.com.br\/blog\/#organization","name":"Estrat\u00e9gia Concursos","url":"https:\/\/www.estrategiaconcursos.com.br\/blog\/","logo":{"@type":"ImageObject","inLanguage":"pt-BR","@id":"https:\/\/www.estrategiaconcursos.com.br\/blog\/#\/schema\/logo\/image\/","url":"https:\/\/dhg1h5j42swfq.cloudfront.net\/2025\/06\/03203428\/logo_concursos-1.jpg","contentUrl":"https:\/\/dhg1h5j42swfq.cloudfront.net\/2025\/06\/03203428\/logo_concursos-1.jpg","width":230,"height":60,"caption":"Estrat\u00e9gia Concursos"},"image":{"@id":"https:\/\/www.estrategiaconcursos.com.br\/blog\/#\/schema\/logo\/image\/"},"sameAs":["https:\/\/x.com\/EstratConcursos"]},{"@type":"Person","@id":"https:\/\/www.estrategiaconcursos.com.br\/blog\/#\/schema\/person\/e75352021ea7f60781c599934f916eb1","name":"Rafaela Teixeira","image":{"@type":"ImageObject","inLanguage":"pt-BR","@id":"https:\/\/secure.gravatar.com\/avatar\/8a349a2b22039b1ee88fc06461487c950fd6aa411ea8af8633314b43334ae793?s=96&d=mm&r=g","url":"https:\/\/secure.gravatar.com\/avatar\/8a349a2b22039b1ee88fc06461487c950fd6aa411ea8af8633314b43334ae793?s=96&d=mm&r=g","contentUrl":"https:\/\/secure.gravatar.com\/avatar\/8a349a2b22039b1ee88fc06461487c950fd6aa411ea8af8633314b43334ae793?s=96&d=mm&r=g","caption":"Rafaela Teixeira"},"description":"Rafaela Teixeira \u00e9 advogada conveniada \u00e0 Defensoria P\u00fablica de S\u00e3o Paulo pela OAB, com experi\u00eancia em reda\u00e7\u00e3o jur\u00eddica e atua\u00e7\u00e3o em institui\u00e7\u00f5es p\u00fablicas, incluindo est\u00e1gio no TRE-SP. Possui mais de 7 anos de experi\u00eancia na produ\u00e7\u00e3o de conte\u00fados voltados ao nicho de concursos p\u00fablicos, com foco em apura\u00e7\u00e3o jornal\u00edstica cont\u00ednua, an\u00e1lise de editais e obten\u00e7\u00e3o de informa\u00e7\u00f5es diretamente junto a \u00f3rg\u00e3os e fontes oficiais. No Blog do Estrat\u00e9gia Concursos, atua como Analista de Conte\u00fado S\u00eanior, respons\u00e1vel pelo jornalismo do per\u00edodo noturno e da madrugada, com atua\u00e7\u00e3o transversal na cobertura de concursos p\u00fablicos, garantindo a continuidade, fluidez e confiabilidade das publica\u00e7\u00f5es e dos bastidores dos certames.","url":"https:\/\/www.estrategiaconcursos.com.br\/blog\/author\/rafaela-teixeira\/"}]}},"_links":{"self":[{"href":"https:\/\/www.estrategiaconcursos.com.br\/blog\/wp-json\/wp\/v2\/posts\/995159","targetHints":{"allow":["GET"]}}],"collection":[{"href":"https:\/\/www.estrategiaconcursos.com.br\/blog\/wp-json\/wp\/v2\/posts"}],"about":[{"href":"https:\/\/www.estrategiaconcursos.com.br\/blog\/wp-json\/wp\/v2\/types\/post"}],"author":[{"embeddable":true,"href":"https:\/\/www.estrategiaconcursos.com.br\/blog\/wp-json\/wp\/v2\/users\/2134"}],"replies":[{"embeddable":true,"href":"https:\/\/www.estrategiaconcursos.com.br\/blog\/wp-json\/wp\/v2\/comments?post=995159"}],"version-history":[{"count":25,"href":"https:\/\/www.estrategiaconcursos.com.br\/blog\/wp-json\/wp\/v2\/posts\/995159\/revisions"}],"predecessor-version":[{"id":1033015,"href":"https:\/\/www.estrategiaconcursos.com.br\/blog\/wp-json\/wp\/v2\/posts\/995159\/revisions\/1033015"}],"wp:featuredmedia":[{"embeddable":true,"href":"https:\/\/www.estrategiaconcursos.com.br\/blog\/wp-json\/wp\/v2\/media\/908347"}],"wp:attachment":[{"href":"https:\/\/www.estrategiaconcursos.com.br\/blog\/wp-json\/wp\/v2\/media?parent=995159"}],"wp:term":[{"taxonomy":"category","embeddable":true,"href":"https:\/\/www.estrategiaconcursos.com.br\/blog\/wp-json\/wp\/v2\/categories?post=995159"},{"taxonomy":"post_tag","embeddable":true,"href":"https:\/\/www.estrategiaconcursos.com.br\/blog\/wp-json\/wp\/v2\/tags?post=995159"},{"taxonomy":"tax_estado","embeddable":true,"href":"https:\/\/www.estrategiaconcursos.com.br\/blog\/wp-json\/wp\/v2\/tax_estado?post=995159"}],"curies":[{"name":"wp","href":"https:\/\/api.w.org\/{rel}","templated":true}]}}