{"id":994639,"date":"2022-03-25T09:45:53","date_gmt":"2022-03-25T12:45:53","guid":{"rendered":"https:\/\/www.estrategiaconcursos.com.br\/blog\/?p=994639"},"modified":"2022-03-25T12:01:55","modified_gmt":"2022-03-25T15:01:55","slug":"concurso-mp-ba-comissao-formada","status":"publish","type":"post","link":"https:\/\/www.estrategiaconcursos.com.br\/blog\/concurso-mp-ba-comissao-formada\/","title":{"rendered":"MP BA forma comiss\u00e3o para novo edital de servidores"},"content":{"rendered":"\n<p>O Minist\u00e9rio P\u00fablico da Bahia designou a comiss\u00e3o organizadora que ficar\u00e1 respons\u00e1vel pelos estudos e demais tr\u00e2mites que envolvem o novo edital para servidores (<strong>comiss\u00e3o MP BA<\/strong>).<\/p>\n\n\n\n<p>A oficializa\u00e7\u00e3o da<strong> comiss\u00e3o MP BA<\/strong>, bem como os nomes dos servidores designados, foi disponibilizado no Di\u00e1rio Oficial publicado nesta sexta-feira (25\/3).<\/p>\n\n\n\n<p>Veja maiores detalhes da publica\u00e7\u00e3o na imagem abaixo:<\/p>\n\n\n\n<div class=\"wp-block-image\"><figure class=\"aligncenter size-large\"><img loading=\"lazy\" decoding=\"async\" width=\"1024\" height=\"456\" src=\"https:\/\/dhg1h5j42swfq.cloudfront.net\/2022\/03\/25093631\/captura-de-tela-2022-03-25-as-09-29-57-1024x456.png\" alt=\"Comiss\u00e3o MP BA formada\" class=\"wp-image-994641\" srcset=\"https:\/\/dhg1h5j42swfq.cloudfront.net\/2022\/03\/25093631\/captura-de-tela-2022-03-25-as-09-29-57-1024x456.png 1024w, https:\/\/dhg1h5j42swfq.cloudfront.net\/2022\/03\/25093631\/captura-de-tela-2022-03-25-as-09-29-57-300x133.png 300w, https:\/\/dhg1h5j42swfq.cloudfront.net\/2022\/03\/25093631\/captura-de-tela-2022-03-25-as-09-29-57-768x342.png 768w, https:\/\/dhg1h5j42swfq.cloudfront.net\/2022\/03\/25093631\/captura-de-tela-2022-03-25-as-09-29-57-1536x683.png 1536w, https:\/\/dhg1h5j42swfq.cloudfront.net\/2022\/03\/25093631\/captura-de-tela-2022-03-25-as-09-29-57-610x271.png 610w, https:\/\/dhg1h5j42swfq.cloudfront.net\/2022\/03\/25093631\/captura-de-tela-2022-03-25-as-09-29-57.png 2032w\" sizes=\"auto, (max-width: 1024px) 100vw, 1024px\" \/><figcaption>Comiss\u00e3o MP BA formada<\/figcaption><\/figure><\/div>\n\n\n\n<p>A realiza\u00e7\u00e3o do novo concurso tamb\u00e9m est\u00e1 prevista na Lei Or\u00e7ament\u00e1ria Anual de 2022 do estado. Ainda n\u00e3o h\u00e1 confirma\u00e7\u00e3o dos cargos e vagas a serem providos.<\/p>\n\n\n\n<p>No entanto, de acordo com os dados do Portal da Transpar\u00eancia,&nbsp;<strong>173<\/strong>&nbsp;<strong>cargos est\u00e3o vagos<\/strong>.<\/p>\n\n\n\n<h2 class=\"wp-block-heading\" id=\"sobre-o-ultimo-concurso-mp-ba\">Sobre o \u00faltimo concurso MP BA<\/h2>\n\n\n\n<p>O \u00faltimo edital para servidores foi publicado em 2017 e foi homologado no dia 31 de julho de 2018. <\/p>\n\n\n\n<p>De acordo com o \u00faltimo edital do&nbsp;<strong>concurso MP BA<\/strong>, publicado em 2017, o cargo de Assistente T\u00e9cnico-Administrativo possui a remunera\u00e7\u00e3o de R$ 3.284,83. <\/p>\n\n\n\n<p>J\u00e1 o cargo de Analista T\u00e9cnico em todas as especialidades possuem a remunera\u00e7\u00e3o no valor de R$ 5.917,44.<\/p>\n\n\n\n<p>Sob organiza\u00e7\u00e3o da <a href=\"https:\/\/portal.fgv.br\/\" target=\"_blank\" rel=\"noreferrer noopener\">FGV<\/a>, os candidatos do&nbsp;\u00faltimo <strong>concurso MP BA<\/strong>&nbsp;foram avaliados atrav\u00e9s das seguintes etapas:<\/p>\n\n\n\n<ol class=\"wp-block-list\"><li>Prova objetiva,<\/li><li>Prova de reda\u00e7\u00e3o e<\/li><li>Avalia\u00e7\u00e3o de t\u00edtulos (somente para Analista T\u00e9cnico).<\/li><\/ol>\n\n\n\n<p>Ficou interessado nas informa\u00e7\u00f5es dispon\u00edveis at\u00e9 aqui? Quer saber mais acerca do concurso MP BA? \u00c9 f\u00e1cil, acesse o link abaixo e veja o artigo exclusivo e muito mais completo que preparamos para voc\u00ea:<\/p>\n\n\n\n<h2 class=\"has-text-align-center has-pale-cyan-blue-background-color has-background wp-block-heading\" id=\"h-saiba-mais-concurso-mp-ba\" style=\"font-size:clamp(14.642px, 0.915rem + ((1vw - 3.2px) * 0.721), 22px);\"><a href=\"https:\/\/www.estrategiaconcursos.com.br\/blog\/concurso-mp-ba\/\" target=\"_blank\" rel=\"noreferrer noopener nofollow\">Saiba mais: Concurso MP BA<\/a><\/h2>\n\n\n\n\n","protected":false},"excerpt":{"rendered":"<p>O Minist\u00e9rio P\u00fablico da Bahia designou a comiss\u00e3o organizadora que ficar\u00e1 respons\u00e1vel pelos estudos e demais tr\u00e2mites que envolvem o novo edital para servidores (comiss\u00e3o MP BA). A oficializa\u00e7\u00e3o da comiss\u00e3o MP BA, bem como os nomes dos servidores designados, foi disponibilizado no Di\u00e1rio Oficial publicado nesta sexta-feira (25\/3). Veja maiores detalhes da publica\u00e7\u00e3o na [&hellip;]<\/p>\n","protected":false},"author":2319,"featured_media":994660,"comment_status":"open","ping_status":"closed","sticky":false,"template":"","format":"standard","meta":{"post_tipo":"news","footnotes":""},"categories":[1,1984],"tags":[2769,220668,220669],"tax_estado":[219968],"class_list":["post-994639","post","type-post","status-publish","format-standard","has-post-thumbnail","hentry","category-cursos-e-concursos","category-tribunais","tag-concurso-mp-ba","tag-edital-mp-ba","tag-mp-ba-2","tax_estado-ba"],"acf":[],"yoast_head":"<!-- This site is optimized with the Yoast SEO Premium plugin v27.2 (Yoast SEO v27.2) - https:\/\/yoast.com\/product\/yoast-seo-premium-wordpress\/ -->\n<title>MP BA forma comiss\u00e3o para novo edital de servidores<\/title>\n<meta name=\"description\" content=\"Comiss\u00e3o MP BA est\u00e1 formada para novoe dital destinado ao preenchimento de vagas no quadro de servidores. Veja detalhes\" \/>\n<meta name=\"robots\" content=\"index, follow, max-snippet:-1, max-image-preview:large, max-video-preview:-1\" \/>\n<link rel=\"canonical\" href=\"https:\/\/www.estrategiaconcursos.com.br\/blog\/concurso-mp-ba-comissao-formada\/\" \/>\n<meta property=\"og:locale\" content=\"pt_BR\" \/>\n<meta property=\"og:type\" content=\"article\" \/>\n<meta property=\"og:title\" content=\"MP BA forma comiss\u00e3o para novo edital de servidores\" \/>\n<meta property=\"og:description\" content=\"Comiss\u00e3o MP BA est\u00e1 formada para novoe dital destinado ao preenchimento de vagas no quadro de servidores. Veja detalhes\" \/>\n<meta property=\"og:url\" content=\"https:\/\/www.estrategiaconcursos.com.br\/blog\/concurso-mp-ba-comissao-formada\/\" \/>\n<meta property=\"og:site_name\" content=\"Estrat\u00e9gia Concursos\" \/>\n<meta property=\"article:published_time\" content=\"2022-03-25T12:45:53+00:00\" \/>\n<meta property=\"article:modified_time\" content=\"2022-03-25T15:01:55+00:00\" \/>\n<meta property=\"og:image\" content=\"https:\/\/dhg1h5j42swfq.cloudfront.net\/2022\/03\/25094942\/650x375_ministerio-publico-estadual_1605738.jpeg\" \/>\n\t<meta property=\"og:image:width\" content=\"650\" \/>\n\t<meta property=\"og:image:height\" content=\"375\" \/>\n\t<meta property=\"og:image:type\" content=\"image\/jpeg\" \/>\n<meta name=\"author\" content=\"Let\u00edcia Teixeira\" \/>\n<meta name=\"twitter:card\" content=\"summary_large_image\" \/>\n<meta name=\"twitter:creator\" content=\"@EstratConcursos\" \/>\n<meta name=\"twitter:site\" content=\"@EstratConcursos\" \/>\n<meta name=\"twitter:label1\" content=\"Escrito por\" \/>\n\t<meta name=\"twitter:data1\" content=\"Let\u00edcia Teixeira\" \/>\n\t<meta name=\"twitter:label2\" content=\"Est. tempo de leitura\" \/>\n\t<meta name=\"twitter:data2\" content=\"2 minutos\" \/>\n<script type=\"application\/ld+json\" class=\"yoast-schema-graph\">{\"@context\":\"https:\/\/schema.org\",\"@graph\":[{\"@type\":\"NewsArticle\",\"@id\":\"https:\/\/www.estrategiaconcursos.com.br\/blog\/concurso-mp-ba-comissao-formada\/#article\",\"isPartOf\":{\"@id\":\"https:\/\/www.estrategiaconcursos.com.br\/blog\/concurso-mp-ba-comissao-formada\/\"},\"author\":{\"name\":\"Let\u00edcia Teixeira\",\"@id\":\"https:\/\/www.estrategiaconcursos.com.br\/blog\/#\/schema\/person\/9b94727dcf4410f4a7931c83966c843b\"},\"headline\":\"MP BA forma comiss\u00e3o para novo edital de servidores\",\"datePublished\":\"2022-03-25T12:45:53+00:00\",\"dateModified\":\"2022-03-25T15:01:55+00:00\",\"mainEntityOfPage\":{\"@id\":\"https:\/\/www.estrategiaconcursos.com.br\/blog\/concurso-mp-ba-comissao-formada\/\"},\"wordCount\":276,\"commentCount\":0,\"publisher\":{\"@id\":\"https:\/\/www.estrategiaconcursos.com.br\/blog\/#organization\"},\"image\":{\"@id\":\"https:\/\/www.estrategiaconcursos.com.br\/blog\/concurso-mp-ba-comissao-formada\/#primaryimage\"},\"thumbnailUrl\":\"https:\/\/dhg1h5j42swfq.cloudfront.net\/2022\/03\/25094942\/650x375_ministerio-publico-estadual_1605738.jpeg\",\"keywords\":[\"Concurso MP BA\",\"Edital MP BA\",\"MP BA\"],\"articleSection\":[\"Concursos P\u00fablicos\",\"Tribunais\"],\"inLanguage\":\"pt-BR\",\"potentialAction\":[{\"@type\":\"CommentAction\",\"name\":\"Comment\",\"target\":[\"https:\/\/www.estrategiaconcursos.com.br\/blog\/concurso-mp-ba-comissao-formada\/#respond\"]}],\"copyrightYear\":\"2022\",\"copyrightHolder\":{\"@id\":\"https:\/\/www.estrategiaconcursos.com.br\/blog\/#organization\"}},{\"@type\":\"WebPage\",\"@id\":\"https:\/\/www.estrategiaconcursos.com.br\/blog\/concurso-mp-ba-comissao-formada\/\",\"url\":\"https:\/\/www.estrategiaconcursos.com.br\/blog\/concurso-mp-ba-comissao-formada\/\",\"name\":\"MP BA forma comiss\u00e3o para novo edital de servidores\",\"isPartOf\":{\"@id\":\"https:\/\/www.estrategiaconcursos.com.br\/blog\/#website\"},\"primaryImageOfPage\":{\"@id\":\"https:\/\/www.estrategiaconcursos.com.br\/blog\/concurso-mp-ba-comissao-formada\/#primaryimage\"},\"image\":{\"@id\":\"https:\/\/www.estrategiaconcursos.com.br\/blog\/concurso-mp-ba-comissao-formada\/#primaryimage\"},\"thumbnailUrl\":\"https:\/\/dhg1h5j42swfq.cloudfront.net\/2022\/03\/25094942\/650x375_ministerio-publico-estadual_1605738.jpeg\",\"datePublished\":\"2022-03-25T12:45:53+00:00\",\"dateModified\":\"2022-03-25T15:01:55+00:00\",\"description\":\"Comiss\u00e3o MP BA est\u00e1 formada para novoe dital destinado ao preenchimento de vagas no quadro de servidores. Veja detalhes\",\"breadcrumb\":{\"@id\":\"https:\/\/www.estrategiaconcursos.com.br\/blog\/concurso-mp-ba-comissao-formada\/#breadcrumb\"},\"inLanguage\":\"pt-BR\",\"potentialAction\":[{\"@type\":\"ReadAction\",\"target\":[\"https:\/\/www.estrategiaconcursos.com.br\/blog\/concurso-mp-ba-comissao-formada\/\"]}]},{\"@type\":\"ImageObject\",\"inLanguage\":\"pt-BR\",\"@id\":\"https:\/\/www.estrategiaconcursos.com.br\/blog\/concurso-mp-ba-comissao-formada\/#primaryimage\",\"url\":\"https:\/\/dhg1h5j42swfq.cloudfront.net\/2022\/03\/25094942\/650x375_ministerio-publico-estadual_1605738.jpeg\",\"contentUrl\":\"https:\/\/dhg1h5j42swfq.cloudfront.net\/2022\/03\/25094942\/650x375_ministerio-publico-estadual_1605738.jpeg\",\"width\":650,\"height\":375},{\"@type\":\"BreadcrumbList\",\"@id\":\"https:\/\/www.estrategiaconcursos.com.br\/blog\/concurso-mp-ba-comissao-formada\/#breadcrumb\",\"itemListElement\":[{\"@type\":\"ListItem\",\"position\":1,\"name\":\"In\u00edcio\",\"item\":\"https:\/\/www.estrategiaconcursos.com.br\/blog\/\"},{\"@type\":\"ListItem\",\"position\":2,\"name\":\"MP BA forma comiss\u00e3o para novo edital de servidores\"}]},{\"@type\":\"WebSite\",\"@id\":\"https:\/\/www.estrategiaconcursos.com.br\/blog\/#website\",\"url\":\"https:\/\/www.estrategiaconcursos.com.br\/blog\/\",\"name\":\"Estrat\u00e9gia Concursos\",\"description\":\"O blog da Estrat\u00e9gia Concursos traz not\u00edcias sobre concursos e artigos de professores oferecendo cursos para concursos (pdf + videaulas) no site.\",\"publisher\":{\"@id\":\"https:\/\/www.estrategiaconcursos.com.br\/blog\/#organization\"},\"potentialAction\":[{\"@type\":\"SearchAction\",\"target\":{\"@type\":\"EntryPoint\",\"urlTemplate\":\"https:\/\/www.estrategiaconcursos.com.br\/blog\/?s={search_term_string}\"},\"query-input\":{\"@type\":\"PropertyValueSpecification\",\"valueRequired\":true,\"valueName\":\"search_term_string\"}}],\"inLanguage\":\"pt-BR\"},{\"@type\":\"Organization\",\"@id\":\"https:\/\/www.estrategiaconcursos.com.br\/blog\/#organization\",\"name\":\"Estrat\u00e9gia Concursos\",\"url\":\"https:\/\/www.estrategiaconcursos.com.br\/blog\/\",\"logo\":{\"@type\":\"ImageObject\",\"inLanguage\":\"pt-BR\",\"@id\":\"https:\/\/www.estrategiaconcursos.com.br\/blog\/#\/schema\/logo\/image\/\",\"url\":\"https:\/\/dhg1h5j42swfq.cloudfront.net\/2025\/06\/03203428\/logo_concursos-1.jpg\",\"contentUrl\":\"https:\/\/dhg1h5j42swfq.cloudfront.net\/2025\/06\/03203428\/logo_concursos-1.jpg\",\"width\":230,\"height\":60,\"caption\":\"Estrat\u00e9gia Concursos\"},\"image\":{\"@id\":\"https:\/\/www.estrategiaconcursos.com.br\/blog\/#\/schema\/logo\/image\/\"},\"sameAs\":[\"https:\/\/x.com\/EstratConcursos\"]},{\"@type\":\"Person\",\"@id\":\"https:\/\/www.estrategiaconcursos.com.br\/blog\/#\/schema\/person\/9b94727dcf4410f4a7931c83966c843b\",\"name\":\"Let\u00edcia Teixeira\",\"image\":{\"@type\":\"ImageObject\",\"inLanguage\":\"pt-BR\",\"@id\":\"https:\/\/secure.gravatar.com\/avatar\/fb589b06b881e20b676d08f9d03226d1e3291ba2f90e751ddc9ccb21abf0244d?s=96&d=mm&r=g\",\"url\":\"https:\/\/secure.gravatar.com\/avatar\/fb589b06b881e20b676d08f9d03226d1e3291ba2f90e751ddc9ccb21abf0244d?s=96&d=mm&r=g\",\"contentUrl\":\"https:\/\/secure.gravatar.com\/avatar\/fb589b06b881e20b676d08f9d03226d1e3291ba2f90e751ddc9ccb21abf0244d?s=96&d=mm&r=g\",\"caption\":\"Let\u00edcia Teixeira\"},\"description\":\"Jornalista com experi\u00eancia de mais de quatro anos no segmento de concursos p\u00fablicos. Especializada em Narrativa Transm\u00eddia e Storytelling pela Universidade Cat\u00f3lica de Bras\u00edlia, com atua\u00e7\u00e3o nas \u00e1reas de SEO, conte\u00fado, Webwriting e Copywriting.\",\"url\":\"https:\/\/www.estrategiaconcursos.com.br\/blog\/author\/leticia-teixeiraestrategia-com\/\"}]}<\/script>\n<!-- \/ Yoast SEO Premium plugin. -->","yoast_head_json":{"title":"MP BA forma comiss\u00e3o para novo edital de servidores","description":"Comiss\u00e3o MP BA est\u00e1 formada para novoe dital destinado ao preenchimento de vagas no quadro de servidores. Veja detalhes","robots":{"index":"index","follow":"follow","max-snippet":"max-snippet:-1","max-image-preview":"max-image-preview:large","max-video-preview":"max-video-preview:-1"},"canonical":"https:\/\/www.estrategiaconcursos.com.br\/blog\/concurso-mp-ba-comissao-formada\/","og_locale":"pt_BR","og_type":"article","og_title":"MP BA forma comiss\u00e3o para novo edital de servidores","og_description":"Comiss\u00e3o MP BA est\u00e1 formada para novoe dital destinado ao preenchimento de vagas no quadro de servidores. Veja detalhes","og_url":"https:\/\/www.estrategiaconcursos.com.br\/blog\/concurso-mp-ba-comissao-formada\/","og_site_name":"Estrat\u00e9gia Concursos","article_published_time":"2022-03-25T12:45:53+00:00","article_modified_time":"2022-03-25T15:01:55+00:00","og_image":[{"width":650,"height":375,"url":"https:\/\/dhg1h5j42swfq.cloudfront.net\/2022\/03\/25094942\/650x375_ministerio-publico-estadual_1605738.jpeg","type":"image\/jpeg"}],"author":"Let\u00edcia Teixeira","twitter_card":"summary_large_image","twitter_creator":"@EstratConcursos","twitter_site":"@EstratConcursos","twitter_misc":{"Escrito por":"Let\u00edcia Teixeira","Est. tempo de leitura":"2 minutos"},"schema":{"@context":"https:\/\/schema.org","@graph":[{"@type":"NewsArticle","@id":"https:\/\/www.estrategiaconcursos.com.br\/blog\/concurso-mp-ba-comissao-formada\/#article","isPartOf":{"@id":"https:\/\/www.estrategiaconcursos.com.br\/blog\/concurso-mp-ba-comissao-formada\/"},"author":{"name":"Let\u00edcia Teixeira","@id":"https:\/\/www.estrategiaconcursos.com.br\/blog\/#\/schema\/person\/9b94727dcf4410f4a7931c83966c843b"},"headline":"MP BA forma comiss\u00e3o para novo edital de servidores","datePublished":"2022-03-25T12:45:53+00:00","dateModified":"2022-03-25T15:01:55+00:00","mainEntityOfPage":{"@id":"https:\/\/www.estrategiaconcursos.com.br\/blog\/concurso-mp-ba-comissao-formada\/"},"wordCount":276,"commentCount":0,"publisher":{"@id":"https:\/\/www.estrategiaconcursos.com.br\/blog\/#organization"},"image":{"@id":"https:\/\/www.estrategiaconcursos.com.br\/blog\/concurso-mp-ba-comissao-formada\/#primaryimage"},"thumbnailUrl":"https:\/\/dhg1h5j42swfq.cloudfront.net\/2022\/03\/25094942\/650x375_ministerio-publico-estadual_1605738.jpeg","keywords":["Concurso MP BA","Edital MP BA","MP BA"],"articleSection":["Concursos P\u00fablicos","Tribunais"],"inLanguage":"pt-BR","potentialAction":[{"@type":"CommentAction","name":"Comment","target":["https:\/\/www.estrategiaconcursos.com.br\/blog\/concurso-mp-ba-comissao-formada\/#respond"]}],"copyrightYear":"2022","copyrightHolder":{"@id":"https:\/\/www.estrategiaconcursos.com.br\/blog\/#organization"}},{"@type":"WebPage","@id":"https:\/\/www.estrategiaconcursos.com.br\/blog\/concurso-mp-ba-comissao-formada\/","url":"https:\/\/www.estrategiaconcursos.com.br\/blog\/concurso-mp-ba-comissao-formada\/","name":"MP BA forma comiss\u00e3o para novo edital de servidores","isPartOf":{"@id":"https:\/\/www.estrategiaconcursos.com.br\/blog\/#website"},"primaryImageOfPage":{"@id":"https:\/\/www.estrategiaconcursos.com.br\/blog\/concurso-mp-ba-comissao-formada\/#primaryimage"},"image":{"@id":"https:\/\/www.estrategiaconcursos.com.br\/blog\/concurso-mp-ba-comissao-formada\/#primaryimage"},"thumbnailUrl":"https:\/\/dhg1h5j42swfq.cloudfront.net\/2022\/03\/25094942\/650x375_ministerio-publico-estadual_1605738.jpeg","datePublished":"2022-03-25T12:45:53+00:00","dateModified":"2022-03-25T15:01:55+00:00","description":"Comiss\u00e3o MP BA est\u00e1 formada para novoe dital destinado ao preenchimento de vagas no quadro de servidores. Veja detalhes","breadcrumb":{"@id":"https:\/\/www.estrategiaconcursos.com.br\/blog\/concurso-mp-ba-comissao-formada\/#breadcrumb"},"inLanguage":"pt-BR","potentialAction":[{"@type":"ReadAction","target":["https:\/\/www.estrategiaconcursos.com.br\/blog\/concurso-mp-ba-comissao-formada\/"]}]},{"@type":"ImageObject","inLanguage":"pt-BR","@id":"https:\/\/www.estrategiaconcursos.com.br\/blog\/concurso-mp-ba-comissao-formada\/#primaryimage","url":"https:\/\/dhg1h5j42swfq.cloudfront.net\/2022\/03\/25094942\/650x375_ministerio-publico-estadual_1605738.jpeg","contentUrl":"https:\/\/dhg1h5j42swfq.cloudfront.net\/2022\/03\/25094942\/650x375_ministerio-publico-estadual_1605738.jpeg","width":650,"height":375},{"@type":"BreadcrumbList","@id":"https:\/\/www.estrategiaconcursos.com.br\/blog\/concurso-mp-ba-comissao-formada\/#breadcrumb","itemListElement":[{"@type":"ListItem","position":1,"name":"In\u00edcio","item":"https:\/\/www.estrategiaconcursos.com.br\/blog\/"},{"@type":"ListItem","position":2,"name":"MP BA forma comiss\u00e3o para novo edital de servidores"}]},{"@type":"WebSite","@id":"https:\/\/www.estrategiaconcursos.com.br\/blog\/#website","url":"https:\/\/www.estrategiaconcursos.com.br\/blog\/","name":"Estrat\u00e9gia Concursos","description":"O blog da Estrat\u00e9gia Concursos traz not\u00edcias sobre concursos e artigos de professores oferecendo cursos para concursos (pdf + videaulas) no site.","publisher":{"@id":"https:\/\/www.estrategiaconcursos.com.br\/blog\/#organization"},"potentialAction":[{"@type":"SearchAction","target":{"@type":"EntryPoint","urlTemplate":"https:\/\/www.estrategiaconcursos.com.br\/blog\/?s={search_term_string}"},"query-input":{"@type":"PropertyValueSpecification","valueRequired":true,"valueName":"search_term_string"}}],"inLanguage":"pt-BR"},{"@type":"Organization","@id":"https:\/\/www.estrategiaconcursos.com.br\/blog\/#organization","name":"Estrat\u00e9gia Concursos","url":"https:\/\/www.estrategiaconcursos.com.br\/blog\/","logo":{"@type":"ImageObject","inLanguage":"pt-BR","@id":"https:\/\/www.estrategiaconcursos.com.br\/blog\/#\/schema\/logo\/image\/","url":"https:\/\/dhg1h5j42swfq.cloudfront.net\/2025\/06\/03203428\/logo_concursos-1.jpg","contentUrl":"https:\/\/dhg1h5j42swfq.cloudfront.net\/2025\/06\/03203428\/logo_concursos-1.jpg","width":230,"height":60,"caption":"Estrat\u00e9gia Concursos"},"image":{"@id":"https:\/\/www.estrategiaconcursos.com.br\/blog\/#\/schema\/logo\/image\/"},"sameAs":["https:\/\/x.com\/EstratConcursos"]},{"@type":"Person","@id":"https:\/\/www.estrategiaconcursos.com.br\/blog\/#\/schema\/person\/9b94727dcf4410f4a7931c83966c843b","name":"Let\u00edcia Teixeira","image":{"@type":"ImageObject","inLanguage":"pt-BR","@id":"https:\/\/secure.gravatar.com\/avatar\/fb589b06b881e20b676d08f9d03226d1e3291ba2f90e751ddc9ccb21abf0244d?s=96&d=mm&r=g","url":"https:\/\/secure.gravatar.com\/avatar\/fb589b06b881e20b676d08f9d03226d1e3291ba2f90e751ddc9ccb21abf0244d?s=96&d=mm&r=g","contentUrl":"https:\/\/secure.gravatar.com\/avatar\/fb589b06b881e20b676d08f9d03226d1e3291ba2f90e751ddc9ccb21abf0244d?s=96&d=mm&r=g","caption":"Let\u00edcia Teixeira"},"description":"Jornalista com experi\u00eancia de mais de quatro anos no segmento de concursos p\u00fablicos. Especializada em Narrativa Transm\u00eddia e Storytelling pela Universidade Cat\u00f3lica de Bras\u00edlia, com atua\u00e7\u00e3o nas \u00e1reas de SEO, conte\u00fado, Webwriting e Copywriting.","url":"https:\/\/www.estrategiaconcursos.com.br\/blog\/author\/leticia-teixeiraestrategia-com\/"}]}},"_links":{"self":[{"href":"https:\/\/www.estrategiaconcursos.com.br\/blog\/wp-json\/wp\/v2\/posts\/994639","targetHints":{"allow":["GET"]}}],"collection":[{"href":"https:\/\/www.estrategiaconcursos.com.br\/blog\/wp-json\/wp\/v2\/posts"}],"about":[{"href":"https:\/\/www.estrategiaconcursos.com.br\/blog\/wp-json\/wp\/v2\/types\/post"}],"author":[{"embeddable":true,"href":"https:\/\/www.estrategiaconcursos.com.br\/blog\/wp-json\/wp\/v2\/users\/2319"}],"replies":[{"embeddable":true,"href":"https:\/\/www.estrategiaconcursos.com.br\/blog\/wp-json\/wp\/v2\/comments?post=994639"}],"version-history":[{"count":8,"href":"https:\/\/www.estrategiaconcursos.com.br\/blog\/wp-json\/wp\/v2\/posts\/994639\/revisions"}],"predecessor-version":[{"id":994745,"href":"https:\/\/www.estrategiaconcursos.com.br\/blog\/wp-json\/wp\/v2\/posts\/994639\/revisions\/994745"}],"wp:featuredmedia":[{"embeddable":true,"href":"https:\/\/www.estrategiaconcursos.com.br\/blog\/wp-json\/wp\/v2\/media\/994660"}],"wp:attachment":[{"href":"https:\/\/www.estrategiaconcursos.com.br\/blog\/wp-json\/wp\/v2\/media?parent=994639"}],"wp:term":[{"taxonomy":"category","embeddable":true,"href":"https:\/\/www.estrategiaconcursos.com.br\/blog\/wp-json\/wp\/v2\/categories?post=994639"},{"taxonomy":"post_tag","embeddable":true,"href":"https:\/\/www.estrategiaconcursos.com.br\/blog\/wp-json\/wp\/v2\/tags?post=994639"},{"taxonomy":"tax_estado","embeddable":true,"href":"https:\/\/www.estrategiaconcursos.com.br\/blog\/wp-json\/wp\/v2\/tax_estado?post=994639"}],"curies":[{"name":"wp","href":"https:\/\/api.w.org\/{rel}","templated":true}]}}