{"id":994443,"date":"2022-04-01T08:22:00","date_gmt":"2022-04-01T11:22:00","guid":{"rendered":"https:\/\/www.estrategiaconcursos.com.br\/blog\/?p=994443"},"modified":"2022-03-30T14:55:53","modified_gmt":"2022-03-30T17:55:53","slug":"funcoes-do-governo-sefaz-am","status":"publish","type":"post","link":"https:\/\/www.estrategiaconcursos.com.br\/blog\/funcoes-do-governo-sefaz-am\/","title":{"rendered":"Fun\u00e7\u00f5es do governo: resumo de Finan\u00e7as P\u00fablicas para a SEFAZ AM"},"content":{"rendered":"\n<p>Ol\u00e1, pessoal. Tudo bem? Em nosso artigo de hoje trataremos sobre as <strong>FUN\u00c7\u00d5ES DO GOVERNO NA ECONOMIA<\/strong> <strong>com foco no concurso da <a href=\"http:\/\/www.sefaz.am.gov.br\/\" target=\"_blank\" rel=\"noreferrer noopener\">Secretaria de Estado da Fazenda do Amazonas (SEFAZ AM)<\/a><\/strong>.<\/p>\n\n\n\n<div class=\"wp-block-image\"><figure class=\"aligncenter size-full\"><img loading=\"lazy\" decoding=\"async\" width=\"768\" height=\"432\" src=\"https:\/\/dhg1h5j42swfq.cloudfront.net\/2022\/03\/17150723\/sefaz-am-4.jpg\" alt=\"Fun\u00e7\u00f5es do governo: resumo de Finan\u00e7as P\u00fablicas para a SEFAZ\/AM.\" class=\"wp-image-989618\" srcset=\"https:\/\/dhg1h5j42swfq.cloudfront.net\/2022\/03\/17150723\/sefaz-am-4.jpg 768w, https:\/\/dhg1h5j42swfq.cloudfront.net\/2022\/03\/17150723\/sefaz-am-4-300x169.jpg 300w, https:\/\/dhg1h5j42swfq.cloudfront.net\/2022\/03\/17150723\/sefaz-am-4-610x343.jpg 610w\" sizes=\"auto, (max-width: 768px) 100vw, 768px\" \/><figcaption>Fun\u00e7\u00f5es do governo: resumo de Finan\u00e7as P\u00fablicas para a SEFAZ\/AM.<\/figcaption><\/figure><\/div>\n\n\n\n<p>Como todos j\u00e1 devem estar cientes, o edital do novo certame da SEFAZ AM j\u00e1 \u201cest\u00e1 na pra\u00e7a\u201d e o concurso ser\u00e1 conduzido pela <a href=\"https:\/\/conhecimento.fgv.br\/concursos\" target=\"_blank\" rel=\"noreferrer noopener\">Funda\u00e7\u00e3o Get\u00falio Vargas (FGV)<\/a>. <\/p>\n\n\n\n<p>Nesse sentido, o edital abordou no conte\u00fado program\u00e1tico da disciplina de <strong>Finan\u00e7as P\u00fablicas<\/strong>, para o cargo de <strong>Auditor de Finan\u00e7as e Controle do Tesouro Estadual<\/strong>, os seguintes temas: <strong>vis\u00e3o cl\u00e1ssica das fun\u00e7\u00f5es do Estado; evolu\u00e7\u00e3o das fun\u00e7\u00f5es do governo; e, falhas de mercado, bens p\u00fablicos e externalidades.<\/strong><\/p>\n\n\n\n<p>Sobre os t\u00f3picos supracitados, voltados para o estudo das fun\u00e7\u00f5es do governo na economia, desenvolveremos um resumo focado nos principais alvos de exig\u00eancias da banca examinadora, a fim de potencializar o estudo.<\/p>\n\n\n\n<p>Todavia, vale ressaltar que a leitura deste artigo n\u00e3o substitui o estudo da aula completa sobre o assunto no curso espec\u00edfico para a SEFAZ AM (j\u00e1 dispon\u00edvel no Estrat\u00e9gia Concursos).<\/p>\n\n\n\n<p>Tenha foco e vamos ao nosso resumo de hoje.<\/p>\n\n\n\n<h2 class=\"wp-block-heading\" id=\"h-funcoes-do-governo-visao-classica\"><strong>Fun\u00e7\u00f5es do governo: vis\u00e3o cl\u00e1ssica<\/strong><\/h2>\n\n\n\n<p>Amigos, inicialmente devemos esclarecer que a despeito de existirem algumas diverg\u00eancias entre doutrinadores acerca dos conceitos de fun\u00e7\u00f5es do Estado e do governo, para fins de prova esses termos s\u00e3o tratados <strong>basicamente como sin\u00f4nimos<\/strong>. Portanto, adotaremos tal postura ao longo deste artigo.<\/p>\n\n\n\n<p>Na vis\u00e3o cl\u00e1ssica, as fun\u00e7\u00f5es do governo na economia t\u00eam como grande expoente <strong>Adam Smith<\/strong>. Para ele, a interven\u00e7\u00e3o do Estado na economia deveria ser m\u00ednima, pois o pr\u00f3prio mercado agiria como uma <strong>m\u00e3o invis\u00edvel<\/strong> que consequentemente promoveria efici\u00eancia econ\u00f4mica e bem-estar social.<\/p>\n\n\n\n<p>Todavia, perceba que no par\u00e1grafo anterior utilizamos o termo \u201cconsequentemente\u201d. A justificativa para isso \u00e9 que a <strong>vis\u00e3o cl\u00e1ssica n\u00e3o indica que a efici\u00eancia e bem-estar seriam decorrentes da bondade e do altru\u00edsmo das pessoas<\/strong>. Na verdade, indica que a <strong>soma dos interesses divergentes e ego\u00edstas dos <em>players <\/em>acabariam por se equilibrar gerando, como consequ\u00eancia, o bem-estar<\/strong>.<\/p>\n\n\n\n<p>Essa corrente do pensamento \u00e9 conhecida como <strong><em>laissez-faire<\/em> (deixe fazer em tradu\u00e7\u00e3o livre)<\/strong>.<\/p>\n\n\n\n<h2 class=\"wp-block-heading\" id=\"funcoes-do-governo-evolucao\"><strong>Fun\u00e7\u00f5es do governo: evolu\u00e7\u00e3o<\/strong><\/h2>\n\n\n\n<p>Com o fortalecimento do capitalismo surgiram, especialmente nos Estados Unidos, os cart\u00e9is (grupo de empresas que se coordenam com o prop\u00f3sito de dominar um determinado mercado, geralmente mediante o dom\u00ednio dos fatores produtivos, controle dos pre\u00e7os e redu\u00e7\u00e3o da concorr\u00eancia).<\/p>\n\n\n\n<p>Al\u00e9m disso, a quebra da bolsa de valores de <em>New York<\/em> e a Grande Depress\u00e3o, em 1929 e 1930, respectivamente, demonstraram a <strong>necessidade de maiores interven\u00e7\u00f5es estatais na economia<\/strong>, em descompasso \u00e0s ideias do <em>laissez-faire<\/em>.<\/p>\n\n\n\n<p>Dessa forma, ganhou notoriedade, por volta de 1936, o economista <strong>John Keynes<\/strong>, que, por sua vez, <strong>defendia maior participa\u00e7\u00e3o do Estado na economia<\/strong>. Para Keynes, <strong>o mercado \u00e9 incapaz de atuar satisfatoriamente nas situa\u00e7\u00f5es relacionadas \u00e0s falhas de mercado<\/strong> (estudaremos melhor essas falhas em seguida).<\/p>\n\n\n\n<p>Assim, as fun\u00e7\u00f5es do governo na economia evolu\u00edram at\u00e9 os conceitos mais conhecidos atualmente, a saber: <strong>alocativa, distributiva, estabilizadora<\/strong>.<\/p>\n\n\n\n<h2 class=\"wp-block-heading\" id=\"funcoes-do-governo-alocativa\"><strong>Fun\u00e7\u00f5es do governo: alocativa<\/strong><\/h2>\n\n\n\n<p>A fun\u00e7\u00e3o alocativa do governo na economia <strong>consiste basicamente na interfer\u00eancia do governo no mercado mediante o oferecimento\/financiamento\/regula\u00e7\u00e3o de bens p\u00fablicos ou merit\u00f3rios (semip\u00fablicos) pelo Estado<\/strong>.<\/p>\n\n\n\n<p>Nesse sentido, devemos lembrar que os bens p\u00fablicos possuem como principais caracter\u00edsticas a n\u00e3o-rivalidade e a n\u00e3o-exclusividade. <\/p>\n\n\n\n<p>O esquema a seguir resumir\u00e1 os principais conceitos sobre rivalidade e exclusividade dos bens p\u00fablicos.<\/p>\n\n\n\n<div class=\"wp-block-image\"><figure class=\"aligncenter size-full\"><img loading=\"lazy\" decoding=\"async\" width=\"569\" height=\"426\" src=\"https:\/\/dhg1h5j42swfq.cloudfront.net\/2022\/03\/25134012\/funcoes-do-governo-rivalidade-x-exclusividade.png\" alt=\"Fun\u00e7\u00f5es do governo: bens p\u00fablicos (rivalidade x exclusividade).\" class=\"wp-image-994882\" srcset=\"https:\/\/dhg1h5j42swfq.cloudfront.net\/2022\/03\/25134012\/funcoes-do-governo-rivalidade-x-exclusividade.png 569w, https:\/\/dhg1h5j42swfq.cloudfront.net\/2022\/03\/25134012\/funcoes-do-governo-rivalidade-x-exclusividade-300x225.png 300w\" sizes=\"auto, (max-width: 569px) 100vw, 569px\" \/><figcaption>Fun\u00e7\u00f5es do governo: bens p\u00fablicos (rivalidade x exclusividade).<\/figcaption><\/figure><\/div>\n\n\n\n<p>Pessoal, sobre a rivalidade e a exclusividade, nosso esquema (supra) indicou <strong>a regra, <\/strong>todavia,<strong> devemos lembrar que existem exce\u00e7\u00f5es. <\/strong>Por exemplo: se algumas pessoas decidem interditar uma pra\u00e7a p\u00fablica para realizar uma grande manifesta\u00e7\u00e3o, isso pode transformar o bem n\u00e3o-rival (pra\u00e7a) em um bem rival, na medida que a utiliza\u00e7\u00e3o do bem por alguns acaba impedindo a sua utiliza\u00e7\u00e3o por outros.<\/p>\n\n\n\n<p id=\"assim-os-bens-publicos-puros-sao-nao-rivais-e-nao-exclusivos-os-bens-meritorios-semipublicos-por-sua-vez-possuem-como-caracteristica-serem-nao-rivais-e-exclusivos\">Assim, os bens p\u00fablicos (puros) s\u00e3o n\u00e3o-rivais e n\u00e3o-exclusivos. Os bens merit\u00f3rios (semip\u00fablicos), por sua vez, possuem como caracter\u00edsticas serem n\u00e3o-rivais e exclusivos.<\/p>\n\n\n\n<p>Diante dessa breve explica\u00e7\u00e3o, podemos perceber que o fornecimento de bens p\u00fablicos puros n\u00e3o representa atrativo \u00e0 iniciativa privada. As caracter\u00edsticas de n\u00e3o-rivalidade e n\u00e3o-exclusividade, via de regra, impossibilitam a obten\u00e7\u00e3o de vantagens econ\u00f4micas pelo produtor\/fornecedor. Todavia, seu fornecimento pode ser de extrema import\u00e2ncia ao bem-estar coletivo. Por esse motivo, o Estado se encarregar\u00e1 de fornecer tais bens mediante a aloca\u00e7\u00e3o de recursos p\u00fablicos. Ora, <strong>temos aqui a fun\u00e7\u00e3o alocativa<\/strong>.<\/p>\n\n\n\n<p>Quando falamos de bens merit\u00f3rios (pense em universidades ou hospitais), a caracter\u00edstica da exclusividade permite o fornecimento de tais bens pela iniciativa privada. Todavia, o interesse social envolvido nesses bens\/servi\u00e7os \u00e9 t\u00e3o significativo que o Estado deve tamb\u00e9m fornec\u00ea-los mediante a aloca\u00e7\u00e3o de recursos p\u00fablicos, subvencionar o seu fornecimento (quando for o caso) e\/ou atuar regulando os fornecidos pela iniciativa privada.<\/p>\n\n\n\n<p>Nesse sentido, pode-se dizer que existem basicamente tr\u00eas formas de atua\u00e7\u00e3o do governo para cumprimento da fun\u00e7\u00e3o alocativa.<\/p>\n\n\n\n<h3 class=\"wp-block-heading\" id=\"funcao-alocativa-formas-de-cumprimento\"><strong>Fun\u00e7\u00e3o Alocativa: formas de cumprimento<\/strong><\/h3>\n\n\n\n<p>Sobre as formas de atua\u00e7\u00e3o do Estado para cumprimento da sua fun\u00e7\u00e3o de governo alocativa, podemos citar:<\/p>\n\n\n\n<ul class=\"wp-block-list\"><li><strong>ESTADO PRODUTOR:<\/strong> O Estado \u00e9 dito produtor quando atua produzindo diretamente bens\/servi\u00e7os de interesse coletivo. Essa atividade \u00e9 marcada, dentre outras coisas, pela presen\u00e7a de empresas estatais atuando na economia. No Brasil, foi muito presente principalmente nos governos de Gaspar Dutra (1946 \u2013 1951), Get\u00falio Vargas (1951 \u2013 1954) e Juscelino Kubitschek (1956 \u2013 1961).<\/li><li><strong>ESTADO FINANCIADOR:<\/strong> Ocorre quando o Estado atua financiando o mercado, mediante empr\u00e9stimos ou subs\u00eddios, a fim de melhorar a sua efici\u00eancia.<\/li><li><strong>ESTADO REGULADOR:<\/strong> O estado atua normatizando e fiscalizando as atividades econ\u00f4micas de interesse social e alguns aspectos do mercado propriamente dito.<\/li><\/ul>\n\n\n\n<p>Amigos, agora que j\u00e1 discorremos brevemente sobre as formas de atua\u00e7\u00e3o do Estado para cumprimento da fun\u00e7\u00e3o alocativa, <strong>devemos tecer mais alguns coment\u00e1rios sobre o Estado Regulador, devido \u00e0 sua import\u00e2ncia para fins de provas de concursos p\u00fablicos<\/strong>.<\/p>\n\n\n\n<p>A evolu\u00e7\u00e3o da administra\u00e7\u00e3o p\u00fablica at\u00e9 o modelo gerencial foi acompanhado de uma mudan\u00e7a de mentalidade acerca das formas de presta\u00e7\u00e3o dos servi\u00e7os \u00e0 sociedade. <\/p>\n\n\n\n<p>No <strong>Estado Regulador, o ente estatal deixa de atuar diretamente (em alguns aspectos) na execu\u00e7\u00e3o dos bens\/servi\u00e7os para atuar na sua normatiza\u00e7\u00e3o e fiscaliza\u00e7\u00e3o, ao tempo em que delega \u00e0 iniciativa privada a execu\u00e7\u00e3o propriamente dita.<\/strong><\/p>\n\n\n\n<p>Nesse sentido, o conceito de Estado Regulador passa pela libera\u00e7\u00e3o de atividades que antes eram executadas pelo Estado, em regime monopolista, para a iniciativa privada, por meio de concess\u00f5es e privatiza\u00e7\u00f5es. <\/p>\n\n\n\n<p>Todavia, <strong>n\u00e3o caia em pegadinhas de prova<\/strong>, pois mesmo nos casos de privatiza\u00e7\u00f5es envolvendo os servi\u00e7os p\u00fablicos, no Estado Regulador, o ente estatal continua sendo um <em>player <\/em>importante, na medida em que estabelece normas e fiscaliza a atividade privada a fim de garantir o interesse coletivo.<\/p>\n\n\n\n<p>Sobre isso, devemos lembrar das <strong>ag\u00eancias reguladoras<\/strong>.<\/p>\n\n\n\n<h2 class=\"wp-block-heading\" id=\"funcoes-do-governo-distributiva\"><strong>Fun\u00e7\u00f5es do governo: distributiva<\/strong><\/h2>\n\n\n\n<p>A fun\u00e7\u00e3o de governo distributiva relaciona-se \u00e0 redu\u00e7\u00e3o de desigualdades econ\u00f4micas e sociais mediante o beneficiamento de camadas mais vulner\u00e1veis em detrimento da sociedade como um todo (ou das camadas mais ricas).<\/p>\n\n\n\n<p>Sobre isso, j\u00e1 devemos introduzir uma <strong>explica\u00e7\u00e3o importante<\/strong>: a rigor, existe diferen\u00e7a entre fun\u00e7\u00e3o distributiva e redistributiva, conforme o esquema a seguir. Todavia, <strong>considerando o hist\u00f3rico da banca FGV<\/strong>, ela <strong>desconsidera a exist\u00eancia de uma fun\u00e7\u00e3o redistributiva<\/strong>. Nesse sentido, <strong>em qualquer das hip\u00f3teses descritas no esquema a seguir, para fins de prova da FGV, aconselha-se que o aluno considere ser um caso de fun\u00e7\u00e3o distributiva<\/strong>.<\/p>\n\n\n\n<div class=\"wp-block-image\"><figure class=\"aligncenter size-full\"><img loading=\"lazy\" decoding=\"async\" width=\"569\" height=\"334\" src=\"https:\/\/dhg1h5j42swfq.cloudfront.net\/2022\/03\/25114200\/funcoes-do-governo-distributiva-x-redistributiva.png\" alt=\"Fun\u00e7\u00f5es do governo: distributiva x redistributiva.\" class=\"wp-image-994753\" srcset=\"https:\/\/dhg1h5j42swfq.cloudfront.net\/2022\/03\/25114200\/funcoes-do-governo-distributiva-x-redistributiva.png 569w, https:\/\/dhg1h5j42swfq.cloudfront.net\/2022\/03\/25114200\/funcoes-do-governo-distributiva-x-redistributiva-300x176.png 300w\" sizes=\"auto, (max-width: 569px) 100vw, 569px\" \/><figcaption>Fun\u00e7\u00f5es do governo: distributiva x redistributiva.<\/figcaption><\/figure><\/div>\n\n\n\n<p>Al\u00e9m disso, devemos guardar os instrumentos utilizados pelo governo para promo\u00e7\u00e3o da fun\u00e7\u00e3o distributiva, a saber: <strong>transfer\u00eancias, impostos e subs\u00eddios<\/strong>.<\/p>\n\n\n\n<p>Por exemplo, o governo pode tributar com maior intensidade as classes mais economicamente pujantes da sociedade a fim de obter recursos para subsidiar programas governamentais voltados \u00e0 popula\u00e7\u00e3o mais carente ou mesmo para transfer\u00eancia de recursos a essas camadas mais pobres.<\/p>\n\n\n\n<p>Nesse sentido, alguns <strong>exemplos cl\u00e1ssicos<\/strong> de exerc\u00edcio da fun\u00e7\u00e3o distributiva que podem aparecer em prova s\u00e3o: <strong>imposto de renda progressivo, programas assistenciais (como o Bolsa Fam\u00edlia) e ainda a previd\u00eancia social<\/strong>.<\/p>\n\n\n\n<h2 class=\"wp-block-heading\" id=\"funcoes-do-governo-estabilizadora\"><strong>Fun\u00e7\u00f5es do governo: estabilizadora<\/strong><\/h2>\n\n\n\n<p>A fun\u00e7\u00e3o do governo dita estabilizadora, por sua vez, relaciona-se com o <strong>crescimento econ\u00f4mico, a estabilidade dos pre\u00e7os e a manuten\u00e7\u00e3o de altos \u00edndices de emprego<\/strong>.<\/p>\n\n\n\n<p>Perceba que todos os itens elencados s\u00e3o extremamente estrat\u00e9gicos para o desenvolvimento do Estado e, via de regra, a fun\u00e7\u00e3o estabilizadora \u00e9 realizada pontualmente. <strong>Por exemplo, quando o Banco Central do Brasil (BACEN) estabelece a taxa b\u00e1sica de juros<\/strong>.<\/p>\n\n\n\n<p>Todavia, existem situa\u00e7\u00f5es em que a instabilidade \u00e9 t\u00e3o significativa que se exige do governo uma pol\u00edtica mais ampla, <strong>a exemplo do plano real<\/strong>.<\/p>\n\n\n\n<h2 class=\"wp-block-heading\" id=\"falhas-de-mercado\"><strong>Falhas de mercado<\/strong><\/h2>\n\n\n\n<p>Amigos, lembram que n\u00f3s comentamos que <strong>em decorr\u00eancia da exist\u00eancia de falhas de mercado existe a necessidade de atua\u00e7\u00e3o do governo junto \u00e0 economia<\/strong>, tendo em vista a incapacidade do mercado de atingir m\u00e1xima efici\u00eancia nessas situa\u00e7\u00f5es.<\/p>\n\n\n\n<p>Pois bem, as falhas de mercado podem ser classificadas basicamente em tr\u00eas tipos, a saber: <strong>bens p\u00fablicos, externalidades e assimetria de informa\u00e7\u00f5es<\/strong>.<\/p>\n\n\n\n<p>O esquema seguinte resume os principais aspectos acerca das falhas de mercado que devemos levar para a prova.<\/p>\n\n\n\n<div class=\"wp-block-image\"><figure class=\"aligncenter size-full\"><img loading=\"lazy\" decoding=\"async\" width=\"568\" height=\"922\" src=\"https:\/\/dhg1h5j42swfq.cloudfront.net\/2022\/03\/25140952\/funcoes-do-governo-falhas-de-mercado.png\" alt=\"Fun\u00e7\u00f5es do governo: falhas de mercado.\" class=\"wp-image-994900\" srcset=\"https:\/\/dhg1h5j42swfq.cloudfront.net\/2022\/03\/25140952\/funcoes-do-governo-falhas-de-mercado.png 568w, https:\/\/dhg1h5j42swfq.cloudfront.net\/2022\/03\/25140952\/funcoes-do-governo-falhas-de-mercado-185x300.png 185w\" sizes=\"auto, (max-width: 568px) 100vw, 568px\" \/><figcaption>Fun\u00e7\u00f5es do governo: falhas de mercado.<\/figcaption><\/figure><\/div>\n\n\n\n<h2 class=\"wp-block-heading\" id=\"conclusao\"><strong>Conclus\u00e3o<\/strong><\/h2>\n\n\n\n<p>Amigos, por hoje \u00e9 s\u00f3!<\/p>\n\n\n\n<p>Sei que o assunto n\u00e3o \u00e9 dos mais f\u00e1ceis, por\u00e9m, ap\u00f3s a adequada compreens\u00e3o do assunto, temos a chance de garantir alguns pontos preciosos na disciplina de Finan\u00e7as P\u00fablicas, tendo em vista que esse \u00e9 um dos assuntos mais recorrentes nas provas.<\/p>\n\n\n\n<p>Espero que este artigo seja \u00fatil na prepara\u00e7\u00e3o para a prova da SEFAZ AM. Nesse sentido, aproveito para relembrar que \u00e9 essencial o estudo da aula completa acerca dessa mat\u00e9ria.<\/p>\n\n\n\n<p>Al\u00e9m disso, recomenda-se a resolu\u00e7\u00e3o de uma bateria de quest\u00f5es da banca FGV acerca desse tema para sedimenta\u00e7\u00e3o do conte\u00fado.<\/p>\n\n\n\n<p>At\u00e9 o pr\u00f3ximo artigo.<\/p>\n\n\n\n<p>Grande abra\u00e7o.<\/p>\n\n\n\n<p><strong>Rafael Chaves<\/strong><\/p>\n\n\n\n<p class=\"has-text-align-center has-cyan-bluish-gray-background-color has-background has-medium-font-size\"> <strong>Saiba mais:&nbsp;<a href=\"https:\/\/www.estrategiaconcursos.com.br\/blog\/concurso-sefaz-am\/#\">Concurso SEFAZ AM<\/a><\/strong><\/p>\n\n\n\n<h2 class=\"has-text-align-center wp-block-heading\" id=\"quer-estudar-para-o-concurso-da-sefaz-am\">Quer estudar para o concurso da SEFAZ AM? <\/h2>\n\n\n\n<div class=\"container\" id=\"boxes\">\n  <div class=\"row\">\n\n    <div class=\"col-sm\">\n      <div class=\"banner-fiscal-01\" id=\"box-assinatura\">\n        <h3 class=\"titulo-assinatura\">Concurso Sefaz AM<\/h3>\n        <p class=\"subtitulo-assinatura\">Conhe\u00e7a os cursos<\/p>\n        <div class=\"box-botao\">\n          <a class=\"btn-assinatura\" target=\"_blank\" href=\"https:\/\/www.estrategiaconcursos.com.br\/cursosPorConcurso\/sefaz-am-247\/\" role=\"button\" rel=\"noopener noreferrer\">Conhe\u00e7a mais<\/a>\n        <\/div>\n      <\/div>\n    \n    <\/div>\n\n  <\/div>\n<\/div>\n\n\n\n<div class=\"container\" id=\"boxes\">\n  <div class=\"row\">\n\n    <div class=\"col-sm\">\n      <div class=\"estrategia\" id=\"box-assinatura\">\n        <h3 class=\"titulo-assinatura\">Assinatura Concursos<\/h3>\n        <p class=\"subtitulo-assinatura\">Assinatura de 1 ano ou 2 anos<\/p>\n        <div class=\"box-botao\">\n          <a class=\"btn-assinatura\" target=\"_blank\" href=\"https:\/\/www.estrategiaconcursos.com.br\/assinaturas\/\" role=\"button\" rel=\"noopener noreferrer\">ASSINE AGORA<\/a>\n        <\/div>\n      <\/div>\n     \n    <\/div><\/div><\/div>\n\n\n\n<h2 class=\"has-text-align-center wp-block-heading\" id=\"quer-saber-tudo-sobre-concursos-previstos-confira-nossos-artigos\">Quer saber tudo sobre concursos previstos?<br \/>Confira nossos artigos!<\/h2>\n\n\n\n<p class=\"has-text-align-center has-cyan-bluish-gray-background-color has-background has-medium-font-size\"><a href=\"https:\/\/www.estrategiaconcursos.com.br\/blog\/concursos-abertos\/#\" target=\"_blank\" rel=\"noreferrer noopener\">Concursos abertos<\/a><\/p>\n\n\n\n<p class=\"has-text-align-center has-cyan-bluish-gray-background-color has-background has-medium-font-size\"><a href=\"https:\/\/www.estrategiaconcursos.com.br\/blog\/concursos-2022\/#\" target=\"_blank\" rel=\"noreferrer noopener\">Concursos 2022<\/a><\/p>\n","protected":false},"excerpt":{"rendered":"<p>Ol\u00e1, pessoal. Tudo bem? Em nosso artigo de hoje trataremos sobre as FUN\u00c7\u00d5ES DO GOVERNO NA ECONOMIA com foco no concurso da Secretaria de Estado da Fazenda do Amazonas (SEFAZ AM). Como todos j\u00e1 devem estar cientes, o edital do novo certame da SEFAZ AM j\u00e1 \u201cest\u00e1 na pra\u00e7a\u201d e o concurso ser\u00e1 conduzido pela [&hellip;]<\/p>\n","protected":false},"author":2261,"featured_media":986062,"comment_status":"open","ping_status":"closed","sticky":false,"template":"","format":"standard","meta":{"post_tipo":"article","footnotes":""},"categories":[1,1983],"tags":[],"tax_estado":[219966],"class_list":["post-994443","post","type-post","status-publish","format-standard","has-post-thumbnail","hentry","category-cursos-e-concursos","category-fiscal-estadual","tax_estado-am"],"acf":[],"yoast_head":"<!-- This site is optimized with the Yoast SEO Premium plugin v27.2 (Yoast SEO v27.2) - https:\/\/yoast.com\/product\/yoast-seo-premium-wordpress\/ -->\n<title>Fun\u00e7\u00f5es do governo: resumo de Finan\u00e7as P\u00fablicas para a SEFAZ AM<\/title>\n<meta name=\"description\" content=\"Estudo sobre as fun\u00e7\u00f5es do governo na economia com foco no novo certame da Secretaria de Estado da Fazendo do Amazonas (SEFAZ\/AM).\" \/>\n<meta name=\"robots\" content=\"index, follow, max-snippet:-1, max-image-preview:large, max-video-preview:-1\" \/>\n<link rel=\"canonical\" href=\"https:\/\/www.estrategiaconcursos.com.br\/blog\/funcoes-do-governo-sefaz-am\/\" \/>\n<meta property=\"og:locale\" content=\"pt_BR\" \/>\n<meta property=\"og:type\" content=\"article\" \/>\n<meta property=\"og:title\" content=\"Fun\u00e7\u00f5es do governo: resumo de Finan\u00e7as P\u00fablicas para a SEFAZ AM\" \/>\n<meta property=\"og:description\" content=\"Estudo sobre as fun\u00e7\u00f5es do governo na economia com foco no novo certame da Secretaria de Estado da Fazendo do Amazonas (SEFAZ\/AM).\" \/>\n<meta property=\"og:url\" content=\"https:\/\/www.estrategiaconcursos.com.br\/blog\/funcoes-do-governo-sefaz-am\/\" \/>\n<meta property=\"og:site_name\" content=\"Estrat\u00e9gia Concursos\" \/>\n<meta property=\"article:published_time\" content=\"2022-04-01T11:22:00+00:00\" \/>\n<meta property=\"og:image\" content=\"https:\/\/dhg1h5j42swfq.cloudfront.net\/2022\/03\/13115719\/sefaz-am-3.jpg\" \/>\n\t<meta property=\"og:image:width\" content=\"300\" \/>\n\t<meta property=\"og:image:height\" content=\"168\" \/>\n\t<meta property=\"og:image:type\" content=\"image\/jpeg\" \/>\n<meta name=\"author\" content=\"Rafael Ferreira Chaves\" \/>\n<meta name=\"twitter:card\" content=\"summary_large_image\" \/>\n<meta name=\"twitter:creator\" content=\"@EstratConcursos\" \/>\n<meta name=\"twitter:site\" content=\"@EstratConcursos\" \/>\n<meta name=\"twitter:label1\" content=\"Escrito por\" \/>\n\t<meta name=\"twitter:data1\" content=\"Rafael Ferreira Chaves\" \/>\n\t<meta name=\"twitter:label2\" content=\"Est. tempo de leitura\" \/>\n\t<meta name=\"twitter:data2\" content=\"10 minutos\" \/>\n<script type=\"application\/ld+json\" class=\"yoast-schema-graph\">{\"@context\":\"https:\/\/schema.org\",\"@graph\":[{\"@type\":\"NewsArticle\",\"@id\":\"https:\/\/www.estrategiaconcursos.com.br\/blog\/funcoes-do-governo-sefaz-am\/#article\",\"isPartOf\":{\"@id\":\"https:\/\/www.estrategiaconcursos.com.br\/blog\/funcoes-do-governo-sefaz-am\/\"},\"author\":{\"name\":\"Rafael Ferreira Chaves\",\"@id\":\"https:\/\/www.estrategiaconcursos.com.br\/blog\/#\/schema\/person\/545cce8f1c81268ec2ca202a954284e1\"},\"headline\":\"Fun\u00e7\u00f5es do governo: resumo de Finan\u00e7as P\u00fablicas para a SEFAZ AM\",\"datePublished\":\"2022-04-01T11:22:00+00:00\",\"mainEntityOfPage\":{\"@id\":\"https:\/\/www.estrategiaconcursos.com.br\/blog\/funcoes-do-governo-sefaz-am\/\"},\"wordCount\":1836,\"commentCount\":0,\"publisher\":{\"@id\":\"https:\/\/www.estrategiaconcursos.com.br\/blog\/#organization\"},\"image\":{\"@id\":\"https:\/\/www.estrategiaconcursos.com.br\/blog\/funcoes-do-governo-sefaz-am\/#primaryimage\"},\"thumbnailUrl\":\"https:\/\/dhg1h5j42swfq.cloudfront.net\/2022\/03\/13115719\/sefaz-am-3.jpg\",\"articleSection\":[\"Concursos P\u00fablicos\",\"Fiscal - Estadual (ICMS)\"],\"inLanguage\":\"pt-BR\",\"potentialAction\":[{\"@type\":\"CommentAction\",\"name\":\"Comment\",\"target\":[\"https:\/\/www.estrategiaconcursos.com.br\/blog\/funcoes-do-governo-sefaz-am\/#respond\"]}],\"copyrightYear\":\"2022\",\"copyrightHolder\":{\"@id\":\"https:\/\/www.estrategiaconcursos.com.br\/blog\/#organization\"}},{\"@type\":\"WebPage\",\"@id\":\"https:\/\/www.estrategiaconcursos.com.br\/blog\/funcoes-do-governo-sefaz-am\/\",\"url\":\"https:\/\/www.estrategiaconcursos.com.br\/blog\/funcoes-do-governo-sefaz-am\/\",\"name\":\"Fun\u00e7\u00f5es do governo: resumo de Finan\u00e7as P\u00fablicas para a SEFAZ AM\",\"isPartOf\":{\"@id\":\"https:\/\/www.estrategiaconcursos.com.br\/blog\/#website\"},\"primaryImageOfPage\":{\"@id\":\"https:\/\/www.estrategiaconcursos.com.br\/blog\/funcoes-do-governo-sefaz-am\/#primaryimage\"},\"image\":{\"@id\":\"https:\/\/www.estrategiaconcursos.com.br\/blog\/funcoes-do-governo-sefaz-am\/#primaryimage\"},\"thumbnailUrl\":\"https:\/\/dhg1h5j42swfq.cloudfront.net\/2022\/03\/13115719\/sefaz-am-3.jpg\",\"datePublished\":\"2022-04-01T11:22:00+00:00\",\"description\":\"Estudo sobre as fun\u00e7\u00f5es do governo na economia com foco no novo certame da Secretaria de Estado da Fazendo do Amazonas (SEFAZ\/AM).\",\"breadcrumb\":{\"@id\":\"https:\/\/www.estrategiaconcursos.com.br\/blog\/funcoes-do-governo-sefaz-am\/#breadcrumb\"},\"inLanguage\":\"pt-BR\",\"potentialAction\":[{\"@type\":\"ReadAction\",\"target\":[\"https:\/\/www.estrategiaconcursos.com.br\/blog\/funcoes-do-governo-sefaz-am\/\"]}]},{\"@type\":\"ImageObject\",\"inLanguage\":\"pt-BR\",\"@id\":\"https:\/\/www.estrategiaconcursos.com.br\/blog\/funcoes-do-governo-sefaz-am\/#primaryimage\",\"url\":\"https:\/\/dhg1h5j42swfq.cloudfront.net\/2022\/03\/13115719\/sefaz-am-3.jpg\",\"contentUrl\":\"https:\/\/dhg1h5j42swfq.cloudfront.net\/2022\/03\/13115719\/sefaz-am-3.jpg\",\"width\":300,\"height\":168},{\"@type\":\"BreadcrumbList\",\"@id\":\"https:\/\/www.estrategiaconcursos.com.br\/blog\/funcoes-do-governo-sefaz-am\/#breadcrumb\",\"itemListElement\":[{\"@type\":\"ListItem\",\"position\":1,\"name\":\"In\u00edcio\",\"item\":\"https:\/\/www.estrategiaconcursos.com.br\/blog\/\"},{\"@type\":\"ListItem\",\"position\":2,\"name\":\"Fun\u00e7\u00f5es do governo: resumo de Finan\u00e7as P\u00fablicas para a SEFAZ AM\"}]},{\"@type\":\"WebSite\",\"@id\":\"https:\/\/www.estrategiaconcursos.com.br\/blog\/#website\",\"url\":\"https:\/\/www.estrategiaconcursos.com.br\/blog\/\",\"name\":\"Estrat\u00e9gia Concursos\",\"description\":\"O blog da Estrat\u00e9gia Concursos traz not\u00edcias sobre concursos e artigos de professores oferecendo cursos para concursos (pdf + videaulas) no site.\",\"publisher\":{\"@id\":\"https:\/\/www.estrategiaconcursos.com.br\/blog\/#organization\"},\"potentialAction\":[{\"@type\":\"SearchAction\",\"target\":{\"@type\":\"EntryPoint\",\"urlTemplate\":\"https:\/\/www.estrategiaconcursos.com.br\/blog\/?s={search_term_string}\"},\"query-input\":{\"@type\":\"PropertyValueSpecification\",\"valueRequired\":true,\"valueName\":\"search_term_string\"}}],\"inLanguage\":\"pt-BR\"},{\"@type\":\"Organization\",\"@id\":\"https:\/\/www.estrategiaconcursos.com.br\/blog\/#organization\",\"name\":\"Estrat\u00e9gia Concursos\",\"url\":\"https:\/\/www.estrategiaconcursos.com.br\/blog\/\",\"logo\":{\"@type\":\"ImageObject\",\"inLanguage\":\"pt-BR\",\"@id\":\"https:\/\/www.estrategiaconcursos.com.br\/blog\/#\/schema\/logo\/image\/\",\"url\":\"https:\/\/dhg1h5j42swfq.cloudfront.net\/2025\/06\/03203428\/logo_concursos-1.jpg\",\"contentUrl\":\"https:\/\/dhg1h5j42swfq.cloudfront.net\/2025\/06\/03203428\/logo_concursos-1.jpg\",\"width\":230,\"height\":60,\"caption\":\"Estrat\u00e9gia Concursos\"},\"image\":{\"@id\":\"https:\/\/www.estrategiaconcursos.com.br\/blog\/#\/schema\/logo\/image\/\"},\"sameAs\":[\"https:\/\/x.com\/EstratConcursos\"]},{\"@type\":\"Person\",\"@id\":\"https:\/\/www.estrategiaconcursos.com.br\/blog\/#\/schema\/person\/545cce8f1c81268ec2ca202a954284e1\",\"name\":\"Rafael Ferreira Chaves\",\"image\":{\"@type\":\"ImageObject\",\"inLanguage\":\"pt-BR\",\"@id\":\"https:\/\/secure.gravatar.com\/avatar\/7d43172b7c8451a76fe991e14bf7b661f56fcd3e9d8f44dcd92c997cfaf1286f?s=96&d=mm&r=g\",\"url\":\"https:\/\/secure.gravatar.com\/avatar\/7d43172b7c8451a76fe991e14bf7b661f56fcd3e9d8f44dcd92c997cfaf1286f?s=96&d=mm&r=g\",\"contentUrl\":\"https:\/\/secure.gravatar.com\/avatar\/7d43172b7c8451a76fe991e14bf7b661f56fcd3e9d8f44dcd92c997cfaf1286f?s=96&d=mm&r=g\",\"caption\":\"Rafael Ferreira Chaves\"},\"description\":\"Engenheiro Civil formado pela Universidade Federal do Piau\u00ed - UFPI. Especialista em Engenharia Ambiental e Saneamento B\u00e1sico pela Faculdade Est\u00e1cio. Atualmente exerce o cargo de Auditor de Controle Externo do TCE\/AM. Aprovado e nomeado nos seguintes concursos: ARSETE\/PMT (1\u00ba lugar - Analista de Regula\u00e7\u00e3o - Eng. Civil), Prefeitura de Campinas\/SP (Eng. Civil) , CODEVASF (Analista de Desenvolvimento Regional - Eng. Civil), TCE\/AM (2\u00ba lugar - Auditor de Controle Externo - Obras P\u00fablicas \/ 14\u00ba lugar - Auditor de Controle Externo - Auditoria Governamental), TCE\/TO (2\u00ba lugar - Auditor de Controle Externo - Eng. Civil), TCE GO (Analista de Controle Externo - Controle Externo).\",\"url\":\"https:\/\/www.estrategiaconcursos.com.br\/blog\/author\/fchaves01gmail-com\/\"}]}<\/script>\n<!-- \/ Yoast SEO Premium plugin. -->","yoast_head_json":{"title":"Fun\u00e7\u00f5es do governo: resumo de Finan\u00e7as P\u00fablicas para a SEFAZ AM","description":"Estudo sobre as fun\u00e7\u00f5es do governo na economia com foco no novo certame da Secretaria de Estado da Fazendo do Amazonas (SEFAZ\/AM).","robots":{"index":"index","follow":"follow","max-snippet":"max-snippet:-1","max-image-preview":"max-image-preview:large","max-video-preview":"max-video-preview:-1"},"canonical":"https:\/\/www.estrategiaconcursos.com.br\/blog\/funcoes-do-governo-sefaz-am\/","og_locale":"pt_BR","og_type":"article","og_title":"Fun\u00e7\u00f5es do governo: resumo de Finan\u00e7as P\u00fablicas para a SEFAZ AM","og_description":"Estudo sobre as fun\u00e7\u00f5es do governo na economia com foco no novo certame da Secretaria de Estado da Fazendo do Amazonas (SEFAZ\/AM).","og_url":"https:\/\/www.estrategiaconcursos.com.br\/blog\/funcoes-do-governo-sefaz-am\/","og_site_name":"Estrat\u00e9gia Concursos","article_published_time":"2022-04-01T11:22:00+00:00","og_image":[{"width":300,"height":168,"url":"https:\/\/dhg1h5j42swfq.cloudfront.net\/2022\/03\/13115719\/sefaz-am-3.jpg","type":"image\/jpeg"}],"author":"Rafael Ferreira Chaves","twitter_card":"summary_large_image","twitter_creator":"@EstratConcursos","twitter_site":"@EstratConcursos","twitter_misc":{"Escrito por":"Rafael Ferreira Chaves","Est. tempo de leitura":"10 minutos"},"schema":{"@context":"https:\/\/schema.org","@graph":[{"@type":"NewsArticle","@id":"https:\/\/www.estrategiaconcursos.com.br\/blog\/funcoes-do-governo-sefaz-am\/#article","isPartOf":{"@id":"https:\/\/www.estrategiaconcursos.com.br\/blog\/funcoes-do-governo-sefaz-am\/"},"author":{"name":"Rafael Ferreira Chaves","@id":"https:\/\/www.estrategiaconcursos.com.br\/blog\/#\/schema\/person\/545cce8f1c81268ec2ca202a954284e1"},"headline":"Fun\u00e7\u00f5es do governo: resumo de Finan\u00e7as P\u00fablicas para a SEFAZ AM","datePublished":"2022-04-01T11:22:00+00:00","mainEntityOfPage":{"@id":"https:\/\/www.estrategiaconcursos.com.br\/blog\/funcoes-do-governo-sefaz-am\/"},"wordCount":1836,"commentCount":0,"publisher":{"@id":"https:\/\/www.estrategiaconcursos.com.br\/blog\/#organization"},"image":{"@id":"https:\/\/www.estrategiaconcursos.com.br\/blog\/funcoes-do-governo-sefaz-am\/#primaryimage"},"thumbnailUrl":"https:\/\/dhg1h5j42swfq.cloudfront.net\/2022\/03\/13115719\/sefaz-am-3.jpg","articleSection":["Concursos P\u00fablicos","Fiscal - Estadual (ICMS)"],"inLanguage":"pt-BR","potentialAction":[{"@type":"CommentAction","name":"Comment","target":["https:\/\/www.estrategiaconcursos.com.br\/blog\/funcoes-do-governo-sefaz-am\/#respond"]}],"copyrightYear":"2022","copyrightHolder":{"@id":"https:\/\/www.estrategiaconcursos.com.br\/blog\/#organization"}},{"@type":"WebPage","@id":"https:\/\/www.estrategiaconcursos.com.br\/blog\/funcoes-do-governo-sefaz-am\/","url":"https:\/\/www.estrategiaconcursos.com.br\/blog\/funcoes-do-governo-sefaz-am\/","name":"Fun\u00e7\u00f5es do governo: resumo de Finan\u00e7as P\u00fablicas para a SEFAZ AM","isPartOf":{"@id":"https:\/\/www.estrategiaconcursos.com.br\/blog\/#website"},"primaryImageOfPage":{"@id":"https:\/\/www.estrategiaconcursos.com.br\/blog\/funcoes-do-governo-sefaz-am\/#primaryimage"},"image":{"@id":"https:\/\/www.estrategiaconcursos.com.br\/blog\/funcoes-do-governo-sefaz-am\/#primaryimage"},"thumbnailUrl":"https:\/\/dhg1h5j42swfq.cloudfront.net\/2022\/03\/13115719\/sefaz-am-3.jpg","datePublished":"2022-04-01T11:22:00+00:00","description":"Estudo sobre as fun\u00e7\u00f5es do governo na economia com foco no novo certame da Secretaria de Estado da Fazendo do Amazonas (SEFAZ\/AM).","breadcrumb":{"@id":"https:\/\/www.estrategiaconcursos.com.br\/blog\/funcoes-do-governo-sefaz-am\/#breadcrumb"},"inLanguage":"pt-BR","potentialAction":[{"@type":"ReadAction","target":["https:\/\/www.estrategiaconcursos.com.br\/blog\/funcoes-do-governo-sefaz-am\/"]}]},{"@type":"ImageObject","inLanguage":"pt-BR","@id":"https:\/\/www.estrategiaconcursos.com.br\/blog\/funcoes-do-governo-sefaz-am\/#primaryimage","url":"https:\/\/dhg1h5j42swfq.cloudfront.net\/2022\/03\/13115719\/sefaz-am-3.jpg","contentUrl":"https:\/\/dhg1h5j42swfq.cloudfront.net\/2022\/03\/13115719\/sefaz-am-3.jpg","width":300,"height":168},{"@type":"BreadcrumbList","@id":"https:\/\/www.estrategiaconcursos.com.br\/blog\/funcoes-do-governo-sefaz-am\/#breadcrumb","itemListElement":[{"@type":"ListItem","position":1,"name":"In\u00edcio","item":"https:\/\/www.estrategiaconcursos.com.br\/blog\/"},{"@type":"ListItem","position":2,"name":"Fun\u00e7\u00f5es do governo: resumo de Finan\u00e7as P\u00fablicas para a SEFAZ AM"}]},{"@type":"WebSite","@id":"https:\/\/www.estrategiaconcursos.com.br\/blog\/#website","url":"https:\/\/www.estrategiaconcursos.com.br\/blog\/","name":"Estrat\u00e9gia Concursos","description":"O blog da Estrat\u00e9gia Concursos traz not\u00edcias sobre concursos e artigos de professores oferecendo cursos para concursos (pdf + videaulas) no site.","publisher":{"@id":"https:\/\/www.estrategiaconcursos.com.br\/blog\/#organization"},"potentialAction":[{"@type":"SearchAction","target":{"@type":"EntryPoint","urlTemplate":"https:\/\/www.estrategiaconcursos.com.br\/blog\/?s={search_term_string}"},"query-input":{"@type":"PropertyValueSpecification","valueRequired":true,"valueName":"search_term_string"}}],"inLanguage":"pt-BR"},{"@type":"Organization","@id":"https:\/\/www.estrategiaconcursos.com.br\/blog\/#organization","name":"Estrat\u00e9gia Concursos","url":"https:\/\/www.estrategiaconcursos.com.br\/blog\/","logo":{"@type":"ImageObject","inLanguage":"pt-BR","@id":"https:\/\/www.estrategiaconcursos.com.br\/blog\/#\/schema\/logo\/image\/","url":"https:\/\/dhg1h5j42swfq.cloudfront.net\/2025\/06\/03203428\/logo_concursos-1.jpg","contentUrl":"https:\/\/dhg1h5j42swfq.cloudfront.net\/2025\/06\/03203428\/logo_concursos-1.jpg","width":230,"height":60,"caption":"Estrat\u00e9gia Concursos"},"image":{"@id":"https:\/\/www.estrategiaconcursos.com.br\/blog\/#\/schema\/logo\/image\/"},"sameAs":["https:\/\/x.com\/EstratConcursos"]},{"@type":"Person","@id":"https:\/\/www.estrategiaconcursos.com.br\/blog\/#\/schema\/person\/545cce8f1c81268ec2ca202a954284e1","name":"Rafael Ferreira Chaves","image":{"@type":"ImageObject","inLanguage":"pt-BR","@id":"https:\/\/secure.gravatar.com\/avatar\/7d43172b7c8451a76fe991e14bf7b661f56fcd3e9d8f44dcd92c997cfaf1286f?s=96&d=mm&r=g","url":"https:\/\/secure.gravatar.com\/avatar\/7d43172b7c8451a76fe991e14bf7b661f56fcd3e9d8f44dcd92c997cfaf1286f?s=96&d=mm&r=g","contentUrl":"https:\/\/secure.gravatar.com\/avatar\/7d43172b7c8451a76fe991e14bf7b661f56fcd3e9d8f44dcd92c997cfaf1286f?s=96&d=mm&r=g","caption":"Rafael Ferreira Chaves"},"description":"Engenheiro Civil formado pela Universidade Federal do Piau\u00ed - UFPI. Especialista em Engenharia Ambiental e Saneamento B\u00e1sico pela Faculdade Est\u00e1cio. Atualmente exerce o cargo de Auditor de Controle Externo do TCE\/AM. Aprovado e nomeado nos seguintes concursos: ARSETE\/PMT (1\u00ba lugar - Analista de Regula\u00e7\u00e3o - Eng. Civil), Prefeitura de Campinas\/SP (Eng. Civil) , CODEVASF (Analista de Desenvolvimento Regional - Eng. Civil), TCE\/AM (2\u00ba lugar - Auditor de Controle Externo - Obras P\u00fablicas \/ 14\u00ba lugar - Auditor de Controle Externo - Auditoria Governamental), TCE\/TO (2\u00ba lugar - Auditor de Controle Externo - Eng. Civil), TCE GO (Analista de Controle Externo - Controle Externo).","url":"https:\/\/www.estrategiaconcursos.com.br\/blog\/author\/fchaves01gmail-com\/"}]}},"_links":{"self":[{"href":"https:\/\/www.estrategiaconcursos.com.br\/blog\/wp-json\/wp\/v2\/posts\/994443","targetHints":{"allow":["GET"]}}],"collection":[{"href":"https:\/\/www.estrategiaconcursos.com.br\/blog\/wp-json\/wp\/v2\/posts"}],"about":[{"href":"https:\/\/www.estrategiaconcursos.com.br\/blog\/wp-json\/wp\/v2\/types\/post"}],"author":[{"embeddable":true,"href":"https:\/\/www.estrategiaconcursos.com.br\/blog\/wp-json\/wp\/v2\/users\/2261"}],"replies":[{"embeddable":true,"href":"https:\/\/www.estrategiaconcursos.com.br\/blog\/wp-json\/wp\/v2\/comments?post=994443"}],"version-history":[{"count":23,"href":"https:\/\/www.estrategiaconcursos.com.br\/blog\/wp-json\/wp\/v2\/posts\/994443\/revisions"}],"predecessor-version":[{"id":994911,"href":"https:\/\/www.estrategiaconcursos.com.br\/blog\/wp-json\/wp\/v2\/posts\/994443\/revisions\/994911"}],"wp:featuredmedia":[{"embeddable":true,"href":"https:\/\/www.estrategiaconcursos.com.br\/blog\/wp-json\/wp\/v2\/media\/986062"}],"wp:attachment":[{"href":"https:\/\/www.estrategiaconcursos.com.br\/blog\/wp-json\/wp\/v2\/media?parent=994443"}],"wp:term":[{"taxonomy":"category","embeddable":true,"href":"https:\/\/www.estrategiaconcursos.com.br\/blog\/wp-json\/wp\/v2\/categories?post=994443"},{"taxonomy":"post_tag","embeddable":true,"href":"https:\/\/www.estrategiaconcursos.com.br\/blog\/wp-json\/wp\/v2\/tags?post=994443"},{"taxonomy":"tax_estado","embeddable":true,"href":"https:\/\/www.estrategiaconcursos.com.br\/blog\/wp-json\/wp\/v2\/tax_estado?post=994443"}],"curies":[{"name":"wp","href":"https:\/\/api.w.org\/{rel}","templated":true}]}}