{"id":993922,"date":"2022-03-25T18:00:00","date_gmt":"2022-03-25T21:00:00","guid":{"rendered":"https:\/\/www.estrategiaconcursos.com.br\/blog\/?p=993922"},"modified":"2022-03-31T16:02:27","modified_gmt":"2022-03-31T19:02:27","slug":"concurso-publico-editais-da-semana-21-a-25-03","status":"publish","type":"post","link":"https:\/\/www.estrategiaconcursos.com.br\/blog\/concurso-publico-editais-da-semana-21-a-25-03\/","title":{"rendered":"Concurso P\u00fablico: 24 editais esta semana! Mais de 800 vagas!"},"content":{"rendered":"\n<p>Ao longo dessa semana, <strong>24 editais<\/strong> de concurso p\u00fablico foram publicados. Juntos, ofertam <strong>889 vagas<\/strong> imediatas e em <a href=\"https:\/\/www.estrategiaconcursos.com.br\/blog\/posso-parar-de-estudar-passei-no-cadastro-de-reservas\/\" target=\"_blank\" rel=\"noreferrer noopener\">cadastro reserva<\/a>.<\/p>\n\n\n\n<p>Os destaques s\u00e3o os <a href=\"https:\/\/www.estrategiaconcursos.com.br\/blog\/concursos-tribunais-2022\/\" target=\"_blank\" rel=\"noreferrer noopener\"><strong>concursos de tribunais<\/strong><\/a>. S\u00f3 na \u00faltima segunda-feira (21), foram dois: Tribunais de Justi\u00e7a do <strong>Cear\u00e1<\/strong> e do <strong>Tocantins<\/strong>.<\/p>\n\n\n\n<p>Mudando para a \u00e1rea <a href=\"https:\/\/www.estrategiaconcursos.com.br\/blog\/concursos-de-policia\/#concursos-guarda-municipal\" target=\"_blank\" rel=\"noreferrer noopener\">policial<\/a>, foram publicados os editais para a <strong>Guarda Municipal de Betim<\/strong>, em Minas Gerais e de <strong>Suzano<\/strong>, em S\u00e3o Paulo.<\/p>\n\n\n\n<p>Al\u00e9m desses, tamb\u00e9m saiu, nesta sexta-feira (25), o edital da <strong>Secont ES <\/strong>(Secretaria de Estado de Controle e Transpar\u00eancia&nbsp;do Esp\u00edrito Santo).<\/p>\n\n\n\n<p>Quer ficar informado sobre todos os novos editais de <a href=\"https:\/\/www.estrategiaconcursos.com.br\/blog\/concursos-abertos\/\" target=\"_blank\" rel=\"noreferrer noopener\">concursos<\/a> dos \u00faltimos dias? <em><strong>Confira mais informa\u00e7\u00f5es ao longo deste artigo!<\/strong><\/em>  <\/p>\n\n\n\n<div class=\"container\" id=\"boxes\">\n  <div class=\"row\">\n\n    <div class=\"col-sm\">\n      <div class=\"banner-estrategia\" id=\"box-assinatura\">\n        <h3 class=\"titulo-assinatura\">Cursos para concursos<\/h3>\n        <p class=\"subtitulo-assinatura\">Estude conosco<\/p>\n        <div class=\"box-botao\">\n          <a class=\"btn-assinatura\" target=\"_blank\" href=\"https:\/\/www.estrategiaconcursos.com.br\/cursos\/\" role=\"button\" rel=\"noopener noreferrer\">Conhe\u00e7a os cursos<\/a>\n        <\/div>\n      <\/div>\n     \n    <\/div>\n\n  <\/div>\n<\/div>\n\n\n\n<h2 class=\"has-text-align-center has-cyan-bluish-gray-background-color has-background wp-block-heading\" id=\"h-confira-os-editais-de-concursos-publicados-nesta-semana\">Confira os editais de concursos publicados nesta semana:<\/h2>\n\n\n\n<h3 class=\"wp-block-heading\" id=\"concurso-prefeitura-de-cascavel-pr\"><a href=\"https:\/\/www.estrategiaconcursos.com.br\/blog\/concurso-secont-es\/\" target=\"_blank\" rel=\"noreferrer noopener\">Concurso Secont ES<\/a><\/h3>\n\n\n\n<ul class=\"wp-block-list\"><li><strong>Banca:<\/strong>&nbsp;Cebraspe<\/li><li><strong>Per\u00edodo de inscri\u00e7\u00f5es<\/strong>:&nbsp;30\/03 a 14\/04\/2022<\/li><li><strong>Data da prova<\/strong>:&nbsp;05\/06\/22<\/li><li><strong>Vagas:<\/strong>&nbsp;12 + 98 CR<\/li><li><strong>Cargo:<\/strong>&nbsp;Auditor do Estado<\/li><li><strong>Remunera\u00e7\u00e3o<\/strong>:&nbsp;R$ 9.653,06<\/li><li><strong>Edital:<\/strong>&nbsp;<a href=\"https:\/\/dhg1h5j42swfq.cloudfront.net\/2022\/03\/25071613\/concurso-secont-es-25-03.pdf\" target=\"_blank\" rel=\"noreferrer noopener nofollow\">Edital Secont ES 2022<\/a><\/li><li><strong>Cursos:<\/strong>&nbsp;<a href=\"https:\/\/www.estrategiaconcursos.com.br\/cursosPorConcurso\/secont-es\/\" target=\"_blank\" rel=\"noreferrer noopener\">SECONT ES<\/a><\/li><\/ul>\n\n\n\n<h3 class=\"wp-block-heading\" id=\"concurso-prefeitura-de-cascavel-pr\"><a href=\"https:\/\/www.estrategiaconcursos.com.br\/blog\/concurso-tj-ce\/\" target=\"_blank\" rel=\"noreferrer noopener\">Concurso TJ CE<\/a><\/h3>\n\n\n\n<ul class=\"wp-block-list\"><li><strong>Banca:<\/strong>&nbsp;FCC<\/li><li><strong>Per\u00edodo de inscri\u00e7\u00f5es<\/strong>:&nbsp;04\/04&nbsp;a&nbsp;06\/05\/2022<\/li><li><strong>Data da prova<\/strong>:&nbsp;19\/06\/2022<\/li><li><strong>Vagas:<\/strong>&nbsp;51 + CR<\/li><li><strong>Cargos:<\/strong>&nbsp;Analista Judici\u00e1rio e Oficial de Justi\u00e7a<\/li><li><strong>Remunera\u00e7\u00e3o<\/strong>:&nbsp;R$ 8.795,28<\/li><li><strong>Edital:<\/strong>&nbsp;<a href=\"https:\/\/dhg1h5j42swfq.cloudfront.net\/2022\/03\/21193333\/caderno1-administrativo-17-63.pdf\" target=\"_blank\" rel=\"noreferrer noopener nofollow\">Edital TJ CE 2022<\/a><\/li><li><strong>Cursos:<\/strong>&nbsp;<a href=\"https:\/\/www.estrategiaconcursos.com.br\/cursosPorConcurso\/tj-ce-tribunal-de-justica-do-ceara-251\/\" target=\"_blank\" rel=\"noreferrer noopener\">TJ CE<\/a><\/li><\/ul>\n\n\n\n<h3 class=\"wp-block-heading\" id=\"concurso-prefeitura-de-cascavel-pr\"><a href=\"https:\/\/www.estrategiaconcursos.com.br\/blog\/concurso-tj-to\/\" target=\"_blank\" rel=\"noreferrer noopener\">Concurso TJ TO<\/a><\/h3>\n\n\n\n<ul class=\"wp-block-list\"><li><strong>Banca:<\/strong>&nbsp;FGV<\/li><li><strong>Per\u00edodo de inscri\u00e7\u00f5es<\/strong>:&nbsp;28\/03 a 02\/05\/2022<\/li><li><strong>Data da prova<\/strong>:&nbsp;26\/06\/2022<\/li><li><strong>Vagas:<\/strong>&nbsp;63<\/li><li><strong>Cargos:<\/strong>&nbsp;T\u00e9cnico Judici\u00e1rio e Contador<\/li><li><strong>Remunera\u00e7\u00e3o<\/strong>:&nbsp;R$ 5.625,38 a&nbsp;R$ 9.417,98<\/li><li><strong>Edital:<\/strong>&nbsp;<a href=\"https:\/\/dhg1h5j42swfq.cloudfront.net\/2022\/03\/21185244\/tj-to-17-37.pdf\" target=\"_blank\" rel=\"noreferrer noopener nofollow\">Edital TJ TO<\/a><\/li><li><strong>Cursos:<\/strong>&nbsp;<a href=\"https:\/\/www.estrategiaconcursos.com.br\/cursosPorConcurso\/tj-to-tribunal-de-justica-do-tocantins\/\" target=\"_blank\" rel=\"noreferrer noopener\">TJ TO<\/a><\/li><\/ul>\n\n\n\n<h3 class=\"wp-block-heading\" id=\"concurso-prefeitura-de-cascavel-pr\"><a href=\"https:\/\/www.estrategiaconcursos.com.br\/blog\/concurso-mp-sc\/\" target=\"_blank\" rel=\"noreferrer noopener\">Concurso MP SC<\/a><\/h3>\n\n\n\n<ul class=\"wp-block-list\"><li><strong>Banca:<\/strong>&nbsp;FGV<\/li><li><strong>Per\u00edodo de inscri\u00e7\u00f5es<\/strong>:&nbsp;30\/03 a 28\/04\/2022<\/li><li><strong>Data da prova<\/strong>:&nbsp;12\/06\/2022<\/li><li><strong>Vagas:<\/strong>&nbsp;50<\/li><li><strong>Cargos:<\/strong>&nbsp;V\u00e1rios<\/li><li><strong>Remunera\u00e7\u00e3o<\/strong>:&nbsp;R$ 6.233,73 a R$ 8.040,06<\/li><li><strong>Edital:<\/strong>&nbsp;<a href=\"https:\/\/dhg1h5j42swfq.cloudfront.net\/2022\/03\/24213651\/do_mpsc_2022-03-25-1-1.pdf\" target=\"_blank\" rel=\"noreferrer noopener nofollow\">MP SC 2022<\/a><\/li><li><strong>Cursos:<\/strong>&nbsp;<a href=\"https:\/\/www.estrategiaconcursos.com.br\/cursosPorConcurso\/ministerio-publico-de-santa-catarina-mp-sc-servidores\/\" target=\"_blank\" rel=\"noreferrer noopener\">MP SC<\/a><\/li><\/ul>\n\n\n\n<h3 class=\"wp-block-heading\" id=\"concurso-prefeitura-de-cascavel-pr\"><a href=\"https:\/\/www.estrategiaconcursos.com.br\/blog\/concurso-gcm-suzano\/\" target=\"_blank\" rel=\"noreferrer noopener\">Concurso GCM Suzano<\/a> (SP)<\/h3>\n\n\n\n<ul class=\"wp-block-list\"><li><strong>Banca:<\/strong>&nbsp;Instituto Nosso Rumo<\/li><li><strong>Per\u00edodo de inscri\u00e7\u00f5es<\/strong>:&nbsp;at\u00e9 25\/04\/2022<\/li><li><strong>Data da prova<\/strong>:&nbsp;29\/05\/2022<\/li><li><strong>Vagas:<\/strong>&nbsp;20<\/li><li><strong>Cargos:<\/strong>&nbsp;Guarda Municipal<\/li><li><strong>Remunera\u00e7\u00e3o<\/strong>:&nbsp;R$ 2.028,02<\/li><li><strong>Edital:<\/strong>&nbsp;<a href=\"https:\/\/dhg1h5j42swfq.cloudfront.net\/2022\/03\/24180111\/edital-concurso-guarda-suzano-sp-2022-1.pdf\" target=\"_blank\" rel=\"noreferrer noopener nofollow\">GCM Suzano 2022<\/a><\/li><li><strong>Cursos:<\/strong>&nbsp;<a href=\"https:\/\/www.estrategiaconcursos.com.br\/cursos\/\" target=\"_blank\" rel=\"noreferrer noopener\">GCM Suzano<\/a><\/li><\/ul>\n\n\n\n<h3 class=\"wp-block-heading\" id=\"concurso-prefeitura-de-cascavel-pr\"><a href=\"https:\/\/www.estrategiaconcursos.com.br\/blog\/concurso-guarda-municipal-betim\/\" target=\"_blank\" rel=\"noreferrer noopener\">Concurso GCM Betim<\/a>&nbsp;(MG)<\/h3>\n\n\n\n<ul class=\"wp-block-list\"><li><strong>Banca:<\/strong>&nbsp;IBGP<\/li><li><strong>Per\u00edodo de inscri\u00e7\u00f5es<\/strong>:&nbsp;16\/05 a 16\/06\/2022<\/li><li><strong>Data da prova<\/strong>:&nbsp;17\/07\/2022<\/li><li><strong>Vagas:<\/strong>&nbsp;120<\/li><li><strong>Cargos:<\/strong>&nbsp;Guarda Municipal<\/li><li><strong>Remunera\u00e7\u00e3o<\/strong>:&nbsp;R$ 1.916,02 + benef\u00edcios<\/li><li><strong>Edital:<\/strong>&nbsp;<a href=\"https:\/\/dhg1h5j42swfq.cloudfront.net\/2022\/03\/21092220\/edital-gcm-betim-1.pdf\" target=\"_blank\" rel=\"noreferrer noopener nofollow\">Edital GCM Betim<\/a><\/li><li><strong>Cursos:<\/strong>&nbsp;<a href=\"https:\/\/www.estrategiaconcursos.com.br\/cursosPorConcurso\/guarda-municipal-de-betim-mg-gcm-betim-mg\/\" target=\"_blank\" rel=\"noreferrer noopener\">GCM Betim<\/a><\/li><\/ul>\n\n\n\n<h3 class=\"wp-block-heading\" id=\"concurso-prefeitura-de-cascavel-pr\"><a href=\"https:\/\/www.estrategiaconcursos.com.br\/blog\/concurso-prefeitura-de-jundiai\/\" target=\"_blank\" rel=\"noreferrer noopener\">Concurso Prefeitura de Jundia\u00ed<\/a> (SP)<\/h3>\n\n\n\n<ul class=\"wp-block-list\"><li><strong>Banca:<\/strong>&nbsp;Vunesp<\/li><li><strong>Per\u00edodo de inscri\u00e7\u00f5es<\/strong>:&nbsp;06\/04 a 09\/05\/2022 <\/li><li><strong>Data da prova<\/strong>:&nbsp;26\/06\/2022 <\/li><li><strong>Vagas:<\/strong>&nbsp;15<\/li><li><strong>Cargos:<\/strong>&nbsp;V\u00e1rios<\/li><li><strong>Remunera\u00e7\u00e3o<\/strong>: 2.300,20&nbsp;a R$ 11.180,03<\/li><li><strong>Edital:<\/strong>&nbsp;<a href=\"https:\/\/dhg1h5j42swfq.cloudfront.net\/2022\/03\/25112838\/geral.pdf\" target=\"_blank\" rel=\"noreferrer noopener nofollow\">Edital Geral<\/a> | <a href=\"https:\/\/dhg1h5j42swfq.cloudfront.net\/2022\/03\/25112834\/medico.pdf\" target=\"_blank\" rel=\"noreferrer noopener nofollow\">Edital M\u00e9dico<\/a> <\/li><li><strong>Cursos:<\/strong>&nbsp;<a href=\"https:\/\/www.estrategiaconcursos.com.br\/cursosPorConcurso\/prefeitura-municipal-de-jundiai-sp\/\" target=\"_blank\" rel=\"noreferrer noopener\">Prefeitura de Jundia\u00ed<\/a><\/li><\/ul>\n\n\n\n<h3 class=\"wp-block-heading\" id=\"concurso-prefeitura-de-cascavel-pr\"><a href=\"https:\/\/www.estrategiaconcursos.com.br\/blog\/concurso-prefeitura-de-aruja\/\" target=\"_blank\" rel=\"noreferrer noopener\">Concurso Prefeitura de Aruj\u00e1<\/a>&nbsp;(SP)<\/h3>\n\n\n\n<ul class=\"wp-block-list\"><li><strong>Banca:<\/strong>&nbsp;Instituto Nosso Rumo<\/li><li><strong>Per\u00edodo de inscri\u00e7\u00f5es<\/strong>:&nbsp;at\u00e9 10\/05\/2022<\/li><li><strong>Data da prova<\/strong>:&nbsp;12\/06\/2022<\/li><li><strong>Vagas:<\/strong>&nbsp;83 + CR<\/li><li><strong>Cargos:<\/strong>&nbsp;V\u00e1rios<\/li><li><strong>Remunera\u00e7\u00e3o<\/strong>:&nbsp;R$ 1.478,11 a R$ 7.588,13<\/li><li><strong>Edital:<\/strong>&nbsp;<a href=\"https:\/\/dhg1h5j42swfq.cloudfront.net\/2022\/03\/23155324\/edital-de-abertura-6.pdf\" target=\"_blank\" rel=\"noreferrer noopener nofollow\">Prefeitura de Aruj\u00e1 2022<\/a><\/li><li><strong>Cursos:<\/strong>&nbsp;<a href=\"https:\/\/www.estrategiaconcursos.com.br\/cursos\/\" target=\"_blank\" rel=\"noreferrer noopener\">Prefeitura Aruj\u00e1<\/a><\/li><\/ul>\n\n\n\n<h3 class=\"wp-block-heading\" id=\"concurso-prefeitura-de-cascavel-pr\"><a href=\"https:\/\/www.estrategiaconcursos.com.br\/blog\/concurso-prefeitura-bento-goncalves\/\" target=\"_blank\" rel=\"noreferrer noopener\">Concurso Prefeitura de Bento Gon\u00e7alves<\/a>&nbsp;(RS)<\/h3>\n\n\n\n<ul class=\"wp-block-list\"><li><strong>Banca:<\/strong>&nbsp;Funda\u00e7\u00e3o La Salle<\/li><li><strong>Per\u00edodo de inscri\u00e7\u00f5es<\/strong>:&nbsp;at\u00e9 19\/04\/2022<\/li><li><strong>Data da prova<\/strong>:&nbsp;05, 12 e 19\/06\/22<\/li><li><strong>Vagas:<\/strong>&nbsp;47 + CR<\/li><li><strong>Cargos:<\/strong>&nbsp;V\u00e1rios<\/li><li><strong>Remunera\u00e7\u00e3o<\/strong>:&nbsp;R$ 1.151,17 a R$ 2.059,41<\/li><li><strong>Edital:<\/strong>&nbsp;<a href=\"https:\/\/dhg1h5j42swfq.cloudfront.net\/2022\/03\/22121902\/ed_abert_bentog0122-1.pdf\" target=\"_blank\" rel=\"noreferrer noopener nofollow\">Guarda Civil<\/a>&nbsp;|&nbsp;<a href=\"https:\/\/dhg1h5j42swfq.cloudfront.net\/2022\/03\/22123005\/ed_abert_bentog0222-1.pdf\" target=\"_blank\" rel=\"noreferrer noopener nofollow\">Fundamental<\/a>&nbsp;|&nbsp;<a href=\"https:\/\/dhg1h5j42swfq.cloudfront.net\/2022\/03\/22124937\/ed_abert_bentog0322.pdf\" target=\"_blank\" rel=\"noreferrer noopener nofollow\">M\u00e9dio<\/a><\/li><li><strong>Cursos:<\/strong>&nbsp;<a href=\"https:\/\/www.estrategiaconcursos.com.br\/cursos\/\" target=\"_blank\" rel=\"noreferrer noopener\">Prefeitura Bento Gon\u00e7alves<\/a><\/li><\/ul>\n\n\n\n<h3 class=\"wp-block-heading\" id=\"concurso-prefeitura-de-cascavel-pr\"><a href=\"https:\/\/www.estrategiaconcursos.com.br\/blog\/concurso-prefeitura-santana-de-parnaiba\/\" target=\"_blank\" rel=\"noreferrer noopener\">Concurso Prefeitura de Santana de Parna\u00edba<\/a>&nbsp;(SP)<\/h3>\n\n\n\n<ul class=\"wp-block-list\"><li><strong>Banca:<\/strong>&nbsp;Instituto Mais<\/li><li><strong>Per\u00edodo de inscri\u00e7\u00f5es<\/strong>:&nbsp;at\u00e9 07\/04\/2022<\/li><li><strong>Data da prova<\/strong>:&nbsp;01\/05\/2022<\/li><li><strong>Vagas:<\/strong>&nbsp;11<\/li><li><strong>Cargos:<\/strong>&nbsp;Analista de TI e Professor Adjunto<\/li><li><strong>Remunera\u00e7\u00e3o<\/strong>:&nbsp;R$ 4.231,99 e R$ 6.031,03<\/li><li><strong>Edital:<\/strong>&nbsp;<a href=\"https:\/\/dhg1h5j42swfq.cloudfront.net\/2022\/03\/21140736\/edital_cp_04_2022_publicacao.pdf\" target=\"_blank\" rel=\"noreferrer noopener nofollow\">Edital 04\/2022<\/a><\/li><li><strong>Cursos:<\/strong>&nbsp;<a href=\"https:\/\/www.estrategiaconcursos.com.br\/cursosPorConcurso\/prefeitura-do-municipio-de-santana-de-parnaiba-sp\/\" target=\"_blank\" rel=\"noreferrer noopener\">Santana de Parna\u00edba<\/a><\/li><\/ul>\n\n\n\n<h3 class=\"wp-block-heading\" id=\"concurso-prefeitura-de-cascavel-pr\"><a href=\"https:\/\/www.estrategiaconcursos.com.br\/blog\/concurso-caxias-saude\/\" target=\"_blank\" rel=\"noreferrer noopener\">Concurso Prefeitura de Caxias do Sul<\/a>&nbsp;(RS)<\/h3>\n\n\n\n<ul class=\"wp-block-list\"><li><strong>Banca:<\/strong>&nbsp;Legalle Concursos<\/li><li><strong>Per\u00edodo de inscri\u00e7\u00f5es<\/strong>:&nbsp;at\u00e9 10\/04\/2022<\/li><li><strong>Data da prova<\/strong>:&nbsp;15\/05\/2022<\/li><li><strong>Vagas:<\/strong>&nbsp;26 + CR<\/li><li><strong>Cargos:&nbsp;<\/strong>M\u00e9dico (v\u00e1rios) e Fiscal de Tr\u00e2nsito e Transportes<\/li><li><strong>Remunera\u00e7\u00e3o<\/strong>:&nbsp;R$ 4.506,00 a R$ 15.702,59<\/li><li><strong>Edital:<\/strong>&nbsp;<a href=\"https:\/\/dhg1h5j42swfq.cloudfront.net\/2022\/03\/21152652\/b0fa8fee792ee93ce68764c9b5c5ff80.pdf\" target=\"_blank\" rel=\"noreferrer noopener nofollow\">Edital Caxias do Sul<\/a><\/li><li><strong>Cursos:<\/strong>&nbsp;<a href=\"https:\/\/www.estrategiaconcursos.com.br\/cursosPorConcurso\/prefeitura-municipal-de-caxias-do-sul-rs\/\" target=\"_blank\" rel=\"noreferrer noopener\">Caxias do Sul<\/a><\/li><\/ul>\n\n\n\n<h3 class=\"wp-block-heading\" id=\"concurso-prefeitura-de-cascavel-pr\"><a href=\"https:\/\/www.estrategiaconcursos.com.br\/blog\/concurso-telemaco-borba\/\" target=\"_blank\" rel=\"noreferrer noopener\">Concurso Prefeitura de Tel\u00eamaco Borba<\/a> (PR)<\/h3>\n\n\n\n<ul class=\"wp-block-list\"><li><strong>Banca:<\/strong>&nbsp;Funda\u00e7\u00e3o Fafipa<\/li><li><strong>Per\u00edodo de inscri\u00e7\u00f5es<\/strong>: at\u00e9 18\/04\/2022<\/li><li><strong>Data da prova<\/strong>:&nbsp;22\/05\/2022<\/li><li><strong>Vagas:<\/strong>&nbsp;33 + CR<\/li><li><strong>Cargos:&nbsp;<\/strong>V\u00e1rios<\/li><li><strong>Remunera\u00e7\u00e3o<\/strong>:&nbsp;R$ 1.245,45 a R$ 4.804,71<\/li><li><strong>Edital:<\/strong>&nbsp;<a href=\"https:\/\/dhg1h5j42swfq.cloudfront.net\/2022\/03\/25092748\/g7eyvgsqessbatdduvs4d0n8mzehyc90lja4nrhl.pdf\" target=\"_blank\" rel=\"noreferrer noopener nofollow\">Prefeitura Tel\u00eamaco Borba 2022<\/a><\/li><li><strong>Cursos:<\/strong>&nbsp;<a href=\"https:\/\/www.estrategiaconcursos.com.br\/cursos\/\" target=\"_blank\" rel=\"noreferrer noopener\">Tel\u00eamaco Borba<\/a><\/li><\/ul>\n\n\n\n<h3 class=\"wp-block-heading\" id=\"concurso-prefeitura-de-cascavel-pr\"><a href=\"https:\/\/www.estrategiaconcursos.com.br\/blog\/concurso-ufmg\/\" target=\"_blank\" rel=\"noreferrer noopener\">Concurso UFMG<\/a><\/h3>\n\n\n\n<ul class=\"wp-block-list\"><li><strong>Banca:<\/strong>&nbsp;organiza\u00e7\u00e3o pr\u00f3pria<\/li><li><strong>Per\u00edodo de inscri\u00e7\u00f5es<\/strong>:&nbsp;08\/04 a 28\/04\/2022<\/li><li><strong>Data da prova<\/strong>: 29\/05\/2022<\/li><li><strong>Vagas:<\/strong>&nbsp;34<\/li><li><strong>Cargos:<\/strong>&nbsp;V\u00e1rios<\/li><li><strong>Remunera\u00e7\u00e3o<\/strong>:&nbsp;R$ 2.446,96 a R$ 4.180,66<\/li><li><strong>Edital:<\/strong> <a href=\"https:\/\/www.in.gov.br\/en\/web\/dou\/-\/edital-n-526-de-23-de-marco-de-2022-388552393\" target=\"_blank\" rel=\"noreferrer noopener\">Edital UFMG<\/a><\/li><li><strong>Cursos:<\/strong>&nbsp;<a href=\"https:\/\/www.estrategiaconcursos.com.br\/cursosPorConcurso\/universidade-federal-de-minas-gerais-ufmg\/\" target=\"_blank\" rel=\"noreferrer noopener\">UFMG<\/a><\/li><\/ul>\n\n\n\n<h3 class=\"wp-block-heading\" id=\"concurso-prefeitura-de-cascavel-pr\"><a href=\"https:\/\/www.estrategiaconcursos.com.br\/blog\/concurso-ufma-2022\/\" target=\"_blank\" rel=\"noreferrer noopener\">Concurso UFMA<\/a><\/h3>\n\n\n\n<ul class=\"wp-block-list\"><li><strong>Banca:<\/strong>&nbsp;organiza\u00e7\u00e3o pr\u00f3pria<\/li><li><strong>Per\u00edodo de inscri\u00e7\u00f5es<\/strong>:&nbsp;28\/03 a&nbsp;11\/04\/2022<\/li><li><strong>Data da prova<\/strong>:&nbsp;22\/05\/2022<\/li><li><strong>Vagas:<\/strong>&nbsp;04<\/li><li><strong>Cargos:<\/strong>&nbsp;T\u00e9cnico de Laborat\u00f3rio, Administrador e TAE<\/li><li><strong><\/strong><strong>Remunera\u00e7\u00e3o<\/strong>:&nbsp;R$ 2.446,96 e R$ 4.180,66<\/li><li><strong>Edital:<\/strong>&nbsp;<a href=\"https:\/\/www.in.gov.br\/en\/web\/dou\/-\/edital-n-52-de-23-de-marco-de-2022-387963604\" target=\"_blank\" rel=\"noreferrer noopener\">Edital UFMA<\/a><\/li><li><strong>Cursos:<\/strong>&nbsp;<a href=\"https:\/\/www.estrategiaconcursos.com.br\/cursosPorConcurso\/ufma-universidade-federal-do-maranhao\/\" target=\"_blank\" rel=\"noreferrer noopener\">UFMA<\/a><\/li><\/ul>\n\n\n\n<h3 class=\"wp-block-heading\" id=\"concurso-prefeitura-de-cascavel-pr\"><a href=\"https:\/\/www.estrategiaconcursos.com.br\/blog\/concurso-ifnmg-2022-edital-publicado\/\" target=\"_blank\" rel=\"noreferrer noopener\">Concurso IFNMG<\/a><\/h3>\n\n\n\n<ul class=\"wp-block-list\"><li><strong>Banca:<\/strong>&nbsp;organiza\u00e7\u00e3o pr\u00f3pria<\/li><li><strong>Per\u00edodo de inscri\u00e7\u00f5es<\/strong>:&nbsp;30\/03 a 22\/04\/2022<\/li><li><strong>Data da prova<\/strong>:&nbsp;29\/05\/2022<\/li><li><strong>Vagas:<\/strong>&nbsp;09<\/li><li><strong>Cargos:<\/strong>&nbsp;Professor<\/li><li><strong><\/strong><strong>Remunera\u00e7\u00e3o<\/strong>:&nbsp;R$ 4.472,64<\/li><li><strong>Edital:<\/strong>&nbsp;<a href=\"https:\/\/www.in.gov.br\/web\/dou\/-\/edital-n-88-de-22-de-marco-de-2022-387885761\" target=\"_blank\" rel=\"noreferrer noopener\">IFNMG 2022<\/a><\/li><li><strong>Cursos:<\/strong>&nbsp;<a href=\"https:\/\/www.estrategiaconcursos.com.br\/cursos\/concurso\/\" target=\"_blank\" rel=\"noreferrer noopener\">IFNMG<\/a><\/li><\/ul>\n\n\n\n<h3 class=\"wp-block-heading\" id=\"concurso-prefeitura-de-cascavel-pr\"><a href=\"https:\/\/www.estrategiaconcursos.com.br\/blog\/concurso-ifpa\/\" target=\"_blank\" rel=\"noreferrer noopener\">Concurso IFPA<\/a><\/h3>\n\n\n\n<ul class=\"wp-block-list\"><li><strong>Banca:<\/strong>&nbsp;organiza\u00e7\u00e3o pr\u00f3pria<\/li><li><strong>Per\u00edodo de inscri\u00e7\u00f5es<\/strong>:&nbsp;at\u00e9&nbsp;11\/04\/2022<\/li><li><strong>Data da prova<\/strong>:&nbsp;01\/05\/2022<\/li><li><strong>Vagas:<\/strong>&nbsp;62<\/li><li><strong>Cargos:<\/strong>&nbsp;Professor de Ensino B\u00e1sico, T\u00e9cnico e Tecnol\u00f3gico<\/li><li><strong>Remunera\u00e7\u00e3o<\/strong>:&nbsp;R$ 4.463,93<\/li><li><strong>Edital:<\/strong>&nbsp;<a href=\"https:\/\/dhg1h5j42swfq.cloudfront.net\/2022\/03\/21070703\/concurso-ifpa-edital-publicado.pdf\" target=\"_blank\" rel=\"noreferrer noopener nofollow\">Edital IFPA 2022<\/a><\/li><li><strong>Cursos:<\/strong>&nbsp;<a href=\"https:\/\/www.estrategiaconcursos.com.br\/cursosPorConcurso\/instituto-federal-de-educacao-ciencia-e-tecnologia-do-para-ifpa\/\" target=\"_blank\" rel=\"noreferrer noopener\">IFPA<\/a><\/li><\/ul>\n\n\n\n<h3 class=\"wp-block-heading\" id=\"concurso-prefeitura-de-cascavel-pr\"><a href=\"https:\/\/www.estrategiaconcursos.com.br\/blog\/analise-do-edital-colegio-pedro-ii\/\" target=\"_blank\" rel=\"noreferrer noopener\">Concurso Col\u00e9gio Pedro II<\/a><\/h3>\n\n\n\n<ul class=\"wp-block-list\"><li><strong>Banca:<\/strong>&nbsp;organiza\u00e7\u00e3o pr\u00f3pria<\/li><li><strong>Per\u00edodo de inscri\u00e7\u00f5es<\/strong>:&nbsp;at\u00e9 03\/04\/2022<\/li><li><strong>Data da prova<\/strong>:&nbsp;29\/05\/2022<\/li><li><strong>Vagas:<\/strong>&nbsp;36 + CR<\/li><li><strong>Cargos:<\/strong>&nbsp;TAE<\/li><li><strong>Remunera\u00e7\u00e3o<\/strong>:&nbsp;R$ 1.945,07 a&nbsp;R$ 4.180,66<\/li><li><strong>Edital:<\/strong>&nbsp;<a href=\"https:\/\/dhg1h5j42swfq.cloudfront.net\/2022\/03\/25104428\/edital_no_06_tae_2022.pdf\" target=\"_blank\" rel=\"noreferrer noopener nofollow\">Edital Col\u00e9gio Pedro II<\/a><\/li><li><strong>Cursos:<\/strong>&nbsp;<a href=\"https:\/\/www.estrategiaconcursos.com.br\/cursos\/concurso\/\" target=\"_blank\" rel=\"noreferrer noopener\">Col\u00e9gio Pedro II<\/a><\/li><\/ul>\n\n\n\n<h3 class=\"wp-block-heading\" id=\"concurso-prefeitura-de-cascavel-pr\"><a href=\"https:\/\/www.estrategiaconcursos.com.br\/blog\/concurso-camara-sao-joao-da-boa-vista\/\" target=\"_blank\" rel=\"noreferrer noopener\">Concurso C\u00e2mara de S\u00e3o Jo\u00e3o da Boa Vista<\/a>&nbsp;(SP)<\/h3>\n\n\n\n<ul class=\"wp-block-list\"><li><strong>Banca:<\/strong>&nbsp;Instituto Nosso Rumo<\/li><li><strong>Per\u00edodo de inscri\u00e7\u00f5es<\/strong>:&nbsp;at\u00e9 18\/04\/2022<\/li><li><strong>Data da prova<\/strong>:&nbsp;29\/05\/2022<\/li><li><strong>Vagas:<\/strong>&nbsp;01<\/li><li><strong>Cargos:<\/strong>&nbsp;Agente Legislativo<\/li><li><strong>Remunera\u00e7\u00e3o<\/strong>:&nbsp;R$ 3.522,41<\/li><li><strong>Edital:<\/strong>&nbsp;<a href=\"https:\/\/dhg1h5j42swfq.cloudfront.net\/2022\/03\/22142356\/edital-de-abertura-1-4.pdf\" target=\"_blank\" rel=\"noreferrer noopener nofollow\">Edital C\u00e2mara SJDBV<\/a><\/li><li><strong>Cursos:<\/strong>&nbsp;<a href=\"https:\/\/www.estrategiaconcursos.com.br\/cursos\/concurso\/\" target=\"_blank\" rel=\"noreferrer noopener\">C\u00e2mara<\/a><\/li><\/ul>\n\n\n\n<h3 class=\"wp-block-heading\" id=\"concurso-prefeitura-de-cascavel-pr\"><a href=\"https:\/\/www.estrategiaconcursos.com.br\/blog\/concurso-crn-10\/\" target=\"_blank\" rel=\"noreferrer noopener\">Concurso CRN 10<\/a>&nbsp;(SC)<\/h3>\n\n\n\n<ul class=\"wp-block-list\"><li><strong>Banca:<\/strong>&nbsp;ABCP<\/li><li><strong>Per\u00edodo de inscri\u00e7\u00f5es<\/strong>:&nbsp;at\u00e9 27\/04\/2022<\/li><li><strong>Data da prova<\/strong>:&nbsp;15\/05\/2022<\/li><li><strong>Vagas:<\/strong>&nbsp;03<\/li><li><strong>Cargos:<\/strong>&nbsp;V\u00e1rios<\/li><li><strong>Remunera\u00e7\u00e3o<\/strong>:&nbsp;R$ 8.795,28<\/li><li><strong>Edital:<\/strong>&nbsp;<a href=\"https:\/\/abcp.selecao.net.br\/uploads\/567\/concursos\/2667\/anexos\/oPapsnVNpmRmy5Gy4Cu5nE5oDHHYuRP7s2I71JAc.pdf\" target=\"_blank\" rel=\"noreferrer noopener\">Edital CRN 10<\/a><\/li><li><strong>Cursos:<\/strong>&nbsp;<a href=\"https:\/\/www.estrategiaconcursos.com.br\/cursos\/concurso\/\" target=\"_blank\" rel=\"noreferrer noopener\">CRN 10<\/a><\/li><\/ul>\n\n\n\n<h3 class=\"wp-block-heading\" id=\"concurso-prefeitura-de-cascavel-pr\"><a href=\"https:\/\/www.estrategiaconcursos.com.br\/blog\/concurso-crm-pb\/\" target=\"_blank\" rel=\"noreferrer noopener\">Concurso CRM PB<\/a><\/h3>\n\n\n\n<ul class=\"wp-block-list\"><li><strong>Banca:<\/strong>&nbsp;IDIB<\/li><li><strong>Per\u00edodo de inscri\u00e7\u00f5es<\/strong>:&nbsp;at\u00e9 25\/04\/2022<\/li><li><strong>Data da prova<\/strong>:&nbsp;22\/05\/2022<\/li><li><strong>Vagas:<\/strong>&nbsp;6 + 55 CR<\/li><li><strong>Cargos:<\/strong>&nbsp;Assistente Administrativo, Agente Fiscal e T\u00e9cnico em Inform\u00e1tica<\/li><li><strong>Remunera\u00e7\u00e3o<\/strong>:&nbsp;R$ 2.625,27<\/li><li><strong>Edital:<\/strong>&nbsp;<a href=\"https:\/\/dhg1h5j42swfq.cloudfront.net\/2022\/03\/21120512\/kk9ikuvncbli1p6mmgkqe37mi9166ybejsbaglha1erijm3vqcapaw5gc3qoqu0gw1kqkur5cu62m1uu5120-1.pdf\" target=\"_blank\" rel=\"noreferrer noopener nofollow\">Edital CRM PB<\/a><\/li><li><strong>Cursos:<\/strong>&nbsp;<a href=\"https:\/\/www.estrategiaconcursos.com.br\/cursos\/concurso\/\" target=\"_blank\" rel=\"noreferrer noopener\">CRM PB<\/a><\/li><\/ul>\n\n\n\n<h3 class=\"wp-block-heading\" id=\"concurso-prefeitura-de-cascavel-pr\"><a href=\"https:\/\/www.estrategiaconcursos.com.br\/blog\/concurso-crc-ac-2022-edital-publicado\/\" target=\"_blank\" rel=\"noreferrer noopener\">Concurso CRC AC<\/a><\/h3>\n\n\n\n<ul class=\"wp-block-list\"><li><strong>Banca:<\/strong>&nbsp;Quadrix<\/li><li><strong>Per\u00edodo de inscri\u00e7\u00f5es<\/strong>: at\u00e9 25\/04\/2022<\/li><li><strong>Data da prova<\/strong>:&nbsp;22\/05\/2022<\/li><li><strong>Vagas:<\/strong>&nbsp;5 + 45 CR<\/li><li><strong>Cargos:<\/strong>&nbsp;Agente Administrativo e Contador<\/li><li><strong>Remunera\u00e7\u00e3o<\/strong>:&nbsp;R$ 1.360,80 e R$ 3.000,00<\/li><li><strong>Edital:<\/strong>&nbsp;<a href=\"https:\/\/dhg1h5j42swfq.cloudfront.net\/2022\/03\/21153046\/1_crc-ac_concurso_publico-_2022_edital_1.pdf\" target=\"_blank\" rel=\"noreferrer noopener nofollow\">Edital CRC AC<\/a><\/li><li><strong>Cursos:<\/strong>&nbsp;<a href=\"https:\/\/www.estrategiaconcursos.com.br\/cursos\/concurso\/\" target=\"_blank\" rel=\"noreferrer noopener\">CRC AC<\/a><\/li><\/ul>\n\n\n\n<p class=\"has-text-align-center has-background\" style=\"background-color:#ededed;font-size:clamp(14.642px, 0.915rem + ((1vw - 3.2px) * 0.721), 22px);px\"><strong>Veja tamb\u00e9m: <a href=\"https:\/\/www.estrategiaconcursos.com.br\/blog\/principais-noticias-do-dia\/\" target=\"_blank\" rel=\"noreferrer noopener\">Principais not\u00edcias do dia<\/a><\/strong><\/p>\n\n\n\n<div class=\"wp-block-image\"><figure class=\"aligncenter size-large is-resized\"><img loading=\"lazy\" decoding=\"async\" src=\"https:\/\/dhg1h5j42swfq.cloudfront.net\/2020\/09\/18141901\/Coruja_Concursos%404x-506x1024.png\" alt=\"Concurso P\u00fablico: 10 editais esta semana! Mais de 3,5 mil vagas\" class=\"wp-image-574355\" width=\"35\" height=\"71\" srcset=\"https:\/\/dhg1h5j42swfq.cloudfront.net\/2020\/09\/18141901\/Coruja_Concursos%404x-506x1024.png 506w, https:\/\/dhg1h5j42swfq.cloudfront.net\/2020\/09\/18141901\/Coruja_Concursos%404x-148x300.png 148w, https:\/\/dhg1h5j42swfq.cloudfront.net\/2020\/09\/18141901\/Coruja_Concursos%404x-610x1236.png 610w, https:\/\/dhg1h5j42swfq.cloudfront.net\/2020\/09\/18141901\/Coruja_Concursos%404x.png 745w\" sizes=\"auto, (max-width: 35px) 100vw, 35px\" \/><\/figure><\/div>\n\n\n\n<div class=\"container\" id=\"boxes\">\n  <div class=\"row\">\n\n    <div class=\"col-sm\">\n      <div class=\"estrategia\" id=\"box-assinatura\">\n        <h3 class=\"titulo-assinatura\">Assinatura Concursos<\/h3>\n        <p class=\"subtitulo-assinatura\">Assinatura de 1 ano ou 2 anos<\/p>\n        <div class=\"box-botao\">\n          <a class=\"btn-assinatura\" target=\"_blank\" href=\"https:\/\/www.estrategiaconcursos.com.br\/assinaturas\/\" role=\"button\" rel=\"noopener noreferrer\">ASSINE AGORA<\/a>\n        <\/div>\n      <\/div><\/div><\/div><\/div>\n\n\n\n<h2 class=\"has-text-align-center wp-block-heading\" id=\"h-quer-saber-tudo-sobre-concursos-previstos-confira-nossos-artigos\">Quer saber tudo sobre concursos previstos?<br \/>Confira nossos artigos!<\/h2>\n\n\n\n<ul class=\"wp-block-list\" id=\"concurso-publico-editais-esta-semana-03-a-07-01\"><li><a href=\"https:\/\/www.estrategiaconcursos.com.br\/blog\/concursos-abertos\/\" target=\"_blank\" rel=\"noreferrer noopener\">Concursos abertos<\/a><\/li><li><a href=\"https:\/\/www.estrategiaconcursos.com.br\/blog\/concursos-2022\/\" target=\"_blank\" rel=\"noreferrer noopener\">Concursos 2022<\/a><\/li><\/ul>\n","protected":false},"excerpt":{"rendered":"<p>Ao longo dessa semana, 24 editais de concurso p\u00fablico foram publicados. Juntos, ofertam 889 vagas imediatas e em cadastro reserva. Os destaques s\u00e3o os concursos de tribunais. S\u00f3 na \u00faltima segunda-feira (21), foram dois: Tribunais de Justi\u00e7a do Cear\u00e1 e do Tocantins. Mudando para a \u00e1rea policial, foram publicados os editais para a Guarda Municipal [&hellip;]<\/p>\n","protected":false},"author":659,"featured_media":746120,"comment_status":"open","ping_status":"closed","sticky":false,"template":"","format":"standard","meta":{"post_tipo":"news","footnotes":""},"categories":[1,220219],"tags":[],"tax_estado":[219963],"class_list":["post-993922","post","type-post","status-publish","format-standard","has-post-thumbnail","hentry","category-cursos-e-concursos","category-noticias","tax_estado-concursos-federais"],"acf":[],"yoast_head":"<!-- This site is optimized with the Yoast SEO Premium plugin v27.2 (Yoast SEO v27.2) - https:\/\/yoast.com\/product\/yoast-seo-premium-wordpress\/ -->\n<title>Concurso P\u00fablico: 24 editais esta semana! Mais de 800 vagas!<\/title>\n<meta name=\"description\" content=\"Concurso P\u00fablico 2022: 24 editais sa\u00edram ao longo desta semana (21 a 25\/03). Confira n\u00famero de vagas, remunera\u00e7\u00e3o e principais datas.\" \/>\n<meta name=\"robots\" content=\"index, follow, max-snippet:-1, max-image-preview:large, max-video-preview:-1\" \/>\n<link rel=\"canonical\" href=\"https:\/\/www.estrategiaconcursos.com.br\/blog\/concurso-publico-editais-da-semana-21-a-25-03\/\" \/>\n<meta property=\"og:locale\" content=\"pt_BR\" \/>\n<meta property=\"og:type\" content=\"article\" \/>\n<meta property=\"og:title\" content=\"Concurso P\u00fablico: 24 editais esta semana! Mais de 800 vagas!\" \/>\n<meta property=\"og:description\" content=\"Concurso P\u00fablico 2022: 24 editais sa\u00edram ao longo desta semana (21 a 25\/03). Confira n\u00famero de vagas, remunera\u00e7\u00e3o e principais datas.\" \/>\n<meta property=\"og:url\" content=\"https:\/\/www.estrategiaconcursos.com.br\/blog\/concurso-publico-editais-da-semana-21-a-25-03\/\" \/>\n<meta property=\"og:site_name\" content=\"Estrat\u00e9gia Concursos\" \/>\n<meta property=\"article:published_time\" content=\"2022-03-25T21:00:00+00:00\" \/>\n<meta property=\"article:modified_time\" content=\"2022-03-31T19:02:27+00:00\" \/>\n<meta property=\"og:image\" content=\"https:\/\/dhg1h5j42swfq.cloudfront.net\/2021\/04\/20121239\/2022_concursos.jpeg\" \/>\n\t<meta property=\"og:image:width\" content=\"768\" \/>\n\t<meta property=\"og:image:height\" content=\"432\" \/>\n\t<meta property=\"og:image:type\" content=\"image\/jpeg\" \/>\n<meta name=\"author\" content=\"Camila Leite\" \/>\n<meta name=\"twitter:card\" content=\"summary_large_image\" \/>\n<meta name=\"twitter:creator\" content=\"@EstratConcursos\" \/>\n<meta name=\"twitter:site\" content=\"@EstratConcursos\" \/>\n<meta name=\"twitter:label1\" content=\"Escrito por\" \/>\n\t<meta name=\"twitter:data1\" content=\"Camila Leite\" \/>\n\t<meta name=\"twitter:label2\" content=\"Est. tempo de leitura\" \/>\n\t<meta name=\"twitter:data2\" content=\"6 minutos\" \/>\n<script type=\"application\/ld+json\" class=\"yoast-schema-graph\">{\"@context\":\"https:\/\/schema.org\",\"@graph\":[{\"@type\":\"NewsArticle\",\"@id\":\"https:\/\/www.estrategiaconcursos.com.br\/blog\/concurso-publico-editais-da-semana-21-a-25-03\/#article\",\"isPartOf\":{\"@id\":\"https:\/\/www.estrategiaconcursos.com.br\/blog\/concurso-publico-editais-da-semana-21-a-25-03\/\"},\"author\":{\"name\":\"Camila Leite\",\"@id\":\"https:\/\/www.estrategiaconcursos.com.br\/blog\/#\/schema\/person\/84ecdc6eb58d3cf1689bf76c5cd8fb38\"},\"headline\":\"Concurso P\u00fablico: 24 editais esta semana! Mais de 800 vagas!\",\"datePublished\":\"2022-03-25T21:00:00+00:00\",\"dateModified\":\"2022-03-31T19:02:27+00:00\",\"mainEntityOfPage\":{\"@id\":\"https:\/\/www.estrategiaconcursos.com.br\/blog\/concurso-publico-editais-da-semana-21-a-25-03\/\"},\"wordCount\":1080,\"commentCount\":0,\"publisher\":{\"@id\":\"https:\/\/www.estrategiaconcursos.com.br\/blog\/#organization\"},\"image\":{\"@id\":\"https:\/\/www.estrategiaconcursos.com.br\/blog\/concurso-publico-editais-da-semana-21-a-25-03\/#primaryimage\"},\"thumbnailUrl\":\"https:\/\/dhg1h5j42swfq.cloudfront.net\/2021\/04\/20121239\/2022_concursos.jpeg\",\"articleSection\":[\"Concursos P\u00fablicos\",\"\u00daltimas not\u00edcias\"],\"inLanguage\":\"pt-BR\",\"potentialAction\":[{\"@type\":\"CommentAction\",\"name\":\"Comment\",\"target\":[\"https:\/\/www.estrategiaconcursos.com.br\/blog\/concurso-publico-editais-da-semana-21-a-25-03\/#respond\"]}],\"copyrightYear\":\"2022\",\"copyrightHolder\":{\"@id\":\"https:\/\/www.estrategiaconcursos.com.br\/blog\/#organization\"}},{\"@type\":\"WebPage\",\"@id\":\"https:\/\/www.estrategiaconcursos.com.br\/blog\/concurso-publico-editais-da-semana-21-a-25-03\/\",\"url\":\"https:\/\/www.estrategiaconcursos.com.br\/blog\/concurso-publico-editais-da-semana-21-a-25-03\/\",\"name\":\"Concurso P\u00fablico: 24 editais esta semana! Mais de 800 vagas!\",\"isPartOf\":{\"@id\":\"https:\/\/www.estrategiaconcursos.com.br\/blog\/#website\"},\"primaryImageOfPage\":{\"@id\":\"https:\/\/www.estrategiaconcursos.com.br\/blog\/concurso-publico-editais-da-semana-21-a-25-03\/#primaryimage\"},\"image\":{\"@id\":\"https:\/\/www.estrategiaconcursos.com.br\/blog\/concurso-publico-editais-da-semana-21-a-25-03\/#primaryimage\"},\"thumbnailUrl\":\"https:\/\/dhg1h5j42swfq.cloudfront.net\/2021\/04\/20121239\/2022_concursos.jpeg\",\"datePublished\":\"2022-03-25T21:00:00+00:00\",\"dateModified\":\"2022-03-31T19:02:27+00:00\",\"description\":\"Concurso P\u00fablico 2022: 24 editais sa\u00edram ao longo desta semana (21 a 25\/03). Confira n\u00famero de vagas, remunera\u00e7\u00e3o e principais datas.\",\"breadcrumb\":{\"@id\":\"https:\/\/www.estrategiaconcursos.com.br\/blog\/concurso-publico-editais-da-semana-21-a-25-03\/#breadcrumb\"},\"inLanguage\":\"pt-BR\",\"potentialAction\":[{\"@type\":\"ReadAction\",\"target\":[\"https:\/\/www.estrategiaconcursos.com.br\/blog\/concurso-publico-editais-da-semana-21-a-25-03\/\"]}]},{\"@type\":\"ImageObject\",\"inLanguage\":\"pt-BR\",\"@id\":\"https:\/\/www.estrategiaconcursos.com.br\/blog\/concurso-publico-editais-da-semana-21-a-25-03\/#primaryimage\",\"url\":\"https:\/\/dhg1h5j42swfq.cloudfront.net\/2021\/04\/20121239\/2022_concursos.jpeg\",\"contentUrl\":\"https:\/\/dhg1h5j42swfq.cloudfront.net\/2021\/04\/20121239\/2022_concursos.jpeg\",\"width\":768,\"height\":432,\"caption\":\"Concursos 2022\"},{\"@type\":\"BreadcrumbList\",\"@id\":\"https:\/\/www.estrategiaconcursos.com.br\/blog\/concurso-publico-editais-da-semana-21-a-25-03\/#breadcrumb\",\"itemListElement\":[{\"@type\":\"ListItem\",\"position\":1,\"name\":\"In\u00edcio\",\"item\":\"https:\/\/www.estrategiaconcursos.com.br\/blog\/\"},{\"@type\":\"ListItem\",\"position\":2,\"name\":\"Concurso P\u00fablico: 24 editais esta semana! Mais de 800 vagas!\"}]},{\"@type\":\"WebSite\",\"@id\":\"https:\/\/www.estrategiaconcursos.com.br\/blog\/#website\",\"url\":\"https:\/\/www.estrategiaconcursos.com.br\/blog\/\",\"name\":\"Estrat\u00e9gia Concursos\",\"description\":\"O blog da Estrat\u00e9gia Concursos traz not\u00edcias sobre concursos e artigos de professores oferecendo cursos para concursos (pdf + videaulas) no site.\",\"publisher\":{\"@id\":\"https:\/\/www.estrategiaconcursos.com.br\/blog\/#organization\"},\"potentialAction\":[{\"@type\":\"SearchAction\",\"target\":{\"@type\":\"EntryPoint\",\"urlTemplate\":\"https:\/\/www.estrategiaconcursos.com.br\/blog\/?s={search_term_string}\"},\"query-input\":{\"@type\":\"PropertyValueSpecification\",\"valueRequired\":true,\"valueName\":\"search_term_string\"}}],\"inLanguage\":\"pt-BR\"},{\"@type\":\"Organization\",\"@id\":\"https:\/\/www.estrategiaconcursos.com.br\/blog\/#organization\",\"name\":\"Estrat\u00e9gia Concursos\",\"url\":\"https:\/\/www.estrategiaconcursos.com.br\/blog\/\",\"logo\":{\"@type\":\"ImageObject\",\"inLanguage\":\"pt-BR\",\"@id\":\"https:\/\/www.estrategiaconcursos.com.br\/blog\/#\/schema\/logo\/image\/\",\"url\":\"https:\/\/dhg1h5j42swfq.cloudfront.net\/2025\/06\/03203428\/logo_concursos-1.jpg\",\"contentUrl\":\"https:\/\/dhg1h5j42swfq.cloudfront.net\/2025\/06\/03203428\/logo_concursos-1.jpg\",\"width\":230,\"height\":60,\"caption\":\"Estrat\u00e9gia Concursos\"},\"image\":{\"@id\":\"https:\/\/www.estrategiaconcursos.com.br\/blog\/#\/schema\/logo\/image\/\"},\"sameAs\":[\"https:\/\/x.com\/EstratConcursos\"]},{\"@type\":\"Person\",\"@id\":\"https:\/\/www.estrategiaconcursos.com.br\/blog\/#\/schema\/person\/84ecdc6eb58d3cf1689bf76c5cd8fb38\",\"name\":\"Camila Leite\",\"image\":{\"@type\":\"ImageObject\",\"inLanguage\":\"pt-BR\",\"@id\":\"https:\/\/secure.gravatar.com\/avatar\/f2f8faef639c8a2bfb7fb909912a56917f4c3a0aed064500168e2fb8ea55cf61?s=96&d=mm&r=g\",\"url\":\"https:\/\/secure.gravatar.com\/avatar\/f2f8faef639c8a2bfb7fb909912a56917f4c3a0aed064500168e2fb8ea55cf61?s=96&d=mm&r=g\",\"contentUrl\":\"https:\/\/secure.gravatar.com\/avatar\/f2f8faef639c8a2bfb7fb909912a56917f4c3a0aed064500168e2fb8ea55cf61?s=96&d=mm&r=g\",\"caption\":\"Camila Leite\"},\"description\":\"Formada em Design Gr\u00e1fico e em Propaganda e Marketing pela UNIP, integra a equipe de jornalismo do Estrat\u00e9gia Concursos desde 2018. Ao longo dos anos, construiu uma s\u00f3lida experi\u00eancia na produ\u00e7\u00e3o de conte\u00fado informativo e relevante para concurseiros. Desde 2020, atua na cobertura das \u00e1reas Fiscal \u2014 com \u00eanfase nas Secretarias de Fazenda (Sefaz) das regi\u00f5es Sul e Sudeste \u2014, al\u00e9m da cobertura de concursos federais, como CNU, Petrobras, CGU, Receita Federal, ag\u00eancias reguladoras (Anvisa, ANAC, entre outras) e INSS. Mant\u00e9m contato direto com os principais \u00f3rg\u00e3os p\u00fablicos, acompanhando editais, atualiza\u00e7\u00f5es e movimenta\u00e7\u00f5es importantes para os candidatos.\",\"sameAs\":[\"https:\/\/www.linkedin.com\/in\/camila-pinheiro-leite-9ba135b6\/\"],\"url\":\"https:\/\/www.estrategiaconcursos.com.br\/blog\/author\/camila-leiteestrategiaconcursos-com-br\/\"}]}<\/script>\n<!-- \/ Yoast SEO Premium plugin. -->","yoast_head_json":{"title":"Concurso P\u00fablico: 24 editais esta semana! Mais de 800 vagas!","description":"Concurso P\u00fablico 2022: 24 editais sa\u00edram ao longo desta semana (21 a 25\/03). Confira n\u00famero de vagas, remunera\u00e7\u00e3o e principais datas.","robots":{"index":"index","follow":"follow","max-snippet":"max-snippet:-1","max-image-preview":"max-image-preview:large","max-video-preview":"max-video-preview:-1"},"canonical":"https:\/\/www.estrategiaconcursos.com.br\/blog\/concurso-publico-editais-da-semana-21-a-25-03\/","og_locale":"pt_BR","og_type":"article","og_title":"Concurso P\u00fablico: 24 editais esta semana! Mais de 800 vagas!","og_description":"Concurso P\u00fablico 2022: 24 editais sa\u00edram ao longo desta semana (21 a 25\/03). Confira n\u00famero de vagas, remunera\u00e7\u00e3o e principais datas.","og_url":"https:\/\/www.estrategiaconcursos.com.br\/blog\/concurso-publico-editais-da-semana-21-a-25-03\/","og_site_name":"Estrat\u00e9gia Concursos","article_published_time":"2022-03-25T21:00:00+00:00","article_modified_time":"2022-03-31T19:02:27+00:00","og_image":[{"width":768,"height":432,"url":"https:\/\/dhg1h5j42swfq.cloudfront.net\/2021\/04\/20121239\/2022_concursos.jpeg","type":"image\/jpeg"}],"author":"Camila Leite","twitter_card":"summary_large_image","twitter_creator":"@EstratConcursos","twitter_site":"@EstratConcursos","twitter_misc":{"Escrito por":"Camila Leite","Est. tempo de leitura":"6 minutos"},"schema":{"@context":"https:\/\/schema.org","@graph":[{"@type":"NewsArticle","@id":"https:\/\/www.estrategiaconcursos.com.br\/blog\/concurso-publico-editais-da-semana-21-a-25-03\/#article","isPartOf":{"@id":"https:\/\/www.estrategiaconcursos.com.br\/blog\/concurso-publico-editais-da-semana-21-a-25-03\/"},"author":{"name":"Camila Leite","@id":"https:\/\/www.estrategiaconcursos.com.br\/blog\/#\/schema\/person\/84ecdc6eb58d3cf1689bf76c5cd8fb38"},"headline":"Concurso P\u00fablico: 24 editais esta semana! Mais de 800 vagas!","datePublished":"2022-03-25T21:00:00+00:00","dateModified":"2022-03-31T19:02:27+00:00","mainEntityOfPage":{"@id":"https:\/\/www.estrategiaconcursos.com.br\/blog\/concurso-publico-editais-da-semana-21-a-25-03\/"},"wordCount":1080,"commentCount":0,"publisher":{"@id":"https:\/\/www.estrategiaconcursos.com.br\/blog\/#organization"},"image":{"@id":"https:\/\/www.estrategiaconcursos.com.br\/blog\/concurso-publico-editais-da-semana-21-a-25-03\/#primaryimage"},"thumbnailUrl":"https:\/\/dhg1h5j42swfq.cloudfront.net\/2021\/04\/20121239\/2022_concursos.jpeg","articleSection":["Concursos P\u00fablicos","\u00daltimas not\u00edcias"],"inLanguage":"pt-BR","potentialAction":[{"@type":"CommentAction","name":"Comment","target":["https:\/\/www.estrategiaconcursos.com.br\/blog\/concurso-publico-editais-da-semana-21-a-25-03\/#respond"]}],"copyrightYear":"2022","copyrightHolder":{"@id":"https:\/\/www.estrategiaconcursos.com.br\/blog\/#organization"}},{"@type":"WebPage","@id":"https:\/\/www.estrategiaconcursos.com.br\/blog\/concurso-publico-editais-da-semana-21-a-25-03\/","url":"https:\/\/www.estrategiaconcursos.com.br\/blog\/concurso-publico-editais-da-semana-21-a-25-03\/","name":"Concurso P\u00fablico: 24 editais esta semana! Mais de 800 vagas!","isPartOf":{"@id":"https:\/\/www.estrategiaconcursos.com.br\/blog\/#website"},"primaryImageOfPage":{"@id":"https:\/\/www.estrategiaconcursos.com.br\/blog\/concurso-publico-editais-da-semana-21-a-25-03\/#primaryimage"},"image":{"@id":"https:\/\/www.estrategiaconcursos.com.br\/blog\/concurso-publico-editais-da-semana-21-a-25-03\/#primaryimage"},"thumbnailUrl":"https:\/\/dhg1h5j42swfq.cloudfront.net\/2021\/04\/20121239\/2022_concursos.jpeg","datePublished":"2022-03-25T21:00:00+00:00","dateModified":"2022-03-31T19:02:27+00:00","description":"Concurso P\u00fablico 2022: 24 editais sa\u00edram ao longo desta semana (21 a 25\/03). Confira n\u00famero de vagas, remunera\u00e7\u00e3o e principais datas.","breadcrumb":{"@id":"https:\/\/www.estrategiaconcursos.com.br\/blog\/concurso-publico-editais-da-semana-21-a-25-03\/#breadcrumb"},"inLanguage":"pt-BR","potentialAction":[{"@type":"ReadAction","target":["https:\/\/www.estrategiaconcursos.com.br\/blog\/concurso-publico-editais-da-semana-21-a-25-03\/"]}]},{"@type":"ImageObject","inLanguage":"pt-BR","@id":"https:\/\/www.estrategiaconcursos.com.br\/blog\/concurso-publico-editais-da-semana-21-a-25-03\/#primaryimage","url":"https:\/\/dhg1h5j42swfq.cloudfront.net\/2021\/04\/20121239\/2022_concursos.jpeg","contentUrl":"https:\/\/dhg1h5j42swfq.cloudfront.net\/2021\/04\/20121239\/2022_concursos.jpeg","width":768,"height":432,"caption":"Concursos 2022"},{"@type":"BreadcrumbList","@id":"https:\/\/www.estrategiaconcursos.com.br\/blog\/concurso-publico-editais-da-semana-21-a-25-03\/#breadcrumb","itemListElement":[{"@type":"ListItem","position":1,"name":"In\u00edcio","item":"https:\/\/www.estrategiaconcursos.com.br\/blog\/"},{"@type":"ListItem","position":2,"name":"Concurso P\u00fablico: 24 editais esta semana! Mais de 800 vagas!"}]},{"@type":"WebSite","@id":"https:\/\/www.estrategiaconcursos.com.br\/blog\/#website","url":"https:\/\/www.estrategiaconcursos.com.br\/blog\/","name":"Estrat\u00e9gia Concursos","description":"O blog da Estrat\u00e9gia Concursos traz not\u00edcias sobre concursos e artigos de professores oferecendo cursos para concursos (pdf + videaulas) no site.","publisher":{"@id":"https:\/\/www.estrategiaconcursos.com.br\/blog\/#organization"},"potentialAction":[{"@type":"SearchAction","target":{"@type":"EntryPoint","urlTemplate":"https:\/\/www.estrategiaconcursos.com.br\/blog\/?s={search_term_string}"},"query-input":{"@type":"PropertyValueSpecification","valueRequired":true,"valueName":"search_term_string"}}],"inLanguage":"pt-BR"},{"@type":"Organization","@id":"https:\/\/www.estrategiaconcursos.com.br\/blog\/#organization","name":"Estrat\u00e9gia Concursos","url":"https:\/\/www.estrategiaconcursos.com.br\/blog\/","logo":{"@type":"ImageObject","inLanguage":"pt-BR","@id":"https:\/\/www.estrategiaconcursos.com.br\/blog\/#\/schema\/logo\/image\/","url":"https:\/\/dhg1h5j42swfq.cloudfront.net\/2025\/06\/03203428\/logo_concursos-1.jpg","contentUrl":"https:\/\/dhg1h5j42swfq.cloudfront.net\/2025\/06\/03203428\/logo_concursos-1.jpg","width":230,"height":60,"caption":"Estrat\u00e9gia Concursos"},"image":{"@id":"https:\/\/www.estrategiaconcursos.com.br\/blog\/#\/schema\/logo\/image\/"},"sameAs":["https:\/\/x.com\/EstratConcursos"]},{"@type":"Person","@id":"https:\/\/www.estrategiaconcursos.com.br\/blog\/#\/schema\/person\/84ecdc6eb58d3cf1689bf76c5cd8fb38","name":"Camila Leite","image":{"@type":"ImageObject","inLanguage":"pt-BR","@id":"https:\/\/secure.gravatar.com\/avatar\/f2f8faef639c8a2bfb7fb909912a56917f4c3a0aed064500168e2fb8ea55cf61?s=96&d=mm&r=g","url":"https:\/\/secure.gravatar.com\/avatar\/f2f8faef639c8a2bfb7fb909912a56917f4c3a0aed064500168e2fb8ea55cf61?s=96&d=mm&r=g","contentUrl":"https:\/\/secure.gravatar.com\/avatar\/f2f8faef639c8a2bfb7fb909912a56917f4c3a0aed064500168e2fb8ea55cf61?s=96&d=mm&r=g","caption":"Camila Leite"},"description":"Formada em Design Gr\u00e1fico e em Propaganda e Marketing pela UNIP, integra a equipe de jornalismo do Estrat\u00e9gia Concursos desde 2018. Ao longo dos anos, construiu uma s\u00f3lida experi\u00eancia na produ\u00e7\u00e3o de conte\u00fado informativo e relevante para concurseiros. Desde 2020, atua na cobertura das \u00e1reas Fiscal \u2014 com \u00eanfase nas Secretarias de Fazenda (Sefaz) das regi\u00f5es Sul e Sudeste \u2014, al\u00e9m da cobertura de concursos federais, como CNU, Petrobras, CGU, Receita Federal, ag\u00eancias reguladoras (Anvisa, ANAC, entre outras) e INSS. Mant\u00e9m contato direto com os principais \u00f3rg\u00e3os p\u00fablicos, acompanhando editais, atualiza\u00e7\u00f5es e movimenta\u00e7\u00f5es importantes para os candidatos.","sameAs":["https:\/\/www.linkedin.com\/in\/camila-pinheiro-leite-9ba135b6\/"],"url":"https:\/\/www.estrategiaconcursos.com.br\/blog\/author\/camila-leiteestrategiaconcursos-com-br\/"}]}},"_links":{"self":[{"href":"https:\/\/www.estrategiaconcursos.com.br\/blog\/wp-json\/wp\/v2\/posts\/993922","targetHints":{"allow":["GET"]}}],"collection":[{"href":"https:\/\/www.estrategiaconcursos.com.br\/blog\/wp-json\/wp\/v2\/posts"}],"about":[{"href":"https:\/\/www.estrategiaconcursos.com.br\/blog\/wp-json\/wp\/v2\/types\/post"}],"author":[{"embeddable":true,"href":"https:\/\/www.estrategiaconcursos.com.br\/blog\/wp-json\/wp\/v2\/users\/659"}],"replies":[{"embeddable":true,"href":"https:\/\/www.estrategiaconcursos.com.br\/blog\/wp-json\/wp\/v2\/comments?post=993922"}],"version-history":[{"count":12,"href":"https:\/\/www.estrategiaconcursos.com.br\/blog\/wp-json\/wp\/v2\/posts\/993922\/revisions"}],"predecessor-version":[{"id":998878,"href":"https:\/\/www.estrategiaconcursos.com.br\/blog\/wp-json\/wp\/v2\/posts\/993922\/revisions\/998878"}],"wp:featuredmedia":[{"embeddable":true,"href":"https:\/\/www.estrategiaconcursos.com.br\/blog\/wp-json\/wp\/v2\/media\/746120"}],"wp:attachment":[{"href":"https:\/\/www.estrategiaconcursos.com.br\/blog\/wp-json\/wp\/v2\/media?parent=993922"}],"wp:term":[{"taxonomy":"category","embeddable":true,"href":"https:\/\/www.estrategiaconcursos.com.br\/blog\/wp-json\/wp\/v2\/categories?post=993922"},{"taxonomy":"post_tag","embeddable":true,"href":"https:\/\/www.estrategiaconcursos.com.br\/blog\/wp-json\/wp\/v2\/tags?post=993922"},{"taxonomy":"tax_estado","embeddable":true,"href":"https:\/\/www.estrategiaconcursos.com.br\/blog\/wp-json\/wp\/v2\/tax_estado?post=993922"}],"curies":[{"name":"wp","href":"https:\/\/api.w.org\/{rel}","templated":true}]}}