{"id":993905,"date":"2022-03-24T11:35:16","date_gmt":"2022-03-24T14:35:16","guid":{"rendered":"https:\/\/www.estrategiaconcursos.com.br\/blog\/?p=993905"},"modified":"2022-03-24T11:35:18","modified_gmt":"2022-03-24T14:35:18","slug":"concurso-pc-rn-adepol-cfp","status":"publish","type":"post","link":"https:\/\/www.estrategiaconcursos.com.br\/blog\/concurso-pc-rn-adepol-cfp\/","title":{"rendered":"Concurso PC RN: Adepol cobra in\u00edcio de CFP! Confira os detalhes!"},"content":{"rendered":"\n<p>A <a href=\"https:\/\/www.adepolrn.com.br\/noticias.php\" target=\"_blank\" rel=\"noreferrer noopener\">Adepol<\/a> (Associa\u00e7\u00e3o dos Delegados de Pol\u00edcia Civil) RN solicitou que fosse iniciado o Curso de Forma\u00e7\u00e3o Profissional (CFP) do concurso PC RN.<\/p>\n\n\n\n<div class=\"wp-block-image is-style-default\"><figure class=\"aligncenter size-large\"><img loading=\"lazy\" decoding=\"async\" width=\"1024\" height=\"633\" src=\"https:\/\/dhg1h5j42swfq.cloudfront.net\/2022\/03\/24112220\/image-298-1024x633.png\" alt=\"Adepol cobra in\u00edcio do CFP do concurso PC RN\" class=\"wp-image-993931\" srcset=\"https:\/\/dhg1h5j42swfq.cloudfront.net\/2022\/03\/24112220\/image-298-1024x633.png 1024w, https:\/\/dhg1h5j42swfq.cloudfront.net\/2022\/03\/24112220\/image-298-300x185.png 300w, https:\/\/dhg1h5j42swfq.cloudfront.net\/2022\/03\/24112220\/image-298-768x475.png 768w, https:\/\/dhg1h5j42swfq.cloudfront.net\/2022\/03\/24112220\/image-298-610x377.png 610w, https:\/\/dhg1h5j42swfq.cloudfront.net\/2022\/03\/24112220\/image-298.png 1434w\" sizes=\"auto, (max-width: 1024px) 100vw, 1024px\" \/><figcaption>Adepol cobra in\u00edcio do CFP do concurso PC RN | Imagem: instagram<\/figcaption><\/figure><\/div>\n\n\n\n<p>De acordo com as informa\u00e7\u00f5es, a corpora\u00e7\u00e3o registra o menor efetivo dos \u00faltimos 15 anos. A forma\u00e7\u00e3o e nomea\u00e7\u00e3o dos aprovados s\u00e3o necess\u00e1rias para manuten\u00e7\u00e3o das atividades da pol\u00edcia.<\/p>\n\n\n\n<p>A Adepol afirmou que o in\u00edcio do CFP estava previsto para maio, mas ainda n\u00e3o houve defini\u00e7\u00e3o do local de realiza\u00e7\u00e3o da etapa.<\/p>\n\n\n\n<blockquote class=\"wp-block-quote is-layout-flow wp-block-quote-is-layout-flow\"><p>&#8220;Havia uma previs\u00e3o de in\u00edcio do curso de forma\u00e7\u00e3o em maio, mas at\u00e9 agora n\u00e3o houve defini\u00e7\u00e3o de local, convoca\u00e7\u00e3o dos instrutores e divulga\u00e7\u00e3o de calend\u00e1rio. A forma\u00e7\u00e3o e nomea\u00e7\u00e3o desses policiais \u00e9 urgente, pois a pol\u00edcia investigativa n\u00e3o pode continuar como est\u00e1, com um policial fazendo o trabalho de cinco&#8221;, ressaltou a delegada Tais Aires, presidente da Adepol.<\/p><\/blockquote>\n\n\n\n<p>No total, 301 aprovados no \u00faltimo concurso da Pol\u00edcia Civil aguardam o chamado para iniciarem o curso de forma\u00e7\u00e3o.<\/p>\n\n\n\n<p>Os candidatos aprovados at\u00e9 o momento em todas as etapas tamb\u00e9m iniciaram <a href=\"https:\/\/www.instagram.com\/classificados_pcrn\/\" target=\"_blank\" rel=\"noreferrer noopener\">movimenta\u00e7\u00f5es<\/a> para pedir o in\u00edcio do CFP e a convoca\u00e7\u00e3o de todos os candidatos at\u00e9 o momento. Segundo informa\u00e7\u00f5es, h\u00e1 2 mil classificados.<\/p>\n\n\n\n<p class=\"has-text-align-center\">Quer saber mais informa\u00e7\u00f5es sobre o concurso PC RN? Acesse nosso artigo completo:<\/p>\n\n\n\n<p class=\"has-text-align-center has-cyan-bluish-gray-background-color has-background\"><strong>Saiba mais: <a href=\"https:\/\/www.estrategiaconcursos.com.br\/blog\/concurso-policia-civil-rn\/\" target=\"_blank\" rel=\"noreferrer noopener\">Concurso PC RN<\/a><\/strong><\/p>\n\n\n\n<h3 class=\"has-text-align-center wp-block-heading\" id=\"h-quer-estudar-para-pc-rn-confira-nossos-cursos-abaixo\">Quer estudar para PC RN? Confira nossos cursos abaixo<\/h3>\n\n\n\n<div class=\"container\" id=\"boxes\">\n  <div class=\"row\">\n\n    <div class=\"col-sm\">\n      <div class=\"banner-policial\" id=\"box-assinatura\">\n        <h3 class=\"titulo-assinatura\">Concurso PC RN<\/h3>\n        <p class=\"subtitulo-assinatura\">Conhe\u00e7a os cursos<\/p>\n        <div class=\"box-botao\">\n          <a class=\"btn-assinatura\" target=\"_blank\" href=\"https:\/\/www.estrategiaconcursos.com.br\/cursosPorConcurso\/policia-civil-do-rio-grande-do-norte\/\/\" role=\"button\" rel=\"noopener noreferrer\">Conhe\u00e7a mais<\/a>\n        <\/div>\n      <\/div>\n    \n    <\/div>\n\n  <\/div>\n<\/div>\n\n\n\n<div class=\"container\" id=\"boxes\">\n  <div class=\"row\">\n\n    <div class=\"col-sm\">\n      <div class=\"estrategia\" id=\"box-assinatura\">\n        <h3 class=\"titulo-assinatura\">Assinatura de Concursos<\/h3>\n        <p class=\"subtitulo-assinatura\">Assinatura de 1 ou 2 anos<\/p>\n        <div class=\"box-botao\">\n          <a class=\"btn-assinatura\" target=\"_blank\" href=\"https:\/\/www.estrategiaconcursos.com.br\/assinaturas\/\" role=\"button\" rel=\"noopener noreferrer\">ASSINE AGORA<\/a>\n        <\/div>\n      <\/div>\n      <p class=\"texto-auxiliar\">.<\/p>\n    <\/div><\/div><\/div>\n\n\n\n<h2 class=\"has-text-align-center wp-block-heading\" id=\"cursos\">Quer saber tudo sobre concursos previstos? <br \/>Confira nossos artigos!<\/h2>\n\n\n\n<ul class=\"wp-block-list\"><li><a href=\"https:\/\/www.estrategiaconcursos.com.br\/blog\/concursos-abertos\/\">Concursos abertos<\/a><\/li><li><a href=\"https:\/\/www.estrategiaconcursos.com.br\/blog\/concursos-2022\/\">Concursos 2022<\/a><\/li><\/ul>\n","protected":false},"excerpt":{"rendered":"<p>A Adepol (Associa\u00e7\u00e3o dos Delegados de Pol\u00edcia Civil) RN solicitou que fosse iniciado o Curso de Forma\u00e7\u00e3o Profissional (CFP) do concurso PC RN. De acordo com as informa\u00e7\u00f5es, a corpora\u00e7\u00e3o registra o menor efetivo dos \u00faltimos 15 anos. A forma\u00e7\u00e3o e nomea\u00e7\u00e3o dos aprovados s\u00e3o necess\u00e1rias para manuten\u00e7\u00e3o das atividades da pol\u00edcia. A Adepol afirmou [&hellip;]<\/p>\n","protected":false},"author":2041,"featured_media":787857,"comment_status":"open","ping_status":"closed","sticky":false,"template":"","format":"standard","meta":{"post_tipo":"news","footnotes":""},"categories":[220194,1988,220219],"tags":[],"tax_estado":[219983],"class_list":["post-993905","post","type-post","status-publish","format-standard","has-post-thumbnail","hentry","category-delegado","category-policia","category-noticias","tax_estado-rn"],"acf":[],"yoast_head":"<!-- This site is optimized with the Yoast SEO Premium plugin v27.2 (Yoast SEO v27.2) - https:\/\/yoast.com\/product\/yoast-seo-premium-wordpress\/ -->\n<title>Concurso PC RN: Adepol cobra in\u00edcio de CFP! Confira os detalhes!<\/title>\n<meta name=\"description\" content=\"A Adepol cobrou ao governo o in\u00edcio do Curso de Forma\u00e7\u00e3o Profissional (CFP) do concurso PC RN. A sele\u00e7\u00e3o oferta 301 vagas iniciais.\" \/>\n<meta name=\"robots\" content=\"index, follow, max-snippet:-1, max-image-preview:large, max-video-preview:-1\" \/>\n<link rel=\"canonical\" href=\"https:\/\/www.estrategiaconcursos.com.br\/blog\/concurso-pc-rn-adepol-cfp\/\" \/>\n<meta property=\"og:locale\" content=\"pt_BR\" \/>\n<meta property=\"og:type\" content=\"article\" \/>\n<meta property=\"og:title\" content=\"Concurso PC RN: Adepol cobra in\u00edcio de CFP! Confira os detalhes!\" \/>\n<meta property=\"og:description\" content=\"A Adepol cobrou ao governo o in\u00edcio do Curso de Forma\u00e7\u00e3o Profissional (CFP) do concurso PC RN. A sele\u00e7\u00e3o oferta 301 vagas iniciais.\" \/>\n<meta property=\"og:url\" content=\"https:\/\/www.estrategiaconcursos.com.br\/blog\/concurso-pc-rn-adepol-cfp\/\" \/>\n<meta property=\"og:site_name\" content=\"Estrat\u00e9gia Concursos\" \/>\n<meta property=\"article:published_time\" content=\"2022-03-24T14:35:16+00:00\" \/>\n<meta property=\"article:modified_time\" content=\"2022-03-24T14:35:18+00:00\" \/>\n<meta property=\"og:image\" content=\"https:\/\/dhg1h5j42swfq.cloudfront.net\/2021\/07\/05202452\/pc-rn.jpg\" \/>\n\t<meta property=\"og:image:width\" content=\"768\" \/>\n\t<meta property=\"og:image:height\" content=\"432\" \/>\n\t<meta property=\"og:image:type\" content=\"image\/jpeg\" \/>\n<meta name=\"author\" content=\"Thiago Cavalcante Gomes\" \/>\n<meta name=\"twitter:card\" content=\"summary_large_image\" \/>\n<meta name=\"twitter:creator\" content=\"@EstratConcursos\" \/>\n<meta name=\"twitter:site\" content=\"@EstratConcursos\" \/>\n<meta name=\"twitter:label1\" content=\"Escrito por\" \/>\n\t<meta name=\"twitter:data1\" content=\"Thiago Cavalcante Gomes\" \/>\n\t<meta name=\"twitter:label2\" content=\"Est. tempo de leitura\" \/>\n\t<meta name=\"twitter:data2\" content=\"2 minutos\" \/>\n<script type=\"application\/ld+json\" class=\"yoast-schema-graph\">{\"@context\":\"https:\/\/schema.org\",\"@graph\":[{\"@type\":\"NewsArticle\",\"@id\":\"https:\/\/www.estrategiaconcursos.com.br\/blog\/concurso-pc-rn-adepol-cfp\/#article\",\"isPartOf\":{\"@id\":\"https:\/\/www.estrategiaconcursos.com.br\/blog\/concurso-pc-rn-adepol-cfp\/\"},\"author\":{\"name\":\"Thiago Cavalcante Gomes\",\"@id\":\"https:\/\/www.estrategiaconcursos.com.br\/blog\/#\/schema\/person\/4970184533d0a3ffa5b0299ae0a2b21f\"},\"headline\":\"Concurso PC RN: Adepol cobra in\u00edcio de CFP! Confira os detalhes!\",\"datePublished\":\"2022-03-24T14:35:16+00:00\",\"dateModified\":\"2022-03-24T14:35:18+00:00\",\"mainEntityOfPage\":{\"@id\":\"https:\/\/www.estrategiaconcursos.com.br\/blog\/concurso-pc-rn-adepol-cfp\/\"},\"wordCount\":301,\"commentCount\":0,\"publisher\":{\"@id\":\"https:\/\/www.estrategiaconcursos.com.br\/blog\/#organization\"},\"image\":{\"@id\":\"https:\/\/www.estrategiaconcursos.com.br\/blog\/concurso-pc-rn-adepol-cfp\/#primaryimage\"},\"thumbnailUrl\":\"https:\/\/dhg1h5j42swfq.cloudfront.net\/2021\/07\/05202452\/pc-rn.jpg\",\"articleSection\":[\"Jur\u00eddico - Delegado\",\"Policial (Agente, Escriv\u00e3o e Investigador)\",\"\u00daltimas not\u00edcias\"],\"inLanguage\":\"pt-BR\",\"potentialAction\":[{\"@type\":\"CommentAction\",\"name\":\"Comment\",\"target\":[\"https:\/\/www.estrategiaconcursos.com.br\/blog\/concurso-pc-rn-adepol-cfp\/#respond\"]}],\"copyrightYear\":\"2022\",\"copyrightHolder\":{\"@id\":\"https:\/\/www.estrategiaconcursos.com.br\/blog\/#organization\"}},{\"@type\":\"WebPage\",\"@id\":\"https:\/\/www.estrategiaconcursos.com.br\/blog\/concurso-pc-rn-adepol-cfp\/\",\"url\":\"https:\/\/www.estrategiaconcursos.com.br\/blog\/concurso-pc-rn-adepol-cfp\/\",\"name\":\"Concurso PC RN: Adepol cobra in\u00edcio de CFP! Confira os detalhes!\",\"isPartOf\":{\"@id\":\"https:\/\/www.estrategiaconcursos.com.br\/blog\/#website\"},\"primaryImageOfPage\":{\"@id\":\"https:\/\/www.estrategiaconcursos.com.br\/blog\/concurso-pc-rn-adepol-cfp\/#primaryimage\"},\"image\":{\"@id\":\"https:\/\/www.estrategiaconcursos.com.br\/blog\/concurso-pc-rn-adepol-cfp\/#primaryimage\"},\"thumbnailUrl\":\"https:\/\/dhg1h5j42swfq.cloudfront.net\/2021\/07\/05202452\/pc-rn.jpg\",\"datePublished\":\"2022-03-24T14:35:16+00:00\",\"dateModified\":\"2022-03-24T14:35:18+00:00\",\"description\":\"A Adepol cobrou ao governo o in\u00edcio do Curso de Forma\u00e7\u00e3o Profissional (CFP) do concurso PC RN. A sele\u00e7\u00e3o oferta 301 vagas iniciais.\",\"breadcrumb\":{\"@id\":\"https:\/\/www.estrategiaconcursos.com.br\/blog\/concurso-pc-rn-adepol-cfp\/#breadcrumb\"},\"inLanguage\":\"pt-BR\",\"potentialAction\":[{\"@type\":\"ReadAction\",\"target\":[\"https:\/\/www.estrategiaconcursos.com.br\/blog\/concurso-pc-rn-adepol-cfp\/\"]}]},{\"@type\":\"ImageObject\",\"inLanguage\":\"pt-BR\",\"@id\":\"https:\/\/www.estrategiaconcursos.com.br\/blog\/concurso-pc-rn-adepol-cfp\/#primaryimage\",\"url\":\"https:\/\/dhg1h5j42swfq.cloudfront.net\/2021\/07\/05202452\/pc-rn.jpg\",\"contentUrl\":\"https:\/\/dhg1h5j42swfq.cloudfront.net\/2021\/07\/05202452\/pc-rn.jpg\",\"width\":768,\"height\":432,\"caption\":\"PC RN\"},{\"@type\":\"BreadcrumbList\",\"@id\":\"https:\/\/www.estrategiaconcursos.com.br\/blog\/concurso-pc-rn-adepol-cfp\/#breadcrumb\",\"itemListElement\":[{\"@type\":\"ListItem\",\"position\":1,\"name\":\"In\u00edcio\",\"item\":\"https:\/\/www.estrategiaconcursos.com.br\/blog\/\"},{\"@type\":\"ListItem\",\"position\":2,\"name\":\"Concurso PC RN: Adepol cobra in\u00edcio de CFP! Confira os detalhes!\"}]},{\"@type\":\"WebSite\",\"@id\":\"https:\/\/www.estrategiaconcursos.com.br\/blog\/#website\",\"url\":\"https:\/\/www.estrategiaconcursos.com.br\/blog\/\",\"name\":\"Estrat\u00e9gia Concursos\",\"description\":\"O blog da Estrat\u00e9gia Concursos traz not\u00edcias sobre concursos e artigos de professores oferecendo cursos para concursos (pdf + videaulas) no site.\",\"publisher\":{\"@id\":\"https:\/\/www.estrategiaconcursos.com.br\/blog\/#organization\"},\"potentialAction\":[{\"@type\":\"SearchAction\",\"target\":{\"@type\":\"EntryPoint\",\"urlTemplate\":\"https:\/\/www.estrategiaconcursos.com.br\/blog\/?s={search_term_string}\"},\"query-input\":{\"@type\":\"PropertyValueSpecification\",\"valueRequired\":true,\"valueName\":\"search_term_string\"}}],\"inLanguage\":\"pt-BR\"},{\"@type\":\"Organization\",\"@id\":\"https:\/\/www.estrategiaconcursos.com.br\/blog\/#organization\",\"name\":\"Estrat\u00e9gia Concursos\",\"url\":\"https:\/\/www.estrategiaconcursos.com.br\/blog\/\",\"logo\":{\"@type\":\"ImageObject\",\"inLanguage\":\"pt-BR\",\"@id\":\"https:\/\/www.estrategiaconcursos.com.br\/blog\/#\/schema\/logo\/image\/\",\"url\":\"https:\/\/dhg1h5j42swfq.cloudfront.net\/2025\/06\/03203428\/logo_concursos-1.jpg\",\"contentUrl\":\"https:\/\/dhg1h5j42swfq.cloudfront.net\/2025\/06\/03203428\/logo_concursos-1.jpg\",\"width\":230,\"height\":60,\"caption\":\"Estrat\u00e9gia Concursos\"},\"image\":{\"@id\":\"https:\/\/www.estrategiaconcursos.com.br\/blog\/#\/schema\/logo\/image\/\"},\"sameAs\":[\"https:\/\/x.com\/EstratConcursos\"]},{\"@type\":\"Person\",\"@id\":\"https:\/\/www.estrategiaconcursos.com.br\/blog\/#\/schema\/person\/4970184533d0a3ffa5b0299ae0a2b21f\",\"name\":\"Thiago Cavalcante Gomes\",\"image\":{\"@type\":\"ImageObject\",\"inLanguage\":\"pt-BR\",\"@id\":\"https:\/\/secure.gravatar.com\/avatar\/?s=96&d=mm&r=g\",\"url\":\"https:\/\/secure.gravatar.com\/avatar\/?s=96&d=mm&r=g\",\"contentUrl\":\"https:\/\/secure.gravatar.com\/avatar\/?s=96&d=mm&r=g\",\"caption\":\"Thiago Cavalcante Gomes\"},\"url\":\"https:\/\/www.estrategiaconcursos.com.br\/blog\/author\/thiago-gomes\/\"}]}<\/script>\n<!-- \/ Yoast SEO Premium plugin. -->","yoast_head_json":{"title":"Concurso PC RN: Adepol cobra in\u00edcio de CFP! Confira os detalhes!","description":"A Adepol cobrou ao governo o in\u00edcio do Curso de Forma\u00e7\u00e3o Profissional (CFP) do concurso PC RN. A sele\u00e7\u00e3o oferta 301 vagas iniciais.","robots":{"index":"index","follow":"follow","max-snippet":"max-snippet:-1","max-image-preview":"max-image-preview:large","max-video-preview":"max-video-preview:-1"},"canonical":"https:\/\/www.estrategiaconcursos.com.br\/blog\/concurso-pc-rn-adepol-cfp\/","og_locale":"pt_BR","og_type":"article","og_title":"Concurso PC RN: Adepol cobra in\u00edcio de CFP! Confira os detalhes!","og_description":"A Adepol cobrou ao governo o in\u00edcio do Curso de Forma\u00e7\u00e3o Profissional (CFP) do concurso PC RN. A sele\u00e7\u00e3o oferta 301 vagas iniciais.","og_url":"https:\/\/www.estrategiaconcursos.com.br\/blog\/concurso-pc-rn-adepol-cfp\/","og_site_name":"Estrat\u00e9gia Concursos","article_published_time":"2022-03-24T14:35:16+00:00","article_modified_time":"2022-03-24T14:35:18+00:00","og_image":[{"width":768,"height":432,"url":"https:\/\/dhg1h5j42swfq.cloudfront.net\/2021\/07\/05202452\/pc-rn.jpg","type":"image\/jpeg"}],"author":"Thiago Cavalcante Gomes","twitter_card":"summary_large_image","twitter_creator":"@EstratConcursos","twitter_site":"@EstratConcursos","twitter_misc":{"Escrito por":"Thiago Cavalcante Gomes","Est. tempo de leitura":"2 minutos"},"schema":{"@context":"https:\/\/schema.org","@graph":[{"@type":"NewsArticle","@id":"https:\/\/www.estrategiaconcursos.com.br\/blog\/concurso-pc-rn-adepol-cfp\/#article","isPartOf":{"@id":"https:\/\/www.estrategiaconcursos.com.br\/blog\/concurso-pc-rn-adepol-cfp\/"},"author":{"name":"Thiago Cavalcante Gomes","@id":"https:\/\/www.estrategiaconcursos.com.br\/blog\/#\/schema\/person\/4970184533d0a3ffa5b0299ae0a2b21f"},"headline":"Concurso PC RN: Adepol cobra in\u00edcio de CFP! Confira os detalhes!","datePublished":"2022-03-24T14:35:16+00:00","dateModified":"2022-03-24T14:35:18+00:00","mainEntityOfPage":{"@id":"https:\/\/www.estrategiaconcursos.com.br\/blog\/concurso-pc-rn-adepol-cfp\/"},"wordCount":301,"commentCount":0,"publisher":{"@id":"https:\/\/www.estrategiaconcursos.com.br\/blog\/#organization"},"image":{"@id":"https:\/\/www.estrategiaconcursos.com.br\/blog\/concurso-pc-rn-adepol-cfp\/#primaryimage"},"thumbnailUrl":"https:\/\/dhg1h5j42swfq.cloudfront.net\/2021\/07\/05202452\/pc-rn.jpg","articleSection":["Jur\u00eddico - Delegado","Policial (Agente, Escriv\u00e3o e Investigador)","\u00daltimas not\u00edcias"],"inLanguage":"pt-BR","potentialAction":[{"@type":"CommentAction","name":"Comment","target":["https:\/\/www.estrategiaconcursos.com.br\/blog\/concurso-pc-rn-adepol-cfp\/#respond"]}],"copyrightYear":"2022","copyrightHolder":{"@id":"https:\/\/www.estrategiaconcursos.com.br\/blog\/#organization"}},{"@type":"WebPage","@id":"https:\/\/www.estrategiaconcursos.com.br\/blog\/concurso-pc-rn-adepol-cfp\/","url":"https:\/\/www.estrategiaconcursos.com.br\/blog\/concurso-pc-rn-adepol-cfp\/","name":"Concurso PC RN: Adepol cobra in\u00edcio de CFP! Confira os detalhes!","isPartOf":{"@id":"https:\/\/www.estrategiaconcursos.com.br\/blog\/#website"},"primaryImageOfPage":{"@id":"https:\/\/www.estrategiaconcursos.com.br\/blog\/concurso-pc-rn-adepol-cfp\/#primaryimage"},"image":{"@id":"https:\/\/www.estrategiaconcursos.com.br\/blog\/concurso-pc-rn-adepol-cfp\/#primaryimage"},"thumbnailUrl":"https:\/\/dhg1h5j42swfq.cloudfront.net\/2021\/07\/05202452\/pc-rn.jpg","datePublished":"2022-03-24T14:35:16+00:00","dateModified":"2022-03-24T14:35:18+00:00","description":"A Adepol cobrou ao governo o in\u00edcio do Curso de Forma\u00e7\u00e3o Profissional (CFP) do concurso PC RN. A sele\u00e7\u00e3o oferta 301 vagas iniciais.","breadcrumb":{"@id":"https:\/\/www.estrategiaconcursos.com.br\/blog\/concurso-pc-rn-adepol-cfp\/#breadcrumb"},"inLanguage":"pt-BR","potentialAction":[{"@type":"ReadAction","target":["https:\/\/www.estrategiaconcursos.com.br\/blog\/concurso-pc-rn-adepol-cfp\/"]}]},{"@type":"ImageObject","inLanguage":"pt-BR","@id":"https:\/\/www.estrategiaconcursos.com.br\/blog\/concurso-pc-rn-adepol-cfp\/#primaryimage","url":"https:\/\/dhg1h5j42swfq.cloudfront.net\/2021\/07\/05202452\/pc-rn.jpg","contentUrl":"https:\/\/dhg1h5j42swfq.cloudfront.net\/2021\/07\/05202452\/pc-rn.jpg","width":768,"height":432,"caption":"PC RN"},{"@type":"BreadcrumbList","@id":"https:\/\/www.estrategiaconcursos.com.br\/blog\/concurso-pc-rn-adepol-cfp\/#breadcrumb","itemListElement":[{"@type":"ListItem","position":1,"name":"In\u00edcio","item":"https:\/\/www.estrategiaconcursos.com.br\/blog\/"},{"@type":"ListItem","position":2,"name":"Concurso PC RN: Adepol cobra in\u00edcio de CFP! Confira os detalhes!"}]},{"@type":"WebSite","@id":"https:\/\/www.estrategiaconcursos.com.br\/blog\/#website","url":"https:\/\/www.estrategiaconcursos.com.br\/blog\/","name":"Estrat\u00e9gia Concursos","description":"O blog da Estrat\u00e9gia Concursos traz not\u00edcias sobre concursos e artigos de professores oferecendo cursos para concursos (pdf + videaulas) no site.","publisher":{"@id":"https:\/\/www.estrategiaconcursos.com.br\/blog\/#organization"},"potentialAction":[{"@type":"SearchAction","target":{"@type":"EntryPoint","urlTemplate":"https:\/\/www.estrategiaconcursos.com.br\/blog\/?s={search_term_string}"},"query-input":{"@type":"PropertyValueSpecification","valueRequired":true,"valueName":"search_term_string"}}],"inLanguage":"pt-BR"},{"@type":"Organization","@id":"https:\/\/www.estrategiaconcursos.com.br\/blog\/#organization","name":"Estrat\u00e9gia Concursos","url":"https:\/\/www.estrategiaconcursos.com.br\/blog\/","logo":{"@type":"ImageObject","inLanguage":"pt-BR","@id":"https:\/\/www.estrategiaconcursos.com.br\/blog\/#\/schema\/logo\/image\/","url":"https:\/\/dhg1h5j42swfq.cloudfront.net\/2025\/06\/03203428\/logo_concursos-1.jpg","contentUrl":"https:\/\/dhg1h5j42swfq.cloudfront.net\/2025\/06\/03203428\/logo_concursos-1.jpg","width":230,"height":60,"caption":"Estrat\u00e9gia Concursos"},"image":{"@id":"https:\/\/www.estrategiaconcursos.com.br\/blog\/#\/schema\/logo\/image\/"},"sameAs":["https:\/\/x.com\/EstratConcursos"]},{"@type":"Person","@id":"https:\/\/www.estrategiaconcursos.com.br\/blog\/#\/schema\/person\/4970184533d0a3ffa5b0299ae0a2b21f","name":"Thiago Cavalcante Gomes","image":{"@type":"ImageObject","inLanguage":"pt-BR","@id":"https:\/\/secure.gravatar.com\/avatar\/?s=96&d=mm&r=g","url":"https:\/\/secure.gravatar.com\/avatar\/?s=96&d=mm&r=g","contentUrl":"https:\/\/secure.gravatar.com\/avatar\/?s=96&d=mm&r=g","caption":"Thiago Cavalcante Gomes"},"url":"https:\/\/www.estrategiaconcursos.com.br\/blog\/author\/thiago-gomes\/"}]}},"_links":{"self":[{"href":"https:\/\/www.estrategiaconcursos.com.br\/blog\/wp-json\/wp\/v2\/posts\/993905","targetHints":{"allow":["GET"]}}],"collection":[{"href":"https:\/\/www.estrategiaconcursos.com.br\/blog\/wp-json\/wp\/v2\/posts"}],"about":[{"href":"https:\/\/www.estrategiaconcursos.com.br\/blog\/wp-json\/wp\/v2\/types\/post"}],"author":[{"embeddable":true,"href":"https:\/\/www.estrategiaconcursos.com.br\/blog\/wp-json\/wp\/v2\/users\/2041"}],"replies":[{"embeddable":true,"href":"https:\/\/www.estrategiaconcursos.com.br\/blog\/wp-json\/wp\/v2\/comments?post=993905"}],"version-history":[{"count":3,"href":"https:\/\/www.estrategiaconcursos.com.br\/blog\/wp-json\/wp\/v2\/posts\/993905\/revisions"}],"predecessor-version":[{"id":993956,"href":"https:\/\/www.estrategiaconcursos.com.br\/blog\/wp-json\/wp\/v2\/posts\/993905\/revisions\/993956"}],"wp:featuredmedia":[{"embeddable":true,"href":"https:\/\/www.estrategiaconcursos.com.br\/blog\/wp-json\/wp\/v2\/media\/787857"}],"wp:attachment":[{"href":"https:\/\/www.estrategiaconcursos.com.br\/blog\/wp-json\/wp\/v2\/media?parent=993905"}],"wp:term":[{"taxonomy":"category","embeddable":true,"href":"https:\/\/www.estrategiaconcursos.com.br\/blog\/wp-json\/wp\/v2\/categories?post=993905"},{"taxonomy":"post_tag","embeddable":true,"href":"https:\/\/www.estrategiaconcursos.com.br\/blog\/wp-json\/wp\/v2\/tags?post=993905"},{"taxonomy":"tax_estado","embeddable":true,"href":"https:\/\/www.estrategiaconcursos.com.br\/blog\/wp-json\/wp\/v2\/tax_estado?post=993905"}],"curies":[{"name":"wp","href":"https:\/\/api.w.org\/{rel}","templated":true}]}}