{"id":993769,"date":"2022-03-24T09:39:59","date_gmt":"2022-03-24T12:39:59","guid":{"rendered":"https:\/\/www.estrategiaconcursos.com.br\/blog\/?p=993769"},"modified":"2022-03-24T10:35:40","modified_gmt":"2022-03-24T13:35:40","slug":"inscricoes-ifpa-professor","status":"publish","type":"post","link":"https:\/\/www.estrategiaconcursos.com.br\/blog\/inscricoes-ifpa-professor\/","title":{"rendered":"Inscri\u00e7\u00f5es IFPA est\u00e3o abertas para o cargo de professor"},"content":{"rendered":"\n<p>As <strong>inscri\u00e7\u00f5es IFPA<\/strong> (<a href=\"https:\/\/www.estrategiaconcursos.com.br\/cursosPorConcurso\/instituto-federal-de-educacao-ciencia-e-tecnologia-do-para-ifpa\/\" target=\"_blank\" rel=\"noreferrer noopener\">Instituto Federal de Educa\u00e7\u00e3o Ci\u00eancia e Tecnologia do Par\u00e1<\/a>) para o cargo de professor da Carreira do Ensino B\u00e1sico, T\u00e9cnico e Tecnol\u00f3gico, est\u00e3o abertas.<\/p>\n\n\n\n<p>Os interessados t\u00eam at\u00e9 o dia 11 de abril de 2022 para acessar os endere\u00e7os eletr\u00f4nicos &#8211; <a href=\"http:\/\/w.concursos.ifpa.edu.br\" target=\"_blank\" rel=\"noreferrer noopener nofollow\">www.concursos.ifpa.edu.br<\/a> ou <a href=\"http:\/\/www.concursos.ifpa.edu.br\" target=\"_blank\" rel=\"noreferrer noopener nofollow\">www.concursos.ifpa.edu.br<\/a> e garantir a participa\u00e7\u00e3o na prova.<\/p>\n\n\n\n<p>As <strong>inscri\u00e7\u00f5es IFPA<\/strong> poder\u00e3o ser at\u00e9 o dia 18 de mar\u00e7o de 2022. A<strong> taxa <\/strong>de participa\u00e7\u00e3o \u00e9 de <strong>R$ 150,00<\/strong>. <\/p>\n\n\n\n<p>S\u00e3o disponibilizadas <strong>62 vagas<\/strong> distribu\u00eddas da seguinte forma: <\/p>\n\n\n\n<ul class=\"wp-block-list\"><li><strong>Administra\u00e7\u00e3o <\/strong>&#8211; 02 vagas<\/li><li><strong>Agrimensura<\/strong> &#8211; 02 vagas<\/li><li><strong>Agronomia<\/strong> &#8211; 04 vagas<\/li><li><strong>Artes<\/strong> &#8211; 02 vagas<\/li><li><strong>Educa\u00e7\u00e3o do Campo <\/strong>&#8211; 02 vagas<\/li><li><strong>Educa\u00e7\u00e3o F\u00edsica<\/strong> &#8211; 02 vagas<\/li><li><strong>Engenharia Ambiental<\/strong> &#8211; 02 vagas<\/li><li><strong>Engenharia Civil<\/strong> &#8211;  02 vagas<\/li><li><strong>Engenharia Sanit\u00e1ria <\/strong>&#8211; 02 vaga<\/li><li><strong>Engenharia Eletr\u00f4nica<\/strong> &#8211; 01 vaga<\/li><li><strong>Filosofia<\/strong> &#8211; 04 vagas<\/li><li><strong>F\u00edsica<\/strong> &#8211; 03 vagas<\/li><li><strong>Hist\u00f3ria<\/strong> &#8211; 04 vagas<\/li><li><strong>Inform\u00e1tica <\/strong>&#8211; 05 vagas<\/li><li><strong>Letras Habilita\u00e7\u00e3o em portugu\u00eas <\/strong>&#8211; 04 vagas<\/li><li><strong>Letras Habilita\u00e7\u00e3o em portugu\u00eas e Ingl\u00eas<\/strong> &#8211; 04 vagas<\/li><li><strong>Libras<\/strong> &#8211; 02 vagas<\/li><li><strong>Matem\u00e1tica<\/strong> &#8211; 04 vagas<\/li><li><strong>Pedagogia<\/strong> &#8211; 04 vagas<\/li><li><strong>Qu\u00edmica<\/strong> &#8211; 03 vagas<\/li><li><strong>Sociologia<\/strong> &#8211; 04 vagas<\/li><\/ul>\n\n\n\n<p>Depois de realizar a sua inscri\u00e7\u00e3o no concurso IFPA, lembre-se que a prova objetiva est\u00e1 prevista para o <strong>01 de maio de 2022. <\/strong><\/p>\n\n\n\n<p>O  aprovado ter\u00e1 vencimento b\u00e1sico da classe de Professor da Carreira de Magist\u00e9rio do Ensino B\u00e1sico, T\u00e9cnico e Tecnol\u00f3gico de<strong>&nbsp;R$ 4.463,93<\/strong>. Mas pode chegar a&nbsp;<strong>R$ 9.600,92<\/strong>&nbsp;devido a retribui\u00e7\u00e3o por titula\u00e7\u00e3o.<\/p>\n\n\n\n<p>Importante destacar que IFPA est\u00e1 com dois ditais vigentes. O primeiro edital, publicado no dia 27 de dezembro de 2021, oferta <strong>27 vagas<\/strong> de n\u00edveis m\u00e9dio e superior para o cargo de <strong>t\u00e9cnico-administrativo<\/strong>. A prova objetiva ser\u00e1 aplicada no dia 03 de abril de 2022. <\/p>\n\n\n\n<h2 class=\"has-text-align-center has-pale-cyan-blue-background-color has-background has-medium-font-size wp-block-heading\" id=\"saiba-mais-inscricoes-ifpa\">Saiba mais: <a href=\"https:\/\/www.estrategiaconcursos.com.br\/blog\/concurso-ifpa\/\" target=\"_blank\" rel=\"noreferrer noopener nofollow\">inscri\u00e7\u00f5es IFPA<\/a><\/h2>\n\n\n\n<h2 class=\"has-text-align-center wp-block-heading\" id=\"h-quer-saber-tudo-sobre-concursos-previstos-confira-nossos-artigos\">Quer saber tudo sobre concursos previstos?<br \/>Confira nossos artigos!<\/h2>\n\n\n\n<ul class=\"wp-block-list\"><li><a href=\"https:\/\/www.estrategiaconcursos.com.br\/blog\/concursos-abertos\/\" target=\"_blank\" rel=\"noreferrer noopener\">Concursos abertos<\/a><\/li><li><a href=\"https:\/\/www.estrategiaconcursos.com.br\/blog\/concursos-2022\/\" target=\"_blank\" rel=\"noreferrer noopener\">Concursos 2022<\/a><\/li><\/ul>\n\n\n\n<h2 class=\"has-text-align-center wp-block-heading\" id=\"curso\">Quer estudar para o concurso IFPA?<\/h2>\n\n\n\n<p class=\"has-text-align-center\">Gostou desta oportunidade e deseja come\u00e7ar se preparar agora mesmo? <br \/>Ent\u00e3o, confira os nossos cursos e comece a estudar para IFMG:<\/p>\n\n\n\n<div class=\"col-sm\">\n      <div class=\"banner-estrategia\" id=\"box-assinatura\">\n        <h3 class=\"titulo-assinatura\">Cursos para IFPA<\/h3>\n        <p class=\"subtitulo-assinatura\">Conhe\u00e7a os cursos<\/p>\n        <div class=\"box-botao\">\n          <a class=\"btn-assinatura\" target=\"_blank\" href=\"https:\/\/www.estrategiaconcursos.com.br\/cursosPorConcurso\/instituto-federal-de-educacao-ciencia-e-tecnologia-do-para-ifpa\/\" role=\"button\" rel=\"noopener noreferrer\">Conhe\u00e7a mais<\/a>\n        <\/div>\n      <\/div>\n      \n    <\/div>\n\n\n","protected":false},"excerpt":{"rendered":"<p>As inscri\u00e7\u00f5es IFPA (Instituto Federal de Educa\u00e7\u00e3o Ci\u00eancia e Tecnologia do Par\u00e1) para o cargo de professor da Carreira do Ensino B\u00e1sico, T\u00e9cnico e Tecnol\u00f3gico, est\u00e3o abertas. Os interessados t\u00eam at\u00e9 o dia 11 de abril de 2022 para acessar os endere\u00e7os eletr\u00f4nicos &#8211; www.concursos.ifpa.edu.br ou www.concursos.ifpa.edu.br e garantir a participa\u00e7\u00e3o na prova. As inscri\u00e7\u00f5es [&hellip;]<\/p>\n","protected":false},"author":2375,"featured_media":991235,"comment_status":"open","ping_status":"closed","sticky":false,"template":"","format":"standard","meta":{"post_tipo":"news","footnotes":""},"categories":[1,3766,214992],"tags":[],"tax_estado":[219977],"class_list":["post-993769","post","type-post","status-publish","format-standard","has-post-thumbnail","hentry","category-cursos-e-concursos","category-educacional","category-concursos-administrativos","tax_estado-pa"],"acf":[],"yoast_head":"<!-- This site is optimized with the Yoast SEO Premium plugin v27.2 (Yoast SEO v27.2) - https:\/\/yoast.com\/product\/yoast-seo-premium-wordpress\/ -->\n<title>Inscri\u00e7\u00f5es IFPA est\u00e3o abertas para o cargo de professor<\/title>\n<meta name=\"description\" content=\"Inscri\u00e7\u00f5es IFPA: as inscri\u00e7\u00f5es podem ser feitas at\u00e9 o dia 11 de abril de 2022. S\u00e3o 62 vagas para professor. Veja os detalhes aqui!\" \/>\n<meta name=\"robots\" content=\"index, follow, max-snippet:-1, max-image-preview:large, max-video-preview:-1\" \/>\n<link rel=\"canonical\" href=\"https:\/\/www.estrategiaconcursos.com.br\/blog\/inscricoes-ifpa-professor\/\" \/>\n<meta property=\"og:locale\" content=\"pt_BR\" \/>\n<meta property=\"og:type\" content=\"article\" \/>\n<meta property=\"og:title\" content=\"Inscri\u00e7\u00f5es IFPA est\u00e3o abertas para o cargo de professor\" \/>\n<meta property=\"og:description\" content=\"Inscri\u00e7\u00f5es IFPA: as inscri\u00e7\u00f5es podem ser feitas at\u00e9 o dia 11 de abril de 2022. S\u00e3o 62 vagas para professor. Veja os detalhes aqui!\" \/>\n<meta property=\"og:url\" content=\"https:\/\/www.estrategiaconcursos.com.br\/blog\/inscricoes-ifpa-professor\/\" \/>\n<meta property=\"og:site_name\" content=\"Estrat\u00e9gia Concursos\" \/>\n<meta property=\"article:published_time\" content=\"2022-03-24T12:39:59+00:00\" \/>\n<meta property=\"article:modified_time\" content=\"2022-03-24T13:35:40+00:00\" \/>\n<meta property=\"og:image\" content=\"https:\/\/dhg1h5j42swfq.cloudfront.net\/2022\/03\/21124726\/ifpa_-_professor.jpeg\" \/>\n\t<meta property=\"og:image:width\" content=\"768\" \/>\n\t<meta property=\"og:image:height\" content=\"432\" \/>\n\t<meta property=\"og:image:type\" content=\"image\/jpeg\" \/>\n<meta name=\"author\" content=\"Priscila Almeida\" \/>\n<meta name=\"twitter:card\" content=\"summary_large_image\" \/>\n<meta name=\"twitter:creator\" content=\"@EstratConcursos\" \/>\n<meta name=\"twitter:site\" content=\"@EstratConcursos\" \/>\n<meta name=\"twitter:label1\" content=\"Escrito por\" \/>\n\t<meta name=\"twitter:data1\" content=\"Priscila Almeida\" \/>\n\t<meta name=\"twitter:label2\" content=\"Est. tempo de leitura\" \/>\n\t<meta name=\"twitter:data2\" content=\"2 minutos\" \/>\n<script type=\"application\/ld+json\" class=\"yoast-schema-graph\">{\"@context\":\"https:\/\/schema.org\",\"@graph\":[{\"@type\":\"NewsArticle\",\"@id\":\"https:\/\/www.estrategiaconcursos.com.br\/blog\/inscricoes-ifpa-professor\/#article\",\"isPartOf\":{\"@id\":\"https:\/\/www.estrategiaconcursos.com.br\/blog\/inscricoes-ifpa-professor\/\"},\"author\":{\"name\":\"Priscila Almeida\",\"@id\":\"https:\/\/www.estrategiaconcursos.com.br\/blog\/#\/schema\/person\/a06e841e501f2e1d8c49c4e8f066bfd1\"},\"headline\":\"Inscri\u00e7\u00f5es IFPA est\u00e3o abertas para o cargo de professor\",\"datePublished\":\"2022-03-24T12:39:59+00:00\",\"dateModified\":\"2022-03-24T13:35:40+00:00\",\"mainEntityOfPage\":{\"@id\":\"https:\/\/www.estrategiaconcursos.com.br\/blog\/inscricoes-ifpa-professor\/\"},\"wordCount\":367,\"commentCount\":0,\"publisher\":{\"@id\":\"https:\/\/www.estrategiaconcursos.com.br\/blog\/#organization\"},\"image\":{\"@id\":\"https:\/\/www.estrategiaconcursos.com.br\/blog\/inscricoes-ifpa-professor\/#primaryimage\"},\"thumbnailUrl\":\"https:\/\/dhg1h5j42swfq.cloudfront.net\/2022\/03\/21124726\/ifpa_-_professor.jpeg\",\"articleSection\":[\"Concursos P\u00fablicos\",\"Educa\u00e7\u00e3o\",\"Executivo (Administrativa)\"],\"inLanguage\":\"pt-BR\",\"potentialAction\":[{\"@type\":\"CommentAction\",\"name\":\"Comment\",\"target\":[\"https:\/\/www.estrategiaconcursos.com.br\/blog\/inscricoes-ifpa-professor\/#respond\"]}],\"copyrightYear\":\"2022\",\"copyrightHolder\":{\"@id\":\"https:\/\/www.estrategiaconcursos.com.br\/blog\/#organization\"}},{\"@type\":\"WebPage\",\"@id\":\"https:\/\/www.estrategiaconcursos.com.br\/blog\/inscricoes-ifpa-professor\/\",\"url\":\"https:\/\/www.estrategiaconcursos.com.br\/blog\/inscricoes-ifpa-professor\/\",\"name\":\"Inscri\u00e7\u00f5es IFPA est\u00e3o abertas para o cargo de professor\",\"isPartOf\":{\"@id\":\"https:\/\/www.estrategiaconcursos.com.br\/blog\/#website\"},\"primaryImageOfPage\":{\"@id\":\"https:\/\/www.estrategiaconcursos.com.br\/blog\/inscricoes-ifpa-professor\/#primaryimage\"},\"image\":{\"@id\":\"https:\/\/www.estrategiaconcursos.com.br\/blog\/inscricoes-ifpa-professor\/#primaryimage\"},\"thumbnailUrl\":\"https:\/\/dhg1h5j42swfq.cloudfront.net\/2022\/03\/21124726\/ifpa_-_professor.jpeg\",\"datePublished\":\"2022-03-24T12:39:59+00:00\",\"dateModified\":\"2022-03-24T13:35:40+00:00\",\"description\":\"Inscri\u00e7\u00f5es IFPA: as inscri\u00e7\u00f5es podem ser feitas at\u00e9 o dia 11 de abril de 2022. S\u00e3o 62 vagas para professor. Veja os detalhes aqui!\",\"breadcrumb\":{\"@id\":\"https:\/\/www.estrategiaconcursos.com.br\/blog\/inscricoes-ifpa-professor\/#breadcrumb\"},\"inLanguage\":\"pt-BR\",\"potentialAction\":[{\"@type\":\"ReadAction\",\"target\":[\"https:\/\/www.estrategiaconcursos.com.br\/blog\/inscricoes-ifpa-professor\/\"]}]},{\"@type\":\"ImageObject\",\"inLanguage\":\"pt-BR\",\"@id\":\"https:\/\/www.estrategiaconcursos.com.br\/blog\/inscricoes-ifpa-professor\/#primaryimage\",\"url\":\"https:\/\/dhg1h5j42swfq.cloudfront.net\/2022\/03\/21124726\/ifpa_-_professor.jpeg\",\"contentUrl\":\"https:\/\/dhg1h5j42swfq.cloudfront.net\/2022\/03\/21124726\/ifpa_-_professor.jpeg\",\"width\":768,\"height\":432,\"caption\":\"inscri\u00e7\u00f5es tjpa\"},{\"@type\":\"BreadcrumbList\",\"@id\":\"https:\/\/www.estrategiaconcursos.com.br\/blog\/inscricoes-ifpa-professor\/#breadcrumb\",\"itemListElement\":[{\"@type\":\"ListItem\",\"position\":1,\"name\":\"In\u00edcio\",\"item\":\"https:\/\/www.estrategiaconcursos.com.br\/blog\/\"},{\"@type\":\"ListItem\",\"position\":2,\"name\":\"Inscri\u00e7\u00f5es IFPA est\u00e3o abertas para o cargo de professor\"}]},{\"@type\":\"WebSite\",\"@id\":\"https:\/\/www.estrategiaconcursos.com.br\/blog\/#website\",\"url\":\"https:\/\/www.estrategiaconcursos.com.br\/blog\/\",\"name\":\"Estrat\u00e9gia Concursos\",\"description\":\"O blog da Estrat\u00e9gia Concursos traz not\u00edcias sobre concursos e artigos de professores oferecendo cursos para concursos (pdf + videaulas) no site.\",\"publisher\":{\"@id\":\"https:\/\/www.estrategiaconcursos.com.br\/blog\/#organization\"},\"potentialAction\":[{\"@type\":\"SearchAction\",\"target\":{\"@type\":\"EntryPoint\",\"urlTemplate\":\"https:\/\/www.estrategiaconcursos.com.br\/blog\/?s={search_term_string}\"},\"query-input\":{\"@type\":\"PropertyValueSpecification\",\"valueRequired\":true,\"valueName\":\"search_term_string\"}}],\"inLanguage\":\"pt-BR\"},{\"@type\":\"Organization\",\"@id\":\"https:\/\/www.estrategiaconcursos.com.br\/blog\/#organization\",\"name\":\"Estrat\u00e9gia Concursos\",\"url\":\"https:\/\/www.estrategiaconcursos.com.br\/blog\/\",\"logo\":{\"@type\":\"ImageObject\",\"inLanguage\":\"pt-BR\",\"@id\":\"https:\/\/www.estrategiaconcursos.com.br\/blog\/#\/schema\/logo\/image\/\",\"url\":\"https:\/\/dhg1h5j42swfq.cloudfront.net\/2025\/06\/03203428\/logo_concursos-1.jpg\",\"contentUrl\":\"https:\/\/dhg1h5j42swfq.cloudfront.net\/2025\/06\/03203428\/logo_concursos-1.jpg\",\"width\":230,\"height\":60,\"caption\":\"Estrat\u00e9gia Concursos\"},\"image\":{\"@id\":\"https:\/\/www.estrategiaconcursos.com.br\/blog\/#\/schema\/logo\/image\/\"},\"sameAs\":[\"https:\/\/x.com\/EstratConcursos\"]},{\"@type\":\"Person\",\"@id\":\"https:\/\/www.estrategiaconcursos.com.br\/blog\/#\/schema\/person\/a06e841e501f2e1d8c49c4e8f066bfd1\",\"name\":\"Priscila Almeida\",\"image\":{\"@type\":\"ImageObject\",\"inLanguage\":\"pt-BR\",\"@id\":\"https:\/\/secure.gravatar.com\/avatar\/0a963c9e2a947fa675b669cea2b5d0ba6dd1cbf46b966190343b6c9973ad3337?s=96&d=mm&r=g\",\"url\":\"https:\/\/secure.gravatar.com\/avatar\/0a963c9e2a947fa675b669cea2b5d0ba6dd1cbf46b966190343b6c9973ad3337?s=96&d=mm&r=g\",\"contentUrl\":\"https:\/\/secure.gravatar.com\/avatar\/0a963c9e2a947fa675b669cea2b5d0ba6dd1cbf46b966190343b6c9973ad3337?s=96&d=mm&r=g\",\"caption\":\"Priscila Almeida\"},\"description\":\"Atua na \u00e1rea de concursos p\u00fablicos desde 2019. As editorias que mais t\u00eam familiaridade s\u00e3o: Tribunais (TJs; TRTs; TREs; TSTs; STJ, STF, STM e TSE); Defensorias; Minist\u00e9rios P\u00fablicos; Procuradorias; Educa\u00e7\u00e3o e Conselhos. Na \u00e1rea de comunica\u00e7\u00e3o, de maneira geral, a caminhada \u00e9 um pouco mais longa - desde 2007. Possui experi\u00eancia em reda\u00e7\u00f5es de r\u00e1dio, TV, Web e impresso, al\u00e9m de desenvolver trabalhos em assessorias de comunica\u00e7\u00e3o institucional, empresarial e p\u00fablicas. Entre outros trabalhos, se destacam a atua\u00e7\u00e3o nas \u00e1reas de Justi\u00e7a, Congresso, Esportes, Sa\u00fade, Agropecu\u00e1ria, Cidades e Avia\u00e7\u00e3o Civil.\",\"url\":\"https:\/\/www.estrategiaconcursos.com.br\/blog\/author\/priscila-almeidaestrategia-com\/\"}]}<\/script>\n<!-- \/ Yoast SEO Premium plugin. -->","yoast_head_json":{"title":"Inscri\u00e7\u00f5es IFPA est\u00e3o abertas para o cargo de professor","description":"Inscri\u00e7\u00f5es IFPA: as inscri\u00e7\u00f5es podem ser feitas at\u00e9 o dia 11 de abril de 2022. S\u00e3o 62 vagas para professor. Veja os detalhes aqui!","robots":{"index":"index","follow":"follow","max-snippet":"max-snippet:-1","max-image-preview":"max-image-preview:large","max-video-preview":"max-video-preview:-1"},"canonical":"https:\/\/www.estrategiaconcursos.com.br\/blog\/inscricoes-ifpa-professor\/","og_locale":"pt_BR","og_type":"article","og_title":"Inscri\u00e7\u00f5es IFPA est\u00e3o abertas para o cargo de professor","og_description":"Inscri\u00e7\u00f5es IFPA: as inscri\u00e7\u00f5es podem ser feitas at\u00e9 o dia 11 de abril de 2022. S\u00e3o 62 vagas para professor. Veja os detalhes aqui!","og_url":"https:\/\/www.estrategiaconcursos.com.br\/blog\/inscricoes-ifpa-professor\/","og_site_name":"Estrat\u00e9gia Concursos","article_published_time":"2022-03-24T12:39:59+00:00","article_modified_time":"2022-03-24T13:35:40+00:00","og_image":[{"width":768,"height":432,"url":"https:\/\/dhg1h5j42swfq.cloudfront.net\/2022\/03\/21124726\/ifpa_-_professor.jpeg","type":"image\/jpeg"}],"author":"Priscila Almeida","twitter_card":"summary_large_image","twitter_creator":"@EstratConcursos","twitter_site":"@EstratConcursos","twitter_misc":{"Escrito por":"Priscila Almeida","Est. tempo de leitura":"2 minutos"},"schema":{"@context":"https:\/\/schema.org","@graph":[{"@type":"NewsArticle","@id":"https:\/\/www.estrategiaconcursos.com.br\/blog\/inscricoes-ifpa-professor\/#article","isPartOf":{"@id":"https:\/\/www.estrategiaconcursos.com.br\/blog\/inscricoes-ifpa-professor\/"},"author":{"name":"Priscila Almeida","@id":"https:\/\/www.estrategiaconcursos.com.br\/blog\/#\/schema\/person\/a06e841e501f2e1d8c49c4e8f066bfd1"},"headline":"Inscri\u00e7\u00f5es IFPA est\u00e3o abertas para o cargo de professor","datePublished":"2022-03-24T12:39:59+00:00","dateModified":"2022-03-24T13:35:40+00:00","mainEntityOfPage":{"@id":"https:\/\/www.estrategiaconcursos.com.br\/blog\/inscricoes-ifpa-professor\/"},"wordCount":367,"commentCount":0,"publisher":{"@id":"https:\/\/www.estrategiaconcursos.com.br\/blog\/#organization"},"image":{"@id":"https:\/\/www.estrategiaconcursos.com.br\/blog\/inscricoes-ifpa-professor\/#primaryimage"},"thumbnailUrl":"https:\/\/dhg1h5j42swfq.cloudfront.net\/2022\/03\/21124726\/ifpa_-_professor.jpeg","articleSection":["Concursos P\u00fablicos","Educa\u00e7\u00e3o","Executivo (Administrativa)"],"inLanguage":"pt-BR","potentialAction":[{"@type":"CommentAction","name":"Comment","target":["https:\/\/www.estrategiaconcursos.com.br\/blog\/inscricoes-ifpa-professor\/#respond"]}],"copyrightYear":"2022","copyrightHolder":{"@id":"https:\/\/www.estrategiaconcursos.com.br\/blog\/#organization"}},{"@type":"WebPage","@id":"https:\/\/www.estrategiaconcursos.com.br\/blog\/inscricoes-ifpa-professor\/","url":"https:\/\/www.estrategiaconcursos.com.br\/blog\/inscricoes-ifpa-professor\/","name":"Inscri\u00e7\u00f5es IFPA est\u00e3o abertas para o cargo de professor","isPartOf":{"@id":"https:\/\/www.estrategiaconcursos.com.br\/blog\/#website"},"primaryImageOfPage":{"@id":"https:\/\/www.estrategiaconcursos.com.br\/blog\/inscricoes-ifpa-professor\/#primaryimage"},"image":{"@id":"https:\/\/www.estrategiaconcursos.com.br\/blog\/inscricoes-ifpa-professor\/#primaryimage"},"thumbnailUrl":"https:\/\/dhg1h5j42swfq.cloudfront.net\/2022\/03\/21124726\/ifpa_-_professor.jpeg","datePublished":"2022-03-24T12:39:59+00:00","dateModified":"2022-03-24T13:35:40+00:00","description":"Inscri\u00e7\u00f5es IFPA: as inscri\u00e7\u00f5es podem ser feitas at\u00e9 o dia 11 de abril de 2022. S\u00e3o 62 vagas para professor. Veja os detalhes aqui!","breadcrumb":{"@id":"https:\/\/www.estrategiaconcursos.com.br\/blog\/inscricoes-ifpa-professor\/#breadcrumb"},"inLanguage":"pt-BR","potentialAction":[{"@type":"ReadAction","target":["https:\/\/www.estrategiaconcursos.com.br\/blog\/inscricoes-ifpa-professor\/"]}]},{"@type":"ImageObject","inLanguage":"pt-BR","@id":"https:\/\/www.estrategiaconcursos.com.br\/blog\/inscricoes-ifpa-professor\/#primaryimage","url":"https:\/\/dhg1h5j42swfq.cloudfront.net\/2022\/03\/21124726\/ifpa_-_professor.jpeg","contentUrl":"https:\/\/dhg1h5j42swfq.cloudfront.net\/2022\/03\/21124726\/ifpa_-_professor.jpeg","width":768,"height":432,"caption":"inscri\u00e7\u00f5es tjpa"},{"@type":"BreadcrumbList","@id":"https:\/\/www.estrategiaconcursos.com.br\/blog\/inscricoes-ifpa-professor\/#breadcrumb","itemListElement":[{"@type":"ListItem","position":1,"name":"In\u00edcio","item":"https:\/\/www.estrategiaconcursos.com.br\/blog\/"},{"@type":"ListItem","position":2,"name":"Inscri\u00e7\u00f5es IFPA est\u00e3o abertas para o cargo de professor"}]},{"@type":"WebSite","@id":"https:\/\/www.estrategiaconcursos.com.br\/blog\/#website","url":"https:\/\/www.estrategiaconcursos.com.br\/blog\/","name":"Estrat\u00e9gia Concursos","description":"O blog da Estrat\u00e9gia Concursos traz not\u00edcias sobre concursos e artigos de professores oferecendo cursos para concursos (pdf + videaulas) no site.","publisher":{"@id":"https:\/\/www.estrategiaconcursos.com.br\/blog\/#organization"},"potentialAction":[{"@type":"SearchAction","target":{"@type":"EntryPoint","urlTemplate":"https:\/\/www.estrategiaconcursos.com.br\/blog\/?s={search_term_string}"},"query-input":{"@type":"PropertyValueSpecification","valueRequired":true,"valueName":"search_term_string"}}],"inLanguage":"pt-BR"},{"@type":"Organization","@id":"https:\/\/www.estrategiaconcursos.com.br\/blog\/#organization","name":"Estrat\u00e9gia Concursos","url":"https:\/\/www.estrategiaconcursos.com.br\/blog\/","logo":{"@type":"ImageObject","inLanguage":"pt-BR","@id":"https:\/\/www.estrategiaconcursos.com.br\/blog\/#\/schema\/logo\/image\/","url":"https:\/\/dhg1h5j42swfq.cloudfront.net\/2025\/06\/03203428\/logo_concursos-1.jpg","contentUrl":"https:\/\/dhg1h5j42swfq.cloudfront.net\/2025\/06\/03203428\/logo_concursos-1.jpg","width":230,"height":60,"caption":"Estrat\u00e9gia Concursos"},"image":{"@id":"https:\/\/www.estrategiaconcursos.com.br\/blog\/#\/schema\/logo\/image\/"},"sameAs":["https:\/\/x.com\/EstratConcursos"]},{"@type":"Person","@id":"https:\/\/www.estrategiaconcursos.com.br\/blog\/#\/schema\/person\/a06e841e501f2e1d8c49c4e8f066bfd1","name":"Priscila Almeida","image":{"@type":"ImageObject","inLanguage":"pt-BR","@id":"https:\/\/secure.gravatar.com\/avatar\/0a963c9e2a947fa675b669cea2b5d0ba6dd1cbf46b966190343b6c9973ad3337?s=96&d=mm&r=g","url":"https:\/\/secure.gravatar.com\/avatar\/0a963c9e2a947fa675b669cea2b5d0ba6dd1cbf46b966190343b6c9973ad3337?s=96&d=mm&r=g","contentUrl":"https:\/\/secure.gravatar.com\/avatar\/0a963c9e2a947fa675b669cea2b5d0ba6dd1cbf46b966190343b6c9973ad3337?s=96&d=mm&r=g","caption":"Priscila Almeida"},"description":"Atua na \u00e1rea de concursos p\u00fablicos desde 2019. As editorias que mais t\u00eam familiaridade s\u00e3o: Tribunais (TJs; TRTs; TREs; TSTs; STJ, STF, STM e TSE); Defensorias; Minist\u00e9rios P\u00fablicos; Procuradorias; Educa\u00e7\u00e3o e Conselhos. Na \u00e1rea de comunica\u00e7\u00e3o, de maneira geral, a caminhada \u00e9 um pouco mais longa - desde 2007. Possui experi\u00eancia em reda\u00e7\u00f5es de r\u00e1dio, TV, Web e impresso, al\u00e9m de desenvolver trabalhos em assessorias de comunica\u00e7\u00e3o institucional, empresarial e p\u00fablicas. Entre outros trabalhos, se destacam a atua\u00e7\u00e3o nas \u00e1reas de Justi\u00e7a, Congresso, Esportes, Sa\u00fade, Agropecu\u00e1ria, Cidades e Avia\u00e7\u00e3o Civil.","url":"https:\/\/www.estrategiaconcursos.com.br\/blog\/author\/priscila-almeidaestrategia-com\/"}]}},"_links":{"self":[{"href":"https:\/\/www.estrategiaconcursos.com.br\/blog\/wp-json\/wp\/v2\/posts\/993769","targetHints":{"allow":["GET"]}}],"collection":[{"href":"https:\/\/www.estrategiaconcursos.com.br\/blog\/wp-json\/wp\/v2\/posts"}],"about":[{"href":"https:\/\/www.estrategiaconcursos.com.br\/blog\/wp-json\/wp\/v2\/types\/post"}],"author":[{"embeddable":true,"href":"https:\/\/www.estrategiaconcursos.com.br\/blog\/wp-json\/wp\/v2\/users\/2375"}],"replies":[{"embeddable":true,"href":"https:\/\/www.estrategiaconcursos.com.br\/blog\/wp-json\/wp\/v2\/comments?post=993769"}],"version-history":[{"count":4,"href":"https:\/\/www.estrategiaconcursos.com.br\/blog\/wp-json\/wp\/v2\/posts\/993769\/revisions"}],"predecessor-version":[{"id":993875,"href":"https:\/\/www.estrategiaconcursos.com.br\/blog\/wp-json\/wp\/v2\/posts\/993769\/revisions\/993875"}],"wp:featuredmedia":[{"embeddable":true,"href":"https:\/\/www.estrategiaconcursos.com.br\/blog\/wp-json\/wp\/v2\/media\/991235"}],"wp:attachment":[{"href":"https:\/\/www.estrategiaconcursos.com.br\/blog\/wp-json\/wp\/v2\/media?parent=993769"}],"wp:term":[{"taxonomy":"category","embeddable":true,"href":"https:\/\/www.estrategiaconcursos.com.br\/blog\/wp-json\/wp\/v2\/categories?post=993769"},{"taxonomy":"post_tag","embeddable":true,"href":"https:\/\/www.estrategiaconcursos.com.br\/blog\/wp-json\/wp\/v2\/tags?post=993769"},{"taxonomy":"tax_estado","embeddable":true,"href":"https:\/\/www.estrategiaconcursos.com.br\/blog\/wp-json\/wp\/v2\/tax_estado?post=993769"}],"curies":[{"name":"wp","href":"https:\/\/api.w.org\/{rel}","templated":true}]}}