{"id":992894,"date":"2022-03-23T07:24:21","date_gmt":"2022-03-23T10:24:21","guid":{"rendered":"https:\/\/www.estrategiaconcursos.com.br\/blog\/?p=992894"},"modified":"2022-04-23T11:35:42","modified_gmt":"2022-04-23T14:35:42","slug":"concurso-ifnmg-2022-edital-publicado","status":"publish","type":"post","link":"https:\/\/www.estrategiaconcursos.com.br\/blog\/concurso-ifnmg-2022-edital-publicado\/","title":{"rendered":"Edital IFNMG: inscri\u00e7\u00f5es encerradas para 9 vagas. Confira!"},"content":{"rendered":"\n<p>Est\u00e3o <strong>encerradas <\/strong>as inscri\u00e7\u00f5es do edital do <strong>concurso IFNMG<\/strong><a href=\"https:\/\/www.estrategiaconcursos.com.br\/assinaturas\/\" target=\"_blank\" rel=\"noreferrer noopener\"> (Instituto Federal de Educa\u00e7\u00e3o, Ci\u00eancia e Tecnologia do Norte de Minas Gerais<\/a>).<\/p>\n\n\n\n<p>O processo de candidatura p\u00f4de ser realizado at\u00e9 o dia 22 de abril, no <a href=\"https:\/\/www.institutoaocp.org.br\/concurso.jsp?id=380\" target=\"_blank\" rel=\"noreferrer noopener\">site do Instituto AOCP<\/a>, banca organizadora do certame. <\/p>\n\n\n\n<p>De acordo com o edital de abertura, s\u00e3o ofertadas <strong>nove vagas<\/strong> para o cargo de <strong>Professor do Ensino B\u00e1sico, T\u00e9cnico e Tecnol\u00f3gico<\/strong>.<\/p>\n\n\n\n<ul class=\"has-light-green-cyan-background-color has-background wp-block-list\"><li><strong style=\"color: initial;\">Vagas:<\/strong><span style=\"color: initial;\">\u00a09<\/span><\/li><li><strong>Cargos<\/strong>: Professor<\/li><li><strong>Sal\u00e1rio:\u00a0<\/strong>R$ 4.472,64<\/li><li><strong>Edital:<\/strong> <a href=\"https:\/\/www.in.gov.br\/web\/dou\/-\/edital-n-88-de-22-de-marco-de-2022-387885761\" target=\"_blank\" rel=\"noreferrer noopener\">IFNMG 2022<\/a><\/li><\/ul>\n\n\n\n<h2 class=\"wp-block-heading\" id=\"data\">Principais datas<\/h2>\n\n\n\n<p class=\"has-very-light-gray-background-color has-background\"><strong>Inscri\u00e7\u00f5es: <\/strong><s>30 de mar\u00e7o ao dia 22 de abril de 2022<\/s><br \/><strong>Isen\u00e7\u00e3o de taxa: <\/strong><s>30 de mar\u00e7o a 05 de abril<\/s><br \/><strong>Provas: <\/strong>29 de maio de 2022<\/p>\n\n\n\n<h2 class=\"wp-block-heading\" id=\"vagas\">Cargos, vagas e remunera\u00e7\u00f5es do edital IFNMG<\/h2>\n\n\n\n<h3 class=\"wp-block-heading\" id=\"nivel-superior\">N\u00edvel superior<\/h3>\n\n\n\n<figure class=\"wp-block-table is-style-stripes\"><table class=\"has-background\" style=\"background-color:#e7f5fe\"><thead><tr><th class=\"has-text-align-center\" data-align=\"center\">CARGO<\/th><th class=\"has-text-align-center\" data-align=\"center\">VAGAS<\/th><th class=\"has-text-align-center\" data-align=\"center\">SAL\u00c1RIO<\/th><\/tr><\/thead><tbody><tr><td class=\"has-text-align-center\" data-align=\"center\">Professor (diversas especialidades)<\/td><td class=\"has-text-align-center\" data-align=\"center\">9<\/td><td class=\"has-text-align-center\" data-align=\"center\">R$ 4.472,64<\/td><\/tr><\/tbody><\/table><\/figure>\n\n\n\n<ul class=\"wp-block-list\"><li>Aperfei\u00e7oamento: R$ 447,26<\/li><li>Especializa\u00e7\u00e3o: R$ 894,53<\/li><li>Mestrado: R$ 2.236,32<\/li><li>Doutorado: R$ 5.143,54<\/li><\/ul>\n\n\n\n<p>Com base nos valores acima, o aprovado no concurso IFNMG pode ter um sal\u00e1rio inicial de at\u00e9 <strong>R$ 9.616,18<\/strong>. Al\u00e9m da remunera\u00e7\u00e3o e retribui\u00e7\u00e3o por titula\u00e7\u00e3o, os aprovados receber\u00e3o:<\/p>\n\n\n\n<ul class=\"wp-block-list\"><li>Aux\u00edlio alimenta\u00e7\u00e3o, no valor de R$ 458,00 mensais<\/li><li>Aux\u00edlio pr\u00e9-escolar no valor de R$ 321,00 mensais<\/li><\/ul>\n\n\n\n<h2 class=\"wp-block-heading\" id=\"requisitos\">Edital IFNMG: atribui\u00e7\u00f5es e requisitos<\/h2>\n\n\n\n<p>Para concorrer ao cargo de professor \u00e9 necess\u00e1rio ter n\u00edvel superior. As principais atribui\u00e7\u00f5es s\u00e3o: <\/p>\n\n\n\n<ul class=\"wp-block-list\"><li>Ministrar aulas nos cursos t\u00e9cnicos de n\u00edvel m\u00e9dio, cursos superiores, p\u00f3s-gradua\u00e7\u00e3o e de forma\u00e7\u00e3o inicial e continuada de trabalhadores, em conte\u00fados ou disciplinas ligadas \u00e0s \u00e1reas de forma\u00e7\u00e3o, quer no respectivo Campus ou fora dele;<\/li><li>Prestar consultoria e assessoria na implanta\u00e7\u00e3o, coordena\u00e7\u00e3o, administra\u00e7\u00e3o de cursos, acompanhamento de projetos de interesse do Instituto e desempenhar outras atividades correlatas;<\/li><li>Realizar atividades de orienta\u00e7\u00e3o de alunos em desenvolvimento de projetos, trabalhos de conclus\u00e3o de curso e similares, est\u00e1gios e monitorias. Atuar em atividades de pesquisa e extens\u00e3o, elaborando, desenvolvendo e executando projetos, desde o encaminhamento aos \u00f3rg\u00e3os de fomento at\u00e9 suas finaliza\u00e7\u00f5es;<\/li><li>Manter produ\u00e7\u00e3o cient\u00edfica, quando participante de programas de p\u00f3s gradua\u00e7\u00e3o, tais como elaborar, encaminhar artigos para revistas e para congressos;<\/li><li>Participar de \u00f3rg\u00e3os e\/ou comiss\u00f5es internas e\/ou externas, para tratar de assuntos administrativos e de interesse da Institui\u00e7\u00e3o. Realizar atividades de extens\u00e3o como consultorias, assessorias e presta\u00e7\u00f5es de servi\u00e7os;<\/li><li>Participar de bancas examinadoras e outras atividades previstas em regulamento interno de atividades docentes do IFNMG.<\/li><\/ul>\n\n\n\n<h2 class=\"wp-block-heading\" id=\"etapas\">Edital IFNMG: conhe\u00e7a as etapas do concurso<\/h2>\n\n\n\n<p>O concurso IFNMG ser\u00e1 composto pelas etapas de provas Objetiva, Dissertativa, Did\u00e1tica e de T\u00edtulos.<\/p>\n\n\n\n<h3 class=\"wp-block-heading\" id=\"prova-objetiva\">Prova Objetiva <\/h3>\n\n\n\n<p>A Prova Objetiva, de car\u00e1ter eliminat\u00f3rio e classificat\u00f3rio, ser\u00e1 aplicada nas cidades de Ara\u00e7ua\u00ed, Arinos e Montes Claros, no Estado de Minas Gerais, no per\u00edodo matutino. A aplica\u00e7\u00e3o da etapa ter\u00e1 dura\u00e7\u00e3o de 03 horas.<\/p>\n\n\n\n<p><strong>Disciplinas cobradas <\/strong><\/p>\n\n\n\n<ul class=\"wp-block-list\"><li>Did\u00e1tica<\/li><li>Legisla\u00e7\u00e3o B\u00e1sica<\/li><li>Conhecimentos Espec\u00edficos<\/li><\/ul>\n\n\n\n<h3 class=\"wp-block-heading\" id=\"prova-discursiva\">Prova Dissertativa<\/h3>\n\n\n\n<p>A Prova Dissertativa ser\u00e1 realizada nas cidades de Ara\u00e7ua\u00ed, Arinos e Montes Claros, no Estado de Minas Gerais, no per\u00edodo vespertino, no mesmo dia de aplica\u00e7\u00e3o da prova objetiva.<\/p>\n\n\n\n<p>Na etapa, de car\u00e1ter classificat\u00f3rio e eliminat\u00f3rio, o candidato dever\u00e1 discorrer sobre 1 tema \u00fanico, para todos os candidatos da mesma \u00e1rea de atua\u00e7\u00e3o, entre aqueles contidos na lista de conte\u00fados program\u00e1ticos\/temas da \u00e1rea, dispon\u00edveis no endere\u00e7o https:\/\/www.institutoaocp.org.br\/.<\/p>\n\n\n\n<p>A Prova Dissertativa ter\u00e1 dura\u00e7\u00e3o m\u00e1xima de 3 horas.<\/p>\n\n\n\n<h3 class=\"wp-block-heading\" id=\"prova-pratica\">Prova Did\u00e1tica<\/h3>\n\n\n\n<p>A Prova de Desempenho Did\u00e1tico \u00e9 de car\u00e1ter eliminat\u00f3rio e classificat\u00f3rio, ter\u00e1 o valor m\u00e1ximo de 100 pontos. O candidato dever\u00e1 obter, no m\u00ednimo, 60% &nbsp;de acertos, ou seja, 60 pontos ou mais para n\u00e3o ser eliminado do concurso p\u00fablico.<\/p>\n\n\n\n<p>A Prova de Desempenho Did\u00e1tico ser\u00e1 realizada na cidade de Montes Claros\/MG e poder\u00e1 ser aplicada em per\u00edodo noturno e em dias \u00fateis, caso o per\u00edodo diurno e o fim de semana sejam insuficientes para a avalia\u00e7\u00e3o do n\u00famero total de candidatos convocados para esta etapa.<\/p>\n\n\n\n<p>A Prova de Desempenho Did\u00e1tico tem como objetivo apurar a capacidade de planejamento de aula, de comunica\u00e7\u00e3o e de s\u00edntese do candidato, bem como seu conhecimento da mat\u00e9ria de aula a ser proferida. Durante a realiza\u00e7\u00e3o da Prova de Desempenho Did\u00e1tico, as estrat\u00e9gias de aula ser\u00e3o simuladas e algumas poder\u00e3o ser descritas para a banca examinadora. Durante a simula\u00e7\u00e3o das estrat\u00e9gias de aula, a banca examinadora n\u00e3o poder\u00e1 ser solicitada a interagir.<\/p>\n\n\n\n<h3 class=\"wp-block-heading\" id=\"prova-oral\">Prova de T\u00edtulos<\/h3>\n\n\n\n<p>A Prova de T\u00edtulos, de car\u00e1ter classificat\u00f3rio, ser\u00e1 realizada para todos os cargos.<\/p>\n\n\n\n<div class=\"wp-block-image\"><figure class=\"aligncenter size-full\"><img loading=\"lazy\" decoding=\"async\" width=\"684\" height=\"728\" src=\"https:\/\/dhg1h5j42swfq.cloudfront.net\/2022\/03\/23153141\/image-279.png\" alt=\"Prova de T\u00edtulos Edital para o Concurso IFNMG\" class=\"wp-image-993351\" srcset=\"https:\/\/dhg1h5j42swfq.cloudfront.net\/2022\/03\/23153141\/image-279.png 684w, https:\/\/dhg1h5j42swfq.cloudfront.net\/2022\/03\/23153141\/image-279-282x300.png 282w, https:\/\/dhg1h5j42swfq.cloudfront.net\/2022\/03\/23153141\/image-279-610x649.png 610w\" sizes=\"auto, (max-width: 684px) 100vw, 684px\" \/><figcaption>Prova de T\u00edtulos &#8211; Edital IFNMG<\/figcaption><\/figure><\/div>\n\n\n\n<div class=\"wp-block-image\"><figure class=\"aligncenter size-full\"><img loading=\"lazy\" decoding=\"async\" width=\"685\" height=\"711\" src=\"https:\/\/dhg1h5j42swfq.cloudfront.net\/2022\/03\/23153221\/image-280.png\" alt=\"t\u00edtulos edital ifnmg\" class=\"wp-image-993353\" srcset=\"https:\/\/dhg1h5j42swfq.cloudfront.net\/2022\/03\/23153221\/image-280.png 685w, https:\/\/dhg1h5j42swfq.cloudfront.net\/2022\/03\/23153221\/image-280-289x300.png 289w, https:\/\/dhg1h5j42swfq.cloudfront.net\/2022\/03\/23153221\/image-280-610x633.png 610w\" sizes=\"auto, (max-width: 685px) 100vw, 685px\" \/><figcaption>Prova de t\u00edtulos &#8211; Concurso IFNMG<\/figcaption><\/figure><\/div>\n\n\n\n<div class=\"wp-block-image\"><figure class=\"aligncenter size-full\"><img loading=\"lazy\" decoding=\"async\" width=\"682\" height=\"607\" src=\"https:\/\/dhg1h5j42swfq.cloudfront.net\/2022\/03\/23153253\/image-281.png\" alt=\"edital ifnmg prova de t\u00edtulos\" class=\"wp-image-993354\" srcset=\"https:\/\/dhg1h5j42swfq.cloudfront.net\/2022\/03\/23153253\/image-281.png 682w, https:\/\/dhg1h5j42swfq.cloudfront.net\/2022\/03\/23153253\/image-281-300x267.png 300w, https:\/\/dhg1h5j42swfq.cloudfront.net\/2022\/03\/23153253\/image-281-610x543.png 610w\" sizes=\"auto, (max-width: 682px) 100vw, 682px\" \/><figcaption>Prova de T\u00edtulos &#8211; IFNMG<\/figcaption><\/figure><\/div>\n\n\n\n<h2 class=\"wp-block-heading\" id=\"ultimo-concurso-ifnmg\">\u00daltimo concurso IFNMG <\/h2>\n\n\n\n<p>O \u00faltimo concurso IFNMG teve seu <a href=\"https:\/\/dhg1h5j42swfq.cloudfront.net\/2019\/05\/31145249\/EDITAL75CONCURSOTAEFINAL46636948896124541819.pdf\" target=\"_blank\" rel=\"noreferrer noopener\">edital<\/a> publicado em maio de 2019, com oferta de 8 vagas de n\u00edveis m\u00e9dio e superior. A banca respons\u00e1vel pelo certame foi a Funda\u00e7\u00e3o CEFETMINAS (FCM). <\/p>\n\n\n\n<h2 class=\"has-text-align-center wp-block-heading\" id=\"CURSO\">Quer estudar para o edital do concurso IFNMG?<\/h2>\n\n\n\n<div class=\"col-sm\">\n      <div class=\"banner-estrategia\" id=\"box-assinatura\">\n        <h3 class=\"titulo-assinatura\">Cursos para IFNMG<\/h3>\n        <p class=\"subtitulo-assinatura\">Conhe\u00e7a os cursos<\/p>\n        <div class=\"box-botao\">\n          <a class=\"btn-assinatura\" target=\"_blank\" href=\"https:\/\/www.estrategiaconcursos.com.br\/cursos\/concurso\/\" role=\"button\" rel=\"noopener noreferrer\">Conhe\u00e7a mais<\/a>\n        <\/div>\n      <\/div>\n     \n    <\/div>\n\n\n\n\n\n<h2 class=\"has-text-align-center wp-block-heading\" id=\"cursos\">Quer saber tudo sobre concursos previstos?<br \/>Confira nossos artigos!<\/h2>\n\n\n\n<ul class=\"wp-block-list\"><li><a href=\"https:\/\/www.estrategiaconcursos.com.br\/blog\/concursos-abertos\/\" target=\"_blank\" rel=\"noreferrer noopener\">Concursos abertos<\/a><\/li><li><a href=\"https:\/\/www.estrategiaconcursos.com.br\/blog\/concursos-2022\/\" target=\"_blank\" rel=\"noreferrer noopener\">Concursos 2022<\/a><\/li><li><a href=\"https:\/\/www.estrategiaconcursos.com.br\/blog\/concursos-educacao-2022\/\" target=\"_blank\" rel=\"noreferrer noopener\">Concursos educa\u00e7\u00e3o<\/a><\/li><\/ul>\n\n\n\n<figure class=\"wp-block-image size-large is-resized\"><img loading=\"lazy\" decoding=\"async\" src=\"https:\/\/dhg1h5j42swfq.cloudfront.net\/2021\/07\/09123111\/ficha-tecnica-3-1024x632.png\" alt=\"Ficha do concurso IFNMG\" class=\"wp-image-791156\" width=\"183\" height=\"113\" srcset=\"https:\/\/dhg1h5j42swfq.cloudfront.net\/2021\/07\/09123111\/ficha-tecnica-3-1024x632.png 1024w, https:\/\/dhg1h5j42swfq.cloudfront.net\/2021\/07\/09123111\/ficha-tecnica-3-300x185.png 300w, https:\/\/dhg1h5j42swfq.cloudfront.net\/2021\/07\/09123111\/ficha-tecnica-3-768x474.png 768w, https:\/\/dhg1h5j42swfq.cloudfront.net\/2021\/07\/09123111\/ficha-tecnica-3-1536x948.png 1536w, https:\/\/dhg1h5j42swfq.cloudfront.net\/2021\/07\/09123111\/ficha-tecnica-3-610x377.png 610w, https:\/\/dhg1h5j42swfq.cloudfront.net\/2021\/07\/09123111\/ficha-tecnica-3.png 1571w\" sizes=\"auto, (max-width: 183px) 100vw, 183px\" \/><\/figure>\n\n\n\n<h3 class=\"wp-block-heading\" id=\"ficha\">Informa\u00e7\u00f5es do edital IFNMG<\/h3>\n\n\n\n<p id=\"informacoes-do-concurso-ifnmg-vagas-09-cargos-diversos-escolaridade-nivel-superior-banca-instituto-aocp-edital-ifnmg-2022\">\u25ba<strong>Vagas<\/strong>: 09 <br \/>\u25ba<strong>Cargos<\/strong>: Diversos<br \/>\u25ba<strong>Escolaridade<\/strong>: N\u00edvel superior<br \/>\u25ba<strong>Banca<\/strong>: Instituto AOCP<br \/>\u25ba<strong>Edital:<\/strong> <a href=\"https:\/\/www.in.gov.br\/web\/dou\/-\/edital-n-88-de-22-de-marco-de-2022-387885761\" target=\"_blank\" rel=\"noreferrer noopener\">IFNMG 2022<\/a><\/p>\n","protected":false},"excerpt":{"rendered":"<p>Est\u00e3o encerradas as inscri\u00e7\u00f5es do edital do concurso IFNMG (Instituto Federal de Educa\u00e7\u00e3o, Ci\u00eancia e Tecnologia do Norte de Minas Gerais). O processo de candidatura p\u00f4de ser realizado at\u00e9 o dia 22 de abril, no site do Instituto AOCP, banca organizadora do certame. De acordo com o edital de abertura, s\u00e3o ofertadas nove vagas para [&hellip;]<\/p>\n","protected":false},"author":2375,"featured_media":992895,"comment_status":"open","ping_status":"closed","sticky":false,"template":"","format":"standard","meta":{"post_tipo":"news","footnotes":""},"categories":[1,3766],"tags":[],"tax_estado":[219974],"class_list":["post-992894","post","type-post","status-publish","format-standard","has-post-thumbnail","hentry","category-cursos-e-concursos","category-educacional","tax_estado-mg"],"acf":[],"yoast_head":"<!-- This site is optimized with the Yoast SEO Premium plugin v27.2 (Yoast SEO v27.2) - https:\/\/yoast.com\/product\/yoast-seo-premium-wordpress\/ -->\n<title>Edital IFNMG: inscri\u00e7\u00f5es encerradas para 9 vagas. Confira!<\/title>\n<meta name=\"description\" content=\"Concurso IFNMG: edital do Instituto Federal de Educa\u00e7\u00e3o, Ci\u00eancia e Tecnologia do Norte de Minas Gerais est\u00e1 com inscri\u00e7\u00f5es encerradas!\" \/>\n<meta name=\"robots\" content=\"index, follow, max-snippet:-1, max-image-preview:large, max-video-preview:-1\" \/>\n<link rel=\"canonical\" href=\"https:\/\/www.estrategiaconcursos.com.br\/blog\/concurso-ifnmg-2022-edital-publicado\/\" \/>\n<meta property=\"og:locale\" content=\"pt_BR\" \/>\n<meta property=\"og:type\" content=\"article\" \/>\n<meta property=\"og:title\" content=\"Edital IFNMG: inscri\u00e7\u00f5es encerradas para 9 vagas. Confira!\" \/>\n<meta property=\"og:description\" content=\"Concurso IFNMG: edital do Instituto Federal de Educa\u00e7\u00e3o, Ci\u00eancia e Tecnologia do Norte de Minas Gerais est\u00e1 com inscri\u00e7\u00f5es encerradas!\" \/>\n<meta property=\"og:url\" content=\"https:\/\/www.estrategiaconcursos.com.br\/blog\/concurso-ifnmg-2022-edital-publicado\/\" \/>\n<meta property=\"og:site_name\" content=\"Estrat\u00e9gia Concursos\" \/>\n<meta property=\"article:published_time\" content=\"2022-03-23T10:24:21+00:00\" \/>\n<meta property=\"article:modified_time\" content=\"2022-04-23T14:35:42+00:00\" \/>\n<meta property=\"og:image\" content=\"https:\/\/dhg1h5j42swfq.cloudfront.net\/2022\/03\/23072302\/concurso-ifnmg.png\" \/>\n\t<meta property=\"og:image:width\" content=\"246\" \/>\n\t<meta property=\"og:image:height\" content=\"205\" \/>\n\t<meta property=\"og:image:type\" content=\"image\/png\" \/>\n<meta name=\"author\" content=\"Priscila Almeida\" \/>\n<meta name=\"twitter:card\" content=\"summary_large_image\" \/>\n<meta name=\"twitter:creator\" content=\"@EstratConcursos\" \/>\n<meta name=\"twitter:site\" content=\"@EstratConcursos\" \/>\n<meta name=\"twitter:label1\" content=\"Escrito por\" \/>\n\t<meta name=\"twitter:data1\" content=\"Priscila Almeida\" \/>\n\t<meta name=\"twitter:label2\" content=\"Est. tempo de leitura\" \/>\n\t<meta name=\"twitter:data2\" content=\"6 minutos\" \/>\n<script type=\"application\/ld+json\" class=\"yoast-schema-graph\">{\"@context\":\"https:\/\/schema.org\",\"@graph\":[{\"@type\":\"NewsArticle\",\"@id\":\"https:\/\/www.estrategiaconcursos.com.br\/blog\/concurso-ifnmg-2022-edital-publicado\/#article\",\"isPartOf\":{\"@id\":\"https:\/\/www.estrategiaconcursos.com.br\/blog\/concurso-ifnmg-2022-edital-publicado\/\"},\"author\":{\"name\":\"Priscila Almeida\",\"@id\":\"https:\/\/www.estrategiaconcursos.com.br\/blog\/#\/schema\/person\/a06e841e501f2e1d8c49c4e8f066bfd1\"},\"headline\":\"Edital IFNMG: inscri\u00e7\u00f5es encerradas para 9 vagas. Confira!\",\"datePublished\":\"2022-03-23T10:24:21+00:00\",\"dateModified\":\"2022-04-23T14:35:42+00:00\",\"mainEntityOfPage\":{\"@id\":\"https:\/\/www.estrategiaconcursos.com.br\/blog\/concurso-ifnmg-2022-edital-publicado\/\"},\"wordCount\":897,\"commentCount\":0,\"publisher\":{\"@id\":\"https:\/\/www.estrategiaconcursos.com.br\/blog\/#organization\"},\"image\":{\"@id\":\"https:\/\/www.estrategiaconcursos.com.br\/blog\/concurso-ifnmg-2022-edital-publicado\/#primaryimage\"},\"thumbnailUrl\":\"https:\/\/dhg1h5j42swfq.cloudfront.net\/2022\/03\/23072302\/concurso-ifnmg.png\",\"articleSection\":[\"Concursos P\u00fablicos\",\"Educa\u00e7\u00e3o\"],\"inLanguage\":\"pt-BR\",\"potentialAction\":[{\"@type\":\"CommentAction\",\"name\":\"Comment\",\"target\":[\"https:\/\/www.estrategiaconcursos.com.br\/blog\/concurso-ifnmg-2022-edital-publicado\/#respond\"]}],\"copyrightYear\":\"2022\",\"copyrightHolder\":{\"@id\":\"https:\/\/www.estrategiaconcursos.com.br\/blog\/#organization\"}},{\"@type\":\"WebPage\",\"@id\":\"https:\/\/www.estrategiaconcursos.com.br\/blog\/concurso-ifnmg-2022-edital-publicado\/\",\"url\":\"https:\/\/www.estrategiaconcursos.com.br\/blog\/concurso-ifnmg-2022-edital-publicado\/\",\"name\":\"Edital IFNMG: inscri\u00e7\u00f5es encerradas para 9 vagas. Confira!\",\"isPartOf\":{\"@id\":\"https:\/\/www.estrategiaconcursos.com.br\/blog\/#website\"},\"primaryImageOfPage\":{\"@id\":\"https:\/\/www.estrategiaconcursos.com.br\/blog\/concurso-ifnmg-2022-edital-publicado\/#primaryimage\"},\"image\":{\"@id\":\"https:\/\/www.estrategiaconcursos.com.br\/blog\/concurso-ifnmg-2022-edital-publicado\/#primaryimage\"},\"thumbnailUrl\":\"https:\/\/dhg1h5j42swfq.cloudfront.net\/2022\/03\/23072302\/concurso-ifnmg.png\",\"datePublished\":\"2022-03-23T10:24:21+00:00\",\"dateModified\":\"2022-04-23T14:35:42+00:00\",\"description\":\"Concurso IFNMG: edital do Instituto Federal de Educa\u00e7\u00e3o, Ci\u00eancia e Tecnologia do Norte de Minas Gerais est\u00e1 com inscri\u00e7\u00f5es encerradas!\",\"breadcrumb\":{\"@id\":\"https:\/\/www.estrategiaconcursos.com.br\/blog\/concurso-ifnmg-2022-edital-publicado\/#breadcrumb\"},\"inLanguage\":\"pt-BR\",\"potentialAction\":[{\"@type\":\"ReadAction\",\"target\":[\"https:\/\/www.estrategiaconcursos.com.br\/blog\/concurso-ifnmg-2022-edital-publicado\/\"]}]},{\"@type\":\"ImageObject\",\"inLanguage\":\"pt-BR\",\"@id\":\"https:\/\/www.estrategiaconcursos.com.br\/blog\/concurso-ifnmg-2022-edital-publicado\/#primaryimage\",\"url\":\"https:\/\/dhg1h5j42swfq.cloudfront.net\/2022\/03\/23072302\/concurso-ifnmg.png\",\"contentUrl\":\"https:\/\/dhg1h5j42swfq.cloudfront.net\/2022\/03\/23072302\/concurso-ifnmg.png\",\"width\":246,\"height\":205},{\"@type\":\"BreadcrumbList\",\"@id\":\"https:\/\/www.estrategiaconcursos.com.br\/blog\/concurso-ifnmg-2022-edital-publicado\/#breadcrumb\",\"itemListElement\":[{\"@type\":\"ListItem\",\"position\":1,\"name\":\"In\u00edcio\",\"item\":\"https:\/\/www.estrategiaconcursos.com.br\/blog\/\"},{\"@type\":\"ListItem\",\"position\":2,\"name\":\"Edital IFNMG: inscri\u00e7\u00f5es encerradas para 9 vagas. Confira!\"}]},{\"@type\":\"WebSite\",\"@id\":\"https:\/\/www.estrategiaconcursos.com.br\/blog\/#website\",\"url\":\"https:\/\/www.estrategiaconcursos.com.br\/blog\/\",\"name\":\"Estrat\u00e9gia Concursos\",\"description\":\"O blog da Estrat\u00e9gia Concursos traz not\u00edcias sobre concursos e artigos de professores oferecendo cursos para concursos (pdf + videaulas) no site.\",\"publisher\":{\"@id\":\"https:\/\/www.estrategiaconcursos.com.br\/blog\/#organization\"},\"potentialAction\":[{\"@type\":\"SearchAction\",\"target\":{\"@type\":\"EntryPoint\",\"urlTemplate\":\"https:\/\/www.estrategiaconcursos.com.br\/blog\/?s={search_term_string}\"},\"query-input\":{\"@type\":\"PropertyValueSpecification\",\"valueRequired\":true,\"valueName\":\"search_term_string\"}}],\"inLanguage\":\"pt-BR\"},{\"@type\":\"Organization\",\"@id\":\"https:\/\/www.estrategiaconcursos.com.br\/blog\/#organization\",\"name\":\"Estrat\u00e9gia Concursos\",\"url\":\"https:\/\/www.estrategiaconcursos.com.br\/blog\/\",\"logo\":{\"@type\":\"ImageObject\",\"inLanguage\":\"pt-BR\",\"@id\":\"https:\/\/www.estrategiaconcursos.com.br\/blog\/#\/schema\/logo\/image\/\",\"url\":\"https:\/\/dhg1h5j42swfq.cloudfront.net\/2025\/06\/03203428\/logo_concursos-1.jpg\",\"contentUrl\":\"https:\/\/dhg1h5j42swfq.cloudfront.net\/2025\/06\/03203428\/logo_concursos-1.jpg\",\"width\":230,\"height\":60,\"caption\":\"Estrat\u00e9gia Concursos\"},\"image\":{\"@id\":\"https:\/\/www.estrategiaconcursos.com.br\/blog\/#\/schema\/logo\/image\/\"},\"sameAs\":[\"https:\/\/x.com\/EstratConcursos\"]},{\"@type\":\"Person\",\"@id\":\"https:\/\/www.estrategiaconcursos.com.br\/blog\/#\/schema\/person\/a06e841e501f2e1d8c49c4e8f066bfd1\",\"name\":\"Priscila Almeida\",\"image\":{\"@type\":\"ImageObject\",\"inLanguage\":\"pt-BR\",\"@id\":\"https:\/\/secure.gravatar.com\/avatar\/0a963c9e2a947fa675b669cea2b5d0ba6dd1cbf46b966190343b6c9973ad3337?s=96&d=mm&r=g\",\"url\":\"https:\/\/secure.gravatar.com\/avatar\/0a963c9e2a947fa675b669cea2b5d0ba6dd1cbf46b966190343b6c9973ad3337?s=96&d=mm&r=g\",\"contentUrl\":\"https:\/\/secure.gravatar.com\/avatar\/0a963c9e2a947fa675b669cea2b5d0ba6dd1cbf46b966190343b6c9973ad3337?s=96&d=mm&r=g\",\"caption\":\"Priscila Almeida\"},\"description\":\"Atua na \u00e1rea de concursos p\u00fablicos desde 2019. As editorias que mais t\u00eam familiaridade s\u00e3o: Tribunais (TJs; TRTs; TREs; TSTs; STJ, STF, STM e TSE); Defensorias; Minist\u00e9rios P\u00fablicos; Procuradorias; Educa\u00e7\u00e3o e Conselhos. Na \u00e1rea de comunica\u00e7\u00e3o, de maneira geral, a caminhada \u00e9 um pouco mais longa - desde 2007. Possui experi\u00eancia em reda\u00e7\u00f5es de r\u00e1dio, TV, Web e impresso, al\u00e9m de desenvolver trabalhos em assessorias de comunica\u00e7\u00e3o institucional, empresarial e p\u00fablicas. Entre outros trabalhos, se destacam a atua\u00e7\u00e3o nas \u00e1reas de Justi\u00e7a, Congresso, Esportes, Sa\u00fade, Agropecu\u00e1ria, Cidades e Avia\u00e7\u00e3o Civil.\",\"url\":\"https:\/\/www.estrategiaconcursos.com.br\/blog\/author\/priscila-almeidaestrategia-com\/\"}]}<\/script>\n<!-- \/ Yoast SEO Premium plugin. -->","yoast_head_json":{"title":"Edital IFNMG: inscri\u00e7\u00f5es encerradas para 9 vagas. Confira!","description":"Concurso IFNMG: edital do Instituto Federal de Educa\u00e7\u00e3o, Ci\u00eancia e Tecnologia do Norte de Minas Gerais est\u00e1 com inscri\u00e7\u00f5es encerradas!","robots":{"index":"index","follow":"follow","max-snippet":"max-snippet:-1","max-image-preview":"max-image-preview:large","max-video-preview":"max-video-preview:-1"},"canonical":"https:\/\/www.estrategiaconcursos.com.br\/blog\/concurso-ifnmg-2022-edital-publicado\/","og_locale":"pt_BR","og_type":"article","og_title":"Edital IFNMG: inscri\u00e7\u00f5es encerradas para 9 vagas. Confira!","og_description":"Concurso IFNMG: edital do Instituto Federal de Educa\u00e7\u00e3o, Ci\u00eancia e Tecnologia do Norte de Minas Gerais est\u00e1 com inscri\u00e7\u00f5es encerradas!","og_url":"https:\/\/www.estrategiaconcursos.com.br\/blog\/concurso-ifnmg-2022-edital-publicado\/","og_site_name":"Estrat\u00e9gia Concursos","article_published_time":"2022-03-23T10:24:21+00:00","article_modified_time":"2022-04-23T14:35:42+00:00","og_image":[{"width":246,"height":205,"url":"https:\/\/dhg1h5j42swfq.cloudfront.net\/2022\/03\/23072302\/concurso-ifnmg.png","type":"image\/png"}],"author":"Priscila Almeida","twitter_card":"summary_large_image","twitter_creator":"@EstratConcursos","twitter_site":"@EstratConcursos","twitter_misc":{"Escrito por":"Priscila Almeida","Est. tempo de leitura":"6 minutos"},"schema":{"@context":"https:\/\/schema.org","@graph":[{"@type":"NewsArticle","@id":"https:\/\/www.estrategiaconcursos.com.br\/blog\/concurso-ifnmg-2022-edital-publicado\/#article","isPartOf":{"@id":"https:\/\/www.estrategiaconcursos.com.br\/blog\/concurso-ifnmg-2022-edital-publicado\/"},"author":{"name":"Priscila Almeida","@id":"https:\/\/www.estrategiaconcursos.com.br\/blog\/#\/schema\/person\/a06e841e501f2e1d8c49c4e8f066bfd1"},"headline":"Edital IFNMG: inscri\u00e7\u00f5es encerradas para 9 vagas. Confira!","datePublished":"2022-03-23T10:24:21+00:00","dateModified":"2022-04-23T14:35:42+00:00","mainEntityOfPage":{"@id":"https:\/\/www.estrategiaconcursos.com.br\/blog\/concurso-ifnmg-2022-edital-publicado\/"},"wordCount":897,"commentCount":0,"publisher":{"@id":"https:\/\/www.estrategiaconcursos.com.br\/blog\/#organization"},"image":{"@id":"https:\/\/www.estrategiaconcursos.com.br\/blog\/concurso-ifnmg-2022-edital-publicado\/#primaryimage"},"thumbnailUrl":"https:\/\/dhg1h5j42swfq.cloudfront.net\/2022\/03\/23072302\/concurso-ifnmg.png","articleSection":["Concursos P\u00fablicos","Educa\u00e7\u00e3o"],"inLanguage":"pt-BR","potentialAction":[{"@type":"CommentAction","name":"Comment","target":["https:\/\/www.estrategiaconcursos.com.br\/blog\/concurso-ifnmg-2022-edital-publicado\/#respond"]}],"copyrightYear":"2022","copyrightHolder":{"@id":"https:\/\/www.estrategiaconcursos.com.br\/blog\/#organization"}},{"@type":"WebPage","@id":"https:\/\/www.estrategiaconcursos.com.br\/blog\/concurso-ifnmg-2022-edital-publicado\/","url":"https:\/\/www.estrategiaconcursos.com.br\/blog\/concurso-ifnmg-2022-edital-publicado\/","name":"Edital IFNMG: inscri\u00e7\u00f5es encerradas para 9 vagas. Confira!","isPartOf":{"@id":"https:\/\/www.estrategiaconcursos.com.br\/blog\/#website"},"primaryImageOfPage":{"@id":"https:\/\/www.estrategiaconcursos.com.br\/blog\/concurso-ifnmg-2022-edital-publicado\/#primaryimage"},"image":{"@id":"https:\/\/www.estrategiaconcursos.com.br\/blog\/concurso-ifnmg-2022-edital-publicado\/#primaryimage"},"thumbnailUrl":"https:\/\/dhg1h5j42swfq.cloudfront.net\/2022\/03\/23072302\/concurso-ifnmg.png","datePublished":"2022-03-23T10:24:21+00:00","dateModified":"2022-04-23T14:35:42+00:00","description":"Concurso IFNMG: edital do Instituto Federal de Educa\u00e7\u00e3o, Ci\u00eancia e Tecnologia do Norte de Minas Gerais est\u00e1 com inscri\u00e7\u00f5es encerradas!","breadcrumb":{"@id":"https:\/\/www.estrategiaconcursos.com.br\/blog\/concurso-ifnmg-2022-edital-publicado\/#breadcrumb"},"inLanguage":"pt-BR","potentialAction":[{"@type":"ReadAction","target":["https:\/\/www.estrategiaconcursos.com.br\/blog\/concurso-ifnmg-2022-edital-publicado\/"]}]},{"@type":"ImageObject","inLanguage":"pt-BR","@id":"https:\/\/www.estrategiaconcursos.com.br\/blog\/concurso-ifnmg-2022-edital-publicado\/#primaryimage","url":"https:\/\/dhg1h5j42swfq.cloudfront.net\/2022\/03\/23072302\/concurso-ifnmg.png","contentUrl":"https:\/\/dhg1h5j42swfq.cloudfront.net\/2022\/03\/23072302\/concurso-ifnmg.png","width":246,"height":205},{"@type":"BreadcrumbList","@id":"https:\/\/www.estrategiaconcursos.com.br\/blog\/concurso-ifnmg-2022-edital-publicado\/#breadcrumb","itemListElement":[{"@type":"ListItem","position":1,"name":"In\u00edcio","item":"https:\/\/www.estrategiaconcursos.com.br\/blog\/"},{"@type":"ListItem","position":2,"name":"Edital IFNMG: inscri\u00e7\u00f5es encerradas para 9 vagas. Confira!"}]},{"@type":"WebSite","@id":"https:\/\/www.estrategiaconcursos.com.br\/blog\/#website","url":"https:\/\/www.estrategiaconcursos.com.br\/blog\/","name":"Estrat\u00e9gia Concursos","description":"O blog da Estrat\u00e9gia Concursos traz not\u00edcias sobre concursos e artigos de professores oferecendo cursos para concursos (pdf + videaulas) no site.","publisher":{"@id":"https:\/\/www.estrategiaconcursos.com.br\/blog\/#organization"},"potentialAction":[{"@type":"SearchAction","target":{"@type":"EntryPoint","urlTemplate":"https:\/\/www.estrategiaconcursos.com.br\/blog\/?s={search_term_string}"},"query-input":{"@type":"PropertyValueSpecification","valueRequired":true,"valueName":"search_term_string"}}],"inLanguage":"pt-BR"},{"@type":"Organization","@id":"https:\/\/www.estrategiaconcursos.com.br\/blog\/#organization","name":"Estrat\u00e9gia Concursos","url":"https:\/\/www.estrategiaconcursos.com.br\/blog\/","logo":{"@type":"ImageObject","inLanguage":"pt-BR","@id":"https:\/\/www.estrategiaconcursos.com.br\/blog\/#\/schema\/logo\/image\/","url":"https:\/\/dhg1h5j42swfq.cloudfront.net\/2025\/06\/03203428\/logo_concursos-1.jpg","contentUrl":"https:\/\/dhg1h5j42swfq.cloudfront.net\/2025\/06\/03203428\/logo_concursos-1.jpg","width":230,"height":60,"caption":"Estrat\u00e9gia Concursos"},"image":{"@id":"https:\/\/www.estrategiaconcursos.com.br\/blog\/#\/schema\/logo\/image\/"},"sameAs":["https:\/\/x.com\/EstratConcursos"]},{"@type":"Person","@id":"https:\/\/www.estrategiaconcursos.com.br\/blog\/#\/schema\/person\/a06e841e501f2e1d8c49c4e8f066bfd1","name":"Priscila Almeida","image":{"@type":"ImageObject","inLanguage":"pt-BR","@id":"https:\/\/secure.gravatar.com\/avatar\/0a963c9e2a947fa675b669cea2b5d0ba6dd1cbf46b966190343b6c9973ad3337?s=96&d=mm&r=g","url":"https:\/\/secure.gravatar.com\/avatar\/0a963c9e2a947fa675b669cea2b5d0ba6dd1cbf46b966190343b6c9973ad3337?s=96&d=mm&r=g","contentUrl":"https:\/\/secure.gravatar.com\/avatar\/0a963c9e2a947fa675b669cea2b5d0ba6dd1cbf46b966190343b6c9973ad3337?s=96&d=mm&r=g","caption":"Priscila Almeida"},"description":"Atua na \u00e1rea de concursos p\u00fablicos desde 2019. As editorias que mais t\u00eam familiaridade s\u00e3o: Tribunais (TJs; TRTs; TREs; TSTs; STJ, STF, STM e TSE); Defensorias; Minist\u00e9rios P\u00fablicos; Procuradorias; Educa\u00e7\u00e3o e Conselhos. Na \u00e1rea de comunica\u00e7\u00e3o, de maneira geral, a caminhada \u00e9 um pouco mais longa - desde 2007. Possui experi\u00eancia em reda\u00e7\u00f5es de r\u00e1dio, TV, Web e impresso, al\u00e9m de desenvolver trabalhos em assessorias de comunica\u00e7\u00e3o institucional, empresarial e p\u00fablicas. Entre outros trabalhos, se destacam a atua\u00e7\u00e3o nas \u00e1reas de Justi\u00e7a, Congresso, Esportes, Sa\u00fade, Agropecu\u00e1ria, Cidades e Avia\u00e7\u00e3o Civil.","url":"https:\/\/www.estrategiaconcursos.com.br\/blog\/author\/priscila-almeidaestrategia-com\/"}]}},"_links":{"self":[{"href":"https:\/\/www.estrategiaconcursos.com.br\/blog\/wp-json\/wp\/v2\/posts\/992894","targetHints":{"allow":["GET"]}}],"collection":[{"href":"https:\/\/www.estrategiaconcursos.com.br\/blog\/wp-json\/wp\/v2\/posts"}],"about":[{"href":"https:\/\/www.estrategiaconcursos.com.br\/blog\/wp-json\/wp\/v2\/types\/post"}],"author":[{"embeddable":true,"href":"https:\/\/www.estrategiaconcursos.com.br\/blog\/wp-json\/wp\/v2\/users\/2375"}],"replies":[{"embeddable":true,"href":"https:\/\/www.estrategiaconcursos.com.br\/blog\/wp-json\/wp\/v2\/comments?post=992894"}],"version-history":[{"count":16,"href":"https:\/\/www.estrategiaconcursos.com.br\/blog\/wp-json\/wp\/v2\/posts\/992894\/revisions"}],"predecessor-version":[{"id":1014157,"href":"https:\/\/www.estrategiaconcursos.com.br\/blog\/wp-json\/wp\/v2\/posts\/992894\/revisions\/1014157"}],"wp:featuredmedia":[{"embeddable":true,"href":"https:\/\/www.estrategiaconcursos.com.br\/blog\/wp-json\/wp\/v2\/media\/992895"}],"wp:attachment":[{"href":"https:\/\/www.estrategiaconcursos.com.br\/blog\/wp-json\/wp\/v2\/media?parent=992894"}],"wp:term":[{"taxonomy":"category","embeddable":true,"href":"https:\/\/www.estrategiaconcursos.com.br\/blog\/wp-json\/wp\/v2\/categories?post=992894"},{"taxonomy":"post_tag","embeddable":true,"href":"https:\/\/www.estrategiaconcursos.com.br\/blog\/wp-json\/wp\/v2\/tags?post=992894"},{"taxonomy":"tax_estado","embeddable":true,"href":"https:\/\/www.estrategiaconcursos.com.br\/blog\/wp-json\/wp\/v2\/tax_estado?post=992894"}],"curies":[{"name":"wp","href":"https:\/\/api.w.org\/{rel}","templated":true}]}}