{"id":992423,"date":"2022-03-22T13:59:32","date_gmt":"2022-03-22T16:59:32","guid":{"rendered":"https:\/\/www.estrategiaconcursos.com.br\/blog\/?p=992423"},"modified":"2025-07-17T12:08:45","modified_gmt":"2025-07-17T15:08:45","slug":"concurso-sefaz-se-provas","status":"publish","type":"post","link":"https:\/\/www.estrategiaconcursos.com.br\/blog\/concurso-sefaz-se-provas\/","title":{"rendered":"Concurso Sefaz SE: provas no dia 03\/04! Confira detalhes!"},"content":{"rendered":"\n<p>As provas objetivas e discursivas do concurso p\u00fablico Sefaz SE est\u00e3o marcadas para o dia <strong>03 de abril, em dois turnos, manh\u00e3 (08h) e tarde (15h).  <\/strong><\/p>\n\n\n\n<p>Os candidatos poder\u00e3o consultar, individualmente, os seus locais de provas a partir do dia 28 de mar\u00e7o, atrav\u00e9s do site da banca organizadora, o <strong>Cebraspe<\/strong>. <\/p>\n\n\n\n<p>A disputa \u00e9 pelas 50 vagas no cargo de <strong>Auditor T\u00e9cnico de Tributos<\/strong>, sendo 10 imediatas e 40 para cadastro de reserva. O sal\u00e1rio inicial ser\u00e1 de R$ 9,4 mil.<\/p>\n\n\n\n<div class=\"wp-block-image\"><figure class=\"aligncenter size-large\"><img loading=\"lazy\" decoding=\"async\" width=\"1024\" height=\"536\" src=\"https:\/\/dhg1h5j42swfq.cloudfront.net\/2022\/03\/22134527\/sefaz-se-3-1024x536.jpg\" alt=\"Concurso Sefaz SE provas\" class=\"wp-image-992429\" srcset=\"https:\/\/dhg1h5j42swfq.cloudfront.net\/2022\/03\/22134527\/sefaz-se-3-1024x536.jpg 1024w, https:\/\/dhg1h5j42swfq.cloudfront.net\/2022\/03\/22134527\/sefaz-se-3-300x157.jpg 300w, https:\/\/dhg1h5j42swfq.cloudfront.net\/2022\/03\/22134527\/sefaz-se-3-768x402.jpg 768w, https:\/\/dhg1h5j42swfq.cloudfront.net\/2022\/03\/22134527\/sefaz-se-3-610x319.jpg 610w, https:\/\/dhg1h5j42swfq.cloudfront.net\/2022\/03\/22134527\/sefaz-se-3.jpg 1200w\" sizes=\"auto, (max-width: 1024px) 100vw, 1024px\" \/><\/figure><\/div>\n\n\n\n<p>Vale lembrar que as oportunidades imediatas ser\u00e3o distribu\u00eddas da seguinte forma:&nbsp;7 para ampla concorr\u00eancia, 1 para candidato com defici\u00eancia e 1 reservada para candidatos afrodescendentes. <\/p>\n\n\n\n<p>Para o cadastro de reserva ser\u00e3o 28 para ampla concorr\u00eancia, 8 para pessoas com defici\u00eancia e 4 para candidatos afrodescendentes.<\/p>\n\n\n\n<h3 class=\"wp-block-heading\" id=\"concurso-sefaz-se-provas-das-medidas-de-protecao-contra-a-covid\">Concurso Sefaz SE provas: das medidas de prote\u00e7\u00e3o contra a Covid<\/h3>\n\n\n\n<p>Tendo em vista as medidas de prote\u00e7\u00e3o \u00e0 transmiss\u00e3o da Covid adotadas pela <a href=\"https:\/\/www.cebraspe.org.br\/concursos\/sefaz_se_21_auditor\" target=\"_blank\" rel=\"noreferrer noopener\">banca<\/a>, o candidato dever\u00e1:<\/p>\n\n\n\n<ul class=\"wp-block-list\"><li><strong>a) <\/strong>comparecer ao local de aplica\u00e7\u00e3o usando m\u00e1scara e portando m\u00e1scaras reservas, se necess\u00e1rio, de modo a possibilitar a troca de sua m\u00e1scara a cada duas horas;<\/li><li><strong>b) <\/strong>armazenar as m\u00e1scaras usadas em saco pl\u00e1stico transparente, que dever\u00e1 ser trazido pelo candidato;<\/li><li><strong>c) <\/strong>permanecer de m\u00e1scara durante todo o tempo em que estiver nas depend\u00eancias dos locais de aplica\u00e7\u00e3o de provas;<\/li><li><strong>d) <\/strong>submeter-se \u00e0 verifica\u00e7\u00e3o da temperatura corporal para acesso ao local de aplica\u00e7\u00e3o;<\/li><li><strong>e)<\/strong> observar o distanciamento adequado, conforme demarca\u00e7\u00e3o do piso com fita adesiva em frente ao port\u00e3o de acesso ao local de aplica\u00e7\u00e3o, na entrada das salas de provas e dos banheiros;<\/li><li><strong>f)<\/strong> observar o distanciamento m\u00ednimo exigido na legisla\u00e7\u00e3o aplic\u00e1vel entre os candidatos e entre membros da equipe de aplica\u00e7\u00e3o nas salas de aplica\u00e7\u00e3o das provas;<\/li><li><strong>g)<\/strong> verificar o seu hor\u00e1rio de acesso ao local de provas;<\/li><li><strong>h) <\/strong>submeter-se \u00e0 pr\u00e9-identifica\u00e7\u00e3o realizada pela equipe de campo na chegada dos candidatos ao local de aplica\u00e7\u00e3o, sem contato f\u00edsico e sem o manuseio de documentos ou de qualquer outro objeto dos candidatos, podendo ser solicitado que o candidato abaixe a sua m\u00e1scara, de modo a permitir a visualiza\u00e7\u00e3o do seu rosto;<\/li><li><strong>i)<\/strong> permanecer de m\u00e1scara ao se retirar de sala para uso dos banheiros e observar os procedimentos de higieniza\u00e7\u00e3o das m\u00e3os nesses ambientes;<\/li><li><strong>j) <\/strong>manter os cabelos arrumados de forma que n\u00e3o caiam sobre sua face enquanto estiver dentro dos locais de aplica\u00e7\u00e3o;<\/li><li><strong>k)<\/strong> submeter-se ao controle de sa\u00edda dos candidatos ao t\u00e9rmino das provas para evitar aglomera\u00e7\u00e3o<\/li><\/ul>\n\n\n\n<p class=\"has-text-align-center\"><em>Quer ficar por dentro de todas as informa\u00e7\u00f5es sobre o concurso Sefaz SE? Ent\u00e3o n\u00e3o deixe de conferir nosso artigo completo sobre a sele\u00e7\u00e3o:<\/em><\/p>\n\n\n\n<p class=\"has-text-align-center has-cyan-bluish-gray-background-color has-background has-medium-font-size\"><strong>Mais informa\u00e7\u00f5es: <a href=\"https:\/\/www.estrategiaconcursos.com.br\/blog\/concurso-sefaz-se\/\" target=\"_blank\" rel=\"noreferrer noopener\">Concurso Sefaz SE<\/a><\/strong><\/p>\n\n\n\n<h2 class=\"has-text-align-center wp-block-heading\" id=\"cursos\"><em><strong>Cursos\u00a0para\u00a0o\u00a0Concurso SEFAZ SE<\/strong><\/em><\/h2>\n\n\n\n<div class=\"container\" id=\"boxes\">\n  <div class=\"row\">\n\n    <div class=\"col-sm\">\n      <div class=\"banner-fiscal-01\" id=\"box-assinatura\">\n        <h3 class=\"titulo-assinatura\">Carreiras Fiscais<\/h3>\n        <p class=\"subtitulo-assinatura\">Conhe\u00e7a os cursos para Sefaz SE<\/p>\n        <div class=\"box-botao\">\n          <a class=\"btn-assinatura\" target=\"_blank\" href=\"https:\/\/www.estrategiaconcursos.com.br\/cursosPorConcurso\/secretaria-da-fazenda-de-sergipe-sefaz-se\/\" role=\"button\" rel=\"noopener noreferrer\">Conhe\u00e7a mais<\/a>\n        <\/div>\n      <\/div>\n     \n    <\/div>\n\n  <\/div>\n<\/div>\n\n\n\n<div class=\"container\" id=\"boxes\">\n  <div class=\"row\">\n\n    <div class=\"col-sm\">\n      <div class=\"estrategia\" id=\"box-assinatura\">\n        <h3 class=\"titulo-assinatura\">Assinatura Concursos<\/h3>\n        <p class=\"subtitulo-assinatura\">Assinatura de 1 ano ou 2 anos<\/p>\n        <div class=\"box-botao\">\n          <a class=\"btn-assinatura\" target=\"_blank\" href=\"https:\/\/www.estrategiaconcursos.com.br\/assinaturas\/\" role=\"button\" rel=\"noopener noreferrer\">ASSINE AGORA<\/a>\n        <\/div>\n      <\/div><\/div><\/div><\/div>\n\n\n\n<h2 class=\"has-text-align-center wp-block-heading\" id=\"h-quer-saber-tudo-sobre-concursos-previstos-confira-nossos-artigos\">Quer saber tudo sobre concursos previstos?<br \/>Confira nossos artigos!<\/h2>\n\n\n\n<ul class=\"wp-block-list\"><li><a href=\"https:\/\/www.estrategiaconcursos.com.br\/blog\/concursos-abertos\/\" target=\"_blank\" rel=\"noreferrer noopener\">Concursos abertos<\/a><\/li><li><a href=\"https:\/\/www.estrategiaconcursos.com.br\/blog\/concursos-2022\/\" target=\"_blank\" rel=\"noreferrer noopener\">Concursos 2022<\/a><\/li><\/ul>\n","protected":false},"excerpt":{"rendered":"<p>As provas objetivas e discursivas do concurso p\u00fablico Sefaz SE est\u00e3o marcadas para o dia 03 de abril, em dois turnos, manh\u00e3 (08h) e tarde (15h). Os candidatos poder\u00e3o consultar, individualmente, os seus locais de provas a partir do dia 28 de mar\u00e7o, atrav\u00e9s do site da banca organizadora, o Cebraspe. A disputa \u00e9 pelas [&hellip;]<\/p>\n","protected":false},"author":656,"featured_media":968206,"comment_status":"open","ping_status":"closed","sticky":false,"template":"","format":"standard","meta":{"post_tipo":"news","footnotes":""},"categories":[1983,220219],"tags":[],"tax_estado":[219988],"class_list":["post-992423","post","type-post","status-publish","format-standard","has-post-thumbnail","hentry","category-fiscal-estadual","category-noticias","tax_estado-se"],"acf":[],"yoast_head":"<!-- This site is optimized with the Yoast SEO Premium plugin v27.2 (Yoast SEO v27.2) - https:\/\/yoast.com\/product\/yoast-seo-premium-wordpress\/ -->\n<title>Concurso Sefaz SE: provas no dia 03\/04! Confira detalhes!<\/title>\n<meta name=\"description\" content=\"Concurso Sefaz SE: provas objetivas e discursiva ser\u00e3o aplicadas no dia 03 de abril, em at\u00e9 dois turnos. Acesse e saiba mais aqui!\" \/>\n<meta name=\"robots\" content=\"index, follow, max-snippet:-1, max-image-preview:large, max-video-preview:-1\" \/>\n<link rel=\"canonical\" href=\"https:\/\/www.estrategiaconcursos.com.br\/blog\/concurso-sefaz-se-provas\/\" \/>\n<meta property=\"og:locale\" content=\"pt_BR\" \/>\n<meta property=\"og:type\" content=\"article\" \/>\n<meta property=\"og:title\" content=\"Concurso Sefaz SE: provas no dia 03\/04! Confira detalhes!\" \/>\n<meta property=\"og:description\" content=\"Concurso Sefaz SE: provas objetivas e discursiva ser\u00e3o aplicadas no dia 03 de abril, em at\u00e9 dois turnos. Acesse e saiba mais aqui!\" \/>\n<meta property=\"og:url\" content=\"https:\/\/www.estrategiaconcursos.com.br\/blog\/concurso-sefaz-se-provas\/\" \/>\n<meta property=\"og:site_name\" content=\"Estrat\u00e9gia Concursos\" \/>\n<meta property=\"article:published_time\" content=\"2022-03-22T16:59:32+00:00\" \/>\n<meta property=\"article:modified_time\" content=\"2025-07-17T15:08:45+00:00\" \/>\n<meta property=\"og:image\" content=\"https:\/\/dhg1h5j42swfq.cloudfront.net\/2022\/02\/14103814\/sefaz-se.jpg\" \/>\n\t<meta property=\"og:image:width\" content=\"300\" \/>\n\t<meta property=\"og:image:height\" content=\"168\" \/>\n\t<meta property=\"og:image:type\" content=\"image\/jpeg\" \/>\n<meta name=\"author\" content=\"F\u00e1bio Scaldelai\" \/>\n<meta name=\"twitter:card\" content=\"summary_large_image\" \/>\n<meta name=\"twitter:creator\" content=\"@EstratConcursos\" \/>\n<meta name=\"twitter:site\" content=\"@EstratConcursos\" \/>\n<meta name=\"twitter:label1\" content=\"Escrito por\" \/>\n\t<meta name=\"twitter:data1\" content=\"F\u00e1bio Scaldelai\" \/>\n\t<meta name=\"twitter:label2\" content=\"Est. tempo de leitura\" \/>\n\t<meta name=\"twitter:data2\" content=\"3 minutos\" \/>\n<script type=\"application\/ld+json\" class=\"yoast-schema-graph\">{\"@context\":\"https:\/\/schema.org\",\"@graph\":[{\"@type\":\"NewsArticle\",\"@id\":\"https:\/\/www.estrategiaconcursos.com.br\/blog\/concurso-sefaz-se-provas\/#article\",\"isPartOf\":{\"@id\":\"https:\/\/www.estrategiaconcursos.com.br\/blog\/concurso-sefaz-se-provas\/\"},\"author\":{\"name\":\"F\u00e1bio Scaldelai\",\"@id\":\"https:\/\/www.estrategiaconcursos.com.br\/blog\/#\/schema\/person\/e3b6b7ce0192dd4ad270655969d61750\"},\"headline\":\"Concurso Sefaz SE: provas no dia 03\/04! Confira detalhes!\",\"datePublished\":\"2022-03-22T16:59:32+00:00\",\"dateModified\":\"2025-07-17T15:08:45+00:00\",\"mainEntityOfPage\":{\"@id\":\"https:\/\/www.estrategiaconcursos.com.br\/blog\/concurso-sefaz-se-provas\/\"},\"wordCount\":524,\"commentCount\":0,\"publisher\":{\"@id\":\"https:\/\/www.estrategiaconcursos.com.br\/blog\/#organization\"},\"image\":{\"@id\":\"https:\/\/www.estrategiaconcursos.com.br\/blog\/concurso-sefaz-se-provas\/#primaryimage\"},\"thumbnailUrl\":\"https:\/\/dhg1h5j42swfq.cloudfront.net\/2022\/02\/14103814\/sefaz-se.jpg\",\"articleSection\":[\"Fiscal - Estadual (ICMS)\",\"\u00daltimas not\u00edcias\"],\"inLanguage\":\"pt-BR\",\"potentialAction\":[{\"@type\":\"CommentAction\",\"name\":\"Comment\",\"target\":[\"https:\/\/www.estrategiaconcursos.com.br\/blog\/concurso-sefaz-se-provas\/#respond\"]}],\"copyrightYear\":\"2022\",\"copyrightHolder\":{\"@id\":\"https:\/\/www.estrategiaconcursos.com.br\/blog\/#organization\"}},{\"@type\":\"WebPage\",\"@id\":\"https:\/\/www.estrategiaconcursos.com.br\/blog\/concurso-sefaz-se-provas\/\",\"url\":\"https:\/\/www.estrategiaconcursos.com.br\/blog\/concurso-sefaz-se-provas\/\",\"name\":\"Concurso Sefaz SE: provas no dia 03\/04! Confira detalhes!\",\"isPartOf\":{\"@id\":\"https:\/\/www.estrategiaconcursos.com.br\/blog\/#website\"},\"primaryImageOfPage\":{\"@id\":\"https:\/\/www.estrategiaconcursos.com.br\/blog\/concurso-sefaz-se-provas\/#primaryimage\"},\"image\":{\"@id\":\"https:\/\/www.estrategiaconcursos.com.br\/blog\/concurso-sefaz-se-provas\/#primaryimage\"},\"thumbnailUrl\":\"https:\/\/dhg1h5j42swfq.cloudfront.net\/2022\/02\/14103814\/sefaz-se.jpg\",\"datePublished\":\"2022-03-22T16:59:32+00:00\",\"dateModified\":\"2025-07-17T15:08:45+00:00\",\"description\":\"Concurso Sefaz SE: provas objetivas e discursiva ser\u00e3o aplicadas no dia 03 de abril, em at\u00e9 dois turnos. Acesse e saiba mais aqui!\",\"breadcrumb\":{\"@id\":\"https:\/\/www.estrategiaconcursos.com.br\/blog\/concurso-sefaz-se-provas\/#breadcrumb\"},\"inLanguage\":\"pt-BR\",\"potentialAction\":[{\"@type\":\"ReadAction\",\"target\":[\"https:\/\/www.estrategiaconcursos.com.br\/blog\/concurso-sefaz-se-provas\/\"]}]},{\"@type\":\"ImageObject\",\"inLanguage\":\"pt-BR\",\"@id\":\"https:\/\/www.estrategiaconcursos.com.br\/blog\/concurso-sefaz-se-provas\/#primaryimage\",\"url\":\"https:\/\/dhg1h5j42swfq.cloudfront.net\/2022\/02\/14103814\/sefaz-se.jpg\",\"contentUrl\":\"https:\/\/dhg1h5j42swfq.cloudfront.net\/2022\/02\/14103814\/sefaz-se.jpg\",\"width\":300,\"height\":168,\"caption\":\"Concurso Sefaz SE resultado\"},{\"@type\":\"BreadcrumbList\",\"@id\":\"https:\/\/www.estrategiaconcursos.com.br\/blog\/concurso-sefaz-se-provas\/#breadcrumb\",\"itemListElement\":[{\"@type\":\"ListItem\",\"position\":1,\"name\":\"In\u00edcio\",\"item\":\"https:\/\/www.estrategiaconcursos.com.br\/blog\/\"},{\"@type\":\"ListItem\",\"position\":2,\"name\":\"Concurso Sefaz SE: provas no dia 03\/04! Confira detalhes!\"}]},{\"@type\":\"WebSite\",\"@id\":\"https:\/\/www.estrategiaconcursos.com.br\/blog\/#website\",\"url\":\"https:\/\/www.estrategiaconcursos.com.br\/blog\/\",\"name\":\"Estrat\u00e9gia Concursos\",\"description\":\"O blog da Estrat\u00e9gia Concursos traz not\u00edcias sobre concursos e artigos de professores oferecendo cursos para concursos (pdf + videaulas) no site.\",\"publisher\":{\"@id\":\"https:\/\/www.estrategiaconcursos.com.br\/blog\/#organization\"},\"potentialAction\":[{\"@type\":\"SearchAction\",\"target\":{\"@type\":\"EntryPoint\",\"urlTemplate\":\"https:\/\/www.estrategiaconcursos.com.br\/blog\/?s={search_term_string}\"},\"query-input\":{\"@type\":\"PropertyValueSpecification\",\"valueRequired\":true,\"valueName\":\"search_term_string\"}}],\"inLanguage\":\"pt-BR\"},{\"@type\":\"Organization\",\"@id\":\"https:\/\/www.estrategiaconcursos.com.br\/blog\/#organization\",\"name\":\"Estrat\u00e9gia Concursos\",\"url\":\"https:\/\/www.estrategiaconcursos.com.br\/blog\/\",\"logo\":{\"@type\":\"ImageObject\",\"inLanguage\":\"pt-BR\",\"@id\":\"https:\/\/www.estrategiaconcursos.com.br\/blog\/#\/schema\/logo\/image\/\",\"url\":\"https:\/\/dhg1h5j42swfq.cloudfront.net\/2025\/06\/03203428\/logo_concursos-1.jpg\",\"contentUrl\":\"https:\/\/dhg1h5j42swfq.cloudfront.net\/2025\/06\/03203428\/logo_concursos-1.jpg\",\"width\":230,\"height\":60,\"caption\":\"Estrat\u00e9gia Concursos\"},\"image\":{\"@id\":\"https:\/\/www.estrategiaconcursos.com.br\/blog\/#\/schema\/logo\/image\/\"},\"sameAs\":[\"https:\/\/x.com\/EstratConcursos\"]},{\"@type\":\"Person\",\"@id\":\"https:\/\/www.estrategiaconcursos.com.br\/blog\/#\/schema\/person\/e3b6b7ce0192dd4ad270655969d61750\",\"name\":\"F\u00e1bio Scaldelai\",\"image\":{\"@type\":\"ImageObject\",\"inLanguage\":\"pt-BR\",\"@id\":\"https:\/\/secure.gravatar.com\/avatar\/8ed7492c4d88d8495bc0cb24cda6847b8ae23eec459a919e08e77d0ca0fd79ec?s=96&d=mm&r=g\",\"url\":\"https:\/\/secure.gravatar.com\/avatar\/8ed7492c4d88d8495bc0cb24cda6847b8ae23eec459a919e08e77d0ca0fd79ec?s=96&d=mm&r=g\",\"contentUrl\":\"https:\/\/secure.gravatar.com\/avatar\/8ed7492c4d88d8495bc0cb24cda6847b8ae23eec459a919e08e77d0ca0fd79ec?s=96&d=mm&r=g\",\"caption\":\"F\u00e1bio Scaldelai\"},\"description\":\"Jornalista no Estrat\u00e9gia Concursos e Produtor de Televis\u00e3o, formado em Jornalismo, R\u00e1dio e TV pela Faculdade Integrada Rio Branco, com especializa\u00e7\u00f5es em Gest\u00e3o Empresarial e Marketing pelo M\u00f3dulo. Atuou como produtor no SBT, TV Bandeirantes e R\u00e1dio Band FM, al\u00e9m de acumular tr\u00eas anos de experi\u00eancia no setor de concursos p\u00fablicos pela LFG (Luiz Fl\u00e1vio Gomes). No Estrat\u00e9gia Concursos, atua na apura\u00e7\u00e3o de not\u00edcias da \u00e1rea fiscal, al\u00e9m de coberturas sobre concursos das \u00e1reas de controle (TCU, TCE, etc), concurso AFT, \u00e1rea de gest\u00e3o e administrativa, bem como dos \u00f3rg\u00e3os participantes do CNU. Tamb\u00e9m possui experi\u00eancia em link building e an\u00e1lise de m\u00eddia, adquirida durante sua atua\u00e7\u00e3o na ag\u00eancia SEO Marketing.\",\"url\":\"https:\/\/www.estrategiaconcursos.com.br\/blog\/author\/fabio-scaldelaiestrategiaconcursos-com-br\/\"}]}<\/script>\n<!-- \/ Yoast SEO Premium plugin. -->","yoast_head_json":{"title":"Concurso Sefaz SE: provas no dia 03\/04! Confira detalhes!","description":"Concurso Sefaz SE: provas objetivas e discursiva ser\u00e3o aplicadas no dia 03 de abril, em at\u00e9 dois turnos. Acesse e saiba mais aqui!","robots":{"index":"index","follow":"follow","max-snippet":"max-snippet:-1","max-image-preview":"max-image-preview:large","max-video-preview":"max-video-preview:-1"},"canonical":"https:\/\/www.estrategiaconcursos.com.br\/blog\/concurso-sefaz-se-provas\/","og_locale":"pt_BR","og_type":"article","og_title":"Concurso Sefaz SE: provas no dia 03\/04! Confira detalhes!","og_description":"Concurso Sefaz SE: provas objetivas e discursiva ser\u00e3o aplicadas no dia 03 de abril, em at\u00e9 dois turnos. Acesse e saiba mais aqui!","og_url":"https:\/\/www.estrategiaconcursos.com.br\/blog\/concurso-sefaz-se-provas\/","og_site_name":"Estrat\u00e9gia Concursos","article_published_time":"2022-03-22T16:59:32+00:00","article_modified_time":"2025-07-17T15:08:45+00:00","og_image":[{"width":300,"height":168,"url":"https:\/\/dhg1h5j42swfq.cloudfront.net\/2022\/02\/14103814\/sefaz-se.jpg","type":"image\/jpeg"}],"author":"F\u00e1bio Scaldelai","twitter_card":"summary_large_image","twitter_creator":"@EstratConcursos","twitter_site":"@EstratConcursos","twitter_misc":{"Escrito por":"F\u00e1bio Scaldelai","Est. tempo de leitura":"3 minutos"},"schema":{"@context":"https:\/\/schema.org","@graph":[{"@type":"NewsArticle","@id":"https:\/\/www.estrategiaconcursos.com.br\/blog\/concurso-sefaz-se-provas\/#article","isPartOf":{"@id":"https:\/\/www.estrategiaconcursos.com.br\/blog\/concurso-sefaz-se-provas\/"},"author":{"name":"F\u00e1bio Scaldelai","@id":"https:\/\/www.estrategiaconcursos.com.br\/blog\/#\/schema\/person\/e3b6b7ce0192dd4ad270655969d61750"},"headline":"Concurso Sefaz SE: provas no dia 03\/04! Confira detalhes!","datePublished":"2022-03-22T16:59:32+00:00","dateModified":"2025-07-17T15:08:45+00:00","mainEntityOfPage":{"@id":"https:\/\/www.estrategiaconcursos.com.br\/blog\/concurso-sefaz-se-provas\/"},"wordCount":524,"commentCount":0,"publisher":{"@id":"https:\/\/www.estrategiaconcursos.com.br\/blog\/#organization"},"image":{"@id":"https:\/\/www.estrategiaconcursos.com.br\/blog\/concurso-sefaz-se-provas\/#primaryimage"},"thumbnailUrl":"https:\/\/dhg1h5j42swfq.cloudfront.net\/2022\/02\/14103814\/sefaz-se.jpg","articleSection":["Fiscal - Estadual (ICMS)","\u00daltimas not\u00edcias"],"inLanguage":"pt-BR","potentialAction":[{"@type":"CommentAction","name":"Comment","target":["https:\/\/www.estrategiaconcursos.com.br\/blog\/concurso-sefaz-se-provas\/#respond"]}],"copyrightYear":"2022","copyrightHolder":{"@id":"https:\/\/www.estrategiaconcursos.com.br\/blog\/#organization"}},{"@type":"WebPage","@id":"https:\/\/www.estrategiaconcursos.com.br\/blog\/concurso-sefaz-se-provas\/","url":"https:\/\/www.estrategiaconcursos.com.br\/blog\/concurso-sefaz-se-provas\/","name":"Concurso Sefaz SE: provas no dia 03\/04! Confira detalhes!","isPartOf":{"@id":"https:\/\/www.estrategiaconcursos.com.br\/blog\/#website"},"primaryImageOfPage":{"@id":"https:\/\/www.estrategiaconcursos.com.br\/blog\/concurso-sefaz-se-provas\/#primaryimage"},"image":{"@id":"https:\/\/www.estrategiaconcursos.com.br\/blog\/concurso-sefaz-se-provas\/#primaryimage"},"thumbnailUrl":"https:\/\/dhg1h5j42swfq.cloudfront.net\/2022\/02\/14103814\/sefaz-se.jpg","datePublished":"2022-03-22T16:59:32+00:00","dateModified":"2025-07-17T15:08:45+00:00","description":"Concurso Sefaz SE: provas objetivas e discursiva ser\u00e3o aplicadas no dia 03 de abril, em at\u00e9 dois turnos. Acesse e saiba mais aqui!","breadcrumb":{"@id":"https:\/\/www.estrategiaconcursos.com.br\/blog\/concurso-sefaz-se-provas\/#breadcrumb"},"inLanguage":"pt-BR","potentialAction":[{"@type":"ReadAction","target":["https:\/\/www.estrategiaconcursos.com.br\/blog\/concurso-sefaz-se-provas\/"]}]},{"@type":"ImageObject","inLanguage":"pt-BR","@id":"https:\/\/www.estrategiaconcursos.com.br\/blog\/concurso-sefaz-se-provas\/#primaryimage","url":"https:\/\/dhg1h5j42swfq.cloudfront.net\/2022\/02\/14103814\/sefaz-se.jpg","contentUrl":"https:\/\/dhg1h5j42swfq.cloudfront.net\/2022\/02\/14103814\/sefaz-se.jpg","width":300,"height":168,"caption":"Concurso Sefaz SE resultado"},{"@type":"BreadcrumbList","@id":"https:\/\/www.estrategiaconcursos.com.br\/blog\/concurso-sefaz-se-provas\/#breadcrumb","itemListElement":[{"@type":"ListItem","position":1,"name":"In\u00edcio","item":"https:\/\/www.estrategiaconcursos.com.br\/blog\/"},{"@type":"ListItem","position":2,"name":"Concurso Sefaz SE: provas no dia 03\/04! Confira detalhes!"}]},{"@type":"WebSite","@id":"https:\/\/www.estrategiaconcursos.com.br\/blog\/#website","url":"https:\/\/www.estrategiaconcursos.com.br\/blog\/","name":"Estrat\u00e9gia Concursos","description":"O blog da Estrat\u00e9gia Concursos traz not\u00edcias sobre concursos e artigos de professores oferecendo cursos para concursos (pdf + videaulas) no site.","publisher":{"@id":"https:\/\/www.estrategiaconcursos.com.br\/blog\/#organization"},"potentialAction":[{"@type":"SearchAction","target":{"@type":"EntryPoint","urlTemplate":"https:\/\/www.estrategiaconcursos.com.br\/blog\/?s={search_term_string}"},"query-input":{"@type":"PropertyValueSpecification","valueRequired":true,"valueName":"search_term_string"}}],"inLanguage":"pt-BR"},{"@type":"Organization","@id":"https:\/\/www.estrategiaconcursos.com.br\/blog\/#organization","name":"Estrat\u00e9gia Concursos","url":"https:\/\/www.estrategiaconcursos.com.br\/blog\/","logo":{"@type":"ImageObject","inLanguage":"pt-BR","@id":"https:\/\/www.estrategiaconcursos.com.br\/blog\/#\/schema\/logo\/image\/","url":"https:\/\/dhg1h5j42swfq.cloudfront.net\/2025\/06\/03203428\/logo_concursos-1.jpg","contentUrl":"https:\/\/dhg1h5j42swfq.cloudfront.net\/2025\/06\/03203428\/logo_concursos-1.jpg","width":230,"height":60,"caption":"Estrat\u00e9gia Concursos"},"image":{"@id":"https:\/\/www.estrategiaconcursos.com.br\/blog\/#\/schema\/logo\/image\/"},"sameAs":["https:\/\/x.com\/EstratConcursos"]},{"@type":"Person","@id":"https:\/\/www.estrategiaconcursos.com.br\/blog\/#\/schema\/person\/e3b6b7ce0192dd4ad270655969d61750","name":"F\u00e1bio Scaldelai","image":{"@type":"ImageObject","inLanguage":"pt-BR","@id":"https:\/\/secure.gravatar.com\/avatar\/8ed7492c4d88d8495bc0cb24cda6847b8ae23eec459a919e08e77d0ca0fd79ec?s=96&d=mm&r=g","url":"https:\/\/secure.gravatar.com\/avatar\/8ed7492c4d88d8495bc0cb24cda6847b8ae23eec459a919e08e77d0ca0fd79ec?s=96&d=mm&r=g","contentUrl":"https:\/\/secure.gravatar.com\/avatar\/8ed7492c4d88d8495bc0cb24cda6847b8ae23eec459a919e08e77d0ca0fd79ec?s=96&d=mm&r=g","caption":"F\u00e1bio Scaldelai"},"description":"Jornalista no Estrat\u00e9gia Concursos e Produtor de Televis\u00e3o, formado em Jornalismo, R\u00e1dio e TV pela Faculdade Integrada Rio Branco, com especializa\u00e7\u00f5es em Gest\u00e3o Empresarial e Marketing pelo M\u00f3dulo. Atuou como produtor no SBT, TV Bandeirantes e R\u00e1dio Band FM, al\u00e9m de acumular tr\u00eas anos de experi\u00eancia no setor de concursos p\u00fablicos pela LFG (Luiz Fl\u00e1vio Gomes). No Estrat\u00e9gia Concursos, atua na apura\u00e7\u00e3o de not\u00edcias da \u00e1rea fiscal, al\u00e9m de coberturas sobre concursos das \u00e1reas de controle (TCU, TCE, etc), concurso AFT, \u00e1rea de gest\u00e3o e administrativa, bem como dos \u00f3rg\u00e3os participantes do CNU. Tamb\u00e9m possui experi\u00eancia em link building e an\u00e1lise de m\u00eddia, adquirida durante sua atua\u00e7\u00e3o na ag\u00eancia SEO Marketing.","url":"https:\/\/www.estrategiaconcursos.com.br\/blog\/author\/fabio-scaldelaiestrategiaconcursos-com-br\/"}]}},"_links":{"self":[{"href":"https:\/\/www.estrategiaconcursos.com.br\/blog\/wp-json\/wp\/v2\/posts\/992423","targetHints":{"allow":["GET"]}}],"collection":[{"href":"https:\/\/www.estrategiaconcursos.com.br\/blog\/wp-json\/wp\/v2\/posts"}],"about":[{"href":"https:\/\/www.estrategiaconcursos.com.br\/blog\/wp-json\/wp\/v2\/types\/post"}],"author":[{"embeddable":true,"href":"https:\/\/www.estrategiaconcursos.com.br\/blog\/wp-json\/wp\/v2\/users\/656"}],"replies":[{"embeddable":true,"href":"https:\/\/www.estrategiaconcursos.com.br\/blog\/wp-json\/wp\/v2\/comments?post=992423"}],"version-history":[{"count":8,"href":"https:\/\/www.estrategiaconcursos.com.br\/blog\/wp-json\/wp\/v2\/posts\/992423\/revisions"}],"predecessor-version":[{"id":992512,"href":"https:\/\/www.estrategiaconcursos.com.br\/blog\/wp-json\/wp\/v2\/posts\/992423\/revisions\/992512"}],"wp:featuredmedia":[{"embeddable":true,"href":"https:\/\/www.estrategiaconcursos.com.br\/blog\/wp-json\/wp\/v2\/media\/968206"}],"wp:attachment":[{"href":"https:\/\/www.estrategiaconcursos.com.br\/blog\/wp-json\/wp\/v2\/media?parent=992423"}],"wp:term":[{"taxonomy":"category","embeddable":true,"href":"https:\/\/www.estrategiaconcursos.com.br\/blog\/wp-json\/wp\/v2\/categories?post=992423"},{"taxonomy":"post_tag","embeddable":true,"href":"https:\/\/www.estrategiaconcursos.com.br\/blog\/wp-json\/wp\/v2\/tags?post=992423"},{"taxonomy":"tax_estado","embeddable":true,"href":"https:\/\/www.estrategiaconcursos.com.br\/blog\/wp-json\/wp\/v2\/tax_estado?post=992423"}],"curies":[{"name":"wp","href":"https:\/\/api.w.org\/{rel}","templated":true}]}}