{"id":992040,"date":"2022-08-06T05:00:00","date_gmt":"2022-08-06T08:00:00","guid":{"rendered":"https:\/\/www.estrategiaconcursos.com.br\/blog\/?p=992040"},"modified":"2023-06-29T15:09:01","modified_gmt":"2023-06-29T18:09:01","slug":"concurso-pc-ro-edital-publicado","status":"publish","type":"post","link":"https:\/\/www.estrategiaconcursos.com.br\/blog\/concurso-pc-ro-edital-publicado\/","title":{"rendered":"Edital PC RO est\u00e1 com inscri\u00e7\u00f5es encerradas para 319 vagas"},"content":{"rendered":"\n<p>Est\u00e3o encerradas as inscri\u00e7\u00f5es para o <strong>edital PC RO (<a href=\"https:\/\/www.estrategiaconcursos.com.br\/blog\/concurso-pc-ro\/\" target=\"_blank\" rel=\"noreferrer noopener\">Pol\u00edcia Civil de Rond\u00f4nia<\/a>)<\/strong>. Conforme o documento, s\u00e3o ofertadas 319 vagas para diversos cargos.<\/p>\n\n\n\n<p>Os interessados em participar da sele\u00e7\u00e3o devem realizar as inscri\u00e7\u00f5es at\u00e9 o dia 05 de agosto de 2022, no <a href=\"https:\/\/www.cebraspe.org.br\/concursos\/PC_RO_22\" target=\"_blank\" rel=\"noreferrer noopener\">site<\/a> da banca organizadora, Cebraspe, ao custo de R$ 190,00 a R$ 204,96.<\/p>\n\n\n\n<p>As oportunidades s\u00e3o para <a href=\"https:\/\/www.estrategiaconcursos.com.br\/curso\/pc-ro-agente-e-escrivao-de-policia-pacote-completo-2022-pos-edital\/\" target=\"_blank\" rel=\"noreferrer noopener\">Agente de Pol\u00edcia<\/a>,&nbsp;<a href=\"https:\/\/www.estrategiaconcursos.com.br\/curso\/3-pc-ro-datiloscopista-policial-pacote-completo-2022-pos-edital\/\" target=\"_blank\" rel=\"noreferrer noopener\">Datiloscopista<\/a>,&nbsp;<a href=\"https:\/\/www.estrategiaconcursos.com.br\/curso\/pc-ro-agente-e-escrivao-de-policia-pacote-completo-2022-pos-edital\/\" target=\"_blank\" rel=\"noreferrer noopener\">Escriv\u00e3o<\/a>,&nbsp;<a href=\"https:\/\/www.estrategiaconcursos.com.br\/curso\/2-pc-ro-tecnico-em-necropsia-pacote-completo-2022-pos-edital\/\" target=\"_blank\" rel=\"noreferrer noopener\">T\u00e9cnico de Necropsia<\/a>,&nbsp;<a href=\"https:\/\/www.estrategiaconcursos.com.br\/curso\/04-pc-ro-medico-legista-pacote-completo-2022-pos-edital\/\" target=\"_blank\" rel=\"noreferrer noopener\">M\u00e9dico Legista<\/a>&nbsp;e Delegado, que exigem n\u00edvel superior e Carteira Nacional de Habilita\u00e7\u00e3o (CNH), categoria \u201cB\u201d.<\/p>\n\n\n\n<p>A aplica\u00e7\u00e3o da prova objetiva \u00e9 prevista para os dias 25 de setembro e 09 de outubro de 2022. <\/p>\n\n\n\n<ul class=\"has-very-light-gray-to-cyan-bluish-gray-gradient-background has-background wp-block-list\">\n<li><strong>Edital PC RO<\/strong><\/li>\n\n\n\n<li><strong>Banca:<\/strong> Cebraspe<\/li>\n\n\n\n<li><strong>Vagas:<\/strong> 319<\/li>\n\n\n\n<li><strong>Sal\u00e1rio inicial:<\/strong> R$ 5.083,00 a R$ 15.500,00<\/li>\n\n\n\n<li><strong style=\"color: initial;\">Edital:<\/strong><span style=\"color: initial;\"> <a href=\"https:\/\/dhg1h5j42swfq.cloudfront.net\/2022\/07\/08155215\/edital-pc-ro-1.pdf\" target=\"_blank\" rel=\"noreferrer noopener nofollow\">PC RO 2022<\/a><\/span><\/li>\n<\/ul>\n\n\n\n<div class=\"container\" id=\"boxes\">\n  <div class=\"row\">\n\n    <div class=\"col-sm\">\n      <div class=\"banner-policial\" id=\"box-assinatura\">\n        <h3 class=\"titulo-assinatura\">Concurso PC RO<\/h3>\n        <p class=\"subtitulo-assinatura\">Conhe\u00e7a os cursos<\/p>\n        <div class=\"box-botao\">\n          <a class=\"btn-assinatura\" target=\"_blank\" href=\"https:\/\/www.estrategiaconcursos.com.br\/cursosPorConcurso\/policia-civil-de-rondonia-pc-ro\/\" role=\"button\" rel=\"noopener noreferrer\">Conhe\u00e7a mais<\/a>\n        <\/div>\n      <\/div>\n      \n    <\/div>\n\n  <\/div>\n<\/div>\n\n\n\n<h2 class=\"wp-block-heading\" id=\"situacao\">Situa\u00e7\u00e3o atual do edital PC RO<\/h2>\n\n\n\n<h3 class=\"wp-block-heading\" id=\"analise-de-edital\"><a href=\"https:\/\/youtu.be\/Kb2Vz0MLn_0\" target=\"_blank\" rel=\"noreferrer noopener\">An\u00e1lise de edital<\/a><\/h3>\n\n\n\n<h3 class=\"wp-block-heading\" id=\"datas\">Principais datas<\/h3>\n\n\n\n<ul class=\"has-very-light-gray-to-cyan-bluish-gray-gradient-background has-background wp-block-list\">\n<li><strong>Inscri\u00e7\u00f5es<\/strong>: <s>15 de julho a 05 de agosto<\/s><\/li>\n\n\n\n<li><strong>Isen\u00e7\u00e3o da taxa<\/strong>: <s>15 de julho a 05 de agosto<\/s><\/li>\n\n\n\n<li><strong>\u00daltimo dia para pagamento<\/strong>: 25 de agosto<\/li>\n\n\n\n<li><strong>Provas<\/strong>:\n<ul class=\"wp-block-list\">\n<li>25 de setembro: Delegado, M\u00e9dico-Legista, Datiloscopista e T\u00e9cnico em Necropsia; e <\/li>\n\n\n\n<li>09 de outubro: Agente e Escriv\u00e3o<\/li>\n<\/ul>\n<\/li>\n<\/ul>\n\n\n\n<h2 class=\"wp-block-heading\" id=\"cargos-vagas\">Cargos e vagas do edital PC RO<\/h2>\n\n\n\n<h3 class=\"wp-block-heading\" id=\"medio\">N\u00edvel superior<\/h3>\n\n\n\n<figure class=\"wp-block-table is-style-stripes\"><table class=\"has-very-light-gray-to-cyan-bluish-gray-gradient-background has-background has-fixed-layout\"><thead><tr><th class=\"has-text-align-center\" data-align=\"center\">Cargo<\/th><th class=\"has-text-align-center\" data-align=\"center\">Vagas<\/th><th class=\"has-text-align-center\" data-align=\"center\">Sal\u00e1rio<\/th><\/tr><\/thead><tbody><tr><td class=\"has-text-align-center\" data-align=\"center\"><a href=\"https:\/\/www.estrategiaconcursos.com.br\/cursosPorConcurso\/pc-ro-policia-civil-de-rondonia-delegado\/\" target=\"_blank\" rel=\"noreferrer noopener\">Delegado<\/a><\/td><td class=\"has-text-align-center\" data-align=\"center\">10<\/td><td class=\"has-text-align-center\" data-align=\"center\">R$ 15.500,00<\/td><\/tr><tr><td class=\"has-text-align-center\" data-align=\"center\"><a href=\"https:\/\/www.estrategiaconcursos.com.br\/curso\/04-pc-ro-medico-legista-pacote-completo-2022-pos-edital\/\" target=\"_blank\" rel=\"noreferrer noopener\">M\u00e9dico Legista<\/a><\/td><td class=\"has-text-align-center\" data-align=\"center\">10<\/td><td class=\"has-text-align-center\" data-align=\"center\">R$ 15.500,00<\/td><\/tr><tr><td class=\"has-text-align-center\" data-align=\"center\"><a href=\"https:\/\/www.estrategiaconcursos.com.br\/curso\/pc-ro-agente-e-escrivao-de-policia-pacote-completo-2022-pos-edital\/\" target=\"_blank\" rel=\"noreferrer noopener\">Agente de Pol\u00edcia<\/a><\/td><td class=\"has-text-align-center\" data-align=\"center\">145<\/td><td class=\"has-text-align-center\" data-align=\"center\">R$ 5.083,00<\/td><\/tr><tr><td class=\"has-text-align-center\" data-align=\"center\"><a href=\"https:\/\/www.estrategiaconcursos.com.br\/curso\/pc-ro-agente-e-escrivao-de-policia-pacote-completo-2022-pos-edital\/\" target=\"_blank\" rel=\"noreferrer noopener\">Escriv\u00e3o<\/a><\/td><td class=\"has-text-align-center\" data-align=\"center\">100<\/td><td class=\"has-text-align-center\" data-align=\"center\">R$ 5.083,00<\/td><\/tr><tr><td class=\"has-text-align-center\" data-align=\"center\"><a href=\"https:\/\/www.estrategiaconcursos.com.br\/curso\/3-pc-ro-datiloscopista-policial-pacote-completo-2022-pos-edital\/\" target=\"_blank\" rel=\"noreferrer noopener\">Datiloscopista Policial<\/a><\/td><td class=\"has-text-align-center\" data-align=\"center\">40<\/td><td class=\"has-text-align-center\" data-align=\"center\">R$ 5.083,00<\/td><\/tr><tr><td class=\"has-text-align-center\" data-align=\"center\"><a href=\"https:\/\/www.estrategiaconcursos.com.br\/curso\/2-pc-ro-tecnico-em-necropsia-pacote-completo-2022-pos-edital\/\" target=\"_blank\" rel=\"noreferrer noopener\">T\u00e9cnico de Necropsia<\/a><\/td><td class=\"has-text-align-center\" data-align=\"center\">14<\/td><td class=\"has-text-align-center\" data-align=\"center\">R$ 5.083,00<\/td><\/tr><\/tbody><\/table><\/figure>\n\n\n\n<h2 class=\"wp-block-heading\" id=\"etapas\">Etapas e provas<\/h2>\n\n\n\n<p>O edital do concurso PC RO ser\u00e1 composto pela fases elencadas a seguir:<\/p>\n\n\n\n<ul class=\"wp-block-list\">\n<li><strong>Primeira Fase, constitu\u00edda de:<\/strong>\n<ul class=\"wp-block-list\">\n<li>a) <strong>Prova Objetiva,<\/strong> de car\u00e1ter eliminat\u00f3rio e classificat\u00f3rio;<\/li>\n\n\n\n<li>b) <strong>Prova Discursiva<\/strong>, de car\u00e1ter eliminat\u00f3rio e classificat\u00f3rio;<\/li>\n\n\n\n<li>c) <strong>Teste de Aptid\u00e3o F\u00edsica<\/strong>, de car\u00e1ter eliminat\u00f3rio;<\/li>\n\n\n\n<li>d) <strong>Prova Pr\u00e1tica de Operadora de microcomputador<\/strong>, de car\u00e1ter eliminat\u00f3rio <em>(somente para o cargo de Escriv\u00e3o)<\/em>;<\/li>\n\n\n\n<li>e) <strong>Prova Oral<\/strong>, de car\u00e1ter eliminat\u00f3rio e classificat\u00f3rio, a ser realizada pela Pol\u00edcia Civil do Estado de Rond\u00f4nia<em> (apenas ao cargo de Delegado e M\u00e9dico-Legista)<\/em>.<\/li>\n\n\n\n<li>f) <strong>Prova de T\u00edtulos<\/strong>, de car\u00e1ter classificat\u00f3rio <em>(para os cargos de Delegado de Pol\u00edcia e M\u00e9dico-Legista)<\/em>;<\/li>\n\n\n\n<li>g) <strong>Exame Psicot\u00e9cnico<\/strong>, de car\u00e1ter eliminat\u00f3rio;<\/li>\n\n\n\n<li>h) <strong>Exames M\u00e9dicos e Toxicol\u00f3gico<\/strong>, de car\u00e1ter eliminat\u00f3rio;<\/li>\n\n\n\n<li>i) <strong>Investiga\u00e7\u00e3o Social<\/strong>, de car\u00e1ter eliminat\u00f3rio.<\/li>\n<\/ul>\n<\/li>\n<\/ul>\n\n\n\n<ul class=\"wp-block-list\">\n<li><strong>Segunda Fase, constitu\u00edda de:<\/strong>\n<ul class=\"wp-block-list\">\n<li><strong>Curso de Forma\u00e7\u00e3o T\u00e9cnico-Profissional<\/strong>, de car\u00e1ter eliminat\u00f3rio e classificat\u00f3rio, promovido pela Academia de Pol\u00edcia Civil.<\/li>\n<\/ul>\n<\/li>\n<\/ul>\n\n\n\n<p>As provas objetivas e discursiva ser\u00e3o realizadas nas seguintes cidades: Ariquemes, Cacoal, Ji-Paran\u00e1, Porto Velho e Vilhena.<\/p>\n\n\n\n<h3 class=\"wp-block-heading\" id=\"objetiva\">Provas Objetivas<\/h3>\n\n\n\n<p>As provas objetivas do edital PC RO, de car\u00e1ter eliminat\u00f3rio e classificat\u00f3rio, valer\u00e3o 100,00 pontos. <\/p>\n\n\n\n<p>As quest\u00f5es das provas objetivas ser\u00e3o do tipo m\u00faltipla escolha, com cinco op\u00e7\u00f5es (A, B, C, D e E), sendo uma \u00fanica resposta correta, de acordo com o comando da quest\u00e3o.<\/p>\n\n\n\n<ul class=\"wp-block-list\">\n<li><strong>Agente e Escriv\u00e3o:<\/strong>\n<ul class=\"wp-block-list\">\n<li>Portugu\u00eas: 15 quest\u00f5es;<\/li>\n\n\n\n<li>Racioc\u00ednio L\u00f3gico: 05 quest\u00f5es;<\/li>\n\n\n\n<li>Hist\u00f3ria e Geografia de RO: 10 quest\u00f5es;<\/li>\n\n\n\n<li>No\u00e7\u00f5es de Estat\u00edstica: 05 quest\u00f5es;<\/li>\n\n\n\n<li>No\u00e7\u00f5es de Inform\u00e1tica: 10 quest\u00f5es;<\/li>\n\n\n\n<li>No\u00e7\u00f5es de Administra\u00e7\u00e3o: 10 quest\u00f5es;<\/li>\n\n\n\n<li>No\u00e7\u00f5es de Contabilidade: 10 quest\u00f5es;<\/li>\n\n\n\n<li>No\u00e7\u00f5es de Direito Penal e Processual Penal: 10 quest\u00f5es;<\/li>\n\n\n\n<li>No\u00e7\u00f5es de Direito Constitucional: 10 quest\u00f5es;<\/li>\n\n\n\n<li>No\u00e7\u00f5es de Direito Administrativo: 10 quest\u00f5es;<\/li>\n\n\n\n<li>No\u00e7\u00f5es de Medicina Legal: 05 quest\u00f5es;<\/li>\n<\/ul>\n<\/li>\n\n\n\n<li><strong>Datiloscopista:<\/strong><ul><li>Portugu\u00eas: 15 quest\u00f5es;<\/li><\/ul><ul><li>Racioc\u00ednio L\u00f3gico: 05 quest\u00f5es;<\/li><li>Hist\u00f3ria e Geografia de RO: 10 quest\u00f5es;<\/li><li>No\u00e7\u00f5es de Estat\u00edstica: 05 quest\u00f5es;<\/li><li>No\u00e7\u00f5es de Inform\u00e1tica: 10 quest\u00f5es;<\/li><li>No\u00e7\u00f5es de Qu\u00edmica: 10 quest\u00f5es;<\/li><li>No\u00e7\u00f5es de Biologia: 10 quest\u00f5es;<\/li><li>No\u00e7\u00f5es de F\u00edsica: 10 quest\u00f5es;<\/li><li>No\u00e7\u00f5es de Direito Penal e Processual Penal: 10 quest\u00f5es;<\/li><\/ul>\n<ul class=\"wp-block-list\">\n<li>No\u00e7\u00f5es de Direito Constitucional: 10 quest\u00f5es;<\/li>\n\n\n\n<li>No\u00e7\u00f5es de Direito Administrativo: 10 quest\u00f5es;<\/li>\n\n\n\n<li>No\u00e7\u00f5es de Medicina Legal: 05 quest\u00f5es;<\/li>\n<\/ul>\n<\/li>\n\n\n\n<li><strong>T\u00e9cnico em Necropsia:<\/strong><ul><li>Portugu\u00eas: 15 quest\u00f5es;<\/li><\/ul><ul><li>Racioc\u00ednio L\u00f3gico: 05 quest\u00f5es;<\/li><li>Hist\u00f3ria e Geografia de RO: 10 quest\u00f5es;<\/li><li>No\u00e7\u00f5es de Estat\u00edstica: 05 quest\u00f5es;<\/li><li>No\u00e7\u00f5es de Inform\u00e1tica: 05 quest\u00f5es;<\/li><\/ul><ul><li>No\u00e7\u00f5es de Biologia: 20 quest\u00f5es;<\/li><li>No\u00e7\u00f5es de Direito Penal e Processual Penal: 05 quest\u00f5es;<\/li><\/ul>\n<ul class=\"wp-block-list\">\n<li>No\u00e7\u00f5es de Direito Constitucional: 05 quest\u00f5es;<\/li>\n\n\n\n<li>No\u00e7\u00f5es de Direito Administrativo: 10 quest\u00f5es;<\/li>\n\n\n\n<li>No\u00e7\u00f5es de Medicina Legal: 20 quest\u00f5es;<\/li>\n<\/ul>\n<\/li>\n\n\n\n<li><strong>M\u00e9dico-Legista:<\/strong><ul><li>Racioc\u00ednio L\u00f3gico: 10 quest\u00f5es;<\/li><\/ul><ul><li>Hist\u00f3ria e Geografia de RO: 10 quest\u00f5es;<\/li><li>No\u00e7\u00f5es de Estat\u00edstica: 05 quest\u00f5es;<\/li><li>No\u00e7\u00f5es de Direito Penal e Processual Penal: 10 quest\u00f5es;<\/li><\/ul>\n<ul class=\"wp-block-list\">\n<li>No\u00e7\u00f5es de Direito Constitucional: 10 quest\u00f5es;<\/li>\n\n\n\n<li>No\u00e7\u00f5es de Direito Administrativo: 10 quest\u00f5es;<\/li>\n\n\n\n<li>No\u00e7\u00f5es de Medicina Legal: 50 quest\u00f5es;<\/li>\n<\/ul>\n<\/li>\n<\/ul>\n\n\n\n<h3 class=\"wp-block-heading\" id=\"provas-discursivas\">Provas Discursivas<\/h3>\n\n\n\n<p>A reda\u00e7\u00e3o, constitu\u00edda de texto dissertativo, para os cargos de <strong>Agente de Pol\u00edcia<\/strong>, <strong>Datiloscopista<\/strong> <strong>Policial<\/strong>, <strong>Escriv\u00e3o de Pol\u00edcia<\/strong> e de <strong>T\u00e9cnico em Necropsia<\/strong> valer\u00e1 100,00 pontos.<\/p>\n\n\n\n<p>A prova discursiva para o cargo de <strong>M\u00e9dico-Legista<\/strong> valer\u00e1 um total de 100,00 pontos e consistir\u00e1 de 4 quest\u00f5es discursivas, a serem respondidas em at\u00e9 10 linhas cada, no valor de 25,00 pontos cada, abrangendo os objetos de avalia\u00e7\u00e3o de Medicina Legal.<\/p>\n\n\n\n<p>Ser\u00e3o convocados para as provas discursivas do edital PC RO os candidatos mais bem classificados nas provas objetivas, de acordo com o quantitativo abaixo:<\/p>\n\n\n\n<figure class=\"wp-block-image size-large\"><img loading=\"lazy\" decoding=\"async\" width=\"1024\" height=\"166\" src=\"https:\/\/dhg1h5j42swfq.cloudfront.net\/2022\/07\/08155033\/image-121-1024x166.png\" alt=\"Convocados para discursiva concurso PC RO\" class=\"wp-image-1058057\" srcset=\"https:\/\/dhg1h5j42swfq.cloudfront.net\/2022\/07\/08155033\/image-121-1024x166.png 1024w, https:\/\/dhg1h5j42swfq.cloudfront.net\/2022\/07\/08155033\/image-121-300x48.png 300w, https:\/\/dhg1h5j42swfq.cloudfront.net\/2022\/07\/08155033\/image-121-768x124.png 768w, https:\/\/dhg1h5j42swfq.cloudfront.net\/2022\/07\/08155033\/image-121-610x99.png 610w, https:\/\/dhg1h5j42swfq.cloudfront.net\/2022\/07\/08155033\/image-121-150x24.png 150w, https:\/\/dhg1h5j42swfq.cloudfront.net\/2022\/07\/08155033\/image-121.png 1491w\" sizes=\"auto, (max-width: 1024px) 100vw, 1024px\" \/><figcaption class=\"wp-element-caption\">Convocados para discursiva do concurso PC RO<\/figcaption><\/figure>\n\n\n\n<h3 class=\"wp-block-heading\" id=\"discursiva\">Teste de Aptid\u00e3o F\u00edsica<\/h3>\n\n\n\n<p>Ser\u00e3o convocados para o teste de aptid\u00e3o f\u00edsica todos os candidatos aprovados na prova discursiva. <\/p>\n\n\n\n<p>A etapa consistir\u00e1 em submeter os candidatos aos testes de barra fixa (prona\u00e7\u00e3o ou supina\u00e7\u00e3o), para candidatos do sexo masculino, suspens\u00e3o isom\u00e9trica, para candidatas do sexo feminino, de flex\u00e3o abdominal curl up e de corrida de 12 minutos.<\/p>\n\n\n\n<h3 class=\"wp-block-heading\" id=\"prova-pratica-somente-para-escrivao\">Prova Pr\u00e1tica (somente para Escriv\u00e3o)<\/h3>\n\n\n\n<p>Ser\u00e3o convocados para a prova pr\u00e1tica do edital PC RO todos os candidatos ao cargo de Escriv\u00e3o de Pol\u00edcia aprovados na prova discursiva.<\/p>\n\n\n\n<p>A etapa, de car\u00e1ter eliminat\u00f3rio, consistir\u00e1 de elabora\u00e7\u00e3o de uma planilha no Excel ou BrOffice.calc, que dever\u00e1 ser convertida em uma tabela para uso em um documento do Word o u BrOffice.writer e, posteriormente, enviada por meio de correio eletr\u00f4nico (Outlook). <\/p>\n\n\n\n<p>A prova ter\u00e1 dura\u00e7\u00e3o de at\u00e9 20 minutos e valer\u00e1 10,00 pontos. O candidato que obtiver nota inferior a 5 pontos ser\u00e1 eliminado.<\/p>\n\n\n\n<h3 class=\"wp-block-heading\" id=\"prova-oral-somente-para-os-cargos-de-delegado-e-medico-legista\">Prova Oral (somente para os cargos de Delegado e M\u00e9dico-Legista)<\/h3>\n\n\n\n<p>A prova oral do edital PC RO, de car\u00e1ter eliminat\u00f3rio e classificat\u00f3rio, versar\u00e1 sobre a mat\u00e9ria de medicina legal para o cargo de M\u00e9dico-Legista.<\/p>\n\n\n\n<p>A prova oral valer\u00e1 em seu conjunto 100,00 pontos e versar\u00e1 de quest\u00f5es acerca de quaisquer dos pontos da disciplina. O tempo de dura\u00e7\u00e3o da etapa n\u00e3o deve ultrapassar 30 minutos.<\/p>\n\n\n\n<h3 class=\"wp-block-heading\" id=\"titulos\">Avalia\u00e7\u00e3o de T\u00edtulos<\/h3>\n\n\n\n<p>A prova de t\u00edtulos do edital PC RO, de car\u00e1ter classificat\u00f3rio, valer\u00e1 10,00 pontos, ainda que a soma dos valores dos t\u00edtulos apresentados seja superior a esse valor.<\/p>\n\n\n\n<figure class=\"wp-block-image size-large\"><img loading=\"lazy\" decoding=\"async\" width=\"1024\" height=\"706\" src=\"https:\/\/dhg1h5j42swfq.cloudfront.net\/2022\/07\/08155643\/image-122-1024x706.png\" alt=\"Quadro de T\u00edtulos concurso PC RO\" class=\"wp-image-1058061\" srcset=\"https:\/\/dhg1h5j42swfq.cloudfront.net\/2022\/07\/08155643\/image-122-1024x706.png 1024w, https:\/\/dhg1h5j42swfq.cloudfront.net\/2022\/07\/08155643\/image-122-300x207.png 300w, https:\/\/dhg1h5j42swfq.cloudfront.net\/2022\/07\/08155643\/image-122-768x529.png 768w, https:\/\/dhg1h5j42swfq.cloudfront.net\/2022\/07\/08155643\/image-122-610x420.png 610w, https:\/\/dhg1h5j42swfq.cloudfront.net\/2022\/07\/08155643\/image-122-150x103.png 150w, https:\/\/dhg1h5j42swfq.cloudfront.net\/2022\/07\/08155643\/image-122.png 1120w\" sizes=\"auto, (max-width: 1024px) 100vw, 1024px\" \/><figcaption class=\"wp-element-caption\">Quadro de T\u00edtulos do edital PC RO<\/figcaption><\/figure>\n\n\n\n<hr class=\"wp-block-separator has-css-opacity\"\/>\n\n\n\n<h2 class=\"wp-block-heading has-text-align-center\" id=\"h-quer-saber-tudo-sobre-concursos-previstos-confira-nossos-artigos\">Quer saber tudo sobre concursos previstos?<br \/>Confira  nossos artigos!<\/h2>\n\n\n\n<ul class=\"wp-block-list\">\n<li><a href=\"https:\/\/www.estrategiaconcursos.com.br\/blog\/concursos-abertos\/\" target=\"_blank\" rel=\"noreferrer noopener\">Concursos abertos<\/a><\/li>\n\n\n\n<li><a href=\"https:\/\/www.estrategiaconcursos.com.br\/blog\/concursos-2022\/\" target=\"_blank\" rel=\"noreferrer noopener\">Concursos 2022<\/a><\/li>\n\n\n\n<li><a href=\"https:\/\/www.estrategiaconcursos.com.br\/blog\/concursos-2023\/\" target=\"_blank\" rel=\"noreferrer noopener\">Concursos 2023<\/a><\/li>\n<\/ul>\n\n\n\n<h2 class=\"wp-block-heading has-text-align-center\" id=\"cursos\">Quer estudar para o concurso PC RO?<\/h2>\n\n\n\n<div class=\"container\" id=\"boxes\">\n  <div class=\"row\">\n\n    <div class=\"col-sm\">\n      <div class=\"banner-policial\" id=\"box-assinatura\">\n        <h3 class=\"titulo-assinatura\">Concurso PC RO<\/h3>\n        <p class=\"subtitulo-assinatura\">Conhe\u00e7a os cursos<\/p>\n        <div class=\"box-botao\">\n          <a class=\"btn-assinatura\" target=\"_blank\" href=\"https:\/\/www.estrategiaconcursos.com.br\/cursosPorConcurso\/policia-civil-de-rondonia-pc-ro\/\" role=\"button\" rel=\"noopener noreferrer\">Conhe\u00e7a mais<\/a>\n        <\/div>\n      <\/div>\n    \n    <\/div>\n\n  <\/div>\n<\/div>\n\n\n\n<div class=\"container\" id=\"boxes\">\n  <div class=\"row\">\n\n    <div class=\"col-sm\">\n      <div class=\"estrategia\" id=\"box-assinatura\">\n        <h3 class=\"titulo-assinatura\">Assinatura de Concursos<\/h3>\n        <p class=\"subtitulo-assinatura\">Assinatura de 1 ano ou 2 anos<\/p>\n        <div class=\"box-botao\">\n          <a class=\"btn-assinatura\" target=\"_blank\" href=\"https:\/\/www.estrategiaconcursos.com.br\/assinaturas\/\" role=\"button\" rel=\"noopener noreferrer\">ASSINE AGORA<\/a>\n        <\/div>\n      <\/div>\n     \n    <\/div><\/div><\/div>\n\n\n\n<figure class=\"wp-block-image size-large is-resized\"><img loading=\"lazy\" decoding=\"async\" src=\"https:\/\/dhg1h5j42swfq.cloudfront.net\/2025\/06\/27101122\/ficha-tecnica-1-1024x632.png\" alt=\"Ficha do edital Bombeiro PI\" class=\"wp-image-702728\" width=\"269\" height=\"166\" srcset=\"https:\/\/dhg1h5j42swfq.cloudfront.net\/2025\/06\/27101122\/ficha-tecnica-1-1024x632.png 1024w, https:\/\/dhg1h5j42swfq.cloudfront.net\/2025\/06\/27101122\/ficha-tecnica-1-300x185.png 300w, https:\/\/dhg1h5j42swfq.cloudfront.net\/2025\/06\/27101122\/ficha-tecnica-1-768x474.png 768w, https:\/\/dhg1h5j42swfq.cloudfront.net\/2025\/06\/27101122\/ficha-tecnica-1-1536x948.png 1536w, https:\/\/dhg1h5j42swfq.cloudfront.net\/2025\/06\/27101122\/ficha-tecnica-1-610x377.png 610w, https:\/\/dhg1h5j42swfq.cloudfront.net\/2025\/06\/27101122\/ficha-tecnica-1.png 1571w\" sizes=\"auto, (max-width: 269px) 100vw, 269px\" \/><\/figure>\n\n\n\n<h3 class=\"wp-block-heading\" id=\"ficha\">Informa\u00e7\u00f5es do edital do concurso PC RO<\/h3>\n\n\n\n<ul class=\"wp-block-list\">\n<li><strong style=\"color: initial;\">Provas<\/strong><span style=\"color: initial;\">: <\/span>25\/09 e 09\/10\/2022<\/li>\n\n\n\n<li><strong>Vagas<\/strong>: 319<\/li>\n\n\n\n<li><strong>Cargo<\/strong>: Diversos<\/li>\n\n\n\n<li><strong>Banca<\/strong>: Cebraspe<\/li>\n\n\n\n<li><strong>Escolaridade<\/strong>: superior<\/li>\n\n\n\n<li><strong>Edital<\/strong>:&nbsp;<strong><span style=\"color: initial;\"><a href=\"https:\/\/dhg1h5j42swfq.cloudfront.net\/2022\/07\/08155215\/edital-pc-ro-1.pdf\" target=\"_blank\" rel=\"noreferrer noopener nofollow\">PC RO 2022<\/a><\/span><\/strong><\/li>\n<\/ul>\n","protected":false},"excerpt":{"rendered":"<p>Est\u00e3o encerradas as inscri\u00e7\u00f5es para o edital PC RO (Pol\u00edcia Civil de Rond\u00f4nia). Conforme o documento, s\u00e3o ofertadas 319 vagas para diversos cargos. Os interessados em participar da sele\u00e7\u00e3o devem realizar as inscri\u00e7\u00f5es at\u00e9 o dia 05 de agosto de 2022, no site da banca organizadora, Cebraspe, ao custo de R$ 190,00 a R$ 204,96. [&hellip;]<\/p>\n","protected":false},"author":2134,"featured_media":932539,"comment_status":"open","ping_status":"closed","sticky":false,"template":"","format":"standard","meta":{"post_tipo":"news","footnotes":""},"categories":[1988,220190,220219],"tags":[],"tax_estado":[219984],"class_list":["post-992040","post","type-post","status-publish","format-standard","has-post-thumbnail","hentry","category-policia","category-policial-peritos","category-noticias","tax_estado-ro"],"acf":[],"yoast_head":"<!-- This site is optimized with the Yoast SEO Premium plugin v27.2 (Yoast SEO v27.2) - https:\/\/yoast.com\/product\/yoast-seo-premium-wordpress\/ -->\n<title>Edital PC RO est\u00e1 com inscri\u00e7\u00f5es encerradas para 319 vagas<\/title>\n<meta name=\"description\" content=\"Edital do concurso PC RO \u00e9 publicado com a oferta de 319 vagas de n\u00edvel superior. Inicial de at\u00e9 R$ 15,5 mil! Inscri\u00e7\u00f5es encerradas.\" \/>\n<meta name=\"robots\" content=\"index, follow, max-snippet:-1, max-image-preview:large, max-video-preview:-1\" \/>\n<link rel=\"canonical\" href=\"https:\/\/www.estrategiaconcursos.com.br\/blog\/concurso-pc-ro-edital-publicado\/\" \/>\n<meta property=\"og:locale\" content=\"pt_BR\" \/>\n<meta property=\"og:type\" content=\"article\" \/>\n<meta property=\"og:title\" content=\"Edital PC RO est\u00e1 com inscri\u00e7\u00f5es encerradas para 319 vagas\" \/>\n<meta property=\"og:description\" content=\"Edital do concurso PC RO \u00e9 publicado com a oferta de 319 vagas de n\u00edvel superior. Inicial de at\u00e9 R$ 15,5 mil! Inscri\u00e7\u00f5es encerradas.\" \/>\n<meta property=\"og:url\" content=\"https:\/\/www.estrategiaconcursos.com.br\/blog\/concurso-pc-ro-edital-publicado\/\" \/>\n<meta property=\"og:site_name\" content=\"Estrat\u00e9gia Concursos\" \/>\n<meta property=\"article:published_time\" content=\"2022-08-06T08:00:00+00:00\" \/>\n<meta property=\"article:modified_time\" content=\"2023-06-29T18:09:01+00:00\" \/>\n<meta property=\"og:image\" content=\"https:\/\/dhg1h5j42swfq.cloudfront.net\/2021\/12\/18113713\/pc_ro.jpg\" \/>\n\t<meta property=\"og:image:width\" content=\"768\" \/>\n\t<meta property=\"og:image:height\" content=\"432\" \/>\n\t<meta property=\"og:image:type\" content=\"image\/jpeg\" \/>\n<meta name=\"author\" content=\"Rafaela Teixeira\" \/>\n<meta name=\"twitter:card\" content=\"summary_large_image\" \/>\n<meta name=\"twitter:creator\" content=\"@EstratConcursos\" \/>\n<meta name=\"twitter:site\" content=\"@EstratConcursos\" \/>\n<meta name=\"twitter:label1\" content=\"Escrito por\" \/>\n\t<meta name=\"twitter:data1\" content=\"Rafaela Teixeira\" \/>\n\t<meta name=\"twitter:label2\" content=\"Est. tempo de leitura\" \/>\n\t<meta name=\"twitter:data2\" content=\"7 minutos\" \/>\n<script type=\"application\/ld+json\" class=\"yoast-schema-graph\">{\"@context\":\"https:\/\/schema.org\",\"@graph\":[{\"@type\":\"NewsArticle\",\"@id\":\"https:\/\/www.estrategiaconcursos.com.br\/blog\/concurso-pc-ro-edital-publicado\/#article\",\"isPartOf\":{\"@id\":\"https:\/\/www.estrategiaconcursos.com.br\/blog\/concurso-pc-ro-edital-publicado\/\"},\"author\":{\"name\":\"Rafaela Teixeira\",\"@id\":\"https:\/\/www.estrategiaconcursos.com.br\/blog\/#\/schema\/person\/e75352021ea7f60781c599934f916eb1\"},\"headline\":\"Edital PC RO est\u00e1 com inscri\u00e7\u00f5es encerradas para 319 vagas\",\"datePublished\":\"2022-08-06T08:00:00+00:00\",\"dateModified\":\"2023-06-29T18:09:01+00:00\",\"mainEntityOfPage\":{\"@id\":\"https:\/\/www.estrategiaconcursos.com.br\/blog\/concurso-pc-ro-edital-publicado\/\"},\"wordCount\":1237,\"commentCount\":0,\"publisher\":{\"@id\":\"https:\/\/www.estrategiaconcursos.com.br\/blog\/#organization\"},\"image\":{\"@id\":\"https:\/\/www.estrategiaconcursos.com.br\/blog\/concurso-pc-ro-edital-publicado\/#primaryimage\"},\"thumbnailUrl\":\"https:\/\/dhg1h5j42swfq.cloudfront.net\/2021\/12\/18113713\/pc_ro.jpg\",\"articleSection\":[\"Policial (Agente, Escriv\u00e3o e Investigador)\",\"Policial (Peritos, Papiloscopistas)\",\"\u00daltimas not\u00edcias\"],\"inLanguage\":\"pt-BR\",\"potentialAction\":[{\"@type\":\"CommentAction\",\"name\":\"Comment\",\"target\":[\"https:\/\/www.estrategiaconcursos.com.br\/blog\/concurso-pc-ro-edital-publicado\/#respond\"]}],\"copyrightYear\":\"2022\",\"copyrightHolder\":{\"@id\":\"https:\/\/www.estrategiaconcursos.com.br\/blog\/#organization\"}},{\"@type\":\"WebPage\",\"@id\":\"https:\/\/www.estrategiaconcursos.com.br\/blog\/concurso-pc-ro-edital-publicado\/\",\"url\":\"https:\/\/www.estrategiaconcursos.com.br\/blog\/concurso-pc-ro-edital-publicado\/\",\"name\":\"Edital PC RO est\u00e1 com inscri\u00e7\u00f5es encerradas para 319 vagas\",\"isPartOf\":{\"@id\":\"https:\/\/www.estrategiaconcursos.com.br\/blog\/#website\"},\"primaryImageOfPage\":{\"@id\":\"https:\/\/www.estrategiaconcursos.com.br\/blog\/concurso-pc-ro-edital-publicado\/#primaryimage\"},\"image\":{\"@id\":\"https:\/\/www.estrategiaconcursos.com.br\/blog\/concurso-pc-ro-edital-publicado\/#primaryimage\"},\"thumbnailUrl\":\"https:\/\/dhg1h5j42swfq.cloudfront.net\/2021\/12\/18113713\/pc_ro.jpg\",\"datePublished\":\"2022-08-06T08:00:00+00:00\",\"dateModified\":\"2023-06-29T18:09:01+00:00\",\"description\":\"Edital do concurso PC RO \u00e9 publicado com a oferta de 319 vagas de n\u00edvel superior. Inicial de at\u00e9 R$ 15,5 mil! Inscri\u00e7\u00f5es encerradas.\",\"breadcrumb\":{\"@id\":\"https:\/\/www.estrategiaconcursos.com.br\/blog\/concurso-pc-ro-edital-publicado\/#breadcrumb\"},\"inLanguage\":\"pt-BR\",\"potentialAction\":[{\"@type\":\"ReadAction\",\"target\":[\"https:\/\/www.estrategiaconcursos.com.br\/blog\/concurso-pc-ro-edital-publicado\/\"]}]},{\"@type\":\"ImageObject\",\"inLanguage\":\"pt-BR\",\"@id\":\"https:\/\/www.estrategiaconcursos.com.br\/blog\/concurso-pc-ro-edital-publicado\/#primaryimage\",\"url\":\"https:\/\/dhg1h5j42swfq.cloudfront.net\/2021\/12\/18113713\/pc_ro.jpg\",\"contentUrl\":\"https:\/\/dhg1h5j42swfq.cloudfront.net\/2021\/12\/18113713\/pc_ro.jpg\",\"width\":768,\"height\":432,\"caption\":\"PC RO\"},{\"@type\":\"BreadcrumbList\",\"@id\":\"https:\/\/www.estrategiaconcursos.com.br\/blog\/concurso-pc-ro-edital-publicado\/#breadcrumb\",\"itemListElement\":[{\"@type\":\"ListItem\",\"position\":1,\"name\":\"In\u00edcio\",\"item\":\"https:\/\/www.estrategiaconcursos.com.br\/blog\/\"},{\"@type\":\"ListItem\",\"position\":2,\"name\":\"Edital PC RO est\u00e1 com inscri\u00e7\u00f5es encerradas para 319 vagas\"}]},{\"@type\":\"WebSite\",\"@id\":\"https:\/\/www.estrategiaconcursos.com.br\/blog\/#website\",\"url\":\"https:\/\/www.estrategiaconcursos.com.br\/blog\/\",\"name\":\"Estrat\u00e9gia Concursos\",\"description\":\"O blog da Estrat\u00e9gia Concursos traz not\u00edcias sobre concursos e artigos de professores oferecendo cursos para concursos (pdf + videaulas) no site.\",\"publisher\":{\"@id\":\"https:\/\/www.estrategiaconcursos.com.br\/blog\/#organization\"},\"potentialAction\":[{\"@type\":\"SearchAction\",\"target\":{\"@type\":\"EntryPoint\",\"urlTemplate\":\"https:\/\/www.estrategiaconcursos.com.br\/blog\/?s={search_term_string}\"},\"query-input\":{\"@type\":\"PropertyValueSpecification\",\"valueRequired\":true,\"valueName\":\"search_term_string\"}}],\"inLanguage\":\"pt-BR\"},{\"@type\":\"Organization\",\"@id\":\"https:\/\/www.estrategiaconcursos.com.br\/blog\/#organization\",\"name\":\"Estrat\u00e9gia Concursos\",\"url\":\"https:\/\/www.estrategiaconcursos.com.br\/blog\/\",\"logo\":{\"@type\":\"ImageObject\",\"inLanguage\":\"pt-BR\",\"@id\":\"https:\/\/www.estrategiaconcursos.com.br\/blog\/#\/schema\/logo\/image\/\",\"url\":\"https:\/\/dhg1h5j42swfq.cloudfront.net\/2025\/06\/03203428\/logo_concursos-1.jpg\",\"contentUrl\":\"https:\/\/dhg1h5j42swfq.cloudfront.net\/2025\/06\/03203428\/logo_concursos-1.jpg\",\"width\":230,\"height\":60,\"caption\":\"Estrat\u00e9gia Concursos\"},\"image\":{\"@id\":\"https:\/\/www.estrategiaconcursos.com.br\/blog\/#\/schema\/logo\/image\/\"},\"sameAs\":[\"https:\/\/x.com\/EstratConcursos\"]},{\"@type\":\"Person\",\"@id\":\"https:\/\/www.estrategiaconcursos.com.br\/blog\/#\/schema\/person\/e75352021ea7f60781c599934f916eb1\",\"name\":\"Rafaela Teixeira\",\"image\":{\"@type\":\"ImageObject\",\"inLanguage\":\"pt-BR\",\"@id\":\"https:\/\/secure.gravatar.com\/avatar\/8a349a2b22039b1ee88fc06461487c950fd6aa411ea8af8633314b43334ae793?s=96&d=mm&r=g\",\"url\":\"https:\/\/secure.gravatar.com\/avatar\/8a349a2b22039b1ee88fc06461487c950fd6aa411ea8af8633314b43334ae793?s=96&d=mm&r=g\",\"contentUrl\":\"https:\/\/secure.gravatar.com\/avatar\/8a349a2b22039b1ee88fc06461487c950fd6aa411ea8af8633314b43334ae793?s=96&d=mm&r=g\",\"caption\":\"Rafaela Teixeira\"},\"description\":\"Rafaela Teixeira \u00e9 advogada conveniada \u00e0 Defensoria P\u00fablica de S\u00e3o Paulo pela OAB, com experi\u00eancia em reda\u00e7\u00e3o jur\u00eddica e atua\u00e7\u00e3o em institui\u00e7\u00f5es p\u00fablicas, incluindo est\u00e1gio no TRE-SP. Possui mais de 7 anos de experi\u00eancia na produ\u00e7\u00e3o de conte\u00fados voltados ao nicho de concursos p\u00fablicos, com foco em apura\u00e7\u00e3o jornal\u00edstica cont\u00ednua, an\u00e1lise de editais e obten\u00e7\u00e3o de informa\u00e7\u00f5es diretamente junto a \u00f3rg\u00e3os e fontes oficiais. No Blog do Estrat\u00e9gia Concursos, atua como Analista de Conte\u00fado S\u00eanior, respons\u00e1vel pelo jornalismo do per\u00edodo noturno e da madrugada, com atua\u00e7\u00e3o transversal na cobertura de concursos p\u00fablicos, garantindo a continuidade, fluidez e confiabilidade das publica\u00e7\u00f5es e dos bastidores dos certames.\",\"url\":\"https:\/\/www.estrategiaconcursos.com.br\/blog\/author\/rafaela-teixeira\/\"}]}<\/script>\n<!-- \/ Yoast SEO Premium plugin. -->","yoast_head_json":{"title":"Edital PC RO est\u00e1 com inscri\u00e7\u00f5es encerradas para 319 vagas","description":"Edital do concurso PC RO \u00e9 publicado com a oferta de 319 vagas de n\u00edvel superior. Inicial de at\u00e9 R$ 15,5 mil! Inscri\u00e7\u00f5es encerradas.","robots":{"index":"index","follow":"follow","max-snippet":"max-snippet:-1","max-image-preview":"max-image-preview:large","max-video-preview":"max-video-preview:-1"},"canonical":"https:\/\/www.estrategiaconcursos.com.br\/blog\/concurso-pc-ro-edital-publicado\/","og_locale":"pt_BR","og_type":"article","og_title":"Edital PC RO est\u00e1 com inscri\u00e7\u00f5es encerradas para 319 vagas","og_description":"Edital do concurso PC RO \u00e9 publicado com a oferta de 319 vagas de n\u00edvel superior. Inicial de at\u00e9 R$ 15,5 mil! Inscri\u00e7\u00f5es encerradas.","og_url":"https:\/\/www.estrategiaconcursos.com.br\/blog\/concurso-pc-ro-edital-publicado\/","og_site_name":"Estrat\u00e9gia Concursos","article_published_time":"2022-08-06T08:00:00+00:00","article_modified_time":"2023-06-29T18:09:01+00:00","og_image":[{"width":768,"height":432,"url":"https:\/\/dhg1h5j42swfq.cloudfront.net\/2021\/12\/18113713\/pc_ro.jpg","type":"image\/jpeg"}],"author":"Rafaela Teixeira","twitter_card":"summary_large_image","twitter_creator":"@EstratConcursos","twitter_site":"@EstratConcursos","twitter_misc":{"Escrito por":"Rafaela Teixeira","Est. tempo de leitura":"7 minutos"},"schema":{"@context":"https:\/\/schema.org","@graph":[{"@type":"NewsArticle","@id":"https:\/\/www.estrategiaconcursos.com.br\/blog\/concurso-pc-ro-edital-publicado\/#article","isPartOf":{"@id":"https:\/\/www.estrategiaconcursos.com.br\/blog\/concurso-pc-ro-edital-publicado\/"},"author":{"name":"Rafaela Teixeira","@id":"https:\/\/www.estrategiaconcursos.com.br\/blog\/#\/schema\/person\/e75352021ea7f60781c599934f916eb1"},"headline":"Edital PC RO est\u00e1 com inscri\u00e7\u00f5es encerradas para 319 vagas","datePublished":"2022-08-06T08:00:00+00:00","dateModified":"2023-06-29T18:09:01+00:00","mainEntityOfPage":{"@id":"https:\/\/www.estrategiaconcursos.com.br\/blog\/concurso-pc-ro-edital-publicado\/"},"wordCount":1237,"commentCount":0,"publisher":{"@id":"https:\/\/www.estrategiaconcursos.com.br\/blog\/#organization"},"image":{"@id":"https:\/\/www.estrategiaconcursos.com.br\/blog\/concurso-pc-ro-edital-publicado\/#primaryimage"},"thumbnailUrl":"https:\/\/dhg1h5j42swfq.cloudfront.net\/2021\/12\/18113713\/pc_ro.jpg","articleSection":["Policial (Agente, Escriv\u00e3o e Investigador)","Policial (Peritos, Papiloscopistas)","\u00daltimas not\u00edcias"],"inLanguage":"pt-BR","potentialAction":[{"@type":"CommentAction","name":"Comment","target":["https:\/\/www.estrategiaconcursos.com.br\/blog\/concurso-pc-ro-edital-publicado\/#respond"]}],"copyrightYear":"2022","copyrightHolder":{"@id":"https:\/\/www.estrategiaconcursos.com.br\/blog\/#organization"}},{"@type":"WebPage","@id":"https:\/\/www.estrategiaconcursos.com.br\/blog\/concurso-pc-ro-edital-publicado\/","url":"https:\/\/www.estrategiaconcursos.com.br\/blog\/concurso-pc-ro-edital-publicado\/","name":"Edital PC RO est\u00e1 com inscri\u00e7\u00f5es encerradas para 319 vagas","isPartOf":{"@id":"https:\/\/www.estrategiaconcursos.com.br\/blog\/#website"},"primaryImageOfPage":{"@id":"https:\/\/www.estrategiaconcursos.com.br\/blog\/concurso-pc-ro-edital-publicado\/#primaryimage"},"image":{"@id":"https:\/\/www.estrategiaconcursos.com.br\/blog\/concurso-pc-ro-edital-publicado\/#primaryimage"},"thumbnailUrl":"https:\/\/dhg1h5j42swfq.cloudfront.net\/2021\/12\/18113713\/pc_ro.jpg","datePublished":"2022-08-06T08:00:00+00:00","dateModified":"2023-06-29T18:09:01+00:00","description":"Edital do concurso PC RO \u00e9 publicado com a oferta de 319 vagas de n\u00edvel superior. Inicial de at\u00e9 R$ 15,5 mil! Inscri\u00e7\u00f5es encerradas.","breadcrumb":{"@id":"https:\/\/www.estrategiaconcursos.com.br\/blog\/concurso-pc-ro-edital-publicado\/#breadcrumb"},"inLanguage":"pt-BR","potentialAction":[{"@type":"ReadAction","target":["https:\/\/www.estrategiaconcursos.com.br\/blog\/concurso-pc-ro-edital-publicado\/"]}]},{"@type":"ImageObject","inLanguage":"pt-BR","@id":"https:\/\/www.estrategiaconcursos.com.br\/blog\/concurso-pc-ro-edital-publicado\/#primaryimage","url":"https:\/\/dhg1h5j42swfq.cloudfront.net\/2021\/12\/18113713\/pc_ro.jpg","contentUrl":"https:\/\/dhg1h5j42swfq.cloudfront.net\/2021\/12\/18113713\/pc_ro.jpg","width":768,"height":432,"caption":"PC RO"},{"@type":"BreadcrumbList","@id":"https:\/\/www.estrategiaconcursos.com.br\/blog\/concurso-pc-ro-edital-publicado\/#breadcrumb","itemListElement":[{"@type":"ListItem","position":1,"name":"In\u00edcio","item":"https:\/\/www.estrategiaconcursos.com.br\/blog\/"},{"@type":"ListItem","position":2,"name":"Edital PC RO est\u00e1 com inscri\u00e7\u00f5es encerradas para 319 vagas"}]},{"@type":"WebSite","@id":"https:\/\/www.estrategiaconcursos.com.br\/blog\/#website","url":"https:\/\/www.estrategiaconcursos.com.br\/blog\/","name":"Estrat\u00e9gia Concursos","description":"O blog da Estrat\u00e9gia Concursos traz not\u00edcias sobre concursos e artigos de professores oferecendo cursos para concursos (pdf + videaulas) no site.","publisher":{"@id":"https:\/\/www.estrategiaconcursos.com.br\/blog\/#organization"},"potentialAction":[{"@type":"SearchAction","target":{"@type":"EntryPoint","urlTemplate":"https:\/\/www.estrategiaconcursos.com.br\/blog\/?s={search_term_string}"},"query-input":{"@type":"PropertyValueSpecification","valueRequired":true,"valueName":"search_term_string"}}],"inLanguage":"pt-BR"},{"@type":"Organization","@id":"https:\/\/www.estrategiaconcursos.com.br\/blog\/#organization","name":"Estrat\u00e9gia Concursos","url":"https:\/\/www.estrategiaconcursos.com.br\/blog\/","logo":{"@type":"ImageObject","inLanguage":"pt-BR","@id":"https:\/\/www.estrategiaconcursos.com.br\/blog\/#\/schema\/logo\/image\/","url":"https:\/\/dhg1h5j42swfq.cloudfront.net\/2025\/06\/03203428\/logo_concursos-1.jpg","contentUrl":"https:\/\/dhg1h5j42swfq.cloudfront.net\/2025\/06\/03203428\/logo_concursos-1.jpg","width":230,"height":60,"caption":"Estrat\u00e9gia Concursos"},"image":{"@id":"https:\/\/www.estrategiaconcursos.com.br\/blog\/#\/schema\/logo\/image\/"},"sameAs":["https:\/\/x.com\/EstratConcursos"]},{"@type":"Person","@id":"https:\/\/www.estrategiaconcursos.com.br\/blog\/#\/schema\/person\/e75352021ea7f60781c599934f916eb1","name":"Rafaela Teixeira","image":{"@type":"ImageObject","inLanguage":"pt-BR","@id":"https:\/\/secure.gravatar.com\/avatar\/8a349a2b22039b1ee88fc06461487c950fd6aa411ea8af8633314b43334ae793?s=96&d=mm&r=g","url":"https:\/\/secure.gravatar.com\/avatar\/8a349a2b22039b1ee88fc06461487c950fd6aa411ea8af8633314b43334ae793?s=96&d=mm&r=g","contentUrl":"https:\/\/secure.gravatar.com\/avatar\/8a349a2b22039b1ee88fc06461487c950fd6aa411ea8af8633314b43334ae793?s=96&d=mm&r=g","caption":"Rafaela Teixeira"},"description":"Rafaela Teixeira \u00e9 advogada conveniada \u00e0 Defensoria P\u00fablica de S\u00e3o Paulo pela OAB, com experi\u00eancia em reda\u00e7\u00e3o jur\u00eddica e atua\u00e7\u00e3o em institui\u00e7\u00f5es p\u00fablicas, incluindo est\u00e1gio no TRE-SP. Possui mais de 7 anos de experi\u00eancia na produ\u00e7\u00e3o de conte\u00fados voltados ao nicho de concursos p\u00fablicos, com foco em apura\u00e7\u00e3o jornal\u00edstica cont\u00ednua, an\u00e1lise de editais e obten\u00e7\u00e3o de informa\u00e7\u00f5es diretamente junto a \u00f3rg\u00e3os e fontes oficiais. No Blog do Estrat\u00e9gia Concursos, atua como Analista de Conte\u00fado S\u00eanior, respons\u00e1vel pelo jornalismo do per\u00edodo noturno e da madrugada, com atua\u00e7\u00e3o transversal na cobertura de concursos p\u00fablicos, garantindo a continuidade, fluidez e confiabilidade das publica\u00e7\u00f5es e dos bastidores dos certames.","url":"https:\/\/www.estrategiaconcursos.com.br\/blog\/author\/rafaela-teixeira\/"}]}},"_links":{"self":[{"href":"https:\/\/www.estrategiaconcursos.com.br\/blog\/wp-json\/wp\/v2\/posts\/992040","targetHints":{"allow":["GET"]}}],"collection":[{"href":"https:\/\/www.estrategiaconcursos.com.br\/blog\/wp-json\/wp\/v2\/posts"}],"about":[{"href":"https:\/\/www.estrategiaconcursos.com.br\/blog\/wp-json\/wp\/v2\/types\/post"}],"author":[{"embeddable":true,"href":"https:\/\/www.estrategiaconcursos.com.br\/blog\/wp-json\/wp\/v2\/users\/2134"}],"replies":[{"embeddable":true,"href":"https:\/\/www.estrategiaconcursos.com.br\/blog\/wp-json\/wp\/v2\/comments?post=992040"}],"version-history":[{"count":27,"href":"https:\/\/www.estrategiaconcursos.com.br\/blog\/wp-json\/wp\/v2\/posts\/992040\/revisions"}],"predecessor-version":[{"id":1241173,"href":"https:\/\/www.estrategiaconcursos.com.br\/blog\/wp-json\/wp\/v2\/posts\/992040\/revisions\/1241173"}],"wp:featuredmedia":[{"embeddable":true,"href":"https:\/\/www.estrategiaconcursos.com.br\/blog\/wp-json\/wp\/v2\/media\/932539"}],"wp:attachment":[{"href":"https:\/\/www.estrategiaconcursos.com.br\/blog\/wp-json\/wp\/v2\/media?parent=992040"}],"wp:term":[{"taxonomy":"category","embeddable":true,"href":"https:\/\/www.estrategiaconcursos.com.br\/blog\/wp-json\/wp\/v2\/categories?post=992040"},{"taxonomy":"post_tag","embeddable":true,"href":"https:\/\/www.estrategiaconcursos.com.br\/blog\/wp-json\/wp\/v2\/tags?post=992040"},{"taxonomy":"tax_estado","embeddable":true,"href":"https:\/\/www.estrategiaconcursos.com.br\/blog\/wp-json\/wp\/v2\/tax_estado?post=992040"}],"curies":[{"name":"wp","href":"https:\/\/api.w.org\/{rel}","templated":true}]}}