{"id":991322,"date":"2022-05-24T15:07:00","date_gmt":"2022-05-24T18:07:00","guid":{"rendered":"https:\/\/www.estrategiaconcursos.com.br\/blog\/?p=991322"},"modified":"2022-05-24T15:49:54","modified_gmt":"2022-05-24T18:49:54","slug":"concurso-crc-ac","status":"publish","type":"post","link":"https:\/\/www.estrategiaconcursos.com.br\/blog\/concurso-crc-ac\/","title":{"rendered":"Concurso CRC AC: gabarito preliminar divulgado"},"content":{"rendered":"\n<p>O\u00a0Conselho Regional de Contabilidade do Acre (<strong>concurso CRC AC<\/strong>)\u00a0divulgou o gabarito preliminar da prova objetiva aplicada 22 de maio.<\/p>\n\n\n\n<p>Confira maiores detalhes por meio da aba &#8220;situa\u00e7\u00e3o atual&#8221; dispon\u00edvel no \u00edndice abaixo. <\/p>\n\n\n\n<ul id=\"block-ee678516-e9d1-48bd-b327-7b9acd55f0fd\" class=\"has-cyan-bluish-gray-background-color has-background wp-block-list\"><li><strong>Concurso CRC AC<\/strong><\/li><li><strong>Status:<\/strong>\u00a0gabarito preliminar divulgado<\/li><li><strong>Banca:\u00a0<\/strong>Quadrix<\/li><li><strong>Vagas:\u00a0<\/strong>50<\/li><li><strong>Sal\u00e1rio inicial:<\/strong>\u00a0R$ 1.360,80<\/li><li><a href=\"https:\/\/dhg1h5j42swfq.cloudfront.net\/2020\/05\/09090844\/Edital-CRC-RO-2015.pdf\" target=\"_blank\" rel=\"noreferrer noopener nofollow\">Edital CRC AC<\/a><\/li><\/ul>\n\n\n\n<div class=\"col-sm\">\n      <div class=\"banner-estrategia\" id=\"box-assinatura\">\n        <h3 class=\"titulo-assinatura\">Cursos para CRC AC<\/h3>\n        <p class=\"subtitulo-assinatura\">Conhe\u00e7a os cursos<\/p>\n        <div class=\"box-botao\">\n          <a class=\"btn-assinatura\" target=\"_blank\" href=\"https:\/\/www.estrategiaconcursos.com.br\/cursos\/concurso\/\" role=\"button\" rel=\"noopener noreferrer\">Conhe\u00e7a mais<\/a>\n        <\/div>\n      <\/div>\n      <p class=\"texto-auxiliar\">Prepare-se com o melhor material e com quem mais aprova em Concursos P\u00fablicos em todo o pa\u00eds.<\/p>\n    <\/div>\n\n\n\n<ul class=\"wp-block-list\"><li><strong><a href=\"#atual\" target=\"_blank\" rel=\"noreferrer noopener\">Situa\u00e7\u00e3o atual do concurso<\/a><\/strong><\/li><li><strong><a href=\"#carreira\" target=\"_blank\" rel=\"noreferrer noopener\">Carreira<\/a><\/strong><ul><li><a href=\"#cargos\">Cargos e vagas<\/a><\/li><li><a href=\"#remuneracao\">Remunera\u00e7\u00e3o<\/a><\/li><li><a href=\"#requisitos\">Requisitos<\/a><\/li><li><a href=\"#atribuicoes\">Atribui\u00e7\u00f5es<\/a><\/li><\/ul><\/li><li><a href=\"#etapas\">Etapas do concurso<\/a><ul><li><a href=\"#objetiva\">Prova Objetiva<\/a><ul><li><a href=\"#conteudo\">Conte\u00fado<\/a><\/li><\/ul><\/li><li><a href=\"#titulos\">Avalia\u00e7\u00e3o de T\u00edtulos<\/a><\/li><\/ul><\/li><li><a href=\"#cursos\"><strong>Cursos e Assinaturas<\/strong><\/a><\/li><li><strong><a href=\"#ficha\">Ficha T\u00e9cnica<\/a><\/strong><\/li><\/ul>\n\n\n\n<h2 class=\"wp-block-heading\" id=\"atual\">Concurso CRC AC: situa\u00e7\u00e3o atual<\/h2>\n\n\n\n<p>O edital do Conselho Regional de Contabilidade do Acre (<strong>concurso CRC AC<\/strong>)\u00a0divulgou o gabarito preliminar da prova objetiva aplicada em 22 de maio.<\/p>\n\n\n\n<p>A consulta deve ser feita por meio do site da banca Quadrix ou por meio <a href=\"http:\/\/www.quadrix.org.br\/web\/visualizar.html?file=http:\/\/www.quadrix.org.br\/Archives\/General\/25257\/26106\/26455\/3109CAB19A7B\/2_CRC-AC_concurso_publico_2022_gabarito_preliminar.pdf\" target=\"_blank\" rel=\"noreferrer noopener\">deste link<\/a>.<\/p>\n\n\n\n<h2 class=\"wp-block-heading\" id=\"carreira\">Concurso CRC AC: carreira<\/h2>\n\n\n\n<h3 class=\"wp-block-heading\" id=\"cargos\">Cargos e vagas<\/h3>\n\n\n\n<p>S\u00e3o ofertadas&nbsp;<strong>50 vagas<\/strong>&nbsp;para os cargos de&nbsp;<strong>Agente Administrativo<\/strong> e <strong>Contador<\/strong>. Confira:<\/p>\n\n\n\n<figure class=\"wp-block-image size-full\"><img loading=\"lazy\" decoding=\"async\" width=\"989\" height=\"316\" src=\"https:\/\/dhg1h5j42swfq.cloudfront.net\/2022\/03\/21144011\/vagas-1.jpg\" alt=\"\" class=\"wp-image-991335\" srcset=\"https:\/\/dhg1h5j42swfq.cloudfront.net\/2022\/03\/21144011\/vagas-1.jpg 989w, https:\/\/dhg1h5j42swfq.cloudfront.net\/2022\/03\/21144011\/vagas-1-300x96.jpg 300w, https:\/\/dhg1h5j42swfq.cloudfront.net\/2022\/03\/21144011\/vagas-1-768x245.jpg 768w, https:\/\/dhg1h5j42swfq.cloudfront.net\/2022\/03\/21144011\/vagas-1-610x195.jpg 610w\" sizes=\"auto, (max-width: 989px) 100vw, 989px\" \/><\/figure>\n\n\n\n<h3 class=\"wp-block-heading\" id=\"remuneracao\">Remunera\u00e7\u00e3o<\/h3>\n\n\n\n<p>O aprovado no cargo Agente Administrativo ter\u00e1 vencimento b\u00e1sico de<strong>&nbsp;R$ 1.360,80<\/strong>. Para o Contador o sal\u00e1rio \u00e9 de <strong>R$ 3.000,00<\/strong>. Al\u00e9m da remunera\u00e7\u00e3o, h\u00e1 os seguintes benef\u00edcios:<\/p>\n\n\n\n<ul class=\"wp-block-list\"><li>Vale Refei\u00e7\u00e3o, no valor de R$ 649,06 por m\u00eas;<\/li><li>Plano de Cargos e Sal\u00e1rios; e<\/li><li>Vale transporte.<\/li><\/ul>\n\n\n\n<h3 class=\"wp-block-heading\" id=\"requisitos\">Requisitos<\/h3>\n\n\n\n<h4 class=\"wp-block-heading\" id=\"agente-administrativo\">Agente Administrativo<\/h4>\n\n\n\n<p>Certificado, devidamente registrado, de conclus\u00e3o de curso de n\u00edvel m\u00e9dio, expedido por institui\u00e7\u00e3o de ensino reconhecida pelo Minist\u00e9rio da Educa\u00e7\u00e3o (MEC).<\/p>\n\n\n\n<h4 class=\"wp-block-heading\" id=\"contador\">Contador<\/h4>\n\n\n\n<p>Diploma, devidamente registrado, de conclus\u00e3o de curso de gradua\u00e7\u00e3o de n\u00edvel superior em Ci\u00eancias Cont\u00e1beis, fornecido por institui\u00e7\u00e3o de ensino reconhecida pelo Minist\u00e9rio da Educa\u00e7\u00e3o (MEC). Inscri\u00e7\u00e3o no Conselho Regional de Contabilidade com todas as obriga\u00e7\u00f5es administrativas, cadastrais e financeiras regularizadas.<\/p>\n\n\n\n<h3 class=\"wp-block-heading\" id=\"atribuicoes\">Atribui\u00e7\u00f5es<\/h3>\n\n\n\n<h4 class=\"wp-block-heading\" id=\"agente-administrativo-1\">Agente Administrativo<\/h4>\n\n\n\n<p><strong>Descri\u00e7\u00e3o sum\u00e1ria das atividades e atribui\u00e7\u00f5es:<\/strong> Executar atividades de atendimento ao p\u00fablico e apoio administrativo em geralnos setores do Conselho Regional de Contabilidade.<\/p>\n\n\n\n<h4 class=\"wp-block-heading\" id=\"contador-1\">Contador<\/h4>\n\n\n\n<p><strong>Descri\u00e7\u00e3o sum\u00e1ria das atividades e atribui\u00e7\u00f5es:<\/strong> Executar atividades de fiscaliza\u00e7\u00e3o do exerc\u00edcio profissional no \u00e2mbito do CRCAC ou Executar atividades de Contabilidade no \u00e2mbito do CRCAC.<\/p>\n\n\n\n<h2 class=\"wp-block-heading\" id=\"etapas\">Etapas do concurso<\/h2>\n\n\n\n<p>Os candidatos ser\u00e3o avaliados da seguinte maneira:<\/p>\n\n\n\n<figure class=\"wp-block-image size-full\"><img loading=\"lazy\" decoding=\"async\" width=\"984\" height=\"227\" src=\"https:\/\/dhg1h5j42swfq.cloudfront.net\/2022\/03\/21145020\/fases.jpg\" alt=\"\" class=\"wp-image-991349\" srcset=\"https:\/\/dhg1h5j42swfq.cloudfront.net\/2022\/03\/21145020\/fases.jpg 984w, https:\/\/dhg1h5j42swfq.cloudfront.net\/2022\/03\/21145020\/fases-300x69.jpg 300w, https:\/\/dhg1h5j42swfq.cloudfront.net\/2022\/03\/21145020\/fases-768x177.jpg 768w, https:\/\/dhg1h5j42swfq.cloudfront.net\/2022\/03\/21145020\/fases-610x141.jpg 610w\" sizes=\"auto, (max-width: 984px) 100vw, 984px\" \/><\/figure>\n\n\n\n<h3 class=\"wp-block-heading\" id=\"objetiva\">Prova Objetiva<\/h3>\n\n\n\n<p>A prova objetiva de car\u00e1ter eliminat\u00f3rio e classificat\u00f3rio ser\u00e1 composta de <strong>50 quest\u00f5es<\/strong> de m\u00faltipla escolha, com <strong>4 alternativas<\/strong> para escolha de uma \u00fanica resposta. <\/p>\n\n\n\n<p>Os candidatos inscritos no cargo de <strong>n\u00edvel m\u00e9dio<\/strong> ser\u00e3o aprovados na prova objetiva se, cumulativamente: <\/p>\n\n\n\n<ul class=\"wp-block-list\"><li>obtiver nota igual ou superior a 15,00 pontos em Conhecimentos B\u00e1sicos; <\/li><li>obtiver nota igual ou superior a 5,00 pontos em Conhecimentos Complementares; e<\/li><li>obtiver nota igual ou superior a 30,00 pontos em Conhecimentos Espec\u00edficos<\/li><\/ul>\n\n\n\n<p>Os candidatos inscritos no cargo de <strong>n\u00edvel superior <\/strong>ser\u00e3o aprovados na prova objetiva se, cumulativamente: <\/p>\n\n\n\n<ul class=\"wp-block-list\"><li>obtiver nota igual ou superior a 15,00 pontos em Conhecimentos B\u00e1sicos;<\/li><li>obtiver nota igual ou superior a 5,00 pontos em Conhecimentos Complementares;<\/li><li>obtiver nota igual ou superior a 30,00 pontos em Conhecimentos Espec\u00edficos; <\/li><li>estiver classificado para a entrega de documentos para a avalia\u00e7\u00e3o de t\u00edtulos.<\/li><\/ul>\n\n\n\n<h3 class=\"wp-block-heading\" id=\"conteudo\">Conte\u00fado <\/h3>\n\n\n\n<ul class=\"wp-block-list\"><li>Conhecimentos b\u00e1sicos<\/li><\/ul>\n\n\n\n<h4 class=\"wp-block-heading\" id=\"lingua-portuguesa\">L\u00edngua Portuguesa<\/h4>\n\n\n\n<ul class=\"wp-block-list\"><li>Compreens\u00e3o e interpreta\u00e7\u00e3o de textos de g\u00eaneros variados;<\/li><li>Reconhecimento de tipos e g\u00eaneros textuais;<\/li><li>Dom\u00ednio da ortografia oficial;<\/li><li>Dom\u00ednio dos mecanismos de coes\u00e3o textual;<ul><li>Emprego de elementos de referencia\u00e7\u00e3o, substitui\u00e7\u00e3o e repeti\u00e7\u00e3o, de conectores e de outros elementos de sequencia\u00e7\u00e3o textual;<\/li><li>Emprego de tempos e modos verbais.<\/li><\/ul><\/li><li>Dom\u00ednio da estrutura morfossint\u00e1tica do per\u00edodo;<ul><li>Emprego das classes de palavras;<\/li><li>Rela\u00e7\u00f5es de coordena\u00e7\u00e3o entre ora\u00e7\u00f5es e entre termos da ora\u00e7\u00e3o;<\/li><li>Rela\u00e7\u00f5es de subordina\u00e7\u00e3o entre ora\u00e7\u00f5es e entre termos da ora\u00e7\u00e3o;<\/li><li>Emprego dos sinais de pontua\u00e7\u00e3o;<\/li><li>Concord\u00e2ncia verbal e nominal;<\/li><li>Reg\u00eancia verbal e nominal;<\/li><li>Emprego do sinal indicativo de crase;<\/li><li>Coloca\u00e7\u00e3o dos pronomes \u00e1tonos. <\/li><\/ul><\/li><li>Reescrita de frases e par\u00e1grafos do texto;<ul><li>Significa\u00e7\u00e3o das palavras;<\/li><li>Substitui\u00e7\u00e3o de palavras ou de trechos de texto;<\/li><li>Reorganiza\u00e7\u00e3o da estrutura de ora\u00e7\u00f5es e de per\u00edodos do texto;<\/li><li>Reescrita de textos de diferentes g\u00eaneros e n\u00edveis de formalidade. <\/li><\/ul><\/li><li>Correspond\u00eancia oficial (conforme Manual de Reda\u00e7\u00e3o da Presid\u00eancia da Rep\u00fablica);<ul><li>Aspectos gerais da reda\u00e7\u00e3o oficial;<\/li><li>Finalidade dos expedientes oficiais;<\/li><li>Adequa\u00e7\u00e3o da linguagem ao tipo de documento;<\/li><li>Adequa\u00e7\u00e3o do formato do texto ao g\u00eanero.<\/li><\/ul><\/li><\/ul>\n\n\n\n<h4 class=\"wp-block-heading\" id=\"nocoes-de-informatica\">No\u00e7\u00f5es de Inform\u00e1tica<\/h4>\n\n\n\n<ul class=\"wp-block-list\"><li>Conceitos b\u00e1sicos e modos de utiliza\u00e7\u00e3o de tecnologias, ferramentas, aplicativos e procedimentos de inform\u00e1tica: tipos de computadores, conceitos de hardwaree de software, instala\u00e7\u00e3o de perif\u00e9ricos<\/li><li>Edi\u00e7\u00e3o de textos, planilhas e apresenta\u00e7\u00f5es (ambiente Microsoft Office, vers\u00f5es 2010,2013 e 365)<\/li><li>No\u00e7\u00f5es de sistema operacional (ambiente Windows, vers\u00f5es 7, 8 e 10).<\/li><li>Redes de computadores: conceitos b\u00e1sicos, ferramentas, aplicativos e procedimentos de Internet e intranet.<\/li><li>Programas de navega\u00e7\u00e3o: Mozilla Firefox e Google Chrome.<\/li><li>Programa de correio eletr\u00f4nico: MSOutlook.<\/li><li>S\u00edtios de busca e pesquisa na Internet.<\/li><li>Conceitos de organiza\u00e7\u00e3o e de gerenciamento de informa\u00e7\u00f5es, arquivos, pastas e programas. <\/li><li>Seguran\u00e7a da informa\u00e7\u00e3o: procedimentos de seguran\u00e7a.<\/li><li>No\u00e7\u00f5es de v\u00edrus, wormse pragas virtuais.<\/li><li>Aplicativos para seguran\u00e7a (antiv\u00edrus, firewall, antispywareetc.).<\/li><li>Procedimentos de backup.<\/li><\/ul>\n\n\n\n<h4 class=\"wp-block-heading\" id=\"raciocinio-logico-e-matematica\">Racioc\u00ednio L\u00f3gico e Matem\u00e1tica<\/h4>\n\n\n\n<ul class=\"wp-block-list\"><li>Opera\u00e7\u00f5es, propriedades e aplica\u00e7\u00f5es (soma, subtra\u00e7\u00e3o, multiplica\u00e7\u00e3o, divis\u00e3o, potencia\u00e7\u00e3o e radicia\u00e7\u00e3o).<\/li><li>Princ\u00edpios de contagem e probabilidade.<\/li><li>Arranjos e permuta\u00e7\u00f5es.<\/li><li>Combina\u00e7\u00f5es.<\/li><li>Conjuntos num\u00e9ricos (n\u00fameros naturais, inteiros, racionais e reais) e opera\u00e7\u00f5es com conjuntos. <\/li><li>Raz\u00f5es e propor\u00e7\u00f5es (grandezas diretamente proporcionais, grandezas inversamente proporcionais, porcentagem, regras de tr\u00eas simples e compostas).<\/li><li>Equa\u00e7\u00f5es e inequa\u00e7\u00f5es<\/li><li>Sistemas de medidas.<\/li><li>Volumes.<\/li><li>Compreens\u00e3o de estruturas l\u00f3gicas.<\/li><li>L\u00f3gica de argumenta\u00e7\u00e3o (analogias, infer\u00eancias, dedu\u00e7\u00f5es e conclus\u00f5es).<\/li><li>Diagramas l\u00f3gicos.<\/li><\/ul>\n\n\n\n<p class=\"has-text-align-center has-luminous-vivid-amber-background-color has-background\"><strong><a href=\"http:\/\/www.quadrix.org.br\/web\/visualizar.html?file=http:\/\/www.quadrix.org.br\/Archives\/General\/25257\/26106\/26110\/FA62F7473D4A\/1_CRC-AC_concurso_publico%20_2022_edital_1.pdf\" target=\"_blank\" rel=\"noreferrer noopener\">Confira o conte\u00fado de conhecimentos complementares e espec\u00edficos<\/a><\/strong><\/p>\n\n\n\n<h3 class=\"wp-block-heading\" id=\"titulos\">Avalia\u00e7\u00e3o de T\u00edtulos<\/h3>\n\n\n\n<p>Somente ser\u00e3o convocados para entrega de documentos da avalia\u00e7\u00e3o de t\u00edtulos os candidatos de cargo de n\u00edvel superior aprovados na prova objetiva e classificados conforme quadro a seguir:<\/p>\n\n\n\n<figure class=\"wp-block-image size-full\"><img loading=\"lazy\" decoding=\"async\" width=\"968\" height=\"115\" src=\"https:\/\/dhg1h5j42swfq.cloudfront.net\/2022\/03\/21150129\/titulos.jpg\" alt=\"\" class=\"wp-image-991389\" srcset=\"https:\/\/dhg1h5j42swfq.cloudfront.net\/2022\/03\/21150129\/titulos.jpg 968w, https:\/\/dhg1h5j42swfq.cloudfront.net\/2022\/03\/21150129\/titulos-300x36.jpg 300w, https:\/\/dhg1h5j42swfq.cloudfront.net\/2022\/03\/21150129\/titulos-768x91.jpg 768w, https:\/\/dhg1h5j42swfq.cloudfront.net\/2022\/03\/21150129\/titulos-610x72.jpg 610w\" sizes=\"auto, (max-width: 968px) 100vw, 968px\" \/><\/figure>\n\n\n\n<h2 class=\"has-text-align-center wp-block-heading\" id=\"cursos\">Quer saber tudo sobre concursos previstos?<br \/>Confira nossos artigos!<\/h2>\n\n\n\n<ul class=\"wp-block-list\"><li><a href=\"https:\/\/www.estrategiaconcursos.com.br\/blog\/concursos-abertos\/\" target=\"_blank\" rel=\"noreferrer noopener\">Concursos abertos<\/a><\/li><li><a href=\"https:\/\/www.estrategiaconcursos.com.br\/blog\/concursos-2022\/\" target=\"_blank\" rel=\"noreferrer noopener\">Concursos 2022<\/a><\/li><\/ul>\n\n\n\n<h2 class=\"has-text-align-center wp-block-heading\" id=\"quer-estudar-para-o-concurso-crc-am\">Quer estudar para o concurso CRC AM?<\/h2>\n\n\n\n\n\n<div class=\"container\" id=\"boxes\">\n  <div class=\"row\">\n\n    <div class=\"col-sm\">\n      <div class=\"estrategia\" id=\"box-assinatura\">\n        <h3 class=\"titulo-assinatura\">Assinatura Concursos<\/h3>\n        <p class=\"subtitulo-assinatura\">Assinatura de 1 ano ou 2 anos<\/p>\n        <div class=\"box-botao\">\n          <a class=\"btn-assinatura\" target=\"_blank\" href=\"https:\/\/www.estrategiaconcursos.com.br\/assinaturas\/\" role=\"button\" rel=\"noopener noreferrer\">ASSINE AGORA<\/a>\n        <\/div>\n      <\/div>\n     \n    <\/div><\/div><\/div>\n\n\n\n\n\n<p id=\"ficha\">Informa\u00e7\u00f5es do pr\u00f3ximo CRC AC<\/p>\n\n\n\n<p><strong>\u25baData prevista da prova:<\/strong>&nbsp;22\/05\/2022<br \/><strong>\u25baVagas:<\/strong>&nbsp;50<br \/><strong>\u25baCargos:<\/strong>&nbsp;Agente Administrativo e Contador<br \/><strong>\u25baBanca:<\/strong>&nbsp;Quadrix<br \/><strong>\u25baEdital:<\/strong>&nbsp;<a href=\"http:\/\/www.quadrix.org.br\/web\/visualizar.html?file=http:\/\/www.quadrix.org.br\/Archives\/General\/25257\/26106\/26110\/FA62F7473D4A\/1_CRC-AC_concurso_publico%20_2022_edital_1.pdf\" target=\"_blank\" rel=\"noreferrer noopener\">2022<\/a><\/p>\n","protected":false},"excerpt":{"rendered":"<p>O\u00a0Conselho Regional de Contabilidade do Acre (concurso CRC AC)\u00a0divulgou o gabarito preliminar da prova objetiva aplicada 22 de maio. Confira maiores detalhes por meio da aba &#8220;situa\u00e7\u00e3o atual&#8221; dispon\u00edvel no \u00edndice abaixo. Concurso CRC AC Status:\u00a0gabarito preliminar divulgado Banca:\u00a0Quadrix Vagas:\u00a050 Sal\u00e1rio inicial:\u00a0R$ 1.360,80 Edital CRC AC Cursos para CRC AC Conhe\u00e7a os cursos Conhe\u00e7a mais [&hellip;]<\/p>\n","protected":false},"author":1,"featured_media":400671,"comment_status":"open","ping_status":"closed","sticky":false,"template":"","format":"standard","meta":{"post_tipo":"article","footnotes":""},"categories":[1],"tags":[],"tax_estado":[219964],"class_list":["post-991322","post","type-post","status-publish","format-standard","has-post-thumbnail","hentry","category-cursos-e-concursos","tax_estado-ac"],"acf":[],"yoast_head":"<!-- This site is optimized with the Yoast SEO Premium plugin v27.2 (Yoast SEO v27.2) - https:\/\/yoast.com\/product\/yoast-seo-premium-wordpress\/ -->\n<title>Concurso CRC AC: gabarito preliminar divulgado<\/title>\n<meta name=\"description\" content=\"O\u00a0Conselho Regional de Contabilidade do Acre (concurso CRC AC)\u00a0publicou nesta segunda-feira (21\/03) o edital do\u00a0novo certame.\" \/>\n<meta name=\"robots\" content=\"index, follow, max-snippet:-1, max-image-preview:large, max-video-preview:-1\" \/>\n<link rel=\"canonical\" href=\"https:\/\/www.estrategiaconcursos.com.br\/blog\/concurso-crc-ac\/\" \/>\n<meta property=\"og:locale\" content=\"pt_BR\" \/>\n<meta property=\"og:type\" content=\"article\" \/>\n<meta property=\"og:title\" content=\"Concurso CRC AC: gabarito preliminar divulgado\" \/>\n<meta property=\"og:description\" content=\"O\u00a0Conselho Regional de Contabilidade do Acre (concurso CRC AC)\u00a0publicou nesta segunda-feira (21\/03) o edital do\u00a0novo certame.\" \/>\n<meta property=\"og:url\" content=\"https:\/\/www.estrategiaconcursos.com.br\/blog\/concurso-crc-ac\/\" \/>\n<meta property=\"og:site_name\" content=\"Estrat\u00e9gia Concursos\" \/>\n<meta property=\"article:author\" content=\"https:\/\/www.facebook.com\/EstrategiaConcursos\" \/>\n<meta property=\"article:published_time\" content=\"2022-05-24T18:07:00+00:00\" \/>\n<meta property=\"article:modified_time\" content=\"2022-05-24T18:49:54+00:00\" \/>\n<meta property=\"og:image\" content=\"https:\/\/dhg1h5j42swfq.cloudfront.net\/2019\/07\/19145836\/JORNALISMO_ACRE.jpg\" \/>\n\t<meta property=\"og:image:width\" content=\"1200\" \/>\n\t<meta property=\"og:image:height\" content=\"628\" \/>\n\t<meta property=\"og:image:type\" content=\"image\/jpeg\" \/>\n<meta name=\"author\" content=\"Coordena\u00e7\u00e3o\" \/>\n<meta name=\"twitter:card\" content=\"summary_large_image\" \/>\n<meta name=\"twitter:creator\" content=\"@EstratConcursos\" \/>\n<meta name=\"twitter:site\" content=\"@EstratConcursos\" \/>\n<meta name=\"twitter:label1\" content=\"Escrito por\" \/>\n\t<meta name=\"twitter:data1\" content=\"Coordena\u00e7\u00e3o\" \/>\n\t<meta name=\"twitter:label2\" content=\"Est. tempo de leitura\" \/>\n\t<meta name=\"twitter:data2\" content=\"6 minutos\" \/>\n<script type=\"application\/ld+json\" class=\"yoast-schema-graph\">{\"@context\":\"https:\/\/schema.org\",\"@graph\":[{\"@type\":\"NewsArticle\",\"@id\":\"https:\/\/www.estrategiaconcursos.com.br\/blog\/concurso-crc-ac\/#article\",\"isPartOf\":{\"@id\":\"https:\/\/www.estrategiaconcursos.com.br\/blog\/concurso-crc-ac\/\"},\"author\":{\"name\":\"Coordena\u00e7\u00e3o\",\"@id\":\"https:\/\/www.estrategiaconcursos.com.br\/blog\/#\/schema\/person\/b4a388c97673c5f483d72185668afa1f\"},\"headline\":\"Concurso CRC AC: gabarito preliminar divulgado\",\"datePublished\":\"2022-05-24T18:07:00+00:00\",\"dateModified\":\"2022-05-24T18:49:54+00:00\",\"mainEntityOfPage\":{\"@id\":\"https:\/\/www.estrategiaconcursos.com.br\/blog\/concurso-crc-ac\/\"},\"wordCount\":1103,\"commentCount\":0,\"publisher\":{\"@id\":\"https:\/\/www.estrategiaconcursos.com.br\/blog\/#organization\"},\"image\":{\"@id\":\"https:\/\/www.estrategiaconcursos.com.br\/blog\/concurso-crc-ac\/#primaryimage\"},\"thumbnailUrl\":\"https:\/\/dhg1h5j42swfq.cloudfront.net\/2019\/07\/19145836\/JORNALISMO_ACRE.jpg\",\"articleSection\":[\"Concursos P\u00fablicos\"],\"inLanguage\":\"pt-BR\",\"potentialAction\":[{\"@type\":\"CommentAction\",\"name\":\"Comment\",\"target\":[\"https:\/\/www.estrategiaconcursos.com.br\/blog\/concurso-crc-ac\/#respond\"]}],\"copyrightYear\":\"2022\",\"copyrightHolder\":{\"@id\":\"https:\/\/www.estrategiaconcursos.com.br\/blog\/#organization\"}},{\"@type\":\"WebPage\",\"@id\":\"https:\/\/www.estrategiaconcursos.com.br\/blog\/concurso-crc-ac\/\",\"url\":\"https:\/\/www.estrategiaconcursos.com.br\/blog\/concurso-crc-ac\/\",\"name\":\"Concurso CRC AC: gabarito preliminar divulgado\",\"isPartOf\":{\"@id\":\"https:\/\/www.estrategiaconcursos.com.br\/blog\/#website\"},\"primaryImageOfPage\":{\"@id\":\"https:\/\/www.estrategiaconcursos.com.br\/blog\/concurso-crc-ac\/#primaryimage\"},\"image\":{\"@id\":\"https:\/\/www.estrategiaconcursos.com.br\/blog\/concurso-crc-ac\/#primaryimage\"},\"thumbnailUrl\":\"https:\/\/dhg1h5j42swfq.cloudfront.net\/2019\/07\/19145836\/JORNALISMO_ACRE.jpg\",\"datePublished\":\"2022-05-24T18:07:00+00:00\",\"dateModified\":\"2022-05-24T18:49:54+00:00\",\"description\":\"O\u00a0Conselho Regional de Contabilidade do Acre (concurso CRC AC)\u00a0publicou nesta segunda-feira (21\/03) o edital do\u00a0novo certame.\",\"breadcrumb\":{\"@id\":\"https:\/\/www.estrategiaconcursos.com.br\/blog\/concurso-crc-ac\/#breadcrumb\"},\"inLanguage\":\"pt-BR\",\"potentialAction\":[{\"@type\":\"ReadAction\",\"target\":[\"https:\/\/www.estrategiaconcursos.com.br\/blog\/concurso-crc-ac\/\"]}]},{\"@type\":\"ImageObject\",\"inLanguage\":\"pt-BR\",\"@id\":\"https:\/\/www.estrategiaconcursos.com.br\/blog\/concurso-crc-ac\/#primaryimage\",\"url\":\"https:\/\/dhg1h5j42swfq.cloudfront.net\/2019\/07\/19145836\/JORNALISMO_ACRE.jpg\",\"contentUrl\":\"https:\/\/dhg1h5j42swfq.cloudfront.net\/2019\/07\/19145836\/JORNALISMO_ACRE.jpg\",\"width\":1200,\"height\":628,\"caption\":\"concursos acre\"},{\"@type\":\"BreadcrumbList\",\"@id\":\"https:\/\/www.estrategiaconcursos.com.br\/blog\/concurso-crc-ac\/#breadcrumb\",\"itemListElement\":[{\"@type\":\"ListItem\",\"position\":1,\"name\":\"In\u00edcio\",\"item\":\"https:\/\/www.estrategiaconcursos.com.br\/blog\/\"},{\"@type\":\"ListItem\",\"position\":2,\"name\":\"Concurso CRC AC: gabarito preliminar divulgado\"}]},{\"@type\":\"WebSite\",\"@id\":\"https:\/\/www.estrategiaconcursos.com.br\/blog\/#website\",\"url\":\"https:\/\/www.estrategiaconcursos.com.br\/blog\/\",\"name\":\"Estrat\u00e9gia Concursos\",\"description\":\"O blog da Estrat\u00e9gia Concursos traz not\u00edcias sobre concursos e artigos de professores oferecendo cursos para concursos (pdf + videaulas) no site.\",\"publisher\":{\"@id\":\"https:\/\/www.estrategiaconcursos.com.br\/blog\/#organization\"},\"potentialAction\":[{\"@type\":\"SearchAction\",\"target\":{\"@type\":\"EntryPoint\",\"urlTemplate\":\"https:\/\/www.estrategiaconcursos.com.br\/blog\/?s={search_term_string}\"},\"query-input\":{\"@type\":\"PropertyValueSpecification\",\"valueRequired\":true,\"valueName\":\"search_term_string\"}}],\"inLanguage\":\"pt-BR\"},{\"@type\":\"Organization\",\"@id\":\"https:\/\/www.estrategiaconcursos.com.br\/blog\/#organization\",\"name\":\"Estrat\u00e9gia Concursos\",\"url\":\"https:\/\/www.estrategiaconcursos.com.br\/blog\/\",\"logo\":{\"@type\":\"ImageObject\",\"inLanguage\":\"pt-BR\",\"@id\":\"https:\/\/www.estrategiaconcursos.com.br\/blog\/#\/schema\/logo\/image\/\",\"url\":\"https:\/\/dhg1h5j42swfq.cloudfront.net\/2025\/06\/03203428\/logo_concursos-1.jpg\",\"contentUrl\":\"https:\/\/dhg1h5j42swfq.cloudfront.net\/2025\/06\/03203428\/logo_concursos-1.jpg\",\"width\":230,\"height\":60,\"caption\":\"Estrat\u00e9gia Concursos\"},\"image\":{\"@id\":\"https:\/\/www.estrategiaconcursos.com.br\/blog\/#\/schema\/logo\/image\/\"},\"sameAs\":[\"https:\/\/x.com\/EstratConcursos\"]},{\"@type\":\"Person\",\"@id\":\"https:\/\/www.estrategiaconcursos.com.br\/blog\/#\/schema\/person\/b4a388c97673c5f483d72185668afa1f\",\"name\":\"Coordena\u00e7\u00e3o\",\"image\":{\"@type\":\"ImageObject\",\"inLanguage\":\"pt-BR\",\"@id\":\"https:\/\/secure.gravatar.com\/avatar\/b720319e4c9a967eb58678d110f4fe35452fc5d5f97b202bac7b8acceb18c6ad?s=96&d=mm&r=g\",\"url\":\"https:\/\/secure.gravatar.com\/avatar\/b720319e4c9a967eb58678d110f4fe35452fc5d5f97b202bac7b8acceb18c6ad?s=96&d=mm&r=g\",\"contentUrl\":\"https:\/\/secure.gravatar.com\/avatar\/b720319e4c9a967eb58678d110f4fe35452fc5d5f97b202bac7b8acceb18c6ad?s=96&d=mm&r=g\",\"caption\":\"Coordena\u00e7\u00e3o\"},\"sameAs\":[\"https:\/\/www.facebook.com\/EstrategiaConcursos\",\"https:\/\/x.com\/EstratConcursos\"],\"url\":\"https:\/\/www.estrategiaconcursos.com.br\/blog\/author\/estrategia2013\/\"}]}<\/script>\n<!-- \/ Yoast SEO Premium plugin. -->","yoast_head_json":{"title":"Concurso CRC AC: gabarito preliminar divulgado","description":"O\u00a0Conselho Regional de Contabilidade do Acre (concurso CRC AC)\u00a0publicou nesta segunda-feira (21\/03) o edital do\u00a0novo certame.","robots":{"index":"index","follow":"follow","max-snippet":"max-snippet:-1","max-image-preview":"max-image-preview:large","max-video-preview":"max-video-preview:-1"},"canonical":"https:\/\/www.estrategiaconcursos.com.br\/blog\/concurso-crc-ac\/","og_locale":"pt_BR","og_type":"article","og_title":"Concurso CRC AC: gabarito preliminar divulgado","og_description":"O\u00a0Conselho Regional de Contabilidade do Acre (concurso CRC AC)\u00a0publicou nesta segunda-feira (21\/03) o edital do\u00a0novo certame.","og_url":"https:\/\/www.estrategiaconcursos.com.br\/blog\/concurso-crc-ac\/","og_site_name":"Estrat\u00e9gia Concursos","article_author":"https:\/\/www.facebook.com\/EstrategiaConcursos","article_published_time":"2022-05-24T18:07:00+00:00","article_modified_time":"2022-05-24T18:49:54+00:00","og_image":[{"width":1200,"height":628,"url":"https:\/\/dhg1h5j42swfq.cloudfront.net\/2019\/07\/19145836\/JORNALISMO_ACRE.jpg","type":"image\/jpeg"}],"author":"Coordena\u00e7\u00e3o","twitter_card":"summary_large_image","twitter_creator":"@EstratConcursos","twitter_site":"@EstratConcursos","twitter_misc":{"Escrito por":"Coordena\u00e7\u00e3o","Est. tempo de leitura":"6 minutos"},"schema":{"@context":"https:\/\/schema.org","@graph":[{"@type":"NewsArticle","@id":"https:\/\/www.estrategiaconcursos.com.br\/blog\/concurso-crc-ac\/#article","isPartOf":{"@id":"https:\/\/www.estrategiaconcursos.com.br\/blog\/concurso-crc-ac\/"},"author":{"name":"Coordena\u00e7\u00e3o","@id":"https:\/\/www.estrategiaconcursos.com.br\/blog\/#\/schema\/person\/b4a388c97673c5f483d72185668afa1f"},"headline":"Concurso CRC AC: gabarito preliminar divulgado","datePublished":"2022-05-24T18:07:00+00:00","dateModified":"2022-05-24T18:49:54+00:00","mainEntityOfPage":{"@id":"https:\/\/www.estrategiaconcursos.com.br\/blog\/concurso-crc-ac\/"},"wordCount":1103,"commentCount":0,"publisher":{"@id":"https:\/\/www.estrategiaconcursos.com.br\/blog\/#organization"},"image":{"@id":"https:\/\/www.estrategiaconcursos.com.br\/blog\/concurso-crc-ac\/#primaryimage"},"thumbnailUrl":"https:\/\/dhg1h5j42swfq.cloudfront.net\/2019\/07\/19145836\/JORNALISMO_ACRE.jpg","articleSection":["Concursos P\u00fablicos"],"inLanguage":"pt-BR","potentialAction":[{"@type":"CommentAction","name":"Comment","target":["https:\/\/www.estrategiaconcursos.com.br\/blog\/concurso-crc-ac\/#respond"]}],"copyrightYear":"2022","copyrightHolder":{"@id":"https:\/\/www.estrategiaconcursos.com.br\/blog\/#organization"}},{"@type":"WebPage","@id":"https:\/\/www.estrategiaconcursos.com.br\/blog\/concurso-crc-ac\/","url":"https:\/\/www.estrategiaconcursos.com.br\/blog\/concurso-crc-ac\/","name":"Concurso CRC AC: gabarito preliminar divulgado","isPartOf":{"@id":"https:\/\/www.estrategiaconcursos.com.br\/blog\/#website"},"primaryImageOfPage":{"@id":"https:\/\/www.estrategiaconcursos.com.br\/blog\/concurso-crc-ac\/#primaryimage"},"image":{"@id":"https:\/\/www.estrategiaconcursos.com.br\/blog\/concurso-crc-ac\/#primaryimage"},"thumbnailUrl":"https:\/\/dhg1h5j42swfq.cloudfront.net\/2019\/07\/19145836\/JORNALISMO_ACRE.jpg","datePublished":"2022-05-24T18:07:00+00:00","dateModified":"2022-05-24T18:49:54+00:00","description":"O\u00a0Conselho Regional de Contabilidade do Acre (concurso CRC AC)\u00a0publicou nesta segunda-feira (21\/03) o edital do\u00a0novo certame.","breadcrumb":{"@id":"https:\/\/www.estrategiaconcursos.com.br\/blog\/concurso-crc-ac\/#breadcrumb"},"inLanguage":"pt-BR","potentialAction":[{"@type":"ReadAction","target":["https:\/\/www.estrategiaconcursos.com.br\/blog\/concurso-crc-ac\/"]}]},{"@type":"ImageObject","inLanguage":"pt-BR","@id":"https:\/\/www.estrategiaconcursos.com.br\/blog\/concurso-crc-ac\/#primaryimage","url":"https:\/\/dhg1h5j42swfq.cloudfront.net\/2019\/07\/19145836\/JORNALISMO_ACRE.jpg","contentUrl":"https:\/\/dhg1h5j42swfq.cloudfront.net\/2019\/07\/19145836\/JORNALISMO_ACRE.jpg","width":1200,"height":628,"caption":"concursos acre"},{"@type":"BreadcrumbList","@id":"https:\/\/www.estrategiaconcursos.com.br\/blog\/concurso-crc-ac\/#breadcrumb","itemListElement":[{"@type":"ListItem","position":1,"name":"In\u00edcio","item":"https:\/\/www.estrategiaconcursos.com.br\/blog\/"},{"@type":"ListItem","position":2,"name":"Concurso CRC AC: gabarito preliminar divulgado"}]},{"@type":"WebSite","@id":"https:\/\/www.estrategiaconcursos.com.br\/blog\/#website","url":"https:\/\/www.estrategiaconcursos.com.br\/blog\/","name":"Estrat\u00e9gia Concursos","description":"O blog da Estrat\u00e9gia Concursos traz not\u00edcias sobre concursos e artigos de professores oferecendo cursos para concursos (pdf + videaulas) no site.","publisher":{"@id":"https:\/\/www.estrategiaconcursos.com.br\/blog\/#organization"},"potentialAction":[{"@type":"SearchAction","target":{"@type":"EntryPoint","urlTemplate":"https:\/\/www.estrategiaconcursos.com.br\/blog\/?s={search_term_string}"},"query-input":{"@type":"PropertyValueSpecification","valueRequired":true,"valueName":"search_term_string"}}],"inLanguage":"pt-BR"},{"@type":"Organization","@id":"https:\/\/www.estrategiaconcursos.com.br\/blog\/#organization","name":"Estrat\u00e9gia Concursos","url":"https:\/\/www.estrategiaconcursos.com.br\/blog\/","logo":{"@type":"ImageObject","inLanguage":"pt-BR","@id":"https:\/\/www.estrategiaconcursos.com.br\/blog\/#\/schema\/logo\/image\/","url":"https:\/\/dhg1h5j42swfq.cloudfront.net\/2025\/06\/03203428\/logo_concursos-1.jpg","contentUrl":"https:\/\/dhg1h5j42swfq.cloudfront.net\/2025\/06\/03203428\/logo_concursos-1.jpg","width":230,"height":60,"caption":"Estrat\u00e9gia Concursos"},"image":{"@id":"https:\/\/www.estrategiaconcursos.com.br\/blog\/#\/schema\/logo\/image\/"},"sameAs":["https:\/\/x.com\/EstratConcursos"]},{"@type":"Person","@id":"https:\/\/www.estrategiaconcursos.com.br\/blog\/#\/schema\/person\/b4a388c97673c5f483d72185668afa1f","name":"Coordena\u00e7\u00e3o","image":{"@type":"ImageObject","inLanguage":"pt-BR","@id":"https:\/\/secure.gravatar.com\/avatar\/b720319e4c9a967eb58678d110f4fe35452fc5d5f97b202bac7b8acceb18c6ad?s=96&d=mm&r=g","url":"https:\/\/secure.gravatar.com\/avatar\/b720319e4c9a967eb58678d110f4fe35452fc5d5f97b202bac7b8acceb18c6ad?s=96&d=mm&r=g","contentUrl":"https:\/\/secure.gravatar.com\/avatar\/b720319e4c9a967eb58678d110f4fe35452fc5d5f97b202bac7b8acceb18c6ad?s=96&d=mm&r=g","caption":"Coordena\u00e7\u00e3o"},"sameAs":["https:\/\/www.facebook.com\/EstrategiaConcursos","https:\/\/x.com\/EstratConcursos"],"url":"https:\/\/www.estrategiaconcursos.com.br\/blog\/author\/estrategia2013\/"}]}},"_links":{"self":[{"href":"https:\/\/www.estrategiaconcursos.com.br\/blog\/wp-json\/wp\/v2\/posts\/991322","targetHints":{"allow":["GET"]}}],"collection":[{"href":"https:\/\/www.estrategiaconcursos.com.br\/blog\/wp-json\/wp\/v2\/posts"}],"about":[{"href":"https:\/\/www.estrategiaconcursos.com.br\/blog\/wp-json\/wp\/v2\/types\/post"}],"author":[{"embeddable":true,"href":"https:\/\/www.estrategiaconcursos.com.br\/blog\/wp-json\/wp\/v2\/users\/1"}],"replies":[{"embeddable":true,"href":"https:\/\/www.estrategiaconcursos.com.br\/blog\/wp-json\/wp\/v2\/comments?post=991322"}],"version-history":[{"count":20,"href":"https:\/\/www.estrategiaconcursos.com.br\/blog\/wp-json\/wp\/v2\/posts\/991322\/revisions"}],"predecessor-version":[{"id":1617068,"href":"https:\/\/www.estrategiaconcursos.com.br\/blog\/wp-json\/wp\/v2\/posts\/991322\/revisions\/1617068"}],"wp:featuredmedia":[{"embeddable":true,"href":"https:\/\/www.estrategiaconcursos.com.br\/blog\/wp-json\/wp\/v2\/media\/400671"}],"wp:attachment":[{"href":"https:\/\/www.estrategiaconcursos.com.br\/blog\/wp-json\/wp\/v2\/media?parent=991322"}],"wp:term":[{"taxonomy":"category","embeddable":true,"href":"https:\/\/www.estrategiaconcursos.com.br\/blog\/wp-json\/wp\/v2\/categories?post=991322"},{"taxonomy":"post_tag","embeddable":true,"href":"https:\/\/www.estrategiaconcursos.com.br\/blog\/wp-json\/wp\/v2\/tags?post=991322"},{"taxonomy":"tax_estado","embeddable":true,"href":"https:\/\/www.estrategiaconcursos.com.br\/blog\/wp-json\/wp\/v2\/tax_estado?post=991322"}],"curies":[{"name":"wp","href":"https:\/\/api.w.org\/{rel}","templated":true}]}}