{"id":991194,"date":"2022-03-21T11:56:17","date_gmt":"2022-03-21T14:56:17","guid":{"rendered":"https:\/\/www.estrategiaconcursos.com.br\/blog\/?p=991194"},"modified":"2022-04-26T16:54:10","modified_gmt":"2022-04-26T19:54:10","slug":"concurso-crm-pb-2022-edital-publicado","status":"publish","type":"post","link":"https:\/\/www.estrategiaconcursos.com.br\/blog\/concurso-crm-pb-2022-edital-publicado\/","title":{"rendered":"Edital do concurso CRM PB est\u00e1 com inscri\u00e7\u00f5es encerradas!"},"content":{"rendered":"\n<p>Est\u00e3o encerradas as inscri\u00e7\u00f5es do\u00a0<strong>edital do concurso CRM PB<\/strong>\u00a0(<a href=\"https:\/\/www.estrategiaconcursos.com.br\/cursos\/concurso\/\" target=\"_blank\" rel=\"noreferrer noopener\">Conselho Regional de Medicina do Estado da Para\u00edba<\/a>). Os interessados puderam se candidatar at\u00e9 25 de abril, no portal do IDIB.<\/p>\n\n\n\n<p>O edital oferta o total de 06 vagas imediatas e 55 vagas para forma\u00e7\u00e3o de cadastro de reserva.<\/p>\n\n\n\n<p>Ser\u00e1 aplicado exame de habilidades e conhecimentos, mediante aplica\u00e7\u00e3o de prova objetiva. A prova ser\u00e1 realizada no dia <strong>21 de maio de 2022<\/strong>.<\/p>\n\n\n\n\n\n<h2 class=\"wp-block-heading\" id=\"edital-crm-pb-principais-datas\">Edital CRM PB: principais datas<\/h2>\n\n\n\n<ul class=\"has-cyan-bluish-gray-background-color has-background wp-block-list\"><li><strong>Inscri\u00e7\u00f5es:<\/strong> encerradas<\/li><li><strong>Banca<\/strong>: IDIB<\/li><li><strong>Inscri\u00e7\u00f5es:\u00a0<\/strong><s>21\/03\/2022 a 25\/04\/2022<\/s><\/li><li><strong>Prova:<\/strong>\u00a021\/05\/2022<\/li><li><strong>Edital:<\/strong>\u00a0<a href=\"https:\/\/dhg1h5j42swfq.cloudfront.net\/2022\/03\/21125715\/concurso-crm-pb.pdf\" target=\"_blank\" rel=\"noreferrer noopener\">CRM PB<\/a><\/li><\/ul>\n\n\n\n<h2 class=\"wp-block-heading\" id=\"edital-crm-pb-cargos-e-vagas\">Edital CRM PB: cargos e vagas<\/h2>\n\n\n\n<p>S\u00e3o, ao todo, 06 vagas imediatas e 55 vagas para cadastro de reserva. Confira:<\/p>\n\n\n\n<figure class=\"wp-block-image size-full\"><img loading=\"lazy\" decoding=\"async\" width=\"776\" height=\"398\" src=\"https:\/\/dhg1h5j42swfq.cloudfront.net\/2022\/03\/21115044\/concurso-crm-pb.jpg\" alt=\"edital crm pb vagas\" class=\"wp-image-991198\" srcset=\"https:\/\/dhg1h5j42swfq.cloudfront.net\/2022\/03\/21115044\/concurso-crm-pb.jpg 776w, https:\/\/dhg1h5j42swfq.cloudfront.net\/2022\/03\/21115044\/concurso-crm-pb-300x154.jpg 300w, https:\/\/dhg1h5j42swfq.cloudfront.net\/2022\/03\/21115044\/concurso-crm-pb-768x394.jpg 768w, https:\/\/dhg1h5j42swfq.cloudfront.net\/2022\/03\/21115044\/concurso-crm-pb-610x313.jpg 610w\" sizes=\"auto, (max-width: 776px) 100vw, 776px\" \/><figcaption>Vagas &#8211; CRM PB<\/figcaption><\/figure>\n\n\n\n<h2 class=\"wp-block-heading\" id=\"edital-crm-pb-atribuicoes\">Edital CRM PB: atribui\u00e7\u00f5es <\/h2>\n\n\n\n<p><strong>Assistente Administrativo<\/strong><br \/>Atribui\u00e7\u00f5es: Recepciona as pessoas que se dirigem ao CRM\/PB, orientando-as de acordo com suas solicita\u00e7\u00f5es e preenchimento de formul\u00e1rios verificando a sua exatid\u00e3o em compara\u00e7\u00e3o com documentos comprobat\u00f3rios. Realiza o registro de pessoas f\u00edsicas e jur\u00eddicas, anotando as informa\u00e7\u00f5es necess\u00e1rias para a regulariza\u00e7\u00e3o do seu exerc\u00edcio profissional, encaminhando para deferimento. Encaminha processos \u00e0s C\u00e2maras. Transmite aos profissionais e aos respons\u00e1veis t\u00e9cnicos pelas empresas as exig\u00eancias das C\u00e2maras. Entre outras.<\/p>\n\n\n\n<p><strong>T\u00e9cnico de Inform\u00e1tica<\/strong><br \/>Atribui\u00e7\u00f5es: Instala e mant\u00e9m software e aplicativos. Configura aplicativos e hardware. Instala, acessa, pesquisa e treina usu\u00e1rios da Internet. Realiza a manuten\u00e7\u00e3o preventiva dos equipamentos. Instala e mant\u00e9m equipamentos perif\u00e9ricos. Conecta equipamentos \u00e0 rede. Orienta os usu\u00e1rios na utiliza\u00e7\u00e3o dos equipamentos e sistemas.<\/p>\n\n\n\n<p><strong>Agente Fiscal<\/strong><br \/>Atribui\u00e7\u00f5es: Verificar se os servi\u00e7os fiscalizados est\u00e3o de acordo com a atividade declarada pelo m\u00e9dico na atividade privada ou no contrato social registrado de pessoas jur\u00eddicas. Verificar nos estabelecimentos p\u00fablicos ou privados o que consta como atividade-fim, assim como sua regulariza\u00e7\u00e3o no Conselho Regional de Medicina. Utiliza\u00e7\u00e3o de ve\u00edculos oficiais do conselho (inclusive operando os mesmos quando necess\u00e1rio e solicitado) em todo o territ\u00f3rio do Estado da Para\u00edba para promover fiscaliza\u00e7\u00e3o ou outro servi\u00e7o pertinente a natureza do CRM\/PB. Quando for o condutor, vistoriar os ve\u00edculos a serem utilizados nas fiscaliza\u00e7\u00f5es, zelando por seu perfeito estado de conserva\u00e7\u00e3o e higiene, mantendo-os abastecidos e lubrificados, observando o estado de pneus, informando \u00e0 chefia de manuten\u00e7\u00e3o qualquer anomalia.<\/p>\n\n\n\n<h3 class=\"wp-block-heading\" id=\"prova-objetiva\">Prova objetiva do Edital CRM PB<\/h3>\n\n\n\n<p>Os locais e os hor\u00e1rios de realiza\u00e7\u00e3o das provas objetivas ser\u00e3o divulgados no endere\u00e7o eletr\u00f4nico www.idib.org.br.<\/p>\n\n\n\n<h4 class=\"wp-block-heading\" id=\"disciplinas\">Disciplinas<\/h4>\n\n\n\n<p><strong>Todos os cargos&nbsp;<\/strong><\/p>\n\n\n\n<ul class=\"wp-block-list\"><li>L\u00edngua Portuguesa<\/li><li>Racioc\u00ednio L\u00f3gico<\/li><li>Inform\u00e1tica<\/li><li>Conhecimentos Espec\u00edficos do Cargo<\/li><\/ul>\n\n\n\n<h2 class=\"has-text-align-center has-pale-cyan-blue-background-color has-background has-medium-font-size wp-block-heading\" id=\"saiba-mais-concurso-crm-pb\"><a href=\"https:\/\/www.estrategiaconcursos.com.br\/blog\/concurso-crm-pb\/\" target=\"_blank\" rel=\"noreferrer noopener\">Saiba mais: concurso CRM PB<\/a><\/h2>\n\n\n\n<h2 class=\"has-text-align-center wp-block-heading\" id=\"h-quer-saber-tudo-sobre-concursos-previstos-confira-nossos-artigos\">Quer saber tudo sobre concursos previstos?<br \/>Confira nossos artigos!<\/h2>\n\n\n\n<ul class=\"wp-block-list\"><li><a href=\"https:\/\/www.estrategiaconcursos.com.br\/blog\/concursos-abertos\/\" target=\"_blank\" rel=\"noreferrer noopener\">Concursos abertos<\/a><\/li><li><a href=\"https:\/\/www.estrategiaconcursos.com.br\/blog\/concursos-2022\/\" target=\"_blank\" rel=\"noreferrer noopener\">Concursos 2022<\/a><\/li><\/ul>\n\n\n\n<h2 class=\"has-text-align-center wp-block-heading\" id=\"quer-estudar-para-o-edital-crm-pb\">Quer estudar para o Edital CRM PB?<\/h2>\n\n\n","protected":false},"excerpt":{"rendered":"<p>Est\u00e3o encerradas as inscri\u00e7\u00f5es do\u00a0edital do concurso CRM PB\u00a0(Conselho Regional de Medicina do Estado da Para\u00edba). Os interessados puderam se candidatar at\u00e9 25 de abril, no portal do IDIB. O edital oferta o total de 06 vagas imediatas e 55 vagas para forma\u00e7\u00e3o de cadastro de reserva. Ser\u00e1 aplicado exame de habilidades e conhecimentos, mediante [&hellip;]<\/p>\n","protected":false},"author":2375,"featured_media":991238,"comment_status":"open","ping_status":"closed","sticky":false,"template":"","format":"standard","meta":{"post_tipo":"news","footnotes":""},"categories":[1,214992],"tags":[],"tax_estado":[219978],"class_list":["post-991194","post","type-post","status-publish","format-standard","has-post-thumbnail","hentry","category-cursos-e-concursos","category-concursos-administrativos","tax_estado-pb"],"acf":[],"yoast_head":"<!-- This site is optimized with the Yoast SEO Premium plugin v27.2 (Yoast SEO v27.2) - https:\/\/yoast.com\/product\/yoast-seo-premium-wordpress\/ -->\n<title>Edital do concurso CRM PB est\u00e1 com inscri\u00e7\u00f5es encerradas!<\/title>\n<meta name=\"description\" content=\"Edital CRM PB: confira os detalhes do edital do Conselho Regional de Medicina do Estado da Para\u00edba com o Estrat\u00e9gia Concursos.\" \/>\n<meta name=\"robots\" content=\"index, follow, max-snippet:-1, max-image-preview:large, max-video-preview:-1\" \/>\n<link rel=\"canonical\" href=\"https:\/\/www.estrategiaconcursos.com.br\/blog\/concurso-crm-pb-2022-edital-publicado\/\" \/>\n<meta property=\"og:locale\" content=\"pt_BR\" \/>\n<meta property=\"og:type\" content=\"article\" \/>\n<meta property=\"og:title\" content=\"Edital do concurso CRM PB est\u00e1 com inscri\u00e7\u00f5es encerradas!\" \/>\n<meta property=\"og:description\" content=\"Edital CRM PB: confira os detalhes do edital do Conselho Regional de Medicina do Estado da Para\u00edba com o Estrat\u00e9gia Concursos.\" \/>\n<meta property=\"og:url\" content=\"https:\/\/www.estrategiaconcursos.com.br\/blog\/concurso-crm-pb-2022-edital-publicado\/\" \/>\n<meta property=\"og:site_name\" content=\"Estrat\u00e9gia Concursos\" \/>\n<meta property=\"article:published_time\" content=\"2022-03-21T14:56:17+00:00\" \/>\n<meta property=\"article:modified_time\" content=\"2022-04-26T19:54:10+00:00\" \/>\n<meta property=\"og:image\" content=\"https:\/\/dhg1h5j42swfq.cloudfront.net\/2022\/03\/21125415\/crm_pb.jpeg\" \/>\n\t<meta property=\"og:image:width\" content=\"768\" \/>\n\t<meta property=\"og:image:height\" content=\"432\" \/>\n\t<meta property=\"og:image:type\" content=\"image\/jpeg\" \/>\n<meta name=\"author\" content=\"Priscila Almeida\" \/>\n<meta name=\"twitter:card\" content=\"summary_large_image\" \/>\n<meta name=\"twitter:creator\" content=\"@EstratConcursos\" \/>\n<meta name=\"twitter:site\" content=\"@EstratConcursos\" \/>\n<meta name=\"twitter:label1\" content=\"Escrito por\" \/>\n\t<meta name=\"twitter:data1\" content=\"Priscila Almeida\" \/>\n\t<meta name=\"twitter:label2\" content=\"Est. tempo de leitura\" \/>\n\t<meta name=\"twitter:data2\" content=\"3 minutos\" \/>\n<script type=\"application\/ld+json\" class=\"yoast-schema-graph\">{\"@context\":\"https:\/\/schema.org\",\"@graph\":[{\"@type\":\"NewsArticle\",\"@id\":\"https:\/\/www.estrategiaconcursos.com.br\/blog\/concurso-crm-pb-2022-edital-publicado\/#article\",\"isPartOf\":{\"@id\":\"https:\/\/www.estrategiaconcursos.com.br\/blog\/concurso-crm-pb-2022-edital-publicado\/\"},\"author\":{\"name\":\"Priscila Almeida\",\"@id\":\"https:\/\/www.estrategiaconcursos.com.br\/blog\/#\/schema\/person\/a06e841e501f2e1d8c49c4e8f066bfd1\"},\"headline\":\"Edital do concurso CRM PB est\u00e1 com inscri\u00e7\u00f5es encerradas!\",\"datePublished\":\"2022-03-21T14:56:17+00:00\",\"dateModified\":\"2022-04-26T19:54:10+00:00\",\"mainEntityOfPage\":{\"@id\":\"https:\/\/www.estrategiaconcursos.com.br\/blog\/concurso-crm-pb-2022-edital-publicado\/\"},\"wordCount\":480,\"commentCount\":0,\"publisher\":{\"@id\":\"https:\/\/www.estrategiaconcursos.com.br\/blog\/#organization\"},\"image\":{\"@id\":\"https:\/\/www.estrategiaconcursos.com.br\/blog\/concurso-crm-pb-2022-edital-publicado\/#primaryimage\"},\"thumbnailUrl\":\"https:\/\/dhg1h5j42swfq.cloudfront.net\/2022\/03\/21125415\/crm_pb.jpeg\",\"articleSection\":[\"Concursos P\u00fablicos\",\"Executivo (Administrativa)\"],\"inLanguage\":\"pt-BR\",\"potentialAction\":[{\"@type\":\"CommentAction\",\"name\":\"Comment\",\"target\":[\"https:\/\/www.estrategiaconcursos.com.br\/blog\/concurso-crm-pb-2022-edital-publicado\/#respond\"]}],\"copyrightYear\":\"2022\",\"copyrightHolder\":{\"@id\":\"https:\/\/www.estrategiaconcursos.com.br\/blog\/#organization\"}},{\"@type\":\"WebPage\",\"@id\":\"https:\/\/www.estrategiaconcursos.com.br\/blog\/concurso-crm-pb-2022-edital-publicado\/\",\"url\":\"https:\/\/www.estrategiaconcursos.com.br\/blog\/concurso-crm-pb-2022-edital-publicado\/\",\"name\":\"Edital do concurso CRM PB est\u00e1 com inscri\u00e7\u00f5es encerradas!\",\"isPartOf\":{\"@id\":\"https:\/\/www.estrategiaconcursos.com.br\/blog\/#website\"},\"primaryImageOfPage\":{\"@id\":\"https:\/\/www.estrategiaconcursos.com.br\/blog\/concurso-crm-pb-2022-edital-publicado\/#primaryimage\"},\"image\":{\"@id\":\"https:\/\/www.estrategiaconcursos.com.br\/blog\/concurso-crm-pb-2022-edital-publicado\/#primaryimage\"},\"thumbnailUrl\":\"https:\/\/dhg1h5j42swfq.cloudfront.net\/2022\/03\/21125415\/crm_pb.jpeg\",\"datePublished\":\"2022-03-21T14:56:17+00:00\",\"dateModified\":\"2022-04-26T19:54:10+00:00\",\"description\":\"Edital CRM PB: confira os detalhes do edital do Conselho Regional de Medicina do Estado da Para\u00edba com o Estrat\u00e9gia Concursos.\",\"breadcrumb\":{\"@id\":\"https:\/\/www.estrategiaconcursos.com.br\/blog\/concurso-crm-pb-2022-edital-publicado\/#breadcrumb\"},\"inLanguage\":\"pt-BR\",\"potentialAction\":[{\"@type\":\"ReadAction\",\"target\":[\"https:\/\/www.estrategiaconcursos.com.br\/blog\/concurso-crm-pb-2022-edital-publicado\/\"]}]},{\"@type\":\"ImageObject\",\"inLanguage\":\"pt-BR\",\"@id\":\"https:\/\/www.estrategiaconcursos.com.br\/blog\/concurso-crm-pb-2022-edital-publicado\/#primaryimage\",\"url\":\"https:\/\/dhg1h5j42swfq.cloudfront.net\/2022\/03\/21125415\/crm_pb.jpeg\",\"contentUrl\":\"https:\/\/dhg1h5j42swfq.cloudfront.net\/2022\/03\/21125415\/crm_pb.jpeg\",\"width\":768,\"height\":432},{\"@type\":\"BreadcrumbList\",\"@id\":\"https:\/\/www.estrategiaconcursos.com.br\/blog\/concurso-crm-pb-2022-edital-publicado\/#breadcrumb\",\"itemListElement\":[{\"@type\":\"ListItem\",\"position\":1,\"name\":\"In\u00edcio\",\"item\":\"https:\/\/www.estrategiaconcursos.com.br\/blog\/\"},{\"@type\":\"ListItem\",\"position\":2,\"name\":\"Edital do concurso CRM PB est\u00e1 com inscri\u00e7\u00f5es encerradas!\"}]},{\"@type\":\"WebSite\",\"@id\":\"https:\/\/www.estrategiaconcursos.com.br\/blog\/#website\",\"url\":\"https:\/\/www.estrategiaconcursos.com.br\/blog\/\",\"name\":\"Estrat\u00e9gia Concursos\",\"description\":\"O blog da Estrat\u00e9gia Concursos traz not\u00edcias sobre concursos e artigos de professores oferecendo cursos para concursos (pdf + videaulas) no site.\",\"publisher\":{\"@id\":\"https:\/\/www.estrategiaconcursos.com.br\/blog\/#organization\"},\"potentialAction\":[{\"@type\":\"SearchAction\",\"target\":{\"@type\":\"EntryPoint\",\"urlTemplate\":\"https:\/\/www.estrategiaconcursos.com.br\/blog\/?s={search_term_string}\"},\"query-input\":{\"@type\":\"PropertyValueSpecification\",\"valueRequired\":true,\"valueName\":\"search_term_string\"}}],\"inLanguage\":\"pt-BR\"},{\"@type\":\"Organization\",\"@id\":\"https:\/\/www.estrategiaconcursos.com.br\/blog\/#organization\",\"name\":\"Estrat\u00e9gia Concursos\",\"url\":\"https:\/\/www.estrategiaconcursos.com.br\/blog\/\",\"logo\":{\"@type\":\"ImageObject\",\"inLanguage\":\"pt-BR\",\"@id\":\"https:\/\/www.estrategiaconcursos.com.br\/blog\/#\/schema\/logo\/image\/\",\"url\":\"https:\/\/dhg1h5j42swfq.cloudfront.net\/2025\/06\/03203428\/logo_concursos-1.jpg\",\"contentUrl\":\"https:\/\/dhg1h5j42swfq.cloudfront.net\/2025\/06\/03203428\/logo_concursos-1.jpg\",\"width\":230,\"height\":60,\"caption\":\"Estrat\u00e9gia Concursos\"},\"image\":{\"@id\":\"https:\/\/www.estrategiaconcursos.com.br\/blog\/#\/schema\/logo\/image\/\"},\"sameAs\":[\"https:\/\/x.com\/EstratConcursos\"]},{\"@type\":\"Person\",\"@id\":\"https:\/\/www.estrategiaconcursos.com.br\/blog\/#\/schema\/person\/a06e841e501f2e1d8c49c4e8f066bfd1\",\"name\":\"Priscila Almeida\",\"image\":{\"@type\":\"ImageObject\",\"inLanguage\":\"pt-BR\",\"@id\":\"https:\/\/secure.gravatar.com\/avatar\/0a963c9e2a947fa675b669cea2b5d0ba6dd1cbf46b966190343b6c9973ad3337?s=96&d=mm&r=g\",\"url\":\"https:\/\/secure.gravatar.com\/avatar\/0a963c9e2a947fa675b669cea2b5d0ba6dd1cbf46b966190343b6c9973ad3337?s=96&d=mm&r=g\",\"contentUrl\":\"https:\/\/secure.gravatar.com\/avatar\/0a963c9e2a947fa675b669cea2b5d0ba6dd1cbf46b966190343b6c9973ad3337?s=96&d=mm&r=g\",\"caption\":\"Priscila Almeida\"},\"description\":\"Atua na \u00e1rea de concursos p\u00fablicos desde 2019. As editorias que mais t\u00eam familiaridade s\u00e3o: Tribunais (TJs; TRTs; TREs; TSTs; STJ, STF, STM e TSE); Defensorias; Minist\u00e9rios P\u00fablicos; Procuradorias; Educa\u00e7\u00e3o e Conselhos. Na \u00e1rea de comunica\u00e7\u00e3o, de maneira geral, a caminhada \u00e9 um pouco mais longa - desde 2007. Possui experi\u00eancia em reda\u00e7\u00f5es de r\u00e1dio, TV, Web e impresso, al\u00e9m de desenvolver trabalhos em assessorias de comunica\u00e7\u00e3o institucional, empresarial e p\u00fablicas. Entre outros trabalhos, se destacam a atua\u00e7\u00e3o nas \u00e1reas de Justi\u00e7a, Congresso, Esportes, Sa\u00fade, Agropecu\u00e1ria, Cidades e Avia\u00e7\u00e3o Civil.\",\"url\":\"https:\/\/www.estrategiaconcursos.com.br\/blog\/author\/priscila-almeidaestrategia-com\/\"}]}<\/script>\n<!-- \/ Yoast SEO Premium plugin. -->","yoast_head_json":{"title":"Edital do concurso CRM PB est\u00e1 com inscri\u00e7\u00f5es encerradas!","description":"Edital CRM PB: confira os detalhes do edital do Conselho Regional de Medicina do Estado da Para\u00edba com o Estrat\u00e9gia Concursos.","robots":{"index":"index","follow":"follow","max-snippet":"max-snippet:-1","max-image-preview":"max-image-preview:large","max-video-preview":"max-video-preview:-1"},"canonical":"https:\/\/www.estrategiaconcursos.com.br\/blog\/concurso-crm-pb-2022-edital-publicado\/","og_locale":"pt_BR","og_type":"article","og_title":"Edital do concurso CRM PB est\u00e1 com inscri\u00e7\u00f5es encerradas!","og_description":"Edital CRM PB: confira os detalhes do edital do Conselho Regional de Medicina do Estado da Para\u00edba com o Estrat\u00e9gia Concursos.","og_url":"https:\/\/www.estrategiaconcursos.com.br\/blog\/concurso-crm-pb-2022-edital-publicado\/","og_site_name":"Estrat\u00e9gia Concursos","article_published_time":"2022-03-21T14:56:17+00:00","article_modified_time":"2022-04-26T19:54:10+00:00","og_image":[{"width":768,"height":432,"url":"https:\/\/dhg1h5j42swfq.cloudfront.net\/2022\/03\/21125415\/crm_pb.jpeg","type":"image\/jpeg"}],"author":"Priscila Almeida","twitter_card":"summary_large_image","twitter_creator":"@EstratConcursos","twitter_site":"@EstratConcursos","twitter_misc":{"Escrito por":"Priscila Almeida","Est. tempo de leitura":"3 minutos"},"schema":{"@context":"https:\/\/schema.org","@graph":[{"@type":"NewsArticle","@id":"https:\/\/www.estrategiaconcursos.com.br\/blog\/concurso-crm-pb-2022-edital-publicado\/#article","isPartOf":{"@id":"https:\/\/www.estrategiaconcursos.com.br\/blog\/concurso-crm-pb-2022-edital-publicado\/"},"author":{"name":"Priscila Almeida","@id":"https:\/\/www.estrategiaconcursos.com.br\/blog\/#\/schema\/person\/a06e841e501f2e1d8c49c4e8f066bfd1"},"headline":"Edital do concurso CRM PB est\u00e1 com inscri\u00e7\u00f5es encerradas!","datePublished":"2022-03-21T14:56:17+00:00","dateModified":"2022-04-26T19:54:10+00:00","mainEntityOfPage":{"@id":"https:\/\/www.estrategiaconcursos.com.br\/blog\/concurso-crm-pb-2022-edital-publicado\/"},"wordCount":480,"commentCount":0,"publisher":{"@id":"https:\/\/www.estrategiaconcursos.com.br\/blog\/#organization"},"image":{"@id":"https:\/\/www.estrategiaconcursos.com.br\/blog\/concurso-crm-pb-2022-edital-publicado\/#primaryimage"},"thumbnailUrl":"https:\/\/dhg1h5j42swfq.cloudfront.net\/2022\/03\/21125415\/crm_pb.jpeg","articleSection":["Concursos P\u00fablicos","Executivo (Administrativa)"],"inLanguage":"pt-BR","potentialAction":[{"@type":"CommentAction","name":"Comment","target":["https:\/\/www.estrategiaconcursos.com.br\/blog\/concurso-crm-pb-2022-edital-publicado\/#respond"]}],"copyrightYear":"2022","copyrightHolder":{"@id":"https:\/\/www.estrategiaconcursos.com.br\/blog\/#organization"}},{"@type":"WebPage","@id":"https:\/\/www.estrategiaconcursos.com.br\/blog\/concurso-crm-pb-2022-edital-publicado\/","url":"https:\/\/www.estrategiaconcursos.com.br\/blog\/concurso-crm-pb-2022-edital-publicado\/","name":"Edital do concurso CRM PB est\u00e1 com inscri\u00e7\u00f5es encerradas!","isPartOf":{"@id":"https:\/\/www.estrategiaconcursos.com.br\/blog\/#website"},"primaryImageOfPage":{"@id":"https:\/\/www.estrategiaconcursos.com.br\/blog\/concurso-crm-pb-2022-edital-publicado\/#primaryimage"},"image":{"@id":"https:\/\/www.estrategiaconcursos.com.br\/blog\/concurso-crm-pb-2022-edital-publicado\/#primaryimage"},"thumbnailUrl":"https:\/\/dhg1h5j42swfq.cloudfront.net\/2022\/03\/21125415\/crm_pb.jpeg","datePublished":"2022-03-21T14:56:17+00:00","dateModified":"2022-04-26T19:54:10+00:00","description":"Edital CRM PB: confira os detalhes do edital do Conselho Regional de Medicina do Estado da Para\u00edba com o Estrat\u00e9gia Concursos.","breadcrumb":{"@id":"https:\/\/www.estrategiaconcursos.com.br\/blog\/concurso-crm-pb-2022-edital-publicado\/#breadcrumb"},"inLanguage":"pt-BR","potentialAction":[{"@type":"ReadAction","target":["https:\/\/www.estrategiaconcursos.com.br\/blog\/concurso-crm-pb-2022-edital-publicado\/"]}]},{"@type":"ImageObject","inLanguage":"pt-BR","@id":"https:\/\/www.estrategiaconcursos.com.br\/blog\/concurso-crm-pb-2022-edital-publicado\/#primaryimage","url":"https:\/\/dhg1h5j42swfq.cloudfront.net\/2022\/03\/21125415\/crm_pb.jpeg","contentUrl":"https:\/\/dhg1h5j42swfq.cloudfront.net\/2022\/03\/21125415\/crm_pb.jpeg","width":768,"height":432},{"@type":"BreadcrumbList","@id":"https:\/\/www.estrategiaconcursos.com.br\/blog\/concurso-crm-pb-2022-edital-publicado\/#breadcrumb","itemListElement":[{"@type":"ListItem","position":1,"name":"In\u00edcio","item":"https:\/\/www.estrategiaconcursos.com.br\/blog\/"},{"@type":"ListItem","position":2,"name":"Edital do concurso CRM PB est\u00e1 com inscri\u00e7\u00f5es encerradas!"}]},{"@type":"WebSite","@id":"https:\/\/www.estrategiaconcursos.com.br\/blog\/#website","url":"https:\/\/www.estrategiaconcursos.com.br\/blog\/","name":"Estrat\u00e9gia Concursos","description":"O blog da Estrat\u00e9gia Concursos traz not\u00edcias sobre concursos e artigos de professores oferecendo cursos para concursos (pdf + videaulas) no site.","publisher":{"@id":"https:\/\/www.estrategiaconcursos.com.br\/blog\/#organization"},"potentialAction":[{"@type":"SearchAction","target":{"@type":"EntryPoint","urlTemplate":"https:\/\/www.estrategiaconcursos.com.br\/blog\/?s={search_term_string}"},"query-input":{"@type":"PropertyValueSpecification","valueRequired":true,"valueName":"search_term_string"}}],"inLanguage":"pt-BR"},{"@type":"Organization","@id":"https:\/\/www.estrategiaconcursos.com.br\/blog\/#organization","name":"Estrat\u00e9gia Concursos","url":"https:\/\/www.estrategiaconcursos.com.br\/blog\/","logo":{"@type":"ImageObject","inLanguage":"pt-BR","@id":"https:\/\/www.estrategiaconcursos.com.br\/blog\/#\/schema\/logo\/image\/","url":"https:\/\/dhg1h5j42swfq.cloudfront.net\/2025\/06\/03203428\/logo_concursos-1.jpg","contentUrl":"https:\/\/dhg1h5j42swfq.cloudfront.net\/2025\/06\/03203428\/logo_concursos-1.jpg","width":230,"height":60,"caption":"Estrat\u00e9gia Concursos"},"image":{"@id":"https:\/\/www.estrategiaconcursos.com.br\/blog\/#\/schema\/logo\/image\/"},"sameAs":["https:\/\/x.com\/EstratConcursos"]},{"@type":"Person","@id":"https:\/\/www.estrategiaconcursos.com.br\/blog\/#\/schema\/person\/a06e841e501f2e1d8c49c4e8f066bfd1","name":"Priscila Almeida","image":{"@type":"ImageObject","inLanguage":"pt-BR","@id":"https:\/\/secure.gravatar.com\/avatar\/0a963c9e2a947fa675b669cea2b5d0ba6dd1cbf46b966190343b6c9973ad3337?s=96&d=mm&r=g","url":"https:\/\/secure.gravatar.com\/avatar\/0a963c9e2a947fa675b669cea2b5d0ba6dd1cbf46b966190343b6c9973ad3337?s=96&d=mm&r=g","contentUrl":"https:\/\/secure.gravatar.com\/avatar\/0a963c9e2a947fa675b669cea2b5d0ba6dd1cbf46b966190343b6c9973ad3337?s=96&d=mm&r=g","caption":"Priscila Almeida"},"description":"Atua na \u00e1rea de concursos p\u00fablicos desde 2019. As editorias que mais t\u00eam familiaridade s\u00e3o: Tribunais (TJs; TRTs; TREs; TSTs; STJ, STF, STM e TSE); Defensorias; Minist\u00e9rios P\u00fablicos; Procuradorias; Educa\u00e7\u00e3o e Conselhos. Na \u00e1rea de comunica\u00e7\u00e3o, de maneira geral, a caminhada \u00e9 um pouco mais longa - desde 2007. Possui experi\u00eancia em reda\u00e7\u00f5es de r\u00e1dio, TV, Web e impresso, al\u00e9m de desenvolver trabalhos em assessorias de comunica\u00e7\u00e3o institucional, empresarial e p\u00fablicas. Entre outros trabalhos, se destacam a atua\u00e7\u00e3o nas \u00e1reas de Justi\u00e7a, Congresso, Esportes, Sa\u00fade, Agropecu\u00e1ria, Cidades e Avia\u00e7\u00e3o Civil.","url":"https:\/\/www.estrategiaconcursos.com.br\/blog\/author\/priscila-almeidaestrategia-com\/"}]}},"_links":{"self":[{"href":"https:\/\/www.estrategiaconcursos.com.br\/blog\/wp-json\/wp\/v2\/posts\/991194","targetHints":{"allow":["GET"]}}],"collection":[{"href":"https:\/\/www.estrategiaconcursos.com.br\/blog\/wp-json\/wp\/v2\/posts"}],"about":[{"href":"https:\/\/www.estrategiaconcursos.com.br\/blog\/wp-json\/wp\/v2\/types\/post"}],"author":[{"embeddable":true,"href":"https:\/\/www.estrategiaconcursos.com.br\/blog\/wp-json\/wp\/v2\/users\/2375"}],"replies":[{"embeddable":true,"href":"https:\/\/www.estrategiaconcursos.com.br\/blog\/wp-json\/wp\/v2\/comments?post=991194"}],"version-history":[{"count":10,"href":"https:\/\/www.estrategiaconcursos.com.br\/blog\/wp-json\/wp\/v2\/posts\/991194\/revisions"}],"predecessor-version":[{"id":1015961,"href":"https:\/\/www.estrategiaconcursos.com.br\/blog\/wp-json\/wp\/v2\/posts\/991194\/revisions\/1015961"}],"wp:featuredmedia":[{"embeddable":true,"href":"https:\/\/www.estrategiaconcursos.com.br\/blog\/wp-json\/wp\/v2\/media\/991238"}],"wp:attachment":[{"href":"https:\/\/www.estrategiaconcursos.com.br\/blog\/wp-json\/wp\/v2\/media?parent=991194"}],"wp:term":[{"taxonomy":"category","embeddable":true,"href":"https:\/\/www.estrategiaconcursos.com.br\/blog\/wp-json\/wp\/v2\/categories?post=991194"},{"taxonomy":"post_tag","embeddable":true,"href":"https:\/\/www.estrategiaconcursos.com.br\/blog\/wp-json\/wp\/v2\/tags?post=991194"},{"taxonomy":"tax_estado","embeddable":true,"href":"https:\/\/www.estrategiaconcursos.com.br\/blog\/wp-json\/wp\/v2\/tax_estado?post=991194"}],"curies":[{"name":"wp","href":"https:\/\/api.w.org\/{rel}","templated":true}]}}