{"id":990253,"date":"2022-03-18T14:43:47","date_gmt":"2022-03-18T17:43:47","guid":{"rendered":"https:\/\/www.estrategiaconcursos.com.br\/blog\/?p=990253"},"modified":"2022-03-20T09:05:22","modified_gmt":"2022-03-20T12:05:22","slug":"lancamento-da-trilha-estrategica-pos-edital-para-o-tj-ms","status":"publish","type":"post","link":"https:\/\/www.estrategiaconcursos.com.br\/blog\/lancamento-da-trilha-estrategica-pos-edital-para-o-tj-ms\/","title":{"rendered":"Lan\u00e7amento da Trilha Estrat\u00e9gica P\u00f3s-Edital para o TJ-MS"},"content":{"rendered":"\n<p>Ol\u00e1, concurseiro!<\/p>\n\n\n\n<p id=\"block-bf22f7db-a3a1-499c-b6d2-09d5c43f7b9e\">Para voc\u00ea que j\u00e1 est\u00e1 se preparando ou pretende se preparar para prestar o concurso do TJ-MS, temos uma excelente not\u00edcia!<\/p>\n\n\n\n<p id=\"block-b19b0249-67bc-42af-ad16-d06d9e37b64c\">Na pr\u00f3xima segunda-feira, dia 21\/03\/2022, lan\u00e7aremos uma Trilha Estrat\u00e9gica aguardada por muitos dos nossos alunos, que \u00e9 <strong>Trilha Estrat\u00e9gica P\u00f3s-Edital para o TJ-MS<\/strong>, para o cargo de Analista Judici\u00e1rio (\u00c1rea Direito).<\/p>\n\n\n\n<p id=\"block-b19b0249-67bc-42af-ad16-d06d9e37b64c\">Durante&nbsp;<strong>2,5 meses<\/strong>, conduziremos os alunos por meio de metas espec\u00edficas, preparadas de modo que possamos estudar todo o conte\u00fado do curso dos pacote completo para o&nbsp;<strong>Analista Judici\u00e1rio (\u00c1rea Direito) do TJ-MS<\/strong>. <\/p>\n\n\n\n<p>Faremos uma trilha com orienta\u00e7\u00f5es voltadas para o p\u00f3s-edital!<\/p>\n\n\n\n<p>Portanto, este trabalho \u00e9 voltado tanto para alunos que viram parcialmente o conte\u00fado e queiram dar o m\u00e1ximo nesse p\u00f3s-edital para chegarem em condi\u00e7\u00f5es de serem aprovados, quanto para alunos intermedi\u00e1rios e avan\u00e7ados, que j\u00e1 estavam estudando especificamente para o TJ-MS, ou para a \u00e1rea de tribunais, e desejam fazer uma revis\u00e3o de alto n\u00edvel, se aprofundando em todo o conte\u00fado j\u00e1 estudado e trabalhando muito com materiais de revis\u00e3o, resolu\u00e7\u00e3o de exerc\u00edcios e simulados. <\/p>\n\n\n\n<p>Lembrando que, no dia de lan\u00e7amento das trilhas (21\/03\/2022), disponibilizaremos uma Trilha demonstrativa relativa \u00e0 nossa primeira aula. <\/p>\n\n\n\n<p id=\"block-4115176b-6e1e-4cee-a3b5-3f730ceb0285\">Para acesso \u00e0s Trilhas seguintes, basta se tornar assinante Premium ou Platinum e seguir com elas pela sua \u00e1rea do aluno.<\/p>\n\n\n\n<p class=\"has-text-align-center\" id=\"block-f1f59148-b95a-44ba-acb6-3c70d92bb2a8\"><a rel=\"noreferrer noopener\" href=\"https:\/\/www.estrategiaconcursos.com.br\/assinaturas\" target=\"_blank\"><strong>Assinatura Ilimitada<\/strong><\/a><\/p>\n\n\n\n<p><strong>Sobre as Trilhas Estrat\u00e9gicas<\/strong><\/p>\n\n\n\n<p id=\"block-1db9cd57-93c5-46e4-9d6b-a8a62c7f9b9f\">O objetivo principal das Trilhas Estrat\u00e9gicas, na qual se inclui a nossa do&nbsp;<strong>TJ-MS<\/strong>, \u00e9 tornar o estudo o mais eficiente poss\u00edvel, almejando otimizar ao m\u00e1ximo a prepara\u00e7\u00e3o nesse per\u00edodo p\u00f3s-edital.<\/p>\n\n\n\n<p id=\"block-b798c598-2582-4d66-844f-c61e08a00c2f\">Elas s\u00e3o carinhosamente consideradas o \u201cGPS\u201d do Concurseiro!<\/p>\n\n\n\n<p>As Trilhas t\u00eam o objetivo de utilizar da melhor maneira o tempo dispon\u00edvel do aluno neste per\u00edodo p\u00f3s-edital para que, o mais breve poss\u00edvel, esteja ainda mais preparado para a prova e com totais condi\u00e7\u00f5es de aprova\u00e7\u00e3o.<\/p>\n\n\n\n<p id=\"block-5400a93a-f84c-4cba-9327-1796dac6f1e1\">Para isso, elas s\u00e3o compostas de tarefas di\u00e1rias elaboradas por profissionais (nossos&nbsp;<em>Coaches<\/em>) que j\u00e1 obtiveram \u00eaxito nos mais variados concursos do pa\u00eds.<\/p>\n\n\n\n<p id=\"block-5400a93a-f84c-4cba-9327-1796dac6f1e1\">Al\u00e9m disso, h\u00e1 um Canal do&nbsp;<strong><em>Telegram<\/em><\/strong>&nbsp;espec\u00edfico para a Trilha do&nbsp;<strong>TJ-MS<\/strong>&nbsp;em que haver\u00e1 o contato do Organizador com os alunos assinantes, como o envio de informa\u00e7\u00f5es importantes, dicas e conte\u00fados motivacionais. E os alunos poder\u00e3o enviar suas d\u00favidas tamb\u00e9m.<\/p>\n\n\n\n<figure class=\"wp-block-image\" id=\"block-10a8b429-6fe0-4ffd-842d-98a911c1aa8d\"><img decoding=\"async\" src=\"https:\/\/dhg1h5j42swfq.cloudfront.net\/2020\/04\/09213522\/organiza%C3%A7%C3%A3o-trilha.png\" alt=\"Trilha Estrat\u00e9gica PF+PRF\" \/><\/figure>\n\n\n\n<h4 class=\"wp-block-heading\" id=\"h-como-funcionam-as-trilhas\"><strong>Como funcionam as Trilhas?<\/strong><\/h4>\n\n\n\n<p>As&nbsp;<em>Trilhas<\/em>&nbsp;funcionar\u00e3o da seguinte forma:<\/p>\n\n\n\n<ul class=\"wp-block-list\"><li>Indica\u00e7\u00e3o de estudo por&nbsp;<em>Ciclos de Estudo;<\/em><\/li><li><em>Sugest\u00e3o das disciplinas<\/em>&nbsp;a serem estudadas em cada ciclo e momento da prepara\u00e7\u00e3o;<\/li><li>Apontamento da&nbsp;<em>sequ\u00eancia de estudo<\/em>&nbsp;em cada disciplina;<\/li><li>F<em>oco no custo x benef\u00edcio<\/em>&nbsp;considerando o conte\u00fado e o tempo de prepara\u00e7\u00e3o;<\/li><li>Apontamento de estudo de teoria, exerc\u00edcios, revis\u00e3o, legisla\u00e7\u00e3o e simulados.<\/li><\/ul>\n\n\n\n<p id=\"block-e282a33e-419c-4bfc-bd96-10645755ec44\">Quer mais informa\u00e7\u00f5es sobre as Trilhas Estrat\u00e9gicas? Clique no link abaixo:<\/p>\n\n\n\n<p class=\"has-text-align-center\" id=\"block-e282a33e-419c-4bfc-bd96-10645755ec44\"><a href=\"https:\/\/www.estrategiaconcursos.com.br\/blog\/trilhas-estrategicas-informacoes-e-trilhas-liberadas-hoje\/\"><strong>Trilhas Estrat\u00e9gicas<\/strong><\/a><\/p>\n\n\n\n<p id=\"block-b55e7f53-0d9a-4005-91b2-24f442730998\">Meus amigos, vamos com tudo e juntos encarar esse desafio?<\/p>\n\n\n\n<p id=\"block-e01d9160-7262-4f29-a768-ff0c1a5c4159\">Contem comigo!<br \/><br \/><a href=\"https:\/\/instagram.com\/leo_mandarino\" target=\"_blank\" rel=\"noreferrer noopener\">Abra\u00e3o Pereira<\/a>&nbsp;\u2013&nbsp;<em>Professor e Coach do&nbsp;<strong>Estrat\u00e9gia Concursos<\/strong><\/em><\/p>\n","protected":false},"excerpt":{"rendered":"<p>Ol\u00e1, concurseiro! Para voc\u00ea que j\u00e1 est\u00e1 se preparando ou pretende se preparar para prestar o concurso do TJ-MS, temos uma excelente not\u00edcia! Na pr\u00f3xima segunda-feira, dia 21\/03\/2022, lan\u00e7aremos uma Trilha Estrat\u00e9gica aguardada por muitos dos nossos alunos, que \u00e9 Trilha Estrat\u00e9gica P\u00f3s-Edital para o TJ-MS, para o cargo de Analista Judici\u00e1rio (\u00c1rea Direito). Durante&nbsp;2,5 [&hellip;]<\/p>\n","protected":false},"author":474,"featured_media":0,"comment_status":"open","ping_status":"closed","sticky":false,"template":"","format":"standard","meta":{"post_tipo":"article","footnotes":""},"categories":[1],"tags":[],"tax_estado":[],"class_list":["post-990253","post","type-post","status-publish","format-standard","hentry","category-cursos-e-concursos"],"acf":[],"yoast_head":"<!-- This site is optimized with the Yoast SEO Premium plugin v27.2 (Yoast SEO v27.2) - https:\/\/yoast.com\/product\/yoast-seo-premium-wordpress\/ -->\n<title>Lan\u00e7amento da Trilha Estrat\u00e9gica P\u00f3s-Edital para o TJ-MS<\/title>\n<meta name=\"robots\" content=\"index, follow, max-snippet:-1, max-image-preview:large, max-video-preview:-1\" \/>\n<link rel=\"canonical\" href=\"https:\/\/www.estrategiaconcursos.com.br\/blog\/lancamento-da-trilha-estrategica-pos-edital-para-o-tj-ms\/\" \/>\n<meta property=\"og:locale\" content=\"pt_BR\" \/>\n<meta property=\"og:type\" content=\"article\" \/>\n<meta property=\"og:title\" content=\"Lan\u00e7amento da Trilha Estrat\u00e9gica P\u00f3s-Edital para o TJ-MS\" \/>\n<meta property=\"og:description\" content=\"Ol\u00e1, concurseiro! Para voc\u00ea que j\u00e1 est\u00e1 se preparando ou pretende se preparar para prestar o concurso do TJ-MS, temos uma excelente not\u00edcia! Na pr\u00f3xima segunda-feira, dia 21\/03\/2022, lan\u00e7aremos uma Trilha Estrat\u00e9gica aguardada por muitos dos nossos alunos, que \u00e9 Trilha Estrat\u00e9gica P\u00f3s-Edital para o TJ-MS, para o cargo de Analista Judici\u00e1rio (\u00c1rea Direito). Durante&nbsp;2,5 [&hellip;]\" \/>\n<meta property=\"og:url\" content=\"https:\/\/www.estrategiaconcursos.com.br\/blog\/lancamento-da-trilha-estrategica-pos-edital-para-o-tj-ms\/\" \/>\n<meta property=\"og:site_name\" content=\"Estrat\u00e9gia Concursos\" \/>\n<meta property=\"article:published_time\" content=\"2022-03-18T17:43:47+00:00\" \/>\n<meta property=\"article:modified_time\" content=\"2022-03-20T12:05:22+00:00\" \/>\n<meta name=\"author\" content=\"Abra\u00e3o Pereira\" \/>\n<meta name=\"twitter:card\" content=\"summary_large_image\" \/>\n<meta name=\"twitter:creator\" content=\"@EstratConcursos\" \/>\n<meta name=\"twitter:site\" content=\"@EstratConcursos\" \/>\n<meta name=\"twitter:label1\" content=\"Escrito por\" \/>\n\t<meta name=\"twitter:data1\" content=\"Abra\u00e3o Pereira\" \/>\n\t<meta name=\"twitter:label2\" content=\"Est. tempo de leitura\" \/>\n\t<meta name=\"twitter:data2\" content=\"3 minutos\" \/>\n<script type=\"application\/ld+json\" class=\"yoast-schema-graph\">{\"@context\":\"https:\/\/schema.org\",\"@graph\":[{\"@type\":\"NewsArticle\",\"@id\":\"https:\/\/www.estrategiaconcursos.com.br\/blog\/lancamento-da-trilha-estrategica-pos-edital-para-o-tj-ms\/#article\",\"isPartOf\":{\"@id\":\"https:\/\/www.estrategiaconcursos.com.br\/blog\/lancamento-da-trilha-estrategica-pos-edital-para-o-tj-ms\/\"},\"author\":{\"name\":\"Abra\u00e3o Pereira\",\"@id\":\"https:\/\/www.estrategiaconcursos.com.br\/blog\/#\/schema\/person\/8c7a0fd75592e3b820f3f14715aeca61\"},\"headline\":\"Lan\u00e7amento da Trilha Estrat\u00e9gica P\u00f3s-Edital para o TJ-MS\",\"datePublished\":\"2022-03-18T17:43:47+00:00\",\"dateModified\":\"2022-03-20T12:05:22+00:00\",\"mainEntityOfPage\":{\"@id\":\"https:\/\/www.estrategiaconcursos.com.br\/blog\/lancamento-da-trilha-estrategica-pos-edital-para-o-tj-ms\/\"},\"wordCount\":539,\"commentCount\":0,\"publisher\":{\"@id\":\"https:\/\/www.estrategiaconcursos.com.br\/blog\/#organization\"},\"articleSection\":[\"Concursos P\u00fablicos\"],\"inLanguage\":\"pt-BR\",\"potentialAction\":[{\"@type\":\"CommentAction\",\"name\":\"Comment\",\"target\":[\"https:\/\/www.estrategiaconcursos.com.br\/blog\/lancamento-da-trilha-estrategica-pos-edital-para-o-tj-ms\/#respond\"]}],\"copyrightYear\":\"2022\",\"copyrightHolder\":{\"@id\":\"https:\/\/www.estrategiaconcursos.com.br\/blog\/#organization\"}},{\"@type\":\"WebPage\",\"@id\":\"https:\/\/www.estrategiaconcursos.com.br\/blog\/lancamento-da-trilha-estrategica-pos-edital-para-o-tj-ms\/\",\"url\":\"https:\/\/www.estrategiaconcursos.com.br\/blog\/lancamento-da-trilha-estrategica-pos-edital-para-o-tj-ms\/\",\"name\":\"Lan\u00e7amento da Trilha Estrat\u00e9gica P\u00f3s-Edital para o TJ-MS\",\"isPartOf\":{\"@id\":\"https:\/\/www.estrategiaconcursos.com.br\/blog\/#website\"},\"datePublished\":\"2022-03-18T17:43:47+00:00\",\"dateModified\":\"2022-03-20T12:05:22+00:00\",\"breadcrumb\":{\"@id\":\"https:\/\/www.estrategiaconcursos.com.br\/blog\/lancamento-da-trilha-estrategica-pos-edital-para-o-tj-ms\/#breadcrumb\"},\"inLanguage\":\"pt-BR\",\"potentialAction\":[{\"@type\":\"ReadAction\",\"target\":[\"https:\/\/www.estrategiaconcursos.com.br\/blog\/lancamento-da-trilha-estrategica-pos-edital-para-o-tj-ms\/\"]}]},{\"@type\":\"BreadcrumbList\",\"@id\":\"https:\/\/www.estrategiaconcursos.com.br\/blog\/lancamento-da-trilha-estrategica-pos-edital-para-o-tj-ms\/#breadcrumb\",\"itemListElement\":[{\"@type\":\"ListItem\",\"position\":1,\"name\":\"In\u00edcio\",\"item\":\"https:\/\/www.estrategiaconcursos.com.br\/blog\/\"},{\"@type\":\"ListItem\",\"position\":2,\"name\":\"Lan\u00e7amento da Trilha Estrat\u00e9gica P\u00f3s-Edital para o TJ-MS\"}]},{\"@type\":\"WebSite\",\"@id\":\"https:\/\/www.estrategiaconcursos.com.br\/blog\/#website\",\"url\":\"https:\/\/www.estrategiaconcursos.com.br\/blog\/\",\"name\":\"Estrat\u00e9gia Concursos\",\"description\":\"O blog da Estrat\u00e9gia Concursos traz not\u00edcias sobre concursos e artigos de professores oferecendo cursos para concursos (pdf + videaulas) no site.\",\"publisher\":{\"@id\":\"https:\/\/www.estrategiaconcursos.com.br\/blog\/#organization\"},\"potentialAction\":[{\"@type\":\"SearchAction\",\"target\":{\"@type\":\"EntryPoint\",\"urlTemplate\":\"https:\/\/www.estrategiaconcursos.com.br\/blog\/?s={search_term_string}\"},\"query-input\":{\"@type\":\"PropertyValueSpecification\",\"valueRequired\":true,\"valueName\":\"search_term_string\"}}],\"inLanguage\":\"pt-BR\"},{\"@type\":\"Organization\",\"@id\":\"https:\/\/www.estrategiaconcursos.com.br\/blog\/#organization\",\"name\":\"Estrat\u00e9gia Concursos\",\"url\":\"https:\/\/www.estrategiaconcursos.com.br\/blog\/\",\"logo\":{\"@type\":\"ImageObject\",\"inLanguage\":\"pt-BR\",\"@id\":\"https:\/\/www.estrategiaconcursos.com.br\/blog\/#\/schema\/logo\/image\/\",\"url\":\"https:\/\/dhg1h5j42swfq.cloudfront.net\/2025\/06\/03203428\/logo_concursos-1.jpg\",\"contentUrl\":\"https:\/\/dhg1h5j42swfq.cloudfront.net\/2025\/06\/03203428\/logo_concursos-1.jpg\",\"width\":230,\"height\":60,\"caption\":\"Estrat\u00e9gia Concursos\"},\"image\":{\"@id\":\"https:\/\/www.estrategiaconcursos.com.br\/blog\/#\/schema\/logo\/image\/\"},\"sameAs\":[\"https:\/\/x.com\/EstratConcursos\"]},{\"@type\":\"Person\",\"@id\":\"https:\/\/www.estrategiaconcursos.com.br\/blog\/#\/schema\/person\/8c7a0fd75592e3b820f3f14715aeca61\",\"name\":\"Abra\u00e3o Pereira\",\"image\":{\"@type\":\"ImageObject\",\"inLanguage\":\"pt-BR\",\"@id\":\"https:\/\/secure.gravatar.com\/avatar\/8a15d7b9e85a6217e22a4eb50184e3b9d7d1e58017e25cb090c5c04fb55c42f5?s=96&d=mm&r=g\",\"url\":\"https:\/\/secure.gravatar.com\/avatar\/8a15d7b9e85a6217e22a4eb50184e3b9d7d1e58017e25cb090c5c04fb55c42f5?s=96&d=mm&r=g\",\"contentUrl\":\"https:\/\/secure.gravatar.com\/avatar\/8a15d7b9e85a6217e22a4eb50184e3b9d7d1e58017e25cb090c5c04fb55c42f5?s=96&d=mm&r=g\",\"caption\":\"Abra\u00e3o Pereira\"},\"url\":\"https:\/\/www.estrategiaconcursos.com.br\/blog\/author\/abraaopereiraestrategiaconcursos-com-br\/\"}]}<\/script>\n<!-- \/ Yoast SEO Premium plugin. -->","yoast_head_json":{"title":"Lan\u00e7amento da Trilha Estrat\u00e9gica P\u00f3s-Edital para o TJ-MS","robots":{"index":"index","follow":"follow","max-snippet":"max-snippet:-1","max-image-preview":"max-image-preview:large","max-video-preview":"max-video-preview:-1"},"canonical":"https:\/\/www.estrategiaconcursos.com.br\/blog\/lancamento-da-trilha-estrategica-pos-edital-para-o-tj-ms\/","og_locale":"pt_BR","og_type":"article","og_title":"Lan\u00e7amento da Trilha Estrat\u00e9gica P\u00f3s-Edital para o TJ-MS","og_description":"Ol\u00e1, concurseiro! Para voc\u00ea que j\u00e1 est\u00e1 se preparando ou pretende se preparar para prestar o concurso do TJ-MS, temos uma excelente not\u00edcia! Na pr\u00f3xima segunda-feira, dia 21\/03\/2022, lan\u00e7aremos uma Trilha Estrat\u00e9gica aguardada por muitos dos nossos alunos, que \u00e9 Trilha Estrat\u00e9gica P\u00f3s-Edital para o TJ-MS, para o cargo de Analista Judici\u00e1rio (\u00c1rea Direito). Durante&nbsp;2,5 [&hellip;]","og_url":"https:\/\/www.estrategiaconcursos.com.br\/blog\/lancamento-da-trilha-estrategica-pos-edital-para-o-tj-ms\/","og_site_name":"Estrat\u00e9gia Concursos","article_published_time":"2022-03-18T17:43:47+00:00","article_modified_time":"2022-03-20T12:05:22+00:00","author":"Abra\u00e3o Pereira","twitter_card":"summary_large_image","twitter_creator":"@EstratConcursos","twitter_site":"@EstratConcursos","twitter_misc":{"Escrito por":"Abra\u00e3o Pereira","Est. tempo de leitura":"3 minutos"},"schema":{"@context":"https:\/\/schema.org","@graph":[{"@type":"NewsArticle","@id":"https:\/\/www.estrategiaconcursos.com.br\/blog\/lancamento-da-trilha-estrategica-pos-edital-para-o-tj-ms\/#article","isPartOf":{"@id":"https:\/\/www.estrategiaconcursos.com.br\/blog\/lancamento-da-trilha-estrategica-pos-edital-para-o-tj-ms\/"},"author":{"name":"Abra\u00e3o Pereira","@id":"https:\/\/www.estrategiaconcursos.com.br\/blog\/#\/schema\/person\/8c7a0fd75592e3b820f3f14715aeca61"},"headline":"Lan\u00e7amento da Trilha Estrat\u00e9gica P\u00f3s-Edital para o TJ-MS","datePublished":"2022-03-18T17:43:47+00:00","dateModified":"2022-03-20T12:05:22+00:00","mainEntityOfPage":{"@id":"https:\/\/www.estrategiaconcursos.com.br\/blog\/lancamento-da-trilha-estrategica-pos-edital-para-o-tj-ms\/"},"wordCount":539,"commentCount":0,"publisher":{"@id":"https:\/\/www.estrategiaconcursos.com.br\/blog\/#organization"},"articleSection":["Concursos P\u00fablicos"],"inLanguage":"pt-BR","potentialAction":[{"@type":"CommentAction","name":"Comment","target":["https:\/\/www.estrategiaconcursos.com.br\/blog\/lancamento-da-trilha-estrategica-pos-edital-para-o-tj-ms\/#respond"]}],"copyrightYear":"2022","copyrightHolder":{"@id":"https:\/\/www.estrategiaconcursos.com.br\/blog\/#organization"}},{"@type":"WebPage","@id":"https:\/\/www.estrategiaconcursos.com.br\/blog\/lancamento-da-trilha-estrategica-pos-edital-para-o-tj-ms\/","url":"https:\/\/www.estrategiaconcursos.com.br\/blog\/lancamento-da-trilha-estrategica-pos-edital-para-o-tj-ms\/","name":"Lan\u00e7amento da Trilha Estrat\u00e9gica P\u00f3s-Edital para o TJ-MS","isPartOf":{"@id":"https:\/\/www.estrategiaconcursos.com.br\/blog\/#website"},"datePublished":"2022-03-18T17:43:47+00:00","dateModified":"2022-03-20T12:05:22+00:00","breadcrumb":{"@id":"https:\/\/www.estrategiaconcursos.com.br\/blog\/lancamento-da-trilha-estrategica-pos-edital-para-o-tj-ms\/#breadcrumb"},"inLanguage":"pt-BR","potentialAction":[{"@type":"ReadAction","target":["https:\/\/www.estrategiaconcursos.com.br\/blog\/lancamento-da-trilha-estrategica-pos-edital-para-o-tj-ms\/"]}]},{"@type":"BreadcrumbList","@id":"https:\/\/www.estrategiaconcursos.com.br\/blog\/lancamento-da-trilha-estrategica-pos-edital-para-o-tj-ms\/#breadcrumb","itemListElement":[{"@type":"ListItem","position":1,"name":"In\u00edcio","item":"https:\/\/www.estrategiaconcursos.com.br\/blog\/"},{"@type":"ListItem","position":2,"name":"Lan\u00e7amento da Trilha Estrat\u00e9gica P\u00f3s-Edital para o TJ-MS"}]},{"@type":"WebSite","@id":"https:\/\/www.estrategiaconcursos.com.br\/blog\/#website","url":"https:\/\/www.estrategiaconcursos.com.br\/blog\/","name":"Estrat\u00e9gia Concursos","description":"O blog da Estrat\u00e9gia Concursos traz not\u00edcias sobre concursos e artigos de professores oferecendo cursos para concursos (pdf + videaulas) no site.","publisher":{"@id":"https:\/\/www.estrategiaconcursos.com.br\/blog\/#organization"},"potentialAction":[{"@type":"SearchAction","target":{"@type":"EntryPoint","urlTemplate":"https:\/\/www.estrategiaconcursos.com.br\/blog\/?s={search_term_string}"},"query-input":{"@type":"PropertyValueSpecification","valueRequired":true,"valueName":"search_term_string"}}],"inLanguage":"pt-BR"},{"@type":"Organization","@id":"https:\/\/www.estrategiaconcursos.com.br\/blog\/#organization","name":"Estrat\u00e9gia Concursos","url":"https:\/\/www.estrategiaconcursos.com.br\/blog\/","logo":{"@type":"ImageObject","inLanguage":"pt-BR","@id":"https:\/\/www.estrategiaconcursos.com.br\/blog\/#\/schema\/logo\/image\/","url":"https:\/\/dhg1h5j42swfq.cloudfront.net\/2025\/06\/03203428\/logo_concursos-1.jpg","contentUrl":"https:\/\/dhg1h5j42swfq.cloudfront.net\/2025\/06\/03203428\/logo_concursos-1.jpg","width":230,"height":60,"caption":"Estrat\u00e9gia Concursos"},"image":{"@id":"https:\/\/www.estrategiaconcursos.com.br\/blog\/#\/schema\/logo\/image\/"},"sameAs":["https:\/\/x.com\/EstratConcursos"]},{"@type":"Person","@id":"https:\/\/www.estrategiaconcursos.com.br\/blog\/#\/schema\/person\/8c7a0fd75592e3b820f3f14715aeca61","name":"Abra\u00e3o Pereira","image":{"@type":"ImageObject","inLanguage":"pt-BR","@id":"https:\/\/secure.gravatar.com\/avatar\/8a15d7b9e85a6217e22a4eb50184e3b9d7d1e58017e25cb090c5c04fb55c42f5?s=96&d=mm&r=g","url":"https:\/\/secure.gravatar.com\/avatar\/8a15d7b9e85a6217e22a4eb50184e3b9d7d1e58017e25cb090c5c04fb55c42f5?s=96&d=mm&r=g","contentUrl":"https:\/\/secure.gravatar.com\/avatar\/8a15d7b9e85a6217e22a4eb50184e3b9d7d1e58017e25cb090c5c04fb55c42f5?s=96&d=mm&r=g","caption":"Abra\u00e3o Pereira"},"url":"https:\/\/www.estrategiaconcursos.com.br\/blog\/author\/abraaopereiraestrategiaconcursos-com-br\/"}]}},"_links":{"self":[{"href":"https:\/\/www.estrategiaconcursos.com.br\/blog\/wp-json\/wp\/v2\/posts\/990253","targetHints":{"allow":["GET"]}}],"collection":[{"href":"https:\/\/www.estrategiaconcursos.com.br\/blog\/wp-json\/wp\/v2\/posts"}],"about":[{"href":"https:\/\/www.estrategiaconcursos.com.br\/blog\/wp-json\/wp\/v2\/types\/post"}],"author":[{"embeddable":true,"href":"https:\/\/www.estrategiaconcursos.com.br\/blog\/wp-json\/wp\/v2\/users\/474"}],"replies":[{"embeddable":true,"href":"https:\/\/www.estrategiaconcursos.com.br\/blog\/wp-json\/wp\/v2\/comments?post=990253"}],"version-history":[{"count":4,"href":"https:\/\/www.estrategiaconcursos.com.br\/blog\/wp-json\/wp\/v2\/posts\/990253\/revisions"}],"predecessor-version":[{"id":990803,"href":"https:\/\/www.estrategiaconcursos.com.br\/blog\/wp-json\/wp\/v2\/posts\/990253\/revisions\/990803"}],"wp:attachment":[{"href":"https:\/\/www.estrategiaconcursos.com.br\/blog\/wp-json\/wp\/v2\/media?parent=990253"}],"wp:term":[{"taxonomy":"category","embeddable":true,"href":"https:\/\/www.estrategiaconcursos.com.br\/blog\/wp-json\/wp\/v2\/categories?post=990253"},{"taxonomy":"post_tag","embeddable":true,"href":"https:\/\/www.estrategiaconcursos.com.br\/blog\/wp-json\/wp\/v2\/tags?post=990253"},{"taxonomy":"tax_estado","embeddable":true,"href":"https:\/\/www.estrategiaconcursos.com.br\/blog\/wp-json\/wp\/v2\/tax_estado?post=990253"}],"curies":[{"name":"wp","href":"https:\/\/api.w.org\/{rel}","templated":true}]}}