{"id":990180,"date":"2022-03-18T12:29:47","date_gmt":"2022-03-18T15:29:47","guid":{"rendered":"https:\/\/www.estrategiaconcursos.com.br\/blog\/?p=990180"},"modified":"2022-03-18T14:29:38","modified_gmt":"2022-03-18T17:29:38","slug":"concurso-ufrj-conteudo-programatico","status":"publish","type":"post","link":"https:\/\/www.estrategiaconcursos.com.br\/blog\/concurso-ufrj-conteudo-programatico\/","title":{"rendered":"Concurso UFRJ: edital de n\u00edvel m\u00e9dio tem conte\u00fado program\u00e1tico dispon\u00edvel"},"content":{"rendered":"\n<p>O edital do concurso para a <a href=\"https:\/\/www.estrategiaconcursos.com.br\/pesquisa\/?q=ufrj\" target=\"_blank\" rel=\"noreferrer noopener\">Universidade Federal do Rio de Janeiro<\/a> (<strong>concurso UFRJ<\/strong>), destinado ao preenchimento de 103 vagas de n\u00edveis m\u00e9dio e t\u00e9cnico, teve o conte\u00fado program\u00e1tico disponibilizado.<\/p>\n\n\n\n<p>O conte\u00fado program\u00e1tico foi disponibilizado nesta sexta-feira (18\/3), quatro dias ap\u00f3s a publica\u00e7\u00e3o do edital do certame, conforme o j\u00e1 previsto no cronograma do edital. <\/p>\n\n\n\n<p>As inscri\u00e7\u00f5es seguir\u00e3o entre as 10h do dia 23 de mar\u00e7o de 2022 at\u00e9 \u00e0s 23h59 do dia 24 de abril de 2022. O valor da taxa de participa\u00e7\u00e3o ser\u00e1 de: R$ 90,00. <\/p>\n\n\n\n<p>Candidatos a uma das vagas ser\u00e3o avaliados por meio de <strong>prova objetiva<\/strong> na data prov\u00e1vel do dia<strong> 22 de maio de 2022.<\/strong><\/p>\n\n\n\n<div class=\"col-sm\">\n      <div class=\"banner-estrategia\" id=\"box-assinatura\">\n        <h3 class=\"titulo-assinatura\">Cursos para UFRJ<\/h3>\n        <p class=\"subtitulo-assinatura\">Conhe\u00e7a os cursos<\/p>\n        <div class=\"box-botao\">\n          <a class=\"btn-assinatura\" target=\"_blank\" href=\"https:\/\/www.estrategiaconcursos.com.br\/pesquisa\/?q=ufrj\" role=\"button\" rel=\"noopener noreferrer\">Conhe\u00e7a mais<\/a>\n        <\/div>\n      <\/div>\n      <p class=\"texto-auxiliar\">Prepare-se com o melhor material e com quem mais aprova em Concursos P\u00fablicos em todo o pa\u00eds.<\/p>\n    <\/div>\n\n\n\n<p>De acordo com o documento, a avalia\u00e7\u00e3o do <strong>concurso UFRJ <\/strong>exigir\u00e1 conhecimentos nas seguintes \u00e1reas:<\/p>\n\n\n\n<h3 class=\"wp-block-heading\" id=\"h-concurso-ufrj-lingua-portuguesa-comum-a-todos-os-cargos\">Concurso UFRJ: L\u00edngua portuguesa (comum a todos os cargos)<\/h3>\n\n\n\n<p>Compreens\u00e3o e interpreta\u00e7\u00e3o de textos verbais e n\u00e3o verbais. An\u00e1lise de discursos no plano das rela\u00e7\u00f5es entre Linguagem, Comunica\u00e7\u00e3o e Sociedade. Produ\u00e7\u00e3o e recep\u00e7\u00e3o textuais nas pr\u00e1ticas sociais. Usos da linguagem. Reconhecimento cr\u00edtico das linguagens como elementos integradores dos sistemas e processos de comunica\u00e7\u00e3o. Elementos da Comunica\u00e7\u00e3o. Variedades lingu\u00edsticas. G\u00eaneros e Tipologia textuais e seus elementos constituintes. Coes\u00e3o e coer\u00eancia textuais. Equival\u00eancia e transforma\u00e7\u00e3o de estruturas. Rela\u00e7\u00f5es de sinon\u00edmia e anton\u00edmia. Classe e emprego de palavras. Frase, ora\u00e7\u00e3o e per\u00edodo. Per\u00edodo composto (coordena\u00e7\u00e3o e subordina\u00e7\u00e3o). Reg\u00eancia nominal e verbal. Concord\u00e2ncia nominal e verbal. Coloca\u00e7\u00e3o pronominal. Ortografia, acentua\u00e7\u00e3o gr\u00e1fica e pontua\u00e7\u00e3o.<\/p>\n\n\n\n<h3 class=\"wp-block-heading\" id=\"concurso-ufrj-legislacao-comum-a-todos-os-cargos\">Concurso UFRJ: Legisla\u00e7\u00e3o (comum a todos os cargos)<\/h3>\n\n\n\n<p>Lei Federal 8.112\/1990. Lei Federal no 12.527\/2011. Lei Federal no 13.709\/2018. Decreto Federal no 7.724\/2012. Decreto no 1.171\/1994. Decreto no 9.758\/2019. Lei Federal no 8.666\/1993. Lei Federal no 9.784\/1999. Constitui\u00e7\u00e3o Federal de 1988: T\u00edtulo I. T\u00edtulo II. T\u00edtulo III, cap\u00edtulo I e cap\u00edtulo VII (Se\u00e7\u00f5es I e II). T\u00edtulo VIII, cap\u00edtulo III (Se\u00e7\u00e3o I). Princ\u00edpios Constitucionais Expl\u00edcitos. Princ\u00edpios Constitucionais Impl\u00edcitos. Administra\u00e7\u00e3o P\u00fablica Direta e Indireta. Plano de Desenvolvimento Institucional da UFRJ (PDI 2020-2024).<\/p>\n\n\n\n<h3 class=\"wp-block-heading\" id=\"concurso-ufrj-raciocinio-logico-cargo-assistente-em-administracao\">Concurso UFRJ: Racioc\u00ednio l\u00f3gico (cargo Assistente em Administra\u00e7\u00e3o)<\/h3>\n\n\n\n<p>Estruturas l\u00f3gicas. L\u00f3gica de argumenta\u00e7\u00e3o. Diagramas l\u00f3gicos. Princ\u00edpios de contagem e probabilidade. Opera\u00e7\u00f5es com conjuntos. Raz\u00e3o e propor\u00e7\u00e3o. Regra de tr\u00eas simples e composta. C\u00e1lculos com porcentagem. Juros simples e compostos.<\/p>\n\n\n\n<h3 class=\"wp-block-heading\" id=\"concurso-ufrj-conhecimento-de-informatica-cargo-assistente-em-administracao\">Concurso UFRJ: Conhecimento de inform\u00e1tica (cargo Assistente em Administra\u00e7\u00e3o)<\/h3>\n\n\n\n<p>Conceitos e principais comandos e fun\u00e7\u00f5es de sistemas operacionais Windows e Linux. No\u00e7\u00f5es de aplicativos de edi\u00e7\u00e3o de textos e planilhas Microsoft Office e LibreOffice. Conceitos de Internet, Intranet e Extranet. No\u00e7\u00f5es b\u00e1sicas de tecnologias, ferramentas, aplicativos e procedimentos associados \u00e0 Internet e Intranet. No\u00e7\u00f5es de seguran\u00e7a e prote\u00e7\u00e3o. Governo Eletr\u00f4nico (e-Gov): conceitos, objetivos e servi\u00e7os. Conceitos b\u00e1sicos e utiliza\u00e7\u00e3o de ferramentas e aplicativos de navega\u00e7\u00e3o, correio eletr\u00f4nico e de gest\u00e3o de processos e documentos eletr\u00f4nicos.<\/p>\n\n\n\n<h3 class=\"wp-block-heading\" id=\"conhecimentos-especificos-cargo-tecnico-de-laboratorio-area-de-atuacao-biologia\">Conhecimentos espec\u00edficos (cargo T\u00e9cnico de Laborat\u00f3rio, \u00e1rea de atua\u00e7\u00e3o Biologia)<\/h3>\n\n\n\n<p>1. Biologia celular: Estrutura fundamental da c\u00e9lula; Membrana das c\u00e9lulas, sua composi\u00e7\u00e3o e formas de sinaliza\u00e7\u00e3o; Transporte pela membrana celular; Metabolismo celular; 2. Histologia animal e vegetal: Caracter\u00edsticas gerais dos tecidos; 3. Conceitos b\u00e1sicos de microscopia \u00f3ptica; T\u00e9cnicas de colora\u00e7\u00e3o para an\u00e1lises microsc\u00f3picas; cuidados com os aparelhos: limpeza e conserva\u00e7\u00e3o; preparo de material biol\u00f3gico: subst\u00e2ncias fixadoras, desidrata\u00e7\u00e3o, inclus\u00e3o e colora\u00e7\u00e3o; 4. Normas de seguran\u00e7a laboratorial: boas pr\u00e1ticas laboratoriais; equipamentos de prote\u00e7\u00e3o de seguran\u00e7a&nbsp;individual (EPI\u2019s) e coletiva (EPC\u2019s); armazenamento e&nbsp;descarte de materiais biol\u00f3gicos e qu\u00edmicos; 5. Vidrarias e equipamentos usados em laborat\u00f3rio; 6. No\u00e7\u00f5es b\u00e1sicas de qu\u00edmica para o laborat\u00f3rio de biologia: Solu\u00e7\u00e3o tamp\u00e3o e princ\u00edpios de tamponamento; Rea\u00e7\u00f5es de neutraliza\u00e7\u00e3o; C\u00e1lculo estequiom\u00e9trico; 7. T\u00e9cnicas de coleta e preserva\u00e7\u00e3o e an\u00e1lise de amostras biol\u00f3gicas; 8. No\u00e7\u00f5es de biosseguran\u00e7a.<\/p>\n\n\n\n<h3 class=\"wp-block-heading\" id=\"conhecimentos-especificos-cargo-tecnico-de-laboratorio-area-de-atuacao-analises-clinicas\">Conhecimentos espec\u00edficos (cargo T\u00e9cnico de Laborat\u00f3rio, \u00e1rea de atua\u00e7\u00e3o&nbsp;An\u00e1lises Cl\u00ednicas)<\/h3>\n\n\n\n<p>1) Solu\u00e7\u00f5es equivalentes&nbsp;\u2013&nbsp;grama. 2) Concentra\u00e7\u00e3o das solu\u00e7\u00f5es. 3) Dilui\u00e7\u00e3o das solu\u00e7\u00f5es. 4) Mistura e solu\u00e7\u00f5es. 5) Volumetria, An\u00e1lise volum\u00e9trica. 6) Osmometria. 7) Sin\u00e9tica e equil\u00edbrios qu\u00edmicos. 8) T\u00e9cnicas bioqu\u00edmicas. 9) Material necess\u00e1rio para o laborat\u00f3rio cl\u00ednico. 10) Limpeza do material. 11) Princ\u00edpios gerais e t\u00e9cnica. 12) Obten\u00e7\u00e3o das amostras. 13) Colora\u00e7\u00f5es na microbiologia e na hematologia. 14) Esteriliza\u00e7\u00e3o (m\u00e9todos). 15) Preparo e solu\u00e7\u00e3o. 16) Medidas e unidades. 17) Atividades padronizadas de laborat\u00f3rio&nbsp;\u2013&nbsp;automatizadas ou t\u00e9cnicas cl\u00e1ssicas &#8211; necess\u00e1rias ao diagn\u00f3stico, nas \u00e1reas de parasitologia, microbiologia m\u00e9dica, imunologia, hematologia, bioqu\u00edmica, biologia molecular e urin\u00e1lise. 18) Qu\u00edmica e preparo de solu\u00e7\u00f5es. 19) Biosseguran\u00e7a. 20) No\u00e7\u00f5es de biot\u00e9rio. Conceitos b\u00e1sicos e utiliza\u00e7\u00e3o de ferramentas e aplicativos de navega\u00e7\u00e3o e correio eletr\u00f4nico.<\/p>\n\n\n\n<h3 class=\"wp-block-heading\" id=\"conhecimentos-especificos-cargo-tecnico-de-laboratorio-area-de-atuacao-colecoes-geopaleontologicas\">Conhecimentos espec\u00edficos (cargo T\u00e9cnico de Laborat\u00f3rio, \u00e1rea de atua\u00e7\u00e3o Cole\u00e7\u00f5es Geopaleontol\u00f3gicas)<\/h3>\n\n\n\n<p>Conhecimentos b\u00e1sicos em curadoria de acervos e cole\u00e7\u00f5es cient\u00edficas em institui\u00e7\u00f5es de pesquisa e museus. Conhecimentos em triagem de amostras Geopaleontol\u00f3gicas. Conhecimentos em identifica\u00e7\u00e3o b\u00e1sica de amostras Geopaleontol\u00f3gicas. Conhecimentos em incorpora\u00e7\u00e3o de amostras Geopaleontol\u00f3gicas. No\u00e7\u00f5es b\u00e1sicas de legisla\u00e7\u00e3o mineral e f\u00f3sseis. Conhecimentos b\u00e1sicos de taxonomia e regras de nomenclatura. No\u00e7\u00f5es b\u00e1sicas do c\u00f3digo de nomenclatura estratigr\u00e1fica. No\u00e7\u00f5es b\u00e1sicas de computa\u00e7\u00e3o para gerenciamento de cole\u00e7\u00f5es cient\u00edficas<\/p>\n\n\n\n<h3 class=\"wp-block-heading\" id=\"conhecimentos-especificos-cargo-tecnico-de-laboratorio-area-de-atuacao-colecoes-zoologicas\">Conhecimentos espec\u00edficos (cargo T\u00e9cnico de Laborat\u00f3rio, \u00e1rea de atua\u00e7\u00e3o Cole\u00e7\u00f5es Zool\u00f3gicas)<\/h3>\n\n\n\n<p>Conhecimentos em curadoria de acervos e cole\u00e7\u00f5es cient\u00edficas zool\u00f3gicas em institui\u00e7\u00f5es de pesquisa e museus. Conhecimentos em triagem e identifica\u00e7\u00e3o de amostras zool\u00f3gicas. Conhecimentos em prepara\u00e7\u00e3o e incorpora\u00e7\u00e3o de amostras zool\u00f3gicas. Conhecimentos em prepara\u00e7\u00e3o de material zool\u00f3gico para empr\u00e9stimo, permuta e doa\u00e7\u00e3o entre institui\u00e7\u00f5es de pesquisa e museus No\u00e7\u00f5es de coleta de material zool\u00f3gico em campo: ambientes diversos. No\u00e7\u00f5es de manuten\u00e7\u00e3o preventiva em ambientes de cole\u00e7\u00e3o cient\u00edfica.<\/p>\n\n\n\n<h3 class=\"wp-block-heading\" id=\"conhecimentos-especificos-cargo-tecnico-de-laboratorio-area-de-atuacao-mecanica\">Conhecimentos espec\u00edficos (cargo T\u00e9cnico de Laborat\u00f3rio, \u00e1rea de atua\u00e7\u00e3o Mec\u00e2nica)<\/h3>\n\n\n\n<p>1. Tecnologia Mec\u00e2nica: 1.1 Usinagem mec\u00e2nica (ajustagem, torneamento, fresamento e CNC); 1.2 Metrologia; 1.3 Soldagem (soldagem oxi-acetil\u00eanica, soldagem el\u00e9trica) 2. Sistemas t\u00e9rmicos: 2.1. Primeira e segunda leis da termodin\u00e2mica; 2.2. Refrigera\u00e7\u00e3o e ar condicionado (ciclo b\u00e1sico de refrigera\u00e7\u00e3o e psicrometria) 3. Instrumenta\u00e7\u00e3o (unidades de medida, medi\u00e7\u00e3o de press\u00e3o, temperatura, n\u00edvel e vaz\u00e3o); 4. Materiais: 4.1. Estruturas cristalinas; 4.2. Transforma\u00e7\u00e3o de fases; 4.3. Diagrama ferro-carbono; 4.4 Ensaios mec\u00e2nicos (tra\u00e7\u00e3o, dureza e impacto) 5. Elementos de m\u00e1quinas (elementos de apoio, elementos de transmiss\u00e3o e elementos de fixa\u00e7\u00e3o).<\/p>\n\n\n\n<h3 class=\"wp-block-heading\" id=\"conhecimentos-especificos-cargo-tecnico-de-laboratorio-area-de-atuacao-patologia-clinica\">Conhecimentos espec\u00edficos (cargo T\u00e9cnico de Laborat\u00f3rio, \u00e1rea de atua\u00e7\u00e3o Patologia Cl\u00ednica)<\/h3>\n\n\n\n<p>Identifica\u00e7\u00e3o e uso de equipamentos: Centr\u00edfugas, estufas, espectrofot\u00f4metro, microsc\u00f3pio, banho-maria, autoclave e sistemas automatizados. Identifica\u00e7\u00e3o e utiliza\u00e7\u00e3o de vidrarias; Limpeza e preparo de materiais de laborat\u00f3rio. Biosseguran\u00e7a: Equipamentos de prote\u00e7\u00e3o e de uso individual e coletivo e suas utiliza\u00e7\u00f5es, Descontamina\u00e7\u00e3o e descarte de materiais; Coleta e manipula\u00e7\u00e3o de amostras biol\u00f3gicas para exames laboratoriais: Preparo do paciente, Coleta de sangue, Obten\u00e7\u00e3o de amostras: sangue total, soro, plasma urina fezes e l\u00edquidos biol\u00f3gicos, transporte, acondicionamento e conserva\u00e7\u00e3o de amostras, Anticoagulantes: tipos e fun\u00e7\u00e3o. Exames hematol\u00f3gicos; Exames bioqu\u00edmicos; Exames imunol\u00f3gicos; Exames parasitol\u00f3gicos; Exames microbiol\u00f3gicos; No\u00e7\u00f5es gerais de histologia.<\/p>\n\n\n\n<h3 class=\"wp-block-heading\" id=\"conhecimentos-especificos-cargo-tecnico-de-laboratorio-area-de-atuacao-quimica\">Conhecimentos espec\u00edficos (cargo T\u00e9cnico de Laborat\u00f3rio, \u00e1rea de atua\u00e7\u00e3o Qu\u00edmica)<\/h3>\n\n\n\n<p>1. Propriedades da mat\u00e9ria e da energia, estados f\u00edsicos da mat\u00e9ria, transforma\u00e7\u00f5es f\u00edsicas e qu\u00edmicas; 2. Estrutura da mat\u00e9ria: teoria at\u00f4mica-molecular cl\u00e1ssica e moderna, estrutura eletr\u00f4nica das mol\u00e9culas, tabela peri\u00f3dica, liga\u00e7\u00f5es qu\u00edmicas, geometria molecular, intera\u00e7\u00f5es intermoleculares, compostos de coordena\u00e7\u00e3o; 3. Misturas e subst\u00e2ncias puras,fun\u00e7\u00f5es inorg\u00e2nicas, nomenclatura dos compostos inorg\u00e2nicos; 4. Leis ponderais e volum\u00e9tricas, estequiometria, f\u00f3rmulas e equa\u00e7\u00f5es qu\u00edmicas; 5. Solu\u00e7\u00f5es: classifica\u00e7\u00e3o das solu\u00e7\u00f5es, unidades de concentra\u00e7\u00e3o, o processo de dissolu\u00e7\u00e3o, dilui\u00e7\u00e3o e mistura, propriedades coligativas, col\u00f3ides; 6. Gases, termodin\u00e2mica, termoqu\u00edmica, cin\u00e9tica qu\u00edmica, equil\u00edbrio qu\u00edmico molecular; 7. Equil\u00edbrio qu\u00edmico i\u00f4nico: \u00e1cido-base, pH e pOH, hidr\u00f3lise, solu\u00e7\u00f5es tamp\u00e3o, curvas de titula\u00e7\u00e3o; 8. Eletroqu\u00edmica: rea\u00e7\u00f5es de oxida\u00e7\u00e3o e redu\u00e7\u00e3o, c\u00e9lulas galv\u00e2nicas, eletr\u00f3lise, corros\u00e3o; 9. Qu\u00edmica org\u00e2nica: fun\u00e7\u00f5es org\u00e2nicas, origem, propriedades, aplica\u00e7\u00f5es e nomenclatura dos compostos org\u00e2nicos; 10. Qu\u00edmica ambiental: atmosfera, hidrosfera e litosfera, ciclos biogeoqu\u00edmicos, principais problemas ambientais modernos (camada de oz\u00f4nio, aquecimento global, polui\u00e7\u00e3o); 11. Qu\u00edmica verde: os princ\u00edpios da Qu\u00edmica Verde, tecnologias verdes para degrada\u00e7\u00e3o de poluentes, ecologia industrial, An\u00e1lise do Ciclo de Vida; 12. Aparelhagem essencial do laborat\u00f3rio de qu\u00edmica: equipamentos, vidraria, acess\u00f3rios, reagentes, purificadores de \u00e1gua, manuten\u00e7\u00e3o e calibra\u00e7\u00e3o de equipamentos de medi\u00e7\u00e3o; 13. Opera\u00e7\u00f5es fundamentais: aquecimento, medi\u00e7\u00e3o de volumes, pesagem, t\u00e9cnicas de separa\u00e7\u00e3o; 14. Prepara\u00e7\u00e3o e padroniza\u00e7\u00e3o de solu\u00e7\u00f5es; 15. M\u00e9todos cl\u00e1ssicos de an\u00e1lise: gravimetria, titulometria (\u00e1cido base, precipita\u00e7\u00e3o, complexa\u00e7\u00e3o, oxida\u00e7\u00e3o\/redu\u00e7\u00e3o).<\/p>\n\n\n\n<h3 class=\"wp-block-heading\" id=\"concurso-ufrj-conhecimentos-especificos-cargo-tecnico-de-tecnologia-da-informacao-area-de-atuacao-desenvolvimento\">Concurso UFRJ: Conhecimentos espec\u00edficos (cargo T\u00e9cnico de Tecnologia da Informa\u00e7\u00e3o, \u00e1rea de atua\u00e7\u00e3o Desenvolvimento)<\/h3>\n\n\n\n<p>Algoritmos, fluxogramas, depura\u00e7\u00e3o, estrutura de dados. Arquitetura cliente servidor multicamadas. Desenvolvimento e manuten\u00e7\u00e3o de sistemas e aplica\u00e7\u00f5es. Paradigma de orienta\u00e7\u00e3o a objetos: conceitos e aplica\u00e7\u00f5es. Banco de dados: caracter\u00edsticas dos bancos relacionais (PostgreSQL, MySQL) e a linguagem SQL. Modelagem de dados: Diagramas Entidade-Relacionamento e mapeamento para modelo relacional. Tecnologias WEB: Webservices SOAP e REST, AJAX, XML, HTML5, CSS, Javascript. Frameworks: Angular, Laravel, Bootstrap, Spring, Hibernate, JSF, Primefaces. Conhecimentos sobre Linguagens de programa\u00e7\u00e3o WEB: PHP 7, JAVA 7 e 8. Interface homem-m\u00e1quina: interface gr\u00e1fica, usabilidade e acessibilidade. Ferramentas de desenvolvimento: Git, SVN, Eclipse IDE, Netbeans IDE. No\u00e7\u00f5es b\u00e1sicas de virtualiza\u00e7\u00e3o (Virtualbox, Xen, KVM) e containers (Docker). No\u00e7\u00f5es b\u00e1sicas de desenvolvimento seguro de software. Metodologias \u00e1geis: Scrum, TDD, XP, Kanban. Engenharia de software: conceitos b\u00e1sicos, Qualidade de software, Padr\u00e3o de projeto, Projeto de software, Prototipa\u00e7\u00e3o, Testes, Ger\u00eancia de configura\u00e7\u00e3o, Integra\u00e7\u00e3o cont\u00ednua. Seguran\u00e7a da Informa\u00e7\u00e3o: autentica\u00e7\u00e3o, certifica\u00e7\u00e3o digital, chaves p\u00fablica e privada, protocolos seguros, tipos de ataques, v\u00edrus, trojans, firewall, IDS, filtro de pacotes, proxy, malwares.<\/p>\n\n\n\n<h3 class=\"wp-block-heading\" id=\"conhecimentos-especificos-cargo-tecnico-de-tecnologia-da-informacao-area-de-atuacao-suporte-a-seguranca-e-redes\">Conhecimentos espec\u00edficos (cargo&nbsp;T\u00e9cnico de Tecnologia da Informa\u00e7\u00e3o, \u00e1rea de atua\u00e7\u00e3o Suporte a Seguran\u00e7a e Redes)<\/h3>\n\n\n\n<p>Fundamentos: Componentes e arquiteturas de sistemas computacionais (hardware e software); Linguagens de programa\u00e7\u00e3o, compiladores e interpretadores; Representa\u00e7\u00e3o de dados: bin\u00e1rio, hexadecimal e decimal; Processamento paralelo e distribu\u00eddo; Fundamentos de sistemas operacionais; Gerenciamento de processos e fluxos de execu\u00e7\u00e3o (threads): escalonamento, comunica\u00e7\u00e3o e sincroniza\u00e7\u00e3o entre processos, impasses (deadlocks) e esgotamento de recursos (starvation). AMBIENTE LINUX: (CentOS, Debian e Fedora): Instala\u00e7\u00e3o, configura\u00e7\u00e3o e administra\u00e7\u00e3o; Utilit\u00e1rios e comandos padr\u00e3o; Administra\u00e7\u00e3o de contas de usu\u00e1rios, grupos e permiss\u00f5es de acesso; Sistemas de arquivos; Gerenciamento de volumes l\u00f3gicos de arquivos (LVM); Gerenciamento de processos; Configura\u00e7\u00e3o de servi\u00e7os de rede: HTTP (Apache), DNS (BIND), SSH (OpenSSH) e SMTP (Postfix); Programa\u00e7\u00e3o em GNU Bourne-again Shell (Bash); vari\u00e1veis, ciclos (loops) e execu\u00e7\u00e3o condicional; redirecionamento de entradas e sa\u00eddas padr\u00e3o (stdin, stdout e stderr), arquivos e execu\u00e7\u00e3o de comandos; Uso de express\u00f5es regulares (POSIX Extended Regular Expressions); Gerenciamento remoto. REDES: Arquiteturas e topologias: conceitos e modelo OSI; Infraestrutura: Conceitos b\u00e1sicos de cabeamento estruturado; Tipos (UTP e STP) e categorias (5e, 6 e 6a) de cabo de par tran\u00e7ado, tipos de cabo de fibra \u00f3ptica (multimodo e monomodo); Padr\u00f5es: IEEE 802.1w, IEEE 802.1Q, IEEE 802.1X, IEEE 802.3u, IEEE 802.3ab, IEEE 802.3z, IEEE 802.3ae, IEEE 802.3ad, IEEE 802.3af; Redes sem fio: IEEE 802.11b\/g\/n; Protocolos: IPv4, TCP, UDP, IPSec, ARP, ICMP, SNMP, SSH, DNS, DHCP, SMTP, HTTP, FTP, LDAP, RADIUS, H.323, RTP, RTCP, SIP, syslog e NTP; NAT e PAT; Roteadores; Comutadores (switches); Concentradores (hubs); Conceitos b\u00e1sicos de protocolos de roteamento; VPN; Qualidade de servi\u00e7o (QoS). SEGURAN\u00c7A: Conceitos b\u00e1sicos&nbsp;\u2013&nbsp;Confidencialidade, disponibilidade, integridade, autenticidade e legalidade; C\u00f3digo malicioso (malware)&nbsp;\u2013&nbsp;V\u00edrus, worms, cavalos de Tr\u00f3ia, spyware, bots, adware, keyloggers, backdoors e rootkits. Criptografia&nbsp;\u2013&nbsp;Criptografia de chave p\u00fablica (assim\u00e9trica); Criptografia de chave secreta (sim\u00e9trica); Certificados digitais; Assinaturas digitais; Hashes criptogr\u00e1ficos. Controle de acesso&nbsp;\u2013&nbsp;Autentica\u00e7\u00e3o, autoriza\u00e7\u00e3o e auditoria; Autentica\u00e7\u00e3o forte (baseada em dois ou mais fatores); Single sign-on. No\u00e7\u00f5es de Seguran\u00e7a em Redes&nbsp;\u2013&nbsp;Filtragem de tr\u00e1fego com firewalls ou listas de controle de acesso (ACL), proxy e proxy reverso; Ataques de nega\u00e7\u00e3o de servi\u00e7o (DoS) e ataques distribu\u00eddos de nega\u00e7\u00e3o de servi\u00e7o (DDoS); Sistemas de detec\u00e7\u00e3o de intrus\u00e3o (IDS) e sistemas de preven\u00e7\u00e3o de intrus\u00e3o (IPS); Protocolos SSL e TLS; Mecanismos de filtragem de mensagens indesejadas (spam)&nbsp;\u2013&nbsp;Listas negras, listas cinzas, filtragem baseada em regras, filtro Bayesiano e Sender Policy Framework (SPF). DESENVOLVIMENTO: Conceitos e fundamentos de Orienta\u00e7\u00e3o a Objetos, linguagem PHP, ShellScript.<\/p>\n\n\n\n<h3 class=\"wp-block-heading\" id=\"concurso-ufrj-conhecimentos-especificos-cargo-tecnico-de-tecnologia-da-informacao-area-de-atuacao-suporte-ao-usuario\">Concurso UFRJ: Conhecimentos espec\u00edficos (cargo T\u00e9cnico de Tecnologia da Informa\u00e7\u00e3o, \u00e1rea de atua\u00e7\u00e3o Suporte ao Usu\u00e1rio)<\/h3>\n\n\n\n<p>Conceitos b\u00e1sicos; Conceitos fundamentais sobre processamento de dados; Arquitetura de microcomputadores e funcionamento de seus principais componentes; Caracter\u00edsticas f\u00edsicas dos principais perif\u00e9ricos e dispositivos de armazenamento de massa; Organiza\u00e7\u00e3o l\u00f3gica e f\u00edsica de arquivos; M\u00e9todos de acesso; Sistemas de entrada, sa\u00edda e armazenamento. Sistemas operacionais, Suites e Browser: Instala\u00e7\u00e3o, configura\u00e7\u00e3o e administra\u00e7\u00e3o de sistemas operacionais LINUX e WINDOWS para servidores e esta\u00e7\u00f5es de trabalho; Instala\u00e7\u00e3o, suporte e uso de editores de textos e planilhas (BrOffice e Microsoft Office); Uso e configura\u00e7\u00e3o dos navegadores Internet Explorer e Firefox. Redes: Modelos OSI e TCP\/IP; Protocolos de Comunica\u00e7\u00e3o; Configura\u00e7\u00e3o de ambiente de rede em servidores e esta\u00e7\u00f5es de trabalho LINUX e WINDOWS; Utilit\u00e1rios de resolu\u00e7\u00e3o de problemas de redes; Servidores DHCP e DNS; Servidores Apache e IIS; Configura\u00e7\u00e3o e protocolos de correio eletr\u00f4nico em esta\u00e7\u00e3o de trabalho e servidores LINUX e WINDOWS; Firewall, Proxy e VPN em ambientes LINUX e WINDOWS; Uso e configura\u00e7\u00e3o dos navegadores Internet Explorer e Firefox. Seguran\u00e7a de informa\u00e7\u00e3o: Seguran\u00e7a f\u00edsica e l\u00f3gica; Conceitos, tipos e pol\u00edticas de backup; Conceitos de criptografia; V\u00edrus, programas maliciosos e Antiv\u00edrus; Permiss\u00f5es de acesso a computadores e arquivos em ambiente LINUX e WINDOWS; Certifica\u00e7\u00e3o digital. Armazenamento de dados: Conceitos de armazenamento em discos e fitas; Sistemas de arquivos em LINUX e WINDOWS; Conceitos, tipos e configura\u00e7\u00e3o de RAID. Servi\u00e7os de Diret\u00f3rio: Microsoft Active Directory, LDAP, OpenLDAP.<\/p>\n\n\n\n<h3 class=\"wp-block-heading\" id=\"concurso-ufrj-conhecimentos-especificos-cargo-tecnico-em-contabilidade-area-de-atuacao-geral\">Concurso UFRJ: Conhecimentos espec\u00edficos (cargo T\u00e9cnico em Contabilidade, \u00e1rea de atua\u00e7\u00e3o Geral)<\/h3>\n\n\n\n<p>Or\u00e7amento P\u00fablico: conceitos e princ\u00edpios. Or\u00e7amento-programa. Ciclo or\u00e7ament\u00e1rio: elabora\u00e7\u00e3o, aprova\u00e7\u00e3o, execu\u00e7\u00e3o e avalia\u00e7\u00e3o. O or\u00e7amento na Constitui\u00e7\u00e3o de 1988. Processo de planejamento do or\u00e7amento: Plano Plurianual, Lei de Diretrizes Or\u00e7ament\u00e1rias e Lei Or\u00e7ament\u00e1ria Anual. D\u00edvida ativa. Restos a pagar. Despesas de exerc\u00edcios anteriores. Cr\u00e9ditos adicionais. Descentraliza\u00e7\u00e3o de cr\u00e9ditos. Lei no 4.320\/1964. Decreto no 93.872\/1986. Lei Complementar no 101\/2000 (Lei de Responsabilidade Fiscal): defini\u00e7\u00f5es, limites e controle das despesas com pessoal; restos a pagar; Das Disponibilidades de Caixa; Da Preserva\u00e7\u00e3o do Patrim\u00f4nio P\u00fablico; Da Escritura\u00e7\u00e3o e Consolida\u00e7\u00e3o das Contas; e Do Relat\u00f3rio de Gest\u00e3o Fiscal. Da fiscaliza\u00e7\u00e3o cont\u00e1bil, financeira e or\u00e7ament\u00e1ria &#8211; Constitui\u00e7\u00e3o Federal. Conceito e finalidade do controle da Administra\u00e7\u00e3o P\u00fablica. Campo de aplica\u00e7\u00e3o da contabilidade aplicada ao setor p\u00fablico. Legisla\u00e7\u00e3o b\u00e1sica (Lei no 4.320\/1964 e Decreto no 93.872\/1986). NBC TSP&nbsp;\u2013&nbsp;Normas Brasileiras de Contabilidade do Setor P\u00fablico: NBC TSP Estrutura Conceitual; NBC TSP 01; NBC TSP 02; NBC TSP 03; NBC TSP 04; NBC TSP 05; NBC T 16.6 R1; NBC T 16.7; NBC T 16.8; NBC T 16.9; NBC T 16.10; NBC T 16.11. Manual de Contabilidade Aplicada ao Setor P\u00fablico 7a edi\u00e7\u00e3o &#8211; Portaria-Conjunta STN\/SOF no 02\/2016: Parte I &#8211; Procedimentos Cont\u00e1beis Or\u00e7ament\u00e1rios; Portaria STN no 840\/2016: Parte Geral&nbsp;\u2013&nbsp;Contabilidade Aplicada ao Setor P\u00fablico; Parte II &#8211; Procedimentos Cont\u00e1beis Patrimoniais; Parte IV &#8211; Plano de Contas Aplicado ao Setor P\u00fablico; Parte V &#8211; Demonstra\u00e7\u00f5es Cont\u00e1beis Aplicadas ao Setor P\u00fablico. Tabela de eventos: conceito, estrutura e fundamentos l\u00f3gicos. Sistema Integrado de Administra\u00e7\u00e3o Financeira do Governo Federal &#8211; SIAFI: conceito, objetivos, principais documentos cont\u00e1beis. Balan\u00e7os Financeiro, Patrimonial, Or\u00e7ament\u00e1rio e Demonstra\u00e7\u00e3o das Varia\u00e7\u00f5es Patrimoniais, de acordo com a Lei no 4.320\/1964. Lei no 8.666\/1993 e altera\u00e7\u00f5es. Lei no 9.784\/1999. Lei no 8.429\/1992.<\/p>\n\n\n\n<p class=\"has-text-align-center has-pale-cyan-blue-background-color has-background has-medium-font-size\"><a href=\"https:\/\/concursos.pr4.ufrj.br\/images\/Edital-190-2022\/1-Editais-Anexos-e-Legislacao\/Anexo_IV__Contedos_programaticos__Edital_no_190_2022-17-03-2022.pdf\" target=\"_blank\" rel=\"noreferrer noopener\">Veja o documento na \u00edntegra<\/a><\/p>\n\n\n\n\n","protected":false},"excerpt":{"rendered":"<p>O edital do concurso para a Universidade Federal do Rio de Janeiro (concurso UFRJ), destinado ao preenchimento de 103 vagas de n\u00edveis m\u00e9dio e t\u00e9cnico, teve o conte\u00fado program\u00e1tico disponibilizado. O conte\u00fado program\u00e1tico foi disponibilizado nesta sexta-feira (18\/3), quatro dias ap\u00f3s a publica\u00e7\u00e3o do edital do certame, conforme o j\u00e1 previsto no cronograma do edital. [&hellip;]<\/p>\n","protected":false},"author":2319,"featured_media":447089,"comment_status":"open","ping_status":"closed","sticky":false,"template":"","format":"standard","meta":{"post_tipo":"news","footnotes":""},"categories":[3766],"tags":[2804,220564,220339],"tax_estado":[219982],"class_list":["post-990180","post","type-post","status-publish","format-standard","has-post-thumbnail","hentry","category-educacional","tag-concurso-ufrj","tag-ufrj","tag-vagas-ufrj","tax_estado-rj"],"acf":[],"yoast_head":"<!-- This site is optimized with the Yoast SEO Premium plugin v27.2 (Yoast SEO v27.2) - https:\/\/yoast.com\/product\/yoast-seo-premium-wordpress\/ -->\n<title>Concurso UFRJ: edital de n\u00edvel m\u00e9dio tem conte\u00fado program\u00e1tico dispon\u00edvel<\/title>\n<meta name=\"description\" content=\"O edital do concurso para a Universidade Federal do Rio de Janeiro (concurso UFRJ), destinado ao preenchimento de 103 vagas de n\u00edveis m\u00e9\" \/>\n<meta name=\"robots\" content=\"index, follow, max-snippet:-1, max-image-preview:large, max-video-preview:-1\" \/>\n<link rel=\"canonical\" href=\"https:\/\/www.estrategiaconcursos.com.br\/blog\/concurso-ufrj-conteudo-programatico\/\" \/>\n<meta property=\"og:locale\" content=\"pt_BR\" \/>\n<meta property=\"og:type\" content=\"article\" \/>\n<meta property=\"og:title\" content=\"Concurso UFRJ: edital de n\u00edvel m\u00e9dio tem conte\u00fado program\u00e1tico dispon\u00edvel\" \/>\n<meta property=\"og:description\" content=\"O edital do concurso para a Universidade Federal do Rio de Janeiro (concurso UFRJ), destinado ao preenchimento de 103 vagas de n\u00edveis m\u00e9\" \/>\n<meta property=\"og:url\" content=\"https:\/\/www.estrategiaconcursos.com.br\/blog\/concurso-ufrj-conteudo-programatico\/\" \/>\n<meta property=\"og:site_name\" content=\"Estrat\u00e9gia Concursos\" \/>\n<meta property=\"article:published_time\" content=\"2022-03-18T15:29:47+00:00\" \/>\n<meta property=\"article:modified_time\" content=\"2022-03-18T17:29:38+00:00\" \/>\n<meta property=\"og:image\" content=\"https:\/\/dhg1h5j42swfq.cloudfront.net\/2019\/10\/12105556\/UFRJ.jpeg\" \/>\n\t<meta property=\"og:image:width\" content=\"400\" \/>\n\t<meta property=\"og:image:height\" content=\"208\" \/>\n\t<meta property=\"og:image:type\" content=\"image\/jpeg\" \/>\n<meta name=\"author\" content=\"Let\u00edcia Teixeira\" \/>\n<meta name=\"twitter:card\" content=\"summary_large_image\" \/>\n<meta name=\"twitter:creator\" content=\"@EstratConcursos\" \/>\n<meta name=\"twitter:site\" content=\"@EstratConcursos\" \/>\n<meta name=\"twitter:label1\" content=\"Escrito por\" \/>\n\t<meta name=\"twitter:data1\" content=\"Let\u00edcia Teixeira\" \/>\n\t<meta name=\"twitter:label2\" content=\"Est. tempo de leitura\" \/>\n\t<meta name=\"twitter:data2\" content=\"14 minutos\" \/>\n<script type=\"application\/ld+json\" class=\"yoast-schema-graph\">{\"@context\":\"https:\/\/schema.org\",\"@graph\":[{\"@type\":\"NewsArticle\",\"@id\":\"https:\/\/www.estrategiaconcursos.com.br\/blog\/concurso-ufrj-conteudo-programatico\/#article\",\"isPartOf\":{\"@id\":\"https:\/\/www.estrategiaconcursos.com.br\/blog\/concurso-ufrj-conteudo-programatico\/\"},\"author\":{\"name\":\"Let\u00edcia Teixeira\",\"@id\":\"https:\/\/www.estrategiaconcursos.com.br\/blog\/#\/schema\/person\/9b94727dcf4410f4a7931c83966c843b\"},\"headline\":\"Concurso UFRJ: edital de n\u00edvel m\u00e9dio tem conte\u00fado program\u00e1tico dispon\u00edvel\",\"datePublished\":\"2022-03-18T15:29:47+00:00\",\"dateModified\":\"2022-03-18T17:29:38+00:00\",\"mainEntityOfPage\":{\"@id\":\"https:\/\/www.estrategiaconcursos.com.br\/blog\/concurso-ufrj-conteudo-programatico\/\"},\"wordCount\":2965,\"commentCount\":0,\"publisher\":{\"@id\":\"https:\/\/www.estrategiaconcursos.com.br\/blog\/#organization\"},\"image\":{\"@id\":\"https:\/\/www.estrategiaconcursos.com.br\/blog\/concurso-ufrj-conteudo-programatico\/#primaryimage\"},\"thumbnailUrl\":\"https:\/\/dhg1h5j42swfq.cloudfront.net\/2019\/10\/12105556\/UFRJ.jpeg\",\"keywords\":[\"Concurso UFRJ\",\"ufrj\",\"vagas UFRJ\"],\"articleSection\":[\"Educa\u00e7\u00e3o\"],\"inLanguage\":\"pt-BR\",\"potentialAction\":[{\"@type\":\"CommentAction\",\"name\":\"Comment\",\"target\":[\"https:\/\/www.estrategiaconcursos.com.br\/blog\/concurso-ufrj-conteudo-programatico\/#respond\"]}],\"copyrightYear\":\"2022\",\"copyrightHolder\":{\"@id\":\"https:\/\/www.estrategiaconcursos.com.br\/blog\/#organization\"}},{\"@type\":\"WebPage\",\"@id\":\"https:\/\/www.estrategiaconcursos.com.br\/blog\/concurso-ufrj-conteudo-programatico\/\",\"url\":\"https:\/\/www.estrategiaconcursos.com.br\/blog\/concurso-ufrj-conteudo-programatico\/\",\"name\":\"Concurso UFRJ: edital de n\u00edvel m\u00e9dio tem conte\u00fado program\u00e1tico dispon\u00edvel\",\"isPartOf\":{\"@id\":\"https:\/\/www.estrategiaconcursos.com.br\/blog\/#website\"},\"primaryImageOfPage\":{\"@id\":\"https:\/\/www.estrategiaconcursos.com.br\/blog\/concurso-ufrj-conteudo-programatico\/#primaryimage\"},\"image\":{\"@id\":\"https:\/\/www.estrategiaconcursos.com.br\/blog\/concurso-ufrj-conteudo-programatico\/#primaryimage\"},\"thumbnailUrl\":\"https:\/\/dhg1h5j42swfq.cloudfront.net\/2019\/10\/12105556\/UFRJ.jpeg\",\"datePublished\":\"2022-03-18T15:29:47+00:00\",\"dateModified\":\"2022-03-18T17:29:38+00:00\",\"description\":\"O edital do concurso para a Universidade Federal do Rio de Janeiro (concurso UFRJ), destinado ao preenchimento de 103 vagas de n\u00edveis m\u00e9\",\"breadcrumb\":{\"@id\":\"https:\/\/www.estrategiaconcursos.com.br\/blog\/concurso-ufrj-conteudo-programatico\/#breadcrumb\"},\"inLanguage\":\"pt-BR\",\"potentialAction\":[{\"@type\":\"ReadAction\",\"target\":[\"https:\/\/www.estrategiaconcursos.com.br\/blog\/concurso-ufrj-conteudo-programatico\/\"]}]},{\"@type\":\"ImageObject\",\"inLanguage\":\"pt-BR\",\"@id\":\"https:\/\/www.estrategiaconcursos.com.br\/blog\/concurso-ufrj-conteudo-programatico\/#primaryimage\",\"url\":\"https:\/\/dhg1h5j42swfq.cloudfront.net\/2019\/10\/12105556\/UFRJ.jpeg\",\"contentUrl\":\"https:\/\/dhg1h5j42swfq.cloudfront.net\/2019\/10\/12105556\/UFRJ.jpeg\",\"width\":400,\"height\":208,\"caption\":\"UFRJ\"},{\"@type\":\"BreadcrumbList\",\"@id\":\"https:\/\/www.estrategiaconcursos.com.br\/blog\/concurso-ufrj-conteudo-programatico\/#breadcrumb\",\"itemListElement\":[{\"@type\":\"ListItem\",\"position\":1,\"name\":\"In\u00edcio\",\"item\":\"https:\/\/www.estrategiaconcursos.com.br\/blog\/\"},{\"@type\":\"ListItem\",\"position\":2,\"name\":\"Concurso UFRJ: edital de n\u00edvel m\u00e9dio tem conte\u00fado program\u00e1tico dispon\u00edvel\"}]},{\"@type\":\"WebSite\",\"@id\":\"https:\/\/www.estrategiaconcursos.com.br\/blog\/#website\",\"url\":\"https:\/\/www.estrategiaconcursos.com.br\/blog\/\",\"name\":\"Estrat\u00e9gia Concursos\",\"description\":\"O blog da Estrat\u00e9gia Concursos traz not\u00edcias sobre concursos e artigos de professores oferecendo cursos para concursos (pdf + videaulas) no site.\",\"publisher\":{\"@id\":\"https:\/\/www.estrategiaconcursos.com.br\/blog\/#organization\"},\"potentialAction\":[{\"@type\":\"SearchAction\",\"target\":{\"@type\":\"EntryPoint\",\"urlTemplate\":\"https:\/\/www.estrategiaconcursos.com.br\/blog\/?s={search_term_string}\"},\"query-input\":{\"@type\":\"PropertyValueSpecification\",\"valueRequired\":true,\"valueName\":\"search_term_string\"}}],\"inLanguage\":\"pt-BR\"},{\"@type\":\"Organization\",\"@id\":\"https:\/\/www.estrategiaconcursos.com.br\/blog\/#organization\",\"name\":\"Estrat\u00e9gia Concursos\",\"url\":\"https:\/\/www.estrategiaconcursos.com.br\/blog\/\",\"logo\":{\"@type\":\"ImageObject\",\"inLanguage\":\"pt-BR\",\"@id\":\"https:\/\/www.estrategiaconcursos.com.br\/blog\/#\/schema\/logo\/image\/\",\"url\":\"https:\/\/dhg1h5j42swfq.cloudfront.net\/2025\/06\/03203428\/logo_concursos-1.jpg\",\"contentUrl\":\"https:\/\/dhg1h5j42swfq.cloudfront.net\/2025\/06\/03203428\/logo_concursos-1.jpg\",\"width\":230,\"height\":60,\"caption\":\"Estrat\u00e9gia Concursos\"},\"image\":{\"@id\":\"https:\/\/www.estrategiaconcursos.com.br\/blog\/#\/schema\/logo\/image\/\"},\"sameAs\":[\"https:\/\/x.com\/EstratConcursos\"]},{\"@type\":\"Person\",\"@id\":\"https:\/\/www.estrategiaconcursos.com.br\/blog\/#\/schema\/person\/9b94727dcf4410f4a7931c83966c843b\",\"name\":\"Let\u00edcia Teixeira\",\"image\":{\"@type\":\"ImageObject\",\"inLanguage\":\"pt-BR\",\"@id\":\"https:\/\/secure.gravatar.com\/avatar\/fb589b06b881e20b676d08f9d03226d1e3291ba2f90e751ddc9ccb21abf0244d?s=96&d=mm&r=g\",\"url\":\"https:\/\/secure.gravatar.com\/avatar\/fb589b06b881e20b676d08f9d03226d1e3291ba2f90e751ddc9ccb21abf0244d?s=96&d=mm&r=g\",\"contentUrl\":\"https:\/\/secure.gravatar.com\/avatar\/fb589b06b881e20b676d08f9d03226d1e3291ba2f90e751ddc9ccb21abf0244d?s=96&d=mm&r=g\",\"caption\":\"Let\u00edcia Teixeira\"},\"description\":\"Jornalista com experi\u00eancia de mais de quatro anos no segmento de concursos p\u00fablicos. Especializada em Narrativa Transm\u00eddia e Storytelling pela Universidade Cat\u00f3lica de Bras\u00edlia, com atua\u00e7\u00e3o nas \u00e1reas de SEO, conte\u00fado, Webwriting e Copywriting.\",\"url\":\"https:\/\/www.estrategiaconcursos.com.br\/blog\/author\/leticia-teixeiraestrategia-com\/\"}]}<\/script>\n<!-- \/ Yoast SEO Premium plugin. -->","yoast_head_json":{"title":"Concurso UFRJ: edital de n\u00edvel m\u00e9dio tem conte\u00fado program\u00e1tico dispon\u00edvel","description":"O edital do concurso para a Universidade Federal do Rio de Janeiro (concurso UFRJ), destinado ao preenchimento de 103 vagas de n\u00edveis m\u00e9","robots":{"index":"index","follow":"follow","max-snippet":"max-snippet:-1","max-image-preview":"max-image-preview:large","max-video-preview":"max-video-preview:-1"},"canonical":"https:\/\/www.estrategiaconcursos.com.br\/blog\/concurso-ufrj-conteudo-programatico\/","og_locale":"pt_BR","og_type":"article","og_title":"Concurso UFRJ: edital de n\u00edvel m\u00e9dio tem conte\u00fado program\u00e1tico dispon\u00edvel","og_description":"O edital do concurso para a Universidade Federal do Rio de Janeiro (concurso UFRJ), destinado ao preenchimento de 103 vagas de n\u00edveis m\u00e9","og_url":"https:\/\/www.estrategiaconcursos.com.br\/blog\/concurso-ufrj-conteudo-programatico\/","og_site_name":"Estrat\u00e9gia Concursos","article_published_time":"2022-03-18T15:29:47+00:00","article_modified_time":"2022-03-18T17:29:38+00:00","og_image":[{"width":400,"height":208,"url":"https:\/\/dhg1h5j42swfq.cloudfront.net\/2019\/10\/12105556\/UFRJ.jpeg","type":"image\/jpeg"}],"author":"Let\u00edcia Teixeira","twitter_card":"summary_large_image","twitter_creator":"@EstratConcursos","twitter_site":"@EstratConcursos","twitter_misc":{"Escrito por":"Let\u00edcia Teixeira","Est. tempo de leitura":"14 minutos"},"schema":{"@context":"https:\/\/schema.org","@graph":[{"@type":"NewsArticle","@id":"https:\/\/www.estrategiaconcursos.com.br\/blog\/concurso-ufrj-conteudo-programatico\/#article","isPartOf":{"@id":"https:\/\/www.estrategiaconcursos.com.br\/blog\/concurso-ufrj-conteudo-programatico\/"},"author":{"name":"Let\u00edcia Teixeira","@id":"https:\/\/www.estrategiaconcursos.com.br\/blog\/#\/schema\/person\/9b94727dcf4410f4a7931c83966c843b"},"headline":"Concurso UFRJ: edital de n\u00edvel m\u00e9dio tem conte\u00fado program\u00e1tico dispon\u00edvel","datePublished":"2022-03-18T15:29:47+00:00","dateModified":"2022-03-18T17:29:38+00:00","mainEntityOfPage":{"@id":"https:\/\/www.estrategiaconcursos.com.br\/blog\/concurso-ufrj-conteudo-programatico\/"},"wordCount":2965,"commentCount":0,"publisher":{"@id":"https:\/\/www.estrategiaconcursos.com.br\/blog\/#organization"},"image":{"@id":"https:\/\/www.estrategiaconcursos.com.br\/blog\/concurso-ufrj-conteudo-programatico\/#primaryimage"},"thumbnailUrl":"https:\/\/dhg1h5j42swfq.cloudfront.net\/2019\/10\/12105556\/UFRJ.jpeg","keywords":["Concurso UFRJ","ufrj","vagas UFRJ"],"articleSection":["Educa\u00e7\u00e3o"],"inLanguage":"pt-BR","potentialAction":[{"@type":"CommentAction","name":"Comment","target":["https:\/\/www.estrategiaconcursos.com.br\/blog\/concurso-ufrj-conteudo-programatico\/#respond"]}],"copyrightYear":"2022","copyrightHolder":{"@id":"https:\/\/www.estrategiaconcursos.com.br\/blog\/#organization"}},{"@type":"WebPage","@id":"https:\/\/www.estrategiaconcursos.com.br\/blog\/concurso-ufrj-conteudo-programatico\/","url":"https:\/\/www.estrategiaconcursos.com.br\/blog\/concurso-ufrj-conteudo-programatico\/","name":"Concurso UFRJ: edital de n\u00edvel m\u00e9dio tem conte\u00fado program\u00e1tico dispon\u00edvel","isPartOf":{"@id":"https:\/\/www.estrategiaconcursos.com.br\/blog\/#website"},"primaryImageOfPage":{"@id":"https:\/\/www.estrategiaconcursos.com.br\/blog\/concurso-ufrj-conteudo-programatico\/#primaryimage"},"image":{"@id":"https:\/\/www.estrategiaconcursos.com.br\/blog\/concurso-ufrj-conteudo-programatico\/#primaryimage"},"thumbnailUrl":"https:\/\/dhg1h5j42swfq.cloudfront.net\/2019\/10\/12105556\/UFRJ.jpeg","datePublished":"2022-03-18T15:29:47+00:00","dateModified":"2022-03-18T17:29:38+00:00","description":"O edital do concurso para a Universidade Federal do Rio de Janeiro (concurso UFRJ), destinado ao preenchimento de 103 vagas de n\u00edveis m\u00e9","breadcrumb":{"@id":"https:\/\/www.estrategiaconcursos.com.br\/blog\/concurso-ufrj-conteudo-programatico\/#breadcrumb"},"inLanguage":"pt-BR","potentialAction":[{"@type":"ReadAction","target":["https:\/\/www.estrategiaconcursos.com.br\/blog\/concurso-ufrj-conteudo-programatico\/"]}]},{"@type":"ImageObject","inLanguage":"pt-BR","@id":"https:\/\/www.estrategiaconcursos.com.br\/blog\/concurso-ufrj-conteudo-programatico\/#primaryimage","url":"https:\/\/dhg1h5j42swfq.cloudfront.net\/2019\/10\/12105556\/UFRJ.jpeg","contentUrl":"https:\/\/dhg1h5j42swfq.cloudfront.net\/2019\/10\/12105556\/UFRJ.jpeg","width":400,"height":208,"caption":"UFRJ"},{"@type":"BreadcrumbList","@id":"https:\/\/www.estrategiaconcursos.com.br\/blog\/concurso-ufrj-conteudo-programatico\/#breadcrumb","itemListElement":[{"@type":"ListItem","position":1,"name":"In\u00edcio","item":"https:\/\/www.estrategiaconcursos.com.br\/blog\/"},{"@type":"ListItem","position":2,"name":"Concurso UFRJ: edital de n\u00edvel m\u00e9dio tem conte\u00fado program\u00e1tico dispon\u00edvel"}]},{"@type":"WebSite","@id":"https:\/\/www.estrategiaconcursos.com.br\/blog\/#website","url":"https:\/\/www.estrategiaconcursos.com.br\/blog\/","name":"Estrat\u00e9gia Concursos","description":"O blog da Estrat\u00e9gia Concursos traz not\u00edcias sobre concursos e artigos de professores oferecendo cursos para concursos (pdf + videaulas) no site.","publisher":{"@id":"https:\/\/www.estrategiaconcursos.com.br\/blog\/#organization"},"potentialAction":[{"@type":"SearchAction","target":{"@type":"EntryPoint","urlTemplate":"https:\/\/www.estrategiaconcursos.com.br\/blog\/?s={search_term_string}"},"query-input":{"@type":"PropertyValueSpecification","valueRequired":true,"valueName":"search_term_string"}}],"inLanguage":"pt-BR"},{"@type":"Organization","@id":"https:\/\/www.estrategiaconcursos.com.br\/blog\/#organization","name":"Estrat\u00e9gia Concursos","url":"https:\/\/www.estrategiaconcursos.com.br\/blog\/","logo":{"@type":"ImageObject","inLanguage":"pt-BR","@id":"https:\/\/www.estrategiaconcursos.com.br\/blog\/#\/schema\/logo\/image\/","url":"https:\/\/dhg1h5j42swfq.cloudfront.net\/2025\/06\/03203428\/logo_concursos-1.jpg","contentUrl":"https:\/\/dhg1h5j42swfq.cloudfront.net\/2025\/06\/03203428\/logo_concursos-1.jpg","width":230,"height":60,"caption":"Estrat\u00e9gia Concursos"},"image":{"@id":"https:\/\/www.estrategiaconcursos.com.br\/blog\/#\/schema\/logo\/image\/"},"sameAs":["https:\/\/x.com\/EstratConcursos"]},{"@type":"Person","@id":"https:\/\/www.estrategiaconcursos.com.br\/blog\/#\/schema\/person\/9b94727dcf4410f4a7931c83966c843b","name":"Let\u00edcia Teixeira","image":{"@type":"ImageObject","inLanguage":"pt-BR","@id":"https:\/\/secure.gravatar.com\/avatar\/fb589b06b881e20b676d08f9d03226d1e3291ba2f90e751ddc9ccb21abf0244d?s=96&d=mm&r=g","url":"https:\/\/secure.gravatar.com\/avatar\/fb589b06b881e20b676d08f9d03226d1e3291ba2f90e751ddc9ccb21abf0244d?s=96&d=mm&r=g","contentUrl":"https:\/\/secure.gravatar.com\/avatar\/fb589b06b881e20b676d08f9d03226d1e3291ba2f90e751ddc9ccb21abf0244d?s=96&d=mm&r=g","caption":"Let\u00edcia Teixeira"},"description":"Jornalista com experi\u00eancia de mais de quatro anos no segmento de concursos p\u00fablicos. Especializada em Narrativa Transm\u00eddia e Storytelling pela Universidade Cat\u00f3lica de Bras\u00edlia, com atua\u00e7\u00e3o nas \u00e1reas de SEO, conte\u00fado, Webwriting e Copywriting.","url":"https:\/\/www.estrategiaconcursos.com.br\/blog\/author\/leticia-teixeiraestrategia-com\/"}]}},"_links":{"self":[{"href":"https:\/\/www.estrategiaconcursos.com.br\/blog\/wp-json\/wp\/v2\/posts\/990180","targetHints":{"allow":["GET"]}}],"collection":[{"href":"https:\/\/www.estrategiaconcursos.com.br\/blog\/wp-json\/wp\/v2\/posts"}],"about":[{"href":"https:\/\/www.estrategiaconcursos.com.br\/blog\/wp-json\/wp\/v2\/types\/post"}],"author":[{"embeddable":true,"href":"https:\/\/www.estrategiaconcursos.com.br\/blog\/wp-json\/wp\/v2\/users\/2319"}],"replies":[{"embeddable":true,"href":"https:\/\/www.estrategiaconcursos.com.br\/blog\/wp-json\/wp\/v2\/comments?post=990180"}],"version-history":[{"count":3,"href":"https:\/\/www.estrategiaconcursos.com.br\/blog\/wp-json\/wp\/v2\/posts\/990180\/revisions"}],"predecessor-version":[{"id":990248,"href":"https:\/\/www.estrategiaconcursos.com.br\/blog\/wp-json\/wp\/v2\/posts\/990180\/revisions\/990248"}],"wp:featuredmedia":[{"embeddable":true,"href":"https:\/\/www.estrategiaconcursos.com.br\/blog\/wp-json\/wp\/v2\/media\/447089"}],"wp:attachment":[{"href":"https:\/\/www.estrategiaconcursos.com.br\/blog\/wp-json\/wp\/v2\/media?parent=990180"}],"wp:term":[{"taxonomy":"category","embeddable":true,"href":"https:\/\/www.estrategiaconcursos.com.br\/blog\/wp-json\/wp\/v2\/categories?post=990180"},{"taxonomy":"post_tag","embeddable":true,"href":"https:\/\/www.estrategiaconcursos.com.br\/blog\/wp-json\/wp\/v2\/tags?post=990180"},{"taxonomy":"tax_estado","embeddable":true,"href":"https:\/\/www.estrategiaconcursos.com.br\/blog\/wp-json\/wp\/v2\/tax_estado?post=990180"}],"curies":[{"name":"wp","href":"https:\/\/api.w.org\/{rel}","templated":true}]}}