{"id":989758,"date":"2022-03-19T06:00:00","date_gmt":"2022-03-19T09:00:00","guid":{"rendered":"https:\/\/www.estrategiaconcursos.com.br\/blog\/?p=989758"},"modified":"2023-02-06T14:25:28","modified_gmt":"2023-02-06T17:25:28","slug":"revisao-de-vespera-sefa-pa-fiscal-de-receitas","status":"publish","type":"post","link":"https:\/\/www.estrategiaconcursos.com.br\/blog\/revisao-de-vespera-sefa-pa-fiscal-de-receitas\/","title":{"rendered":"Revis\u00e3o de V\u00e9spera Sefa PA \u2013 Fiscal de Receitas"},"content":{"rendered":"\n<p>Aten\u00e7\u00e3o, estrategistas!<\/p>\n\n\n\n<p>Queremos ter certeza de que voc\u00ea est\u00e1 preparado para o <strong>concurso Sefa PA<\/strong> amanh\u00e3 e, para isso, preparamos uma <strong>Revis\u00e3o de V\u00e9spera<\/strong> para <strong>Fiscal de Receitas.<\/strong><\/p>\n\n\n\n<p>Nossa Revis\u00e3o acontece <strong>neste s\u00e1bado (19), a partir das 7h<\/strong>, no canal do Estrat\u00e9gia no Youtube. Ser\u00e3o mais de 10 professores ministrando as disciplinas cobradas do certame!<\/p>\n\n\n\n<p class=\"has-text-align-center\">Confira nossa programa\u00e7\u00e3o completa:<\/p>\n\n\n\n<figure class=\"wp-block-table aligncenter is-style-stripes\"><table><thead><tr><th class=\"has-text-align-center\" data-align=\"center\">Hor\u00e1rio<\/th><th class=\"has-text-align-center\" data-align=\"center\">Disciplina<\/th><th class=\"has-text-align-center\" data-align=\"center\">Professor<\/th><\/tr><\/thead><tbody><tr><td class=\"has-text-align-center\" data-align=\"center\">das 7h \u00e0s 8h<\/td><td class=\"has-text-align-center\" data-align=\"center\">Portugu\u00eas<\/td><td class=\"has-text-align-center\" data-align=\"center\">Felipe Luccas<\/td><\/tr><tr><td class=\"has-text-align-center\" data-align=\"center\">das 8h \u00e0s 9h<\/td><td class=\"has-text-align-center\" data-align=\"center\">Legisla\u00e7\u00e3o Tribut\u00e1ria do<br \/> Estado do Par\u00e1<\/td><td class=\"has-text-align-center\" data-align=\"center\">Eduardo da Rocha<\/td><\/tr><tr><td class=\"has-text-align-center\" data-align=\"center\">das 9h \u00e0s 10h<\/td><td class=\"has-text-align-center\" data-align=\"center\">Matem\u00e1tica Financeira e Estat\u00edstica<\/td><td class=\"has-text-align-center\" data-align=\"center\">Carlos Henrique<\/td><\/tr><tr><td class=\"has-text-align-center\" data-align=\"center\">das 10h \u00e0s 11h<\/td><td class=\"has-text-align-center\" data-align=\"center\">Contabilidade Geral<\/td><td class=\"has-text-align-center\" data-align=\"center\">Silvio Sande<\/td><\/tr><tr><td class=\"has-text-align-center\" data-align=\"center\">das 11h \u00e0s 11h40<\/td><td class=\"has-text-align-center\" data-align=\"center\">Direito Constitucional<\/td><td class=\"has-text-align-center\" data-align=\"center\">Adriane Fauth<\/td><\/tr><tr><td class=\"has-text-align-center\" data-align=\"center\">das 11h40 \u00e0s 12h10<\/td><td class=\"has-text-align-center\" data-align=\"center\">Direito Civil<\/td><td class=\"has-text-align-center\" data-align=\"center\">M\u00e1rio Godoy<\/td><\/tr><tr><td class=\"has-text-align-center\" data-align=\"center\">das 12h10 \u00e0s 12h50<\/td><td class=\"has-text-align-center\" data-align=\"center\">Direito Penal<\/td><td class=\"has-text-align-center\" data-align=\"center\">Renan Araujo<\/td><\/tr><tr><td class=\"has-text-align-center\" data-align=\"center\">das 12h50 \u00e0s 13h30<\/td><td class=\"has-text-align-center\" data-align=\"center\">Legisla\u00e7\u00e3o Tribut\u00e1ria do <br \/>Estado do Par\u00e1<\/td><td class=\"has-text-align-center\" data-align=\"center\">Rafael Rocha<\/td><\/tr><tr><td class=\"has-text-align-center\" data-align=\"center\">das 13h30 \u00e0s 14h30<\/td><td class=\"has-text-align-center\" data-align=\"center\">Direito Tribut\u00e1rio<\/td><td class=\"has-text-align-center\" data-align=\"center\">F\u00e1bio Dutra<\/td><\/tr><tr><td class=\"has-text-align-center\" data-align=\"center\">das 14h30 \u00e0s 15h30<\/td><td class=\"has-text-align-center\" data-align=\"center\">Tecnologia da Informa\u00e7\u00e3o<\/td><td class=\"has-text-align-center\" data-align=\"center\">Raphael Lacerda<\/td><\/tr><tr><td class=\"has-text-align-center\" data-align=\"center\">das 15h30 \u00e0s 16h30<\/td><td class=\"has-text-align-center\" data-align=\"center\">Administra\u00e7\u00e3o e<br \/>\u00c9tica na Gest\u00e3o P\u00fablica<\/td><td class=\"has-text-align-center\" data-align=\"center\">Elisabete Moreira<\/td><\/tr><tr><td class=\"has-text-align-center\" data-align=\"center\">das 16h30 \u00e0s 17h30<\/td><td class=\"has-text-align-center\" data-align=\"center\">Economia<\/td><td class=\"has-text-align-center\" data-align=\"center\">Celso Natale<\/td><\/tr><tr><td class=\"has-text-align-center\" data-align=\"center\">das 17h30 \u00e0s 18h30<\/td><td class=\"has-text-align-center\" data-align=\"center\">Direito Administrativo<\/td><td class=\"has-text-align-center\" data-align=\"center\">Herbert Almeida<\/td><\/tr><tr><td class=\"has-text-align-center\" data-align=\"center\">das 17h30 \u00e0s 18h30<\/td><td class=\"has-text-align-center\" data-align=\"center\">Direito Empresarial<\/td><td class=\"has-text-align-center\" data-align=\"center\">Cadu Carrilho<\/td><\/tr><\/tbody><\/table><\/figure>\n\n\n\n<p>Te esperamos l\u00e1!<\/p>\n\n\n\n<p class=\"has-text-align-center\"><em>Para mais informa\u00e7\u00f5es sobre o concurso Sefa PA, acesse o link abaixo:<\/em><\/p>\n\n\n\n<p class=\"has-text-align-center has-background\" style=\"background-color:#d2dbe0;font-size:clamp(14.642px, 0.915rem + ((1vw - 3.2px) * 0.721), 22px);\"><strong>Saiba mais: <a href=\"https:\/\/www.estrategiaconcursos.com.br\/blog\/concurso-sefa-pa\/\" target=\"_blank\" rel=\"noreferrer noopener\">concurso Sefa PA<\/a><\/strong><\/p>\n\n\n\n<h2 class=\"has-text-align-center wp-block-heading\" id=\"cursos-assinatura\">Quer estudar para as provas do concurso Sefa PA?<\/h2>\n\n\n\n<div id=\"boxes\" class=\"container\">\n<div class=\"row\">\n<div class=\"col-sm\">\n<div id=\"box-assinatura\" class=\"banner-fiscal-01\">\n<h3 class=\"titulo-assinatura\">Carreiras Fiscais<\/h3>\n<p class=\"subtitulo-assinatura\">Conhe\u00e7a os cursos para Sefaz PA<\/p>\n<div class=\"box-botao\"><a class=\"btn-assinatura\" role=\"button\" href=\"https:\/\/www.estrategiaconcursos.com.br\/cursosPorConcurso\/secretaria-da-fazendo-do-para-sefaz-pa\/\" target=\"_blank\" rel=\"noopener noreferrer\">Conhe\u00e7a mais<\/a><\/div>\n<\/div>\n<\/div>\n<\/div>\n<\/div>\n\n\n\n<div class=\"container\" id=\"boxes\">\n  <div class=\"row\">\n\n    <div class=\"col-sm\">\n      <div class=\"estrategia\" id=\"box-assinatura\">\n        <h3 class=\"titulo-assinatura\">Assinatura Concursos<\/h3>\n        <p class=\"subtitulo-assinatura\">Assinatura de 1 ano ou 2 anos<\/p>\n        <div class=\"box-botao\">\n          <a class=\"btn-assinatura\" target=\"_blank\" href=\"https:\/\/www.estrategiaconcursos.com.br\/assinaturas\/\" role=\"button\" rel=\"noopener noreferrer\">ASSINE AGORA<\/a>\n        <\/div>\n      <\/div><\/div><\/div><\/div>\n\n\n\n<h2 class=\"has-text-align-center wp-block-heading\" id=\"quer-saber-tudo-sobre-concursos-previstos-confira-nossos-artigos\">Quer saber tudo sobre concursos previstos?<br \/>Confira nossos artigos!<\/h2>\n\n\n\n<ul class=\"wp-block-list\">\n<li><a target=\"_blank\" href=\"https:\/\/www.estrategiaconcursos.com.br\/blog\/concursos-abertos\/\" rel=\"noreferrer noopener\">Concursos abertos<\/a><\/li>\n\n\n\n<li><a target=\"_blank\" href=\"https:\/\/www.estrategiaconcursos.com.br\/blog\/concursos-2022\/\" rel=\"noreferrer noopener\">Concursos 2022<\/a><\/li>\n<\/ul>\n","protected":false},"excerpt":{"rendered":"<p>Aten\u00e7\u00e3o, estrategistas! Queremos ter certeza de que voc\u00ea est\u00e1 preparado para o concurso Sefa PA amanh\u00e3 e, para isso, preparamos uma Revis\u00e3o de V\u00e9spera para Fiscal de Receitas. Nossa Revis\u00e3o acontece neste s\u00e1bado (19), a partir das 7h, no canal do Estrat\u00e9gia no Youtube. Ser\u00e3o mais de 10 professores ministrando as disciplinas cobradas do certame! [&hellip;]<\/p>\n","protected":false},"author":1966,"featured_media":853281,"comment_status":"open","ping_status":"closed","sticky":false,"template":"","format":"standard","meta":{"post_tipo":"news","footnotes":""},"categories":[1983,220219],"tags":[],"tax_estado":[219977],"class_list":["post-989758","post","type-post","status-publish","format-standard","has-post-thumbnail","hentry","category-fiscal-estadual","category-noticias","tax_estado-pa"],"acf":[],"yoast_head":"<!-- This site is optimized with the Yoast SEO Premium plugin v27.2 (Yoast SEO v27.2) - https:\/\/yoast.com\/product\/yoast-seo-premium-wordpress\/ -->\n<title>Revis\u00e3o de V\u00e9spera Sefa PA \u2013 Fiscal de Receitas<\/title>\n<meta name=\"description\" content=\"Estrat\u00e9gia realiza a Revis\u00e3o de V\u00e9spera SEFA PA para o cargo de Fiscal de Receitas. HOJE, a partir das 7h, no YouTube. N\u00e3o perca!\" \/>\n<meta name=\"robots\" content=\"index, follow, max-snippet:-1, max-image-preview:large, max-video-preview:-1\" \/>\n<link rel=\"canonical\" href=\"https:\/\/www.estrategiaconcursos.com.br\/blog\/revisao-de-vespera-sefa-pa-fiscal-de-receitas\/\" \/>\n<meta property=\"og:locale\" content=\"pt_BR\" \/>\n<meta property=\"og:type\" content=\"article\" \/>\n<meta property=\"og:title\" content=\"Revis\u00e3o de V\u00e9spera Sefa PA \u2013 Fiscal de Receitas\" \/>\n<meta property=\"og:description\" content=\"Estrat\u00e9gia realiza a Revis\u00e3o de V\u00e9spera SEFA PA para o cargo de Fiscal de Receitas. HOJE, a partir das 7h, no YouTube. N\u00e3o perca!\" \/>\n<meta property=\"og:url\" content=\"https:\/\/www.estrategiaconcursos.com.br\/blog\/revisao-de-vespera-sefa-pa-fiscal-de-receitas\/\" \/>\n<meta property=\"og:site_name\" content=\"Estrat\u00e9gia Concursos\" \/>\n<meta property=\"article:published_time\" content=\"2022-03-19T09:00:00+00:00\" \/>\n<meta property=\"article:modified_time\" content=\"2023-02-06T17:25:28+00:00\" \/>\n<meta property=\"og:image\" content=\"https:\/\/dhg1h5j42swfq.cloudfront.net\/2021\/09\/03113134\/sefa-pa.jpg\" \/>\n\t<meta property=\"og:image:width\" content=\"1024\" \/>\n\t<meta property=\"og:image:height\" content=\"536\" \/>\n\t<meta property=\"og:image:type\" content=\"image\/jpeg\" \/>\n<meta name=\"author\" content=\"Felipe Luccas\" \/>\n<meta name=\"twitter:card\" content=\"summary_large_image\" \/>\n<meta name=\"twitter:creator\" content=\"@EstratConcursos\" \/>\n<meta name=\"twitter:site\" content=\"@EstratConcursos\" \/>\n<meta name=\"twitter:label1\" content=\"Escrito por\" \/>\n\t<meta name=\"twitter:data1\" content=\"Felipe Luccas\" \/>\n\t<meta name=\"twitter:label2\" content=\"Est. tempo de leitura\" \/>\n\t<meta name=\"twitter:data2\" content=\"2 minutos\" \/>\n<script type=\"application\/ld+json\" class=\"yoast-schema-graph\">{\"@context\":\"https:\/\/schema.org\",\"@graph\":[{\"@type\":\"NewsArticle\",\"@id\":\"https:\/\/www.estrategiaconcursos.com.br\/blog\/revisao-de-vespera-sefa-pa-fiscal-de-receitas\/#article\",\"isPartOf\":{\"@id\":\"https:\/\/www.estrategiaconcursos.com.br\/blog\/revisao-de-vespera-sefa-pa-fiscal-de-receitas\/\"},\"author\":{\"name\":\"Felipe Luccas\",\"@id\":\"https:\/\/www.estrategiaconcursos.com.br\/blog\/#\/schema\/person\/0626e56bc8ff71b325d02895304617dd\"},\"headline\":\"Revis\u00e3o de V\u00e9spera Sefa PA \u2013 Fiscal de Receitas\",\"datePublished\":\"2022-03-19T09:00:00+00:00\",\"dateModified\":\"2023-02-06T17:25:28+00:00\",\"mainEntityOfPage\":{\"@id\":\"https:\/\/www.estrategiaconcursos.com.br\/blog\/revisao-de-vespera-sefa-pa-fiscal-de-receitas\/\"},\"wordCount\":282,\"commentCount\":0,\"publisher\":{\"@id\":\"https:\/\/www.estrategiaconcursos.com.br\/blog\/#organization\"},\"image\":{\"@id\":\"https:\/\/www.estrategiaconcursos.com.br\/blog\/revisao-de-vespera-sefa-pa-fiscal-de-receitas\/#primaryimage\"},\"thumbnailUrl\":\"https:\/\/dhg1h5j42swfq.cloudfront.net\/2021\/09\/03113134\/sefa-pa.jpg\",\"articleSection\":[\"Fiscal - Estadual (ICMS)\",\"\u00daltimas not\u00edcias\"],\"inLanguage\":\"pt-BR\",\"potentialAction\":[{\"@type\":\"CommentAction\",\"name\":\"Comment\",\"target\":[\"https:\/\/www.estrategiaconcursos.com.br\/blog\/revisao-de-vespera-sefa-pa-fiscal-de-receitas\/#respond\"]}],\"copyrightYear\":\"2022\",\"copyrightHolder\":{\"@id\":\"https:\/\/www.estrategiaconcursos.com.br\/blog\/#organization\"}},{\"@type\":\"WebPage\",\"@id\":\"https:\/\/www.estrategiaconcursos.com.br\/blog\/revisao-de-vespera-sefa-pa-fiscal-de-receitas\/\",\"url\":\"https:\/\/www.estrategiaconcursos.com.br\/blog\/revisao-de-vespera-sefa-pa-fiscal-de-receitas\/\",\"name\":\"Revis\u00e3o de V\u00e9spera Sefa PA \u2013 Fiscal de Receitas\",\"isPartOf\":{\"@id\":\"https:\/\/www.estrategiaconcursos.com.br\/blog\/#website\"},\"primaryImageOfPage\":{\"@id\":\"https:\/\/www.estrategiaconcursos.com.br\/blog\/revisao-de-vespera-sefa-pa-fiscal-de-receitas\/#primaryimage\"},\"image\":{\"@id\":\"https:\/\/www.estrategiaconcursos.com.br\/blog\/revisao-de-vespera-sefa-pa-fiscal-de-receitas\/#primaryimage\"},\"thumbnailUrl\":\"https:\/\/dhg1h5j42swfq.cloudfront.net\/2021\/09\/03113134\/sefa-pa.jpg\",\"datePublished\":\"2022-03-19T09:00:00+00:00\",\"dateModified\":\"2023-02-06T17:25:28+00:00\",\"description\":\"Estrat\u00e9gia realiza a Revis\u00e3o de V\u00e9spera SEFA PA para o cargo de Fiscal de Receitas. HOJE, a partir das 7h, no YouTube. N\u00e3o perca!\",\"breadcrumb\":{\"@id\":\"https:\/\/www.estrategiaconcursos.com.br\/blog\/revisao-de-vespera-sefa-pa-fiscal-de-receitas\/#breadcrumb\"},\"inLanguage\":\"pt-BR\",\"potentialAction\":[{\"@type\":\"ReadAction\",\"target\":[\"https:\/\/www.estrategiaconcursos.com.br\/blog\/revisao-de-vespera-sefa-pa-fiscal-de-receitas\/\"]}]},{\"@type\":\"ImageObject\",\"inLanguage\":\"pt-BR\",\"@id\":\"https:\/\/www.estrategiaconcursos.com.br\/blog\/revisao-de-vespera-sefa-pa-fiscal-de-receitas\/#primaryimage\",\"url\":\"https:\/\/dhg1h5j42swfq.cloudfront.net\/2021\/09\/03113134\/sefa-pa.jpg\",\"contentUrl\":\"https:\/\/dhg1h5j42swfq.cloudfront.net\/2021\/09\/03113134\/sefa-pa.jpg\",\"width\":1024,\"height\":536,\"caption\":\"Concurso Sefa PA resultado definitivo\"},{\"@type\":\"BreadcrumbList\",\"@id\":\"https:\/\/www.estrategiaconcursos.com.br\/blog\/revisao-de-vespera-sefa-pa-fiscal-de-receitas\/#breadcrumb\",\"itemListElement\":[{\"@type\":\"ListItem\",\"position\":1,\"name\":\"In\u00edcio\",\"item\":\"https:\/\/www.estrategiaconcursos.com.br\/blog\/\"},{\"@type\":\"ListItem\",\"position\":2,\"name\":\"Revis\u00e3o de V\u00e9spera Sefa PA \u2013 Fiscal de Receitas\"}]},{\"@type\":\"WebSite\",\"@id\":\"https:\/\/www.estrategiaconcursos.com.br\/blog\/#website\",\"url\":\"https:\/\/www.estrategiaconcursos.com.br\/blog\/\",\"name\":\"Estrat\u00e9gia Concursos\",\"description\":\"O blog da Estrat\u00e9gia Concursos traz not\u00edcias sobre concursos e artigos de professores oferecendo cursos para concursos (pdf + videaulas) no site.\",\"publisher\":{\"@id\":\"https:\/\/www.estrategiaconcursos.com.br\/blog\/#organization\"},\"potentialAction\":[{\"@type\":\"SearchAction\",\"target\":{\"@type\":\"EntryPoint\",\"urlTemplate\":\"https:\/\/www.estrategiaconcursos.com.br\/blog\/?s={search_term_string}\"},\"query-input\":{\"@type\":\"PropertyValueSpecification\",\"valueRequired\":true,\"valueName\":\"search_term_string\"}}],\"inLanguage\":\"pt-BR\"},{\"@type\":\"Organization\",\"@id\":\"https:\/\/www.estrategiaconcursos.com.br\/blog\/#organization\",\"name\":\"Estrat\u00e9gia Concursos\",\"url\":\"https:\/\/www.estrategiaconcursos.com.br\/blog\/\",\"logo\":{\"@type\":\"ImageObject\",\"inLanguage\":\"pt-BR\",\"@id\":\"https:\/\/www.estrategiaconcursos.com.br\/blog\/#\/schema\/logo\/image\/\",\"url\":\"https:\/\/dhg1h5j42swfq.cloudfront.net\/2025\/06\/03203428\/logo_concursos-1.jpg\",\"contentUrl\":\"https:\/\/dhg1h5j42swfq.cloudfront.net\/2025\/06\/03203428\/logo_concursos-1.jpg\",\"width\":230,\"height\":60,\"caption\":\"Estrat\u00e9gia Concursos\"},\"image\":{\"@id\":\"https:\/\/www.estrategiaconcursos.com.br\/blog\/#\/schema\/logo\/image\/\"},\"sameAs\":[\"https:\/\/x.com\/EstratConcursos\"]},{\"@type\":\"Person\",\"@id\":\"https:\/\/www.estrategiaconcursos.com.br\/blog\/#\/schema\/person\/0626e56bc8ff71b325d02895304617dd\",\"name\":\"Felipe Luccas\",\"image\":{\"@type\":\"ImageObject\",\"inLanguage\":\"pt-BR\",\"@id\":\"https:\/\/secure.gravatar.com\/avatar\/3eb2573237d263a175943a651fb6f2859860f237e372b6ba5d765ebf49690e1b?s=96&d=mm&r=g\",\"url\":\"https:\/\/secure.gravatar.com\/avatar\/3eb2573237d263a175943a651fb6f2859860f237e372b6ba5d765ebf49690e1b?s=96&d=mm&r=g\",\"contentUrl\":\"https:\/\/secure.gravatar.com\/avatar\/3eb2573237d263a175943a651fb6f2859860f237e372b6ba5d765ebf49690e1b?s=96&d=mm&r=g\",\"caption\":\"Felipe Luccas\"},\"url\":\"https:\/\/www.estrategiaconcursos.com.br\/blog\/author\/feluccasgmail-com\/\"}]}<\/script>\n<!-- \/ Yoast SEO Premium plugin. -->","yoast_head_json":{"title":"Revis\u00e3o de V\u00e9spera Sefa PA \u2013 Fiscal de Receitas","description":"Estrat\u00e9gia realiza a Revis\u00e3o de V\u00e9spera SEFA PA para o cargo de Fiscal de Receitas. HOJE, a partir das 7h, no YouTube. N\u00e3o perca!","robots":{"index":"index","follow":"follow","max-snippet":"max-snippet:-1","max-image-preview":"max-image-preview:large","max-video-preview":"max-video-preview:-1"},"canonical":"https:\/\/www.estrategiaconcursos.com.br\/blog\/revisao-de-vespera-sefa-pa-fiscal-de-receitas\/","og_locale":"pt_BR","og_type":"article","og_title":"Revis\u00e3o de V\u00e9spera Sefa PA \u2013 Fiscal de Receitas","og_description":"Estrat\u00e9gia realiza a Revis\u00e3o de V\u00e9spera SEFA PA para o cargo de Fiscal de Receitas. HOJE, a partir das 7h, no YouTube. N\u00e3o perca!","og_url":"https:\/\/www.estrategiaconcursos.com.br\/blog\/revisao-de-vespera-sefa-pa-fiscal-de-receitas\/","og_site_name":"Estrat\u00e9gia Concursos","article_published_time":"2022-03-19T09:00:00+00:00","article_modified_time":"2023-02-06T17:25:28+00:00","og_image":[{"width":1024,"height":536,"url":"https:\/\/dhg1h5j42swfq.cloudfront.net\/2021\/09\/03113134\/sefa-pa.jpg","type":"image\/jpeg"}],"author":"Felipe Luccas","twitter_card":"summary_large_image","twitter_creator":"@EstratConcursos","twitter_site":"@EstratConcursos","twitter_misc":{"Escrito por":"Felipe Luccas","Est. tempo de leitura":"2 minutos"},"schema":{"@context":"https:\/\/schema.org","@graph":[{"@type":"NewsArticle","@id":"https:\/\/www.estrategiaconcursos.com.br\/blog\/revisao-de-vespera-sefa-pa-fiscal-de-receitas\/#article","isPartOf":{"@id":"https:\/\/www.estrategiaconcursos.com.br\/blog\/revisao-de-vespera-sefa-pa-fiscal-de-receitas\/"},"author":{"name":"Felipe Luccas","@id":"https:\/\/www.estrategiaconcursos.com.br\/blog\/#\/schema\/person\/0626e56bc8ff71b325d02895304617dd"},"headline":"Revis\u00e3o de V\u00e9spera Sefa PA \u2013 Fiscal de Receitas","datePublished":"2022-03-19T09:00:00+00:00","dateModified":"2023-02-06T17:25:28+00:00","mainEntityOfPage":{"@id":"https:\/\/www.estrategiaconcursos.com.br\/blog\/revisao-de-vespera-sefa-pa-fiscal-de-receitas\/"},"wordCount":282,"commentCount":0,"publisher":{"@id":"https:\/\/www.estrategiaconcursos.com.br\/blog\/#organization"},"image":{"@id":"https:\/\/www.estrategiaconcursos.com.br\/blog\/revisao-de-vespera-sefa-pa-fiscal-de-receitas\/#primaryimage"},"thumbnailUrl":"https:\/\/dhg1h5j42swfq.cloudfront.net\/2021\/09\/03113134\/sefa-pa.jpg","articleSection":["Fiscal - Estadual (ICMS)","\u00daltimas not\u00edcias"],"inLanguage":"pt-BR","potentialAction":[{"@type":"CommentAction","name":"Comment","target":["https:\/\/www.estrategiaconcursos.com.br\/blog\/revisao-de-vespera-sefa-pa-fiscal-de-receitas\/#respond"]}],"copyrightYear":"2022","copyrightHolder":{"@id":"https:\/\/www.estrategiaconcursos.com.br\/blog\/#organization"}},{"@type":"WebPage","@id":"https:\/\/www.estrategiaconcursos.com.br\/blog\/revisao-de-vespera-sefa-pa-fiscal-de-receitas\/","url":"https:\/\/www.estrategiaconcursos.com.br\/blog\/revisao-de-vespera-sefa-pa-fiscal-de-receitas\/","name":"Revis\u00e3o de V\u00e9spera Sefa PA \u2013 Fiscal de Receitas","isPartOf":{"@id":"https:\/\/www.estrategiaconcursos.com.br\/blog\/#website"},"primaryImageOfPage":{"@id":"https:\/\/www.estrategiaconcursos.com.br\/blog\/revisao-de-vespera-sefa-pa-fiscal-de-receitas\/#primaryimage"},"image":{"@id":"https:\/\/www.estrategiaconcursos.com.br\/blog\/revisao-de-vespera-sefa-pa-fiscal-de-receitas\/#primaryimage"},"thumbnailUrl":"https:\/\/dhg1h5j42swfq.cloudfront.net\/2021\/09\/03113134\/sefa-pa.jpg","datePublished":"2022-03-19T09:00:00+00:00","dateModified":"2023-02-06T17:25:28+00:00","description":"Estrat\u00e9gia realiza a Revis\u00e3o de V\u00e9spera SEFA PA para o cargo de Fiscal de Receitas. HOJE, a partir das 7h, no YouTube. N\u00e3o perca!","breadcrumb":{"@id":"https:\/\/www.estrategiaconcursos.com.br\/blog\/revisao-de-vespera-sefa-pa-fiscal-de-receitas\/#breadcrumb"},"inLanguage":"pt-BR","potentialAction":[{"@type":"ReadAction","target":["https:\/\/www.estrategiaconcursos.com.br\/blog\/revisao-de-vespera-sefa-pa-fiscal-de-receitas\/"]}]},{"@type":"ImageObject","inLanguage":"pt-BR","@id":"https:\/\/www.estrategiaconcursos.com.br\/blog\/revisao-de-vespera-sefa-pa-fiscal-de-receitas\/#primaryimage","url":"https:\/\/dhg1h5j42swfq.cloudfront.net\/2021\/09\/03113134\/sefa-pa.jpg","contentUrl":"https:\/\/dhg1h5j42swfq.cloudfront.net\/2021\/09\/03113134\/sefa-pa.jpg","width":1024,"height":536,"caption":"Concurso Sefa PA resultado definitivo"},{"@type":"BreadcrumbList","@id":"https:\/\/www.estrategiaconcursos.com.br\/blog\/revisao-de-vespera-sefa-pa-fiscal-de-receitas\/#breadcrumb","itemListElement":[{"@type":"ListItem","position":1,"name":"In\u00edcio","item":"https:\/\/www.estrategiaconcursos.com.br\/blog\/"},{"@type":"ListItem","position":2,"name":"Revis\u00e3o de V\u00e9spera Sefa PA \u2013 Fiscal de Receitas"}]},{"@type":"WebSite","@id":"https:\/\/www.estrategiaconcursos.com.br\/blog\/#website","url":"https:\/\/www.estrategiaconcursos.com.br\/blog\/","name":"Estrat\u00e9gia Concursos","description":"O blog da Estrat\u00e9gia Concursos traz not\u00edcias sobre concursos e artigos de professores oferecendo cursos para concursos (pdf + videaulas) no site.","publisher":{"@id":"https:\/\/www.estrategiaconcursos.com.br\/blog\/#organization"},"potentialAction":[{"@type":"SearchAction","target":{"@type":"EntryPoint","urlTemplate":"https:\/\/www.estrategiaconcursos.com.br\/blog\/?s={search_term_string}"},"query-input":{"@type":"PropertyValueSpecification","valueRequired":true,"valueName":"search_term_string"}}],"inLanguage":"pt-BR"},{"@type":"Organization","@id":"https:\/\/www.estrategiaconcursos.com.br\/blog\/#organization","name":"Estrat\u00e9gia Concursos","url":"https:\/\/www.estrategiaconcursos.com.br\/blog\/","logo":{"@type":"ImageObject","inLanguage":"pt-BR","@id":"https:\/\/www.estrategiaconcursos.com.br\/blog\/#\/schema\/logo\/image\/","url":"https:\/\/dhg1h5j42swfq.cloudfront.net\/2025\/06\/03203428\/logo_concursos-1.jpg","contentUrl":"https:\/\/dhg1h5j42swfq.cloudfront.net\/2025\/06\/03203428\/logo_concursos-1.jpg","width":230,"height":60,"caption":"Estrat\u00e9gia Concursos"},"image":{"@id":"https:\/\/www.estrategiaconcursos.com.br\/blog\/#\/schema\/logo\/image\/"},"sameAs":["https:\/\/x.com\/EstratConcursos"]},{"@type":"Person","@id":"https:\/\/www.estrategiaconcursos.com.br\/blog\/#\/schema\/person\/0626e56bc8ff71b325d02895304617dd","name":"Felipe Luccas","image":{"@type":"ImageObject","inLanguage":"pt-BR","@id":"https:\/\/secure.gravatar.com\/avatar\/3eb2573237d263a175943a651fb6f2859860f237e372b6ba5d765ebf49690e1b?s=96&d=mm&r=g","url":"https:\/\/secure.gravatar.com\/avatar\/3eb2573237d263a175943a651fb6f2859860f237e372b6ba5d765ebf49690e1b?s=96&d=mm&r=g","contentUrl":"https:\/\/secure.gravatar.com\/avatar\/3eb2573237d263a175943a651fb6f2859860f237e372b6ba5d765ebf49690e1b?s=96&d=mm&r=g","caption":"Felipe Luccas"},"url":"https:\/\/www.estrategiaconcursos.com.br\/blog\/author\/feluccasgmail-com\/"}]}},"_links":{"self":[{"href":"https:\/\/www.estrategiaconcursos.com.br\/blog\/wp-json\/wp\/v2\/posts\/989758","targetHints":{"allow":["GET"]}}],"collection":[{"href":"https:\/\/www.estrategiaconcursos.com.br\/blog\/wp-json\/wp\/v2\/posts"}],"about":[{"href":"https:\/\/www.estrategiaconcursos.com.br\/blog\/wp-json\/wp\/v2\/types\/post"}],"author":[{"embeddable":true,"href":"https:\/\/www.estrategiaconcursos.com.br\/blog\/wp-json\/wp\/v2\/users\/1966"}],"replies":[{"embeddable":true,"href":"https:\/\/www.estrategiaconcursos.com.br\/blog\/wp-json\/wp\/v2\/comments?post=989758"}],"version-history":[{"count":7,"href":"https:\/\/www.estrategiaconcursos.com.br\/blog\/wp-json\/wp\/v2\/posts\/989758\/revisions"}],"predecessor-version":[{"id":1165757,"href":"https:\/\/www.estrategiaconcursos.com.br\/blog\/wp-json\/wp\/v2\/posts\/989758\/revisions\/1165757"}],"wp:featuredmedia":[{"embeddable":true,"href":"https:\/\/www.estrategiaconcursos.com.br\/blog\/wp-json\/wp\/v2\/media\/853281"}],"wp:attachment":[{"href":"https:\/\/www.estrategiaconcursos.com.br\/blog\/wp-json\/wp\/v2\/media?parent=989758"}],"wp:term":[{"taxonomy":"category","embeddable":true,"href":"https:\/\/www.estrategiaconcursos.com.br\/blog\/wp-json\/wp\/v2\/categories?post=989758"},{"taxonomy":"post_tag","embeddable":true,"href":"https:\/\/www.estrategiaconcursos.com.br\/blog\/wp-json\/wp\/v2\/tags?post=989758"},{"taxonomy":"tax_estado","embeddable":true,"href":"https:\/\/www.estrategiaconcursos.com.br\/blog\/wp-json\/wp\/v2\/tax_estado?post=989758"}],"curies":[{"name":"wp","href":"https:\/\/api.w.org\/{rel}","templated":true}]}}