{"id":989592,"date":"2022-06-07T15:55:00","date_gmt":"2022-06-07T18:55:00","guid":{"rendered":"https:\/\/www.estrategiaconcursos.com.br\/blog\/?p=989592"},"modified":"2022-06-07T16:08:21","modified_gmt":"2022-06-07T19:08:21","slug":"concurso-trt-pr-ultimo-edital","status":"publish","type":"post","link":"https:\/\/www.estrategiaconcursos.com.br\/blog\/concurso-trt-pr-ultimo-edital\/","title":{"rendered":"Concurso TRT PR: confira os os detalhes do \u00faltimo edital!"},"content":{"rendered":"\n<p>Voc\u00ea que quer se preparar para o novo concurso do Tribunal Regional do Trabalho do Paran\u00e1 \u2013 9\u00aa regi\u00e3o (<strong>TRT PR<\/strong>), confira aqui as principais informa\u00e7\u00f5es sobre o \u00faltimo edital!<\/p>\n\n\n\n<p>O TRT PR definiu a Funda\u00e7\u00e3o Carlos Chagas, a FCC, como banca organizadora do certame, e a publica\u00e7\u00e3o do novo edital \u00e9 iminente!<\/p>\n\n\n\n<p>Atualmente o \u00f3rg\u00e3o conta com\u00a0<strong>201 cargos vagos<\/strong>\u00a0distribu\u00eddos entre os cargos de Analista e T\u00e9cnico Judici\u00e1rio. Segundo o \u00faltimo edital, os sal\u00e1rios iniciais variam entre R$ 3.890,69 e R$ 12.455,30.<\/p>\n\n\n\n<p>O \u00faltimo concurso do \u00f3rg\u00e3o, expirado no in\u00edcio de junho de 2019, ofertou vagas para <strong>T\u00e9cnico e Analista Judici\u00e1rio (diversas especialidades)<\/strong>, carreiras que devem ser contempladas no pr\u00f3ximo edital. Confira!<\/p>\n\n\n\n<h2 class=\"wp-block-heading\" id=\"ultimo\">\u00daltimo concurso TRT PR<\/h2>\n\n\n\n<p>O \u00faltimo concurso do Tribunal Regional do Trabalho da 9\u00aa Regi\u00e3o foi realizado no ano de 2015, com oferta de vagas em Cadastro de Reserva. <\/p>\n\n\n\n<p>Organizado tamb\u00e9m pela FCC, o certame ofertou vagas para os seguintes cargos:<\/p>\n\n\n\n<p><a href=\"https:\/\/www.estrategiaconcursos.com.br\/cursosPorConcurso\/trt-9-regiao-parana-122\/\" target=\"_blank\" rel=\"noreferrer noopener\"><strong>Analista<\/strong>\u00a0<strong>Judici\u00e1rio<\/strong><\/a><\/p>\n\n\n\n<ul class=\"wp-block-list\"><li>\u00c1rea Judici\u00e1ria<\/li><li>\u00c1rea Judici\u00e1ria \u2013 Especialidade Oficial de Justi\u00e7a Avaliador Federal<\/li><li>\u00c1rea Administrativa<\/li><li>\u00c1rea Apoio Especializado \u2013 Especialidade Tecnologia da Informa\u00e7\u00e3o<\/li><\/ul>\n\n\n\n<p><a href=\"https:\/\/www.estrategiaconcursos.com.br\/cursosPorConcurso\/trt-9-regiao-parana-122\/\" target=\"_blank\" rel=\"noreferrer noopener\"><strong>T\u00e9cnico<\/strong>\u00a0<strong>Judici\u00e1rio<\/strong><\/a><\/p>\n\n\n\n<ul class=\"wp-block-list\"><li>\u00c1rea Administrativa<\/li><li>\u00c1rea Administrativa \u2013 Especialidade Seguran\u00e7a<\/li><li>\u00c1rea Apoio Especializado \u2013 Especialidade Tecnologia da Informa\u00e7\u00e3o<\/li><\/ul>\n\n\n\n<h3 class=\"wp-block-heading\" id=\"oferecida\">Sal\u00e1rios<\/h3>\n\n\n\n<p>A remunera\u00e7\u00e3o inicial oferecida foi de <strong>R$ 5.365,92<\/strong> para o cargo de T\u00e9cnico e de <strong>R$ 8.803,97<\/strong> para o cargo de Analista.<\/p>\n\n\n\n<h3 class=\"wp-block-heading\" id=\"etapas\">Etapas do \u00faltimo concurso TRT PR<\/h3>\n\n\n\n<p>A sele\u00e7\u00e3o foi feita atrav\u00e9s de duas etapas, sendo elas um&nbsp;<strong>Prova Objetiva<\/strong>&nbsp;com 60 quest\u00f5es de m\u00faltipla escolha e uma&nbsp;<strong>Prova Dissertativ<\/strong>a, ambas de car\u00e1ter eliminat\u00f3rio e classificat\u00f3rio. O cargo de T\u00e9cnico Judici\u00e1rio \u2013 Seguran\u00e7a tamb\u00e9m passou por uma&nbsp;<strong>Prova Pr\u00e1tica de Capacidade F\u00edsica<\/strong>, de car\u00e1ter eliminat\u00f3rio.<\/p>\n\n\n\n<h4 class=\"wp-block-heading\" id=\"objetivas\">Provas Objetivas <\/h4>\n\n\n\n<p>Com quest\u00f5es de conhecimentos gerais e espec\u00edficos, o n\u00famero de quest\u00f5es e seus respectivos pesos variaram de acordo com o cargo. A Prova Objetiva juntamente com a Prova Discursiva tiveram dura\u00e7\u00e3o total de 4 horas e 30 minutos.<\/p>\n\n\n\n<h4 class=\"wp-block-heading\" id=\"discursivas\">Prova Pr\u00e1tica de Capacidade F\u00edsica<\/h4>\n\n\n\n<p>Realizada na cidade de Curitiba\/PR, a prova pr\u00e1tica de capacidade f\u00edsica consistiu nas seguintes etapas:<\/p>\n\n\n\n<ul class=\"wp-block-list\"><li>Teste de flexo-extens\u00e3o de cotovelos em suspens\u00e3o na barra fixa (masculino);<\/li><li>Teste de flexo-extens\u00e3o de cotovelos sobre o solo em apoio no banco (feminino);<\/li><li>Teste abdominal (masculino e feminino);<\/li><li>Teste de corrida de 12 minutos (masculino e feminino).<\/li><\/ul>\n\n\n\n<h3 class=\"wp-block-heading\" id=\"conteudos\">Conte\u00fados<\/h3>\n\n\n\n<figure class=\"wp-block-image size-full\"><img loading=\"lazy\" decoding=\"async\" width=\"757\" height=\"693\" src=\"https:\/\/dhg1h5j42swfq.cloudfront.net\/2022\/03\/17153707\/conteudo.jpg\" alt=\"\" class=\"wp-image-989658\" srcset=\"https:\/\/dhg1h5j42swfq.cloudfront.net\/2022\/03\/17153707\/conteudo.jpg 757w, https:\/\/dhg1h5j42swfq.cloudfront.net\/2022\/03\/17153707\/conteudo-300x275.jpg 300w, https:\/\/dhg1h5j42swfq.cloudfront.net\/2022\/03\/17153707\/conteudo-610x558.jpg 610w\" sizes=\"auto, (max-width: 757px) 100vw, 757px\" \/><\/figure>\n\n\n\n<figure class=\"wp-block-image size-full\"><img loading=\"lazy\" decoding=\"async\" width=\"776\" height=\"558\" src=\"https:\/\/dhg1h5j42swfq.cloudfront.net\/2022\/03\/17153847\/conteudo2-2.jpg\" alt=\"\" class=\"wp-image-989661\" srcset=\"https:\/\/dhg1h5j42swfq.cloudfront.net\/2022\/03\/17153847\/conteudo2-2.jpg 776w, https:\/\/dhg1h5j42swfq.cloudfront.net\/2022\/03\/17153847\/conteudo2-2-300x216.jpg 300w, https:\/\/dhg1h5j42swfq.cloudfront.net\/2022\/03\/17153847\/conteudo2-2-768x552.jpg 768w, https:\/\/dhg1h5j42swfq.cloudfront.net\/2022\/03\/17153847\/conteudo2-2-610x439.jpg 610w\" sizes=\"auto, (max-width: 776px) 100vw, 776px\" \/><\/figure>\n\n\n\n<h3 class=\"wp-block-heading\" id=\"quantitativo-de-inscritos\">Quantitativo de inscritos<\/h3>\n\n\n\n<p>Foram registrados no total,\u00a0<strong>62.725 candidatos inscritos<\/strong>\u00a0no \u00faltimo edital do TRT 9, sendo que o cargo com maior procura foi o de T\u00e9cnico Judici\u00e1rio \u2013 \u00c1rea Administrativa, com 28.584 inscritos, o que equivale a 45% do total de inscri\u00e7\u00f5es.<\/p>\n\n\n\n<ul class=\"wp-block-list\"><li><strong>17.086 inscritos:<\/strong>\u00a0An. Jud. \u2013 \u00c1rea Judici\u00e1ria<\/li><li><strong>3.419 inscritos:<\/strong>\u00a0An. Jud. \u2013 Especialidade Oficial de Justi\u00e7a Avaliador Federal<\/li><li><strong>8.080 inscritos:<\/strong>\u00a0An. Jud. \u2013 \u00c1rea Administrativa<\/li><li><strong>1.780 inscritos:\u00a0<\/strong>An. Jud. \u2013 Especialidade T.I.<\/li><li><strong>28.584 inscritos;<\/strong>\u00a0T\u00e9c. Jud. \u2013 \u00c1rea Administrativa<\/li><li><strong>2.515 inscritos;<\/strong>\u00a0T\u00e9c. Jud. \u2013 Especialidade Seguran\u00e7a<\/li><li><strong>1.261 inscritos:<\/strong>\u00a0T\u00e9c. Jud. \u2013 Especialidade T.I.<\/li><\/ul>\n\n\n\n<p>Quer saber mais atualiza\u00e7\u00f5es sobre o<strong> concurso TRT PR<\/strong>, cujas informa\u00e7\u00f5es do \u00faltimo edital voc\u00ea conferiu aqui? Preparamos um artigo completo para voc\u00ea!<\/p>\n\n\n\n<p class=\"has-text-align-center has-pale-cyan-blue-background-color has-background has-medium-font-size\"><strong>Saiba mais: <a href=\"https:\/\/www.estrategiaconcursos.com.br\/blog\/concurso-trt-pr\/\" target=\"_blank\" rel=\"noreferrer noopener\">concurso TRT PR (9\u00aa regi\u00e3o)<\/a><\/strong><\/p>\n\n\n\n<h2 class=\"has-text-align-center wp-block-heading\" id=\"h-quer-saber-tudo-sobre-concursos-previstos-confira-nossos-artigos\">Quer saber tudo sobre concursos previstos?<br \/>Confira nossos artigos!<\/h2>\n\n\n\n<ul class=\"wp-block-list\"><li><a href=\"https:\/\/www.estrategiaconcursos.com.br\/blog\/concursos-abertos\/\" target=\"_blank\" rel=\"noreferrer noopener\">Concursos abertos<\/a><\/li><li><a href=\"https:\/\/www.estrategiaconcursos.com.br\/blog\/concursos-2022\/\" target=\"_blank\" rel=\"noreferrer noopener\">Concursos 2022<\/a><\/li><\/ul>\n\n\n\n<p class=\"has-text-align-center\" id=\"cursos\" style=\"font-size:clamp(16.293px, 1.018rem + ((1vw - 3.2px) * 0.854), 25px);px\"><strong>Quer estudar para concurso TRT PR?<\/strong><\/p>\n\n\n\n<div class=\"container\" id=\"boxes\">\n  <div class=\"row\">\n\n    <div class=\"col-sm\">\n      <div class=\"banner-tribunal\" id=\"box-assinatura\">\n        <h3 class=\"titulo-assinatura\">Curso TRT PR<\/h3>\n        <p class=\"subtitulo-assinatura\">Conhe\u00e7a os cursos<\/p>\n        <div class=\"box-botao\">\n          <a class=\"btn-assinatura\" target=\"_blank\" href=\"https:\/\/www.estrategiaconcursos.com.br\/cursosPorConcurso\/trt-9-regiao-parana-122\/\" role=\"button\" rel=\"noopener noreferrer\">Conhe\u00e7a mais<\/a>\n        <\/div>\n      <\/div>\n      <p class=\"texto-auxiliar\">Prepare-se com o melhor material e com quem mais aprova em Concursos P\u00fablicos em todo o pa\u00eds.<\/p>\n    <\/div>\n\n  <\/div>\n<\/div>\n\n\n\n<div class=\"container\" id=\"boxes\">\n  <div class=\"row\">\n\n    <div class=\"col-sm\">\n      <div class=\"estrategia\" id=\"box-assinatura\">\n        <h3 class=\"titulo-assinatura\">Assinatura Concursos<\/h3>\n        <p class=\"subtitulo-assinatura\">Assinatura de 1 ano ou 2 anos<\/p>\n        <div class=\"box-botao\">\n          <a class=\"btn-assinatura\" target=\"_blank\" href=\"https:\/\/www.estrategiaconcursos.com.br\/assinaturas\/\" role=\"button\" rel=\"noopener noreferrer\">ASSINE AGORA<\/a>\n        <\/div>\n      <\/div>\n     \n    <\/div><\/div><\/div>\n","protected":false},"excerpt":{"rendered":"<p>Voc\u00ea que quer se preparar para o novo concurso do Tribunal Regional do Trabalho do Paran\u00e1 \u2013 9\u00aa regi\u00e3o (TRT PR), confira aqui as principais informa\u00e7\u00f5es sobre o \u00faltimo edital! O TRT PR definiu a Funda\u00e7\u00e3o Carlos Chagas, a FCC, como banca organizadora do certame, e a publica\u00e7\u00e3o do novo edital \u00e9 iminente! Atualmente o [&hellip;]<\/p>\n","protected":false},"author":2402,"featured_media":168802,"comment_status":"open","ping_status":"closed","sticky":false,"template":"","format":"standard","meta":{"post_tipo":"news","footnotes":""},"categories":[1984,220219],"tags":[],"tax_estado":[219981],"class_list":["post-989592","post","type-post","status-publish","format-standard","has-post-thumbnail","hentry","category-tribunais","category-noticias","tax_estado-pr"],"acf":[],"yoast_head":"<!-- This site is optimized with the Yoast SEO Premium plugin v27.2 (Yoast SEO v27.2) - https:\/\/yoast.com\/product\/yoast-seo-premium-wordpress\/ -->\n<title>Concurso TRT PR: confira os os detalhes do \u00faltimo edital!<\/title>\n<meta name=\"description\" content=\"Concurso TRT PR: saiba os detalhes do \u00faltimo edital publicado pelo Tribunal da 9\u00aa regi\u00e3o aqui no site do Estrat\u00e9gia Concursos!\" \/>\n<meta name=\"robots\" content=\"index, follow, max-snippet:-1, max-image-preview:large, max-video-preview:-1\" \/>\n<link rel=\"canonical\" href=\"https:\/\/www.estrategiaconcursos.com.br\/blog\/concurso-trt-pr-ultimo-edital\/\" \/>\n<meta property=\"og:locale\" content=\"pt_BR\" \/>\n<meta property=\"og:type\" content=\"article\" \/>\n<meta property=\"og:title\" content=\"Concurso TRT PR: confira os os detalhes do \u00faltimo edital!\" \/>\n<meta property=\"og:description\" content=\"Concurso TRT PR: saiba os detalhes do \u00faltimo edital publicado pelo Tribunal da 9\u00aa regi\u00e3o aqui no site do Estrat\u00e9gia Concursos!\" \/>\n<meta property=\"og:url\" content=\"https:\/\/www.estrategiaconcursos.com.br\/blog\/concurso-trt-pr-ultimo-edital\/\" \/>\n<meta property=\"og:site_name\" content=\"Estrat\u00e9gia Concursos\" \/>\n<meta property=\"article:published_time\" content=\"2022-06-07T18:55:00+00:00\" \/>\n<meta property=\"article:modified_time\" content=\"2022-06-07T19:08:21+00:00\" \/>\n<meta property=\"og:image\" content=\"https:\/\/dhg1h5j42swfq.cloudfront.net\/2019\/03\/01084934\/TRT-PR-e1551440982554.jpg\" \/>\n\t<meta property=\"og:image:width\" content=\"400\" \/>\n\t<meta property=\"og:image:height\" content=\"209\" \/>\n\t<meta property=\"og:image:type\" content=\"image\/jpeg\" \/>\n<meta name=\"author\" content=\"Daniela Santos Nascimento\" \/>\n<meta name=\"twitter:card\" content=\"summary_large_image\" \/>\n<meta name=\"twitter:creator\" content=\"@EstratConcursos\" \/>\n<meta name=\"twitter:site\" content=\"@EstratConcursos\" \/>\n<meta name=\"twitter:label1\" content=\"Escrito por\" \/>\n\t<meta name=\"twitter:data1\" content=\"Daniela Santos Nascimento\" \/>\n\t<meta name=\"twitter:label2\" content=\"Est. tempo de leitura\" \/>\n\t<meta name=\"twitter:data2\" content=\"4 minutos\" \/>\n<script type=\"application\/ld+json\" class=\"yoast-schema-graph\">{\"@context\":\"https:\/\/schema.org\",\"@graph\":[{\"@type\":\"NewsArticle\",\"@id\":\"https:\/\/www.estrategiaconcursos.com.br\/blog\/concurso-trt-pr-ultimo-edital\/#article\",\"isPartOf\":{\"@id\":\"https:\/\/www.estrategiaconcursos.com.br\/blog\/concurso-trt-pr-ultimo-edital\/\"},\"author\":{\"name\":\"Daniela Santos Nascimento\",\"@id\":\"https:\/\/www.estrategiaconcursos.com.br\/blog\/#\/schema\/person\/399990d02336f200766707b881aee98f\"},\"headline\":\"Concurso TRT PR: confira os os detalhes do \u00faltimo edital!\",\"datePublished\":\"2022-06-07T18:55:00+00:00\",\"dateModified\":\"2022-06-07T19:08:21+00:00\",\"mainEntityOfPage\":{\"@id\":\"https:\/\/www.estrategiaconcursos.com.br\/blog\/concurso-trt-pr-ultimo-edital\/\"},\"wordCount\":598,\"commentCount\":0,\"publisher\":{\"@id\":\"https:\/\/www.estrategiaconcursos.com.br\/blog\/#organization\"},\"image\":{\"@id\":\"https:\/\/www.estrategiaconcursos.com.br\/blog\/concurso-trt-pr-ultimo-edital\/#primaryimage\"},\"thumbnailUrl\":\"https:\/\/dhg1h5j42swfq.cloudfront.net\/2019\/03\/01084934\/TRT-PR-e1551440982554.jpg\",\"articleSection\":[\"Tribunais\",\"\u00daltimas not\u00edcias\"],\"inLanguage\":\"pt-BR\",\"potentialAction\":[{\"@type\":\"CommentAction\",\"name\":\"Comment\",\"target\":[\"https:\/\/www.estrategiaconcursos.com.br\/blog\/concurso-trt-pr-ultimo-edital\/#respond\"]}],\"copyrightYear\":\"2022\",\"copyrightHolder\":{\"@id\":\"https:\/\/www.estrategiaconcursos.com.br\/blog\/#organization\"}},{\"@type\":\"WebPage\",\"@id\":\"https:\/\/www.estrategiaconcursos.com.br\/blog\/concurso-trt-pr-ultimo-edital\/\",\"url\":\"https:\/\/www.estrategiaconcursos.com.br\/blog\/concurso-trt-pr-ultimo-edital\/\",\"name\":\"Concurso TRT PR: confira os os detalhes do \u00faltimo edital!\",\"isPartOf\":{\"@id\":\"https:\/\/www.estrategiaconcursos.com.br\/blog\/#website\"},\"primaryImageOfPage\":{\"@id\":\"https:\/\/www.estrategiaconcursos.com.br\/blog\/concurso-trt-pr-ultimo-edital\/#primaryimage\"},\"image\":{\"@id\":\"https:\/\/www.estrategiaconcursos.com.br\/blog\/concurso-trt-pr-ultimo-edital\/#primaryimage\"},\"thumbnailUrl\":\"https:\/\/dhg1h5j42swfq.cloudfront.net\/2019\/03\/01084934\/TRT-PR-e1551440982554.jpg\",\"datePublished\":\"2022-06-07T18:55:00+00:00\",\"dateModified\":\"2022-06-07T19:08:21+00:00\",\"description\":\"Concurso TRT PR: saiba os detalhes do \u00faltimo edital publicado pelo Tribunal da 9\u00aa regi\u00e3o aqui no site do Estrat\u00e9gia Concursos!\",\"breadcrumb\":{\"@id\":\"https:\/\/www.estrategiaconcursos.com.br\/blog\/concurso-trt-pr-ultimo-edital\/#breadcrumb\"},\"inLanguage\":\"pt-BR\",\"potentialAction\":[{\"@type\":\"ReadAction\",\"target\":[\"https:\/\/www.estrategiaconcursos.com.br\/blog\/concurso-trt-pr-ultimo-edital\/\"]}]},{\"@type\":\"ImageObject\",\"inLanguage\":\"pt-BR\",\"@id\":\"https:\/\/www.estrategiaconcursos.com.br\/blog\/concurso-trt-pr-ultimo-edital\/#primaryimage\",\"url\":\"https:\/\/dhg1h5j42swfq.cloudfront.net\/2019\/03\/01084934\/TRT-PR-e1551440982554.jpg\",\"contentUrl\":\"https:\/\/dhg1h5j42swfq.cloudfront.net\/2019\/03\/01084934\/TRT-PR-e1551440982554.jpg\",\"width\":400,\"height\":209,\"caption\":\"concurso trt pr\"},{\"@type\":\"BreadcrumbList\",\"@id\":\"https:\/\/www.estrategiaconcursos.com.br\/blog\/concurso-trt-pr-ultimo-edital\/#breadcrumb\",\"itemListElement\":[{\"@type\":\"ListItem\",\"position\":1,\"name\":\"In\u00edcio\",\"item\":\"https:\/\/www.estrategiaconcursos.com.br\/blog\/\"},{\"@type\":\"ListItem\",\"position\":2,\"name\":\"Concurso TRT PR: confira os os detalhes do \u00faltimo edital!\"}]},{\"@type\":\"WebSite\",\"@id\":\"https:\/\/www.estrategiaconcursos.com.br\/blog\/#website\",\"url\":\"https:\/\/www.estrategiaconcursos.com.br\/blog\/\",\"name\":\"Estrat\u00e9gia Concursos\",\"description\":\"O blog da Estrat\u00e9gia Concursos traz not\u00edcias sobre concursos e artigos de professores oferecendo cursos para concursos (pdf + videaulas) no site.\",\"publisher\":{\"@id\":\"https:\/\/www.estrategiaconcursos.com.br\/blog\/#organization\"},\"potentialAction\":[{\"@type\":\"SearchAction\",\"target\":{\"@type\":\"EntryPoint\",\"urlTemplate\":\"https:\/\/www.estrategiaconcursos.com.br\/blog\/?s={search_term_string}\"},\"query-input\":{\"@type\":\"PropertyValueSpecification\",\"valueRequired\":true,\"valueName\":\"search_term_string\"}}],\"inLanguage\":\"pt-BR\"},{\"@type\":\"Organization\",\"@id\":\"https:\/\/www.estrategiaconcursos.com.br\/blog\/#organization\",\"name\":\"Estrat\u00e9gia Concursos\",\"url\":\"https:\/\/www.estrategiaconcursos.com.br\/blog\/\",\"logo\":{\"@type\":\"ImageObject\",\"inLanguage\":\"pt-BR\",\"@id\":\"https:\/\/www.estrategiaconcursos.com.br\/blog\/#\/schema\/logo\/image\/\",\"url\":\"https:\/\/dhg1h5j42swfq.cloudfront.net\/2025\/06\/03203428\/logo_concursos-1.jpg\",\"contentUrl\":\"https:\/\/dhg1h5j42swfq.cloudfront.net\/2025\/06\/03203428\/logo_concursos-1.jpg\",\"width\":230,\"height\":60,\"caption\":\"Estrat\u00e9gia Concursos\"},\"image\":{\"@id\":\"https:\/\/www.estrategiaconcursos.com.br\/blog\/#\/schema\/logo\/image\/\"},\"sameAs\":[\"https:\/\/x.com\/EstratConcursos\"]},{\"@type\":\"Person\",\"@id\":\"https:\/\/www.estrategiaconcursos.com.br\/blog\/#\/schema\/person\/399990d02336f200766707b881aee98f\",\"name\":\"Daniela Santos Nascimento\",\"image\":{\"@type\":\"ImageObject\",\"inLanguage\":\"pt-BR\",\"@id\":\"https:\/\/secure.gravatar.com\/avatar\/7f343622ad121e2893832a8c76808be436bdfcbf2f7d696174c94ecd84f2384a?s=96&d=mm&r=g\",\"url\":\"https:\/\/secure.gravatar.com\/avatar\/7f343622ad121e2893832a8c76808be436bdfcbf2f7d696174c94ecd84f2384a?s=96&d=mm&r=g\",\"contentUrl\":\"https:\/\/secure.gravatar.com\/avatar\/7f343622ad121e2893832a8c76808be436bdfcbf2f7d696174c94ecd84f2384a?s=96&d=mm&r=g\",\"caption\":\"Daniela Santos Nascimento\"},\"url\":\"https:\/\/www.estrategiaconcursos.com.br\/blog\/author\/daniela-nascimentoestrategia-com\/\"}]}<\/script>\n<!-- \/ Yoast SEO Premium plugin. -->","yoast_head_json":{"title":"Concurso TRT PR: confira os os detalhes do \u00faltimo edital!","description":"Concurso TRT PR: saiba os detalhes do \u00faltimo edital publicado pelo Tribunal da 9\u00aa regi\u00e3o aqui no site do Estrat\u00e9gia Concursos!","robots":{"index":"index","follow":"follow","max-snippet":"max-snippet:-1","max-image-preview":"max-image-preview:large","max-video-preview":"max-video-preview:-1"},"canonical":"https:\/\/www.estrategiaconcursos.com.br\/blog\/concurso-trt-pr-ultimo-edital\/","og_locale":"pt_BR","og_type":"article","og_title":"Concurso TRT PR: confira os os detalhes do \u00faltimo edital!","og_description":"Concurso TRT PR: saiba os detalhes do \u00faltimo edital publicado pelo Tribunal da 9\u00aa regi\u00e3o aqui no site do Estrat\u00e9gia Concursos!","og_url":"https:\/\/www.estrategiaconcursos.com.br\/blog\/concurso-trt-pr-ultimo-edital\/","og_site_name":"Estrat\u00e9gia Concursos","article_published_time":"2022-06-07T18:55:00+00:00","article_modified_time":"2022-06-07T19:08:21+00:00","og_image":[{"width":400,"height":209,"url":"https:\/\/dhg1h5j42swfq.cloudfront.net\/2019\/03\/01084934\/TRT-PR-e1551440982554.jpg","type":"image\/jpeg"}],"author":"Daniela Santos Nascimento","twitter_card":"summary_large_image","twitter_creator":"@EstratConcursos","twitter_site":"@EstratConcursos","twitter_misc":{"Escrito por":"Daniela Santos Nascimento","Est. tempo de leitura":"4 minutos"},"schema":{"@context":"https:\/\/schema.org","@graph":[{"@type":"NewsArticle","@id":"https:\/\/www.estrategiaconcursos.com.br\/blog\/concurso-trt-pr-ultimo-edital\/#article","isPartOf":{"@id":"https:\/\/www.estrategiaconcursos.com.br\/blog\/concurso-trt-pr-ultimo-edital\/"},"author":{"name":"Daniela Santos Nascimento","@id":"https:\/\/www.estrategiaconcursos.com.br\/blog\/#\/schema\/person\/399990d02336f200766707b881aee98f"},"headline":"Concurso TRT PR: confira os os detalhes do \u00faltimo edital!","datePublished":"2022-06-07T18:55:00+00:00","dateModified":"2022-06-07T19:08:21+00:00","mainEntityOfPage":{"@id":"https:\/\/www.estrategiaconcursos.com.br\/blog\/concurso-trt-pr-ultimo-edital\/"},"wordCount":598,"commentCount":0,"publisher":{"@id":"https:\/\/www.estrategiaconcursos.com.br\/blog\/#organization"},"image":{"@id":"https:\/\/www.estrategiaconcursos.com.br\/blog\/concurso-trt-pr-ultimo-edital\/#primaryimage"},"thumbnailUrl":"https:\/\/dhg1h5j42swfq.cloudfront.net\/2019\/03\/01084934\/TRT-PR-e1551440982554.jpg","articleSection":["Tribunais","\u00daltimas not\u00edcias"],"inLanguage":"pt-BR","potentialAction":[{"@type":"CommentAction","name":"Comment","target":["https:\/\/www.estrategiaconcursos.com.br\/blog\/concurso-trt-pr-ultimo-edital\/#respond"]}],"copyrightYear":"2022","copyrightHolder":{"@id":"https:\/\/www.estrategiaconcursos.com.br\/blog\/#organization"}},{"@type":"WebPage","@id":"https:\/\/www.estrategiaconcursos.com.br\/blog\/concurso-trt-pr-ultimo-edital\/","url":"https:\/\/www.estrategiaconcursos.com.br\/blog\/concurso-trt-pr-ultimo-edital\/","name":"Concurso TRT PR: confira os os detalhes do \u00faltimo edital!","isPartOf":{"@id":"https:\/\/www.estrategiaconcursos.com.br\/blog\/#website"},"primaryImageOfPage":{"@id":"https:\/\/www.estrategiaconcursos.com.br\/blog\/concurso-trt-pr-ultimo-edital\/#primaryimage"},"image":{"@id":"https:\/\/www.estrategiaconcursos.com.br\/blog\/concurso-trt-pr-ultimo-edital\/#primaryimage"},"thumbnailUrl":"https:\/\/dhg1h5j42swfq.cloudfront.net\/2019\/03\/01084934\/TRT-PR-e1551440982554.jpg","datePublished":"2022-06-07T18:55:00+00:00","dateModified":"2022-06-07T19:08:21+00:00","description":"Concurso TRT PR: saiba os detalhes do \u00faltimo edital publicado pelo Tribunal da 9\u00aa regi\u00e3o aqui no site do Estrat\u00e9gia Concursos!","breadcrumb":{"@id":"https:\/\/www.estrategiaconcursos.com.br\/blog\/concurso-trt-pr-ultimo-edital\/#breadcrumb"},"inLanguage":"pt-BR","potentialAction":[{"@type":"ReadAction","target":["https:\/\/www.estrategiaconcursos.com.br\/blog\/concurso-trt-pr-ultimo-edital\/"]}]},{"@type":"ImageObject","inLanguage":"pt-BR","@id":"https:\/\/www.estrategiaconcursos.com.br\/blog\/concurso-trt-pr-ultimo-edital\/#primaryimage","url":"https:\/\/dhg1h5j42swfq.cloudfront.net\/2019\/03\/01084934\/TRT-PR-e1551440982554.jpg","contentUrl":"https:\/\/dhg1h5j42swfq.cloudfront.net\/2019\/03\/01084934\/TRT-PR-e1551440982554.jpg","width":400,"height":209,"caption":"concurso trt pr"},{"@type":"BreadcrumbList","@id":"https:\/\/www.estrategiaconcursos.com.br\/blog\/concurso-trt-pr-ultimo-edital\/#breadcrumb","itemListElement":[{"@type":"ListItem","position":1,"name":"In\u00edcio","item":"https:\/\/www.estrategiaconcursos.com.br\/blog\/"},{"@type":"ListItem","position":2,"name":"Concurso TRT PR: confira os os detalhes do \u00faltimo edital!"}]},{"@type":"WebSite","@id":"https:\/\/www.estrategiaconcursos.com.br\/blog\/#website","url":"https:\/\/www.estrategiaconcursos.com.br\/blog\/","name":"Estrat\u00e9gia Concursos","description":"O blog da Estrat\u00e9gia Concursos traz not\u00edcias sobre concursos e artigos de professores oferecendo cursos para concursos (pdf + videaulas) no site.","publisher":{"@id":"https:\/\/www.estrategiaconcursos.com.br\/blog\/#organization"},"potentialAction":[{"@type":"SearchAction","target":{"@type":"EntryPoint","urlTemplate":"https:\/\/www.estrategiaconcursos.com.br\/blog\/?s={search_term_string}"},"query-input":{"@type":"PropertyValueSpecification","valueRequired":true,"valueName":"search_term_string"}}],"inLanguage":"pt-BR"},{"@type":"Organization","@id":"https:\/\/www.estrategiaconcursos.com.br\/blog\/#organization","name":"Estrat\u00e9gia Concursos","url":"https:\/\/www.estrategiaconcursos.com.br\/blog\/","logo":{"@type":"ImageObject","inLanguage":"pt-BR","@id":"https:\/\/www.estrategiaconcursos.com.br\/blog\/#\/schema\/logo\/image\/","url":"https:\/\/dhg1h5j42swfq.cloudfront.net\/2025\/06\/03203428\/logo_concursos-1.jpg","contentUrl":"https:\/\/dhg1h5j42swfq.cloudfront.net\/2025\/06\/03203428\/logo_concursos-1.jpg","width":230,"height":60,"caption":"Estrat\u00e9gia Concursos"},"image":{"@id":"https:\/\/www.estrategiaconcursos.com.br\/blog\/#\/schema\/logo\/image\/"},"sameAs":["https:\/\/x.com\/EstratConcursos"]},{"@type":"Person","@id":"https:\/\/www.estrategiaconcursos.com.br\/blog\/#\/schema\/person\/399990d02336f200766707b881aee98f","name":"Daniela Santos Nascimento","image":{"@type":"ImageObject","inLanguage":"pt-BR","@id":"https:\/\/secure.gravatar.com\/avatar\/7f343622ad121e2893832a8c76808be436bdfcbf2f7d696174c94ecd84f2384a?s=96&d=mm&r=g","url":"https:\/\/secure.gravatar.com\/avatar\/7f343622ad121e2893832a8c76808be436bdfcbf2f7d696174c94ecd84f2384a?s=96&d=mm&r=g","contentUrl":"https:\/\/secure.gravatar.com\/avatar\/7f343622ad121e2893832a8c76808be436bdfcbf2f7d696174c94ecd84f2384a?s=96&d=mm&r=g","caption":"Daniela Santos Nascimento"},"url":"https:\/\/www.estrategiaconcursos.com.br\/blog\/author\/daniela-nascimentoestrategia-com\/"}]}},"_links":{"self":[{"href":"https:\/\/www.estrategiaconcursos.com.br\/blog\/wp-json\/wp\/v2\/posts\/989592","targetHints":{"allow":["GET"]}}],"collection":[{"href":"https:\/\/www.estrategiaconcursos.com.br\/blog\/wp-json\/wp\/v2\/posts"}],"about":[{"href":"https:\/\/www.estrategiaconcursos.com.br\/blog\/wp-json\/wp\/v2\/types\/post"}],"author":[{"embeddable":true,"href":"https:\/\/www.estrategiaconcursos.com.br\/blog\/wp-json\/wp\/v2\/users\/2402"}],"replies":[{"embeddable":true,"href":"https:\/\/www.estrategiaconcursos.com.br\/blog\/wp-json\/wp\/v2\/comments?post=989592"}],"version-history":[{"count":14,"href":"https:\/\/www.estrategiaconcursos.com.br\/blog\/wp-json\/wp\/v2\/posts\/989592\/revisions"}],"predecessor-version":[{"id":1041155,"href":"https:\/\/www.estrategiaconcursos.com.br\/blog\/wp-json\/wp\/v2\/posts\/989592\/revisions\/1041155"}],"wp:featuredmedia":[{"embeddable":true,"href":"https:\/\/www.estrategiaconcursos.com.br\/blog\/wp-json\/wp\/v2\/media\/168802"}],"wp:attachment":[{"href":"https:\/\/www.estrategiaconcursos.com.br\/blog\/wp-json\/wp\/v2\/media?parent=989592"}],"wp:term":[{"taxonomy":"category","embeddable":true,"href":"https:\/\/www.estrategiaconcursos.com.br\/blog\/wp-json\/wp\/v2\/categories?post=989592"},{"taxonomy":"post_tag","embeddable":true,"href":"https:\/\/www.estrategiaconcursos.com.br\/blog\/wp-json\/wp\/v2\/tags?post=989592"},{"taxonomy":"tax_estado","embeddable":true,"href":"https:\/\/www.estrategiaconcursos.com.br\/blog\/wp-json\/wp\/v2\/tax_estado?post=989592"}],"curies":[{"name":"wp","href":"https:\/\/api.w.org\/{rel}","templated":true}]}}