{"id":988230,"date":"2022-03-19T14:00:00","date_gmt":"2022-03-19T17:00:00","guid":{"rendered":"https:\/\/www.estrategiaconcursos.com.br\/blog\/?p=988230"},"modified":"2023-08-03T09:35:09","modified_gmt":"2023-08-03T12:35:09","slug":"gabarito-extraoficial-cgu-cargo-tecnico-federal-de-financas-e-controle","status":"publish","type":"post","link":"https:\/\/www.estrategiaconcursos.com.br\/blog\/gabarito-extraoficial-cgu-cargo-tecnico-federal-de-financas-e-controle\/","title":{"rendered":"Gabarito Extraoficial CGU: T\u00e9cnico Federal de Finan\u00e7as e Controle"},"content":{"rendered":"\n<p>As provas do <strong>concurso da Controladoria Geral da Uni\u00e3o (CGU)<\/strong> foram aplicadas neste domingo, 20 de mar\u00e7o.<\/p>\n\n\n\n<p>A etapa, composta por prova objetiva e discursiva para o cargo de&nbsp;<strong>T\u00e9cnico Federal de Finan\u00e7as e Controle (TFCC)&nbsp;<\/strong>foi aplicada no turno da manh\u00e3, das <strong>8h \u00e0s 12h30min<\/strong>.<\/p>\n\n\n\n<p>A prova objetiva foi composta por <strong>80 quest\u00f5es<\/strong>, valendo 1 ponto cada, totalizando 80 pontos. Foram 30 quest\u00f5es de conhecimentos b\u00e1sicos e 50 de conhecimentos espec\u00edficos. <\/p>\n\n\n\n<p>S\u00e3o ofertadas&nbsp;<strong>375 vagas<\/strong>, sendo&nbsp;<strong>300 para Analista<\/strong>&nbsp;Federal de Finan\u00e7as e Controle e&nbsp;<strong>75 para T\u00e9cnico&nbsp;<\/strong>Federal de Finan\u00e7as e Controle. A remunera\u00e7\u00e3o inicial varia de <strong>R$ 7.283,31 e R$ 19.197,06<\/strong>.<\/p>\n\n\n\n<p>Com o intuito de ajudar os nossos alunos neste momento p\u00f3s prova, de muita ansiedade, realizaremos, a partir de <strong>12h30min<\/strong> deste <a href=\"https:\/\/www.youtube.com\/watch?v=l6JxgkuJGf8\" target=\"_blank\" rel=\"noreferrer noopener\"><strong>domingo<\/strong> (<strong>20)<\/strong><\/a>, o evento &#8216;<strong>Gabarito Extraoficial CGU &#8211; Cargo: T\u00e9cnico Federal de Finan\u00e7as e Controle<\/strong>&#8216;.<\/p>\n\n\n\n<h3 class=\"wp-block-heading has-cyan-bluish-gray-background-color has-background\" id=\"h-gabarito-extraoficial-cgu-cargo-tecnico-federal-de-financas-e-controle\">Gabarito Extraoficial CGU &#8211; Cargo: T\u00e9cnico Federal de Finan\u00e7as e Controle<\/h3>\n\n\n\n<p>A seguir, voc\u00ea pode consultar o&nbsp;<strong>Gabarito Extraoficial CGU &#8211; Cargo: T\u00e9cnico Federal de Finan\u00e7as e Controle <\/strong>com as quest\u00f5es corrigidas pelos nossos professores. <\/p>\n\n\n\n<p>Como h\u00e1 v\u00e1rios tipos de provas, voc\u00ea pode conferir o in\u00edcio da quest\u00e3o. A prova utilizada para corre\u00e7\u00e3o do gabarito extraoficial do concurso T\u00e9cnico CGU foi <strong>Tipo 4 &#8211; Azul<\/strong>.<\/p>\n\n\n\n<p><strong>Quest\u00e3o 01:<\/strong>&nbsp;Abaixo aparecem pequenos textos publicit\u00e1rios&#8230;<br \/><strong><em>Resposta:<\/em><\/strong> A<\/p>\n\n\n\n<p><strong>Quest\u00e3o 02:<\/strong>&nbsp;Observe o seguinte texto, retirado de um livro de Sociologia&#8230;.<br \/><strong><em>Resposta:<\/em><\/strong> D<\/p>\n\n\n\n<p><strong>Quest\u00e3o 03:<\/strong>&nbsp;Um das qualidades estruturais das frases que escrevemos&#8230;<br \/><strong><em>Resposta:<\/em><\/strong> E<\/p>\n\n\n\n<p><strong>Quest\u00e3o 04:<\/strong>&nbsp;Muitas vezes temos que redigir textos argumentativos, ou seja, para mostrar&#8230;<br \/><strong><em>Resposta:<\/em><\/strong> E<\/p>\n\n\n\n<p><strong>Quest\u00e3o 05:<\/strong>&nbsp;Eis um exemplo de texto informativo&#8230;<br \/><strong><em>Resposta:<\/em><\/strong> E<\/p>\n\n\n\n<p><strong>Quest\u00e3o 06:<\/strong>&nbsp;Em todos os textos a seguir h\u00e1 a retomada de um termo anterior&#8230;<br \/><strong><em>Resposta:<\/em><\/strong> D<\/p>\n\n\n\n<p><strong>Quest\u00e3o 07:<\/strong>&nbsp;Um texto \u00e9 adequado quando se adapta perfeitamente \u00e0 situa\u00e7\u00e3o&#8230;<br \/><strong><em>Resposta:<\/em><\/strong> B<\/p>\n\n\n\n<p><strong>Quest\u00e3o 08:<\/strong>&nbsp;Um dos pontos mais importantes de um texto \u00e9 a coer\u00eancia; a frase abaixo&#8230;<br \/><strong><em>Resposta:<\/em><\/strong> A <\/p>\n\n\n\n<p><strong>Quest\u00e3o 09:<\/strong>&nbsp;Um dos problemas muito comuns na estrutura\u00e7\u00e3o de um texto \u00e9 a presen\u00e7a de ambiguidade&#8230;<br \/><strong><em>Resposta:<\/em><\/strong> D<\/p>\n\n\n\n<p><strong>Quest\u00e3o 10:<\/strong>&nbsp;O objetivo do discurso argumentativo, como sabemos, \u00e9 o de defender ou atacar&#8230;<br \/><strong><em>Resposta:<\/em><\/strong> D<\/p>\n\n\n\n<p><strong>Quest\u00e3o 11:<\/strong>&nbsp;O fil\u00f3sofo Pascal escreveu certa vez&#8230;<br \/><strong><em>Resposta:<\/em><\/strong> E<\/p>\n\n\n\n<p><strong>Quest\u00e3o 12:<\/strong>&nbsp;Observe o texto a seguir. &#8220;<em>Os nutricionistas&#8230;<\/em><br \/><strong><em>Resposta:<\/em><\/strong> A<\/p>\n\n\n\n<p><strong>Quest\u00e3o 13:<\/strong>&nbsp;Um dos problemas que apresenta a educa\u00e7\u00e3o superior no Brasil ainda \u00e9&#8230;<br \/><strong><em>Resposta:<\/em><\/strong> E<\/p>\n\n\n\n<p><strong>Quest\u00e3o 14:<\/strong>&nbsp;&#8220;A imagem era de uma pessoa que n\u00e3o podia inspirar outro sentimento&#8230;<br \/><strong><em>Resposta:<\/em><\/strong> C<\/p>\n\n\n\n<p><strong>Quest\u00e3o 15:<\/strong>&nbsp;Muitos que escrevem exploram a riqueza da polissemia, ou seja, a possibilidade&#8230;<br \/><strong><em>Resposta:<\/em><\/strong> D<\/p>\n\n\n\n<p><strong>Quest\u00e3o 16:<\/strong>&nbsp;Based on the information provided&#8230;<br \/><strong><em>Resposta:<\/em><\/strong> A <\/p>\n\n\n\n<p><strong>Quest\u00e3o 17:<\/strong>&nbsp;In the first paragraph, the sentence&#8230;<br \/><strong><em>Resposta:<\/em><\/strong> B<\/p>\n\n\n\n<p><strong>Quest\u00e3o 18:<\/strong>&nbsp;In the sentence &#8220;They have traditionally recruited&#8230;<br \/><strong><em>Resposta:<\/em><\/strong> E<\/p>\n\n\n\n<p><strong>Quest\u00e3o 19:<\/strong>&nbsp;&#8220;More broadly&#8221; in &#8220;More broadly, the changes&#8230;<br \/><strong><em>Resposta:<\/em><\/strong> B <\/p>\n\n\n\n<p><strong>Quest\u00e3o 20:<\/strong>&nbsp;The excerpt that clearly refers to a specific&#8230;<br \/><strong><em>Resposta:<\/em><\/strong> D<\/p>\n\n\n\n<p><strong>Quest\u00e3o 21:<\/strong>&nbsp;O n\u00famero de anagramas da palavra CONCURSO&#8230;<br \/><strong><em>Resposta:<\/em><\/strong> C<\/p>\n\n\n\n<p><strong>Quest\u00e3o 22:<\/strong>&nbsp;Em um plano horizontal, h\u00e1 um poste vertical&#8230;<br \/><strong><em>Resposta:<\/em><\/strong> D<\/p>\n\n\n\n<p><strong>Quest\u00e3o 23:<\/strong>&nbsp;A figura abaixo mostra um encanamento com entrada de \u00e1gua&#8230;<br \/><strong><em>Resposta:<\/em><\/strong> E<\/p>\n\n\n\n<p><strong>Quest\u00e3o 24:<\/strong>&nbsp;Um avi\u00e3o percorria a trajet\u00f3ria reta XY da figura abaixo&#8230;<br \/><strong><em>Resposta:<\/em><\/strong> E <\/p>\n\n\n\n<p><strong>Quest\u00e3o 25:<\/strong>&nbsp;Considere o sistema linear&#8230;<br \/><strong><em>Resposta:<\/em><\/strong> B<\/p>\n\n\n\n<p><strong>Quest\u00e3o 26:<\/strong>&nbsp;No excel 2010, considere uma planilha nova&#8230;<br \/><strong><em>Resposta:<\/em><\/strong> E<\/p>\n\n\n\n<p><strong>Quest\u00e3o 27:<\/strong>&nbsp;Sobre as senhas de prote\u00e7\u00e3o e grava\u00e7\u00e3o para documentos Word&#8230;<br \/><strong><em>Resposta:<\/em><\/strong> C<\/p>\n\n\n\n<p><strong>Quest\u00e3o 28:<\/strong>&nbsp;Joana decidiu restaurar, para os padr\u00f5es originais, as configura\u00e7\u00f5es&#8230;<br \/><strong><em>Resposta:<\/em><\/strong> D<\/p>\n\n\n\n<p><strong>Quest\u00e3o 29:<\/strong>&nbsp;No caso em que funcion\u00e1rios de uma empresa utilizam o recurso&#8230;<br \/><strong><em>Resposta:<\/em><\/strong> E<\/p>\n\n\n\n<p><strong>Quest\u00e3o 30:<\/strong>&nbsp;Fernando recebeu um arquivo com o resultado de um teste&#8230;<br \/><strong><em>Resposta:<\/em><\/strong> B<\/p>\n\n\n\n<p><strong>Quest\u00e3o 31:<\/strong>&nbsp;Ana, servidora p\u00fablica federal, ocupante de cargo de provimento&#8230;<br \/><strong><em>Resposta:<\/em><\/strong> C<\/p>\n\n\n\n<p><strong>Quest\u00e3o 32:<\/strong>&nbsp;O prefeito do Munic\u00edpio Alfa foi intimado pelo Tribunal de Contas&#8230;<br \/><strong><em>Resposta:<\/em><\/strong> E<\/p>\n\n\n\n<p><strong>Quest\u00e3o 33:<\/strong>&nbsp;O presidente da Rep\u00fablica, com o objetivo de conter o crescimento&#8230;<br \/><strong><em>Resposta:<\/em><\/strong> E<\/p>\n\n\n\n<p><strong>Quest\u00e3o 34:<\/strong>&nbsp;Ant\u00f4nio almejava seguir a carreira p\u00fablica e se informou com um profissional&#8230;<br \/><strong><em>Resposta:<\/em><\/strong> A<\/p>\n\n\n\n<p><strong>Quest\u00e3o 35:<\/strong>&nbsp;Ant\u00f4nio realizou ampla an\u00e1lise do dispositivo no Art. 5\u00b0, XLII&#8230;<br \/><strong><em>Resposta:<\/em><\/strong> D<\/p>\n\n\n\n<p><strong>Quest\u00e3o 36:<\/strong>&nbsp;Mariah nasceu no territ\u00f3rio brasileiro quando seus pais&#8230;<br \/><strong><em>Resposta:<\/em><\/strong> A<\/p>\n\n\n\n<p><strong>Quest\u00e3o 37:<\/strong>&nbsp;Ilana, deputada estadual, tomou conhecimento de que o prefeito&#8230;<br \/><strong><em>Resposta:<\/em><\/strong> A<\/p>\n\n\n\n<p><strong>Quest\u00e3o 38:<\/strong>&nbsp;Em raz\u00e3o de calamidade da natureza, de grandes propor\u00e7\u00f5es, que assolou&#8230;<br \/><strong><em>Resposta:<\/em><\/strong> D<\/p>\n\n\n\n<p><strong>Quest\u00e3o 39:<\/strong>&nbsp;Pedro, pol\u00edtico de proje\u00e7\u00e3o nacional, almeja iniciar&#8230;<br \/><strong><em>Resposta:<\/em><\/strong> B<\/p>\n\n\n\n<p><strong>Quest\u00e3o 40:<\/strong>&nbsp;Jo\u00e3o, servidor p\u00fablico ocupante de cargo de provimento efetivo&#8230;<br \/><strong><em>Resposta:<\/em><\/strong> D<\/p>\n\n\n\n<p><strong>Quest\u00e3o 41:<\/strong>&nbsp;Em tema de controle da administra\u00e7\u00e3o p\u00fablica, a Controladoria&#8230;<br \/><strong><em>Resposta:<\/em><\/strong> C <\/p>\n\n\n\n<p><strong>Quest\u00e3o 42:<\/strong>&nbsp;A Lei Geral de Prote\u00e7\u00e3o de Dados Pessoais (LGPD) disp\u00f5e sobre o tratamento&#8230;<br \/><strong><em>Resposta:<\/em><\/strong> D<\/p>\n\n\n\n<p><strong>Quest\u00e3o 43:<\/strong>&nbsp;Cl\u00e1udio \u00e9 servidor p\u00fablico federal ocupante de cargo efetivo e atualmente&#8230;<br \/><strong><em>Resposta:<\/em><\/strong> E<\/p>\n\n\n\n<p><strong>Quest\u00e3o 44:<\/strong>&nbsp;Maria, ocupante de cargo exclusivamente em comiss\u00e3o&#8230;<br \/><strong><em>Resposta:<\/em><\/strong> E<\/p>\n\n\n\n<p><strong>Quest\u00e3o 45:<\/strong>&nbsp;Jo\u00e3o, t\u00e9cnico federal de Finan\u00e7as e Controle da Controladoria&#8230;<br \/><strong><em>Resposta:<\/em><\/strong> C<\/p>\n\n\n\n<p><strong>Quest\u00e3o 46:<\/strong>&nbsp;A Uni\u00e3o, por meio do Minist\u00e9rio da Sa\u00fade, pretende realizar contrata\u00e7\u00e3o&#8230;<br \/><strong><em>Resposta:<\/em><\/strong> B<\/p>\n\n\n\n<p><strong>Quest\u00e3o 47:<\/strong>&nbsp;O cidad\u00e3o Jo\u00e3o apresentou requerimento de acesso a determinada informa\u00e7\u00e3o&#8230;<br \/><strong><em>Resposta:<\/em><\/strong> E<\/p>\n\n\n\n<p><strong>Quest\u00e3o 48:<\/strong>&nbsp;Ap\u00f3s regular processo licitat\u00f3rio, a Uni\u00e3o, por meio do Minist\u00e9rio das Cidades&#8230;<br \/><strong><em>Resposta:<\/em><\/strong> A<\/p>\n\n\n\n<p><strong>Quest\u00e3o 49:<\/strong>&nbsp;Em janeiro de 2022, a sociedade empres\u00e1ria Gama, ap\u00f3s processo licitat\u00f3rio&#8230;<br \/><strong><em>Resposta:<\/em><\/strong> C<\/p>\n\n\n\n<p><strong>Quest\u00e3o 50:<\/strong>&nbsp;O Estado Alfa foi inscrito em cadastros desabonadores da Uni\u00e3o&#8230;<br \/><strong><em>Resposta:<\/em><\/strong> A<\/p>\n\n\n\n<p><strong>Quest\u00e3o 51:<\/strong>&nbsp;As receitas s\u00e3o um dos pilares do or\u00e7amento p\u00fablico e sua correta classifica\u00e7\u00e3o&#8230;<br \/><strong><em>Resposta:<\/em><\/strong> C<\/p>\n\n\n\n<p><strong>Quest\u00e3o 52:<\/strong>&nbsp;Ao avaliar o texto e anexos da Lei Or\u00e7ament\u00e1ria Anual (LOA) de um ente&#8230;<br \/><strong><em>Resposta:<\/em><\/strong> D <\/p>\n\n\n\n<p><strong>Quest\u00e3o 53:<\/strong>&nbsp;O Sistema de Controle Interno do Poder Executivo Federal \u00e9 formado&#8230;<br \/><strong><em>Resposta:<\/em><\/strong> E<\/p>\n\n\n\n<p><strong>Quest\u00e3o 54:<\/strong>&nbsp;Um servidor lotado em uma comiss\u00e3o de or\u00e7amento de um ente legislativo&#8230;<br \/><strong><em>Resposta:<\/em><\/strong> C <\/p>\n\n\n\n<p><strong>Quest\u00e3o 55:<\/strong>&nbsp;No arcabou\u00e7o conceitual-normativo do or\u00e7amento p\u00fablico&#8230;<br \/><strong><em>Resposta:<\/em><\/strong> A <\/p>\n\n\n\n<p><strong>Quest\u00e3o 56:<\/strong>&nbsp;O or\u00e7amento pode ser considerado um instrumento b\u00e1sico de a\u00e7\u00e3o&#8230;<br \/><strong><em>Resposta:<\/em><\/strong> E<\/p>\n\n\n\n<p><strong>Quest\u00e3o 57:<\/strong>&nbsp;Ap\u00f3s o devido processo licitat\u00f3rio, uma entidade assinou um contrato&#8230;<br \/><strong><em>Resposta:<\/em><\/strong> E<\/p>\n\n\n\n<p><strong>Quest\u00e3o 58:<\/strong>&nbsp;O processo de planejamento no \u00e2mbito da administra\u00e7\u00e3o p\u00fablica&#8230;<br \/><strong><em>Resposta:<\/em><\/strong> D<\/p>\n\n\n\n<p><strong>Quest\u00e3o 59:<\/strong>&nbsp;A atividade de planejamento que d\u00e1 suporte aos pilares do or\u00e7amento p\u00fablico&#8230;<br \/><strong><em>Resposta:<\/em><\/strong> D<\/p>\n\n\n\n<p><strong>Quest\u00e3o 60:<\/strong>&nbsp;Um servidor alocado em uma unidade de controle interno de um ente p\u00fablico&#8230;<br \/><strong><em>Resposta:<\/em><\/strong> C<\/p>\n\n\n\n<p><strong>Quest\u00e3o 61:<\/strong>&nbsp;Frederico \u00e9 coordenador de Tecnologia da Informa\u00e7\u00e3o (TIC)&#8230;<br \/><strong><em>Resposta:<\/em><\/strong> A<\/p>\n\n\n\n<p><strong>Quest\u00e3o 62:<\/strong>&nbsp;No documento que formaliza o planejamento de uma entidade governamental&#8230;<br \/><strong><em>Resposta:<\/em><\/strong> C<\/p>\n\n\n\n<p><strong>Quest\u00e3o 63:<\/strong>&nbsp;Ap\u00f3s receber algumas den\u00fancias nos canais internos de comunica\u00e7\u00e3o&#8230;<br \/><strong><em>Resposta:<\/em><\/strong> A<\/p>\n\n\n\n<p><strong>Quest\u00e3o 64:<\/strong>&nbsp;Um diretor de Recursos Humanos e sua equipe identificaram um conjunto de&#8230;<br \/><strong><em>Resposta:<\/em><\/strong> A<\/p>\n\n\n\n<p><strong>Quest\u00e3o 65:<\/strong>&nbsp;Observe parte do organograma de um \u00f3rg\u00e3o p\u00fablico de controle&#8230;<br \/><strong><em>Resposta:<\/em><\/strong> A<\/p>\n\n\n\n<p><strong>Quest\u00e3o 66:<\/strong>&nbsp;Em um hospital p\u00fablico, toda vez que o estoque de um medicamento&#8230;<br \/><strong><em>Resposta:<\/em><\/strong> D<\/p>\n\n\n\n<p><strong>Quest\u00e3o 67:<\/strong>&nbsp;O gerente do setor de ouvidoria de um \u00f3rg\u00e3o p\u00fablico criou o programa&#8230;<br \/><strong><em>Resposta:<\/em><\/strong> B<\/p>\n\n\n\n<p><strong>Quest\u00e3o 68:<\/strong>&nbsp;Em meio \u00e0 ado\u00e7\u00e3o do teletrabalho, um departamento passou a controlar&#8230;<br \/><strong><em>Resposta:<\/em><\/strong> B<\/p>\n\n\n\n<p><strong>Quest\u00e3o 69:<\/strong>&nbsp;Veja a seguir a tirinha do cartunista argentino Quino&#8230;<br \/><strong><em>Resposta:<\/em><\/strong> A <\/p>\n\n\n\n<p><strong>Quest\u00e3o 70:<\/strong>&nbsp;Dois \u00f3rg\u00e3os p\u00fablicos, A e B, tinha um mesmo objetivo&#8230;<br \/><strong><em>Resposta:<\/em><\/strong> E<\/p>\n\n\n\n<p><strong>Quest\u00e3o 71:<\/strong>&nbsp;A Controladoria-Geral da Uni\u00e3o tem por fun\u00e7\u00e3o prec\u00edpua ser o \u00f3rg\u00e3o central&#8230;<br \/><strong><em>Resposta:<\/em><\/strong> C<\/p>\n\n\n\n<p><strong>Quest\u00e3o 72:<\/strong>&nbsp;Ap\u00f3s inspe\u00e7\u00e3o realizada pela Corregedoria-Geral da Uni\u00e3o em um \u00f3rg\u00e3o&#8230;<br \/><strong><em>Resposta:<\/em><\/strong> C<\/p>\n\n\n\n<p><strong>Quest\u00e3o 73:<\/strong>&nbsp;Nos termos da Lei n\u00b010.180\/2001, compete ao \u00f3rg\u00e3o central de Controle&#8230;<br \/><strong><em>Resposta:<\/em><\/strong> D<\/p>\n\n\n\n<p><strong>Quest\u00e3o 74:<\/strong>&nbsp;Jo\u00e3o buscou atendimento pessoal em um \u00f3rg\u00e3o p\u00fablico federal&#8230;<br \/><strong><em>Resposta:<\/em><\/strong> E <\/p>\n\n\n\n<p><strong>Quest\u00e3o 75:<\/strong>&nbsp;Jo\u00e3o, servidor p\u00fablico efetivo de uma autarquia p\u00fablica federal, respondeu a processo&#8230;<br \/><strong><em>Resposta:<\/em><\/strong> C<\/p>\n\n\n\n<p><strong>Quest\u00e3o 76:<\/strong>&nbsp;Jos\u00e9 recebeu o convite para exercer o cargo em comiss\u00e3o de titular de unidade&#8230;<br \/><strong><em>Resposta:<\/em><\/strong> B<\/p>\n\n\n\n<p><strong>Quest\u00e3o 77:<\/strong>&nbsp;Em rela\u00e7\u00e3o ao \u00f3rg\u00e3o central de Correi\u00e7\u00e3o do Poder Executivo Federal&#8230;<br \/><strong><em>Resposta:<\/em><\/strong> B<\/p>\n\n\n\n<p><strong>Quest\u00e3o 78:<\/strong>&nbsp;Maria, utilizando-se da plataforma integrada de Ouvidoria e Acesso \u00e0 Informa\u00e7\u00e3o&#8230;<br \/><strong><em>Resposta:<\/em><\/strong> E<\/p>\n\n\n\n<p><strong>Quest\u00e3o 79:<\/strong>&nbsp;O Sistema de Ouvidoria do Poder Executivo Federal foi institu\u00eddo com a finalidade de&#8230;<br \/><strong><em>Resposta:<\/em><\/strong> E<\/p>\n\n\n\n<p><strong>Quest\u00e3o 80:<\/strong>&nbsp;O Decreto n\u00b010.756\/2021 instituiu um sistema estruturador em mat\u00e9ria&#8230;<br \/><strong><em>Resposta:<\/em><\/strong> B<\/p>\n\n\n\n<h2 class=\"wp-block-heading has-text-align-center has-cyan-bluish-gray-background-color has-background\" id=\"saiba-mais-concurso-cgu\">Saiba mais: <a href=\"https:\/\/www.estrategiaconcursos.com.br\/blog\/concurso-cgu\/\" target=\"_blank\" rel=\"noreferrer noopener\">Concurso CGU<\/a><\/h2>\n\n\n\n<h2 class=\"wp-block-heading has-text-align-center\" id=\"h-quer-saber-tudo-sobre-concursos-previstos-confira-nossos-artigos\">Quer saber tudo sobre concursos previstos?<br \/>Confira nossos artigos!<\/h2>\n\n\n\n<ul class=\"wp-block-list\">\n<li><a href=\"https:\/\/www.estrategiaconcursos.com.br\/blog\/concursos-abertos\/\" target=\"_blank\" rel=\"noreferrer noopener\">Concursos abertos<\/a><\/li>\n\n\n\n<li><a href=\"https:\/\/www.estrategiaconcursos.com.br\/blog\/concursos-2022\/\" target=\"_blank\" rel=\"noreferrer noopener\">Concursos 2022<\/a><\/li>\n<\/ul>\n\n\n\n<div class=\"container\" id=\"boxes\">\n  <div class=\"row\">\n\n    <div class=\"col-sm\">\n      <div class=\"banner-tcg\" id=\"box-assinatura\">\n        <h3 class=\"titulo-assinatura\">Concurso CGU<\/h3>\n        <p class=\"subtitulo-assinatura\">Estude conosco<\/p>\n        <div class=\"box-botao\">\n          <a class=\"btn-assinatura\" target=\"_blank\" href=\"https:\/\/www.estrategiaconcursos.com.br\/cursosPorConcurso\/controladoria-geral-da-uniao-cgu\/\" role=\"button\" rel=\"noopener noreferrer\">Conhe\u00e7a os cursos<\/a>\n        <\/div>\n      <\/div>\n      \n    <\/div>\n\n  <\/div>\n<\/div>\n\n\n\n<div class=\"container\" id=\"boxes\">\n  <div class=\"row\">\n\n    <div class=\"col-sm\">\n      <div class=\"estrategia\" id=\"box-assinatura\">\n        <h3 class=\"titulo-assinatura\">Assinatura de Concursos<\/h3>\n        <p class=\"subtitulo-assinatura\">Assinatura de 1 ano ou 2 anos<\/p>\n        <div class=\"box-botao\">\n          <a class=\"btn-assinatura\" target=\"_blank\" href=\"https:\/\/www.estrategiaconcursos.com.br\/assinaturas\/\" role=\"button\" rel=\"noopener noreferrer\">ASSINE AGORA<\/a>\n        <\/div>\n      <\/div>\n     \n    <\/div><\/div><\/div>\n","protected":false},"excerpt":{"rendered":"<p>As provas do concurso da Controladoria Geral da Uni\u00e3o (CGU) foram aplicadas neste domingo, 20 de mar\u00e7o. A etapa, composta por prova objetiva e discursiva para o cargo de&nbsp;T\u00e9cnico Federal de Finan\u00e7as e Controle (TFCC)&nbsp;foi aplicada no turno da manh\u00e3, das 8h \u00e0s 12h30min. A prova objetiva foi composta por 80 quest\u00f5es, valendo 1 ponto [&hellip;]<\/p>\n","protected":false},"author":2041,"featured_media":988258,"comment_status":"open","ping_status":"closed","sticky":false,"template":"","format":"standard","meta":{"post_tipo":"news","footnotes":""},"categories":[220180,220219],"tags":[],"tax_estado":[219963],"class_list":["post-988230","post","type-post","status-publish","format-standard","has-post-thumbnail","hentry","category-controle-gestao","category-noticias","tax_estado-concursos-federais"],"acf":[],"yoast_head":"<!-- This site is optimized with the Yoast SEO Premium plugin v27.2 (Yoast SEO v27.2) - https:\/\/yoast.com\/product\/yoast-seo-premium-wordpress\/ -->\n<title>Gabarito Extraoficial CGU: T\u00e9cnico Federal de Finan\u00e7as e Controle<\/title>\n<meta name=\"description\" content=\"Acompanhe a corre\u00e7\u00e3o das provas do Gabarito Extraoficial CGU - Cargo: T\u00e9cnico Federal de Finan\u00e7as e Controle por meio de nosso Gabarito!\" \/>\n<meta name=\"robots\" content=\"index, follow, max-snippet:-1, max-image-preview:large, max-video-preview:-1\" \/>\n<link rel=\"canonical\" href=\"https:\/\/www.estrategiaconcursos.com.br\/blog\/gabarito-extraoficial-cgu-cargo-tecnico-federal-de-financas-e-controle\/\" \/>\n<meta property=\"og:locale\" content=\"pt_BR\" \/>\n<meta property=\"og:type\" content=\"article\" \/>\n<meta property=\"og:title\" content=\"Gabarito Extraoficial CGU: T\u00e9cnico Federal de Finan\u00e7as e Controle\" \/>\n<meta property=\"og:description\" content=\"Acompanhe a corre\u00e7\u00e3o das provas do Gabarito Extraoficial CGU - Cargo: T\u00e9cnico Federal de Finan\u00e7as e Controle por meio de nosso Gabarito!\" \/>\n<meta property=\"og:url\" content=\"https:\/\/www.estrategiaconcursos.com.br\/blog\/gabarito-extraoficial-cgu-cargo-tecnico-federal-de-financas-e-controle\/\" \/>\n<meta property=\"og:site_name\" content=\"Estrat\u00e9gia Concursos\" \/>\n<meta property=\"article:published_time\" content=\"2022-03-19T17:00:00+00:00\" \/>\n<meta property=\"article:modified_time\" content=\"2023-08-03T12:35:09+00:00\" \/>\n<meta property=\"og:image\" content=\"https:\/\/dhg1h5j42swfq.cloudfront.net\/2022\/03\/15172110\/cgu.jpg\" \/>\n\t<meta property=\"og:image:width\" content=\"1280\" \/>\n\t<meta property=\"og:image:height\" content=\"720\" \/>\n\t<meta property=\"og:image:type\" content=\"image\/jpeg\" \/>\n<meta name=\"author\" content=\"Thiago Cavalcante Gomes\" \/>\n<meta name=\"twitter:card\" content=\"summary_large_image\" \/>\n<meta name=\"twitter:creator\" content=\"@EstratConcursos\" \/>\n<meta name=\"twitter:site\" content=\"@EstratConcursos\" \/>\n<meta name=\"twitter:label1\" content=\"Escrito por\" \/>\n\t<meta name=\"twitter:data1\" content=\"Thiago Cavalcante Gomes\" \/>\n\t<meta name=\"twitter:label2\" content=\"Est. tempo de leitura\" \/>\n\t<meta name=\"twitter:data2\" content=\"8 minutos\" \/>\n<script type=\"application\/ld+json\" class=\"yoast-schema-graph\">{\"@context\":\"https:\/\/schema.org\",\"@graph\":[{\"@type\":\"NewsArticle\",\"@id\":\"https:\/\/www.estrategiaconcursos.com.br\/blog\/gabarito-extraoficial-cgu-cargo-tecnico-federal-de-financas-e-controle\/#article\",\"isPartOf\":{\"@id\":\"https:\/\/www.estrategiaconcursos.com.br\/blog\/gabarito-extraoficial-cgu-cargo-tecnico-federal-de-financas-e-controle\/\"},\"author\":{\"name\":\"Thiago Cavalcante Gomes\",\"@id\":\"https:\/\/www.estrategiaconcursos.com.br\/blog\/#\/schema\/person\/4970184533d0a3ffa5b0299ae0a2b21f\"},\"headline\":\"Gabarito Extraoficial CGU: T\u00e9cnico Federal de Finan\u00e7as e Controle\",\"datePublished\":\"2022-03-19T17:00:00+00:00\",\"dateModified\":\"2023-08-03T12:35:09+00:00\",\"mainEntityOfPage\":{\"@id\":\"https:\/\/www.estrategiaconcursos.com.br\/blog\/gabarito-extraoficial-cgu-cargo-tecnico-federal-de-financas-e-controle\/\"},\"wordCount\":1569,\"commentCount\":0,\"publisher\":{\"@id\":\"https:\/\/www.estrategiaconcursos.com.br\/blog\/#organization\"},\"image\":{\"@id\":\"https:\/\/www.estrategiaconcursos.com.br\/blog\/gabarito-extraoficial-cgu-cargo-tecnico-federal-de-financas-e-controle\/#primaryimage\"},\"thumbnailUrl\":\"https:\/\/dhg1h5j42swfq.cloudfront.net\/2022\/03\/15172110\/cgu.jpg\",\"articleSection\":[\"Controladorias\/Gest\u00e3o (CGU, CGE, STN, EPPGG)\",\"\u00daltimas not\u00edcias\"],\"inLanguage\":\"pt-BR\",\"potentialAction\":[{\"@type\":\"CommentAction\",\"name\":\"Comment\",\"target\":[\"https:\/\/www.estrategiaconcursos.com.br\/blog\/gabarito-extraoficial-cgu-cargo-tecnico-federal-de-financas-e-controle\/#respond\"]}],\"copyrightYear\":\"2022\",\"copyrightHolder\":{\"@id\":\"https:\/\/www.estrategiaconcursos.com.br\/blog\/#organization\"}},{\"@type\":\"WebPage\",\"@id\":\"https:\/\/www.estrategiaconcursos.com.br\/blog\/gabarito-extraoficial-cgu-cargo-tecnico-federal-de-financas-e-controle\/\",\"url\":\"https:\/\/www.estrategiaconcursos.com.br\/blog\/gabarito-extraoficial-cgu-cargo-tecnico-federal-de-financas-e-controle\/\",\"name\":\"Gabarito Extraoficial CGU: T\u00e9cnico Federal de Finan\u00e7as e Controle\",\"isPartOf\":{\"@id\":\"https:\/\/www.estrategiaconcursos.com.br\/blog\/#website\"},\"primaryImageOfPage\":{\"@id\":\"https:\/\/www.estrategiaconcursos.com.br\/blog\/gabarito-extraoficial-cgu-cargo-tecnico-federal-de-financas-e-controle\/#primaryimage\"},\"image\":{\"@id\":\"https:\/\/www.estrategiaconcursos.com.br\/blog\/gabarito-extraoficial-cgu-cargo-tecnico-federal-de-financas-e-controle\/#primaryimage\"},\"thumbnailUrl\":\"https:\/\/dhg1h5j42swfq.cloudfront.net\/2022\/03\/15172110\/cgu.jpg\",\"datePublished\":\"2022-03-19T17:00:00+00:00\",\"dateModified\":\"2023-08-03T12:35:09+00:00\",\"description\":\"Acompanhe a corre\u00e7\u00e3o das provas do Gabarito Extraoficial CGU - Cargo: T\u00e9cnico Federal de Finan\u00e7as e Controle por meio de nosso Gabarito!\",\"breadcrumb\":{\"@id\":\"https:\/\/www.estrategiaconcursos.com.br\/blog\/gabarito-extraoficial-cgu-cargo-tecnico-federal-de-financas-e-controle\/#breadcrumb\"},\"inLanguage\":\"pt-BR\",\"potentialAction\":[{\"@type\":\"ReadAction\",\"target\":[\"https:\/\/www.estrategiaconcursos.com.br\/blog\/gabarito-extraoficial-cgu-cargo-tecnico-federal-de-financas-e-controle\/\"]}]},{\"@type\":\"ImageObject\",\"inLanguage\":\"pt-BR\",\"@id\":\"https:\/\/www.estrategiaconcursos.com.br\/blog\/gabarito-extraoficial-cgu-cargo-tecnico-federal-de-financas-e-controle\/#primaryimage\",\"url\":\"https:\/\/dhg1h5j42swfq.cloudfront.net\/2022\/03\/15172110\/cgu.jpg\",\"contentUrl\":\"https:\/\/dhg1h5j42swfq.cloudfront.net\/2022\/03\/15172110\/cgu.jpg\",\"width\":1280,\"height\":720},{\"@type\":\"BreadcrumbList\",\"@id\":\"https:\/\/www.estrategiaconcursos.com.br\/blog\/gabarito-extraoficial-cgu-cargo-tecnico-federal-de-financas-e-controle\/#breadcrumb\",\"itemListElement\":[{\"@type\":\"ListItem\",\"position\":1,\"name\":\"In\u00edcio\",\"item\":\"https:\/\/www.estrategiaconcursos.com.br\/blog\/\"},{\"@type\":\"ListItem\",\"position\":2,\"name\":\"Gabarito Extraoficial CGU: T\u00e9cnico Federal de Finan\u00e7as e Controle\"}]},{\"@type\":\"WebSite\",\"@id\":\"https:\/\/www.estrategiaconcursos.com.br\/blog\/#website\",\"url\":\"https:\/\/www.estrategiaconcursos.com.br\/blog\/\",\"name\":\"Estrat\u00e9gia Concursos\",\"description\":\"O blog da Estrat\u00e9gia Concursos traz not\u00edcias sobre concursos e artigos de professores oferecendo cursos para concursos (pdf + videaulas) no site.\",\"publisher\":{\"@id\":\"https:\/\/www.estrategiaconcursos.com.br\/blog\/#organization\"},\"potentialAction\":[{\"@type\":\"SearchAction\",\"target\":{\"@type\":\"EntryPoint\",\"urlTemplate\":\"https:\/\/www.estrategiaconcursos.com.br\/blog\/?s={search_term_string}\"},\"query-input\":{\"@type\":\"PropertyValueSpecification\",\"valueRequired\":true,\"valueName\":\"search_term_string\"}}],\"inLanguage\":\"pt-BR\"},{\"@type\":\"Organization\",\"@id\":\"https:\/\/www.estrategiaconcursos.com.br\/blog\/#organization\",\"name\":\"Estrat\u00e9gia Concursos\",\"url\":\"https:\/\/www.estrategiaconcursos.com.br\/blog\/\",\"logo\":{\"@type\":\"ImageObject\",\"inLanguage\":\"pt-BR\",\"@id\":\"https:\/\/www.estrategiaconcursos.com.br\/blog\/#\/schema\/logo\/image\/\",\"url\":\"https:\/\/dhg1h5j42swfq.cloudfront.net\/2025\/06\/03203428\/logo_concursos-1.jpg\",\"contentUrl\":\"https:\/\/dhg1h5j42swfq.cloudfront.net\/2025\/06\/03203428\/logo_concursos-1.jpg\",\"width\":230,\"height\":60,\"caption\":\"Estrat\u00e9gia Concursos\"},\"image\":{\"@id\":\"https:\/\/www.estrategiaconcursos.com.br\/blog\/#\/schema\/logo\/image\/\"},\"sameAs\":[\"https:\/\/x.com\/EstratConcursos\"]},{\"@type\":\"Person\",\"@id\":\"https:\/\/www.estrategiaconcursos.com.br\/blog\/#\/schema\/person\/4970184533d0a3ffa5b0299ae0a2b21f\",\"name\":\"Thiago Cavalcante Gomes\",\"image\":{\"@type\":\"ImageObject\",\"inLanguage\":\"pt-BR\",\"@id\":\"https:\/\/secure.gravatar.com\/avatar\/?s=96&d=mm&r=g\",\"url\":\"https:\/\/secure.gravatar.com\/avatar\/?s=96&d=mm&r=g\",\"contentUrl\":\"https:\/\/secure.gravatar.com\/avatar\/?s=96&d=mm&r=g\",\"caption\":\"Thiago Cavalcante Gomes\"},\"url\":\"https:\/\/www.estrategiaconcursos.com.br\/blog\/author\/thiago-gomes\/\"}]}<\/script>\n<!-- \/ Yoast SEO Premium plugin. -->","yoast_head_json":{"title":"Gabarito Extraoficial CGU: T\u00e9cnico Federal de Finan\u00e7as e Controle","description":"Acompanhe a corre\u00e7\u00e3o das provas do Gabarito Extraoficial CGU - Cargo: T\u00e9cnico Federal de Finan\u00e7as e Controle por meio de nosso Gabarito!","robots":{"index":"index","follow":"follow","max-snippet":"max-snippet:-1","max-image-preview":"max-image-preview:large","max-video-preview":"max-video-preview:-1"},"canonical":"https:\/\/www.estrategiaconcursos.com.br\/blog\/gabarito-extraoficial-cgu-cargo-tecnico-federal-de-financas-e-controle\/","og_locale":"pt_BR","og_type":"article","og_title":"Gabarito Extraoficial CGU: T\u00e9cnico Federal de Finan\u00e7as e Controle","og_description":"Acompanhe a corre\u00e7\u00e3o das provas do Gabarito Extraoficial CGU - Cargo: T\u00e9cnico Federal de Finan\u00e7as e Controle por meio de nosso Gabarito!","og_url":"https:\/\/www.estrategiaconcursos.com.br\/blog\/gabarito-extraoficial-cgu-cargo-tecnico-federal-de-financas-e-controle\/","og_site_name":"Estrat\u00e9gia Concursos","article_published_time":"2022-03-19T17:00:00+00:00","article_modified_time":"2023-08-03T12:35:09+00:00","og_image":[{"width":1280,"height":720,"url":"https:\/\/dhg1h5j42swfq.cloudfront.net\/2022\/03\/15172110\/cgu.jpg","type":"image\/jpeg"}],"author":"Thiago Cavalcante Gomes","twitter_card":"summary_large_image","twitter_creator":"@EstratConcursos","twitter_site":"@EstratConcursos","twitter_misc":{"Escrito por":"Thiago Cavalcante Gomes","Est. tempo de leitura":"8 minutos"},"schema":{"@context":"https:\/\/schema.org","@graph":[{"@type":"NewsArticle","@id":"https:\/\/www.estrategiaconcursos.com.br\/blog\/gabarito-extraoficial-cgu-cargo-tecnico-federal-de-financas-e-controle\/#article","isPartOf":{"@id":"https:\/\/www.estrategiaconcursos.com.br\/blog\/gabarito-extraoficial-cgu-cargo-tecnico-federal-de-financas-e-controle\/"},"author":{"name":"Thiago Cavalcante Gomes","@id":"https:\/\/www.estrategiaconcursos.com.br\/blog\/#\/schema\/person\/4970184533d0a3ffa5b0299ae0a2b21f"},"headline":"Gabarito Extraoficial CGU: T\u00e9cnico Federal de Finan\u00e7as e Controle","datePublished":"2022-03-19T17:00:00+00:00","dateModified":"2023-08-03T12:35:09+00:00","mainEntityOfPage":{"@id":"https:\/\/www.estrategiaconcursos.com.br\/blog\/gabarito-extraoficial-cgu-cargo-tecnico-federal-de-financas-e-controle\/"},"wordCount":1569,"commentCount":0,"publisher":{"@id":"https:\/\/www.estrategiaconcursos.com.br\/blog\/#organization"},"image":{"@id":"https:\/\/www.estrategiaconcursos.com.br\/blog\/gabarito-extraoficial-cgu-cargo-tecnico-federal-de-financas-e-controle\/#primaryimage"},"thumbnailUrl":"https:\/\/dhg1h5j42swfq.cloudfront.net\/2022\/03\/15172110\/cgu.jpg","articleSection":["Controladorias\/Gest\u00e3o (CGU, CGE, STN, EPPGG)","\u00daltimas not\u00edcias"],"inLanguage":"pt-BR","potentialAction":[{"@type":"CommentAction","name":"Comment","target":["https:\/\/www.estrategiaconcursos.com.br\/blog\/gabarito-extraoficial-cgu-cargo-tecnico-federal-de-financas-e-controle\/#respond"]}],"copyrightYear":"2022","copyrightHolder":{"@id":"https:\/\/www.estrategiaconcursos.com.br\/blog\/#organization"}},{"@type":"WebPage","@id":"https:\/\/www.estrategiaconcursos.com.br\/blog\/gabarito-extraoficial-cgu-cargo-tecnico-federal-de-financas-e-controle\/","url":"https:\/\/www.estrategiaconcursos.com.br\/blog\/gabarito-extraoficial-cgu-cargo-tecnico-federal-de-financas-e-controle\/","name":"Gabarito Extraoficial CGU: T\u00e9cnico Federal de Finan\u00e7as e Controle","isPartOf":{"@id":"https:\/\/www.estrategiaconcursos.com.br\/blog\/#website"},"primaryImageOfPage":{"@id":"https:\/\/www.estrategiaconcursos.com.br\/blog\/gabarito-extraoficial-cgu-cargo-tecnico-federal-de-financas-e-controle\/#primaryimage"},"image":{"@id":"https:\/\/www.estrategiaconcursos.com.br\/blog\/gabarito-extraoficial-cgu-cargo-tecnico-federal-de-financas-e-controle\/#primaryimage"},"thumbnailUrl":"https:\/\/dhg1h5j42swfq.cloudfront.net\/2022\/03\/15172110\/cgu.jpg","datePublished":"2022-03-19T17:00:00+00:00","dateModified":"2023-08-03T12:35:09+00:00","description":"Acompanhe a corre\u00e7\u00e3o das provas do Gabarito Extraoficial CGU - Cargo: T\u00e9cnico Federal de Finan\u00e7as e Controle por meio de nosso Gabarito!","breadcrumb":{"@id":"https:\/\/www.estrategiaconcursos.com.br\/blog\/gabarito-extraoficial-cgu-cargo-tecnico-federal-de-financas-e-controle\/#breadcrumb"},"inLanguage":"pt-BR","potentialAction":[{"@type":"ReadAction","target":["https:\/\/www.estrategiaconcursos.com.br\/blog\/gabarito-extraoficial-cgu-cargo-tecnico-federal-de-financas-e-controle\/"]}]},{"@type":"ImageObject","inLanguage":"pt-BR","@id":"https:\/\/www.estrategiaconcursos.com.br\/blog\/gabarito-extraoficial-cgu-cargo-tecnico-federal-de-financas-e-controle\/#primaryimage","url":"https:\/\/dhg1h5j42swfq.cloudfront.net\/2022\/03\/15172110\/cgu.jpg","contentUrl":"https:\/\/dhg1h5j42swfq.cloudfront.net\/2022\/03\/15172110\/cgu.jpg","width":1280,"height":720},{"@type":"BreadcrumbList","@id":"https:\/\/www.estrategiaconcursos.com.br\/blog\/gabarito-extraoficial-cgu-cargo-tecnico-federal-de-financas-e-controle\/#breadcrumb","itemListElement":[{"@type":"ListItem","position":1,"name":"In\u00edcio","item":"https:\/\/www.estrategiaconcursos.com.br\/blog\/"},{"@type":"ListItem","position":2,"name":"Gabarito Extraoficial CGU: T\u00e9cnico Federal de Finan\u00e7as e Controle"}]},{"@type":"WebSite","@id":"https:\/\/www.estrategiaconcursos.com.br\/blog\/#website","url":"https:\/\/www.estrategiaconcursos.com.br\/blog\/","name":"Estrat\u00e9gia Concursos","description":"O blog da Estrat\u00e9gia Concursos traz not\u00edcias sobre concursos e artigos de professores oferecendo cursos para concursos (pdf + videaulas) no site.","publisher":{"@id":"https:\/\/www.estrategiaconcursos.com.br\/blog\/#organization"},"potentialAction":[{"@type":"SearchAction","target":{"@type":"EntryPoint","urlTemplate":"https:\/\/www.estrategiaconcursos.com.br\/blog\/?s={search_term_string}"},"query-input":{"@type":"PropertyValueSpecification","valueRequired":true,"valueName":"search_term_string"}}],"inLanguage":"pt-BR"},{"@type":"Organization","@id":"https:\/\/www.estrategiaconcursos.com.br\/blog\/#organization","name":"Estrat\u00e9gia Concursos","url":"https:\/\/www.estrategiaconcursos.com.br\/blog\/","logo":{"@type":"ImageObject","inLanguage":"pt-BR","@id":"https:\/\/www.estrategiaconcursos.com.br\/blog\/#\/schema\/logo\/image\/","url":"https:\/\/dhg1h5j42swfq.cloudfront.net\/2025\/06\/03203428\/logo_concursos-1.jpg","contentUrl":"https:\/\/dhg1h5j42swfq.cloudfront.net\/2025\/06\/03203428\/logo_concursos-1.jpg","width":230,"height":60,"caption":"Estrat\u00e9gia Concursos"},"image":{"@id":"https:\/\/www.estrategiaconcursos.com.br\/blog\/#\/schema\/logo\/image\/"},"sameAs":["https:\/\/x.com\/EstratConcursos"]},{"@type":"Person","@id":"https:\/\/www.estrategiaconcursos.com.br\/blog\/#\/schema\/person\/4970184533d0a3ffa5b0299ae0a2b21f","name":"Thiago Cavalcante Gomes","image":{"@type":"ImageObject","inLanguage":"pt-BR","@id":"https:\/\/secure.gravatar.com\/avatar\/?s=96&d=mm&r=g","url":"https:\/\/secure.gravatar.com\/avatar\/?s=96&d=mm&r=g","contentUrl":"https:\/\/secure.gravatar.com\/avatar\/?s=96&d=mm&r=g","caption":"Thiago Cavalcante Gomes"},"url":"https:\/\/www.estrategiaconcursos.com.br\/blog\/author\/thiago-gomes\/"}]}},"_links":{"self":[{"href":"https:\/\/www.estrategiaconcursos.com.br\/blog\/wp-json\/wp\/v2\/posts\/988230","targetHints":{"allow":["GET"]}}],"collection":[{"href":"https:\/\/www.estrategiaconcursos.com.br\/blog\/wp-json\/wp\/v2\/posts"}],"about":[{"href":"https:\/\/www.estrategiaconcursos.com.br\/blog\/wp-json\/wp\/v2\/types\/post"}],"author":[{"embeddable":true,"href":"https:\/\/www.estrategiaconcursos.com.br\/blog\/wp-json\/wp\/v2\/users\/2041"}],"replies":[{"embeddable":true,"href":"https:\/\/www.estrategiaconcursos.com.br\/blog\/wp-json\/wp\/v2\/comments?post=988230"}],"version-history":[{"count":19,"href":"https:\/\/www.estrategiaconcursos.com.br\/blog\/wp-json\/wp\/v2\/posts\/988230\/revisions"}],"predecessor-version":[{"id":1259449,"href":"https:\/\/www.estrategiaconcursos.com.br\/blog\/wp-json\/wp\/v2\/posts\/988230\/revisions\/1259449"}],"wp:featuredmedia":[{"embeddable":true,"href":"https:\/\/www.estrategiaconcursos.com.br\/blog\/wp-json\/wp\/v2\/media\/988258"}],"wp:attachment":[{"href":"https:\/\/www.estrategiaconcursos.com.br\/blog\/wp-json\/wp\/v2\/media?parent=988230"}],"wp:term":[{"taxonomy":"category","embeddable":true,"href":"https:\/\/www.estrategiaconcursos.com.br\/blog\/wp-json\/wp\/v2\/categories?post=988230"},{"taxonomy":"post_tag","embeddable":true,"href":"https:\/\/www.estrategiaconcursos.com.br\/blog\/wp-json\/wp\/v2\/tags?post=988230"},{"taxonomy":"tax_estado","embeddable":true,"href":"https:\/\/www.estrategiaconcursos.com.br\/blog\/wp-json\/wp\/v2\/tax_estado?post=988230"}],"curies":[{"name":"wp","href":"https:\/\/api.w.org\/{rel}","templated":true}]}}