{"id":987778,"date":"2022-03-15T10:55:00","date_gmt":"2022-03-15T13:55:00","guid":{"rendered":"https:\/\/www.estrategiaconcursos.com.br\/blog\/?p=987778"},"modified":"2022-03-15T11:43:29","modified_gmt":"2022-03-15T14:43:29","slug":"estrutura-regimental-inss","status":"publish","type":"post","link":"https:\/\/www.estrategiaconcursos.com.br\/blog\/estrutura-regimental-inss\/","title":{"rendered":"Aprovada Estrutura Regimental e quadro demonstrativo do INSS"},"content":{"rendered":"\n<p>Foi aprovada e publicada no Di\u00e1rio Oficial da Uni\u00e3o desta ter\u00e7a-feira, 15 de mar\u00e7o, a Estrutura Regimental e o quadro demonstrativo dos cargos em comiss\u00e3o e das fun\u00e7\u00f5es de confian\u00e7a do INSS.<\/p>\n\n\n\n<p>Al\u00e9m disso, o texto tamb\u00e9m remaneja e transforma cargos em comiss\u00e3o do Grupo Dire\u00e7\u00e3o e Assessoramento Superiores (DAS) por Fun\u00e7\u00e3o Comissionada do Poder Executivo (FCPE).<\/p>\n\n\n\n<p>Para conferir em detalhes as fun\u00e7\u00f5es remanejadas e transformadas, basta acessar o link abaixo:<\/p>\n\n\n\n<ul class=\"wp-block-list\"><li><strong><a href=\"https:\/\/www.in.gov.br\/en\/web\/dou\/-\/decreto-n-10.995-de-14-de-marco-de-2022-385794786#wrapper\" target=\"_blank\" rel=\"noreferrer noopener\">Decreto N\u00ba 10.995<\/a><\/strong><\/li><\/ul>\n\n\n\n<p>J\u00e1 em rela\u00e7\u00e3o a Estrutura Regimental do INSS, o Decreto disp\u00f5e acerca das compet\u00eancias de cada uma das unidades que a comp\u00f5em.<\/p>\n\n\n\n<p>Como \u00e9 o caso da Diretoria de Gest\u00e3o de Pessoas, que tem como objetivo: planejar, coordenar e monitorar a execu\u00e7\u00e3o das atividades do \u00f3rg\u00e3o, incluindo <strong>a realiza\u00e7\u00e3o de novos concursos p\u00fablicos.  <\/strong><\/p>\n\n\n\n<p>Portanto, espera-se que com estes novos tr\u00e2mites na estrutura do INSS, o novo concurso possa finalmente sair do papel, uma vez que o certame j\u00e1 \u00e9 previsto na Lei Or\u00e7ament\u00e1ria Anual&nbsp;(<strong>LOA<\/strong>) de 2022.&nbsp;<\/p>\n\n\n\n<div class=\"wp-block-image\"><figure class=\"aligncenter size-large\"><img loading=\"lazy\" decoding=\"async\" width=\"1024\" height=\"682\" src=\"https:\/\/dhg1h5j42swfq.cloudfront.net\/2022\/03\/15104442\/previdenciasocial-fachada-inss-05jan2022-3-scaled-1-1024x682.jpg\" alt=\"INSS Estrutura Regimental\" class=\"wp-image-987819\" srcset=\"https:\/\/dhg1h5j42swfq.cloudfront.net\/2022\/03\/15104442\/previdenciasocial-fachada-inss-05jan2022-3-scaled-1-1024x682.jpg 1024w, https:\/\/dhg1h5j42swfq.cloudfront.net\/2022\/03\/15104442\/previdenciasocial-fachada-inss-05jan2022-3-scaled-1-300x200.jpg 300w, https:\/\/dhg1h5j42swfq.cloudfront.net\/2022\/03\/15104442\/previdenciasocial-fachada-inss-05jan2022-3-scaled-1-768x512.jpg 768w, https:\/\/dhg1h5j42swfq.cloudfront.net\/2022\/03\/15104442\/previdenciasocial-fachada-inss-05jan2022-3-scaled-1-1536x1024.jpg 1536w, https:\/\/dhg1h5j42swfq.cloudfront.net\/2022\/03\/15104442\/previdenciasocial-fachada-inss-05jan2022-3-scaled-1-2048x1365.jpg 2048w, https:\/\/dhg1h5j42swfq.cloudfront.net\/2022\/03\/15104442\/previdenciasocial-fachada-inss-05jan2022-3-scaled-1-610x407.jpg 610w\" sizes=\"auto, (max-width: 1024px) 100vw, 1024px\" \/><\/figure><\/div>\n\n\n\n<p>Vale lembrar que o INSS segue aguardando o aval do Minist\u00e9rio da Economia para<strong>&nbsp;<a href=\"https:\/\/dhg1h5j42swfq.cloudfront.net\/2021\/06\/18101238\/sei_inss-3966222-nota-tecnica.pdf\" target=\"_blank\" rel=\"noreferrer noopener\">7.575 oportunidades<\/a><\/strong>. Deste total, 6.004 devem ser destinadas ao cargo de T\u00e9cnico e 1.571 vagas para Analista.<\/p>\n\n\n\n<p>Isso porque, atualmente, a autarquia registra um total de <strong>22.806 cargos vagos<\/strong>. A informa\u00e7\u00e3o consta no Portal Brasileiro de Dados Abertos. As vagas se distribuem da seguinte forma:<\/p>\n\n\n\n<figure class=\"wp-block-table is-style-stripes\"><table class=\"has-fixed-layout\"><tbody><tr><td class=\"has-text-align-center\" data-align=\"center\"><strong>ANALISTA DO SEGURO SOCIAL<\/strong><\/td><td class=\"has-text-align-center\" data-align=\"center\"><strong>T\u00c9CNICO DO SEGURO SOCIAL <\/strong><\/td><\/tr><tr><td class=\"has-text-align-center\" data-align=\"center\">OCUPADOS : 4.179<\/td><td class=\"has-text-align-center\" data-align=\"center\">OCUPADOS: 13.819<\/td><\/tr><tr><td class=\"has-text-align-center\" data-align=\"center\">VAGOS: 2.395<\/td><td class=\"has-text-align-center\" data-align=\"center\">VAGOS: 20.411<\/td><\/tr><\/tbody><\/table><\/figure>\n\n\n\n<p class=\"has-text-align-center\"><em>Ficou interessado nas informa\u00e7\u00f5es dispon\u00edveis at\u00e9 aqui? Quer ficar por dentro de TODOS os detalhes acerca do novo concurso INSS? \u00c9 f\u00e1cil, acesse agora mesmo o link abaixo:<\/em><\/p>\n\n\n\n<p class=\"has-text-align-center has-background\" style=\"background-color:#f2f2f2;font-size:clamp(14.642px, 0.915rem + ((1vw - 3.2px) * 0.721), 22px);\"><strong>Saiba mais: <a href=\"https:\/\/www.estrategiaconcursos.com.br\/blog\/concurso-inss\/\" target=\"_blank\" rel=\"noreferrer noopener\">Concurso INSS<\/a><\/strong><\/p>\n\n\n\n<h2 class=\"has-text-align-center wp-block-heading\" id=\"curso\">Assinaturas e cursos para o concurso INSS <\/h2>\n\n\n\n<div class=\"container\" id=\"boxes\">\n  <div class=\"row\">\n\n    <div class=\"col-sm\">\n      <div class=\"banner-adm\" id=\"box-assinatura\">\n        <h3 class=\"titulo-assinatura\">Concurso INSS<\/h3>\n        <p class=\"subtitulo-assinatura\">Conhe\u00e7a os cursos<\/p>\n        <div class=\"box-botao\">\n          <a class=\"btn-assinatura\" target=\"_blank\" href=\"https:\/\/www.estrategiaconcursos.com.br\/cursosPorConcurso\/inss-tecnico-do-seguro-social-101\/\" role=\"button\" rel=\"noopener noreferrer\">Conhe\u00e7a mais<\/a>\n        <\/div>\n      <\/div>\n     \n    <\/div>\n\n  <\/div>\n<\/div>\n\n\n\n<div class=\"container\" id=\"boxes\">\n  <div class=\"row\">\n\n    <div class=\"col-sm\">\n      <div class=\"estrategia\" id=\"box-assinatura\">\n        <h3 class=\"titulo-assinatura\">Assinatura Concursos<\/h3>\n        <p class=\"subtitulo-assinatura\">Assinatura de 1 ano ou 2 anos<\/p>\n        <div class=\"box-botao\">\n          <a class=\"btn-assinatura\" target=\"_blank\" href=\"https:\/\/www.estrategiaconcursos.com.br\/assinaturas\/\" role=\"button\" rel=\"noopener noreferrer\">ASSINE AGORA<\/a>\n        <\/div>\n      <\/div><\/div><\/div><\/div>\n\n\n\n<h2 class=\"has-text-align-center wp-block-heading\" id=\"h-quer-saber-tudo-sobre-concursos-previstos-confira-nossos-artigos\">Quer saber tudo sobre concursos previstos?<br \/>Confira nossos artigos!<\/h2>\n\n\n\n<ul class=\"wp-block-list\"><li><a href=\"https:\/\/www.estrategiaconcursos.com.br\/blog\/concursos-abertos\/\" target=\"_blank\" rel=\"noreferrer noopener\">Concursos abertos<\/a><\/li><li><a href=\"https:\/\/www.estrategiaconcursos.com.br\/blog\/concursos-2022\/\" target=\"_blank\" rel=\"noreferrer noopener\">Concursos 2022<\/a><\/li><\/ul>\n","protected":false},"excerpt":{"rendered":"<p>Foi aprovada e publicada no Di\u00e1rio Oficial da Uni\u00e3o desta ter\u00e7a-feira, 15 de mar\u00e7o, a Estrutura Regimental e o quadro demonstrativo dos cargos em comiss\u00e3o e das fun\u00e7\u00f5es de confian\u00e7a do INSS. Al\u00e9m disso, o texto tamb\u00e9m remaneja e transforma cargos em comiss\u00e3o do Grupo Dire\u00e7\u00e3o e Assessoramento Superiores (DAS) por Fun\u00e7\u00e3o Comissionada do Poder [&hellip;]<\/p>\n","protected":false},"author":656,"featured_media":698508,"comment_status":"open","ping_status":"closed","sticky":false,"template":"","format":"standard","meta":{"post_tipo":"news","footnotes":""},"categories":[214992,220219],"tags":[],"tax_estado":[219963],"class_list":["post-987778","post","type-post","status-publish","format-standard","has-post-thumbnail","hentry","category-concursos-administrativos","category-noticias","tax_estado-concursos-federais"],"acf":[],"yoast_head":"<!-- This site is optimized with the Yoast SEO Premium plugin v27.2 (Yoast SEO v27.2) - https:\/\/yoast.com\/product\/yoast-seo-premium-wordpress\/ -->\n<title>Aprovada Estrutura Regimental e quadro demonstrativo do INSS<\/title>\n<meta name=\"description\" content=\"INSS: aprovada Estrutura Regimental e o quadro demonstrativo dos cargos em comiss\u00e3o e das fun\u00e7\u00f5es de confian\u00e7a do INSS. Saiba mais!\" \/>\n<meta name=\"robots\" content=\"index, follow, max-snippet:-1, max-image-preview:large, max-video-preview:-1\" \/>\n<link rel=\"canonical\" href=\"https:\/\/www.estrategiaconcursos.com.br\/blog\/estrutura-regimental-inss\/\" \/>\n<meta property=\"og:locale\" content=\"pt_BR\" \/>\n<meta property=\"og:type\" content=\"article\" \/>\n<meta property=\"og:title\" content=\"Aprovada Estrutura Regimental e quadro demonstrativo do INSS\" \/>\n<meta property=\"og:description\" content=\"INSS: aprovada Estrutura Regimental e o quadro demonstrativo dos cargos em comiss\u00e3o e das fun\u00e7\u00f5es de confian\u00e7a do INSS. Saiba mais!\" \/>\n<meta property=\"og:url\" content=\"https:\/\/www.estrategiaconcursos.com.br\/blog\/estrutura-regimental-inss\/\" \/>\n<meta property=\"og:site_name\" content=\"Estrat\u00e9gia Concursos\" \/>\n<meta property=\"article:published_time\" content=\"2022-03-15T13:55:00+00:00\" \/>\n<meta property=\"article:modified_time\" content=\"2022-03-15T14:43:29+00:00\" \/>\n<meta property=\"og:image\" content=\"https:\/\/dhg1h5j42swfq.cloudfront.net\/2021\/02\/22154356\/inss.jpg\" \/>\n\t<meta property=\"og:image:width\" content=\"1200\" \/>\n\t<meta property=\"og:image:height\" content=\"628\" \/>\n\t<meta property=\"og:image:type\" content=\"image\/jpeg\" \/>\n<meta name=\"author\" content=\"F\u00e1bio Scaldelai\" \/>\n<meta name=\"twitter:card\" content=\"summary_large_image\" \/>\n<meta name=\"twitter:creator\" content=\"@EstratConcursos\" \/>\n<meta name=\"twitter:site\" content=\"@EstratConcursos\" \/>\n<meta name=\"twitter:label1\" content=\"Escrito por\" \/>\n\t<meta name=\"twitter:data1\" content=\"F\u00e1bio Scaldelai\" \/>\n\t<meta name=\"twitter:label2\" content=\"Est. tempo de leitura\" \/>\n\t<meta name=\"twitter:data2\" content=\"2 minutos\" \/>\n<script type=\"application\/ld+json\" class=\"yoast-schema-graph\">{\"@context\":\"https:\/\/schema.org\",\"@graph\":[{\"@type\":\"NewsArticle\",\"@id\":\"https:\/\/www.estrategiaconcursos.com.br\/blog\/estrutura-regimental-inss\/#article\",\"isPartOf\":{\"@id\":\"https:\/\/www.estrategiaconcursos.com.br\/blog\/estrutura-regimental-inss\/\"},\"author\":{\"name\":\"F\u00e1bio Scaldelai\",\"@id\":\"https:\/\/www.estrategiaconcursos.com.br\/blog\/#\/schema\/person\/e3b6b7ce0192dd4ad270655969d61750\"},\"headline\":\"Aprovada Estrutura Regimental e quadro demonstrativo do INSS\",\"datePublished\":\"2022-03-15T13:55:00+00:00\",\"dateModified\":\"2022-03-15T14:43:29+00:00\",\"mainEntityOfPage\":{\"@id\":\"https:\/\/www.estrategiaconcursos.com.br\/blog\/estrutura-regimental-inss\/\"},\"wordCount\":334,\"commentCount\":0,\"publisher\":{\"@id\":\"https:\/\/www.estrategiaconcursos.com.br\/blog\/#organization\"},\"image\":{\"@id\":\"https:\/\/www.estrategiaconcursos.com.br\/blog\/estrutura-regimental-inss\/#primaryimage\"},\"thumbnailUrl\":\"https:\/\/dhg1h5j42swfq.cloudfront.net\/2021\/02\/22154356\/inss.jpg\",\"articleSection\":[\"Executivo (Administrativa)\",\"\u00daltimas not\u00edcias\"],\"inLanguage\":\"pt-BR\",\"potentialAction\":[{\"@type\":\"CommentAction\",\"name\":\"Comment\",\"target\":[\"https:\/\/www.estrategiaconcursos.com.br\/blog\/estrutura-regimental-inss\/#respond\"]}],\"copyrightYear\":\"2022\",\"copyrightHolder\":{\"@id\":\"https:\/\/www.estrategiaconcursos.com.br\/blog\/#organization\"}},{\"@type\":\"WebPage\",\"@id\":\"https:\/\/www.estrategiaconcursos.com.br\/blog\/estrutura-regimental-inss\/\",\"url\":\"https:\/\/www.estrategiaconcursos.com.br\/blog\/estrutura-regimental-inss\/\",\"name\":\"Aprovada Estrutura Regimental e quadro demonstrativo do INSS\",\"isPartOf\":{\"@id\":\"https:\/\/www.estrategiaconcursos.com.br\/blog\/#website\"},\"primaryImageOfPage\":{\"@id\":\"https:\/\/www.estrategiaconcursos.com.br\/blog\/estrutura-regimental-inss\/#primaryimage\"},\"image\":{\"@id\":\"https:\/\/www.estrategiaconcursos.com.br\/blog\/estrutura-regimental-inss\/#primaryimage\"},\"thumbnailUrl\":\"https:\/\/dhg1h5j42swfq.cloudfront.net\/2021\/02\/22154356\/inss.jpg\",\"datePublished\":\"2022-03-15T13:55:00+00:00\",\"dateModified\":\"2022-03-15T14:43:29+00:00\",\"description\":\"INSS: aprovada Estrutura Regimental e o quadro demonstrativo dos cargos em comiss\u00e3o e das fun\u00e7\u00f5es de confian\u00e7a do INSS. Saiba mais!\",\"breadcrumb\":{\"@id\":\"https:\/\/www.estrategiaconcursos.com.br\/blog\/estrutura-regimental-inss\/#breadcrumb\"},\"inLanguage\":\"pt-BR\",\"potentialAction\":[{\"@type\":\"ReadAction\",\"target\":[\"https:\/\/www.estrategiaconcursos.com.br\/blog\/estrutura-regimental-inss\/\"]}]},{\"@type\":\"ImageObject\",\"inLanguage\":\"pt-BR\",\"@id\":\"https:\/\/www.estrategiaconcursos.com.br\/blog\/estrutura-regimental-inss\/#primaryimage\",\"url\":\"https:\/\/dhg1h5j42swfq.cloudfront.net\/2021\/02\/22154356\/inss.jpg\",\"contentUrl\":\"https:\/\/dhg1h5j42swfq.cloudfront.net\/2021\/02\/22154356\/inss.jpg\",\"width\":1200,\"height\":628,\"caption\":\"Concurso INSS retifica\u00e7\u00f5es\"},{\"@type\":\"BreadcrumbList\",\"@id\":\"https:\/\/www.estrategiaconcursos.com.br\/blog\/estrutura-regimental-inss\/#breadcrumb\",\"itemListElement\":[{\"@type\":\"ListItem\",\"position\":1,\"name\":\"In\u00edcio\",\"item\":\"https:\/\/www.estrategiaconcursos.com.br\/blog\/\"},{\"@type\":\"ListItem\",\"position\":2,\"name\":\"Aprovada Estrutura Regimental e quadro demonstrativo do INSS\"}]},{\"@type\":\"WebSite\",\"@id\":\"https:\/\/www.estrategiaconcursos.com.br\/blog\/#website\",\"url\":\"https:\/\/www.estrategiaconcursos.com.br\/blog\/\",\"name\":\"Estrat\u00e9gia Concursos\",\"description\":\"O blog da Estrat\u00e9gia Concursos traz not\u00edcias sobre concursos e artigos de professores oferecendo cursos para concursos (pdf + videaulas) no site.\",\"publisher\":{\"@id\":\"https:\/\/www.estrategiaconcursos.com.br\/blog\/#organization\"},\"potentialAction\":[{\"@type\":\"SearchAction\",\"target\":{\"@type\":\"EntryPoint\",\"urlTemplate\":\"https:\/\/www.estrategiaconcursos.com.br\/blog\/?s={search_term_string}\"},\"query-input\":{\"@type\":\"PropertyValueSpecification\",\"valueRequired\":true,\"valueName\":\"search_term_string\"}}],\"inLanguage\":\"pt-BR\"},{\"@type\":\"Organization\",\"@id\":\"https:\/\/www.estrategiaconcursos.com.br\/blog\/#organization\",\"name\":\"Estrat\u00e9gia Concursos\",\"url\":\"https:\/\/www.estrategiaconcursos.com.br\/blog\/\",\"logo\":{\"@type\":\"ImageObject\",\"inLanguage\":\"pt-BR\",\"@id\":\"https:\/\/www.estrategiaconcursos.com.br\/blog\/#\/schema\/logo\/image\/\",\"url\":\"https:\/\/dhg1h5j42swfq.cloudfront.net\/2025\/06\/03203428\/logo_concursos-1.jpg\",\"contentUrl\":\"https:\/\/dhg1h5j42swfq.cloudfront.net\/2025\/06\/03203428\/logo_concursos-1.jpg\",\"width\":230,\"height\":60,\"caption\":\"Estrat\u00e9gia Concursos\"},\"image\":{\"@id\":\"https:\/\/www.estrategiaconcursos.com.br\/blog\/#\/schema\/logo\/image\/\"},\"sameAs\":[\"https:\/\/x.com\/EstratConcursos\"]},{\"@type\":\"Person\",\"@id\":\"https:\/\/www.estrategiaconcursos.com.br\/blog\/#\/schema\/person\/e3b6b7ce0192dd4ad270655969d61750\",\"name\":\"F\u00e1bio Scaldelai\",\"image\":{\"@type\":\"ImageObject\",\"inLanguage\":\"pt-BR\",\"@id\":\"https:\/\/secure.gravatar.com\/avatar\/8ed7492c4d88d8495bc0cb24cda6847b8ae23eec459a919e08e77d0ca0fd79ec?s=96&d=mm&r=g\",\"url\":\"https:\/\/secure.gravatar.com\/avatar\/8ed7492c4d88d8495bc0cb24cda6847b8ae23eec459a919e08e77d0ca0fd79ec?s=96&d=mm&r=g\",\"contentUrl\":\"https:\/\/secure.gravatar.com\/avatar\/8ed7492c4d88d8495bc0cb24cda6847b8ae23eec459a919e08e77d0ca0fd79ec?s=96&d=mm&r=g\",\"caption\":\"F\u00e1bio Scaldelai\"},\"description\":\"Jornalista no Estrat\u00e9gia Concursos e Produtor de Televis\u00e3o, formado em Jornalismo, R\u00e1dio e TV pela Faculdade Integrada Rio Branco, com especializa\u00e7\u00f5es em Gest\u00e3o Empresarial e Marketing pelo M\u00f3dulo. Atuou como produtor no SBT, TV Bandeirantes e R\u00e1dio Band FM, al\u00e9m de acumular tr\u00eas anos de experi\u00eancia no setor de concursos p\u00fablicos pela LFG (Luiz Fl\u00e1vio Gomes). No Estrat\u00e9gia Concursos, atua na apura\u00e7\u00e3o de not\u00edcias da \u00e1rea fiscal, al\u00e9m de coberturas sobre concursos das \u00e1reas de controle (TCU, TCE, etc), concurso AFT, \u00e1rea de gest\u00e3o e administrativa, bem como dos \u00f3rg\u00e3os participantes do CNU. Tamb\u00e9m possui experi\u00eancia em link building e an\u00e1lise de m\u00eddia, adquirida durante sua atua\u00e7\u00e3o na ag\u00eancia SEO Marketing.\",\"url\":\"https:\/\/www.estrategiaconcursos.com.br\/blog\/author\/fabio-scaldelaiestrategiaconcursos-com-br\/\"}]}<\/script>\n<!-- \/ Yoast SEO Premium plugin. -->","yoast_head_json":{"title":"Aprovada Estrutura Regimental e quadro demonstrativo do INSS","description":"INSS: aprovada Estrutura Regimental e o quadro demonstrativo dos cargos em comiss\u00e3o e das fun\u00e7\u00f5es de confian\u00e7a do INSS. Saiba mais!","robots":{"index":"index","follow":"follow","max-snippet":"max-snippet:-1","max-image-preview":"max-image-preview:large","max-video-preview":"max-video-preview:-1"},"canonical":"https:\/\/www.estrategiaconcursos.com.br\/blog\/estrutura-regimental-inss\/","og_locale":"pt_BR","og_type":"article","og_title":"Aprovada Estrutura Regimental e quadro demonstrativo do INSS","og_description":"INSS: aprovada Estrutura Regimental e o quadro demonstrativo dos cargos em comiss\u00e3o e das fun\u00e7\u00f5es de confian\u00e7a do INSS. Saiba mais!","og_url":"https:\/\/www.estrategiaconcursos.com.br\/blog\/estrutura-regimental-inss\/","og_site_name":"Estrat\u00e9gia Concursos","article_published_time":"2022-03-15T13:55:00+00:00","article_modified_time":"2022-03-15T14:43:29+00:00","og_image":[{"width":1200,"height":628,"url":"https:\/\/dhg1h5j42swfq.cloudfront.net\/2021\/02\/22154356\/inss.jpg","type":"image\/jpeg"}],"author":"F\u00e1bio Scaldelai","twitter_card":"summary_large_image","twitter_creator":"@EstratConcursos","twitter_site":"@EstratConcursos","twitter_misc":{"Escrito por":"F\u00e1bio Scaldelai","Est. tempo de leitura":"2 minutos"},"schema":{"@context":"https:\/\/schema.org","@graph":[{"@type":"NewsArticle","@id":"https:\/\/www.estrategiaconcursos.com.br\/blog\/estrutura-regimental-inss\/#article","isPartOf":{"@id":"https:\/\/www.estrategiaconcursos.com.br\/blog\/estrutura-regimental-inss\/"},"author":{"name":"F\u00e1bio Scaldelai","@id":"https:\/\/www.estrategiaconcursos.com.br\/blog\/#\/schema\/person\/e3b6b7ce0192dd4ad270655969d61750"},"headline":"Aprovada Estrutura Regimental e quadro demonstrativo do INSS","datePublished":"2022-03-15T13:55:00+00:00","dateModified":"2022-03-15T14:43:29+00:00","mainEntityOfPage":{"@id":"https:\/\/www.estrategiaconcursos.com.br\/blog\/estrutura-regimental-inss\/"},"wordCount":334,"commentCount":0,"publisher":{"@id":"https:\/\/www.estrategiaconcursos.com.br\/blog\/#organization"},"image":{"@id":"https:\/\/www.estrategiaconcursos.com.br\/blog\/estrutura-regimental-inss\/#primaryimage"},"thumbnailUrl":"https:\/\/dhg1h5j42swfq.cloudfront.net\/2021\/02\/22154356\/inss.jpg","articleSection":["Executivo (Administrativa)","\u00daltimas not\u00edcias"],"inLanguage":"pt-BR","potentialAction":[{"@type":"CommentAction","name":"Comment","target":["https:\/\/www.estrategiaconcursos.com.br\/blog\/estrutura-regimental-inss\/#respond"]}],"copyrightYear":"2022","copyrightHolder":{"@id":"https:\/\/www.estrategiaconcursos.com.br\/blog\/#organization"}},{"@type":"WebPage","@id":"https:\/\/www.estrategiaconcursos.com.br\/blog\/estrutura-regimental-inss\/","url":"https:\/\/www.estrategiaconcursos.com.br\/blog\/estrutura-regimental-inss\/","name":"Aprovada Estrutura Regimental e quadro demonstrativo do INSS","isPartOf":{"@id":"https:\/\/www.estrategiaconcursos.com.br\/blog\/#website"},"primaryImageOfPage":{"@id":"https:\/\/www.estrategiaconcursos.com.br\/blog\/estrutura-regimental-inss\/#primaryimage"},"image":{"@id":"https:\/\/www.estrategiaconcursos.com.br\/blog\/estrutura-regimental-inss\/#primaryimage"},"thumbnailUrl":"https:\/\/dhg1h5j42swfq.cloudfront.net\/2021\/02\/22154356\/inss.jpg","datePublished":"2022-03-15T13:55:00+00:00","dateModified":"2022-03-15T14:43:29+00:00","description":"INSS: aprovada Estrutura Regimental e o quadro demonstrativo dos cargos em comiss\u00e3o e das fun\u00e7\u00f5es de confian\u00e7a do INSS. Saiba mais!","breadcrumb":{"@id":"https:\/\/www.estrategiaconcursos.com.br\/blog\/estrutura-regimental-inss\/#breadcrumb"},"inLanguage":"pt-BR","potentialAction":[{"@type":"ReadAction","target":["https:\/\/www.estrategiaconcursos.com.br\/blog\/estrutura-regimental-inss\/"]}]},{"@type":"ImageObject","inLanguage":"pt-BR","@id":"https:\/\/www.estrategiaconcursos.com.br\/blog\/estrutura-regimental-inss\/#primaryimage","url":"https:\/\/dhg1h5j42swfq.cloudfront.net\/2021\/02\/22154356\/inss.jpg","contentUrl":"https:\/\/dhg1h5j42swfq.cloudfront.net\/2021\/02\/22154356\/inss.jpg","width":1200,"height":628,"caption":"Concurso INSS retifica\u00e7\u00f5es"},{"@type":"BreadcrumbList","@id":"https:\/\/www.estrategiaconcursos.com.br\/blog\/estrutura-regimental-inss\/#breadcrumb","itemListElement":[{"@type":"ListItem","position":1,"name":"In\u00edcio","item":"https:\/\/www.estrategiaconcursos.com.br\/blog\/"},{"@type":"ListItem","position":2,"name":"Aprovada Estrutura Regimental e quadro demonstrativo do INSS"}]},{"@type":"WebSite","@id":"https:\/\/www.estrategiaconcursos.com.br\/blog\/#website","url":"https:\/\/www.estrategiaconcursos.com.br\/blog\/","name":"Estrat\u00e9gia Concursos","description":"O blog da Estrat\u00e9gia Concursos traz not\u00edcias sobre concursos e artigos de professores oferecendo cursos para concursos (pdf + videaulas) no site.","publisher":{"@id":"https:\/\/www.estrategiaconcursos.com.br\/blog\/#organization"},"potentialAction":[{"@type":"SearchAction","target":{"@type":"EntryPoint","urlTemplate":"https:\/\/www.estrategiaconcursos.com.br\/blog\/?s={search_term_string}"},"query-input":{"@type":"PropertyValueSpecification","valueRequired":true,"valueName":"search_term_string"}}],"inLanguage":"pt-BR"},{"@type":"Organization","@id":"https:\/\/www.estrategiaconcursos.com.br\/blog\/#organization","name":"Estrat\u00e9gia Concursos","url":"https:\/\/www.estrategiaconcursos.com.br\/blog\/","logo":{"@type":"ImageObject","inLanguage":"pt-BR","@id":"https:\/\/www.estrategiaconcursos.com.br\/blog\/#\/schema\/logo\/image\/","url":"https:\/\/dhg1h5j42swfq.cloudfront.net\/2025\/06\/03203428\/logo_concursos-1.jpg","contentUrl":"https:\/\/dhg1h5j42swfq.cloudfront.net\/2025\/06\/03203428\/logo_concursos-1.jpg","width":230,"height":60,"caption":"Estrat\u00e9gia Concursos"},"image":{"@id":"https:\/\/www.estrategiaconcursos.com.br\/blog\/#\/schema\/logo\/image\/"},"sameAs":["https:\/\/x.com\/EstratConcursos"]},{"@type":"Person","@id":"https:\/\/www.estrategiaconcursos.com.br\/blog\/#\/schema\/person\/e3b6b7ce0192dd4ad270655969d61750","name":"F\u00e1bio Scaldelai","image":{"@type":"ImageObject","inLanguage":"pt-BR","@id":"https:\/\/secure.gravatar.com\/avatar\/8ed7492c4d88d8495bc0cb24cda6847b8ae23eec459a919e08e77d0ca0fd79ec?s=96&d=mm&r=g","url":"https:\/\/secure.gravatar.com\/avatar\/8ed7492c4d88d8495bc0cb24cda6847b8ae23eec459a919e08e77d0ca0fd79ec?s=96&d=mm&r=g","contentUrl":"https:\/\/secure.gravatar.com\/avatar\/8ed7492c4d88d8495bc0cb24cda6847b8ae23eec459a919e08e77d0ca0fd79ec?s=96&d=mm&r=g","caption":"F\u00e1bio Scaldelai"},"description":"Jornalista no Estrat\u00e9gia Concursos e Produtor de Televis\u00e3o, formado em Jornalismo, R\u00e1dio e TV pela Faculdade Integrada Rio Branco, com especializa\u00e7\u00f5es em Gest\u00e3o Empresarial e Marketing pelo M\u00f3dulo. Atuou como produtor no SBT, TV Bandeirantes e R\u00e1dio Band FM, al\u00e9m de acumular tr\u00eas anos de experi\u00eancia no setor de concursos p\u00fablicos pela LFG (Luiz Fl\u00e1vio Gomes). No Estrat\u00e9gia Concursos, atua na apura\u00e7\u00e3o de not\u00edcias da \u00e1rea fiscal, al\u00e9m de coberturas sobre concursos das \u00e1reas de controle (TCU, TCE, etc), concurso AFT, \u00e1rea de gest\u00e3o e administrativa, bem como dos \u00f3rg\u00e3os participantes do CNU. Tamb\u00e9m possui experi\u00eancia em link building e an\u00e1lise de m\u00eddia, adquirida durante sua atua\u00e7\u00e3o na ag\u00eancia SEO Marketing.","url":"https:\/\/www.estrategiaconcursos.com.br\/blog\/author\/fabio-scaldelaiestrategiaconcursos-com-br\/"}]}},"_links":{"self":[{"href":"https:\/\/www.estrategiaconcursos.com.br\/blog\/wp-json\/wp\/v2\/posts\/987778","targetHints":{"allow":["GET"]}}],"collection":[{"href":"https:\/\/www.estrategiaconcursos.com.br\/blog\/wp-json\/wp\/v2\/posts"}],"about":[{"href":"https:\/\/www.estrategiaconcursos.com.br\/blog\/wp-json\/wp\/v2\/types\/post"}],"author":[{"embeddable":true,"href":"https:\/\/www.estrategiaconcursos.com.br\/blog\/wp-json\/wp\/v2\/users\/656"}],"replies":[{"embeddable":true,"href":"https:\/\/www.estrategiaconcursos.com.br\/blog\/wp-json\/wp\/v2\/comments?post=987778"}],"version-history":[{"count":12,"href":"https:\/\/www.estrategiaconcursos.com.br\/blog\/wp-json\/wp\/v2\/posts\/987778\/revisions"}],"predecessor-version":[{"id":987911,"href":"https:\/\/www.estrategiaconcursos.com.br\/blog\/wp-json\/wp\/v2\/posts\/987778\/revisions\/987911"}],"wp:featuredmedia":[{"embeddable":true,"href":"https:\/\/www.estrategiaconcursos.com.br\/blog\/wp-json\/wp\/v2\/media\/698508"}],"wp:attachment":[{"href":"https:\/\/www.estrategiaconcursos.com.br\/blog\/wp-json\/wp\/v2\/media?parent=987778"}],"wp:term":[{"taxonomy":"category","embeddable":true,"href":"https:\/\/www.estrategiaconcursos.com.br\/blog\/wp-json\/wp\/v2\/categories?post=987778"},{"taxonomy":"post_tag","embeddable":true,"href":"https:\/\/www.estrategiaconcursos.com.br\/blog\/wp-json\/wp\/v2\/tags?post=987778"},{"taxonomy":"tax_estado","embeddable":true,"href":"https:\/\/www.estrategiaconcursos.com.br\/blog\/wp-json\/wp\/v2\/tax_estado?post=987778"}],"curies":[{"name":"wp","href":"https:\/\/api.w.org\/{rel}","templated":true}]}}