{"id":987471,"date":"2022-03-28T08:04:00","date_gmt":"2022-03-28T11:04:00","guid":{"rendered":"https:\/\/www.estrategiaconcursos.com.br\/blog\/?p=987471"},"modified":"2022-03-15T16:35:17","modified_gmt":"2022-03-15T19:35:17","slug":"taxas-sefaz-am","status":"publish","type":"post","link":"https:\/\/www.estrategiaconcursos.com.br\/blog\/taxas-sefaz-am\/","title":{"rendered":"An\u00e1lise das taxas estaduais para a SEFAZ-AM"},"content":{"rendered":"\n<p>Confira neste artigo uma an\u00e1lise sobre as <strong>taxas estaduais<\/strong>, presentes na Lei Complementar Estadual 19\/97, tamb\u00e9m conhecida como C\u00f3digo Tribut\u00e1rio do Estado do Amazonas (CTE), para o concurso da&nbsp;<strong><a href=\"https:\/\/www.estrategiaconcursos.com.br\/cursosPorConcurso\/sefaz-am-247\/\" target=\"_blank\" rel=\"noreferrer noopener\">SEFAZ-AM<\/a><\/strong>.<\/p>\n\n\n\n<div class=\"wp-block-image\"><figure class=\"aligncenter size-full is-resized\"><img loading=\"lazy\" decoding=\"async\" src=\"https:\/\/dhg1h5j42swfq.cloudfront.net\/2021\/04\/03153919\/sefaz-am.jpg\" alt=\"An\u00e1lise das taxas estaduais para a SEFAZ-AM\" class=\"wp-image-729964\" width=\"603\" height=\"339\" srcset=\"https:\/\/dhg1h5j42swfq.cloudfront.net\/2021\/04\/03153919\/sefaz-am.jpg 768w, https:\/\/dhg1h5j42swfq.cloudfront.net\/2021\/04\/03153919\/sefaz-am-300x169.jpg 300w, https:\/\/dhg1h5j42swfq.cloudfront.net\/2021\/04\/03153919\/sefaz-am-610x343.jpg 610w\" sizes=\"auto, (max-width: 603px) 100vw, 603px\" \/><figcaption>An\u00e1lise das taxas estaduais para a SEFAZ-AM<\/figcaption><\/figure><\/div>\n\n\n\n<p>Ol\u00e1, pessoal! Como voc\u00eas est\u00e3o?<\/p>\n\n\n\n<p>O concurso da&nbsp;<strong><a href=\"https:\/\/www.estrategiaconcursos.com.br\/blog\/concurso-sefaz-am\/\" target=\"_blank\" rel=\"noreferrer noopener\">SEFAZ-AM<\/a><\/strong>&nbsp;(Secretaria da Fazenda do Estado do Amazonas) est\u00e1 com o seu edital publicado. Como est\u00e1 a sua prepara\u00e7\u00e3o?<\/p>\n\n\n\n<p>H\u00e1 vagas para diversos cargos, inclusive para o de&nbsp;<strong>Auditor Fiscal de Tributos Estaduais<\/strong>, com uma impressionante remunera\u00e7\u00e3o inicial de&nbsp;<strong>R$ 23.548,96<\/strong>. Nada mal, n\u00e3o \u00e9 mesmo?<\/p>\n\n\n\n<p>De modo a auxili\u00e1-lo na sua prepara\u00e7\u00e3o, estamos realizando diversos resumos sobre a <strong><mark style=\"background-color:rgba(0, 0, 0, 0)\" class=\"has-inline-color has-vivid-cyan-blue-color\">Legisla\u00e7\u00e3o Tribut\u00e1ria Espec\u00edfica <\/mark><\/strong>do Estado do Amazonas, sendo que o nosso artigo de hoje \u00e9 sobre as <strong><mark style=\"background-color:rgba(0, 0, 0, 0)\" class=\"has-inline-color has-vivid-cyan-blue-color\">taxas estaduais<\/mark><\/strong>, presentes no C\u00f3digo Tribut\u00e1rio do Amazonas,&nbsp;para o concurso da SEFAZ-AM.<\/p>\n\n\n\n<p>Vamos l\u00e1?<\/p>\n\n\n\n<div class=\"container\" id=\"boxes\">\n  <div class=\"row\">\n\n    <div class=\"col-sm\">\n      <div class=\"banner-fiscal-01\" id=\"box-assinatura\">\n        <h3 class=\"titulo-assinatura\">Concurso Sefaz AM<\/h3>\n        <p class=\"subtitulo-assinatura\">Cursos para todos os cargos<\/p>\n        <div class=\"box-botao\">\n          <a class=\"btn-assinatura\" target=\"_blank\" href=\"https:\/\/www.estrategiaconcursos.com.br\/cursosPorConcurso\/sefaz-am-247\/\" role=\"button\" rel=\"noopener noreferrer\">Conhe\u00e7a mais<\/a>\n        <\/div>\n      <\/div>\n    \n    <\/div>\n\n  <\/div>\n<\/div>\n\n\n\n<h2 class=\"wp-block-heading\" id=\"h-taxas-para-a-sefaz-am\"><mark style=\"background-color:rgba(0, 0, 0, 0)\" class=\"has-inline-color has-vivid-cyan-blue-color\">Taxas para a SEFAZ-AM<\/mark><\/h2>\n\n\n\n<p>De acordo com o C\u00f3digo Tribut\u00e1rio do Estado do Amazonas (CTE), os <strong>tributos <\/strong>de <strong>compet\u00eancia do estado<\/strong> do Amazonas s\u00e3o os <strong><mark style=\"background-color:rgba(0, 0, 0, 0)\" class=\"has-inline-color has-vivid-cyan-blue-color\">impostos<\/mark><\/strong>, as <strong><mark style=\"background-color:rgba(0, 0, 0, 0)\" class=\"has-inline-color has-vivid-cyan-blue-color\">taxas <\/mark><\/strong>e a <strong><mark style=\"background-color:rgba(0, 0, 0, 0)\" class=\"has-inline-color has-vivid-cyan-blue-color\">contribui\u00e7\u00e3o de melhoria<\/mark><\/strong>.<\/p>\n\n\n\n<p>As taxas previstas no CTE possuem dois <strong>fatos geradores<\/strong> poss\u00edveis:<\/p>\n\n\n\n<ul class=\"wp-block-list\"><li>o exerc\u00edcio regular do <strong>poder de pol\u00edcia<\/strong>, ou<\/li><li>a utiliza\u00e7\u00e3o, efetiva ou potencial, de <strong>servi\u00e7o p\u00fablico<\/strong> espec\u00edfico e divis\u00edvel prestado ao contribuinte ou posto \u00e0 sua disposi\u00e7\u00e3o.<\/li><\/ul>\n\n\n\n<p>A essa altura dos seus estudos, voc\u00ea j\u00e1 deve ter conhecimento sobre a defini\u00e7\u00e3o do poder de pol\u00edcia. Mas, para fins de revis\u00e3o, iremos dispor sobre o seu conceito.<\/p>\n\n\n\n<p>O <strong>poder de pol\u00edcia<\/strong> \u00e9:<\/p>\n\n\n\n<ul class=\"wp-block-list\"><li>a <strong>atividade <\/strong>da administra\u00e7\u00e3o<\/li><li>que, <strong>limitando <\/strong>ou <strong>disciplinando <\/strong>direito, interesse ou liberdade,<\/li><li>regula a pr\u00e1tica de <strong>ato <\/strong>ou a <strong>absten\u00e7\u00e3o <\/strong>de fato,<\/li><li>em raz\u00e3o de <strong>interesse p\u00fablico<\/strong> concernente \u00e0 seguran\u00e7a, \u00e0 higiene, \u00e0 ordem, aos costumes, \u00e0 disciplina da produ\u00e7\u00e3o e do mercado, ao exerc\u00edcio de atividades econ\u00f4micas dependentes de concess\u00e3o ou autoriza\u00e7\u00e3o do Poder P\u00fablico, \u00e0 tranquilidade p\u00fablica ou ao respeito \u00e0 propriedade, aos direitos individuais ou coletivos.<\/li><\/ul>\n\n\n\n<p>No estado do Amazonas, foram institu\u00eddas cinco diferentes taxas, sendo elas:<\/p>\n\n\n\n<p><strong>I<\/strong> &#8211; Taxa de <strong><mark style=\"background-color:rgba(0, 0, 0, 0)\" class=\"has-inline-color has-vivid-cyan-blue-color\">Expediente<\/mark><\/strong>;<\/p>\n\n\n\n<p><strong>II<\/strong> &#8211; Taxa <strong><mark style=\"background-color:rgba(0, 0, 0, 0)\" class=\"has-inline-color has-vivid-cyan-blue-color\">Judici\u00e1ria<\/mark><\/strong>;<\/p>\n\n\n\n<p><strong>III <\/strong>&#8211; Taxa de <strong><mark style=\"background-color:rgba(0, 0, 0, 0)\" class=\"has-inline-color has-vivid-cyan-blue-color\">Seguran\u00e7a P\u00fablica<\/mark><\/strong>;<\/p>\n\n\n\n<p><strong>IV <\/strong>-Taxa de<strong><mark style=\"background-color:rgba(0, 0, 0, 0)\" class=\"has-inline-color has-vivid-cyan-blue-color\"> Sa\u00fade P\u00fablica<\/mark><\/strong>;<\/p>\n\n\n\n<p><strong>V <\/strong>&#8211; Taxa de <strong><mark style=\"background-color:rgba(0, 0, 0, 0)\" class=\"has-inline-color has-vivid-cyan-blue-color\">Emolumentos<\/mark><\/strong>.<\/p>\n\n\n\n<p>Vamos analisar agora cada uma das taxas presentes no C\u00f3digo Tribut\u00e1rio do Estado do Amazonas, como os seus fatos geradores, contribuintes, situa\u00e7\u00f5es de n\u00e3o-incid\u00eancia e isen\u00e7\u00f5es.<\/p>\n\n\n\n<h3 class=\"wp-block-heading\" id=\"h-taxa-de-expediente-para-a-sefaz-am\"><mark style=\"background-color:rgba(0, 0, 0, 0)\" class=\"has-inline-color has-vivid-cyan-blue-color\">Taxa de Expediente para a SEFAZ-AM<\/mark><\/h3>\n\n\n\n<p>A taxa de expediente incide sobre a <strong>tramita\u00e7\u00e3o de pap\u00e9is<\/strong> pelas reparti\u00e7\u00f5es p\u00fablicas estaduais, para efeito de <strong>simples encaminhamento<\/strong> ou <strong>forma\u00e7\u00e3o de processo<\/strong>, bem como nas<strong> <\/strong>expedi\u00e7\u00f5es de<strong> tal\u00f5es <\/strong>ou apresenta\u00e7\u00f5es de <strong>guias <\/strong>referentes a recolhimentos.<\/p>\n\n\n\n<p>O <strong>contribuinte <\/strong>desse tributo \u00e9 a pessoa f\u00edsica ou jur\u00eddica que <strong>promova <\/strong>ou tenha <strong>interesse <\/strong>direto na tramita\u00e7\u00e3o dos documentos, sendo que o <strong>pagamento <\/strong>da taxa ser\u00e1 exigido <strong>antes <\/strong>da pr\u00e1tica do ato da <strong>tramita\u00e7\u00e3o<\/strong>.<\/p>\n\n\n\n<p><strong><mark style=\"background-color:rgba(0, 0, 0, 0)\" class=\"has-inline-color has-vivid-red-color\">FIQUE ATENTO<\/mark>:<\/strong> O C\u00f3digo Tribut\u00e1rio Estadual do Amazonas traz uma hip\u00f3tese de n\u00e3o-incid\u00eancia da taxa de expediente, al\u00e9m de 13 situa\u00e7\u00f5es de isen\u00e7\u00e3o desse tributo.<\/p>\n\n\n\n<p>Assim, a taxa <strong><mark style=\"background-color:rgba(0, 0, 0, 0)\" class=\"has-inline-color has-vivid-cyan-blue-color\">n\u00e3o incide <\/mark><\/strong>nas concess\u00f5es de documentos relativos \u00e0s finalidades <strong>escolares<\/strong>, <strong>militares<\/strong>, <strong>eleitorais <\/strong>e \u00e0 <strong>vida funcional <\/strong>dos servidores do Estado.<\/p>\n\n\n\n<p>J\u00e1 em rela\u00e7\u00e3o \u00e0s isen\u00e7\u00f5es, s\u00e3o <strong><mark style=\"background-color:rgba(0, 0, 0, 0)\" class=\"has-inline-color has-vivid-cyan-blue-color\">isentas <\/mark><\/strong>do pagamento da taxa de expediente:<\/p>\n\n\n\n<ul class=\"wp-block-list\"><li>os <strong>funcion\u00e1rios p\u00fablicos <\/strong>do Estado;<\/li><li>as pessoas que mediante apresenta\u00e7\u00e3o de atestado passado por autoridade judici\u00e1ria ou policial, provarem seu estado de <strong>pobreza<\/strong>;<\/li><li>as pessoas <strong>jur\u00eddicas <\/strong>de direito p\u00fablico <strong>interno<\/strong>;<\/li><li>as entidades de <strong>assist\u00eancia social<\/strong>, de benefic\u00eancia, de <strong>educa\u00e7\u00e3o <\/strong>ou de <strong>cultura<\/strong>, devidamente reconhecidas, observados os requisitos previstos no Regulamento;<\/li><li>as pessoas que requererem atestado de <strong>antecedentes pol\u00edticos<\/strong> para fins de emprego ou profiss\u00e3o;<\/li><li>as vi\u00favas e pensionistas da previd\u00eancia social que, perante esta, devam fazer prova de sua <strong>situa\u00e7\u00e3o e resid\u00eancia<\/strong>;<\/li><li>os <strong>partidos pol\u00edticos <\/strong>e <strong>templos <\/strong>de qualquer culto, relativamente a seus interesses;<\/li><li>as pessoas <strong>naturais<\/strong>, relativamente ao registro civil;<\/li><li>os Microempreendedores Individuais &#8211; <strong>MEI<\/strong>, as Microempresas &#8211; <strong>ME<\/strong> e as Empresas de Pequeno Porte &#8211; <strong>EPP <\/strong>optantes pelo Simples Nacional;<\/li><li>a emiss\u00e3o ou a autentica\u00e7\u00e3o eletr\u00f4nica de documentos <strong>fiscais <\/strong>por meio da Internet.&nbsp;<\/li><li>as <strong>solicita\u00e7\u00f5es de pagamento<\/strong>, realizadas em raz\u00e3o do fornecimento de mercadorias ou bens, ou da presta\u00e7\u00e3o de servi\u00e7os, \u00e0s entidades e aos \u00f3rg\u00e3os pertencentes \u00e0 administra\u00e7\u00e3o p\u00fablica estadual, direta ou indireta.&nbsp;<\/li><li>a tramita\u00e7\u00e3o de documentos no \u00e2mbito do <strong>processo tribut\u00e1rio <\/strong>eletr\u00f4nico por meio do DT-e, <strong>exceto<\/strong>: pedido de regime especial e consulta; desembara\u00e7o extempor\u00e2neo de documentos fiscais eletr\u00f4nicos; cancelamento de desembara\u00e7o de documentos fiscais eletr\u00f4nicos; estorno, cancelamento e rejei\u00e7\u00e3o de documentos fiscais eletr\u00f4nicos, efetuados extemporaneamente.<\/li><\/ul>\n\n\n\n<p>E qual ser\u00e1 o <strong>valor <\/strong>da taxa de expediente? Bom, isso vai <strong>depender <\/strong>de qual servi\u00e7o o contribuinte ir\u00e1 usufruir.<\/p>\n\n\n\n<p>Al\u00e9m disso, a taxa de expediente tem por <strong>base de c\u00e1lculo<\/strong> o valor da <strong>UFIR<\/strong>, vigente no exerc\u00edcio da ocorr\u00eancia do fato gerador, sendo cobrada de acordo com os valores constantes na tabela espec\u00edfica presente no CTE.<\/p>\n\n\n\n<h3 class=\"wp-block-heading\" id=\"h-taxa-judiciaria-para-a-sefaz-am\"><mark style=\"background-color:rgba(0, 0, 0, 0)\" class=\"has-inline-color has-vivid-cyan-blue-color\">Taxa Judici\u00e1ria para a SEFAZ-AM<\/mark><\/h3>\n\n\n\n<p>N\u00e3o h\u00e1 muitas informa\u00e7\u00f5es a respeito dessa taxa no CTE, restringindo-se, basicamente, ao seu <strong>fato gerador<\/strong>, o qual \u00e9 a <strong>a\u00e7\u00e3o <\/strong>ou <strong>processo judicial<\/strong>, contencioso ou administrativo, ordin\u00e1rio, especial ou acess\u00f3rio ajuizado perante qualquer Ju\u00edzo ou Tribunal.<\/p>\n\n\n\n<h3 class=\"wp-block-heading\" id=\"h-taxa-de-seguranca-publica-para-a-sefaz-am\"><mark style=\"background-color:rgba(0, 0, 0, 0)\" class=\"has-inline-color has-vivid-cyan-blue-color\">Taxa de Seguran\u00e7a P\u00fablica para a SEFAZ-AM<\/mark><\/h3>\n\n\n\n<p>A taxa de seguran\u00e7a p\u00fablica incide na utiliza\u00e7\u00e3o de <strong>servi\u00e7os espec\u00edficos<\/strong> e <strong>divis\u00edveis <\/strong>prestados pelo Estado ou colocados \u00e0 disposi\u00e7\u00e3o de pessoas f\u00edsicas ou jur\u00eddicas, decorrentes de <strong>atos de autoridades policiais.<\/strong><\/p>\n\n\n\n<p>De maneira similar \u00e0 taxa de expediente, a taxa de seguran\u00e7a p\u00fablica tamb\u00e9m <strong><mark style=\"background-color:rgba(0, 0, 0, 0)\" class=\"has-inline-color has-vivid-cyan-blue-color\">n\u00e3o incide<\/mark><\/strong> nas concess\u00f5es de documentos relativos \u00e0s finalidades <strong>eleitorais<\/strong>, <strong>militares<\/strong>, <strong>escolares<\/strong>, relativas \u00e0 <strong><span style=\"text-decoration: underline;\">previd\u00eancia<\/span> <\/strong>e \u00e0 <strong>vida funcional<\/strong> dos servidores do Estado.<\/p>\n\n\n\n<p>O <strong>contribuinte <\/strong>da taxa de seguran\u00e7a p\u00fablica \u00e9 toda pessoa f\u00edsica ou jur\u00eddica que <strong>promova <\/strong>ou se <strong>beneficie <\/strong>de quaisquer das atividades previstas e enumeradas na tabela constante no CTE, como a taxa para obter a CNH, por exemplo.<\/p>\n\n\n\n<p>O seu pagamento dever\u00e1 ser efetuado nos seguintes prazos:&nbsp;<\/p>\n\n\n\n<ul class=\"wp-block-list\"><li>de <strong>ordin\u00e1rio<\/strong>, <strong><mark style=\"background-color:rgba(0, 0, 0, 0)\" class=\"has-inline-color has-vivid-cyan-blue-color\">antes <\/mark><\/strong>da pr\u00e1tica do ato;<\/li><li>para <strong>renova\u00e7\u00e3o <\/strong>:<ul><li>quando a taxa for devida <strong>por m\u00eas<\/strong>, <strong><mark style=\"background-color:rgba(0, 0, 0, 0)\" class=\"has-inline-color has-vivid-cyan-blue-color\">at\u00e9 o 10\u00ba dia <\/mark><\/strong>do per\u00edodo objeto da renova\u00e7\u00e3o;<\/li><\/ul><ul><li>quando a taxa for devida <strong>por ano<\/strong>, <strong><mark style=\"background-color:rgba(0, 0, 0, 0)\" class=\"has-inline-color has-vivid-cyan-blue-color\">at\u00e9 o \u00faltimo dia \u00fatil do m\u00eas de janeiro<\/mark><\/strong> do exerc\u00edcio objeto da renova\u00e7\u00e3o.<\/li><\/ul><\/li><\/ul>\n\n\n\n<p>O seu <strong>pagamento<\/strong> e a sua <strong>fiscaliza\u00e7\u00e3o <\/strong>competem aos funcion\u00e1rios da <strong>Fazenda Estadual<\/strong>, \u00e0s autoridades <strong>policiais<\/strong> e \u00e0s autoridades <strong>administrativas<\/strong>.<\/p>\n\n\n\n<p>Al\u00e9m disso, caso a taxa de seguran\u00e7a p\u00fablica <strong>n\u00e3o seja recolhida<\/strong> dentro do prazo regulamentar, ser\u00e1 cobrada acrescida de <strong>multa <\/strong>de <strong>0,33% por dia <\/strong>de atraso, limitado a <strong>20%<\/strong>.<\/p>\n\n\n\n<p><strong><mark style=\"background-color:rgba(0, 0, 0, 0)\" class=\"has-inline-color has-vivid-red-color\">FIQUE ATENTO:<\/mark><\/strong> H\u00e1 algumas taxas que, por decis\u00f5es do poder judici\u00e1rio, s\u00e3o consideradas <strong>indevidas<\/strong>, como a taxa de seguran\u00e7a p\u00fablica, quando o servi\u00e7o p\u00fablico for considerado indivis\u00edvel e n\u00e3o espec\u00edfico, como a taxa estadual de seguran\u00e7a<strong>&nbsp;<\/strong>contra inc\u00eandios.<\/p>\n\n\n\n<h3 class=\"wp-block-heading\" id=\"h-taxa-de-saude-publica-para-a-sefaz-am\"><mark style=\"background-color:rgba(0, 0, 0, 0)\" class=\"has-inline-color has-vivid-cyan-blue-color\">Taxa de Sa\u00fade P\u00fablica para a SEFAZ-AM<\/mark><\/h3>\n\n\n\n<p>A taxa de sa\u00fade p\u00fablica incide na utiliza\u00e7\u00e3o de servi\u00e7os <strong>espec\u00edficos <\/strong>e <strong>divis\u00edveis <\/strong>prestados pelo Estado ou colocados \u00e0 disposi\u00e7\u00e3o de pessoa f\u00edsica ou jur\u00eddica, decorrentes de atos de<strong> autoridades sanit\u00e1rias<\/strong>.<\/p>\n\n\n\n<p>Novamente, a taxa de sa\u00fade p\u00fablica tamb\u00e9m <strong><mark style=\"background-color:rgba(0, 0, 0, 0)\" class=\"has-inline-color has-vivid-cyan-blue-color\">n\u00e3o incide<\/mark><\/strong> nas concess\u00f5es de documentos relativos \u00e0s finalidades <strong>eleitorais<\/strong>, <strong>militares<\/strong>, <strong>escolares<\/strong> e \u00e0 <strong>vida funcional<\/strong> dos servidores do Amazonas.<\/p>\n\n\n\n<p>O <strong>contribuinte <\/strong>desta taxa \u00e9 toda pessoa f\u00edsica ou jur\u00eddica que <strong>promova ou se beneficie <\/strong>de quaisquer das atividades previstas e numeradas na tabela constante no CTE, como a licen\u00e7a para funcionamento de estabelecimento comercial farmac\u00eautico ou de laborat\u00f3rio de an\u00e1lises, por exemplo.<\/p>\n\n\n\n<p>O <strong>prazo <\/strong>para o seu pagamento ser\u00e1 realizado de maneira id\u00eantica \u00e0 taxa de <strong>seguran\u00e7a p\u00fablica<\/strong>.<\/p>\n\n\n\n<p>A exig\u00eancia do <strong>pagamento <\/strong>da taxa e a <strong>fiscaliza\u00e7\u00e3o <\/strong>competem \u00e0s <strong>autoridades sanit\u00e1rias<\/strong> e \u00e0s autoridades <strong>administrativas<\/strong>.<\/p>\n\n\n\n<p>Assim como na taxa anterior, h\u00e1 tamb\u00e9m <strong>multa <\/strong>para a<strong> falta de pagamento<\/strong> da taxa de sa\u00fade p\u00fablica, bem como quando ocorrer o seu pagamento insuficiente ou intempestivo, a qual ser\u00e1 de <strong>100%<\/strong> do valor da taxa n\u00e3o paga.<\/p>\n\n\n\n<h3 class=\"wp-block-heading\" id=\"h-taxa-de-emolumentos-para-a-sefaz-am\"><mark style=\"background-color:rgba(0, 0, 0, 0)\" class=\"has-inline-color has-vivid-cyan-blue-color\">Taxa de Emolumentos para a SEFAZ-AM<\/mark><\/h3>\n\n\n\n<p>Por fim, mas n\u00e3o menos importante, vamos analisar a taxa de emolumentos.<\/p>\n\n\n\n<p>A taxa de emolumentos tem por <strong>fato gerador <\/strong>a realiza\u00e7\u00e3o dos atos e presta\u00e7\u00e3o de servi\u00e7os relativos ao <strong>registro<\/strong> do <strong>com\u00e9rcio e atividades<\/strong> afins e as altera\u00e7\u00f5es respectivas.<\/p>\n\n\n\n<p>Assim como a taxa judici\u00e1ria, n\u00e3o h\u00e1 muitas informa\u00e7\u00f5es sobre essa taxa, sendo que o CTE se limitou a apenas dispor sobre o seu fato gerador.<\/p>\n\n\n\n<h2 class=\"wp-block-heading\" id=\"finalizando\"><mark style=\"background-color:rgba(0, 0, 0, 0)\" class=\"has-inline-color has-vivid-cyan-blue-color\">Finalizando<\/mark><\/h2>\n\n\n\n<p>Pessoal! Chegamos ao final do nosso artigo sobre as taxas estaduais, presentes no C\u00f3digo Tribut\u00e1rio do Estado do Amazonas, para o concurso da SEFAZ-AM. Esperamos que tenham gostado.<\/p>\n\n\n\n<p>Para a sua aprova\u00e7\u00e3o, \u00e9 extremamente&nbsp;<strong>importante&nbsp;<\/strong>a<strong>&nbsp;leitura <\/strong>completa do<strong> C\u00f3digo Tribut\u00e1rio do Amazonas<\/strong> (Lei Complementar Estadual 19\/97). Esse artigo \u00e9 apenas uma an\u00e1lise mais simplificada dessa norma.<\/p>\n\n\n\n<p>Caso queira se preparar para chegar&nbsp;<strong>competitivo&nbsp;<\/strong>nesta prova, invista nos&nbsp;<strong><a href=\"https:\/\/www.estrategiaconcursos.com.br\/cursosPorConcurso\/sefaz-am-247\/\" target=\"_blank\" rel=\"noreferrer noopener\">cursos para a SEFAZ AM<\/a><\/strong>&nbsp;do&nbsp;<strong>Estrat\u00e9gia Concursos<\/strong>.&nbsp;<\/p>\n\n\n\n<p>L\u00e1 voc\u00ea encontrar\u00e1&nbsp;<strong>aulas completas e detalhadas, com os melhores professores do mercado<\/strong>,&nbsp;de todos os t\u00f3picos exigidos no edital deste concurso.<\/p>\n\n\n\n<p>Conhe\u00e7a tamb\u00e9m o&nbsp;<strong><a href=\"https:\/\/questoes.estrategiaconcursos.com.br\/\" target=\"_blank\" rel=\"noreferrer noopener\">Sistema de Quest\u00f5es do Estrat\u00e9gia<\/a>.<\/strong>&nbsp;Afinal, a \u00fanica maneira de&nbsp;<strong>consolidar o conte\u00fado&nbsp;<\/strong>de maneira satisfat\u00f3ria \u00e9 atrav\u00e9s da&nbsp;<strong>resolu\u00e7\u00e3o de quest\u00f5es.<\/strong>&nbsp;L\u00e1 voc\u00ea encontrar\u00e1 diversas quest\u00f5es sobre taxas, para o concurso da SEFAZ-AM.<\/p>\n\n\n\n<p>Bons estudos a todos e at\u00e9 a pr\u00f3xima!<\/p>\n\n\n\n<h2 class=\"has-text-align-center wp-block-heading\" id=\"h-cursos-e-assinaturas\">Cursos e Assinaturas <\/h2>\n\n\n\n<p>Prepare-se com o melhor material e com quem mais aprova em Concursos P\u00fablicos em todo o pa\u00eds!<\/p>\n\n\n\n<p class=\"has-text-align-center has-white-color has-vivid-purple-background-color has-text-color has-background\"><a href=\"https:\/\/www.estrategiaconcursos.com.br\/blog\/concursos-abertos\/\" target=\"_blank\" rel=\"noreferrer noopener\"><strong><span class=\"has-inline-color has-white-color\">Concursos abertos<\/span><\/strong><\/a><\/p>\n\n\n\n<p class=\"has-text-align-center has-white-color has-vivid-purple-background-color has-text-color has-background\"><strong><a href=\"https:\/\/www.estrategiaconcursos.com.br\/blog\/concursos-2022\/\" target=\"_blank\" rel=\"noreferrer noopener\"><span class=\"has-inline-color has-white-color\">Concursos 2022<\/span><\/a><\/strong><\/p>\n\n\n\n<div class=\"container\" id=\"boxes\">\n  <div class=\"row\">\n    <div class=\"col-sm\">\n      <div class=\"estrategia\" id=\"box-assinatura\">\n        <h3 class=\"titulo-assinatura\">Assinatura de Concursos<\/h3>\n        <p class=\"subtitulo-assinatura\">Assinatura de 1 ano ou 2 anos<\/p>\n        <div class=\"box-botao\">\n          <a class=\"btn-assinatura\" target=\"_blank\" href=\"https:\/\/www.estrategiaconcursos.com.br\/assinaturas\/\" role=\"button\" rel=\"noopener noreferrer\">ASSINE AGORA<\/a>\n        <\/div>\n      <\/div>\n      \n    <\/div><\/div><\/div>\n","protected":false},"excerpt":{"rendered":"<p>Confira neste artigo uma an\u00e1lise sobre as taxas estaduais, presentes na Lei Complementar Estadual 19\/97, tamb\u00e9m conhecida como C\u00f3digo Tribut\u00e1rio do Estado do Amazonas (CTE), para o concurso da&nbsp;SEFAZ-AM. Ol\u00e1, pessoal! Como voc\u00eas est\u00e3o? O concurso da&nbsp;SEFAZ-AM&nbsp;(Secretaria da Fazenda do Estado do Amazonas) est\u00e1 com o seu edital publicado. Como est\u00e1 a sua prepara\u00e7\u00e3o? H\u00e1 [&hellip;]<\/p>\n","protected":false},"author":1976,"featured_media":729964,"comment_status":"open","ping_status":"closed","sticky":false,"template":"","format":"standard","meta":{"post_tipo":"article","footnotes":""},"categories":[1,1983],"tags":[],"tax_estado":[219966],"class_list":["post-987471","post","type-post","status-publish","format-standard","has-post-thumbnail","hentry","category-cursos-e-concursos","category-fiscal-estadual","tax_estado-am"],"acf":[],"yoast_head":"<!-- This site is optimized with the Yoast SEO Premium plugin v27.2 (Yoast SEO v27.2) - https:\/\/yoast.com\/product\/yoast-seo-premium-wordpress\/ -->\n<title>An\u00e1lise das taxas estaduais para a SEFAZ-AM<\/title>\n<meta name=\"description\" content=\"Confira neste artigo uma an\u00e1lise sobre as taxas estaduais, presentes no C\u00f3digo Tribut\u00e1rio do Amazonas, para o concurso da\u00a0SEFAZ-AM.\" \/>\n<meta name=\"robots\" content=\"index, follow, max-snippet:-1, max-image-preview:large, max-video-preview:-1\" \/>\n<link rel=\"canonical\" href=\"https:\/\/www.estrategiaconcursos.com.br\/blog\/taxas-sefaz-am\/\" \/>\n<meta property=\"og:locale\" content=\"pt_BR\" \/>\n<meta property=\"og:type\" content=\"article\" \/>\n<meta property=\"og:title\" content=\"An\u00e1lise das taxas estaduais para a SEFAZ-AM\" \/>\n<meta property=\"og:description\" content=\"Confira neste artigo uma an\u00e1lise sobre as taxas estaduais, presentes no C\u00f3digo Tribut\u00e1rio do Amazonas, para o concurso da\u00a0SEFAZ-AM.\" \/>\n<meta property=\"og:url\" content=\"https:\/\/www.estrategiaconcursos.com.br\/blog\/taxas-sefaz-am\/\" \/>\n<meta property=\"og:site_name\" content=\"Estrat\u00e9gia Concursos\" \/>\n<meta property=\"article:published_time\" content=\"2022-03-28T11:04:00+00:00\" \/>\n<meta property=\"og:image\" content=\"https:\/\/dhg1h5j42swfq.cloudfront.net\/2021\/04\/03153919\/sefaz-am.jpg\" \/>\n\t<meta property=\"og:image:width\" content=\"768\" \/>\n\t<meta property=\"og:image:height\" content=\"432\" \/>\n\t<meta property=\"og:image:type\" content=\"image\/jpeg\" \/>\n<meta name=\"author\" content=\"Kassio Henrique Sobral Rocha\" \/>\n<meta name=\"twitter:card\" content=\"summary_large_image\" \/>\n<meta name=\"twitter:creator\" content=\"@EstratConcursos\" \/>\n<meta name=\"twitter:site\" content=\"@EstratConcursos\" \/>\n<meta name=\"twitter:label1\" content=\"Escrito por\" \/>\n\t<meta name=\"twitter:data1\" content=\"Kassio Henrique Sobral Rocha\" \/>\n\t<meta name=\"twitter:label2\" content=\"Est. tempo de leitura\" \/>\n\t<meta name=\"twitter:data2\" content=\"9 minutos\" \/>\n<script type=\"application\/ld+json\" class=\"yoast-schema-graph\">{\"@context\":\"https:\/\/schema.org\",\"@graph\":[{\"@type\":\"NewsArticle\",\"@id\":\"https:\/\/www.estrategiaconcursos.com.br\/blog\/taxas-sefaz-am\/#article\",\"isPartOf\":{\"@id\":\"https:\/\/www.estrategiaconcursos.com.br\/blog\/taxas-sefaz-am\/\"},\"author\":{\"name\":\"Kassio Henrique Sobral Rocha\",\"@id\":\"https:\/\/www.estrategiaconcursos.com.br\/blog\/#\/schema\/person\/f0c830e07cfe11c231c0ea5dbb036df5\"},\"headline\":\"An\u00e1lise das taxas estaduais para a SEFAZ-AM\",\"datePublished\":\"2022-03-28T11:04:00+00:00\",\"mainEntityOfPage\":{\"@id\":\"https:\/\/www.estrategiaconcursos.com.br\/blog\/taxas-sefaz-am\/\"},\"wordCount\":1760,\"commentCount\":0,\"publisher\":{\"@id\":\"https:\/\/www.estrategiaconcursos.com.br\/blog\/#organization\"},\"image\":{\"@id\":\"https:\/\/www.estrategiaconcursos.com.br\/blog\/taxas-sefaz-am\/#primaryimage\"},\"thumbnailUrl\":\"https:\/\/dhg1h5j42swfq.cloudfront.net\/2021\/04\/03153919\/sefaz-am.jpg\",\"articleSection\":[\"Concursos P\u00fablicos\",\"Fiscal - Estadual (ICMS)\"],\"inLanguage\":\"pt-BR\",\"potentialAction\":[{\"@type\":\"CommentAction\",\"name\":\"Comment\",\"target\":[\"https:\/\/www.estrategiaconcursos.com.br\/blog\/taxas-sefaz-am\/#respond\"]}],\"copyrightYear\":\"2022\",\"copyrightHolder\":{\"@id\":\"https:\/\/www.estrategiaconcursos.com.br\/blog\/#organization\"}},{\"@type\":\"WebPage\",\"@id\":\"https:\/\/www.estrategiaconcursos.com.br\/blog\/taxas-sefaz-am\/\",\"url\":\"https:\/\/www.estrategiaconcursos.com.br\/blog\/taxas-sefaz-am\/\",\"name\":\"An\u00e1lise das taxas estaduais para a SEFAZ-AM\",\"isPartOf\":{\"@id\":\"https:\/\/www.estrategiaconcursos.com.br\/blog\/#website\"},\"primaryImageOfPage\":{\"@id\":\"https:\/\/www.estrategiaconcursos.com.br\/blog\/taxas-sefaz-am\/#primaryimage\"},\"image\":{\"@id\":\"https:\/\/www.estrategiaconcursos.com.br\/blog\/taxas-sefaz-am\/#primaryimage\"},\"thumbnailUrl\":\"https:\/\/dhg1h5j42swfq.cloudfront.net\/2021\/04\/03153919\/sefaz-am.jpg\",\"datePublished\":\"2022-03-28T11:04:00+00:00\",\"description\":\"Confira neste artigo uma an\u00e1lise sobre as taxas estaduais, presentes no C\u00f3digo Tribut\u00e1rio do Amazonas, para o concurso da\u00a0SEFAZ-AM.\",\"breadcrumb\":{\"@id\":\"https:\/\/www.estrategiaconcursos.com.br\/blog\/taxas-sefaz-am\/#breadcrumb\"},\"inLanguage\":\"pt-BR\",\"potentialAction\":[{\"@type\":\"ReadAction\",\"target\":[\"https:\/\/www.estrategiaconcursos.com.br\/blog\/taxas-sefaz-am\/\"]}]},{\"@type\":\"ImageObject\",\"inLanguage\":\"pt-BR\",\"@id\":\"https:\/\/www.estrategiaconcursos.com.br\/blog\/taxas-sefaz-am\/#primaryimage\",\"url\":\"https:\/\/dhg1h5j42swfq.cloudfront.net\/2021\/04\/03153919\/sefaz-am.jpg\",\"contentUrl\":\"https:\/\/dhg1h5j42swfq.cloudfront.net\/2021\/04\/03153919\/sefaz-am.jpg\",\"width\":768,\"height\":432,\"caption\":\"Inscritos Sefaz AM\"},{\"@type\":\"BreadcrumbList\",\"@id\":\"https:\/\/www.estrategiaconcursos.com.br\/blog\/taxas-sefaz-am\/#breadcrumb\",\"itemListElement\":[{\"@type\":\"ListItem\",\"position\":1,\"name\":\"In\u00edcio\",\"item\":\"https:\/\/www.estrategiaconcursos.com.br\/blog\/\"},{\"@type\":\"ListItem\",\"position\":2,\"name\":\"An\u00e1lise das taxas estaduais para a SEFAZ-AM\"}]},{\"@type\":\"WebSite\",\"@id\":\"https:\/\/www.estrategiaconcursos.com.br\/blog\/#website\",\"url\":\"https:\/\/www.estrategiaconcursos.com.br\/blog\/\",\"name\":\"Estrat\u00e9gia Concursos\",\"description\":\"O blog da Estrat\u00e9gia Concursos traz not\u00edcias sobre concursos e artigos de professores oferecendo cursos para concursos (pdf + videaulas) no site.\",\"publisher\":{\"@id\":\"https:\/\/www.estrategiaconcursos.com.br\/blog\/#organization\"},\"potentialAction\":[{\"@type\":\"SearchAction\",\"target\":{\"@type\":\"EntryPoint\",\"urlTemplate\":\"https:\/\/www.estrategiaconcursos.com.br\/blog\/?s={search_term_string}\"},\"query-input\":{\"@type\":\"PropertyValueSpecification\",\"valueRequired\":true,\"valueName\":\"search_term_string\"}}],\"inLanguage\":\"pt-BR\"},{\"@type\":\"Organization\",\"@id\":\"https:\/\/www.estrategiaconcursos.com.br\/blog\/#organization\",\"name\":\"Estrat\u00e9gia Concursos\",\"url\":\"https:\/\/www.estrategiaconcursos.com.br\/blog\/\",\"logo\":{\"@type\":\"ImageObject\",\"inLanguage\":\"pt-BR\",\"@id\":\"https:\/\/www.estrategiaconcursos.com.br\/blog\/#\/schema\/logo\/image\/\",\"url\":\"https:\/\/dhg1h5j42swfq.cloudfront.net\/2025\/06\/03203428\/logo_concursos-1.jpg\",\"contentUrl\":\"https:\/\/dhg1h5j42swfq.cloudfront.net\/2025\/06\/03203428\/logo_concursos-1.jpg\",\"width\":230,\"height\":60,\"caption\":\"Estrat\u00e9gia Concursos\"},\"image\":{\"@id\":\"https:\/\/www.estrategiaconcursos.com.br\/blog\/#\/schema\/logo\/image\/\"},\"sameAs\":[\"https:\/\/x.com\/EstratConcursos\"]},{\"@type\":\"Person\",\"@id\":\"https:\/\/www.estrategiaconcursos.com.br\/blog\/#\/schema\/person\/f0c830e07cfe11c231c0ea5dbb036df5\",\"name\":\"Kassio Henrique Sobral Rocha\",\"image\":{\"@type\":\"ImageObject\",\"inLanguage\":\"pt-BR\",\"@id\":\"https:\/\/secure.gravatar.com\/avatar\/d10350cbdad043facd8ec77a377f86f9026afee3348e463b04854fd4490ce759?s=96&d=mm&r=g\",\"url\":\"https:\/\/secure.gravatar.com\/avatar\/d10350cbdad043facd8ec77a377f86f9026afee3348e463b04854fd4490ce759?s=96&d=mm&r=g\",\"contentUrl\":\"https:\/\/secure.gravatar.com\/avatar\/d10350cbdad043facd8ec77a377f86f9026afee3348e463b04854fd4490ce759?s=96&d=mm&r=g\",\"caption\":\"Kassio Henrique Sobral Rocha\"},\"url\":\"https:\/\/www.estrategiaconcursos.com.br\/blog\/author\/kassio-rochayahoo-com-br\/\"}]}<\/script>\n<!-- \/ Yoast SEO Premium plugin. -->","yoast_head_json":{"title":"An\u00e1lise das taxas estaduais para a SEFAZ-AM","description":"Confira neste artigo uma an\u00e1lise sobre as taxas estaduais, presentes no C\u00f3digo Tribut\u00e1rio do Amazonas, para o concurso da\u00a0SEFAZ-AM.","robots":{"index":"index","follow":"follow","max-snippet":"max-snippet:-1","max-image-preview":"max-image-preview:large","max-video-preview":"max-video-preview:-1"},"canonical":"https:\/\/www.estrategiaconcursos.com.br\/blog\/taxas-sefaz-am\/","og_locale":"pt_BR","og_type":"article","og_title":"An\u00e1lise das taxas estaduais para a SEFAZ-AM","og_description":"Confira neste artigo uma an\u00e1lise sobre as taxas estaduais, presentes no C\u00f3digo Tribut\u00e1rio do Amazonas, para o concurso da\u00a0SEFAZ-AM.","og_url":"https:\/\/www.estrategiaconcursos.com.br\/blog\/taxas-sefaz-am\/","og_site_name":"Estrat\u00e9gia Concursos","article_published_time":"2022-03-28T11:04:00+00:00","og_image":[{"width":768,"height":432,"url":"https:\/\/dhg1h5j42swfq.cloudfront.net\/2021\/04\/03153919\/sefaz-am.jpg","type":"image\/jpeg"}],"author":"Kassio Henrique Sobral Rocha","twitter_card":"summary_large_image","twitter_creator":"@EstratConcursos","twitter_site":"@EstratConcursos","twitter_misc":{"Escrito por":"Kassio Henrique Sobral Rocha","Est. tempo de leitura":"9 minutos"},"schema":{"@context":"https:\/\/schema.org","@graph":[{"@type":"NewsArticle","@id":"https:\/\/www.estrategiaconcursos.com.br\/blog\/taxas-sefaz-am\/#article","isPartOf":{"@id":"https:\/\/www.estrategiaconcursos.com.br\/blog\/taxas-sefaz-am\/"},"author":{"name":"Kassio Henrique Sobral Rocha","@id":"https:\/\/www.estrategiaconcursos.com.br\/blog\/#\/schema\/person\/f0c830e07cfe11c231c0ea5dbb036df5"},"headline":"An\u00e1lise das taxas estaduais para a SEFAZ-AM","datePublished":"2022-03-28T11:04:00+00:00","mainEntityOfPage":{"@id":"https:\/\/www.estrategiaconcursos.com.br\/blog\/taxas-sefaz-am\/"},"wordCount":1760,"commentCount":0,"publisher":{"@id":"https:\/\/www.estrategiaconcursos.com.br\/blog\/#organization"},"image":{"@id":"https:\/\/www.estrategiaconcursos.com.br\/blog\/taxas-sefaz-am\/#primaryimage"},"thumbnailUrl":"https:\/\/dhg1h5j42swfq.cloudfront.net\/2021\/04\/03153919\/sefaz-am.jpg","articleSection":["Concursos P\u00fablicos","Fiscal - Estadual (ICMS)"],"inLanguage":"pt-BR","potentialAction":[{"@type":"CommentAction","name":"Comment","target":["https:\/\/www.estrategiaconcursos.com.br\/blog\/taxas-sefaz-am\/#respond"]}],"copyrightYear":"2022","copyrightHolder":{"@id":"https:\/\/www.estrategiaconcursos.com.br\/blog\/#organization"}},{"@type":"WebPage","@id":"https:\/\/www.estrategiaconcursos.com.br\/blog\/taxas-sefaz-am\/","url":"https:\/\/www.estrategiaconcursos.com.br\/blog\/taxas-sefaz-am\/","name":"An\u00e1lise das taxas estaduais para a SEFAZ-AM","isPartOf":{"@id":"https:\/\/www.estrategiaconcursos.com.br\/blog\/#website"},"primaryImageOfPage":{"@id":"https:\/\/www.estrategiaconcursos.com.br\/blog\/taxas-sefaz-am\/#primaryimage"},"image":{"@id":"https:\/\/www.estrategiaconcursos.com.br\/blog\/taxas-sefaz-am\/#primaryimage"},"thumbnailUrl":"https:\/\/dhg1h5j42swfq.cloudfront.net\/2021\/04\/03153919\/sefaz-am.jpg","datePublished":"2022-03-28T11:04:00+00:00","description":"Confira neste artigo uma an\u00e1lise sobre as taxas estaduais, presentes no C\u00f3digo Tribut\u00e1rio do Amazonas, para o concurso da\u00a0SEFAZ-AM.","breadcrumb":{"@id":"https:\/\/www.estrategiaconcursos.com.br\/blog\/taxas-sefaz-am\/#breadcrumb"},"inLanguage":"pt-BR","potentialAction":[{"@type":"ReadAction","target":["https:\/\/www.estrategiaconcursos.com.br\/blog\/taxas-sefaz-am\/"]}]},{"@type":"ImageObject","inLanguage":"pt-BR","@id":"https:\/\/www.estrategiaconcursos.com.br\/blog\/taxas-sefaz-am\/#primaryimage","url":"https:\/\/dhg1h5j42swfq.cloudfront.net\/2021\/04\/03153919\/sefaz-am.jpg","contentUrl":"https:\/\/dhg1h5j42swfq.cloudfront.net\/2021\/04\/03153919\/sefaz-am.jpg","width":768,"height":432,"caption":"Inscritos Sefaz AM"},{"@type":"BreadcrumbList","@id":"https:\/\/www.estrategiaconcursos.com.br\/blog\/taxas-sefaz-am\/#breadcrumb","itemListElement":[{"@type":"ListItem","position":1,"name":"In\u00edcio","item":"https:\/\/www.estrategiaconcursos.com.br\/blog\/"},{"@type":"ListItem","position":2,"name":"An\u00e1lise das taxas estaduais para a SEFAZ-AM"}]},{"@type":"WebSite","@id":"https:\/\/www.estrategiaconcursos.com.br\/blog\/#website","url":"https:\/\/www.estrategiaconcursos.com.br\/blog\/","name":"Estrat\u00e9gia Concursos","description":"O blog da Estrat\u00e9gia Concursos traz not\u00edcias sobre concursos e artigos de professores oferecendo cursos para concursos (pdf + videaulas) no site.","publisher":{"@id":"https:\/\/www.estrategiaconcursos.com.br\/blog\/#organization"},"potentialAction":[{"@type":"SearchAction","target":{"@type":"EntryPoint","urlTemplate":"https:\/\/www.estrategiaconcursos.com.br\/blog\/?s={search_term_string}"},"query-input":{"@type":"PropertyValueSpecification","valueRequired":true,"valueName":"search_term_string"}}],"inLanguage":"pt-BR"},{"@type":"Organization","@id":"https:\/\/www.estrategiaconcursos.com.br\/blog\/#organization","name":"Estrat\u00e9gia Concursos","url":"https:\/\/www.estrategiaconcursos.com.br\/blog\/","logo":{"@type":"ImageObject","inLanguage":"pt-BR","@id":"https:\/\/www.estrategiaconcursos.com.br\/blog\/#\/schema\/logo\/image\/","url":"https:\/\/dhg1h5j42swfq.cloudfront.net\/2025\/06\/03203428\/logo_concursos-1.jpg","contentUrl":"https:\/\/dhg1h5j42swfq.cloudfront.net\/2025\/06\/03203428\/logo_concursos-1.jpg","width":230,"height":60,"caption":"Estrat\u00e9gia Concursos"},"image":{"@id":"https:\/\/www.estrategiaconcursos.com.br\/blog\/#\/schema\/logo\/image\/"},"sameAs":["https:\/\/x.com\/EstratConcursos"]},{"@type":"Person","@id":"https:\/\/www.estrategiaconcursos.com.br\/blog\/#\/schema\/person\/f0c830e07cfe11c231c0ea5dbb036df5","name":"Kassio Henrique Sobral Rocha","image":{"@type":"ImageObject","inLanguage":"pt-BR","@id":"https:\/\/secure.gravatar.com\/avatar\/d10350cbdad043facd8ec77a377f86f9026afee3348e463b04854fd4490ce759?s=96&d=mm&r=g","url":"https:\/\/secure.gravatar.com\/avatar\/d10350cbdad043facd8ec77a377f86f9026afee3348e463b04854fd4490ce759?s=96&d=mm&r=g","contentUrl":"https:\/\/secure.gravatar.com\/avatar\/d10350cbdad043facd8ec77a377f86f9026afee3348e463b04854fd4490ce759?s=96&d=mm&r=g","caption":"Kassio Henrique Sobral Rocha"},"url":"https:\/\/www.estrategiaconcursos.com.br\/blog\/author\/kassio-rochayahoo-com-br\/"}]}},"_links":{"self":[{"href":"https:\/\/www.estrategiaconcursos.com.br\/blog\/wp-json\/wp\/v2\/posts\/987471","targetHints":{"allow":["GET"]}}],"collection":[{"href":"https:\/\/www.estrategiaconcursos.com.br\/blog\/wp-json\/wp\/v2\/posts"}],"about":[{"href":"https:\/\/www.estrategiaconcursos.com.br\/blog\/wp-json\/wp\/v2\/types\/post"}],"author":[{"embeddable":true,"href":"https:\/\/www.estrategiaconcursos.com.br\/blog\/wp-json\/wp\/v2\/users\/1976"}],"replies":[{"embeddable":true,"href":"https:\/\/www.estrategiaconcursos.com.br\/blog\/wp-json\/wp\/v2\/comments?post=987471"}],"version-history":[{"count":24,"href":"https:\/\/www.estrategiaconcursos.com.br\/blog\/wp-json\/wp\/v2\/posts\/987471\/revisions"}],"predecessor-version":[{"id":988175,"href":"https:\/\/www.estrategiaconcursos.com.br\/blog\/wp-json\/wp\/v2\/posts\/987471\/revisions\/988175"}],"wp:featuredmedia":[{"embeddable":true,"href":"https:\/\/www.estrategiaconcursos.com.br\/blog\/wp-json\/wp\/v2\/media\/729964"}],"wp:attachment":[{"href":"https:\/\/www.estrategiaconcursos.com.br\/blog\/wp-json\/wp\/v2\/media?parent=987471"}],"wp:term":[{"taxonomy":"category","embeddable":true,"href":"https:\/\/www.estrategiaconcursos.com.br\/blog\/wp-json\/wp\/v2\/categories?post=987471"},{"taxonomy":"post_tag","embeddable":true,"href":"https:\/\/www.estrategiaconcursos.com.br\/blog\/wp-json\/wp\/v2\/tags?post=987471"},{"taxonomy":"tax_estado","embeddable":true,"href":"https:\/\/www.estrategiaconcursos.com.br\/blog\/wp-json\/wp\/v2\/tax_estado?post=987471"}],"curies":[{"name":"wp","href":"https:\/\/api.w.org\/{rel}","templated":true}]}}