{"id":98712,"date":"2026-08-24T23:59:00","date_gmt":"2026-08-25T02:59:00","guid":{"rendered":"https:\/\/blog-estrategia.mystagingwebsite.com\/blog\/?p=98712"},"modified":"2026-08-25T13:56:43","modified_gmt":"2026-08-25T16:56:43","slug":"concurso-policia-civil-ma","status":"publish","type":"post","link":"https:\/\/www.estrategiaconcursos.com.br\/blog\/concurso-policia-civil-ma\/","title":{"rendered":"Concurso PC MA: at\u00e9 R$ 22,8 mil! 415 vagas + CR!"},"content":{"rendered":"\n<p class=\"wp-block-paragraph\" style=\"font-size:clamp(15.747px, 0.984rem + ((1vw - 3.2px) * 0.809), 24px);\"><strong><em>Novo edital do concurso Pol\u00edcia Civil MA conta com vagas para Oficial Investigador e Delegado; inscri\u00e7\u00f5es encerradas<\/em><\/strong><\/p>\n\n\n\n<div style=\"height:9px\" aria-hidden=\"true\" class=\"wp-block-spacer\"><\/div>\n\n\n\n<hr class=\"wp-block-separator has-alpha-channel-opacity\"\/>\n\n\n<p><center><a id=\"cta-icon\" href=\"https:\/\/sndflw.com\/i\/pc-ma-grupo\" target=\"_blank\" style=\"background:#29a61a; display:inline-flex; align-items:center; padding:10px 15px; border-radius:6px; color:#fff; text-decoration:none; font-weight:500; font-size:15px;\"><img decoding=\"async\" src=\"https:\/\/dhg1h5j42swfq.cloudfront.net\/2023\/12\/07154107\/whatsapp_13851.png\" alt=\"\" style=\"width:20px; height:20px; margin-right:8px;\"><span>Acesse agora o Grupo de Estudos para o Concurso PC MA<\/span><\/a><\/center><\/p>\n\n\n\n<div style=\"height:42px\" aria-hidden=\"true\" class=\"wp-block-spacer\"><\/div>\n\n\n\n<p class=\"wp-block-paragraph\">Est\u00e3o encerradas as inscri\u00e7\u00f5es do novo <strong>Concurso PC MA (<a href=\"https:\/\/www.estrategiaconcursos.com.br\/cursosPorConcurso\/policia-civil-do-maranhao-pc-ma\/\" target=\"_blank\" rel=\"noreferrer noopener\">Pol\u00edcia Civil do Estado do Maranh\u00e3o<\/a>)<\/strong> sob a organiza\u00e7\u00e3o do <strong>Cebraspe<\/strong>.<\/p>\n\n\n\n<p class=\"wp-block-paragraph\">Ao todo, s\u00e3o ofertadas <strong>415 oportunidades imediatas mais cadastro de reserva<\/strong> para cargos de n\u00edvel superior. Os sal\u00e1rios variam de <strong>R$ 6.514,30 e R$ 22.820,23.<\/strong><\/p>\n\n\n\n<p class=\"wp-block-paragraph\">O edital para <strong>Oficial Investigador<\/strong>, cuja oferta \u00e9 de <strong>357 vagas<\/strong> <strong>+ CR<\/strong>, recebeu inscri\u00e7\u00f5es at\u00e9 o dia<strong> <\/strong>24 de<strong> <\/strong>agosto. As provas objetiva e discursiva ser\u00e3o aplicadas em <strong>6 de dezembro<\/strong>.<\/p>\n\n\n\n<p class=\"wp-block-paragraph\">J\u00e1 o edital para <strong>Delegado<\/strong>, cuja oferta \u00e9 de <strong>58 vagas + CR<\/strong>, teve suas inscri\u00e7\u00f5es encerradas no dia<strong> <\/strong>13 de agosto. As provas objetivas est\u00e3o previstas para <strong>1\u00ba de novembro<\/strong>.<\/p>\n\n\n\n<ul class=\"wp-block-list has-very-light-gray-to-cyan-bluish-gray-gradient-background has-background\">\n<li><strong><\/strong><strong>Pol\u00edcia Civil do Estado do Maranh\u00e3o<\/strong><\/li>\n\n\n\n<li><strong>Situa\u00e7\u00e3o<\/strong>: inscri\u00e7\u00f5es encerradas<\/li>\n\n\n\n<li><strong>Banca: <\/strong>Cebraspe (<a href=\"https:\/\/www.cebraspe.org.br\/concursos\/PC_MA_26_DELEGADO\" target=\"_blank\" rel=\"noreferrer noopener\">Delegado<\/a> | <a href=\"https:\/\/www.cebraspe.org.br\/concursos\/PC_MA_26_INVESTIGADOR\" target=\"_blank\" rel=\"noreferrer noopener\">Oficial Investigador<\/a>)<\/li>\n\n\n\n<li><strong style=\"background-color: initial; color: initial;\">Vagas<\/strong><span style=\"background-color: initial; color: initial;\">: 415<\/span> + CR<\/li>\n\n\n\n<li><strong>Sal\u00e1rio inicial<\/strong>: R$ 6.514,30 e R$ 22.820,23<\/li>\n\n\n\n<li><strong>Editais:<\/strong> <a href=\"https:\/\/dhg1h5j42swfq.cloudfront.net\/2026\/07\/13232213\/edital-pc-ma-2026-delegado.pdf\" target=\"_blank\" rel=\"noreferrer noopener nofollow\">Delegado<\/a>&nbsp;|&nbsp;<a href=\"https:\/\/dhg1h5j42swfq.cloudfront.net\/2026\/07\/13232210\/edital-pc-ma-2026-oip.pdf\" target=\"_blank\" rel=\"noreferrer noopener nofollow\">Oficial Investigador<\/a><\/li>\n<\/ul>\n\n\n\n<p class=\"wp-block-paragraph\">Vale lembrar que o \u00faltimo certame, realizado em 2017, teve seus aprovados nomeados. Sob organiza\u00e7\u00e3o do Cespe\/UnB, foram ofertadas 414 vagas para Delegado, Escriv\u00e3o, Agente, M\u00e9dico Legista, Perito Criminal e Perito Odontolegista.<\/p>\n\n\n\n<p class=\"wp-block-paragraph\">Se voc\u00ea sonha em se tornar Policial Civil do Maranh\u00e3o, chegou ao lugar certo: neste artigo reunimos as principais informa\u00e7\u00f5es sobre esse <a href=\"https:\/\/www.estrategiaconcursos.com.br\/blog\/concursos-de-policia\/\" target=\"_blank\" rel=\"noreferrer noopener\">concurso de pol\u00edcia<\/a>. Confira:<\/p>\n\n\n\n<ul id=\"indice\" class=\"wp-block-list\">\n<li><strong><a href=\"#atual\">Situa\u00e7\u00e3o atual do concurso<\/a><\/strong>\n<ul class=\"wp-block-list\">\n<li><a href=\"#datas\">Principais datas<\/a><\/li>\n\n\n\n<li><a href=\"#cargos\">Cargos e vagas<\/a><\/li>\n\n\n\n<li><a href=\"#etapas\">Etapas e provas<\/a><\/li>\n<\/ul>\n<\/li>\n\n\n\n<li><strong><a href=\"http:\/\/pcmaconheca\">Conhe\u00e7a a Pol\u00edcia Civil do Maranh\u00e3o<\/a><\/strong>\n<ul class=\"wp-block-list\">\n<li><a href=\"#quando\">Quando foi criada?<\/a><\/li>\n\n\n\n<li><a href=\"#atripcma\">Atribui\u00e7\u00f5es da PC MA<\/a><\/li>\n\n\n\n<li><a href=\"#atricarg\">Atribui\u00e7\u00f5es dos cargos<\/a><\/li>\n\n\n\n<li><a href=\"#requicarg\">Requisitos dos cargos<\/a><\/li>\n\n\n\n<li><a href=\"#remu\">Remunera\u00e7\u00f5es<\/a><\/li>\n\n\n\n<li><a href=\"#cargalto\">Qual o cargo mais alto?<\/a><\/li>\n<\/ul>\n<\/li>\n\n\n\n<li><strong><a href=\"#ultimo\">\u00daltimo concurso<\/a><\/strong>\n<ul class=\"wp-block-list\">\n<li><a href=\"#cargos\">Cargos, vagas e remunera\u00e7\u00f5es<\/a><\/li>\n\n\n\n<li><a href=\"#requisitos\">Requisitos dos cargos<\/a><\/li>\n\n\n\n<li><a href=\"#etapas-do-ultimo-concurso-policia-civil-ma\">Etapas de provas<\/a><\/li>\n\n\n\n<li><a href=\"#nomeacoes-pc-ma\">Nomea\u00e7\u00f5es<\/a><\/li>\n<\/ul>\n<\/li>\n\n\n\n<li><strong><a href=\"#cursos\">Assinatura e cursos<\/a> <\/strong><\/li>\n\n\n\n<li><strong><a href=\"#ficha\">Ficha t\u00e9cnica<\/a><\/strong><\/li>\n<\/ul>\n\n\n\n<div class=\"container\" id=\"boxes\">\n  <div class=\"row\"> \n\n    <div class=\"col-sm\">\n      <div class=\"banner-policia-civil\" id=\"box-assinatura\">\n        <h2 class=\"titulo-assinatura\">Concurso Pol\u00edcia Civil MA<\/h2>\n        <p class=\"subtitulo-assinatura\">Prepara\u00e7\u00e3o completa para a carreira na PC!<\/p>\n        <div class=\"box-botao\">\n          <a class=\"btn-assinatura\" target=\"_blank\" href=\"https:\/\/www.estrategiaconcursos.com.br\/cursosPorConcurso\/policia-civil-do-maranhao-pc-ma\/\" role=\"button\" rel=\"noopener noreferrer\">EXPLORAR CURSOS<\/a>\n        <\/div>\n      <\/div>\n     \n\n  <\/div>\n<\/div><\/div>\n\n\n\n<h2 id=\"atual\" class=\"wp-block-heading\">Situa\u00e7\u00e3o atual do Concurso Pol\u00edcia Civil MA<\/h2>\n\n\n\n<h3 id=\"datas\" class=\"wp-block-heading\">Principais datas<\/h3>\n\n\n\n<h3 id=\"h-oficial-investigador-de-policia\" class=\"wp-block-heading\"><strong>Oficial Investigador de Pol\u00edcia<\/strong><\/h3>\n\n\n\n<ul class=\"wp-block-list\">\n<li><strong>Inscri\u00e7\u00f5es:<\/strong> <s>24 de julho a 24 de agosto<\/s><\/li>\n\n\n\n<li><strong>Isen\u00e7\u00e3o da taxa:<\/strong> <s>24 de julho a 24 de agosto<\/s><\/li>\n\n\n\n<li><strong>Pagamento da taxa:<\/strong> at\u00e9 14 de setembro<\/li>\n\n\n\n<li><strong>Provas:<\/strong> 6 de dezembro<\/li>\n<\/ul>\n\n\n\n<h3 id=\"h-delegado-principais-datas\" class=\"wp-block-heading\"><strong>Delegado \u2013 principais datas<\/strong><\/h3>\n\n\n\n<ul class=\"wp-block-list\">\n<li><strong>Inscri\u00e7\u00f5es:<\/strong> <s>20 de julho a 13 de agosto<\/s><\/li>\n\n\n\n<li><strong>Isen\u00e7\u00e3o da taxa:<\/strong> <s>20 de julho a 13 de agosto<\/s><\/li>\n\n\n\n<li><strong>Pagamento da taxa:<\/strong> <s>at\u00e9 14 de agosto<\/s><\/li>\n\n\n\n<li><strong>Provas:<\/strong> 1\u00ba de novembro<\/li>\n<\/ul>\n\n\n\n<h3 id=\"cargos\" class=\"wp-block-heading\">Cargos e vagas<\/h3>\n\n\n\n<h4 id=\"h-vagas-imediatas\" class=\"wp-block-heading\">Vagas imediatas<\/h4>\n\n\n\n<figure class=\"wp-block-table is-style-stripes\"><table class=\"has-fixed-layout\"><thead><tr><th class=\"has-text-align-center\" data-align=\"center\">Cargo<\/th><th class=\"has-text-align-center\" data-align=\"center\">AC<\/th><th class=\"has-text-align-center\" data-align=\"center\">PCD<\/th><th class=\"has-text-align-center\" data-align=\"center\">PP<\/th><th class=\"has-text-align-center\" data-align=\"center\">Total<\/th><\/tr><\/thead><tbody><tr><td class=\"has-text-align-center\" data-align=\"center\">Oficial Investigador<\/td><td class=\"has-text-align-center\" data-align=\"center\">250<\/td><td class=\"has-text-align-center\" data-align=\"center\">36<\/td><td class=\"has-text-align-center\" data-align=\"center\">71<\/td><td class=\"has-text-align-center\" data-align=\"center\"><strong>357<\/strong><\/td><\/tr><tr><td class=\"has-text-align-center\" data-align=\"center\">Delegado<\/td><td class=\"has-text-align-center\" data-align=\"center\">40<\/td><td class=\"has-text-align-center\" data-align=\"center\">6<\/td><td class=\"has-text-align-center\" data-align=\"center\">12<\/td><td class=\"has-text-align-center\" data-align=\"center\"><strong>58<\/strong><\/td><\/tr><\/tbody><\/table><\/figure>\n\n\n\n<h4 id=\"h-cadastro-de-reserva\" class=\"wp-block-heading\">Cadastro de reserva<\/h4>\n\n\n\n<figure class=\"wp-block-table is-style-stripes\"><table class=\"has-fixed-layout\"><thead><tr><th class=\"has-text-align-center\" data-align=\"center\">Cargo<\/th><th class=\"has-text-align-center\" data-align=\"center\">AC<\/th><th class=\"has-text-align-center\" data-align=\"center\">PCD<\/th><th class=\"has-text-align-center\" data-align=\"center\">PP<\/th><th class=\"has-text-align-center\" data-align=\"center\">Total<\/th><\/tr><\/thead><tbody><tr><td class=\"has-text-align-center\" data-align=\"center\">Oficial Investigador<\/td><td class=\"has-text-align-center\" data-align=\"center\">499<\/td><td class=\"has-text-align-center\" data-align=\"center\">72<\/td><td class=\"has-text-align-center\" data-align=\"center\">143<\/td><td class=\"has-text-align-center\" data-align=\"center\"><strong>714<\/strong><\/td><\/tr><tr><td class=\"has-text-align-center\" data-align=\"center\">Delegado<\/td><td class=\"has-text-align-center\" data-align=\"center\">121<\/td><td class=\"has-text-align-center\" data-align=\"center\">18<\/td><td class=\"has-text-align-center\" data-align=\"center\">35<\/td><td class=\"has-text-align-center\" data-align=\"center\"><strong>174<\/strong><\/td><\/tr><\/tbody><\/table><\/figure>\n\n\n\n<h3 id=\"etapas\" class=\"wp-block-heading\">Etapas e provas<\/h3>\n\n\n\n<p class=\"wp-block-paragraph\">Os candidatos devidamente inscritos ser\u00e3o avaliados mediante aplica\u00e7\u00e3o das seguintes etapas:<\/p>\n\n\n\n<p class=\"wp-block-paragraph\">1\u00aa Etapa<\/p>\n\n\n\n<ul class=\"wp-block-list\">\n<li>Prova objetiva (eliminat\u00f3ria e classificat\u00f3ria); <\/li>\n\n\n\n<li>Prova discursiva (eliminat\u00f3ria e classificat\u00f3ria); <\/li>\n\n\n\n<li>Exame m\u00e9dico (eliminat\u00f3rio); <\/li>\n\n\n\n<li>Teste de Aptid\u00e3o F\u00edsica (TAF) (eliminat\u00f3rio); Avalia\u00e7\u00e3o psicol\u00f3gica (eliminat\u00f3ria); <\/li>\n\n\n\n<li>Investiga\u00e7\u00e3o social (eliminat\u00f3ria); <\/li>\n\n\n\n<li>Prova oral (eliminat\u00f3ria e classificat\u00f3ria) \u2013 apenas para Delegado; e<\/li>\n\n\n\n<li>Avalia\u00e7\u00e3o de t\u00edtulos (classificat\u00f3ria) \u2013 apenas para Delegado.<\/li>\n<\/ul>\n\n\n\n<p class=\"wp-block-paragraph\">2\u00aa Etapa<\/p>\n\n\n\n<ul class=\"wp-block-list\">\n<li>Curso de forma\u00e7\u00e3o profissional, de car\u00e1ter eliminat\u00f3rio.<\/li>\n<\/ul>\n\n\n\n<p class=\"wp-block-paragraph\">As provas objetiva e discursiva ser\u00e3o realizadas nas cidades de Caxias\/MA, Colinas\/MA, Imperatriz\/MA, Pinheiro\/MA e S\u00e3o Lu\u00eds\/MA.<\/p>\n\n\n\n<h3 id=\"h-prova-objetiva\" class=\"wp-block-heading\">Prova Objetiva<\/h3>\n\n\n\n<p class=\"wp-block-paragraph\">A prova objetiva ser\u00e1 composta por quest\u00f5es de m\u00faltipla escolha, sendo 5 alternativas e apenas uma considerada a correta.<\/p>\n\n\n\n<h3 id=\"h-oficial-investigador-de-policia-0\" class=\"wp-block-heading\">Oficial Investigador de Pol\u00edcia<\/h3>\n\n\n\n<p class=\"wp-block-paragraph\"><strong>Grupo I \u2013 Conhecimentos Gerais (45 quest\u00f5es)<\/strong><\/p>\n\n\n\n<ul class=\"wp-block-list\">\n<li>L\u00edngua Portuguesa \u2013 <strong>10 quest\u00f5es<\/strong><\/li>\n\n\n\n<li>Inform\u00e1tica \u2013 <strong>12 quest\u00f5es<\/strong><\/li>\n\n\n\n<li>Racioc\u00ednio L\u00f3gico \u2013 <strong>6 quest\u00f5es<\/strong><\/li>\n\n\n\n<li>Contabilidade \u2013 <strong>6 quest\u00f5es<\/strong><\/li>\n\n\n\n<li>Estat\u00edstica \u2013 <strong>4 quest\u00f5es<\/strong><\/li>\n\n\n\n<li>Administra\u00e7\u00e3o \u2013 <strong>4 quest\u00f5es<\/strong><\/li>\n\n\n\n<li>Legisla\u00e7\u00e3o e Conhecimentos Regionais Hist\u00f3ricos e Geogr\u00e1ficos \u2013 <strong>3 quest\u00f5es<\/strong><\/li>\n<\/ul>\n\n\n\n<p class=\"wp-block-paragraph\"><strong>Grupo II \u2013 Conhecimentos Espec\u00edficos (55 quest\u00f5es)<\/strong><\/p>\n\n\n\n<ul class=\"wp-block-list\">\n<li>Direito Penal \u2013 <strong>10 quest\u00f5es<\/strong><\/li>\n\n\n\n<li>Direito Processual Penal \u2013 <strong>8 quest\u00f5es<\/strong><\/li>\n\n\n\n<li>Direito Administrativo \u2013 <strong>8 quest\u00f5es<\/strong><\/li>\n\n\n\n<li>Direito Constitucional \u2013 <strong>8 quest\u00f5es<\/strong><\/li>\n\n\n\n<li>Legisla\u00e7\u00e3o Especial \u2013 <strong>8 quest\u00f5es<\/strong><\/li>\n\n\n\n<li>Direitos Humanos \u2013 <strong>5 quest\u00f5es<\/strong><\/li>\n\n\n\n<li>Medicina Legal \u2013 <strong>5 quest\u00f5es<\/strong><\/li>\n\n\n\n<li>Criminologia \u2013 <strong>3 quest\u00f5es<\/strong><\/li>\n<\/ul>\n\n\n\n<h3 id=\"h-delegado-de-policia-civil\" class=\"wp-block-heading\">Delegado de Pol\u00edcia Civil<\/h3>\n\n\n\n<ul class=\"wp-block-list\">\n<li><strong>Grupo I (20 quest\u00f5es):<\/strong> Direito Digital, Direito Civil, Direito Processual Civil, Direito Agr\u00e1rio e Direito Ambiental.<\/li>\n\n\n\n<li><strong>Grupo II (32 quest\u00f5es):<\/strong> Direito Administrativo, Direito Constitucional, Medicina Legal e Direitos Humanos.<\/li>\n\n\n\n<li><strong>Grupo III (48 quest\u00f5es):<\/strong> Direito Penal, Direito Processual Penal, Legisla\u00e7\u00e3o Penal e Processual Penal e Criminologia.<\/li>\n<\/ul>\n\n\n\n<p class=\"wp-block-paragraph\">Ser\u00e1 reprovado na prova objetiva e eliminado do concurso o candidato que obtiver nota inferior a 50,00 pontos na prova objetiva.<\/p>\n\n\n\n<h3 id=\"h-prova-discursiva\" class=\"wp-block-heading\">Prova Discursiva<\/h3>\n\n\n\n<p class=\"wp-block-paragraph\">A prova discursiva ser\u00e1 aplicada juntamente \u00e0 objetiva e valer\u00e1 20,00 pontos; consistir\u00e1 de reda\u00e7\u00e3o, de at\u00e9 30 linhas, acerca de tema relevante da atualidade pertinente \u00e0 realidade do cargo de Oficial Investigador.<\/p>\n\n\n\n<p class=\"wp-block-paragraph\">J\u00e1 para Delegado de Pol\u00edcia, a etapa discursiva ser\u00e1 aplicada no dia 13 de dezembro, sendo composta por:<\/p>\n\n\n\n<ul class=\"wp-block-list\">\n<li>a) 4 quest\u00f5es discursivas, em at\u00e9 15 linhas cada, no valor de 5,00 pontos cada, totalizando 20,00 pontos, acerca dos objetos de avalia\u00e7\u00e3o constantes do item 23 deste edital;<\/li>\n\n\n\n<li>b) elabora\u00e7\u00e3o de uma pe\u00e7a pr\u00e1tico-profissional, em at\u00e9 60 linhas, no valor de 20,00 pontos, acerca dos objetos de avalia\u00e7\u00e3o constantes no edital.<\/li>\n<\/ul>\n\n\n\n<h3 id=\"h-taf\" class=\"wp-block-heading\">TAF<\/h3>\n\n\n\n<figure class=\"wp-block-table is-style-stripes\"><table class=\"has-fixed-layout\"><thead><tr><th class=\"has-text-align-center\" data-align=\"center\">Teste<\/th><th class=\"has-text-align-center\" data-align=\"center\">Masculino<\/th><th class=\"has-text-align-center\" data-align=\"center\">Feminino<\/th><\/tr><\/thead><tbody><tr><td class=\"has-text-align-center\" data-align=\"center\">Barra fixa<\/td><td class=\"has-text-align-center\" data-align=\"center\"><strong>5 flex\u00f5es<\/strong><\/td><td class=\"has-text-align-center\" data-align=\"center\"><strong>15 segundos<\/strong> de sustenta\u00e7\u00e3o<\/td><\/tr><tr><td class=\"has-text-align-center\" data-align=\"center\">Impuls\u00e3o horizontal<\/td><td class=\"has-text-align-center\" data-align=\"center\"><strong>1,70 m<\/strong><\/td><td class=\"has-text-align-center\" data-align=\"center\"><strong>1,30 m<\/strong><\/td><\/tr><tr><td class=\"has-text-align-center\" data-align=\"center\">Flex\u00e3o abdominal (1 minuto)<\/td><td class=\"has-text-align-center\" data-align=\"center\"><strong>30 repeti\u00e7\u00f5es<\/strong><\/td><td class=\"has-text-align-center\" data-align=\"center\"><strong>25 repeti\u00e7\u00f5es<\/strong><\/td><\/tr><tr><td class=\"has-text-align-center\" data-align=\"center\">Corrida de 12 minutos<\/td><td class=\"has-text-align-center\" data-align=\"center\"><strong>2.200 m<\/strong><\/td><td class=\"has-text-align-center\" data-align=\"center\"><strong>1.800 m<\/strong><\/td><\/tr><\/tbody><\/table><\/figure>\n\n\n\n<h2 id=\"pcmaconheca\" class=\"wp-block-heading\">Conhe\u00e7a a Pol\u00edcia Civil do Maranh\u00e3o<\/h2>\n\n\n\n<h3 id=\"quando\" class=\"wp-block-heading\">Quando a PC MA foi criada?<\/h3>\n\n\n\n<p class=\"wp-block-paragraph\">A trajet\u00f3ria da Pol\u00edcia Civil no Brasil remonta \u00e0s estruturas administrativas criadas em Portugal no s\u00e9culo XVIII, que inspiraram a organiza\u00e7\u00e3o policial nas col\u00f4nias. No Maranh\u00e3o, registros apontam a ado\u00e7\u00e3o de planos de pol\u00edcia ainda em 1799, e a evolu\u00e7\u00e3o seguiu com a cria\u00e7\u00e3o da Intend\u00eancia Geral da Pol\u00edcia em 1808, considerada marco inicial da institui\u00e7\u00e3o em territ\u00f3rio nacional.<\/p>\n\n\n\n<p class=\"wp-block-paragraph\">Ao longo do s\u00e9culo XIX, a organiza\u00e7\u00e3o policial passou por mudan\u00e7as importantes, como a cria\u00e7\u00e3o do cargo de chefe de pol\u00edcia, a inclus\u00e3o de ju\u00edzes de paz na estrutura e a posterior reforma do C\u00f3digo de Processo Criminal de 1841, que consolidou a hierarquia policial sob a figura do chefe de pol\u00edcia. No Maranh\u00e3o, a estrutura foi fortalecida com o Servi\u00e7o de Seguran\u00e7a P\u00fablica em 1892 e o cargo de Delegado Geral em 1910.<\/p>\n\n\n\n<p class=\"wp-block-paragraph\">Hoje, a Pol\u00edcia Civil do Maranh\u00e3o atua como pol\u00edcia judici\u00e1ria e investigativa, conforme a Constitui\u00e7\u00e3o Federal. Regulamentada pelo Estatuto da Pol\u00edcia Civil do Estado (Lei n\u00ba 8.508\/2006), concentra sua administra\u00e7\u00e3o em S\u00e3o Lu\u00eds, onde funcionam a Delegacia Geral, suas adjuntas e superintend\u00eancias, al\u00e9m de setores estrat\u00e9gicos como intelig\u00eancia e combate \u00e0 lavagem de dinheiro.<\/p>\n\n\n\n<h3 id=\"atripcma\" class=\"wp-block-heading\">Atribui\u00e7\u00f5es da PC MA<\/h3>\n\n\n\n<p class=\"wp-block-paragraph\">A Pol\u00edcia Civil do Maranh\u00e3o exerce, com exclusividade, a fun\u00e7\u00e3o de pol\u00edcia judici\u00e1ria estadual, sendo respons\u00e1vel por investigar infra\u00e7\u00f5es penais e formalizar procedimentos como inqu\u00e9ritos, autos e termos circunstanciados. <\/p>\n\n\n\n<p class=\"wp-block-paragraph\">Al\u00e9m disso, cabe \u00e0 institui\u00e7\u00e3o planejar, coordenar, supervisionar e executar a\u00e7\u00f5es policiais em diversas \u00e1reas, garantindo a efici\u00eancia da atividade investigativa. <\/p>\n\n\n\n<p class=\"wp-block-paragraph\">Tamb\u00e9m atua de forma preventiva e repressiva, sempre dentro dos limites constitucionais e legais, assegurando a aplica\u00e7\u00e3o da justi\u00e7a e a prote\u00e7\u00e3o da sociedade.<\/p>\n\n\n\n<h3 id=\"atricarg\" class=\"wp-block-heading\">Atribui\u00e7\u00f5es dos cargos da Pol\u00edcia Civil do Maranh\u00e3o<\/h3>\n\n\n\n<p class=\"wp-block-paragraph\"><strong>Delegado de Pol\u00edcia<\/strong><\/p>\n\n\n\n<ul class=\"wp-block-list\">\n<li>Respons\u00e1vel por conduzir investiga\u00e7\u00f5es criminais, instaurar e presidir inqu\u00e9ritos, determinar dilig\u00eancias e decidir sobre medidas necess\u00e1rias para a apura\u00e7\u00e3o de crimes;<\/li>\n\n\n\n<li>Representar junto ao Judici\u00e1rio por a\u00e7\u00f5es como pris\u00f5es, buscas e quebras de sigilo; e<\/li>\n\n\n\n<li>Coordenar equipes e zelar pela correta aplica\u00e7\u00e3o da lei.<\/li>\n<\/ul>\n\n\n\n<p class=\"wp-block-paragraph\"><strong>Escriv\u00e3o de Pol\u00edcia<\/strong><\/p>\n\n\n\n<ul class=\"wp-block-list\">\n<li>Formalizar procedimentos policiais, registrar depoimentos, autos e termos indispens\u00e1veis \u00e0s investiga\u00e7\u00f5es; e<\/li>\n\n\n\n<li>Garantir a organiza\u00e7\u00e3o documental do inqu\u00e9rito, preservar a legalidade dos atos praticados e dar suporte direto ao delegado no tr\u00e2mite processual.<\/li>\n<\/ul>\n\n\n\n<p class=\"wp-block-paragraph\"><strong>Investigador de Pol\u00edcia<\/strong><\/p>\n\n\n\n<ul class=\"wp-block-list\">\n<li>Apurar a pr\u00e1tica das infra\u00e7\u00f5es penais, realizar dilig\u00eancias, colher informa\u00e7\u00f5es e levantar provas;<\/li>\n\n\n\n<li>Cumprir ordens judiciais ou determina\u00e7\u00f5es da autoridade policial; e <\/li>\n\n\n\n<li>Reunir elementos que sustentem as investiga\u00e7\u00f5es.<\/li>\n<\/ul>\n\n\n\n<p class=\"wp-block-paragraph\"><strong>M\u00e9dico Legista<\/strong><\/p>\n\n\n\n<ul class=\"wp-block-list\">\n<li>Elaborar laudos e pareceres t\u00e9cnicos em exames m\u00e9dicos legais, como necropsias, constata\u00e7\u00f5es de les\u00f5es corporais e avalia\u00e7\u00f5es de sanidade f\u00edsica ou mental; e<\/li>\n\n\n\n<li>Auxiliar diretamente na produ\u00e7\u00e3o de provas materiais utilizadas em processos criminais.<\/li>\n<\/ul>\n\n\n\n<p class=\"wp-block-paragraph\"><strong>Odontolegista<\/strong><\/p>\n\n\n\n<ul class=\"wp-block-list\">\n<li>Utilizar conhecimentos odontol\u00f3gicos aplicados \u00e0 per\u00edcia criminal;<\/li>\n\n\n\n<li>Realizar a identifica\u00e7\u00e3o humana por meio da arcada dent\u00e1ria, exames de mordedura e an\u00e1lise de traumas bucomaxilofaciais;<\/li>\n\n\n\n<li>Contribuir para esclarecer crimes e identificar v\u00edtimas.<\/li>\n<\/ul>\n\n\n\n<p class=\"wp-block-paragraph\"><strong>Perito Criminal<\/strong><\/p>\n\n\n\n<ul class=\"wp-block-list\">\n<li>Analisar vest\u00edgios deixados em locais de crime;<\/li>\n\n\n\n<li>Produzir laudos periciais em \u00e1reas como bal\u00edstica, documentoscopia, qu\u00edmica, inform\u00e1tica, gen\u00e9tica e outras especialidades; e<\/li>\n\n\n\n<li>Fornecendo elementos objetivos para a investiga\u00e7\u00e3o.<\/li>\n<\/ul>\n\n\n\n<h3 id=\"requicarg\" class=\"wp-block-heading\">Requisitos dos cargos da Pol\u00edcia Civil do Maranh\u00e3o<\/h3>\n\n\n\n<p class=\"wp-block-paragraph\"><strong>Delegado<\/strong><\/p>\n\n\n\n<ul class=\"wp-block-list\">\n<li><span style=\"color: #000000;\">Diploma, devidamente registrado, de conclus\u00e3o de curso de n\u00edvel superior em&nbsp;Direito e&nbsp;Carteira Nacional de Habilita\u00e7\u00e3o, categoria B ou superior<\/span>;<\/li>\n<\/ul>\n\n\n\n<p class=\"wp-block-paragraph\"><strong>Escriv\u00e3o e Investigador de Pol\u00edcia<\/strong><\/p>\n\n\n\n<ul class=\"wp-block-list\">\n<li><span style=\"color: #000000;\">Diploma de n\u00edvel superior em qualquer \u00e1rea de&nbsp;forma\u00e7\u00e3o e&nbsp;Carteira Nacional de Habilita\u00e7\u00e3o, categoria B ou superior<\/span>;<\/li>\n<\/ul>\n\n\n\n<p class=\"wp-block-paragraph\"><strong>M\u00e9dico Legista<\/strong><\/p>\n\n\n\n<ul class=\"wp-block-list\">\n<li><span style=\"color: #000000;\">Diploma de curso de n\u00edvel superior em Medicina&nbsp;e registro no Conselho Regional de&nbsp;Medicina<\/span>;<\/li>\n<\/ul>\n\n\n\n<p class=\"wp-block-paragraph\"><strong>Odontolegista<\/strong><\/p>\n\n\n\n<p class=\"wp-block-paragraph\"><span style=\"color: #000000;\">Diploma de curso de n\u00edvel superior em Odontologia e registro no Conselho Regional de&nbsp;Odontologia<\/span>; e<\/p>\n\n\n\n<p class=\"wp-block-paragraph\"><strong>Perito Criminal<\/strong><\/p>\n\n\n\n<ul class=\"wp-block-list\">\n<li><span style=\"color: #000000;\">Diploma de curso de n\u00edvel superior em Agronomia, Ci\u00eancias Biol\u00f3gicas, Ci\u00eancias Cont\u00e1beis, Ci\u00eancias Econ\u00f4micas, Ci\u00eancias da Computa\u00e7\u00e3o, An\u00e1lise de Sistemas,&nbsp;Engenharias, Psicologia, Servi\u00e7o Social, F\u00edsica, Farm\u00e1cia e Bioqu\u00edmica, Geologia, Qu\u00edmica ou Qu\u00edmica&nbsp;Industrial e registro no conselho de&nbsp;classe, quando for o caso<\/span>;<\/li>\n<\/ul>\n\n\n\n<h3 id=\"remu\" class=\"wp-block-heading\">Remunera\u00e7\u00f5es da PC MA<\/h3>\n\n\n\n<p class=\"wp-block-paragraph\">Conforme a atual tabela salarial da corpora\u00e7\u00e3o, que consta no portal da transpar\u00eancia, os sal\u00e1rios iniciais das carreiras podem ultrapassar os R$ 22 mil. Confira abaixo!<\/p>\n\n\n\n<figure class=\"wp-block-table is-style-stripes\"><table class=\"has-fixed-layout\"><tbody><tr><td class=\"has-text-align-center\" data-align=\"center\"><strong>CLASSE<\/strong><\/td><td class=\"has-text-align-center\" data-align=\"center\"><strong>Atual<\/strong><\/td><td class=\"has-text-align-center\" data-align=\"center\"><strong>A partir de julho de 2026<\/strong><\/td><\/tr><tr><td class=\"has-text-align-center\" data-align=\"center\">3\u00aa<\/td><td class=\"has-text-align-center\" data-align=\"center\">R$ 22.048,53<\/td><td class=\"has-text-align-center\" data-align=\"center\">R$ 22.820,23<\/td><\/tr><tr><td class=\"has-text-align-center\" data-align=\"center\">2\u00aa<\/td><td class=\"has-text-align-center\" data-align=\"center\">R$ 23.208,97<\/td><td class=\"has-text-align-center\" data-align=\"center\">R$ 24.021,28<\/td><\/tr><tr><td class=\"has-text-align-center\" data-align=\"center\">1\u00aa<\/td><td class=\"has-text-align-center\" data-align=\"center\">R$ 24.430,54<\/td><td class=\"has-text-align-center\" data-align=\"center\">R$ 25.285,61<\/td><\/tr><tr><td class=\"has-text-align-center\" data-align=\"center\">ESP<\/td><td class=\"has-text-align-center\" data-align=\"center\">R$ 25.716,31<\/td><td class=\"has-text-align-center\" data-align=\"center\">R$ 26.616,38<\/td><\/tr><\/tbody><\/table><figcaption class=\"wp-element-caption\">Remunera\u00e7\u00f5es para o cargo de Delegado<\/figcaption><\/figure>\n\n\n\n<figure class=\"wp-block-table is-style-stripes\"><table class=\"has-fixed-layout\"><tbody><tr><td class=\"has-text-align-center\" data-align=\"center\"><strong>CLASSE<\/strong><\/td><td class=\"has-text-align-center\" data-align=\"center\"><strong>Atual<\/strong><\/td><td class=\"has-text-align-center\" data-align=\"center\"><strong>A partir de julho de 2026<\/strong><\/td><\/tr><tr><td class=\"has-text-align-center\" data-align=\"center\">A1<\/td><td class=\"has-text-align-center\" data-align=\"center\">R$ 7.663,42<\/td><td class=\"has-text-align-center\" data-align=\"center\">R$ 8.638,77<\/td><\/tr><tr><td class=\"has-text-align-center\" data-align=\"center\">A2<\/td><td class=\"has-text-align-center\" data-align=\"center\">R$ 7.893,31<\/td><td class=\"has-text-align-center\" data-align=\"center\">R$ 8.897,92<\/td><\/tr><tr><td class=\"has-text-align-center\" data-align=\"center\">A3<\/td><td class=\"has-text-align-center\" data-align=\"center\">R$ 8.129,69<\/td><td class=\"has-text-align-center\" data-align=\"center\">R$ 9.164,39<\/td><\/tr><tr><td class=\"has-text-align-center\" data-align=\"center\">B4<\/td><td class=\"has-text-align-center\" data-align=\"center\">R$ 8.617,92<\/td><td class=\"has-text-align-center\" data-align=\"center\">R$ 9.714,76<\/td><\/tr><tr><td class=\"has-text-align-center\" data-align=\"center\">B5<\/td><td class=\"has-text-align-center\" data-align=\"center\">R$ 8.876,46<\/td><td class=\"has-text-align-center\" data-align=\"center\">R$ 10.006,20<\/td><\/tr><tr><td class=\"has-text-align-center\" data-align=\"center\">B6<\/td><td class=\"has-text-align-center\" data-align=\"center\">R$ 9.142,75<\/td><td class=\"has-text-align-center\" data-align=\"center\">R$ 10.306,38<\/td><\/tr><tr><td class=\"has-text-align-center\" data-align=\"center\">C7<\/td><td class=\"has-text-align-center\" data-align=\"center\">R$ 9.691,33<\/td><td class=\"has-text-align-center\" data-align=\"center\">R$ 10.924,78<\/td><\/tr><tr><td class=\"has-text-align-center\" data-align=\"center\">C8<\/td><td class=\"has-text-align-center\" data-align=\"center\">R$ 9.982,06<\/td><td class=\"has-text-align-center\" data-align=\"center\">R$ 11.252,51<\/td><\/tr><tr><td class=\"has-text-align-center\" data-align=\"center\">C9<\/td><td class=\"has-text-align-center\" data-align=\"center\">R$ 10.282,03<\/td><td class=\"has-text-align-center\" data-align=\"center\">R$ 11.590,66<\/td><\/tr><tr><td class=\"has-text-align-center\" data-align=\"center\">ESP10<\/td><td class=\"has-text-align-center\" data-align=\"center\">R$ 10.898,41<\/td><td class=\"has-text-align-center\" data-align=\"center\">R$ 12.285,49<\/td><\/tr><tr><td class=\"has-text-align-center\" data-align=\"center\">ESP11<\/td><td class=\"has-text-align-center\" data-align=\"center\">R$ 11.225,36<\/td><td class=\"has-text-align-center\" data-align=\"center\">R$ 12.654,06<\/td><\/tr><\/tbody><\/table><figcaption class=\"wp-element-caption\">Remunera\u00e7\u00f5es para Escriv\u00e3o e Investigador<\/figcaption><\/figure>\n\n\n\n<p class=\"wp-block-paragraph\">Abaixo voc\u00ea pode conferir as remunera\u00e7\u00f5es reais dos aprovados no concurso PC MA, conforme dados obtidos no <a href=\"https:\/\/www.transparencia.ma.gov.br\/app\/v2\/pessoal\/remuneracao?ano=2025&amp;mes=10&amp;tipo_busca=unidade&amp;ug=SSP#result_list\" target=\"_blank\" rel=\"noreferrer noopener\">Portal da Transpar\u00eancia<\/a> do \u00f3rg\u00e3o:<\/p>\n\n\n\n<p class=\"wp-block-paragraph\"><strong>Escriv\u00e3o<\/strong><\/p>\n\n\n\n<figure class=\"wp-block-image aligncenter size-large\"><img loading=\"lazy\" decoding=\"async\" width=\"1024\" height=\"391\" src=\"https:\/\/dhg1h5j42swfq.cloudfront.net\/2025\/11\/13174936\/image-140-1024x391.png\" alt=\"Remunera\u00e7\u00e3o de um servidor admitido em 2022 da PC MA\" class=\"wp-image-1670376\" srcset=\"https:\/\/dhg1h5j42swfq.cloudfront.net\/2025\/11\/13174936\/image-140-1024x391.png 1024w, https:\/\/dhg1h5j42swfq.cloudfront.net\/2025\/11\/13174936\/image-140-300x115.png 300w, https:\/\/dhg1h5j42swfq.cloudfront.net\/2025\/11\/13174936\/image-140-768x293.png 768w, https:\/\/dhg1h5j42swfq.cloudfront.net\/2025\/11\/13174936\/image-140-150x57.png 150w, https:\/\/dhg1h5j42swfq.cloudfront.net\/2025\/11\/13174936\/image-140.png 1535w\" sizes=\"auto, (max-width: 1024px) 100vw, 1024px\" \/><figcaption class=\"wp-element-caption\">Remunera\u00e7\u00e3o de um servidor admitido em 2022<\/figcaption><\/figure>\n\n\n\n<p class=\"wp-block-paragraph\"><strong>Investigador<\/strong><\/p>\n\n\n\n<figure class=\"wp-block-image aligncenter size-large\"><img loading=\"lazy\" decoding=\"async\" width=\"1024\" height=\"328\" src=\"https:\/\/dhg1h5j42swfq.cloudfront.net\/2025\/11\/13175126\/image-141-1024x328.png\" alt=\"Remunera\u00e7\u00e3o de um servidor admitido em 2025 da PC MA\" class=\"wp-image-1670377\" srcset=\"https:\/\/dhg1h5j42swfq.cloudfront.net\/2025\/11\/13175126\/image-141-1024x328.png 1024w, https:\/\/dhg1h5j42swfq.cloudfront.net\/2025\/11\/13175126\/image-141-300x96.png 300w, https:\/\/dhg1h5j42swfq.cloudfront.net\/2025\/11\/13175126\/image-141-768x246.png 768w, https:\/\/dhg1h5j42swfq.cloudfront.net\/2025\/11\/13175126\/image-141-150x48.png 150w, https:\/\/dhg1h5j42swfq.cloudfront.net\/2025\/11\/13175126\/image-141.png 1485w\" sizes=\"auto, (max-width: 1024px) 100vw, 1024px\" \/><figcaption class=\"wp-element-caption\">Remunera\u00e7\u00e3o de um servidor admitido em 2025<\/figcaption><\/figure>\n\n\n\n<p class=\"wp-block-paragraph\"><strong>Perito Criminal<\/strong><\/p>\n\n\n\n<figure class=\"wp-block-image aligncenter size-large\"><img loading=\"lazy\" decoding=\"async\" width=\"1024\" height=\"384\" src=\"https:\/\/dhg1h5j42swfq.cloudfront.net\/2025\/11\/13175228\/image-142-1024x384.png\" alt=\"Remunera\u00e7\u00e3o de um servidor admitido em 2022\" class=\"wp-image-1670378\" srcset=\"https:\/\/dhg1h5j42swfq.cloudfront.net\/2025\/11\/13175228\/image-142-1024x384.png 1024w, https:\/\/dhg1h5j42swfq.cloudfront.net\/2025\/11\/13175228\/image-142-300x112.png 300w, https:\/\/dhg1h5j42swfq.cloudfront.net\/2025\/11\/13175228\/image-142-768x288.png 768w, https:\/\/dhg1h5j42swfq.cloudfront.net\/2025\/11\/13175228\/image-142-1536x576.png 1536w, https:\/\/dhg1h5j42swfq.cloudfront.net\/2025\/11\/13175228\/image-142-150x56.png 150w, https:\/\/dhg1h5j42swfq.cloudfront.net\/2025\/11\/13175228\/image-142.png 1542w\" sizes=\"auto, (max-width: 1024px) 100vw, 1024px\" \/><figcaption class=\"wp-element-caption\">Remunera\u00e7\u00e3o de um servidor admitido em 2022<\/figcaption><\/figure>\n\n\n\n<p class=\"wp-block-paragraph\"><strong>Delegado<\/strong><\/p>\n\n\n\n<figure class=\"wp-block-image aligncenter size-large\"><img loading=\"lazy\" decoding=\"async\" width=\"1024\" height=\"320\" src=\"https:\/\/dhg1h5j42swfq.cloudfront.net\/2025\/11\/13175331\/image-143-1024x320.png\" alt=\"Remunera\u00e7\u00e3o de um servidor admitido em 2025\" class=\"wp-image-1670379\" srcset=\"https:\/\/dhg1h5j42swfq.cloudfront.net\/2025\/11\/13175331\/image-143-1024x320.png 1024w, https:\/\/dhg1h5j42swfq.cloudfront.net\/2025\/11\/13175331\/image-143-300x94.png 300w, https:\/\/dhg1h5j42swfq.cloudfront.net\/2025\/11\/13175331\/image-143-768x240.png 768w, https:\/\/dhg1h5j42swfq.cloudfront.net\/2025\/11\/13175331\/image-143-150x47.png 150w, https:\/\/dhg1h5j42swfq.cloudfront.net\/2025\/11\/13175331\/image-143.png 1504w\" sizes=\"auto, (max-width: 1024px) 100vw, 1024px\" \/><figcaption class=\"wp-element-caption\">Remunera\u00e7\u00e3o de um servidor admitido em 2025<\/figcaption><\/figure>\n\n\n\n<h3 id=\"cargalto\" class=\"wp-block-heading\">Qual o cargo mais alto da PC MA?<\/h3>\n\n\n\n<p class=\"wp-block-paragraph\">O cargo mais alto da Pol\u00edcia Civil do Maranh\u00e3o \u00e9 o de <strong>Delegado-Geral<\/strong>, autoridade m\u00e1xima respons\u00e1vel por comandar e representar a institui\u00e7\u00e3o. <\/p>\n\n\n\n<p class=\"wp-block-paragraph\">Cabe a ele definir diretrizes, supervisionar as unidades policiais e coordenar a\u00e7\u00f5es administrativas e investigativas. Tamb\u00e9m atua como elo entre a corpora\u00e7\u00e3o, o governo estadual e demais \u00f3rg\u00e3os de seguran\u00e7a p\u00fablica.<\/p>\n\n\n\n<h2 id=\"ultimo\" class=\"wp-block-heading\">\u00daltimo concurso da Pol\u00edcia Civil MA<\/h2>\n\n\n\n<p class=\"wp-block-paragraph\"><span style=\"color: #000000;\">O \u00faltimo edital do Concurso Pol\u00edcia Civil MA <strong>foi publicado em 2017<\/strong> e <strong>ofertou 414 vagas<\/strong> para os cargos de Delegado, Escriv\u00e3o de Pol\u00edcia, Investigador de Pol\u00edcia, M\u00e9dico Legista,&nbsp;Odonto legista e Perito Criminal.<\/span><\/p>\n\n\n\n<h3 id=\"cargos\" class=\"wp-block-heading\">Cargos, vagas e remunera\u00e7\u00f5es<\/h3>\n\n\n\n<figure class=\"wp-block-table is-style-stripes\"><table class=\"has-very-light-gray-to-cyan-bluish-gray-gradient-background has-background has-fixed-layout\"><thead><tr><th class=\"has-text-align-center\" data-align=\"center\">Cargos<\/th><th class=\"has-text-align-center\" data-align=\"center\">Vagas<\/th><th class=\"has-text-align-center\" data-align=\"center\">CR<\/th><th class=\"has-text-align-center\" data-align=\"center\">Sal\u00e1rios<\/th><\/tr><\/thead><tbody><tr><td class=\"has-text-align-center\" data-align=\"center\">Delegado<\/td><td class=\"has-text-align-center\" data-align=\"center\">20<\/td><td class=\"has-text-align-center\" data-align=\"center\">80<\/td><td class=\"has-text-align-center\" data-align=\"center\">R$ 18.957,64<\/td><\/tr><tr><td class=\"has-text-align-center\" data-align=\"center\">Escriv\u00e3o<\/td><td class=\"has-text-align-center\" data-align=\"center\">20<\/td><td class=\"has-text-align-center\" data-align=\"center\">60<\/td><td class=\"has-text-align-center\" data-align=\"center\">R$ 4.550,28<\/td><\/tr><tr><td class=\"has-text-align-center\" data-align=\"center\">Investigador<\/td><td class=\"has-text-align-center\" data-align=\"center\">46<\/td><td class=\"has-text-align-center\" data-align=\"center\">140<\/td><td class=\"has-text-align-center\" data-align=\"center\">R$ 4.550,28<\/td><\/tr><tr><td class=\"has-text-align-center\" data-align=\"center\">M\u00e9dico Legista<\/td><td class=\"has-text-align-center\" data-align=\"center\">07<\/td><td class=\"has-text-align-center\" data-align=\"center\">18<\/td><td class=\"has-text-align-center\" data-align=\"center\">R$ 8.972,33<\/td><\/tr><tr><td class=\"has-text-align-center\" data-align=\"center\">Perito Odontolegista<\/td><td class=\"has-text-align-center\" data-align=\"center\">&#8211;<\/td><td class=\"has-text-align-center\" data-align=\"center\">01<\/td><td class=\"has-text-align-center\" data-align=\"center\">R$ 8.972,33<\/td><\/tr><tr><td class=\"has-text-align-center\" data-align=\"center\">Perito Criminal<\/td><td class=\"has-text-align-center\" data-align=\"center\">07<\/td><td class=\"has-text-align-center\" data-align=\"center\">16<\/td><td class=\"has-text-align-center\" data-align=\"center\">R$ 8.972,33<\/td><\/tr><\/tbody><\/table><figcaption class=\"wp-element-caption\">Quadro de cargos, vagas e sal\u00e1rios do \u00faltimo Concurso PC MA<\/figcaption><\/figure>\n\n\n\n<h3 id=\"etapas-do-ultimo-concurso-policia-civil-ma\" class=\"wp-block-heading\">Etapas do \u00faltimo Concurso PC MA<\/h3>\n\n\n\n<p class=\"wp-block-paragraph\"><span style=\"color: #000000;\">A sele\u00e7\u00e3o foi composta por <strong>duas etapas<\/strong>, com dez fases no total:<\/span><\/p>\n\n\n\n<h4 id=\"1\u00aa-etapa\" class=\"wp-block-heading\"><span style=\"color: #000000;\">1\u00aa Etapa:<\/span><\/h4>\n\n\n\n<ol class=\"wp-block-list\">\n<li><span style=\"color: #000000;\">Provas Objetivas &#8211; <span style=\"text-decoration: underline;\">20 quest\u00f5es de Conhecimentos Gerais e 40 quest\u00f5es de Conhecimentos Espec\u00edficos<\/span><\/span>;<\/li>\n\n\n\n<li><span style=\"color: #000000;\">Prova Discursiva &#8211; Conhecimentos Espec\u00edficos apenas para o cargo de Escriv\u00e3o, para os demais cargos foi geral<\/span>;<\/li>\n\n\n\n<li>A<span style=\"color: #000000;\">valia\u00e7\u00e3o de T\u00edtulos<\/span>;<\/li>\n\n\n\n<li><span style=\"color: #000000;\">Prova Pr\u00e1tica de Digita\u00e7\u00e3o, para o cargo de Escriv\u00e3o de Pol\u00edcia<\/span>;<\/li>\n\n\n\n<li><span style=\"color: #000000;\">Exames m\u00e9dicos e toxicol\u00f3gico<\/span>;<\/li>\n\n\n\n<li><span style=\"color: #000000;\">Teste de Aptid\u00e3o F\u00edsica (TAF)<\/span>;<\/li>\n\n\n\n<li><span style=\"color: #000000;\">Avalia\u00e7\u00e3o Psicol\u00f3gica<\/span>;<\/li>\n\n\n\n<li>I<span style=\"color: #000000;\">nvestiga\u00e7\u00e3o Social e Funcional<\/span>.<\/li>\n<\/ol>\n\n\n\n<h4 id=\"2\u00aa-etapa\" class=\"wp-block-heading\">2\u00aa Etapa:<\/h4>\n\n\n\n<ol class=\"wp-block-list\">\n<li>Curso de Forma\u00e7\u00e3o Profissional;<\/li>\n\n\n\n<li>I<span style=\"color: #000000;\">nvestiga\u00e7\u00e3o Social e Funcional<\/span>.<\/li>\n<\/ol>\n\n\n\n<h4 id=\"provas-objetivas\" class=\"wp-block-heading\">Provas Objetivas<\/h4>\n\n\n\n<p class=\"wp-block-paragraph\">As provas objetivas, de <strong>car\u00e1ter eliminat\u00f3rio e classificat\u00f3rio<\/strong>, valeram 60,00 pontos e abrangeram os objetos de avalia\u00e7\u00e3o constantes no edital.<\/p>\n\n\n\n<p class=\"wp-block-paragraph\">As quest\u00f5es das provas objetivas foram do tipo m\u00faltipla escolha, com cinco op\u00e7\u00f5es (A, B, C, D e E), sendo uma \u00fanica resposta correta, de acordo com o comando da quest\u00e3o.<\/p>\n\n\n\n<p class=\"wp-block-paragraph\">Foi reprovado nas provas objetivas e eliminado do concurso Pol\u00edcia Civil MA o candidato que obteve nota<br \/>inferior a 30,00 pontos no conjunto das provas objetivas.<\/p>\n\n\n\n<h4 id=\"provas-discursivas\" class=\"wp-block-heading\">Provas Discursivas<\/h4>\n\n\n\n<p class=\"wp-block-paragraph\">A prova discursiva valeu 40,00 pontos e consistiu da reda\u00e7\u00e3o de texto dissertativo, de at\u00e9 30 linhas, acerca dos conhecimentos espec\u00edficos de cada cargo.<\/p>\n\n\n\n<p class=\"wp-block-paragraph\">A etapa avaliou o conte\u00fado \u2013 conhecimento do tema, a capacidade de express\u00e3o na modalidade escrita e o uso das normas do registro formal culto da L\u00edngua Portuguesa. <\/p>\n\n\n\n<p class=\"wp-block-paragraph\">A prova discursiva de cada candidato foi submetida a duas avalia\u00e7\u00f5es: uma avalia\u00e7\u00e3o de conte\u00fado e uma avalia\u00e7\u00e3o do dom\u00ednio da modalidade escrita da L\u00edngua Portuguesa.<\/p>\n\n\n\n<h3 id=\"nomeacoes-pc-ma\" class=\"wp-block-heading\">Nomea\u00e7\u00f5es<\/h3>\n\n\n\n<p class=\"wp-block-paragraph\">De acordo com as \u00faltimas nomea\u00e7\u00f5es, referentes ao m\u00eas de <a href=\"https:\/\/dhg1h5j42swfq.cloudfront.net\/2023\/01\/19131749\/concurso-pc-ma-nomeacoes.pdf\" target=\"_blank\" rel=\"noreferrer noopener nofollow\">agosto de 2022<\/a>, foram contabilizadas, no total, <strong>342 convoca\u00e7\u00f5es<\/strong>, assim distribu\u00eddas:<\/p>\n\n\n\n<ul class=\"wp-block-list\">\n<li><strong>Delegado<\/strong>: 84<\/li>\n\n\n\n<li><strong>Escriv\u00e3o<\/strong>: 66<\/li>\n\n\n\n<li><strong>Investigador<\/strong>: 168<\/li>\n\n\n\n<li><strong>Perito<\/strong>: 24<\/li>\n<\/ul>\n\n\n\n<h2 id=\"provas\" class=\"wp-block-heading\">Provas anteriores dos Concursos Pol\u00edcia Civil MA<\/h2>\n\n\n\n<ul class=\"wp-block-list\">\n<li><strong>Perito Criminal &#8211; 2018 &#8211; <a href=\"https:\/\/dhg1h5j42swfq.cloudfront.net\/2020\/02\/26133824\/cespe-2018-pc-ma-perito-criminal-prova.pdf\" target=\"_blank\" rel=\"noreferrer noopener nofollow\">Prova<\/a> \/ <a href=\"https:\/\/dhg1h5j42swfq.cloudfront.net\/2020\/02\/26133849\/cespe-2018-pc-ma-perito-criminal-gabarito.pdf\" target=\"_blank\" rel=\"noreferrer noopener nofollow\">Gabarito<\/a><\/strong><\/li>\n\n\n\n<li><strong>Odontolegista &#8211; 2018 &#8211; <a href=\"https:\/\/dhg1h5j42swfq.cloudfront.net\/2020\/02\/26134053\/fgv-2012-pc-ma-medico-legista-prova.pdf\" target=\"_blank\" rel=\"noreferrer noopener nofollow\">Prova<\/a> \/ <a href=\"https:\/\/dhg1h5j42swfq.cloudfront.net\/2020\/02\/26134056\/fgv-2012-pc-ma-medico-legista-gabarito.pdf\" target=\"_blank\" rel=\"noreferrer noopener nofollow\">Gabarito<\/a><\/strong><\/li>\n\n\n\n<li><strong>M\u00e9dico Legista &#8211; 2012 &#8211; <a href=\"https:\/\/dhg1h5j42swfq.cloudfront.net\/2020\/02\/26134233\/cespe-2018-pc-ma-odontolegista-prova.pdf\" target=\"_blank\" rel=\"noreferrer noopener nofollow\">Prova<\/a> \/ <a href=\"https:\/\/dhg1h5j42swfq.cloudfront.net\/2020\/02\/26134227\/cespe-2018-pc-ma-odontolegista-gabarito.pdf\" target=\"_blank\" rel=\"noreferrer noopener nofollow\">Gabarito<\/a><\/strong><\/li>\n<\/ul>\n\n\n\n<hr class=\"wp-block-separator has-css-opacity\"\/>\n\n\n\n<h2 class=\"wp-block-heading has-text-align-center\" id=\"h-quer-estudar-para-o-concurso-pc-ma\">Quer estudar para o Concurso PC MA?<\/h2>\n\n\n\n<div class=\"container\" id=\"boxes\">\n  <div class=\"row\"> \n\n    <div class=\"col-sm\">\n      <div class=\"banner-policia-civil\" id=\"box-assinatura\">\n        <h3 class=\"titulo-assinatura\">Concurso Pol\u00edcia Civil MA<\/h3>\n        <p class=\"subtitulo-assinatura\">Prepara\u00e7\u00e3o completa para a carreira na PC!<\/p>\n        <div class=\"box-botao\">\n          <a class=\"btn-assinatura\" target=\"_blank\" href=\"https:\/\/www.estrategiaconcursos.com.br\/cursosPorConcurso\/policia-civil-do-maranhao-pc-ma\/\" role=\"button\" rel=\"noopener noreferrer\">EXPLORAR CURSOS<\/a>\n        <\/div>\n      <\/div>\n     \n\n  <\/div>\n<\/div><\/div>\n\n\n\n<div class=\"container\" id=\"boxes\">\n  <div class=\"row\">\n\n    <div class=\"col-sm\">\n      <div class=\"estrategia\" id=\"box-assinatura\">\n        <h3 class=\"titulo-assinatura\">Assinatura de Concursos<\/h3>\n        <p class=\"subtitulo-assinatura\">Assinatura de 1 ano ou 2 anos<\/p>\n        <div class=\"box-botao\">\n          <a class=\"btn-assinatura\" target=\"_blank\" href=\"https:\/\/www.estrategiaconcursos.com.br\/blog\/assinaturas\/\" role=\"button\" rel=\"noopener noreferrer\">ASSINE AGORA<\/a>\n        <\/div>\n      <\/div>\n     \n    <\/div><\/div><\/div>\n\n\n\n<h2 class=\"wp-block-heading has-text-align-center\" id=\"cursos\">Quer saber tudo sobre concursos previstos? Confira nossos artigos!<\/h2>\n\n\n\n<ul class=\"wp-block-list\">\n<li><a href=\"https:\/\/www.estrategiaconcursos.com.br\/blog\/concursos-policia-civil\/\" target=\"_blank\" rel=\"noreferrer noopener\">Concursos Pol\u00edcia Civil<\/a><\/li>\n\n\n\n<li><a href=\"https:\/\/www.estrategiaconcursos.com.br\/blog\/concursos-abertos\/\" target=\"_blank\" rel=\"noreferrer noopener\">Concursos abertos<\/a><\/li>\n\n\n\n<li><a href=\"https:\/\/www.estrategiaconcursos.com.br\/blog\/concursos-2026\/\" target=\"_blank\" rel=\"noreferrer noopener\">Concursos 2026<\/a><\/li>\n\n\n\n<li><a href=\"https:\/\/www.estrategiaconcursos.com.br\/blog\/concursos-2027\/\" target=\"_blank\" rel=\"noreferrer noopener\">Concursos 2027<\/a><\/li>\n<\/ul>\n\n\n\n<figure class=\"wp-block-image size-large is-resized\"><img loading=\"lazy\" decoding=\"async\" width=\"1024\" height=\"632\" src=\"https:\/\/dhg1h5j42swfq.cloudfront.net\/2021\/06\/01111456\/ficha-tecnica-1024x632.png\" alt=\"\" class=\"wp-image-756788\" style=\"width:310px;height:191px\" srcset=\"https:\/\/dhg1h5j42swfq.cloudfront.net\/2021\/06\/01111456\/ficha-tecnica-1024x632.png 1024w, https:\/\/dhg1h5j42swfq.cloudfront.net\/2021\/06\/01111456\/ficha-tecnica-300x185.png 300w, https:\/\/dhg1h5j42swfq.cloudfront.net\/2021\/06\/01111456\/ficha-tecnica-768x474.png 768w, https:\/\/dhg1h5j42swfq.cloudfront.net\/2021\/06\/01111456\/ficha-tecnica-1536x948.png 1536w, https:\/\/dhg1h5j42swfq.cloudfront.net\/2021\/06\/01111456\/ficha-tecnica-610x377.png 610w, https:\/\/dhg1h5j42swfq.cloudfront.net\/2021\/06\/01111456\/ficha-tecnica.png 1571w\" sizes=\"auto, (max-width: 1024px) 100vw, 1024px\" \/><\/figure>\n\n\n\n<h3 id=\"ficha\" class=\"wp-block-heading\"><span style=\"color: #000000;\">Informa\u00e7\u00f5es do Concurso Pol\u00edcia Civil MA&nbsp;<\/span><\/h3>\n\n\n\n<ul class=\"wp-block-list\">\n<li><span style=\"color: #000000;\"><strong>Provas:<\/strong> <\/span>01\/11\/2026 (Delegado) e 06\/12\/2026 (OIP)<\/li>\n\n\n\n<li><span style=\"color: #000000;\"><strong>Vagas: <\/strong><\/span>415 + CR<\/li>\n\n\n\n<li><span style=\"color: #000000;\"><strong>Lota\u00e7\u00f5es:<\/strong> Maranh\u00e3o<\/span><\/li>\n\n\n\n<li><span style=\"color: #000000;\"><strong>Banca:<\/strong> Cebraspe<\/span><\/li>\n\n\n\n<li><strong>Editais:<\/strong> <a href=\"https:\/\/dhg1h5j42swfq.cloudfront.net\/2026\/07\/13232213\/edital-pc-ma-2026-delegado.pdf\" target=\"_blank\" rel=\"noreferrer noopener nofollow\">Delegado<\/a>&nbsp;|&nbsp;<a href=\"https:\/\/dhg1h5j42swfq.cloudfront.net\/2026\/07\/13232210\/edital-pc-ma-2026-oip.pdf\" target=\"_blank\" rel=\"noreferrer noopener nofollow\">Oficial Investigador<\/a><\/li>\n<\/ul>\n","protected":false},"excerpt":{"rendered":"<p>Novo edital do concurso Pol\u00edcia Civil MA conta com vagas para Oficial Investigador e Delegado; inscri\u00e7\u00f5es encerradas Est\u00e3o encerradas as inscri\u00e7\u00f5es do novo Concurso PC MA (Pol\u00edcia Civil do Estado do Maranh\u00e3o) sob a organiza\u00e7\u00e3o do Cebraspe. Ao todo, s\u00e3o ofertadas 415 oportunidades imediatas mais cadastro de reserva para cargos de n\u00edvel superior. Os sal\u00e1rios [&hellip;]<\/p>\n","protected":false},"author":1206,"featured_media":1200605,"comment_status":"open","ping_status":"closed","sticky":false,"template":"","format":"standard","meta":{"_acf_changed":false,"post_tipo":"news_page","footnotes":""},"categories":[1988],"tags":[2803,3213,3214,3215],"tax_estado":[219973],"class_list":["post-98712","post","type-post","status-publish","format-standard","has-post-thumbnail","hentry","category-policia","tag-concurso-policia-civil-maranhao","tag-delta-ma","tag-pc-ma","tag-pc-ma-delegado","tax_estado-ma"],"acf":[],"yoast_head":"<!-- This site is optimized with the Yoast SEO Premium plugin v28.1 (Yoast SEO v28.1) - https:\/\/yoast.com\/product\/yoast-seo-premium-wordpress\/ -->\n<title>Concurso PC MA: at\u00e9 R$ 22,8 mil! 415 vagas + CR!<\/title>\n<meta name=\"description\" content=\"Est\u00e1 na pra\u00e7a o edital do novo Concurso PC MA com 415 vagas para Oficial Investigador e Delegado. Provas em novembro e dezembro!\" \/>\n<meta name=\"robots\" content=\"index, follow, max-snippet:-1, max-image-preview:large, max-video-preview:-1\" \/>\n<link rel=\"canonical\" href=\"https:\/\/www.estrategiaconcursos.com.br\/blog\/concurso-policia-civil-ma\/\" \/>\n<meta property=\"og:locale\" content=\"pt_BR\" \/>\n<meta property=\"og:type\" content=\"article\" \/>\n<meta property=\"og:title\" content=\"Concurso PC MA: at\u00e9 R$ 22,8 mil! 415 vagas + CR!\" \/>\n<meta property=\"og:description\" content=\"Est\u00e1 na pra\u00e7a o edital do novo Concurso PC MA com 415 vagas para Oficial Investigador e Delegado. Provas em novembro e dezembro!\" \/>\n<meta property=\"og:url\" content=\"https:\/\/www.estrategiaconcursos.com.br\/blog\/concurso-policia-civil-ma\/\" \/>\n<meta property=\"og:site_name\" content=\"Estrat\u00e9gia Concursos\" \/>\n<meta property=\"article:published_time\" content=\"2026-08-25T02:59:00+00:00\" \/>\n<meta property=\"article:modified_time\" content=\"2026-08-25T16:56:43+00:00\" \/>\n<meta property=\"og:image\" content=\"https:\/\/dhg1h5j42swfq.cloudfront.net\/2023\/04\/12145321\/concurso-policia-civil-ma.jpg\" \/>\n\t<meta property=\"og:image:width\" content=\"768\" \/>\n\t<meta property=\"og:image:height\" content=\"432\" \/>\n\t<meta property=\"og:image:type\" content=\"image\/jpeg\" \/>\n<meta name=\"author\" content=\"Bruna de Andrade Fran\u00e7a\" \/>\n<meta name=\"twitter:card\" content=\"summary_large_image\" \/>\n<meta name=\"twitter:creator\" content=\"@EstratConcursos\" \/>\n<meta name=\"twitter:site\" content=\"@EstratConcursos\" \/>\n<meta name=\"twitter:label1\" content=\"Escrito por\" \/>\n\t<meta name=\"twitter:data1\" content=\"Bruna de Andrade Fran\u00e7a\" \/>\n\t<meta name=\"twitter:label2\" content=\"Est. tempo de leitura\" \/>\n\t<meta name=\"twitter:data2\" content=\"4 minutos\" \/>\n<script type=\"application\/ld+json\" class=\"yoast-schema-graph\">{\"@context\":\"https:\\\/\\\/schema.org\",\"@graph\":[{\"@type\":\"NewsArticle\",\"@id\":\"https:\\\/\\\/www.estrategiaconcursos.com.br\\\/blog\\\/concurso-policia-civil-ma\\\/#article\",\"isPartOf\":{\"@id\":\"https:\\\/\\\/www.estrategiaconcursos.com.br\\\/blog\\\/concurso-policia-civil-ma\\\/\"},\"author\":{\"name\":\"Bruna de Andrade Fran\u00e7a\",\"@id\":\"https:\\\/\\\/blog-estrategia.mystagingwebsite.com\\\/#\\\/schema\\\/person\\\/6630f91134abc08115cca62ce6372855\"},\"headline\":\"Concurso PC MA: at\u00e9 R$ 22,8 mil! 415 vagas + CR!\",\"datePublished\":\"2026-08-25T02:59:00+00:00\",\"dateModified\":\"2026-08-25T16:56:43+00:00\",\"mainEntityOfPage\":{\"@id\":\"https:\\\/\\\/www.estrategiaconcursos.com.br\\\/blog\\\/concurso-policia-civil-ma\\\/\"},\"wordCount\":2359,\"commentCount\":2,\"publisher\":{\"@id\":\"https:\\\/\\\/blog-estrategia.mystagingwebsite.com\\\/#organization\"},\"image\":{\"@id\":\"https:\\\/\\\/www.estrategiaconcursos.com.br\\\/blog\\\/concurso-policia-civil-ma\\\/#primaryimage\"},\"thumbnailUrl\":\"https:\\\/\\\/dhg1h5j42swfq.cloudfront.net\\\/2023\\\/04\\\/12145321\\\/concurso-policia-civil-ma.jpg\",\"keywords\":[\"Concurso Pol\u00edcia Civil Maranh\u00e3o\",\"Delta MA\",\"PC MA\",\"PC MA Delegado\"],\"articleSection\":[\"Policial (Agente, Escriv\u00e3o e Investigador)\"],\"inLanguage\":\"pt-BR\",\"potentialAction\":[{\"@type\":\"CommentAction\",\"name\":\"Comment\",\"target\":[\"https:\\\/\\\/www.estrategiaconcursos.com.br\\\/blog\\\/concurso-policia-civil-ma\\\/#respond\"]}],\"copyrightYear\":\"2026\",\"copyrightHolder\":{\"@id\":\"https:\\\/\\\/www.estrategiaconcursos.com.br\\\/blog\\\/#organization\"}},{\"@type\":\"WebPage\",\"@id\":\"https:\\\/\\\/www.estrategiaconcursos.com.br\\\/blog\\\/concurso-policia-civil-ma\\\/\",\"url\":\"https:\\\/\\\/www.estrategiaconcursos.com.br\\\/blog\\\/concurso-policia-civil-ma\\\/\",\"name\":\"Concurso PC MA: at\u00e9 R$ 22,8 mil! 415 vagas + CR!\",\"isPartOf\":{\"@id\":\"https:\\\/\\\/blog-estrategia.mystagingwebsite.com\\\/#website\"},\"primaryImageOfPage\":{\"@id\":\"https:\\\/\\\/www.estrategiaconcursos.com.br\\\/blog\\\/concurso-policia-civil-ma\\\/#primaryimage\"},\"image\":{\"@id\":\"https:\\\/\\\/www.estrategiaconcursos.com.br\\\/blog\\\/concurso-policia-civil-ma\\\/#primaryimage\"},\"thumbnailUrl\":\"https:\\\/\\\/dhg1h5j42swfq.cloudfront.net\\\/2023\\\/04\\\/12145321\\\/concurso-policia-civil-ma.jpg\",\"datePublished\":\"2026-08-25T02:59:00+00:00\",\"dateModified\":\"2026-08-25T16:56:43+00:00\",\"description\":\"Est\u00e1 na pra\u00e7a o edital do novo Concurso PC MA com 415 vagas para Oficial Investigador e Delegado. Provas em novembro e dezembro!\",\"breadcrumb\":{\"@id\":\"https:\\\/\\\/www.estrategiaconcursos.com.br\\\/blog\\\/concurso-policia-civil-ma\\\/#breadcrumb\"},\"inLanguage\":\"pt-BR\",\"potentialAction\":[{\"@type\":\"ReadAction\",\"target\":[\"https:\\\/\\\/www.estrategiaconcursos.com.br\\\/blog\\\/concurso-policia-civil-ma\\\/\"]}]},{\"@type\":\"ImageObject\",\"inLanguage\":\"pt-BR\",\"@id\":\"https:\\\/\\\/www.estrategiaconcursos.com.br\\\/blog\\\/concurso-policia-civil-ma\\\/#primaryimage\",\"url\":\"https:\\\/\\\/dhg1h5j42swfq.cloudfront.net\\\/2023\\\/04\\\/12145321\\\/concurso-policia-civil-ma.jpg\",\"contentUrl\":\"https:\\\/\\\/dhg1h5j42swfq.cloudfront.net\\\/2023\\\/04\\\/12145321\\\/concurso-policia-civil-ma.jpg\",\"width\":768,\"height\":432,\"caption\":\"PC MA etapas\"},{\"@type\":\"BreadcrumbList\",\"@id\":\"https:\\\/\\\/www.estrategiaconcursos.com.br\\\/blog\\\/concurso-policia-civil-ma\\\/#breadcrumb\",\"itemListElement\":[{\"@type\":\"ListItem\",\"position\":1,\"name\":\"In\u00edcio\",\"item\":\"https:\\\/\\\/blog-estrategia.mystagingwebsite.com\\\/\"},{\"@type\":\"ListItem\",\"position\":2,\"name\":\"Concurso PC MA: at\u00e9 R$ 22,8 mil! 415 vagas + CR!\"}]},{\"@type\":\"WebSite\",\"@id\":\"https:\\\/\\\/blog-estrategia.mystagingwebsite.com\\\/#website\",\"url\":\"https:\\\/\\\/blog-estrategia.mystagingwebsite.com\\\/\",\"name\":\"Estrat\u00e9gia Concursos\",\"description\":\"O blog da Estrat\u00e9gia Concursos traz not\u00edcias sobre concursos e artigos de professores oferecendo cursos para concursos (pdf + videaulas) no site.\",\"publisher\":{\"@id\":\"https:\\\/\\\/blog-estrategia.mystagingwebsite.com\\\/#organization\"},\"potentialAction\":[{\"@type\":\"SearchAction\",\"target\":{\"@type\":\"EntryPoint\",\"urlTemplate\":\"https:\\\/\\\/blog-estrategia.mystagingwebsite.com\\\/?s={search_term_string}\"},\"query-input\":{\"@type\":\"PropertyValueSpecification\",\"valueRequired\":true,\"valueName\":\"search_term_string\"}}],\"inLanguage\":\"pt-BR\"},{\"@type\":\"Organization\",\"@id\":\"https:\\\/\\\/blog-estrategia.mystagingwebsite.com\\\/#organization\",\"name\":\"Estrat\u00e9gia Concursos\",\"url\":\"https:\\\/\\\/blog-estrategia.mystagingwebsite.com\\\/\",\"logo\":{\"@type\":\"ImageObject\",\"inLanguage\":\"pt-BR\",\"@id\":\"https:\\\/\\\/blog-estrategia.mystagingwebsite.com\\\/#\\\/schema\\\/logo\\\/image\\\/\",\"url\":\"https:\\\/\\\/dhg1h5j42swfq.cloudfront.net\\\/2025\\\/06\\\/03203428\\\/logo_concursos-1.jpg\",\"contentUrl\":\"https:\\\/\\\/dhg1h5j42swfq.cloudfront.net\\\/2025\\\/06\\\/03203428\\\/logo_concursos-1.jpg\",\"width\":230,\"height\":60,\"caption\":\"Estrat\u00e9gia Concursos\"},\"image\":{\"@id\":\"https:\\\/\\\/blog-estrategia.mystagingwebsite.com\\\/#\\\/schema\\\/logo\\\/image\\\/\"},\"sameAs\":[\"https:\\\/\\\/x.com\\\/EstratConcursos\"]},{\"@type\":\"Person\",\"@id\":\"https:\\\/\\\/blog-estrategia.mystagingwebsite.com\\\/#\\\/schema\\\/person\\\/6630f91134abc08115cca62ce6372855\",\"name\":\"Bruna de Andrade Fran\u00e7a\",\"image\":{\"@type\":\"ImageObject\",\"inLanguage\":\"pt-BR\",\"@id\":\"https:\\\/\\\/secure.gravatar.com\\\/avatar\\\/d6316d36d50cea0fadae28ed3015b8870cc90a2d3d8a95c37b44006af36a00e3?s=96&d=mm&r=g\",\"url\":\"https:\\\/\\\/secure.gravatar.com\\\/avatar\\\/d6316d36d50cea0fadae28ed3015b8870cc90a2d3d8a95c37b44006af36a00e3?s=96&d=mm&r=g\",\"contentUrl\":\"https:\\\/\\\/secure.gravatar.com\\\/avatar\\\/d6316d36d50cea0fadae28ed3015b8870cc90a2d3d8a95c37b44006af36a00e3?s=96&d=mm&r=g\",\"caption\":\"Bruna de Andrade Fran\u00e7a\"},\"description\":\"Bruna de Andrade Fran\u00e7a \u00e9 publicit\u00e1ria, p\u00f3s-graduada em Marketing &amp; Growth, e atua h\u00e1 mais de sete anos no mercado de concursos p\u00fablicos. Atualmente, \u00e9 coordenadora do jornalismo de Carreira Jur\u00eddica e OAB no Estrat\u00e9gia Concursos, liderando a cobertura editorial das principais sele\u00e7\u00f5es do pa\u00eds. Especialista em reda\u00e7\u00e3o, SEO e Copywriting, acumula ampla experi\u00eancia na produ\u00e7\u00e3o e gest\u00e3o de conte\u00fado jornal\u00edstico. Ao longo de sua trajet\u00f3ria, tamb\u00e9m esteve \u00e0 frente da cobertura de concursos policiais, banc\u00e1rios, \u00e1rea legislativa e sa\u00fade.\",\"url\":\"https:\\\/\\\/www.estrategiaconcursos.com.br\\\/blog\\\/author\\\/bruna-andrade\\\/\"}]}<\/script>\n<!-- \/ Yoast SEO Premium plugin. -->","yoast_head_json":{"title":"Concurso PC MA: at\u00e9 R$ 22,8 mil! 415 vagas + CR!","description":"Est\u00e1 na pra\u00e7a o edital do novo Concurso PC MA com 415 vagas para Oficial Investigador e Delegado. Provas em novembro e dezembro!","robots":{"index":"index","follow":"follow","max-snippet":"max-snippet:-1","max-image-preview":"max-image-preview:large","max-video-preview":"max-video-preview:-1"},"canonical":"https:\/\/www.estrategiaconcursos.com.br\/blog\/concurso-policia-civil-ma\/","og_locale":"pt_BR","og_type":"article","og_title":"Concurso PC MA: at\u00e9 R$ 22,8 mil! 415 vagas + CR!","og_description":"Est\u00e1 na pra\u00e7a o edital do novo Concurso PC MA com 415 vagas para Oficial Investigador e Delegado. Provas em novembro e dezembro!","og_url":"https:\/\/www.estrategiaconcursos.com.br\/blog\/concurso-policia-civil-ma\/","og_site_name":"Estrat\u00e9gia Concursos","article_published_time":"2026-08-25T02:59:00+00:00","article_modified_time":"2026-08-25T16:56:43+00:00","og_image":[{"width":768,"height":432,"url":"https:\/\/dhg1h5j42swfq.cloudfront.net\/2023\/04\/12145321\/concurso-policia-civil-ma.jpg","type":"image\/jpeg"}],"author":"Bruna de Andrade Fran\u00e7a","twitter_card":"summary_large_image","twitter_creator":"@EstratConcursos","twitter_site":"@EstratConcursos","twitter_misc":{"Escrito por":"Bruna de Andrade Fran\u00e7a","Est. tempo de leitura":"4 minutos"},"schema":{"@context":"https:\/\/schema.org","@graph":[{"@type":"NewsArticle","@id":"https:\/\/www.estrategiaconcursos.com.br\/blog\/concurso-policia-civil-ma\/#article","isPartOf":{"@id":"https:\/\/www.estrategiaconcursos.com.br\/blog\/concurso-policia-civil-ma\/"},"author":{"name":"Bruna de Andrade Fran\u00e7a","@id":"https:\/\/blog-estrategia.mystagingwebsite.com\/#\/schema\/person\/6630f91134abc08115cca62ce6372855"},"headline":"Concurso PC MA: at\u00e9 R$ 22,8 mil! 415 vagas + CR!","datePublished":"2026-08-25T02:59:00+00:00","dateModified":"2026-08-25T16:56:43+00:00","mainEntityOfPage":{"@id":"https:\/\/www.estrategiaconcursos.com.br\/blog\/concurso-policia-civil-ma\/"},"wordCount":2359,"commentCount":2,"publisher":{"@id":"https:\/\/blog-estrategia.mystagingwebsite.com\/#organization"},"image":{"@id":"https:\/\/www.estrategiaconcursos.com.br\/blog\/concurso-policia-civil-ma\/#primaryimage"},"thumbnailUrl":"https:\/\/dhg1h5j42swfq.cloudfront.net\/2023\/04\/12145321\/concurso-policia-civil-ma.jpg","keywords":["Concurso Pol\u00edcia Civil Maranh\u00e3o","Delta MA","PC MA","PC MA Delegado"],"articleSection":["Policial (Agente, Escriv\u00e3o e Investigador)"],"inLanguage":"pt-BR","potentialAction":[{"@type":"CommentAction","name":"Comment","target":["https:\/\/www.estrategiaconcursos.com.br\/blog\/concurso-policia-civil-ma\/#respond"]}],"copyrightYear":"2026","copyrightHolder":{"@id":"https:\/\/www.estrategiaconcursos.com.br\/blog\/#organization"}},{"@type":"WebPage","@id":"https:\/\/www.estrategiaconcursos.com.br\/blog\/concurso-policia-civil-ma\/","url":"https:\/\/www.estrategiaconcursos.com.br\/blog\/concurso-policia-civil-ma\/","name":"Concurso PC MA: at\u00e9 R$ 22,8 mil! 415 vagas + CR!","isPartOf":{"@id":"https:\/\/blog-estrategia.mystagingwebsite.com\/#website"},"primaryImageOfPage":{"@id":"https:\/\/www.estrategiaconcursos.com.br\/blog\/concurso-policia-civil-ma\/#primaryimage"},"image":{"@id":"https:\/\/www.estrategiaconcursos.com.br\/blog\/concurso-policia-civil-ma\/#primaryimage"},"thumbnailUrl":"https:\/\/dhg1h5j42swfq.cloudfront.net\/2023\/04\/12145321\/concurso-policia-civil-ma.jpg","datePublished":"2026-08-25T02:59:00+00:00","dateModified":"2026-08-25T16:56:43+00:00","description":"Est\u00e1 na pra\u00e7a o edital do novo Concurso PC MA com 415 vagas para Oficial Investigador e Delegado. Provas em novembro e dezembro!","breadcrumb":{"@id":"https:\/\/www.estrategiaconcursos.com.br\/blog\/concurso-policia-civil-ma\/#breadcrumb"},"inLanguage":"pt-BR","potentialAction":[{"@type":"ReadAction","target":["https:\/\/www.estrategiaconcursos.com.br\/blog\/concurso-policia-civil-ma\/"]}]},{"@type":"ImageObject","inLanguage":"pt-BR","@id":"https:\/\/www.estrategiaconcursos.com.br\/blog\/concurso-policia-civil-ma\/#primaryimage","url":"https:\/\/dhg1h5j42swfq.cloudfront.net\/2023\/04\/12145321\/concurso-policia-civil-ma.jpg","contentUrl":"https:\/\/dhg1h5j42swfq.cloudfront.net\/2023\/04\/12145321\/concurso-policia-civil-ma.jpg","width":768,"height":432,"caption":"PC MA etapas"},{"@type":"BreadcrumbList","@id":"https:\/\/www.estrategiaconcursos.com.br\/blog\/concurso-policia-civil-ma\/#breadcrumb","itemListElement":[{"@type":"ListItem","position":1,"name":"In\u00edcio","item":"https:\/\/blog-estrategia.mystagingwebsite.com\/"},{"@type":"ListItem","position":2,"name":"Concurso PC MA: at\u00e9 R$ 22,8 mil! 415 vagas + CR!"}]},{"@type":"WebSite","@id":"https:\/\/blog-estrategia.mystagingwebsite.com\/#website","url":"https:\/\/blog-estrategia.mystagingwebsite.com\/","name":"Estrat\u00e9gia Concursos","description":"O blog da Estrat\u00e9gia Concursos traz not\u00edcias sobre concursos e artigos de professores oferecendo cursos para concursos (pdf + videaulas) no site.","publisher":{"@id":"https:\/\/blog-estrategia.mystagingwebsite.com\/#organization"},"potentialAction":[{"@type":"SearchAction","target":{"@type":"EntryPoint","urlTemplate":"https:\/\/blog-estrategia.mystagingwebsite.com\/?s={search_term_string}"},"query-input":{"@type":"PropertyValueSpecification","valueRequired":true,"valueName":"search_term_string"}}],"inLanguage":"pt-BR"},{"@type":"Organization","@id":"https:\/\/blog-estrategia.mystagingwebsite.com\/#organization","name":"Estrat\u00e9gia Concursos","url":"https:\/\/blog-estrategia.mystagingwebsite.com\/","logo":{"@type":"ImageObject","inLanguage":"pt-BR","@id":"https:\/\/blog-estrategia.mystagingwebsite.com\/#\/schema\/logo\/image\/","url":"https:\/\/dhg1h5j42swfq.cloudfront.net\/2025\/06\/03203428\/logo_concursos-1.jpg","contentUrl":"https:\/\/dhg1h5j42swfq.cloudfront.net\/2025\/06\/03203428\/logo_concursos-1.jpg","width":230,"height":60,"caption":"Estrat\u00e9gia Concursos"},"image":{"@id":"https:\/\/blog-estrategia.mystagingwebsite.com\/#\/schema\/logo\/image\/"},"sameAs":["https:\/\/x.com\/EstratConcursos"]},{"@type":"Person","@id":"https:\/\/blog-estrategia.mystagingwebsite.com\/#\/schema\/person\/6630f91134abc08115cca62ce6372855","name":"Bruna de Andrade Fran\u00e7a","image":{"@type":"ImageObject","inLanguage":"pt-BR","@id":"https:\/\/secure.gravatar.com\/avatar\/d6316d36d50cea0fadae28ed3015b8870cc90a2d3d8a95c37b44006af36a00e3?s=96&d=mm&r=g","url":"https:\/\/secure.gravatar.com\/avatar\/d6316d36d50cea0fadae28ed3015b8870cc90a2d3d8a95c37b44006af36a00e3?s=96&d=mm&r=g","contentUrl":"https:\/\/secure.gravatar.com\/avatar\/d6316d36d50cea0fadae28ed3015b8870cc90a2d3d8a95c37b44006af36a00e3?s=96&d=mm&r=g","caption":"Bruna de Andrade Fran\u00e7a"},"description":"Bruna de Andrade Fran\u00e7a \u00e9 publicit\u00e1ria, p\u00f3s-graduada em Marketing &amp; Growth, e atua h\u00e1 mais de sete anos no mercado de concursos p\u00fablicos. Atualmente, \u00e9 coordenadora do jornalismo de Carreira Jur\u00eddica e OAB no Estrat\u00e9gia Concursos, liderando a cobertura editorial das principais sele\u00e7\u00f5es do pa\u00eds. Especialista em reda\u00e7\u00e3o, SEO e Copywriting, acumula ampla experi\u00eancia na produ\u00e7\u00e3o e gest\u00e3o de conte\u00fado jornal\u00edstico. Ao longo de sua trajet\u00f3ria, tamb\u00e9m esteve \u00e0 frente da cobertura de concursos policiais, banc\u00e1rios, \u00e1rea legislativa e sa\u00fade.","url":"https:\/\/www.estrategiaconcursos.com.br\/blog\/author\/bruna-andrade\/"}]}},"_links":{"self":[{"href":"https:\/\/www.estrategiaconcursos.com.br\/blog\/wp-json\/wp\/v2\/posts\/98712","targetHints":{"allow":["GET"]}}],"collection":[{"href":"https:\/\/www.estrategiaconcursos.com.br\/blog\/wp-json\/wp\/v2\/posts"}],"about":[{"href":"https:\/\/www.estrategiaconcursos.com.br\/blog\/wp-json\/wp\/v2\/types\/post"}],"author":[{"embeddable":true,"href":"https:\/\/www.estrategiaconcursos.com.br\/blog\/wp-json\/wp\/v2\/users\/1206"}],"replies":[{"embeddable":true,"href":"https:\/\/www.estrategiaconcursos.com.br\/blog\/wp-json\/wp\/v2\/comments?post=98712"}],"version-history":[{"count":13,"href":"https:\/\/www.estrategiaconcursos.com.br\/blog\/wp-json\/wp\/v2\/posts\/98712\/revisions"}],"predecessor-version":[{"id":1802289,"href":"https:\/\/www.estrategiaconcursos.com.br\/blog\/wp-json\/wp\/v2\/posts\/98712\/revisions\/1802289"}],"wp:featuredmedia":[{"embeddable":true,"href":"https:\/\/www.estrategiaconcursos.com.br\/blog\/wp-json\/wp\/v2\/media\/1200605"}],"wp:attachment":[{"href":"https:\/\/www.estrategiaconcursos.com.br\/blog\/wp-json\/wp\/v2\/media?parent=98712"}],"wp:term":[{"taxonomy":"category","embeddable":true,"href":"https:\/\/www.estrategiaconcursos.com.br\/blog\/wp-json\/wp\/v2\/categories?post=98712"},{"taxonomy":"post_tag","embeddable":true,"href":"https:\/\/www.estrategiaconcursos.com.br\/blog\/wp-json\/wp\/v2\/tags?post=98712"},{"taxonomy":"tax_estado","embeddable":true,"href":"https:\/\/www.estrategiaconcursos.com.br\/blog\/wp-json\/wp\/v2\/tax_estado?post=98712"}],"curies":[{"name":"wp","href":"https:\/\/api.w.org\/{rel}","templated":true}]}}