{"id":987103,"date":"2022-05-22T23:59:00","date_gmt":"2022-05-23T02:59:00","guid":{"rendered":"https:\/\/www.estrategiaconcursos.com.br\/blog\/?p=987103"},"modified":"2024-01-08T09:35:03","modified_gmt":"2024-01-08T12:35:03","slug":"concurso-ima-campinas-edital-publicado","status":"publish","type":"post","link":"https:\/\/www.estrategiaconcursos.com.br\/blog\/concurso-ima-campinas-edital-publicado\/","title":{"rendered":"Edital IMA Campinas: inscri\u00e7\u00f5es encerradas e provas em junho"},"content":{"rendered":"\n<p>Com inscri\u00e7\u00f5es encerradas, o edital do concurso IMA Campinas  \u2013 Inform\u00e1tica de Munic\u00edpios Associados, estado de S\u00e3o Paulo, se aproxima da sua pr\u00f3xima etapa, a de provas. <\/p>\n\n\n\n<p>As avalia\u00e7\u00f5es est\u00e3o previstas para o dia 26 de junho, em locais e hor\u00e1rios a serem informados oportunamente, atrav\u00e9s do site da banca, <a href=\"https:\/\/www.consesp.com.br\/site\/index.php?pg=concursos\/info&amp;codigo=3751\" target=\"_blank\" rel=\"noreferrer noopener\"><strong>Consesp<\/strong><\/a>.<\/p>\n\n\n\n<p>Ao todo, o edital IMA Campinas oferta <strong>12 vagas em diversos cargos, com sal\u00e1rios iniciais de at\u00e9 R$ 4.852,50<\/strong>. As jornadas de trabalho s\u00e3o de at\u00e9 40 horas semanais.<\/p>\n\n\n\n<div class=\"container\" id=\"boxes\">\n  <div class=\"row\">\n\n    <div class=\"col-sm\">\n      <div class=\"banner-adm\" id=\"box-assinatura\">\n        <h3 class=\"titulo-assinatura\">Ima Campinas<\/h3>\n        <p class=\"subtitulo-assinatura\">Estude conosco para o concurso<\/p>\n        <div class=\"box-botao\">\n          <a class=\"btn-assinatura\" target=\"_blank\" href=\"https:\/\/www.estrategiaconcursos.com.br\/cursos\/\" role=\"button\" rel=\"noopener noreferrer\">Conhe\u00e7a os cursos<\/a>\n        <\/div>\n      <\/div>\n     \n    <\/div>\n\n  <\/div>\n<\/div>\n\n\n\n<h2 class=\"wp-block-heading\" id=\"h-principais-datas-ima-campinas\">Principais datas &#8211; IMA Campinas<\/h2>\n\n\n\n<ul class=\"wp-block-list\"><li><strong>Inscri\u00e7\u00f5es<\/strong><s>: 21\/03 a 22\/05\/2022<\/s><\/li><li><strong>Isen\u00e7\u00e3o da taxa<\/strong>: <s>21 a 25\/03\/2022<\/s><\/li><li><strong>\u00daltimo dia para pagamento<\/strong>: 23\/05\/2022<\/li><li><strong>Prova<\/strong>: 26\/06\/2022<\/li><\/ul>\n\n\n\n<h2 class=\"wp-block-heading\" id=\"cargos-vagas\">Cargos e vagas do edital IMA Campinas<\/h2>\n\n\n\n<p>Conforme o edital do concurso IMA Campinas, s\u00e3o ofertadas 12 vagas para diversos cargos de n\u00edveis m\u00e9dio\/t\u00e9cnico e superior. Abaixo voc\u00ea confere mais detalhes:<\/p>\n\n\n\n<p style=\"font-size:clamp(14.642px, 0.915rem + ((1vw - 3.2px) * 0.721), 22px);\"><strong>N\u00edvel m\u00e9dio\/t\u00e9cnico<\/strong><\/p>\n\n\n\n<ul class=\"wp-block-list\"><li><strong>Assistente I &#8211; 01 vaga<\/strong> (sal\u00e1rios entre R$ 1.929,50 e R$ 1.447,11)<\/li><li><strong>T\u00e9cnico em Tecnologia da Informa\u00e7\u00e3o I<\/strong> &#8211;<strong> 07 vagas <\/strong>(sal\u00e1rios de at\u00e9 R$ 2.872,91)<\/li><\/ul>\n\n\n\n<p style=\"font-size:clamp(14.642px, 0.915rem + ((1vw - 3.2px) * 0.721), 22px);\"><strong>N\u00edvel superior<\/strong><\/p>\n\n\n\n<ul class=\"wp-block-list\"><li><strong>Advogado Jr &#8211; 01 vaga<\/strong> (sal\u00e1rios de R$ 4.852,50)<\/li><li><strong>Analista em Tecnologia da Informa\u00e7\u00e3o Jr &#8211; 02 vagas<\/strong> (sal\u00e1rios de R$ 4.852,50)<\/li><li><strong>Jornalista Jr &#8211; 01 vaga<\/strong> (sal\u00e1rios de R$ 3.032,81)<\/li><\/ul>\n\n\n\n<h2 class=\"wp-block-heading\" id=\"h-etapa-de-provas-do-edital-ima-campinas\">Etapa de provas do edital IMA Campinas<\/h2>\n\n\n\n<p>O certame \u00e9 composto de duas etapas de provas, sendo elas: avalia\u00e7\u00e3o objetiva e prova escrita (Reda\u00e7\u00e3o, Case ou Pe\u00e7a Profissional). <\/p>\n\n\n\n<p>A previs\u00e3o \u00e9 que a prova objetiva ocorra na cidade de Campinas\/SP, com data prevista para o dia 26 de junho, nos locais e hor\u00e1rios a serem comunicados oportunamente.<\/p>\n\n\n\n<p>As provas objetivas constar\u00e3o das seguintes disciplinas e os respectivos n\u00fameros de quest\u00f5es e pontua\u00e7\u00e3o m\u00ednima necess\u00e1ria:<\/p>\n\n\n\n<div class=\"wp-block-image\"><figure class=\"aligncenter size-full\"><img loading=\"lazy\" decoding=\"async\" width=\"612\" height=\"477\" src=\"https:\/\/dhg1h5j42swfq.cloudfront.net\/2022\/03\/14155334\/image-173.png\" alt=\"Provas do edital IMA Campinas\" class=\"wp-image-987151\" srcset=\"https:\/\/dhg1h5j42swfq.cloudfront.net\/2022\/03\/14155334\/image-173.png 612w, https:\/\/dhg1h5j42swfq.cloudfront.net\/2022\/03\/14155334\/image-173-300x234.png 300w, https:\/\/dhg1h5j42swfq.cloudfront.net\/2022\/03\/14155334\/image-173-610x475.png 610w\" sizes=\"auto, (max-width: 612px) 100vw, 612px\" \/><\/figure><\/div>\n\n\n\n<div class=\"wp-block-image\"><figure class=\"aligncenter size-full is-resized\"><img loading=\"lazy\" decoding=\"async\" src=\"https:\/\/dhg1h5j42swfq.cloudfront.net\/2022\/03\/14155357\/image-174.png\" alt=\"Provas do edital IMA Campinas\" class=\"wp-image-987152\" width=\"581\" height=\"906\" srcset=\"https:\/\/dhg1h5j42swfq.cloudfront.net\/2022\/03\/14155357\/image-174.png 534w, https:\/\/dhg1h5j42swfq.cloudfront.net\/2022\/03\/14155357\/image-174-192x300.png 192w\" sizes=\"auto, (max-width: 581px) 100vw, 581px\" \/><\/figure><\/div>\n\n\n\n<div class=\"wp-block-image\"><figure class=\"aligncenter size-full is-resized\"><img loading=\"lazy\" decoding=\"async\" src=\"https:\/\/dhg1h5j42swfq.cloudfront.net\/2022\/03\/14155425\/image-175.png\" alt=\"\" class=\"wp-image-987154\" width=\"571\" height=\"196\" srcset=\"https:\/\/dhg1h5j42swfq.cloudfront.net\/2022\/03\/14155425\/image-175.png 527w, https:\/\/dhg1h5j42swfq.cloudfront.net\/2022\/03\/14155425\/image-175-300x103.png 300w\" sizes=\"auto, (max-width: 571px) 100vw, 571px\" \/><\/figure><\/div>\n\n\n\n<h3 class=\"wp-block-heading\" id=\"redacao\">Prova Escrita<\/h3>\n\n\n\n<p id=\"redacao\">A&nbsp;<strong>Reda\u00e7\u00e3o<\/strong>,&nbsp;<strong>Pe\u00e7a Profissional&nbsp;<\/strong>ou&nbsp;<strong>Case&nbsp;<\/strong>ser\u00e3o realizados juntamente com as Provas Objetivas e avaliados na escala de 0 a 20 pontos.<\/p>\n\n\n\n<hr class=\"wp-block-separator\"\/>\n\n\n\n<p class=\"has-text-align-center has-background\" style=\"background-color:#f3f3f3;font-size:clamp(14.642px, 0.915rem + ((1vw - 3.2px) * 0.721), 22px);\"><strong>Saiba mais: <a href=\"https:\/\/www.estrategiaconcursos.com.br\/blog\/concurso-ima-campinas\/\" target=\"_blank\" rel=\"noreferrer noopener\">Concurso IMA Campinas<\/a><\/strong><\/p>\n\n\n\n<h2 class=\"has-text-align-center wp-block-heading\" id=\"cursos-assinatura\"><em>Quer estudar para o concurso IMA Campinas?<\/em><\/h2>\n\n\n\n<div class=\"container\" id=\"boxes\">\n  <div class=\"row\">\n\n    <div class=\"col-sm\">\n      <div class=\"banner-adm\" id=\"box-assinatura\">\n        <h3 class=\"titulo-assinatura\">Ima Campinas<\/h3>\n        <p class=\"subtitulo-assinatura\">Estude conosco para o concurso<\/p>\n        <div class=\"box-botao\">\n          <a class=\"btn-assinatura\" target=\"_blank\" href=\"https:\/\/www.estrategiaconcursos.com.br\/cursos\/\" role=\"button\" rel=\"noopener noreferrer\">Conhe\u00e7a os cursos<\/a>\n        <\/div>\n      <\/div>\n     \n    <\/div>\n\n  <\/div>\n<\/div>\n\n\n\n<div class=\"container\" id=\"boxes\">\n  <div class=\"row\">\n\n    <div class=\"col-sm\">\n      <div class=\"estrategia\" id=\"box-assinatura\">\n        <h3 class=\"titulo-assinatura\">Assinatura Concursos<\/h3>\n        <p class=\"subtitulo-assinatura\">Assinatura de 1 ano ou 2 anos<\/p>\n        <div class=\"box-botao\">\n          <a class=\"btn-assinatura\" target=\"_blank\" href=\"https:\/\/www.estrategiaconcursos.com.br\/assinaturas\/\" role=\"button\" rel=\"noopener noreferrer\">ASSINE AGORA<\/a>\n        <\/div>\n      <\/div><\/div><\/div><\/div>\n\n\n\n<h2 class=\"has-text-align-center wp-block-heading\" id=\"h-quer-saber-tudo-sobre-concursos-previstos-confira-nossos-artigos\">Quer saber tudo sobre concursos previstos?<br \/>Confira  nossos artigos!<\/h2>\n\n\n\n<ul class=\"wp-block-list\"><li><a href=\"https:\/\/www.estrategiaconcursos.com.br\/blog\/concursos-abertos\/\" target=\"_blank\" rel=\"noreferrer noopener\">Concursos abertos<\/a><\/li><li><a href=\"https:\/\/www.estrategiaconcursos.com.br\/blog\/concursos-2022\/\" target=\"_blank\" rel=\"noreferrer noopener\">Concursos 2022<\/a><\/li><\/ul>\n\n\n\n<figure class=\"wp-block-image is-resized\"><img loading=\"lazy\" decoding=\"async\" src=\"https:\/\/dhg1h5j42swfq.cloudfront.net\/2021\/05\/07090011\/ficha-tecnica-1-1024x632-1-5.png\" alt=\"Informa\u00e7\u00f5es sobre o concurso IMA Campinas-SP\" class=\"wp-image-733747\" width=\"292\" height=\"180\" srcset=\"https:\/\/dhg1h5j42swfq.cloudfront.net\/2021\/05\/07090011\/ficha-tecnica-1-1024x632-1-5.png 1024w, https:\/\/dhg1h5j42swfq.cloudfront.net\/2021\/05\/07090011\/ficha-tecnica-1-1024x632-1-5-300x185.png 300w, https:\/\/dhg1h5j42swfq.cloudfront.net\/2021\/05\/07090011\/ficha-tecnica-1-1024x632-1-5-768x474.png 768w, https:\/\/dhg1h5j42swfq.cloudfront.net\/2021\/05\/07090011\/ficha-tecnica-1-1024x632-1-5-610x376.png 610w\" sizes=\"auto, (max-width: 292px) 100vw, 292px\" \/><\/figure>\n\n\n\n<h3 class=\"wp-block-heading\" id=\"ficha\">Informa\u00e7\u00f5es sobre o&nbsp;edital IMA Campinas-SP<\/h3>\n\n\n\n<ul class=\"wp-block-list\"><li><strong>Data da prova:<\/strong>&nbsp;26\/06\/2022<\/li><li><strong>Vagas<\/strong>: 12<\/li><li><strong>Cargos<\/strong>: diversos<\/li><li><strong>Banca<\/strong>: Consesp<\/li><li><strong>Escolaridade<\/strong>: N\u00edveis m\u00e9dio, t\u00e9cnico e superior<\/li><li><strong>Edital<\/strong>:&nbsp;<a href=\"https:\/\/dhg1h5j42swfq.cloudfront.net\/2022\/03\/14151950\/3751_1-editaldeabertutacp01-2022versaofinalformatada.pdf\" target=\"_blank\" rel=\"noreferrer noopener nofollow\">IMA Campinas<\/a><\/li><\/ul>\n","protected":false},"excerpt":{"rendered":"<p>Com inscri\u00e7\u00f5es encerradas, o edital do concurso IMA Campinas \u2013 Inform\u00e1tica de Munic\u00edpios Associados, estado de S\u00e3o Paulo, se aproxima da sua pr\u00f3xima etapa, a de provas. As avalia\u00e7\u00f5es est\u00e3o previstas para o dia 26 de junho, em locais e hor\u00e1rios a serem informados oportunamente, atrav\u00e9s do site da banca, Consesp. Ao todo, o edital [&hellip;]<\/p>\n","protected":false},"author":656,"featured_media":729950,"comment_status":"open","ping_status":"closed","sticky":false,"template":"","format":"standard","meta":{"post_tipo":"news","footnotes":""},"categories":[214992,220219],"tags":[],"tax_estado":[219989],"class_list":["post-987103","post","type-post","status-publish","format-standard","has-post-thumbnail","hentry","category-concursos-administrativos","category-noticias","tax_estado-sp"],"acf":[],"yoast_head":"<!-- This site is optimized with the Yoast SEO Premium plugin v27.2 (Yoast SEO v27.2) - https:\/\/yoast.com\/product\/yoast-seo-premium-wordpress\/ -->\n<title>Edital IMA Campinas: inscri\u00e7\u00f5es encerradas e provas em junho<\/title>\n<meta name=\"description\" content=\"Edital IMA Campinas: inscri\u00e7\u00f5es encerradas para 12 vagas em diversos cargos de n\u00edveis m\u00e9dio\/t\u00e9cnico e superior. Iniciais de R$ 4,8 mil!\" \/>\n<meta name=\"robots\" content=\"index, follow, max-snippet:-1, max-image-preview:large, max-video-preview:-1\" \/>\n<link rel=\"canonical\" href=\"https:\/\/www.estrategiaconcursos.com.br\/blog\/concurso-ima-campinas-edital-publicado\/\" \/>\n<meta property=\"og:locale\" content=\"pt_BR\" \/>\n<meta property=\"og:type\" content=\"article\" \/>\n<meta property=\"og:title\" content=\"Edital IMA Campinas: inscri\u00e7\u00f5es encerradas e provas em junho\" \/>\n<meta property=\"og:description\" content=\"Edital IMA Campinas: inscri\u00e7\u00f5es encerradas para 12 vagas em diversos cargos de n\u00edveis m\u00e9dio\/t\u00e9cnico e superior. Iniciais de R$ 4,8 mil!\" \/>\n<meta property=\"og:url\" content=\"https:\/\/www.estrategiaconcursos.com.br\/blog\/concurso-ima-campinas-edital-publicado\/\" \/>\n<meta property=\"og:site_name\" content=\"Estrat\u00e9gia Concursos\" \/>\n<meta property=\"article:published_time\" content=\"2022-05-23T02:59:00+00:00\" \/>\n<meta property=\"article:modified_time\" content=\"2024-01-08T12:35:03+00:00\" \/>\n<meta property=\"og:image\" content=\"https:\/\/dhg1h5j42swfq.cloudfront.net\/2021\/04\/03152540\/ima-campinas.jpg\" \/>\n\t<meta property=\"og:image:width\" content=\"768\" \/>\n\t<meta property=\"og:image:height\" content=\"432\" \/>\n\t<meta property=\"og:image:type\" content=\"image\/jpeg\" \/>\n<meta name=\"author\" content=\"F\u00e1bio Scaldelai\" \/>\n<meta name=\"twitter:card\" content=\"summary_large_image\" \/>\n<meta name=\"twitter:creator\" content=\"@EstratConcursos\" \/>\n<meta name=\"twitter:site\" content=\"@EstratConcursos\" \/>\n<meta name=\"twitter:label1\" content=\"Escrito por\" \/>\n\t<meta name=\"twitter:data1\" content=\"F\u00e1bio Scaldelai\" \/>\n\t<meta name=\"twitter:label2\" content=\"Est. tempo de leitura\" \/>\n\t<meta name=\"twitter:data2\" content=\"3 minutos\" \/>\n<script type=\"application\/ld+json\" class=\"yoast-schema-graph\">{\"@context\":\"https:\/\/schema.org\",\"@graph\":[{\"@type\":\"NewsArticle\",\"@id\":\"https:\/\/www.estrategiaconcursos.com.br\/blog\/concurso-ima-campinas-edital-publicado\/#article\",\"isPartOf\":{\"@id\":\"https:\/\/www.estrategiaconcursos.com.br\/blog\/concurso-ima-campinas-edital-publicado\/\"},\"author\":{\"name\":\"F\u00e1bio Scaldelai\",\"@id\":\"https:\/\/www.estrategiaconcursos.com.br\/blog\/#\/schema\/person\/e3b6b7ce0192dd4ad270655969d61750\"},\"headline\":\"Edital IMA Campinas: inscri\u00e7\u00f5es encerradas e provas em junho\",\"datePublished\":\"2022-05-23T02:59:00+00:00\",\"dateModified\":\"2024-01-08T12:35:03+00:00\",\"mainEntityOfPage\":{\"@id\":\"https:\/\/www.estrategiaconcursos.com.br\/blog\/concurso-ima-campinas-edital-publicado\/\"},\"wordCount\":410,\"commentCount\":0,\"publisher\":{\"@id\":\"https:\/\/www.estrategiaconcursos.com.br\/blog\/#organization\"},\"image\":{\"@id\":\"https:\/\/www.estrategiaconcursos.com.br\/blog\/concurso-ima-campinas-edital-publicado\/#primaryimage\"},\"thumbnailUrl\":\"https:\/\/dhg1h5j42swfq.cloudfront.net\/2021\/04\/03152540\/ima-campinas.jpg\",\"articleSection\":[\"Executivo (Administrativa)\",\"\u00daltimas not\u00edcias\"],\"inLanguage\":\"pt-BR\",\"potentialAction\":[{\"@type\":\"CommentAction\",\"name\":\"Comment\",\"target\":[\"https:\/\/www.estrategiaconcursos.com.br\/blog\/concurso-ima-campinas-edital-publicado\/#respond\"]}],\"copyrightYear\":\"2022\",\"copyrightHolder\":{\"@id\":\"https:\/\/www.estrategiaconcursos.com.br\/blog\/#organization\"}},{\"@type\":\"WebPage\",\"@id\":\"https:\/\/www.estrategiaconcursos.com.br\/blog\/concurso-ima-campinas-edital-publicado\/\",\"url\":\"https:\/\/www.estrategiaconcursos.com.br\/blog\/concurso-ima-campinas-edital-publicado\/\",\"name\":\"Edital IMA Campinas: inscri\u00e7\u00f5es encerradas e provas em junho\",\"isPartOf\":{\"@id\":\"https:\/\/www.estrategiaconcursos.com.br\/blog\/#website\"},\"primaryImageOfPage\":{\"@id\":\"https:\/\/www.estrategiaconcursos.com.br\/blog\/concurso-ima-campinas-edital-publicado\/#primaryimage\"},\"image\":{\"@id\":\"https:\/\/www.estrategiaconcursos.com.br\/blog\/concurso-ima-campinas-edital-publicado\/#primaryimage\"},\"thumbnailUrl\":\"https:\/\/dhg1h5j42swfq.cloudfront.net\/2021\/04\/03152540\/ima-campinas.jpg\",\"datePublished\":\"2022-05-23T02:59:00+00:00\",\"dateModified\":\"2024-01-08T12:35:03+00:00\",\"description\":\"Edital IMA Campinas: inscri\u00e7\u00f5es encerradas para 12 vagas em diversos cargos de n\u00edveis m\u00e9dio\/t\u00e9cnico e superior. Iniciais de R$ 4,8 mil!\",\"breadcrumb\":{\"@id\":\"https:\/\/www.estrategiaconcursos.com.br\/blog\/concurso-ima-campinas-edital-publicado\/#breadcrumb\"},\"inLanguage\":\"pt-BR\",\"potentialAction\":[{\"@type\":\"ReadAction\",\"target\":[\"https:\/\/www.estrategiaconcursos.com.br\/blog\/concurso-ima-campinas-edital-publicado\/\"]}]},{\"@type\":\"ImageObject\",\"inLanguage\":\"pt-BR\",\"@id\":\"https:\/\/www.estrategiaconcursos.com.br\/blog\/concurso-ima-campinas-edital-publicado\/#primaryimage\",\"url\":\"https:\/\/dhg1h5j42swfq.cloudfront.net\/2021\/04\/03152540\/ima-campinas.jpg\",\"contentUrl\":\"https:\/\/dhg1h5j42swfq.cloudfront.net\/2021\/04\/03152540\/ima-campinas.jpg\",\"width\":768,\"height\":432,\"caption\":\"Edital IMA Campinas\"},{\"@type\":\"BreadcrumbList\",\"@id\":\"https:\/\/www.estrategiaconcursos.com.br\/blog\/concurso-ima-campinas-edital-publicado\/#breadcrumb\",\"itemListElement\":[{\"@type\":\"ListItem\",\"position\":1,\"name\":\"In\u00edcio\",\"item\":\"https:\/\/www.estrategiaconcursos.com.br\/blog\/\"},{\"@type\":\"ListItem\",\"position\":2,\"name\":\"Edital IMA Campinas: inscri\u00e7\u00f5es encerradas e provas em junho\"}]},{\"@type\":\"WebSite\",\"@id\":\"https:\/\/www.estrategiaconcursos.com.br\/blog\/#website\",\"url\":\"https:\/\/www.estrategiaconcursos.com.br\/blog\/\",\"name\":\"Estrat\u00e9gia Concursos\",\"description\":\"O blog da Estrat\u00e9gia Concursos traz not\u00edcias sobre concursos e artigos de professores oferecendo cursos para concursos (pdf + videaulas) no site.\",\"publisher\":{\"@id\":\"https:\/\/www.estrategiaconcursos.com.br\/blog\/#organization\"},\"potentialAction\":[{\"@type\":\"SearchAction\",\"target\":{\"@type\":\"EntryPoint\",\"urlTemplate\":\"https:\/\/www.estrategiaconcursos.com.br\/blog\/?s={search_term_string}\"},\"query-input\":{\"@type\":\"PropertyValueSpecification\",\"valueRequired\":true,\"valueName\":\"search_term_string\"}}],\"inLanguage\":\"pt-BR\"},{\"@type\":\"Organization\",\"@id\":\"https:\/\/www.estrategiaconcursos.com.br\/blog\/#organization\",\"name\":\"Estrat\u00e9gia Concursos\",\"url\":\"https:\/\/www.estrategiaconcursos.com.br\/blog\/\",\"logo\":{\"@type\":\"ImageObject\",\"inLanguage\":\"pt-BR\",\"@id\":\"https:\/\/www.estrategiaconcursos.com.br\/blog\/#\/schema\/logo\/image\/\",\"url\":\"https:\/\/dhg1h5j42swfq.cloudfront.net\/2025\/06\/03203428\/logo_concursos-1.jpg\",\"contentUrl\":\"https:\/\/dhg1h5j42swfq.cloudfront.net\/2025\/06\/03203428\/logo_concursos-1.jpg\",\"width\":230,\"height\":60,\"caption\":\"Estrat\u00e9gia Concursos\"},\"image\":{\"@id\":\"https:\/\/www.estrategiaconcursos.com.br\/blog\/#\/schema\/logo\/image\/\"},\"sameAs\":[\"https:\/\/x.com\/EstratConcursos\"]},{\"@type\":\"Person\",\"@id\":\"https:\/\/www.estrategiaconcursos.com.br\/blog\/#\/schema\/person\/e3b6b7ce0192dd4ad270655969d61750\",\"name\":\"F\u00e1bio Scaldelai\",\"image\":{\"@type\":\"ImageObject\",\"inLanguage\":\"pt-BR\",\"@id\":\"https:\/\/secure.gravatar.com\/avatar\/8ed7492c4d88d8495bc0cb24cda6847b8ae23eec459a919e08e77d0ca0fd79ec?s=96&d=mm&r=g\",\"url\":\"https:\/\/secure.gravatar.com\/avatar\/8ed7492c4d88d8495bc0cb24cda6847b8ae23eec459a919e08e77d0ca0fd79ec?s=96&d=mm&r=g\",\"contentUrl\":\"https:\/\/secure.gravatar.com\/avatar\/8ed7492c4d88d8495bc0cb24cda6847b8ae23eec459a919e08e77d0ca0fd79ec?s=96&d=mm&r=g\",\"caption\":\"F\u00e1bio Scaldelai\"},\"description\":\"Jornalista no Estrat\u00e9gia Concursos e Produtor de Televis\u00e3o, formado em Jornalismo, R\u00e1dio e TV pela Faculdade Integrada Rio Branco, com especializa\u00e7\u00f5es em Gest\u00e3o Empresarial e Marketing pelo M\u00f3dulo. Atuou como produtor no SBT, TV Bandeirantes e R\u00e1dio Band FM, al\u00e9m de acumular tr\u00eas anos de experi\u00eancia no setor de concursos p\u00fablicos pela LFG (Luiz Fl\u00e1vio Gomes). No Estrat\u00e9gia Concursos, atua na apura\u00e7\u00e3o de not\u00edcias da \u00e1rea fiscal, al\u00e9m de coberturas sobre concursos das \u00e1reas de controle (TCU, TCE, etc), concurso AFT, \u00e1rea de gest\u00e3o e administrativa, bem como dos \u00f3rg\u00e3os participantes do CNU. Tamb\u00e9m possui experi\u00eancia em link building e an\u00e1lise de m\u00eddia, adquirida durante sua atua\u00e7\u00e3o na ag\u00eancia SEO Marketing.\",\"url\":\"https:\/\/www.estrategiaconcursos.com.br\/blog\/author\/fabio-scaldelaiestrategiaconcursos-com-br\/\"}]}<\/script>\n<!-- \/ Yoast SEO Premium plugin. -->","yoast_head_json":{"title":"Edital IMA Campinas: inscri\u00e7\u00f5es encerradas e provas em junho","description":"Edital IMA Campinas: inscri\u00e7\u00f5es encerradas para 12 vagas em diversos cargos de n\u00edveis m\u00e9dio\/t\u00e9cnico e superior. Iniciais de R$ 4,8 mil!","robots":{"index":"index","follow":"follow","max-snippet":"max-snippet:-1","max-image-preview":"max-image-preview:large","max-video-preview":"max-video-preview:-1"},"canonical":"https:\/\/www.estrategiaconcursos.com.br\/blog\/concurso-ima-campinas-edital-publicado\/","og_locale":"pt_BR","og_type":"article","og_title":"Edital IMA Campinas: inscri\u00e7\u00f5es encerradas e provas em junho","og_description":"Edital IMA Campinas: inscri\u00e7\u00f5es encerradas para 12 vagas em diversos cargos de n\u00edveis m\u00e9dio\/t\u00e9cnico e superior. Iniciais de R$ 4,8 mil!","og_url":"https:\/\/www.estrategiaconcursos.com.br\/blog\/concurso-ima-campinas-edital-publicado\/","og_site_name":"Estrat\u00e9gia Concursos","article_published_time":"2022-05-23T02:59:00+00:00","article_modified_time":"2024-01-08T12:35:03+00:00","og_image":[{"width":768,"height":432,"url":"https:\/\/dhg1h5j42swfq.cloudfront.net\/2021\/04\/03152540\/ima-campinas.jpg","type":"image\/jpeg"}],"author":"F\u00e1bio Scaldelai","twitter_card":"summary_large_image","twitter_creator":"@EstratConcursos","twitter_site":"@EstratConcursos","twitter_misc":{"Escrito por":"F\u00e1bio Scaldelai","Est. tempo de leitura":"3 minutos"},"schema":{"@context":"https:\/\/schema.org","@graph":[{"@type":"NewsArticle","@id":"https:\/\/www.estrategiaconcursos.com.br\/blog\/concurso-ima-campinas-edital-publicado\/#article","isPartOf":{"@id":"https:\/\/www.estrategiaconcursos.com.br\/blog\/concurso-ima-campinas-edital-publicado\/"},"author":{"name":"F\u00e1bio Scaldelai","@id":"https:\/\/www.estrategiaconcursos.com.br\/blog\/#\/schema\/person\/e3b6b7ce0192dd4ad270655969d61750"},"headline":"Edital IMA Campinas: inscri\u00e7\u00f5es encerradas e provas em junho","datePublished":"2022-05-23T02:59:00+00:00","dateModified":"2024-01-08T12:35:03+00:00","mainEntityOfPage":{"@id":"https:\/\/www.estrategiaconcursos.com.br\/blog\/concurso-ima-campinas-edital-publicado\/"},"wordCount":410,"commentCount":0,"publisher":{"@id":"https:\/\/www.estrategiaconcursos.com.br\/blog\/#organization"},"image":{"@id":"https:\/\/www.estrategiaconcursos.com.br\/blog\/concurso-ima-campinas-edital-publicado\/#primaryimage"},"thumbnailUrl":"https:\/\/dhg1h5j42swfq.cloudfront.net\/2021\/04\/03152540\/ima-campinas.jpg","articleSection":["Executivo (Administrativa)","\u00daltimas not\u00edcias"],"inLanguage":"pt-BR","potentialAction":[{"@type":"CommentAction","name":"Comment","target":["https:\/\/www.estrategiaconcursos.com.br\/blog\/concurso-ima-campinas-edital-publicado\/#respond"]}],"copyrightYear":"2022","copyrightHolder":{"@id":"https:\/\/www.estrategiaconcursos.com.br\/blog\/#organization"}},{"@type":"WebPage","@id":"https:\/\/www.estrategiaconcursos.com.br\/blog\/concurso-ima-campinas-edital-publicado\/","url":"https:\/\/www.estrategiaconcursos.com.br\/blog\/concurso-ima-campinas-edital-publicado\/","name":"Edital IMA Campinas: inscri\u00e7\u00f5es encerradas e provas em junho","isPartOf":{"@id":"https:\/\/www.estrategiaconcursos.com.br\/blog\/#website"},"primaryImageOfPage":{"@id":"https:\/\/www.estrategiaconcursos.com.br\/blog\/concurso-ima-campinas-edital-publicado\/#primaryimage"},"image":{"@id":"https:\/\/www.estrategiaconcursos.com.br\/blog\/concurso-ima-campinas-edital-publicado\/#primaryimage"},"thumbnailUrl":"https:\/\/dhg1h5j42swfq.cloudfront.net\/2021\/04\/03152540\/ima-campinas.jpg","datePublished":"2022-05-23T02:59:00+00:00","dateModified":"2024-01-08T12:35:03+00:00","description":"Edital IMA Campinas: inscri\u00e7\u00f5es encerradas para 12 vagas em diversos cargos de n\u00edveis m\u00e9dio\/t\u00e9cnico e superior. Iniciais de R$ 4,8 mil!","breadcrumb":{"@id":"https:\/\/www.estrategiaconcursos.com.br\/blog\/concurso-ima-campinas-edital-publicado\/#breadcrumb"},"inLanguage":"pt-BR","potentialAction":[{"@type":"ReadAction","target":["https:\/\/www.estrategiaconcursos.com.br\/blog\/concurso-ima-campinas-edital-publicado\/"]}]},{"@type":"ImageObject","inLanguage":"pt-BR","@id":"https:\/\/www.estrategiaconcursos.com.br\/blog\/concurso-ima-campinas-edital-publicado\/#primaryimage","url":"https:\/\/dhg1h5j42swfq.cloudfront.net\/2021\/04\/03152540\/ima-campinas.jpg","contentUrl":"https:\/\/dhg1h5j42swfq.cloudfront.net\/2021\/04\/03152540\/ima-campinas.jpg","width":768,"height":432,"caption":"Edital IMA Campinas"},{"@type":"BreadcrumbList","@id":"https:\/\/www.estrategiaconcursos.com.br\/blog\/concurso-ima-campinas-edital-publicado\/#breadcrumb","itemListElement":[{"@type":"ListItem","position":1,"name":"In\u00edcio","item":"https:\/\/www.estrategiaconcursos.com.br\/blog\/"},{"@type":"ListItem","position":2,"name":"Edital IMA Campinas: inscri\u00e7\u00f5es encerradas e provas em junho"}]},{"@type":"WebSite","@id":"https:\/\/www.estrategiaconcursos.com.br\/blog\/#website","url":"https:\/\/www.estrategiaconcursos.com.br\/blog\/","name":"Estrat\u00e9gia Concursos","description":"O blog da Estrat\u00e9gia Concursos traz not\u00edcias sobre concursos e artigos de professores oferecendo cursos para concursos (pdf + videaulas) no site.","publisher":{"@id":"https:\/\/www.estrategiaconcursos.com.br\/blog\/#organization"},"potentialAction":[{"@type":"SearchAction","target":{"@type":"EntryPoint","urlTemplate":"https:\/\/www.estrategiaconcursos.com.br\/blog\/?s={search_term_string}"},"query-input":{"@type":"PropertyValueSpecification","valueRequired":true,"valueName":"search_term_string"}}],"inLanguage":"pt-BR"},{"@type":"Organization","@id":"https:\/\/www.estrategiaconcursos.com.br\/blog\/#organization","name":"Estrat\u00e9gia Concursos","url":"https:\/\/www.estrategiaconcursos.com.br\/blog\/","logo":{"@type":"ImageObject","inLanguage":"pt-BR","@id":"https:\/\/www.estrategiaconcursos.com.br\/blog\/#\/schema\/logo\/image\/","url":"https:\/\/dhg1h5j42swfq.cloudfront.net\/2025\/06\/03203428\/logo_concursos-1.jpg","contentUrl":"https:\/\/dhg1h5j42swfq.cloudfront.net\/2025\/06\/03203428\/logo_concursos-1.jpg","width":230,"height":60,"caption":"Estrat\u00e9gia Concursos"},"image":{"@id":"https:\/\/www.estrategiaconcursos.com.br\/blog\/#\/schema\/logo\/image\/"},"sameAs":["https:\/\/x.com\/EstratConcursos"]},{"@type":"Person","@id":"https:\/\/www.estrategiaconcursos.com.br\/blog\/#\/schema\/person\/e3b6b7ce0192dd4ad270655969d61750","name":"F\u00e1bio Scaldelai","image":{"@type":"ImageObject","inLanguage":"pt-BR","@id":"https:\/\/secure.gravatar.com\/avatar\/8ed7492c4d88d8495bc0cb24cda6847b8ae23eec459a919e08e77d0ca0fd79ec?s=96&d=mm&r=g","url":"https:\/\/secure.gravatar.com\/avatar\/8ed7492c4d88d8495bc0cb24cda6847b8ae23eec459a919e08e77d0ca0fd79ec?s=96&d=mm&r=g","contentUrl":"https:\/\/secure.gravatar.com\/avatar\/8ed7492c4d88d8495bc0cb24cda6847b8ae23eec459a919e08e77d0ca0fd79ec?s=96&d=mm&r=g","caption":"F\u00e1bio Scaldelai"},"description":"Jornalista no Estrat\u00e9gia Concursos e Produtor de Televis\u00e3o, formado em Jornalismo, R\u00e1dio e TV pela Faculdade Integrada Rio Branco, com especializa\u00e7\u00f5es em Gest\u00e3o Empresarial e Marketing pelo M\u00f3dulo. Atuou como produtor no SBT, TV Bandeirantes e R\u00e1dio Band FM, al\u00e9m de acumular tr\u00eas anos de experi\u00eancia no setor de concursos p\u00fablicos pela LFG (Luiz Fl\u00e1vio Gomes). No Estrat\u00e9gia Concursos, atua na apura\u00e7\u00e3o de not\u00edcias da \u00e1rea fiscal, al\u00e9m de coberturas sobre concursos das \u00e1reas de controle (TCU, TCE, etc), concurso AFT, \u00e1rea de gest\u00e3o e administrativa, bem como dos \u00f3rg\u00e3os participantes do CNU. Tamb\u00e9m possui experi\u00eancia em link building e an\u00e1lise de m\u00eddia, adquirida durante sua atua\u00e7\u00e3o na ag\u00eancia SEO Marketing.","url":"https:\/\/www.estrategiaconcursos.com.br\/blog\/author\/fabio-scaldelaiestrategiaconcursos-com-br\/"}]}},"_links":{"self":[{"href":"https:\/\/www.estrategiaconcursos.com.br\/blog\/wp-json\/wp\/v2\/posts\/987103","targetHints":{"allow":["GET"]}}],"collection":[{"href":"https:\/\/www.estrategiaconcursos.com.br\/blog\/wp-json\/wp\/v2\/posts"}],"about":[{"href":"https:\/\/www.estrategiaconcursos.com.br\/blog\/wp-json\/wp\/v2\/types\/post"}],"author":[{"embeddable":true,"href":"https:\/\/www.estrategiaconcursos.com.br\/blog\/wp-json\/wp\/v2\/users\/656"}],"replies":[{"embeddable":true,"href":"https:\/\/www.estrategiaconcursos.com.br\/blog\/wp-json\/wp\/v2\/comments?post=987103"}],"version-history":[{"count":28,"href":"https:\/\/www.estrategiaconcursos.com.br\/blog\/wp-json\/wp\/v2\/posts\/987103\/revisions"}],"predecessor-version":[{"id":1032738,"href":"https:\/\/www.estrategiaconcursos.com.br\/blog\/wp-json\/wp\/v2\/posts\/987103\/revisions\/1032738"}],"wp:featuredmedia":[{"embeddable":true,"href":"https:\/\/www.estrategiaconcursos.com.br\/blog\/wp-json\/wp\/v2\/media\/729950"}],"wp:attachment":[{"href":"https:\/\/www.estrategiaconcursos.com.br\/blog\/wp-json\/wp\/v2\/media?parent=987103"}],"wp:term":[{"taxonomy":"category","embeddable":true,"href":"https:\/\/www.estrategiaconcursos.com.br\/blog\/wp-json\/wp\/v2\/categories?post=987103"},{"taxonomy":"post_tag","embeddable":true,"href":"https:\/\/www.estrategiaconcursos.com.br\/blog\/wp-json\/wp\/v2\/tags?post=987103"},{"taxonomy":"tax_estado","embeddable":true,"href":"https:\/\/www.estrategiaconcursos.com.br\/blog\/wp-json\/wp\/v2\/tax_estado?post=987103"}],"curies":[{"name":"wp","href":"https:\/\/api.w.org\/{rel}","templated":true}]}}