{"id":987068,"date":"2022-03-14T15:48:42","date_gmt":"2022-03-14T18:48:42","guid":{"rendered":"https:\/\/www.estrategiaconcursos.com.br\/blog\/?p=987068"},"modified":"2022-03-14T15:48:45","modified_gmt":"2022-03-14T18:48:45","slug":"basa-provas-comentadas-de-atualidades","status":"publish","type":"post","link":"https:\/\/www.estrategiaconcursos.com.br\/blog\/basa-provas-comentadas-de-atualidades\/","title":{"rendered":"BASA \u2013 provas comentadas de Atualidades"},"content":{"rendered":"\n<p>BASA \u2013 provas comentadas de Atualidades<br \/><br \/>Ol\u00e1, Caros Alunos,<br \/><br \/>Seguem os meus coment\u00e1rios as provas de T\u00e9cnico Banc\u00e1rio e de T\u00e9cnico Cient\u00edfico do BASA. Concordo com o gabarito preliminar da Cesgranrio. N\u00e3o vejo possibilidade de recursos. <\/p>\n\n\n\n<p>Os t\u00f3picos cobrados nas quest\u00f5es foram amplamente trabalhados em nosso curso de Atualidades, nas retrospectivas de Atualidades e nos simulados de Atualidades.<\/p>\n\n\n\n<p>Fa\u00e7am os nossos simulados de Atualidade. \u00c9 garantia de um bom desempenho nas provas da disciplina!<\/p>\n\n\n\n<p>Mais uma prova em que botamos para torrar!!!<\/p>\n\n\n\n<p>Grande Abra\u00e7o,<\/p>\n\n\n\n<p>Prof. Leandro Signori<br \/><br \/><strong>T\u00e9cnico Banc\u00e1rio<\/strong><br \/><br \/><strong>16 Considere o texto a seguir sobre a conjuntura na S\u00edria. <\/strong><\/p>\n\n\n\n<p>Khalid, de 47 anos, aponta com dor o seu \u00fanico rim, com apenas 70% de fun\u00e7\u00e3o. Ele est\u00e1 escondido em uma vala no meio do mato, junto com outros tr\u00eas s\u00edrios, Kassem, Nassir e Abdelrahman. Esta \u00e9 a parte polonesa da floresta de Bialowieza, compartilhada com Belarus, uma \u00e1rea frondosa de 150.000 hectares que se tornou o corredor de passagem predileto para milhares de migrantes s\u00edrios que atravessam ilegalmente a fronteira entre os dois pa\u00edses nas \u00faltimas semanas. Os quatro procedem de Damasco, em seu quinto dia de caminhada pela floresta, tentando se guiar com o GPS do celular para ir na dire\u00e7\u00e3o dos Pa\u00edses Baixos e Alemanha. <\/p>\n\n\n\n<p>Dispon\u00edvel em: https:\/\/brasil.elpais.com\/internacional\/2021-11-17\/quatro-sirios-escondidos-em-uma-vala-na-floresta-da-polonia-tudo-o-que-eu-quero-e-chegar-a-alemanha.html. Acesso em: 20 nov. 2021. Adaptado. <\/p>\n\n\n\n<p>Os quatro migrantes escapam de seu pa\u00eds de origem devido ao seguinte fator conjuntural: <\/p>\n\n\n\n<p>(A) um movimento separatista que ataca os mu\u00e7ulmanos. <\/p>\n\n\n\n<p>(B) um acordo de paz que foi rompido com a Uni\u00e3o Europeia. <\/p>\n\n\n\n<p>(C) uma interven\u00e7\u00e3o militar estrangeira que decretou estado de s\u00edtio. <\/p>\n\n\n\n<p>(D) uma revolu\u00e7\u00e3o religiosa que expulsou os isl\u00e2micos do pa\u00eds. <\/p>\n\n\n\n<p>(E) uma guerra civil que se prolonga no pa\u00eds h\u00e1 dez anos.<\/p>\n\n\n\n<p><strong>COMENT\u00c1RIOS:<\/strong><\/p>\n\n\n\n<p>Os quatro migrantes s\u00e3o origin\u00e1rios da S\u00edria, conforme mencionado pelo enunciado. O pa\u00eds vive uma situa\u00e7\u00e3o de guerra civil que j\u00e1 se prolonga por mais de dez anos. O conflito come\u00e7ou como um levante pac\u00edfico contra o regime do presidente Bashar al-Assad, em mar\u00e7o de 2011.<\/p>\n\n\n\n<p>Por causa da guerra, mais de 5 milh\u00f5es de pessoas tiveram que fugir do pa\u00eds &#8211; s\u00e3o os refugiados. Os refugiados foram principalmente para a Turquia, o L\u00edbano e a Jord\u00e2nia. Uma menor parcela busca ref\u00fagio na Europa, o que tem pressionado o bloco no debate de como acolher esses refugiados.<\/p>\n\n\n\n<p>Belarus \u00e9 um pa\u00eds vizinho da Pol\u00f4nia, da Ucr\u00e2nia e da R\u00fassia. \u00c9 um grande aliado da R\u00fassia, sendo governada por Aleksandr Lukashenko, desde 1994, que \u00e9 considerado o \u00faltimo ditador da Europa. O epis\u00f3dio mencionado na quest\u00e3o decorreu de Belarus estar incentivando que migrantes viessem de pa\u00edses em conflito da \u00c1sia para ingressarem na Uni\u00e3o Europeia de forma irregular. O objetivo era o de gerar tens\u00e3o sobre este tema delicado no bloco europeu, resistente em receber migrantes de pa\u00edses pobres e n\u00e3o europeus.<\/p>\n\n\n\n<p><strong>Gabarito: E.<\/strong><br \/><br \/><strong>17 Considere o texto sobre a a\u00e7\u00e3o governamental no Brasil. <\/strong><\/p>\n\n\n\n<p>De acordo com o decreto do poder executivo federal, de 8 de novembro de 2021, institui-se um novo programa de assist\u00eancia social que compete ao Minist\u00e9rio da Cidadania coordenar, gerir e operacionalizar, al\u00e9m de gerir os benef\u00edcios do programa; supervisionar o acompanhamento do cumprimento das condicionalidades, em conjunto com os Minist\u00e9rios setoriais e os demais entes federativos; acompanhar e fiscalizar a execu\u00e7\u00e3o do programa, para a qual poder\u00e1 utilizar mecanismos de articula\u00e7\u00e3o intersetorial; regulamentar e implementar as a\u00e7\u00f5es de apoio financeiro \u00e0 qualidade da gest\u00e3o e da execu\u00e7\u00e3o descentralizada do programa. <\/p>\n\n\n\n<p>Dispon\u00edvel em: https:\/\/www.in.gov.br\/en\/web\/dou\/-\/decreto-n-10.852-de-8-de-novembro-de-2021-357706502. Acesso em: 20 nov. 2021. Adaptado. <\/p>\n\n\n\n<p>O programa assistencial referido no decreto \u00e9 denominado <\/p>\n\n\n\n<p>(A) PROUNI <\/p>\n\n\n\n<p>(B) Aux\u00edlio Brasil <\/p>\n\n\n\n<p>(C) Bolsa Fam\u00edlia <\/p>\n\n\n\n<p>(D) Cheque Cidad\u00e3o <\/p>\n\n\n\n<p>(E) Aux\u00edlio Emergencial <\/p>\n\n\n\n<p><strong>COMENT\u00c1RIOS:<\/strong><\/p>\n\n\n\n<p>O programa assistencial referido \u00e9 o Aux\u00edlio Brasil. O programa foi institu\u00eddo por meio da Medida Provis\u00f3ria n\u00ba 1.061, de 9 de agosto de 2021, que tamb\u00e9m p\u00f4s fim ao Bolsa Fam\u00edlia. Dessa forma, o Aux\u00edlio Brasil foi considerado um substituto do Bolsa Fam\u00edlia.<\/p>\n\n\n\n<p>Inicialmente, o Aux\u00edlio Brasil pagar\u00e1 o mesmo valor m\u00e9dio do programa anterior, mas corrigido pela infla\u00e7\u00e3o. Segundo o governo, a ideia \u00e9 de que o programa amplie o n\u00famero de benefici\u00e1rios e que o valor mensal seja de, no m\u00ednimo R$ 400, a serem pagos at\u00e9 o final de 2022. Os benefici\u00e1rios do Programa Bolsa Fam\u00edlia ir\u00e3o fazer parte do Aux\u00edlio Brasil automaticamente, n\u00e3o sendo necess\u00e1rio se cadastrar novamente.<\/p>\n\n\n\n<p><strong>Gabarito: B.<\/strong><\/p>\n\n\n\n<p><strong>18 Considere o texto sobre a vacina\u00e7\u00e3o contra a Covid-19 no Brasil.<\/strong> <\/p>\n\n\n\n<p>O Brasil atingiu a marca de mais de 300 milh\u00f5es de doses de vacinas contra a Covid-19 aplicadas desde o in\u00edcio da campanha de vacina\u00e7\u00e3o, informou hoje (19 de novembro) o Minist\u00e9rio da Sa\u00fade (MS). At\u00e9 o momento, 157,6 milh\u00f5es de pessoas receberam a primeira dose e 129,8 milh\u00f5es tomaram as duas doses ou a dose \u00fanica da vacina, o que representa que 73,3% da popula\u00e7\u00e3o-alvo completou o ciclo vacinal. <\/p>\n\n\n\n<p>Dispon\u00edvel em: https:\/\/agenciabrasil.ebc.com.br. Acesso em: 20 nov. 2021. Adaptado. <\/p>\n\n\n\n<p>Com o objetivo de fortalecer a imuniza\u00e7\u00e3o da popula\u00e7\u00e3o contra a Covid-19, o governo liberou, em novembro de 2021, a terceira dose ou dose de refor\u00e7o para o seguinte segmento: <\/p>\n\n\n\n<p>(A) crian\u00e7as entre 0 e 7 anos de idade <\/p>\n\n\n\n<p>(B) adolescentes at\u00e9 16 anos de idade <\/p>\n\n\n\n<p>(C) adultos acima de 18 anos de idade <\/p>\n\n\n\n<p>(D) adolescentes at\u00e9 18 anos de idade <\/p>\n\n\n\n<p>(E) crian\u00e7as entre 7 e 14 anos de idade<\/p>\n\n\n\n<p><strong>COMENT\u00c1RIOS:<\/strong><\/p>\n\n\n\n<p>Em novembro de 2021, o Minist\u00e9rio da Sa\u00fade liberou a terceira dose para todos adultos acima de 18 anos de idade. Al\u00e9m de ampliar a terceira dose para toda a popula\u00e7\u00e3o adulta. O minist\u00e9rio mudou o intervalo para o refor\u00e7o: de seis meses, passaram para cinco meses.<br \/>At\u00e9 esse momento, s\u00f3 era indicado para indiv\u00edduos com mais de 60 anos, profissionais da sa\u00fade e imunossuprimidos (pessoas com problemas no sistema imunol\u00f3gico).<\/p>\n\n\n\n<p><strong>Gabarito: C.<\/strong><\/p>\n\n\n\n<p><strong>19 Considere o texto sobre a Academia Brasileira de Letras.<\/strong> <\/p>\n\n\n\n<p>Fundada em 20 de julho de 1897, a Academia Brasileira de Letras (ABL) \u00e9 not\u00edcia, quando um de seus membros morre, e a cadeira que ocupava se torna alvo da cobi\u00e7a de aspirantes a um novo membro. Historicamente, as candidaturas femininas foram rejeitadas. Rachel de Queiroz (1910-2003) foi a primeira mulher a se tornar uma das \u201cimortais\u201d em 1977. Em 2021, uma mulher se tornou a mais nova membra da ABL. Em novembro de 2021, a ABL admitiu como nova membra a <\/p>\n\n\n\n<p>(A) escritora Z\u00e9lia Gattai <\/p>\n\n\n\n<p>(B) atriz Nath\u00e1lia Timberg <\/p>\n\n\n\n<p>(C) escritora N\u00e9lida Pi\u00f1on <\/p>\n\n\n\n<p>(D) atriz Fernanda Montenegro <\/p>\n\n\n\n<p>(E) escritora Concei\u00e7\u00e3o Evaristo <\/p>\n\n\n\n<p><strong>COMENT\u00c1RIOS:<\/strong><\/p>\n\n\n\n<p>Em novembro de 2021, a atriz Fernanda Montenegro foi eleita para a Academia Brasileira de Letras. Aos 92 anos, ela se tornou a primeira mulher a assumir a cadeira 17 sucedendo o diplomata Affonso Arinos de Melo Franco, que faleceu em 2020.<br \/>Tamb\u00e9m no m\u00eas de novembro de 2021, o cantor Gilberto Gil foi eleito para participar da Academia Brasileira de Letras.<\/p>\n\n\n\n<p><strong>Gabarito: D.<\/strong><\/p>\n\n\n\n<p><strong>20 Considere o texto a seguir sobre a estiagem no Pantanal mato-grossense.<\/strong> <\/p>\n\n\n\n<p>No Centro-Oeste do Brasil, o Pantanal enfrenta o agravamento da maior seca em mais de 50 anos. A vala com \u00e1gua barrenta na beira da estrada foi onde a on\u00e7a conseguiu matar a sede. Eronilde tem fazenda no Pantanal h\u00e1 tr\u00eas d\u00e9cadas. Nunca enfrentou tanto tempo de estiagem. J\u00e1 s\u00e3o tr\u00eas anos sem enchente. \u201cTemos que torcer para vir uma chuva para n\u00f3s porque est\u00e1 dif\u00edcil a situa\u00e7\u00e3o aqui, imagina se seca isso a\u00ed, o tanto de jacar\u00e9 morto\u201d, diz a pecuarista. <\/p>\n\n\n\n<p>Dispon\u00edvel em: https:\/\/g1.globo.com. Acesso em: 20 nov. 2021. <\/p>\n\n\n\n<p>Em 2021, nesse contexto ambiental, o rio afetado pelos efeitos da seca \u00e9 o <\/p>\n\n\n\n<p>(A) Paraguai <\/p>\n\n\n\n<p>(B) Paran\u00e1 <\/p>\n\n\n\n<p>(C) Araguaia <\/p>\n\n\n\n<p>(D) Parna\u00edba <\/p>\n\n\n\n<p>(E) Tocantins<\/p>\n\n\n\n<p><strong>COMENT\u00c1RIOS:<\/strong><\/p>\n\n\n\n<p>O rio afetado pelos efeitos da seca \u00e9 o Paraguai, que passou por uma de suas piores secas da hist\u00f3ria. Concomitantemente, a \u00e1rea queimada na regi\u00e3o tem atingido um de seus maiores \u00edndices hist\u00f3ricos, o que tem sido apontado como um dos principais fatores da seca. <\/p>\n\n\n\n<p>O rio Paraguai nasce no Mato Grosso, atravessa brevemente a Bol\u00edvia, o Paraguai e des\u00e1gua no rio Paran\u00e1, que por sua vez desemboca no Oceano Atl\u00e2ntico. \u00c9 o principal curso d\u2019\u00e1gua da regi\u00e3o do Pantanal e do Paraguai, que tem sofrido muitos preju\u00edzos econ\u00f4micos com a escassez do rio. No Brasil, o estado mais afetado com essa seca foi o Mato Grosso.<\/p>\n\n\n\n<p>O rio Paraguai \u00e9 uma importante via de escoamento de commodities, principalmente o min\u00e9rio de ferro.<\/p>\n\n\n\n<p>A seca em quest\u00e3o decorreu do que ficou conhecido como a crise h\u00eddrica ocorrida em 2021.<\/p>\n\n\n\n<p><strong>Gabarito: A.<\/strong><br \/><br \/><strong>T\u00e9cnico Cient\u00edfico<\/strong><br \/><br \/>26 A vacina\u00e7\u00e3o contra Covid-19 no Brasil foi iniciada no dia 17 de janeiro de 2021, quando o pa\u00eds j\u00e1 contava 210 mil mortos pela doen\u00e7a. Os primeiros seis milh\u00f5es de doses foram da vacina CoronaVac, importadas pelo Instituto Butantan, em uma colabora\u00e7\u00e3o com a empresa chinesa Sinovac Biotech. Em 2021, a vacina\u00e7\u00e3o contra Covid-19 no Brasil sucedeu do seguinte modo: <\/p>\n\n\n\n<p>(A) no primeiro semestre, toda a popula\u00e7\u00e3o adulta estava vacinada com as duas doses. <\/p>\n\n\n\n<p>(B) no primeiro semestre, foi iniciada a vacina\u00e7\u00e3o com a terceira dose para a popula\u00e7\u00e3o idosa. <\/p>\n\n\n\n<p>(C) no segundo semestre, mais de 60% da popula\u00e7\u00e3o estava vacinada com as duas doses. <\/p>\n\n\n\n<p>(D) no segundo semestre, toda a popula\u00e7\u00e3o estava imunizada com a vacina de dose \u00fanica. <\/p>\n\n\n\n<p>(E) no segundo semestre, 60% das crian\u00e7as menores de 12 anos estavam imunizadas com a vacina de dose \u00fanica. <\/p>\n\n\n\n<p><\/p>\n\n\n\n<p><strong>COMENT\u00c1RIOS:<\/strong><\/p>\n\n\n\n<p>Uma quest\u00e3o com afirmativas muito pontuais, que v\u00e3o bem no detalhe do panorama vacinal brasileiro em 2021. Contudo, possuindo uma vis\u00e3o geral do processo de vacina\u00e7\u00e3o, era poss\u00edvel ir eliminando alternativas e resolv\u00ea-la. <\/p>\n\n\n\n<p>A vacina\u00e7\u00e3o contra a Covid-19 no Brasil foi iniciada em janeiro. No primeiro semestre, progrediu lentamente no pa\u00eds, pois a oferta de doses era menor. No segundo semestre, a vacina\u00e7\u00e3o se acelerou, com o aumento da oferta de doses e uma maior ades\u00e3o da popula\u00e7\u00e3o.<\/p>\n\n\n\n<p>a) Incorreto. Quando a quest\u00e3o menciona toda a popula\u00e7\u00e3o adulta, est\u00e1 se referindo \u00e0 100% da popula\u00e7\u00e3o adulta vacinada. Atingir 100% da popula\u00e7\u00e3o vacinada, seja com uma ou duas doses, \u00e9 um n\u00famero que ir\u00e1 demorar para ser alcan\u00e7ado, e dificilmente ser\u00e1 alcan\u00e7ado \u2013 embora seja realisticamente poss\u00edvel fornecer doses para toda a popula\u00e7\u00e3o, h\u00e1 pessoas que ainda resistem em tomar a vacina.<br \/>Dessa forma, em nenhum momento de 2021, toda a popula\u00e7\u00e3o adulta estava com as duas doses. Ao final de 2021, cerca de 80% da popula\u00e7\u00e3o adulta estava vacinada com as duas doses.<\/p>\n\n\n\n<p>b) Incorreto. A vacina\u00e7\u00e3o com terceira dose para a popula\u00e7\u00e3o idosa foi liberada, pelo Minist\u00e9rio da Sa\u00fade, em agosto de 2021, e se iniciou em setembro de 2021. Portanto, ocorreu no segundo semestre de 2021.<\/p>\n\n\n\n<p>c) Correto. No m\u00eas de novembro, o Brasil atingiu o marco de 60% da popula\u00e7\u00e3o totalmente imunizada contra a Covid-19, com as duas doses. Portanto, foi no segundo semestre de 2021.<\/p>\n\n\n\n<p>d) Incorreto. A vacina de dose \u00fanica, mencionada pela alternativa, \u00e9 a vacina da Janssen. Quando a alternativa afirma que \u201ctoda a popula\u00e7\u00e3o estava imunizada com a vacina de dose \u00fanica\u201d, est\u00e1 dizendo que toda a popula\u00e7\u00e3o se imunizou com essa vacina. Essa n\u00e3o \u00e9 a \u00fanica vacina que est\u00e1 sendo utilizada no Brasil. Portanto, n\u00e3o h\u00e1 como toda a popula\u00e7\u00e3o se imunizar com ela. <\/p>\n\n\n\n<p>e) Incorreto. Mesmo erro l\u00f3gico da alternativa anterior. Dentre as vacinas que est\u00e3o sendo utilizadas no Brasil, a Janssen \u00e9 a menos utilizada. Dessa forma, n\u00e3o h\u00e1 como 60% das crian\u00e7as menores de 12 anos estarem imunizadas com essa vacina.<\/p>\n\n\n\n<p><strong>Gabarito: C.<\/strong><\/p>\n\n\n\n<p><strong>27 Considere o texto a seguir, acerca de um pr\u00eamio liter\u00e1rio brasileiro.<\/strong> <\/p>\n\n\n\n<p>Em 2020, ocorreu a \u00faltima edi\u00e7\u00e3o do Pr\u00eamio Jabuti, no qual as melhores produ\u00e7\u00f5es liter\u00e1rias brasileiras s\u00e3o laureadas, em diversas categorias, tais como conto, cr\u00f4nica, poesia, romance, hist\u00f3ria em quadrinhos, biografia e ci\u00eancias humanas, entre outras. <\/p>\n\n\n\n<p>Dispon\u00edvel em: https:\/\/www.premiojabuti.com.br. Acesso em: 20 nov. 2021. Adaptado. <\/p>\n\n\n\n<p>Na categoria liter\u00e1ria das Ci\u00eancias Humanas, foi premiado o livro \u201cPequeno Manual Antirracista\u201d, da autoria de <\/p>\n\n\n\n<p>(A) N\u00e9lida Pi\u00f1on <\/p>\n\n\n\n<p>(B) Djamila Ribeiro <\/p>\n\n\n\n<p>(C) Marina Colassanti <\/p>\n\n\n\n<p>(D) Concei\u00e7\u00e3o Evaristo <\/p>\n\n\n\n<p>(E) Helo\u00edsa Buarque de Hollanda<\/p>\n\n\n\n<p><strong>COMENT\u00c1RIOS:<\/strong><\/p>\n\n\n\n<p>O Pr\u00eamio Jabuti \u00e9 o mais tradicional pr\u00eamio liter\u00e1rio do Brasil, concedido pela C\u00e2mara Brasileira do Livro. <\/p>\n\n\n\n<p>No ano de 2020, quem levou o pr\u00eamio na categoria \u201cCi\u00eancias Humanas\u201d foi o \u201cPequeno manual antirracista\u201d, de Djamila Ribeiro. Na obra, a fil\u00f3sofa defende que o racismo \u00e9 um desafio para toda a sociedade brasileira devido ao passado escravocrata que o pa\u00eds possui.<\/p>\n\n\n\n<p>A principal categoria do Pr\u00eamio Jabuti, o livro do ano, ficou para o livro de poesia \u201cSolo para vilarejo\u201d, da autora Cida Pedrosa.<\/p>\n\n\n\n<p><strong>Gabarito: B.<\/strong><br \/><br \/><strong>28 Considere o texto a seguir sobre a COP26.<\/strong><\/p>\n\n\n\n<p>Na avalia\u00e7\u00e3o do chefe da ONU, Ant\u00f3nio Guterres, os compromissos firmados at\u00e9 o momento em Glasgow s\u00e3o \u201cencorajadores\u201d, mas a lacuna nas emiss\u00f5es continua \u201csendo uma enorme amea\u00e7a\u201d. Ele anunciou que ir\u00e1 estabelecer \u201cum Grupo de Especialistas de Alto-N\u00edvel para propor padr\u00f5es claros de medi\u00e7\u00e3o e an\u00e1lise dos compromissos sobre net zero (zero emiss\u00f5es l\u00edquidas de gases)\u201d, sendo que uma s\u00e9rie de recomenda\u00e7\u00f5es ser\u00e1 apresentada no pr\u00f3ximo ano. <\/p>\n\n\n\n<p>Dispon\u00edvel em: https:\/\/news.un.org\/pt\/story\/2021\/11\/1770162. Acesso em: 20 nov. 2021. <\/p>\n\n\n\n<p>A avalia\u00e7\u00e3o de Guterres sobre medi\u00e7\u00e3o, emiss\u00f5es e recomenda\u00e7\u00f5es diz respeito diretamente ao seguinte tema: <\/p>\n\n\n\n<p>(A) Mudan\u00e7a clim\u00e1tica global <\/p>\n\n\n\n<p>(B) Flexibiliza\u00e7\u00e3o da produ\u00e7\u00e3o <\/p>\n\n\n\n<p>(C) Financeiriza\u00e7\u00e3o da economia <\/p>\n\n\n\n<p>(D) Fluxo migrat\u00f3rio internacional <\/p>\n\n\n\n<p>(E) Tecnologia de Informa\u00e7\u00e3o e Comunica\u00e7\u00e3o <\/p>\n\n\n\n<p><strong>COMENT\u00c1RIOS:<\/strong><\/p>\n\n\n\n<p>A COP26 \u00e9 a Confer\u00eancia das Na\u00e7\u00f5es Unidas sobre as Mudan\u00e7as Clim\u00e1ticas de 2021, realizada em Glasgow, na Esc\u00f3cia. <\/p>\n\n\n\n<p>A COP \u00e9 a maior c\u00fapula de debates e tomada de a\u00e7\u00f5es para o enfrentamento das mudan\u00e7as clim\u00e1ticas e de seus efeitos no mundo, onde se busca adotar atitudes em conjunto para diminuir as emiss\u00f5es dos gases de efeito estufa.<\/p>\n\n\n\n<p>Portanto, a avalia\u00e7\u00e3o de Guterres sobre a COP26 diz respeito, diretamente, ao tema da mudan\u00e7a clim\u00e1tica global.<\/p>\n\n\n\n<p><strong>Gabarito: A.<\/strong><br \/><br \/><strong>29 Considere o texto a seguir sobre os talib\u00e3s.<\/strong> <\/p>\n\n\n\n<p>Duas d\u00e9cadas depois de serem expulsos do poder pelos Estados Unidos, os fundamentalistas voltaram ao comando do pa\u00eds, deflagrando uma s\u00e9rie de problemas de seguran\u00e7a, principalmente para os Estados vizinhos. A R\u00fassia vai convidar os talib\u00e3s para negocia\u00e7\u00f5es internacionais em Moscou, em 20 de outubro &#8211; anunciou o enviado do Kremlin, Zamir Kabulov. Ao ser questionado pelos jornalistas sobre se o Talib\u00e3 seria convidado para a reuni\u00e3o, que ter\u00e1 representantes de China, Ir\u00e3, Paquist\u00e3o e \u00cdndia, Kabulov, respondeu \u201csim\u201d. N\u00e3o especificou quem, do governo talib\u00e3, seria convidado. Esta confer\u00eancia internacional acontece na sequ\u00eancia de uma c\u00fapula extraordin\u00e1ria do G20, em 12 de outubro de 2021. <\/p>\n\n\n\n<p>Dispon\u00edvel em: https:\/\/exame.com. Acesso em: 20 nov. 2021. <\/p>\n\n\n\n<p>Nos conflitos geopol\u00edticos atuais, os talib\u00e3s s\u00e3o um grupo originariamente atuante no <\/p>\n\n\n\n<p>(A) Ir\u00e3 <\/p>\n\n\n\n<p>(B) I\u00eamen <\/p>\n\n\n\n<p>(C) Iraque <\/p>\n\n\n\n<p>(D) Paquist\u00e3o <\/p>\n\n\n\n<p>(E) Afeganist\u00e3o<\/p>\n\n\n\n<p><strong>COMENT\u00c1RIOS:<\/strong><\/p>\n\n\n\n<p>O Talib\u00e3 \u00e9 um grupo originariamente atuante no Afeganist\u00e3o. \u00c9 uma mil\u00edcia isl\u00e2mica fundamentalista, da vertente sunita. A mil\u00edcia chegou ao poder no pa\u00eds em 1996, mas foi deposta em 2001, quando os Estados Unidos invadiram o pa\u00eds, e asseguraram o novo governo mantendo um forte contingente militar no pa\u00eds.<\/p>\n\n\n\n<p>Em 2020, ap\u00f3s 19 anos de conflito armado, os EUA (governo Donald Trump) e o Talib\u00e3 assinaram um acordo de paz em Doha, no Catar, que estabeleceu a retirada progressiva das tropas norte-americanas do pa\u00eds. <\/p>\n\n\n\n<p>\u00c0 medida que as tropas estrangeiras foram deixando o Afeganist\u00e3o, o Talib\u00e3 foi avan\u00e7ando. Em poucos meses, conquistou grande parte do territ\u00f3rio afeg\u00e3o. No dia 15 de agosto de 2021, chegou na capital, Cabul, e retomou o poder no pa\u00eds.<\/p>\n\n\n\n<p><strong>Gabarito: E.<\/strong><\/p>\n\n\n\n<p><\/p>\n\n\n\n<p><strong>30 Considere o texto a seguir sobre a Academia Brasileira de Letras (ABL).<\/strong><\/p>\n\n\n\n<p>Fundada em 20 de julho de 1897, a ABL sempre vira not\u00edcia, quando um de seus membros morre, e a cadeira que ocupava se torna alvo da cobi\u00e7a de aspirantes a \u201cimortais\u201d. Em 2021, n\u00e3o apenas uma, mas cinco delas s\u00e3o disputadas por 15 candidatos &#8211; h\u00e1 desde atriz, cantor e advogado at\u00e9 m\u00e9dico, economista e representante ind\u00edgena. <\/p>\n\n\n\n<p>Dispon\u00edvel em: https:\/\/g1.globo.com. Acesso em: 20 nov. 2021. Adaptado. <\/p>\n\n\n\n<p>Em novembro de 2021, o novo membro eleito para ocupar uma cadeira na ABL foi o cantor e compositor <\/p>\n\n\n\n<p>(A) Ivan Lins <\/p>\n\n\n\n<p>(B) Gilberto Gil <\/p>\n\n\n\n<p>(C) Chico Buarque <\/p>\n\n\n\n<p>(D) Caetano Veloso <\/p>\n\n\n\n<p>(E) Milton Nascimento<br \/><\/p>\n\n\n\n<p><strong>COMENT\u00c1RIOS:<\/strong><\/p>\n\n\n\n<p>Em novembro de 2021, o cantor e compositor Gilberto Gil foi eleito para a cadeira 20 da Academia Brasileira de Letras (ABL). Ele sucedeu o ocupante anterior da cadeira, o jornalista Murilo Melo Filho, que faleceu em 2020. <\/p>\n\n\n\n<p>No m\u00eas de novembro de 2021, a atriz Fernanda Montenegro tamb\u00e9m foi eleita para a ABL.<\/p>\n\n\n\n<p><strong>Gabarito: B.<\/strong><br \/><\/p>\n","protected":false},"excerpt":{"rendered":"<p>BASA \u2013 provas comentadas de Atualidades Ol\u00e1, Caros Alunos, Seguem os meus coment\u00e1rios as provas de T\u00e9cnico Banc\u00e1rio e de T\u00e9cnico Cient\u00edfico do BASA. Concordo com o gabarito preliminar da Cesgranrio. N\u00e3o vejo possibilidade de recursos. Os t\u00f3picos cobrados nas quest\u00f5es foram amplamente trabalhados em nosso curso de Atualidades, nas retrospectivas de Atualidades e nos [&hellip;]<\/p>\n","protected":false},"author":306,"featured_media":0,"comment_status":"open","ping_status":"closed","sticky":false,"template":"","format":"standard","meta":{"post_tipo":"article","footnotes":""},"categories":[1],"tags":[],"tax_estado":[],"class_list":["post-987068","post","type-post","status-publish","format-standard","hentry","category-cursos-e-concursos"],"acf":[],"yoast_head":"<!-- This site is optimized with the Yoast SEO Premium plugin v27.2 (Yoast SEO v27.2) - https:\/\/yoast.com\/product\/yoast-seo-premium-wordpress\/ -->\n<title>BASA \u2013 provas comentadas de Atualidades<\/title>\n<meta name=\"robots\" content=\"index, follow, max-snippet:-1, max-image-preview:large, max-video-preview:-1\" \/>\n<link rel=\"canonical\" href=\"https:\/\/www.estrategiaconcursos.com.br\/blog\/basa-provas-comentadas-de-atualidades\/\" \/>\n<meta property=\"og:locale\" content=\"pt_BR\" \/>\n<meta property=\"og:type\" content=\"article\" \/>\n<meta property=\"og:title\" content=\"BASA \u2013 provas comentadas de Atualidades\" \/>\n<meta property=\"og:description\" content=\"BASA \u2013 provas comentadas de Atualidades Ol\u00e1, Caros Alunos, Seguem os meus coment\u00e1rios as provas de T\u00e9cnico Banc\u00e1rio e de T\u00e9cnico Cient\u00edfico do BASA. Concordo com o gabarito preliminar da Cesgranrio. N\u00e3o vejo possibilidade de recursos. Os t\u00f3picos cobrados nas quest\u00f5es foram amplamente trabalhados em nosso curso de Atualidades, nas retrospectivas de Atualidades e nos [&hellip;]\" \/>\n<meta property=\"og:url\" content=\"https:\/\/www.estrategiaconcursos.com.br\/blog\/basa-provas-comentadas-de-atualidades\/\" \/>\n<meta property=\"og:site_name\" content=\"Estrat\u00e9gia Concursos\" \/>\n<meta property=\"article:author\" content=\"https:\/\/www.facebook.com\/leandrosignoriatualidades\/\" \/>\n<meta property=\"article:published_time\" content=\"2022-03-14T18:48:42+00:00\" \/>\n<meta property=\"article:modified_time\" content=\"2022-03-14T18:48:45+00:00\" \/>\n<meta name=\"author\" content=\"Leandro Signori\" \/>\n<meta name=\"twitter:card\" content=\"summary_large_image\" \/>\n<meta name=\"twitter:creator\" content=\"@EstratConcursos\" \/>\n<meta name=\"twitter:site\" content=\"@EstratConcursos\" \/>\n<meta name=\"twitter:label1\" content=\"Escrito por\" \/>\n\t<meta name=\"twitter:data1\" content=\"Leandro Signori\" \/>\n\t<meta name=\"twitter:label2\" content=\"Est. tempo de leitura\" \/>\n\t<meta name=\"twitter:data2\" content=\"15 minutos\" \/>\n<script type=\"application\/ld+json\" class=\"yoast-schema-graph\">{\"@context\":\"https:\/\/schema.org\",\"@graph\":[{\"@type\":\"NewsArticle\",\"@id\":\"https:\/\/www.estrategiaconcursos.com.br\/blog\/basa-provas-comentadas-de-atualidades\/#article\",\"isPartOf\":{\"@id\":\"https:\/\/www.estrategiaconcursos.com.br\/blog\/basa-provas-comentadas-de-atualidades\/\"},\"author\":{\"name\":\"Leandro Signori\",\"@id\":\"https:\/\/www.estrategiaconcursos.com.br\/blog\/#\/schema\/person\/d2e7d78de4b9d6ba51cc24fd558a7f42\"},\"headline\":\"BASA \u2013 provas comentadas de Atualidades\",\"datePublished\":\"2022-03-14T18:48:42+00:00\",\"dateModified\":\"2022-03-14T18:48:45+00:00\",\"mainEntityOfPage\":{\"@id\":\"https:\/\/www.estrategiaconcursos.com.br\/blog\/basa-provas-comentadas-de-atualidades\/\"},\"wordCount\":2935,\"commentCount\":0,\"publisher\":{\"@id\":\"https:\/\/www.estrategiaconcursos.com.br\/blog\/#organization\"},\"articleSection\":[\"Concursos P\u00fablicos\"],\"inLanguage\":\"pt-BR\",\"potentialAction\":[{\"@type\":\"CommentAction\",\"name\":\"Comment\",\"target\":[\"https:\/\/www.estrategiaconcursos.com.br\/blog\/basa-provas-comentadas-de-atualidades\/#respond\"]}],\"copyrightYear\":\"2022\",\"copyrightHolder\":{\"@id\":\"https:\/\/www.estrategiaconcursos.com.br\/blog\/#organization\"}},{\"@type\":\"WebPage\",\"@id\":\"https:\/\/www.estrategiaconcursos.com.br\/blog\/basa-provas-comentadas-de-atualidades\/\",\"url\":\"https:\/\/www.estrategiaconcursos.com.br\/blog\/basa-provas-comentadas-de-atualidades\/\",\"name\":\"BASA \u2013 provas comentadas de Atualidades\",\"isPartOf\":{\"@id\":\"https:\/\/www.estrategiaconcursos.com.br\/blog\/#website\"},\"datePublished\":\"2022-03-14T18:48:42+00:00\",\"dateModified\":\"2022-03-14T18:48:45+00:00\",\"breadcrumb\":{\"@id\":\"https:\/\/www.estrategiaconcursos.com.br\/blog\/basa-provas-comentadas-de-atualidades\/#breadcrumb\"},\"inLanguage\":\"pt-BR\",\"potentialAction\":[{\"@type\":\"ReadAction\",\"target\":[\"https:\/\/www.estrategiaconcursos.com.br\/blog\/basa-provas-comentadas-de-atualidades\/\"]}]},{\"@type\":\"BreadcrumbList\",\"@id\":\"https:\/\/www.estrategiaconcursos.com.br\/blog\/basa-provas-comentadas-de-atualidades\/#breadcrumb\",\"itemListElement\":[{\"@type\":\"ListItem\",\"position\":1,\"name\":\"In\u00edcio\",\"item\":\"https:\/\/www.estrategiaconcursos.com.br\/blog\/\"},{\"@type\":\"ListItem\",\"position\":2,\"name\":\"BASA \u2013 provas comentadas de Atualidades\"}]},{\"@type\":\"WebSite\",\"@id\":\"https:\/\/www.estrategiaconcursos.com.br\/blog\/#website\",\"url\":\"https:\/\/www.estrategiaconcursos.com.br\/blog\/\",\"name\":\"Estrat\u00e9gia Concursos\",\"description\":\"O blog da Estrat\u00e9gia Concursos traz not\u00edcias sobre concursos e artigos de professores oferecendo cursos para concursos (pdf + videaulas) no site.\",\"publisher\":{\"@id\":\"https:\/\/www.estrategiaconcursos.com.br\/blog\/#organization\"},\"potentialAction\":[{\"@type\":\"SearchAction\",\"target\":{\"@type\":\"EntryPoint\",\"urlTemplate\":\"https:\/\/www.estrategiaconcursos.com.br\/blog\/?s={search_term_string}\"},\"query-input\":{\"@type\":\"PropertyValueSpecification\",\"valueRequired\":true,\"valueName\":\"search_term_string\"}}],\"inLanguage\":\"pt-BR\"},{\"@type\":\"Organization\",\"@id\":\"https:\/\/www.estrategiaconcursos.com.br\/blog\/#organization\",\"name\":\"Estrat\u00e9gia Concursos\",\"url\":\"https:\/\/www.estrategiaconcursos.com.br\/blog\/\",\"logo\":{\"@type\":\"ImageObject\",\"inLanguage\":\"pt-BR\",\"@id\":\"https:\/\/www.estrategiaconcursos.com.br\/blog\/#\/schema\/logo\/image\/\",\"url\":\"https:\/\/dhg1h5j42swfq.cloudfront.net\/2025\/06\/03203428\/logo_concursos-1.jpg\",\"contentUrl\":\"https:\/\/dhg1h5j42swfq.cloudfront.net\/2025\/06\/03203428\/logo_concursos-1.jpg\",\"width\":230,\"height\":60,\"caption\":\"Estrat\u00e9gia Concursos\"},\"image\":{\"@id\":\"https:\/\/www.estrategiaconcursos.com.br\/blog\/#\/schema\/logo\/image\/\"},\"sameAs\":[\"https:\/\/x.com\/EstratConcursos\"]},{\"@type\":\"Person\",\"@id\":\"https:\/\/www.estrategiaconcursos.com.br\/blog\/#\/schema\/person\/d2e7d78de4b9d6ba51cc24fd558a7f42\",\"name\":\"Leandro Signori\",\"image\":{\"@type\":\"ImageObject\",\"inLanguage\":\"pt-BR\",\"@id\":\"https:\/\/secure.gravatar.com\/avatar\/aa2ef98e93764dcf1758f52d2792d4b3e4089ee25bc520608dde62ad802ae541?s=96&d=mm&r=g\",\"url\":\"https:\/\/secure.gravatar.com\/avatar\/aa2ef98e93764dcf1758f52d2792d4b3e4089ee25bc520608dde62ad802ae541?s=96&d=mm&r=g\",\"contentUrl\":\"https:\/\/secure.gravatar.com\/avatar\/aa2ef98e93764dcf1758f52d2792d4b3e4089ee25bc520608dde62ad802ae541?s=96&d=mm&r=g\",\"caption\":\"Leandro Signori\"},\"description\":\"Licenciado em Geografia pela Universidade Federal do Rio Grande do Sul (UFRGS) e Bacharel em Geografia pela Uniceub (Bras\u00edlia). Como servidor p\u00fablico, foi funcion\u00e1rio da Prefeitura de S\u00e3o Leopoldo (RS), Prefeitura de Porto Alegre (RS), Companhia Riograndense de Saneamento (Corsan) e Minist\u00e9rio da Integra\u00e7\u00e3o Nacional. \u00c9 professor de Geografia para o ensino m\u00e9dio na rede particular de ensino. Leciona as disciplinas de Atualidades, Conhecimentos Gerais, Geografia, Realidade Brasileira e Hist\u00f3ria, em cursos on line e presenciais preparat\u00f3rios para concursos p\u00fablicos.\",\"sameAs\":[\"https:\/\/www.facebook.com\/leandrosignoriatualidades\/\"],\"url\":\"https:\/\/www.estrategiaconcursos.com.br\/blog\/author\/leandroestrategiaconcursos-com-br\/\"}]}<\/script>\n<!-- \/ Yoast SEO Premium plugin. -->","yoast_head_json":{"title":"BASA \u2013 provas comentadas de Atualidades","robots":{"index":"index","follow":"follow","max-snippet":"max-snippet:-1","max-image-preview":"max-image-preview:large","max-video-preview":"max-video-preview:-1"},"canonical":"https:\/\/www.estrategiaconcursos.com.br\/blog\/basa-provas-comentadas-de-atualidades\/","og_locale":"pt_BR","og_type":"article","og_title":"BASA \u2013 provas comentadas de Atualidades","og_description":"BASA \u2013 provas comentadas de Atualidades Ol\u00e1, Caros Alunos, Seguem os meus coment\u00e1rios as provas de T\u00e9cnico Banc\u00e1rio e de T\u00e9cnico Cient\u00edfico do BASA. Concordo com o gabarito preliminar da Cesgranrio. N\u00e3o vejo possibilidade de recursos. Os t\u00f3picos cobrados nas quest\u00f5es foram amplamente trabalhados em nosso curso de Atualidades, nas retrospectivas de Atualidades e nos [&hellip;]","og_url":"https:\/\/www.estrategiaconcursos.com.br\/blog\/basa-provas-comentadas-de-atualidades\/","og_site_name":"Estrat\u00e9gia Concursos","article_author":"https:\/\/www.facebook.com\/leandrosignoriatualidades\/","article_published_time":"2022-03-14T18:48:42+00:00","article_modified_time":"2022-03-14T18:48:45+00:00","author":"Leandro Signori","twitter_card":"summary_large_image","twitter_creator":"@EstratConcursos","twitter_site":"@EstratConcursos","twitter_misc":{"Escrito por":"Leandro Signori","Est. tempo de leitura":"15 minutos"},"schema":{"@context":"https:\/\/schema.org","@graph":[{"@type":"NewsArticle","@id":"https:\/\/www.estrategiaconcursos.com.br\/blog\/basa-provas-comentadas-de-atualidades\/#article","isPartOf":{"@id":"https:\/\/www.estrategiaconcursos.com.br\/blog\/basa-provas-comentadas-de-atualidades\/"},"author":{"name":"Leandro Signori","@id":"https:\/\/www.estrategiaconcursos.com.br\/blog\/#\/schema\/person\/d2e7d78de4b9d6ba51cc24fd558a7f42"},"headline":"BASA \u2013 provas comentadas de Atualidades","datePublished":"2022-03-14T18:48:42+00:00","dateModified":"2022-03-14T18:48:45+00:00","mainEntityOfPage":{"@id":"https:\/\/www.estrategiaconcursos.com.br\/blog\/basa-provas-comentadas-de-atualidades\/"},"wordCount":2935,"commentCount":0,"publisher":{"@id":"https:\/\/www.estrategiaconcursos.com.br\/blog\/#organization"},"articleSection":["Concursos P\u00fablicos"],"inLanguage":"pt-BR","potentialAction":[{"@type":"CommentAction","name":"Comment","target":["https:\/\/www.estrategiaconcursos.com.br\/blog\/basa-provas-comentadas-de-atualidades\/#respond"]}],"copyrightYear":"2022","copyrightHolder":{"@id":"https:\/\/www.estrategiaconcursos.com.br\/blog\/#organization"}},{"@type":"WebPage","@id":"https:\/\/www.estrategiaconcursos.com.br\/blog\/basa-provas-comentadas-de-atualidades\/","url":"https:\/\/www.estrategiaconcursos.com.br\/blog\/basa-provas-comentadas-de-atualidades\/","name":"BASA \u2013 provas comentadas de Atualidades","isPartOf":{"@id":"https:\/\/www.estrategiaconcursos.com.br\/blog\/#website"},"datePublished":"2022-03-14T18:48:42+00:00","dateModified":"2022-03-14T18:48:45+00:00","breadcrumb":{"@id":"https:\/\/www.estrategiaconcursos.com.br\/blog\/basa-provas-comentadas-de-atualidades\/#breadcrumb"},"inLanguage":"pt-BR","potentialAction":[{"@type":"ReadAction","target":["https:\/\/www.estrategiaconcursos.com.br\/blog\/basa-provas-comentadas-de-atualidades\/"]}]},{"@type":"BreadcrumbList","@id":"https:\/\/www.estrategiaconcursos.com.br\/blog\/basa-provas-comentadas-de-atualidades\/#breadcrumb","itemListElement":[{"@type":"ListItem","position":1,"name":"In\u00edcio","item":"https:\/\/www.estrategiaconcursos.com.br\/blog\/"},{"@type":"ListItem","position":2,"name":"BASA \u2013 provas comentadas de Atualidades"}]},{"@type":"WebSite","@id":"https:\/\/www.estrategiaconcursos.com.br\/blog\/#website","url":"https:\/\/www.estrategiaconcursos.com.br\/blog\/","name":"Estrat\u00e9gia Concursos","description":"O blog da Estrat\u00e9gia Concursos traz not\u00edcias sobre concursos e artigos de professores oferecendo cursos para concursos (pdf + videaulas) no site.","publisher":{"@id":"https:\/\/www.estrategiaconcursos.com.br\/blog\/#organization"},"potentialAction":[{"@type":"SearchAction","target":{"@type":"EntryPoint","urlTemplate":"https:\/\/www.estrategiaconcursos.com.br\/blog\/?s={search_term_string}"},"query-input":{"@type":"PropertyValueSpecification","valueRequired":true,"valueName":"search_term_string"}}],"inLanguage":"pt-BR"},{"@type":"Organization","@id":"https:\/\/www.estrategiaconcursos.com.br\/blog\/#organization","name":"Estrat\u00e9gia Concursos","url":"https:\/\/www.estrategiaconcursos.com.br\/blog\/","logo":{"@type":"ImageObject","inLanguage":"pt-BR","@id":"https:\/\/www.estrategiaconcursos.com.br\/blog\/#\/schema\/logo\/image\/","url":"https:\/\/dhg1h5j42swfq.cloudfront.net\/2025\/06\/03203428\/logo_concursos-1.jpg","contentUrl":"https:\/\/dhg1h5j42swfq.cloudfront.net\/2025\/06\/03203428\/logo_concursos-1.jpg","width":230,"height":60,"caption":"Estrat\u00e9gia Concursos"},"image":{"@id":"https:\/\/www.estrategiaconcursos.com.br\/blog\/#\/schema\/logo\/image\/"},"sameAs":["https:\/\/x.com\/EstratConcursos"]},{"@type":"Person","@id":"https:\/\/www.estrategiaconcursos.com.br\/blog\/#\/schema\/person\/d2e7d78de4b9d6ba51cc24fd558a7f42","name":"Leandro Signori","image":{"@type":"ImageObject","inLanguage":"pt-BR","@id":"https:\/\/secure.gravatar.com\/avatar\/aa2ef98e93764dcf1758f52d2792d4b3e4089ee25bc520608dde62ad802ae541?s=96&d=mm&r=g","url":"https:\/\/secure.gravatar.com\/avatar\/aa2ef98e93764dcf1758f52d2792d4b3e4089ee25bc520608dde62ad802ae541?s=96&d=mm&r=g","contentUrl":"https:\/\/secure.gravatar.com\/avatar\/aa2ef98e93764dcf1758f52d2792d4b3e4089ee25bc520608dde62ad802ae541?s=96&d=mm&r=g","caption":"Leandro Signori"},"description":"Licenciado em Geografia pela Universidade Federal do Rio Grande do Sul (UFRGS) e Bacharel em Geografia pela Uniceub (Bras\u00edlia). Como servidor p\u00fablico, foi funcion\u00e1rio da Prefeitura de S\u00e3o Leopoldo (RS), Prefeitura de Porto Alegre (RS), Companhia Riograndense de Saneamento (Corsan) e Minist\u00e9rio da Integra\u00e7\u00e3o Nacional. \u00c9 professor de Geografia para o ensino m\u00e9dio na rede particular de ensino. Leciona as disciplinas de Atualidades, Conhecimentos Gerais, Geografia, Realidade Brasileira e Hist\u00f3ria, em cursos on line e presenciais preparat\u00f3rios para concursos p\u00fablicos.","sameAs":["https:\/\/www.facebook.com\/leandrosignoriatualidades\/"],"url":"https:\/\/www.estrategiaconcursos.com.br\/blog\/author\/leandroestrategiaconcursos-com-br\/"}]}},"_links":{"self":[{"href":"https:\/\/www.estrategiaconcursos.com.br\/blog\/wp-json\/wp\/v2\/posts\/987068","targetHints":{"allow":["GET"]}}],"collection":[{"href":"https:\/\/www.estrategiaconcursos.com.br\/blog\/wp-json\/wp\/v2\/posts"}],"about":[{"href":"https:\/\/www.estrategiaconcursos.com.br\/blog\/wp-json\/wp\/v2\/types\/post"}],"author":[{"embeddable":true,"href":"https:\/\/www.estrategiaconcursos.com.br\/blog\/wp-json\/wp\/v2\/users\/306"}],"replies":[{"embeddable":true,"href":"https:\/\/www.estrategiaconcursos.com.br\/blog\/wp-json\/wp\/v2\/comments?post=987068"}],"version-history":[{"count":4,"href":"https:\/\/www.estrategiaconcursos.com.br\/blog\/wp-json\/wp\/v2\/posts\/987068\/revisions"}],"predecessor-version":[{"id":987141,"href":"https:\/\/www.estrategiaconcursos.com.br\/blog\/wp-json\/wp\/v2\/posts\/987068\/revisions\/987141"}],"wp:attachment":[{"href":"https:\/\/www.estrategiaconcursos.com.br\/blog\/wp-json\/wp\/v2\/media?parent=987068"}],"wp:term":[{"taxonomy":"category","embeddable":true,"href":"https:\/\/www.estrategiaconcursos.com.br\/blog\/wp-json\/wp\/v2\/categories?post=987068"},{"taxonomy":"post_tag","embeddable":true,"href":"https:\/\/www.estrategiaconcursos.com.br\/blog\/wp-json\/wp\/v2\/tags?post=987068"},{"taxonomy":"tax_estado","embeddable":true,"href":"https:\/\/www.estrategiaconcursos.com.br\/blog\/wp-json\/wp\/v2\/tax_estado?post=987068"}],"curies":[{"name":"wp","href":"https:\/\/api.w.org\/{rel}","templated":true}]}}