{"id":986852,"date":"2023-01-15T23:59:00","date_gmt":"2023-01-16T02:59:00","guid":{"rendered":"https:\/\/www.estrategiaconcursos.com.br\/blog\/?p=986852"},"modified":"2023-01-16T11:30:26","modified_gmt":"2023-01-16T14:30:26","slug":"concurso-semace-edital-publicado","status":"publish","type":"post","link":"https:\/\/www.estrategiaconcursos.com.br\/blog\/concurso-semace-edital-publicado\/","title":{"rendered":"Edital SEMACE: confira o cronograma de datas atualizado"},"content":{"rendered":"\n<p>Est\u00e3o oficialmente encerradas as inscri\u00e7\u00f5es do edital SEMACE (<a href=\"https:\/\/www.estrategiaconcursos.com.br\/cursosPorConcurso\/superintendencia-estadual-do-meio-ambiente-semace\/\" target=\"_blank\" rel=\"noreferrer noopener\">Superintend\u00eancia Estadual do Meio Ambiente<\/a>). O prazo foi estendido at\u00e9 o dia 15 de janeiro, ap\u00f3s atualiza\u00e7\u00f5es no cronograma do concurso.<\/p>\n\n\n\n<p>J\u00e1 as provas objetivas e discursivas, de car\u00e1ter eliminat\u00f3ria e classificat\u00f3ria, seguem previstas para o dia 05 de fevereiro, nas cidades de Fortaleza, Crato e Sobral. No entanto, os locais de provas s\u00f3 ser\u00e3o divulgados no dia 28 de janeiro.<\/p>\n\n\n\n<ul class=\"wp-block-list\" style=\"font-size:clamp(14px, 0.875rem + ((1vw - 3.2px) * 0.392), 18px);\"><li><a href=\"https:\/\/dhg1h5j42swfq.cloudfront.net\/2023\/01\/16112019\/ycmme4e7218aek7vctlesp8unknqou5ow4fpcf1okqlsxorlymy1txpw4h0i4d2hxybx88gyw445bidf2795-1.pdf\" target=\"_blank\" rel=\"noreferrer noopener nofollow\"><strong>Confira o cronograma aqui<\/strong><\/a><\/li><\/ul>\n\n\n\n<p>Ao todo, est\u00e3o sendo ofertadas <strong>17 vagas<\/strong> para os cargos de&nbsp;<strong>Fiscal Ambiental&nbsp;<\/strong>e&nbsp;<strong><a href=\"https:\/\/www.estrategiaconcursos.com.br\/curso\/semace-gestor-ambiental-ga02-pacote-2022-pos-edital\/\" target=\"_blank\" rel=\"noreferrer noopener\">Gestor Ambiental<\/a><\/strong>. As oportunidades s\u00e3o para n\u00edvel superior de forma\u00e7\u00e3o, em diversas especialidades. Os futuros aprovados ter\u00e3o sal\u00e1rio inicial de <strong>R$ 3.931,17<\/strong>.<\/p>\n\n\n\n<p>Al\u00e9m do sal\u00e1rio, a remunera\u00e7\u00e3o \u00e9 acrescida da Gratifica\u00e7\u00e3o do Desempenho Ambiental (GDAM) com varia\u00e7\u00e3o de at\u00e9 100% do valor da refer\u00eancia em que o servidor estiver.<\/p>\n\n\n\n<div class=\"container\" id=\"boxes\">\n  <div class=\"row\">\n\n    <div class=\"col-sm\">\n      <div class=\"banner-estrategia\" id=\"box-assinatura\">\n        <h3 class=\"titulo-assinatura\">Concurso SEMACE<\/h3>\n        <p class=\"subtitulo-assinatura\">Conhe\u00e7a os cursos<\/p>\n        <div class=\"box-botao\">\n          <a class=\"btn-assinatura\" target=\"_blank\" href=\"https:\/\/www.estrategiaconcursos.com.br\/cursosPorConcurso\/superintendencia-estadual-do-meio-ambiente-semace\/\" rel=\"noopener\">Conhe\u00e7a mais<\/a>\n        <\/div>\n      <\/div>\n     \n    <\/div>\n\n  <\/div>\n<\/div>\n\n\n\n<h2 class=\"wp-block-heading\" id=\"situacao\">Edital SEMACE: principais datas<\/h2>\n\n\n\n<ul class=\"wp-block-list\"><li><strong>Inscri\u00e7\u00f5es<\/strong>: <s>16\/11 a 15\/01\/2023<\/s><\/li><li><strong>Isen\u00e7\u00e3o da taxa<\/strong>: <s>16 a 30\/11\/2022<\/s><\/li><li><strong>\u00daltimo dia para pagamento<\/strong>: <s>16\/01\/2023<\/s><\/li><li><strong>Prova<\/strong>: 05\/02\/2023<\/li><\/ul>\n\n\n\n<h2 class=\"wp-block-heading\" id=\"cargos-vagas\">Edital SEMACE: cargos e vagas <\/h2>\n\n\n\n<ul class=\"wp-block-list\"><li><strong>Fiscal Ambiental:<\/strong> 12 vagas + CR, R$ 3.931,17 (n\u00edvel superior);<\/li><li><strong><a href=\"https:\/\/www.estrategiaconcursos.com.br\/curso\/semace-gestor-ambiental-ga02-pacote-2022-pos-edital\/\" target=\"_blank\" rel=\"noreferrer noopener\">Gestor Ambiental<\/a>:<\/strong> 05 vagas + CR, R$ 3.931,17 (n\u00edvel superior).<\/li><\/ul>\n\n\n\n<h3 class=\"wp-block-heading\" id=\"requisitos\">Requisitos <\/h3>\n\n\n\n<ul class=\"wp-block-list\"><li><strong>Fiscal Ambiental<\/strong>: Diploma de conclus\u00e3o de curso de gradua\u00e7\u00e3o em <a href=\"https:\/\/www.estrategiaconcursos.com.br\/curso\/semace-fiscal-ambiental-engenharia-florestal-pacote-2022-pos-edital\/\" target=\"_blank\" rel=\"noreferrer noopener\">Engenharia Florestal<\/a>, <a href=\"https:\/\/www.estrategiaconcursos.com.br\/curso\/semace-fiscal-ambiental-engenharia-agronomica-pacote-2022-pos-edital\/\" target=\"_blank\" rel=\"noreferrer noopener\">Engenharia Agron\u00f4mica<\/a>, Geologia, Engenharia de Minas, Engenharia Civil, Arquitetura, <a href=\"https:\/\/www.estrategiaconcursos.com.br\/curso\/semace-fiscal-ambiental-geografia-pacote-2022-pos-edital\/\" target=\"_blank\" rel=\"noreferrer noopener\">Geografia<\/a>, <a href=\"https:\/\/www.estrategiaconcursos.com.br\/curso\/semace-fiscal-ambiental-biologia-biotecnologia-zootecnia-pacote-2022-pos-edital\/\" target=\"_blank\" rel=\"noreferrer noopener\">Biologia, Biotecnologia ou Zootecnia<\/a>, Engenharia de Pesca.<\/li><\/ul>\n\n\n\n<ul class=\"wp-block-list\"><li><strong>Gestor Ambiental<\/strong>: Diploma de conclus\u00e3o de curso de gradua\u00e7\u00e3o em Engenharia Qu\u00edmica, Tecnologia em Processos Qu\u00edmicos, Qu\u00edmica Industrial, Qu\u00edmica, Engenharia Ambiental, Engenharia Sanit\u00e1ria, Tecnologia em Saneamento Ambiental, Tecnologia em Gest\u00e3o Ambiental, Ci\u00eancias Ambientais, Economia Ecol\u00f3gica, Oceanografia, Engenharia de Energias.<\/li><\/ul>\n\n\n\n<h2 class=\"wp-block-heading\" id=\"etapas\">Edital SEMACE: etapas e provas<\/h2>\n\n\n\n<p>A avalia\u00e7\u00e3o dos candidatos ser\u00e1 realizada por meio de duas fases, sendo elas:<\/p>\n\n\n\n<ul class=\"wp-block-list\"><li><strong>1\u00aa fase:&nbsp;<\/strong>Prova Objetiva e Escrita (2 quest\u00f5es escritas);<\/li><li><strong>2\u00aa fase:&nbsp;<\/strong>Avalia\u00e7\u00e3o de T\u00edtulos.<\/li><\/ul>\n\n\n\n<h3 class=\"wp-block-heading\" id=\"objetiva\">Provas Objetivas<\/h3>\n\n\n\n<p>As provas objetivas, de car\u00e1ter eliminat\u00f3rio e classificat\u00f3rio, constar\u00e3o de 40 quest\u00f5es, com peso diferenciado conforme tabela abaixo:<\/p>\n\n\n\n<figure class=\"wp-block-image size-large\"><img loading=\"lazy\" decoding=\"async\" width=\"1024\" height=\"108\" src=\"https:\/\/dhg1h5j42swfq.cloudfront.net\/2022\/11\/01192916\/image-11-1024x108.png\" alt=\"Edital SEMACE: etapas e provas\" class=\"wp-image-1118835\" srcset=\"https:\/\/dhg1h5j42swfq.cloudfront.net\/2022\/11\/01192916\/image-11-1024x108.png 1024w, https:\/\/dhg1h5j42swfq.cloudfront.net\/2022\/11\/01192916\/image-11-300x32.png 300w, https:\/\/dhg1h5j42swfq.cloudfront.net\/2022\/11\/01192916\/image-11-768x81.png 768w, https:\/\/dhg1h5j42swfq.cloudfront.net\/2022\/11\/01192916\/image-11-1536x162.png 1536w, https:\/\/dhg1h5j42swfq.cloudfront.net\/2022\/11\/01192916\/image-11-610x64.png 610w, https:\/\/dhg1h5j42swfq.cloudfront.net\/2022\/11\/01192916\/image-11-150x16.png 150w, https:\/\/dhg1h5j42swfq.cloudfront.net\/2022\/11\/01192916\/image-11.png 1620w\" sizes=\"auto, (max-width: 1024px) 100vw, 1024px\" \/><\/figure>\n\n\n\n<p>Os itens das provas objetivas ser\u00e3o do tipo m\u00faltipla escolha, com 4 op\u00e7\u00f5es (A a D) e uma \u00fanica resposta correta.<\/p>\n\n\n\n<h3 class=\"wp-block-heading\">Provas Discursivas<\/h3>\n\n\n\n<p>Ser\u00e3o aplicadas provas discursivas, de car\u00e1ter eliminat\u00f3rio e classificat\u00f3rio, a todos os cargos, no mesmo dia e hor\u00e1rio previsto.<\/p>\n\n\n\n<p>A etapa ser\u00e1 constitu\u00edda de 2 quest\u00f5es, a respeito de tema constante do conte\u00fado program\u00e1tico. A prova discursiva ter\u00e1 o valor de 100 pontos, com valor de 50 pontos cada quest\u00e3o.<\/p>\n\n\n\n<p>Ser\u00e3o considerados aprovados apenas os candidatos que obtiverem o percentual m\u00ednimo de 60% de aproveitamento nos pontos da referida prova.<\/p>\n\n\n\n<p><strong>Realiza\u00e7\u00e3o das provas<\/strong><\/p>\n\n\n\n<p>As avalia\u00e7\u00f5es ser\u00e3o realizadas nas cidades de Fortaleza, Crato e Sobral, todas no Estado do Cear\u00e1, com dura\u00e7\u00e3o de 4 horas para realiza\u00e7\u00e3o, sendo:<\/p>\n\n\n\n<ul class=\"wp-block-list\"><li><strong>Fiscal Ambiental:<\/strong> turno tarde;<\/li><li><strong>Gestor Ambiental: <\/strong>turno manh\u00e3.<\/li><\/ul>\n\n\n\n<h3 class=\"wp-block-heading\" id=\"titulos\">Avalia\u00e7\u00e3o de T\u00edtulos<\/h3>\n\n\n\n<p>A Prova de T\u00edtulos consistir\u00e1 na an\u00e1lise dos t\u00edtulos apresentados pelos candidatos, conforme quadro a seguir:<\/p>\n\n\n\n<figure class=\"wp-block-image aligncenter size-large\"><img loading=\"lazy\" decoding=\"async\" width=\"1024\" height=\"305\" src=\"https:\/\/dhg1h5j42swfq.cloudfront.net\/2022\/11\/01193517\/image-12-1024x305.png\" alt=\"Avalia\u00e7\u00e3o de T\u00edtulos do edital SEMAE\" class=\"wp-image-1118836\" srcset=\"https:\/\/dhg1h5j42swfq.cloudfront.net\/2022\/11\/01193517\/image-12-1024x305.png 1024w, https:\/\/dhg1h5j42swfq.cloudfront.net\/2022\/11\/01193517\/image-12-300x89.png 300w, https:\/\/dhg1h5j42swfq.cloudfront.net\/2022\/11\/01193517\/image-12-768x229.png 768w, https:\/\/dhg1h5j42swfq.cloudfront.net\/2022\/11\/01193517\/image-12-610x182.png 610w, https:\/\/dhg1h5j42swfq.cloudfront.net\/2022\/11\/01193517\/image-12-150x45.png 150w, https:\/\/dhg1h5j42swfq.cloudfront.net\/2022\/11\/01193517\/image-12.png 1151w\" sizes=\"auto, (max-width: 1024px) 100vw, 1024px\" \/><\/figure>\n\n\n\n<p>Vale lembrar que somente dever\u00e3o participar da prova de t\u00edtulos do concurso SEMACE os candidatos aprovados na avalia\u00e7\u00e3o discursiva.<\/p>\n\n\n\n<p class=\"has-text-align-center has-background has-medium-font-size\" style=\"background-color:#e1e6ea\"><strong>Mais informa\u00e7\u00f5es: <a href=\"https:\/\/www.estrategiaconcursos.com.br\/blog\/concurso-semace\/\" target=\"_blank\" rel=\"noreferrer noopener\">Concurso SEMACE<\/a><\/strong><\/p>\n\n\n\n<hr class=\"wp-block-separator has-css-opacity\"\/>\n\n\n\n<h2 class=\"has-text-align-center wp-block-heading\" id=\"cursos-assinatura\"><em>Quer estudar para o edital SEMACE?<\/em><\/h2>\n\n\n\n<div class=\"container\" id=\"boxes\">\n  <div class=\"row\">\n\n    <div class=\"col-sm\">\n      <div class=\"banner-estrategia\" id=\"box-assinatura\">\n        <h3 class=\"titulo-assinatura\">Concurso SEMACE<\/h3>\n        <p class=\"subtitulo-assinatura\">Conhe\u00e7a os cursos<\/p>\n        <div class=\"box-botao\">\n          <a class=\"btn-assinatura\" target=\"_blank\" href=\"https:\/\/www.estrategiaconcursos.com.br\/cursosPorConcurso\/superintendencia-estadual-do-meio-ambiente-semace\/\" rel=\"noopener\">Conhe\u00e7a mais<\/a>\n        <\/div>\n      <\/div>\n     \n    <\/div>\n\n  <\/div>\n<\/div>\n\n\n\n<div class=\"container\" id=\"boxes\">\n  <div class=\"row\">\n\n    <div class=\"col-sm\">\n      <div class=\"estrategia\" id=\"box-assinatura\">\n        <h3 class=\"titulo-assinatura\">Assinatura Concursos<\/h3>\n        <p class=\"subtitulo-assinatura\">Assinatura de 1 ano ou 2 anos<\/p>\n        <div class=\"box-botao\">\n          <a class=\"btn-assinatura\" target=\"_blank\" href=\"https:\/\/www.estrategiaconcursos.com.br\/assinaturas\/\" role=\"button\" rel=\"noopener noreferrer\">ASSINE AGORA<\/a>\n        <\/div>\n      <\/div><\/div><\/div><\/div>\n\n\n\n<h2 class=\"has-text-align-center wp-block-heading\" id=\"h-quer-saber-tudo-sobre-concursos-previstos-confira-nossos-artigos\">Quer saber tudo sobre concursos previstos?<br \/>Confira  nossos artigos!<\/h2>\n\n\n\n<ul class=\"wp-block-list\"><li><a href=\"https:\/\/www.estrategiaconcursos.com.br\/blog\/concursos-abertos\/\" target=\"_blank\" rel=\"noreferrer noopener\">Concursos abertos<\/a><\/li><li><a href=\"https:\/\/www.estrategiaconcursos.com.br\/blog\/concursos-2023\/\" target=\"_blank\" rel=\"noreferrer noopener\">Concursos 2023<\/a><\/li><\/ul>\n\n\n\n<figure class=\"wp-block-image size-large is-resized\"><img loading=\"lazy\" decoding=\"async\" src=\"https:\/\/dhg1h5j42swfq.cloudfront.net\/2025\/06\/27101122\/ficha-tecnica-1-1024x632.png\" alt=\"Informa\u00e7\u00f5es do edital SEMACE\" class=\"wp-image-702728\" width=\"269\" height=\"166\" srcset=\"https:\/\/dhg1h5j42swfq.cloudfront.net\/2025\/06\/27101122\/ficha-tecnica-1-1024x632.png 1024w, https:\/\/dhg1h5j42swfq.cloudfront.net\/2025\/06\/27101122\/ficha-tecnica-1-300x185.png 300w, https:\/\/dhg1h5j42swfq.cloudfront.net\/2025\/06\/27101122\/ficha-tecnica-1-768x474.png 768w, https:\/\/dhg1h5j42swfq.cloudfront.net\/2025\/06\/27101122\/ficha-tecnica-1-1536x948.png 1536w, https:\/\/dhg1h5j42swfq.cloudfront.net\/2025\/06\/27101122\/ficha-tecnica-1-610x377.png 610w, https:\/\/dhg1h5j42swfq.cloudfront.net\/2025\/06\/27101122\/ficha-tecnica-1.png 1571w\" sizes=\"auto, (max-width: 269px) 100vw, 269px\" \/><\/figure>\n\n\n\n<h3 class=\"wp-block-heading\" id=\"ficha\">Informa\u00e7\u00f5es do edital SEMACE<\/h3>\n\n\n\n<ul class=\"wp-block-list\"><li><strong style=\"color: initial;\">Provas<\/strong><span style=\"color: initial;\">: <\/span>05\/02\/2023<\/li><li><strong>Vagas<\/strong>: 17 + 170 CR<\/li><li><strong>Cargos<\/strong>: Fiscal Ambiental\u00a0e\u00a0Gestor Ambiental<\/li><li><strong>Banca<\/strong>: <a href=\"http:\/\/concurso.idecan.org.br\/Concurso.aspx?ID=70\" target=\"_blank\" rel=\"noreferrer noopener\">IDECAN<\/a><\/li><li><strong>Escolaridade<\/strong>: N\u00edvel superior<\/li><li><strong>Edital<\/strong>:\u00a0<a href=\"https:\/\/dhg1h5j42swfq.cloudfront.net\/2022\/11\/01193534\/edital-semace.pdf\" target=\"_blank\" rel=\"noreferrer noopener nofollow\">Edital SEMACE 2022<\/a> <\/li><\/ul>\n","protected":false},"excerpt":{"rendered":"<p>Est\u00e3o oficialmente encerradas as inscri\u00e7\u00f5es do edital SEMACE (Superintend\u00eancia Estadual do Meio Ambiente). O prazo foi estendido at\u00e9 o dia 15 de janeiro, ap\u00f3s atualiza\u00e7\u00f5es no cronograma do concurso. J\u00e1 as provas objetivas e discursivas, de car\u00e1ter eliminat\u00f3ria e classificat\u00f3ria, seguem previstas para o dia 05 de fevereiro, nas cidades de Fortaleza, Crato e Sobral. [&hellip;]<\/p>\n","protected":false},"author":656,"featured_media":703469,"comment_status":"open","ping_status":"closed","sticky":false,"template":"","format":"standard","meta":{"post_tipo":"news","footnotes":""},"categories":[214992,220219],"tags":[],"tax_estado":[219969],"class_list":["post-986852","post","type-post","status-publish","format-standard","has-post-thumbnail","hentry","category-concursos-administrativos","category-noticias","tax_estado-ce"],"acf":[],"yoast_head":"<!-- This site is optimized with the Yoast SEO Premium plugin v27.2 (Yoast SEO v27.2) - https:\/\/yoast.com\/product\/yoast-seo-premium-wordpress\/ -->\n<title>Edital SEMACE: confira o cronograma de datas atualizado<\/title>\n<meta name=\"description\" content=\"Edital SEMACE: provas ser\u00e3o aplicadas no dia 05 de fevereiro. A disputa \u00e9 pelas 17 vagas + CR nos cargos de\u00a0Fiscal e\u00a0Gestor. Veja!\" \/>\n<meta name=\"robots\" content=\"index, follow, max-snippet:-1, max-image-preview:large, max-video-preview:-1\" \/>\n<link rel=\"canonical\" href=\"https:\/\/www.estrategiaconcursos.com.br\/blog\/concurso-semace-edital-publicado\/\" \/>\n<meta property=\"og:locale\" content=\"pt_BR\" \/>\n<meta property=\"og:type\" content=\"article\" \/>\n<meta property=\"og:title\" content=\"Edital SEMACE: confira o cronograma de datas atualizado\" \/>\n<meta property=\"og:description\" content=\"Edital SEMACE: provas ser\u00e3o aplicadas no dia 05 de fevereiro. A disputa \u00e9 pelas 17 vagas + CR nos cargos de\u00a0Fiscal e\u00a0Gestor. Veja!\" \/>\n<meta property=\"og:url\" content=\"https:\/\/www.estrategiaconcursos.com.br\/blog\/concurso-semace-edital-publicado\/\" \/>\n<meta property=\"og:site_name\" content=\"Estrat\u00e9gia Concursos\" \/>\n<meta property=\"article:published_time\" content=\"2023-01-16T02:59:00+00:00\" \/>\n<meta property=\"article:modified_time\" content=\"2023-01-16T14:30:26+00:00\" \/>\n<meta property=\"og:image\" content=\"https:\/\/dhg1h5j42swfq.cloudfront.net\/2021\/03\/29143931\/19.jpg\" \/>\n\t<meta property=\"og:image:width\" content=\"1200\" \/>\n\t<meta property=\"og:image:height\" content=\"628\" \/>\n\t<meta property=\"og:image:type\" content=\"image\/jpeg\" \/>\n<meta name=\"author\" content=\"F\u00e1bio Scaldelai\" \/>\n<meta name=\"twitter:card\" content=\"summary_large_image\" \/>\n<meta name=\"twitter:creator\" content=\"@EstratConcursos\" \/>\n<meta name=\"twitter:site\" content=\"@EstratConcursos\" \/>\n<meta name=\"twitter:label1\" content=\"Escrito por\" \/>\n\t<meta name=\"twitter:data1\" content=\"F\u00e1bio Scaldelai\" \/>\n\t<meta name=\"twitter:label2\" content=\"Est. tempo de leitura\" \/>\n\t<meta name=\"twitter:data2\" content=\"3 minutos\" \/>\n<script type=\"application\/ld+json\" class=\"yoast-schema-graph\">{\"@context\":\"https:\/\/schema.org\",\"@graph\":[{\"@type\":\"NewsArticle\",\"@id\":\"https:\/\/www.estrategiaconcursos.com.br\/blog\/concurso-semace-edital-publicado\/#article\",\"isPartOf\":{\"@id\":\"https:\/\/www.estrategiaconcursos.com.br\/blog\/concurso-semace-edital-publicado\/\"},\"author\":{\"name\":\"F\u00e1bio Scaldelai\",\"@id\":\"https:\/\/www.estrategiaconcursos.com.br\/blog\/#\/schema\/person\/e3b6b7ce0192dd4ad270655969d61750\"},\"headline\":\"Edital SEMACE: confira o cronograma de datas atualizado\",\"datePublished\":\"2023-01-16T02:59:00+00:00\",\"dateModified\":\"2023-01-16T14:30:26+00:00\",\"mainEntityOfPage\":{\"@id\":\"https:\/\/www.estrategiaconcursos.com.br\/blog\/concurso-semace-edital-publicado\/\"},\"wordCount\":601,\"commentCount\":0,\"publisher\":{\"@id\":\"https:\/\/www.estrategiaconcursos.com.br\/blog\/#organization\"},\"image\":{\"@id\":\"https:\/\/www.estrategiaconcursos.com.br\/blog\/concurso-semace-edital-publicado\/#primaryimage\"},\"thumbnailUrl\":\"https:\/\/dhg1h5j42swfq.cloudfront.net\/2021\/03\/29143931\/19.jpg\",\"articleSection\":[\"Executivo (Administrativa)\",\"\u00daltimas not\u00edcias\"],\"inLanguage\":\"pt-BR\",\"potentialAction\":[{\"@type\":\"CommentAction\",\"name\":\"Comment\",\"target\":[\"https:\/\/www.estrategiaconcursos.com.br\/blog\/concurso-semace-edital-publicado\/#respond\"]}],\"copyrightYear\":\"2023\",\"copyrightHolder\":{\"@id\":\"https:\/\/www.estrategiaconcursos.com.br\/blog\/#organization\"}},{\"@type\":\"WebPage\",\"@id\":\"https:\/\/www.estrategiaconcursos.com.br\/blog\/concurso-semace-edital-publicado\/\",\"url\":\"https:\/\/www.estrategiaconcursos.com.br\/blog\/concurso-semace-edital-publicado\/\",\"name\":\"Edital SEMACE: confira o cronograma de datas atualizado\",\"isPartOf\":{\"@id\":\"https:\/\/www.estrategiaconcursos.com.br\/blog\/#website\"},\"primaryImageOfPage\":{\"@id\":\"https:\/\/www.estrategiaconcursos.com.br\/blog\/concurso-semace-edital-publicado\/#primaryimage\"},\"image\":{\"@id\":\"https:\/\/www.estrategiaconcursos.com.br\/blog\/concurso-semace-edital-publicado\/#primaryimage\"},\"thumbnailUrl\":\"https:\/\/dhg1h5j42swfq.cloudfront.net\/2021\/03\/29143931\/19.jpg\",\"datePublished\":\"2023-01-16T02:59:00+00:00\",\"dateModified\":\"2023-01-16T14:30:26+00:00\",\"description\":\"Edital SEMACE: provas ser\u00e3o aplicadas no dia 05 de fevereiro. A disputa \u00e9 pelas 17 vagas + CR nos cargos de\u00a0Fiscal e\u00a0Gestor. Veja!\",\"breadcrumb\":{\"@id\":\"https:\/\/www.estrategiaconcursos.com.br\/blog\/concurso-semace-edital-publicado\/#breadcrumb\"},\"inLanguage\":\"pt-BR\",\"potentialAction\":[{\"@type\":\"ReadAction\",\"target\":[\"https:\/\/www.estrategiaconcursos.com.br\/blog\/concurso-semace-edital-publicado\/\"]}]},{\"@type\":\"ImageObject\",\"inLanguage\":\"pt-BR\",\"@id\":\"https:\/\/www.estrategiaconcursos.com.br\/blog\/concurso-semace-edital-publicado\/#primaryimage\",\"url\":\"https:\/\/dhg1h5j42swfq.cloudfront.net\/2021\/03\/29143931\/19.jpg\",\"contentUrl\":\"https:\/\/dhg1h5j42swfq.cloudfront.net\/2021\/03\/29143931\/19.jpg\",\"width\":1200,\"height\":628,\"caption\":\"concurso Semace revis\u00e3o de v\u00e9spera\"},{\"@type\":\"BreadcrumbList\",\"@id\":\"https:\/\/www.estrategiaconcursos.com.br\/blog\/concurso-semace-edital-publicado\/#breadcrumb\",\"itemListElement\":[{\"@type\":\"ListItem\",\"position\":1,\"name\":\"In\u00edcio\",\"item\":\"https:\/\/www.estrategiaconcursos.com.br\/blog\/\"},{\"@type\":\"ListItem\",\"position\":2,\"name\":\"Edital SEMACE: confira o cronograma de datas atualizado\"}]},{\"@type\":\"WebSite\",\"@id\":\"https:\/\/www.estrategiaconcursos.com.br\/blog\/#website\",\"url\":\"https:\/\/www.estrategiaconcursos.com.br\/blog\/\",\"name\":\"Estrat\u00e9gia Concursos\",\"description\":\"O blog da Estrat\u00e9gia Concursos traz not\u00edcias sobre concursos e artigos de professores oferecendo cursos para concursos (pdf + videaulas) no site.\",\"publisher\":{\"@id\":\"https:\/\/www.estrategiaconcursos.com.br\/blog\/#organization\"},\"potentialAction\":[{\"@type\":\"SearchAction\",\"target\":{\"@type\":\"EntryPoint\",\"urlTemplate\":\"https:\/\/www.estrategiaconcursos.com.br\/blog\/?s={search_term_string}\"},\"query-input\":{\"@type\":\"PropertyValueSpecification\",\"valueRequired\":true,\"valueName\":\"search_term_string\"}}],\"inLanguage\":\"pt-BR\"},{\"@type\":\"Organization\",\"@id\":\"https:\/\/www.estrategiaconcursos.com.br\/blog\/#organization\",\"name\":\"Estrat\u00e9gia Concursos\",\"url\":\"https:\/\/www.estrategiaconcursos.com.br\/blog\/\",\"logo\":{\"@type\":\"ImageObject\",\"inLanguage\":\"pt-BR\",\"@id\":\"https:\/\/www.estrategiaconcursos.com.br\/blog\/#\/schema\/logo\/image\/\",\"url\":\"https:\/\/dhg1h5j42swfq.cloudfront.net\/2025\/06\/03203428\/logo_concursos-1.jpg\",\"contentUrl\":\"https:\/\/dhg1h5j42swfq.cloudfront.net\/2025\/06\/03203428\/logo_concursos-1.jpg\",\"width\":230,\"height\":60,\"caption\":\"Estrat\u00e9gia Concursos\"},\"image\":{\"@id\":\"https:\/\/www.estrategiaconcursos.com.br\/blog\/#\/schema\/logo\/image\/\"},\"sameAs\":[\"https:\/\/x.com\/EstratConcursos\"]},{\"@type\":\"Person\",\"@id\":\"https:\/\/www.estrategiaconcursos.com.br\/blog\/#\/schema\/person\/e3b6b7ce0192dd4ad270655969d61750\",\"name\":\"F\u00e1bio Scaldelai\",\"image\":{\"@type\":\"ImageObject\",\"inLanguage\":\"pt-BR\",\"@id\":\"https:\/\/secure.gravatar.com\/avatar\/8ed7492c4d88d8495bc0cb24cda6847b8ae23eec459a919e08e77d0ca0fd79ec?s=96&d=mm&r=g\",\"url\":\"https:\/\/secure.gravatar.com\/avatar\/8ed7492c4d88d8495bc0cb24cda6847b8ae23eec459a919e08e77d0ca0fd79ec?s=96&d=mm&r=g\",\"contentUrl\":\"https:\/\/secure.gravatar.com\/avatar\/8ed7492c4d88d8495bc0cb24cda6847b8ae23eec459a919e08e77d0ca0fd79ec?s=96&d=mm&r=g\",\"caption\":\"F\u00e1bio Scaldelai\"},\"description\":\"Jornalista no Estrat\u00e9gia Concursos e Produtor de Televis\u00e3o, formado em Jornalismo, R\u00e1dio e TV pela Faculdade Integrada Rio Branco, com especializa\u00e7\u00f5es em Gest\u00e3o Empresarial e Marketing pelo M\u00f3dulo. Atuou como produtor no SBT, TV Bandeirantes e R\u00e1dio Band FM, al\u00e9m de acumular tr\u00eas anos de experi\u00eancia no setor de concursos p\u00fablicos pela LFG (Luiz Fl\u00e1vio Gomes). No Estrat\u00e9gia Concursos, atua na apura\u00e7\u00e3o de not\u00edcias da \u00e1rea fiscal, al\u00e9m de coberturas sobre concursos das \u00e1reas de controle (TCU, TCE, etc), concurso AFT, \u00e1rea de gest\u00e3o e administrativa, bem como dos \u00f3rg\u00e3os participantes do CNU. Tamb\u00e9m possui experi\u00eancia em link building e an\u00e1lise de m\u00eddia, adquirida durante sua atua\u00e7\u00e3o na ag\u00eancia SEO Marketing.\",\"url\":\"https:\/\/www.estrategiaconcursos.com.br\/blog\/author\/fabio-scaldelaiestrategiaconcursos-com-br\/\"}]}<\/script>\n<!-- \/ Yoast SEO Premium plugin. -->","yoast_head_json":{"title":"Edital SEMACE: confira o cronograma de datas atualizado","description":"Edital SEMACE: provas ser\u00e3o aplicadas no dia 05 de fevereiro. A disputa \u00e9 pelas 17 vagas + CR nos cargos de\u00a0Fiscal e\u00a0Gestor. Veja!","robots":{"index":"index","follow":"follow","max-snippet":"max-snippet:-1","max-image-preview":"max-image-preview:large","max-video-preview":"max-video-preview:-1"},"canonical":"https:\/\/www.estrategiaconcursos.com.br\/blog\/concurso-semace-edital-publicado\/","og_locale":"pt_BR","og_type":"article","og_title":"Edital SEMACE: confira o cronograma de datas atualizado","og_description":"Edital SEMACE: provas ser\u00e3o aplicadas no dia 05 de fevereiro. A disputa \u00e9 pelas 17 vagas + CR nos cargos de\u00a0Fiscal e\u00a0Gestor. Veja!","og_url":"https:\/\/www.estrategiaconcursos.com.br\/blog\/concurso-semace-edital-publicado\/","og_site_name":"Estrat\u00e9gia Concursos","article_published_time":"2023-01-16T02:59:00+00:00","article_modified_time":"2023-01-16T14:30:26+00:00","og_image":[{"width":1200,"height":628,"url":"https:\/\/dhg1h5j42swfq.cloudfront.net\/2021\/03\/29143931\/19.jpg","type":"image\/jpeg"}],"author":"F\u00e1bio Scaldelai","twitter_card":"summary_large_image","twitter_creator":"@EstratConcursos","twitter_site":"@EstratConcursos","twitter_misc":{"Escrito por":"F\u00e1bio Scaldelai","Est. tempo de leitura":"3 minutos"},"schema":{"@context":"https:\/\/schema.org","@graph":[{"@type":"NewsArticle","@id":"https:\/\/www.estrategiaconcursos.com.br\/blog\/concurso-semace-edital-publicado\/#article","isPartOf":{"@id":"https:\/\/www.estrategiaconcursos.com.br\/blog\/concurso-semace-edital-publicado\/"},"author":{"name":"F\u00e1bio Scaldelai","@id":"https:\/\/www.estrategiaconcursos.com.br\/blog\/#\/schema\/person\/e3b6b7ce0192dd4ad270655969d61750"},"headline":"Edital SEMACE: confira o cronograma de datas atualizado","datePublished":"2023-01-16T02:59:00+00:00","dateModified":"2023-01-16T14:30:26+00:00","mainEntityOfPage":{"@id":"https:\/\/www.estrategiaconcursos.com.br\/blog\/concurso-semace-edital-publicado\/"},"wordCount":601,"commentCount":0,"publisher":{"@id":"https:\/\/www.estrategiaconcursos.com.br\/blog\/#organization"},"image":{"@id":"https:\/\/www.estrategiaconcursos.com.br\/blog\/concurso-semace-edital-publicado\/#primaryimage"},"thumbnailUrl":"https:\/\/dhg1h5j42swfq.cloudfront.net\/2021\/03\/29143931\/19.jpg","articleSection":["Executivo (Administrativa)","\u00daltimas not\u00edcias"],"inLanguage":"pt-BR","potentialAction":[{"@type":"CommentAction","name":"Comment","target":["https:\/\/www.estrategiaconcursos.com.br\/blog\/concurso-semace-edital-publicado\/#respond"]}],"copyrightYear":"2023","copyrightHolder":{"@id":"https:\/\/www.estrategiaconcursos.com.br\/blog\/#organization"}},{"@type":"WebPage","@id":"https:\/\/www.estrategiaconcursos.com.br\/blog\/concurso-semace-edital-publicado\/","url":"https:\/\/www.estrategiaconcursos.com.br\/blog\/concurso-semace-edital-publicado\/","name":"Edital SEMACE: confira o cronograma de datas atualizado","isPartOf":{"@id":"https:\/\/www.estrategiaconcursos.com.br\/blog\/#website"},"primaryImageOfPage":{"@id":"https:\/\/www.estrategiaconcursos.com.br\/blog\/concurso-semace-edital-publicado\/#primaryimage"},"image":{"@id":"https:\/\/www.estrategiaconcursos.com.br\/blog\/concurso-semace-edital-publicado\/#primaryimage"},"thumbnailUrl":"https:\/\/dhg1h5j42swfq.cloudfront.net\/2021\/03\/29143931\/19.jpg","datePublished":"2023-01-16T02:59:00+00:00","dateModified":"2023-01-16T14:30:26+00:00","description":"Edital SEMACE: provas ser\u00e3o aplicadas no dia 05 de fevereiro. A disputa \u00e9 pelas 17 vagas + CR nos cargos de\u00a0Fiscal e\u00a0Gestor. Veja!","breadcrumb":{"@id":"https:\/\/www.estrategiaconcursos.com.br\/blog\/concurso-semace-edital-publicado\/#breadcrumb"},"inLanguage":"pt-BR","potentialAction":[{"@type":"ReadAction","target":["https:\/\/www.estrategiaconcursos.com.br\/blog\/concurso-semace-edital-publicado\/"]}]},{"@type":"ImageObject","inLanguage":"pt-BR","@id":"https:\/\/www.estrategiaconcursos.com.br\/blog\/concurso-semace-edital-publicado\/#primaryimage","url":"https:\/\/dhg1h5j42swfq.cloudfront.net\/2021\/03\/29143931\/19.jpg","contentUrl":"https:\/\/dhg1h5j42swfq.cloudfront.net\/2021\/03\/29143931\/19.jpg","width":1200,"height":628,"caption":"concurso Semace revis\u00e3o de v\u00e9spera"},{"@type":"BreadcrumbList","@id":"https:\/\/www.estrategiaconcursos.com.br\/blog\/concurso-semace-edital-publicado\/#breadcrumb","itemListElement":[{"@type":"ListItem","position":1,"name":"In\u00edcio","item":"https:\/\/www.estrategiaconcursos.com.br\/blog\/"},{"@type":"ListItem","position":2,"name":"Edital SEMACE: confira o cronograma de datas atualizado"}]},{"@type":"WebSite","@id":"https:\/\/www.estrategiaconcursos.com.br\/blog\/#website","url":"https:\/\/www.estrategiaconcursos.com.br\/blog\/","name":"Estrat\u00e9gia Concursos","description":"O blog da Estrat\u00e9gia Concursos traz not\u00edcias sobre concursos e artigos de professores oferecendo cursos para concursos (pdf + videaulas) no site.","publisher":{"@id":"https:\/\/www.estrategiaconcursos.com.br\/blog\/#organization"},"potentialAction":[{"@type":"SearchAction","target":{"@type":"EntryPoint","urlTemplate":"https:\/\/www.estrategiaconcursos.com.br\/blog\/?s={search_term_string}"},"query-input":{"@type":"PropertyValueSpecification","valueRequired":true,"valueName":"search_term_string"}}],"inLanguage":"pt-BR"},{"@type":"Organization","@id":"https:\/\/www.estrategiaconcursos.com.br\/blog\/#organization","name":"Estrat\u00e9gia Concursos","url":"https:\/\/www.estrategiaconcursos.com.br\/blog\/","logo":{"@type":"ImageObject","inLanguage":"pt-BR","@id":"https:\/\/www.estrategiaconcursos.com.br\/blog\/#\/schema\/logo\/image\/","url":"https:\/\/dhg1h5j42swfq.cloudfront.net\/2025\/06\/03203428\/logo_concursos-1.jpg","contentUrl":"https:\/\/dhg1h5j42swfq.cloudfront.net\/2025\/06\/03203428\/logo_concursos-1.jpg","width":230,"height":60,"caption":"Estrat\u00e9gia Concursos"},"image":{"@id":"https:\/\/www.estrategiaconcursos.com.br\/blog\/#\/schema\/logo\/image\/"},"sameAs":["https:\/\/x.com\/EstratConcursos"]},{"@type":"Person","@id":"https:\/\/www.estrategiaconcursos.com.br\/blog\/#\/schema\/person\/e3b6b7ce0192dd4ad270655969d61750","name":"F\u00e1bio Scaldelai","image":{"@type":"ImageObject","inLanguage":"pt-BR","@id":"https:\/\/secure.gravatar.com\/avatar\/8ed7492c4d88d8495bc0cb24cda6847b8ae23eec459a919e08e77d0ca0fd79ec?s=96&d=mm&r=g","url":"https:\/\/secure.gravatar.com\/avatar\/8ed7492c4d88d8495bc0cb24cda6847b8ae23eec459a919e08e77d0ca0fd79ec?s=96&d=mm&r=g","contentUrl":"https:\/\/secure.gravatar.com\/avatar\/8ed7492c4d88d8495bc0cb24cda6847b8ae23eec459a919e08e77d0ca0fd79ec?s=96&d=mm&r=g","caption":"F\u00e1bio Scaldelai"},"description":"Jornalista no Estrat\u00e9gia Concursos e Produtor de Televis\u00e3o, formado em Jornalismo, R\u00e1dio e TV pela Faculdade Integrada Rio Branco, com especializa\u00e7\u00f5es em Gest\u00e3o Empresarial e Marketing pelo M\u00f3dulo. Atuou como produtor no SBT, TV Bandeirantes e R\u00e1dio Band FM, al\u00e9m de acumular tr\u00eas anos de experi\u00eancia no setor de concursos p\u00fablicos pela LFG (Luiz Fl\u00e1vio Gomes). No Estrat\u00e9gia Concursos, atua na apura\u00e7\u00e3o de not\u00edcias da \u00e1rea fiscal, al\u00e9m de coberturas sobre concursos das \u00e1reas de controle (TCU, TCE, etc), concurso AFT, \u00e1rea de gest\u00e3o e administrativa, bem como dos \u00f3rg\u00e3os participantes do CNU. Tamb\u00e9m possui experi\u00eancia em link building e an\u00e1lise de m\u00eddia, adquirida durante sua atua\u00e7\u00e3o na ag\u00eancia SEO Marketing.","url":"https:\/\/www.estrategiaconcursos.com.br\/blog\/author\/fabio-scaldelaiestrategiaconcursos-com-br\/"}]}},"_links":{"self":[{"href":"https:\/\/www.estrategiaconcursos.com.br\/blog\/wp-json\/wp\/v2\/posts\/986852","targetHints":{"allow":["GET"]}}],"collection":[{"href":"https:\/\/www.estrategiaconcursos.com.br\/blog\/wp-json\/wp\/v2\/posts"}],"about":[{"href":"https:\/\/www.estrategiaconcursos.com.br\/blog\/wp-json\/wp\/v2\/types\/post"}],"author":[{"embeddable":true,"href":"https:\/\/www.estrategiaconcursos.com.br\/blog\/wp-json\/wp\/v2\/users\/656"}],"replies":[{"embeddable":true,"href":"https:\/\/www.estrategiaconcursos.com.br\/blog\/wp-json\/wp\/v2\/comments?post=986852"}],"version-history":[{"count":18,"href":"https:\/\/www.estrategiaconcursos.com.br\/blog\/wp-json\/wp\/v2\/posts\/986852\/revisions"}],"predecessor-version":[{"id":1153300,"href":"https:\/\/www.estrategiaconcursos.com.br\/blog\/wp-json\/wp\/v2\/posts\/986852\/revisions\/1153300"}],"wp:featuredmedia":[{"embeddable":true,"href":"https:\/\/www.estrategiaconcursos.com.br\/blog\/wp-json\/wp\/v2\/media\/703469"}],"wp:attachment":[{"href":"https:\/\/www.estrategiaconcursos.com.br\/blog\/wp-json\/wp\/v2\/media?parent=986852"}],"wp:term":[{"taxonomy":"category","embeddable":true,"href":"https:\/\/www.estrategiaconcursos.com.br\/blog\/wp-json\/wp\/v2\/categories?post=986852"},{"taxonomy":"post_tag","embeddable":true,"href":"https:\/\/www.estrategiaconcursos.com.br\/blog\/wp-json\/wp\/v2\/tags?post=986852"},{"taxonomy":"tax_estado","embeddable":true,"href":"https:\/\/www.estrategiaconcursos.com.br\/blog\/wp-json\/wp\/v2\/tax_estado?post=986852"}],"curies":[{"name":"wp","href":"https:\/\/api.w.org\/{rel}","templated":true}]}}