{"id":986825,"date":"2022-03-14T11:51:50","date_gmt":"2022-03-14T14:51:50","guid":{"rendered":"https:\/\/www.estrategiaconcursos.com.br\/blog\/?p=986825"},"modified":"2022-03-24T15:08:15","modified_gmt":"2022-03-24T18:08:15","slug":"concurso-stj-estudos-cargos-e-vagas","status":"publish","type":"post","link":"https:\/\/www.estrategiaconcursos.com.br\/blog\/concurso-stj-estudos-cargos-e-vagas\/","title":{"rendered":"Concurso STJ: comiss\u00e3o trabalha no levantamento de cargos e vagas"},"content":{"rendered":"\n<p>A comiss\u00e3o respons\u00e1vel pelo concurso do <a href=\"https:\/\/www.estrategiaconcursos.com.br\/cursosPorConcurso\/stj-superior-tribunal-de-justica\/\" target=\"_blank\" rel=\"noreferrer noopener\">Superior Tribunal de Justi\u00e7a<\/a> (<strong>concurso STJ<\/strong>) tem se reunido para definir os cargos e vagas do novo edital.<\/p>\n\n\n\n<p>De acordo com informa\u00e7\u00f5es repassadas \u00e0 equipe de jornalismo do Estrat\u00e9gia Concursos, a comiss\u00e3o ainda estuda a possibilidade do edital oferecer oportunidades em<strong> cadastro de reserva.<\/strong><\/p>\n\n\n\n<p>Al\u00e9m disso, apesar do \u00f3rg\u00e3o ter autoriza\u00e7\u00e3o or\u00e7ament\u00e1ria para o provimento de <strong>57 vagas<\/strong>, ainda n\u00e3o h\u00e1 defini\u00e7\u00e3o sobre o quantitativo de oportunidades.<\/p>\n\n\n\n<p>Atualmente, existem&nbsp;<strong>157 cargos vagos<\/strong>&nbsp;no STJ, sendo 28 cargos vagos de Analista, num total de 90 e, 129 cargos vagos de t\u00e9cnico, num total de 169.<\/p>\n\n\n\n<p>O edital ter\u00e1 a <strong>banca definida<\/strong> no segundo semestre de 2022. A informa\u00e7\u00e3o foi dada pela Assessoria de Imprensa do Tribunal para a equipe do Estrat\u00e9gia.&nbsp;<\/p>\n\n\n\n<p>J\u00e1 o <strong>edital STJ<\/strong> deve ser publicado tr\u00eas meses ap\u00f3s a defini\u00e7\u00e3o da banca.<\/p>\n\n\n\n<div class=\"col-sm\">\n      <div class=\"banner-estrategia\" id=\"box-assinatura\">\n        <h3 class=\"titulo-assinatura\">Cursos para STJ<\/h3>\n        <p class=\"subtitulo-assinatura\">Conhe\u00e7a os cursos<\/p>\n        <div class=\"box-botao\">\n          <a class=\"btn-assinatura\" target=\"_blank\" href=\"https:\/\/www.estrategiaconcursos.com.br\/cursosPorConcurso\/stj-superior-tribunal-de-justica\" role=\"button\" rel=\"noopener noreferrer\">Conhe\u00e7a mais<\/a>\n        <\/div>\n      <\/div>\n      <p class=\"texto-auxiliar\"><\/p>\n    <\/div>\n\n\n\n<h2 class=\"wp-block-heading\" id=\"h-concurso-stj-ultimo-edital\">Concurso STJ: \u00faltimo edital<\/h2>\n\n\n\n<p>No \u00faltimo edital foram ofertadas no total 5 vagas imediatas mais cadastro de reserva.<\/p>\n\n\n\n<p>Ao todo o certame registrou&nbsp;<strong>66.608 inscritos<\/strong>, sendo a maioria para a carreira de T\u00e9cnico Judici\u00e1rio \u2013 \u00e1rea administrativa, com 26.401 participantes, seguido da fun\u00e7\u00e3o de Analista Judici\u00e1rio \u2013 \u00e1rea Judici\u00e1ria, com 15.911.&nbsp;<\/p>\n\n\n\n<p>A remunera\u00e7\u00e3o para o cargo de Analista \u2013 \u00e1reas Judici\u00e1ria, Administrativa e demais especialidades foram de&nbsp;<strong>R$ 11.007,00<\/strong>, somado aos aux\u00edlios-alimenta\u00e7\u00e3o e sa\u00fade, poderiam chegar a R$ 11.921,00.&nbsp;<\/p>\n\n\n\n<p>Os candidatos que possuem filhos tem acesso ao aux\u00edlio-natalidade de R$ 700,00.<\/p>\n\n\n\n<p>J\u00e1 para o cargo de T\u00e9cnico Judici\u00e1rio a remunera\u00e7\u00e3o foi de R$ 6.709,00, somados aux\u00edlios-alimenta\u00e7\u00e3o e sa\u00fade, chega a R$ 7.893,00.&nbsp;<\/p>\n\n\n\n<p>Pode ser acrescido no sal\u00e1rio o aux\u00edlio-natalidade de R$ 700,00 para candidatos que tenham filho.<\/p>\n\n\n\n<p>O Concurso STJ de 2018 foi composto de provas objetiva e discursiva. A organiza\u00e7\u00e3o ficou a cargo do Cebraspe.<\/p>\n\n\n\n<p class=\"has-text-align-center has-black-color has-pale-cyan-blue-background-color has-text-color has-background has-medium-font-size\"><a href=\"https:\/\/www.estrategiaconcursos.com.br\/blog\/concurso-stj\/\" target=\"_blank\" rel=\"noreferrer noopener\"><strong>Saiba mais: concurso STJ<\/strong><\/a><\/p>\n\n\n\n<h2 class=\"has-text-align-center wp-block-heading\" id=\"quer-estudar-para-o-concurso-stj\"><em>Quer estudar para o concurso STJ?<\/em><\/h2>\n\n\n\n<div class=\"col-sm\">\n      <div class=\"banner-estrategia\" id=\"box-assinatura\">\n        <h3 class=\"titulo-assinatura\">Cursos para STJ<\/h3>\n        <p class=\"subtitulo-assinatura\">Conhe\u00e7a os cursos<\/p>\n        <div class=\"box-botao\">\n          <a class=\"btn-assinatura\" target=\"_blank\" href=\"https:\/\/www.estrategiaconcursos.com.br\/cursosPorConcurso\/stj-superior-tribunal-de-justica\" role=\"button\" rel=\"noopener noreferrer\">Conhe\u00e7a mais<\/a>\n        <\/div>\n      <\/div>\n      <p class=\"texto-auxiliar\"><\/p>\n    <\/div>\n\n\n\n\n","protected":false},"excerpt":{"rendered":"<p>A comiss\u00e3o respons\u00e1vel pelo concurso do Superior Tribunal de Justi\u00e7a (concurso STJ) tem se reunido para definir os cargos e vagas do novo edital. De acordo com informa\u00e7\u00f5es repassadas \u00e0 equipe de jornalismo do Estrat\u00e9gia Concursos, a comiss\u00e3o ainda estuda a possibilidade do edital oferecer oportunidades em cadastro de reserva. Al\u00e9m disso, apesar do \u00f3rg\u00e3o [&hellip;]<\/p>\n","protected":false},"author":2319,"featured_media":963782,"comment_status":"open","ping_status":"closed","sticky":false,"template":"","format":"standard","meta":{"post_tipo":"news","footnotes":""},"categories":[1984,220219],"tags":[869,220536,818],"tax_estado":[219963],"class_list":["post-986825","post","type-post","status-publish","format-standard","has-post-thumbnail","hentry","category-tribunais","category-noticias","tag-concurso-stj","tag-edital-stj","tag-stj","tax_estado-concursos-federais"],"acf":[],"yoast_head":"<!-- This site is optimized with the Yoast SEO Premium plugin v27.2 (Yoast SEO v27.2) - https:\/\/yoast.com\/product\/yoast-seo-premium-wordpress\/ -->\n<title>Concurso STJ: comiss\u00e3o trabalha no levantamento de cargos e vagas<\/title>\n<meta name=\"description\" content=\"A comiss\u00e3o respons\u00e1vel pelo concurso do Superior Tribunal de Justi\u00e7a (concurso STJ) tem se reunido para definir os cargos e vagas...\" \/>\n<meta name=\"robots\" content=\"index, follow, max-snippet:-1, max-image-preview:large, max-video-preview:-1\" \/>\n<link rel=\"canonical\" href=\"https:\/\/www.estrategiaconcursos.com.br\/blog\/concurso-stj-estudos-cargos-e-vagas\/\" \/>\n<meta property=\"og:locale\" content=\"pt_BR\" \/>\n<meta property=\"og:type\" content=\"article\" \/>\n<meta property=\"og:title\" content=\"Concurso STJ: comiss\u00e3o trabalha no levantamento de cargos e vagas\" \/>\n<meta property=\"og:description\" content=\"A comiss\u00e3o respons\u00e1vel pelo concurso do Superior Tribunal de Justi\u00e7a (concurso STJ) tem se reunido para definir os cargos e vagas...\" \/>\n<meta property=\"og:url\" content=\"https:\/\/www.estrategiaconcursos.com.br\/blog\/concurso-stj-estudos-cargos-e-vagas\/\" \/>\n<meta property=\"og:site_name\" content=\"Estrat\u00e9gia Concursos\" \/>\n<meta property=\"article:published_time\" content=\"2022-03-14T14:51:50+00:00\" \/>\n<meta property=\"article:modified_time\" content=\"2022-03-24T18:08:15+00:00\" \/>\n<meta property=\"og:image\" content=\"https:\/\/dhg1h5j42swfq.cloudfront.net\/2022\/02\/07175532\/foto-stj-4.jpg\" \/>\n\t<meta property=\"og:image:width\" content=\"275\" \/>\n\t<meta property=\"og:image:height\" content=\"183\" \/>\n\t<meta property=\"og:image:type\" content=\"image\/jpeg\" \/>\n<meta name=\"author\" content=\"Let\u00edcia Teixeira\" \/>\n<meta name=\"twitter:card\" content=\"summary_large_image\" \/>\n<meta name=\"twitter:creator\" content=\"@EstratConcursos\" \/>\n<meta name=\"twitter:site\" content=\"@EstratConcursos\" \/>\n<meta name=\"twitter:label1\" content=\"Escrito por\" \/>\n\t<meta name=\"twitter:data1\" content=\"Let\u00edcia Teixeira\" \/>\n\t<meta name=\"twitter:label2\" content=\"Est. tempo de leitura\" \/>\n\t<meta name=\"twitter:data2\" content=\"2 minutos\" \/>\n<script type=\"application\/ld+json\" class=\"yoast-schema-graph\">{\"@context\":\"https:\/\/schema.org\",\"@graph\":[{\"@type\":\"NewsArticle\",\"@id\":\"https:\/\/www.estrategiaconcursos.com.br\/blog\/concurso-stj-estudos-cargos-e-vagas\/#article\",\"isPartOf\":{\"@id\":\"https:\/\/www.estrategiaconcursos.com.br\/blog\/concurso-stj-estudos-cargos-e-vagas\/\"},\"author\":{\"name\":\"Let\u00edcia Teixeira\",\"@id\":\"https:\/\/www.estrategiaconcursos.com.br\/blog\/#\/schema\/person\/9b94727dcf4410f4a7931c83966c843b\"},\"headline\":\"Concurso STJ: comiss\u00e3o trabalha no levantamento de cargos e vagas\",\"datePublished\":\"2022-03-14T14:51:50+00:00\",\"dateModified\":\"2022-03-24T18:08:15+00:00\",\"mainEntityOfPage\":{\"@id\":\"https:\/\/www.estrategiaconcursos.com.br\/blog\/concurso-stj-estudos-cargos-e-vagas\/\"},\"wordCount\":352,\"commentCount\":0,\"publisher\":{\"@id\":\"https:\/\/www.estrategiaconcursos.com.br\/blog\/#organization\"},\"image\":{\"@id\":\"https:\/\/www.estrategiaconcursos.com.br\/blog\/concurso-stj-estudos-cargos-e-vagas\/#primaryimage\"},\"thumbnailUrl\":\"https:\/\/dhg1h5j42swfq.cloudfront.net\/2022\/02\/07175532\/foto-stj-4.jpg\",\"keywords\":[\"concurso stj\",\"edital STJ\",\"STJ\"],\"articleSection\":[\"Tribunais\",\"\u00daltimas not\u00edcias\"],\"inLanguage\":\"pt-BR\",\"potentialAction\":[{\"@type\":\"CommentAction\",\"name\":\"Comment\",\"target\":[\"https:\/\/www.estrategiaconcursos.com.br\/blog\/concurso-stj-estudos-cargos-e-vagas\/#respond\"]}],\"copyrightYear\":\"2022\",\"copyrightHolder\":{\"@id\":\"https:\/\/www.estrategiaconcursos.com.br\/blog\/#organization\"}},{\"@type\":\"WebPage\",\"@id\":\"https:\/\/www.estrategiaconcursos.com.br\/blog\/concurso-stj-estudos-cargos-e-vagas\/\",\"url\":\"https:\/\/www.estrategiaconcursos.com.br\/blog\/concurso-stj-estudos-cargos-e-vagas\/\",\"name\":\"Concurso STJ: comiss\u00e3o trabalha no levantamento de cargos e vagas\",\"isPartOf\":{\"@id\":\"https:\/\/www.estrategiaconcursos.com.br\/blog\/#website\"},\"primaryImageOfPage\":{\"@id\":\"https:\/\/www.estrategiaconcursos.com.br\/blog\/concurso-stj-estudos-cargos-e-vagas\/#primaryimage\"},\"image\":{\"@id\":\"https:\/\/www.estrategiaconcursos.com.br\/blog\/concurso-stj-estudos-cargos-e-vagas\/#primaryimage\"},\"thumbnailUrl\":\"https:\/\/dhg1h5j42swfq.cloudfront.net\/2022\/02\/07175532\/foto-stj-4.jpg\",\"datePublished\":\"2022-03-14T14:51:50+00:00\",\"dateModified\":\"2022-03-24T18:08:15+00:00\",\"description\":\"A comiss\u00e3o respons\u00e1vel pelo concurso do Superior Tribunal de Justi\u00e7a (concurso STJ) tem se reunido para definir os cargos e vagas...\",\"breadcrumb\":{\"@id\":\"https:\/\/www.estrategiaconcursos.com.br\/blog\/concurso-stj-estudos-cargos-e-vagas\/#breadcrumb\"},\"inLanguage\":\"pt-BR\",\"potentialAction\":[{\"@type\":\"ReadAction\",\"target\":[\"https:\/\/www.estrategiaconcursos.com.br\/blog\/concurso-stj-estudos-cargos-e-vagas\/\"]}]},{\"@type\":\"ImageObject\",\"inLanguage\":\"pt-BR\",\"@id\":\"https:\/\/www.estrategiaconcursos.com.br\/blog\/concurso-stj-estudos-cargos-e-vagas\/#primaryimage\",\"url\":\"https:\/\/dhg1h5j42swfq.cloudfront.net\/2022\/02\/07175532\/foto-stj-4.jpg\",\"contentUrl\":\"https:\/\/dhg1h5j42swfq.cloudfront.net\/2022\/02\/07175532\/foto-stj-4.jpg\",\"width\":275,\"height\":183,\"caption\":\"Recursos Repetitivos\"},{\"@type\":\"BreadcrumbList\",\"@id\":\"https:\/\/www.estrategiaconcursos.com.br\/blog\/concurso-stj-estudos-cargos-e-vagas\/#breadcrumb\",\"itemListElement\":[{\"@type\":\"ListItem\",\"position\":1,\"name\":\"In\u00edcio\",\"item\":\"https:\/\/www.estrategiaconcursos.com.br\/blog\/\"},{\"@type\":\"ListItem\",\"position\":2,\"name\":\"Concurso STJ: comiss\u00e3o trabalha no levantamento de cargos e vagas\"}]},{\"@type\":\"WebSite\",\"@id\":\"https:\/\/www.estrategiaconcursos.com.br\/blog\/#website\",\"url\":\"https:\/\/www.estrategiaconcursos.com.br\/blog\/\",\"name\":\"Estrat\u00e9gia Concursos\",\"description\":\"O blog da Estrat\u00e9gia Concursos traz not\u00edcias sobre concursos e artigos de professores oferecendo cursos para concursos (pdf + videaulas) no site.\",\"publisher\":{\"@id\":\"https:\/\/www.estrategiaconcursos.com.br\/blog\/#organization\"},\"potentialAction\":[{\"@type\":\"SearchAction\",\"target\":{\"@type\":\"EntryPoint\",\"urlTemplate\":\"https:\/\/www.estrategiaconcursos.com.br\/blog\/?s={search_term_string}\"},\"query-input\":{\"@type\":\"PropertyValueSpecification\",\"valueRequired\":true,\"valueName\":\"search_term_string\"}}],\"inLanguage\":\"pt-BR\"},{\"@type\":\"Organization\",\"@id\":\"https:\/\/www.estrategiaconcursos.com.br\/blog\/#organization\",\"name\":\"Estrat\u00e9gia Concursos\",\"url\":\"https:\/\/www.estrategiaconcursos.com.br\/blog\/\",\"logo\":{\"@type\":\"ImageObject\",\"inLanguage\":\"pt-BR\",\"@id\":\"https:\/\/www.estrategiaconcursos.com.br\/blog\/#\/schema\/logo\/image\/\",\"url\":\"https:\/\/dhg1h5j42swfq.cloudfront.net\/2025\/06\/03203428\/logo_concursos-1.jpg\",\"contentUrl\":\"https:\/\/dhg1h5j42swfq.cloudfront.net\/2025\/06\/03203428\/logo_concursos-1.jpg\",\"width\":230,\"height\":60,\"caption\":\"Estrat\u00e9gia Concursos\"},\"image\":{\"@id\":\"https:\/\/www.estrategiaconcursos.com.br\/blog\/#\/schema\/logo\/image\/\"},\"sameAs\":[\"https:\/\/x.com\/EstratConcursos\"]},{\"@type\":\"Person\",\"@id\":\"https:\/\/www.estrategiaconcursos.com.br\/blog\/#\/schema\/person\/9b94727dcf4410f4a7931c83966c843b\",\"name\":\"Let\u00edcia Teixeira\",\"image\":{\"@type\":\"ImageObject\",\"inLanguage\":\"pt-BR\",\"@id\":\"https:\/\/secure.gravatar.com\/avatar\/fb589b06b881e20b676d08f9d03226d1e3291ba2f90e751ddc9ccb21abf0244d?s=96&d=mm&r=g\",\"url\":\"https:\/\/secure.gravatar.com\/avatar\/fb589b06b881e20b676d08f9d03226d1e3291ba2f90e751ddc9ccb21abf0244d?s=96&d=mm&r=g\",\"contentUrl\":\"https:\/\/secure.gravatar.com\/avatar\/fb589b06b881e20b676d08f9d03226d1e3291ba2f90e751ddc9ccb21abf0244d?s=96&d=mm&r=g\",\"caption\":\"Let\u00edcia Teixeira\"},\"description\":\"Jornalista com experi\u00eancia de mais de quatro anos no segmento de concursos p\u00fablicos. Especializada em Narrativa Transm\u00eddia e Storytelling pela Universidade Cat\u00f3lica de Bras\u00edlia, com atua\u00e7\u00e3o nas \u00e1reas de SEO, conte\u00fado, Webwriting e Copywriting.\",\"url\":\"https:\/\/www.estrategiaconcursos.com.br\/blog\/author\/leticia-teixeiraestrategia-com\/\"}]}<\/script>\n<!-- \/ Yoast SEO Premium plugin. -->","yoast_head_json":{"title":"Concurso STJ: comiss\u00e3o trabalha no levantamento de cargos e vagas","description":"A comiss\u00e3o respons\u00e1vel pelo concurso do Superior Tribunal de Justi\u00e7a (concurso STJ) tem se reunido para definir os cargos e vagas...","robots":{"index":"index","follow":"follow","max-snippet":"max-snippet:-1","max-image-preview":"max-image-preview:large","max-video-preview":"max-video-preview:-1"},"canonical":"https:\/\/www.estrategiaconcursos.com.br\/blog\/concurso-stj-estudos-cargos-e-vagas\/","og_locale":"pt_BR","og_type":"article","og_title":"Concurso STJ: comiss\u00e3o trabalha no levantamento de cargos e vagas","og_description":"A comiss\u00e3o respons\u00e1vel pelo concurso do Superior Tribunal de Justi\u00e7a (concurso STJ) tem se reunido para definir os cargos e vagas...","og_url":"https:\/\/www.estrategiaconcursos.com.br\/blog\/concurso-stj-estudos-cargos-e-vagas\/","og_site_name":"Estrat\u00e9gia Concursos","article_published_time":"2022-03-14T14:51:50+00:00","article_modified_time":"2022-03-24T18:08:15+00:00","og_image":[{"width":275,"height":183,"url":"https:\/\/dhg1h5j42swfq.cloudfront.net\/2022\/02\/07175532\/foto-stj-4.jpg","type":"image\/jpeg"}],"author":"Let\u00edcia Teixeira","twitter_card":"summary_large_image","twitter_creator":"@EstratConcursos","twitter_site":"@EstratConcursos","twitter_misc":{"Escrito por":"Let\u00edcia Teixeira","Est. tempo de leitura":"2 minutos"},"schema":{"@context":"https:\/\/schema.org","@graph":[{"@type":"NewsArticle","@id":"https:\/\/www.estrategiaconcursos.com.br\/blog\/concurso-stj-estudos-cargos-e-vagas\/#article","isPartOf":{"@id":"https:\/\/www.estrategiaconcursos.com.br\/blog\/concurso-stj-estudos-cargos-e-vagas\/"},"author":{"name":"Let\u00edcia Teixeira","@id":"https:\/\/www.estrategiaconcursos.com.br\/blog\/#\/schema\/person\/9b94727dcf4410f4a7931c83966c843b"},"headline":"Concurso STJ: comiss\u00e3o trabalha no levantamento de cargos e vagas","datePublished":"2022-03-14T14:51:50+00:00","dateModified":"2022-03-24T18:08:15+00:00","mainEntityOfPage":{"@id":"https:\/\/www.estrategiaconcursos.com.br\/blog\/concurso-stj-estudos-cargos-e-vagas\/"},"wordCount":352,"commentCount":0,"publisher":{"@id":"https:\/\/www.estrategiaconcursos.com.br\/blog\/#organization"},"image":{"@id":"https:\/\/www.estrategiaconcursos.com.br\/blog\/concurso-stj-estudos-cargos-e-vagas\/#primaryimage"},"thumbnailUrl":"https:\/\/dhg1h5j42swfq.cloudfront.net\/2022\/02\/07175532\/foto-stj-4.jpg","keywords":["concurso stj","edital STJ","STJ"],"articleSection":["Tribunais","\u00daltimas not\u00edcias"],"inLanguage":"pt-BR","potentialAction":[{"@type":"CommentAction","name":"Comment","target":["https:\/\/www.estrategiaconcursos.com.br\/blog\/concurso-stj-estudos-cargos-e-vagas\/#respond"]}],"copyrightYear":"2022","copyrightHolder":{"@id":"https:\/\/www.estrategiaconcursos.com.br\/blog\/#organization"}},{"@type":"WebPage","@id":"https:\/\/www.estrategiaconcursos.com.br\/blog\/concurso-stj-estudos-cargos-e-vagas\/","url":"https:\/\/www.estrategiaconcursos.com.br\/blog\/concurso-stj-estudos-cargos-e-vagas\/","name":"Concurso STJ: comiss\u00e3o trabalha no levantamento de cargos e vagas","isPartOf":{"@id":"https:\/\/www.estrategiaconcursos.com.br\/blog\/#website"},"primaryImageOfPage":{"@id":"https:\/\/www.estrategiaconcursos.com.br\/blog\/concurso-stj-estudos-cargos-e-vagas\/#primaryimage"},"image":{"@id":"https:\/\/www.estrategiaconcursos.com.br\/blog\/concurso-stj-estudos-cargos-e-vagas\/#primaryimage"},"thumbnailUrl":"https:\/\/dhg1h5j42swfq.cloudfront.net\/2022\/02\/07175532\/foto-stj-4.jpg","datePublished":"2022-03-14T14:51:50+00:00","dateModified":"2022-03-24T18:08:15+00:00","description":"A comiss\u00e3o respons\u00e1vel pelo concurso do Superior Tribunal de Justi\u00e7a (concurso STJ) tem se reunido para definir os cargos e vagas...","breadcrumb":{"@id":"https:\/\/www.estrategiaconcursos.com.br\/blog\/concurso-stj-estudos-cargos-e-vagas\/#breadcrumb"},"inLanguage":"pt-BR","potentialAction":[{"@type":"ReadAction","target":["https:\/\/www.estrategiaconcursos.com.br\/blog\/concurso-stj-estudos-cargos-e-vagas\/"]}]},{"@type":"ImageObject","inLanguage":"pt-BR","@id":"https:\/\/www.estrategiaconcursos.com.br\/blog\/concurso-stj-estudos-cargos-e-vagas\/#primaryimage","url":"https:\/\/dhg1h5j42swfq.cloudfront.net\/2022\/02\/07175532\/foto-stj-4.jpg","contentUrl":"https:\/\/dhg1h5j42swfq.cloudfront.net\/2022\/02\/07175532\/foto-stj-4.jpg","width":275,"height":183,"caption":"Recursos Repetitivos"},{"@type":"BreadcrumbList","@id":"https:\/\/www.estrategiaconcursos.com.br\/blog\/concurso-stj-estudos-cargos-e-vagas\/#breadcrumb","itemListElement":[{"@type":"ListItem","position":1,"name":"In\u00edcio","item":"https:\/\/www.estrategiaconcursos.com.br\/blog\/"},{"@type":"ListItem","position":2,"name":"Concurso STJ: comiss\u00e3o trabalha no levantamento de cargos e vagas"}]},{"@type":"WebSite","@id":"https:\/\/www.estrategiaconcursos.com.br\/blog\/#website","url":"https:\/\/www.estrategiaconcursos.com.br\/blog\/","name":"Estrat\u00e9gia Concursos","description":"O blog da Estrat\u00e9gia Concursos traz not\u00edcias sobre concursos e artigos de professores oferecendo cursos para concursos (pdf + videaulas) no site.","publisher":{"@id":"https:\/\/www.estrategiaconcursos.com.br\/blog\/#organization"},"potentialAction":[{"@type":"SearchAction","target":{"@type":"EntryPoint","urlTemplate":"https:\/\/www.estrategiaconcursos.com.br\/blog\/?s={search_term_string}"},"query-input":{"@type":"PropertyValueSpecification","valueRequired":true,"valueName":"search_term_string"}}],"inLanguage":"pt-BR"},{"@type":"Organization","@id":"https:\/\/www.estrategiaconcursos.com.br\/blog\/#organization","name":"Estrat\u00e9gia Concursos","url":"https:\/\/www.estrategiaconcursos.com.br\/blog\/","logo":{"@type":"ImageObject","inLanguage":"pt-BR","@id":"https:\/\/www.estrategiaconcursos.com.br\/blog\/#\/schema\/logo\/image\/","url":"https:\/\/dhg1h5j42swfq.cloudfront.net\/2025\/06\/03203428\/logo_concursos-1.jpg","contentUrl":"https:\/\/dhg1h5j42swfq.cloudfront.net\/2025\/06\/03203428\/logo_concursos-1.jpg","width":230,"height":60,"caption":"Estrat\u00e9gia Concursos"},"image":{"@id":"https:\/\/www.estrategiaconcursos.com.br\/blog\/#\/schema\/logo\/image\/"},"sameAs":["https:\/\/x.com\/EstratConcursos"]},{"@type":"Person","@id":"https:\/\/www.estrategiaconcursos.com.br\/blog\/#\/schema\/person\/9b94727dcf4410f4a7931c83966c843b","name":"Let\u00edcia Teixeira","image":{"@type":"ImageObject","inLanguage":"pt-BR","@id":"https:\/\/secure.gravatar.com\/avatar\/fb589b06b881e20b676d08f9d03226d1e3291ba2f90e751ddc9ccb21abf0244d?s=96&d=mm&r=g","url":"https:\/\/secure.gravatar.com\/avatar\/fb589b06b881e20b676d08f9d03226d1e3291ba2f90e751ddc9ccb21abf0244d?s=96&d=mm&r=g","contentUrl":"https:\/\/secure.gravatar.com\/avatar\/fb589b06b881e20b676d08f9d03226d1e3291ba2f90e751ddc9ccb21abf0244d?s=96&d=mm&r=g","caption":"Let\u00edcia Teixeira"},"description":"Jornalista com experi\u00eancia de mais de quatro anos no segmento de concursos p\u00fablicos. Especializada em Narrativa Transm\u00eddia e Storytelling pela Universidade Cat\u00f3lica de Bras\u00edlia, com atua\u00e7\u00e3o nas \u00e1reas de SEO, conte\u00fado, Webwriting e Copywriting.","url":"https:\/\/www.estrategiaconcursos.com.br\/blog\/author\/leticia-teixeiraestrategia-com\/"}]}},"_links":{"self":[{"href":"https:\/\/www.estrategiaconcursos.com.br\/blog\/wp-json\/wp\/v2\/posts\/986825","targetHints":{"allow":["GET"]}}],"collection":[{"href":"https:\/\/www.estrategiaconcursos.com.br\/blog\/wp-json\/wp\/v2\/posts"}],"about":[{"href":"https:\/\/www.estrategiaconcursos.com.br\/blog\/wp-json\/wp\/v2\/types\/post"}],"author":[{"embeddable":true,"href":"https:\/\/www.estrategiaconcursos.com.br\/blog\/wp-json\/wp\/v2\/users\/2319"}],"replies":[{"embeddable":true,"href":"https:\/\/www.estrategiaconcursos.com.br\/blog\/wp-json\/wp\/v2\/comments?post=986825"}],"version-history":[{"count":4,"href":"https:\/\/www.estrategiaconcursos.com.br\/blog\/wp-json\/wp\/v2\/posts\/986825\/revisions"}],"predecessor-version":[{"id":986892,"href":"https:\/\/www.estrategiaconcursos.com.br\/blog\/wp-json\/wp\/v2\/posts\/986825\/revisions\/986892"}],"wp:featuredmedia":[{"embeddable":true,"href":"https:\/\/www.estrategiaconcursos.com.br\/blog\/wp-json\/wp\/v2\/media\/963782"}],"wp:attachment":[{"href":"https:\/\/www.estrategiaconcursos.com.br\/blog\/wp-json\/wp\/v2\/media?parent=986825"}],"wp:term":[{"taxonomy":"category","embeddable":true,"href":"https:\/\/www.estrategiaconcursos.com.br\/blog\/wp-json\/wp\/v2\/categories?post=986825"},{"taxonomy":"post_tag","embeddable":true,"href":"https:\/\/www.estrategiaconcursos.com.br\/blog\/wp-json\/wp\/v2\/tags?post=986825"},{"taxonomy":"tax_estado","embeddable":true,"href":"https:\/\/www.estrategiaconcursos.com.br\/blog\/wp-json\/wp\/v2\/tax_estado?post=986825"}],"curies":[{"name":"wp","href":"https:\/\/api.w.org\/{rel}","templated":true}]}}