{"id":986405,"date":"2022-03-14T15:13:40","date_gmt":"2022-03-14T18:13:40","guid":{"rendered":"https:\/\/www.estrategiaconcursos.com.br\/blog\/?p=986405"},"modified":"2023-03-14T14:22:45","modified_gmt":"2023-03-14T17:22:45","slug":"concurso-policia-penal-mg-recursos","status":"publish","type":"post","link":"https:\/\/www.estrategiaconcursos.com.br\/blog\/concurso-policia-penal-mg-recursos\/","title":{"rendered":"Concurso Pol\u00edcia Penal MG: confira os poss\u00edveis recursos"},"content":{"rendered":"\n<p>O concurso da Pol\u00edcia Penal de Minas Gerais teve suas \u00faltimas provas aplicadas neste domingo, 13 de mar\u00e7o. Recentemente, foram divulgados os gabaritos preliminares.&nbsp;<strong>Pretende interpor recurso contra o gabarito da Pol\u00edcia Penal MG?<\/strong><\/p>\n\n\n\n<p>Todo o processo deve ser realizado no prazo de dois dias \u00fateis, ou seja,&nbsp;<strong>de 14 a 15 de mar\u00e7o<\/strong>, atrav\u00e9s do&nbsp;site do <a href=\"https:\/\/selecon.com.br\/concursos\/sejuspmg\/\" target=\"_blank\" rel=\"noreferrer noopener\">Instituto Selecon<\/a>.<\/p>\n\n\n\n<p>E para te ajudar, assim como realizaram a corre\u00e7\u00e3o extraoficial da prova, nossos professores tamb\u00e9m analisaram os gabaritos provis\u00f3rios e identificaram algumas possibilidades de recursos. Confira abaixo e n\u00e3o perca o prazo!<\/p>\n\n\n\n<ul class=\"wp-block-list\">\n<li><a href=\"#web\">Webin\u00e1rio<\/a><\/li>\n\n\n\n<li><a href=\"#portugues\">Recursos de Portugu\u00eas<\/a><\/li>\n\n\n\n<li><a href=\"#direito-penal\">Recursos de Direito Penal<\/a><\/li>\n\n\n\n<li><a href=\"#legislacao\">Recursos de Legisla\u00e7\u00e3o Penal<\/a><\/li>\n\n\n\n<li><a href=\"#informatica\">Recursos de Inform\u00e1tica<\/a><\/li>\n<\/ul>\n\n\n\n<h2 class=\"has-cyan-bluish-gray-background-color has-background wp-block-heading\" id=\"web\"><a href=\"https:\/\/youtu.be\/JrV6xlTtDpc\" target=\"_blank\" rel=\"noreferrer noopener\">Concurso PP MG &#8211; Possibilidades de Recursos<\/a><\/h2>\n\n\n\n<h2 class=\"has-cyan-bluish-gray-background-color has-background wp-block-heading\" id=\"portugues\">Concurso Pol\u00edcia Penal MG &#8211; recursos de Portugu\u00eas<\/h2>\n\n\n\n<p><strong>Recurso quest\u00e3o 04<\/strong><\/p>\n\n\n\n<p><strong>Prova tipo D \u2013 PPMG<\/strong><\/p>\n\n\n\n<p>Solicito altera\u00e7\u00e3o de gabarito da quest\u00e3o 4 da prova tipo D em decorr\u00eancia do comando da quest\u00e3o e das possibilidades de alternativa colocadas pela banca. Inicialmente, o comando da quest\u00e3o apresenta os seguintes dizeres: \u201cNo segundo par\u00e1grafo, a defini\u00e7\u00e3o de atopia \u00e9 formulada por meio da seguinte estrat\u00e9gia:\u201d, ou seja, a quest\u00e3o indica que existe uma estrat\u00e9gia expl\u00edcita apresentada no corpo do texto, a qual permite que o entendimento do conceito de atopia seja exposto.<\/p>\n\n\n\n<p>Assim, \u00e9 necess\u00e1ria a retomada do texto e do par\u00e1grafo indicado para que essa estrat\u00e9gia seja identificada. O texto apresenta a seguinte constru\u00e7\u00e3o:<\/p>\n\n\n\n<figure class=\"wp-block-image size-full\"><img loading=\"lazy\" decoding=\"async\" width=\"614\" height=\"388\" src=\"https:\/\/dhg1h5j42swfq.cloudfront.net\/2022\/03\/14151229\/image-171.png\" alt=\"\" class=\"wp-image-987057\" srcset=\"https:\/\/dhg1h5j42swfq.cloudfront.net\/2022\/03\/14151229\/image-171.png 614w, https:\/\/dhg1h5j42swfq.cloudfront.net\/2022\/03\/14151229\/image-171-300x190.png 300w, https:\/\/dhg1h5j42swfq.cloudfront.net\/2022\/03\/14151229\/image-171-610x385.png 610w\" sizes=\"auto, (max-width: 614px) 100vw, 614px\" \/><figcaption class=\"wp-element-caption\">Concurso Pol\u00edcia Penal MG &#8211; recursos de Portugu\u00eas<\/figcaption><\/figure>\n\n\n\n<p>No trecho destacado existe claramente a apresenta\u00e7\u00e3o de um personagem para ilustrar o sentido da palavra atopia. <\/p>\n\n\n\n<p>Notemos que n\u00e3o se trata de uma crian\u00e7a qualquer, pois existe a presen\u00e7a do artigo definido e da ora\u00e7\u00e3o adjetiva restritiva, ambos elementos trazem especificidades da crian\u00e7a, caracter\u00edsticas, descri\u00e7\u00f5es para que o conceito seja entendido.<\/p>\n\n\n\n<p>A apresenta\u00e7\u00e3o de uma crian\u00e7a qualquer, sem a esperada descri\u00e7\u00e3o, n\u00e3o permitiria a constru\u00e7\u00e3o do texto no sentido de explicitar um conceito. <\/p>\n\n\n\n<p>Ainda, nota-se que os per\u00edodos que seguem s\u00e3o uma continua\u00e7\u00e3o da descri\u00e7\u00e3o da crian\u00e7a, pois Nelson Freire, apresentado no texto, \u00e9 essa crian\u00e7a, a mesma que protagoniza o document\u00e1rio de Jo\u00e3o Moreira Sales. <\/p>\n\n\n\n<p>N\u00e3o h\u00e1 \u201cexemplos\u201d como sugere a alternativa D, pois existe apenas uma situa\u00e7\u00e3o, a da crian\u00e7a descrita para definir o significado de utopia. Por essa raz\u00e3o, solicito a altera\u00e7\u00e3o do gabarito para a alternativa A.<\/p>\n\n\n\n<p><strong>Quest\u00e3o 05<\/strong><\/p>\n\n\n\n<p><strong>Prova tipo D \u2013 PPMG<\/strong><\/p>\n\n\n\n<p>Solicito a anula\u00e7\u00e3o da quest\u00e3o 05 da prova tipo D em decorr\u00eancia de n\u00e3o haver alternativa aceit\u00e1vel como resposta. Primeiramente, nota-se que o enunciado trazia um recorte do texto: \u201cIsto n\u00e3o \u00e9 uma hist\u00f3ria. Isto \u00e9 hist\u00f3ria\u201d. <\/p>\n\n\n\n<p>A quest\u00e3o afirmava que: \u201c No primeiro par\u00e1grafo, a palavra \u201cuma\u201d \u00e9 omitida na segunda frase. O uso e a omiss\u00e3o do artigo, em sequ\u00eancia, configuram um recurso lingu\u00edstico que destaca o seguinte aspecto da narrativa:\u201d.<\/p>\n\n\n\n<p>Segundo Domingos Pascal Cegalla, \u201cArtigo \u00e9 uma palavra que antepomos aos substantivos para dar aos seres um sentido determinado ou indeterminado\u201d, ou seja, a retirada do artigo \u00e9 tamb\u00e9m a retirada desse sentido na estrutura. <\/p>\n\n\n\n<p>No trecho analisado, claramente se percebe a inten\u00e7\u00e3o do autor de afirmar que a hist\u00f3ria que escrevia, n\u00e3o era uma hist\u00f3ria qualquer, mas hist\u00f3ria de sua fam\u00edlia, uma vez que buscava na mem\u00f3ria os fatos que usava para compor sua escrita, o que \u00e9 visto na sequ\u00eancia do texto. <\/p>\n\n\n\n<p>Afirmar que se trata de trabalho ficcional \u00e9 uma extrapola\u00e7\u00e3o, pois o pr\u00f3prio autor afirma que buscava em suas recorda\u00e7\u00f5es, quase tudo o que tinha era mem\u00f3ria, segundo suas pr\u00f3prias palavras no segundo par\u00e1grafo do texto. <\/p>\n\n\n\n<p>Trabalho ficcional significa, segundo o dicion\u00e1rio Houaiss, p\u00e1gina 891, cria\u00e7\u00e3o imagin\u00e1ria, fantasiosa, pressup\u00f5e uma interpreta\u00e7\u00e3o, imagina\u00e7\u00e3o. <\/p>\n\n\n\n<p>Nesse sentido, percebe-se que a escrita da hist\u00f3ria \u00e9 com base nas mem\u00f3rias vivenciadas pelo autor e n\u00e3o em sua cria\u00e7\u00e3o imagin\u00e1ria, tal fato se reafirma ao longo do texto quando ele recupera a imagem do irm\u00e3o e busca express\u00e1-lo da melhor forma poss\u00edvel, ou seja, sem imagin\u00e1-lo, usando o pr\u00f3prio irm\u00e3o como sua refer\u00eancia.<\/p>\n\n\n\n<p>Assim, solicito a anula\u00e7\u00e3o da quest\u00e3o dada a aus\u00eancia de uma alternativa que apresente a ideia pretendida pelo autor.<\/p>\n\n\n\n<h2 class=\"has-cyan-bluish-gray-background-color has-background wp-block-heading\" id=\"direito-penal\">Concurso Pol\u00edcia Penal MG &#8211; recursos de Direito Penal<\/h2>\n\n\n\n<p>Ol\u00e1, pessoal? Tudo bem com voc\u00eas?<\/p>\n\n\n\n<p>Sou Priscila Silveira, professora de Direito Penal e Direito Processual Penal do Estrat\u00e9gia Concursos, e nessa oportunidade vou tecer coment\u00e1rio e apresentar fundamento para uma quest\u00e3o aplicada no certame da Pol\u00edcia Penal de Minas Gerais, consoante abaixo descrito:<\/p>\n\n\n\n<p>A quest\u00e3o 22 de Direito Penal trouxe a seguinte reda\u00e7\u00e3o, qual seja:<\/p>\n\n\n\n<p><strong>QUEST\u00c3O 22<\/strong><\/p>\n\n\n\n<figure class=\"wp-block-image size-full is-resized\"><img loading=\"lazy\" decoding=\"async\" src=\"https:\/\/dhg1h5j42swfq.cloudfront.net\/2022\/03\/14164912\/image-176.png\" alt=\"\" class=\"wp-image-987217\" width=\"794\" height=\"291\" srcset=\"https:\/\/dhg1h5j42swfq.cloudfront.net\/2022\/03\/14164912\/image-176.png 886w, https:\/\/dhg1h5j42swfq.cloudfront.net\/2022\/03\/14164912\/image-176-300x110.png 300w, https:\/\/dhg1h5j42swfq.cloudfront.net\/2022\/03\/14164912\/image-176-768x282.png 768w, https:\/\/dhg1h5j42swfq.cloudfront.net\/2022\/03\/14164912\/image-176-610x224.png 610w\" sizes=\"auto, (max-width: 794px) 100vw, 794px\" \/><figcaption class=\"wp-element-caption\">Concurso Pol\u00edcia Penal MG &#8211; recursos de Direito Penal<\/figcaption><\/figure>\n\n\n\n<p><strong>GABARITO DA BANCA: LETRA C<\/strong><\/p>\n\n\n\n<p><strong>FUNDAMENTO RECURSAL<\/strong><\/p>\n\n\n\n<p>A banca considerou correta a alternativa que afirma que Tib\u00farcio praticou apenas o crime de peculato. Assim, verifica-se que o entendimento se valeu da aplica\u00e7\u00e3o do princ\u00edpio da consun\u00e7\u00e3o (ou absor\u00e7\u00e3o), tendo em vista que o uso de documento falso (crime-meio) ser\u00e1 absorvido pelo delito de peculato (crime-fim). Assim, para o referido princ\u00edpio, o agente ser\u00e1 punido apenas pelo crime-fim, isto \u00e9, o crime de peculato.<\/p>\n\n\n\n<p>Contudo, o tema de conflito aparente de normas n\u00e3o estava expressamente previsto no edital, sen\u00e3o vejamos:<\/p>\n\n\n\n<blockquote class=\"wp-block-quote is-layout-flow wp-block-quote-is-layout-flow\">\n<p>\u201c1. Aplica\u00e7\u00e3o da lei penal. 1.1. Princ\u00edpios. 1.2. Pena cumprida no estrangeiro. 1.3. Efic\u00e1cia da senten\u00e7a estrangeira. 1.4. Contagem de prazo. 1.5. Fra\u00e7\u00f5es n\u00e3o comput\u00e1veis da pena. 1.6. Interpreta\u00e7\u00e3o da lei penal. 1.7. Analogia. 1.8. Irretroatividade da lei penal. 2. O fato t\u00edpico e seus elementos. 2.1. Crime consumado e tentado. 2.2. Ilicitude e causas de exclus\u00e3o. 2.3. Excesso pun\u00edvel. 3. Crimes contra a pessoa. 4. Crimes contra o patrim\u00f4nio. 5. Crimes contra a f\u00e9 p\u00fablica. 6. Crimes contra a administra\u00e7\u00e3o p\u00fablica. 7. Disposi\u00e7\u00f5es constitucionais aplic\u00e1veis ao direito penal. 8. Crimes Contra a Administra\u00e7\u00e3o P\u00fablica, 9. Crimes praticados por funcion\u00e1rio p\u00fablico contra administra\u00e7\u00e3o em geral.\u201d<\/p>\n<\/blockquote>\n\n\n\n<p>Nesse sentido, o edital, como norma que rege o concurso, ao mencionar expressamente o conte\u00fado program\u00e1tico, n\u00e3o pode dar uma interpreta\u00e7\u00e3o que amplie o leque de mat\u00e9rias que ser\u00e3o cobradas no certame, sob pena de viola\u00e7\u00e3o ao princ\u00edpio da legalidade, n\u00e3o sendo razo\u00e1vel a exig\u00eancia de conhecimento de mat\u00e9ria que n\u00e3o conste expressamente do conte\u00fado program\u00e1tico, restando cristalino a aus\u00eancia de observ\u00e2ncia \u00e0s regras do edital.<\/p>\n\n\n\n<p>Ademais disso, inclus\u00e3o de temas n\u00e3o exigidos em edital afronta o princ\u00edpio da publicidade, j\u00e1 que, como se sabe, a Administra\u00e7\u00e3o, na formula\u00e7\u00e3o das quest\u00f5es de prova de concurso p\u00fablico, vincula-se \u00e0s regras estabelecidas no instrumento convocat\u00f3rio.<\/p>\n\n\n\n<p>Logo, a banca ao cobrar o tema que n\u00e3o possu\u00eda previs\u00e3o no edital, extrapolou o conte\u00fado program\u00e1tico, gerando um grave preju\u00edzo aos candidatos.<\/p>\n\n\n\n<p>Diante do exposto, considerando que a quest\u00e3o aborda um tema n\u00e3o previsto no edital, postula-se pela sua anula\u00e7\u00e3o do referido item.<\/p>\n\n\n\n<p><strong>PLEITO \u2013 ANULA\u00c7\u00c3O DA QUEST\u00c3O por extrapolar conte\u00fado do edital.<\/strong><\/p>\n\n\n\n<p>Espero que seja deferido!! Estou na torcida!<\/p>\n\n\n\n<p>Forte abra\u00e7o,<\/p>\n\n\n\n<p><strong>Professora Priscila Silveira<\/strong><\/p>\n\n\n\n<h2 class=\"has-cyan-bluish-gray-background-color has-background wp-block-heading\" id=\"legislacao\">Concurso Pol\u00edcia Penal MG &#8211; recursos de Legisla\u00e7\u00e3o Penal<\/h2>\n\n\n\n<p>Ol\u00e1, pessoal? Tudo bem com voc\u00eas?<\/p>\n\n\n\n<p>Sou Antonio Pequeno, professor de Direito Penal e Legisla\u00e7\u00e3o Penal Especial do Estrat\u00e9gia Concursos, e nessa oportunidade vou tecer coment\u00e1rios e apresentar fundamento para a quest\u00e3o abaixo aplicada no certame, qual seja:<\/p>\n\n\n\n<p>A <strong>quest\u00e3o 58<\/strong> de Legisla\u00e7\u00e3o Especial na prova para Policial Penal de MG, trouxe a seguinte reda\u00e7\u00e3o:<\/p>\n\n\n\n<figure class=\"wp-block-image size-full\"><img loading=\"lazy\" decoding=\"async\" width=\"880\" height=\"569\" src=\"https:\/\/dhg1h5j42swfq.cloudfront.net\/2022\/03\/15083512\/image-187.png\" alt=\"\" class=\"wp-image-987613\" srcset=\"https:\/\/dhg1h5j42swfq.cloudfront.net\/2022\/03\/15083512\/image-187.png 880w, https:\/\/dhg1h5j42swfq.cloudfront.net\/2022\/03\/15083512\/image-187-300x194.png 300w, https:\/\/dhg1h5j42swfq.cloudfront.net\/2022\/03\/15083512\/image-187-768x497.png 768w, https:\/\/dhg1h5j42swfq.cloudfront.net\/2022\/03\/15083512\/image-187-610x394.png 610w\" sizes=\"auto, (max-width: 880px) 100vw, 880px\" \/><figcaption class=\"wp-element-caption\">Concurso Pol\u00edcia Penal MG &#8211; recursos de Legisla\u00e7\u00e3o Penal<\/figcaption><\/figure>\n\n\n\n<p>O gabarito trazido pela banca traz a letra B como certa, vez que a interna\u00e7\u00e3o de dependentes de drogas somente ser\u00e1 realizada em unidades de sa\u00fade ou hospitais gerais, dotados de equipes multidisciplinares, sendo vedada nas comunidades terap\u00eauticas acolhedoras, n\u00e3o se questiona que a alternativa B esteja correta.<\/p>\n\n\n\n<p>Todavia, verifica-se que a letra A deve ser considerada tamb\u00e9m como correta, tendo em vista que a interna\u00e7\u00e3o involunt\u00e1ria do dependente de drogas, como tamb\u00e9m a volunt\u00e1ria, s\u00f3 ser\u00e1 indicada quando os recursos extra-hospitalares se mostrarem insuficientes, conforme o art.23-A, \u00a76\u00ba, da lei 11343\/2006, abaixo:<\/p>\n\n\n\n<p>A interna\u00e7\u00e3o, em qualquer de suas modalidades, s\u00f3 ser\u00e1 indicada quando os recursos extra-hospitalares se mostrarem insuficientes<\/p>\n\n\n\n<p>Apesar do dispositivo trazer reda\u00e7\u00e3o que abrange ambas modalidades de interna\u00e7\u00e3o, a alternativa A n\u00e3o trouxe nenhuma palavra restringindo, exclusivamente, a uma \u00fanica modalidade.<\/p>\n\n\n\n<p><strong>PLEITO: Diante do exposto, em sede de recurso \u00e0 quest\u00e3o, tendo em vista que temos duas alternativas corretas, requer o candidato seja a quest\u00e3o ANULADA.<\/strong><\/p>\n\n\n\n<h2 class=\"has-cyan-bluish-gray-background-color has-background wp-block-heading\" id=\"informatica\">Concurso Pol\u00edcia Penal MG &#8211; recursos de Inform\u00e1tica<\/h2>\n\n\n\n<p><strong>QUEST\u00c3O<\/strong>: A planilha da figura abaixo foi criada no Excel do pacote MS Office 2019, instalado no idioma Portugu\u00eas do Brasil, tendo sido realizados os procedimentos:<\/p>\n\n\n\n<p>I.&nbsp;Nas c\u00e9lulas F7, F8, F9, F10 e F11, foram inseridas express\u00f5es usando uma fun\u00e7\u00e3o para determinar o menor valor entre as cota\u00e7\u00f5es dos fornecedores indicadas nas colunas C, D e E.<\/p>\n\n\n\n<p>II.&nbsp;Nas c\u00e9lulas G7, G8, G9, G10 e G11, foram inseridas express\u00f5es usando a fun\u00e7\u00e3o SE para mostrar o fornecedor que venceu a licita\u00e7\u00e3o para o item considerado, com base na menor cota\u00e7\u00e3o.<\/p>\n\n\n\n<figure class=\"wp-block-image size-full is-resized\"><img loading=\"lazy\" decoding=\"async\" src=\"https:\/\/dhg1h5j42swfq.cloudfront.net\/2022\/03\/15122222\/image-191.png\" alt=\"Concurso Pol\u00edcia Penal MG - recursos de Inform\u00e1tica\" class=\"wp-image-987946\" width=\"671\" height=\"413\" srcset=\"https:\/\/dhg1h5j42swfq.cloudfront.net\/2022\/03\/15122222\/image-191.png 777w, https:\/\/dhg1h5j42swfq.cloudfront.net\/2022\/03\/15122222\/image-191-300x185.png 300w, https:\/\/dhg1h5j42swfq.cloudfront.net\/2022\/03\/15122222\/image-191-768x472.png 768w, https:\/\/dhg1h5j42swfq.cloudfront.net\/2022\/03\/15122222\/image-191-610x375.png 610w\" sizes=\"auto, (max-width: 671px) 100vw, 671px\" \/><figcaption class=\"wp-element-caption\">Concurso Pol\u00edcia Penal MG &#8211; recursos de Inform\u00e1tica<\/figcaption><\/figure>\n\n\n\n<p>Nessas condi\u00e7\u00f5es, as express\u00f5es inseridas nas c\u00e9lulas G9 e F11 s\u00e3o, respectivamente:<\/p>\n\n\n\n<ul class=\"wp-block-list\">\n<li>A)&nbsp;&nbsp;&nbsp;&nbsp;&nbsp;&nbsp;&nbsp;&nbsp;&nbsp;&nbsp; =SE(F9=C9;$C$6;SE(F9=D9;$D$6;$E$6)) e =MINIMOA(C11:E11)<\/li>\n\n\n\n<li>B)&nbsp;&nbsp;&nbsp;&nbsp;&nbsp;&nbsp;&nbsp;&nbsp;&nbsp;&nbsp; =SE(F9=C9;&amp;C&amp;6;SE(F9=D9;&amp;D&amp;6;&amp;E&amp;6)) e =MINIMOA(C11:E11)<\/li>\n\n\n\n<li>C)&nbsp;&nbsp;&nbsp;&nbsp;&nbsp;&nbsp;&nbsp;&nbsp;&nbsp;&nbsp; =SE(F9=C9;$C$6;SE(F9=D9;$D$6;$E$6)) e =MENOR(C11:E11)<\/li>\n\n\n\n<li>D)&nbsp;&nbsp;&nbsp;&nbsp;&nbsp;&nbsp;&nbsp;&nbsp;&nbsp;&nbsp; =SE(F9=C9;&amp;C&amp;6;SE(F9=D9;&amp;D&amp;6;&amp;E&amp;6)) e =MENOR(C11:E11)<\/li>\n<\/ul>\n\n\n\n<p><strong>GABARITO PRELIMINAR: A<\/strong><\/p>\n\n\n\n<p><strong>PEDIDO DE RECURSO: ANULA\u00c7\u00c3O<\/strong><\/p>\n\n\n\n<p><strong>MOTIVO<\/strong>: O problema identificado na quest\u00e3o \u00e9 que n\u00e3o existe uma alternativa onde a fun\u00e7\u00e3o =M\u00cdNIMOA() seja apresentada corretamente, com a acentua\u00e7\u00e3o obrigat\u00f3ria na fun\u00e7\u00e3o, ou seja, nenhuma das alternativas dispon\u00edvel pode ser assinalada como correta.<\/p>\n\n\n\n<p>\u00c9 sabido que o aplicativo Microsoft Office Excel \u00e9 capaz de fazer a corre\u00e7\u00e3o da acentua\u00e7\u00e3o ap\u00f3s o usu\u00e1rio escrev\u00ea-la na c\u00e9lula e pressionar enter ap\u00f3s o processo de digita\u00e7\u00e3o. <\/p>\n\n\n\n<p>Por\u00e9m, o texto da quest\u00e3o n\u00e3o apresenta que essa \u00e9 a condi\u00e7\u00e3o durante o uso do aplicativo, muito pelo contr\u00e1rio, a forma como a qual a quest\u00e3o foi escrita, cabe a interpreta\u00e7\u00e3o de que a fun\u00e7\u00e3o =MINIMOA(), sem acentua\u00e7\u00e3o, j\u00e1 est\u00e1 inserida nas c\u00e9lulas da coluna F.<\/p>\n\n\n\n<p>No trecho \u201cNessas condi\u00e7\u00f5es, as express\u00f5es inseridas nas c\u00e9lulas G9 e F11\u201d apresenta ao candidato de forma clara que as fun\u00e7\u00f5es j\u00e1 est\u00e3o inseridas nas c\u00e9lulas, pois a condi\u00e7\u00e3o informada no procedimento I tem como reda\u00e7\u00e3o \u201cNas c\u00e9lulas F7, F8, F9, F10 e F11, foram inseridas express\u00f5es usando uma fun\u00e7\u00e3o para determinar o menor valor entre as cota\u00e7\u00f5es\u201d. <\/p>\n\n\n\n<p>Sendo assim, o aplicativo n\u00e3o compreender\u00e1 a fun\u00e7\u00e3o =MINIMOA(), sem acentua\u00e7\u00e3o.<\/p>\n\n\n\n<p>Nesse caso, o programa retornar\u00e1 como resultado o c\u00f3digo #NOME?, que \u00e9 o erro apresentado a fun\u00e7\u00e3o escritas erradas, como na falta de acentua\u00e7\u00e3o, por exemplo.<\/p>\n\n\n\n<p>Como base para comprova\u00e7\u00e3o das informa\u00e7\u00f5es apresentadas acima, segue um link da p\u00e1gina oficial da Microsoft com as informa\u00e7\u00f5es sobre o erro #NOME?.<\/p>\n\n\n\n<p><a href=\"https:\/\/support.microsoft.com\/pt-br\/office\/como-corrigir-um-nome-erro-b6d54e31-a743-4d7d-9b61-40002a7b4286\">https:\/\/support.microsoft.com\/pt-br\/office\/como-corrigir-um-nome-erro-b6d54e31-a743-4d7d-9b61-40002a7b4286<\/a><\/p>\n\n\n\n<p>Sendo assim, solicita-se a anula\u00e7\u00e3o da quest\u00e3o.<\/p>\n\n\n\n<p class=\"has-text-align-center has-cyan-bluish-gray-background-color has-background has-medium-font-size\"><strong>Saiba mais: <a href=\"https:\/\/www.estrategiaconcursos.com.br\/blog\/concurso-agente-penitenciario-mg\/\" target=\"_blank\" rel=\"noreferrer noopener\">Concurso Pol\u00edcia Penal Minas Gerais<\/a><\/strong><\/p>\n\n\n\n<hr class=\"wp-block-separator has-css-opacity\"\/>\n\n\n\n<h2 class=\"has-text-align-center wp-block-heading\" id=\"h-quer-saber-tudo-sobre-concursos-previstos-confira-nossos-artigos\">Quer saber tudo sobre concursos previstos?<br \/>Confira nossos artigos!<\/h2>\n\n\n\n<ul class=\"wp-block-list\">\n<li><a href=\"https:\/\/www.estrategiaconcursos.com.br\/blog\/concursos-abertos\/\" target=\"_blank\" rel=\"noreferrer noopener\">Concursos abertos<\/a><\/li>\n\n\n\n<li><a href=\"https:\/\/www.estrategiaconcursos.com.br\/blog\/concursos-2022\/\" target=\"_blank\" rel=\"noreferrer noopener\">Concursos 2022<\/a><\/li>\n<\/ul>\n\n\n\n<div class=\"container\" id=\"boxes\">\n  <div class=\"row\">\n\n    <div class=\"col-sm\">\n      <div class=\"banner-policial\" id=\"box-assinatura\">\n        <h3 class=\"titulo-assinatura\">Concurso Pol\u00edcia Penal MG <\/h3>\n        <p class=\"subtitulo-assinatura\">Conhe\u00e7a os cursos<\/p>\n        <div class=\"box-botao\">\n          <a class=\"btn-assinatura\" target=\"_blank\" href=\"https:\/\/www.estrategiaconcursos.com.br\/cursosPorConcurso\/agepen-mg\/\" role=\"button\" rel=\"noopener noreferrer\">Conhe\u00e7a mais<\/a>\n        <\/div>\n      <\/div>\n  \n    <\/div>\n\n  <\/div>\n<\/div>\n\n\n\n<div class=\"container\" id=\"boxes\">\n  <div class=\"row\">\n\n    <div class=\"col-sm\">\n      <div class=\"estrategia\" id=\"box-assinatura\">\n        <h3 class=\"titulo-assinatura\">Assinatura Concursos<\/h3>\n        <p class=\"subtitulo-assinatura\">Assinatura de 1 ano ou 2 anos<\/p>\n        <div class=\"box-botao\">\n          <a class=\"btn-assinatura\" target=\"_blank\" href=\"https:\/\/www.estrategiaconcursos.com.br\/assinaturas\/\" role=\"button\" rel=\"noopener noreferrer\">ASSINE AGORA<\/a>\n        <\/div>\n      <\/div>\n     \n    <\/div><\/div><\/div>\n","protected":false},"excerpt":{"rendered":"<p>O concurso da Pol\u00edcia Penal de Minas Gerais teve suas \u00faltimas provas aplicadas neste domingo, 13 de mar\u00e7o. Recentemente, foram divulgados os gabaritos preliminares.&nbsp;Pretende interpor recurso contra o gabarito da Pol\u00edcia Penal MG? Todo o processo deve ser realizado no prazo de dois dias \u00fateis, ou seja,&nbsp;de 14 a 15 de mar\u00e7o, atrav\u00e9s do&nbsp;site do [&hellip;]<\/p>\n","protected":false},"author":1206,"featured_media":698492,"comment_status":"open","ping_status":"closed","sticky":false,"template":"","format":"standard","meta":{"post_tipo":"news","footnotes":""},"categories":[220188,220219],"tags":[],"tax_estado":[219974],"class_list":["post-986405","post","type-post","status-publish","format-standard","has-post-thumbnail","hentry","category-policial-agente-penitenciario","category-noticias","tax_estado-mg"],"acf":[],"yoast_head":"<!-- This site is optimized with the Yoast SEO Premium plugin v27.2 (Yoast SEO v27.2) - https:\/\/yoast.com\/product\/yoast-seo-premium-wordpress\/ -->\n<title>Concurso Pol\u00edcia Penal MG: confira os poss\u00edveis recursos<\/title>\n<meta name=\"description\" content=\"Confira as possibilidades de recursos na prova do concurso Pol\u00edcia Penal MG. Acesse nosso site e veja todos os detalhes!\" \/>\n<meta name=\"robots\" content=\"index, follow, max-snippet:-1, max-image-preview:large, max-video-preview:-1\" \/>\n<link rel=\"canonical\" href=\"https:\/\/www.estrategiaconcursos.com.br\/blog\/concurso-policia-penal-mg-recursos\/\" \/>\n<meta property=\"og:locale\" content=\"pt_BR\" \/>\n<meta property=\"og:type\" content=\"article\" \/>\n<meta property=\"og:title\" content=\"Concurso Pol\u00edcia Penal MG: confira os poss\u00edveis recursos\" \/>\n<meta property=\"og:description\" content=\"Confira as possibilidades de recursos na prova do concurso Pol\u00edcia Penal MG. Acesse nosso site e veja todos os detalhes!\" \/>\n<meta property=\"og:url\" content=\"https:\/\/www.estrategiaconcursos.com.br\/blog\/concurso-policia-penal-mg-recursos\/\" \/>\n<meta property=\"og:site_name\" content=\"Estrat\u00e9gia Concursos\" \/>\n<meta property=\"article:published_time\" content=\"2022-03-14T18:13:40+00:00\" \/>\n<meta property=\"article:modified_time\" content=\"2023-03-14T17:22:45+00:00\" \/>\n<meta property=\"og:image\" content=\"https:\/\/dhg1h5j42swfq.cloudfront.net\/2021\/03\/22153912\/concurso-policia-penal-mg.jpg\" \/>\n\t<meta property=\"og:image:width\" content=\"1200\" \/>\n\t<meta property=\"og:image:height\" content=\"628\" \/>\n\t<meta property=\"og:image:type\" content=\"image\/jpeg\" \/>\n<meta name=\"author\" content=\"Bruna de Andrade Fran\u00e7a\" \/>\n<meta name=\"twitter:card\" content=\"summary_large_image\" \/>\n<meta name=\"twitter:creator\" content=\"@EstratConcursos\" \/>\n<meta name=\"twitter:site\" content=\"@EstratConcursos\" \/>\n<meta name=\"twitter:label1\" content=\"Escrito por\" \/>\n\t<meta name=\"twitter:data1\" content=\"Bruna de Andrade Fran\u00e7a\" \/>\n\t<meta name=\"twitter:label2\" content=\"Est. tempo de leitura\" \/>\n\t<meta name=\"twitter:data2\" content=\"11 minutos\" \/>\n<script type=\"application\/ld+json\" class=\"yoast-schema-graph\">{\"@context\":\"https:\/\/schema.org\",\"@graph\":[{\"@type\":\"NewsArticle\",\"@id\":\"https:\/\/www.estrategiaconcursos.com.br\/blog\/concurso-policia-penal-mg-recursos\/#article\",\"isPartOf\":{\"@id\":\"https:\/\/www.estrategiaconcursos.com.br\/blog\/concurso-policia-penal-mg-recursos\/\"},\"author\":{\"name\":\"Bruna de Andrade Fran\u00e7a\",\"@id\":\"https:\/\/www.estrategiaconcursos.com.br\/blog\/#\/schema\/person\/6630f91134abc08115cca62ce6372855\"},\"headline\":\"Concurso Pol\u00edcia Penal MG: confira os poss\u00edveis recursos\",\"datePublished\":\"2022-03-14T18:13:40+00:00\",\"dateModified\":\"2023-03-14T17:22:45+00:00\",\"mainEntityOfPage\":{\"@id\":\"https:\/\/www.estrategiaconcursos.com.br\/blog\/concurso-policia-penal-mg-recursos\/\"},\"wordCount\":2114,\"commentCount\":0,\"publisher\":{\"@id\":\"https:\/\/www.estrategiaconcursos.com.br\/blog\/#organization\"},\"image\":{\"@id\":\"https:\/\/www.estrategiaconcursos.com.br\/blog\/concurso-policia-penal-mg-recursos\/#primaryimage\"},\"thumbnailUrl\":\"https:\/\/dhg1h5j42swfq.cloudfront.net\/2021\/03\/22153912\/concurso-policia-penal-mg.jpg\",\"articleSection\":[\"Policial (Agente Penitenci\u00e1rio)\",\"\u00daltimas not\u00edcias\"],\"inLanguage\":\"pt-BR\",\"potentialAction\":[{\"@type\":\"CommentAction\",\"name\":\"Comment\",\"target\":[\"https:\/\/www.estrategiaconcursos.com.br\/blog\/concurso-policia-penal-mg-recursos\/#respond\"]}],\"copyrightYear\":\"2022\",\"copyrightHolder\":{\"@id\":\"https:\/\/www.estrategiaconcursos.com.br\/blog\/#organization\"}},{\"@type\":\"WebPage\",\"@id\":\"https:\/\/www.estrategiaconcursos.com.br\/blog\/concurso-policia-penal-mg-recursos\/\",\"url\":\"https:\/\/www.estrategiaconcursos.com.br\/blog\/concurso-policia-penal-mg-recursos\/\",\"name\":\"Concurso Pol\u00edcia Penal MG: confira os poss\u00edveis recursos\",\"isPartOf\":{\"@id\":\"https:\/\/www.estrategiaconcursos.com.br\/blog\/#website\"},\"primaryImageOfPage\":{\"@id\":\"https:\/\/www.estrategiaconcursos.com.br\/blog\/concurso-policia-penal-mg-recursos\/#primaryimage\"},\"image\":{\"@id\":\"https:\/\/www.estrategiaconcursos.com.br\/blog\/concurso-policia-penal-mg-recursos\/#primaryimage\"},\"thumbnailUrl\":\"https:\/\/dhg1h5j42swfq.cloudfront.net\/2021\/03\/22153912\/concurso-policia-penal-mg.jpg\",\"datePublished\":\"2022-03-14T18:13:40+00:00\",\"dateModified\":\"2023-03-14T17:22:45+00:00\",\"description\":\"Confira as possibilidades de recursos na prova do concurso Pol\u00edcia Penal MG. Acesse nosso site e veja todos os detalhes!\",\"breadcrumb\":{\"@id\":\"https:\/\/www.estrategiaconcursos.com.br\/blog\/concurso-policia-penal-mg-recursos\/#breadcrumb\"},\"inLanguage\":\"pt-BR\",\"potentialAction\":[{\"@type\":\"ReadAction\",\"target\":[\"https:\/\/www.estrategiaconcursos.com.br\/blog\/concurso-policia-penal-mg-recursos\/\"]}]},{\"@type\":\"ImageObject\",\"inLanguage\":\"pt-BR\",\"@id\":\"https:\/\/www.estrategiaconcursos.com.br\/blog\/concurso-policia-penal-mg-recursos\/#primaryimage\",\"url\":\"https:\/\/dhg1h5j42swfq.cloudfront.net\/2021\/03\/22153912\/concurso-policia-penal-mg.jpg\",\"contentUrl\":\"https:\/\/dhg1h5j42swfq.cloudfront.net\/2021\/03\/22153912\/concurso-policia-penal-mg.jpg\",\"width\":1200,\"height\":628,\"caption\":\"Concurso Pol\u00edcia Penal MG\"},{\"@type\":\"BreadcrumbList\",\"@id\":\"https:\/\/www.estrategiaconcursos.com.br\/blog\/concurso-policia-penal-mg-recursos\/#breadcrumb\",\"itemListElement\":[{\"@type\":\"ListItem\",\"position\":1,\"name\":\"In\u00edcio\",\"item\":\"https:\/\/www.estrategiaconcursos.com.br\/blog\/\"},{\"@type\":\"ListItem\",\"position\":2,\"name\":\"Concurso Pol\u00edcia Penal MG: confira os poss\u00edveis recursos\"}]},{\"@type\":\"WebSite\",\"@id\":\"https:\/\/www.estrategiaconcursos.com.br\/blog\/#website\",\"url\":\"https:\/\/www.estrategiaconcursos.com.br\/blog\/\",\"name\":\"Estrat\u00e9gia Concursos\",\"description\":\"O blog da Estrat\u00e9gia Concursos traz not\u00edcias sobre concursos e artigos de professores oferecendo cursos para concursos (pdf + videaulas) no site.\",\"publisher\":{\"@id\":\"https:\/\/www.estrategiaconcursos.com.br\/blog\/#organization\"},\"potentialAction\":[{\"@type\":\"SearchAction\",\"target\":{\"@type\":\"EntryPoint\",\"urlTemplate\":\"https:\/\/www.estrategiaconcursos.com.br\/blog\/?s={search_term_string}\"},\"query-input\":{\"@type\":\"PropertyValueSpecification\",\"valueRequired\":true,\"valueName\":\"search_term_string\"}}],\"inLanguage\":\"pt-BR\"},{\"@type\":\"Organization\",\"@id\":\"https:\/\/www.estrategiaconcursos.com.br\/blog\/#organization\",\"name\":\"Estrat\u00e9gia Concursos\",\"url\":\"https:\/\/www.estrategiaconcursos.com.br\/blog\/\",\"logo\":{\"@type\":\"ImageObject\",\"inLanguage\":\"pt-BR\",\"@id\":\"https:\/\/www.estrategiaconcursos.com.br\/blog\/#\/schema\/logo\/image\/\",\"url\":\"https:\/\/dhg1h5j42swfq.cloudfront.net\/2025\/06\/03203428\/logo_concursos-1.jpg\",\"contentUrl\":\"https:\/\/dhg1h5j42swfq.cloudfront.net\/2025\/06\/03203428\/logo_concursos-1.jpg\",\"width\":230,\"height\":60,\"caption\":\"Estrat\u00e9gia Concursos\"},\"image\":{\"@id\":\"https:\/\/www.estrategiaconcursos.com.br\/blog\/#\/schema\/logo\/image\/\"},\"sameAs\":[\"https:\/\/x.com\/EstratConcursos\"]},{\"@type\":\"Person\",\"@id\":\"https:\/\/www.estrategiaconcursos.com.br\/blog\/#\/schema\/person\/6630f91134abc08115cca62ce6372855\",\"name\":\"Bruna de Andrade Fran\u00e7a\",\"image\":{\"@type\":\"ImageObject\",\"inLanguage\":\"pt-BR\",\"@id\":\"https:\/\/secure.gravatar.com\/avatar\/d6316d36d50cea0fadae28ed3015b8870cc90a2d3d8a95c37b44006af36a00e3?s=96&d=mm&r=g\",\"url\":\"https:\/\/secure.gravatar.com\/avatar\/d6316d36d50cea0fadae28ed3015b8870cc90a2d3d8a95c37b44006af36a00e3?s=96&d=mm&r=g\",\"contentUrl\":\"https:\/\/secure.gravatar.com\/avatar\/d6316d36d50cea0fadae28ed3015b8870cc90a2d3d8a95c37b44006af36a00e3?s=96&d=mm&r=g\",\"caption\":\"Bruna de Andrade Fran\u00e7a\"},\"description\":\"Bruna de Andrade Fran\u00e7a \u00e9 publicit\u00e1ria com p\u00f3s-gradua\u00e7\u00e3o em Marketing &amp; Growth, atuando h\u00e1 mais de 6 anos no universo dos concursos p\u00fablicos. Desde 2021, lidera no Blog do Estrat\u00e9gia Concursos a cobertura editorial especializada em Concursos Policiais (PF, PRF, PM, PC, etc.), al\u00e9m das frentes de concursos banc\u00e1rios, de sa\u00fade e da \u00e1rea legislativa. Especialista em reda\u00e7\u00e3o, com pr\u00e1ticas de SEO e Copywriting, possui tamb\u00e9m atua\u00e7\u00e3o pr\u00e1tica de contato direto com \u00f3rg\u00e3os p\u00fablicos respons\u00e1veis por editais, permitindo acesso antecipado a informa\u00e7\u00f5es, desdobramentos importantes e atualiza\u00e7\u00e3o eficiente dos concursos p\u00fablicos.\",\"url\":\"https:\/\/www.estrategiaconcursos.com.br\/blog\/author\/bruna-andrade\/\"}]}<\/script>\n<!-- \/ Yoast SEO Premium plugin. -->","yoast_head_json":{"title":"Concurso Pol\u00edcia Penal MG: confira os poss\u00edveis recursos","description":"Confira as possibilidades de recursos na prova do concurso Pol\u00edcia Penal MG. Acesse nosso site e veja todos os detalhes!","robots":{"index":"index","follow":"follow","max-snippet":"max-snippet:-1","max-image-preview":"max-image-preview:large","max-video-preview":"max-video-preview:-1"},"canonical":"https:\/\/www.estrategiaconcursos.com.br\/blog\/concurso-policia-penal-mg-recursos\/","og_locale":"pt_BR","og_type":"article","og_title":"Concurso Pol\u00edcia Penal MG: confira os poss\u00edveis recursos","og_description":"Confira as possibilidades de recursos na prova do concurso Pol\u00edcia Penal MG. Acesse nosso site e veja todos os detalhes!","og_url":"https:\/\/www.estrategiaconcursos.com.br\/blog\/concurso-policia-penal-mg-recursos\/","og_site_name":"Estrat\u00e9gia Concursos","article_published_time":"2022-03-14T18:13:40+00:00","article_modified_time":"2023-03-14T17:22:45+00:00","og_image":[{"width":1200,"height":628,"url":"https:\/\/dhg1h5j42swfq.cloudfront.net\/2021\/03\/22153912\/concurso-policia-penal-mg.jpg","type":"image\/jpeg"}],"author":"Bruna de Andrade Fran\u00e7a","twitter_card":"summary_large_image","twitter_creator":"@EstratConcursos","twitter_site":"@EstratConcursos","twitter_misc":{"Escrito por":"Bruna de Andrade Fran\u00e7a","Est. tempo de leitura":"11 minutos"},"schema":{"@context":"https:\/\/schema.org","@graph":[{"@type":"NewsArticle","@id":"https:\/\/www.estrategiaconcursos.com.br\/blog\/concurso-policia-penal-mg-recursos\/#article","isPartOf":{"@id":"https:\/\/www.estrategiaconcursos.com.br\/blog\/concurso-policia-penal-mg-recursos\/"},"author":{"name":"Bruna de Andrade Fran\u00e7a","@id":"https:\/\/www.estrategiaconcursos.com.br\/blog\/#\/schema\/person\/6630f91134abc08115cca62ce6372855"},"headline":"Concurso Pol\u00edcia Penal MG: confira os poss\u00edveis recursos","datePublished":"2022-03-14T18:13:40+00:00","dateModified":"2023-03-14T17:22:45+00:00","mainEntityOfPage":{"@id":"https:\/\/www.estrategiaconcursos.com.br\/blog\/concurso-policia-penal-mg-recursos\/"},"wordCount":2114,"commentCount":0,"publisher":{"@id":"https:\/\/www.estrategiaconcursos.com.br\/blog\/#organization"},"image":{"@id":"https:\/\/www.estrategiaconcursos.com.br\/blog\/concurso-policia-penal-mg-recursos\/#primaryimage"},"thumbnailUrl":"https:\/\/dhg1h5j42swfq.cloudfront.net\/2021\/03\/22153912\/concurso-policia-penal-mg.jpg","articleSection":["Policial (Agente Penitenci\u00e1rio)","\u00daltimas not\u00edcias"],"inLanguage":"pt-BR","potentialAction":[{"@type":"CommentAction","name":"Comment","target":["https:\/\/www.estrategiaconcursos.com.br\/blog\/concurso-policia-penal-mg-recursos\/#respond"]}],"copyrightYear":"2022","copyrightHolder":{"@id":"https:\/\/www.estrategiaconcursos.com.br\/blog\/#organization"}},{"@type":"WebPage","@id":"https:\/\/www.estrategiaconcursos.com.br\/blog\/concurso-policia-penal-mg-recursos\/","url":"https:\/\/www.estrategiaconcursos.com.br\/blog\/concurso-policia-penal-mg-recursos\/","name":"Concurso Pol\u00edcia Penal MG: confira os poss\u00edveis recursos","isPartOf":{"@id":"https:\/\/www.estrategiaconcursos.com.br\/blog\/#website"},"primaryImageOfPage":{"@id":"https:\/\/www.estrategiaconcursos.com.br\/blog\/concurso-policia-penal-mg-recursos\/#primaryimage"},"image":{"@id":"https:\/\/www.estrategiaconcursos.com.br\/blog\/concurso-policia-penal-mg-recursos\/#primaryimage"},"thumbnailUrl":"https:\/\/dhg1h5j42swfq.cloudfront.net\/2021\/03\/22153912\/concurso-policia-penal-mg.jpg","datePublished":"2022-03-14T18:13:40+00:00","dateModified":"2023-03-14T17:22:45+00:00","description":"Confira as possibilidades de recursos na prova do concurso Pol\u00edcia Penal MG. Acesse nosso site e veja todos os detalhes!","breadcrumb":{"@id":"https:\/\/www.estrategiaconcursos.com.br\/blog\/concurso-policia-penal-mg-recursos\/#breadcrumb"},"inLanguage":"pt-BR","potentialAction":[{"@type":"ReadAction","target":["https:\/\/www.estrategiaconcursos.com.br\/blog\/concurso-policia-penal-mg-recursos\/"]}]},{"@type":"ImageObject","inLanguage":"pt-BR","@id":"https:\/\/www.estrategiaconcursos.com.br\/blog\/concurso-policia-penal-mg-recursos\/#primaryimage","url":"https:\/\/dhg1h5j42swfq.cloudfront.net\/2021\/03\/22153912\/concurso-policia-penal-mg.jpg","contentUrl":"https:\/\/dhg1h5j42swfq.cloudfront.net\/2021\/03\/22153912\/concurso-policia-penal-mg.jpg","width":1200,"height":628,"caption":"Concurso Pol\u00edcia Penal MG"},{"@type":"BreadcrumbList","@id":"https:\/\/www.estrategiaconcursos.com.br\/blog\/concurso-policia-penal-mg-recursos\/#breadcrumb","itemListElement":[{"@type":"ListItem","position":1,"name":"In\u00edcio","item":"https:\/\/www.estrategiaconcursos.com.br\/blog\/"},{"@type":"ListItem","position":2,"name":"Concurso Pol\u00edcia Penal MG: confira os poss\u00edveis recursos"}]},{"@type":"WebSite","@id":"https:\/\/www.estrategiaconcursos.com.br\/blog\/#website","url":"https:\/\/www.estrategiaconcursos.com.br\/blog\/","name":"Estrat\u00e9gia Concursos","description":"O blog da Estrat\u00e9gia Concursos traz not\u00edcias sobre concursos e artigos de professores oferecendo cursos para concursos (pdf + videaulas) no site.","publisher":{"@id":"https:\/\/www.estrategiaconcursos.com.br\/blog\/#organization"},"potentialAction":[{"@type":"SearchAction","target":{"@type":"EntryPoint","urlTemplate":"https:\/\/www.estrategiaconcursos.com.br\/blog\/?s={search_term_string}"},"query-input":{"@type":"PropertyValueSpecification","valueRequired":true,"valueName":"search_term_string"}}],"inLanguage":"pt-BR"},{"@type":"Organization","@id":"https:\/\/www.estrategiaconcursos.com.br\/blog\/#organization","name":"Estrat\u00e9gia Concursos","url":"https:\/\/www.estrategiaconcursos.com.br\/blog\/","logo":{"@type":"ImageObject","inLanguage":"pt-BR","@id":"https:\/\/www.estrategiaconcursos.com.br\/blog\/#\/schema\/logo\/image\/","url":"https:\/\/dhg1h5j42swfq.cloudfront.net\/2025\/06\/03203428\/logo_concursos-1.jpg","contentUrl":"https:\/\/dhg1h5j42swfq.cloudfront.net\/2025\/06\/03203428\/logo_concursos-1.jpg","width":230,"height":60,"caption":"Estrat\u00e9gia Concursos"},"image":{"@id":"https:\/\/www.estrategiaconcursos.com.br\/blog\/#\/schema\/logo\/image\/"},"sameAs":["https:\/\/x.com\/EstratConcursos"]},{"@type":"Person","@id":"https:\/\/www.estrategiaconcursos.com.br\/blog\/#\/schema\/person\/6630f91134abc08115cca62ce6372855","name":"Bruna de Andrade Fran\u00e7a","image":{"@type":"ImageObject","inLanguage":"pt-BR","@id":"https:\/\/secure.gravatar.com\/avatar\/d6316d36d50cea0fadae28ed3015b8870cc90a2d3d8a95c37b44006af36a00e3?s=96&d=mm&r=g","url":"https:\/\/secure.gravatar.com\/avatar\/d6316d36d50cea0fadae28ed3015b8870cc90a2d3d8a95c37b44006af36a00e3?s=96&d=mm&r=g","contentUrl":"https:\/\/secure.gravatar.com\/avatar\/d6316d36d50cea0fadae28ed3015b8870cc90a2d3d8a95c37b44006af36a00e3?s=96&d=mm&r=g","caption":"Bruna de Andrade Fran\u00e7a"},"description":"Bruna de Andrade Fran\u00e7a \u00e9 publicit\u00e1ria com p\u00f3s-gradua\u00e7\u00e3o em Marketing &amp; Growth, atuando h\u00e1 mais de 6 anos no universo dos concursos p\u00fablicos. Desde 2021, lidera no Blog do Estrat\u00e9gia Concursos a cobertura editorial especializada em Concursos Policiais (PF, PRF, PM, PC, etc.), al\u00e9m das frentes de concursos banc\u00e1rios, de sa\u00fade e da \u00e1rea legislativa. Especialista em reda\u00e7\u00e3o, com pr\u00e1ticas de SEO e Copywriting, possui tamb\u00e9m atua\u00e7\u00e3o pr\u00e1tica de contato direto com \u00f3rg\u00e3os p\u00fablicos respons\u00e1veis por editais, permitindo acesso antecipado a informa\u00e7\u00f5es, desdobramentos importantes e atualiza\u00e7\u00e3o eficiente dos concursos p\u00fablicos.","url":"https:\/\/www.estrategiaconcursos.com.br\/blog\/author\/bruna-andrade\/"}]}},"_links":{"self":[{"href":"https:\/\/www.estrategiaconcursos.com.br\/blog\/wp-json\/wp\/v2\/posts\/986405","targetHints":{"allow":["GET"]}}],"collection":[{"href":"https:\/\/www.estrategiaconcursos.com.br\/blog\/wp-json\/wp\/v2\/posts"}],"about":[{"href":"https:\/\/www.estrategiaconcursos.com.br\/blog\/wp-json\/wp\/v2\/types\/post"}],"author":[{"embeddable":true,"href":"https:\/\/www.estrategiaconcursos.com.br\/blog\/wp-json\/wp\/v2\/users\/1206"}],"replies":[{"embeddable":true,"href":"https:\/\/www.estrategiaconcursos.com.br\/blog\/wp-json\/wp\/v2\/comments?post=986405"}],"version-history":[{"count":10,"href":"https:\/\/www.estrategiaconcursos.com.br\/blog\/wp-json\/wp\/v2\/posts\/986405\/revisions"}],"predecessor-version":[{"id":1186467,"href":"https:\/\/www.estrategiaconcursos.com.br\/blog\/wp-json\/wp\/v2\/posts\/986405\/revisions\/1186467"}],"wp:featuredmedia":[{"embeddable":true,"href":"https:\/\/www.estrategiaconcursos.com.br\/blog\/wp-json\/wp\/v2\/media\/698492"}],"wp:attachment":[{"href":"https:\/\/www.estrategiaconcursos.com.br\/blog\/wp-json\/wp\/v2\/media?parent=986405"}],"wp:term":[{"taxonomy":"category","embeddable":true,"href":"https:\/\/www.estrategiaconcursos.com.br\/blog\/wp-json\/wp\/v2\/categories?post=986405"},{"taxonomy":"post_tag","embeddable":true,"href":"https:\/\/www.estrategiaconcursos.com.br\/blog\/wp-json\/wp\/v2\/tags?post=986405"},{"taxonomy":"tax_estado","embeddable":true,"href":"https:\/\/www.estrategiaconcursos.com.br\/blog\/wp-json\/wp\/v2\/tax_estado?post=986405"}],"curies":[{"name":"wp","href":"https:\/\/api.w.org\/{rel}","templated":true}]}}