{"id":986043,"date":"2022-04-11T08:00:00","date_gmt":"2022-04-11T11:00:00","guid":{"rendered":"https:\/\/www.estrategiaconcursos.com.br\/blog\/?p=986043"},"modified":"2022-04-11T11:30:05","modified_gmt":"2022-04-11T14:30:05","slug":"sefaz-am-fatos-juridicossefaz-am-fatos-juridicos-resumidos","status":"publish","type":"post","link":"https:\/\/www.estrategiaconcursos.com.br\/blog\/sefaz-am-fatos-juridicossefaz-am-fatos-juridicos-resumidos\/","title":{"rendered":"SEFAZ-AM: Fatos Jur\u00eddicos resumidos"},"content":{"rendered":"\n<p>No artigo de hoje, SEFAZ-AM: Fatos Jur\u00eddicos resumidos, ser\u00e1 apresentado um resumo dos principais pontos que voc\u00ea precisa saber para a prova conforme an\u00e1lise da <a href=\"https:\/\/conhecimento.fgv.br\/concursos\/sefazam22\">FGV.<\/a><\/p>\n\n\n\n<div class=\"wp-block-image\"><figure class=\"aligncenter size-full\"><img loading=\"lazy\" decoding=\"async\" width=\"300\" height=\"168\" src=\"https:\/\/dhg1h5j42swfq.cloudfront.net\/2022\/03\/13115719\/sefaz-am-3.jpg\" alt=\"SEFAZ-AM: Fatos Jur\u00eddicos resumidos\" class=\"wp-image-986062\"\/><figcaption>SEFAZ AM<\/figcaption><\/figure><\/div>\n\n\n\n<p>Hoje vamos fazer um resumo dos<strong> principais pontos dos fatos jur\u00eddicos <\/strong>para o concurso da SEFAZ-AM. O objetivo \u00e9 obter todos os pontos poss\u00edveis.<\/p>\n\n\n\n<p>Desta forma, <strong>fatos jur\u00eddicos<\/strong>&nbsp;s\u00e3o todos os acontecimentos (provindos da atividade natural ou humana) capazes de influenciar na \u00f3rbita do direito por criar, modificar ou extinguir rela\u00e7\u00f5es&nbsp;<strong>jur\u00eddicas<\/strong>.&nbsp;O texto a seguir traz suas principais caracter\u00edsticas e pontos mais cobrados em prova.<\/p>\n\n\n\n<h2 class=\"wp-block-heading\" id=\"h-elementos-do-fato-juridico-e-modificacoes-sefaz-am-fatos-juridicos-resumidos\"><strong>Elementos do Fato Jur\u00eddico e Modifica\u00e7\u00f5es &#8211; SEFAZ-AM: Fatos Jur\u00eddicos resumidos<\/strong><\/h2>\n\n\n\n<p>Para que um&nbsp;<strong>ato<\/strong>&nbsp;exista, do ponto de vista&nbsp;<strong>jur\u00eddico<\/strong>, ele precisa da presen\u00e7a de alguns&nbsp;<strong>elementos<\/strong>, tais como (1) manifesta\u00e7\u00e3o de vontade, (2) objeto e (3) algum tipo de materializa\u00e7\u00e3o material em meio a uma forma definida em lei, chamados de&nbsp;<strong>elementos<\/strong>&nbsp;intr\u00ednsecos do&nbsp;<strong>ato jur\u00eddico<\/strong>. <\/p>\n\n\n\n<p>Na mesma avalia\u00e7\u00e3o, tem-se as situa\u00e7\u00f5es em que o ato jur\u00eddico \u00e9 impactado. Listam-se as causas modificadoras abaixo.<\/p>\n\n\n\n<p>S\u00e3o causas de mudan\u00e7a do fato jur\u00eddico:<\/p>\n\n\n\n<ul class=\"wp-block-list\"><li>Aquisi\u00e7\u00e3o de direito<\/li><li>Resguardo de direitos<\/li><li>Modifica\u00e7\u00e3o de direito<\/li><li>Extin\u00e7\u00e3o do direito<\/li><\/ul>\n\n\n\n<p>A<strong>quisi\u00e7\u00e3o de Direito<\/strong><\/p>\n\n\n\n<p>\u00c9 a conjun\u00e7\u00e3o <strong>(uni\u00e3o) dos direitos com seu titular<\/strong>. Assim, ocorre a aquisi\u00e7\u00e3o de um direito com a incorpora\u00e7\u00e3o do patrim\u00f4nio \u00e0 personalidade do titular.<\/p>\n\n\n\n<p><strong>Resguardo de Direitos<\/strong><\/p>\n\n\n\n<p>Servem para<strong> proteger os seus direitos<\/strong>. Ou seja, o titular de um direito deve praticar atos conservat\u00f3rios preventivos (garantindo seu direito contra eventual e futura viola\u00e7\u00e3o) ou repressivos (s\u00e3o os que visam restaurar eventual direito violado).<\/p>\n\n\n\n<p><strong>Modifica\u00e7\u00e3o de Direitos <\/strong><\/p>\n\n\n\n<p>Os direitos podem sofrer modifica\u00e7\u00f5es relativas ao seu conte\u00fado (objeto) ou a seus titulares (pessoas), sem que haja altera\u00e7\u00e3o em sua subst\u00e2ncia. Desta forma, a modifica\u00e7\u00e3o do direito pode ser objetiva ou subjetiva.<\/p>\n\n\n\n<p><strong>Objetiva<\/strong><\/p>\n\n\n\n<p>A objetiva diz respeito ao <strong>conte\u00fado ou objeto da rela\u00e7\u00e3o jur\u00eddica<\/strong>. Assim, pode ser qualitativa, quando um direito se converte em outra esp\u00e9cie ou quantitativa, quando diz respeito ao volume (maior ou menor) do objeto sem alterar a qualidade do direito.<\/p>\n\n\n\n<p><strong>Subjetiva<\/strong><\/p>\n\n\n\n<p><strong>A subjetiva implica a modifica\u00e7\u00e3o da titularidade do direito<\/strong>, ou seja, substitui\u00e7\u00e3o de uma das pessoas (sujeito ativo ou passivo) envolvidas na obriga\u00e7\u00e3o, podendo ser intervivos (contrato) ou causa mortis. Ex: testamento (morrendo o titular de um direito este se transmite aos seus sucessores).<\/p>\n\n\n\n<p>Por outro lado, outros exemplos podem ser: cess\u00e3o de cr\u00e9dito, desapropria\u00e7\u00e3o, venda de um bem, por exemplo. Assim, alguns autores afirmam que a transmiss\u00e3o dos direitos seria um quinto elemento do Fato Jur\u00eddico.<\/p>\n\n\n\n<p><strong>EXTIN\u00c7\u00c3O DE DIREITOS<\/strong><\/p>\n\n\n\n<p><strong>Fica caracterizada quando sobrev\u00e9m uma causa que elimina os seus elementos essenciais. Assim, notem que o perecimento deve ser total.<\/strong> Se for parcial, o direito persiste sobre o remanescente desta parte.<\/p>\n\n\n\n<h2 class=\"wp-block-heading\" id=\"h-sentidos-estrito-e-amplo\">Sentidos estrito e amplo<\/h2>\n\n\n\n<p>Este trecho traz as abordagens dos conceitos dos Fatos Jur\u00eddicos. Assim, faz-se necess\u00e1rio distinguir:<\/p>\n\n\n\n<p>O <strong>sentido<\/strong>&nbsp;lato ou&nbsp;<strong>sentido amplo<\/strong>&nbsp;de um determinado conceito indica uma vista mais geral desse conceito, enquanto o&nbsp;<strong>sentido estrito<\/strong>&nbsp;remete para uma defini\u00e7\u00e3o mais particular desse mesmo conceito.&nbsp;<\/p>\n\n\n\n<p><strong>SENTIDO ESTRITO (\u201cstricto sensu\u201d)<\/strong><\/p>\n\n\n\n<p>O fato jur\u00eddico seria um acontecimento <strong>natural<\/strong>, podendo ser<strong> ordin\u00e1rio<\/strong>, como o nascimento, a maioridade, a morte; ou <strong>extraordin\u00e1rio<\/strong>, como o caso fortuito ou de for\u00e7a maior, que s\u00e3o eventos imprevis\u00edveis e inevit\u00e1veis (exemplos: terremotos e tempestades).<\/p>\n\n\n\n<p><strong>Ordin\u00e1rio<\/strong><\/p>\n\n\n\n<p>Normalmente podem acontecer (previs\u00edveis): nascimento, morte (por causas naturais), implemento de certa idade (16,18, 21, 35, 70 anos), aluvi\u00e3o (art. 1.250, CC), avuls\u00e3o (art. 1.251, CC), decurso de tempo (como a prescri\u00e7\u00e3o, a decad\u00eancia, a usucapi\u00e3o) entre outros.<\/p>\n\n\n\n<p><strong>Extraordin\u00e1rio<\/strong><\/p>\n\n\n\n<p>Ocorre de forma inesperada (imprevis\u00edvel). Assim, tem-se exemplos cl\u00e1ssicos: \u201ccaso fortuito\u201d ou \u201cfor\u00e7a maior\u201d.<\/p>\n\n\n\n<p>T\u00eam import\u00e2ncia ao direito por exclu\u00edrem, como regra, a responsabilidade: destrui\u00e7\u00e3o de bens m\u00f3veis e im\u00f3veis em virtude de uma tempestade, desabamento de pr\u00e9dios em virtude de um terremoto, inc\u00eandio de uma f\u00e1brica em raz\u00e3o de um raio, naufr\u00e1gio de um navio em virtude de um maremoto, tsunami, entre outros.<\/p>\n\n\n\n<p><strong>SENTIDO AMPLO<\/strong><\/p>\n\n\n\n<p>Abrange acontecimentos decorrentes de <strong>a\u00e7\u00f5es humanas<\/strong>, como por exemplo, doa\u00e7\u00f5es e contratos entre as partes.<\/p>\n\n\n\n<p>Desta forma, os fatos jur\u00eddicos decorrentes de a\u00e7\u00f5es humanas (tamb\u00e9m denominados atos) se classificam em: ato jur\u00eddico em ou l\u00edcito (estrito e amplo), e ato il\u00edcito (involunt\u00e1rio).<\/p>\n\n\n\n<h2 class=\"wp-block-heading\" id=\"h-interpretacao-dos-negocios-juridicos-sefaz-am-fatos-juridicos-resumidos\">Interpreta\u00e7\u00e3o dos Neg\u00f3cios Jur\u00eddicos &#8211; SEFAZ-AM: Fatos Jur\u00eddicos resumidos<\/h2>\n\n\n\n<p>N\u00e3o s\u00f3 a lei, mas o neg\u00f3cio jur\u00eddico tamb\u00e9m precisa ser interpretado, pois as suas cl\u00e1usulas podem n\u00e3o ser muito claras.<\/p>\n\n\n\n<p>Dessa forma, a parte geral do C\u00f3digo Civil adota tr\u00eas importantes princ\u00edpios para a interpreta\u00e7\u00e3o dos neg\u00f3cios jur\u00eddicos:<\/p>\n\n\n\n<p>1) Princ\u00edpio da preval\u00eancia da inten\u00e7\u00e3o dos agentes;<\/p>\n\n\n\n<p>2) Princ\u00edpio da boa-f\u00e9;<\/p>\n\n\n\n<p>3) Princ\u00edpio da interpreta\u00e7\u00e3o restritiva dos neg\u00f3cios ben\u00e9ficos.<\/p>\n\n\n\n<p><strong>Princ\u00edpio da preval\u00eancia da inten\u00e7\u00e3o dos agentes<\/strong><\/p>\n\n\n\n<p>Nos neg\u00f3cios escritos parte-se da declara\u00e7\u00e3o de vontade escrita para se chegar \u00e0 vontade dos contratantes.<\/p>\n\n\n\n<p>Entretanto, quando uma determinada cl\u00e1usula se mostra obscura e pass\u00edvel de d\u00favida, alegando um dos contratantes que n\u00e3o representa fielmente a vontade manifestada por ocasi\u00e3o da celebra\u00e7\u00e3o do neg\u00f3cio, temos que <strong>a vontade prevalece sobre o sentido literal da linguagem<\/strong>, nos moldes do art. 112 do CC.<\/p>\n\n\n\n<blockquote class=\"wp-block-quote is-layout-flow wp-block-quote-is-layout-flow\"><p><em>Art. 112 do CC &#8211; Nas declara\u00e7\u00f5es de vontade se atender\u00e1 mais \u00e0 inten\u00e7\u00e3o<\/em> <em>nelas consubstanciada do que ao sentido literal da linguagem.<\/em><\/p><\/blockquote>\n\n\n\n<p><strong>Princ\u00edpio da boa-f\u00e9<\/strong><\/p>\n\n\n\n<p>J\u00e1 o art. 113 do CC ressalta que os int\u00e9rpretes devem presumir que os contratantes procedem com lealdade e que tanto a proposta como a aceita\u00e7\u00e3o ocorreram dentro da regra da boa-f\u00e9.<\/p>\n\n\n\n<blockquote class=\"wp-block-quote is-layout-flow wp-block-quote-is-layout-flow\"><p><em>Art. 113 do CC &#8211; Os neg\u00f3cios jur\u00eddicos devem ser interpretados<\/em> <em>conforme a boa-f\u00e9 e os usos do lugar de sua celebra\u00e7\u00e3o.<\/em><\/p><\/blockquote>\n\n\n\n<p><strong>Interpreta\u00e7\u00e3o restritiva dos neg\u00f3cios ben\u00e9ficos<\/strong><\/p>\n\n\n\n<p>O art. 114 do CC trata dos neg\u00f3cios ben\u00e9ficos ou gratuitos, ou seja, quando apenas um dos contratantes assume obriga\u00e7\u00f5es.<\/p>\n\n\n\n<p>Assim, um exemplo cl\u00e1ssico \u00e9 a doa\u00e7\u00e3o que, por representar uma ren\u00fancia de direitos, deve ser interpretada estritamente.<\/p>\n\n\n\n<blockquote class=\"wp-block-quote is-layout-flow wp-block-quote-is-layout-flow\"><p>Art. 114 do CC &#8211; Os neg\u00f3cios jur\u00eddicos ben\u00e9ficos e a ren\u00fancia interpretam-se estritamente.<\/p><\/blockquote>\n\n\n\n<p>Existem ainda outros artigos espalhados pelo C\u00f3digo Civil e pela Legisla\u00e7\u00e3o Especial que estabelecem regras de interpreta\u00e7\u00e3o, mas esses s\u00e3o os principais.<\/p>\n\n\n\n<h2 class=\"wp-block-heading\" id=\"representacao\"><strong>Representa\u00e7\u00e3o<\/strong><\/h2>\n\n\n\n<p>Ocorre a <strong>representa\u00e7\u00e3o<\/strong> quando uma pessoa celebra neg\u00f3cios jur\u00eddicos em nome de outra. A representa\u00e7\u00e3o pode <strong>decorrer da lei<\/strong> (representa\u00e7\u00e3o legal) ou <strong>da vontade do representado<\/strong> (representa\u00e7\u00e3o volunt\u00e1ria ou convencional). Vide art. 115 do CC:<\/p>\n\n\n\n<blockquote class=\"wp-block-quote is-layout-flow wp-block-quote-is-layout-flow\"><p>Art. 115. Os poderes de representa\u00e7\u00e3o conferem-se por lei ou pelo interessado.<\/p><\/blockquote>\n\n\n\n<p><strong>LEGAL<\/strong><\/p>\n\n\n\n<p>Como exemplo de <strong>representa\u00e7\u00e3o legal<\/strong>, temos o art. 1634, VII do CC que trata da situa\u00e7\u00e3o em que os pais devem representar os filhos.<\/p>\n\n\n\n<blockquote class=\"wp-block-quote is-layout-flow wp-block-quote-is-layout-flow\"><p>Art. 1.634. Compete a ambos <strong>os pais<\/strong>, qualquer que seja a sua situa\u00e7\u00e3o conjugal, o pleno exerc\u00edcio do poder familiar, que consiste em, <strong>quanto aos filhos<\/strong>: (&#8230;)<\/p><p>VII &#8211; represent\u00e1-los judicial e extrajudicialmente at\u00e9 os 16 (dezesseis) anos, nos atos da vida civil, e assisti-los, ap\u00f3s essa idade, nos atos em que forem partes, suprindo-lhes o consentimento;<\/p><\/blockquote>\n\n\n\n<p><strong>CONVENCIONAL<\/strong><\/p>\n\n\n\n<p>Como exemplo de<strong> representa\u00e7\u00e3o volunt\u00e1ria<\/strong>, temos aquela pessoa que, por meio de uma procura\u00e7\u00e3o, outorga poderes para que outra a represente, conforme prev\u00ea o art. 653 do CC.<\/p>\n\n\n\n<blockquote class=\"wp-block-quote is-layout-flow wp-block-quote-is-layout-flow\"><p>Art. 653. Opera-se o mandato quando algu\u00e9m recebe de outrem poderes para, em seu nome, praticar atos ou administrar interesses. A <strong>procura\u00e7\u00e3o<\/strong> \u00e9 o instrumento do mandato.<\/p><\/blockquote>\n\n\n\n<h2 class=\"wp-block-heading\" id=\"h-reserva-mental-sefaz-am-fatos-juridicos-resumidos\"><strong>Reserva mental &#8211; <\/strong>SEFAZ-AM: Fatos Jur\u00eddicos resumidos<\/h2>\n\n\n\n<p>A <strong>reserva mental<\/strong> representa a emiss\u00e3o de uma declara\u00e7\u00e3o de vontade n\u00e3o desejada em seu conte\u00fado, tampouco em seu resultado, pois o declarante tem por \u00fanico objetivo enganar o declarat\u00e1rio. Assim, trata-se de um inadimplemento premeditado.<\/p>\n\n\n\n<p>O assunto \u00e9 tratado no art. 110 do CC.<\/p>\n\n\n\n<blockquote class=\"wp-block-quote is-layout-flow wp-block-quote-is-layout-flow\"><p>Art. 110 do CC &#8211; A manifesta\u00e7\u00e3o de vontade subsiste ainda que o seu autor tenha feito a reserva mental de n\u00e3o querer o que manifestou, salvo se dela o destinat\u00e1rio tinha conhecimento.<\/p><\/blockquote>\n\n\n\n<p>De acordo com o dispositivo legal em quest\u00e3o, duas situa\u00e7\u00f5es podem ocorrer:<\/p>\n\n\n\n<p>1. <strong>Reserva mental l\u00edcita<\/strong>: \u00e9 a reserva mental <strong>desconhecida<\/strong> pelo destinat\u00e1rio, onde o<strong> ato negocial subsistir\u00e1<\/strong> e o contratante dever\u00e1 cumprir a obriga\u00e7\u00e3o assumida; e<\/p>\n\n\n\n<p>2. <strong>Reserva mental il\u00edcita<\/strong>: \u00e9 a reserva mental <strong>conhecida<\/strong> pelo destinat\u00e1rio, ou seja, o destinat\u00e1rio sabe do inadimplemento premeditado por parte do contratante. Neste caso <strong>ocorre a invalidade do neg\u00f3cio jur\u00eddico<\/strong>.<\/p>\n\n\n\n<h2 class=\"wp-block-heading\" id=\"h-defeitos-invalidade-erro-e-dolo-sefaz-am-fatos-juridicos-resumidos\">Defeitos, Invalidade, Erro e Dolo &#8211; SEFAZ-AM: Fatos Jur\u00eddicos resumidos<\/h2>\n\n\n\n<p>Os defeitos do neg\u00f3cio jur\u00eddico s\u00e3o imperfei\u00e7\u00f5es oriundas da declara\u00e7\u00e3o de vontade das partes, acarretando os v\u00edcios de consentimento do agente.<\/p>\n\n\n\n<p>Entretanto, h\u00e1 casos em que se tem uma vontade funcionando normalmente, havendo at\u00e9 mesmo correspond\u00eancia entre a vontade interna e sua manifesta\u00e7\u00e3o, por\u00e9m, ela se <strong>desvia da lei ou da boa-f\u00e9, violando direitos ou prejudicando terceiros<\/strong>, sendo, dessa forma, o neg\u00f3cio jur\u00eddico suscet\u00edvel de invalida\u00e7\u00e3o.<\/p>\n\n\n\n<p><strong>Erro ou ignor\u00e2ncia<\/strong><\/p>\n\n\n\n<p>O erro ou ignor\u00e2ncia \u00e9 a no\u00e7\u00e3o falsa acerca de um objeto ou de determinada pessoa. Desta forma, ocorre o erro quando o agente se engana sobre alguma coisa.<\/p>\n\n\n\n<p>Pode-se dividir em dois grandes tipos de erros.<\/p>\n\n\n\n<p>Desta forma, o <strong>erro substancial<\/strong> \u00e9 aquele de tal import\u00e2ncia que, se fosse conhecida a verdade, o consentimento n\u00e3o se externaria. Ou seja, funciona como raz\u00e3o determinante para a realiza\u00e7\u00e3o do neg\u00f3cio jur\u00eddico e, por isso, \u00e9 <strong>causa de anulabilidade<\/strong>.<\/p>\n\n\n\n<p>Assim diferente \u00e9 o <strong>erro acidental<\/strong>, onde se fosse conhecida a verdade, ainda assim o ato negocial se realizaria, embora de maneira menos onerosa. Desta forma, o erro acidental <strong>n\u00e3o provoca a anula\u00e7\u00e3o<\/strong> do neg\u00f3cio jur\u00eddico.<\/p>\n\n\n\n<p>Existem v\u00e1rios tipos de dolo, dentre eles destacamos:<\/p>\n\n\n\n<p>a) <strong>dolo principal ou essencial<\/strong> (art. 145 do CC): \u00e9 aquele que d\u00e1 causa ao neg\u00f3cio jur\u00eddico, sem o qual ele n\u00e3o se teria conclu\u00eddo, acarretando a anulabilidade do ato negocial. Al\u00e9m de possibilitar a anula\u00e7\u00e3o, o dolo essencial enseja indeniza\u00e7\u00e3o por perdas e danos.<\/p>\n\n\n\n<p>b) <strong>dolo acidental (dolus incidens)<\/strong> (art. 146 do CC): \u00e9 o que leva a v\u00edtima a realizar o neg\u00f3cio jur\u00eddico, por\u00e9m em condi\u00e7\u00f5es mais onerosas ou menos vantajosas, n\u00e3o afetando sua declara\u00e7\u00e3o de vontade, embora venha provocar desvios. N\u00e3o \u00e9 causa de anulabilidade por n\u00e3o interferir diretamente na declara\u00e7\u00e3o de vontade, mas enseja indeniza\u00e7\u00e3o por perdas e danos.<\/p>\n\n\n\n<h2 class=\"wp-block-heading\" id=\"h-estado-de-perigo\">Estado de Perigo<\/h2>\n\n\n\n<p>O art. 156 do CC define o que vem a ser estado de perigo:<\/p>\n\n\n\n<blockquote class=\"wp-block-quote is-layout-flow wp-block-quote-is-layout-flow\"><p>Art. 156 do CC &#8211; Configura-se o estado de perigo quando algu\u00e9m, premido da necessidade de salvar-se, ou a pessoa de sua fam\u00edlia, de grave dano conhecido pela outra parte, assume obriga\u00e7\u00e3o excessivamente onerosa.<\/p><p>Par\u00e1grafo \u00fanico. Tratando-se de pessoa n\u00e3o pertencente \u00e0 fam\u00edlia do declarante, <strong>o juiz decidir\u00e1 segundo as circunst\u00e2ncias.<\/strong><\/p><\/blockquote>\n\n\n\n<h2 class=\"wp-block-heading\" id=\"concluindo\">Concluindo<\/h2>\n\n\n\n<p>Esse artigo trouxe a conceitua\u00e7\u00e3o dos Fatos Jur\u00eddicos e tamb\u00e9m suas caracter\u00edsticas. Dada a extens\u00e3o do tema, optou-se por focar nos temas mais prov\u00e1veis em prova, que \u00e9 o nosso escopo. <\/p>\n\n\n\n<p>Assim, destaque no seu estudo, sobretudo, os elementos do fato jur\u00eddico e defeitos, invalidade, erro e dolo com suas respectivas decorr\u00eancias jur\u00eddicas (efeitos).<\/p>\n\n\n\n<p>Espero que tenham gostado do artigo!<br \/>Um abra\u00e7o e bons estudos!<br \/>Felipe Rocha<br \/>@ffazro<\/p>\n\n\n<h2 id=\"h-cursos-e-assinaturas\" class=\"has-text-align-center\">Cursos e Assinaturas<\/h2>\n<p><!-- \/wp:post-content --><\/p>\n<p><!-- wp:paragraph --><\/p>\n<p>Prepare-se com o melhor material e com quem mais aprova em Concursos P\u00fablicos em todo o pa\u00eds!<\/p>\n<p><!-- \/wp:paragraph --><\/p>\n<p><!-- wp:paragraph {\"align\":\"center\",\"backgroundColor\":\"vivid-purple\",\"textColor\":\"white\"} --><\/p>\n<p class=\"has-text-align-center has-white-color has-vivid-purple-background-color has-text-color has-background\"><a href=\"https:\/\/www.estrategiaconcursos.com.br\/blog\/concursos-abertos\/\" target=\"_blank\" rel=\"noreferrer noopener\"><strong>Concursos abertos<\/strong><\/a><\/p>\n<p><!-- \/wp:paragraph --><\/p>\n<p><!-- wp:paragraph {\"align\":\"center\",\"backgroundColor\":\"vivid-purple\",\"textColor\":\"white\"} --><\/p>\n<p class=\"has-text-align-center has-white-color has-vivid-purple-background-color has-text-color has-background\"><strong><a href=\"https:\/\/www.estrategiaconcursos.com.br\/blog\/concursos-2022\/\" target=\"_blank\" rel=\"noreferrer noopener\">Concursos 2022<\/a><\/strong><\/p>\n<p><!-- \/wp:paragraph --><\/p>\n<p><!-- wp:html --><\/p>\n<div id=\"boxes\" class=\"container\">\n<div class=\"row\">\n<div class=\"col-sm\">\n<div id=\"box-assinatura\" class=\"estrategia\">\n<h3 class=\"titulo-assinatura\">Assinatura de Concursos<\/h3>\n<p class=\"subtitulo-assinatura\">Assinatura de 1 ano ou 2 anos<\/p>\n<div class=\"box-botao\"><a class=\"btn-assinatura\" role=\"button\" href=\"https:\/\/www.estrategiaconcursos.com.br\/assinaturas\/\" target=\"_blank\" rel=\"noopener noreferrer\">ASSINE AGORA<\/a><\/div>\n<\/div>\n<\/div>\n<\/div>\n<\/div>","protected":false},"excerpt":{"rendered":"<p>SEFAZ-AM: Fatos Jur\u00eddicos resumidos<\/p>\n","protected":false},"author":1462,"featured_media":986063,"comment_status":"open","ping_status":"closed","sticky":false,"template":"","format":"standard","meta":{"post_tipo":"article","footnotes":""},"categories":[1,1983],"tags":[577,220640,220448],"tax_estado":[219966],"class_list":["post-986043","post","type-post","status-publish","format-standard","has-post-thumbnail","hentry","category-cursos-e-concursos","category-fiscal-estadual","tag-direito-civil","tag-fatos-juridicos","tag-sefaz-am","tax_estado-am"],"acf":[],"yoast_head":"<!-- This site is optimized with the Yoast SEO Premium plugin v27.2 (Yoast SEO v27.2) - https:\/\/yoast.com\/product\/yoast-seo-premium-wordpress\/ -->\n<title>SEFAZ-AM: Fatos Jur\u00eddicos resumidos<\/title>\n<meta name=\"description\" content=\"SEFAZ-AM: Fatos Jur\u00eddicos resumidos, dicas para voc\u00ea gabaritar a prova da Secret\u00e1ria da Fazenda do Amazonas.\" \/>\n<meta name=\"robots\" content=\"index, follow, max-snippet:-1, max-image-preview:large, max-video-preview:-1\" \/>\n<link rel=\"canonical\" href=\"https:\/\/www.estrategiaconcursos.com.br\/blog\/sefaz-am-fatos-juridicossefaz-am-fatos-juridicos-resumidos\/\" \/>\n<meta property=\"og:locale\" content=\"pt_BR\" \/>\n<meta property=\"og:type\" content=\"article\" \/>\n<meta property=\"og:title\" content=\"SEFAZ-AM: Fatos Jur\u00eddicos resumidos\" \/>\n<meta property=\"og:description\" content=\"SEFAZ-AM: Fatos Jur\u00eddicos resumidos, dicas para voc\u00ea gabaritar a prova da Secret\u00e1ria da Fazenda do Amazonas.\" \/>\n<meta property=\"og:url\" content=\"https:\/\/www.estrategiaconcursos.com.br\/blog\/sefaz-am-fatos-juridicossefaz-am-fatos-juridicos-resumidos\/\" \/>\n<meta property=\"og:site_name\" content=\"Estrat\u00e9gia Concursos\" \/>\n<meta property=\"article:published_time\" content=\"2022-04-11T11:00:00+00:00\" \/>\n<meta property=\"article:modified_time\" content=\"2022-04-11T14:30:05+00:00\" \/>\n<meta property=\"og:image\" content=\"https:\/\/dhg1h5j42swfq.cloudfront.net\/2022\/03\/13115800\/sefaz-am-2-1.jpg\" \/>\n\t<meta property=\"og:image:width\" content=\"275\" \/>\n\t<meta property=\"og:image:height\" content=\"183\" \/>\n\t<meta property=\"og:image:type\" content=\"image\/jpeg\" \/>\n<meta name=\"author\" content=\"Felipe Fernando Azevedo da Rocha\" \/>\n<meta name=\"twitter:card\" content=\"summary_large_image\" \/>\n<meta name=\"twitter:creator\" content=\"@EstratConcursos\" \/>\n<meta name=\"twitter:site\" content=\"@EstratConcursos\" \/>\n<meta name=\"twitter:label1\" content=\"Escrito por\" \/>\n\t<meta name=\"twitter:data1\" content=\"Felipe Fernando Azevedo da Rocha\" \/>\n\t<meta name=\"twitter:label2\" content=\"Est. tempo de leitura\" \/>\n\t<meta name=\"twitter:data2\" content=\"11 minutos\" \/>\n<script type=\"application\/ld+json\" class=\"yoast-schema-graph\">{\"@context\":\"https:\/\/schema.org\",\"@graph\":[{\"@type\":\"NewsArticle\",\"@id\":\"https:\/\/www.estrategiaconcursos.com.br\/blog\/sefaz-am-fatos-juridicossefaz-am-fatos-juridicos-resumidos\/#article\",\"isPartOf\":{\"@id\":\"https:\/\/www.estrategiaconcursos.com.br\/blog\/sefaz-am-fatos-juridicossefaz-am-fatos-juridicos-resumidos\/\"},\"author\":{\"name\":\"Felipe Fernando Azevedo da Rocha\",\"@id\":\"https:\/\/www.estrategiaconcursos.com.br\/blog\/#\/schema\/person\/425ec856669a603120a09fed3a635808\"},\"headline\":\"SEFAZ-AM: Fatos Jur\u00eddicos resumidos\",\"datePublished\":\"2022-04-11T11:00:00+00:00\",\"dateModified\":\"2022-04-11T14:30:05+00:00\",\"mainEntityOfPage\":{\"@id\":\"https:\/\/www.estrategiaconcursos.com.br\/blog\/sefaz-am-fatos-juridicossefaz-am-fatos-juridicos-resumidos\/\"},\"wordCount\":2021,\"commentCount\":0,\"publisher\":{\"@id\":\"https:\/\/www.estrategiaconcursos.com.br\/blog\/#organization\"},\"image\":{\"@id\":\"https:\/\/www.estrategiaconcursos.com.br\/blog\/sefaz-am-fatos-juridicossefaz-am-fatos-juridicos-resumidos\/#primaryimage\"},\"thumbnailUrl\":\"https:\/\/dhg1h5j42swfq.cloudfront.net\/2022\/03\/13115800\/sefaz-am-2-1.jpg\",\"keywords\":[\"Direito Civil\",\"Fatos Jur\u00eddicos\",\"SEFAZ-AM\"],\"articleSection\":[\"Concursos P\u00fablicos\",\"Fiscal - Estadual (ICMS)\"],\"inLanguage\":\"pt-BR\",\"potentialAction\":[{\"@type\":\"CommentAction\",\"name\":\"Comment\",\"target\":[\"https:\/\/www.estrategiaconcursos.com.br\/blog\/sefaz-am-fatos-juridicossefaz-am-fatos-juridicos-resumidos\/#respond\"]}],\"copyrightYear\":\"2022\",\"copyrightHolder\":{\"@id\":\"https:\/\/www.estrategiaconcursos.com.br\/blog\/#organization\"}},{\"@type\":\"WebPage\",\"@id\":\"https:\/\/www.estrategiaconcursos.com.br\/blog\/sefaz-am-fatos-juridicossefaz-am-fatos-juridicos-resumidos\/\",\"url\":\"https:\/\/www.estrategiaconcursos.com.br\/blog\/sefaz-am-fatos-juridicossefaz-am-fatos-juridicos-resumidos\/\",\"name\":\"SEFAZ-AM: Fatos Jur\u00eddicos resumidos\",\"isPartOf\":{\"@id\":\"https:\/\/www.estrategiaconcursos.com.br\/blog\/#website\"},\"primaryImageOfPage\":{\"@id\":\"https:\/\/www.estrategiaconcursos.com.br\/blog\/sefaz-am-fatos-juridicossefaz-am-fatos-juridicos-resumidos\/#primaryimage\"},\"image\":{\"@id\":\"https:\/\/www.estrategiaconcursos.com.br\/blog\/sefaz-am-fatos-juridicossefaz-am-fatos-juridicos-resumidos\/#primaryimage\"},\"thumbnailUrl\":\"https:\/\/dhg1h5j42swfq.cloudfront.net\/2022\/03\/13115800\/sefaz-am-2-1.jpg\",\"datePublished\":\"2022-04-11T11:00:00+00:00\",\"dateModified\":\"2022-04-11T14:30:05+00:00\",\"description\":\"SEFAZ-AM: Fatos Jur\u00eddicos resumidos, dicas para voc\u00ea gabaritar a prova da Secret\u00e1ria da Fazenda do Amazonas.\",\"breadcrumb\":{\"@id\":\"https:\/\/www.estrategiaconcursos.com.br\/blog\/sefaz-am-fatos-juridicossefaz-am-fatos-juridicos-resumidos\/#breadcrumb\"},\"inLanguage\":\"pt-BR\",\"potentialAction\":[{\"@type\":\"ReadAction\",\"target\":[\"https:\/\/www.estrategiaconcursos.com.br\/blog\/sefaz-am-fatos-juridicossefaz-am-fatos-juridicos-resumidos\/\"]}]},{\"@type\":\"ImageObject\",\"inLanguage\":\"pt-BR\",\"@id\":\"https:\/\/www.estrategiaconcursos.com.br\/blog\/sefaz-am-fatos-juridicossefaz-am-fatos-juridicos-resumidos\/#primaryimage\",\"url\":\"https:\/\/dhg1h5j42swfq.cloudfront.net\/2022\/03\/13115800\/sefaz-am-2-1.jpg\",\"contentUrl\":\"https:\/\/dhg1h5j42swfq.cloudfront.net\/2022\/03\/13115800\/sefaz-am-2-1.jpg\",\"width\":275,\"height\":183,\"caption\":\"SEFAZ-AM: Fatos Jur\u00eddicos resumidos\"},{\"@type\":\"BreadcrumbList\",\"@id\":\"https:\/\/www.estrategiaconcursos.com.br\/blog\/sefaz-am-fatos-juridicossefaz-am-fatos-juridicos-resumidos\/#breadcrumb\",\"itemListElement\":[{\"@type\":\"ListItem\",\"position\":1,\"name\":\"In\u00edcio\",\"item\":\"https:\/\/www.estrategiaconcursos.com.br\/blog\/\"},{\"@type\":\"ListItem\",\"position\":2,\"name\":\"SEFAZ-AM: Fatos Jur\u00eddicos resumidos\"}]},{\"@type\":\"WebSite\",\"@id\":\"https:\/\/www.estrategiaconcursos.com.br\/blog\/#website\",\"url\":\"https:\/\/www.estrategiaconcursos.com.br\/blog\/\",\"name\":\"Estrat\u00e9gia Concursos\",\"description\":\"O blog da Estrat\u00e9gia Concursos traz not\u00edcias sobre concursos e artigos de professores oferecendo cursos para concursos (pdf + videaulas) no site.\",\"publisher\":{\"@id\":\"https:\/\/www.estrategiaconcursos.com.br\/blog\/#organization\"},\"potentialAction\":[{\"@type\":\"SearchAction\",\"target\":{\"@type\":\"EntryPoint\",\"urlTemplate\":\"https:\/\/www.estrategiaconcursos.com.br\/blog\/?s={search_term_string}\"},\"query-input\":{\"@type\":\"PropertyValueSpecification\",\"valueRequired\":true,\"valueName\":\"search_term_string\"}}],\"inLanguage\":\"pt-BR\"},{\"@type\":\"Organization\",\"@id\":\"https:\/\/www.estrategiaconcursos.com.br\/blog\/#organization\",\"name\":\"Estrat\u00e9gia Concursos\",\"url\":\"https:\/\/www.estrategiaconcursos.com.br\/blog\/\",\"logo\":{\"@type\":\"ImageObject\",\"inLanguage\":\"pt-BR\",\"@id\":\"https:\/\/www.estrategiaconcursos.com.br\/blog\/#\/schema\/logo\/image\/\",\"url\":\"https:\/\/dhg1h5j42swfq.cloudfront.net\/2025\/06\/03203428\/logo_concursos-1.jpg\",\"contentUrl\":\"https:\/\/dhg1h5j42swfq.cloudfront.net\/2025\/06\/03203428\/logo_concursos-1.jpg\",\"width\":230,\"height\":60,\"caption\":\"Estrat\u00e9gia Concursos\"},\"image\":{\"@id\":\"https:\/\/www.estrategiaconcursos.com.br\/blog\/#\/schema\/logo\/image\/\"},\"sameAs\":[\"https:\/\/x.com\/EstratConcursos\"]},{\"@type\":\"Person\",\"@id\":\"https:\/\/www.estrategiaconcursos.com.br\/blog\/#\/schema\/person\/425ec856669a603120a09fed3a635808\",\"name\":\"Felipe Fernando Azevedo da Rocha\",\"image\":{\"@type\":\"ImageObject\",\"inLanguage\":\"pt-BR\",\"@id\":\"https:\/\/secure.gravatar.com\/avatar\/44e78a4aab2c02a437a87a334aee9a4ea82ca0e4757c2747232497482cfe5ba2?s=96&d=mm&r=g\",\"url\":\"https:\/\/secure.gravatar.com\/avatar\/44e78a4aab2c02a437a87a334aee9a4ea82ca0e4757c2747232497482cfe5ba2?s=96&d=mm&r=g\",\"contentUrl\":\"https:\/\/secure.gravatar.com\/avatar\/44e78a4aab2c02a437a87a334aee9a4ea82ca0e4757c2747232497482cfe5ba2?s=96&d=mm&r=g\",\"caption\":\"Felipe Fernando Azevedo da Rocha\"},\"description\":\"Auditor de Finan\u00e7as da SEFAZ BA. P\u00f3s-Graduado em Direito Tribut\u00e1rio\",\"url\":\"https:\/\/www.estrategiaconcursos.com.br\/blog\/author\/felipeazrogmail-com\/\"}]}<\/script>\n<!-- \/ Yoast SEO Premium plugin. -->","yoast_head_json":{"title":"SEFAZ-AM: Fatos Jur\u00eddicos resumidos","description":"SEFAZ-AM: Fatos Jur\u00eddicos resumidos, dicas para voc\u00ea gabaritar a prova da Secret\u00e1ria da Fazenda do Amazonas.","robots":{"index":"index","follow":"follow","max-snippet":"max-snippet:-1","max-image-preview":"max-image-preview:large","max-video-preview":"max-video-preview:-1"},"canonical":"https:\/\/www.estrategiaconcursos.com.br\/blog\/sefaz-am-fatos-juridicossefaz-am-fatos-juridicos-resumidos\/","og_locale":"pt_BR","og_type":"article","og_title":"SEFAZ-AM: Fatos Jur\u00eddicos resumidos","og_description":"SEFAZ-AM: Fatos Jur\u00eddicos resumidos, dicas para voc\u00ea gabaritar a prova da Secret\u00e1ria da Fazenda do Amazonas.","og_url":"https:\/\/www.estrategiaconcursos.com.br\/blog\/sefaz-am-fatos-juridicossefaz-am-fatos-juridicos-resumidos\/","og_site_name":"Estrat\u00e9gia Concursos","article_published_time":"2022-04-11T11:00:00+00:00","article_modified_time":"2022-04-11T14:30:05+00:00","og_image":[{"width":275,"height":183,"url":"https:\/\/dhg1h5j42swfq.cloudfront.net\/2022\/03\/13115800\/sefaz-am-2-1.jpg","type":"image\/jpeg"}],"author":"Felipe Fernando Azevedo da Rocha","twitter_card":"summary_large_image","twitter_creator":"@EstratConcursos","twitter_site":"@EstratConcursos","twitter_misc":{"Escrito por":"Felipe Fernando Azevedo da Rocha","Est. tempo de leitura":"11 minutos"},"schema":{"@context":"https:\/\/schema.org","@graph":[{"@type":"NewsArticle","@id":"https:\/\/www.estrategiaconcursos.com.br\/blog\/sefaz-am-fatos-juridicossefaz-am-fatos-juridicos-resumidos\/#article","isPartOf":{"@id":"https:\/\/www.estrategiaconcursos.com.br\/blog\/sefaz-am-fatos-juridicossefaz-am-fatos-juridicos-resumidos\/"},"author":{"name":"Felipe Fernando Azevedo da Rocha","@id":"https:\/\/www.estrategiaconcursos.com.br\/blog\/#\/schema\/person\/425ec856669a603120a09fed3a635808"},"headline":"SEFAZ-AM: Fatos Jur\u00eddicos resumidos","datePublished":"2022-04-11T11:00:00+00:00","dateModified":"2022-04-11T14:30:05+00:00","mainEntityOfPage":{"@id":"https:\/\/www.estrategiaconcursos.com.br\/blog\/sefaz-am-fatos-juridicossefaz-am-fatos-juridicos-resumidos\/"},"wordCount":2021,"commentCount":0,"publisher":{"@id":"https:\/\/www.estrategiaconcursos.com.br\/blog\/#organization"},"image":{"@id":"https:\/\/www.estrategiaconcursos.com.br\/blog\/sefaz-am-fatos-juridicossefaz-am-fatos-juridicos-resumidos\/#primaryimage"},"thumbnailUrl":"https:\/\/dhg1h5j42swfq.cloudfront.net\/2022\/03\/13115800\/sefaz-am-2-1.jpg","keywords":["Direito Civil","Fatos Jur\u00eddicos","SEFAZ-AM"],"articleSection":["Concursos P\u00fablicos","Fiscal - Estadual (ICMS)"],"inLanguage":"pt-BR","potentialAction":[{"@type":"CommentAction","name":"Comment","target":["https:\/\/www.estrategiaconcursos.com.br\/blog\/sefaz-am-fatos-juridicossefaz-am-fatos-juridicos-resumidos\/#respond"]}],"copyrightYear":"2022","copyrightHolder":{"@id":"https:\/\/www.estrategiaconcursos.com.br\/blog\/#organization"}},{"@type":"WebPage","@id":"https:\/\/www.estrategiaconcursos.com.br\/blog\/sefaz-am-fatos-juridicossefaz-am-fatos-juridicos-resumidos\/","url":"https:\/\/www.estrategiaconcursos.com.br\/blog\/sefaz-am-fatos-juridicossefaz-am-fatos-juridicos-resumidos\/","name":"SEFAZ-AM: Fatos Jur\u00eddicos resumidos","isPartOf":{"@id":"https:\/\/www.estrategiaconcursos.com.br\/blog\/#website"},"primaryImageOfPage":{"@id":"https:\/\/www.estrategiaconcursos.com.br\/blog\/sefaz-am-fatos-juridicossefaz-am-fatos-juridicos-resumidos\/#primaryimage"},"image":{"@id":"https:\/\/www.estrategiaconcursos.com.br\/blog\/sefaz-am-fatos-juridicossefaz-am-fatos-juridicos-resumidos\/#primaryimage"},"thumbnailUrl":"https:\/\/dhg1h5j42swfq.cloudfront.net\/2022\/03\/13115800\/sefaz-am-2-1.jpg","datePublished":"2022-04-11T11:00:00+00:00","dateModified":"2022-04-11T14:30:05+00:00","description":"SEFAZ-AM: Fatos Jur\u00eddicos resumidos, dicas para voc\u00ea gabaritar a prova da Secret\u00e1ria da Fazenda do Amazonas.","breadcrumb":{"@id":"https:\/\/www.estrategiaconcursos.com.br\/blog\/sefaz-am-fatos-juridicossefaz-am-fatos-juridicos-resumidos\/#breadcrumb"},"inLanguage":"pt-BR","potentialAction":[{"@type":"ReadAction","target":["https:\/\/www.estrategiaconcursos.com.br\/blog\/sefaz-am-fatos-juridicossefaz-am-fatos-juridicos-resumidos\/"]}]},{"@type":"ImageObject","inLanguage":"pt-BR","@id":"https:\/\/www.estrategiaconcursos.com.br\/blog\/sefaz-am-fatos-juridicossefaz-am-fatos-juridicos-resumidos\/#primaryimage","url":"https:\/\/dhg1h5j42swfq.cloudfront.net\/2022\/03\/13115800\/sefaz-am-2-1.jpg","contentUrl":"https:\/\/dhg1h5j42swfq.cloudfront.net\/2022\/03\/13115800\/sefaz-am-2-1.jpg","width":275,"height":183,"caption":"SEFAZ-AM: Fatos Jur\u00eddicos resumidos"},{"@type":"BreadcrumbList","@id":"https:\/\/www.estrategiaconcursos.com.br\/blog\/sefaz-am-fatos-juridicossefaz-am-fatos-juridicos-resumidos\/#breadcrumb","itemListElement":[{"@type":"ListItem","position":1,"name":"In\u00edcio","item":"https:\/\/www.estrategiaconcursos.com.br\/blog\/"},{"@type":"ListItem","position":2,"name":"SEFAZ-AM: Fatos Jur\u00eddicos resumidos"}]},{"@type":"WebSite","@id":"https:\/\/www.estrategiaconcursos.com.br\/blog\/#website","url":"https:\/\/www.estrategiaconcursos.com.br\/blog\/","name":"Estrat\u00e9gia Concursos","description":"O blog da Estrat\u00e9gia Concursos traz not\u00edcias sobre concursos e artigos de professores oferecendo cursos para concursos (pdf + videaulas) no site.","publisher":{"@id":"https:\/\/www.estrategiaconcursos.com.br\/blog\/#organization"},"potentialAction":[{"@type":"SearchAction","target":{"@type":"EntryPoint","urlTemplate":"https:\/\/www.estrategiaconcursos.com.br\/blog\/?s={search_term_string}"},"query-input":{"@type":"PropertyValueSpecification","valueRequired":true,"valueName":"search_term_string"}}],"inLanguage":"pt-BR"},{"@type":"Organization","@id":"https:\/\/www.estrategiaconcursos.com.br\/blog\/#organization","name":"Estrat\u00e9gia Concursos","url":"https:\/\/www.estrategiaconcursos.com.br\/blog\/","logo":{"@type":"ImageObject","inLanguage":"pt-BR","@id":"https:\/\/www.estrategiaconcursos.com.br\/blog\/#\/schema\/logo\/image\/","url":"https:\/\/dhg1h5j42swfq.cloudfront.net\/2025\/06\/03203428\/logo_concursos-1.jpg","contentUrl":"https:\/\/dhg1h5j42swfq.cloudfront.net\/2025\/06\/03203428\/logo_concursos-1.jpg","width":230,"height":60,"caption":"Estrat\u00e9gia Concursos"},"image":{"@id":"https:\/\/www.estrategiaconcursos.com.br\/blog\/#\/schema\/logo\/image\/"},"sameAs":["https:\/\/x.com\/EstratConcursos"]},{"@type":"Person","@id":"https:\/\/www.estrategiaconcursos.com.br\/blog\/#\/schema\/person\/425ec856669a603120a09fed3a635808","name":"Felipe Fernando Azevedo da Rocha","image":{"@type":"ImageObject","inLanguage":"pt-BR","@id":"https:\/\/secure.gravatar.com\/avatar\/44e78a4aab2c02a437a87a334aee9a4ea82ca0e4757c2747232497482cfe5ba2?s=96&d=mm&r=g","url":"https:\/\/secure.gravatar.com\/avatar\/44e78a4aab2c02a437a87a334aee9a4ea82ca0e4757c2747232497482cfe5ba2?s=96&d=mm&r=g","contentUrl":"https:\/\/secure.gravatar.com\/avatar\/44e78a4aab2c02a437a87a334aee9a4ea82ca0e4757c2747232497482cfe5ba2?s=96&d=mm&r=g","caption":"Felipe Fernando Azevedo da Rocha"},"description":"Auditor de Finan\u00e7as da SEFAZ BA. P\u00f3s-Graduado em Direito Tribut\u00e1rio","url":"https:\/\/www.estrategiaconcursos.com.br\/blog\/author\/felipeazrogmail-com\/"}]}},"_links":{"self":[{"href":"https:\/\/www.estrategiaconcursos.com.br\/blog\/wp-json\/wp\/v2\/posts\/986043","targetHints":{"allow":["GET"]}}],"collection":[{"href":"https:\/\/www.estrategiaconcursos.com.br\/blog\/wp-json\/wp\/v2\/posts"}],"about":[{"href":"https:\/\/www.estrategiaconcursos.com.br\/blog\/wp-json\/wp\/v2\/types\/post"}],"author":[{"embeddable":true,"href":"https:\/\/www.estrategiaconcursos.com.br\/blog\/wp-json\/wp\/v2\/users\/1462"}],"replies":[{"embeddable":true,"href":"https:\/\/www.estrategiaconcursos.com.br\/blog\/wp-json\/wp\/v2\/comments?post=986043"}],"version-history":[{"count":10,"href":"https:\/\/www.estrategiaconcursos.com.br\/blog\/wp-json\/wp\/v2\/posts\/986043\/revisions"}],"predecessor-version":[{"id":1006090,"href":"https:\/\/www.estrategiaconcursos.com.br\/blog\/wp-json\/wp\/v2\/posts\/986043\/revisions\/1006090"}],"wp:featuredmedia":[{"embeddable":true,"href":"https:\/\/www.estrategiaconcursos.com.br\/blog\/wp-json\/wp\/v2\/media\/986063"}],"wp:attachment":[{"href":"https:\/\/www.estrategiaconcursos.com.br\/blog\/wp-json\/wp\/v2\/media?parent=986043"}],"wp:term":[{"taxonomy":"category","embeddable":true,"href":"https:\/\/www.estrategiaconcursos.com.br\/blog\/wp-json\/wp\/v2\/categories?post=986043"},{"taxonomy":"post_tag","embeddable":true,"href":"https:\/\/www.estrategiaconcursos.com.br\/blog\/wp-json\/wp\/v2\/tags?post=986043"},{"taxonomy":"tax_estado","embeddable":true,"href":"https:\/\/www.estrategiaconcursos.com.br\/blog\/wp-json\/wp\/v2\/tax_estado?post=986043"}],"curies":[{"name":"wp","href":"https:\/\/api.w.org\/{rel}","templated":true}]}}