{"id":986034,"date":"2022-04-04T08:00:00","date_gmt":"2022-04-04T11:00:00","guid":{"rendered":"https:\/\/www.estrategiaconcursos.com.br\/blog\/?p=986034"},"modified":"2022-04-04T14:15:54","modified_gmt":"2022-04-04T17:15:54","slug":"sefaz-am-contabilidade-de-custos","status":"publish","type":"post","link":"https:\/\/www.estrategiaconcursos.com.br\/blog\/sefaz-am-contabilidade-de-custos\/","title":{"rendered":"SEFAZ-AM: Contabilidade de Custos resumida"},"content":{"rendered":"\n<p>No artigo de hoje, SEFAZ-AM: Contabilidade de Custos resumida, ser\u00e1 apresentado um resumo dos principais pontos que voc\u00ea precisa saber para a prova, conforme an\u00e1lise da <a href=\"https:\/\/conhecimento.fgv.br\/concursos\/sefazam22\">FGV<\/a>.<\/p>\n\n\n\n<div class=\"wp-block-image\"><figure class=\"aligncenter size-full\"><img loading=\"lazy\" decoding=\"async\" width=\"275\" height=\"183\" src=\"https:\/\/dhg1h5j42swfq.cloudfront.net\/2022\/03\/13085215\/sefaz-am-2.jpg\" alt=\"SEFAZ-AM: Contabilidade de Custos resumida\" class=\"wp-image-986040\"\/><figcaption>SEFAZ-AM<\/figcaption><\/figure><\/div>\n\n\n\n<p>Hoje vamos fazer um resumo da contabilidade de custos para o concurso da SEFAZ-AM. O objetivo \u00e9 gabaritar essa prova, ok?<\/p>\n\n\n\n<p id=\"h-introducao-sefaz-am-contabilidade-de-custos-resumida\">A Contabilidade \u00e9 uma ci\u00eancia social que tem por objetivo o estudo do patrim\u00f4nio das entidades, sejam elas p\u00fablicas ou privadas, com ou sem fins lucrativos, registrando atos e fatos que provoquem modifica\u00e7\u00f5es nesse patrim\u00f4nio, com o intuito de prestar informa\u00e7\u00f5es que sejam \u00fateis a seus usu\u00e1rios de forma a os auxiliarem na tomada de decis\u00f5es.<\/p>\n\n\n\n<p>Assim, a Contabilidade, em <strong>sentido amplo<\/strong>, \u00e9 tamb\u00e9m chamada de <strong>Contabilidade Geral ou Financeira<\/strong>.<\/p>\n\n\n\n<p>A contabilidade de custos alimenta com informa\u00e7\u00f5es tanto as fases de planejamento quanto as fases de execu\u00e7\u00e3o e controle do ciclo PDCA.<\/p>\n\n\n\n<h2 class=\"wp-block-heading\" id=\"h-aspecto-externo-objetivos-e-campo-de-aplicacao-sefaz-am-contabilidade-de-custos-resumida\"><strong>Aspecto Externo, Objetivos e Campo de aplica\u00e7\u00e3o &#8211; SEFAZ-AM: Contabilidade de Custos resumida<\/strong><\/h2>\n\n\n\n<p>A Contabilidade de Custos consiste num<strong> processo de coleta, classifica\u00e7\u00e3o e registro dos dados internos operacionais<\/strong> das diversas atividades da empresa, bem como, em alguns casos, tamb\u00e9m coleta e organiza\u00e7\u00e3o de <strong>dados externos<\/strong> \u00e0 organiza\u00e7\u00e3o.<\/p>\n\n\n\n<p>Quanto ao aspecto externo, a&nbsp;<strong>Contabilidade<\/strong>&nbsp;<strong>de Custos<\/strong> apresenta informa\u00e7\u00f5es para agentes que est\u00e3o fora da organiza\u00e7\u00e3o. <\/p>\n\n\n\n<p>Assim, preocupa-se com a elabora\u00e7\u00e3o de demonstra\u00e7\u00f5es financeiras para terceiros, como credores, acionistas, investidores, fornecedores, clientes. Portanto, destina-se a subsidiar os agentes externos de informa\u00e7\u00f5es.<\/p>\n\n\n\n<p><strong>Os objetivos da contabilidade de custo s\u00e3o:<\/strong><\/p>\n\n\n\n<ul class=\"wp-block-list\"><li>Avalia\u00e7\u00e3o dos estoques, para atendimento das legisla\u00e7\u00f5es comercial e fiscal;<\/li><li>Apura\u00e7\u00e3o dos custos dos produtos\/servi\u00e7os\/mercadorias vendidos;<\/li><li>Fornecer informa\u00e7\u00f5es importantes para a tomada de decis\u00f5es gerenciais, como, por exemplo, a fixa\u00e7\u00e3o do pre\u00e7o de venda de determinado produto\/servi\u00e7o\/mercadoria;<\/li><li>Atender requisitos legais como, por exemplo, permitir que uma empresa possa optar pela apura\u00e7\u00e3o do Imposto de Renda pela sistem\u00e1tica do Lucro Real;<\/li><li>Fornecer informa\u00e7\u00f5es para a realiza\u00e7\u00e3o de or\u00e7amentos e proje\u00e7\u00f5es financeiras futuras de uma empresa.<\/li><\/ul>\n\n\n\n<p><strong>Campos de Aplica\u00e7\u00e3o<\/strong><\/p>\n\n\n\n<p><strong>Na ind\u00fastria<\/strong>, a Contabilidade de Custos ir\u00e1 determinar o custo dos produtos vendidos, o estoque de produtos em elabora\u00e7\u00e3o, o estoque de produtos acabados e o estoque de insumos<\/p>\n\n\n\n<p><strong>De outro lado, no com\u00e9rcio<\/strong>, apesar de uma aplica\u00e7\u00e3o mais simples, \u201cdireta\u201d, sem as complexidades advindas das opera\u00e7\u00f5es industriais ou de servi\u00e7os, a Contabilidade de Custos ir\u00e1 determinar al\u00e9m do velho CMV \u2013 Custo das Mercadorias Vendidas, o estoque de mercadorias e o estoque de bens n\u00e3o destinados \u00e0 revenda.<\/p>\n\n\n\n<p>Assim, pode-se chamar de gasto a \u201ccompra de um produto ou servi\u00e7o qualquer, que gera sacrif\u00edcio financeiro para a entidade (desembolso), sacrif\u00edcio esse representado por entrega ou promessa de entrega de ativos (normalmente dinheiro)\u201d.<\/p>\n\n\n\n<h2 class=\"wp-block-heading\" id=\"h-conceitos-iniciais-sefaz-am-contabilidade-de-custos-resumida\"><strong>Conceitos Iniciais &#8211; SEFAZ-AM: Contabilidade de Custos resumida<\/strong><\/h2>\n\n\n\n<p><strong>Investimentos<\/strong><\/p>\n\n\n\n<p>Os investimentos tratam-se de gastos com a aquisi\u00e7\u00e3o de bens que ser\u00e3o <strong>ativados (registrados nas contas do Ativo) em fun\u00e7\u00e3o de sua vida \u00fatil ou benef\u00edcios atribu\u00edveis a futuros per\u00edodos<\/strong>, seja porque s\u00e3o de car\u00e1ter permanente e compor\u00e3o o patrim\u00f4nio da entidade para gera\u00e7\u00e3o de benef\u00edcios futuros, seja para serem mantidos em estoque at\u00e9 serem consumidos, inclu\u00eddos no processo de fabrica\u00e7\u00e3o de outros bens ou servi\u00e7os ou negociados com terceiros.<\/p>\n\n\n\n<p><strong>Custos<\/strong><\/p>\n\n\n\n<p>Os custos compreendem os bens e servi\u00e7os adquiridos ou contratados com a finalidade de serem <strong>aplicados no processo de fabrica\u00e7\u00e3o de outros bens e<\/strong> <strong>servi\u00e7os<\/strong>.<\/p>\n\n\n\n<p>Desta forma, a cada fase da produ\u00e7\u00e3o, os custos s\u00e3o agregados ao produto que est\u00e1 sendo fabricado, aumentando o ativo gradativamente, at\u00e9 que se tenha o produto acabado, com todos os custos incorridos durante o processo somados a ele.<\/p>\n\n\n\n<p>Assim, no momento da venda, os custos passar\u00e3o a ser registrados como despesa (CPV) e integrar\u00e3o o resultado do exerc\u00edcio.<\/p>\n\n\n\n<p><strong>Despesas<\/strong><\/p>\n\n\n\n<p>As despesas possuem um car\u00e1ter volunt\u00e1rio e necess\u00e1rio para obter receita. Assim, elas s\u00e3o contadas direto no resultado.<\/p>\n\n\n\n<p>S\u00e3o gastos com bens e servi\u00e7os aplicados <strong>nas \u00e1reas administrativa, comercial ou financeira<\/strong> com a finalidade de se obter receitas.<\/p>\n\n\n\n<p><strong>Perdas<\/strong><\/p>\n\n\n\n<p>A perda se correlaciona aos<strong> consumos anormais e involunt\u00e1rios<\/strong> de bens ou servi\u00e7os, como, por exemplo, inc\u00eandios, alagamentos, greves entre outros.<\/p>\n\n\n\n<p>Assim, as perdas, por n\u00e3o serem sacrif\u00edcios para gera\u00e7\u00e3o de receitas e nem para produ\u00e7\u00e3o de outros bens, s\u00e3o registradas diretamente no resultado do per\u00edodo.<\/p>\n\n\n\n<p>Desta forma, se a perda pode ser<strong> normal ou anormal<\/strong>. Se for uma perda normal \u00e9 contabilizada como custo, mas se for uma perda anormal \u00e9 contabilizada como despesa.<\/p>\n\n\n\n<h2 class=\"wp-block-heading\" id=\"h-custo-de-fabricacao-sefaz-am-contabilidade-de-custos-resumida\"><strong>Custo de Fabrica\u00e7\u00e3o &#8211; SEFAZ-AM: Contabilidade de Custos resumida<\/strong><\/h2>\n\n\n\n<p>O <strong>Custo de Fabrica\u00e7\u00e3o<\/strong> \u00e9 composto por tr\u00eas elementos:<\/p>\n\n\n\n<ul class=\"wp-block-list\"><li>os materiais,<\/li><li>a m\u00e3o de obra,<\/li><li>os gastos gerais de fabrica\u00e7\u00e3o.<\/li><\/ul>\n\n\n\n<p><strong>Custo de Produ\u00e7\u00e3o do Per\u00edodo ou Custo Fabril<\/strong>: \u00e9 a soma dos custos incorridos, em determinado per\u00edodo, dentro da f\u00e1brica. \u00c9 composto pela mat\u00e9ria-prima, m\u00e3o-de-obra direta e pelos custos indiretos de fabrica\u00e7\u00e3o.<\/p>\n\n\n\n<p><strong>Custo da Produ\u00e7\u00e3o Acabada<\/strong>: \u00e9 a soma dos custos incorridos na produ\u00e7\u00e3o acabada do per\u00edodo. Pode conter Custos de Produ\u00e7\u00e3o tamb\u00e9m de per\u00edodos anteriores existentes em unidades que s\u00f3 foram finalizadas nesse per\u00edodo.<\/p>\n\n\n\n<p><strong>Custo dos Produtos Vendidos<\/strong>: \u00e9 a soma dos custos incorridos na fabrica\u00e7\u00e3o dos bens que s\u00f3 agora est\u00e3o sendo vendidos. Pode conter custos de produ\u00e7\u00e3o de diversos per\u00edodos, caso os itens vendidos tenham sido produzidos em diversas \u00e9pocas diferentes.<\/p>\n\n\n\n<p><strong>Custos de Transforma\u00e7\u00e3o ou de Convers\u00e3o<\/strong>: \u00e9 a soma de todos os Custos de Produ\u00e7\u00e3o, exceto os relativos a mat\u00e9rias-primas e outros eventuais adquiridos e empregados sem nenhuma modifica\u00e7\u00e3o pela empresa.<\/p>\n\n\n\n<p>Esses custos de transforma\u00e7\u00e3o representam o valor do esfor\u00e7o da pr\u00f3pria empresa no processo de elabora\u00e7\u00e3o de um determinado item<\/p>\n\n\n\n<h2 class=\"wp-block-heading\" id=\"h-sistemas-de-custeio-sefaz-am-contabilidade-de-custos-resumida\"><strong>Sistemas de Custeio &#8211; SEFAZ-AM: Contabilidade de Custos resumida<\/strong><\/h2>\n\n\n\n<p><strong>Sistema de Custeio por Absor\u00e7\u00e3o (Integral)<\/strong><\/p>\n\n\n\n<p>No sistema de custeio por absor\u00e7\u00e3o s\u00e3o apropriados \u00e0 produ\u00e7\u00e3o todos os custos, sejam eles fixos ou vari\u00e1veis, sejam eles diretos ou indiretos!<\/p>\n\n\n\n<p><strong>Sistema de Custeio Vari\u00e1vel (Direto)<\/strong><\/p>\n\n\n\n<p>O Sistema de Custeio Vari\u00e1vel \u00e9 utilizado para evitar aqueles inconvenientes citados no Sistema de Custeio por Absor\u00e7\u00e3o no que diz respeito \u00e0 apropria\u00e7\u00e3o dos custos fixos. Ele <strong>inclui Custos Vari\u00e1veis (Diretos e Indiretos).<\/strong><\/p>\n\n\n\n<p id=\"h-custeio-abc\"><strong>Custeio ABC<\/strong><\/p>\n\n\n\n<p id=\"h-\">No in\u00edcio da contabilidade de custos, grande parte dos custos apropriados aos produtos era direta, principalmente as mat\u00e9rias-primas e a m\u00e3o de obra direta.<\/p>\n\n\n\n<p>No entanto, houve um crescimento significativo dos custos indiretos, o que passou a causar distor\u00e7\u00f5es no levantamento dos custos dos produtos, devido \u00e0s formas arbitr\u00e1rias com que os custos indiretos eram rateados.<\/p>\n\n\n\n<p>Com o intuito de melhorar a qualidade da informa\u00e7\u00e3o de custos e evitar erros nos processos decis\u00f3rios, o m\u00e9todo de custeio baseado em atividades (ABC) foi desenvolvido.<\/p>\n\n\n\n<p id=\"custo-padrao\"><strong>Custo Padr\u00e3o<\/strong><\/p>\n\n\n\n<p>O custo padr\u00e3o \u00e9 <strong>baseado em previs\u00f5es e metas<\/strong>, \u00e9 <strong>fundamentado em padr\u00f5es t\u00e9cnicos<\/strong>, \u00e9 um sistema de custeamento de produtos que <strong>tem como filosofia o controle das opera\u00e7\u00f5es<\/strong> indicando se estas foram realizadas acima ou abaixo dos <strong>padr\u00f5es de efici\u00eancia fixados<\/strong>.<\/p>\n\n\n\n<p>Vale come\u00e7ar falando que o seu estabelecimento \u00e9 tarefa conjunta da Engenharia de Produ\u00e7\u00e3o e da Contabilidade de Custos, sendo estes setores respons\u00e1veis pela determina\u00e7\u00e3o de <strong>quantidades f\u00edsicas e transforma\u00e7\u00e3o para valores monet\u00e1rios<\/strong>.<\/p>\n\n\n\n<p>Um sistema de custeio baseado em custo padr\u00e3o preocupa-se, inicialmente, em delinear o quanto deveria custar certa produ\u00e7\u00e3o, levando-se em conta certas condi\u00e7\u00f5es normais (ou ideais em alguns casos).<\/p>\n\n\n\n<p>Pode-se conceituar custo padr\u00e3o como sendo um custo estabelecido pela empresa como meta para os produtos de sua linha de fabrica\u00e7\u00e3o, levando-se em considera\u00e7\u00e3o as caracter\u00edsticas tecnol\u00f3gicas do processo produtivo de cada um, a quantidade e os pre\u00e7os necess\u00e1rios para a produ\u00e7\u00e3o.<\/p>\n\n\n\n<p><\/p>\n\n\n\n<h2 class=\"wp-block-heading\" id=\"h-departamentalizacao\"><strong>Departamentaliza\u00e7\u00e3o<\/strong><\/h2>\n\n\n\n<p>A departamentaliza\u00e7\u00e3o consiste em <strong>elencar atividades<\/strong>, isto \u00e9, a\u00e7\u00f5es que se utilizam de meios (recursos humanos, materiais, financeiros entre outros) para a produ\u00e7\u00e3o de bens ou servi\u00e7os, e apropriar os custos a elas, tornando a divis\u00e3o mais justa.<\/p>\n\n\n\n<p>Ap\u00f3s isso, os <strong>custos aplicados a cada atividade s\u00e3o rateados e distribu\u00eddos aos produtos.<\/strong><\/p>\n\n\n\n<p>Pode-se conceituar a <strong>departamentaliza\u00e7\u00e3o<\/strong> (Custos Diretos por Departamentos) como um sistema de <strong>atribui\u00e7\u00e3o de custos indiretos<\/strong> <strong>ao produto usando como crit\u00e9rio de aloca\u00e7\u00e3o o departamento que<\/strong> <strong>\u201cconsumiu o insumo<\/strong>\u201d.<\/p>\n\n\n\n<p>O departamento aqui \u00e9 o nome gen\u00e9rico, tamb\u00e9m podendo ser chamado em algumas empresas de nomes similares como divis\u00f5es, se\u00e7\u00f5es ou setores que comp\u00f5em um estabelecimento, comercial e industrial, prestador de servi\u00e7o, agropecu\u00e1rio, entre outros.<\/p>\n\n\n\n<p>Pode-se definir departamento como sendo a unidade m\u00ednima administrativa para a Contabilidade de Custos, representada por pessoas e m\u00e1quinas (na maioria dos casos), em que se desenvolvem atividades com certo n\u00edvel de homogeneidade.<\/p>\n\n\n\n<p><strong>ATEN\u00c7\u00c3O:<\/strong> \u00e9 muito comum tanto na vida pr\u00e1tica e acad\u00eamica, quanto nas provas de concursos, aparecer como sin\u00f4nimo de departamento o termo <strong>centro de custo (CC)<\/strong> ou <strong>centro de responsabilidade (CR)<\/strong>.<\/p>\n\n\n\n<p>O custo padr\u00e3o \u00e9 um m\u00e9todo no qual os custos s\u00e3o apropriados \u00e0 produ\u00e7\u00e3o por estimativa, e n\u00e3o por valores reais. <\/p>\n\n\n\n<p>Logo, esse m\u00e9todo tem como a principal finalidade o planejamento e o controle de custos, ou seja, possui fins gerenciais, e n\u00e3o cont\u00e1beis.<\/p>\n\n\n\n<h2 class=\"wp-block-heading\" id=\"h-margem-de-contribuicao\"><strong>Margem de Contribui\u00e7\u00e3o<\/strong><\/h2>\n\n\n\n<p>A <strong>margem de contribui\u00e7\u00e3o<\/strong> \u00e9 um dos indicadores econ\u00f4mico-financeiros mais importantes que uma empresa pode ter e precisa ser analisada regularmente.<\/p>\n\n\n\n<p>Tamb\u00e9m conhecida como <strong>ganho bruto<\/strong>, <strong>a margem de contribui\u00e7\u00e3o<\/strong> representa <strong>o quanto o lucro da venda de cada produto contribuir\u00e1 para a empresa cobrir todos os seus custos e despesas fixas, (tamb\u00e9m chamados de custo de estrutura), e ainda gerar lucro.<\/strong><\/p>\n\n\n\n<p>Com base nisso voc\u00ea pode calcular a quantidade m\u00ednima de produtos que uma empresa precisa vender (o famoso ponto de equil\u00edbrio) para n\u00e3o ter nem lucro nem preju\u00edzo.<\/p>\n\n\n\n<p>Em resumo, neste artigo foram tratados os principais temas relacionados \u00e0 Contabilidade de Custos como os conceitos introdut\u00f3rios de campo de aplica\u00e7\u00e3o, objetivos, tipos de gastos e tamb\u00e9m a explana\u00e7\u00e3o dos tipos de custos de fabrica\u00e7\u00e3o e a margem de contribui\u00e7\u00e3o. <\/p>\n\n\n\n<p>Destacam-se, sobretudo, os diversos tipos de sistema de custeio e a margem de contribui\u00e7\u00e3o, que sempre est\u00e3o presentes nas quest\u00f5es de prova.<\/p>\n\n\n\n<p>Espero que tenham gostado do artigo!<\/p>\n\n\n\n<p>Um abra\u00e7o e bons estudos!<\/p>\n\n\n\n<p>Felipe Rocha <\/p>\n\n\n\n<p>@ffazro<\/p>\n\n\n<h2 id=\"h-cursos-e-assinaturas\" class=\"has-text-align-center\">Cursos e Assinaturas<\/h2>\n<p><!-- \/wp:post-content --><\/p>\n<p><!-- wp:paragraph --><\/p>\n<p>Prepare-se com o melhor material e com quem mais aprova em Concursos P\u00fablicos em todo o pa\u00eds!<\/p>\n<p><!-- \/wp:paragraph --><\/p>\n<p><!-- wp:paragraph {\"align\":\"center\",\"backgroundColor\":\"vivid-purple\",\"textColor\":\"white\"} --><\/p>\n<p class=\"has-text-align-center has-white-color has-vivid-purple-background-color has-text-color has-background\"><a href=\"https:\/\/www.estrategiaconcursos.com.br\/blog\/concursos-abertos\/\" target=\"_blank\" rel=\"noreferrer noopener\"><strong>Concursos abertos<\/strong><\/a><\/p>\n<p><!-- \/wp:paragraph --><\/p>\n<p><!-- wp:paragraph {\"align\":\"center\",\"backgroundColor\":\"vivid-purple\",\"textColor\":\"white\"} --><\/p>\n<p class=\"has-text-align-center has-white-color has-vivid-purple-background-color has-text-color has-background\"><strong><a href=\"https:\/\/www.estrategiaconcursos.com.br\/blog\/concursos-2022\/\" target=\"_blank\" rel=\"noreferrer noopener\">Concursos 2022<\/a><\/strong><\/p>\n<p><!-- \/wp:paragraph --><\/p>\n<p><!-- wp:html --><\/p>\n<div id=\"boxes\" class=\"container\">\n<div class=\"row\">\n<div class=\"col-sm\">\n<div id=\"box-assinatura\" class=\"estrategia\">\n<h3 class=\"titulo-assinatura\">Assinatura de Concursos<\/h3>\n<p class=\"subtitulo-assinatura\">Assinatura de 1 ano ou 2 anos<\/p>\n<div class=\"box-botao\"><a class=\"btn-assinatura\" role=\"button\" href=\"https:\/\/www.estrategiaconcursos.com.br\/assinaturas\/\" target=\"_blank\" rel=\"noopener noreferrer\">ASSINE AGORA<\/a><\/div>\n<\/div>\n<\/div>\n<\/div>\n<\/div>","protected":false},"excerpt":{"rendered":"<p>SEFAZ-AM: Contabilidade de Custos resumida<\/p>\n","protected":false},"author":1462,"featured_media":986063,"comment_status":"open","ping_status":"closed","sticky":false,"template":"","format":"standard","meta":{"post_tipo":"article","footnotes":""},"categories":[1,1983],"tags":[220276,220448],"tax_estado":[219966],"class_list":["post-986034","post","type-post","status-publish","format-standard","has-post-thumbnail","hentry","category-cursos-e-concursos","category-fiscal-estadual","tag-custos","tag-sefaz-am","tax_estado-am"],"acf":[],"yoast_head":"<!-- This site is optimized with the Yoast SEO Premium plugin v27.2 (Yoast SEO v27.2) - https:\/\/yoast.com\/product\/yoast-seo-premium-wordpress\/ -->\n<title>SEFAZ-AM: Contabilidade de Custos resumida<\/title>\n<meta name=\"description\" content=\"SEFAZ-AM: Contabilidade de Custos, dicas para voc\u00ea gabaritar a prova da Secretaria de Fazenda do Estado do Amazonas.\" \/>\n<meta name=\"robots\" content=\"index, follow, max-snippet:-1, max-image-preview:large, max-video-preview:-1\" \/>\n<link rel=\"canonical\" href=\"https:\/\/www.estrategiaconcursos.com.br\/blog\/sefaz-am-contabilidade-de-custos\/\" \/>\n<meta property=\"og:locale\" content=\"pt_BR\" \/>\n<meta property=\"og:type\" content=\"article\" \/>\n<meta property=\"og:title\" content=\"SEFAZ-AM: Contabilidade de Custos resumida\" \/>\n<meta property=\"og:description\" content=\"SEFAZ-AM: Contabilidade de Custos, dicas para voc\u00ea gabaritar a prova da Secretaria de Fazenda do Estado do Amazonas.\" \/>\n<meta property=\"og:url\" content=\"https:\/\/www.estrategiaconcursos.com.br\/blog\/sefaz-am-contabilidade-de-custos\/\" \/>\n<meta property=\"og:site_name\" content=\"Estrat\u00e9gia Concursos\" \/>\n<meta property=\"article:published_time\" content=\"2022-04-04T11:00:00+00:00\" \/>\n<meta property=\"article:modified_time\" content=\"2022-04-04T17:15:54+00:00\" \/>\n<meta property=\"og:image\" content=\"https:\/\/dhg1h5j42swfq.cloudfront.net\/2022\/03\/13115800\/sefaz-am-2-1.jpg\" \/>\n\t<meta property=\"og:image:width\" content=\"275\" \/>\n\t<meta property=\"og:image:height\" content=\"183\" \/>\n\t<meta property=\"og:image:type\" content=\"image\/jpeg\" \/>\n<meta name=\"author\" content=\"Felipe Fernando Azevedo da Rocha\" \/>\n<meta name=\"twitter:card\" content=\"summary_large_image\" \/>\n<meta name=\"twitter:creator\" content=\"@EstratConcursos\" \/>\n<meta name=\"twitter:site\" content=\"@EstratConcursos\" \/>\n<meta name=\"twitter:label1\" content=\"Escrito por\" \/>\n\t<meta name=\"twitter:data1\" content=\"Felipe Fernando Azevedo da Rocha\" \/>\n\t<meta name=\"twitter:label2\" content=\"Est. tempo de leitura\" \/>\n\t<meta name=\"twitter:data2\" content=\"10 minutos\" \/>\n<script type=\"application\/ld+json\" class=\"yoast-schema-graph\">{\"@context\":\"https:\/\/schema.org\",\"@graph\":[{\"@type\":\"NewsArticle\",\"@id\":\"https:\/\/www.estrategiaconcursos.com.br\/blog\/sefaz-am-contabilidade-de-custos\/#article\",\"isPartOf\":{\"@id\":\"https:\/\/www.estrategiaconcursos.com.br\/blog\/sefaz-am-contabilidade-de-custos\/\"},\"author\":{\"name\":\"Felipe Fernando Azevedo da Rocha\",\"@id\":\"https:\/\/www.estrategiaconcursos.com.br\/blog\/#\/schema\/person\/425ec856669a603120a09fed3a635808\"},\"headline\":\"SEFAZ-AM: Contabilidade de Custos resumida\",\"datePublished\":\"2022-04-04T11:00:00+00:00\",\"dateModified\":\"2022-04-04T17:15:54+00:00\",\"mainEntityOfPage\":{\"@id\":\"https:\/\/www.estrategiaconcursos.com.br\/blog\/sefaz-am-contabilidade-de-custos\/\"},\"wordCount\":1834,\"commentCount\":0,\"publisher\":{\"@id\":\"https:\/\/www.estrategiaconcursos.com.br\/blog\/#organization\"},\"image\":{\"@id\":\"https:\/\/www.estrategiaconcursos.com.br\/blog\/sefaz-am-contabilidade-de-custos\/#primaryimage\"},\"thumbnailUrl\":\"https:\/\/dhg1h5j42swfq.cloudfront.net\/2022\/03\/13115800\/sefaz-am-2-1.jpg\",\"keywords\":[\"custos\",\"SEFAZ-AM\"],\"articleSection\":[\"Concursos P\u00fablicos\",\"Fiscal - Estadual (ICMS)\"],\"inLanguage\":\"pt-BR\",\"potentialAction\":[{\"@type\":\"CommentAction\",\"name\":\"Comment\",\"target\":[\"https:\/\/www.estrategiaconcursos.com.br\/blog\/sefaz-am-contabilidade-de-custos\/#respond\"]}],\"copyrightYear\":\"2022\",\"copyrightHolder\":{\"@id\":\"https:\/\/www.estrategiaconcursos.com.br\/blog\/#organization\"}},{\"@type\":\"WebPage\",\"@id\":\"https:\/\/www.estrategiaconcursos.com.br\/blog\/sefaz-am-contabilidade-de-custos\/\",\"url\":\"https:\/\/www.estrategiaconcursos.com.br\/blog\/sefaz-am-contabilidade-de-custos\/\",\"name\":\"SEFAZ-AM: Contabilidade de Custos resumida\",\"isPartOf\":{\"@id\":\"https:\/\/www.estrategiaconcursos.com.br\/blog\/#website\"},\"primaryImageOfPage\":{\"@id\":\"https:\/\/www.estrategiaconcursos.com.br\/blog\/sefaz-am-contabilidade-de-custos\/#primaryimage\"},\"image\":{\"@id\":\"https:\/\/www.estrategiaconcursos.com.br\/blog\/sefaz-am-contabilidade-de-custos\/#primaryimage\"},\"thumbnailUrl\":\"https:\/\/dhg1h5j42swfq.cloudfront.net\/2022\/03\/13115800\/sefaz-am-2-1.jpg\",\"datePublished\":\"2022-04-04T11:00:00+00:00\",\"dateModified\":\"2022-04-04T17:15:54+00:00\",\"description\":\"SEFAZ-AM: Contabilidade de Custos, dicas para voc\u00ea gabaritar a prova da Secretaria de Fazenda do Estado do Amazonas.\",\"breadcrumb\":{\"@id\":\"https:\/\/www.estrategiaconcursos.com.br\/blog\/sefaz-am-contabilidade-de-custos\/#breadcrumb\"},\"inLanguage\":\"pt-BR\",\"potentialAction\":[{\"@type\":\"ReadAction\",\"target\":[\"https:\/\/www.estrategiaconcursos.com.br\/blog\/sefaz-am-contabilidade-de-custos\/\"]}]},{\"@type\":\"ImageObject\",\"inLanguage\":\"pt-BR\",\"@id\":\"https:\/\/www.estrategiaconcursos.com.br\/blog\/sefaz-am-contabilidade-de-custos\/#primaryimage\",\"url\":\"https:\/\/dhg1h5j42swfq.cloudfront.net\/2022\/03\/13115800\/sefaz-am-2-1.jpg\",\"contentUrl\":\"https:\/\/dhg1h5j42swfq.cloudfront.net\/2022\/03\/13115800\/sefaz-am-2-1.jpg\",\"width\":275,\"height\":183,\"caption\":\"SEFAZ-AM: Fatos Jur\u00eddicos resumidos\"},{\"@type\":\"BreadcrumbList\",\"@id\":\"https:\/\/www.estrategiaconcursos.com.br\/blog\/sefaz-am-contabilidade-de-custos\/#breadcrumb\",\"itemListElement\":[{\"@type\":\"ListItem\",\"position\":1,\"name\":\"In\u00edcio\",\"item\":\"https:\/\/www.estrategiaconcursos.com.br\/blog\/\"},{\"@type\":\"ListItem\",\"position\":2,\"name\":\"SEFAZ-AM: Contabilidade de Custos resumida\"}]},{\"@type\":\"WebSite\",\"@id\":\"https:\/\/www.estrategiaconcursos.com.br\/blog\/#website\",\"url\":\"https:\/\/www.estrategiaconcursos.com.br\/blog\/\",\"name\":\"Estrat\u00e9gia Concursos\",\"description\":\"O blog da Estrat\u00e9gia Concursos traz not\u00edcias sobre concursos e artigos de professores oferecendo cursos para concursos (pdf + videaulas) no site.\",\"publisher\":{\"@id\":\"https:\/\/www.estrategiaconcursos.com.br\/blog\/#organization\"},\"potentialAction\":[{\"@type\":\"SearchAction\",\"target\":{\"@type\":\"EntryPoint\",\"urlTemplate\":\"https:\/\/www.estrategiaconcursos.com.br\/blog\/?s={search_term_string}\"},\"query-input\":{\"@type\":\"PropertyValueSpecification\",\"valueRequired\":true,\"valueName\":\"search_term_string\"}}],\"inLanguage\":\"pt-BR\"},{\"@type\":\"Organization\",\"@id\":\"https:\/\/www.estrategiaconcursos.com.br\/blog\/#organization\",\"name\":\"Estrat\u00e9gia Concursos\",\"url\":\"https:\/\/www.estrategiaconcursos.com.br\/blog\/\",\"logo\":{\"@type\":\"ImageObject\",\"inLanguage\":\"pt-BR\",\"@id\":\"https:\/\/www.estrategiaconcursos.com.br\/blog\/#\/schema\/logo\/image\/\",\"url\":\"https:\/\/dhg1h5j42swfq.cloudfront.net\/2025\/06\/03203428\/logo_concursos-1.jpg\",\"contentUrl\":\"https:\/\/dhg1h5j42swfq.cloudfront.net\/2025\/06\/03203428\/logo_concursos-1.jpg\",\"width\":230,\"height\":60,\"caption\":\"Estrat\u00e9gia Concursos\"},\"image\":{\"@id\":\"https:\/\/www.estrategiaconcursos.com.br\/blog\/#\/schema\/logo\/image\/\"},\"sameAs\":[\"https:\/\/x.com\/EstratConcursos\"]},{\"@type\":\"Person\",\"@id\":\"https:\/\/www.estrategiaconcursos.com.br\/blog\/#\/schema\/person\/425ec856669a603120a09fed3a635808\",\"name\":\"Felipe Fernando Azevedo da Rocha\",\"image\":{\"@type\":\"ImageObject\",\"inLanguage\":\"pt-BR\",\"@id\":\"https:\/\/secure.gravatar.com\/avatar\/44e78a4aab2c02a437a87a334aee9a4ea82ca0e4757c2747232497482cfe5ba2?s=96&d=mm&r=g\",\"url\":\"https:\/\/secure.gravatar.com\/avatar\/44e78a4aab2c02a437a87a334aee9a4ea82ca0e4757c2747232497482cfe5ba2?s=96&d=mm&r=g\",\"contentUrl\":\"https:\/\/secure.gravatar.com\/avatar\/44e78a4aab2c02a437a87a334aee9a4ea82ca0e4757c2747232497482cfe5ba2?s=96&d=mm&r=g\",\"caption\":\"Felipe Fernando Azevedo da Rocha\"},\"description\":\"Auditor de Finan\u00e7as da SEFAZ BA. P\u00f3s-Graduado em Direito Tribut\u00e1rio\",\"url\":\"https:\/\/www.estrategiaconcursos.com.br\/blog\/author\/felipeazrogmail-com\/\"}]}<\/script>\n<!-- \/ Yoast SEO Premium plugin. -->","yoast_head_json":{"title":"SEFAZ-AM: Contabilidade de Custos resumida","description":"SEFAZ-AM: Contabilidade de Custos, dicas para voc\u00ea gabaritar a prova da Secretaria de Fazenda do Estado do Amazonas.","robots":{"index":"index","follow":"follow","max-snippet":"max-snippet:-1","max-image-preview":"max-image-preview:large","max-video-preview":"max-video-preview:-1"},"canonical":"https:\/\/www.estrategiaconcursos.com.br\/blog\/sefaz-am-contabilidade-de-custos\/","og_locale":"pt_BR","og_type":"article","og_title":"SEFAZ-AM: Contabilidade de Custos resumida","og_description":"SEFAZ-AM: Contabilidade de Custos, dicas para voc\u00ea gabaritar a prova da Secretaria de Fazenda do Estado do Amazonas.","og_url":"https:\/\/www.estrategiaconcursos.com.br\/blog\/sefaz-am-contabilidade-de-custos\/","og_site_name":"Estrat\u00e9gia Concursos","article_published_time":"2022-04-04T11:00:00+00:00","article_modified_time":"2022-04-04T17:15:54+00:00","og_image":[{"width":275,"height":183,"url":"https:\/\/dhg1h5j42swfq.cloudfront.net\/2022\/03\/13115800\/sefaz-am-2-1.jpg","type":"image\/jpeg"}],"author":"Felipe Fernando Azevedo da Rocha","twitter_card":"summary_large_image","twitter_creator":"@EstratConcursos","twitter_site":"@EstratConcursos","twitter_misc":{"Escrito por":"Felipe Fernando Azevedo da Rocha","Est. tempo de leitura":"10 minutos"},"schema":{"@context":"https:\/\/schema.org","@graph":[{"@type":"NewsArticle","@id":"https:\/\/www.estrategiaconcursos.com.br\/blog\/sefaz-am-contabilidade-de-custos\/#article","isPartOf":{"@id":"https:\/\/www.estrategiaconcursos.com.br\/blog\/sefaz-am-contabilidade-de-custos\/"},"author":{"name":"Felipe Fernando Azevedo da Rocha","@id":"https:\/\/www.estrategiaconcursos.com.br\/blog\/#\/schema\/person\/425ec856669a603120a09fed3a635808"},"headline":"SEFAZ-AM: Contabilidade de Custos resumida","datePublished":"2022-04-04T11:00:00+00:00","dateModified":"2022-04-04T17:15:54+00:00","mainEntityOfPage":{"@id":"https:\/\/www.estrategiaconcursos.com.br\/blog\/sefaz-am-contabilidade-de-custos\/"},"wordCount":1834,"commentCount":0,"publisher":{"@id":"https:\/\/www.estrategiaconcursos.com.br\/blog\/#organization"},"image":{"@id":"https:\/\/www.estrategiaconcursos.com.br\/blog\/sefaz-am-contabilidade-de-custos\/#primaryimage"},"thumbnailUrl":"https:\/\/dhg1h5j42swfq.cloudfront.net\/2022\/03\/13115800\/sefaz-am-2-1.jpg","keywords":["custos","SEFAZ-AM"],"articleSection":["Concursos P\u00fablicos","Fiscal - Estadual (ICMS)"],"inLanguage":"pt-BR","potentialAction":[{"@type":"CommentAction","name":"Comment","target":["https:\/\/www.estrategiaconcursos.com.br\/blog\/sefaz-am-contabilidade-de-custos\/#respond"]}],"copyrightYear":"2022","copyrightHolder":{"@id":"https:\/\/www.estrategiaconcursos.com.br\/blog\/#organization"}},{"@type":"WebPage","@id":"https:\/\/www.estrategiaconcursos.com.br\/blog\/sefaz-am-contabilidade-de-custos\/","url":"https:\/\/www.estrategiaconcursos.com.br\/blog\/sefaz-am-contabilidade-de-custos\/","name":"SEFAZ-AM: Contabilidade de Custos resumida","isPartOf":{"@id":"https:\/\/www.estrategiaconcursos.com.br\/blog\/#website"},"primaryImageOfPage":{"@id":"https:\/\/www.estrategiaconcursos.com.br\/blog\/sefaz-am-contabilidade-de-custos\/#primaryimage"},"image":{"@id":"https:\/\/www.estrategiaconcursos.com.br\/blog\/sefaz-am-contabilidade-de-custos\/#primaryimage"},"thumbnailUrl":"https:\/\/dhg1h5j42swfq.cloudfront.net\/2022\/03\/13115800\/sefaz-am-2-1.jpg","datePublished":"2022-04-04T11:00:00+00:00","dateModified":"2022-04-04T17:15:54+00:00","description":"SEFAZ-AM: Contabilidade de Custos, dicas para voc\u00ea gabaritar a prova da Secretaria de Fazenda do Estado do Amazonas.","breadcrumb":{"@id":"https:\/\/www.estrategiaconcursos.com.br\/blog\/sefaz-am-contabilidade-de-custos\/#breadcrumb"},"inLanguage":"pt-BR","potentialAction":[{"@type":"ReadAction","target":["https:\/\/www.estrategiaconcursos.com.br\/blog\/sefaz-am-contabilidade-de-custos\/"]}]},{"@type":"ImageObject","inLanguage":"pt-BR","@id":"https:\/\/www.estrategiaconcursos.com.br\/blog\/sefaz-am-contabilidade-de-custos\/#primaryimage","url":"https:\/\/dhg1h5j42swfq.cloudfront.net\/2022\/03\/13115800\/sefaz-am-2-1.jpg","contentUrl":"https:\/\/dhg1h5j42swfq.cloudfront.net\/2022\/03\/13115800\/sefaz-am-2-1.jpg","width":275,"height":183,"caption":"SEFAZ-AM: Fatos Jur\u00eddicos resumidos"},{"@type":"BreadcrumbList","@id":"https:\/\/www.estrategiaconcursos.com.br\/blog\/sefaz-am-contabilidade-de-custos\/#breadcrumb","itemListElement":[{"@type":"ListItem","position":1,"name":"In\u00edcio","item":"https:\/\/www.estrategiaconcursos.com.br\/blog\/"},{"@type":"ListItem","position":2,"name":"SEFAZ-AM: Contabilidade de Custos resumida"}]},{"@type":"WebSite","@id":"https:\/\/www.estrategiaconcursos.com.br\/blog\/#website","url":"https:\/\/www.estrategiaconcursos.com.br\/blog\/","name":"Estrat\u00e9gia Concursos","description":"O blog da Estrat\u00e9gia Concursos traz not\u00edcias sobre concursos e artigos de professores oferecendo cursos para concursos (pdf + videaulas) no site.","publisher":{"@id":"https:\/\/www.estrategiaconcursos.com.br\/blog\/#organization"},"potentialAction":[{"@type":"SearchAction","target":{"@type":"EntryPoint","urlTemplate":"https:\/\/www.estrategiaconcursos.com.br\/blog\/?s={search_term_string}"},"query-input":{"@type":"PropertyValueSpecification","valueRequired":true,"valueName":"search_term_string"}}],"inLanguage":"pt-BR"},{"@type":"Organization","@id":"https:\/\/www.estrategiaconcursos.com.br\/blog\/#organization","name":"Estrat\u00e9gia Concursos","url":"https:\/\/www.estrategiaconcursos.com.br\/blog\/","logo":{"@type":"ImageObject","inLanguage":"pt-BR","@id":"https:\/\/www.estrategiaconcursos.com.br\/blog\/#\/schema\/logo\/image\/","url":"https:\/\/dhg1h5j42swfq.cloudfront.net\/2025\/06\/03203428\/logo_concursos-1.jpg","contentUrl":"https:\/\/dhg1h5j42swfq.cloudfront.net\/2025\/06\/03203428\/logo_concursos-1.jpg","width":230,"height":60,"caption":"Estrat\u00e9gia Concursos"},"image":{"@id":"https:\/\/www.estrategiaconcursos.com.br\/blog\/#\/schema\/logo\/image\/"},"sameAs":["https:\/\/x.com\/EstratConcursos"]},{"@type":"Person","@id":"https:\/\/www.estrategiaconcursos.com.br\/blog\/#\/schema\/person\/425ec856669a603120a09fed3a635808","name":"Felipe Fernando Azevedo da Rocha","image":{"@type":"ImageObject","inLanguage":"pt-BR","@id":"https:\/\/secure.gravatar.com\/avatar\/44e78a4aab2c02a437a87a334aee9a4ea82ca0e4757c2747232497482cfe5ba2?s=96&d=mm&r=g","url":"https:\/\/secure.gravatar.com\/avatar\/44e78a4aab2c02a437a87a334aee9a4ea82ca0e4757c2747232497482cfe5ba2?s=96&d=mm&r=g","contentUrl":"https:\/\/secure.gravatar.com\/avatar\/44e78a4aab2c02a437a87a334aee9a4ea82ca0e4757c2747232497482cfe5ba2?s=96&d=mm&r=g","caption":"Felipe Fernando Azevedo da Rocha"},"description":"Auditor de Finan\u00e7as da SEFAZ BA. P\u00f3s-Graduado em Direito Tribut\u00e1rio","url":"https:\/\/www.estrategiaconcursos.com.br\/blog\/author\/felipeazrogmail-com\/"}]}},"_links":{"self":[{"href":"https:\/\/www.estrategiaconcursos.com.br\/blog\/wp-json\/wp\/v2\/posts\/986034","targetHints":{"allow":["GET"]}}],"collection":[{"href":"https:\/\/www.estrategiaconcursos.com.br\/blog\/wp-json\/wp\/v2\/posts"}],"about":[{"href":"https:\/\/www.estrategiaconcursos.com.br\/blog\/wp-json\/wp\/v2\/types\/post"}],"author":[{"embeddable":true,"href":"https:\/\/www.estrategiaconcursos.com.br\/blog\/wp-json\/wp\/v2\/users\/1462"}],"replies":[{"embeddable":true,"href":"https:\/\/www.estrategiaconcursos.com.br\/blog\/wp-json\/wp\/v2\/comments?post=986034"}],"version-history":[{"count":11,"href":"https:\/\/www.estrategiaconcursos.com.br\/blog\/wp-json\/wp\/v2\/posts\/986034\/revisions"}],"predecessor-version":[{"id":1001039,"href":"https:\/\/www.estrategiaconcursos.com.br\/blog\/wp-json\/wp\/v2\/posts\/986034\/revisions\/1001039"}],"wp:featuredmedia":[{"embeddable":true,"href":"https:\/\/www.estrategiaconcursos.com.br\/blog\/wp-json\/wp\/v2\/media\/986063"}],"wp:attachment":[{"href":"https:\/\/www.estrategiaconcursos.com.br\/blog\/wp-json\/wp\/v2\/media?parent=986034"}],"wp:term":[{"taxonomy":"category","embeddable":true,"href":"https:\/\/www.estrategiaconcursos.com.br\/blog\/wp-json\/wp\/v2\/categories?post=986034"},{"taxonomy":"post_tag","embeddable":true,"href":"https:\/\/www.estrategiaconcursos.com.br\/blog\/wp-json\/wp\/v2\/tags?post=986034"},{"taxonomy":"tax_estado","embeddable":true,"href":"https:\/\/www.estrategiaconcursos.com.br\/blog\/wp-json\/wp\/v2\/tax_estado?post=986034"}],"curies":[{"name":"wp","href":"https:\/\/api.w.org\/{rel}","templated":true}]}}