{"id":986012,"date":"2022-03-23T08:09:00","date_gmt":"2022-03-23T11:09:00","guid":{"rendered":"https:\/\/www.estrategiaconcursos.com.br\/blog\/?p=986012"},"modified":"2022-04-13T12:15:28","modified_gmt":"2022-04-13T15:15:28","slug":"itcmd-sefaz-am","status":"publish","type":"post","link":"https:\/\/www.estrategiaconcursos.com.br\/blog\/itcmd-sefaz-am\/","title":{"rendered":"Resumo do ITCMD para a SEFAZ-AM: Base de c\u00e1lculo e Contribuintes"},"content":{"rendered":"\n<p>Confira neste artigo uma an\u00e1lise sobre o&nbsp;<strong>ITCMD&nbsp;<\/strong>(Imposto sobre a Transmiss\u00e3o \u201ccausa mortis\u201d e Doa\u00e7\u00e3o),&nbsp;mais especificamente sobre as<strong> bases de c\u00e1lculo e contribuintes<\/strong> do imposto, presente no C\u00f3digo Tribut\u00e1rio do Estado do Amazonas (CTE), para o concurso da&nbsp;<strong><a href=\"https:\/\/www.estrategiaconcursos.com.br\/cursosPorConcurso\/sefaz-am-247\/\" target=\"_blank\" rel=\"noreferrer noopener\">SEFAZ-AM<\/a><\/strong>.<\/p>\n\n\n\n<div class=\"wp-block-image\"><figure class=\"aligncenter size-full is-resized\"><img loading=\"lazy\" decoding=\"async\" src=\"https:\/\/dhg1h5j42swfq.cloudfront.net\/2021\/12\/22202759\/sefaz-am.jpg\" alt=\"Resumo do ITCMD para a SEFAZ-AM\" class=\"wp-image-934473\" width=\"523\" height=\"348\" srcset=\"https:\/\/dhg1h5j42swfq.cloudfront.net\/2021\/12\/22202759\/sefaz-am.jpg 512w, https:\/\/dhg1h5j42swfq.cloudfront.net\/2021\/12\/22202759\/sefaz-am-300x200.jpg 300w\" sizes=\"auto, (max-width: 523px) 100vw, 523px\" \/><figcaption>Resumo do ITCMD para a SEFAZ-AM<\/figcaption><\/figure><\/div>\n\n\n\n<p>Ol\u00e1, pessoal! Como voc\u00eas est\u00e3o?<\/p>\n\n\n\n<p>A prova da&nbsp;<strong><a href=\"https:\/\/www.estrategiaconcursos.com.br\/blog\/concurso-sefaz-am\/\" target=\"_blank\" rel=\"noreferrer noopener\">SEFAZ-AM<\/a><\/strong>&nbsp;(Secretaria da Fazenda do Estado do Amazonas) est\u00e1 cada dia mais perto.<\/p>\n\n\n\n<p>Est\u00e3o sendo ofertadas vagas para diversos cargos, inclusive para o de&nbsp;<strong>Auditor Fiscal de Tributos Estaduais<\/strong>, com uma impressionante remunera\u00e7\u00e3o inicial de&nbsp;<strong>R$ 23.548,96<\/strong>. Nada mal, n\u00e3o \u00e9 mesmo?<\/p>\n\n\n\n<p>Dessa maneira, iremos realizar diversos resumos sobre a <strong><mark style=\"background-color:rgba(0, 0, 0, 0)\" class=\"has-inline-color has-vivid-cyan-blue-color\">Legisla\u00e7\u00e3o Tribut\u00e1ria Espec\u00edfica<\/mark><\/strong> do Amazonas, sendo que o nosso artigo de hoje \u00e9 sobre o <strong><mark style=\"background-color:rgba(0, 0, 0, 0)\" class=\"has-inline-color has-vivid-cyan-blue-color\">ITCMD<\/mark><\/strong>, presente no C\u00f3digo Tribut\u00e1rio do Amazonas,&nbsp;para o concurso da SEFAZ-AM.<\/p>\n\n\n\n<p>Como esta lei \u00e9 um pouco extensa, iremos distribuir a nossa an\u00e1lise em <strong>dois artigos<\/strong>, sendo que o primeiro pode ser visto logo abaixo:<\/p>\n\n\n\n<p class=\"has-text-align-center\"><a href=\"https:\/\/www.estrategiaconcursos.com.br\/blog\/itcmd-sefaz-am-incidencia\" target=\"_blank\" rel=\"noreferrer noopener\">Resumo do ITCMD para a SEFAZ-AM: Incid\u00eancia e N\u00e3o-incid\u00eancia<\/a><\/p>\n\n\n\n<p>Assim, o nosso segundo artigo ir\u00e1 tratar sobre as <strong>bases de c\u00e1lculo e os contribuintes<\/strong> do ITCMD, para a SEFAZ-AM.<\/p>\n\n\n\n<p>Sem mais delongas, vamos ao que interessa.<\/p>\n\n\n\n<div class=\"container\" id=\"boxes\">\n  <div class=\"row\">\n\n    <div class=\"col-sm\">\n      <div class=\"banner-fiscal-01\" id=\"box-assinatura\">\n        <h3 class=\"titulo-assinatura\">Concurso Sefaz AM<\/h3>\n        <p class=\"subtitulo-assinatura\">Cursos para todos os cargos<\/p>\n        <div class=\"box-botao\">\n          <a class=\"btn-assinatura\" target=\"_blank\" href=\"https:\/\/www.estrategiaconcursos.com.br\/cursosPorConcurso\/sefaz-am-247\/\" role=\"button\" rel=\"noopener noreferrer\">Conhe\u00e7a mais<\/a>\n        <\/div>\n      <\/div>\n    \n    <\/div>\n\n  <\/div>\n<\/div>\n\n\n\n<h2 class=\"wp-block-heading\" id=\"h-base-de-calculo-do-itcmd-para-a-sefaz-ma\"><mark style=\"background-color:rgba(0, 0, 0, 0)\" class=\"has-inline-color has-vivid-cyan-blue-color\">Base de C\u00e1lculo do ITCMD para a SEFAZ-MA<\/mark><\/h2>\n\n\n\n<p>A base de c\u00e1lculo \u00e9 o valor no qual ser\u00e1 aplicada a al\u00edquota do tributo, de modo a determinar o valor do imposto a ser pago.<\/p>\n\n\n\n<p>No caso do <strong>ITCMD <\/strong>do estado do Amazonas, em geral, a <strong>base de c\u00e1lculo<\/strong> do imposto \u00e9 o <strong><mark style=\"background-color:rgba(0, 0, 0, 0)\" class=\"has-inline-color has-vivid-cyan-blue-color\">valor venal <\/mark><\/strong>dos bens e direitos <strong>transmitidos <\/strong>na data da <strong><span style=\"text-decoration: underline;\">declara\u00e7\u00e3o<\/span><\/strong> ou da <strong><span style=\"text-decoration: underline;\">avalia\u00e7\u00e3o pela Fazenda P\u00fablica Estadual<\/span><\/strong>, atualizado at\u00e9 a data do pagamento.<\/p>\n\n\n\n<p><strong><mark style=\"background-color:rgba(0, 0, 0, 0)\" class=\"has-inline-color has-vivid-red-color\">FIQUE ATENTO: <\/mark><\/strong>Caso o valor seja <strong>declarado <\/strong>pelo contribuinte, ele estar\u00e1 sujeito \u00e0 <strong>aprova\u00e7\u00e3o <\/strong>da Fazenda P\u00fablica Estadual.<\/p>\n\n\n\n<p>\u00c9 importante salientar que o <strong>valor definido<\/strong> como base de c\u00e1lculo prevalecer\u00e1 por <strong><mark style=\"background-color:rgba(0, 0, 0, 0)\" class=\"has-inline-color has-vivid-cyan-blue-color\">90 dias<\/mark><\/strong>, sendo que, ap\u00f3s isso, o valor do imposto devido ser\u00e1 novamente avaliado.<\/p>\n\n\n\n<p>H\u00e1 tamb\u00e9m alguns <strong>casos espec\u00edficos<\/strong> de base de c\u00e1lculo, definidos pelo C\u00f3digo Tribut\u00e1rio Estadual. Assim, a base de c\u00e1lculo \u00e9:<\/p>\n\n\n\n<ul class=\"wp-block-list\"><li>o <strong><mark style=\"background-color:rgba(0, 0, 0, 0)\" class=\"has-inline-color has-vivid-cyan-blue-color\">valor venal <\/mark><\/strong>dos bens ou direitos no momento da avalia\u00e7\u00e3o do invent\u00e1rio ou do arrolamento, nos casos de transmiss\u00e3o por <strong>sucess\u00e3o leg\u00edtima ou testament\u00e1ria<\/strong>;<\/li><li>o <strong><mark style=\"background-color:rgba(0, 0, 0, 0)\" class=\"has-inline-color has-vivid-cyan-blue-color\">valor da avalia\u00e7\u00e3o judicial<\/mark><\/strong> para a primeira ou \u00fanica pra\u00e7a, ou o pre\u00e7o pago, se este for maior, nos casos de <strong>arremata\u00e7\u00e3o ou leil\u00e3o<\/strong> e de adjudica\u00e7\u00e3o de bens penhorados;<\/li><li>o <strong><mark style=\"background-color:rgba(0, 0, 0, 0)\" class=\"has-inline-color has-vivid-cyan-blue-color\">valor da avalia\u00e7\u00e3o judicial,<\/mark><\/strong> nos casos de transmiss\u00e3o por senten\u00e7a declarat\u00f3ria de usucapi\u00e3o;<\/li><li><strong><mark style=\"background-color:rgba(0, 0, 0, 0)\" class=\"has-inline-color has-vivid-cyan-blue-color\">50% do valor venal<\/mark><\/strong> do bem, nos casos de:<ul><li>transmiss\u00e3o n\u00e3o onerosa de bem im\u00f3vel, com <strong>reserva <\/strong>ao transmitente de <strong>direito real<\/strong>;<\/li><\/ul><ul><li>na <strong>extin\u00e7\u00e3o <\/strong>de <strong>usufruto<\/strong>, com a <strong>consolida\u00e7\u00e3o da propriedade<\/strong> na pessoa do nu-propriet\u00e1rio;<\/li><\/ul><ul><li>na transmiss\u00e3o de direito real <strong>reservado <\/strong>ao transmitente em <strong>transmiss\u00e3o anterior;<\/strong><\/li><\/ul><\/li><\/ul>\n\n\n\n<h2 class=\"wp-block-heading\" id=\"aliquota-do-itcmd-para-a-sefaz-am\"><mark style=\"background-color:rgba(0, 0, 0, 0)\" class=\"has-inline-color has-vivid-cyan-blue-color\">Al\u00edquota do ITCMD para a SEFAZ-AM<\/mark><\/h2>\n\n\n\n<p>A <strong>al\u00edquota <\/strong>do ITCMD, em rela\u00e7\u00e3o a todas as suas hip\u00f3teses de incid\u00eancia, \u00e9 de <strong><mark style=\"background-color:rgba(0, 0, 0, 0)\" class=\"has-inline-color has-vivid-cyan-blue-color\">2%<\/mark><\/strong>.<\/p>\n\n\n\n<p>Entretanto, \u00e9 plenamente poss\u00edvel que o poder p\u00fablico, por meio de lei, altere o valor dessa al\u00edquota.<\/p>\n\n\n\n<p>Assim, de modo a evitar lit\u00edgios futuros, em rela\u00e7\u00e3o a qual al\u00edquota ser\u00e1 aplicada, o C\u00f3digo Tribut\u00e1rio do Amazonas disp\u00f5e que a <strong>al\u00edquota aplic\u00e1vel <\/strong>do imposto ser\u00e1 aquela <strong>vigente<\/strong>:<\/p>\n\n\n\n<ul class=\"wp-block-list\"><li>ao <strong>tempo da abertura da sucess\u00e3o<\/strong>, em se tratando de transmiss\u00e3o causa mortis;<\/li><li>\u00e0 <strong>data do ato jur\u00eddico da doa\u00e7\u00e3o<\/strong>, considerando-se como tal o primeiro ato jur\u00eddico a estipular a transfer\u00eancia da coisa;<\/li><li>o <strong>tempo da extin\u00e7\u00e3o<\/strong> do usufruto ou da substitui\u00e7\u00e3o do fideicomisso.<\/li><\/ul>\n\n\n\n<h2 class=\"wp-block-heading\" id=\"contribuintes-e-responsaveis-pelo-itcmd-para-a-sefaz-am\"><mark style=\"background-color:rgba(0, 0, 0, 0)\" class=\"has-inline-color has-vivid-cyan-blue-color\">Contribuintes e Respons\u00e1veis pelo ITCMD para a SEFAZ-AM<\/mark><\/h2>\n\n\n\n<p>O contribuinte \u00e9 geralmente aquele que se <strong>beneficia <\/strong>da transmiss\u00e3o dos bens ou direitos.<\/p>\n\n\n\n<p>Desse modo, o contribuinte do ITCMD no Amazonas \u00e9 o <strong><mark style=\"background-color:rgba(0, 0, 0, 0)\" class=\"has-inline-color has-vivid-cyan-blue-color\">herdeiro ou o legat\u00e1rio<\/mark><\/strong>, no caso de transmiss\u00e3o <strong>&#8220;causa mortis&#8221;<\/strong>; o <strong><mark style=\"background-color:rgba(0, 0, 0, 0)\" class=\"has-inline-color has-vivid-cyan-blue-color\">donat\u00e1rio, <\/mark><\/strong>no caso de <strong>doa\u00e7\u00e3o<\/strong>; bem como o <strong><mark style=\"background-color:rgba(0, 0, 0, 0)\" class=\"has-inline-color has-vivid-cyan-blue-color\">benefici\u00e1rio<\/mark><\/strong>, nas hip\u00f3teses de <strong>transmiss\u00e3o <\/strong>que n\u00e3o sejam as citadas acima.<\/p>\n\n\n\n<p>Apesar de o <strong>donat\u00e1rio <\/strong>ser o contribuinte, quando ele <strong>residir em outro estado<\/strong>, que n\u00e3o seja o Amazonas, o <strong><mark style=\"background-color:rgba(0, 0, 0, 0)\" class=\"has-inline-color has-vivid-cyan-blue-color\">doador <\/mark><\/strong>ser\u00e1 respons\u00e1vel pelo recolhimento do imposto.<\/p>\n\n\n\n<p>Al\u00e9m disso, <strong><mark style=\"background-color:rgba(0, 0, 0, 0)\" class=\"has-inline-color has-vivid-cyan-blue-color\">respondem solidariamente<\/mark><\/strong> pelo pagamento do ITCMD devido:<\/p>\n\n\n\n<ul class=\"wp-block-list\"><li>o <strong>doador <\/strong>ou o <strong>cedente<\/strong>;<\/li><li>o <strong>tabeli\u00e3o, o registrador, o escriv\u00e3o <\/strong>e os demais serventu\u00e1rios de justi\u00e7a, em rela\u00e7\u00e3o aos atos praticados por eles ou perante eles, em raz\u00e3o de seu of\u00edcio, bem como a autoridade judicial que n\u00e3o exigir o cumprimento das obriga\u00e7\u00f5es presentes na legisla\u00e7\u00e3o;<\/li><li>a empresa, a <strong>institui\u00e7\u00e3o financeira<\/strong> ou banc\u00e1ria e todo aquele a quem caiba a responsabilidade pelo registro ou pela pr\u00e1tica de ato que implique a transmiss\u00e3o de bem m\u00f3vel ou im\u00f3vel e respectivos direitos e a\u00e7\u00f5es;<\/li><li>o <strong>inventariante <\/strong>ou o <strong>testamenteiro <\/strong>em rela\u00e7\u00e3o aos atos que praticar;<\/li><li>o <strong>titular<\/strong>, o <strong>administrador <\/strong>e o <strong>servidor <\/strong>das demais entidades de direito p\u00fablico ou privado onde se processe o registro, a anota\u00e7\u00e3o ou averba\u00e7\u00e3o de doa\u00e7\u00e3o, caso tenham praticado tais atos em desacordo com a legisla\u00e7\u00e3o;<\/li><li><strong>qualquer pessoa<\/strong> f\u00edsica ou jur\u00eddica que detenha a posse do bem transmitido ou doado;<\/li><li>a <strong>pessoa <\/strong>que <strong>tenha interesse comum<\/strong> na situa\u00e7\u00e3o que constitua o fato gerador da obriga\u00e7\u00e3o principal.<\/li><\/ul>\n\n\n\n<h2 class=\"wp-block-heading\" id=\"h-pagamento-do-itcmd-para-a-sefaz-am\"><mark style=\"background-color:rgba(0, 0, 0, 0)\" class=\"has-inline-color has-vivid-cyan-blue-color\">Pagamento do ITCMD para a SEFAZ-AM<\/mark><\/h2>\n\n\n\n<p>Ap\u00f3s o devido lan\u00e7amento do imposto, o qual identifica o valor do tributo a ser pago, bem como o contribuinte respons\u00e1vel pelo seu recolhimento, \u00e9 necess\u00e1rio que haja o pagamento do ITCMD.<\/p>\n\n\n\n<p>Por\u00e9m, h\u00e1 <strong>diferentes prazos<\/strong> para que esse pagamento seja realizado, o qual depende de cada situa\u00e7\u00e3o espec\u00edfica.<\/p>\n\n\n\n<p>Assim, o pagamento do imposto dever\u00e1 ser efetuado:<\/p>\n\n\n\n<p>Nas transmiss\u00f5es por <strong><mark style=\"background-color:rgba(0, 0, 0, 0)\" class=\"has-inline-color has-vivid-cyan-blue-color\">escritura p\u00fablica<\/mark><\/strong>, ou procura\u00e7\u00e3o em causa pr\u00f3pria, <strong>antes <\/strong>de lavrado o respectivo instrumento;<\/p>\n\n\n\n<p>Nas transmiss\u00f5es por <strong><mark style=\"background-color:rgba(0, 0, 0, 0)\" class=\"has-inline-color has-vivid-cyan-blue-color\">instrumento particular<\/mark><\/strong>, dentro de <strong>10 dias<\/strong>, contados da apresenta\u00e7\u00e3o deste \u00e0 reparti\u00e7\u00e3o fiscal;<\/p>\n\n\n\n<p>Nas aquisi\u00e7\u00f5es por escritura ou instrumento <strong><mark style=\"background-color:rgba(0, 0, 0, 0)\" class=\"has-inline-color has-vivid-cyan-blue-color\">particular lavrados fora do Estado<\/mark><\/strong> ou em virtude de <strong><mark style=\"background-color:rgba(0, 0, 0, 0)\" class=\"has-inline-color has-vivid-cyan-blue-color\">adjudica\u00e7\u00e3o<\/mark><\/strong>, ou de qualquer senten\u00e7a judicial, dentro de <strong>60 dias<\/strong>, contados do ato ou contrato, cujo instrumento dever\u00e1 ser apresentado \u00e0 Fazenda P\u00fablica Estadual para c\u00e1lculo do imposto devido;<\/p>\n\n\n\n<p>Nas aquisi\u00e7\u00f5es de<strong><mark style=\"background-color:rgba(0, 0, 0, 0)\" class=\"has-inline-color has-vivid-cyan-blue-color\"> terras devolutas<\/mark><\/strong> ou de direitos a elas relativos,<strong> 60 dias<\/strong> ap\u00f3s assinado o respectivo t\u00edtulo que ser\u00e1 apresentado \u00e0 Fazenda P\u00fablica Estadual para c\u00e1lculo do imposto devido;<\/p>\n\n\n\n<p>Nas transmiss\u00f5es <strong><mark style=\"background-color:rgba(0, 0, 0, 0)\" class=\"has-inline-color has-vivid-cyan-blue-color\">n\u00e3o documentadas<\/mark><\/strong>, no momento da <strong>tradi\u00e7\u00e3o<\/strong>;<\/p>\n\n\n\n<p>Nas transmiss\u00f5es <strong><mark style=\"background-color:rgba(0, 0, 0, 0)\" class=\"has-inline-color has-vivid-cyan-blue-color\">causa mortis<\/mark><\/strong>, dentro de <strong>180 dias<\/strong>, a contar da abertura da sucess\u00e3o;<\/p>\n\n\n\n<p>Nas transmiss\u00f5es por <strong><mark style=\"background-color:rgba(0, 0, 0, 0)\" class=\"has-inline-color has-vivid-cyan-blue-color\">doa\u00e7\u00e3o <\/mark><\/strong>de bem, t\u00edtulo ou cr\u00e9dito <strong>n\u00e3o referidas nos incisos anteriores<\/strong>, no prazo de at\u00e9 <strong>15 dias,<\/strong> contados da ocorr\u00eancia desses fatos.<\/p>\n\n\n\n<p>Nos <strong><mark style=\"background-color:rgba(0, 0, 0, 0)\" class=\"has-inline-color has-vivid-cyan-blue-color\">procedimentos judiciais<\/mark><\/strong>, no prazo de at\u00e9 <strong>10 dias<\/strong>, contados da data em que transitar em julgado a homologat\u00f3ria do c\u00e1lculo.<\/p>\n\n\n\n<p><mark style=\"background-color:rgba(0, 0, 0, 0)\" class=\"has-inline-color has-vivid-red-color\"><strong>FIQUE ATENTO:<\/strong> <\/mark>\u00a0N\u00e3o sendo o pagamento do imposto efetuado no prazo definido, haver\u00e1 a incid\u00eancia de <strong><mark style=\"background-color:rgba(0, 0, 0, 0)\" class=\"has-inline-color has-vivid-cyan-blue-color\">multa de 30%<\/mark><\/strong>, calculada sobre a respectiva import\u00e2ncia, salvo se at\u00e9 a expira\u00e7\u00e3o do prazo j\u00e1 houver sido feita a separa\u00e7\u00e3o dos bens para pagamento.<\/p>\n\n\n\n<h2 class=\"wp-block-heading\" id=\"h-restituicao-do-itcmd-para-a-sefaz-am\"><strong><mark style=\"background-color:rgba(0, 0, 0, 0)\" class=\"has-inline-color has-vivid-cyan-blue-color\">Restitui\u00e7\u00e3o do ITCMD para a SEFAZ-AM<\/mark><\/strong><\/h2>\n\n\n\n<p>Ap\u00f3s o pagamento do imposto devido, haver\u00e1 situa\u00e7\u00f5es em que o valor pago poder\u00e1 ser <strong>restitu\u00eddo <\/strong>ao contribuinte.<\/p>\n\n\n\n<p>Isso ocorrer\u00e1:<\/p>\n\n\n\n<ul class=\"wp-block-list\"><li>quando <strong>n\u00e3o se completar<\/strong> o <strong>ato ou contrato<\/strong> sobre que se tiver pago o imposto;<\/li><li>quando for declarada por decis\u00e3o <strong>judicial<\/strong>, passada em julgado, a <strong>nulidade <\/strong>do <strong>ato ou contrato<\/strong> sobre que se tiver pago o imposto;<\/li><li>quando for posteriormente <strong>reconhecida<\/strong> a<strong> n\u00e3o-incid\u00eancia<\/strong> ou o direito \u00e0 <strong>isen\u00e7\u00e3o<\/strong>;<\/li><li>por <strong>erro de fato<\/strong>.<\/li><\/ul>\n\n\n\n<h2 class=\"wp-block-heading\" id=\"h-fiscalizacao-do-itcmd-para-a-sefaz-am\"><strong><mark style=\"background-color:rgba(0, 0, 0, 0)\" class=\"has-inline-color has-vivid-cyan-blue-color\">Fiscaliza\u00e7\u00e3o do ITCMD para a SEFAZ-AM<\/mark><\/strong><\/h2>\n\n\n\n<p>A administra\u00e7\u00e3o tribut\u00e1ria estadual tem o dever de estabelecer mecanismos de fiscaliza\u00e7\u00e3o do cumprimento das obriga\u00e7\u00f5es do ITCMD, seja principal ou acess\u00f3ria.<\/p>\n\n\n\n<p>A fiscaliza\u00e7\u00e3o ser\u00e1 exercida pelos <strong>Agentes Fiscais<\/strong> da Secretaria de Estado da Fazenda.<\/p>\n\n\n\n<p>Dessa maneira, durante a fiscaliza\u00e7\u00e3o, caso o Fisco constate que <strong>n\u00e3o <\/strong>h\u00e1 a transcri\u00e7\u00e3o do <strong>documento comprobat\u00f3rio<\/strong> do <strong>pagamento <\/strong>do imposto e da certid\u00e3o de quita\u00e7\u00e3o geral para com a Fazenda P\u00fablica Estadual, <strong>n\u00e3o <\/strong>poder\u00e1 o escriv\u00e3o ou o tabeli\u00e3o de notas <strong>lavrar escrituras<\/strong> de transmiss\u00e3o de im\u00f3veis e de direitos a tais bens relativos.<\/p>\n\n\n\n<p>Al\u00e9m disso, o escriv\u00e3o tamb\u00e9m <strong>n\u00e3o <\/strong>poder\u00e1 <strong>extrair carta de adjudica\u00e7\u00e3o ou remiss\u00e3o<\/strong>, nem certid\u00e3o de carta de senten\u00e7a declarat\u00f3ria de usucapi\u00e3o.<\/p>\n\n\n\n<p>Ademais, ficar\u00e1 <strong>impossibilitada <\/strong>a ordena\u00e7\u00e3o da <strong>baixa de inscri\u00e7\u00e3o<\/strong> ou a entrega dos bens ao doador, sem que este prove haver pago o imposto quando os bens doados com as cl\u00e1usulas de revers\u00e3o ao doador por morte do donat\u00e1rio forem descritas no invent\u00e1rio deste.<\/p>\n\n\n\n<h2 class=\"wp-block-heading\" id=\"h-finalizando\"><mark style=\"background-color:rgba(0, 0, 0, 0)\" class=\"has-inline-color has-vivid-cyan-blue-color\">Finalizando<\/mark><\/h2>\n\n\n\n<p>Pessoal! Chegamos ao final do nosso segundo artigo sobre o ITCMD, para a SEFAZ-AM, mais especificamente sobre as bases de c\u00e1lculo e contribuintes do imposto. Esperamos que tenham gostado.<\/p>\n\n\n\n<p>Para a sua aprova\u00e7\u00e3o, \u00e9 extremamente&nbsp;<strong>importante&nbsp;<\/strong>a<strong>&nbsp;leitura da lei&nbsp;<\/strong>citada aqui. Esse artigo \u00e9 apenas uma an\u00e1lise mais simplificada dessa norma.<\/p>\n\n\n\n<p>Caso queira se preparar para chegar&nbsp;<strong>competitivo&nbsp;<\/strong>nesta prova, invista nos&nbsp;<strong><a href=\"https:\/\/www.estrategiaconcursos.com.br\/cursosPorConcurso\/sefaz-am-247\/\" target=\"_blank\" rel=\"noreferrer noopener\">cursos para a SEFAZ AM<\/a><\/strong>&nbsp;do&nbsp;<strong>Estrat\u00e9gia Concursos<\/strong>.&nbsp;<\/p>\n\n\n\n<p>L\u00e1 voc\u00ea encontrar\u00e1&nbsp;<strong>aulas completas e detalhadas, com os melhores professores do mercado<\/strong>,&nbsp;de todos os t\u00f3picos exigidos no edital deste concurso.<\/p>\n\n\n\n<p>Conhe\u00e7a tamb\u00e9m o\u00a0<strong><a href=\"https:\/\/questoes.estrategiaconcursos.com.br\/\" target=\"_blank\" rel=\"noreferrer noopener\">Sistema de Quest\u00f5es do Estrat\u00e9gia<\/a>.<\/strong>\u00a0Afinal, a \u00fanica maneira de\u00a0<strong>consolidar o conte\u00fado\u00a0<\/strong>de maneira satisfat\u00f3ria \u00e9 atrav\u00e9s da\u00a0<strong>resolu\u00e7\u00e3o de quest\u00f5es.<\/strong>\u00a0<\/p>\n\n\n\n<p>Bons estudos a todos e at\u00e9 a pr\u00f3xima!<\/p>\n\n\n\n<h2 class=\"has-text-align-center wp-block-heading\" id=\"h-cursos-e-assinaturas\">Cursos e Assinaturas <\/h2>\n\n\n\n<p>Prepare-se com o melhor material e com quem mais aprova em Concursos P\u00fablicos em todo o pa\u00eds!<\/p>\n\n\n\n<p class=\"has-text-align-center has-white-color has-vivid-purple-background-color has-text-color has-background\"><a href=\"https:\/\/www.estrategiaconcursos.com.br\/blog\/concursos-abertos\/\" target=\"_blank\" rel=\"noreferrer noopener\"><strong><span class=\"has-inline-color has-white-color\">Concursos abertos<\/span><\/strong><\/a><\/p>\n\n\n\n<p class=\"has-text-align-center has-white-color has-vivid-purple-background-color has-text-color has-background\"><strong><a href=\"https:\/\/www.estrategiaconcursos.com.br\/blog\/concursos-2022\/\" target=\"_blank\" rel=\"noreferrer noopener\"><span class=\"has-inline-color has-white-color\">Concursos 2022<\/span><\/a><\/strong><\/p>\n\n\n\n<div class=\"container\" id=\"boxes\">\n  <div class=\"row\">\n    <div class=\"col-sm\">\n      <div class=\"estrategia\" id=\"box-assinatura\">\n        <h3 class=\"titulo-assinatura\">Assinatura de Concursos<\/h3>\n        <p class=\"subtitulo-assinatura\">Assinatura de 1 ano ou 2 anos<\/p>\n        <div class=\"box-botao\">\n          <a class=\"btn-assinatura\" target=\"_blank\" href=\"https:\/\/www.estrategiaconcursos.com.br\/assinaturas\/\" role=\"button\" rel=\"noopener noreferrer\">ASSINE AGORA<\/a>\n        <\/div>\n      <\/div>\n      \n    <\/div><\/div><\/div>\n","protected":false},"excerpt":{"rendered":"<p>Confira neste artigo uma an\u00e1lise sobre o&nbsp;ITCMD&nbsp;(Imposto sobre a Transmiss\u00e3o \u201ccausa mortis\u201d e Doa\u00e7\u00e3o),&nbsp;mais especificamente sobre as bases de c\u00e1lculo e contribuintes do imposto, presente no C\u00f3digo Tribut\u00e1rio do Estado do Amazonas (CTE), para o concurso da&nbsp;SEFAZ-AM. Ol\u00e1, pessoal! Como voc\u00eas est\u00e3o? A prova da&nbsp;SEFAZ-AM&nbsp;(Secretaria da Fazenda do Estado do Amazonas) est\u00e1 cada dia mais [&hellip;]<\/p>\n","protected":false},"author":1976,"featured_media":892731,"comment_status":"open","ping_status":"closed","sticky":false,"template":"","format":"standard","meta":{"post_tipo":"article","footnotes":""},"categories":[1,1983],"tags":[],"tax_estado":[219966],"class_list":["post-986012","post","type-post","status-publish","format-standard","has-post-thumbnail","hentry","category-cursos-e-concursos","category-fiscal-estadual","tax_estado-am"],"acf":[],"yoast_head":"<!-- This site is optimized with the Yoast SEO Premium plugin v27.2 (Yoast SEO v27.2) - https:\/\/yoast.com\/product\/yoast-seo-premium-wordpress\/ -->\n<title>Resumo do ITCMD para a SEFAZ-AM: Base de c\u00e1lculo e Contribuintes<\/title>\n<meta name=\"description\" content=\"Confira aqui uma an\u00e1lise sobre o\u00a0ITCMD,\u00a0mais especificamente sobre as bases de c\u00e1lculo e contribuintes do imposto, para a\u00a0SEFAZ-AM.\" \/>\n<meta name=\"robots\" content=\"index, follow, max-snippet:-1, max-image-preview:large, max-video-preview:-1\" \/>\n<link rel=\"canonical\" href=\"https:\/\/www.estrategiaconcursos.com.br\/blog\/itcmd-sefaz-am\/\" \/>\n<meta property=\"og:locale\" content=\"pt_BR\" \/>\n<meta property=\"og:type\" content=\"article\" \/>\n<meta property=\"og:title\" content=\"Resumo do ITCMD para a SEFAZ-AM: Base de c\u00e1lculo e Contribuintes\" \/>\n<meta property=\"og:description\" content=\"Confira aqui uma an\u00e1lise sobre o\u00a0ITCMD,\u00a0mais especificamente sobre as bases de c\u00e1lculo e contribuintes do imposto, para a\u00a0SEFAZ-AM.\" \/>\n<meta property=\"og:url\" content=\"https:\/\/www.estrategiaconcursos.com.br\/blog\/itcmd-sefaz-am\/\" \/>\n<meta property=\"og:site_name\" content=\"Estrat\u00e9gia Concursos\" \/>\n<meta property=\"article:published_time\" content=\"2022-03-23T11:09:00+00:00\" \/>\n<meta property=\"article:modified_time\" content=\"2022-04-13T15:15:28+00:00\" \/>\n<meta property=\"og:image\" content=\"https:\/\/dhg1h5j42swfq.cloudfront.net\/2021\/10\/25165530\/sefaz-am.jpg\" \/>\n\t<meta property=\"og:image:width\" content=\"512\" \/>\n\t<meta property=\"og:image:height\" content=\"288\" \/>\n\t<meta property=\"og:image:type\" content=\"image\/jpeg\" \/>\n<meta name=\"author\" content=\"Kassio Henrique Sobral Rocha\" \/>\n<meta name=\"twitter:card\" content=\"summary_large_image\" \/>\n<meta name=\"twitter:creator\" content=\"@EstratConcursos\" \/>\n<meta name=\"twitter:site\" content=\"@EstratConcursos\" \/>\n<meta name=\"twitter:label1\" content=\"Escrito por\" \/>\n\t<meta name=\"twitter:data1\" content=\"Kassio Henrique Sobral Rocha\" \/>\n\t<meta name=\"twitter:label2\" content=\"Est. tempo de leitura\" \/>\n\t<meta name=\"twitter:data2\" content=\"9 minutos\" \/>\n<script type=\"application\/ld+json\" class=\"yoast-schema-graph\">{\"@context\":\"https:\/\/schema.org\",\"@graph\":[{\"@type\":\"NewsArticle\",\"@id\":\"https:\/\/www.estrategiaconcursos.com.br\/blog\/itcmd-sefaz-am\/#article\",\"isPartOf\":{\"@id\":\"https:\/\/www.estrategiaconcursos.com.br\/blog\/itcmd-sefaz-am\/\"},\"author\":{\"name\":\"Kassio Henrique Sobral Rocha\",\"@id\":\"https:\/\/www.estrategiaconcursos.com.br\/blog\/#\/schema\/person\/f0c830e07cfe11c231c0ea5dbb036df5\"},\"headline\":\"Resumo do ITCMD para a SEFAZ-AM: Base de c\u00e1lculo e Contribuintes\",\"datePublished\":\"2022-03-23T11:09:00+00:00\",\"dateModified\":\"2022-04-13T15:15:28+00:00\",\"mainEntityOfPage\":{\"@id\":\"https:\/\/www.estrategiaconcursos.com.br\/blog\/itcmd-sefaz-am\/\"},\"wordCount\":1739,\"commentCount\":0,\"publisher\":{\"@id\":\"https:\/\/www.estrategiaconcursos.com.br\/blog\/#organization\"},\"image\":{\"@id\":\"https:\/\/www.estrategiaconcursos.com.br\/blog\/itcmd-sefaz-am\/#primaryimage\"},\"thumbnailUrl\":\"https:\/\/dhg1h5j42swfq.cloudfront.net\/2021\/10\/25165530\/sefaz-am.jpg\",\"articleSection\":[\"Concursos P\u00fablicos\",\"Fiscal - Estadual (ICMS)\"],\"inLanguage\":\"pt-BR\",\"potentialAction\":[{\"@type\":\"CommentAction\",\"name\":\"Comment\",\"target\":[\"https:\/\/www.estrategiaconcursos.com.br\/blog\/itcmd-sefaz-am\/#respond\"]}],\"copyrightYear\":\"2022\",\"copyrightHolder\":{\"@id\":\"https:\/\/www.estrategiaconcursos.com.br\/blog\/#organization\"}},{\"@type\":\"WebPage\",\"@id\":\"https:\/\/www.estrategiaconcursos.com.br\/blog\/itcmd-sefaz-am\/\",\"url\":\"https:\/\/www.estrategiaconcursos.com.br\/blog\/itcmd-sefaz-am\/\",\"name\":\"Resumo do ITCMD para a SEFAZ-AM: Base de c\u00e1lculo e Contribuintes\",\"isPartOf\":{\"@id\":\"https:\/\/www.estrategiaconcursos.com.br\/blog\/#website\"},\"primaryImageOfPage\":{\"@id\":\"https:\/\/www.estrategiaconcursos.com.br\/blog\/itcmd-sefaz-am\/#primaryimage\"},\"image\":{\"@id\":\"https:\/\/www.estrategiaconcursos.com.br\/blog\/itcmd-sefaz-am\/#primaryimage\"},\"thumbnailUrl\":\"https:\/\/dhg1h5j42swfq.cloudfront.net\/2021\/10\/25165530\/sefaz-am.jpg\",\"datePublished\":\"2022-03-23T11:09:00+00:00\",\"dateModified\":\"2022-04-13T15:15:28+00:00\",\"description\":\"Confira aqui uma an\u00e1lise sobre o\u00a0ITCMD,\u00a0mais especificamente sobre as bases de c\u00e1lculo e contribuintes do imposto, para a\u00a0SEFAZ-AM.\",\"breadcrumb\":{\"@id\":\"https:\/\/www.estrategiaconcursos.com.br\/blog\/itcmd-sefaz-am\/#breadcrumb\"},\"inLanguage\":\"pt-BR\",\"potentialAction\":[{\"@type\":\"ReadAction\",\"target\":[\"https:\/\/www.estrategiaconcursos.com.br\/blog\/itcmd-sefaz-am\/\"]}]},{\"@type\":\"ImageObject\",\"inLanguage\":\"pt-BR\",\"@id\":\"https:\/\/www.estrategiaconcursos.com.br\/blog\/itcmd-sefaz-am\/#primaryimage\",\"url\":\"https:\/\/dhg1h5j42swfq.cloudfront.net\/2021\/10\/25165530\/sefaz-am.jpg\",\"contentUrl\":\"https:\/\/dhg1h5j42swfq.cloudfront.net\/2021\/10\/25165530\/sefaz-am.jpg\",\"width\":512,\"height\":288},{\"@type\":\"BreadcrumbList\",\"@id\":\"https:\/\/www.estrategiaconcursos.com.br\/blog\/itcmd-sefaz-am\/#breadcrumb\",\"itemListElement\":[{\"@type\":\"ListItem\",\"position\":1,\"name\":\"In\u00edcio\",\"item\":\"https:\/\/www.estrategiaconcursos.com.br\/blog\/\"},{\"@type\":\"ListItem\",\"position\":2,\"name\":\"Resumo do ITCMD para a SEFAZ-AM: Base de c\u00e1lculo e Contribuintes\"}]},{\"@type\":\"WebSite\",\"@id\":\"https:\/\/www.estrategiaconcursos.com.br\/blog\/#website\",\"url\":\"https:\/\/www.estrategiaconcursos.com.br\/blog\/\",\"name\":\"Estrat\u00e9gia Concursos\",\"description\":\"O blog da Estrat\u00e9gia Concursos traz not\u00edcias sobre concursos e artigos de professores oferecendo cursos para concursos (pdf + videaulas) no site.\",\"publisher\":{\"@id\":\"https:\/\/www.estrategiaconcursos.com.br\/blog\/#organization\"},\"potentialAction\":[{\"@type\":\"SearchAction\",\"target\":{\"@type\":\"EntryPoint\",\"urlTemplate\":\"https:\/\/www.estrategiaconcursos.com.br\/blog\/?s={search_term_string}\"},\"query-input\":{\"@type\":\"PropertyValueSpecification\",\"valueRequired\":true,\"valueName\":\"search_term_string\"}}],\"inLanguage\":\"pt-BR\"},{\"@type\":\"Organization\",\"@id\":\"https:\/\/www.estrategiaconcursos.com.br\/blog\/#organization\",\"name\":\"Estrat\u00e9gia Concursos\",\"url\":\"https:\/\/www.estrategiaconcursos.com.br\/blog\/\",\"logo\":{\"@type\":\"ImageObject\",\"inLanguage\":\"pt-BR\",\"@id\":\"https:\/\/www.estrategiaconcursos.com.br\/blog\/#\/schema\/logo\/image\/\",\"url\":\"https:\/\/dhg1h5j42swfq.cloudfront.net\/2025\/06\/03203428\/logo_concursos-1.jpg\",\"contentUrl\":\"https:\/\/dhg1h5j42swfq.cloudfront.net\/2025\/06\/03203428\/logo_concursos-1.jpg\",\"width\":230,\"height\":60,\"caption\":\"Estrat\u00e9gia Concursos\"},\"image\":{\"@id\":\"https:\/\/www.estrategiaconcursos.com.br\/blog\/#\/schema\/logo\/image\/\"},\"sameAs\":[\"https:\/\/x.com\/EstratConcursos\"]},{\"@type\":\"Person\",\"@id\":\"https:\/\/www.estrategiaconcursos.com.br\/blog\/#\/schema\/person\/f0c830e07cfe11c231c0ea5dbb036df5\",\"name\":\"Kassio Henrique Sobral Rocha\",\"image\":{\"@type\":\"ImageObject\",\"inLanguage\":\"pt-BR\",\"@id\":\"https:\/\/secure.gravatar.com\/avatar\/d10350cbdad043facd8ec77a377f86f9026afee3348e463b04854fd4490ce759?s=96&d=mm&r=g\",\"url\":\"https:\/\/secure.gravatar.com\/avatar\/d10350cbdad043facd8ec77a377f86f9026afee3348e463b04854fd4490ce759?s=96&d=mm&r=g\",\"contentUrl\":\"https:\/\/secure.gravatar.com\/avatar\/d10350cbdad043facd8ec77a377f86f9026afee3348e463b04854fd4490ce759?s=96&d=mm&r=g\",\"caption\":\"Kassio Henrique Sobral Rocha\"},\"url\":\"https:\/\/www.estrategiaconcursos.com.br\/blog\/author\/kassio-rochayahoo-com-br\/\"}]}<\/script>\n<!-- \/ Yoast SEO Premium plugin. -->","yoast_head_json":{"title":"Resumo do ITCMD para a SEFAZ-AM: Base de c\u00e1lculo e Contribuintes","description":"Confira aqui uma an\u00e1lise sobre o\u00a0ITCMD,\u00a0mais especificamente sobre as bases de c\u00e1lculo e contribuintes do imposto, para a\u00a0SEFAZ-AM.","robots":{"index":"index","follow":"follow","max-snippet":"max-snippet:-1","max-image-preview":"max-image-preview:large","max-video-preview":"max-video-preview:-1"},"canonical":"https:\/\/www.estrategiaconcursos.com.br\/blog\/itcmd-sefaz-am\/","og_locale":"pt_BR","og_type":"article","og_title":"Resumo do ITCMD para a SEFAZ-AM: Base de c\u00e1lculo e Contribuintes","og_description":"Confira aqui uma an\u00e1lise sobre o\u00a0ITCMD,\u00a0mais especificamente sobre as bases de c\u00e1lculo e contribuintes do imposto, para a\u00a0SEFAZ-AM.","og_url":"https:\/\/www.estrategiaconcursos.com.br\/blog\/itcmd-sefaz-am\/","og_site_name":"Estrat\u00e9gia Concursos","article_published_time":"2022-03-23T11:09:00+00:00","article_modified_time":"2022-04-13T15:15:28+00:00","og_image":[{"width":512,"height":288,"url":"https:\/\/dhg1h5j42swfq.cloudfront.net\/2021\/10\/25165530\/sefaz-am.jpg","type":"image\/jpeg"}],"author":"Kassio Henrique Sobral Rocha","twitter_card":"summary_large_image","twitter_creator":"@EstratConcursos","twitter_site":"@EstratConcursos","twitter_misc":{"Escrito por":"Kassio Henrique Sobral Rocha","Est. tempo de leitura":"9 minutos"},"schema":{"@context":"https:\/\/schema.org","@graph":[{"@type":"NewsArticle","@id":"https:\/\/www.estrategiaconcursos.com.br\/blog\/itcmd-sefaz-am\/#article","isPartOf":{"@id":"https:\/\/www.estrategiaconcursos.com.br\/blog\/itcmd-sefaz-am\/"},"author":{"name":"Kassio Henrique Sobral Rocha","@id":"https:\/\/www.estrategiaconcursos.com.br\/blog\/#\/schema\/person\/f0c830e07cfe11c231c0ea5dbb036df5"},"headline":"Resumo do ITCMD para a SEFAZ-AM: Base de c\u00e1lculo e Contribuintes","datePublished":"2022-03-23T11:09:00+00:00","dateModified":"2022-04-13T15:15:28+00:00","mainEntityOfPage":{"@id":"https:\/\/www.estrategiaconcursos.com.br\/blog\/itcmd-sefaz-am\/"},"wordCount":1739,"commentCount":0,"publisher":{"@id":"https:\/\/www.estrategiaconcursos.com.br\/blog\/#organization"},"image":{"@id":"https:\/\/www.estrategiaconcursos.com.br\/blog\/itcmd-sefaz-am\/#primaryimage"},"thumbnailUrl":"https:\/\/dhg1h5j42swfq.cloudfront.net\/2021\/10\/25165530\/sefaz-am.jpg","articleSection":["Concursos P\u00fablicos","Fiscal - Estadual (ICMS)"],"inLanguage":"pt-BR","potentialAction":[{"@type":"CommentAction","name":"Comment","target":["https:\/\/www.estrategiaconcursos.com.br\/blog\/itcmd-sefaz-am\/#respond"]}],"copyrightYear":"2022","copyrightHolder":{"@id":"https:\/\/www.estrategiaconcursos.com.br\/blog\/#organization"}},{"@type":"WebPage","@id":"https:\/\/www.estrategiaconcursos.com.br\/blog\/itcmd-sefaz-am\/","url":"https:\/\/www.estrategiaconcursos.com.br\/blog\/itcmd-sefaz-am\/","name":"Resumo do ITCMD para a SEFAZ-AM: Base de c\u00e1lculo e Contribuintes","isPartOf":{"@id":"https:\/\/www.estrategiaconcursos.com.br\/blog\/#website"},"primaryImageOfPage":{"@id":"https:\/\/www.estrategiaconcursos.com.br\/blog\/itcmd-sefaz-am\/#primaryimage"},"image":{"@id":"https:\/\/www.estrategiaconcursos.com.br\/blog\/itcmd-sefaz-am\/#primaryimage"},"thumbnailUrl":"https:\/\/dhg1h5j42swfq.cloudfront.net\/2021\/10\/25165530\/sefaz-am.jpg","datePublished":"2022-03-23T11:09:00+00:00","dateModified":"2022-04-13T15:15:28+00:00","description":"Confira aqui uma an\u00e1lise sobre o\u00a0ITCMD,\u00a0mais especificamente sobre as bases de c\u00e1lculo e contribuintes do imposto, para a\u00a0SEFAZ-AM.","breadcrumb":{"@id":"https:\/\/www.estrategiaconcursos.com.br\/blog\/itcmd-sefaz-am\/#breadcrumb"},"inLanguage":"pt-BR","potentialAction":[{"@type":"ReadAction","target":["https:\/\/www.estrategiaconcursos.com.br\/blog\/itcmd-sefaz-am\/"]}]},{"@type":"ImageObject","inLanguage":"pt-BR","@id":"https:\/\/www.estrategiaconcursos.com.br\/blog\/itcmd-sefaz-am\/#primaryimage","url":"https:\/\/dhg1h5j42swfq.cloudfront.net\/2021\/10\/25165530\/sefaz-am.jpg","contentUrl":"https:\/\/dhg1h5j42swfq.cloudfront.net\/2021\/10\/25165530\/sefaz-am.jpg","width":512,"height":288},{"@type":"BreadcrumbList","@id":"https:\/\/www.estrategiaconcursos.com.br\/blog\/itcmd-sefaz-am\/#breadcrumb","itemListElement":[{"@type":"ListItem","position":1,"name":"In\u00edcio","item":"https:\/\/www.estrategiaconcursos.com.br\/blog\/"},{"@type":"ListItem","position":2,"name":"Resumo do ITCMD para a SEFAZ-AM: Base de c\u00e1lculo e Contribuintes"}]},{"@type":"WebSite","@id":"https:\/\/www.estrategiaconcursos.com.br\/blog\/#website","url":"https:\/\/www.estrategiaconcursos.com.br\/blog\/","name":"Estrat\u00e9gia Concursos","description":"O blog da Estrat\u00e9gia Concursos traz not\u00edcias sobre concursos e artigos de professores oferecendo cursos para concursos (pdf + videaulas) no site.","publisher":{"@id":"https:\/\/www.estrategiaconcursos.com.br\/blog\/#organization"},"potentialAction":[{"@type":"SearchAction","target":{"@type":"EntryPoint","urlTemplate":"https:\/\/www.estrategiaconcursos.com.br\/blog\/?s={search_term_string}"},"query-input":{"@type":"PropertyValueSpecification","valueRequired":true,"valueName":"search_term_string"}}],"inLanguage":"pt-BR"},{"@type":"Organization","@id":"https:\/\/www.estrategiaconcursos.com.br\/blog\/#organization","name":"Estrat\u00e9gia Concursos","url":"https:\/\/www.estrategiaconcursos.com.br\/blog\/","logo":{"@type":"ImageObject","inLanguage":"pt-BR","@id":"https:\/\/www.estrategiaconcursos.com.br\/blog\/#\/schema\/logo\/image\/","url":"https:\/\/dhg1h5j42swfq.cloudfront.net\/2025\/06\/03203428\/logo_concursos-1.jpg","contentUrl":"https:\/\/dhg1h5j42swfq.cloudfront.net\/2025\/06\/03203428\/logo_concursos-1.jpg","width":230,"height":60,"caption":"Estrat\u00e9gia Concursos"},"image":{"@id":"https:\/\/www.estrategiaconcursos.com.br\/blog\/#\/schema\/logo\/image\/"},"sameAs":["https:\/\/x.com\/EstratConcursos"]},{"@type":"Person","@id":"https:\/\/www.estrategiaconcursos.com.br\/blog\/#\/schema\/person\/f0c830e07cfe11c231c0ea5dbb036df5","name":"Kassio Henrique Sobral Rocha","image":{"@type":"ImageObject","inLanguage":"pt-BR","@id":"https:\/\/secure.gravatar.com\/avatar\/d10350cbdad043facd8ec77a377f86f9026afee3348e463b04854fd4490ce759?s=96&d=mm&r=g","url":"https:\/\/secure.gravatar.com\/avatar\/d10350cbdad043facd8ec77a377f86f9026afee3348e463b04854fd4490ce759?s=96&d=mm&r=g","contentUrl":"https:\/\/secure.gravatar.com\/avatar\/d10350cbdad043facd8ec77a377f86f9026afee3348e463b04854fd4490ce759?s=96&d=mm&r=g","caption":"Kassio Henrique Sobral Rocha"},"url":"https:\/\/www.estrategiaconcursos.com.br\/blog\/author\/kassio-rochayahoo-com-br\/"}]}},"_links":{"self":[{"href":"https:\/\/www.estrategiaconcursos.com.br\/blog\/wp-json\/wp\/v2\/posts\/986012","targetHints":{"allow":["GET"]}}],"collection":[{"href":"https:\/\/www.estrategiaconcursos.com.br\/blog\/wp-json\/wp\/v2\/posts"}],"about":[{"href":"https:\/\/www.estrategiaconcursos.com.br\/blog\/wp-json\/wp\/v2\/types\/post"}],"author":[{"embeddable":true,"href":"https:\/\/www.estrategiaconcursos.com.br\/blog\/wp-json\/wp\/v2\/users\/1976"}],"replies":[{"embeddable":true,"href":"https:\/\/www.estrategiaconcursos.com.br\/blog\/wp-json\/wp\/v2\/comments?post=986012"}],"version-history":[{"count":14,"href":"https:\/\/www.estrategiaconcursos.com.br\/blog\/wp-json\/wp\/v2\/posts\/986012\/revisions"}],"predecessor-version":[{"id":1008297,"href":"https:\/\/www.estrategiaconcursos.com.br\/blog\/wp-json\/wp\/v2\/posts\/986012\/revisions\/1008297"}],"wp:featuredmedia":[{"embeddable":true,"href":"https:\/\/www.estrategiaconcursos.com.br\/blog\/wp-json\/wp\/v2\/media\/892731"}],"wp:attachment":[{"href":"https:\/\/www.estrategiaconcursos.com.br\/blog\/wp-json\/wp\/v2\/media?parent=986012"}],"wp:term":[{"taxonomy":"category","embeddable":true,"href":"https:\/\/www.estrategiaconcursos.com.br\/blog\/wp-json\/wp\/v2\/categories?post=986012"},{"taxonomy":"post_tag","embeddable":true,"href":"https:\/\/www.estrategiaconcursos.com.br\/blog\/wp-json\/wp\/v2\/tags?post=986012"},{"taxonomy":"tax_estado","embeddable":true,"href":"https:\/\/www.estrategiaconcursos.com.br\/blog\/wp-json\/wp\/v2\/tax_estado?post=986012"}],"curies":[{"name":"wp","href":"https:\/\/api.w.org\/{rel}","templated":true}]}}