{"id":985993,"date":"2022-03-26T14:01:00","date_gmt":"2022-03-26T17:01:00","guid":{"rendered":"https:\/\/www.estrategiaconcursos.com.br\/blog\/?p=985993"},"modified":"2022-04-13T12:15:13","modified_gmt":"2022-04-13T15:15:13","slug":"itcmd-sefaz-am-incidencia","status":"publish","type":"post","link":"https:\/\/www.estrategiaconcursos.com.br\/blog\/itcmd-sefaz-am-incidencia\/","title":{"rendered":"Resumo do ITCMD para a SEFAZ-AM: Incid\u00eancia e N\u00e3o incid\u00eancia"},"content":{"rendered":"\n<p>Confira neste artigo uma an\u00e1lise sobre o <strong>ITCMD <\/strong>(Imposto sobre a Transmiss\u00e3o &#8220;causa mortis&#8221; e Doa\u00e7\u00e3o),&nbsp;mais especificamente sobre a<strong> incid\u00eancia e a n\u00e3o-incid\u00eancia <\/strong>do imposto, presente no C\u00f3digo Tribut\u00e1rio do Estado do Amazonas (CTE), para o concurso da&nbsp;<strong><a href=\"https:\/\/www.estrategiaconcursos.com.br\/cursosPorConcurso\/sefaz-am-247\/\" target=\"_blank\" rel=\"noreferrer noopener\">SEFAZ-AM<\/a><\/strong>.<\/p>\n\n\n\n<div class=\"wp-block-image\"><figure class=\"aligncenter size-full is-resized\"><img loading=\"lazy\" decoding=\"async\" src=\"https:\/\/dhg1h5j42swfq.cloudfront.net\/2021\/04\/03153919\/sefaz-am.jpg\" alt=\"Resumo do ITCMD para a SEFAZ-AM: Incid\u00eancia e N\u00e3o-incid\u00eancia\" class=\"wp-image-729964\" width=\"529\" height=\"298\" srcset=\"https:\/\/dhg1h5j42swfq.cloudfront.net\/2021\/04\/03153919\/sefaz-am.jpg 768w, https:\/\/dhg1h5j42swfq.cloudfront.net\/2021\/04\/03153919\/sefaz-am-300x169.jpg 300w, https:\/\/dhg1h5j42swfq.cloudfront.net\/2021\/04\/03153919\/sefaz-am-610x343.jpg 610w\" sizes=\"auto, (max-width: 529px) 100vw, 529px\" \/><figcaption>Resumo do ITCMD para a SEFAZ-AM: Incid\u00eancia e N\u00e3o-incid\u00eancia<\/figcaption><\/figure><\/div>\n\n\n\n<p>Ol\u00e1, pessoal! Tudo bem com voc\u00eas?<\/p>\n\n\n\n<p>O concurso da&nbsp;<strong><a href=\"https:\/\/www.estrategiaconcursos.com.br\/blog\/concurso-sefaz-am\/\" target=\"_blank\" rel=\"noreferrer noopener\">SEFAZ-AM<\/a><\/strong>&nbsp;(Secretaria da Fazenda do Estado do Amazonas) est\u00e1 com o seu edital publicado.<\/p>\n\n\n\n<p>H\u00e1 vagas para diversos cargos, inclusive para o de&nbsp;<strong>Auditor Fiscal de Tributos Estaduais<\/strong>, com uma impressionante remunera\u00e7\u00e3o inicial de&nbsp;<strong>R$ 23.548,96<\/strong>. Nada mal, n\u00e3o \u00e9 mesmo?<\/p>\n\n\n\n<p>Assim, iremos realizar diversos resumos sobre a <strong><mark style=\"background-color:rgba(0, 0, 0, 0)\" class=\"has-inline-color has-vivid-cyan-blue-color\">Legisla\u00e7\u00e3o Tribut\u00e1ria Espec\u00edfica<\/mark><\/strong> do Amazonas, sendo que o nosso artigo de hoje \u00e9 sobre o <strong><mark style=\"background-color:rgba(0, 0, 0, 0)\" class=\"has-inline-color has-vivid-cyan-blue-color\">ITCMD<\/mark><\/strong>, presente no C\u00f3digo Tribut\u00e1rio do Amazonas,&nbsp;para o concurso da SEFAZ-AM.<\/p>\n\n\n\n<p>Como esta lei \u00e9 um pouco extensa, iremos distribuir a nossa an\u00e1lise em dois artigos, sendo o primeiro sobre a <strong><\/strong><strong>incid\u00eancia e a n\u00e3o-incid\u00eancia <\/strong>do ITCMD, para a SEFAZ-AM.<\/p>\n\n\n\n<p>Vamos l\u00e1?<\/p>\n\n\n\n<div class=\"container\" id=\"boxes\">\n  <div class=\"row\">\n\n    <div class=\"col-sm\">\n      <div class=\"banner-fiscal-01\" id=\"box-assinatura\">\n        <h3 class=\"titulo-assinatura\">Concurso Sefaz AM<\/h3>\n        <p class=\"subtitulo-assinatura\">Cursos para todos os cargos<\/p>\n        <div class=\"box-botao\">\n          <a class=\"btn-assinatura\" target=\"_blank\" href=\"https:\/\/www.estrategiaconcursos.com.br\/cursosPorConcurso\/sefaz-am-247\/\" role=\"button\" rel=\"noopener noreferrer\">Conhe\u00e7a mais<\/a>\n        <\/div>\n      <\/div>\n    \n    <\/div>\n\n  <\/div>\n<\/div>\n\n\n\n<h2 class=\"wp-block-heading\" id=\"h-incidencia-do-itcmd-para-a-sefaz-am\"><mark style=\"background-color:rgba(0, 0, 0, 0)\" class=\"has-inline-color has-vivid-cyan-blue-color\">Incid\u00eancia do ITCMD para a SEFAZ-AM<\/mark><\/h2>\n\n\n\n<p>O <strong>ITCMD <\/strong>(Imposto sobre Transmiss\u00e3o \u201cCausa Mortis\u201d e Doa\u00e7\u00e3o) \u00e9 um importante&nbsp;<strong>imposto estadual<\/strong>, o qual tem como fato gerador:<\/p>\n\n\n\n<ul class=\"wp-block-list\"><li>a <strong>transmiss\u00e3o <mark style=\"background-color:rgba(0, 0, 0, 0)\" class=\"has-inline-color has-vivid-cyan-blue-color\">&#8220;causa mortis&#8221;<\/mark><\/strong> ou por <strong><mark style=\"background-color:rgba(0, 0, 0, 0)\" class=\"has-inline-color has-vivid-cyan-blue-color\">doa\u00e7\u00e3o <\/mark><\/strong>de direitos e da propriedade, posse ou dom\u00ednio de bens <strong>m\u00f3veis <\/strong>ou <strong>im\u00f3veis<\/strong>;<\/li><li>a<strong> institui\u00e7\u00e3o ou transmiss\u00e3o<\/strong>, por uma das modalidades previstas acima, de <strong>direitos reais <\/strong>sobre quaisquer bens;<\/li><li>a <strong>cess\u00e3o<\/strong>, a <strong>desist\u00eancia<\/strong> ou <strong>ren\u00fancia<\/strong>, por ato gratuito, de <strong>direitos <\/strong>relativos \u00e0s transmiss\u00f5es referidas acima.<\/li><\/ul>\n\n\n\n<p><strong><mark style=\"background-color:rgba(0, 0, 0, 0)\" class=\"has-inline-color has-vivid-red-color\">PARA FIXAR:<\/mark><\/strong>&nbsp;O ITCMD incide na transmiss\u00e3o tanto de bens&nbsp;<strong><mark style=\"background-color:rgba(0, 0, 0, 0)\" class=\"has-inline-color has-vivid-cyan-blue-color\">im\u00f3veis&nbsp;<\/mark><\/strong>quanto de bens&nbsp;<strong><mark style=\"background-color:rgba(0, 0, 0, 0)\" class=\"has-inline-color has-vivid-cyan-blue-color\">m\u00f3veis<\/mark><\/strong>.<\/p>\n\n\n\n<p>Realizando um comparativo entre o ITCMD e o ITBI, enquanto o imposto municipal incide sobre a transmiss\u00e3o&nbsp;<strong>onerosa&nbsp;<\/strong>de bens&nbsp;<strong>im\u00f3veis&nbsp;<\/strong>e direitos entre&nbsp;<strong>pessoas vivas<\/strong>, o&nbsp;<strong>ITCMD&nbsp;<\/strong>incide sobre a&nbsp;<strong>transmiss\u00e3o&nbsp;<\/strong>de bens e direitos nas demais situa\u00e7\u00f5es, ou seja, pela&nbsp;<strong>causa mortis (situa\u00e7\u00e3o de morte)<\/strong>, caracterizada pela&nbsp;<strong>sucess\u00e3o<\/strong>, e nas transmiss\u00f5es&nbsp;<strong>gratuitas<\/strong>, caracterizadas pelas&nbsp;<strong>doa\u00e7\u00f5es<\/strong>, seja de bens <strong>m\u00f3veis <\/strong>ou <strong>im\u00f3veis.<\/strong><\/p>\n\n\n\n<p>\u00c9 importante salientar que, nas transmiss\u00f5es &#8220;causa mortis&#8221; e nas doa\u00e7\u00f5es, ocorrem tantos fatos geradores distintos quantos forem os herdeiros, legat\u00e1rios ou donat\u00e1rios.<\/p>\n\n\n\n<p>Em outras palavras, caso haja<strong> dois herdeiros<\/strong> de uma heran\u00e7a, por exemplo, haver\u00e1 a ocorr\u00eancia de <strong>dois fatos <\/strong>geradores do ITCMD.<\/p>\n\n\n\n<p>O C\u00f3digo Tribut\u00e1rio do Amazonas trouxe <strong><mark style=\"background-color:rgba(0, 0, 0, 0)\" class=\"has-inline-color has-vivid-cyan-blue-color\">outras situa\u00e7\u00f5es<\/mark><\/strong> em que haver\u00e1 a <strong>ocorr\u00eancia do ITCMD<\/strong>, sendo elas a:<\/p>\n\n\n\n<ul class=\"wp-block-list\"><li><strong>Incorpora\u00e7\u00e3o<\/strong> de bem m\u00f3vel ou im\u00f3vel ao <strong>patrim\u00f4nio<\/strong> de pessoa f\u00edsica ou jur\u00eddica em decorr\u00eancia de transmiss\u00e3o causa mortis ou doa\u00e7\u00e3o;<\/li><li><strong>Transfer\u00eancia gratuita<\/strong> de bens ou direitos do <strong>patrim\u00f4nio<\/strong> de pessoa jur\u00eddica para o de qualquer dos seus s\u00f3cios, acionistas ou dos respectivos sucessores;<\/li><li>Institui\u00e7\u00e3o de <strong>usufruto<\/strong> vital\u00edcio ou tempor\u00e1rio;<\/li><li><strong>Partilha<\/strong> efetuada em virtude de falecimento ou separa\u00e7\u00e3o judicial, quando o c\u00f4njuge ou herdeiro receber, dos bens em objeto, <strong>quota-parte<\/strong> cujo valor seja <strong>maior<\/strong> do que o valor de sua mea\u00e7\u00e3o ou leg\u00edtima da totalidade dos bens arrolados;<\/li><li><strong>Divis\u00e3o <\/strong>por <strong>extin\u00e7\u00e3o <\/strong>do <strong>condom\u00ednio<\/strong>, quando for recebida por qualquer cond\u00f4mino, <strong>quota-parte<\/strong> material cujo valor seja <strong>maior <\/strong>do que o da sua quota-parte ideal;<\/li><li><strong>Cess\u00e3o <\/strong>de direito do arrematante ou adjudicante, <strong>depois <\/strong>de assinado o auto de arremata\u00e7\u00e3o ou adjudica\u00e7\u00e3o;<\/li><li>Heran\u00e7a ou legado mesmo no caso de <strong>sucess\u00e3o provis\u00f3ria<\/strong>;<\/li><li><strong>Cess\u00e3o <\/strong>de <strong>promessa de venda<\/strong> ou cess\u00e3o de promessa de cess\u00e3o, mesmo quando se tiver atribu\u00eddo ao promitente comprador ou ao promitente cession\u00e1rio o direito de indicar terceiro para receber a escritura decorrente da promessa;<\/li><li><strong>Cess\u00e3o <\/strong>do direito de <strong>op\u00e7\u00e3o de venda<\/strong> de bens desde que o optante tenha direito a diferen\u00e7a de pre\u00e7o e n\u00e3o simplesmente a comiss\u00e3o;<\/li><li><strong>Transfer\u00eancia<\/strong>, ainda que por desist\u00eancia ou ren\u00fancia, de <strong>direito <\/strong>e a\u00e7\u00e3o a <strong>legado <\/strong>ou a <strong>heran\u00e7a <\/strong>cuja sucess\u00e3o seja aberta no Estado;<\/li><li><strong>Cess\u00e3o <\/strong>de <strong>direito <\/strong>e a\u00e7\u00e3o que tenha por objeto bem <strong>m\u00f3vel <\/strong>ou <strong>im\u00f3vel <\/strong>situado no Estado.<\/li><\/ul>\n\n\n\n<p>Poder\u00e1 haver situa\u00e7\u00f5es em que o herdeiro <strong><mark style=\"background-color:rgba(0, 0, 0, 0)\" class=\"has-inline-color has-vivid-cyan-blue-color\">desista ou renuncie \u00e0 heran\u00e7a<\/mark><\/strong>. Assim, o que ocorrer\u00e1 nessa situa\u00e7\u00e3o? Ainda incidir\u00e1 o ITCMD?<\/p>\n\n\n\n<p>Bom, caso isso aconte\u00e7a, poder\u00e1 n\u00e3o ser considerada ocorrida a transfer\u00eancia de direito, <strong>n\u00e3o havendo<\/strong>, assim, a <strong>incid\u00eancia <\/strong>do imposto.<\/p>\n\n\n\n<p>Mas isso apenas acontecer\u00e1 quando, cumulativamente, a <strong>desist\u00eancia <\/strong>for feita <strong>sem ressalva<\/strong>, em benef\u00edcio do <strong>monte<\/strong>; quando <strong>n\u00e3o <\/strong>tenha o desistente ou renunciante praticado qualquer ato que revele <strong>inten\u00e7\u00e3o <\/strong>de aceitar a heran\u00e7a ou legado; e quando efetuada dentro de <strong>60 dias <\/strong>contados da data do falecimento do de cujus.<\/p>\n\n\n\n<h2 class=\"wp-block-heading\" id=\"h-local-de-ocorrencia-do-fato-gerador-do-itcmd\"><mark style=\"background-color:rgba(0, 0, 0, 0)\" class=\"has-inline-color has-vivid-cyan-blue-color\">Local de ocorr\u00eancia do fato gerador do ITCMD<\/mark><\/h2>\n\n\n\n<p>Quando o imposto ser\u00e1 <strong>devido <\/strong>ao estado do <strong>Amazonas<\/strong>?<\/p>\n\n\n\n<p>Para responder a essa pergunta, \u00e9 importante identificar o local de ocorr\u00eancia do fato gerador do ITCMD.<\/p>\n\n\n\n<p>Desse modo, ele ser\u00e1 considerado ocorrido no Amazonas, sendo o imposto devido a este estado:<\/p>\n\n\n\n<ul class=\"wp-block-list\"><li>Em rela\u00e7\u00e3o a <strong><mark style=\"background-color:rgba(0, 0, 0, 0)\" class=\"has-inline-color has-vivid-cyan-blue-color\">bens im\u00f3veis<\/mark><\/strong>: quando eles estiverem <strong>situados <\/strong>no territ\u00f3rio do <strong>Amazonas<\/strong>;<\/li><li>Em rela\u00e7\u00e3o a <strong><mark style=\"background-color:rgba(0, 0, 0, 0)\" class=\"has-inline-color has-vivid-cyan-blue-color\">outros bens e direitos<\/mark><\/strong>, quando o<strong> invent\u00e1rio ou arrolamento<\/strong> se <strong>processar <\/strong>no Amazonas; ou quando o <strong>doador <\/strong>for <strong>domiciliado <\/strong>neste Estado.<\/li><\/ul>\n\n\n\n<p>Al\u00e9m disso, de acordo com o CTE, o ITCMD tamb\u00e9m ser\u00e1 devido ao estado do Amazonas quando o <strong>doador <\/strong>tiver <strong>domic\u00edlio<\/strong> ou <strong>resid\u00eancia <\/strong>no <strong>exterior<\/strong>; bem como quando o <strong>&#8220;de cujus&#8221;<\/strong> possu\u00eda bens, era <strong>residente <\/strong>ou domiciliado ou teve seu <strong>invent\u00e1rio processado <\/strong>no <strong>exterior<\/strong>.<\/p>\n\n\n\n<h2 class=\"wp-block-heading\" id=\"h-nao-incidencia-do-itcmd\"><mark style=\"background-color:rgba(0, 0, 0, 0)\" class=\"has-inline-color has-vivid-cyan-blue-color\">N\u00e3o incid\u00eancia do ITCMD<\/mark><\/h2>\n\n\n\n<p>H\u00e1 algumas situa\u00e7\u00f5es em que <strong>n\u00e3o haver\u00e1 a incid\u00eancia<\/strong> do <strong>ITCMD<\/strong>, n\u00e3o ocorrendo, assim, o fato gerador do imposto.<\/p>\n\n\n\n<p>A Constitui\u00e7\u00e3o Federal disp\u00f4s expressamente sobre algumas hip\u00f3teses em que&nbsp;<strong>n\u00e3o incidir\u00e1<\/strong>&nbsp;a cobran\u00e7a de&nbsp;<strong>nenhum imposto<\/strong>. Tais situa\u00e7\u00f5es s\u00e3o conhecidas como&nbsp;<strong>imunidades<\/strong> <strong>tribut\u00e1rias<\/strong>.<\/p>\n\n\n\n<p>Desse modo, o CTE do Amazonas replicou alguns desses casos de imunidade.<\/p>\n\n\n\n<p>Assim,&nbsp;<strong><mark style=\"background-color:rgba(0, 0, 0, 0)\" class=\"has-inline-color has-vivid-cyan-blue-color\">n\u00e3o haver\u00e1 a incid\u00eancia<\/mark><\/strong>&nbsp;do ITCMD nas&nbsp;<strong>transmiss\u00f5es&nbsp;<\/strong>\u201ccausa mortis\u201d e nas doa\u00e7\u00f5es de quaisquer bens ou direitos&nbsp;<strong>ao patrim\u00f4nio<\/strong>:<\/p>\n\n\n\n<ul class=\"wp-block-list\"><li>da <strong>Uni\u00e3o<\/strong>, dos <strong>Estados <\/strong>e dos <strong>Munic\u00edpios<\/strong>, inclusive autarquias e funda\u00e7\u00f5es mantidas pelo Poder P\u00fablico, desde que os bens e os direitos estejam vinculados \u00e0s suas finalidades essenciais;<\/li><li>de <strong>templos<\/strong> de qualquer culto, desde que os bens e os direitos estejam relacionados com as suas finalidades essenciais;<\/li><li>de <strong>partidos <\/strong>pol\u00edticos, de entidades <strong>sindicais <\/strong>de trabalhadores, de institui\u00e7\u00f5es de <strong>educa\u00e7\u00e3o <\/strong>e de <strong>assist\u00eancia social<\/strong>, sem fins lucrativos.<\/li><\/ul>\n\n\n\n<p>Al\u00e9m disso, tamb\u00e9m n\u00e3o incidir\u00e1 imposto na cess\u00e3o de direitos, quando o <strong>cedente <\/strong>for alguma das pessoas acima.<\/p>\n\n\n\n<p>Por fim, tamb\u00e9m n\u00e3o incidir\u00e1 o ITCMD nas <strong>doa\u00e7\u00f5es <\/strong>de bem <strong>m\u00f3vel <\/strong>quando constituir fato gerador do <strong>ICMS<\/strong>.<\/p>\n\n\n\n<h2 class=\"wp-block-heading\" id=\"h-isencao-do-itcmd-para-a-sefaz-am\"><mark style=\"background-color:rgba(0, 0, 0, 0)\" class=\"has-inline-color has-vivid-cyan-blue-color\">Isen\u00e7\u00e3o do ITCMD para a SEFAZ-AM<\/mark><\/h2>\n\n\n\n<p>Em rela\u00e7\u00e3o \u00e0s isen\u00e7\u00f5es, <strong>diferentemente <\/strong>dos casos de <strong>n\u00e3o incid\u00eancia<\/strong> citados anteriormente, h\u00e1 a&nbsp;<strong>ocorr\u00eancia do fato gerador<\/strong>&nbsp;e, consequentemente, da obriga\u00e7\u00e3o tribut\u00e1ria.<\/p>\n\n\n\n<p>Por\u00e9m, o poder p\u00fablico, por meio de lei, decide por n\u00e3o realizar a cobran\u00e7a do imposto do sujeito passivo,&nbsp;<strong>dispensando-o do pagamento.<\/strong><\/p>\n\n\n\n<p>Desse modo, <strong><mark style=\"background-color:rgba(0, 0, 0, 0)\" class=\"has-inline-color has-vivid-cyan-blue-color\">s\u00e3o&nbsp;isentos&nbsp;<\/mark><\/strong>do ITCMD no Amazonas:<\/p>\n\n\n\n<ul class=\"wp-block-list\"><li>Os atos que fazem <strong>cessar <\/strong>entre os propriet\u00e1rios a <strong>indivisibilidade <\/strong>dos bens comuns;<\/li><li>Os <strong>frutos<\/strong> e <strong>rendimentos <\/strong>acrescidos \u00e0 <strong>heran\u00e7a <\/strong>ap\u00f3s a abertura da sucess\u00e3o, <strong>exceto <\/strong>aqueles decorrentes de <strong>contrato <\/strong>com institui\u00e7\u00f5es financeiras cujo in\u00edcio se d\u00ea antes da abertura da sucess\u00e3o e esteja sujeito a termo que ocorra ap\u00f3s a morte do autor da heran\u00e7a.<\/li><\/ul>\n\n\n\n<p>Em rela\u00e7\u00e3o \u00e0 <strong>transfer\u00eancia \u201ccausa mortis\u201d<\/strong>, h\u00e1 isen\u00e7\u00e3o do imposto em rela\u00e7\u00e3o \u00e0 transfer\u00eancia de:<\/p>\n\n\n\n<ul class=\"wp-block-list\"><li><strong>im\u00f3vel <\/strong>cujo valor n\u00e3o ultrapasse <strong>R$ 100.000,00<\/strong> e o beneficiado n\u00e3o possua outro im\u00f3vel;<\/li><li>roupa e utens\u00edlio agr\u00edcola de uso manual, bem como m\u00f3vel e aparelho de <strong>uso dom\u00e9stico<\/strong> que guarne\u00e7am as resid\u00eancias familiares.<\/li><\/ul>\n\n\n\n<p>Na situa\u00e7\u00e3o acima, em rela\u00e7\u00e3o aos bens im\u00f3veis, aplica-se a isen\u00e7\u00e3o ainda que haja transmiss\u00e3o de mais de um bem, desde que a soma dos valores desses im\u00f3veis n\u00e3o ultrapasse R$ 100.000,00.<\/p>\n\n\n\n<p>Por sua vez, considerando as <strong>transmiss\u00f5es por doa\u00e7\u00e3o<\/strong>, haver\u00e1 a isen\u00e7\u00e3o quando elas forem realizadas a:<\/p>\n\n\n\n<ul class=\"wp-block-list\"><li>a <strong>Estado estrangeiro<\/strong>, de im\u00f3vel exclusivamente destinado a uso de sua miss\u00e3o diplom\u00e1tica ou consular;<\/li><li>de bem im\u00f3vel doado pelo Poder P\u00fablico a particular no \u00e2mbito de <strong>programa habitacional <\/strong>destinado a pessoas de baixa renda, para implantar pol\u00edticas de reforma agr\u00e1ria, de moradia ou decorrentes de calamidade p\u00fablica;&nbsp;<\/li><li>de roupa, utens\u00edlio agr\u00edcola<strong> <\/strong>de uso manual, m\u00f3vel e aparelho de <strong>uso dom\u00e9stico<\/strong> que guarne\u00e7am as resid\u00eancias familiares.<\/li><\/ul>\n\n\n\n<p>Por fim, h\u00e1 isen\u00e7\u00e3o do ITCMD em rela\u00e7\u00e3o \u00e0s <strong>transmiss\u00f5es <\/strong>cujo tributo tenha valor <strong>inferior a R$50,00<\/strong>.<\/p>\n\n\n\n<p><strong><mark style=\"background-color:rgba(0, 0, 0, 0)\" class=\"has-inline-color has-vivid-red-color\">FIQUE ATENTO:<\/mark><\/strong><mark style=\"background-color:rgba(0, 0, 0, 0)\" class=\"has-inline-color has-vivid-cyan-blue-color\"> <\/mark>Em rela\u00e7\u00e3o \u00e0s isen\u00e7\u00f5es sobre bens <strong><mark style=\"background-color:rgba(0, 0, 0, 0)\" class=\"has-inline-color has-vivid-cyan-blue-color\">m\u00f3veis<\/mark><\/strong>, <strong>n\u00e3o <\/strong>se incluem no seu conceito as <strong>obras de arte<\/strong> sujeitas \u00e0 declara\u00e7\u00e3o para fins do Imposto sobre Renda, ou que sejam cobertas por seguro de contrato espec\u00edfico, desde que guarne\u00e7am a resid\u00eancia familiar.<\/p>\n\n\n\n<h2 class=\"wp-block-heading\" id=\"h-finalizando\"><mark style=\"background-color:rgba(0, 0, 0, 0)\" class=\"has-inline-color has-vivid-cyan-blue-color\">Finalizando<\/mark><\/h2>\n\n\n\n<p>Pessoal! Chegamos ao final do nosso primeiro artigo sobre o ITCMD, para a SEFAZ-AM, mais especificamente sobre a incid\u00eancia e a n\u00e3o-incid\u00eancia do imposto. Esperamos que tenham gostado.<\/p>\n\n\n\n<p>Para a sua aprova\u00e7\u00e3o, \u00e9 extremamente&nbsp;<strong>importante&nbsp;<\/strong>a<strong>&nbsp;leitura da lei&nbsp;<\/strong>citada aqui. Esse artigo \u00e9 apenas uma an\u00e1lise mais simplificada dessa norma.<\/p>\n\n\n\n<p>Caso queira se preparar para chegar&nbsp;<strong>competitivo&nbsp;<\/strong>nesta prova, invista nos&nbsp;<strong><a href=\"https:\/\/www.estrategiaconcursos.com.br\/cursosPorConcurso\/sefaz-am-247\/\" target=\"_blank\" rel=\"noreferrer noopener\">cursos para a SEFAZ AM<\/a><\/strong>&nbsp;do&nbsp;<strong>Estrat\u00e9gia Concursos<\/strong>.&nbsp;<\/p>\n\n\n\n<p>L\u00e1 voc\u00ea encontrar\u00e1&nbsp;<strong>aulas completas e detalhadas, com os melhores professores do mercado<\/strong>,&nbsp;de todos os t\u00f3picos exigidos no edital deste concurso.<\/p>\n\n\n\n<p>Conhe\u00e7a tamb\u00e9m o\u00a0<strong><a href=\"https:\/\/questoes.estrategiaconcursos.com.br\/\" target=\"_blank\" rel=\"noreferrer noopener\">Sistema de Quest\u00f5es do Estrat\u00e9gia<\/a>.<\/strong> Afinal, a \u00fanica maneira de\u00a0<strong>consolidar o conte\u00fado\u00a0<\/strong>de maneira satisfat\u00f3ria \u00e9 atrav\u00e9s da\u00a0<strong>resolu\u00e7\u00e3o de quest\u00f5es.<\/strong>\u00a0<\/p>\n\n\n\n<p>Bons estudos a todos e at\u00e9 a pr\u00f3xima!<\/p>\n\n\n\n<h2 class=\"has-text-align-center wp-block-heading\" id=\"h-cursos-e-assinaturas\">Cursos e Assinaturas <\/h2>\n\n\n\n<p>Prepare-se com o melhor material e com quem mais aprova em Concursos P\u00fablicos em todo o pa\u00eds!<\/p>\n\n\n\n<p class=\"has-text-align-center has-white-color has-vivid-purple-background-color has-text-color has-background\"><a href=\"https:\/\/www.estrategiaconcursos.com.br\/blog\/concursos-abertos\/\" target=\"_blank\" rel=\"noreferrer noopener\"><strong><span class=\"has-inline-color has-white-color\">Concursos abertos<\/span><\/strong><\/a><\/p>\n\n\n\n<p class=\"has-text-align-center has-white-color has-vivid-purple-background-color has-text-color has-background\"><strong><a href=\"https:\/\/www.estrategiaconcursos.com.br\/blog\/concursos-2022\/\" target=\"_blank\" rel=\"noreferrer noopener\"><span class=\"has-inline-color has-white-color\">Concursos 2022<\/span><\/a><\/strong><\/p>\n\n\n\n<div class=\"container\" id=\"boxes\">\n  <div class=\"row\">\n    <div class=\"col-sm\">\n      <div class=\"estrategia\" id=\"box-assinatura\">\n        <h3 class=\"titulo-assinatura\">Assinatura de Concursos<\/h3>\n        <p class=\"subtitulo-assinatura\">Assinatura de 1 ano ou 2 anos<\/p>\n        <div class=\"box-botao\">\n          <a class=\"btn-assinatura\" target=\"_blank\" href=\"https:\/\/www.estrategiaconcursos.com.br\/assinaturas\/\" role=\"button\" rel=\"noopener noreferrer\">ASSINE AGORA<\/a>\n        <\/div>\n      <\/div>\n      \n    <\/div><\/div><\/div>\n","protected":false},"excerpt":{"rendered":"<p>Confira neste artigo uma an\u00e1lise sobre o ITCMD (Imposto sobre a Transmiss\u00e3o &#8220;causa mortis&#8221; e Doa\u00e7\u00e3o),&nbsp;mais especificamente sobre a incid\u00eancia e a n\u00e3o-incid\u00eancia do imposto, presente no C\u00f3digo Tribut\u00e1rio do Estado do Amazonas (CTE), para o concurso da&nbsp;SEFAZ-AM. Ol\u00e1, pessoal! Tudo bem com voc\u00eas? O concurso da&nbsp;SEFAZ-AM&nbsp;(Secretaria da Fazenda do Estado do Amazonas) est\u00e1 com [&hellip;]<\/p>\n","protected":false},"author":1976,"featured_media":729964,"comment_status":"open","ping_status":"closed","sticky":false,"template":"","format":"standard","meta":{"post_tipo":"article","footnotes":""},"categories":[1,1983],"tags":[],"tax_estado":[219966],"class_list":["post-985993","post","type-post","status-publish","format-standard","has-post-thumbnail","hentry","category-cursos-e-concursos","category-fiscal-estadual","tax_estado-am"],"acf":[],"yoast_head":"<!-- This site is optimized with the Yoast SEO Premium plugin v27.2 (Yoast SEO v27.2) - https:\/\/yoast.com\/product\/yoast-seo-premium-wordpress\/ -->\n<title>Resumo do ITCMD para a SEFAZ-AM: Incid\u00eancia e N\u00e3o incid\u00eancia<\/title>\n<meta name=\"description\" content=\"Confira aqui uma an\u00e1lise sobre o ITCMD,\u00a0mais especificamente sobre a incid\u00eancia e a n\u00e3o-incid\u00eancia do imposto, para o concurso da\u00a0SEFAZ-AM.\" \/>\n<meta name=\"robots\" content=\"index, follow, max-snippet:-1, max-image-preview:large, max-video-preview:-1\" \/>\n<link rel=\"canonical\" href=\"https:\/\/www.estrategiaconcursos.com.br\/blog\/itcmd-sefaz-am-incidencia\/\" \/>\n<meta property=\"og:locale\" content=\"pt_BR\" \/>\n<meta property=\"og:type\" content=\"article\" \/>\n<meta property=\"og:title\" content=\"Resumo do ITCMD para a SEFAZ-AM: Incid\u00eancia e N\u00e3o incid\u00eancia\" \/>\n<meta property=\"og:description\" content=\"Confira aqui uma an\u00e1lise sobre o ITCMD,\u00a0mais especificamente sobre a incid\u00eancia e a n\u00e3o-incid\u00eancia do imposto, para o concurso da\u00a0SEFAZ-AM.\" \/>\n<meta property=\"og:url\" content=\"https:\/\/www.estrategiaconcursos.com.br\/blog\/itcmd-sefaz-am-incidencia\/\" \/>\n<meta property=\"og:site_name\" content=\"Estrat\u00e9gia Concursos\" \/>\n<meta property=\"article:published_time\" content=\"2022-03-26T17:01:00+00:00\" \/>\n<meta property=\"article:modified_time\" content=\"2022-04-13T15:15:13+00:00\" \/>\n<meta property=\"og:image\" content=\"https:\/\/dhg1h5j42swfq.cloudfront.net\/2021\/04\/03153919\/sefaz-am.jpg\" \/>\n\t<meta property=\"og:image:width\" content=\"768\" \/>\n\t<meta property=\"og:image:height\" content=\"432\" \/>\n\t<meta property=\"og:image:type\" content=\"image\/jpeg\" \/>\n<meta name=\"author\" content=\"Kassio Henrique Sobral Rocha\" \/>\n<meta name=\"twitter:card\" content=\"summary_large_image\" \/>\n<meta name=\"twitter:creator\" content=\"@EstratConcursos\" \/>\n<meta name=\"twitter:site\" content=\"@EstratConcursos\" \/>\n<meta name=\"twitter:label1\" content=\"Escrito por\" \/>\n\t<meta name=\"twitter:data1\" content=\"Kassio Henrique Sobral Rocha\" \/>\n\t<meta name=\"twitter:label2\" content=\"Est. tempo de leitura\" \/>\n\t<meta name=\"twitter:data2\" content=\"9 minutos\" \/>\n<script type=\"application\/ld+json\" class=\"yoast-schema-graph\">{\"@context\":\"https:\/\/schema.org\",\"@graph\":[{\"@type\":\"NewsArticle\",\"@id\":\"https:\/\/www.estrategiaconcursos.com.br\/blog\/itcmd-sefaz-am-incidencia\/#article\",\"isPartOf\":{\"@id\":\"https:\/\/www.estrategiaconcursos.com.br\/blog\/itcmd-sefaz-am-incidencia\/\"},\"author\":{\"name\":\"Kassio Henrique Sobral Rocha\",\"@id\":\"https:\/\/www.estrategiaconcursos.com.br\/blog\/#\/schema\/person\/f0c830e07cfe11c231c0ea5dbb036df5\"},\"headline\":\"Resumo do ITCMD para a SEFAZ-AM: Incid\u00eancia e N\u00e3o incid\u00eancia\",\"datePublished\":\"2022-03-26T17:01:00+00:00\",\"dateModified\":\"2022-04-13T15:15:13+00:00\",\"mainEntityOfPage\":{\"@id\":\"https:\/\/www.estrategiaconcursos.com.br\/blog\/itcmd-sefaz-am-incidencia\/\"},\"wordCount\":1838,\"commentCount\":0,\"publisher\":{\"@id\":\"https:\/\/www.estrategiaconcursos.com.br\/blog\/#organization\"},\"image\":{\"@id\":\"https:\/\/www.estrategiaconcursos.com.br\/blog\/itcmd-sefaz-am-incidencia\/#primaryimage\"},\"thumbnailUrl\":\"https:\/\/dhg1h5j42swfq.cloudfront.net\/2021\/04\/03153919\/sefaz-am.jpg\",\"articleSection\":[\"Concursos P\u00fablicos\",\"Fiscal - Estadual (ICMS)\"],\"inLanguage\":\"pt-BR\",\"potentialAction\":[{\"@type\":\"CommentAction\",\"name\":\"Comment\",\"target\":[\"https:\/\/www.estrategiaconcursos.com.br\/blog\/itcmd-sefaz-am-incidencia\/#respond\"]}],\"copyrightYear\":\"2022\",\"copyrightHolder\":{\"@id\":\"https:\/\/www.estrategiaconcursos.com.br\/blog\/#organization\"}},{\"@type\":\"WebPage\",\"@id\":\"https:\/\/www.estrategiaconcursos.com.br\/blog\/itcmd-sefaz-am-incidencia\/\",\"url\":\"https:\/\/www.estrategiaconcursos.com.br\/blog\/itcmd-sefaz-am-incidencia\/\",\"name\":\"Resumo do ITCMD para a SEFAZ-AM: Incid\u00eancia e N\u00e3o incid\u00eancia\",\"isPartOf\":{\"@id\":\"https:\/\/www.estrategiaconcursos.com.br\/blog\/#website\"},\"primaryImageOfPage\":{\"@id\":\"https:\/\/www.estrategiaconcursos.com.br\/blog\/itcmd-sefaz-am-incidencia\/#primaryimage\"},\"image\":{\"@id\":\"https:\/\/www.estrategiaconcursos.com.br\/blog\/itcmd-sefaz-am-incidencia\/#primaryimage\"},\"thumbnailUrl\":\"https:\/\/dhg1h5j42swfq.cloudfront.net\/2021\/04\/03153919\/sefaz-am.jpg\",\"datePublished\":\"2022-03-26T17:01:00+00:00\",\"dateModified\":\"2022-04-13T15:15:13+00:00\",\"description\":\"Confira aqui uma an\u00e1lise sobre o ITCMD,\u00a0mais especificamente sobre a incid\u00eancia e a n\u00e3o-incid\u00eancia do imposto, para o concurso da\u00a0SEFAZ-AM.\",\"breadcrumb\":{\"@id\":\"https:\/\/www.estrategiaconcursos.com.br\/blog\/itcmd-sefaz-am-incidencia\/#breadcrumb\"},\"inLanguage\":\"pt-BR\",\"potentialAction\":[{\"@type\":\"ReadAction\",\"target\":[\"https:\/\/www.estrategiaconcursos.com.br\/blog\/itcmd-sefaz-am-incidencia\/\"]}]},{\"@type\":\"ImageObject\",\"inLanguage\":\"pt-BR\",\"@id\":\"https:\/\/www.estrategiaconcursos.com.br\/blog\/itcmd-sefaz-am-incidencia\/#primaryimage\",\"url\":\"https:\/\/dhg1h5j42swfq.cloudfront.net\/2021\/04\/03153919\/sefaz-am.jpg\",\"contentUrl\":\"https:\/\/dhg1h5j42swfq.cloudfront.net\/2021\/04\/03153919\/sefaz-am.jpg\",\"width\":768,\"height\":432,\"caption\":\"Inscritos Sefaz AM\"},{\"@type\":\"BreadcrumbList\",\"@id\":\"https:\/\/www.estrategiaconcursos.com.br\/blog\/itcmd-sefaz-am-incidencia\/#breadcrumb\",\"itemListElement\":[{\"@type\":\"ListItem\",\"position\":1,\"name\":\"In\u00edcio\",\"item\":\"https:\/\/www.estrategiaconcursos.com.br\/blog\/\"},{\"@type\":\"ListItem\",\"position\":2,\"name\":\"Resumo do ITCMD para a SEFAZ-AM: Incid\u00eancia e N\u00e3o incid\u00eancia\"}]},{\"@type\":\"WebSite\",\"@id\":\"https:\/\/www.estrategiaconcursos.com.br\/blog\/#website\",\"url\":\"https:\/\/www.estrategiaconcursos.com.br\/blog\/\",\"name\":\"Estrat\u00e9gia Concursos\",\"description\":\"O blog da Estrat\u00e9gia Concursos traz not\u00edcias sobre concursos e artigos de professores oferecendo cursos para concursos (pdf + videaulas) no site.\",\"publisher\":{\"@id\":\"https:\/\/www.estrategiaconcursos.com.br\/blog\/#organization\"},\"potentialAction\":[{\"@type\":\"SearchAction\",\"target\":{\"@type\":\"EntryPoint\",\"urlTemplate\":\"https:\/\/www.estrategiaconcursos.com.br\/blog\/?s={search_term_string}\"},\"query-input\":{\"@type\":\"PropertyValueSpecification\",\"valueRequired\":true,\"valueName\":\"search_term_string\"}}],\"inLanguage\":\"pt-BR\"},{\"@type\":\"Organization\",\"@id\":\"https:\/\/www.estrategiaconcursos.com.br\/blog\/#organization\",\"name\":\"Estrat\u00e9gia Concursos\",\"url\":\"https:\/\/www.estrategiaconcursos.com.br\/blog\/\",\"logo\":{\"@type\":\"ImageObject\",\"inLanguage\":\"pt-BR\",\"@id\":\"https:\/\/www.estrategiaconcursos.com.br\/blog\/#\/schema\/logo\/image\/\",\"url\":\"https:\/\/dhg1h5j42swfq.cloudfront.net\/2025\/06\/03203428\/logo_concursos-1.jpg\",\"contentUrl\":\"https:\/\/dhg1h5j42swfq.cloudfront.net\/2025\/06\/03203428\/logo_concursos-1.jpg\",\"width\":230,\"height\":60,\"caption\":\"Estrat\u00e9gia Concursos\"},\"image\":{\"@id\":\"https:\/\/www.estrategiaconcursos.com.br\/blog\/#\/schema\/logo\/image\/\"},\"sameAs\":[\"https:\/\/x.com\/EstratConcursos\"]},{\"@type\":\"Person\",\"@id\":\"https:\/\/www.estrategiaconcursos.com.br\/blog\/#\/schema\/person\/f0c830e07cfe11c231c0ea5dbb036df5\",\"name\":\"Kassio Henrique Sobral Rocha\",\"image\":{\"@type\":\"ImageObject\",\"inLanguage\":\"pt-BR\",\"@id\":\"https:\/\/secure.gravatar.com\/avatar\/d10350cbdad043facd8ec77a377f86f9026afee3348e463b04854fd4490ce759?s=96&d=mm&r=g\",\"url\":\"https:\/\/secure.gravatar.com\/avatar\/d10350cbdad043facd8ec77a377f86f9026afee3348e463b04854fd4490ce759?s=96&d=mm&r=g\",\"contentUrl\":\"https:\/\/secure.gravatar.com\/avatar\/d10350cbdad043facd8ec77a377f86f9026afee3348e463b04854fd4490ce759?s=96&d=mm&r=g\",\"caption\":\"Kassio Henrique Sobral Rocha\"},\"url\":\"https:\/\/www.estrategiaconcursos.com.br\/blog\/author\/kassio-rochayahoo-com-br\/\"}]}<\/script>\n<!-- \/ Yoast SEO Premium plugin. -->","yoast_head_json":{"title":"Resumo do ITCMD para a SEFAZ-AM: Incid\u00eancia e N\u00e3o incid\u00eancia","description":"Confira aqui uma an\u00e1lise sobre o ITCMD,\u00a0mais especificamente sobre a incid\u00eancia e a n\u00e3o-incid\u00eancia do imposto, para o concurso da\u00a0SEFAZ-AM.","robots":{"index":"index","follow":"follow","max-snippet":"max-snippet:-1","max-image-preview":"max-image-preview:large","max-video-preview":"max-video-preview:-1"},"canonical":"https:\/\/www.estrategiaconcursos.com.br\/blog\/itcmd-sefaz-am-incidencia\/","og_locale":"pt_BR","og_type":"article","og_title":"Resumo do ITCMD para a SEFAZ-AM: Incid\u00eancia e N\u00e3o incid\u00eancia","og_description":"Confira aqui uma an\u00e1lise sobre o ITCMD,\u00a0mais especificamente sobre a incid\u00eancia e a n\u00e3o-incid\u00eancia do imposto, para o concurso da\u00a0SEFAZ-AM.","og_url":"https:\/\/www.estrategiaconcursos.com.br\/blog\/itcmd-sefaz-am-incidencia\/","og_site_name":"Estrat\u00e9gia Concursos","article_published_time":"2022-03-26T17:01:00+00:00","article_modified_time":"2022-04-13T15:15:13+00:00","og_image":[{"width":768,"height":432,"url":"https:\/\/dhg1h5j42swfq.cloudfront.net\/2021\/04\/03153919\/sefaz-am.jpg","type":"image\/jpeg"}],"author":"Kassio Henrique Sobral Rocha","twitter_card":"summary_large_image","twitter_creator":"@EstratConcursos","twitter_site":"@EstratConcursos","twitter_misc":{"Escrito por":"Kassio Henrique Sobral Rocha","Est. tempo de leitura":"9 minutos"},"schema":{"@context":"https:\/\/schema.org","@graph":[{"@type":"NewsArticle","@id":"https:\/\/www.estrategiaconcursos.com.br\/blog\/itcmd-sefaz-am-incidencia\/#article","isPartOf":{"@id":"https:\/\/www.estrategiaconcursos.com.br\/blog\/itcmd-sefaz-am-incidencia\/"},"author":{"name":"Kassio Henrique Sobral Rocha","@id":"https:\/\/www.estrategiaconcursos.com.br\/blog\/#\/schema\/person\/f0c830e07cfe11c231c0ea5dbb036df5"},"headline":"Resumo do ITCMD para a SEFAZ-AM: Incid\u00eancia e N\u00e3o incid\u00eancia","datePublished":"2022-03-26T17:01:00+00:00","dateModified":"2022-04-13T15:15:13+00:00","mainEntityOfPage":{"@id":"https:\/\/www.estrategiaconcursos.com.br\/blog\/itcmd-sefaz-am-incidencia\/"},"wordCount":1838,"commentCount":0,"publisher":{"@id":"https:\/\/www.estrategiaconcursos.com.br\/blog\/#organization"},"image":{"@id":"https:\/\/www.estrategiaconcursos.com.br\/blog\/itcmd-sefaz-am-incidencia\/#primaryimage"},"thumbnailUrl":"https:\/\/dhg1h5j42swfq.cloudfront.net\/2021\/04\/03153919\/sefaz-am.jpg","articleSection":["Concursos P\u00fablicos","Fiscal - Estadual (ICMS)"],"inLanguage":"pt-BR","potentialAction":[{"@type":"CommentAction","name":"Comment","target":["https:\/\/www.estrategiaconcursos.com.br\/blog\/itcmd-sefaz-am-incidencia\/#respond"]}],"copyrightYear":"2022","copyrightHolder":{"@id":"https:\/\/www.estrategiaconcursos.com.br\/blog\/#organization"}},{"@type":"WebPage","@id":"https:\/\/www.estrategiaconcursos.com.br\/blog\/itcmd-sefaz-am-incidencia\/","url":"https:\/\/www.estrategiaconcursos.com.br\/blog\/itcmd-sefaz-am-incidencia\/","name":"Resumo do ITCMD para a SEFAZ-AM: Incid\u00eancia e N\u00e3o incid\u00eancia","isPartOf":{"@id":"https:\/\/www.estrategiaconcursos.com.br\/blog\/#website"},"primaryImageOfPage":{"@id":"https:\/\/www.estrategiaconcursos.com.br\/blog\/itcmd-sefaz-am-incidencia\/#primaryimage"},"image":{"@id":"https:\/\/www.estrategiaconcursos.com.br\/blog\/itcmd-sefaz-am-incidencia\/#primaryimage"},"thumbnailUrl":"https:\/\/dhg1h5j42swfq.cloudfront.net\/2021\/04\/03153919\/sefaz-am.jpg","datePublished":"2022-03-26T17:01:00+00:00","dateModified":"2022-04-13T15:15:13+00:00","description":"Confira aqui uma an\u00e1lise sobre o ITCMD,\u00a0mais especificamente sobre a incid\u00eancia e a n\u00e3o-incid\u00eancia do imposto, para o concurso da\u00a0SEFAZ-AM.","breadcrumb":{"@id":"https:\/\/www.estrategiaconcursos.com.br\/blog\/itcmd-sefaz-am-incidencia\/#breadcrumb"},"inLanguage":"pt-BR","potentialAction":[{"@type":"ReadAction","target":["https:\/\/www.estrategiaconcursos.com.br\/blog\/itcmd-sefaz-am-incidencia\/"]}]},{"@type":"ImageObject","inLanguage":"pt-BR","@id":"https:\/\/www.estrategiaconcursos.com.br\/blog\/itcmd-sefaz-am-incidencia\/#primaryimage","url":"https:\/\/dhg1h5j42swfq.cloudfront.net\/2021\/04\/03153919\/sefaz-am.jpg","contentUrl":"https:\/\/dhg1h5j42swfq.cloudfront.net\/2021\/04\/03153919\/sefaz-am.jpg","width":768,"height":432,"caption":"Inscritos Sefaz AM"},{"@type":"BreadcrumbList","@id":"https:\/\/www.estrategiaconcursos.com.br\/blog\/itcmd-sefaz-am-incidencia\/#breadcrumb","itemListElement":[{"@type":"ListItem","position":1,"name":"In\u00edcio","item":"https:\/\/www.estrategiaconcursos.com.br\/blog\/"},{"@type":"ListItem","position":2,"name":"Resumo do ITCMD para a SEFAZ-AM: Incid\u00eancia e N\u00e3o incid\u00eancia"}]},{"@type":"WebSite","@id":"https:\/\/www.estrategiaconcursos.com.br\/blog\/#website","url":"https:\/\/www.estrategiaconcursos.com.br\/blog\/","name":"Estrat\u00e9gia Concursos","description":"O blog da Estrat\u00e9gia Concursos traz not\u00edcias sobre concursos e artigos de professores oferecendo cursos para concursos (pdf + videaulas) no site.","publisher":{"@id":"https:\/\/www.estrategiaconcursos.com.br\/blog\/#organization"},"potentialAction":[{"@type":"SearchAction","target":{"@type":"EntryPoint","urlTemplate":"https:\/\/www.estrategiaconcursos.com.br\/blog\/?s={search_term_string}"},"query-input":{"@type":"PropertyValueSpecification","valueRequired":true,"valueName":"search_term_string"}}],"inLanguage":"pt-BR"},{"@type":"Organization","@id":"https:\/\/www.estrategiaconcursos.com.br\/blog\/#organization","name":"Estrat\u00e9gia Concursos","url":"https:\/\/www.estrategiaconcursos.com.br\/blog\/","logo":{"@type":"ImageObject","inLanguage":"pt-BR","@id":"https:\/\/www.estrategiaconcursos.com.br\/blog\/#\/schema\/logo\/image\/","url":"https:\/\/dhg1h5j42swfq.cloudfront.net\/2025\/06\/03203428\/logo_concursos-1.jpg","contentUrl":"https:\/\/dhg1h5j42swfq.cloudfront.net\/2025\/06\/03203428\/logo_concursos-1.jpg","width":230,"height":60,"caption":"Estrat\u00e9gia Concursos"},"image":{"@id":"https:\/\/www.estrategiaconcursos.com.br\/blog\/#\/schema\/logo\/image\/"},"sameAs":["https:\/\/x.com\/EstratConcursos"]},{"@type":"Person","@id":"https:\/\/www.estrategiaconcursos.com.br\/blog\/#\/schema\/person\/f0c830e07cfe11c231c0ea5dbb036df5","name":"Kassio Henrique Sobral Rocha","image":{"@type":"ImageObject","inLanguage":"pt-BR","@id":"https:\/\/secure.gravatar.com\/avatar\/d10350cbdad043facd8ec77a377f86f9026afee3348e463b04854fd4490ce759?s=96&d=mm&r=g","url":"https:\/\/secure.gravatar.com\/avatar\/d10350cbdad043facd8ec77a377f86f9026afee3348e463b04854fd4490ce759?s=96&d=mm&r=g","contentUrl":"https:\/\/secure.gravatar.com\/avatar\/d10350cbdad043facd8ec77a377f86f9026afee3348e463b04854fd4490ce759?s=96&d=mm&r=g","caption":"Kassio Henrique Sobral Rocha"},"url":"https:\/\/www.estrategiaconcursos.com.br\/blog\/author\/kassio-rochayahoo-com-br\/"}]}},"_links":{"self":[{"href":"https:\/\/www.estrategiaconcursos.com.br\/blog\/wp-json\/wp\/v2\/posts\/985993","targetHints":{"allow":["GET"]}}],"collection":[{"href":"https:\/\/www.estrategiaconcursos.com.br\/blog\/wp-json\/wp\/v2\/posts"}],"about":[{"href":"https:\/\/www.estrategiaconcursos.com.br\/blog\/wp-json\/wp\/v2\/types\/post"}],"author":[{"embeddable":true,"href":"https:\/\/www.estrategiaconcursos.com.br\/blog\/wp-json\/wp\/v2\/users\/1976"}],"replies":[{"embeddable":true,"href":"https:\/\/www.estrategiaconcursos.com.br\/blog\/wp-json\/wp\/v2\/comments?post=985993"}],"version-history":[{"count":21,"href":"https:\/\/www.estrategiaconcursos.com.br\/blog\/wp-json\/wp\/v2\/posts\/985993\/revisions"}],"predecessor-version":[{"id":1008296,"href":"https:\/\/www.estrategiaconcursos.com.br\/blog\/wp-json\/wp\/v2\/posts\/985993\/revisions\/1008296"}],"wp:featuredmedia":[{"embeddable":true,"href":"https:\/\/www.estrategiaconcursos.com.br\/blog\/wp-json\/wp\/v2\/media\/729964"}],"wp:attachment":[{"href":"https:\/\/www.estrategiaconcursos.com.br\/blog\/wp-json\/wp\/v2\/media?parent=985993"}],"wp:term":[{"taxonomy":"category","embeddable":true,"href":"https:\/\/www.estrategiaconcursos.com.br\/blog\/wp-json\/wp\/v2\/categories?post=985993"},{"taxonomy":"post_tag","embeddable":true,"href":"https:\/\/www.estrategiaconcursos.com.br\/blog\/wp-json\/wp\/v2\/tags?post=985993"},{"taxonomy":"tax_estado","embeddable":true,"href":"https:\/\/www.estrategiaconcursos.com.br\/blog\/wp-json\/wp\/v2\/tax_estado?post=985993"}],"curies":[{"name":"wp","href":"https:\/\/api.w.org\/{rel}","templated":true}]}}